{"id":6224,"date":"2015-12-28T09:39:17","date_gmt":"2015-12-28T08:39:17","guid":{"rendered":"http:\/\/15.188.81.248\/2015\/12\/28\/el-lado-verde-de-la-navidad-darth-vader-se-va-de-vacaciones\/"},"modified":"2025-08-12T14:59:07","modified_gmt":"2025-08-12T12:59:07","slug":"el-lado-verde-de-la-navidad-darth-vader-se-va-de-vacaciones","status":"publish","type":"post","link":"https:\/\/www.escapadarural.com\/blog\/el-lado-verde-de-la-navidad-darth-vader-se-va-de-vacaciones\/","title":{"rendered":"El Lado Verde de la Navidad: Darth Vader se va de vacaciones"},"content":{"rendered":"\n<p>Nuestro compa\u00f1ero Darth Vader se va de vacaciones por Navidad. Este a\u00f1o la fuerza le acompa\u00f1a al lado verde para disfrutar de una <strong>escapada rural diferente<\/strong>. \u00a1Vuelve pronto!<\/p>\n\n\n\n<figure class=\"wp-block-embed-youtube wp-block-embed is-type-video is-provider-youtube wp-embed-aspect-16-9 wp-has-aspect-ratio\"><div class=\"wp-block-embed__wrapper\">\n<span class=\"uLmB2OUu6N3kM7syticEiI6JyHEgfeSCszJWRCe08dfXpGbAwY5nxZjjkTtq1nhDQGVOb53pr0MzPNvSQPZHU9FTdmo4cwqXFY\"><div class=\"video-shortcode\"><iframe title=\"El lado verde de la Navidad - Darth Vader en EscapadaRural.com\" width=\"1200\" height=\"675\" src=\"https:\/\/www.youtube.com\/embed\/VukQwsnL3YQ?feature=oembed\" frameborder=\"0\" allow=\"accelerometer; autoplay; clipboard-write; encrypted-media; gyroscope; picture-in-picture; web-share\" referrerpolicy=\"strict-origin-when-cross-origin\" allowfullscreen><\/iframe><\/div><\/span>\n<\/div><\/figure>\n","protected":false},"excerpt":{"rendered":"<p>Nuestro compa\u00f1ero Darth Vader se pasa al Lado Verde por Navidad&#8230;<\/p>\n","protected":false},"author":87,"featured_media":184064,"comment_status":"open","ping_status":"closed","sticky":false,"template":"","format":"standard","meta":{"_acf_changed":false,"om_disable_all_campaigns":false,"footnotes":""},"categories":[390],"tags":[1766,600,1767],"class_list":["post-6224","post","type-post","status-publish","format-standard","has-post-thumbnail","hentry","category-noticias","tag-darth-vader","tag-navidad","tag-star-wars"],"acf":[],"featured_image_src":"https:\/\/www.escapadarural.com\/blog\/wp-content\/uploads\/2024\/11\/07_NavidadBarcelona_SantCugat_bill_17_AdobeStock_47691903_WP10.webp","author_info":{"display_name":"Estel Soro G\u00f3mez","author_link":"https:\/\/www.escapadarural.com\/blog\/autor\/estelsoro\/"},"yoast_head":"<!-- This site is optimized with the Yoast SEO plugin v27.5 - https:\/\/yoast.com\/product\/yoast-seo-wordpress\/ -->\n<title>El Lado Verde de la Navidad: Darth Vader se va de vacaciones - EscapadaRural<\/title>\n<meta name=\"robots\" content=\"index, follow, max-snippet:-1, max-image-preview:large, max-video-preview:-1\" \/>\n<link rel=\"canonical\" href=\"https:\/\/www.escapadarural.com\/blog\/el-lado-verde-de-la-navidad-darth-vader-se-va-de-vacaciones\/\" \/>\n<meta property=\"og:locale\" content=\"es_ES\" \/>\n<meta property=\"og:type\" content=\"article\" \/>\n<meta property=\"og:title\" content=\"El Lado Verde de la Navidad: Darth Vader se va de vacaciones - EscapadaRural\" \/>\n<meta property=\"og:description\" content=\"Nuestro compa\u00f1ero Darth Vader se pasa al Lado Verde por Navidad...\" \/>\n<meta property=\"og:url\" content=\"https:\/\/www.escapadarural.com\/blog\/el-lado-verde-de-la-navidad-darth-vader-se-va-de-vacaciones\/\" \/>\n<meta property=\"og:site_name\" content=\"Magazine de viajes de EscapadaRural\" \/>\n<meta property=\"article:publisher\" content=\"https:\/\/www.facebook.com\/escapadarural\" \/>\n<meta property=\"article:published_time\" content=\"2015-12-28T08:39:17+00:00\" \/>\n<meta property=\"article:modified_time\" content=\"2025-08-12T12:59:07+00:00\" \/>\n<meta property=\"og:image\" content=\"https:\/\/www.escapadarural.com\/blog\/wp-content\/uploads\/2024\/11\/07_NavidadBarcelona_SantCugat_bill_17_AdobeStock_47691903_WP10.webp?v=1755003548\" \/>\n\t<meta property=\"og:image:width\" content=\"1024\" \/>\n\t<meta property=\"og:image:height\" content=\"659\" \/>\n\t<meta property=\"og:image:type\" content=\"image\/webp\" \/>\n<meta name=\"author\" content=\"Estel Soro G\u00f3mez\" \/>\n<meta name=\"twitter:card\" content=\"summary_large_image\" \/>\n<meta name=\"twitter:label1\" content=\"Escrito por\" \/>\n\t<meta name=\"twitter:data1\" content=\"Estel Soro G\u00f3mez\" \/>\n<script type=\"application\/ld+json\" class=\"yoast-schema-graph\">{\"@context\":\"https:\\\/\\\/schema.org\",\"@graph\":[{\"@type\":\"Article\",\"@id\":\"https:\\\/\\\/www.escapadarural.com\\\/blog\\\/el-lado-verde-de-la-navidad-darth-vader-se-va-de-vacaciones\\\/#article\",\"isPartOf\":{\"@id\":\"https:\\\/\\\/www.escapadarural.com\\\/blog\\\/el-lado-verde-de-la-navidad-darth-vader-se-va-de-vacaciones\\\/\"},\"author\":{\"name\":\"Estel Soro G\u00f3mez\",\"@id\":\"https:\\\/\\\/www.escapadarural.com\\\/blog\\\/#\\\/schema\\\/person\\\/765b6ee00ac07d22895193c5f8ccb01f\"},\"headline\":\"El Lado Verde de la Navidad: Darth Vader se va de vacaciones\",\"datePublished\":\"2015-12-28T08:39:17+00:00\",\"dateModified\":\"2025-08-12T12:59:07+00:00\",\"mainEntityOfPage\":{\"@id\":\"https:\\\/\\\/www.escapadarural.com\\\/blog\\\/el-lado-verde-de-la-navidad-darth-vader-se-va-de-vacaciones\\\/\"},\"wordCount\":55,\"commentCount\":6,\"publisher\":{\"@id\":\"https:\\\/\\\/www.escapadarural.com\\\/blog\\\/#organization\"},\"image\":{\"@id\":\"https:\\\/\\\/www.escapadarural.com\\\/blog\\\/el-lado-verde-de-la-navidad-darth-vader-se-va-de-vacaciones\\\/#primaryimage\"},\"thumbnailUrl\":\"https:\\\/\\\/www.escapadarural.com\\\/blog\\\/wp-content\\\/uploads\\\/2024\\\/11\\\/07_NavidadBarcelona_SantCugat_bill_17_AdobeStock_47691903_WP10.webp\",\"keywords\":[\"Darth Vader\",\"Navidad\",\"Star Wars\"],\"articleSection\":[\"Noticias\"],\"inLanguage\":\"es\",\"potentialAction\":[{\"@type\":\"CommentAction\",\"name\":\"Comment\",\"target\":[\"https:\\\/\\\/www.escapadarural.com\\\/blog\\\/el-lado-verde-de-la-navidad-darth-vader-se-va-de-vacaciones\\\/#respond\"]}]},{\"@type\":\"WebPage\",\"@id\":\"https:\\\/\\\/www.escapadarural.com\\\/blog\\\/el-lado-verde-de-la-navidad-darth-vader-se-va-de-vacaciones\\\/\",\"url\":\"https:\\\/\\\/www.escapadarural.com\\\/blog\\\/el-lado-verde-de-la-navidad-darth-vader-se-va-de-vacaciones\\\/\",\"name\":\"El Lado Verde de la Navidad: Darth Vader se va de vacaciones - EscapadaRural\",\"isPartOf\":{\"@id\":\"https:\\\/\\\/www.escapadarural.com\\\/blog\\\/#website\"},\"primaryImageOfPage\":{\"@id\":\"https:\\\/\\\/www.escapadarural.com\\\/blog\\\/el-lado-verde-de-la-navidad-darth-vader-se-va-de-vacaciones\\\/#primaryimage\"},\"image\":{\"@id\":\"https:\\\/\\\/www.escapadarural.com\\\/blog\\\/el-lado-verde-de-la-navidad-darth-vader-se-va-de-vacaciones\\\/#primaryimage\"},\"thumbnailUrl\":\"https:\\\/\\\/www.escapadarural.com\\\/blog\\\/wp-content\\\/uploads\\\/2024\\\/11\\\/07_NavidadBarcelona_SantCugat_bill_17_AdobeStock_47691903_WP10.webp\",\"datePublished\":\"2015-12-28T08:39:17+00:00\",\"dateModified\":\"2025-08-12T12:59:07+00:00\",\"breadcrumb\":{\"@id\":\"https:\\\/\\\/www.escapadarural.com\\\/blog\\\/el-lado-verde-de-la-navidad-darth-vader-se-va-de-vacaciones\\\/#breadcrumb\"},\"inLanguage\":\"es\",\"potentialAction\":[{\"@type\":\"ReadAction\",\"target\":[\"https:\\\/\\\/www.escapadarural.com\\\/blog\\\/el-lado-verde-de-la-navidad-darth-vader-se-va-de-vacaciones\\\/\"]}]},{\"@type\":\"ImageObject\",\"inLanguage\":\"es\",\"@id\":\"https:\\\/\\\/www.escapadarural.com\\\/blog\\\/el-lado-verde-de-la-navidad-darth-vader-se-va-de-vacaciones\\\/#primaryimage\",\"url\":\"https:\\\/\\\/www.escapadarural.com\\\/blog\\\/wp-content\\\/uploads\\\/2024\\\/11\\\/07_NavidadBarcelona_SantCugat_bill_17_AdobeStock_47691903_WP10.webp\",\"contentUrl\":\"https:\\\/\\\/www.escapadarural.com\\\/blog\\\/wp-content\\\/uploads\\\/2024\\\/11\\\/07_NavidadBarcelona_SantCugat_bill_17_AdobeStock_47691903_WP10.webp\",\"width\":1024,\"height\":659,\"caption\":\"El Ti\u00f3 de Nadal, peculiar personaje navide\u00f1o de la tradici\u00f3n catalana. Por Bill 17.\"},{\"@type\":\"BreadcrumbList\",\"@id\":\"https:\\\/\\\/www.escapadarural.com\\\/blog\\\/el-lado-verde-de-la-navidad-darth-vader-se-va-de-vacaciones\\\/#breadcrumb\",\"itemListElement\":[{\"@type\":\"ListItem\",\"position\":1,\"name\":\"Inicio\",\"item\":\"https:\\\/\\\/www.escapadarural.com\\\/blog\\\/\"},{\"@type\":\"ListItem\",\"position\":2,\"name\":\"Noticias\",\"item\":\"https:\\\/\\\/www.escapadarural.com\\\/blog\\\/categoria\\\/noticias\\\/\"},{\"@type\":\"ListItem\",\"position\":3,\"name\":\"El Lado Verde de la Navidad: Darth Vader se va de vacaciones\"}]},{\"@type\":\"WebSite\",\"@id\":\"https:\\\/\\\/www.escapadarural.com\\\/blog\\\/#website\",\"url\":\"https:\\\/\\\/www.escapadarural.com\\\/blog\\\/\",\"name\":\"Blog de viajes | turismo rural, alojamientos e inspiraci\u00f3n\",\"description\":\"Alojamientos rurales e inspiraci\u00f3n para tus escapadas\",\"publisher\":{\"@id\":\"https:\\\/\\\/www.escapadarural.com\\\/blog\\\/#organization\"},\"alternateName\":\"Magazine de viajes de EscapadaRural\",\"potentialAction\":[{\"@type\":\"SearchAction\",\"target\":{\"@type\":\"EntryPoint\",\"urlTemplate\":\"https:\\\/\\\/www.escapadarural.com\\\/blog\\\/?s={search_term_string}\"},\"query-input\":{\"@type\":\"PropertyValueSpecification\",\"valueRequired\":true,\"valueName\":\"search_term_string\"}}],\"inLanguage\":\"es\"},{\"@type\":\"Organization\",\"@id\":\"https:\\\/\\\/www.escapadarural.com\\\/blog\\\/#organization\",\"name\":\"EscapadaRural\",\"url\":\"https:\\\/\\\/www.escapadarural.com\\\/blog\\\/\",\"logo\":{\"@type\":\"ImageObject\",\"inLanguage\":\"es\",\"@id\":\"https:\\\/\\\/www.escapadarural.com\\\/blog\\\/#\\\/schema\\\/logo\\\/image\\\/\",\"url\":\"https:\\\/\\\/www.escapadarural.com\\\/blog\\\/wp-content\\\/uploads\\\/2024\\\/10\\\/cropped-cropped-escapada-rural-icon-mag-3.png\",\"contentUrl\":\"https:\\\/\\\/www.escapadarural.com\\\/blog\\\/wp-content\\\/uploads\\\/2024\\\/10\\\/cropped-cropped-escapada-rural-icon-mag-3.png\",\"width\":512,\"height\":512,\"caption\":\"EscapadaRural\"},\"image\":{\"@id\":\"https:\\\/\\\/www.escapadarural.com\\\/blog\\\/#\\\/schema\\\/logo\\\/image\\\/\"},\"sameAs\":[\"https:\\\/\\\/www.facebook.com\\\/escapadarural\",\"https:\\\/\\\/www.instagram.com\\\/escapadarural\\\/\",\"https:\\\/\\\/www.youtube.com\\\/@escapadaruralcom\"]},{\"@type\":\"Person\",\"@id\":\"https:\\\/\\\/www.escapadarural.com\\\/blog\\\/#\\\/schema\\\/person\\\/765b6ee00ac07d22895193c5f8ccb01f\",\"name\":\"Estel Soro G\u00f3mez\",\"image\":{\"@type\":\"ImageObject\",\"inLanguage\":\"es\",\"@id\":\"https:\\\/\\\/www.escapadarural.com\\\/blog\\\/wp-content\\\/uploads\\\/2025\\\/03\\\/cropped-estelinsta-e1453734083971-96x96.jpg\",\"url\":\"https:\\\/\\\/www.escapadarural.com\\\/blog\\\/wp-content\\\/uploads\\\/2025\\\/03\\\/cropped-estelinsta-e1453734083971-96x96.jpg\",\"contentUrl\":\"https:\\\/\\\/www.escapadarural.com\\\/blog\\\/wp-content\\\/uploads\\\/2025\\\/03\\\/cropped-estelinsta-e1453734083971-96x96.jpg\",\"caption\":\"Estel Soro G\u00f3mez\"},\"url\":\"https:\\\/\\\/www.escapadarural.com\\\/blog\\\/autor\\\/estelsoro\\\/\"}]}<\/script>\n<!-- \/ Yoast SEO plugin. -->","yoast_head_json":{"title":"El Lado Verde de la Navidad: Darth Vader se va de vacaciones - EscapadaRural","robots":{"index":"index","follow":"follow","max-snippet":"max-snippet:-1","max-image-preview":"max-image-preview:large","max-video-preview":"max-video-preview:-1"},"canonical":"https:\/\/www.escapadarural.com\/blog\/el-lado-verde-de-la-navidad-darth-vader-se-va-de-vacaciones\/","og_locale":"es_ES","og_type":"article","og_title":"El Lado Verde de la Navidad: Darth Vader se va de vacaciones - EscapadaRural","og_description":"Nuestro compa\u00f1ero Darth Vader se pasa al Lado Verde por Navidad...","og_url":"https:\/\/www.escapadarural.com\/blog\/el-lado-verde-de-la-navidad-darth-vader-se-va-de-vacaciones\/","og_site_name":"Magazine de viajes de EscapadaRural","article_publisher":"https:\/\/www.facebook.com\/escapadarural","article_published_time":"2015-12-28T08:39:17+00:00","article_modified_time":"2025-08-12T12:59:07+00:00","og_image":[{"width":1024,"height":659,"url":"https:\/\/www.escapadarural.com\/blog\/wp-content\/uploads\/2024\/11\/07_NavidadBarcelona_SantCugat_bill_17_AdobeStock_47691903_WP10.webp?v=1755003548","type":"image\/webp"}],"author":"Estel Soro G\u00f3mez","twitter_card":"summary_large_image","twitter_misc":{"Escrito por":"Estel Soro G\u00f3mez"},"schema":{"@context":"https:\/\/schema.org","@graph":[{"@type":"Article","@id":"https:\/\/www.escapadarural.com\/blog\/el-lado-verde-de-la-navidad-darth-vader-se-va-de-vacaciones\/#article","isPartOf":{"@id":"https:\/\/www.escapadarural.com\/blog\/el-lado-verde-de-la-navidad-darth-vader-se-va-de-vacaciones\/"},"author":{"name":"Estel Soro G\u00f3mez","@id":"https:\/\/www.escapadarural.com\/blog\/#\/schema\/person\/765b6ee00ac07d22895193c5f8ccb01f"},"headline":"El Lado Verde de la Navidad: Darth Vader se va de vacaciones","datePublished":"2015-12-28T08:39:17+00:00","dateModified":"2025-08-12T12:59:07+00:00","mainEntityOfPage":{"@id":"https:\/\/www.escapadarural.com\/blog\/el-lado-verde-de-la-navidad-darth-vader-se-va-de-vacaciones\/"},"wordCount":55,"commentCount":6,"publisher":{"@id":"https:\/\/www.escapadarural.com\/blog\/#organization"},"image":{"@id":"https:\/\/www.escapadarural.com\/blog\/el-lado-verde-de-la-navidad-darth-vader-se-va-de-vacaciones\/#primaryimage"},"thumbnailUrl":"https:\/\/www.escapadarural.com\/blog\/wp-content\/uploads\/2024\/11\/07_NavidadBarcelona_SantCugat_bill_17_AdobeStock_47691903_WP10.webp","keywords":["Darth Vader","Navidad","Star Wars"],"articleSection":["Noticias"],"inLanguage":"es","potentialAction":[{"@type":"CommentAction","name":"Comment","target":["https:\/\/www.escapadarural.com\/blog\/el-lado-verde-de-la-navidad-darth-vader-se-va-de-vacaciones\/#respond"]}]},{"@type":"WebPage","@id":"https:\/\/www.escapadarural.com\/blog\/el-lado-verde-de-la-navidad-darth-vader-se-va-de-vacaciones\/","url":"https:\/\/www.escapadarural.com\/blog\/el-lado-verde-de-la-navidad-darth-vader-se-va-de-vacaciones\/","name":"El Lado Verde de la Navidad: Darth Vader se va de vacaciones - EscapadaRural","isPartOf":{"@id":"https:\/\/www.escapadarural.com\/blog\/#website"},"primaryImageOfPage":{"@id":"https:\/\/www.escapadarural.com\/blog\/el-lado-verde-de-la-navidad-darth-vader-se-va-de-vacaciones\/#primaryimage"},"image":{"@id":"https:\/\/www.escapadarural.com\/blog\/el-lado-verde-de-la-navidad-darth-vader-se-va-de-vacaciones\/#primaryimage"},"thumbnailUrl":"https:\/\/www.escapadarural.com\/blog\/wp-content\/uploads\/2024\/11\/07_NavidadBarcelona_SantCugat_bill_17_AdobeStock_47691903_WP10.webp","datePublished":"2015-12-28T08:39:17+00:00","dateModified":"2025-08-12T12:59:07+00:00","breadcrumb":{"@id":"https:\/\/www.escapadarural.com\/blog\/el-lado-verde-de-la-navidad-darth-vader-se-va-de-vacaciones\/#breadcrumb"},"inLanguage":"es","potentialAction":[{"@type":"ReadAction","target":["https:\/\/www.escapadarural.com\/blog\/el-lado-verde-de-la-navidad-darth-vader-se-va-de-vacaciones\/"]}]},{"@type":"ImageObject","inLanguage":"es","@id":"https:\/\/www.escapadarural.com\/blog\/el-lado-verde-de-la-navidad-darth-vader-se-va-de-vacaciones\/#primaryimage","url":"https:\/\/www.escapadarural.com\/blog\/wp-content\/uploads\/2024\/11\/07_NavidadBarcelona_SantCugat_bill_17_AdobeStock_47691903_WP10.webp","contentUrl":"https:\/\/www.escapadarural.com\/blog\/wp-content\/uploads\/2024\/11\/07_NavidadBarcelona_SantCugat_bill_17_AdobeStock_47691903_WP10.webp","width":1024,"height":659,"caption":"El Ti\u00f3 de Nadal, peculiar personaje navide\u00f1o de la tradici\u00f3n catalana. Por Bill 17."},{"@type":"BreadcrumbList","@id":"https:\/\/www.escapadarural.com\/blog\/el-lado-verde-de-la-navidad-darth-vader-se-va-de-vacaciones\/#breadcrumb","itemListElement":[{"@type":"ListItem","position":1,"name":"Inicio","item":"https:\/\/www.escapadarural.com\/blog\/"},{"@type":"ListItem","position":2,"name":"Noticias","item":"https:\/\/www.escapadarural.com\/blog\/categoria\/noticias\/"},{"@type":"ListItem","position":3,"name":"El Lado Verde de la Navidad: Darth Vader se va de vacaciones"}]},{"@type":"WebSite","@id":"https:\/\/www.escapadarural.com\/blog\/#website","url":"https:\/\/www.escapadarural.com\/blog\/","name":"Blog de viajes | turismo rural, alojamientos e inspiraci\u00f3n","description":"Alojamientos rurales e inspiraci\u00f3n para tus escapadas","publisher":{"@id":"https:\/\/www.escapadarural.com\/blog\/#organization"},"alternateName":"Magazine de viajes de EscapadaRural","potentialAction":[{"@type":"SearchAction","target":{"@type":"EntryPoint","urlTemplate":"https:\/\/www.escapadarural.com\/blog\/?s={search_term_string}"},"query-input":{"@type":"PropertyValueSpecification","valueRequired":true,"valueName":"search_term_string"}}],"inLanguage":"es"},{"@type":"Organization","@id":"https:\/\/www.escapadarural.com\/blog\/#organization","name":"EscapadaRural","url":"https:\/\/www.escapadarural.com\/blog\/","logo":{"@type":"ImageObject","inLanguage":"es","@id":"https:\/\/www.escapadarural.com\/blog\/#\/schema\/logo\/image\/","url":"https:\/\/www.escapadarural.com\/blog\/wp-content\/uploads\/2024\/10\/cropped-cropped-escapada-rural-icon-mag-3.png","contentUrl":"https:\/\/www.escapadarural.com\/blog\/wp-content\/uploads\/2024\/10\/cropped-cropped-escapada-rural-icon-mag-3.png","width":512,"height":512,"caption":"EscapadaRural"},"image":{"@id":"https:\/\/www.escapadarural.com\/blog\/#\/schema\/logo\/image\/"},"sameAs":["https:\/\/www.facebook.com\/escapadarural","https:\/\/www.instagram.com\/escapadarural\/","https:\/\/www.youtube.com\/@escapadaruralcom"]},{"@type":"Person","@id":"https:\/\/www.escapadarural.com\/blog\/#\/schema\/person\/765b6ee00ac07d22895193c5f8ccb01f","name":"Estel Soro G\u00f3mez","image":{"@type":"ImageObject","inLanguage":"es","@id":"https:\/\/www.escapadarural.com\/blog\/wp-content\/uploads\/2025\/03\/cropped-estelinsta-e1453734083971-96x96.jpg","url":"https:\/\/www.escapadarural.com\/blog\/wp-content\/uploads\/2025\/03\/cropped-estelinsta-e1453734083971-96x96.jpg","contentUrl":"https:\/\/www.escapadarural.com\/blog\/wp-content\/uploads\/2025\/03\/cropped-estelinsta-e1453734083971-96x96.jpg","caption":"Estel Soro G\u00f3mez"},"url":"https:\/\/www.escapadarural.com\/blog\/autor\/estelsoro\/"}]}},"_links":{"self":[{"href":"https:\/\/www.escapadarural.com\/blog\/wp-json\/wp\/v2\/posts\/6224","targetHints":{"allow":["GET"]}}],"collection":[{"href":"https:\/\/www.escapadarural.com\/blog\/wp-json\/wp\/v2\/posts"}],"about":[{"href":"https:\/\/www.escapadarural.com\/blog\/wp-json\/wp\/v2\/types\/post"}],"author":[{"embeddable":true,"href":"https:\/\/www.escapadarural.com\/blog\/wp-json\/wp\/v2\/users\/87"}],"replies":[{"embeddable":true,"href":"https:\/\/www.escapadarural.com\/blog\/wp-json\/wp\/v2\/comments?post=6224"}],"version-history":[{"count":0,"href":"https:\/\/www.escapadarural.com\/blog\/wp-json\/wp\/v2\/posts\/6224\/revisions"}],"wp:featuredmedia":[{"embeddable":true,"href":"https:\/\/www.escapadarural.com\/blog\/wp-json\/wp\/v2\/media\/184064"}],"wp:attachment":[{"href":"https:\/\/www.escapadarural.com\/blog\/wp-json\/wp\/v2\/media?parent=6224"}],"wp:term":[{"taxonomy":"category","embeddable":true,"href":"https:\/\/www.escapadarural.com\/blog\/wp-json\/wp\/v2\/categories?post=6224"},{"taxonomy":"post_tag","embeddable":true,"href":"https:\/\/www.escapadarural.com\/blog\/wp-json\/wp\/v2\/tags?post=6224"}],"curies":[{"name":"wp","href":"https:\/\/api.w.org\/{rel}","templated":true}]}}