{"id":62366,"date":"2023-05-17T06:56:00","date_gmt":"2023-05-17T05:56:00","guid":{"rendered":"https:\/\/www.escapadarural.com\/blog\/?p=62366"},"modified":"2025-06-30T12:10:02","modified_gmt":"2025-06-30T10:10:02","slug":"rutas-fotografiables-de-la-peninsula","status":"publish","type":"post","link":"https:\/\/www.escapadarural.com\/blog\/rutas-fotografiables-de-la-peninsula\/","title":{"rendered":"Las 4 rutas m\u00e1s fotografiables de la pen\u00ednsula"},"content":{"rendered":"\n<figure class=\"wp-block-image size-large\"><img decoding=\"async\" src=\"https:\/\/www.escapadarural.com\/blog\/wp-content\/uploads\/2024\/10\/AdobeStock_376197666-1024x439-1.jpeg\" alt=\"O Fuci\u00f1o do Porco, rutas por Espa\u00f1a\" class=\"wp-image-62381\"\/><figcaption class=\"wp-element-caption\">Por: Hector<\/figcaption><\/figure>\n\n\n\n<p>La pen\u00ednsula ib\u00e9rica cuenta con numerosas <strong>rutas de senderismo<\/strong> que atraen a los amantes de la naturaleza y del turismo activo. Esas rutas est\u00e1n repartidas por los cuatro cantos y las hay de todos tama\u00f1os y niveles de dificultades. Hoy te hablamos de las <strong>rutas m\u00e1s fotografiables<\/strong>, que pasan por acantilados, monta\u00f1as, por una frondosa vegetaci\u00f3n y mucho m\u00e1s.<\/p>\n\n\n\n<p>Prepara la c\u00e1mara, respira hondo y ven a disfrutar de estos espacios repletos de naturaleza y encanto. \u00a1No te arrepentir\u00e1s!<\/p>\n\n\n\n<p>\u00bfNos recomiendas alguna ruta m\u00e1s? Cu\u00e9ntanos en los comentarios.<\/p>\n\n\n\n<h2 class=\"wp-block-heading\" id=\"h-el-faro-del-caballo-cantabria\">El Faro del Caballo (<a href=\"https:\/\/www.escapadarural.com\/casas-rurales\/cantabria\" target=\"_blank\" rel=\"noreferrer noopener\">Cantabria<\/a>)<\/h2>\n\n\n\n<figure class=\"wp-block-image size-large\"><img decoding=\"async\" src=\"https:\/\/www.escapadarural.com\/blog\/wp-content\/uploads\/2024\/10\/AdobeStock_110331240-1024x683-1.jpeg\" alt=\"Faro de caballo\" class=\"wp-image-34121\"\/><figcaption class=\"wp-element-caption\">Por Carlos P\u00e9rez G\u00f3mez<\/figcaption><\/figure>\n\n\n\n<p>Esta es una de las <strong>rutas m\u00e1s populares<\/strong> del norte de Espa\u00f1a y merece mucho la pena realizarla por las impresionantes vistas del Cant\u00e1brico. Se encuentra en la costa oriental de Cantabria, muy cerca de la villa costera de <a href=\"https:\/\/www.escapadarural.com\/casas-rurales\/santona\" target=\"_blank\" rel=\"noreferrer noopener\">Santo\u00f1a<\/a>. El camino hacia el <strong>Faro del Caballo<\/strong> cuenta con incre\u00edbles paisajes costeros, acantilados que te dejar\u00e1n sin palabras y vistas panor\u00e1micas del mar.<\/p>\n\n\n\n<p>En la zona encontrar\u00e1s diferentes rutas en las que llegar hasta el faro. Nosotros <a href=\"https:\/\/www.escapadarural.com\/blog\/un-viaje-por-la-bizkaia-slow-10-planes-de-ecoturismo\/\" title=\"Un viaje por la Bizkaia \u201cslow\u201d: 10 planes de ecoturismo\"  data-wpil-monitor-id=\"1190\">recomendamos<\/a> partir desde el paseo mar\u00edtimo de Santo\u00f1a, son 5 kil\u00f3metros de ida. Ten en cuenta que para llegar al faro tienes que bajar (y luego subir) 763 escalones, y hay tramos que pueden ser empinados y rocosos, por lo que se recomienda <strong>usar calzado adecuado<\/strong>. Una vez llegues al faro, podr\u00e1s admirar su estructura emblem\u00e1tica y las vistas del entorno. El acceso al interior del faro no est\u00e1 permitido. <\/p>\n\n\n\n<div class=\"wp-block-buttons is-layout-flex wp-block-buttons-is-layout-flex\">\n<div class=\"wp-block-button\"><a class=\"wp-block-button__link wp-element-button\" href=\"https:\/\/www.escapadarural.com\/casas-rurales\/cantabria\" target=\"_blank\" rel=\"noreferrer noopener\">Casas rurales en Cantabria<\/a><\/div>\n<\/div>\n\n\n\n<h2 class=\"wp-block-heading\" id=\"h-pasarelas-de-mondego-region-centro\">Pasarelas de Mondego (Regi\u00f3n Centro)<\/h2>\n\n\n\n<figure class=\"wp-block-image size-large\"><img decoding=\"async\" src=\"https:\/\/www.escapadarural.com\/blog\/wp-content\/uploads\/2024\/10\/PassadicosMondego_4698-1024x683-1.jpg\" alt=\"Pasarelas de Mondego\" class=\"wp-image-59982\"\/><figcaption class=\"wp-element-caption\">Passadi\u00e7os do Mondego, una de las rutas m\u00e1s fotografiables de Portugal. Por Ayuntamiento de Guarda<\/figcaption><\/figure>\n\n\n\n<p>A tan s\u00f3lo dos horas de Salamanca se encuentra una de las rutas m\u00e1s bonitas y fotog\u00e9nicas de Portugal: los <strong>Passadi\u00e7os do Mondego<\/strong>. Situada en el municipio de Guarda, esta ruta cuenta con <strong>12 kil\u00f3metros&nbsp;<\/strong>de las pasarelas que discurren a lo largo del r\u00edo Mondego.<\/p>\n\n\n\n<p>La ruta est\u00e1 compuesta por cinco kil\u00f3metros de itinerario dentro de uno de los lugares con mayor encanto del pa\u00eds luso, la Serra da Estrela. Podr\u00e1s atravesar diferentes puentes, tres de ellos colgantes; adem\u00e1s de admirar y fotografiar incre\u00edbles cascadas. \u00bfVienes?<\/p>\n\n\n\n<div class=\"wp-block-buttons is-layout-flex wp-block-buttons-is-layout-flex\">\n<div class=\"wp-block-button\"><a class=\"wp-block-button__link wp-element-button\" href=\"\/casas-rurales\/salamanca\" target=\"_blank\" rel=\"noreferrer noopener\">Casas rurales en Salamanca<\/a><\/div>\n<\/div>\n\n\n\n<h2 class=\"wp-block-heading\" id=\"h-rutas-por-el-parque-nacional-de-garajonay-santa-cruz-de-tenerife\">Rutas por el Parque Nacional de Garajonay (<a href=\"https:\/\/www.escapadarural.com\/casas-rurales\/santa-cruz-de-tenerife\" target=\"_blank\" rel=\"noreferrer noopener\">Santa Cruz de Tenerife<\/a>)<\/h2>\n\n\n\n<figure class=\"wp-block-image size-large\"><img decoding=\"async\" src=\"https:\/\/www.escapadarural.com\/blog\/wp-content\/uploads\/2024\/11\/forest-stairs-in-a-garajonay-national-park-stockpack-adobe-stock-1024x683-2.jpg\" alt=\"Leyendas de Garajonay\" class=\"wp-image-36989\"\/><figcaption class=\"wp-element-caption\">Por Pav-Pro Photography<\/figcaption><\/figure>\n\n\n\n<p>Situado en el coraz\u00f3n de la isla de La Gomera, el <strong>Parque Nacional de Garajonay<\/strong> es uno de los lugares m\u00e1s misteriosos y encantadores de las Islas Canarias. Este para\u00edso verde cuenta con una 18 rutas interconectadas, ideales para que los amantes de la naturaleza disfruten al m\u00e1ximo de la experiencia.<\/p>\n\n\n\n<p>Como curiosidad, en Garajonay encontrar\u00e1s senderos autoguiados en los que disfrutar\u00e1s a tu aire. Y es que el parque ofrece una audiogu\u00eda con todos los itinerarios en los que encontrar\u00e1s explicaci\u00f3n sobre la historia y el paisaje. <a href=\"https:\/\/www.miteco.gob.es\/es\/red-parques-nacionales\/nuestros-parques\/garajonay\/guia-visitante\/itinerarios.aspx\" target=\"_blank\" rel=\"noreferrer noopener nofollow\">Aqu\u00ed<\/a> encontrar\u00e1s m\u00e1s informaci\u00f3n sobre c\u00f3mo descargar el audiogu\u00eda.<\/p>\n\n\n\n<div class=\"wp-block-buttons is-layout-flex wp-block-buttons-is-layout-flex\">\n<div class=\"wp-block-button\"><a class=\"wp-block-button__link wp-element-button\" href=\"https:\/\/www.escapadarural.com\/casas-rurales\/la-gomera\" target=\"_blank\" rel=\"noreferrer noopener\">Casas rurales en La Gomera<\/a><\/div>\n<\/div>\n\n\n\n<h2 class=\"wp-block-heading\" id=\"h-o-fucino-do-porco-lugo\">O Fuci\u00f1o do Porco (<a href=\"https:\/\/www.escapadarural.com\/casas-rurales\/lugo\" target=\"_blank\" rel=\"noreferrer noopener\">Lugo<\/a>)<\/h2>\n\n\n\n<figure class=\"wp-block-image size-large\"><img decoding=\"async\" src=\"https:\/\/www.escapadarural.com\/blog\/wp-content\/uploads\/2024\/10\/AdobeStock_180431024-1024x677-1.jpeg\" alt=\"Rutas por Espa\u00f1a. O Foci\u00f1o do Porco, Lugo\" class=\"wp-image-33718\"\/><figcaption class=\"wp-element-caption\">Por apgestoso<\/figcaption><\/figure>\n\n\n\n<p>En <a href=\"https:\/\/www.escapadarural.com\/casas-rurales\/galicia\" target=\"_blank\" rel=\"noreferrer noopener\">Galicia <\/a>hay una ruta impresionante con preciosas vistas al Cant\u00e1brico, la del Fuci\u00f1o do Porco (\u00abhocico de cerdo\u00bb en castellano). Su nombre oficial es <strong>Punta Socastro<\/strong> y se encuentra en la entrada de la r\u00eda de Viveiro, en O Vicedo. La ruta transcurre por pasarelas de madera con escaleras en las cuales hay que tener mucho cuidado.<\/p>\n\n\n\n<p>Para realizar la ruta puedes dejar el coche cerca de la<strong> playa de Abrela<\/strong>. De ah\u00ed hasta el control de acceso son unos 20 minutos de caminata. Una vez en la ruta est\u00e1 prohibido salir del sendero y apoyarse o subir en las barandillas. Las mascotas deben ir atadas y los ni\u00f1os cogidos de la mano.<\/p>\n\n\n\n<p>Merece la pena realizarla por su incre\u00edble entorno, por su espectacular belleza y por el sonido de las olas golpeando la roca. Es otra de las rutas m\u00e1s fotografiables de la pen\u00ednsula. Sin embargo, en estos momentos el acceso al <strong>Fuci\u00f1o do Porco<\/strong> se encuentra cerrado por obras.<\/p>\n\n\n\n<div class=\"wp-block-buttons is-layout-flex wp-block-buttons-is-layout-flex\">\n<div class=\"wp-block-button\"><a class=\"wp-block-button__link wp-element-button\" href=\"https:\/\/www.escapadarural.com\/casas-rurales\/lugo\" target=\"_blank\" rel=\"noreferrer noopener\">Casas rurales en Lugo<\/a><\/div>\n<\/div>\n","protected":false},"excerpt":{"rendered":"<p>Hoy te hablamos de las rutas m\u00e1s fotografiables de la pen\u00ednsula, que pasan por acantilados, monta\u00f1as, por una frondosa vegetaci\u00f3n y mucho m\u00e1s.<\/p>\n","protected":false},"author":119,"featured_media":97870,"comment_status":"open","ping_status":"open","sticky":false,"template":"","format":"standard","meta":{"_acf_changed":false,"om_disable_all_campaigns":false,"footnotes":""},"categories":[1379],"tags":[260,1931,836,1050,3446,5145,274],"class_list":["post-62366","post","type-post","status-publish","format-standard","has-post-thumbnail","hentry","category-rutas-y-excursiones","tag-articulo","tag-faro-del-caballo","tag-fotografia","tag-garajonay","tag-o-fucino-do-porco","tag-pasarelas-de-mondego","tag-turismo-rural"],"acf":[],"featured_image_src":"https:\/\/www.escapadarural.com\/blog\/wp-content\/uploads\/2024\/10\/AdobeStock_376197666-1024x439-1.jpeg","author_info":{"display_name":"Caroline Dalpr\u00e1","author_link":"https:\/\/www.escapadarural.com\/blog\/autor\/caroline\/"},"yoast_head":"<!-- This site is optimized with the Yoast SEO plugin v27.5 - https:\/\/yoast.com\/product\/yoast-seo-wordpress\/ -->\n<title>Las 4 rutas m\u00e1s fotografiables de la pen\u00ednsula - EscapadaRural<\/title>\n<meta name=\"description\" content=\"Hoy te hablamos de las rutas m\u00e1s fotografiables de la pen\u00ednsula, que pasan por acantilados, monta\u00f1as, por una frondosa vegetaci\u00f3n y mucho m\u00e1s\" \/>\n<meta name=\"robots\" content=\"index, follow, max-snippet:-1, max-image-preview:large, max-video-preview:-1\" \/>\n<link rel=\"canonical\" href=\"https:\/\/www.escapadarural.com\/blog\/rutas-fotografiables-de-la-peninsula\/\" \/>\n<meta property=\"og:locale\" content=\"es_ES\" \/>\n<meta property=\"og:type\" content=\"article\" \/>\n<meta property=\"og:title\" content=\"Las 4 rutas m\u00e1s fotografiables de la pen\u00ednsula - EscapadaRural\" \/>\n<meta property=\"og:description\" content=\"Hoy te hablamos de las rutas m\u00e1s fotografiables de la pen\u00ednsula, que pasan por acantilados, monta\u00f1as, por una frondosa vegetaci\u00f3n y mucho m\u00e1s\" \/>\n<meta property=\"og:url\" content=\"https:\/\/www.escapadarural.com\/blog\/rutas-fotografiables-de-la-peninsula\/\" \/>\n<meta property=\"og:site_name\" content=\"Magazine de viajes de EscapadaRural\" \/>\n<meta property=\"article:publisher\" content=\"https:\/\/www.facebook.com\/escapadarural\" \/>\n<meta property=\"article:published_time\" content=\"2023-05-17T05:56:00+00:00\" \/>\n<meta property=\"article:modified_time\" content=\"2025-06-30T10:10:02+00:00\" \/>\n<meta property=\"og:image\" content=\"https:\/\/www.escapadarural.com\/blog\/wp-content\/uploads\/2024\/10\/AdobeStock_376197666-1024x439-1.jpeg?v=1751278237\" \/>\n\t<meta property=\"og:image:width\" content=\"1024\" \/>\n\t<meta property=\"og:image:height\" content=\"439\" \/>\n\t<meta property=\"og:image:type\" content=\"image\/jpeg\" \/>\n<meta name=\"author\" content=\"Caroline Dalpr\u00e1\" \/>\n<meta name=\"twitter:card\" content=\"summary_large_image\" \/>\n<meta name=\"twitter:label1\" content=\"Escrito por\" \/>\n\t<meta name=\"twitter:data1\" content=\"Caroline Dalpr\u00e1\" \/>\n\t<meta name=\"twitter:label2\" content=\"Tiempo de lectura\" \/>\n\t<meta name=\"twitter:data2\" content=\"5 minutos\" \/>\n<script type=\"application\/ld+json\" class=\"yoast-schema-graph\">{\"@context\":\"https:\\\/\\\/schema.org\",\"@graph\":[{\"@type\":\"Article\",\"@id\":\"https:\\\/\\\/www.escapadarural.com\\\/blog\\\/rutas-fotografiables-de-la-peninsula\\\/#article\",\"isPartOf\":{\"@id\":\"https:\\\/\\\/www.escapadarural.com\\\/blog\\\/rutas-fotografiables-de-la-peninsula\\\/\"},\"author\":{\"name\":\"Caroline Dalpr\u00e1\",\"@id\":\"https:\\\/\\\/www.escapadarural.com\\\/blog\\\/#\\\/schema\\\/person\\\/71a3509afe98d853c3837b4889cdab61\"},\"headline\":\"Las 4 rutas m\u00e1s fotografiables de la pen\u00ednsula\",\"datePublished\":\"2023-05-17T05:56:00+00:00\",\"dateModified\":\"2025-06-30T10:10:02+00:00\",\"mainEntityOfPage\":{\"@id\":\"https:\\\/\\\/www.escapadarural.com\\\/blog\\\/rutas-fotografiables-de-la-peninsula\\\/\"},\"wordCount\":719,\"commentCount\":4,\"publisher\":{\"@id\":\"https:\\\/\\\/www.escapadarural.com\\\/blog\\\/#organization\"},\"image\":{\"@id\":\"https:\\\/\\\/www.escapadarural.com\\\/blog\\\/rutas-fotografiables-de-la-peninsula\\\/#primaryimage\"},\"thumbnailUrl\":\"https:\\\/\\\/www.escapadarural.com\\\/blog\\\/wp-content\\\/uploads\\\/2024\\\/10\\\/AdobeStock_376197666-1024x439-1.jpeg\",\"keywords\":[\"art\u00edculo\",\"Faro del Caballo\",\"Fotograf\u00eda\",\"Garajonay\",\"o fuci\u00f1o do porco\",\"Pasarelas de Mondego\",\"turismo rural\"],\"articleSection\":[\"Rutas y excursiones\"],\"inLanguage\":\"es\",\"potentialAction\":[{\"@type\":\"CommentAction\",\"name\":\"Comment\",\"target\":[\"https:\\\/\\\/www.escapadarural.com\\\/blog\\\/rutas-fotografiables-de-la-peninsula\\\/#respond\"]}]},{\"@type\":\"WebPage\",\"@id\":\"https:\\\/\\\/www.escapadarural.com\\\/blog\\\/rutas-fotografiables-de-la-peninsula\\\/\",\"url\":\"https:\\\/\\\/www.escapadarural.com\\\/blog\\\/rutas-fotografiables-de-la-peninsula\\\/\",\"name\":\"Las 4 rutas m\u00e1s fotografiables de la pen\u00ednsula - EscapadaRural\",\"isPartOf\":{\"@id\":\"https:\\\/\\\/www.escapadarural.com\\\/blog\\\/#website\"},\"primaryImageOfPage\":{\"@id\":\"https:\\\/\\\/www.escapadarural.com\\\/blog\\\/rutas-fotografiables-de-la-peninsula\\\/#primaryimage\"},\"image\":{\"@id\":\"https:\\\/\\\/www.escapadarural.com\\\/blog\\\/rutas-fotografiables-de-la-peninsula\\\/#primaryimage\"},\"thumbnailUrl\":\"https:\\\/\\\/www.escapadarural.com\\\/blog\\\/wp-content\\\/uploads\\\/2024\\\/10\\\/AdobeStock_376197666-1024x439-1.jpeg\",\"datePublished\":\"2023-05-17T05:56:00+00:00\",\"dateModified\":\"2025-06-30T10:10:02+00:00\",\"description\":\"Hoy te hablamos de las rutas m\u00e1s fotografiables de la pen\u00ednsula, que pasan por acantilados, monta\u00f1as, por una frondosa vegetaci\u00f3n y mucho m\u00e1s\",\"breadcrumb\":{\"@id\":\"https:\\\/\\\/www.escapadarural.com\\\/blog\\\/rutas-fotografiables-de-la-peninsula\\\/#breadcrumb\"},\"inLanguage\":\"es\",\"potentialAction\":[{\"@type\":\"ReadAction\",\"target\":[\"https:\\\/\\\/www.escapadarural.com\\\/blog\\\/rutas-fotografiables-de-la-peninsula\\\/\"]}]},{\"@type\":\"ImageObject\",\"inLanguage\":\"es\",\"@id\":\"https:\\\/\\\/www.escapadarural.com\\\/blog\\\/rutas-fotografiables-de-la-peninsula\\\/#primaryimage\",\"url\":\"https:\\\/\\\/www.escapadarural.com\\\/blog\\\/wp-content\\\/uploads\\\/2024\\\/10\\\/AdobeStock_376197666-1024x439-1.jpeg\",\"contentUrl\":\"https:\\\/\\\/www.escapadarural.com\\\/blog\\\/wp-content\\\/uploads\\\/2024\\\/10\\\/AdobeStock_376197666-1024x439-1.jpeg\",\"width\":1024,\"height\":439,\"caption\":\"Una pasarela de madera conduce por escarpados y verdes acantilados sobre las azules aguas del oc\u00e9ano bajo un cielo parcialmente nublado: una de las rutas m\u00e1s fotografiables, con la costa rocosa y las lejanas colinas de fondo.\"},{\"@type\":\"BreadcrumbList\",\"@id\":\"https:\\\/\\\/www.escapadarural.com\\\/blog\\\/rutas-fotografiables-de-la-peninsula\\\/#breadcrumb\",\"itemListElement\":[{\"@type\":\"ListItem\",\"position\":1,\"name\":\"Inicio\",\"item\":\"https:\\\/\\\/www.escapadarural.com\\\/blog\\\/\"},{\"@type\":\"ListItem\",\"position\":2,\"name\":\"Rutas y excursiones\",\"item\":\"https:\\\/\\\/www.escapadarural.com\\\/blog\\\/categoria\\\/rutas-y-excursiones\\\/\"},{\"@type\":\"ListItem\",\"position\":3,\"name\":\"Las 4 rutas m\u00e1s fotografiables de la pen\u00ednsula\"}]},{\"@type\":\"WebSite\",\"@id\":\"https:\\\/\\\/www.escapadarural.com\\\/blog\\\/#website\",\"url\":\"https:\\\/\\\/www.escapadarural.com\\\/blog\\\/\",\"name\":\"Blog de viajes | turismo rural, alojamientos e inspiraci\u00f3n\",\"description\":\"Alojamientos rurales e inspiraci\u00f3n para tus escapadas\",\"publisher\":{\"@id\":\"https:\\\/\\\/www.escapadarural.com\\\/blog\\\/#organization\"},\"alternateName\":\"Magazine de viajes de EscapadaRural\",\"potentialAction\":[{\"@type\":\"SearchAction\",\"target\":{\"@type\":\"EntryPoint\",\"urlTemplate\":\"https:\\\/\\\/www.escapadarural.com\\\/blog\\\/?s={search_term_string}\"},\"query-input\":{\"@type\":\"PropertyValueSpecification\",\"valueRequired\":true,\"valueName\":\"search_term_string\"}}],\"inLanguage\":\"es\"},{\"@type\":\"Organization\",\"@id\":\"https:\\\/\\\/www.escapadarural.com\\\/blog\\\/#organization\",\"name\":\"EscapadaRural\",\"url\":\"https:\\\/\\\/www.escapadarural.com\\\/blog\\\/\",\"logo\":{\"@type\":\"ImageObject\",\"inLanguage\":\"es\",\"@id\":\"https:\\\/\\\/www.escapadarural.com\\\/blog\\\/#\\\/schema\\\/logo\\\/image\\\/\",\"url\":\"https:\\\/\\\/www.escapadarural.com\\\/blog\\\/wp-content\\\/uploads\\\/2024\\\/10\\\/cropped-cropped-escapada-rural-icon-mag-3.png\",\"contentUrl\":\"https:\\\/\\\/www.escapadarural.com\\\/blog\\\/wp-content\\\/uploads\\\/2024\\\/10\\\/cropped-cropped-escapada-rural-icon-mag-3.png\",\"width\":512,\"height\":512,\"caption\":\"EscapadaRural\"},\"image\":{\"@id\":\"https:\\\/\\\/www.escapadarural.com\\\/blog\\\/#\\\/schema\\\/logo\\\/image\\\/\"},\"sameAs\":[\"https:\\\/\\\/www.facebook.com\\\/escapadarural\",\"https:\\\/\\\/www.instagram.com\\\/escapadarural\\\/\",\"https:\\\/\\\/www.youtube.com\\\/@escapadaruralcom\"]},{\"@type\":\"Person\",\"@id\":\"https:\\\/\\\/www.escapadarural.com\\\/blog\\\/#\\\/schema\\\/person\\\/71a3509afe98d853c3837b4889cdab61\",\"name\":\"Caroline Dalpr\u00e1\",\"image\":{\"@type\":\"ImageObject\",\"inLanguage\":\"es\",\"@id\":\"https:\\\/\\\/secure.gravatar.com\\\/avatar\\\/7c69701bfb6edce5bb470d94ec03340a2dd7130049dcaa9f93a67689fbb9bce5?s=96&d=mm&r=g\",\"url\":\"https:\\\/\\\/secure.gravatar.com\\\/avatar\\\/7c69701bfb6edce5bb470d94ec03340a2dd7130049dcaa9f93a67689fbb9bce5?s=96&d=mm&r=g\",\"contentUrl\":\"https:\\\/\\\/secure.gravatar.com\\\/avatar\\\/7c69701bfb6edce5bb470d94ec03340a2dd7130049dcaa9f93a67689fbb9bce5?s=96&d=mm&r=g\",\"caption\":\"Caroline Dalpr\u00e1\"},\"description\":\"Periodista de viajes con debilidad por los pueblos con encanto. Brasile\u00f1a curiosa descubriendo la Espa\u00f1a rural, una escapada a la vez. En EscapadaRural llevo el tim\u00f3n del Marketing Digital y busco formas de contar lugares con alma.\",\"url\":\"https:\\\/\\\/www.escapadarural.com\\\/blog\\\/autor\\\/caroline\\\/\"}]}<\/script>\n<!-- \/ Yoast SEO plugin. -->","yoast_head_json":{"title":"Las 4 rutas m\u00e1s fotografiables de la pen\u00ednsula - EscapadaRural","description":"Hoy te hablamos de las rutas m\u00e1s fotografiables de la pen\u00ednsula, que pasan por acantilados, monta\u00f1as, por una frondosa vegetaci\u00f3n y mucho m\u00e1s","robots":{"index":"index","follow":"follow","max-snippet":"max-snippet:-1","max-image-preview":"max-image-preview:large","max-video-preview":"max-video-preview:-1"},"canonical":"https:\/\/www.escapadarural.com\/blog\/rutas-fotografiables-de-la-peninsula\/","og_locale":"es_ES","og_type":"article","og_title":"Las 4 rutas m\u00e1s fotografiables de la pen\u00ednsula - EscapadaRural","og_description":"Hoy te hablamos de las rutas m\u00e1s fotografiables de la pen\u00ednsula, que pasan por acantilados, monta\u00f1as, por una frondosa vegetaci\u00f3n y mucho m\u00e1s","og_url":"https:\/\/www.escapadarural.com\/blog\/rutas-fotografiables-de-la-peninsula\/","og_site_name":"Magazine de viajes de EscapadaRural","article_publisher":"https:\/\/www.facebook.com\/escapadarural","article_published_time":"2023-05-17T05:56:00+00:00","article_modified_time":"2025-06-30T10:10:02+00:00","og_image":[{"width":1024,"height":439,"url":"https:\/\/www.escapadarural.com\/blog\/wp-content\/uploads\/2024\/10\/AdobeStock_376197666-1024x439-1.jpeg?v=1751278237","type":"image\/jpeg"}],"author":"Caroline Dalpr\u00e1","twitter_card":"summary_large_image","twitter_misc":{"Escrito por":"Caroline Dalpr\u00e1","Tiempo de lectura":"5 minutos"},"schema":{"@context":"https:\/\/schema.org","@graph":[{"@type":"Article","@id":"https:\/\/www.escapadarural.com\/blog\/rutas-fotografiables-de-la-peninsula\/#article","isPartOf":{"@id":"https:\/\/www.escapadarural.com\/blog\/rutas-fotografiables-de-la-peninsula\/"},"author":{"name":"Caroline Dalpr\u00e1","@id":"https:\/\/www.escapadarural.com\/blog\/#\/schema\/person\/71a3509afe98d853c3837b4889cdab61"},"headline":"Las 4 rutas m\u00e1s fotografiables de la pen\u00ednsula","datePublished":"2023-05-17T05:56:00+00:00","dateModified":"2025-06-30T10:10:02+00:00","mainEntityOfPage":{"@id":"https:\/\/www.escapadarural.com\/blog\/rutas-fotografiables-de-la-peninsula\/"},"wordCount":719,"commentCount":4,"publisher":{"@id":"https:\/\/www.escapadarural.com\/blog\/#organization"},"image":{"@id":"https:\/\/www.escapadarural.com\/blog\/rutas-fotografiables-de-la-peninsula\/#primaryimage"},"thumbnailUrl":"https:\/\/www.escapadarural.com\/blog\/wp-content\/uploads\/2024\/10\/AdobeStock_376197666-1024x439-1.jpeg","keywords":["art\u00edculo","Faro del Caballo","Fotograf\u00eda","Garajonay","o fuci\u00f1o do porco","Pasarelas de Mondego","turismo rural"],"articleSection":["Rutas y excursiones"],"inLanguage":"es","potentialAction":[{"@type":"CommentAction","name":"Comment","target":["https:\/\/www.escapadarural.com\/blog\/rutas-fotografiables-de-la-peninsula\/#respond"]}]},{"@type":"WebPage","@id":"https:\/\/www.escapadarural.com\/blog\/rutas-fotografiables-de-la-peninsula\/","url":"https:\/\/www.escapadarural.com\/blog\/rutas-fotografiables-de-la-peninsula\/","name":"Las 4 rutas m\u00e1s fotografiables de la pen\u00ednsula - EscapadaRural","isPartOf":{"@id":"https:\/\/www.escapadarural.com\/blog\/#website"},"primaryImageOfPage":{"@id":"https:\/\/www.escapadarural.com\/blog\/rutas-fotografiables-de-la-peninsula\/#primaryimage"},"image":{"@id":"https:\/\/www.escapadarural.com\/blog\/rutas-fotografiables-de-la-peninsula\/#primaryimage"},"thumbnailUrl":"https:\/\/www.escapadarural.com\/blog\/wp-content\/uploads\/2024\/10\/AdobeStock_376197666-1024x439-1.jpeg","datePublished":"2023-05-17T05:56:00+00:00","dateModified":"2025-06-30T10:10:02+00:00","description":"Hoy te hablamos de las rutas m\u00e1s fotografiables de la pen\u00ednsula, que pasan por acantilados, monta\u00f1as, por una frondosa vegetaci\u00f3n y mucho m\u00e1s","breadcrumb":{"@id":"https:\/\/www.escapadarural.com\/blog\/rutas-fotografiables-de-la-peninsula\/#breadcrumb"},"inLanguage":"es","potentialAction":[{"@type":"ReadAction","target":["https:\/\/www.escapadarural.com\/blog\/rutas-fotografiables-de-la-peninsula\/"]}]},{"@type":"ImageObject","inLanguage":"es","@id":"https:\/\/www.escapadarural.com\/blog\/rutas-fotografiables-de-la-peninsula\/#primaryimage","url":"https:\/\/www.escapadarural.com\/blog\/wp-content\/uploads\/2024\/10\/AdobeStock_376197666-1024x439-1.jpeg","contentUrl":"https:\/\/www.escapadarural.com\/blog\/wp-content\/uploads\/2024\/10\/AdobeStock_376197666-1024x439-1.jpeg","width":1024,"height":439,"caption":"Una pasarela de madera conduce por escarpados y verdes acantilados sobre las azules aguas del oc\u00e9ano bajo un cielo parcialmente nublado: una de las rutas m\u00e1s fotografiables, con la costa rocosa y las lejanas colinas de fondo."},{"@type":"BreadcrumbList","@id":"https:\/\/www.escapadarural.com\/blog\/rutas-fotografiables-de-la-peninsula\/#breadcrumb","itemListElement":[{"@type":"ListItem","position":1,"name":"Inicio","item":"https:\/\/www.escapadarural.com\/blog\/"},{"@type":"ListItem","position":2,"name":"Rutas y excursiones","item":"https:\/\/www.escapadarural.com\/blog\/categoria\/rutas-y-excursiones\/"},{"@type":"ListItem","position":3,"name":"Las 4 rutas m\u00e1s fotografiables de la pen\u00ednsula"}]},{"@type":"WebSite","@id":"https:\/\/www.escapadarural.com\/blog\/#website","url":"https:\/\/www.escapadarural.com\/blog\/","name":"Blog de viajes | turismo rural, alojamientos e inspiraci\u00f3n","description":"Alojamientos rurales e inspiraci\u00f3n para tus escapadas","publisher":{"@id":"https:\/\/www.escapadarural.com\/blog\/#organization"},"alternateName":"Magazine de viajes de EscapadaRural","potentialAction":[{"@type":"SearchAction","target":{"@type":"EntryPoint","urlTemplate":"https:\/\/www.escapadarural.com\/blog\/?s={search_term_string}"},"query-input":{"@type":"PropertyValueSpecification","valueRequired":true,"valueName":"search_term_string"}}],"inLanguage":"es"},{"@type":"Organization","@id":"https:\/\/www.escapadarural.com\/blog\/#organization","name":"EscapadaRural","url":"https:\/\/www.escapadarural.com\/blog\/","logo":{"@type":"ImageObject","inLanguage":"es","@id":"https:\/\/www.escapadarural.com\/blog\/#\/schema\/logo\/image\/","url":"https:\/\/www.escapadarural.com\/blog\/wp-content\/uploads\/2024\/10\/cropped-cropped-escapada-rural-icon-mag-3.png","contentUrl":"https:\/\/www.escapadarural.com\/blog\/wp-content\/uploads\/2024\/10\/cropped-cropped-escapada-rural-icon-mag-3.png","width":512,"height":512,"caption":"EscapadaRural"},"image":{"@id":"https:\/\/www.escapadarural.com\/blog\/#\/schema\/logo\/image\/"},"sameAs":["https:\/\/www.facebook.com\/escapadarural","https:\/\/www.instagram.com\/escapadarural\/","https:\/\/www.youtube.com\/@escapadaruralcom"]},{"@type":"Person","@id":"https:\/\/www.escapadarural.com\/blog\/#\/schema\/person\/71a3509afe98d853c3837b4889cdab61","name":"Caroline Dalpr\u00e1","image":{"@type":"ImageObject","inLanguage":"es","@id":"https:\/\/secure.gravatar.com\/avatar\/7c69701bfb6edce5bb470d94ec03340a2dd7130049dcaa9f93a67689fbb9bce5?s=96&d=mm&r=g","url":"https:\/\/secure.gravatar.com\/avatar\/7c69701bfb6edce5bb470d94ec03340a2dd7130049dcaa9f93a67689fbb9bce5?s=96&d=mm&r=g","contentUrl":"https:\/\/secure.gravatar.com\/avatar\/7c69701bfb6edce5bb470d94ec03340a2dd7130049dcaa9f93a67689fbb9bce5?s=96&d=mm&r=g","caption":"Caroline Dalpr\u00e1"},"description":"Periodista de viajes con debilidad por los pueblos con encanto. Brasile\u00f1a curiosa descubriendo la Espa\u00f1a rural, una escapada a la vez. En EscapadaRural llevo el tim\u00f3n del Marketing Digital y busco formas de contar lugares con alma.","url":"https:\/\/www.escapadarural.com\/blog\/autor\/caroline\/"}]}},"_links":{"self":[{"href":"https:\/\/www.escapadarural.com\/blog\/wp-json\/wp\/v2\/posts\/62366","targetHints":{"allow":["GET"]}}],"collection":[{"href":"https:\/\/www.escapadarural.com\/blog\/wp-json\/wp\/v2\/posts"}],"about":[{"href":"https:\/\/www.escapadarural.com\/blog\/wp-json\/wp\/v2\/types\/post"}],"author":[{"embeddable":true,"href":"https:\/\/www.escapadarural.com\/blog\/wp-json\/wp\/v2\/users\/119"}],"replies":[{"embeddable":true,"href":"https:\/\/www.escapadarural.com\/blog\/wp-json\/wp\/v2\/comments?post=62366"}],"version-history":[{"count":0,"href":"https:\/\/www.escapadarural.com\/blog\/wp-json\/wp\/v2\/posts\/62366\/revisions"}],"wp:featuredmedia":[{"embeddable":true,"href":"https:\/\/www.escapadarural.com\/blog\/wp-json\/wp\/v2\/media\/97870"}],"wp:attachment":[{"href":"https:\/\/www.escapadarural.com\/blog\/wp-json\/wp\/v2\/media?parent=62366"}],"wp:term":[{"taxonomy":"category","embeddable":true,"href":"https:\/\/www.escapadarural.com\/blog\/wp-json\/wp\/v2\/categories?post=62366"},{"taxonomy":"post_tag","embeddable":true,"href":"https:\/\/www.escapadarural.com\/blog\/wp-json\/wp\/v2\/tags?post=62366"}],"curies":[{"name":"wp","href":"https:\/\/api.w.org\/{rel}","templated":true}]}}