{"id":62389,"date":"2023-05-18T10:19:25","date_gmt":"2023-05-18T09:19:25","guid":{"rendered":"https:\/\/www.escapadarural.com\/blog\/?p=62389"},"modified":"2024-10-18T14:22:58","modified_gmt":"2024-10-18T12:22:58","slug":"coetur-2023-cierre-video-resumen","status":"publish","type":"post","link":"https:\/\/www.escapadarural.com\/blog\/coetur-2023-cierre-video-resumen\/","title":{"rendered":"COETUR cierra su IX edici\u00f3n con gran \u00e9xito de asistencia"},"content":{"rendered":"<p><iframe width=\"560\" height=\"315\" src=\"https:\/\/www.youtube.com\/embed\/wx0RdD52eRs\" title=\"YouTube video player\" frameborder=\"0\" allow=\"accelerometer; autoplay; clipboard-write; encrypted-media; gyroscope; picture-in-picture; web-share\" allowfullscreen=\"\"><\/iframe><\/p>\n\n\n\n<p>El <strong><a href=\"https:\/\/www.escapadarural.com\/acciones\/coetur\/index.html\" target=\"_blank\" rel=\"noreferrer noopener\">Congreso Europeo de Turismo Rural<\/a> <\/strong>(COETUR), celebrado los d\u00edas 10 y 11 de mayo en el municipio salmantino de La Alberca con el\u00a0 apoyo institucional de la\u00a0<a href=\"https:\/\/www.turismocastillayleon.com\/\" target=\"_blank\" rel=\"noreferrer noopener\">Consejer\u00eda de Cultura, Turismo y Deporte de la\u00a0 Junta de Castilla y Le\u00f3n<\/a>, cerr\u00f3 su novena edici\u00f3n con gran \u00e9xito de asistencia.\u00a0\u00a0<\/p>\n\n\n\n<p><strong>M\u00e1s de 300 profesionales<\/strong> del turismo rural entre propietarios de alojamientos, representantes de las administraciones p\u00fablicas y empresas de turismo activo o actividades complementarias participaron en este encuentro \u00fanico para compartir experiencias y abordar los nuevos retos del sector. De \u00e9stos, 150 estuvieron presencialmente en el Congreso y m\u00e1s de 150 siguieron la retransmisi\u00f3n en streaming participando tambi\u00e9n con sus comentarios y preguntas.&nbsp;<\/p>\n\n\n\n<h2 class=\"wp-block-heading\"><strong>COETUR 2023: dos d\u00edas de ponencias, mesas redondas, talleres y networking<\/strong><\/h2>\n\n\n\n<figure class=\"wp-block-image size-large\"><a href=\"https:\/\/www.escapadarural.com\/blog\/wp-content\/uploads\/01-2-1-scaled.jpg\"><img decoding=\"async\" src=\"https:\/\/www.escapadarural.com\/blog\/wp-content\/uploads\/2024\/10\/01-2-1-1024x577-1.jpg\" alt=\"COETUR 2023\" class=\"wp-image-62397\"\/><\/a><\/figure>\n\n\n\n<p>A lo largo de sus dos jornadas, los asistentes a COETUR han podido disfrutar de ponencias, mesas redondas y talleres impartidos por expertos. Asimismo, han podido disfrutar de una sesi\u00f3n de networking patrocinada por <strong>Turismo de Arag\u00f3n<\/strong>, colaborador especial de esta edici\u00f3n de COETUR, que adem\u00e1s ha ofrecido una degustaci\u00f3n de productos locales.<\/p>\n\n\n\n<p>El Congreso arranc\u00f3 con la<strong> inauguraci\u00f3n oficial <\/strong>a cargo de <strong>D. \u00c1ngel Gonz\u00e1lez Pieras,&nbsp; Director General de Turismo de la Junta de Castilla y Le\u00f3n<\/strong>; D. Miguel \u00c1ngel Luengo Becerro, Alcalde de La Alberca; y Montse Gil, Directora General de EscapadaRural.&nbsp;<\/p>\n\n\n\n<p>Seguidamente, empez\u00f3 el primer bloque centrado en <strong>el turismo rural como motor para el desarrollo territorial<\/strong> en el que se habl\u00f3 de diferentes iniciativas, tanto p\u00fablicas como privadas, para fomentar este desarrollo del territorio. En esta primera parte participaron <strong>Isabel Sanchez Tejado<\/strong>, fundadora de la escuela de turismo generativo y fiel defensora de que el futuro est\u00e1 en el mundo rural, y <strong>Sandra Carvao<\/strong>, Jefa del Departamento de Inteligencia de Mercados y Competitividad de la <strong>Organizaci\u00f3n Mundial del Turismo<\/strong>. Tambi\u00e9n conocimos el caso de \u00e9xito de <strong>Posadas Reales<\/strong>, la marca de calidad de los alojamientos de turismo rural en Castilla y Le\u00f3n; y la experiencia de <strong>Patricia Garc\u00eda G\u00f3mez, Presidenta de la Asociaci\u00f3n Nacional de Coliving y Coworking<\/strong>. Para terminar, tuvo lugar una interesante mesa redonda que cont\u00f3 con la participaci\u00f3n de los <strong>Directores Generales de Turismo de los Gobiernos de Arag\u00f3n, Extremadura, Navarra y Portugal <\/strong>y fue moderada por el Director General de Turismo de la Junta de Castilla y Le\u00f3n.&nbsp;<\/p>\n\n\n\n<p>Despu\u00e9s de la pausa del mediod\u00eda, se abord\u00f3 el bloque de la <strong>presencia digital y desarrollo rural<\/strong> con el objetivo de conocer herramientas y pr\u00e1cticas para posicionar los destinos y negocios en redes sociales y comercializar los alojamientos en un mundo digital. La ponencia de <strong>Raquel Lora<\/strong>, Fundadora y CEO de TurisTeach, abri\u00f3 este segundo bloque que tambi\u00e9n cont\u00f3 con la participaci\u00f3n de <strong>Silvia Fernandez<\/strong>, Directora Agencia de Comunicaci\u00f3n De Rotos y Descosidos. El caso de \u00e9xito vino de la mano de la <strong>Bodega Dominio del Pidio<\/strong>,&nbsp; ubicada en Quintana del Pidio, un municipio de alrededor de 150 habitantes en la provincia de Burgos. <strong>Manuel Ramos<\/strong>, director de tecnolog\u00eda de Ole Agency, explic\u00f3 c\u00f3mo han conseguido crear una experiencia tur\u00edstica totalmente adaptada al mundo digital.&nbsp;<\/p>\n\n\n\n<figure class=\"wp-block-image size-large\"><a href=\"https:\/\/www.escapadarural.com\/blog\/wp-content\/uploads\/VINO-scaled.jpg\"><img decoding=\"async\" src=\"https:\/\/www.escapadarural.com\/blog\/wp-content\/uploads\/2024\/10\/VINO-1024x577-1.jpg\" alt=\"COETUR\" class=\"wp-image-62396\"\/><\/a><\/figure>\n\n\n\n<p>La primera jornada de COETUR cerr\u00f3 con una participativa sesi\u00f3n de networking patrocinada por <strong>Turismo de Arag\u00f3n<\/strong> que ofreci\u00f3 una degustaci\u00f3n de productos locales.<\/p>\n\n\n\n<p>La segunda jornada de COETUR se centr\u00f3 en <strong>el uso de los datos y las nuevas tecnolog\u00edas para la toma de decisiones en el sector. <\/strong><strong>Mary Mench\u00f3n<\/strong>, Desarrollo de Negocio para Espa\u00f1a, Portugal y LATAM en Mabrian, empez\u00f3 este bloque con una interesante ponencia en la que resalt\u00f3 la importancia de tomar decisiones en base a datos e informaci\u00f3n. Posteriormente, tuvo lugar una mesa redonda en la que pudimos conocer de primera mano cu\u00e1l es la realidad&nbsp; del uso de los datos en la gesti\u00f3n diaria. Esta mesa cont\u00f3 con la participaci\u00f3n de a <strong>Alejandro Gal\u00e1n<\/strong>, Coordinador de Servicios, Direcci\u00f3n General de Turismo de la Junta de Castilla y Le\u00f3n; <strong>Alejandro Gonz\u00e1lez<\/strong>, Director del Cluster de turismo rural de Asturias; <strong>Eugenio Rodriguez<\/strong>, Fundador de la Red de Alojamientos Turnat; y estuvo moderada por <strong>Olivia Fontela<\/strong>, Directora de Marketing, EscapadaRural.&nbsp;<\/p>\n\n\n\n<p>A continuaci\u00f3n, pusimos la mirada en el futuro con un apasionante workshop sobre la aplicaci\u00f3n de la inteligencia artificial desde la perspectiva de un propietario de turismo rural de la mano de <strong>Jos\u00e9 Cantero<\/strong>, Socio Director de Hosperience.<\/p>\n\n\n\n<p>El congreso cerr\u00f3 con una<strong> ponencia participativa<\/strong> dirigida por <strong>Fuensanta Martin Garrido<\/strong>, Co-fundadora de Ruralizate, que recopil\u00f3 las principales reflexiones del congreso y las impresiones y aprendizajes de los asistentes.<\/p>\n\n\n\n<p>La clausura oficial del Congreso cont\u00f3 con la participaci\u00f3n de <strong>Juan Garc\u00eda-Gallardo Frings, Vicepresidente de la Junta de Castilla y Le\u00f3n<\/strong>; D. Miguel \u00c1ngel Luengo Becerro, Alcalde de La Alberca; y Montse Gil, Directora General de EscapadaRural.&nbsp;<\/p>\n\n\n\n<figure class=\"wp-block-image size-large\"><a href=\"https:\/\/www.turismocastillayleon.com\/\" target=\"_blank\" rel=\"https:\/\/www.turismocastillayleon.com\/ noreferrer noopener\"><img decoding=\"async\" src=\"https:\/\/www.escapadarural.com\/blog\/wp-content\/uploads\/2024\/10\/imagen-pantalla-1-1024x576-1.jpg\" alt=\"\" class=\"wp-image-59194\"\/><\/a><\/figure>\n","protected":false},"excerpt":{"rendered":"<p>El Congreso Europeo de Turismo Rural (COETUR), celebrado los d\u00edas  [&#8230;]<\/p>\n","protected":false},"author":144,"featured_media":97851,"comment_status":"open","ping_status":"open","sticky":false,"template":"","format":"standard","meta":{"_acf_changed":false,"om_disable_all_campaigns":false,"footnotes":""},"categories":[385,390],"tags":[260,386,4873,388,389],"class_list":["post-62389","post","type-post","status-publish","format-standard","has-post-thumbnail","hentry","category-coetur","category-noticias","tag-articulo","tag-coetur","tag-coetur2023","tag-escapadarural","tag-noticia"],"acf":[],"featured_image_src":"https:\/\/www.escapadarural.com\/blog\/wp-content\/uploads\/2024\/10\/01-2-1-1024x577-1.jpg","author_info":{"display_name":"Judith Monmany","author_link":"https:\/\/www.escapadarural.com\/blog\/autor\/judith-monmany\/"},"yoast_head":"<!-- This site is optimized with the Yoast SEO plugin v27.5 - https:\/\/yoast.com\/product\/yoast-seo-wordpress\/ -->\n<title>COETUR cierra su IX edici\u00f3n con gran \u00e9xito de asistencia - EscapadaRural<\/title>\n<meta name=\"robots\" content=\"index, follow, max-snippet:-1, max-image-preview:large, max-video-preview:-1\" \/>\n<link rel=\"canonical\" href=\"https:\/\/www.escapadarural.com\/blog\/coetur-2023-cierre-video-resumen\/\" \/>\n<meta property=\"og:locale\" content=\"es_ES\" \/>\n<meta property=\"og:type\" content=\"article\" \/>\n<meta property=\"og:title\" content=\"COETUR cierra su IX edici\u00f3n con gran \u00e9xito de asistencia - EscapadaRural\" \/>\n<meta property=\"og:description\" content=\"El Congreso Europeo de Turismo Rural (COETUR), celebrado los d\u00edas [...]\" \/>\n<meta property=\"og:url\" content=\"https:\/\/www.escapadarural.com\/blog\/coetur-2023-cierre-video-resumen\/\" \/>\n<meta property=\"og:site_name\" content=\"Magazine de viajes de EscapadaRural\" \/>\n<meta property=\"article:publisher\" content=\"https:\/\/www.facebook.com\/escapadarural\" \/>\n<meta property=\"article:published_time\" content=\"2023-05-18T09:19:25+00:00\" \/>\n<meta property=\"article:modified_time\" content=\"2024-10-18T12:22:58+00:00\" \/>\n<meta property=\"og:image\" content=\"https:\/\/www.escapadarural.com\/blog\/wp-content\/uploads\/2024\/10\/01-2-1-1024x577-1.jpg\" \/>\n\t<meta property=\"og:image:width\" content=\"1024\" \/>\n\t<meta property=\"og:image:height\" content=\"577\" \/>\n\t<meta property=\"og:image:type\" content=\"image\/jpeg\" \/>\n<meta name=\"author\" content=\"Judith Monmany\" \/>\n<meta name=\"twitter:card\" content=\"summary_large_image\" \/>\n<meta name=\"twitter:label1\" content=\"Escrito por\" \/>\n\t<meta name=\"twitter:data1\" content=\"Judith Monmany\" \/>\n\t<meta name=\"twitter:label2\" content=\"Tiempo de lectura\" \/>\n\t<meta name=\"twitter:data2\" content=\"4 minutos\" \/>\n<script type=\"application\/ld+json\" class=\"yoast-schema-graph\">{\"@context\":\"https:\\\/\\\/schema.org\",\"@graph\":[{\"@type\":\"Article\",\"@id\":\"https:\\\/\\\/www.escapadarural.com\\\/blog\\\/coetur-2023-cierre-video-resumen\\\/#article\",\"isPartOf\":{\"@id\":\"https:\\\/\\\/www.escapadarural.com\\\/blog\\\/coetur-2023-cierre-video-resumen\\\/\"},\"author\":{\"name\":\"Judith Monmany\",\"@id\":\"https:\\\/\\\/www.escapadarural.com\\\/blog\\\/#\\\/schema\\\/person\\\/25786969bae765c9b5eadf92da1dcffd\"},\"headline\":\"COETUR cierra su IX edici\u00f3n con gran \u00e9xito de asistencia\",\"datePublished\":\"2023-05-18T09:19:25+00:00\",\"dateModified\":\"2024-10-18T12:22:58+00:00\",\"mainEntityOfPage\":{\"@id\":\"https:\\\/\\\/www.escapadarural.com\\\/blog\\\/coetur-2023-cierre-video-resumen\\\/\"},\"wordCount\":842,\"commentCount\":3,\"publisher\":{\"@id\":\"https:\\\/\\\/www.escapadarural.com\\\/blog\\\/#organization\"},\"image\":{\"@id\":\"https:\\\/\\\/www.escapadarural.com\\\/blog\\\/coetur-2023-cierre-video-resumen\\\/#primaryimage\"},\"thumbnailUrl\":\"https:\\\/\\\/www.escapadarural.com\\\/blog\\\/wp-content\\\/uploads\\\/2024\\\/10\\\/01-2-1-1024x577-1.jpg\",\"keywords\":[\"art\u00edculo\",\"COETUR\",\"coetur2023\",\"escapadarural\",\"noticia\"],\"articleSection\":[\"Coetur\",\"Noticias\"],\"inLanguage\":\"es\",\"potentialAction\":[{\"@type\":\"CommentAction\",\"name\":\"Comment\",\"target\":[\"https:\\\/\\\/www.escapadarural.com\\\/blog\\\/coetur-2023-cierre-video-resumen\\\/#respond\"]}]},{\"@type\":\"WebPage\",\"@id\":\"https:\\\/\\\/www.escapadarural.com\\\/blog\\\/coetur-2023-cierre-video-resumen\\\/\",\"url\":\"https:\\\/\\\/www.escapadarural.com\\\/blog\\\/coetur-2023-cierre-video-resumen\\\/\",\"name\":\"COETUR cierra su IX edici\u00f3n con gran \u00e9xito de asistencia - EscapadaRural\",\"isPartOf\":{\"@id\":\"https:\\\/\\\/www.escapadarural.com\\\/blog\\\/#website\"},\"primaryImageOfPage\":{\"@id\":\"https:\\\/\\\/www.escapadarural.com\\\/blog\\\/coetur-2023-cierre-video-resumen\\\/#primaryimage\"},\"image\":{\"@id\":\"https:\\\/\\\/www.escapadarural.com\\\/blog\\\/coetur-2023-cierre-video-resumen\\\/#primaryimage\"},\"thumbnailUrl\":\"https:\\\/\\\/www.escapadarural.com\\\/blog\\\/wp-content\\\/uploads\\\/2024\\\/10\\\/01-2-1-1024x577-1.jpg\",\"datePublished\":\"2023-05-18T09:19:25+00:00\",\"dateModified\":\"2024-10-18T12:22:58+00:00\",\"breadcrumb\":{\"@id\":\"https:\\\/\\\/www.escapadarural.com\\\/blog\\\/coetur-2023-cierre-video-resumen\\\/#breadcrumb\"},\"inLanguage\":\"es\",\"potentialAction\":[{\"@type\":\"ReadAction\",\"target\":[\"https:\\\/\\\/www.escapadarural.com\\\/blog\\\/coetur-2023-cierre-video-resumen\\\/\"]}]},{\"@type\":\"ImageObject\",\"inLanguage\":\"es\",\"@id\":\"https:\\\/\\\/www.escapadarural.com\\\/blog\\\/coetur-2023-cierre-video-resumen\\\/#primaryimage\",\"url\":\"https:\\\/\\\/www.escapadarural.com\\\/blog\\\/wp-content\\\/uploads\\\/2024\\\/10\\\/01-2-1-1024x577-1.jpg\",\"contentUrl\":\"https:\\\/\\\/www.escapadarural.com\\\/blog\\\/wp-content\\\/uploads\\\/2024\\\/10\\\/01-2-1-1024x577-1.jpg\",\"width\":1024,\"height\":577,\"caption\":\"Un gran grupo de personas se sienta en filas de sillas rojas en un auditorio con paredes naranjas, observando atentamente un acto o una presentaci\u00f3n. Algunos asistentes est\u00e1n tomando notas.\"},{\"@type\":\"BreadcrumbList\",\"@id\":\"https:\\\/\\\/www.escapadarural.com\\\/blog\\\/coetur-2023-cierre-video-resumen\\\/#breadcrumb\",\"itemListElement\":[{\"@type\":\"ListItem\",\"position\":1,\"name\":\"Inicio\",\"item\":\"https:\\\/\\\/www.escapadarural.com\\\/blog\\\/\"},{\"@type\":\"ListItem\",\"position\":2,\"name\":\"Coetur\",\"item\":\"https:\\\/\\\/www.escapadarural.com\\\/blog\\\/categoria\\\/coetur\\\/\"},{\"@type\":\"ListItem\",\"position\":3,\"name\":\"COETUR cierra su IX edici\u00f3n con gran \u00e9xito de asistencia\"}]},{\"@type\":\"WebSite\",\"@id\":\"https:\\\/\\\/www.escapadarural.com\\\/blog\\\/#website\",\"url\":\"https:\\\/\\\/www.escapadarural.com\\\/blog\\\/\",\"name\":\"Blog de viajes | turismo rural, alojamientos e inspiraci\u00f3n\",\"description\":\"Alojamientos rurales e inspiraci\u00f3n para tus escapadas\",\"publisher\":{\"@id\":\"https:\\\/\\\/www.escapadarural.com\\\/blog\\\/#organization\"},\"alternateName\":\"Magazine de viajes de EscapadaRural\",\"potentialAction\":[{\"@type\":\"SearchAction\",\"target\":{\"@type\":\"EntryPoint\",\"urlTemplate\":\"https:\\\/\\\/www.escapadarural.com\\\/blog\\\/?s={search_term_string}\"},\"query-input\":{\"@type\":\"PropertyValueSpecification\",\"valueRequired\":true,\"valueName\":\"search_term_string\"}}],\"inLanguage\":\"es\"},{\"@type\":\"Organization\",\"@id\":\"https:\\\/\\\/www.escapadarural.com\\\/blog\\\/#organization\",\"name\":\"EscapadaRural\",\"url\":\"https:\\\/\\\/www.escapadarural.com\\\/blog\\\/\",\"logo\":{\"@type\":\"ImageObject\",\"inLanguage\":\"es\",\"@id\":\"https:\\\/\\\/www.escapadarural.com\\\/blog\\\/#\\\/schema\\\/logo\\\/image\\\/\",\"url\":\"https:\\\/\\\/www.escapadarural.com\\\/blog\\\/wp-content\\\/uploads\\\/2024\\\/10\\\/cropped-cropped-escapada-rural-icon-mag-3.png\",\"contentUrl\":\"https:\\\/\\\/www.escapadarural.com\\\/blog\\\/wp-content\\\/uploads\\\/2024\\\/10\\\/cropped-cropped-escapada-rural-icon-mag-3.png\",\"width\":512,\"height\":512,\"caption\":\"EscapadaRural\"},\"image\":{\"@id\":\"https:\\\/\\\/www.escapadarural.com\\\/blog\\\/#\\\/schema\\\/logo\\\/image\\\/\"},\"sameAs\":[\"https:\\\/\\\/www.facebook.com\\\/escapadarural\",\"https:\\\/\\\/www.instagram.com\\\/escapadarural\\\/\",\"https:\\\/\\\/www.youtube.com\\\/@escapadaruralcom\"]},{\"@type\":\"Person\",\"@id\":\"https:\\\/\\\/www.escapadarural.com\\\/blog\\\/#\\\/schema\\\/person\\\/25786969bae765c9b5eadf92da1dcffd\",\"name\":\"Judith Monmany\",\"image\":{\"@type\":\"ImageObject\",\"inLanguage\":\"es\",\"@id\":\"https:\\\/\\\/secure.gravatar.com\\\/avatar\\\/1754df140325b983610fbba984e4f092ec9249b645010699d0749b7a1ade7c37?s=96&d=mm&r=g\",\"url\":\"https:\\\/\\\/secure.gravatar.com\\\/avatar\\\/1754df140325b983610fbba984e4f092ec9249b645010699d0749b7a1ade7c37?s=96&d=mm&r=g\",\"contentUrl\":\"https:\\\/\\\/secure.gravatar.com\\\/avatar\\\/1754df140325b983610fbba984e4f092ec9249b645010699d0749b7a1ade7c37?s=96&d=mm&r=g\",\"caption\":\"Judith Monmany\"},\"url\":\"https:\\\/\\\/www.escapadarural.com\\\/blog\\\/autor\\\/judith-monmany\\\/\"}]}<\/script>\n<!-- \/ Yoast SEO plugin. -->","yoast_head_json":{"title":"COETUR cierra su IX edici\u00f3n con gran \u00e9xito de asistencia - EscapadaRural","robots":{"index":"index","follow":"follow","max-snippet":"max-snippet:-1","max-image-preview":"max-image-preview:large","max-video-preview":"max-video-preview:-1"},"canonical":"https:\/\/www.escapadarural.com\/blog\/coetur-2023-cierre-video-resumen\/","og_locale":"es_ES","og_type":"article","og_title":"COETUR cierra su IX edici\u00f3n con gran \u00e9xito de asistencia - EscapadaRural","og_description":"El Congreso Europeo de Turismo Rural (COETUR), celebrado los d\u00edas [...]","og_url":"https:\/\/www.escapadarural.com\/blog\/coetur-2023-cierre-video-resumen\/","og_site_name":"Magazine de viajes de EscapadaRural","article_publisher":"https:\/\/www.facebook.com\/escapadarural","article_published_time":"2023-05-18T09:19:25+00:00","article_modified_time":"2024-10-18T12:22:58+00:00","og_image":[{"width":1024,"height":577,"url":"https:\/\/www.escapadarural.com\/blog\/wp-content\/uploads\/2024\/10\/01-2-1-1024x577-1.jpg","type":"image\/jpeg"}],"author":"Judith Monmany","twitter_card":"summary_large_image","twitter_misc":{"Escrito por":"Judith Monmany","Tiempo de lectura":"4 minutos"},"schema":{"@context":"https:\/\/schema.org","@graph":[{"@type":"Article","@id":"https:\/\/www.escapadarural.com\/blog\/coetur-2023-cierre-video-resumen\/#article","isPartOf":{"@id":"https:\/\/www.escapadarural.com\/blog\/coetur-2023-cierre-video-resumen\/"},"author":{"name":"Judith Monmany","@id":"https:\/\/www.escapadarural.com\/blog\/#\/schema\/person\/25786969bae765c9b5eadf92da1dcffd"},"headline":"COETUR cierra su IX edici\u00f3n con gran \u00e9xito de asistencia","datePublished":"2023-05-18T09:19:25+00:00","dateModified":"2024-10-18T12:22:58+00:00","mainEntityOfPage":{"@id":"https:\/\/www.escapadarural.com\/blog\/coetur-2023-cierre-video-resumen\/"},"wordCount":842,"commentCount":3,"publisher":{"@id":"https:\/\/www.escapadarural.com\/blog\/#organization"},"image":{"@id":"https:\/\/www.escapadarural.com\/blog\/coetur-2023-cierre-video-resumen\/#primaryimage"},"thumbnailUrl":"https:\/\/www.escapadarural.com\/blog\/wp-content\/uploads\/2024\/10\/01-2-1-1024x577-1.jpg","keywords":["art\u00edculo","COETUR","coetur2023","escapadarural","noticia"],"articleSection":["Coetur","Noticias"],"inLanguage":"es","potentialAction":[{"@type":"CommentAction","name":"Comment","target":["https:\/\/www.escapadarural.com\/blog\/coetur-2023-cierre-video-resumen\/#respond"]}]},{"@type":"WebPage","@id":"https:\/\/www.escapadarural.com\/blog\/coetur-2023-cierre-video-resumen\/","url":"https:\/\/www.escapadarural.com\/blog\/coetur-2023-cierre-video-resumen\/","name":"COETUR cierra su IX edici\u00f3n con gran \u00e9xito de asistencia - EscapadaRural","isPartOf":{"@id":"https:\/\/www.escapadarural.com\/blog\/#website"},"primaryImageOfPage":{"@id":"https:\/\/www.escapadarural.com\/blog\/coetur-2023-cierre-video-resumen\/#primaryimage"},"image":{"@id":"https:\/\/www.escapadarural.com\/blog\/coetur-2023-cierre-video-resumen\/#primaryimage"},"thumbnailUrl":"https:\/\/www.escapadarural.com\/blog\/wp-content\/uploads\/2024\/10\/01-2-1-1024x577-1.jpg","datePublished":"2023-05-18T09:19:25+00:00","dateModified":"2024-10-18T12:22:58+00:00","breadcrumb":{"@id":"https:\/\/www.escapadarural.com\/blog\/coetur-2023-cierre-video-resumen\/#breadcrumb"},"inLanguage":"es","potentialAction":[{"@type":"ReadAction","target":["https:\/\/www.escapadarural.com\/blog\/coetur-2023-cierre-video-resumen\/"]}]},{"@type":"ImageObject","inLanguage":"es","@id":"https:\/\/www.escapadarural.com\/blog\/coetur-2023-cierre-video-resumen\/#primaryimage","url":"https:\/\/www.escapadarural.com\/blog\/wp-content\/uploads\/2024\/10\/01-2-1-1024x577-1.jpg","contentUrl":"https:\/\/www.escapadarural.com\/blog\/wp-content\/uploads\/2024\/10\/01-2-1-1024x577-1.jpg","width":1024,"height":577,"caption":"Un gran grupo de personas se sienta en filas de sillas rojas en un auditorio con paredes naranjas, observando atentamente un acto o una presentaci\u00f3n. Algunos asistentes est\u00e1n tomando notas."},{"@type":"BreadcrumbList","@id":"https:\/\/www.escapadarural.com\/blog\/coetur-2023-cierre-video-resumen\/#breadcrumb","itemListElement":[{"@type":"ListItem","position":1,"name":"Inicio","item":"https:\/\/www.escapadarural.com\/blog\/"},{"@type":"ListItem","position":2,"name":"Coetur","item":"https:\/\/www.escapadarural.com\/blog\/categoria\/coetur\/"},{"@type":"ListItem","position":3,"name":"COETUR cierra su IX edici\u00f3n con gran \u00e9xito de asistencia"}]},{"@type":"WebSite","@id":"https:\/\/www.escapadarural.com\/blog\/#website","url":"https:\/\/www.escapadarural.com\/blog\/","name":"Blog de viajes | turismo rural, alojamientos e inspiraci\u00f3n","description":"Alojamientos rurales e inspiraci\u00f3n para tus escapadas","publisher":{"@id":"https:\/\/www.escapadarural.com\/blog\/#organization"},"alternateName":"Magazine de viajes de EscapadaRural","potentialAction":[{"@type":"SearchAction","target":{"@type":"EntryPoint","urlTemplate":"https:\/\/www.escapadarural.com\/blog\/?s={search_term_string}"},"query-input":{"@type":"PropertyValueSpecification","valueRequired":true,"valueName":"search_term_string"}}],"inLanguage":"es"},{"@type":"Organization","@id":"https:\/\/www.escapadarural.com\/blog\/#organization","name":"EscapadaRural","url":"https:\/\/www.escapadarural.com\/blog\/","logo":{"@type":"ImageObject","inLanguage":"es","@id":"https:\/\/www.escapadarural.com\/blog\/#\/schema\/logo\/image\/","url":"https:\/\/www.escapadarural.com\/blog\/wp-content\/uploads\/2024\/10\/cropped-cropped-escapada-rural-icon-mag-3.png","contentUrl":"https:\/\/www.escapadarural.com\/blog\/wp-content\/uploads\/2024\/10\/cropped-cropped-escapada-rural-icon-mag-3.png","width":512,"height":512,"caption":"EscapadaRural"},"image":{"@id":"https:\/\/www.escapadarural.com\/blog\/#\/schema\/logo\/image\/"},"sameAs":["https:\/\/www.facebook.com\/escapadarural","https:\/\/www.instagram.com\/escapadarural\/","https:\/\/www.youtube.com\/@escapadaruralcom"]},{"@type":"Person","@id":"https:\/\/www.escapadarural.com\/blog\/#\/schema\/person\/25786969bae765c9b5eadf92da1dcffd","name":"Judith Monmany","image":{"@type":"ImageObject","inLanguage":"es","@id":"https:\/\/secure.gravatar.com\/avatar\/1754df140325b983610fbba984e4f092ec9249b645010699d0749b7a1ade7c37?s=96&d=mm&r=g","url":"https:\/\/secure.gravatar.com\/avatar\/1754df140325b983610fbba984e4f092ec9249b645010699d0749b7a1ade7c37?s=96&d=mm&r=g","contentUrl":"https:\/\/secure.gravatar.com\/avatar\/1754df140325b983610fbba984e4f092ec9249b645010699d0749b7a1ade7c37?s=96&d=mm&r=g","caption":"Judith Monmany"},"url":"https:\/\/www.escapadarural.com\/blog\/autor\/judith-monmany\/"}]}},"_links":{"self":[{"href":"https:\/\/www.escapadarural.com\/blog\/wp-json\/wp\/v2\/posts\/62389","targetHints":{"allow":["GET"]}}],"collection":[{"href":"https:\/\/www.escapadarural.com\/blog\/wp-json\/wp\/v2\/posts"}],"about":[{"href":"https:\/\/www.escapadarural.com\/blog\/wp-json\/wp\/v2\/types\/post"}],"author":[{"embeddable":true,"href":"https:\/\/www.escapadarural.com\/blog\/wp-json\/wp\/v2\/users\/144"}],"replies":[{"embeddable":true,"href":"https:\/\/www.escapadarural.com\/blog\/wp-json\/wp\/v2\/comments?post=62389"}],"version-history":[{"count":0,"href":"https:\/\/www.escapadarural.com\/blog\/wp-json\/wp\/v2\/posts\/62389\/revisions"}],"wp:featuredmedia":[{"embeddable":true,"href":"https:\/\/www.escapadarural.com\/blog\/wp-json\/wp\/v2\/media\/97851"}],"wp:attachment":[{"href":"https:\/\/www.escapadarural.com\/blog\/wp-json\/wp\/v2\/media?parent=62389"}],"wp:term":[{"taxonomy":"category","embeddable":true,"href":"https:\/\/www.escapadarural.com\/blog\/wp-json\/wp\/v2\/categories?post=62389"},{"taxonomy":"post_tag","embeddable":true,"href":"https:\/\/www.escapadarural.com\/blog\/wp-json\/wp\/v2\/tags?post=62389"}],"curies":[{"name":"wp","href":"https:\/\/api.w.org\/{rel}","templated":true}]}}