{"id":62628,"date":"2023-08-25T11:02:37","date_gmt":"2023-08-25T10:02:37","guid":{"rendered":"https:\/\/www.escapadarural.com\/blog\/?p=62628"},"modified":"2025-06-18T13:54:59","modified_gmt":"2025-06-18T11:54:59","slug":"ordenes-militares-de-la-peninsula-iberica","status":"publish","type":"post","link":"https:\/\/www.escapadarural.com\/blog\/ordenes-militares-de-la-peninsula-iberica\/","title":{"rendered":"Las \u00f3rdenes militares de la pen\u00ednsula ib\u00e9rica, m\u00e1s all\u00e1 de los templarios"},"content":{"rendered":"\n<figure class=\"wp-block-image size-large\"><a href=\"https:\/\/www.escapadarural.com\/blog\/wp-content\/uploads\/castillo-de-montesa-scaled.jpg\"><img decoding=\"async\" src=\"https:\/\/www.escapadarural.com\/blog\/wp-content\/uploads\/2024\/10\/castillo-de-montesa-1024x682-1.jpg\" alt=\"castillo de Montesa\" class=\"wp-image-65549\"\/><\/a><figcaption class=\"wp-element-caption\">Castillo de Montesa ocupado por la orden de Montesa. Por tamas<\/figcaption><\/figure>\n\n\n\n<p>Hay un lugar en <a href=\"\/casas-rurales\/ciudad-real\">Ciudad Real<\/a> y otro en <a href=\"\/casas-rurales\/caceres\">C\u00e1ceres<\/a>, que dieron nombre a dos importantes <strong>\u00f3rdenes militares medievales<\/strong> de la pen\u00ednsula ib\u00e9rica. \u00d3rdenes muy similares a los templarios o los hospitalarios. Tambi\u00e9n <a href=\"\/casas-rurales\/montesa\">Montesa<\/a>, en Valencia, tiene ese honor en su pasado, el de haber dado nombre a una orden. Hablamos de las \u00f3rdenes de monjes soldado de Alc\u00e1ntara, Calatrava, Santiago y Montesa. Fueron parte de nuestra historia durante siglos y dejaron su marca por gran parte de Espa\u00f1a en forma de castillos, nombres y recuerdos.<\/p>\n\n\n\n<p>Si hablamos de caballeros templarios, al momento pensamos en las Cruzadas, en la Edad Media y en esos monjes soldado con h\u00e1bitos, cruces y espadas. En sentido contrario tambi\u00e9n funciona la relaci\u00f3n. Si pensamos en monjes soldado, nos vienen a la cabeza las im\u00e1genes de los h\u00e1bitos blancos y de las cruces de los templarios. Pero adem\u00e1s de templarios hubo otras \u00f3rdenes similares, y algunas de ellas son propias de la pen\u00ednsula ib\u00e9rica.<\/p>\n\n\n\n<h2 class=\"wp-block-heading\" id=\"h-los-templarios-tuvieron-presencia-en-la-peninsula-iberica\">Los templarios tuvieron presencia en la pen\u00ednsula Ib\u00e9rica<\/h2>\n\n\n\n<figure class=\"wp-block-image size-large\"><a href=\"https:\/\/www.escapadarural.com\/blog\/wp-content\/uploads\/Castillo-medieval-de-Calatrava-la-Nueva-scaled.jpg\"><img decoding=\"async\" src=\"https:\/\/www.escapadarural.com\/blog\/wp-content\/uploads\/2024\/10\/Castillo-medieval-de-Calatrava-la-Nueva-1024x680-1.jpg\" alt=\"Iglesia del castillo de Calatrava la Nueva en Aldea del Rey, Ciudad Real.\" class=\"wp-image-65546\"\/><\/a><figcaption class=\"wp-element-caption\">Iglesia del castillo de Calatrava la Nueva en Aldea del Rey, Ciudad Real. Por luisfpizarro<\/figcaption><\/figure>\n\n\n\n<p>Los templarios nacieron unidos a Tierra Santa, en torno a la Primera Cruzada. Hablamos del a\u00f1o 1099, aunque la orden no existir\u00eda oficialmente como tal hasta unos a\u00f1os m\u00e1s tarde, en 1120. Su poder creci\u00f3 r\u00e1pidamente y tambi\u00e9n su presencia por Europa, aunque en gran medida, trabajando siempre con el <strong>foco puesto en sus acciones en Tierra Santa<\/strong>. L\u00f3gicamente, tambi\u00e9n estuvieron en la pen\u00ednsula.<\/p>\n\n\n\n<p>Son muchos los lugares ib\u00e9ricos que pertenecieron a los templarios, y varios reyes y condes los que tuvieron una estrecha relaci\u00f3n con ellos. En alg\u00fan caso, llegando a formar parte de la orden, como el conde de Barcelona Ram\u00f3n Berenguer III. Alfonso I de Arag\u00f3n, a su muerte en 1134, cedi\u00f3 todas sus posesiones a las \u00f3rdenes militares de los templarios, los hospitalarios, y del Santo Sepulcro de Jerusal\u00e9n.<\/p>\n\n\n\n<p>Hay un aspecto particular de la pen\u00ednsula que hizo la situaci\u00f3n fuera especial. Ese aspecto fue la Reconquista. Y, adem\u00e1s, este hecho favoreci\u00f3 la aparici\u00f3n de otras \u00f3rdenes, con un doble prop\u00f3sito. En un primer momento <strong>combatir contra los musulmanes, con esa visi\u00f3n doble de monje y soldado<\/strong>. Despu\u00e9s, sobre el territorio conquistado, las \u00f3rdenes militares se implantaban como fuerza fronteriza de protecci\u00f3n.<\/p>\n\n\n\n<h2 class=\"wp-block-heading\" id=\"h-hay-18-localidades-en-ciudad-real-que-lleva-calatrava-en-su-nombre\">Hay 18 localidades en Ciudad Real que lleva Calatrava en su nombre<\/h2>\n\n\n\n<figure class=\"wp-block-image size-large\"><a href=\"https:\/\/www.escapadarural.com\/blog\/wp-content\/uploads\/castillo-calatrava-scaled.jpg\"><img decoding=\"async\" src=\"https:\/\/www.escapadarural.com\/blog\/wp-content\/uploads\/2024\/10\/castillo-calatrava-1024x682-1.jpg\" alt=\"Castillo de Calatrava\" class=\"wp-image-65533\"\/><\/a><figcaption class=\"wp-element-caption\">Castillo de Calatrava. Por KarSol<\/figcaption><\/figure>\n\n\n\n<p>Una de esas \u00f3rdenes ib\u00e9ricas fue la orden de Calatrava, formada en la segunda mitad del siglo XII. Su origen est\u00e1 unido al rey Sancho III de Castilla, cuando <strong>ofreci\u00f3 el enclave de Calatrava<\/strong> a cualquiera que se comprometiera a defenderlo. El lugar forma parte en la actualidad de Carri\u00f3n de Calatrava, en la provincia de Ciudad Real.<\/p>\n\n\n\n<p><a href=\"\/casas-rurales\/campo-de-calatrava\">Calatrava<\/a> fue un lugar fronterizo durante mucho tiempo y cuando fue reconquistada y puesta en las manos de Alfonso VIII de Le\u00f3n, este la <strong>cedi\u00f3 a los templarios<\/strong>. Parece que estos no fueron capaces de gestionar bien su defensa y en 1158, como dec\u00edamos, Sancho III de Castilla ofreci\u00f3 el lugar a quien lo defendiera. El abad cisterciense de Fitero, en Navarra, reuni\u00f3 un ej\u00e9rcito considerable y se asent\u00f3 all\u00ed con \u00e9xito. Algunos de los caballeros que actuaban bajo el mando del abad decidieron seguir el ejemplo templario y formar una orden religiosa. Su misi\u00f3n ser\u00eda repetir lo que hab\u00edan hecho en Calatrava, conquistar y defender lugares para la cristiandad.<\/p>\n\n\n\n<figure class=\"wp-block-image size-large\"><a href=\"https:\/\/www.escapadarural.com\/blog\/wp-content\/uploads\/castillo-de-salvatierra-scaled.jpg\"><img decoding=\"async\" src=\"https:\/\/www.escapadarural.com\/blog\/wp-content\/uploads\/2024\/10\/castillo-de-salvatierra-1024x683-1.jpg\" alt=\"Castillo de Salvatierra\n\" class=\"wp-image-65531\"\/><\/a><figcaption class=\"wp-element-caption\">Castillo de Salvatierra. Por mtrommer<\/figcaption><\/figure>\n\n\n\n<p>La orden de Calatrava adopt\u00f3 el color blanco del C\u00edster para su h\u00e1bito, a\u00f1adiendo al mismo la<strong> cruz de Calatrava como emblema<\/strong> de la orden. Asum\u00edan su papel de guerreros, pero tambi\u00e9n se reg\u00edan por la vida mon\u00e1stica y hac\u00edan votos de pobreza obediencia y castidad. Su importancia en la zona la podemos medir por la presencia de la palabra Calatrava en los nombres de los pueblos actuales. S\u00f3lo en Ciudad Real <strong>hay 18 pueblos con ese apellido<\/strong>. Sitios como Bola\u00f1os de Calatrava, Moral de Calatrava o Argamasilla de Calatrava.<\/p>\n\n\n\n<p>Durante un tiempo, a la orden de Calatrava se la denomin\u00f3 popularmente la orden de Salvatierra, cuando algunos caballeros calatravos <strong>tomaron el castillo de Salvatierra<\/strong>, en lo que hoy es Calzada de Calatrava.<\/p>\n\n\n\n<h2 class=\"wp-block-heading\" id=\"h-la-cruz-de-santiago-es-un-simbolo-vivo\">La cruz de Santiago es un s\u00edmbolo vivo<\/h2>\n\n\n\n<figure class=\"wp-block-image size-large\"><a href=\"https:\/\/www.escapadarural.com\/blog\/wp-content\/uploads\/santiago-de-compostela-scaled.jpg\"><img decoding=\"async\" src=\"https:\/\/www.escapadarural.com\/blog\/wp-content\/uploads\/2024\/10\/santiago-de-compostela-1024x683-1.jpg\" alt=\"Cruz de Santiago en Santiago de Compostela\" class=\"wp-image-65536\"\/><\/a><figcaption class=\"wp-element-caption\">Cruz de Santiago en Santiago de Compostela. Por joan_bautista<\/figcaption><\/figure>\n\n\n\n<p>Estas \u00f3rdenes de monjes soldado o monjes guerreros se organizaban jer\u00e1rquicamente. Cada lugar o encomienda ten\u00eda un comendador al mando, y estos ten\u00edan por encima a un comendador regional, por decirlo de alguna forma. Es decir, hab\u00eda un <strong>comendador mayor de Castilla o de Arag\u00f3n<\/strong>, y sobre todos ellos mandaba el maestre de la orden.<\/p>\n\n\n\n<p>La orden de Santiago es otra de las propiamente ib\u00e9ricas. Con origen oficial en el siglo XII, aunque su historia viene de m\u00e1s atr\u00e1s, es una de las m\u00e1s conocidas por su cruz, muy presente en la historia de Espa\u00f1a y que todav\u00eda hoy podemos encontrar en Santiago de Compostela (incluso en la tarta de Santiago). <\/p>\n\n\n\n<p>De nuevo, la toma de un lugar durante la Reconquista, en este caso C\u00e1ceres, fuerza su creaci\u00f3n para proteger y asentar las nuevas posesiones.<\/p>\n\n\n\n<figure class=\"wp-block-image size-large\"><a href=\"https:\/\/www.escapadarural.com\/blog\/wp-content\/uploads\/escudo-de-la-orden-de-santiago-scaled.jpg\"><img decoding=\"async\" src=\"https:\/\/www.escapadarural.com\/blog\/wp-content\/uploads\/2024\/10\/escudo-de-la-orden-de-santiago-1024x768-1.jpg\" alt=\"escudo de la orden de santiago\" class=\"wp-image-65535\"\/><\/a><figcaption class=\"wp-element-caption\">Escudo de la Orden de Santiago. Por franciscojose<\/figcaption><\/figure>\n\n\n\n<p>En su parte militar, los caballeros de Santiago estuvieron en la batalla de Alarcos, como los de Calatrava, y en Las Navas de Tolosa, tambi\u00e9n acompa\u00f1ados por otras \u00f3rdenes. Adem\u00e1s, gran parte de las <strong>conquistas cristianas en Andaluc\u00eda<\/strong>, como Jerez, \u00dabeda o incluso Granada, contaron con santiaguistas entre sus filas.<\/p>\n\n\n\n<h2 class=\"wp-block-heading\" id=\"h-estas-ordenes-siguen-existiendo-aunque-sin-ser-monjes-ni-soldados\">Estas \u00f3rdenes siguen existiendo, aunque sin ser monjes ni soldados<\/h2>\n\n\n\n<figure class=\"wp-block-image size-large\"><a href=\"https:\/\/www.escapadarural.com\/blog\/wp-content\/uploads\/1920px-Galeria_de_Carlos_V.jpg\"><img decoding=\"async\" src=\"https:\/\/www.escapadarural.com\/blog\/wp-content\/uploads\/2024\/10\/1920px-Galeria_de_Carlos_V-1024x576-1.jpg\" alt=\"Convento de San Benito\" class=\"wp-image-65539\"\/><\/a><figcaption class=\"wp-element-caption\">San Benito. Presenta escudos de la Orden Militar de Alc\u00e1ntara. Por <a href=\"https:\/\/es.wikipedia.org\/wiki\/Convento_de_San_Benito_(Alc%C3%A1ntara)#\/media\/Archivo:Galer%C3%ADa_de_Carlos_V.jpg\" target=\"_blank\" rel=\"noreferrer noopener nofollow\">Jos\u00e9 Luis Filpo Cabana<\/a><\/figcaption><\/figure>\n\n\n\n<p>Otra orden importante fue la de Alc\u00e1ntara, creada en el reino de Le\u00f3n con el nombre original de orden de San Juli\u00e1n de Pereiro. Cuando en 1212 el rey Alfonso IX de Le\u00f3n captur\u00f3 <a href=\"\/casas-rurales\/alcantara\">Alc\u00e1ntara<\/a>, en C\u00e1ceres, encomend\u00f3 a la orden de Calatrava su custodia. Unos a\u00f1os m\u00e1s tarde, en 1218, Calatrava cedi\u00f3 su posici\u00f3n en Alc\u00e1ntara a los monjes de San Juli\u00e1n de Pereiro. El <strong>lugar fue tan importante para la orden leonesa<\/strong> que cambi\u00f3 su nombre, y as\u00ed naci\u00f3 la orden de Alc\u00e1ntara. L\u00f3gicamente, muy ligada a la orden de Calatrava.<\/p>\n\n\n\n<p>Los caballeros de Alc\u00e1ntara sirvieron a los intereses de los reyes cristianos en su camino hacia el sur, en lugares como Portillo, Mont\u00e1nchez, Almeida o Medell\u00edn. Si bien <strong>en la actualidad la cruz de Alc\u00e1ntara es como la de Calatrava<\/strong>, sin m\u00e1s, en su origen no era as\u00ed. Dado que la orden surg\u00eda de la relaci\u00f3n de las \u00f3rdenes de Calatrava y San Juli\u00e1n de Pereiro, su blas\u00f3n ten\u00eda ambos s\u00edmbolos. La cruz que ya conocemos, y un peral silvestre con las ra\u00edces descubiertas y sin hojas.<\/p>\n\n\n\n<p>En el este de la pen\u00ednsula tenemos a la orden de Montesa, nacida como consecuencia de la disoluci\u00f3n de la orden del Temple. La condena del papa Clemente V obligaba a que las <strong>posesiones de los templarios <\/strong>pasaran a los hospitalarios, pero el rey aragon\u00e9s Jaime II se neg\u00f3 a hacerlo as\u00ed en su totalidad. Forz\u00f3 la creaci\u00f3n de una nueva orden en la zona de Valencia, a la que fueran a parar todas las posesiones templarias. <\/p>\n\n\n\n<figure class=\"wp-block-image size-large\"><img decoding=\"async\" src=\"https:\/\/www.escapadarural.com\/blog\/wp-content\/uploads\/2024\/10\/1440px-Castell_de_Montesa_03-1024x768-1.jpg\" alt=\"castillo de Montesa\" class=\"wp-image-65540\"\/><figcaption class=\"wp-element-caption\">Ruinas del castillo de Montesa, que fue la sede de la Orden hasta el siglo XVIII. Por <a href=\"https:\/\/es.wikipedia.org\/wiki\/Orden_de_Montesa#\/media\/Archivo:Castell_de_Montesa_03.JPG\" target=\"_blank\" rel=\"noreferrer noopener nofollow\">Millars<\/a><\/figcaption><\/figure>\n\n\n\n<p>As\u00ed naci\u00f3 en 1319 la orden de Montesa, tomando el nombre del castillo y la villa valenciana que les hab\u00eda cedido el rey para establecer su encomienda principal. En su inicio se nutri\u00f3 de monjes del Temple y de Calatrava, con la que ten\u00eda una relaci\u00f3n muy estrecha. Sus principales cometidos fueron <strong>controlar a la poblaci\u00f3n mud\u00e9jar de Valencia<\/strong> y proteger la costa levantina de los ataques de los piratas berberiscos.<\/p>\n\n\n\n<p>En la actualidad estas \u00f3rdenes siguen en activo, aunque con un formato y unos cometidos muy distintos a los originales. Se organizan bajo el Real Consejo de las \u00d3rdenes de Caballer\u00eda de Santiago, Calatrava, Alc\u00e1ntara y Montesa, que <strong>tiene a el rey Felipe VI como gran maestre<\/strong>.<\/p>\n","protected":false},"excerpt":{"rendered":"<p>Alc\u00e1ntara, Calatrava, Santiago y Montesa fueron importantes \u00f3rdenes militares medievales m\u00e1s all\u00e1 de los templarios. Recorremos las tierras, su historia y patrimonio<\/p>\n","protected":false},"author":149,"featured_media":96378,"comment_status":"open","ping_status":"open","sticky":false,"template":"","format":"standard","meta":{"_acf_changed":false,"om_disable_all_campaigns":false,"footnotes":""},"categories":[231],"tags":[5292,5293,476,218,440,5294,3557,610],"class_list":["post-62628","post","type-post","status-publish","format-standard","has-post-thumbnail","hentry","category-arte-y-cultura","tag-alcantara","tag-caltrava","tag-edad-media","tag-historia","tag-historias-y-curiosidades","tag-montesa","tag-santiago","tag-templarios"],"acf":[],"featured_image_src":"https:\/\/www.escapadarural.com\/blog\/wp-content\/uploads\/2024\/10\/castillo-de-montesa-1024x682-1.jpg","author_info":{"display_name":"Manuel Jes\u00fas Prieto","author_link":"https:\/\/www.escapadarural.com\/blog\/autor\/manuel\/"},"yoast_head":"<!-- This site is optimized with the Yoast SEO plugin v27.5 - https:\/\/yoast.com\/product\/yoast-seo-wordpress\/ -->\n<title>Las \u00f3rdenes militares de la pen\u00ednsula ib\u00e9rica, m\u00e1s all\u00e1 de los templarios - EscapadaRural<\/title>\n<meta name=\"robots\" content=\"index, follow, max-snippet:-1, max-image-preview:large, max-video-preview:-1\" \/>\n<link rel=\"canonical\" href=\"https:\/\/www.escapadarural.com\/blog\/ordenes-militares-de-la-peninsula-iberica\/\" \/>\n<meta property=\"og:locale\" content=\"es_ES\" \/>\n<meta property=\"og:type\" content=\"article\" \/>\n<meta property=\"og:title\" content=\"Las \u00f3rdenes militares de la pen\u00ednsula ib\u00e9rica, m\u00e1s all\u00e1 de los templarios - EscapadaRural\" \/>\n<meta property=\"og:description\" content=\"Alc\u00e1ntara, Calatrava, Santiago y Montesa fueron importantes \u00f3rdenes militares medievales m\u00e1s all\u00e1 de los templarios. Recorremos las tierras, su historia y patrimonio\" \/>\n<meta property=\"og:url\" content=\"https:\/\/www.escapadarural.com\/blog\/ordenes-militares-de-la-peninsula-iberica\/\" \/>\n<meta property=\"og:site_name\" content=\"Magazine de viajes de EscapadaRural\" \/>\n<meta property=\"article:publisher\" content=\"https:\/\/www.facebook.com\/escapadarural\" \/>\n<meta property=\"article:published_time\" content=\"2023-08-25T10:02:37+00:00\" \/>\n<meta property=\"article:modified_time\" content=\"2025-06-18T11:54:59+00:00\" \/>\n<meta property=\"og:image\" content=\"https:\/\/www.escapadarural.com\/blog\/wp-content\/uploads\/2024\/10\/castillo-de-montesa-1024x682-1.jpg\" \/>\n\t<meta property=\"og:image:width\" content=\"1024\" \/>\n\t<meta property=\"og:image:height\" content=\"682\" \/>\n\t<meta property=\"og:image:type\" content=\"image\/jpeg\" \/>\n<meta name=\"author\" content=\"Manuel Jes\u00fas Prieto\" \/>\n<meta name=\"twitter:card\" content=\"summary_large_image\" \/>\n<meta name=\"twitter:label1\" content=\"Escrito por\" \/>\n\t<meta name=\"twitter:data1\" content=\"Manuel Jes\u00fas Prieto\" \/>\n\t<meta name=\"twitter:label2\" content=\"Tiempo de lectura\" \/>\n\t<meta name=\"twitter:data2\" content=\"7 minutos\" \/>\n<script type=\"application\/ld+json\" class=\"yoast-schema-graph\">{\"@context\":\"https:\\\/\\\/schema.org\",\"@graph\":[{\"@type\":\"Article\",\"@id\":\"https:\\\/\\\/www.escapadarural.com\\\/blog\\\/ordenes-militares-de-la-peninsula-iberica\\\/#article\",\"isPartOf\":{\"@id\":\"https:\\\/\\\/www.escapadarural.com\\\/blog\\\/ordenes-militares-de-la-peninsula-iberica\\\/\"},\"author\":{\"name\":\"Manuel Jes\u00fas Prieto\",\"@id\":\"https:\\\/\\\/www.escapadarural.com\\\/blog\\\/#\\\/schema\\\/person\\\/4065dfd21d15120c54fb2ac942df5353\"},\"headline\":\"Las \u00f3rdenes militares de la pen\u00ednsula ib\u00e9rica, m\u00e1s all\u00e1 de los templarios\",\"datePublished\":\"2023-08-25T10:02:37+00:00\",\"dateModified\":\"2025-06-18T11:54:59+00:00\",\"mainEntityOfPage\":{\"@id\":\"https:\\\/\\\/www.escapadarural.com\\\/blog\\\/ordenes-militares-de-la-peninsula-iberica\\\/\"},\"wordCount\":1449,\"commentCount\":0,\"publisher\":{\"@id\":\"https:\\\/\\\/www.escapadarural.com\\\/blog\\\/#organization\"},\"image\":{\"@id\":\"https:\\\/\\\/www.escapadarural.com\\\/blog\\\/ordenes-militares-de-la-peninsula-iberica\\\/#primaryimage\"},\"thumbnailUrl\":\"https:\\\/\\\/www.escapadarural.com\\\/blog\\\/wp-content\\\/uploads\\\/2024\\\/10\\\/castillo-de-montesa-1024x682-1.jpg\",\"keywords\":[\"Alc\u00e1ntara\",\"Caltrava\",\"Edad Media\",\"Historia\",\"Historias y Curiosidades\",\"Montesa\",\"Santiago\",\"Templarios\"],\"articleSection\":[\"Arte y Cultura\"],\"inLanguage\":\"es\",\"potentialAction\":[{\"@type\":\"CommentAction\",\"name\":\"Comment\",\"target\":[\"https:\\\/\\\/www.escapadarural.com\\\/blog\\\/ordenes-militares-de-la-peninsula-iberica\\\/#respond\"]}]},{\"@type\":\"WebPage\",\"@id\":\"https:\\\/\\\/www.escapadarural.com\\\/blog\\\/ordenes-militares-de-la-peninsula-iberica\\\/\",\"url\":\"https:\\\/\\\/www.escapadarural.com\\\/blog\\\/ordenes-militares-de-la-peninsula-iberica\\\/\",\"name\":\"Las \u00f3rdenes militares de la pen\u00ednsula ib\u00e9rica, m\u00e1s all\u00e1 de los templarios - EscapadaRural\",\"isPartOf\":{\"@id\":\"https:\\\/\\\/www.escapadarural.com\\\/blog\\\/#website\"},\"primaryImageOfPage\":{\"@id\":\"https:\\\/\\\/www.escapadarural.com\\\/blog\\\/ordenes-militares-de-la-peninsula-iberica\\\/#primaryimage\"},\"image\":{\"@id\":\"https:\\\/\\\/www.escapadarural.com\\\/blog\\\/ordenes-militares-de-la-peninsula-iberica\\\/#primaryimage\"},\"thumbnailUrl\":\"https:\\\/\\\/www.escapadarural.com\\\/blog\\\/wp-content\\\/uploads\\\/2024\\\/10\\\/castillo-de-montesa-1024x682-1.jpg\",\"datePublished\":\"2023-08-25T10:02:37+00:00\",\"dateModified\":\"2025-06-18T11:54:59+00:00\",\"breadcrumb\":{\"@id\":\"https:\\\/\\\/www.escapadarural.com\\\/blog\\\/ordenes-militares-de-la-peninsula-iberica\\\/#breadcrumb\"},\"inLanguage\":\"es\",\"potentialAction\":[{\"@type\":\"ReadAction\",\"target\":[\"https:\\\/\\\/www.escapadarural.com\\\/blog\\\/ordenes-militares-de-la-peninsula-iberica\\\/\"]}]},{\"@type\":\"ImageObject\",\"inLanguage\":\"es\",\"@id\":\"https:\\\/\\\/www.escapadarural.com\\\/blog\\\/ordenes-militares-de-la-peninsula-iberica\\\/#primaryimage\",\"url\":\"https:\\\/\\\/www.escapadarural.com\\\/blog\\\/wp-content\\\/uploads\\\/2024\\\/10\\\/castillo-de-montesa-1024x682-1.jpg\",\"contentUrl\":\"https:\\\/\\\/www.escapadarural.com\\\/blog\\\/wp-content\\\/uploads\\\/2024\\\/10\\\/castillo-de-montesa-1024x682-1.jpg\",\"width\":1024,\"height\":682,\"caption\":\"Vista a\u00e9rea de las ruinas de un antiguo castillo de piedra en lo alto de una colina, rodeado de verde vegetaci\u00f3n -un lugar ideal para el turismo rural- con vistas a un amplio valle con monta\u00f1as a lo lejos bajo un cielo azul parcialmente nublado.\"},{\"@type\":\"BreadcrumbList\",\"@id\":\"https:\\\/\\\/www.escapadarural.com\\\/blog\\\/ordenes-militares-de-la-peninsula-iberica\\\/#breadcrumb\",\"itemListElement\":[{\"@type\":\"ListItem\",\"position\":1,\"name\":\"Inicio\",\"item\":\"https:\\\/\\\/www.escapadarural.com\\\/blog\\\/\"},{\"@type\":\"ListItem\",\"position\":2,\"name\":\"Arte y Cultura\",\"item\":\"https:\\\/\\\/www.escapadarural.com\\\/blog\\\/categoria\\\/arte-y-cultura\\\/\"},{\"@type\":\"ListItem\",\"position\":3,\"name\":\"Las \u00f3rdenes militares de la pen\u00ednsula ib\u00e9rica, m\u00e1s all\u00e1 de los templarios\"}]},{\"@type\":\"WebSite\",\"@id\":\"https:\\\/\\\/www.escapadarural.com\\\/blog\\\/#website\",\"url\":\"https:\\\/\\\/www.escapadarural.com\\\/blog\\\/\",\"name\":\"Blog de viajes | turismo rural, alojamientos e inspiraci\u00f3n\",\"description\":\"Alojamientos rurales e inspiraci\u00f3n para tus escapadas\",\"publisher\":{\"@id\":\"https:\\\/\\\/www.escapadarural.com\\\/blog\\\/#organization\"},\"alternateName\":\"Magazine de viajes de EscapadaRural\",\"potentialAction\":[{\"@type\":\"SearchAction\",\"target\":{\"@type\":\"EntryPoint\",\"urlTemplate\":\"https:\\\/\\\/www.escapadarural.com\\\/blog\\\/?s={search_term_string}\"},\"query-input\":{\"@type\":\"PropertyValueSpecification\",\"valueRequired\":true,\"valueName\":\"search_term_string\"}}],\"inLanguage\":\"es\"},{\"@type\":\"Organization\",\"@id\":\"https:\\\/\\\/www.escapadarural.com\\\/blog\\\/#organization\",\"name\":\"EscapadaRural\",\"url\":\"https:\\\/\\\/www.escapadarural.com\\\/blog\\\/\",\"logo\":{\"@type\":\"ImageObject\",\"inLanguage\":\"es\",\"@id\":\"https:\\\/\\\/www.escapadarural.com\\\/blog\\\/#\\\/schema\\\/logo\\\/image\\\/\",\"url\":\"https:\\\/\\\/www.escapadarural.com\\\/blog\\\/wp-content\\\/uploads\\\/2024\\\/10\\\/cropped-cropped-escapada-rural-icon-mag-3.png\",\"contentUrl\":\"https:\\\/\\\/www.escapadarural.com\\\/blog\\\/wp-content\\\/uploads\\\/2024\\\/10\\\/cropped-cropped-escapada-rural-icon-mag-3.png\",\"width\":512,\"height\":512,\"caption\":\"EscapadaRural\"},\"image\":{\"@id\":\"https:\\\/\\\/www.escapadarural.com\\\/blog\\\/#\\\/schema\\\/logo\\\/image\\\/\"},\"sameAs\":[\"https:\\\/\\\/www.facebook.com\\\/escapadarural\",\"https:\\\/\\\/www.instagram.com\\\/escapadarural\\\/\",\"https:\\\/\\\/www.youtube.com\\\/@escapadaruralcom\"]},{\"@type\":\"Person\",\"@id\":\"https:\\\/\\\/www.escapadarural.com\\\/blog\\\/#\\\/schema\\\/person\\\/4065dfd21d15120c54fb2ac942df5353\",\"name\":\"Manuel Jes\u00fas Prieto\",\"image\":{\"@type\":\"ImageObject\",\"inLanguage\":\"es\",\"@id\":\"https:\\\/\\\/secure.gravatar.com\\\/avatar\\\/37b0a60089415adf7fccf5a36cbba1736d8f005f236f1e2dde1c27f78214b0f9?s=96&d=mm&r=g\",\"url\":\"https:\\\/\\\/secure.gravatar.com\\\/avatar\\\/37b0a60089415adf7fccf5a36cbba1736d8f005f236f1e2dde1c27f78214b0f9?s=96&d=mm&r=g\",\"contentUrl\":\"https:\\\/\\\/secure.gravatar.com\\\/avatar\\\/37b0a60089415adf7fccf5a36cbba1736d8f005f236f1e2dde1c27f78214b0f9?s=96&d=mm&r=g\",\"caption\":\"Manuel Jes\u00fas Prieto\"},\"url\":\"https:\\\/\\\/www.escapadarural.com\\\/blog\\\/autor\\\/manuel\\\/\"}]}<\/script>\n<!-- \/ Yoast SEO plugin. -->","yoast_head_json":{"title":"Las \u00f3rdenes militares de la pen\u00ednsula ib\u00e9rica, m\u00e1s all\u00e1 de los templarios - EscapadaRural","robots":{"index":"index","follow":"follow","max-snippet":"max-snippet:-1","max-image-preview":"max-image-preview:large","max-video-preview":"max-video-preview:-1"},"canonical":"https:\/\/www.escapadarural.com\/blog\/ordenes-militares-de-la-peninsula-iberica\/","og_locale":"es_ES","og_type":"article","og_title":"Las \u00f3rdenes militares de la pen\u00ednsula ib\u00e9rica, m\u00e1s all\u00e1 de los templarios - EscapadaRural","og_description":"Alc\u00e1ntara, Calatrava, Santiago y Montesa fueron importantes \u00f3rdenes militares medievales m\u00e1s all\u00e1 de los templarios. Recorremos las tierras, su historia y patrimonio","og_url":"https:\/\/www.escapadarural.com\/blog\/ordenes-militares-de-la-peninsula-iberica\/","og_site_name":"Magazine de viajes de EscapadaRural","article_publisher":"https:\/\/www.facebook.com\/escapadarural","article_published_time":"2023-08-25T10:02:37+00:00","article_modified_time":"2025-06-18T11:54:59+00:00","og_image":[{"width":1024,"height":682,"url":"https:\/\/www.escapadarural.com\/blog\/wp-content\/uploads\/2024\/10\/castillo-de-montesa-1024x682-1.jpg","type":"image\/jpeg"}],"author":"Manuel Jes\u00fas Prieto","twitter_card":"summary_large_image","twitter_misc":{"Escrito por":"Manuel Jes\u00fas Prieto","Tiempo de lectura":"7 minutos"},"schema":{"@context":"https:\/\/schema.org","@graph":[{"@type":"Article","@id":"https:\/\/www.escapadarural.com\/blog\/ordenes-militares-de-la-peninsula-iberica\/#article","isPartOf":{"@id":"https:\/\/www.escapadarural.com\/blog\/ordenes-militares-de-la-peninsula-iberica\/"},"author":{"name":"Manuel Jes\u00fas Prieto","@id":"https:\/\/www.escapadarural.com\/blog\/#\/schema\/person\/4065dfd21d15120c54fb2ac942df5353"},"headline":"Las \u00f3rdenes militares de la pen\u00ednsula ib\u00e9rica, m\u00e1s all\u00e1 de los templarios","datePublished":"2023-08-25T10:02:37+00:00","dateModified":"2025-06-18T11:54:59+00:00","mainEntityOfPage":{"@id":"https:\/\/www.escapadarural.com\/blog\/ordenes-militares-de-la-peninsula-iberica\/"},"wordCount":1449,"commentCount":0,"publisher":{"@id":"https:\/\/www.escapadarural.com\/blog\/#organization"},"image":{"@id":"https:\/\/www.escapadarural.com\/blog\/ordenes-militares-de-la-peninsula-iberica\/#primaryimage"},"thumbnailUrl":"https:\/\/www.escapadarural.com\/blog\/wp-content\/uploads\/2024\/10\/castillo-de-montesa-1024x682-1.jpg","keywords":["Alc\u00e1ntara","Caltrava","Edad Media","Historia","Historias y Curiosidades","Montesa","Santiago","Templarios"],"articleSection":["Arte y Cultura"],"inLanguage":"es","potentialAction":[{"@type":"CommentAction","name":"Comment","target":["https:\/\/www.escapadarural.com\/blog\/ordenes-militares-de-la-peninsula-iberica\/#respond"]}]},{"@type":"WebPage","@id":"https:\/\/www.escapadarural.com\/blog\/ordenes-militares-de-la-peninsula-iberica\/","url":"https:\/\/www.escapadarural.com\/blog\/ordenes-militares-de-la-peninsula-iberica\/","name":"Las \u00f3rdenes militares de la pen\u00ednsula ib\u00e9rica, m\u00e1s all\u00e1 de los templarios - EscapadaRural","isPartOf":{"@id":"https:\/\/www.escapadarural.com\/blog\/#website"},"primaryImageOfPage":{"@id":"https:\/\/www.escapadarural.com\/blog\/ordenes-militares-de-la-peninsula-iberica\/#primaryimage"},"image":{"@id":"https:\/\/www.escapadarural.com\/blog\/ordenes-militares-de-la-peninsula-iberica\/#primaryimage"},"thumbnailUrl":"https:\/\/www.escapadarural.com\/blog\/wp-content\/uploads\/2024\/10\/castillo-de-montesa-1024x682-1.jpg","datePublished":"2023-08-25T10:02:37+00:00","dateModified":"2025-06-18T11:54:59+00:00","breadcrumb":{"@id":"https:\/\/www.escapadarural.com\/blog\/ordenes-militares-de-la-peninsula-iberica\/#breadcrumb"},"inLanguage":"es","potentialAction":[{"@type":"ReadAction","target":["https:\/\/www.escapadarural.com\/blog\/ordenes-militares-de-la-peninsula-iberica\/"]}]},{"@type":"ImageObject","inLanguage":"es","@id":"https:\/\/www.escapadarural.com\/blog\/ordenes-militares-de-la-peninsula-iberica\/#primaryimage","url":"https:\/\/www.escapadarural.com\/blog\/wp-content\/uploads\/2024\/10\/castillo-de-montesa-1024x682-1.jpg","contentUrl":"https:\/\/www.escapadarural.com\/blog\/wp-content\/uploads\/2024\/10\/castillo-de-montesa-1024x682-1.jpg","width":1024,"height":682,"caption":"Vista a\u00e9rea de las ruinas de un antiguo castillo de piedra en lo alto de una colina, rodeado de verde vegetaci\u00f3n -un lugar ideal para el turismo rural- con vistas a un amplio valle con monta\u00f1as a lo lejos bajo un cielo azul parcialmente nublado."},{"@type":"BreadcrumbList","@id":"https:\/\/www.escapadarural.com\/blog\/ordenes-militares-de-la-peninsula-iberica\/#breadcrumb","itemListElement":[{"@type":"ListItem","position":1,"name":"Inicio","item":"https:\/\/www.escapadarural.com\/blog\/"},{"@type":"ListItem","position":2,"name":"Arte y Cultura","item":"https:\/\/www.escapadarural.com\/blog\/categoria\/arte-y-cultura\/"},{"@type":"ListItem","position":3,"name":"Las \u00f3rdenes militares de la pen\u00ednsula ib\u00e9rica, m\u00e1s all\u00e1 de los templarios"}]},{"@type":"WebSite","@id":"https:\/\/www.escapadarural.com\/blog\/#website","url":"https:\/\/www.escapadarural.com\/blog\/","name":"Blog de viajes | turismo rural, alojamientos e inspiraci\u00f3n","description":"Alojamientos rurales e inspiraci\u00f3n para tus escapadas","publisher":{"@id":"https:\/\/www.escapadarural.com\/blog\/#organization"},"alternateName":"Magazine de viajes de EscapadaRural","potentialAction":[{"@type":"SearchAction","target":{"@type":"EntryPoint","urlTemplate":"https:\/\/www.escapadarural.com\/blog\/?s={search_term_string}"},"query-input":{"@type":"PropertyValueSpecification","valueRequired":true,"valueName":"search_term_string"}}],"inLanguage":"es"},{"@type":"Organization","@id":"https:\/\/www.escapadarural.com\/blog\/#organization","name":"EscapadaRural","url":"https:\/\/www.escapadarural.com\/blog\/","logo":{"@type":"ImageObject","inLanguage":"es","@id":"https:\/\/www.escapadarural.com\/blog\/#\/schema\/logo\/image\/","url":"https:\/\/www.escapadarural.com\/blog\/wp-content\/uploads\/2024\/10\/cropped-cropped-escapada-rural-icon-mag-3.png","contentUrl":"https:\/\/www.escapadarural.com\/blog\/wp-content\/uploads\/2024\/10\/cropped-cropped-escapada-rural-icon-mag-3.png","width":512,"height":512,"caption":"EscapadaRural"},"image":{"@id":"https:\/\/www.escapadarural.com\/blog\/#\/schema\/logo\/image\/"},"sameAs":["https:\/\/www.facebook.com\/escapadarural","https:\/\/www.instagram.com\/escapadarural\/","https:\/\/www.youtube.com\/@escapadaruralcom"]},{"@type":"Person","@id":"https:\/\/www.escapadarural.com\/blog\/#\/schema\/person\/4065dfd21d15120c54fb2ac942df5353","name":"Manuel Jes\u00fas Prieto","image":{"@type":"ImageObject","inLanguage":"es","@id":"https:\/\/secure.gravatar.com\/avatar\/37b0a60089415adf7fccf5a36cbba1736d8f005f236f1e2dde1c27f78214b0f9?s=96&d=mm&r=g","url":"https:\/\/secure.gravatar.com\/avatar\/37b0a60089415adf7fccf5a36cbba1736d8f005f236f1e2dde1c27f78214b0f9?s=96&d=mm&r=g","contentUrl":"https:\/\/secure.gravatar.com\/avatar\/37b0a60089415adf7fccf5a36cbba1736d8f005f236f1e2dde1c27f78214b0f9?s=96&d=mm&r=g","caption":"Manuel Jes\u00fas Prieto"},"url":"https:\/\/www.escapadarural.com\/blog\/autor\/manuel\/"}]}},"_links":{"self":[{"href":"https:\/\/www.escapadarural.com\/blog\/wp-json\/wp\/v2\/posts\/62628","targetHints":{"allow":["GET"]}}],"collection":[{"href":"https:\/\/www.escapadarural.com\/blog\/wp-json\/wp\/v2\/posts"}],"about":[{"href":"https:\/\/www.escapadarural.com\/blog\/wp-json\/wp\/v2\/types\/post"}],"author":[{"embeddable":true,"href":"https:\/\/www.escapadarural.com\/blog\/wp-json\/wp\/v2\/users\/149"}],"replies":[{"embeddable":true,"href":"https:\/\/www.escapadarural.com\/blog\/wp-json\/wp\/v2\/comments?post=62628"}],"version-history":[{"count":0,"href":"https:\/\/www.escapadarural.com\/blog\/wp-json\/wp\/v2\/posts\/62628\/revisions"}],"wp:featuredmedia":[{"embeddable":true,"href":"https:\/\/www.escapadarural.com\/blog\/wp-json\/wp\/v2\/media\/96378"}],"wp:attachment":[{"href":"https:\/\/www.escapadarural.com\/blog\/wp-json\/wp\/v2\/media?parent=62628"}],"wp:term":[{"taxonomy":"category","embeddable":true,"href":"https:\/\/www.escapadarural.com\/blog\/wp-json\/wp\/v2\/categories?post=62628"},{"taxonomy":"post_tag","embeddable":true,"href":"https:\/\/www.escapadarural.com\/blog\/wp-json\/wp\/v2\/tags?post=62628"}],"curies":[{"name":"wp","href":"https:\/\/api.w.org\/{rel}","templated":true}]}}