{"id":63143,"date":"2023-06-12T13:40:50","date_gmt":"2023-06-12T12:40:50","guid":{"rendered":"https:\/\/www.escapadarural.com\/blog\/?p=63143"},"modified":"2026-02-06T10:15:35","modified_gmt":"2026-02-06T09:15:35","slug":"castillo-doble-fortaleza-de-xativa","status":"publish","type":"post","link":"https:\/\/www.escapadarural.com\/blog\/castillo-doble-fortaleza-de-xativa\/","title":{"rendered":"Un castillo dentro de un castillo: la doble fortaleza de X\u00e1tiva"},"content":{"rendered":"\n<figure class=\"wp-block-image size-large\"><a href=\"https:\/\/www.escapadarural.com\/blog\/wp-content\/uploads\/castillo-xativa-scaled.jpg\"><img decoding=\"async\" src=\"https:\/\/www.escapadarural.com\/blog\/wp-content\/uploads\/2024\/10\/castillo-xativa-1024x768-2.jpg\" alt=\"Castillo doble fortaleza de X\u00e1tiva\" class=\"wp-image-63265\"\/><\/a><figcaption class=\"wp-element-caption\">Castillo doble fortaleza de X\u00e1tiva. Por Jan Habarta<\/figcaption><\/figure>\n\n\n\n<p>\u00bfCu\u00e1l es la mejor manera de medir la popularidad de algo o de alguien en la actualidad? Pues, aunque a veces cueste reconocerlo, es su presencia en las redes sociales y la cantidad de publicaciones etiquetadas en un lugar en concreto marcan su popularidad tur\u00edstica. En Espa\u00f1a hay numerosos ejemplos y en algunos de ellos hasta han tenido que restringir su acceso por las quejas de los vecinos ante la avalancha de turistas, como en La Muralla Roja de Calpe firmada por Ricardo Bofill.<\/p>\n\n\n\n<p>El pueblo de <a href=\"https:\/\/www.escapadarural.com\/casas-rurales\/xativa\">X\u00e1tiva<\/a> y en concreto sus dos castillos est\u00e1n ganando cada vez m\u00e1s presencia en Internet. Solo hay que hacer una b\u00fasqueda r\u00e1pida en Instagram con el hashtag #xativacastle para comprobar que hay miles de fotograf\u00edas y v\u00eddeos que responden a esa etiqueta. Los motivos son muchos: para algunos usuarios, lo m\u00e1s atractivo de la edificaci\u00f3n \u2013bueno, de las edificaciones\u2013 es <strong>su historia, mientras que para otros es su est\u00e9tica<\/strong>.&nbsp;<\/p>\n\n\n\n<figure class=\"wp-block-image size-large\"><a href=\"https:\/\/www.escapadarural.com\/blog\/wp-content\/uploads\/castillo-xativa-doble-fortaleza-scaled.jpg\"><img decoding=\"async\" src=\"https:\/\/www.escapadarural.com\/blog\/wp-content\/uploads\/2024\/10\/castillo-xativa-doble-fortaleza-1024x682-1.jpg\" alt=\"Castillo de X\u00e1tiva\" class=\"wp-image-63267\"\/><\/a><figcaption class=\"wp-element-caption\">Castillo de X\u00e1tiva. Por David<\/figcaption><\/figure>\n\n\n\n<p>Por ejemplo, una instagrammer ha mencionado su parecido con los castillos de <em>Juego de Tronos<\/em>, una de las series que m\u00e1s turistas mueve por el mundo en busca de sus localizaciones. Este pueblo valenciano no acogi\u00f3 ning\u00fan rodaje de dicha serie, pero la similitud ya es suficiente para captar la atenci\u00f3n de los fans.<\/p>\n\n\n\n<p>La <strong>fortaleza sirvi\u00f3 de escenario<\/strong> para otras producciones como la segunda temporada de <strong><em>Andor<\/em>, perteneciente a la saga de <em>Star Wars<\/em><\/strong><em> <\/em>que se estrenar\u00e1 en 2024. En el pueblo tambi\u00e9n se rodaron pel\u00edculas como<em> Tint\u00edn y las naranjas azules<\/em> (Philippe Condroyer, 1964), la miniserie <em>Entre naranjos<\/em> (Josefina Molina, 1998) o el filme <em>El s\u00edndrome de Svensson<\/em> (Kepa Sojo, 2006), entre otras.<\/p>\n\n\n\n<h2 class=\"wp-block-heading\" id=\"h-la-historia-de-la-doble-fortaleza-de-xativa\"><strong>La historia de la doble fortaleza de X\u00e1tiva<\/strong><\/h2>\n\n\n\n<figure class=\"wp-block-image size-large\"><img decoding=\"async\" src=\"https:\/\/www.escapadarural.com\/blog\/wp-content\/uploads\/2024\/10\/castillo-xativa-doble-fortaleza-2-1024x659-1.jpg\" alt=\"Castillo de X\u00e1tiva\" class=\"wp-image-63271\"\/><figcaption class=\"wp-element-caption\">Castillo de X\u00e1tiva. Por <a href=\"https:\/\/creativecommons.org\/licenses\/by-sa\/3.0\/\" target=\"_blank\" rel=\"noreferrer noopener nofollow\">Manuel pino<\/a><\/figcaption><\/figure>\n\n\n\n<p>Esta doble fortaleza, que <strong>se divide entre el Castell Menor y el Castell Major,<\/strong> est\u00e1 situada en la parte superior de X\u00e1tiva, en la sierra del Castell. Cada uno tiene or\u00edgenes temporales diferentes, lo que hace que sus estilos arquitect\u00f3nicos sean un recorrido por el tiempo as\u00ed como los hechos relacionados con su trayectoria.<\/p>\n\n\n\n<p>El m\u00e1s antiguo es el <strong>Castell Menor, edificado sobre la de la Penya Roja<\/strong> desde donde se puede obtener una panor\u00e1mica estupenda del valle de Bisquert. Pertenece a las \u00e9pocas ib\u00e9rica y romana y la leyenda lo relaciona con <strong>la esposa de An\u00edbal, la princesa ibera Himilce<\/strong>. Seg\u00fan se dice, la pareja tuvo un hijo all\u00ed en el a\u00f1o 218 a.C y desde ah\u00ed pod\u00eda ver las batallas que libraba su marido y de los romanos Escipi\u00f3n y Sertorio.&nbsp;<\/p>\n\n\n\n<figure class=\"wp-block-image size-large\"><img decoding=\"async\" src=\"https:\/\/www.escapadarural.com\/blog\/wp-content\/uploads\/2024\/10\/Castell_de_Xativa_Porta_Ferrisa-1024x683-1.jpg\" alt=\"Castillo de X\u00e1tiva.\" class=\"wp-image-63281\"\/><figcaption class=\"wp-element-caption\">Castillo de X\u00e1tiva. <a href=\"https:\/\/commons.wikimedia.org\/wiki\/User:Mike1979_Russia\" target=\"_blank\" rel=\"noreferrer noopener nofollow\">Por Mike1979 Russia<\/a> <\/figcaption><\/figure>\n\n\n\n<p>Entre los puntos de inter\u00e9s de esta zona de la fortaleza est\u00e1, precisamente, la puerta de An\u00edbal. Se supone que por ella accedi\u00f3 al castillo el general que le da nombre y, a\u00f1os despu\u00e9s, Publio Cornelio Escipi\u00f3n, que era su enemigo. Hay que remarcar que<strong> <\/strong>la puerta que hay ahora es m\u00e1s actual, aunque data del siglo XV.&nbsp;<\/p>\n\n\n\n<p>Adem\u00e1s, tambi\u00e9n es de inter\u00e9s la segunda puerta del castillo, construida en el siglo X y restaurada en el siglo XV, as\u00ed como las murallas y la torre cuadrada, que sirve de mirador. <strong>El balc\u00f3n de Himilce<\/strong>, un promontorio construido en lo alto del edificio, ofrece vistas al Castell Major.<\/p>\n\n\n\n<figure class=\"wp-block-image size-large\"><a href=\"https:\/\/www.escapadarural.com\/blog\/wp-content\/uploads\/castillo-xativa-doble-fortaleza-1-scaled.jpg\"><img decoding=\"async\" src=\"https:\/\/www.escapadarural.com\/blog\/wp-content\/uploads\/2024\/10\/castillo-xativa-doble-fortaleza-1-1024x771-1.jpg\" alt=\"Castillo de X\u00e1tiva\" class=\"wp-image-63280\"\/><\/a><figcaption class=\"wp-element-caption\">Castillo de X\u00e1tiva. Por <a href=\"https:\/\/commons.wikimedia.org\/wiki\/User:Joanbanjo\" target=\"_blank\" rel=\"noreferrer noopener nofollow\">Joanbanjo <\/a><\/figcaption><\/figure>\n\n\n\n<p>Este \u00faltimo fue construido en la Edad Media<strong> <\/strong>sobre la cresta de la sierra de Vernissa. Est\u00e1 dividido en parcelas que permit\u00edan la vida cotidiana dentro de la fortaleza. Sus principales puntos de inter\u00e9s son la puerta de Socorro y la de Santa Mar\u00eda, los cuatro aljibes que suministraban el agua de lluvia que recog\u00edan a la fortaleza y la capilla de la reina Mar\u00eda, que la monarca que le da nombre mand\u00f3 levantar en el siglo XV.&nbsp;<\/p>\n\n\n\n<p>Asimismo, destaca por su curiosidad la celda ahora conocida como del Conde D\u2019Urgell, el preso m\u00e1s famoso que \u2018se aloj\u00f3\u2019 en la mazmorra despu\u00e9s de su rebeli\u00f3n ante el descarte de su persona para ser rey de la Corona de Arag\u00f3n en 1412. Seg\u00fan dice otra leyenda, <strong>cuando sali\u00f3 al exterior se qued\u00f3 ciego<\/strong> por la luz del sol despu\u00e9s de estar tanto tiempo encerrado en las tinieblas y muri\u00f3.<\/p>\n\n\n\n<figure class=\"wp-block-image size-large\"><img decoding=\"async\" src=\"https:\/\/www.escapadarural.com\/blog\/wp-content\/uploads\/2024\/10\/Castillo_de_Xativa-1024x768-1.jpg\" alt=\"Castillo doble fortaleza de X\u00e1tiva. \" class=\"wp-image-63282\"\/><figcaption class=\"wp-element-caption\">Castillo doble fortaleza de X\u00e1tiva. Por <a href=\"https:\/\/commons.wikimedia.org\/w\/index.php?title=User:Ahmed_Mehrem&amp;action=edit&amp;redlink=1\" target=\"_blank\" rel=\"noreferrer noopener nofollow\">Ahmed Mehrem <\/a><\/figcaption><\/figure>\n\n\n\n<p>En la visita \u2013que es guiada\u2013 tambi\u00e9n se pueden conocer <strong>los jardines de Ibn Hazm<\/strong>, dedicados al poeta andalus\u00ed que escribi\u00f3 <em>Collar de la paloma<\/em> durante su exilio en X\u00e1tiva. Este espacio, donde hay una representaci\u00f3n de la diversa flora local, se construy\u00f3 en \u00e9poca reciente.<\/p>\n\n\n\n<p>Despu\u00e9s de conocer esta peculiar fortaleza, es recomendable dirigirse al pueblo para ver otros de sus atractivos como<strong> <\/strong>la iglesia Colegial Bas\u00edlica de Santa Mar\u00eda, a la que tambi\u00e9n se conoce como Seu. Se construy\u00f3 en el siglo XVI y es Monumento Nacional desde 1931. M\u00e1s o menos enfrente est\u00e1 el Hospital Reial o el Hospital Mayor de Pobres, como se prefiera, edificado por Jaume I en el siglo XIII y que dio servicio hasta que en 1982 se inaugur\u00f3 el nuevo hospital. Sin duda, amortizaron la obra.&nbsp;<\/p>\n\n\n\n<figure class=\"wp-block-image size-large\"><img decoding=\"async\" src=\"https:\/\/www.escapadarural.com\/blog\/wp-content\/uploads\/2024\/10\/Castell_de_Xativa_Castell_Major_02-1024x683-3.jpg\" alt=\"Castillo doble fortaleza de X\u00e1tiva\" class=\"wp-image-63283\"\/><figcaption class=\"wp-element-caption\">Castillo doble fortaleza de X\u00e1tiva. Por <a href=\"https:\/\/commons.wikimedia.org\/wiki\/User:Mike1979_Russia\" target=\"_blank\" rel=\"noreferrer noopener nofollow\">Mike1979 Russia <\/a><\/figcaption><\/figure>\n\n\n\n<p>En el centro hist\u00f3rico del pueblo est\u00e1 la plaza del Mercado, un lugar indispensable en la visita, en donde se pueden encontrar numerosos bares y restaurantes donde probar los platos t\u00edpicos de la zona. Los protagonistas de los men\u00fas son los arroces preparados de m\u00faltiples maneras (al forn, arr\u00f2s blanquet o el arroz caldoso) incluida la paella. Entre sus <strong>dulces tradicionales<\/strong> destaca <strong>el arnad\u00ed<\/strong>, un postre de ascendencia andalus\u00ed que se elabora con almendras y calabaza. Tentador \u00bfverdad?<\/p>\n\n\n\n<div class=\"wp-block-buttons is-layout-flex wp-block-buttons-is-layout-flex\">\n<div class=\"wp-block-button\"><a class=\"wp-block-button__link wp-element-button\" href=\"https:\/\/www.escapadarural.com\/casas-rurales\/xativa\">Casas rurales en X\u00e1tiva<\/a><\/div>\n<\/div>\n","protected":false},"excerpt":{"rendered":"<p>Sobre la sierra del Castell, en la parte superior del pueblo, se erige la doble fortaleza de X\u00e1tiva compuesta por el Castell Menor y el Castell Major, y levantada en diferentes \u00e9pocas, de ah\u00ed su riqueza arquitect\u00f3nica. <\/p>\n","protected":false},"author":114,"featured_media":97527,"comment_status":"open","ping_status":"open","sticky":false,"template":"","format":"standard","meta":{"_acf_changed":false,"om_disable_all_campaigns":false,"footnotes":""},"categories":[231],"tags":[260,402,469,476,5191,6764,3437,870,3031],"class_list":["post-63143","post","type-post","status-publish","format-standard","has-post-thumbnail","hentry","category-arte-y-cultura","tag-articulo","tag-castillos","tag-que-ver-en-la-comunidad-valenciana","tag-edad-media","tag-fortaleza","tag-imprescindibles","tag-imprescindibles-comunidad-valenciana","tag-monumentos","tag-xativa"],"acf":[],"featured_image_src":"https:\/\/www.escapadarural.com\/blog\/wp-content\/uploads\/2024\/10\/castillo-xativa-1024x768-2.jpg","author_info":{"display_name":"Carmen L\u00f3pez","author_link":"https:\/\/www.escapadarural.com\/blog\/autor\/carmenlopez\/"},"yoast_head":"<!-- This site is optimized with the Yoast SEO plugin v27.2 - https:\/\/yoast.com\/product\/yoast-seo-wordpress\/ -->\n<title>Un castillo dentro de un castillo: la doble fortaleza de X\u00e1tiva - EscapadaRural<\/title>\n<meta name=\"robots\" content=\"index, follow, max-snippet:-1, max-image-preview:large, max-video-preview:-1\" \/>\n<link rel=\"canonical\" href=\"https:\/\/www.escapadarural.com\/blog\/castillo-doble-fortaleza-de-xativa\/\" \/>\n<meta property=\"og:locale\" content=\"es_ES\" \/>\n<meta property=\"og:type\" content=\"article\" \/>\n<meta property=\"og:title\" content=\"Un castillo dentro de un castillo: la doble fortaleza de X\u00e1tiva - EscapadaRural\" \/>\n<meta property=\"og:description\" content=\"Sobre la sierra del Castell, en la parte superior del pueblo, se erige la doble fortaleza de X\u00e1tiva compuesta por el Castell Menor y el Castell Major, y levantada en diferentes \u00e9pocas, de ah\u00ed su riqueza arquitect\u00f3nica.\" \/>\n<meta property=\"og:url\" content=\"https:\/\/www.escapadarural.com\/blog\/castillo-doble-fortaleza-de-xativa\/\" \/>\n<meta property=\"og:site_name\" content=\"Magazine de viajes de EscapadaRural\" \/>\n<meta property=\"article:publisher\" content=\"https:\/\/www.facebook.com\/escapadarural\" \/>\n<meta property=\"article:published_time\" content=\"2023-06-12T12:40:50+00:00\" \/>\n<meta property=\"article:modified_time\" content=\"2026-02-06T09:15:35+00:00\" \/>\n<meta property=\"og:image\" content=\"https:\/\/www.escapadarural.com\/blog\/wp-content\/uploads\/2024\/10\/castillo-xativa-1024x768-2.jpg\" \/>\n\t<meta property=\"og:image:width\" content=\"1024\" \/>\n\t<meta property=\"og:image:height\" content=\"768\" \/>\n\t<meta property=\"og:image:type\" content=\"image\/jpeg\" \/>\n<meta name=\"author\" content=\"Carmen L\u00f3pez\" \/>\n<meta name=\"twitter:card\" content=\"summary_large_image\" \/>\n<meta name=\"twitter:label1\" content=\"Escrito por\" \/>\n\t<meta name=\"twitter:data1\" content=\"Carmen L\u00f3pez\" \/>\n\t<meta name=\"twitter:label2\" content=\"Tiempo de lectura\" \/>\n\t<meta name=\"twitter:data2\" content=\"5 minutos\" \/>\n<script type=\"application\/ld+json\" class=\"yoast-schema-graph\">{\"@context\":\"https:\/\/schema.org\",\"@graph\":[{\"@type\":\"Article\",\"@id\":\"https:\/\/www.escapadarural.com\/blog\/castillo-doble-fortaleza-de-xativa\/#article\",\"isPartOf\":{\"@id\":\"https:\/\/www.escapadarural.com\/blog\/castillo-doble-fortaleza-de-xativa\/\"},\"author\":{\"name\":\"Carmen L\u00f3pez\",\"@id\":\"https:\/\/www.escapadarural.com\/blog\/#\/schema\/person\/42dfdff6118172efc6a04c8ae599a2ce\"},\"headline\":\"Un castillo dentro de un castillo: la doble fortaleza de X\u00e1tiva\",\"datePublished\":\"2023-06-12T12:40:50+00:00\",\"dateModified\":\"2026-02-06T09:15:35+00:00\",\"mainEntityOfPage\":{\"@id\":\"https:\/\/www.escapadarural.com\/blog\/castillo-doble-fortaleza-de-xativa\/\"},\"wordCount\":1015,\"commentCount\":0,\"publisher\":{\"@id\":\"https:\/\/www.escapadarural.com\/blog\/#organization\"},\"image\":{\"@id\":\"https:\/\/www.escapadarural.com\/blog\/castillo-doble-fortaleza-de-xativa\/#primaryimage\"},\"thumbnailUrl\":\"https:\/\/www.escapadarural.com\/blog\/wp-content\/uploads\/2024\/10\/castillo-xativa-1024x768-2.jpg\",\"keywords\":[\"art\u00edculo\",\"castillos\",\"Comunidad Valenciana\",\"Edad Media\",\"fortaleza\",\"Imprescindibles\",\"Imprescindibles de la Comunidad Valenciana\",\"Monumentos\",\"X\u00e0tiva\"],\"articleSection\":[\"Arte y Cultura\"],\"inLanguage\":\"es\",\"potentialAction\":[{\"@type\":\"CommentAction\",\"name\":\"Comment\",\"target\":[\"https:\/\/www.escapadarural.com\/blog\/castillo-doble-fortaleza-de-xativa\/#respond\"]}]},{\"@type\":\"WebPage\",\"@id\":\"https:\/\/www.escapadarural.com\/blog\/castillo-doble-fortaleza-de-xativa\/\",\"url\":\"https:\/\/www.escapadarural.com\/blog\/castillo-doble-fortaleza-de-xativa\/\",\"name\":\"Un castillo dentro de un castillo: la doble fortaleza de X\u00e1tiva - EscapadaRural\",\"isPartOf\":{\"@id\":\"https:\/\/www.escapadarural.com\/blog\/#website\"},\"primaryImageOfPage\":{\"@id\":\"https:\/\/www.escapadarural.com\/blog\/castillo-doble-fortaleza-de-xativa\/#primaryimage\"},\"image\":{\"@id\":\"https:\/\/www.escapadarural.com\/blog\/castillo-doble-fortaleza-de-xativa\/#primaryimage\"},\"thumbnailUrl\":\"https:\/\/www.escapadarural.com\/blog\/wp-content\/uploads\/2024\/10\/castillo-xativa-1024x768-2.jpg\",\"datePublished\":\"2023-06-12T12:40:50+00:00\",\"dateModified\":\"2026-02-06T09:15:35+00:00\",\"breadcrumb\":{\"@id\":\"https:\/\/www.escapadarural.com\/blog\/castillo-doble-fortaleza-de-xativa\/#breadcrumb\"},\"inLanguage\":\"es\",\"potentialAction\":[{\"@type\":\"ReadAction\",\"target\":[\"https:\/\/www.escapadarural.com\/blog\/castillo-doble-fortaleza-de-xativa\/\"]}]},{\"@type\":\"ImageObject\",\"inLanguage\":\"es\",\"@id\":\"https:\/\/www.escapadarural.com\/blog\/castillo-doble-fortaleza-de-xativa\/#primaryimage\",\"url\":\"https:\/\/www.escapadarural.com\/blog\/wp-content\/uploads\/2024\/10\/castillo-xativa-1024x768-2.jpg\",\"contentUrl\":\"https:\/\/www.escapadarural.com\/blog\/wp-content\/uploads\/2024\/10\/castillo-xativa-1024x768-2.jpg\",\"width\":1024,\"height\":768,\"caption\":\"Vista panor\u00e1mica de un hist\u00f3rico castillo de piedra situado en una colina desde la que se domina una ciudad, con verdes \u00e1rboles rodeando la fortaleza y un extenso paisaje urbano y monta\u00f1as visibles a lo lejos bajo un cielo azul despejado.\"},{\"@type\":\"BreadcrumbList\",\"@id\":\"https:\/\/www.escapadarural.com\/blog\/castillo-doble-fortaleza-de-xativa\/#breadcrumb\",\"itemListElement\":[{\"@type\":\"ListItem\",\"position\":1,\"name\":\"Inicio\",\"item\":\"https:\/\/www.escapadarural.com\/blog\/\"},{\"@type\":\"ListItem\",\"position\":2,\"name\":\"Arte y Cultura\",\"item\":\"https:\/\/www.escapadarural.com\/blog\/categoria\/arte-y-cultura\/\"},{\"@type\":\"ListItem\",\"position\":3,\"name\":\"Un castillo dentro de un castillo: la doble fortaleza de X\u00e1tiva\"}]},{\"@type\":\"WebSite\",\"@id\":\"https:\/\/www.escapadarural.com\/blog\/#website\",\"url\":\"https:\/\/www.escapadarural.com\/blog\/\",\"name\":\"Blog de viajes | turismo rural, alojamientos e inspiraci\u00f3n\",\"description\":\"Alojamientos rurales e inspiraci\u00f3n para tus escapadas\",\"publisher\":{\"@id\":\"https:\/\/www.escapadarural.com\/blog\/#organization\"},\"alternateName\":\"Magazine de viajes de EscapadaRural\",\"potentialAction\":[{\"@type\":\"SearchAction\",\"target\":{\"@type\":\"EntryPoint\",\"urlTemplate\":\"https:\/\/www.escapadarural.com\/blog\/?s={search_term_string}\"},\"query-input\":{\"@type\":\"PropertyValueSpecification\",\"valueRequired\":true,\"valueName\":\"search_term_string\"}}],\"inLanguage\":\"es\"},{\"@type\":\"Organization\",\"@id\":\"https:\/\/www.escapadarural.com\/blog\/#organization\",\"name\":\"EscapadaRural\",\"url\":\"https:\/\/www.escapadarural.com\/blog\/\",\"logo\":{\"@type\":\"ImageObject\",\"inLanguage\":\"es\",\"@id\":\"https:\/\/www.escapadarural.com\/blog\/#\/schema\/logo\/image\/\",\"url\":\"https:\/\/www.escapadarural.com\/blog\/wp-content\/uploads\/2024\/10\/cropped-cropped-escapada-rural-icon-mag-3.png\",\"contentUrl\":\"https:\/\/www.escapadarural.com\/blog\/wp-content\/uploads\/2024\/10\/cropped-cropped-escapada-rural-icon-mag-3.png\",\"width\":512,\"height\":512,\"caption\":\"EscapadaRural\"},\"image\":{\"@id\":\"https:\/\/www.escapadarural.com\/blog\/#\/schema\/logo\/image\/\"},\"sameAs\":[\"https:\/\/www.facebook.com\/escapadarural\",\"https:\/\/www.instagram.com\/escapadarural\/\",\"https:\/\/www.youtube.com\/@escapadaruralcom\"]},{\"@type\":\"Person\",\"@id\":\"https:\/\/www.escapadarural.com\/blog\/#\/schema\/person\/42dfdff6118172efc6a04c8ae599a2ce\",\"name\":\"Carmen L\u00f3pez\",\"image\":{\"@type\":\"ImageObject\",\"inLanguage\":\"es\",\"@id\":\"https:\/\/www.escapadarural.com\/blog\/wp-content\/uploads\/2024\/11\/cropped-perfil_eldiario-96x96-1-96x96.jpeg\",\"url\":\"https:\/\/www.escapadarural.com\/blog\/wp-content\/uploads\/2024\/11\/cropped-perfil_eldiario-96x96-1-96x96.jpeg\",\"contentUrl\":\"https:\/\/www.escapadarural.com\/blog\/wp-content\/uploads\/2024\/11\/cropped-perfil_eldiario-96x96-1-96x96.jpeg\",\"caption\":\"Carmen L\u00f3pez\"},\"description\":\"Soy periodista y escribo sobre cosas que importan en sitios que interesan desde hace m\u00e1s de una d\u00e9cada.\",\"url\":\"https:\/\/www.escapadarural.com\/blog\/autor\/carmenlopez\/\"}]}<\/script>\n<!-- \/ Yoast SEO plugin. -->","yoast_head_json":{"title":"Un castillo dentro de un castillo: la doble fortaleza de X\u00e1tiva - EscapadaRural","robots":{"index":"index","follow":"follow","max-snippet":"max-snippet:-1","max-image-preview":"max-image-preview:large","max-video-preview":"max-video-preview:-1"},"canonical":"https:\/\/www.escapadarural.com\/blog\/castillo-doble-fortaleza-de-xativa\/","og_locale":"es_ES","og_type":"article","og_title":"Un castillo dentro de un castillo: la doble fortaleza de X\u00e1tiva - EscapadaRural","og_description":"Sobre la sierra del Castell, en la parte superior del pueblo, se erige la doble fortaleza de X\u00e1tiva compuesta por el Castell Menor y el Castell Major, y levantada en diferentes \u00e9pocas, de ah\u00ed su riqueza arquitect\u00f3nica.","og_url":"https:\/\/www.escapadarural.com\/blog\/castillo-doble-fortaleza-de-xativa\/","og_site_name":"Magazine de viajes de EscapadaRural","article_publisher":"https:\/\/www.facebook.com\/escapadarural","article_published_time":"2023-06-12T12:40:50+00:00","article_modified_time":"2026-02-06T09:15:35+00:00","og_image":[{"width":1024,"height":768,"url":"https:\/\/www.escapadarural.com\/blog\/wp-content\/uploads\/2024\/10\/castillo-xativa-1024x768-2.jpg","type":"image\/jpeg"}],"author":"Carmen L\u00f3pez","twitter_card":"summary_large_image","twitter_misc":{"Escrito por":"Carmen L\u00f3pez","Tiempo de lectura":"5 minutos"},"schema":{"@context":"https:\/\/schema.org","@graph":[{"@type":"Article","@id":"https:\/\/www.escapadarural.com\/blog\/castillo-doble-fortaleza-de-xativa\/#article","isPartOf":{"@id":"https:\/\/www.escapadarural.com\/blog\/castillo-doble-fortaleza-de-xativa\/"},"author":{"name":"Carmen L\u00f3pez","@id":"https:\/\/www.escapadarural.com\/blog\/#\/schema\/person\/42dfdff6118172efc6a04c8ae599a2ce"},"headline":"Un castillo dentro de un castillo: la doble fortaleza de X\u00e1tiva","datePublished":"2023-06-12T12:40:50+00:00","dateModified":"2026-02-06T09:15:35+00:00","mainEntityOfPage":{"@id":"https:\/\/www.escapadarural.com\/blog\/castillo-doble-fortaleza-de-xativa\/"},"wordCount":1015,"commentCount":0,"publisher":{"@id":"https:\/\/www.escapadarural.com\/blog\/#organization"},"image":{"@id":"https:\/\/www.escapadarural.com\/blog\/castillo-doble-fortaleza-de-xativa\/#primaryimage"},"thumbnailUrl":"https:\/\/www.escapadarural.com\/blog\/wp-content\/uploads\/2024\/10\/castillo-xativa-1024x768-2.jpg","keywords":["art\u00edculo","castillos","Comunidad Valenciana","Edad Media","fortaleza","Imprescindibles","Imprescindibles de la Comunidad Valenciana","Monumentos","X\u00e0tiva"],"articleSection":["Arte y Cultura"],"inLanguage":"es","potentialAction":[{"@type":"CommentAction","name":"Comment","target":["https:\/\/www.escapadarural.com\/blog\/castillo-doble-fortaleza-de-xativa\/#respond"]}]},{"@type":"WebPage","@id":"https:\/\/www.escapadarural.com\/blog\/castillo-doble-fortaleza-de-xativa\/","url":"https:\/\/www.escapadarural.com\/blog\/castillo-doble-fortaleza-de-xativa\/","name":"Un castillo dentro de un castillo: la doble fortaleza de X\u00e1tiva - EscapadaRural","isPartOf":{"@id":"https:\/\/www.escapadarural.com\/blog\/#website"},"primaryImageOfPage":{"@id":"https:\/\/www.escapadarural.com\/blog\/castillo-doble-fortaleza-de-xativa\/#primaryimage"},"image":{"@id":"https:\/\/www.escapadarural.com\/blog\/castillo-doble-fortaleza-de-xativa\/#primaryimage"},"thumbnailUrl":"https:\/\/www.escapadarural.com\/blog\/wp-content\/uploads\/2024\/10\/castillo-xativa-1024x768-2.jpg","datePublished":"2023-06-12T12:40:50+00:00","dateModified":"2026-02-06T09:15:35+00:00","breadcrumb":{"@id":"https:\/\/www.escapadarural.com\/blog\/castillo-doble-fortaleza-de-xativa\/#breadcrumb"},"inLanguage":"es","potentialAction":[{"@type":"ReadAction","target":["https:\/\/www.escapadarural.com\/blog\/castillo-doble-fortaleza-de-xativa\/"]}]},{"@type":"ImageObject","inLanguage":"es","@id":"https:\/\/www.escapadarural.com\/blog\/castillo-doble-fortaleza-de-xativa\/#primaryimage","url":"https:\/\/www.escapadarural.com\/blog\/wp-content\/uploads\/2024\/10\/castillo-xativa-1024x768-2.jpg","contentUrl":"https:\/\/www.escapadarural.com\/blog\/wp-content\/uploads\/2024\/10\/castillo-xativa-1024x768-2.jpg","width":1024,"height":768,"caption":"Vista panor\u00e1mica de un hist\u00f3rico castillo de piedra situado en una colina desde la que se domina una ciudad, con verdes \u00e1rboles rodeando la fortaleza y un extenso paisaje urbano y monta\u00f1as visibles a lo lejos bajo un cielo azul despejado."},{"@type":"BreadcrumbList","@id":"https:\/\/www.escapadarural.com\/blog\/castillo-doble-fortaleza-de-xativa\/#breadcrumb","itemListElement":[{"@type":"ListItem","position":1,"name":"Inicio","item":"https:\/\/www.escapadarural.com\/blog\/"},{"@type":"ListItem","position":2,"name":"Arte y Cultura","item":"https:\/\/www.escapadarural.com\/blog\/categoria\/arte-y-cultura\/"},{"@type":"ListItem","position":3,"name":"Un castillo dentro de un castillo: la doble fortaleza de X\u00e1tiva"}]},{"@type":"WebSite","@id":"https:\/\/www.escapadarural.com\/blog\/#website","url":"https:\/\/www.escapadarural.com\/blog\/","name":"Blog de viajes | turismo rural, alojamientos e inspiraci\u00f3n","description":"Alojamientos rurales e inspiraci\u00f3n para tus escapadas","publisher":{"@id":"https:\/\/www.escapadarural.com\/blog\/#organization"},"alternateName":"Magazine de viajes de EscapadaRural","potentialAction":[{"@type":"SearchAction","target":{"@type":"EntryPoint","urlTemplate":"https:\/\/www.escapadarural.com\/blog\/?s={search_term_string}"},"query-input":{"@type":"PropertyValueSpecification","valueRequired":true,"valueName":"search_term_string"}}],"inLanguage":"es"},{"@type":"Organization","@id":"https:\/\/www.escapadarural.com\/blog\/#organization","name":"EscapadaRural","url":"https:\/\/www.escapadarural.com\/blog\/","logo":{"@type":"ImageObject","inLanguage":"es","@id":"https:\/\/www.escapadarural.com\/blog\/#\/schema\/logo\/image\/","url":"https:\/\/www.escapadarural.com\/blog\/wp-content\/uploads\/2024\/10\/cropped-cropped-escapada-rural-icon-mag-3.png","contentUrl":"https:\/\/www.escapadarural.com\/blog\/wp-content\/uploads\/2024\/10\/cropped-cropped-escapada-rural-icon-mag-3.png","width":512,"height":512,"caption":"EscapadaRural"},"image":{"@id":"https:\/\/www.escapadarural.com\/blog\/#\/schema\/logo\/image\/"},"sameAs":["https:\/\/www.facebook.com\/escapadarural","https:\/\/www.instagram.com\/escapadarural\/","https:\/\/www.youtube.com\/@escapadaruralcom"]},{"@type":"Person","@id":"https:\/\/www.escapadarural.com\/blog\/#\/schema\/person\/42dfdff6118172efc6a04c8ae599a2ce","name":"Carmen L\u00f3pez","image":{"@type":"ImageObject","inLanguage":"es","@id":"https:\/\/www.escapadarural.com\/blog\/wp-content\/uploads\/2024\/11\/cropped-perfil_eldiario-96x96-1-96x96.jpeg","url":"https:\/\/www.escapadarural.com\/blog\/wp-content\/uploads\/2024\/11\/cropped-perfil_eldiario-96x96-1-96x96.jpeg","contentUrl":"https:\/\/www.escapadarural.com\/blog\/wp-content\/uploads\/2024\/11\/cropped-perfil_eldiario-96x96-1-96x96.jpeg","caption":"Carmen L\u00f3pez"},"description":"Soy periodista y escribo sobre cosas que importan en sitios que interesan desde hace m\u00e1s de una d\u00e9cada.","url":"https:\/\/www.escapadarural.com\/blog\/autor\/carmenlopez\/"}]}},"_links":{"self":[{"href":"https:\/\/www.escapadarural.com\/blog\/wp-json\/wp\/v2\/posts\/63143","targetHints":{"allow":["GET"]}}],"collection":[{"href":"https:\/\/www.escapadarural.com\/blog\/wp-json\/wp\/v2\/posts"}],"about":[{"href":"https:\/\/www.escapadarural.com\/blog\/wp-json\/wp\/v2\/types\/post"}],"author":[{"embeddable":true,"href":"https:\/\/www.escapadarural.com\/blog\/wp-json\/wp\/v2\/users\/114"}],"replies":[{"embeddable":true,"href":"https:\/\/www.escapadarural.com\/blog\/wp-json\/wp\/v2\/comments?post=63143"}],"version-history":[{"count":0,"href":"https:\/\/www.escapadarural.com\/blog\/wp-json\/wp\/v2\/posts\/63143\/revisions"}],"wp:featuredmedia":[{"embeddable":true,"href":"https:\/\/www.escapadarural.com\/blog\/wp-json\/wp\/v2\/media\/97527"}],"wp:attachment":[{"href":"https:\/\/www.escapadarural.com\/blog\/wp-json\/wp\/v2\/media?parent=63143"}],"wp:term":[{"taxonomy":"category","embeddable":true,"href":"https:\/\/www.escapadarural.com\/blog\/wp-json\/wp\/v2\/categories?post=63143"},{"taxonomy":"post_tag","embeddable":true,"href":"https:\/\/www.escapadarural.com\/blog\/wp-json\/wp\/v2\/tags?post=63143"}],"curies":[{"name":"wp","href":"https:\/\/api.w.org\/{rel}","templated":true}]}}