{"id":63314,"date":"2023-08-02T11:34:56","date_gmt":"2023-08-02T10:34:56","guid":{"rendered":"https:\/\/www.escapadarural.com\/blog\/?p=63314"},"modified":"2025-06-18T14:13:10","modified_gmt":"2025-06-18T12:13:10","slug":"poza-de-la-sal-diapiro-mas-grande-de-europa","status":"publish","type":"post","link":"https:\/\/www.escapadarural.com\/blog\/poza-de-la-sal-diapiro-mas-grande-de-europa\/","title":{"rendered":"Poza de la Sal: el diapiro m\u00e1s grande de Europa est\u00e1 en Espa\u00f1a"},"content":{"rendered":"\n<figure class=\"wp-block-image size-large\"><a href=\"https:\/\/www.escapadarural.com\/blog\/wp-content\/uploads\/poza-de-la-sal-burgos-scaled.jpg\"><img decoding=\"async\" src=\"https:\/\/www.escapadarural.com\/blog\/wp-content\/uploads\/2024\/10\/poza-de-la-sal-burgos-1024x683-1.jpg\" alt=\"Poza de la Sal\" class=\"wp-image-64879\"\/><\/a><figcaption class=\"wp-element-caption\">Poza de la Sal. Por pintxoman<\/figcaption><\/figure>\n\n\n\n<p>La orograf\u00eda puede cambiar en cuesti\u00f3n de segundos y en cualquier momento. Un claro ejemplo es la erupci\u00f3n volc\u00e1nica que vivimos hace escasos a\u00f1os en La Palma, originada por el volc\u00e1n Tajogaite y que cre\u00f3 alrededor de 47 nuevas hect\u00e1reas, cambiando la fisonom\u00eda, la orograf\u00eda y ganando terreno al oc\u00e9ano. Otro fascinante ejemplo son las monta\u00f1as que pueden o bien crecer gracias a la colisi\u00f3n de las placas continentales, o incluso ir perdiendo altura a causa del cambio clim\u00e1tico, terremotos, erosiones, entre otros muchos factores. &nbsp;<\/p>\n\n\n\n<p>Resulta incre\u00edble ver c\u00f3mo nuestro planeta cambia cada d\u00eda y descubrir c\u00f3mo varios fen\u00f3menos y estructuras geol\u00f3gicas han influido en ese cambio. Hoy nos centramos en los<strong> diapiros<\/strong>, los cuales est\u00e1n m\u00e1s cerca de casa de lo que pensamos. En Catalu\u00f1a encontramos la llamada Monta\u00f1a de sal de <a href=\"\/casas-rurales\/cardona\">Cardona<\/a> que crece cada a\u00f1o y se acent\u00faa con el agua de la lluvia (favorece la erosi\u00f3n del suelo y las rocas). Sin irnos muy lejos tambi\u00e9n est\u00e1 el diapiro de <a href=\"\/casas-rurales\/poza-de-la-sal\">Poza de la Sal <\/a>(Burgos), <a href=\"\/casas-rurales\/cabezon-de-la-sal\">Cabez\u00f3n de la Sal<\/a> (Cantabria) o el de Pinoso (Alicante). Hablamos de formaciones poco frecuentes y que suelen llamar mucho la atenci\u00f3n ya sea por sus colores o relevantes valores a nivel cient\u00edfico, educativo y cultural.<\/p>\n\n\n\n<h2 class=\"wp-block-heading\" id=\"h-que-es-un-diapiro-y-sus-curiosos-origenes\">Qu\u00e9 es un diapiro y sus curiosos or\u00edgenes:<\/h2>\n\n\n\n<figure class=\"wp-block-image size-large\"><a href=\"https:\/\/www.escapadarural.com\/blog\/wp-content\/uploads\/montana-de-sal-de-cardona-scaled.jpg\"><img decoding=\"async\" src=\"https:\/\/www.escapadarural.com\/blog\/wp-content\/uploads\/2024\/10\/montana-de-sal-de-cardona-1024x683-2.jpg\" alt=\"Monta\u00f1a de sal de Cardona\" class=\"wp-image-64385\"\/><\/a><figcaption class=\"wp-element-caption\">Monta\u00f1a de sal de Cardona. Por Migeli Barrios<\/figcaption><\/figure>\n\n\n\n<p>El t\u00e9rmino <a href=\"https:\/\/es.wikipedia.org\/wiki\/Diapiro\" target=\"_blank\">diapiro<\/a> proviene del griego y <strong>significa \u201catravesar\u201d<\/strong>. Se trata de una masa m\u00f3vil que intrusiona y se va abriendo paso poco a poco a trav\u00e9s de las rocas. Son estructuras formadas por materiales de baja densidad y con mucha plasticidad y, como es el caso de las sales, con las presiones generan una ascensi\u00f3n hasta la superficie. Estos curiosos fen\u00f3menos suelen tener un estrato de sal o yeso que se encuentra en las profundidades y est\u00e1n recubiertos por otros sedimentos.<\/p>\n\n\n\n<p>Este <strong>proceso dura millones de a\u00f1os<\/strong> y, como es el caso de la famosa Monta\u00f1a de sal de Cardona, sigue creciendo gracias a la erosi\u00f3n de las precipitaciones aunque a ojo humano no pueda percibirse. Su crecimiento es real y tal y como establece la <em>Ag\u00e8ncia Catalana de Turisme<\/em>: \u201cSe trata de una cavidad de la que se tiene acceso a 120 metros, aunque en realidad es un diapiro de casi dos kil\u00f3metros de longitud\u201d.<\/p>\n\n\n\n<p>Suelen desarrollarse en fallas profundas y sus componentes acostumbran a ser sales, yeso y anhidrita. Gracias a las presiones que reciben van avanzando poco a poco hacia el exterior creando estas curiosas formaciones (suelen tener forma cil\u00edndrica) y proceso conocido con el nombre de diapirismo.<\/p>\n\n\n\n<h2 class=\"wp-block-heading\" id=\"h-asi-es-el-diapiro-mas-grande-de-europa-esta-en-espana\">As\u00ed es el diapiro m\u00e1s grande de Europa est\u00e1 en Espa\u00f1a<\/h2>\n\n\n\n<figure class=\"wp-block-image size-large\"><a href=\"https:\/\/www.escapadarural.com\/blog\/wp-content\/uploads\/poza-de-la-sal-diapiro-scaled.jpg\"><img decoding=\"async\" src=\"https:\/\/www.escapadarural.com\/blog\/wp-content\/uploads\/2024\/10\/poza-de-la-sal-diapiro-1024x683-1.jpg\" alt=\"Poza de la Sal\" class=\"wp-image-64880\"\/><\/a><figcaption class=\"wp-element-caption\">Poza de la Sal. Por kevers<\/figcaption><\/figure>\n\n\n\n<p>As\u00ed es, el diapiro m\u00e1s grande y uno de los m\u00e1s \u201cperfectos\u201d que existen se encuentra en Poza de la Sal, Burgos. Se trata de un afloramiento de <strong>masas salinas con forma de cr\u00e1ter<\/strong> y que est\u00e1 ubicado en lo que hace millones de a\u00f1os era una entrada de agua salada. Esta sal se fue evaporando y con el paso del tiempo, la deposici\u00f3n de varios sedimentos y varios fen\u00f3menos geol\u00f3gicos, la sal ha ido ganando terreno y ha podido ir avanzando hasta crear este fascinante \u201cvolc\u00e1n\u201d. Llama la atenci\u00f3n ya que justo en medio sobresale un pico que por el momento no se ha visto afectado por la erosi\u00f3n.<\/p>\n\n\n\n<p>Tal y como se informa desde el Ayuntamiento de Poza de la Sal: \u201cMorfol\u00f3gicamente presenta la disposici\u00f3n de un gran circo o depresi\u00f3n el\u00edptica en los materiales mesozoicos del Cret\u00e1cico, con un di\u00e1metro de 2,5 x 2 km aproximadamente. En su fondo destaca un importante afloramiento de ofitas (pico) adem\u00e1s de los materiales evapor\u00edticos del Keuper\u201d.<\/p>\n\n\n\n<figure class=\"wp-block-image size-large\"><a href=\"https:\/\/www.escapadarural.com\/blog\/wp-content\/uploads\/Poza-de-la-sal-diapiro-1-scaled.jpg\"><img decoding=\"async\" src=\"https:\/\/www.escapadarural.com\/blog\/wp-content\/uploads\/2024\/10\/Poza-de-la-sal-diapiro-1-1024x683-1.jpg\" alt=\"Poza de la Sal\" class=\"wp-image-64881\"\/><\/a><figcaption class=\"wp-element-caption\">Poza de la Sal. Por kevers<\/figcaption><\/figure>\n\n\n\n<p>Gracias a los suelos ricos en sal, se crearon las salinas y toda la explotaci\u00f3n minera que m\u00e1s tarde acabar\u00eda posicionando a la peque\u00f1a poblaci\u00f3n en los mapas. Como curiosidad, el ayuntamiento de Poza de la Sal establece que: \u201c la Corona siempre tuvo propiedades en la salinas\u201d y que fue hogar de F\u00e9lix Rodr\u00edguez de la Fuente, zo\u00f3logo, bi\u00f3logo autodidacta, expedicionario, escritor, presentador de documentales y colaborador en RNE (El hombre y la Tierra, entre los principales).<\/p>\n\n\n\n<figure class=\"wp-block-image size-large\"><a href=\"https:\/\/www.escapadarural.com\/blog\/wp-content\/uploads\/poza-de-la-sal-salinas-scaled.jpg\"><img decoding=\"async\" src=\"https:\/\/www.escapadarural.com\/blog\/wp-content\/uploads\/2024\/10\/poza-de-la-sal-salinas-1024x682-1.jpg\" alt=\"Poza de la Sal \" class=\"wp-image-64878\"\/><\/a><figcaption class=\"wp-element-caption\">Poza de la Sal, salinas. Por Joseandres<\/figcaption><\/figure>\n\n\n\n<h2 class=\"wp-block-heading\" id=\"h-montana-de-sal-de-cardona-cabezon-de-la-sal-y-el-diapiro-de-pinoso\">Monta\u00f1a de Sal de Cardona, Cabez\u00f3n de la Sal y el diapiro de Pinoso:<\/h2>\n\n\n\n<p>Los diapiros son muy distintos los unos de los otros, mientras que la Monta\u00f1a de sal de Cardona forma parte del Plan de Espacios de Inter\u00e9s Natural y es Parque Cultural, anteriormente fue una de las <strong>minas de sal pot\u00e1sica m\u00e1s importantes<\/strong> del mundo. Tiene 120 metros de punta pero su estructura nos recuerda a la de un iceberg ya que en total suma unos casi 2km de profundidad. Llama la atenci\u00f3n ya que tan solo est\u00e1 a escasos 100 km Barcelona y sus colores son una mezcla entre tonos grises, blancos y rosados. &nbsp;<\/p>\n\n\n\n<p>Otro fen\u00f3meno \u00fanico es el que encontramos en el diapiro salino de Cabez\u00f3n de la Sal, en Cantabria. Este diapiro ha sido explotado durante siglos y su nombre viene dado por la cantidad de a\u00f1os de extracci\u00f3n de sal y por ser una de las principales fuentes de riqueza. Tal y como se informa desde el ayuntamiento de la poblaci\u00f3n: \u201cCabez\u00f3n de la Sal es un pueblo antiguo en cuyo origen est\u00e1 el negocio de la sal. Hay noticias de su explotaci\u00f3n desde el siglo IX\u201d.<\/p>\n\n\n\n<p>Por \u00faltimo, el domo salino de Pinoso es otro de esos fen\u00f3menos fascinantes que tenemos en la pen\u00ednsula, en Alicante. El Cerro de la sal tiene un relieve circular de unos 4km, se eleva unos 300 metros y se dice que es uno de los mejores ejemplos de diapiro Tri\u00e1sico cl\u00e1sico. Ofrece un recorrido de aproximadamente 8 km y los asistentes pueden conocer c\u00f3mo y cu\u00e1ndo se deposit\u00f3 la sal, cu\u00e1ndo se form\u00f3 y qu\u00e9 minerales podemos encontrar en ella.<\/p>\n\n\n\n<div class=\"wp-block-buttons is-layout-flex wp-block-buttons-is-layout-flex\">\n<div class=\"wp-block-button\"><a class=\"wp-block-button__link wp-element-button\" href=\"\/casas-rurales\/poza-de-la-sal\">Casas rurales en Poza de la Sal<\/a><\/div>\n<\/div>\n","protected":false},"excerpt":{"rendered":"<p>No es el \u00fanico diapiro que podemos encontrar en Espa\u00f1a, aunque s\u00ed es el m\u00e1s grande y uno de los m\u00e1s perfectos que existen. As\u00ed es el diapiro de Poza de la Sal, en Burgos. <\/p>\n","protected":false},"author":151,"featured_media":96706,"comment_status":"open","ping_status":"open","sticky":false,"template":"","format":"standard","meta":{"_acf_changed":false,"om_disable_all_campaigns":false,"footnotes":""},"categories":[279],"tags":[260,439,5995,5269,2885],"class_list":["post-63314","post","type-post","status-publish","format-standard","has-post-thumbnail","hentry","category-ciencia","tag-articulo","tag-que-ver-en-burgos","tag-que-ver-en-castilla-y-leon","tag-poza-de-la-sal","tag-salinas"],"acf":[],"featured_image_src":"https:\/\/www.escapadarural.com\/blog\/wp-content\/uploads\/2024\/10\/poza-de-la-sal-burgos-1024x683-1.jpg","author_info":{"display_name":"Alba Feliz","author_link":"https:\/\/www.escapadarural.com\/blog\/autor\/alba\/"},"yoast_head":"<!-- This site is optimized with the Yoast SEO plugin v27.5 - https:\/\/yoast.com\/product\/yoast-seo-wordpress\/ -->\n<title>Poza de la Sal: el diapiro m\u00e1s grande de Europa est\u00e1 en Espa\u00f1a - EscapadaRural<\/title>\n<meta name=\"robots\" content=\"index, follow, max-snippet:-1, max-image-preview:large, max-video-preview:-1\" \/>\n<link rel=\"canonical\" href=\"https:\/\/www.escapadarural.com\/blog\/poza-de-la-sal-diapiro-mas-grande-de-europa\/\" \/>\n<meta property=\"og:locale\" content=\"es_ES\" \/>\n<meta property=\"og:type\" content=\"article\" \/>\n<meta property=\"og:title\" content=\"Poza de la Sal: el diapiro m\u00e1s grande de Europa est\u00e1 en Espa\u00f1a - EscapadaRural\" \/>\n<meta property=\"og:description\" content=\"No es el \u00fanico diapiro que podemos encontrar en Espa\u00f1a, aunque s\u00ed es el m\u00e1s grande y uno de los m\u00e1s perfectos que existen. As\u00ed es el diapiro de Poza de la Sal, en Burgos.\" \/>\n<meta property=\"og:url\" content=\"https:\/\/www.escapadarural.com\/blog\/poza-de-la-sal-diapiro-mas-grande-de-europa\/\" \/>\n<meta property=\"og:site_name\" content=\"Magazine de viajes de EscapadaRural\" \/>\n<meta property=\"article:publisher\" content=\"https:\/\/www.facebook.com\/escapadarural\" \/>\n<meta property=\"article:published_time\" content=\"2023-08-02T10:34:56+00:00\" \/>\n<meta property=\"article:modified_time\" content=\"2025-06-18T12:13:10+00:00\" \/>\n<meta property=\"og:image\" content=\"https:\/\/www.escapadarural.com\/blog\/wp-content\/uploads\/2024\/10\/poza-de-la-sal-burgos-1024x683-1.jpg\" \/>\n\t<meta property=\"og:image:width\" content=\"1024\" \/>\n\t<meta property=\"og:image:height\" content=\"683\" \/>\n\t<meta property=\"og:image:type\" content=\"image\/jpeg\" \/>\n<meta name=\"author\" content=\"Alba Feliz\" \/>\n<meta name=\"twitter:card\" content=\"summary_large_image\" \/>\n<meta name=\"twitter:label1\" content=\"Escrito por\" \/>\n\t<meta name=\"twitter:data1\" content=\"Alba Feliz\" \/>\n\t<meta name=\"twitter:label2\" content=\"Tiempo de lectura\" \/>\n\t<meta name=\"twitter:data2\" content=\"5 minutos\" \/>\n<script type=\"application\/ld+json\" class=\"yoast-schema-graph\">{\"@context\":\"https:\\\/\\\/schema.org\",\"@graph\":[{\"@type\":\"Article\",\"@id\":\"https:\\\/\\\/www.escapadarural.com\\\/blog\\\/poza-de-la-sal-diapiro-mas-grande-de-europa\\\/#article\",\"isPartOf\":{\"@id\":\"https:\\\/\\\/www.escapadarural.com\\\/blog\\\/poza-de-la-sal-diapiro-mas-grande-de-europa\\\/\"},\"author\":{\"name\":\"Alba Feliz\",\"@id\":\"https:\\\/\\\/www.escapadarural.com\\\/blog\\\/#\\\/schema\\\/person\\\/65271b7b847121ab7a4f8c3be624d420\"},\"headline\":\"Poza de la Sal: el diapiro m\u00e1s grande de Europa est\u00e1 en Espa\u00f1a\",\"datePublished\":\"2023-08-02T10:34:56+00:00\",\"dateModified\":\"2025-06-18T12:13:10+00:00\",\"mainEntityOfPage\":{\"@id\":\"https:\\\/\\\/www.escapadarural.com\\\/blog\\\/poza-de-la-sal-diapiro-mas-grande-de-europa\\\/\"},\"wordCount\":1086,\"commentCount\":0,\"publisher\":{\"@id\":\"https:\\\/\\\/www.escapadarural.com\\\/blog\\\/#organization\"},\"image\":{\"@id\":\"https:\\\/\\\/www.escapadarural.com\\\/blog\\\/poza-de-la-sal-diapiro-mas-grande-de-europa\\\/#primaryimage\"},\"thumbnailUrl\":\"https:\\\/\\\/www.escapadarural.com\\\/blog\\\/wp-content\\\/uploads\\\/2024\\\/10\\\/poza-de-la-sal-burgos-1024x683-1.jpg\",\"keywords\":[\"art\u00edculo\",\"Burgos\",\"Castilla y Le\u00f3n\",\"poza de la sal\",\"Salinas\"],\"articleSection\":[\"Ciencia\"],\"inLanguage\":\"es\",\"potentialAction\":[{\"@type\":\"CommentAction\",\"name\":\"Comment\",\"target\":[\"https:\\\/\\\/www.escapadarural.com\\\/blog\\\/poza-de-la-sal-diapiro-mas-grande-de-europa\\\/#respond\"]}]},{\"@type\":\"WebPage\",\"@id\":\"https:\\\/\\\/www.escapadarural.com\\\/blog\\\/poza-de-la-sal-diapiro-mas-grande-de-europa\\\/\",\"url\":\"https:\\\/\\\/www.escapadarural.com\\\/blog\\\/poza-de-la-sal-diapiro-mas-grande-de-europa\\\/\",\"name\":\"Poza de la Sal: el diapiro m\u00e1s grande de Europa est\u00e1 en Espa\u00f1a - EscapadaRural\",\"isPartOf\":{\"@id\":\"https:\\\/\\\/www.escapadarural.com\\\/blog\\\/#website\"},\"primaryImageOfPage\":{\"@id\":\"https:\\\/\\\/www.escapadarural.com\\\/blog\\\/poza-de-la-sal-diapiro-mas-grande-de-europa\\\/#primaryimage\"},\"image\":{\"@id\":\"https:\\\/\\\/www.escapadarural.com\\\/blog\\\/poza-de-la-sal-diapiro-mas-grande-de-europa\\\/#primaryimage\"},\"thumbnailUrl\":\"https:\\\/\\\/www.escapadarural.com\\\/blog\\\/wp-content\\\/uploads\\\/2024\\\/10\\\/poza-de-la-sal-burgos-1024x683-1.jpg\",\"datePublished\":\"2023-08-02T10:34:56+00:00\",\"dateModified\":\"2025-06-18T12:13:10+00:00\",\"breadcrumb\":{\"@id\":\"https:\\\/\\\/www.escapadarural.com\\\/blog\\\/poza-de-la-sal-diapiro-mas-grande-de-europa\\\/#breadcrumb\"},\"inLanguage\":\"es\",\"potentialAction\":[{\"@type\":\"ReadAction\",\"target\":[\"https:\\\/\\\/www.escapadarural.com\\\/blog\\\/poza-de-la-sal-diapiro-mas-grande-de-europa\\\/\"]}]},{\"@type\":\"ImageObject\",\"inLanguage\":\"es\",\"@id\":\"https:\\\/\\\/www.escapadarural.com\\\/blog\\\/poza-de-la-sal-diapiro-mas-grande-de-europa\\\/#primaryimage\",\"url\":\"https:\\\/\\\/www.escapadarural.com\\\/blog\\\/wp-content\\\/uploads\\\/2024\\\/10\\\/poza-de-la-sal-burgos-1024x683-1.jpg\",\"contentUrl\":\"https:\\\/\\\/www.escapadarural.com\\\/blog\\\/wp-content\\\/uploads\\\/2024\\\/10\\\/poza-de-la-sal-burgos-1024x683-1.jpg\",\"width\":1024,\"height\":683,\"caption\":\"Un peque\u00f1o pueblo con tejados de tejas rojas se asienta en la base de una ladera rocosa, invitando a los amantes del turismo rural a explorar su encanto, rodeado de campos verdes y monta\u00f1as lejanas bajo un cielo azul brumoso.\"},{\"@type\":\"BreadcrumbList\",\"@id\":\"https:\\\/\\\/www.escapadarural.com\\\/blog\\\/poza-de-la-sal-diapiro-mas-grande-de-europa\\\/#breadcrumb\",\"itemListElement\":[{\"@type\":\"ListItem\",\"position\":1,\"name\":\"Inicio\",\"item\":\"https:\\\/\\\/www.escapadarural.com\\\/blog\\\/\"},{\"@type\":\"ListItem\",\"position\":2,\"name\":\"Ciencia\",\"item\":\"https:\\\/\\\/www.escapadarural.com\\\/blog\\\/categoria\\\/ciencia\\\/\"},{\"@type\":\"ListItem\",\"position\":3,\"name\":\"Poza de la Sal: el diapiro m\u00e1s grande de Europa est\u00e1 en Espa\u00f1a\"}]},{\"@type\":\"WebSite\",\"@id\":\"https:\\\/\\\/www.escapadarural.com\\\/blog\\\/#website\",\"url\":\"https:\\\/\\\/www.escapadarural.com\\\/blog\\\/\",\"name\":\"Blog de viajes | turismo rural, alojamientos e inspiraci\u00f3n\",\"description\":\"Alojamientos rurales e inspiraci\u00f3n para tus escapadas\",\"publisher\":{\"@id\":\"https:\\\/\\\/www.escapadarural.com\\\/blog\\\/#organization\"},\"alternateName\":\"Magazine de viajes de EscapadaRural\",\"potentialAction\":[{\"@type\":\"SearchAction\",\"target\":{\"@type\":\"EntryPoint\",\"urlTemplate\":\"https:\\\/\\\/www.escapadarural.com\\\/blog\\\/?s={search_term_string}\"},\"query-input\":{\"@type\":\"PropertyValueSpecification\",\"valueRequired\":true,\"valueName\":\"search_term_string\"}}],\"inLanguage\":\"es\"},{\"@type\":\"Organization\",\"@id\":\"https:\\\/\\\/www.escapadarural.com\\\/blog\\\/#organization\",\"name\":\"EscapadaRural\",\"url\":\"https:\\\/\\\/www.escapadarural.com\\\/blog\\\/\",\"logo\":{\"@type\":\"ImageObject\",\"inLanguage\":\"es\",\"@id\":\"https:\\\/\\\/www.escapadarural.com\\\/blog\\\/#\\\/schema\\\/logo\\\/image\\\/\",\"url\":\"https:\\\/\\\/www.escapadarural.com\\\/blog\\\/wp-content\\\/uploads\\\/2024\\\/10\\\/cropped-cropped-escapada-rural-icon-mag-3.png\",\"contentUrl\":\"https:\\\/\\\/www.escapadarural.com\\\/blog\\\/wp-content\\\/uploads\\\/2024\\\/10\\\/cropped-cropped-escapada-rural-icon-mag-3.png\",\"width\":512,\"height\":512,\"caption\":\"EscapadaRural\"},\"image\":{\"@id\":\"https:\\\/\\\/www.escapadarural.com\\\/blog\\\/#\\\/schema\\\/logo\\\/image\\\/\"},\"sameAs\":[\"https:\\\/\\\/www.facebook.com\\\/escapadarural\",\"https:\\\/\\\/www.instagram.com\\\/escapadarural\\\/\",\"https:\\\/\\\/www.youtube.com\\\/@escapadaruralcom\"]},{\"@type\":\"Person\",\"@id\":\"https:\\\/\\\/www.escapadarural.com\\\/blog\\\/#\\\/schema\\\/person\\\/65271b7b847121ab7a4f8c3be624d420\",\"name\":\"Alba Feliz\",\"image\":{\"@type\":\"ImageObject\",\"inLanguage\":\"es\",\"@id\":\"https:\\\/\\\/www.escapadarural.com\\\/blog\\\/wp-content\\\/uploads\\\/2024\\\/11\\\/cropped-alba-96x96.jpg\",\"url\":\"https:\\\/\\\/www.escapadarural.com\\\/blog\\\/wp-content\\\/uploads\\\/2024\\\/11\\\/cropped-alba-96x96.jpg\",\"contentUrl\":\"https:\\\/\\\/www.escapadarural.com\\\/blog\\\/wp-content\\\/uploads\\\/2024\\\/11\\\/cropped-alba-96x96.jpg\",\"caption\":\"Alba Feliz\"},\"description\":\"Redactora, productora audiovisual y graduada en turismo y direcci\u00f3n hotelera. Creo firmemente que viajar abre la mente y permite conocer otras realidades que quiz\u00e1s desconocemos. Me apasiona la fotograf\u00eda anal\u00f3gica (la de toda la vida) y darle una oportunidad a los destinos menos conocidos.\",\"url\":\"https:\\\/\\\/www.escapadarural.com\\\/blog\\\/autor\\\/alba\\\/\"}]}<\/script>\n<!-- \/ Yoast SEO plugin. -->","yoast_head_json":{"title":"Poza de la Sal: el diapiro m\u00e1s grande de Europa est\u00e1 en Espa\u00f1a - EscapadaRural","robots":{"index":"index","follow":"follow","max-snippet":"max-snippet:-1","max-image-preview":"max-image-preview:large","max-video-preview":"max-video-preview:-1"},"canonical":"https:\/\/www.escapadarural.com\/blog\/poza-de-la-sal-diapiro-mas-grande-de-europa\/","og_locale":"es_ES","og_type":"article","og_title":"Poza de la Sal: el diapiro m\u00e1s grande de Europa est\u00e1 en Espa\u00f1a - EscapadaRural","og_description":"No es el \u00fanico diapiro que podemos encontrar en Espa\u00f1a, aunque s\u00ed es el m\u00e1s grande y uno de los m\u00e1s perfectos que existen. As\u00ed es el diapiro de Poza de la Sal, en Burgos.","og_url":"https:\/\/www.escapadarural.com\/blog\/poza-de-la-sal-diapiro-mas-grande-de-europa\/","og_site_name":"Magazine de viajes de EscapadaRural","article_publisher":"https:\/\/www.facebook.com\/escapadarural","article_published_time":"2023-08-02T10:34:56+00:00","article_modified_time":"2025-06-18T12:13:10+00:00","og_image":[{"width":1024,"height":683,"url":"https:\/\/www.escapadarural.com\/blog\/wp-content\/uploads\/2024\/10\/poza-de-la-sal-burgos-1024x683-1.jpg","type":"image\/jpeg"}],"author":"Alba Feliz","twitter_card":"summary_large_image","twitter_misc":{"Escrito por":"Alba Feliz","Tiempo de lectura":"5 minutos"},"schema":{"@context":"https:\/\/schema.org","@graph":[{"@type":"Article","@id":"https:\/\/www.escapadarural.com\/blog\/poza-de-la-sal-diapiro-mas-grande-de-europa\/#article","isPartOf":{"@id":"https:\/\/www.escapadarural.com\/blog\/poza-de-la-sal-diapiro-mas-grande-de-europa\/"},"author":{"name":"Alba Feliz","@id":"https:\/\/www.escapadarural.com\/blog\/#\/schema\/person\/65271b7b847121ab7a4f8c3be624d420"},"headline":"Poza de la Sal: el diapiro m\u00e1s grande de Europa est\u00e1 en Espa\u00f1a","datePublished":"2023-08-02T10:34:56+00:00","dateModified":"2025-06-18T12:13:10+00:00","mainEntityOfPage":{"@id":"https:\/\/www.escapadarural.com\/blog\/poza-de-la-sal-diapiro-mas-grande-de-europa\/"},"wordCount":1086,"commentCount":0,"publisher":{"@id":"https:\/\/www.escapadarural.com\/blog\/#organization"},"image":{"@id":"https:\/\/www.escapadarural.com\/blog\/poza-de-la-sal-diapiro-mas-grande-de-europa\/#primaryimage"},"thumbnailUrl":"https:\/\/www.escapadarural.com\/blog\/wp-content\/uploads\/2024\/10\/poza-de-la-sal-burgos-1024x683-1.jpg","keywords":["art\u00edculo","Burgos","Castilla y Le\u00f3n","poza de la sal","Salinas"],"articleSection":["Ciencia"],"inLanguage":"es","potentialAction":[{"@type":"CommentAction","name":"Comment","target":["https:\/\/www.escapadarural.com\/blog\/poza-de-la-sal-diapiro-mas-grande-de-europa\/#respond"]}]},{"@type":"WebPage","@id":"https:\/\/www.escapadarural.com\/blog\/poza-de-la-sal-diapiro-mas-grande-de-europa\/","url":"https:\/\/www.escapadarural.com\/blog\/poza-de-la-sal-diapiro-mas-grande-de-europa\/","name":"Poza de la Sal: el diapiro m\u00e1s grande de Europa est\u00e1 en Espa\u00f1a - EscapadaRural","isPartOf":{"@id":"https:\/\/www.escapadarural.com\/blog\/#website"},"primaryImageOfPage":{"@id":"https:\/\/www.escapadarural.com\/blog\/poza-de-la-sal-diapiro-mas-grande-de-europa\/#primaryimage"},"image":{"@id":"https:\/\/www.escapadarural.com\/blog\/poza-de-la-sal-diapiro-mas-grande-de-europa\/#primaryimage"},"thumbnailUrl":"https:\/\/www.escapadarural.com\/blog\/wp-content\/uploads\/2024\/10\/poza-de-la-sal-burgos-1024x683-1.jpg","datePublished":"2023-08-02T10:34:56+00:00","dateModified":"2025-06-18T12:13:10+00:00","breadcrumb":{"@id":"https:\/\/www.escapadarural.com\/blog\/poza-de-la-sal-diapiro-mas-grande-de-europa\/#breadcrumb"},"inLanguage":"es","potentialAction":[{"@type":"ReadAction","target":["https:\/\/www.escapadarural.com\/blog\/poza-de-la-sal-diapiro-mas-grande-de-europa\/"]}]},{"@type":"ImageObject","inLanguage":"es","@id":"https:\/\/www.escapadarural.com\/blog\/poza-de-la-sal-diapiro-mas-grande-de-europa\/#primaryimage","url":"https:\/\/www.escapadarural.com\/blog\/wp-content\/uploads\/2024\/10\/poza-de-la-sal-burgos-1024x683-1.jpg","contentUrl":"https:\/\/www.escapadarural.com\/blog\/wp-content\/uploads\/2024\/10\/poza-de-la-sal-burgos-1024x683-1.jpg","width":1024,"height":683,"caption":"Un peque\u00f1o pueblo con tejados de tejas rojas se asienta en la base de una ladera rocosa, invitando a los amantes del turismo rural a explorar su encanto, rodeado de campos verdes y monta\u00f1as lejanas bajo un cielo azul brumoso."},{"@type":"BreadcrumbList","@id":"https:\/\/www.escapadarural.com\/blog\/poza-de-la-sal-diapiro-mas-grande-de-europa\/#breadcrumb","itemListElement":[{"@type":"ListItem","position":1,"name":"Inicio","item":"https:\/\/www.escapadarural.com\/blog\/"},{"@type":"ListItem","position":2,"name":"Ciencia","item":"https:\/\/www.escapadarural.com\/blog\/categoria\/ciencia\/"},{"@type":"ListItem","position":3,"name":"Poza de la Sal: el diapiro m\u00e1s grande de Europa est\u00e1 en Espa\u00f1a"}]},{"@type":"WebSite","@id":"https:\/\/www.escapadarural.com\/blog\/#website","url":"https:\/\/www.escapadarural.com\/blog\/","name":"Blog de viajes | turismo rural, alojamientos e inspiraci\u00f3n","description":"Alojamientos rurales e inspiraci\u00f3n para tus escapadas","publisher":{"@id":"https:\/\/www.escapadarural.com\/blog\/#organization"},"alternateName":"Magazine de viajes de EscapadaRural","potentialAction":[{"@type":"SearchAction","target":{"@type":"EntryPoint","urlTemplate":"https:\/\/www.escapadarural.com\/blog\/?s={search_term_string}"},"query-input":{"@type":"PropertyValueSpecification","valueRequired":true,"valueName":"search_term_string"}}],"inLanguage":"es"},{"@type":"Organization","@id":"https:\/\/www.escapadarural.com\/blog\/#organization","name":"EscapadaRural","url":"https:\/\/www.escapadarural.com\/blog\/","logo":{"@type":"ImageObject","inLanguage":"es","@id":"https:\/\/www.escapadarural.com\/blog\/#\/schema\/logo\/image\/","url":"https:\/\/www.escapadarural.com\/blog\/wp-content\/uploads\/2024\/10\/cropped-cropped-escapada-rural-icon-mag-3.png","contentUrl":"https:\/\/www.escapadarural.com\/blog\/wp-content\/uploads\/2024\/10\/cropped-cropped-escapada-rural-icon-mag-3.png","width":512,"height":512,"caption":"EscapadaRural"},"image":{"@id":"https:\/\/www.escapadarural.com\/blog\/#\/schema\/logo\/image\/"},"sameAs":["https:\/\/www.facebook.com\/escapadarural","https:\/\/www.instagram.com\/escapadarural\/","https:\/\/www.youtube.com\/@escapadaruralcom"]},{"@type":"Person","@id":"https:\/\/www.escapadarural.com\/blog\/#\/schema\/person\/65271b7b847121ab7a4f8c3be624d420","name":"Alba Feliz","image":{"@type":"ImageObject","inLanguage":"es","@id":"https:\/\/www.escapadarural.com\/blog\/wp-content\/uploads\/2024\/11\/cropped-alba-96x96.jpg","url":"https:\/\/www.escapadarural.com\/blog\/wp-content\/uploads\/2024\/11\/cropped-alba-96x96.jpg","contentUrl":"https:\/\/www.escapadarural.com\/blog\/wp-content\/uploads\/2024\/11\/cropped-alba-96x96.jpg","caption":"Alba Feliz"},"description":"Redactora, productora audiovisual y graduada en turismo y direcci\u00f3n hotelera. Creo firmemente que viajar abre la mente y permite conocer otras realidades que quiz\u00e1s desconocemos. Me apasiona la fotograf\u00eda anal\u00f3gica (la de toda la vida) y darle una oportunidad a los destinos menos conocidos.","url":"https:\/\/www.escapadarural.com\/blog\/autor\/alba\/"}]}},"_links":{"self":[{"href":"https:\/\/www.escapadarural.com\/blog\/wp-json\/wp\/v2\/posts\/63314","targetHints":{"allow":["GET"]}}],"collection":[{"href":"https:\/\/www.escapadarural.com\/blog\/wp-json\/wp\/v2\/posts"}],"about":[{"href":"https:\/\/www.escapadarural.com\/blog\/wp-json\/wp\/v2\/types\/post"}],"author":[{"embeddable":true,"href":"https:\/\/www.escapadarural.com\/blog\/wp-json\/wp\/v2\/users\/151"}],"replies":[{"embeddable":true,"href":"https:\/\/www.escapadarural.com\/blog\/wp-json\/wp\/v2\/comments?post=63314"}],"version-history":[{"count":0,"href":"https:\/\/www.escapadarural.com\/blog\/wp-json\/wp\/v2\/posts\/63314\/revisions"}],"wp:featuredmedia":[{"embeddable":true,"href":"https:\/\/www.escapadarural.com\/blog\/wp-json\/wp\/v2\/media\/96706"}],"wp:attachment":[{"href":"https:\/\/www.escapadarural.com\/blog\/wp-json\/wp\/v2\/media?parent=63314"}],"wp:term":[{"taxonomy":"category","embeddable":true,"href":"https:\/\/www.escapadarural.com\/blog\/wp-json\/wp\/v2\/categories?post=63314"},{"taxonomy":"post_tag","embeddable":true,"href":"https:\/\/www.escapadarural.com\/blog\/wp-json\/wp\/v2\/tags?post=63314"}],"curies":[{"name":"wp","href":"https:\/\/api.w.org\/{rel}","templated":true}]}}