{"id":63405,"date":"2023-06-21T09:29:46","date_gmt":"2023-06-21T08:29:46","guid":{"rendered":"https:\/\/www.escapadarural.com\/blog\/?p=63405"},"modified":"2025-06-19T09:04:26","modified_gmt":"2025-06-19T07:04:26","slug":"bibliotecas-custodiadas-por-murcielagos-portugal","status":"publish","type":"post","link":"https:\/\/www.escapadarural.com\/blog\/bibliotecas-custodiadas-por-murcielagos-portugal\/","title":{"rendered":"Estas dos bibliotecas portuguesas est\u00e1n custodiadas por murci\u00e9lagos"},"content":{"rendered":"\n<figure class=\"wp-block-image size-large\"><a href=\"https:\/\/www.escapadarural.com\/blog\/wp-content\/uploads\/universidade_coimbra-scaled.jpg\"><img decoding=\"async\" src=\"https:\/\/www.escapadarural.com\/blog\/wp-content\/uploads\/2024\/10\/universidade_coimbra-1024x683-1.jpg\" alt=\"Biblioteca Joanina de la Universidad de Coimbra, una de las bibliotecas m\u00e1s bonitas de Portugal\" class=\"wp-image-63426\"\/><\/a><figcaption class=\"wp-element-caption\">Biblioteca Joanina de la Universidad de Coimbra. Por Benny Marty<\/figcaption><\/figure>\n\n\n\n<p>\u00bfQu\u00e9 tienen en com\u00fan la <strong>Biblioteca Joanina de la Universidad de Coimbra<\/strong> y la <strong>biblioteca del Palacio de Mafra<\/strong>? Para empezar, son dos de las bibliotecas m\u00e1s bonitas del mundo, seg\u00fan varios rankings de este tipo, como el que hizo el peri\u00f3dico brit\u00e1nico <em><a href=\"https:\/\/www.theguardian.com\/artanddesign\/gallery\/2018\/jul\/31\/libraries-world-most-beautiful-in-pictures\" target=\"_blank\" rel=\"noreferrer noopener nofollow\">The Guardian<\/a> <\/em>en 2018. Pero no es solo su belleza que las hace destacar de las dem\u00e1s bibliotecas del mundo. Las dos tienen unos guardianes peculiares: <strong>murci\u00e9lagos<\/strong>.<\/p>\n\n\n\n<p>Estos mam\u00edferos voladores no son una plaga ni tampoco habitantes no deseados. No se sabe realmente hace cu\u00e1ntos a\u00f1os los murci\u00e9lagos viven en esas bibliotecas, si hace 300 a\u00f1os cuando los edificios fueron constru\u00eddos o m\u00e1s recientemente. Curiosamente, tanto el edificio donde est\u00e1 la <strong>Biblioteca Joanina<\/strong> como el <strong>Palacio de Mafra<\/strong> fueron erigidos en el siglo XVIII por el rey Jo\u00e3o V de Portugal.<\/p>\n\n\n\n<h2 class=\"wp-block-heading\" id=\"h-unos-trabajadores-incansables\">Unos trabajadores incansables<\/h2>\n\n\n\n<figure class=\"wp-block-image size-large\"><a href=\"https:\/\/www.escapadarural.com\/blog\/wp-content\/uploads\/Biblioteca_Joanina_Coimbra-scaled.jpg\"><img decoding=\"async\" src=\"https:\/\/www.escapadarural.com\/blog\/wp-content\/uploads\/2024\/10\/Biblioteca_Joanina_Coimbra-1024x815-1.jpg\" alt=\"Biblioteca Joanina de la Universidad de Coimbra\" class=\"wp-image-63433\"\/><\/a><figcaption class=\"wp-element-caption\">Biblioteca Joanina de la Universidad de Coimbra. Por Jl FilpoC<\/figcaption><\/figure>\n\n\n\n<p>Los trabajadores de la Biblioteca Joanina entrevistados por la <em><a href=\"https:\/\/www.smithsonianmag.com\/travel\/these-portuguese-libraries-are-infested-batsand-they-it-way-180969276\/\" target=\"_blank\" rel=\"noreferrer noopener nofollow\">Smithsonian Magazine<\/a><\/em> creen que <strong>los murci\u00e9lagos viven all\u00ed al menos desde el siglo XIX<\/strong>. Actualmente, los bibliotecarios contin\u00faan usando mantas de cuero para cubrir las mesas del siglo XVIII y protegerlas de los excrementos de los murci\u00e9lagos.<\/p>\n\n\n\n<p>Pero olv\u00eddate si piensas que estos animales salen volando sobre tu cabeza mientras lees un libro. Eso no pasa. Los murci\u00e9lagos son, en general, nocturnos. Es decir, est\u00e1n activos durante la noche, cuando van en busca de alimento. Durante el d\u00eda, estos mam\u00edferos duermen colgados de las estanter\u00edas m\u00e1s altas.<\/p>\n\n\n\n<p>Al anochecer, cuando la biblioteca cierra sus puertas, los murci\u00e9lagos empiezan su labor, aliment\u00e1ndose de insectos que podr\u00edan da\u00f1ar los libros, muchos de ellos de gran valor. Estas dos bibliotecas son su hogar y no solo son bienvenidos sino que se toman se toman medidas especiales para que est\u00e9n c\u00f3modos y sigan all\u00ed. Al final, realizan un trabajo muy importante, a cambio de refugio.<\/p>\n\n\n\n<figure class=\"wp-block-image size-large\"><a href=\"https:\/\/www.escapadarural.com\/blog\/wp-content\/uploads\/Biblioteca_Joanina-scaled.jpg\"><img decoding=\"async\" src=\"https:\/\/www.escapadarural.com\/blog\/wp-content\/uploads\/2024\/10\/Biblioteca_Joanina-1024x685-1.jpg\" alt=\"Biblioteca Joanina de la Universidad de Coimbra\" class=\"wp-image-63435\"\/><\/a><figcaption class=\"wp-element-caption\">Biblioteca Joanina de la Universidad de Coimbra. Por Trishhhh<\/figcaption><\/figure>\n\n\n\n<p>Seg\u00fan explicaba en 2017 la Agencia EFE, citada por <em><a href=\"https:\/\/www.elconfidencial.com\/alma-corazon-vida\/2022-01-24\/murcielagos-que-protegen-libros-la-peculiar-relacion-de-estos-animales-con-dos-bibliotecas-de-portugal_3357908\/\" target=\"_blank\" rel=\"noreferrer noopener nofollow\">El Confidencial<\/a><\/em>, \u201ccada ejemplar de murci\u00e9lago que habita en la Biblioteca de Coimbra puede llegar a cazar en una sola noche medio millar de insectos que sobrevuelan entre los ejemplares\u201d.<\/p>\n\n\n\n<p>Los murci\u00e9lagos son esenciales en la caza de la <a href=\"https:\/\/es.wikipedia.org\/wiki\/Carcoma\" target=\"_blank\" rel=\"noreferrer noopener nofollow\">carcoma<\/a>, cuya larva excava galer\u00edas sinuosas muy aparentes en los libros y puede hacer verdaderos estragos tanto en el papel como en el cuero de las encuadernaciones. Los conocidos como \u201cpececillos de plata\u201d (<em><a href=\"https:\/\/es.wikipedia.org\/wiki\/Lepisma_saccharina\" target=\"_blank\" rel=\"noreferrer noopener nofollow\">Lepisma saccharina<\/a><\/em>), compa\u00f1eros de las carcomas, son tambi\u00e9n objeto de caza para los murci\u00e9lagos, porque en vez de hacer galer\u00edas acaban consumiendo las hojas de papel, preferiblemente de libros antiguos.<\/p>\n\n\n\n<figure class=\"wp-block-image size-large\"><a href=\"https:\/\/www.escapadarural.com\/blog\/wp-content\/uploads\/94999-Coimbra_49023619207-scaled.jpg\"><img decoding=\"async\" src=\"https:\/\/www.escapadarural.com\/blog\/wp-content\/uploads\/2024\/10\/94999-Coimbra_49023619207-1024x683-1.jpg\" alt=\"Biblioteca Joanina de la Universidad de Coimbra\" class=\"wp-image-63440\"\/><\/a><figcaption class=\"wp-element-caption\">Biblioteca Joanina de la Universidad de Coimbra. Por xiquinhosilva<\/figcaption><\/figure>\n\n\n\n<p>Los bibliotecarios y conservadores aseguran que los vol\u00famenes se han conservado a la perfecci\u00f3n gracias a estos trabajadores incansables. A pesar de que se trata de edificios con numerosos circuitos de ventilaci\u00f3n antiguos por los que se pueden colar los insectos, todo est\u00e1 impecable.<\/p>\n\n\n\n<p>Sin embargo, el aumento de ejemplares y el paso del tiempo han hecho que las dos colonias de murci\u00e9lagos no sean suficientes como medida protectora de los libros de la Biblioteca Joanina. As\u00ed que, de acuerdo con la Universidad de Coimbra, citada por el <em><a href=\"https:\/\/www.publico.es\/internacional\/murcielagos-guardianes-biblioteca-equilibran-cultura-naturaleza.html\" target=\"_blank\" rel=\"noreferrer noopener nofollow\">P\u00fablico<\/a><\/em>, en 2017, fue adquirida una c\u00e1mara de anoxia de seis metros c\u00fabicos de capacidad para tratar el fondo bibliogr\u00e1fico. El objetivo es la desinfecci\u00f3n de los libros, evitando as\u00ed la acci\u00f3n insect\u00edvora.<\/p>\n\n\n\n<h2 class=\"wp-block-heading\" id=\"h-dos-de-las-bibliotecas-mas-bonitas-del-mundo\">Dos de las bibliotecas m\u00e1s bonitas del mundo<\/h2>\n\n\n\n<figure class=\"wp-block-image size-large\"><a href=\"https:\/\/www.escapadarural.com\/blog\/wp-content\/uploads\/Biblioteca_Joanina_Universidade_de_Coimbra.jpg\"><img decoding=\"async\" src=\"https:\/\/www.escapadarural.com\/blog\/wp-content\/uploads\/2024\/10\/Biblioteca_Joanina_Universidade_de_Coimbra-1024x819-1.jpg\" alt=\"Biblioteca Joanina de la Universidad de Coimbra\" class=\"wp-image-63430\"\/><\/a><figcaption class=\"wp-element-caption\">Biblioteca Joanina de la Universidad de Coimbra. Por Manuelvbotelho<\/figcaption><\/figure>\n\n\n\n<p>La <strong>Biblioteca Joanina<\/strong> fue construida sobre una prisi\u00f3n medieval en el siglo XVIII, siendo reconocida como una de las bibliotecas barrocas europeas m\u00e1s originales y espectaculares. M\u00e1s tarde, sus celdas se usaron como prisi\u00f3n acad\u00e9mica para los estudiantes.<\/p>\n\n\n\n<p>En los tres pisos de la Biblioteca Joanina se conservan <strong>60 mil vol\u00famenes<\/strong> de diversas materias, que datan del siglo XVI al siglo XVIII, y, en conjunto con la Biblioteca General de la Universidad de Coimbra, se contabilizan un mill\u00f3n de vol\u00famenes.<\/p>\n\n\n\n<p>Adem\u00e1s de libros, la biblioteca guarda peri\u00f3dicos, revistas, manuscritos muy particulares y colecciones especializadas, entre los que sobresale una notable colecci\u00f3n de mapas antiguos y un extenso e inusual conjunto de documentos musicales.<\/p>\n\n\n\n<p>En esta biblioteca se encuentran verdaderas reliquias, tales como la primera edici\u00f3n de <em>Os Lus\u00edadas<\/em>, la obra maestra de Lu\u00eds de Cam\u00f5es, y una biblia hebrea editada en la segunda mitad del siglo XV de la que apenas existen una veintena de ejemplares en todo el mundo.<\/p>\n\n\n\n<p>Tambi\u00e9n llama la atenci\u00f3n la Biblia Latina de las 48 l\u00edneas, llamada as\u00ed porque cada p\u00e1gina tiene 48 l\u00edneas. Esta biblia fue impresa en 1462 por dos socios de Gutenberg y es considerada una de las m\u00e1s bonitas de entre las cuatro primeras biblias impresas.<\/p>\n\n\n\n<figure class=\"wp-block-image size-large\"><a href=\"https:\/\/www.escapadarural.com\/blog\/wp-content\/uploads\/Biblioteca_-_Palacio_Nacional_de_Mafra-scaled.jpg\"><img decoding=\"async\" src=\"https:\/\/www.escapadarural.com\/blog\/wp-content\/uploads\/2024\/10\/Biblioteca_-_Palacio_Nacional_de_Mafra-1024x677-1.jpg\" alt=\"Biblioteca Palacio de Mafra\" class=\"wp-image-63437\"\/><\/a><figcaption class=\"wp-element-caption\">Biblioteca del Palacio de Mafra. Por Amfeli<\/figcaption><\/figure>\n\n\n\n<p>A unos 200 kil\u00f3metros de la Biblioteca Joanina est\u00e1 la <strong>biblioteca del Palacio de Mafra<\/strong>, cerca de Lisboa. Lo que las separa en distancia las une el dise\u00f1o barroco del siglo XVIII muy ornamentado y, por supuesto, su residentes voladores.<\/p>\n\n\n\n<p>Hay alrededor de <strong>36 mil libros<\/strong> en los estantes de esta biblioteca de la era de la Ilustraci\u00f3n en estilo rococ\u00f3. No es de extra\u00f1ar que la biblioteca de Mafra sea considerada una de las m\u00e1s importantes de Europa.<\/p>\n\n\n\n<p>Como en el caso de la biblioteca de la Universidad de Coimbra, no se sabe con certeza cu\u00e1ndo comenzaron a asentarse los murci\u00e9lagos en la biblioteca del palacio. Seg\u00fan Hugo Rebelo, investigador del Centro de Investigaci\u00f3n en Biodiversidad y Recursos Gen\u00e9ticos de la Universidad de Oporto, citado por la <em>Smithsonian Magazine<\/em>, deben haber habitado la biblioteca durante siglos.<\/p>\n\n\n\n<p>Como dijimos antes, no es f\u00e1cil ver los murci\u00e9lagos en las dos bibliotecas, porque solo salen por la noche para cazar los insectos, pero la Universidad de Coimbra tiene un programa de visitas nocturnas a los espacios m\u00e1s emblem\u00e1ticos de la instituci\u00f3n, incluyendo la Biblioteca Joanina. El programa <a href=\"https:\/\/visit.uc.pt\/pt\/\" target=\"_blank\" rel=\"noreferrer noopener nofollow\">\u201cUC by Night\u201d<\/a> tiene lugar durante los s\u00e1bados de verano.<\/p>\n\n\n\n<p>Ver murci\u00e9lagos en la biblioteca del Palacio de Mafra puede ser m\u00e1s complicado que en Coimbra, ya que cierra antes del anochecer, cuando los murci\u00e9lagos se trasladan de las estanter\u00edas a los jardines del palacio. Quiz\u00e1s por eso y para recordarnos que existen, en la biblioteca hay una peque\u00f1a vitrina con los restos de tres murci\u00e9lagos.<\/p>\n","protected":false},"excerpt":{"rendered":"<p>\u00bfQu\u00e9 tienen en com\u00fan la Biblioteca Joanina de la Universidad de Coimbra y la biblioteca del Palacio de Mafra? Para empezar, son dos de las bibliotecas m\u00e1s bonitas del mundo y las dos est\u00e1n custodiadas por unos guardianes peculiares. <\/p>\n","protected":false},"author":135,"featured_media":97395,"comment_status":"open","ping_status":"open","sticky":false,"template":"","format":"standard","meta":{"_acf_changed":false,"om_disable_all_campaigns":false,"footnotes":""},"categories":[231],"tags":[260,5202,5050,2071,870,5204,538,5205],"class_list":["post-63405","post","type-post","status-publish","format-standard","has-post-thumbnail","hentry","category-arte-y-cultura","tag-articulo","tag-biblioteca-joanina","tag-bibliotecas","tag-coimbra","tag-monumentos","tag-palacio-de-mafra","tag-portugal","tag-universidad-de-coimbra"],"acf":[],"featured_image_src":"https:\/\/www.escapadarural.com\/blog\/wp-content\/uploads\/2024\/10\/universidade_coimbra-1024x683-1.jpg","author_info":{"display_name":"\u00c2ngela Coelho","author_link":"https:\/\/www.escapadarural.com\/blog\/autor\/angela\/"},"yoast_head":"<!-- This site is optimized with the Yoast SEO plugin v27.5 - https:\/\/yoast.com\/product\/yoast-seo-wordpress\/ -->\n<title>Estas dos bibliotecas portuguesas est\u00e1n custodiadas por murci\u00e9lagos - EscapadaRural<\/title>\n<meta name=\"robots\" content=\"index, follow, max-snippet:-1, max-image-preview:large, max-video-preview:-1\" \/>\n<link rel=\"canonical\" href=\"https:\/\/www.escapadarural.com\/blog\/bibliotecas-custodiadas-por-murcielagos-portugal\/\" \/>\n<meta property=\"og:locale\" content=\"es_ES\" \/>\n<meta property=\"og:type\" content=\"article\" \/>\n<meta property=\"og:title\" content=\"Estas dos bibliotecas portuguesas est\u00e1n custodiadas por murci\u00e9lagos - EscapadaRural\" \/>\n<meta property=\"og:description\" content=\"\u00bfQu\u00e9 tienen en com\u00fan la Biblioteca Joanina de la Universidad de Coimbra y la biblioteca del Palacio de Mafra? Para empezar, son dos de las bibliotecas m\u00e1s bonitas del mundo y las dos est\u00e1n custodiadas por unos guardianes peculiares.\" \/>\n<meta property=\"og:url\" content=\"https:\/\/www.escapadarural.com\/blog\/bibliotecas-custodiadas-por-murcielagos-portugal\/\" \/>\n<meta property=\"og:site_name\" content=\"Magazine de viajes de EscapadaRural\" \/>\n<meta property=\"article:publisher\" content=\"https:\/\/www.facebook.com\/escapadarural\" \/>\n<meta property=\"article:published_time\" content=\"2023-06-21T08:29:46+00:00\" \/>\n<meta property=\"article:modified_time\" content=\"2025-06-19T07:04:26+00:00\" \/>\n<meta property=\"og:image\" content=\"https:\/\/www.escapadarural.com\/blog\/wp-content\/uploads\/2024\/10\/universidade_coimbra-1024x683-1.jpg\" \/>\n\t<meta property=\"og:image:width\" content=\"1024\" \/>\n\t<meta property=\"og:image:height\" content=\"683\" \/>\n\t<meta property=\"og:image:type\" content=\"image\/jpeg\" \/>\n<meta name=\"author\" content=\"\u00c2ngela Coelho\" \/>\n<meta name=\"twitter:card\" content=\"summary_large_image\" \/>\n<meta name=\"twitter:label1\" content=\"Escrito por\" \/>\n\t<meta name=\"twitter:data1\" content=\"\u00c2ngela Coelho\" \/>\n\t<meta name=\"twitter:label2\" content=\"Tiempo de lectura\" \/>\n\t<meta name=\"twitter:data2\" content=\"6 minutos\" \/>\n<script type=\"application\/ld+json\" class=\"yoast-schema-graph\">{\"@context\":\"https:\\\/\\\/schema.org\",\"@graph\":[{\"@type\":\"Article\",\"@id\":\"https:\\\/\\\/www.escapadarural.com\\\/blog\\\/bibliotecas-custodiadas-por-murcielagos-portugal\\\/#article\",\"isPartOf\":{\"@id\":\"https:\\\/\\\/www.escapadarural.com\\\/blog\\\/bibliotecas-custodiadas-por-murcielagos-portugal\\\/\"},\"author\":{\"name\":\"\u00c2ngela Coelho\",\"@id\":\"https:\\\/\\\/www.escapadarural.com\\\/blog\\\/#\\\/schema\\\/person\\\/27db72653db008ab82e5d7fe93d09972\"},\"headline\":\"Estas dos bibliotecas portuguesas est\u00e1n custodiadas por murci\u00e9lagos\",\"datePublished\":\"2023-06-21T08:29:46+00:00\",\"dateModified\":\"2025-06-19T07:04:26+00:00\",\"mainEntityOfPage\":{\"@id\":\"https:\\\/\\\/www.escapadarural.com\\\/blog\\\/bibliotecas-custodiadas-por-murcielagos-portugal\\\/\"},\"wordCount\":1142,\"commentCount\":0,\"publisher\":{\"@id\":\"https:\\\/\\\/www.escapadarural.com\\\/blog\\\/#organization\"},\"image\":{\"@id\":\"https:\\\/\\\/www.escapadarural.com\\\/blog\\\/bibliotecas-custodiadas-por-murcielagos-portugal\\\/#primaryimage\"},\"thumbnailUrl\":\"https:\\\/\\\/www.escapadarural.com\\\/blog\\\/wp-content\\\/uploads\\\/2024\\\/10\\\/universidade_coimbra-1024x683-1.jpg\",\"keywords\":[\"art\u00edculo\",\"biblioteca joanina\",\"bibliotecas\",\"Co\u00edmbra\",\"Monumentos\",\"palacio de mafra\",\"portugal\",\"universidad de coimbra\"],\"articleSection\":[\"Arte y Cultura\"],\"inLanguage\":\"es\",\"potentialAction\":[{\"@type\":\"CommentAction\",\"name\":\"Comment\",\"target\":[\"https:\\\/\\\/www.escapadarural.com\\\/blog\\\/bibliotecas-custodiadas-por-murcielagos-portugal\\\/#respond\"]}]},{\"@type\":\"WebPage\",\"@id\":\"https:\\\/\\\/www.escapadarural.com\\\/blog\\\/bibliotecas-custodiadas-por-murcielagos-portugal\\\/\",\"url\":\"https:\\\/\\\/www.escapadarural.com\\\/blog\\\/bibliotecas-custodiadas-por-murcielagos-portugal\\\/\",\"name\":\"Estas dos bibliotecas portuguesas est\u00e1n custodiadas por murci\u00e9lagos - EscapadaRural\",\"isPartOf\":{\"@id\":\"https:\\\/\\\/www.escapadarural.com\\\/blog\\\/#website\"},\"primaryImageOfPage\":{\"@id\":\"https:\\\/\\\/www.escapadarural.com\\\/blog\\\/bibliotecas-custodiadas-por-murcielagos-portugal\\\/#primaryimage\"},\"image\":{\"@id\":\"https:\\\/\\\/www.escapadarural.com\\\/blog\\\/bibliotecas-custodiadas-por-murcielagos-portugal\\\/#primaryimage\"},\"thumbnailUrl\":\"https:\\\/\\\/www.escapadarural.com\\\/blog\\\/wp-content\\\/uploads\\\/2024\\\/10\\\/universidade_coimbra-1024x683-1.jpg\",\"datePublished\":\"2023-06-21T08:29:46+00:00\",\"dateModified\":\"2025-06-19T07:04:26+00:00\",\"breadcrumb\":{\"@id\":\"https:\\\/\\\/www.escapadarural.com\\\/blog\\\/bibliotecas-custodiadas-por-murcielagos-portugal\\\/#breadcrumb\"},\"inLanguage\":\"es\",\"potentialAction\":[{\"@type\":\"ReadAction\",\"target\":[\"https:\\\/\\\/www.escapadarural.com\\\/blog\\\/bibliotecas-custodiadas-por-murcielagos-portugal\\\/\"]}]},{\"@type\":\"ImageObject\",\"inLanguage\":\"es\",\"@id\":\"https:\\\/\\\/www.escapadarural.com\\\/blog\\\/bibliotecas-custodiadas-por-murcielagos-portugal\\\/#primaryimage\",\"url\":\"https:\\\/\\\/www.escapadarural.com\\\/blog\\\/wp-content\\\/uploads\\\/2024\\\/10\\\/universidade_coimbra-1024x683-1.jpg\",\"contentUrl\":\"https:\\\/\\\/www.escapadarural.com\\\/blog\\\/wp-content\\\/uploads\\\/2024\\\/10\\\/universidade_coimbra-1024x683-1.jpg\",\"width\":1024,\"height\":683,\"caption\":\"Una gran biblioteca ornamentada con alt\u00edsimas estanter\u00edas, intrincadas barandillas doradas y un techo profusamente pintado con figuras y obras de arte cl\u00e1sicas, iluminada por la luz natural de altos ventanales.\"},{\"@type\":\"BreadcrumbList\",\"@id\":\"https:\\\/\\\/www.escapadarural.com\\\/blog\\\/bibliotecas-custodiadas-por-murcielagos-portugal\\\/#breadcrumb\",\"itemListElement\":[{\"@type\":\"ListItem\",\"position\":1,\"name\":\"Inicio\",\"item\":\"https:\\\/\\\/www.escapadarural.com\\\/blog\\\/\"},{\"@type\":\"ListItem\",\"position\":2,\"name\":\"Arte y Cultura\",\"item\":\"https:\\\/\\\/www.escapadarural.com\\\/blog\\\/categoria\\\/arte-y-cultura\\\/\"},{\"@type\":\"ListItem\",\"position\":3,\"name\":\"Estas dos bibliotecas portuguesas est\u00e1n custodiadas por murci\u00e9lagos\"}]},{\"@type\":\"WebSite\",\"@id\":\"https:\\\/\\\/www.escapadarural.com\\\/blog\\\/#website\",\"url\":\"https:\\\/\\\/www.escapadarural.com\\\/blog\\\/\",\"name\":\"Blog de viajes | turismo rural, alojamientos e inspiraci\u00f3n\",\"description\":\"Alojamientos rurales e inspiraci\u00f3n para tus escapadas\",\"publisher\":{\"@id\":\"https:\\\/\\\/www.escapadarural.com\\\/blog\\\/#organization\"},\"alternateName\":\"Magazine de viajes de EscapadaRural\",\"potentialAction\":[{\"@type\":\"SearchAction\",\"target\":{\"@type\":\"EntryPoint\",\"urlTemplate\":\"https:\\\/\\\/www.escapadarural.com\\\/blog\\\/?s={search_term_string}\"},\"query-input\":{\"@type\":\"PropertyValueSpecification\",\"valueRequired\":true,\"valueName\":\"search_term_string\"}}],\"inLanguage\":\"es\"},{\"@type\":\"Organization\",\"@id\":\"https:\\\/\\\/www.escapadarural.com\\\/blog\\\/#organization\",\"name\":\"EscapadaRural\",\"url\":\"https:\\\/\\\/www.escapadarural.com\\\/blog\\\/\",\"logo\":{\"@type\":\"ImageObject\",\"inLanguage\":\"es\",\"@id\":\"https:\\\/\\\/www.escapadarural.com\\\/blog\\\/#\\\/schema\\\/logo\\\/image\\\/\",\"url\":\"https:\\\/\\\/www.escapadarural.com\\\/blog\\\/wp-content\\\/uploads\\\/2024\\\/10\\\/cropped-cropped-escapada-rural-icon-mag-3.png\",\"contentUrl\":\"https:\\\/\\\/www.escapadarural.com\\\/blog\\\/wp-content\\\/uploads\\\/2024\\\/10\\\/cropped-cropped-escapada-rural-icon-mag-3.png\",\"width\":512,\"height\":512,\"caption\":\"EscapadaRural\"},\"image\":{\"@id\":\"https:\\\/\\\/www.escapadarural.com\\\/blog\\\/#\\\/schema\\\/logo\\\/image\\\/\"},\"sameAs\":[\"https:\\\/\\\/www.facebook.com\\\/escapadarural\",\"https:\\\/\\\/www.instagram.com\\\/escapadarural\\\/\",\"https:\\\/\\\/www.youtube.com\\\/@escapadaruralcom\"]},{\"@type\":\"Person\",\"@id\":\"https:\\\/\\\/www.escapadarural.com\\\/blog\\\/#\\\/schema\\\/person\\\/27db72653db008ab82e5d7fe93d09972\",\"name\":\"\u00c2ngela Coelho\",\"image\":{\"@type\":\"ImageObject\",\"inLanguage\":\"es\",\"@id\":\"https:\\\/\\\/secure.gravatar.com\\\/avatar\\\/266007c4d733a1352809d25c72c8c5b058255e48028e729b91b5970cdc3b19ab?s=96&d=mm&r=g\",\"url\":\"https:\\\/\\\/secure.gravatar.com\\\/avatar\\\/266007c4d733a1352809d25c72c8c5b058255e48028e729b91b5970cdc3b19ab?s=96&d=mm&r=g\",\"contentUrl\":\"https:\\\/\\\/secure.gravatar.com\\\/avatar\\\/266007c4d733a1352809d25c72c8c5b058255e48028e729b91b5970cdc3b19ab?s=96&d=mm&r=g\",\"caption\":\"\u00c2ngela Coelho\"},\"url\":\"https:\\\/\\\/www.escapadarural.com\\\/blog\\\/autor\\\/angela\\\/\"}]}<\/script>\n<!-- \/ Yoast SEO plugin. -->","yoast_head_json":{"title":"Estas dos bibliotecas portuguesas est\u00e1n custodiadas por murci\u00e9lagos - EscapadaRural","robots":{"index":"index","follow":"follow","max-snippet":"max-snippet:-1","max-image-preview":"max-image-preview:large","max-video-preview":"max-video-preview:-1"},"canonical":"https:\/\/www.escapadarural.com\/blog\/bibliotecas-custodiadas-por-murcielagos-portugal\/","og_locale":"es_ES","og_type":"article","og_title":"Estas dos bibliotecas portuguesas est\u00e1n custodiadas por murci\u00e9lagos - EscapadaRural","og_description":"\u00bfQu\u00e9 tienen en com\u00fan la Biblioteca Joanina de la Universidad de Coimbra y la biblioteca del Palacio de Mafra? Para empezar, son dos de las bibliotecas m\u00e1s bonitas del mundo y las dos est\u00e1n custodiadas por unos guardianes peculiares.","og_url":"https:\/\/www.escapadarural.com\/blog\/bibliotecas-custodiadas-por-murcielagos-portugal\/","og_site_name":"Magazine de viajes de EscapadaRural","article_publisher":"https:\/\/www.facebook.com\/escapadarural","article_published_time":"2023-06-21T08:29:46+00:00","article_modified_time":"2025-06-19T07:04:26+00:00","og_image":[{"width":1024,"height":683,"url":"https:\/\/www.escapadarural.com\/blog\/wp-content\/uploads\/2024\/10\/universidade_coimbra-1024x683-1.jpg","type":"image\/jpeg"}],"author":"\u00c2ngela Coelho","twitter_card":"summary_large_image","twitter_misc":{"Escrito por":"\u00c2ngela Coelho","Tiempo de lectura":"6 minutos"},"schema":{"@context":"https:\/\/schema.org","@graph":[{"@type":"Article","@id":"https:\/\/www.escapadarural.com\/blog\/bibliotecas-custodiadas-por-murcielagos-portugal\/#article","isPartOf":{"@id":"https:\/\/www.escapadarural.com\/blog\/bibliotecas-custodiadas-por-murcielagos-portugal\/"},"author":{"name":"\u00c2ngela Coelho","@id":"https:\/\/www.escapadarural.com\/blog\/#\/schema\/person\/27db72653db008ab82e5d7fe93d09972"},"headline":"Estas dos bibliotecas portuguesas est\u00e1n custodiadas por murci\u00e9lagos","datePublished":"2023-06-21T08:29:46+00:00","dateModified":"2025-06-19T07:04:26+00:00","mainEntityOfPage":{"@id":"https:\/\/www.escapadarural.com\/blog\/bibliotecas-custodiadas-por-murcielagos-portugal\/"},"wordCount":1142,"commentCount":0,"publisher":{"@id":"https:\/\/www.escapadarural.com\/blog\/#organization"},"image":{"@id":"https:\/\/www.escapadarural.com\/blog\/bibliotecas-custodiadas-por-murcielagos-portugal\/#primaryimage"},"thumbnailUrl":"https:\/\/www.escapadarural.com\/blog\/wp-content\/uploads\/2024\/10\/universidade_coimbra-1024x683-1.jpg","keywords":["art\u00edculo","biblioteca joanina","bibliotecas","Co\u00edmbra","Monumentos","palacio de mafra","portugal","universidad de coimbra"],"articleSection":["Arte y Cultura"],"inLanguage":"es","potentialAction":[{"@type":"CommentAction","name":"Comment","target":["https:\/\/www.escapadarural.com\/blog\/bibliotecas-custodiadas-por-murcielagos-portugal\/#respond"]}]},{"@type":"WebPage","@id":"https:\/\/www.escapadarural.com\/blog\/bibliotecas-custodiadas-por-murcielagos-portugal\/","url":"https:\/\/www.escapadarural.com\/blog\/bibliotecas-custodiadas-por-murcielagos-portugal\/","name":"Estas dos bibliotecas portuguesas est\u00e1n custodiadas por murci\u00e9lagos - EscapadaRural","isPartOf":{"@id":"https:\/\/www.escapadarural.com\/blog\/#website"},"primaryImageOfPage":{"@id":"https:\/\/www.escapadarural.com\/blog\/bibliotecas-custodiadas-por-murcielagos-portugal\/#primaryimage"},"image":{"@id":"https:\/\/www.escapadarural.com\/blog\/bibliotecas-custodiadas-por-murcielagos-portugal\/#primaryimage"},"thumbnailUrl":"https:\/\/www.escapadarural.com\/blog\/wp-content\/uploads\/2024\/10\/universidade_coimbra-1024x683-1.jpg","datePublished":"2023-06-21T08:29:46+00:00","dateModified":"2025-06-19T07:04:26+00:00","breadcrumb":{"@id":"https:\/\/www.escapadarural.com\/blog\/bibliotecas-custodiadas-por-murcielagos-portugal\/#breadcrumb"},"inLanguage":"es","potentialAction":[{"@type":"ReadAction","target":["https:\/\/www.escapadarural.com\/blog\/bibliotecas-custodiadas-por-murcielagos-portugal\/"]}]},{"@type":"ImageObject","inLanguage":"es","@id":"https:\/\/www.escapadarural.com\/blog\/bibliotecas-custodiadas-por-murcielagos-portugal\/#primaryimage","url":"https:\/\/www.escapadarural.com\/blog\/wp-content\/uploads\/2024\/10\/universidade_coimbra-1024x683-1.jpg","contentUrl":"https:\/\/www.escapadarural.com\/blog\/wp-content\/uploads\/2024\/10\/universidade_coimbra-1024x683-1.jpg","width":1024,"height":683,"caption":"Una gran biblioteca ornamentada con alt\u00edsimas estanter\u00edas, intrincadas barandillas doradas y un techo profusamente pintado con figuras y obras de arte cl\u00e1sicas, iluminada por la luz natural de altos ventanales."},{"@type":"BreadcrumbList","@id":"https:\/\/www.escapadarural.com\/blog\/bibliotecas-custodiadas-por-murcielagos-portugal\/#breadcrumb","itemListElement":[{"@type":"ListItem","position":1,"name":"Inicio","item":"https:\/\/www.escapadarural.com\/blog\/"},{"@type":"ListItem","position":2,"name":"Arte y Cultura","item":"https:\/\/www.escapadarural.com\/blog\/categoria\/arte-y-cultura\/"},{"@type":"ListItem","position":3,"name":"Estas dos bibliotecas portuguesas est\u00e1n custodiadas por murci\u00e9lagos"}]},{"@type":"WebSite","@id":"https:\/\/www.escapadarural.com\/blog\/#website","url":"https:\/\/www.escapadarural.com\/blog\/","name":"Blog de viajes | turismo rural, alojamientos e inspiraci\u00f3n","description":"Alojamientos rurales e inspiraci\u00f3n para tus escapadas","publisher":{"@id":"https:\/\/www.escapadarural.com\/blog\/#organization"},"alternateName":"Magazine de viajes de EscapadaRural","potentialAction":[{"@type":"SearchAction","target":{"@type":"EntryPoint","urlTemplate":"https:\/\/www.escapadarural.com\/blog\/?s={search_term_string}"},"query-input":{"@type":"PropertyValueSpecification","valueRequired":true,"valueName":"search_term_string"}}],"inLanguage":"es"},{"@type":"Organization","@id":"https:\/\/www.escapadarural.com\/blog\/#organization","name":"EscapadaRural","url":"https:\/\/www.escapadarural.com\/blog\/","logo":{"@type":"ImageObject","inLanguage":"es","@id":"https:\/\/www.escapadarural.com\/blog\/#\/schema\/logo\/image\/","url":"https:\/\/www.escapadarural.com\/blog\/wp-content\/uploads\/2024\/10\/cropped-cropped-escapada-rural-icon-mag-3.png","contentUrl":"https:\/\/www.escapadarural.com\/blog\/wp-content\/uploads\/2024\/10\/cropped-cropped-escapada-rural-icon-mag-3.png","width":512,"height":512,"caption":"EscapadaRural"},"image":{"@id":"https:\/\/www.escapadarural.com\/blog\/#\/schema\/logo\/image\/"},"sameAs":["https:\/\/www.facebook.com\/escapadarural","https:\/\/www.instagram.com\/escapadarural\/","https:\/\/www.youtube.com\/@escapadaruralcom"]},{"@type":"Person","@id":"https:\/\/www.escapadarural.com\/blog\/#\/schema\/person\/27db72653db008ab82e5d7fe93d09972","name":"\u00c2ngela Coelho","image":{"@type":"ImageObject","inLanguage":"es","@id":"https:\/\/secure.gravatar.com\/avatar\/266007c4d733a1352809d25c72c8c5b058255e48028e729b91b5970cdc3b19ab?s=96&d=mm&r=g","url":"https:\/\/secure.gravatar.com\/avatar\/266007c4d733a1352809d25c72c8c5b058255e48028e729b91b5970cdc3b19ab?s=96&d=mm&r=g","contentUrl":"https:\/\/secure.gravatar.com\/avatar\/266007c4d733a1352809d25c72c8c5b058255e48028e729b91b5970cdc3b19ab?s=96&d=mm&r=g","caption":"\u00c2ngela Coelho"},"url":"https:\/\/www.escapadarural.com\/blog\/autor\/angela\/"}]}},"_links":{"self":[{"href":"https:\/\/www.escapadarural.com\/blog\/wp-json\/wp\/v2\/posts\/63405","targetHints":{"allow":["GET"]}}],"collection":[{"href":"https:\/\/www.escapadarural.com\/blog\/wp-json\/wp\/v2\/posts"}],"about":[{"href":"https:\/\/www.escapadarural.com\/blog\/wp-json\/wp\/v2\/types\/post"}],"author":[{"embeddable":true,"href":"https:\/\/www.escapadarural.com\/blog\/wp-json\/wp\/v2\/users\/135"}],"replies":[{"embeddable":true,"href":"https:\/\/www.escapadarural.com\/blog\/wp-json\/wp\/v2\/comments?post=63405"}],"version-history":[{"count":0,"href":"https:\/\/www.escapadarural.com\/blog\/wp-json\/wp\/v2\/posts\/63405\/revisions"}],"wp:featuredmedia":[{"embeddable":true,"href":"https:\/\/www.escapadarural.com\/blog\/wp-json\/wp\/v2\/media\/97395"}],"wp:attachment":[{"href":"https:\/\/www.escapadarural.com\/blog\/wp-json\/wp\/v2\/media?parent=63405"}],"wp:term":[{"taxonomy":"category","embeddable":true,"href":"https:\/\/www.escapadarural.com\/blog\/wp-json\/wp\/v2\/categories?post=63405"},{"taxonomy":"post_tag","embeddable":true,"href":"https:\/\/www.escapadarural.com\/blog\/wp-json\/wp\/v2\/tags?post=63405"}],"curies":[{"name":"wp","href":"https:\/\/api.w.org\/{rel}","templated":true}]}}