{"id":63450,"date":"2023-06-26T10:16:55","date_gmt":"2023-06-26T09:16:55","guid":{"rendered":"https:\/\/www.escapadarural.com\/blog\/?p=63450"},"modified":"2025-06-19T09:03:50","modified_gmt":"2025-06-19T07:03:50","slug":"amarante-y-los-pasteles-con-forma-falica","status":"publish","type":"post","link":"https:\/\/www.escapadarural.com\/blog\/amarante-y-los-pasteles-con-forma-falica\/","title":{"rendered":"Amarante: la ciudad portuguesa de los pasteles con forma f\u00e1lica"},"content":{"rendered":"\n<figure class=\"wp-block-image size-large\"><a href=\"https:\/\/www.escapadarural.com\/blog\/wp-content\/uploads\/19270655234_ec6e865ff7_k.jpg\"><img decoding=\"async\" src=\"https:\/\/www.escapadarural.com\/blog\/wp-content\/uploads\/2024\/10\/19270655234_ec6e865ff7_k-1024x564-1.jpg\" alt=\"Amarante, la ciudad portuguesa de los pasteles con forma f\u00e1lica\" class=\"wp-image-63457\"\/><\/a><figcaption class=\"wp-element-caption\">Amarante, la ciudad portuguesa de los pasteles con forma f\u00e1lica. Por <a href=\"https:\/\/www.flickr.com\/photos\/22746515@N02\/19270655234\" target=\"_blank\" rel=\"noreferrer noopener nofollow\">Bert Kaufmann<\/a><\/figcaption><\/figure>\n\n\n\n<p>A menos de una hora de Oporto, hay una peque\u00f1a ciudad conocida por su belleza, encanto y gastronom\u00eda. <strong>Amarante<\/strong> forma parte de la <strong><a href=\"https:\/\/www.rotadoromanico.com\/es\/la-ruta\/\" target=\"_blank\" rel=\"noreferrer noopener nofollow\">Ruta del Rom\u00e1nico<\/a><\/strong>, una ruta que incluye los monumentos rom\u00e1nicos de los valles de Sousa, Douro y T\u00e2mega, al norte de Portugal. En 2021, el peri\u00f3dico brit\u00e1nico <em><a href=\"https:\/\/www.theguardian.com\/travel\/2021\/jan\/02\/21-places-for-2021-holidays-were-dreaming-of\" target=\"_blank\" rel=\"noreferrer noopener nofollow\">The Guardian<\/a><\/em> la eligi\u00f3 como uno de los destinos europeos para visitar ese a\u00f1o.<\/p>\n\n\n\n<p>La historia de esta ciudad del norte de Portugal est\u00e1 muy ligada a la figura del beato <strong>Gonzalo de Amarante<\/strong>, a quien los <em>amarantinos<\/em> elevaron a la categor\u00eda de santo y patrono de la ciudad. San Gonzalo es tan importante que incluso tiene derecho a dos festividades en su honor: la primera el 10 de enero, fecha de su muerte; y la segunda en el primer fin de semana de junio, con las grandiosas fiestas de la ciudad.<\/p>\n\n\n\n<p>El nombre de San Gonzalo tambi\u00e9n est\u00e1 asociado a un dulce tradicional con una forma peculiar. No hay fiesta en Amarante en la que no est\u00e9n presentes los famosos <strong>\u00abcolh\u00f5ezinhos\u00bb (cojones, en espa\u00f1ol) de San Gonzalo<\/strong>. Estos pasteles de forma f\u00e1lica son conocidos por varios nombres: \u201ccolh\u00f5ezinhos\u201d, \u201cquilh\u00f5ezinhos\u201d, \u201ccolh\u00f5es\u201d o \u201ccaralhinhos\u201d. Todos muy poco cat\u00f3licos.<\/p>\n\n\n\n<figure class=\"wp-block-image size-large\"><a href=\"https:\/\/www.escapadarural.com\/blog\/wp-content\/uploads\/AdobeStock_561000944-scaled.jpeg\"><img decoding=\"async\" src=\"https:\/\/www.escapadarural.com\/blog\/wp-content\/uploads\/2024\/10\/AdobeStock_561000944-1024x625-1.jpeg\" alt=\"Colh\u00f5ezinhos de San Gonzalo, los pasteles con forma f\u00e1lica\" class=\"wp-image-63459\"\/><\/a><figcaption class=\"wp-element-caption\">Colh\u00f5ezinhos de San Gonzalo, los pasteles con forma f\u00e1lica de Amarante. Por BooFamily<\/figcaption><\/figure>\n\n\n\n<p>A pesar del nombre ins\u00f3lito del dulce, que mezcla lo profano con lo religioso, su origen no est\u00e1 en el culto a San Gonzalo. Este es un pastel con una historia muy antigua, con un pasado precristiano. Sonia Files, de la oficina de Turismo de Amarante, explic\u00f3, citada por <a href=\"https:\/\/www.vice.com\/pt\/article\/43nnkm\/a-cidade-portuguesa-obcecada-por-bolos-em-forma-de-penis\" target=\"_blank\" rel=\"noreferrer noopener nofollow\">Vice<\/a>, que <strong>\u201cel ritual de ofrecer los pasteles de San Gonzalo tiene su origen en la \u00e9poca romana, o incluso en sociedades pre y protohist\u00f3ricas\u201d<\/strong>.<\/p>\n\n\n\n<p>Sin embargo, hubo momentos en que este dulce, considerado obsceno por muchos, gener\u00f3 pol\u00e9mica y controversia. A lo largo de los a\u00f1os, no han faltado grandes autoridades para levantarse contra esta herej\u00eda del pueblo, como la Iglesia y el r\u00e9gimen dictatorial del Estado Novo.<\/p>\n\n\n\n<p>Los pasteles fueron prohibidos por el r\u00e9gimen de Ant\u00f3nio Salazar. Sin embargo, los habitantes de Amarante continuaron haci\u00e9ndolo en secreto. El retorno con fuerza se produjo en la d\u00e9cada de 1970, tras el 25 de abril de 1974 y la implantaci\u00f3n de la democracia.<\/p>\n\n\n\n<h2 class=\"wp-block-heading\" id=\"h-el-santo-casamentero-de-las-solteronas\">El santo casamentero de las solteronas<\/h2>\n\n\n\n<figure class=\"wp-block-image size-full\"><a href=\"https:\/\/www.escapadarural.com\/blog\/wp-content\/uploads\/2024\/10\/Sacristia_Igreja_de_Sao_Goncalo.jpg\"><img decoding=\"async\" src=\"https:\/\/www.escapadarural.com\/blog\/wp-content\/uploads\/2024\/10\/Sacristia_Igreja_de_Sao_Goncalo.jpg\" alt=\"Tumba de San Gonzalo\" class=\"wp-image-63460\"\/><\/a><figcaption class=\"wp-element-caption\">Tumba de San Gonzalo. Por Alegna13<\/figcaption><\/figure>\n\n\n\n<p>Gonzalo de Amarante se hizo conocido por los matrimonios que ayud\u00f3 a hacer, incluso le llamaban <strong>\u201cel casamentero de las solteronas\u201d<\/strong>, y por eso es una figura tan querida en Amarante. A pesar de no ser considerado santo por la Iglesia Cat\u00f3lica, recibe honores de santo y una gran devoci\u00f3n por parte de los <em>amarantinos<\/em>.<\/p>\n\n\n\n<p>Su reputaci\u00f3n como casamentero fue fundamental para que se le asociara con el dulce. Al ayudar en muchas historias de amor, Gonzalo conquist\u00f3 el respeto de la comunidad. La gente comenz\u00f3 a relacionarlo con antiguos ritos vinculados a la fertilidad. Esta fue la oportunidad perfecta para fusionar el paganismo con el cristianismo.<\/p>\n\n\n\n<p>La gente dice que San Gonzalo salva incluso a las mujeres de la viudez, ayud\u00e1ndolas a volver a casarse a una edad avanzada. Se dice que el beato tambi\u00e9n ayuda a resolver la impotencia sexual. Los hombres le rezaban con la esperanza de obtener una soluci\u00f3n a este problema. Mujeres solteras frotaban sus cuerpos contra la tumba del santo en busca de fertilidad o de marido.<\/p>\n\n\n<div class=\"wp-block-image\">\n<figure class=\"aligncenter size-large\"><a href=\"https:\/\/www.escapadarural.com\/blog\/wp-content\/uploads\/AdobeStock_561000747-scaled.jpeg\"><img decoding=\"async\" src=\"https:\/\/www.escapadarural.com\/blog\/wp-content\/uploads\/2024\/10\/AdobeStock_561000747-630x1024-1.jpeg\" alt=\"Colh\u00f5ezinhos de San Gonzalo\" class=\"wp-image-63462\"\/><\/a><figcaption class=\"wp-element-caption\">Colh\u00f5ezinhos de San Gonzalo. Por BooFamily<\/figcaption><\/figure>\n<\/div>\n\n\n<p>La gente de Amarante comenz\u00f3 a honrar a San Gonzalo con el falo, s\u00edmbolo tan antiguo como la existencia humana. El dulce est\u00e1 elaborado con la originalidad de los dulces tradicionales, pero no hay una receta espec\u00edfica, cada pastelero hace el pastel a su manera. Los ingredientes principales son: az\u00facar (grueso y fino), harina, mantequilla y huevos. Sin embargo, el secreto est\u00e1 en el tipo de masa utilizada. La cobertura azucarada del dulce se hace al final.<\/p>\n\n\n\n<p>Los <strong>\u201ccolh\u00f5es de San Gonzalo\u201d<\/strong> se pueden encontrar f\u00e1cilmente en cualquier pasteler\u00eda de la ciudad y hay \u00e9pocas espec\u00edficas del a\u00f1o en las que los pasteleros de Amarante est\u00e1n muy ocupados. En enero, por ejemplo, el negocio de la reposter\u00eda aumenta exponencialmente, pues es tradici\u00f3n ofrecer a familiares y amigos el pastel f\u00e1lico como forma de celebrar la fertilidad y la bonanza en el nuevo a\u00f1o.<\/p>\n\n\n\n<p>Durante el mes de junio, cuando se celebran las fiestas en honor al patrono San Gonzalo, era tradici\u00f3n que los chicos ofrecieran estos pasteles a las chicas, una especie de carta de amor azucarada y poco sutil.<\/p>\n\n\n\n<h2 class=\"wp-block-heading\" id=\"h-que-visitar-en-amarante-ademas-de-comer-los-pasteles-con-forma-falica\">\u00bfQu\u00e9 visitar en Amarante? Adem\u00e1s de comer los pasteles con forma f\u00e1lica<\/h2>\n\n\n\n<figure class=\"wp-block-image size-large\"><a href=\"https:\/\/www.escapadarural.com\/blog\/wp-content\/uploads\/Amarante-Ponte_sobre_o_Tamega_1-scaled.jpg\"><img decoding=\"async\" src=\"https:\/\/www.escapadarural.com\/blog\/wp-content\/uploads\/2024\/10\/Amarante-Ponte_sobre_o_Tamega_1-1024x683-1.jpg\" alt=\"Puente de San Gonzalo, Amarante\" class=\"wp-image-63463\"\/><\/a><figcaption class=\"wp-element-caption\">Puente de San Gonzalo, Amarante. Por Ant\u00f3nio Amen<\/figcaption><\/figure>\n\n\n\n<p>San Gonzalo est\u00e1 tan presente en la ciudad que dos de las atracciones m\u00e1s conocidas de Amarante llevan su nombre. Es imprescindible visitar el <strong>puente de San Gonzalo<\/strong>, una construcci\u00f3n de arquitectura civil barroca y neocl\u00e1sica de finales del siglo XVIII. Junto al puente se encuentra la <strong>iglesia del Convento de San Gonzalo<\/strong>, donde se encuentra la tumba del beato.<\/p>\n\n\n\n<p>Dentro del edificio del convento, en el coraz\u00f3n de Amarante, se encuentra el <strong>Museo Municipal Amadeo de Souza-Cardoso<\/strong>, donde se pueden apreciar muchas de las obras del conocido pintor modernista portugu\u00e9s nacido en un pueblo cercano.<\/p>\n\n\n\n<figure class=\"wp-block-image size-large\"><a href=\"https:\/\/www.escapadarural.com\/blog\/wp-content\/uploads\/Igreja_e_Convento_de_Sao_Goncalo_-_Amarante-scaled.jpg\"><img decoding=\"async\" src=\"https:\/\/www.escapadarural.com\/blog\/wp-content\/uploads\/2024\/10\/Igreja_e_Convento_de_Sao_Goncalo_-_Amarante-1024x662-1.jpg\" alt=\"Iglesia y Convento de San Gonzalo, Amarante\" class=\"wp-image-63464\"\/><\/a><figcaption class=\"wp-element-caption\">Iglesia y Convento de San Gonzalo, Amarante. Por Carlos de Figueiredo<\/figcaption><\/figure>\n\n\n\n<p>Detr\u00e1s de la iglesia de San Gonzalo se encuentra la iglesia de San Domingos. Terminada en 1725, este templo de estilo barroco fue restaurado en 2011. Actualmente, tambi\u00e9n alberga un museo de arte religiosa.<\/p>\n\n\n\n<p>El <strong>Solar dos Magalh\u00e3es<\/strong> es un edificio con m\u00e1s de 600 a\u00f1os de historia. Construida en el siglo XIX, la casa solariega fue un s\u00edmbolo de resistencia contra la invasi\u00f3n de las tropas napole\u00f3nicas. Incendiada por las tropas francesas en 1809, solo quedan los muros exteriores de la estructura original de la mansi\u00f3n.<\/p>\n\n\n\n<figure class=\"wp-block-image size-full\"><a href=\"https:\/\/www.escapadarural.com\/blog\/wp-content\/uploads\/2024\/10\/Solar_dos_Magalhaes_2.jpg\"><img decoding=\"async\" src=\"https:\/\/www.escapadarural.com\/blog\/wp-content\/uploads\/2024\/10\/Solar_dos_Magalhaes_2.jpg\" alt=\"Solar dos Magalh\u00e3es\" class=\"wp-image-63465\"\/><\/a><figcaption class=\"wp-element-caption\">Solar dos Magalh\u00e3es. Por Alegna13<\/figcaption><\/figure>\n\n\n\n<p>El <strong>parque do Ribeirinho<\/strong> es un excelente lugar para relajarse y hacer un picnic en la margen izquierda del r\u00edo T\u00e2mega. El sitio cuenta con estacionamiento y una gran \u00e1rea con \u00e1rboles junto al r\u00edo desde donde se tienen las mejores vistas del puente de San Gonzalo y del centro hist\u00f3rico.<\/p>\n\n\n\n<p>En la margen derecha del r\u00edo T\u00e2mega se encuentra la <strong>playa Aurora<\/strong>, tambi\u00e9n conocida como playa de los Po\u00e7os. Cuenta con bar, restaurante y muelle para actividades acu\u00e1ticas como pirag\u00fcismo o paseos en barco.<\/p>\n","protected":false},"excerpt":{"rendered":"<p>A menos de una hora de Oporto hay una peque\u00f1a ciudad conocida por su belleza, encanto y gastronom\u00eda. Sobre todo por sus pasteles con forma f\u00e1lica. Se trata de Amarante. <\/p>\n","protected":false},"author":135,"featured_media":97315,"comment_status":"open","ping_status":"open","sticky":false,"template":"","format":"standard","meta":{"_acf_changed":false,"om_disable_all_campaigns":false,"footnotes":""},"categories":[231],"tags":[5208,260,5209,508,1382,538,2528],"class_list":["post-63450","post","type-post","status-publish","format-standard","has-post-thumbnail","hentry","category-arte-y-cultura","tag-amarante","tag-articulo","tag-dulce-tipico","tag-gastronomia","tag-oporto","tag-portugal","tag-tipico"],"acf":[],"featured_image_src":"https:\/\/www.escapadarural.com\/blog\/wp-content\/uploads\/2024\/10\/19270655234_ec6e865ff7_k-1024x564-1.jpg","author_info":{"display_name":"\u00c2ngela Coelho","author_link":"https:\/\/www.escapadarural.com\/blog\/autor\/angela\/"},"yoast_head":"<!-- This site is optimized with the Yoast SEO plugin v27.2 - https:\/\/yoast.com\/product\/yoast-seo-wordpress\/ -->\n<title>Amarante: la ciudad portuguesa de los pasteles con forma f\u00e1lica - EscapadaRural<\/title>\n<meta name=\"robots\" content=\"index, follow, max-snippet:-1, max-image-preview:large, max-video-preview:-1\" \/>\n<link rel=\"canonical\" href=\"https:\/\/www.escapadarural.com\/blog\/amarante-y-los-pasteles-con-forma-falica\/\" \/>\n<meta property=\"og:locale\" content=\"es_ES\" \/>\n<meta property=\"og:type\" content=\"article\" \/>\n<meta property=\"og:title\" content=\"Amarante: la ciudad portuguesa de los pasteles con forma f\u00e1lica - EscapadaRural\" \/>\n<meta property=\"og:description\" content=\"A menos de una hora de Oporto hay una peque\u00f1a ciudad conocida por su belleza, encanto y gastronom\u00eda. Sobre todo por sus pasteles con forma f\u00e1lica. Se trata de Amarante.\" \/>\n<meta property=\"og:url\" content=\"https:\/\/www.escapadarural.com\/blog\/amarante-y-los-pasteles-con-forma-falica\/\" \/>\n<meta property=\"og:site_name\" content=\"Magazine de viajes de EscapadaRural\" \/>\n<meta property=\"article:publisher\" content=\"https:\/\/www.facebook.com\/escapadarural\" \/>\n<meta property=\"article:published_time\" content=\"2023-06-26T09:16:55+00:00\" \/>\n<meta property=\"article:modified_time\" content=\"2025-06-19T07:03:50+00:00\" \/>\n<meta property=\"og:image\" content=\"https:\/\/www.escapadarural.com\/blog\/wp-content\/uploads\/2024\/10\/19270655234_ec6e865ff7_k-1024x564-1.jpg\" \/>\n\t<meta property=\"og:image:width\" content=\"1024\" \/>\n\t<meta property=\"og:image:height\" content=\"564\" \/>\n\t<meta property=\"og:image:type\" content=\"image\/jpeg\" \/>\n<meta name=\"author\" content=\"\u00c2ngela Coelho\" \/>\n<meta name=\"twitter:card\" content=\"summary_large_image\" \/>\n<meta name=\"twitter:label1\" content=\"Escrito por\" \/>\n\t<meta name=\"twitter:data1\" content=\"\u00c2ngela Coelho\" \/>\n\t<meta name=\"twitter:label2\" content=\"Tiempo de lectura\" \/>\n\t<meta name=\"twitter:data2\" content=\"6 minutos\" \/>\n<script type=\"application\/ld+json\" class=\"yoast-schema-graph\">{\"@context\":\"https:\/\/schema.org\",\"@graph\":[{\"@type\":\"Article\",\"@id\":\"https:\/\/www.escapadarural.com\/blog\/amarante-y-los-pasteles-con-forma-falica\/#article\",\"isPartOf\":{\"@id\":\"https:\/\/www.escapadarural.com\/blog\/amarante-y-los-pasteles-con-forma-falica\/\"},\"author\":{\"name\":\"\u00c2ngela Coelho\",\"@id\":\"https:\/\/www.escapadarural.com\/blog\/#\/schema\/person\/27db72653db008ab82e5d7fe93d09972\"},\"headline\":\"Amarante: la ciudad portuguesa de los pasteles con forma f\u00e1lica\",\"datePublished\":\"2023-06-26T09:16:55+00:00\",\"dateModified\":\"2025-06-19T07:03:50+00:00\",\"mainEntityOfPage\":{\"@id\":\"https:\/\/www.escapadarural.com\/blog\/amarante-y-los-pasteles-con-forma-falica\/\"},\"wordCount\":1143,\"commentCount\":0,\"publisher\":{\"@id\":\"https:\/\/www.escapadarural.com\/blog\/#organization\"},\"image\":{\"@id\":\"https:\/\/www.escapadarural.com\/blog\/amarante-y-los-pasteles-con-forma-falica\/#primaryimage\"},\"thumbnailUrl\":\"https:\/\/www.escapadarural.com\/blog\/wp-content\/uploads\/2024\/10\/19270655234_ec6e865ff7_k-1024x564-1.jpg\",\"keywords\":[\"amarante\",\"art\u00edculo\",\"dulce t\u00edpico\",\"Gastronom\u00eda\",\"Oporto\",\"portugal\",\"T\u00edpico\"],\"articleSection\":[\"Arte y Cultura\"],\"inLanguage\":\"es\",\"potentialAction\":[{\"@type\":\"CommentAction\",\"name\":\"Comment\",\"target\":[\"https:\/\/www.escapadarural.com\/blog\/amarante-y-los-pasteles-con-forma-falica\/#respond\"]}]},{\"@type\":\"WebPage\",\"@id\":\"https:\/\/www.escapadarural.com\/blog\/amarante-y-los-pasteles-con-forma-falica\/\",\"url\":\"https:\/\/www.escapadarural.com\/blog\/amarante-y-los-pasteles-con-forma-falica\/\",\"name\":\"Amarante: la ciudad portuguesa de los pasteles con forma f\u00e1lica - EscapadaRural\",\"isPartOf\":{\"@id\":\"https:\/\/www.escapadarural.com\/blog\/#website\"},\"primaryImageOfPage\":{\"@id\":\"https:\/\/www.escapadarural.com\/blog\/amarante-y-los-pasteles-con-forma-falica\/#primaryimage\"},\"image\":{\"@id\":\"https:\/\/www.escapadarural.com\/blog\/amarante-y-los-pasteles-con-forma-falica\/#primaryimage\"},\"thumbnailUrl\":\"https:\/\/www.escapadarural.com\/blog\/wp-content\/uploads\/2024\/10\/19270655234_ec6e865ff7_k-1024x564-1.jpg\",\"datePublished\":\"2023-06-26T09:16:55+00:00\",\"dateModified\":\"2025-06-19T07:03:50+00:00\",\"breadcrumb\":{\"@id\":\"https:\/\/www.escapadarural.com\/blog\/amarante-y-los-pasteles-con-forma-falica\/#breadcrumb\"},\"inLanguage\":\"es\",\"potentialAction\":[{\"@type\":\"ReadAction\",\"target\":[\"https:\/\/www.escapadarural.com\/blog\/amarante-y-los-pasteles-con-forma-falica\/\"]}]},{\"@type\":\"ImageObject\",\"inLanguage\":\"es\",\"@id\":\"https:\/\/www.escapadarural.com\/blog\/amarante-y-los-pasteles-con-forma-falica\/#primaryimage\",\"url\":\"https:\/\/www.escapadarural.com\/blog\/wp-content\/uploads\/2024\/10\/19270655234_ec6e865ff7_k-1024x564-1.jpg\",\"contentUrl\":\"https:\/\/www.escapadarural.com\/blog\/wp-content\/uploads\/2024\/10\/19270655234_ec6e865ff7_k-1024x564-1.jpg\",\"width\":1024,\"height\":564,\"caption\":\"Un puente de arcos de piedra cruza un r\u00edo tranquilo, en el que se reflejan \u00e1rboles y una iglesia hist\u00f3rica con tejados de tejas rojas y torres en la orilla, bajo un cielo azul despejado.\"},{\"@type\":\"BreadcrumbList\",\"@id\":\"https:\/\/www.escapadarural.com\/blog\/amarante-y-los-pasteles-con-forma-falica\/#breadcrumb\",\"itemListElement\":[{\"@type\":\"ListItem\",\"position\":1,\"name\":\"Inicio\",\"item\":\"https:\/\/www.escapadarural.com\/blog\/\"},{\"@type\":\"ListItem\",\"position\":2,\"name\":\"Arte y Cultura\",\"item\":\"https:\/\/www.escapadarural.com\/blog\/categoria\/arte-y-cultura\/\"},{\"@type\":\"ListItem\",\"position\":3,\"name\":\"Amarante: la ciudad portuguesa de los pasteles con forma f\u00e1lica\"}]},{\"@type\":\"WebSite\",\"@id\":\"https:\/\/www.escapadarural.com\/blog\/#website\",\"url\":\"https:\/\/www.escapadarural.com\/blog\/\",\"name\":\"Blog de viajes | turismo rural, alojamientos e inspiraci\u00f3n\",\"description\":\"Alojamientos rurales e inspiraci\u00f3n para tus escapadas\",\"publisher\":{\"@id\":\"https:\/\/www.escapadarural.com\/blog\/#organization\"},\"alternateName\":\"Magazine de viajes de EscapadaRural\",\"potentialAction\":[{\"@type\":\"SearchAction\",\"target\":{\"@type\":\"EntryPoint\",\"urlTemplate\":\"https:\/\/www.escapadarural.com\/blog\/?s={search_term_string}\"},\"query-input\":{\"@type\":\"PropertyValueSpecification\",\"valueRequired\":true,\"valueName\":\"search_term_string\"}}],\"inLanguage\":\"es\"},{\"@type\":\"Organization\",\"@id\":\"https:\/\/www.escapadarural.com\/blog\/#organization\",\"name\":\"EscapadaRural\",\"url\":\"https:\/\/www.escapadarural.com\/blog\/\",\"logo\":{\"@type\":\"ImageObject\",\"inLanguage\":\"es\",\"@id\":\"https:\/\/www.escapadarural.com\/blog\/#\/schema\/logo\/image\/\",\"url\":\"https:\/\/www.escapadarural.com\/blog\/wp-content\/uploads\/2024\/10\/cropped-cropped-escapada-rural-icon-mag-3.png\",\"contentUrl\":\"https:\/\/www.escapadarural.com\/blog\/wp-content\/uploads\/2024\/10\/cropped-cropped-escapada-rural-icon-mag-3.png\",\"width\":512,\"height\":512,\"caption\":\"EscapadaRural\"},\"image\":{\"@id\":\"https:\/\/www.escapadarural.com\/blog\/#\/schema\/logo\/image\/\"},\"sameAs\":[\"https:\/\/www.facebook.com\/escapadarural\",\"https:\/\/www.instagram.com\/escapadarural\/\",\"https:\/\/www.youtube.com\/@escapadaruralcom\"]},{\"@type\":\"Person\",\"@id\":\"https:\/\/www.escapadarural.com\/blog\/#\/schema\/person\/27db72653db008ab82e5d7fe93d09972\",\"name\":\"\u00c2ngela Coelho\",\"image\":{\"@type\":\"ImageObject\",\"inLanguage\":\"es\",\"@id\":\"https:\/\/secure.gravatar.com\/avatar\/266007c4d733a1352809d25c72c8c5b058255e48028e729b91b5970cdc3b19ab?s=96&d=mm&r=g\",\"url\":\"https:\/\/secure.gravatar.com\/avatar\/266007c4d733a1352809d25c72c8c5b058255e48028e729b91b5970cdc3b19ab?s=96&d=mm&r=g\",\"contentUrl\":\"https:\/\/secure.gravatar.com\/avatar\/266007c4d733a1352809d25c72c8c5b058255e48028e729b91b5970cdc3b19ab?s=96&d=mm&r=g\",\"caption\":\"\u00c2ngela Coelho\"},\"url\":\"https:\/\/www.escapadarural.com\/blog\/autor\/angela\/\"}]}<\/script>\n<!-- \/ Yoast SEO plugin. -->","yoast_head_json":{"title":"Amarante: la ciudad portuguesa de los pasteles con forma f\u00e1lica - EscapadaRural","robots":{"index":"index","follow":"follow","max-snippet":"max-snippet:-1","max-image-preview":"max-image-preview:large","max-video-preview":"max-video-preview:-1"},"canonical":"https:\/\/www.escapadarural.com\/blog\/amarante-y-los-pasteles-con-forma-falica\/","og_locale":"es_ES","og_type":"article","og_title":"Amarante: la ciudad portuguesa de los pasteles con forma f\u00e1lica - EscapadaRural","og_description":"A menos de una hora de Oporto hay una peque\u00f1a ciudad conocida por su belleza, encanto y gastronom\u00eda. Sobre todo por sus pasteles con forma f\u00e1lica. Se trata de Amarante.","og_url":"https:\/\/www.escapadarural.com\/blog\/amarante-y-los-pasteles-con-forma-falica\/","og_site_name":"Magazine de viajes de EscapadaRural","article_publisher":"https:\/\/www.facebook.com\/escapadarural","article_published_time":"2023-06-26T09:16:55+00:00","article_modified_time":"2025-06-19T07:03:50+00:00","og_image":[{"width":1024,"height":564,"url":"https:\/\/www.escapadarural.com\/blog\/wp-content\/uploads\/2024\/10\/19270655234_ec6e865ff7_k-1024x564-1.jpg","type":"image\/jpeg"}],"author":"\u00c2ngela Coelho","twitter_card":"summary_large_image","twitter_misc":{"Escrito por":"\u00c2ngela Coelho","Tiempo de lectura":"6 minutos"},"schema":{"@context":"https:\/\/schema.org","@graph":[{"@type":"Article","@id":"https:\/\/www.escapadarural.com\/blog\/amarante-y-los-pasteles-con-forma-falica\/#article","isPartOf":{"@id":"https:\/\/www.escapadarural.com\/blog\/amarante-y-los-pasteles-con-forma-falica\/"},"author":{"name":"\u00c2ngela Coelho","@id":"https:\/\/www.escapadarural.com\/blog\/#\/schema\/person\/27db72653db008ab82e5d7fe93d09972"},"headline":"Amarante: la ciudad portuguesa de los pasteles con forma f\u00e1lica","datePublished":"2023-06-26T09:16:55+00:00","dateModified":"2025-06-19T07:03:50+00:00","mainEntityOfPage":{"@id":"https:\/\/www.escapadarural.com\/blog\/amarante-y-los-pasteles-con-forma-falica\/"},"wordCount":1143,"commentCount":0,"publisher":{"@id":"https:\/\/www.escapadarural.com\/blog\/#organization"},"image":{"@id":"https:\/\/www.escapadarural.com\/blog\/amarante-y-los-pasteles-con-forma-falica\/#primaryimage"},"thumbnailUrl":"https:\/\/www.escapadarural.com\/blog\/wp-content\/uploads\/2024\/10\/19270655234_ec6e865ff7_k-1024x564-1.jpg","keywords":["amarante","art\u00edculo","dulce t\u00edpico","Gastronom\u00eda","Oporto","portugal","T\u00edpico"],"articleSection":["Arte y Cultura"],"inLanguage":"es","potentialAction":[{"@type":"CommentAction","name":"Comment","target":["https:\/\/www.escapadarural.com\/blog\/amarante-y-los-pasteles-con-forma-falica\/#respond"]}]},{"@type":"WebPage","@id":"https:\/\/www.escapadarural.com\/blog\/amarante-y-los-pasteles-con-forma-falica\/","url":"https:\/\/www.escapadarural.com\/blog\/amarante-y-los-pasteles-con-forma-falica\/","name":"Amarante: la ciudad portuguesa de los pasteles con forma f\u00e1lica - EscapadaRural","isPartOf":{"@id":"https:\/\/www.escapadarural.com\/blog\/#website"},"primaryImageOfPage":{"@id":"https:\/\/www.escapadarural.com\/blog\/amarante-y-los-pasteles-con-forma-falica\/#primaryimage"},"image":{"@id":"https:\/\/www.escapadarural.com\/blog\/amarante-y-los-pasteles-con-forma-falica\/#primaryimage"},"thumbnailUrl":"https:\/\/www.escapadarural.com\/blog\/wp-content\/uploads\/2024\/10\/19270655234_ec6e865ff7_k-1024x564-1.jpg","datePublished":"2023-06-26T09:16:55+00:00","dateModified":"2025-06-19T07:03:50+00:00","breadcrumb":{"@id":"https:\/\/www.escapadarural.com\/blog\/amarante-y-los-pasteles-con-forma-falica\/#breadcrumb"},"inLanguage":"es","potentialAction":[{"@type":"ReadAction","target":["https:\/\/www.escapadarural.com\/blog\/amarante-y-los-pasteles-con-forma-falica\/"]}]},{"@type":"ImageObject","inLanguage":"es","@id":"https:\/\/www.escapadarural.com\/blog\/amarante-y-los-pasteles-con-forma-falica\/#primaryimage","url":"https:\/\/www.escapadarural.com\/blog\/wp-content\/uploads\/2024\/10\/19270655234_ec6e865ff7_k-1024x564-1.jpg","contentUrl":"https:\/\/www.escapadarural.com\/blog\/wp-content\/uploads\/2024\/10\/19270655234_ec6e865ff7_k-1024x564-1.jpg","width":1024,"height":564,"caption":"Un puente de arcos de piedra cruza un r\u00edo tranquilo, en el que se reflejan \u00e1rboles y una iglesia hist\u00f3rica con tejados de tejas rojas y torres en la orilla, bajo un cielo azul despejado."},{"@type":"BreadcrumbList","@id":"https:\/\/www.escapadarural.com\/blog\/amarante-y-los-pasteles-con-forma-falica\/#breadcrumb","itemListElement":[{"@type":"ListItem","position":1,"name":"Inicio","item":"https:\/\/www.escapadarural.com\/blog\/"},{"@type":"ListItem","position":2,"name":"Arte y Cultura","item":"https:\/\/www.escapadarural.com\/blog\/categoria\/arte-y-cultura\/"},{"@type":"ListItem","position":3,"name":"Amarante: la ciudad portuguesa de los pasteles con forma f\u00e1lica"}]},{"@type":"WebSite","@id":"https:\/\/www.escapadarural.com\/blog\/#website","url":"https:\/\/www.escapadarural.com\/blog\/","name":"Blog de viajes | turismo rural, alojamientos e inspiraci\u00f3n","description":"Alojamientos rurales e inspiraci\u00f3n para tus escapadas","publisher":{"@id":"https:\/\/www.escapadarural.com\/blog\/#organization"},"alternateName":"Magazine de viajes de EscapadaRural","potentialAction":[{"@type":"SearchAction","target":{"@type":"EntryPoint","urlTemplate":"https:\/\/www.escapadarural.com\/blog\/?s={search_term_string}"},"query-input":{"@type":"PropertyValueSpecification","valueRequired":true,"valueName":"search_term_string"}}],"inLanguage":"es"},{"@type":"Organization","@id":"https:\/\/www.escapadarural.com\/blog\/#organization","name":"EscapadaRural","url":"https:\/\/www.escapadarural.com\/blog\/","logo":{"@type":"ImageObject","inLanguage":"es","@id":"https:\/\/www.escapadarural.com\/blog\/#\/schema\/logo\/image\/","url":"https:\/\/www.escapadarural.com\/blog\/wp-content\/uploads\/2024\/10\/cropped-cropped-escapada-rural-icon-mag-3.png","contentUrl":"https:\/\/www.escapadarural.com\/blog\/wp-content\/uploads\/2024\/10\/cropped-cropped-escapada-rural-icon-mag-3.png","width":512,"height":512,"caption":"EscapadaRural"},"image":{"@id":"https:\/\/www.escapadarural.com\/blog\/#\/schema\/logo\/image\/"},"sameAs":["https:\/\/www.facebook.com\/escapadarural","https:\/\/www.instagram.com\/escapadarural\/","https:\/\/www.youtube.com\/@escapadaruralcom"]},{"@type":"Person","@id":"https:\/\/www.escapadarural.com\/blog\/#\/schema\/person\/27db72653db008ab82e5d7fe93d09972","name":"\u00c2ngela Coelho","image":{"@type":"ImageObject","inLanguage":"es","@id":"https:\/\/secure.gravatar.com\/avatar\/266007c4d733a1352809d25c72c8c5b058255e48028e729b91b5970cdc3b19ab?s=96&d=mm&r=g","url":"https:\/\/secure.gravatar.com\/avatar\/266007c4d733a1352809d25c72c8c5b058255e48028e729b91b5970cdc3b19ab?s=96&d=mm&r=g","contentUrl":"https:\/\/secure.gravatar.com\/avatar\/266007c4d733a1352809d25c72c8c5b058255e48028e729b91b5970cdc3b19ab?s=96&d=mm&r=g","caption":"\u00c2ngela Coelho"},"url":"https:\/\/www.escapadarural.com\/blog\/autor\/angela\/"}]}},"_links":{"self":[{"href":"https:\/\/www.escapadarural.com\/blog\/wp-json\/wp\/v2\/posts\/63450","targetHints":{"allow":["GET"]}}],"collection":[{"href":"https:\/\/www.escapadarural.com\/blog\/wp-json\/wp\/v2\/posts"}],"about":[{"href":"https:\/\/www.escapadarural.com\/blog\/wp-json\/wp\/v2\/types\/post"}],"author":[{"embeddable":true,"href":"https:\/\/www.escapadarural.com\/blog\/wp-json\/wp\/v2\/users\/135"}],"replies":[{"embeddable":true,"href":"https:\/\/www.escapadarural.com\/blog\/wp-json\/wp\/v2\/comments?post=63450"}],"version-history":[{"count":0,"href":"https:\/\/www.escapadarural.com\/blog\/wp-json\/wp\/v2\/posts\/63450\/revisions"}],"wp:featuredmedia":[{"embeddable":true,"href":"https:\/\/www.escapadarural.com\/blog\/wp-json\/wp\/v2\/media\/97315"}],"wp:attachment":[{"href":"https:\/\/www.escapadarural.com\/blog\/wp-json\/wp\/v2\/media?parent=63450"}],"wp:term":[{"taxonomy":"category","embeddable":true,"href":"https:\/\/www.escapadarural.com\/blog\/wp-json\/wp\/v2\/categories?post=63450"},{"taxonomy":"post_tag","embeddable":true,"href":"https:\/\/www.escapadarural.com\/blog\/wp-json\/wp\/v2\/tags?post=63450"}],"curies":[{"name":"wp","href":"https:\/\/api.w.org\/{rel}","templated":true}]}}