{"id":6364,"date":"2020-02-11T08:30:41","date_gmt":"2020-02-11T08:30:41","guid":{"rendered":"http:\/\/15.188.81.248\/2020\/02\/11\/razones-para-visitar-llanes-en-asturias\/"},"modified":"2025-02-18T10:50:05","modified_gmt":"2025-02-18T08:50:05","slug":"razones-para-visitar-llanes-en-asturias","status":"publish","type":"post","link":"https:\/\/www.escapadarural.com\/blog\/razones-para-visitar-llanes-en-asturias\/","title":{"rendered":"9 razones para visitar Llanes (Asturias)"},"content":{"rendered":"<div class=\"wp-block-image\">\n<figure class=\"aligncenter size-large\"><a href=\"\/blog\/wp-content\/uploads\/2020\/02\/Llanes-11.jpg\"><img decoding=\"async\" src=\"\/blog\/wp-content\/uploads\/2020\/02\/Llanes-11-1024x683.jpg\" alt=\"Llanes\" class=\"wp-image-18538\"\/><\/a><figcaption class=\"wp-element-caption\">Fuente: Sergio Gutierrez Getino \/ Shutterstock<\/figcaption><\/figure>\n<\/div>\n\n\n<p>Llanes es uno de los destinos m\u00e1s buscados de <a href=\"https:\/\/www.escapadarural.com\/casas-rurales\/asturias\" target=\"_blank\" aria-label=\" (opens in a new tab)\" rel=\"noreferrer noopener\" class=\"rank-math-link\">Asturias<\/a>. Es un lugar precioso, variado y curios\u00edsimo. En Llanes ver\u00e9is c\u00f3mo los acantilados escupen agua vaporizada, playas que desaparecen, bosques encantados y hasta escenarios de pel\u00edcula. Os damos nueve razones para que os anim\u00e9is a visitar <a rel=\"noopener noreferrer\" href=\"https:\/\/www.escapadarural.com\/casas-rurales\/llanes\" target=\"_blank\" class=\"rank-math-link\">Llanes<\/a>.<\/p>\n\n\n\n<!--more-->\n\n\n\n<h2 class=\"wp-block-heading title-rute\" id=\"h-1-los-bufones\"><strong>1.<\/strong> Los bufones<\/h2>\n\n\n\n<figure class=\"wp-block-embed is-type-video is-provider-facebook wp-block-embed-facebook\"><div class=\"wp-block-embed__wrapper\">\nhttps:\/\/www.facebook.com\/escapadarural\/videos\/10157049821085188\n<\/div><\/figure>\n\n\n\n<p>Los bufones son originados por la erosi\u00f3n del mar y la lluvia, que crean grietas y chimeneas en las rocas. Por estas chimeneas sale el aire comprimido de las galer\u00edas y, cuando hay marea alta y fuerte oleaje, el aire y el agua son expulsados al exterior como chorros a gran presi\u00f3n y altura. Eso es <a href=\"https:\/\/es.wikipedia.org\/wiki\/Buf%C3%B3n_(geolog%C3%ADa)\" target=\"_blank\" aria-label=\" (opens in a new tab)\" rel=\"noreferrer noopener\" class=\"rank-math-link\">un buf\u00f3n<\/a>: un espect\u00e1culo.<\/p>\n\n\n\n<p>Los bufones de Pr\u00eda se encuentra a 23 km de Llanes y pertenecen a su concejo. En Llanes tambi\u00e9n se pueden ver los bufones de Santiuste y los bufones de Arenillas.<\/p>\n\n\n\n<h2 class=\"wp-block-heading title-rute\" id=\"h-2-cobijeru-y-gulpiyuri\"><strong>2.<\/strong> Cobijeru y Gulpiyuri<\/h2>\n\n\n<div class=\"wp-block-image\">\n<figure class=\"aligncenter size-large\"><a href=\"\/blog\/wp-content\/uploads\/2020\/02\/playahdr.jpg\"><img decoding=\"async\" src=\"\/blog\/wp-content\/uploads\/2020\/02\/playahdr.jpg\" alt=\"Playa de Gulpiyuri\" class=\"wp-image-18537\"\/><\/a><figcaption class=\"wp-element-caption\">Playa de Gulpiyuri. Fuente: <a href=\"https:\/\/www.flickr.com\/photos\/ospanacar\/7578308562\/\" target=\"_blank\" aria-label=\"ospanacar (opens in a new tab)\" rel=\"noreferrer noopener\" class=\"rank-math-link\">ospanacar<\/a><\/figcaption><\/figure>\n<\/div>\n\n\n<p>Las playas de Cobijeru y Gulpiyuri aparecen y desaparecen. Ocurre mediante un proceso similiar al de los bufones: cuando la marea sube, el agua penetra por un t\u00fanel de roca caliza y forma una playa donde solo hab\u00eda arena. Son min\u00fasculas, apacibles, preciosas. Mira c\u00f3mo llegar a Cobijeru y a Gulpiyuri.<\/p>\n\n\n\n<h2 class=\"wp-block-heading title-rute\" id=\"h-3-los-cubos-de-la-memoria\"><strong>3.<\/strong> Los cubos de la memoria<\/h2>\n\n\n\n<figure class=\"wp-block-image size-large\"><a href=\"\/blog\/wp-content\/uploads\/2020\/02\/Llanes-2.jpg\"><img decoding=\"async\" src=\"\/blog\/wp-content\/uploads\/2020\/02\/Llanes-2-1024x683.jpg\" alt=\"Bloques de la memoria\" class=\"wp-image-18536\"\/><\/a><figcaption class=\"wp-element-caption\">Fuente: ahau1969 \/ Shutterstock<\/figcaption><\/figure>\n\n\n\n<p>Agust\u00edn Ibarrola -autor de <a rel=\"noopener noreferrer\" href=\"https:\/\/www.escapadarural.com\/blog\/bosque-pintado-de-oma\/\" target=\"_blank\" class=\"rank-math-link\">El bosque de Oma<\/a>&#8211; transform\u00f3 los bloques de hormig\u00f3n del puerto de Llanes en memoria colectiva. Son los Cubos de la Memoria.<\/p>\n\n\n\n<p>La memoria. Es una memoria com\u00fan y fragmentada, aunque unida por los colores. Una interpretaci\u00f3n: las olas del mar rompen contra la memoria y se la llevan, en parte, de vuelta a las profundidades.<\/p>\n\n\n\n<h2 class=\"wp-block-heading title-rute\" id=\"h-4-la-iglesia-y-cementerio-de-niembro-y-barro\"><strong>4.<\/strong> La iglesia y cementerio de Niembro y Barro<\/h2>\n\n\n\n<figure class=\"wp-block-image size-large\"><a href=\"\/blog\/wp-content\/uploads\/2020\/02\/Llanes-3-2.jpg\"><img decoding=\"async\" src=\"\/blog\/wp-content\/uploads\/2020\/02\/Llanes-3-2-1024x683.jpg\" alt=\"Llanes\" class=\"wp-image-18535\"\/><\/a><figcaption class=\"wp-element-caption\">Fuente: Lagui \/ Shutterstock<\/figcaption><\/figure>\n\n\n\n<p>La iglesia y el cementerio de Niembro forman parte de la ruta \u00abLlanes de cine\u00bb. Aqu\u00ed se grabaron escenas de las pel\u00edculas <em>La se\u00f1ora<\/em>, <em>El abuelo<\/em> y <em>Ep\u00edlogo<\/em>.<\/p>\n\n\n\n<h2 class=\"wp-block-heading title-rute\" id=\"h-5-ruta-de-los-colores-del-valle-oscuru\"><strong>5.<\/strong> Ruta de los Colores del Valle Oscuru<\/h2>\n\n\n\n<figure class=\"wp-block-image size-large\"><a href=\"\/blog\/wp-content\/uploads\/2020\/02\/Ruta-de-los-Colores-del-Valle-Oscuru.jpg\"><img decoding=\"async\" src=\"\/blog\/wp-content\/uploads\/2020\/02\/Ruta-de-los-Colores-del-Valle-Oscuru-1024x683.jpg\" alt=\"Llanes\" class=\"wp-image-18534\"\/><\/a><figcaption class=\"wp-element-caption\">Fuente: <a href=\"https:\/\/www.flickr.com\/photos\/llanesturismo\/6025347548\" target=\"_blank\" aria-label=\"Oficina de Turismo de Llanes (opens in a new tab)\" rel=\"noreferrer noopener\" class=\"rank-math-link\">Oficina de Turismo de Llanes<\/a><\/figcaption><\/figure>\n\n\n\n<p>El valle Oscuru (oscuro) es el valle de Carranzo, en Llanes. Cuenta la leyenda que fue un bosque tan espeso que el sol no consegu\u00eda penetrarlo.<\/p>\n\n\n\n<p>La ruta sigue el curso del r\u00edo Cabra durante 13 km. Es un recorrido circular que parte de Tresgrandas. A lo largo del camino se han colocado siete paneles informativos sobre la naturaleza, la historia y la etnograf\u00eda del valle Oscuru.<\/p>\n\n\n\n<h2 class=\"wp-block-heading title-rute\" id=\"h-6-las-alfombras-florales-de-cue\"><strong>6.<\/strong> Las alfombras florales de Cu\u00e9<\/h2>\n\n\n<div class=\"wp-block-image\">\n<figure class=\"aligncenter size-large\"><a href=\"\/blog\/wp-content\/uploads\/2020\/02\/Floral-Cu\u00e9.jpg\"><img decoding=\"async\" src=\"\/blog\/wp-content\/uploads\/2020\/02\/Floral-Cu\u00e9.jpg\" alt=\"Llanes\" class=\"wp-image-18533\"\/><\/a><figcaption class=\"wp-element-caption\">Fuente: <a href=\"https:\/\/www.flickr.com\/photos\/llanesturismo\/5866432082\" target=\"_blank\" aria-label=\"Oficina de Turismo de Llanes (opens in a new tab)\" rel=\"noreferrer noopener\" class=\"rank-math-link\">Oficina de Turismo de Llanes<\/a><\/figcaption><\/figure>\n<\/div>\n\n\n<p>Durante la fiesta de La Sacramental, a finales de junio, <a href=\"https:\/\/www.escapadarural.com\/casas-rurales\/cue\" target=\"_blank\" aria-label=\" (opens in a new tab)\" rel=\"noreferrer noopener\" class=\"rank-math-link\">Cu\u00e9<\/a> se engalana con un precioso paseo de flores. Las alfombras florales dibujan, colorean e indican el camino hacia los dos altares. Se declar\u00f3 Fiesta de Inter\u00e9s Tur\u00edstico Regional.<\/p>\n\n\n\n<h2 class=\"wp-block-heading title-rute\" id=\"h-7-paseo-de-san-pedro\"><strong>7.<\/strong> Paseo de San Pedro<\/h2>\n\n\n<div class=\"wp-block-image\">\n<figure class=\"aligncenter size-large\"><a href=\"\/blog\/wp-content\/uploads\/2020\/02\/Llanes-5.jpg\"><img decoding=\"async\" src=\"\/blog\/wp-content\/uploads\/2020\/02\/Llanes-5-1024x687.jpg\" alt=\"Llanes\" class=\"wp-image-18532\"\/><\/a><figcaption class=\"wp-element-caption\">Fuente: Tomas Pavelka \/ Shutterstock<\/figcaption><\/figure>\n<\/div>\n\n\n<p>Pasear por un mirador natural desde donde contemplar Llanes, su costa y la sierra del Cuera. Eso es el Paseo de San Pedro, que se construy\u00f3 en 1847. El recorrido puede iniciarse desde la playa del Sabl\u00f3n, subiendo las escaleras. Una actividad hermosa y reposada.<\/p>\n\n\n\n<h2 class=\"wp-block-heading title-rute\" id=\"h-8-la-playa-del-canal\"><strong>8.<\/strong> La Playa del Canal<\/h2>\n\n\n\n<figure class=\"wp-block-image size-large\"><a href=\"\/blog\/wp-content\/uploads\/2020\/02\/Llanes-3.jpg\"><img decoding=\"async\" src=\"\/blog\/wp-content\/uploads\/2020\/02\/Llanes-3-1024x668.jpg\" alt=\"Llanes\" class=\"wp-image-18531\"\/><\/a><figcaption class=\"wp-element-caption\">Fuente: bepsy \/ Shutterstock<\/figcaption><\/figure>\n\n\n\n<p>La playa del Canal est\u00e1 cerca de <a rel=\"noopener noreferrer\" href=\"https:\/\/www.escapadarural.com\/casas-rurales\/villanueva-de-pria\" target=\"_blank\" class=\"rank-math-link\">Villanueva de Pr\u00eda<\/a>. Es diminuta, de 25 m, pero es una rareza. Aqu\u00ed la naturaleza ha labrado un ca\u00f1\u00f3n estrecho, alargado, que parece una invitaci\u00f3n a mar adentro.<\/p>\n\n\n\n<h2 class=\"wp-block-heading title-rute\" id=\"h-9-la-sidra\"><strong>9.<\/strong> La sidra<\/h2>\n\n\n<div class=\"wp-block-image\">\n<figure class=\"aligncenter size-large\"><a href=\"\/blog\/wp-content\/uploads\/2020\/02\/Sidra.jpg\"><img decoding=\"async\" src=\"\/blog\/wp-content\/uploads\/2020\/02\/Sidra-1024x683.jpg\" alt=\"Llanes\" class=\"wp-image-18529\"\/><\/a><figcaption class=\"wp-element-caption\">Fuente: Thomas Oswald \/ Shutterstock<\/figcaption><\/figure>\n<\/div>\n\n\n<p>La bebida por excelencia de los asturianos. <a href=\"https:\/\/www.escapadarural.com\/blog\/villaviciosa-la-capital-de-la-sidra\/\" target=\"_blank\" aria-label=\" (opens in a new tab)\" rel=\"noreferrer noopener\" class=\"rank-math-link\">La sidra<\/a> se pide por botellas y se comparte entre los amigos. Para poder beberla, hay que <strong>escanciarla<\/strong>. El vaso se comparte, <strong>el cul\u00edn se bebe de un trago<\/strong> y el poso se tira al suelo. Seg\u00fan la leyenda para devolverle a la tierra lo que es suyo; aunque tambi\u00e9n ayuda a limpiar la parte del vaso por la que se bebe. Parece que no sube, pero no te conf\u00edes, nadie suele salir bien de un chigre (sidrer\u00edas).<\/p>\n\n\n\n<p>As\u00ed se escancia la sidra.<\/p>\n\n\n\n<figure class=\"wp-block-embed is-type-video is-provider-youtube wp-block-embed-youtube wp-embed-aspect-4-3 wp-has-aspect-ratio\"><div class=\"wp-block-embed__wrapper\">\n<span class=\"AMUWo93SEREdKpYzR7vr5akwBl2jUTi1Sbu714W9fV25c8sIkv0MBdqjFJmbhZhx6QOIDHYLXufVCyeNJanegPrP8nGtzmNsqF6O\"><div class=\"video-shortcode\"><iframe title=\"Escanciando sidra en Llanes.\" width=\"1200\" height=\"900\" src=\"https:\/\/www.youtube.com\/embed\/a6EtJZCkx54?start=14&#038;feature=oembed\" frameborder=\"0\" allow=\"accelerometer; autoplay; clipboard-write; encrypted-media; gyroscope; picture-in-picture; web-share\" referrerpolicy=\"strict-origin-when-cross-origin\" allowfullscreen><\/iframe><\/div><\/span>\n<\/div><\/figure>\n","protected":false},"excerpt":{"rendered":"<p>Llanes es uno de los destinos m\u00e1s buscados de Asturias. Es un lugar precioso, variado y curios\u00edsimo. <\/p>\n","protected":false},"author":85,"featured_media":93861,"comment_status":"open","ping_status":"closed","sticky":false,"template":"","format":"standard","meta":{"_acf_changed":false,"om_disable_all_campaigns":false,"footnotes":""},"categories":[191],"tags":[246,948,215,212,751,2412,696],"class_list":["post-6364","post","type-post","status-publish","format-standard","has-post-thumbnail","hentry","category-destinos","tag-que-ver-en-asturias","tag-bufones","tag-listado","tag-pueblos","tag-llanes","tag-razones","tag-sidra"],"acf":[],"featured_image_src":"https:\/\/www.escapadarural.com\/blog\/wp-content\/uploads\/2024\/10\/Llanes-2-1024x683-1.jpg","author_info":{"display_name":"Redacci\u00f3n ER","author_link":"https:\/\/www.escapadarural.com\/blog\/autor\/admin\/"},"yoast_head":"<!-- This site is optimized with the Yoast SEO plugin v27.5 - https:\/\/yoast.com\/product\/yoast-seo-wordpress\/ -->\n<title>9 razones para visitar Llanes (Asturias) - EscapadaRural<\/title>\n<meta name=\"robots\" content=\"index, follow, max-snippet:-1, max-image-preview:large, max-video-preview:-1\" \/>\n<link rel=\"canonical\" href=\"https:\/\/www.escapadarural.com\/blog\/razones-para-visitar-llanes-en-asturias\/\" \/>\n<meta property=\"og:locale\" content=\"es_ES\" \/>\n<meta property=\"og:type\" content=\"article\" \/>\n<meta property=\"og:title\" content=\"9 razones para visitar Llanes (Asturias) - EscapadaRural\" \/>\n<meta property=\"og:description\" content=\"Llanes es uno de los destinos m\u00e1s buscados de Asturias. Es un lugar precioso, variado y curios\u00edsimo.\" \/>\n<meta property=\"og:url\" content=\"https:\/\/www.escapadarural.com\/blog\/razones-para-visitar-llanes-en-asturias\/\" \/>\n<meta property=\"og:site_name\" content=\"Magazine de viajes de EscapadaRural\" \/>\n<meta property=\"article:publisher\" content=\"https:\/\/www.facebook.com\/escapadarural\" \/>\n<meta property=\"article:published_time\" content=\"2020-02-11T08:30:41+00:00\" \/>\n<meta property=\"article:modified_time\" content=\"2025-02-18T08:50:05+00:00\" \/>\n<meta property=\"og:image\" content=\"https:\/\/www.escapadarural.com\/blog\/wp-content\/uploads\/2024\/10\/Llanes-2-1024x683-1.jpg\" \/>\n\t<meta property=\"og:image:width\" content=\"1024\" \/>\n\t<meta property=\"og:image:height\" content=\"683\" \/>\n\t<meta property=\"og:image:type\" content=\"image\/jpeg\" \/>\n<meta name=\"author\" content=\"Redacci\u00f3n ER\" \/>\n<meta name=\"twitter:card\" content=\"summary_large_image\" \/>\n<meta name=\"twitter:label1\" content=\"Escrito por\" \/>\n\t<meta name=\"twitter:data1\" content=\"Redacci\u00f3n ER\" \/>\n\t<meta name=\"twitter:label2\" content=\"Tiempo de lectura\" \/>\n\t<meta name=\"twitter:data2\" content=\"5 minutos\" \/>\n<script type=\"application\/ld+json\" class=\"yoast-schema-graph\">{\"@context\":\"https:\\\/\\\/schema.org\",\"@graph\":[{\"@type\":\"Article\",\"@id\":\"https:\\\/\\\/www.escapadarural.com\\\/blog\\\/razones-para-visitar-llanes-en-asturias\\\/#article\",\"isPartOf\":{\"@id\":\"https:\\\/\\\/www.escapadarural.com\\\/blog\\\/razones-para-visitar-llanes-en-asturias\\\/\"},\"author\":{\"name\":\"Redacci\u00f3n ER\",\"@id\":\"https:\\\/\\\/www.escapadarural.com\\\/blog\\\/#\\\/schema\\\/person\\\/bd5b0d7ad308a0bf4efed73e8308b4fa\"},\"headline\":\"9 razones para visitar Llanes (Asturias)\",\"datePublished\":\"2020-02-11T08:30:41+00:00\",\"dateModified\":\"2025-02-18T08:50:05+00:00\",\"mainEntityOfPage\":{\"@id\":\"https:\\\/\\\/www.escapadarural.com\\\/blog\\\/razones-para-visitar-llanes-en-asturias\\\/\"},\"wordCount\":692,\"commentCount\":5,\"publisher\":{\"@id\":\"https:\\\/\\\/www.escapadarural.com\\\/blog\\\/#organization\"},\"image\":{\"@id\":\"https:\\\/\\\/www.escapadarural.com\\\/blog\\\/razones-para-visitar-llanes-en-asturias\\\/#primaryimage\"},\"thumbnailUrl\":\"https:\\\/\\\/www.escapadarural.com\\\/blog\\\/wp-content\\\/uploads\\\/2024\\\/10\\\/Llanes-2-1024x683-1.jpg\",\"keywords\":[\"Asturias\",\"Bufones\",\"Listado\",\"pueblos\",\"Qu\u00e9 ver en Llanes\",\"razones\",\"Sidra\"],\"articleSection\":[\"Destinos\"],\"inLanguage\":\"es\",\"potentialAction\":[{\"@type\":\"CommentAction\",\"name\":\"Comment\",\"target\":[\"https:\\\/\\\/www.escapadarural.com\\\/blog\\\/razones-para-visitar-llanes-en-asturias\\\/#respond\"]}]},{\"@type\":\"WebPage\",\"@id\":\"https:\\\/\\\/www.escapadarural.com\\\/blog\\\/razones-para-visitar-llanes-en-asturias\\\/\",\"url\":\"https:\\\/\\\/www.escapadarural.com\\\/blog\\\/razones-para-visitar-llanes-en-asturias\\\/\",\"name\":\"9 razones para visitar Llanes (Asturias) - EscapadaRural\",\"isPartOf\":{\"@id\":\"https:\\\/\\\/www.escapadarural.com\\\/blog\\\/#website\"},\"primaryImageOfPage\":{\"@id\":\"https:\\\/\\\/www.escapadarural.com\\\/blog\\\/razones-para-visitar-llanes-en-asturias\\\/#primaryimage\"},\"image\":{\"@id\":\"https:\\\/\\\/www.escapadarural.com\\\/blog\\\/razones-para-visitar-llanes-en-asturias\\\/#primaryimage\"},\"thumbnailUrl\":\"https:\\\/\\\/www.escapadarural.com\\\/blog\\\/wp-content\\\/uploads\\\/2024\\\/10\\\/Llanes-2-1024x683-1.jpg\",\"datePublished\":\"2020-02-11T08:30:41+00:00\",\"dateModified\":\"2025-02-18T08:50:05+00:00\",\"breadcrumb\":{\"@id\":\"https:\\\/\\\/www.escapadarural.com\\\/blog\\\/razones-para-visitar-llanes-en-asturias\\\/#breadcrumb\"},\"inLanguage\":\"es\",\"potentialAction\":[{\"@type\":\"ReadAction\",\"target\":[\"https:\\\/\\\/www.escapadarural.com\\\/blog\\\/razones-para-visitar-llanes-en-asturias\\\/\"]}]},{\"@type\":\"ImageObject\",\"inLanguage\":\"es\",\"@id\":\"https:\\\/\\\/www.escapadarural.com\\\/blog\\\/razones-para-visitar-llanes-en-asturias\\\/#primaryimage\",\"url\":\"https:\\\/\\\/www.escapadarural.com\\\/blog\\\/wp-content\\\/uploads\\\/2024\\\/10\\\/Llanes-2-1024x683-1.jpg\",\"contentUrl\":\"https:\\\/\\\/www.escapadarural.com\\\/blog\\\/wp-content\\\/uploads\\\/2024\\\/10\\\/Llanes-2-1024x683-1.jpg\",\"width\":1024,\"height\":683,\"caption\":\"Cubos de la memoria, Llanes\"},{\"@type\":\"BreadcrumbList\",\"@id\":\"https:\\\/\\\/www.escapadarural.com\\\/blog\\\/razones-para-visitar-llanes-en-asturias\\\/#breadcrumb\",\"itemListElement\":[{\"@type\":\"ListItem\",\"position\":1,\"name\":\"Inicio\",\"item\":\"https:\\\/\\\/www.escapadarural.com\\\/blog\\\/\"},{\"@type\":\"ListItem\",\"position\":2,\"name\":\"Destinos\",\"item\":\"https:\\\/\\\/www.escapadarural.com\\\/blog\\\/categoria\\\/destinos\\\/\"},{\"@type\":\"ListItem\",\"position\":3,\"name\":\"9 razones para visitar Llanes (Asturias)\"}]},{\"@type\":\"WebSite\",\"@id\":\"https:\\\/\\\/www.escapadarural.com\\\/blog\\\/#website\",\"url\":\"https:\\\/\\\/www.escapadarural.com\\\/blog\\\/\",\"name\":\"Blog de viajes | turismo rural, alojamientos e inspiraci\u00f3n\",\"description\":\"Alojamientos rurales e inspiraci\u00f3n para tus escapadas\",\"publisher\":{\"@id\":\"https:\\\/\\\/www.escapadarural.com\\\/blog\\\/#organization\"},\"alternateName\":\"Magazine de viajes de EscapadaRural\",\"potentialAction\":[{\"@type\":\"SearchAction\",\"target\":{\"@type\":\"EntryPoint\",\"urlTemplate\":\"https:\\\/\\\/www.escapadarural.com\\\/blog\\\/?s={search_term_string}\"},\"query-input\":{\"@type\":\"PropertyValueSpecification\",\"valueRequired\":true,\"valueName\":\"search_term_string\"}}],\"inLanguage\":\"es\"},{\"@type\":\"Organization\",\"@id\":\"https:\\\/\\\/www.escapadarural.com\\\/blog\\\/#organization\",\"name\":\"EscapadaRural\",\"url\":\"https:\\\/\\\/www.escapadarural.com\\\/blog\\\/\",\"logo\":{\"@type\":\"ImageObject\",\"inLanguage\":\"es\",\"@id\":\"https:\\\/\\\/www.escapadarural.com\\\/blog\\\/#\\\/schema\\\/logo\\\/image\\\/\",\"url\":\"https:\\\/\\\/www.escapadarural.com\\\/blog\\\/wp-content\\\/uploads\\\/2024\\\/10\\\/cropped-cropped-escapada-rural-icon-mag-3.png\",\"contentUrl\":\"https:\\\/\\\/www.escapadarural.com\\\/blog\\\/wp-content\\\/uploads\\\/2024\\\/10\\\/cropped-cropped-escapada-rural-icon-mag-3.png\",\"width\":512,\"height\":512,\"caption\":\"EscapadaRural\"},\"image\":{\"@id\":\"https:\\\/\\\/www.escapadarural.com\\\/blog\\\/#\\\/schema\\\/logo\\\/image\\\/\"},\"sameAs\":[\"https:\\\/\\\/www.facebook.com\\\/escapadarural\",\"https:\\\/\\\/www.instagram.com\\\/escapadarural\\\/\",\"https:\\\/\\\/www.youtube.com\\\/@escapadaruralcom\"]},{\"@type\":\"Person\",\"@id\":\"https:\\\/\\\/www.escapadarural.com\\\/blog\\\/#\\\/schema\\\/person\\\/bd5b0d7ad308a0bf4efed73e8308b4fa\",\"name\":\"Redacci\u00f3n ER\",\"image\":{\"@type\":\"ImageObject\",\"inLanguage\":\"es\",\"@id\":\"https:\\\/\\\/www.escapadarural.com\\\/blog\\\/wp-content\\\/uploads\\\/2024\\\/10\\\/cropped-cropped-escapada-rural-icon-mag-3-96x96.png\",\"url\":\"https:\\\/\\\/www.escapadarural.com\\\/blog\\\/wp-content\\\/uploads\\\/2024\\\/10\\\/cropped-cropped-escapada-rural-icon-mag-3-96x96.png\",\"contentUrl\":\"https:\\\/\\\/www.escapadarural.com\\\/blog\\\/wp-content\\\/uploads\\\/2024\\\/10\\\/cropped-cropped-escapada-rural-icon-mag-3-96x96.png\",\"caption\":\"Redacci\u00f3n ER\"},\"description\":\"Nos encanta inspirar a viajeros y ayudar a los propietarios con nuestros contenidos\",\"url\":\"https:\\\/\\\/www.escapadarural.com\\\/blog\\\/autor\\\/admin\\\/\"}]}<\/script>\n<!-- \/ Yoast SEO plugin. -->","yoast_head_json":{"title":"9 razones para visitar Llanes (Asturias) - EscapadaRural","robots":{"index":"index","follow":"follow","max-snippet":"max-snippet:-1","max-image-preview":"max-image-preview:large","max-video-preview":"max-video-preview:-1"},"canonical":"https:\/\/www.escapadarural.com\/blog\/razones-para-visitar-llanes-en-asturias\/","og_locale":"es_ES","og_type":"article","og_title":"9 razones para visitar Llanes (Asturias) - EscapadaRural","og_description":"Llanes es uno de los destinos m\u00e1s buscados de Asturias. Es un lugar precioso, variado y curios\u00edsimo.","og_url":"https:\/\/www.escapadarural.com\/blog\/razones-para-visitar-llanes-en-asturias\/","og_site_name":"Magazine de viajes de EscapadaRural","article_publisher":"https:\/\/www.facebook.com\/escapadarural","article_published_time":"2020-02-11T08:30:41+00:00","article_modified_time":"2025-02-18T08:50:05+00:00","og_image":[{"width":1024,"height":683,"url":"https:\/\/www.escapadarural.com\/blog\/wp-content\/uploads\/2024\/10\/Llanes-2-1024x683-1.jpg","type":"image\/jpeg"}],"author":"Redacci\u00f3n ER","twitter_card":"summary_large_image","twitter_misc":{"Escrito por":"Redacci\u00f3n ER","Tiempo de lectura":"5 minutos"},"schema":{"@context":"https:\/\/schema.org","@graph":[{"@type":"Article","@id":"https:\/\/www.escapadarural.com\/blog\/razones-para-visitar-llanes-en-asturias\/#article","isPartOf":{"@id":"https:\/\/www.escapadarural.com\/blog\/razones-para-visitar-llanes-en-asturias\/"},"author":{"name":"Redacci\u00f3n ER","@id":"https:\/\/www.escapadarural.com\/blog\/#\/schema\/person\/bd5b0d7ad308a0bf4efed73e8308b4fa"},"headline":"9 razones para visitar Llanes (Asturias)","datePublished":"2020-02-11T08:30:41+00:00","dateModified":"2025-02-18T08:50:05+00:00","mainEntityOfPage":{"@id":"https:\/\/www.escapadarural.com\/blog\/razones-para-visitar-llanes-en-asturias\/"},"wordCount":692,"commentCount":5,"publisher":{"@id":"https:\/\/www.escapadarural.com\/blog\/#organization"},"image":{"@id":"https:\/\/www.escapadarural.com\/blog\/razones-para-visitar-llanes-en-asturias\/#primaryimage"},"thumbnailUrl":"https:\/\/www.escapadarural.com\/blog\/wp-content\/uploads\/2024\/10\/Llanes-2-1024x683-1.jpg","keywords":["Asturias","Bufones","Listado","pueblos","Qu\u00e9 ver en Llanes","razones","Sidra"],"articleSection":["Destinos"],"inLanguage":"es","potentialAction":[{"@type":"CommentAction","name":"Comment","target":["https:\/\/www.escapadarural.com\/blog\/razones-para-visitar-llanes-en-asturias\/#respond"]}]},{"@type":"WebPage","@id":"https:\/\/www.escapadarural.com\/blog\/razones-para-visitar-llanes-en-asturias\/","url":"https:\/\/www.escapadarural.com\/blog\/razones-para-visitar-llanes-en-asturias\/","name":"9 razones para visitar Llanes (Asturias) - EscapadaRural","isPartOf":{"@id":"https:\/\/www.escapadarural.com\/blog\/#website"},"primaryImageOfPage":{"@id":"https:\/\/www.escapadarural.com\/blog\/razones-para-visitar-llanes-en-asturias\/#primaryimage"},"image":{"@id":"https:\/\/www.escapadarural.com\/blog\/razones-para-visitar-llanes-en-asturias\/#primaryimage"},"thumbnailUrl":"https:\/\/www.escapadarural.com\/blog\/wp-content\/uploads\/2024\/10\/Llanes-2-1024x683-1.jpg","datePublished":"2020-02-11T08:30:41+00:00","dateModified":"2025-02-18T08:50:05+00:00","breadcrumb":{"@id":"https:\/\/www.escapadarural.com\/blog\/razones-para-visitar-llanes-en-asturias\/#breadcrumb"},"inLanguage":"es","potentialAction":[{"@type":"ReadAction","target":["https:\/\/www.escapadarural.com\/blog\/razones-para-visitar-llanes-en-asturias\/"]}]},{"@type":"ImageObject","inLanguage":"es","@id":"https:\/\/www.escapadarural.com\/blog\/razones-para-visitar-llanes-en-asturias\/#primaryimage","url":"https:\/\/www.escapadarural.com\/blog\/wp-content\/uploads\/2024\/10\/Llanes-2-1024x683-1.jpg","contentUrl":"https:\/\/www.escapadarural.com\/blog\/wp-content\/uploads\/2024\/10\/Llanes-2-1024x683-1.jpg","width":1024,"height":683,"caption":"Cubos de la memoria, Llanes"},{"@type":"BreadcrumbList","@id":"https:\/\/www.escapadarural.com\/blog\/razones-para-visitar-llanes-en-asturias\/#breadcrumb","itemListElement":[{"@type":"ListItem","position":1,"name":"Inicio","item":"https:\/\/www.escapadarural.com\/blog\/"},{"@type":"ListItem","position":2,"name":"Destinos","item":"https:\/\/www.escapadarural.com\/blog\/categoria\/destinos\/"},{"@type":"ListItem","position":3,"name":"9 razones para visitar Llanes (Asturias)"}]},{"@type":"WebSite","@id":"https:\/\/www.escapadarural.com\/blog\/#website","url":"https:\/\/www.escapadarural.com\/blog\/","name":"Blog de viajes | turismo rural, alojamientos e inspiraci\u00f3n","description":"Alojamientos rurales e inspiraci\u00f3n para tus escapadas","publisher":{"@id":"https:\/\/www.escapadarural.com\/blog\/#organization"},"alternateName":"Magazine de viajes de EscapadaRural","potentialAction":[{"@type":"SearchAction","target":{"@type":"EntryPoint","urlTemplate":"https:\/\/www.escapadarural.com\/blog\/?s={search_term_string}"},"query-input":{"@type":"PropertyValueSpecification","valueRequired":true,"valueName":"search_term_string"}}],"inLanguage":"es"},{"@type":"Organization","@id":"https:\/\/www.escapadarural.com\/blog\/#organization","name":"EscapadaRural","url":"https:\/\/www.escapadarural.com\/blog\/","logo":{"@type":"ImageObject","inLanguage":"es","@id":"https:\/\/www.escapadarural.com\/blog\/#\/schema\/logo\/image\/","url":"https:\/\/www.escapadarural.com\/blog\/wp-content\/uploads\/2024\/10\/cropped-cropped-escapada-rural-icon-mag-3.png","contentUrl":"https:\/\/www.escapadarural.com\/blog\/wp-content\/uploads\/2024\/10\/cropped-cropped-escapada-rural-icon-mag-3.png","width":512,"height":512,"caption":"EscapadaRural"},"image":{"@id":"https:\/\/www.escapadarural.com\/blog\/#\/schema\/logo\/image\/"},"sameAs":["https:\/\/www.facebook.com\/escapadarural","https:\/\/www.instagram.com\/escapadarural\/","https:\/\/www.youtube.com\/@escapadaruralcom"]},{"@type":"Person","@id":"https:\/\/www.escapadarural.com\/blog\/#\/schema\/person\/bd5b0d7ad308a0bf4efed73e8308b4fa","name":"Redacci\u00f3n ER","image":{"@type":"ImageObject","inLanguage":"es","@id":"https:\/\/www.escapadarural.com\/blog\/wp-content\/uploads\/2024\/10\/cropped-cropped-escapada-rural-icon-mag-3-96x96.png","url":"https:\/\/www.escapadarural.com\/blog\/wp-content\/uploads\/2024\/10\/cropped-cropped-escapada-rural-icon-mag-3-96x96.png","contentUrl":"https:\/\/www.escapadarural.com\/blog\/wp-content\/uploads\/2024\/10\/cropped-cropped-escapada-rural-icon-mag-3-96x96.png","caption":"Redacci\u00f3n ER"},"description":"Nos encanta inspirar a viajeros y ayudar a los propietarios con nuestros contenidos","url":"https:\/\/www.escapadarural.com\/blog\/autor\/admin\/"}]}},"_links":{"self":[{"href":"https:\/\/www.escapadarural.com\/blog\/wp-json\/wp\/v2\/posts\/6364","targetHints":{"allow":["GET"]}}],"collection":[{"href":"https:\/\/www.escapadarural.com\/blog\/wp-json\/wp\/v2\/posts"}],"about":[{"href":"https:\/\/www.escapadarural.com\/blog\/wp-json\/wp\/v2\/types\/post"}],"author":[{"embeddable":true,"href":"https:\/\/www.escapadarural.com\/blog\/wp-json\/wp\/v2\/users\/85"}],"replies":[{"embeddable":true,"href":"https:\/\/www.escapadarural.com\/blog\/wp-json\/wp\/v2\/comments?post=6364"}],"version-history":[{"count":0,"href":"https:\/\/www.escapadarural.com\/blog\/wp-json\/wp\/v2\/posts\/6364\/revisions"}],"wp:featuredmedia":[{"embeddable":true,"href":"https:\/\/www.escapadarural.com\/blog\/wp-json\/wp\/v2\/media\/93861"}],"wp:attachment":[{"href":"https:\/\/www.escapadarural.com\/blog\/wp-json\/wp\/v2\/media?parent=6364"}],"wp:term":[{"taxonomy":"category","embeddable":true,"href":"https:\/\/www.escapadarural.com\/blog\/wp-json\/wp\/v2\/categories?post=6364"},{"taxonomy":"post_tag","embeddable":true,"href":"https:\/\/www.escapadarural.com\/blog\/wp-json\/wp\/v2\/tags?post=6364"}],"curies":[{"name":"wp","href":"https:\/\/api.w.org\/{rel}","templated":true}]}}