{"id":63768,"date":"2023-07-01T08:00:00","date_gmt":"2023-07-01T07:00:00","guid":{"rendered":"https:\/\/www.escapadarural.com\/blog\/?p=63768"},"modified":"2026-02-17T17:16:32","modified_gmt":"2026-02-17T16:16:32","slug":"cami-de-cavalls-mejores-tramos-y-playas","status":"publish","type":"post","link":"https:\/\/www.escapadarural.com\/blog\/cami-de-cavalls-mejores-tramos-y-playas\/","title":{"rendered":"Cam\u00ed de Cavalls: los mejores tramos y las playas menos conocidas"},"content":{"rendered":"\n<figure class=\"wp-block-image size-large\"><a href=\"https:\/\/www.escapadarural.com\/blog\/wp-content\/uploads\/cala-galdana-scaled.jpg\"><img decoding=\"async\" src=\"https:\/\/www.escapadarural.com\/blog\/wp-content\/uploads\/2024\/10\/cala-galdana-1024x683-1.jpg\" alt=\"Cala Galdana\" class=\"wp-image-63981\"\/><\/a><figcaption class=\"wp-element-caption\">Cala Galdana. Por cliff<\/figcaption><\/figure>\n\n\n\n<p><a href=\"https:\/\/www.escapadarural.com\/casas-rurales\/menorca\">Menorca<\/a> siempre enamora. Ya sea invierno, oto\u00f1o, primavera o verano lo cierto es que siempre hay una muy buena raz\u00f3n para visitar la isla. En esta ocasi\u00f3n, queremos conocer ese lado m\u00e1s tranquilo y calmado que a\u00fan es posible encontrar durante los meses de verano. La realidad es que Menorca es una de las islas que m\u00e1s turismo recibe pero a\u00fan quedan rincones donde poder descansar, leer un libro o dejar la toalla sin molestar. De todas formas, recomiendo darle una oportunidad en oto\u00f1o o primavera ya que las aguas siguen estando a temperatura ideal para poder darnos un chapuz\u00f3n y los caminos y poblaciones se sienten y viven de forma distinta.<\/p>\n\n\n\n<p>Por lo general, todo Cam\u00ed de Cavalls suele estar relativamente <strong>poco frecuentado<\/strong> en comparaci\u00f3n a otras zonas como la famos\u00edsima e id\u00edlica playa de Macarella o Macarelleta. De hecho, es en este patrimonio hist\u00f3rico y bien de inter\u00e9s cultural donde se disfruta ya sea a pie, a caballo o en bici de rutas que rodean toda la pitiusa. <strong>Tiene un total de 185 km<\/strong> y quiz\u00e1s sea la mejor forma de conocer y disfrutar la isla a tu ritmo, sin prisa pero sin pausa.<\/p>\n\n\n\n<figure class=\"wp-block-image size-large\"><a href=\"https:\/\/www.escapadarural.com\/blog\/wp-content\/uploads\/cami-de-cavalls-menorca-scaled.jpg\"><img decoding=\"async\" src=\"https:\/\/www.escapadarural.com\/blog\/wp-content\/uploads\/2024\/10\/cami-de-cavalls-menorca-1024x683-1.jpg\" alt=\"Cam\u00ed de Cavalls\" class=\"wp-image-63987\"\/><\/a><figcaption class=\"wp-element-caption\">Cam\u00ed de Cavalls. Por Francisco Toledo<\/figcaption><\/figure>\n\n\n\n<h2 class=\"wp-block-heading\" id=\"h-los-tramos-y-playas-de-cami-de-cavalls-que-te-dejaran-sin-palabras\">Los tramos y playas de Cam\u00ed de Cavalls que te dejar\u00e1n sin palabras<\/h2>\n\n\n\n<p>Siempre es complicado escoger y decidir qu\u00e9 se incluye en un listado y lo que se deja fuera. Esta ocasi\u00f3n no iba a ser distinta ya que son muchos los tramos que merecen unas palabras. Cada sendero aporta algo distinto y llena los sentidos de una forma u otra, es por ello que aunque nombremos solo algunos, recomiendo echar un vistazo a las <strong>20 etapas<\/strong> que conforman la totalidad del camino de forma oficial. <\/p>\n\n\n\n<p>\u00bfC\u00f3mo conocerlas? Todos estamos a un solo clic de las 20 etapas ya que el <em><a href=\"http:\/\/www.camidecavalls.com\/\" target=\"_blank\">Consell Insular de Menorca<\/a><\/em> ha a\u00f1adido a su p\u00e1gina web un mapa interactivo donde aparecen todos los puntos de inter\u00e9s.<\/p>\n\n\n\n<h2 class=\"wp-block-heading\" id=\"h-ciutadella-cap-d-artrutx\">Ciutadella \u2013 Cap d\u2019Artrutx<\/h2>\n\n\n\n<figure class=\"wp-block-image size-large\"><a href=\"https:\/\/www.escapadarural.com\/blog\/wp-content\/uploads\/Cap-dArtrutx-scaled.jpg\"><img decoding=\"async\" src=\"https:\/\/www.escapadarural.com\/blog\/wp-content\/uploads\/2024\/10\/Cap-dArtrutx-1024x683-1.jpg\" alt=\"Cap d\u2019Artrutx , Menorca\" class=\"wp-image-63980\"\/><\/a><figcaption class=\"wp-element-caption\">Cap d\u2019Artrutx , Menorca. Por Maya Schmitz<\/figcaption><\/figure>\n\n\n\n<p>El tramo que abarca Ciutadella y la zona de Cap d\u2019Artrutx es uno de los m\u00e1s bonitos, y a\u00fan lo es m\u00e1s si se camina al atardecer. Mientras el sol va bajando, las rocas que se\u00f1alan el camino se van ti\u00f1endo poco a poco de tonos amarillentos, anaranjados y rojizos hasta que dan paso a la luz de la luna.<\/p>\n\n\n\n<p>Es un tramo muy sencillo, pr\u00e1cticamente plano y apto para toda la familia. A lo largo de sus <strong>13km de recorrido<\/strong> pasa por carreteras (Ciutadella &#8211; Cala Blanca) pero tambi\u00e9n por caminos de tierra que se pierden entre acantilados (Cala Blanca \u2013 Cap d\u2019Artrutx), algunas navetas y el mar. Es en este camino de tierra donde creemos que se encuentra la verdadera belleza, alejados de cualquier n\u00facleo urbano y teniendo muy presente el sonido del Mediterr\u00e1neo golpeando las rocas una y otra vez.<\/p>\n\n\n\n<p>Es aqu\u00ed tambi\u00e9n donde encontramos menos afluencia de personas ya que suelen quedarse en el tramo inicial (el puerto de Ciutadella) o hacia el final del camino (alrededores del faro de Cap d\u2019Artrutx).<\/p>\n\n\n\n<h2 class=\"wp-block-heading\" id=\"h-cala-galdana-sant-tomas-haciendo-especial-hincapie-de-cala-mitjana-a-cala-escorxada\">Cala Galdana \u2013 Sant Tom\u00e1s (haciendo especial hincapi\u00e9 de Cala Mitjana a Cala Escorxada)<\/h2>\n\n\n\n<figure class=\"wp-block-image size-large\"><a href=\"https:\/\/www.escapadarural.com\/blog\/wp-content\/uploads\/Trebaluger-scaled.jpg\"><img decoding=\"async\" src=\"https:\/\/www.escapadarural.com\/blog\/wp-content\/uploads\/2024\/10\/Trebaluger-1024x683-1.jpg\" alt=\"Trebal\u00fager\" class=\"wp-image-63988\"\/><\/a><figcaption class=\"wp-element-caption\">Cala de Trebal\u00fager, Menorca. Por Tolo<\/figcaption><\/figure>\n\n\n\n<p>Se le conoce como el tramo n\u00famero 14 pero aqu\u00ed haremos un peque\u00f1o <em>zoom in <\/em>en el camino que se desv\u00eda y recorre parte del litoral hasta llegar a las <strong>calas v\u00edrgenes de Trebal\u00fager, Fustam y Escorxada<\/strong>. Llegar hasta estas tres calas es toda una aventura ya que no tienen acceso por carretera y la \u00fanica opci\u00f3n es llegar en barco o a pie. <\/p>\n\n\n\n<p>Su belleza es excepcional pero est\u00e1n algo aisladas, no tienen ning\u00fan tipo de servicio (primeros auxilios, lavabos, vestuarios, etc) y a medida que vamos avanzando por el sendero son menos las personas que nos iremos encontrando.<\/p>\n\n\n\n<p>Resulta fascinante ver aparecer nuevas calas (de Cala Mitjana pasamos a Trebal\u00fager, luego Fustam y por \u00faltimo Escorxada). Se recomienda descubrir este sendero durante el d\u00eda y as\u00ed poder darse un merecido chapuz\u00f3n en las paradis\u00edacas calas que poco a poco se van conociendo.<\/p>\n\n\n\n<h2 class=\"wp-block-heading\" id=\"h-binimel-la-els-alocs\">Binimel.l\u00e0 \u2013 Els Alocs<\/h2>\n\n\n\n<figure class=\"wp-block-image size-large\"><a href=\"https:\/\/www.escapadarural.com\/blog\/wp-content\/uploads\/Cala-En-Calderer-scaled.jpg\"><img decoding=\"async\" src=\"https:\/\/www.escapadarural.com\/blog\/wp-content\/uploads\/2024\/10\/Cala-En-Calderer-1024x683-1.jpg\" alt=\"Cala En Calderer\" class=\"wp-image-63982\"\/><\/a><figcaption class=\"wp-element-caption\">Cala En Calderer. Por Tolo<\/figcaption><\/figure>\n\n\n\n<p>Es el tramo n\u00famero 6, <strong>tiene 9 km y cuenta con bastante desnivel<\/strong>. La dificultad de este tramo es elevada pero tambi\u00e9n es uno de los pocos que pasan por una costa virgen y muy poco modificada. Es la ruta perfecta para poder descubrir nuevos rincones que quiz\u00e1s no aparecen en las gu\u00edas como Cala Barril (solitaria y con tan solo 60 metros de largo) o Cala en Calderer (muy poco frecuentada, nudista y de arena blanca y fina).<\/p>\n\n\n\n<p>Son calas v\u00edrgenes, se encuentran en uno de los parajes naturales m\u00e1s fascinantes de la isla y no disponen de servicios. Disfrutan de mucha privacidad ya que su acceso es complicado, su terreno es bastante escarpado y para llegar hasta ellas se ha de aparcar en Binimel.l\u00e0 y continuar a pie (durante varios kil\u00f3metros). <\/p>\n\n\n\n<p>Vale mucho la pena ya que el paisaje es cautivador y poco a poco se van descubriendo algunas construcciones como la talaia de s\u2019Enclusa (se construy\u00f3 para evitar el ataque de piratas) o el castillo de Santa \u00c0gueda.<\/p>\n\n\n\n<h2 class=\"wp-block-heading\" id=\"h-els-alocs-algaiarens-centrandonos-en-el-tramo-una-vez-pasada-cala-pilar\">Els Alocs \u2013 Algaiarens (centr\u00e1ndonos en el tramo una vez pasada Cala Pilar)<\/h2>\n\n\n\n<figure class=\"wp-block-image size-large\"><a href=\"https:\/\/www.escapadarural.com\/blog\/wp-content\/uploads\/Algaiarens-scaled.jpg\"><img decoding=\"async\" src=\"https:\/\/www.escapadarural.com\/blog\/wp-content\/uploads\/2024\/10\/Algaiarens-1024x682-1.jpg\" alt=\"Algaiarens \" class=\"wp-image-63983\"\/><\/a><figcaption class=\"wp-element-caption\">Algaiarens. Por Bartoza<\/figcaption><\/figure>\n\n\n\n<p>Hasta el momento, todos los tramos mencionados persegu\u00edan la costa pero, en este caso, a partir de Cala Pilar nos centraremos en conocer el interior. Sorprende la estrecha relaci\u00f3n que siempre ha tenido Menorca con la agricultura y, gracias a esta secci\u00f3n del tramo, se descubren encinas, pozos y varias barracas que se utilizaban para guardar el ganado o incluso refugiarse de la intemperie.<\/p>\n\n\n\n<p>El <strong>tramo 7<\/strong> combina una mezcla de naturaleza (encinas y arbustos), brisa marina, paisaje dunar (Algaiarens y La Vall) y el que es considerado uno de los p\u00e1jaros m\u00e1s peque\u00f1os de Europa, el <em>reiet\u00f3 cellablanca<\/em>. Su <strong>dificultad es media-baja<\/strong>, dispone de zonas de descanso a la sombra y su recorrido total no llega a los 10 km.<\/p>\n\n\n\n<h2 class=\"wp-block-heading\" id=\"h-favaritx-arenal-d-en-castell\">Fav\u00e0ritx \u2013 Arenal d\u2019en Castell<\/h2>\n\n\n\n<figure class=\"wp-block-image size-large\"><a href=\"https:\/\/www.escapadarural.com\/blog\/wp-content\/uploads\/Favaritx-scaled.jpg\"><img decoding=\"async\" src=\"https:\/\/www.escapadarural.com\/blog\/wp-content\/uploads\/2024\/10\/Favaritx-1024x683-1.jpg\" alt=\"Fav\u00e0ritx\" class=\"wp-image-63989\"\/><\/a><figcaption class=\"wp-element-caption\">Fav\u00e0ritx. Por Alvaro<\/figcaption><\/figure>\n\n\n\n<p>Toda la zona que envuelve el cautivador faro parece salida de una pel\u00edcula. Es m\u00e1s, si tuviera que imaginarme el fin del mundo probablemente ser\u00eda muy similar. Fav\u00e0ritx es un lugar muy frecuentado por el viento y se ha convertido en una de las im\u00e1genes m\u00e1s t\u00edpicas de Menorca. Y, aunque sea uno de los lugares m\u00e1s fotografiados, lo cierto es que se suele visitar \u00fanicamente un rato y no se hace hincapi\u00e9 en conocer sus alrededores o las poblaciones vecinas.<\/p>\n\n\n\n<p>El <strong>tramo 3 es de dificultad baja pero es bastante largo<\/strong> (13 km) y une las cercan\u00edas del faro con Arenal d\u2019en Castell, o tambi\u00e9n conocida como \u201cLa playa de la Concha de Menorca\u201d. Es un tramo que tiene muchas plantas end\u00e9micas, formaciones rocosas, zonas h\u00famedas y las salinas de Mongofra.<\/p>\n\n\n\n<figure class=\"wp-block-image size-large\"><a href=\"https:\/\/www.escapadarural.com\/blog\/wp-content\/uploads\/Arenal-den-Castell-scaled.jpg\"><img decoding=\"async\" src=\"https:\/\/www.escapadarural.com\/blog\/wp-content\/uploads\/2024\/10\/Arenal-den-Castell-1024x768-1.jpg\" alt=\"Arenal d\u2019en Castell\" class=\"wp-image-63984\"\/><\/a><figcaption class=\"wp-element-caption\">Arenal d\u2019en Castell. Por Rastislav<\/figcaption><\/figure>\n\n\n\n<p>Muy cerca encontramos la alejada Cala d\u2019en Caldes, una cala de peque\u00f1as piedras remota y tranquila. Es una playa natural, de dif\u00edcil acceso y con muy pocos ba\u00f1istas. Si decides visitarla se recomienda traer agua, comida (ya que no hay restaurantes o servicios alrededor) y quiz\u00e1s alguna hamaca o silla para poder paliar las peque\u00f1as rocas. Por \u00faltimo est\u00e1 la vecina playa virgen de S\u2019Arenalet, aunque para llegar hasta ella s\u00ed que nos tendr\u00edamos que desviar por otro sendero y tener bastante tiempo o bien llegar en barco o kayak.<\/p>\n\n\n\n<div class=\"wp-block-buttons is-layout-flex wp-block-buttons-is-layout-flex\">\n<div class=\"wp-block-button\"><a class=\"wp-block-button__link wp-element-button\" href=\"https:\/\/www.escapadarural.com\/casas-rurales\/menorca\">Casas rurales en Menorca<\/a><\/div>\n<\/div>\n","protected":false},"excerpt":{"rendered":"<p>Cam\u00ed de Cavalls es la mejor forma de recorrer toda la isla de Menorca. Esta ruta, que rodea toda la pitusa, tiene 185 kil\u00f3metros. Estas son algunas de sus mejores etapas. <\/p>\n","protected":false},"author":151,"featured_media":97220,"comment_status":"open","ping_status":"open","sticky":false,"template":"","format":"standard","meta":{"_acf_changed":false,"om_disable_all_campaigns":false,"footnotes":""},"categories":[1379],"tags":[943,4462,2169,411],"class_list":["post-63768","post","type-post","status-publish","format-standard","has-post-thumbnail","hentry","category-rutas-y-excursiones","tag-calas","tag-cami-de-cavalls","tag-islas-baleareas","tag-menorca"],"acf":[],"featured_image_src":"https:\/\/www.escapadarural.com\/blog\/wp-content\/uploads\/2024\/10\/cala-galdana-1024x683-1.jpg","author_info":{"display_name":"Alba Feliz","author_link":"https:\/\/www.escapadarural.com\/blog\/autor\/alba\/"},"yoast_head":"<!-- This site is optimized with the Yoast SEO plugin v27.5 - https:\/\/yoast.com\/product\/yoast-seo-wordpress\/ -->\n<title>Cam\u00ed de Cavalls: los mejores tramos y las playas menos conocidas - EscapadaRural<\/title>\n<meta name=\"robots\" content=\"index, follow, max-snippet:-1, max-image-preview:large, max-video-preview:-1\" \/>\n<link rel=\"canonical\" href=\"https:\/\/www.escapadarural.com\/blog\/cami-de-cavalls-mejores-tramos-y-playas\/\" \/>\n<meta property=\"og:locale\" content=\"es_ES\" \/>\n<meta property=\"og:type\" content=\"article\" \/>\n<meta property=\"og:title\" content=\"Cam\u00ed de Cavalls: los mejores tramos y las playas menos conocidas - EscapadaRural\" \/>\n<meta property=\"og:description\" content=\"Cam\u00ed de Cavalls es la mejor forma de recorrer toda la isla de Menorca. Esta ruta, que rodea toda la pitusa, tiene 185 kil\u00f3metros. Estas son algunas de sus mejores etapas.\" \/>\n<meta property=\"og:url\" content=\"https:\/\/www.escapadarural.com\/blog\/cami-de-cavalls-mejores-tramos-y-playas\/\" \/>\n<meta property=\"og:site_name\" content=\"Magazine de viajes de EscapadaRural\" \/>\n<meta property=\"article:publisher\" content=\"https:\/\/www.facebook.com\/escapadarural\" \/>\n<meta property=\"article:published_time\" content=\"2023-07-01T07:00:00+00:00\" \/>\n<meta property=\"article:modified_time\" content=\"2026-02-17T16:16:32+00:00\" \/>\n<meta property=\"og:image\" content=\"https:\/\/www.escapadarural.com\/blog\/wp-content\/uploads\/2024\/10\/cala-galdana-1024x683-1.jpg\" \/>\n\t<meta property=\"og:image:width\" content=\"1024\" \/>\n\t<meta property=\"og:image:height\" content=\"683\" \/>\n\t<meta property=\"og:image:type\" content=\"image\/jpeg\" \/>\n<meta name=\"author\" content=\"Alba Feliz\" \/>\n<meta name=\"twitter:card\" content=\"summary_large_image\" \/>\n<meta name=\"twitter:label1\" content=\"Escrito por\" \/>\n\t<meta name=\"twitter:data1\" content=\"Alba Feliz\" \/>\n\t<meta name=\"twitter:label2\" content=\"Tiempo de lectura\" \/>\n\t<meta name=\"twitter:data2\" content=\"7 minutos\" \/>\n<script type=\"application\/ld+json\" class=\"yoast-schema-graph\">{\"@context\":\"https:\\\/\\\/schema.org\",\"@graph\":[{\"@type\":\"Article\",\"@id\":\"https:\\\/\\\/www.escapadarural.com\\\/blog\\\/cami-de-cavalls-mejores-tramos-y-playas\\\/#article\",\"isPartOf\":{\"@id\":\"https:\\\/\\\/www.escapadarural.com\\\/blog\\\/cami-de-cavalls-mejores-tramos-y-playas\\\/\"},\"author\":{\"name\":\"Alba Feliz\",\"@id\":\"https:\\\/\\\/www.escapadarural.com\\\/blog\\\/#\\\/schema\\\/person\\\/65271b7b847121ab7a4f8c3be624d420\"},\"headline\":\"Cam\u00ed de Cavalls: los mejores tramos y las playas menos conocidas\",\"datePublished\":\"2023-07-01T07:00:00+00:00\",\"dateModified\":\"2026-02-17T16:16:32+00:00\",\"mainEntityOfPage\":{\"@id\":\"https:\\\/\\\/www.escapadarural.com\\\/blog\\\/cami-de-cavalls-mejores-tramos-y-playas\\\/\"},\"wordCount\":1320,\"commentCount\":0,\"publisher\":{\"@id\":\"https:\\\/\\\/www.escapadarural.com\\\/blog\\\/#organization\"},\"image\":{\"@id\":\"https:\\\/\\\/www.escapadarural.com\\\/blog\\\/cami-de-cavalls-mejores-tramos-y-playas\\\/#primaryimage\"},\"thumbnailUrl\":\"https:\\\/\\\/www.escapadarural.com\\\/blog\\\/wp-content\\\/uploads\\\/2024\\\/10\\\/cala-galdana-1024x683-1.jpg\",\"keywords\":[\"Calas\",\"Cam\u00ed de Cavalls\",\"Islas Baleareas\",\"Menorca\"],\"articleSection\":[\"Rutas y excursiones\"],\"inLanguage\":\"es\",\"potentialAction\":[{\"@type\":\"CommentAction\",\"name\":\"Comment\",\"target\":[\"https:\\\/\\\/www.escapadarural.com\\\/blog\\\/cami-de-cavalls-mejores-tramos-y-playas\\\/#respond\"]}]},{\"@type\":\"WebPage\",\"@id\":\"https:\\\/\\\/www.escapadarural.com\\\/blog\\\/cami-de-cavalls-mejores-tramos-y-playas\\\/\",\"url\":\"https:\\\/\\\/www.escapadarural.com\\\/blog\\\/cami-de-cavalls-mejores-tramos-y-playas\\\/\",\"name\":\"Cam\u00ed de Cavalls: los mejores tramos y las playas menos conocidas - EscapadaRural\",\"isPartOf\":{\"@id\":\"https:\\\/\\\/www.escapadarural.com\\\/blog\\\/#website\"},\"primaryImageOfPage\":{\"@id\":\"https:\\\/\\\/www.escapadarural.com\\\/blog\\\/cami-de-cavalls-mejores-tramos-y-playas\\\/#primaryimage\"},\"image\":{\"@id\":\"https:\\\/\\\/www.escapadarural.com\\\/blog\\\/cami-de-cavalls-mejores-tramos-y-playas\\\/#primaryimage\"},\"thumbnailUrl\":\"https:\\\/\\\/www.escapadarural.com\\\/blog\\\/wp-content\\\/uploads\\\/2024\\\/10\\\/cala-galdana-1024x683-1.jpg\",\"datePublished\":\"2023-07-01T07:00:00+00:00\",\"dateModified\":\"2026-02-17T16:16:32+00:00\",\"breadcrumb\":{\"@id\":\"https:\\\/\\\/www.escapadarural.com\\\/blog\\\/cami-de-cavalls-mejores-tramos-y-playas\\\/#breadcrumb\"},\"inLanguage\":\"es\",\"potentialAction\":[{\"@type\":\"ReadAction\",\"target\":[\"https:\\\/\\\/www.escapadarural.com\\\/blog\\\/cami-de-cavalls-mejores-tramos-y-playas\\\/\"]}]},{\"@type\":\"ImageObject\",\"inLanguage\":\"es\",\"@id\":\"https:\\\/\\\/www.escapadarural.com\\\/blog\\\/cami-de-cavalls-mejores-tramos-y-playas\\\/#primaryimage\",\"url\":\"https:\\\/\\\/www.escapadarural.com\\\/blog\\\/wp-content\\\/uploads\\\/2024\\\/10\\\/cala-galdana-1024x683-1.jpg\",\"contentUrl\":\"https:\\\/\\\/www.escapadarural.com\\\/blog\\\/wp-content\\\/uploads\\\/2024\\\/10\\\/cala-galdana-1024x683-1.jpg\",\"width\":1024,\"height\":683,\"caption\":\"Una pintoresca bah\u00eda costera de aguas turquesas rodeada de acantilados rocosos y frondosos \u00e1rboles verdes bajo un cielo azul brillante. Ba\u00f1istas y ba\u00f1istas se relajan en la playa de arena.\"},{\"@type\":\"BreadcrumbList\",\"@id\":\"https:\\\/\\\/www.escapadarural.com\\\/blog\\\/cami-de-cavalls-mejores-tramos-y-playas\\\/#breadcrumb\",\"itemListElement\":[{\"@type\":\"ListItem\",\"position\":1,\"name\":\"Inicio\",\"item\":\"https:\\\/\\\/www.escapadarural.com\\\/blog\\\/\"},{\"@type\":\"ListItem\",\"position\":2,\"name\":\"Rutas y excursiones\",\"item\":\"https:\\\/\\\/www.escapadarural.com\\\/blog\\\/categoria\\\/rutas-y-excursiones\\\/\"},{\"@type\":\"ListItem\",\"position\":3,\"name\":\"Cam\u00ed de Cavalls: los mejores tramos y las playas menos conocidas\"}]},{\"@type\":\"WebSite\",\"@id\":\"https:\\\/\\\/www.escapadarural.com\\\/blog\\\/#website\",\"url\":\"https:\\\/\\\/www.escapadarural.com\\\/blog\\\/\",\"name\":\"Blog de viajes | turismo rural, alojamientos e inspiraci\u00f3n\",\"description\":\"Alojamientos rurales e inspiraci\u00f3n para tus escapadas\",\"publisher\":{\"@id\":\"https:\\\/\\\/www.escapadarural.com\\\/blog\\\/#organization\"},\"alternateName\":\"Magazine de viajes de EscapadaRural\",\"potentialAction\":[{\"@type\":\"SearchAction\",\"target\":{\"@type\":\"EntryPoint\",\"urlTemplate\":\"https:\\\/\\\/www.escapadarural.com\\\/blog\\\/?s={search_term_string}\"},\"query-input\":{\"@type\":\"PropertyValueSpecification\",\"valueRequired\":true,\"valueName\":\"search_term_string\"}}],\"inLanguage\":\"es\"},{\"@type\":\"Organization\",\"@id\":\"https:\\\/\\\/www.escapadarural.com\\\/blog\\\/#organization\",\"name\":\"EscapadaRural\",\"url\":\"https:\\\/\\\/www.escapadarural.com\\\/blog\\\/\",\"logo\":{\"@type\":\"ImageObject\",\"inLanguage\":\"es\",\"@id\":\"https:\\\/\\\/www.escapadarural.com\\\/blog\\\/#\\\/schema\\\/logo\\\/image\\\/\",\"url\":\"https:\\\/\\\/www.escapadarural.com\\\/blog\\\/wp-content\\\/uploads\\\/2024\\\/10\\\/cropped-cropped-escapada-rural-icon-mag-3.png\",\"contentUrl\":\"https:\\\/\\\/www.escapadarural.com\\\/blog\\\/wp-content\\\/uploads\\\/2024\\\/10\\\/cropped-cropped-escapada-rural-icon-mag-3.png\",\"width\":512,\"height\":512,\"caption\":\"EscapadaRural\"},\"image\":{\"@id\":\"https:\\\/\\\/www.escapadarural.com\\\/blog\\\/#\\\/schema\\\/logo\\\/image\\\/\"},\"sameAs\":[\"https:\\\/\\\/www.facebook.com\\\/escapadarural\",\"https:\\\/\\\/www.instagram.com\\\/escapadarural\\\/\",\"https:\\\/\\\/www.youtube.com\\\/@escapadaruralcom\"]},{\"@type\":\"Person\",\"@id\":\"https:\\\/\\\/www.escapadarural.com\\\/blog\\\/#\\\/schema\\\/person\\\/65271b7b847121ab7a4f8c3be624d420\",\"name\":\"Alba Feliz\",\"image\":{\"@type\":\"ImageObject\",\"inLanguage\":\"es\",\"@id\":\"https:\\\/\\\/www.escapadarural.com\\\/blog\\\/wp-content\\\/uploads\\\/2024\\\/11\\\/cropped-alba-96x96.jpg\",\"url\":\"https:\\\/\\\/www.escapadarural.com\\\/blog\\\/wp-content\\\/uploads\\\/2024\\\/11\\\/cropped-alba-96x96.jpg\",\"contentUrl\":\"https:\\\/\\\/www.escapadarural.com\\\/blog\\\/wp-content\\\/uploads\\\/2024\\\/11\\\/cropped-alba-96x96.jpg\",\"caption\":\"Alba Feliz\"},\"description\":\"Redactora, productora audiovisual y graduada en turismo y direcci\u00f3n hotelera. Creo firmemente que viajar abre la mente y permite conocer otras realidades que quiz\u00e1s desconocemos. Me apasiona la fotograf\u00eda anal\u00f3gica (la de toda la vida) y darle una oportunidad a los destinos menos conocidos.\",\"url\":\"https:\\\/\\\/www.escapadarural.com\\\/blog\\\/autor\\\/alba\\\/\"}]}<\/script>\n<!-- \/ Yoast SEO plugin. -->","yoast_head_json":{"title":"Cam\u00ed de Cavalls: los mejores tramos y las playas menos conocidas - EscapadaRural","robots":{"index":"index","follow":"follow","max-snippet":"max-snippet:-1","max-image-preview":"max-image-preview:large","max-video-preview":"max-video-preview:-1"},"canonical":"https:\/\/www.escapadarural.com\/blog\/cami-de-cavalls-mejores-tramos-y-playas\/","og_locale":"es_ES","og_type":"article","og_title":"Cam\u00ed de Cavalls: los mejores tramos y las playas menos conocidas - EscapadaRural","og_description":"Cam\u00ed de Cavalls es la mejor forma de recorrer toda la isla de Menorca. Esta ruta, que rodea toda la pitusa, tiene 185 kil\u00f3metros. Estas son algunas de sus mejores etapas.","og_url":"https:\/\/www.escapadarural.com\/blog\/cami-de-cavalls-mejores-tramos-y-playas\/","og_site_name":"Magazine de viajes de EscapadaRural","article_publisher":"https:\/\/www.facebook.com\/escapadarural","article_published_time":"2023-07-01T07:00:00+00:00","article_modified_time":"2026-02-17T16:16:32+00:00","og_image":[{"width":1024,"height":683,"url":"https:\/\/www.escapadarural.com\/blog\/wp-content\/uploads\/2024\/10\/cala-galdana-1024x683-1.jpg","type":"image\/jpeg"}],"author":"Alba Feliz","twitter_card":"summary_large_image","twitter_misc":{"Escrito por":"Alba Feliz","Tiempo de lectura":"7 minutos"},"schema":{"@context":"https:\/\/schema.org","@graph":[{"@type":"Article","@id":"https:\/\/www.escapadarural.com\/blog\/cami-de-cavalls-mejores-tramos-y-playas\/#article","isPartOf":{"@id":"https:\/\/www.escapadarural.com\/blog\/cami-de-cavalls-mejores-tramos-y-playas\/"},"author":{"name":"Alba Feliz","@id":"https:\/\/www.escapadarural.com\/blog\/#\/schema\/person\/65271b7b847121ab7a4f8c3be624d420"},"headline":"Cam\u00ed de Cavalls: los mejores tramos y las playas menos conocidas","datePublished":"2023-07-01T07:00:00+00:00","dateModified":"2026-02-17T16:16:32+00:00","mainEntityOfPage":{"@id":"https:\/\/www.escapadarural.com\/blog\/cami-de-cavalls-mejores-tramos-y-playas\/"},"wordCount":1320,"commentCount":0,"publisher":{"@id":"https:\/\/www.escapadarural.com\/blog\/#organization"},"image":{"@id":"https:\/\/www.escapadarural.com\/blog\/cami-de-cavalls-mejores-tramos-y-playas\/#primaryimage"},"thumbnailUrl":"https:\/\/www.escapadarural.com\/blog\/wp-content\/uploads\/2024\/10\/cala-galdana-1024x683-1.jpg","keywords":["Calas","Cam\u00ed de Cavalls","Islas Baleareas","Menorca"],"articleSection":["Rutas y excursiones"],"inLanguage":"es","potentialAction":[{"@type":"CommentAction","name":"Comment","target":["https:\/\/www.escapadarural.com\/blog\/cami-de-cavalls-mejores-tramos-y-playas\/#respond"]}]},{"@type":"WebPage","@id":"https:\/\/www.escapadarural.com\/blog\/cami-de-cavalls-mejores-tramos-y-playas\/","url":"https:\/\/www.escapadarural.com\/blog\/cami-de-cavalls-mejores-tramos-y-playas\/","name":"Cam\u00ed de Cavalls: los mejores tramos y las playas menos conocidas - EscapadaRural","isPartOf":{"@id":"https:\/\/www.escapadarural.com\/blog\/#website"},"primaryImageOfPage":{"@id":"https:\/\/www.escapadarural.com\/blog\/cami-de-cavalls-mejores-tramos-y-playas\/#primaryimage"},"image":{"@id":"https:\/\/www.escapadarural.com\/blog\/cami-de-cavalls-mejores-tramos-y-playas\/#primaryimage"},"thumbnailUrl":"https:\/\/www.escapadarural.com\/blog\/wp-content\/uploads\/2024\/10\/cala-galdana-1024x683-1.jpg","datePublished":"2023-07-01T07:00:00+00:00","dateModified":"2026-02-17T16:16:32+00:00","breadcrumb":{"@id":"https:\/\/www.escapadarural.com\/blog\/cami-de-cavalls-mejores-tramos-y-playas\/#breadcrumb"},"inLanguage":"es","potentialAction":[{"@type":"ReadAction","target":["https:\/\/www.escapadarural.com\/blog\/cami-de-cavalls-mejores-tramos-y-playas\/"]}]},{"@type":"ImageObject","inLanguage":"es","@id":"https:\/\/www.escapadarural.com\/blog\/cami-de-cavalls-mejores-tramos-y-playas\/#primaryimage","url":"https:\/\/www.escapadarural.com\/blog\/wp-content\/uploads\/2024\/10\/cala-galdana-1024x683-1.jpg","contentUrl":"https:\/\/www.escapadarural.com\/blog\/wp-content\/uploads\/2024\/10\/cala-galdana-1024x683-1.jpg","width":1024,"height":683,"caption":"Una pintoresca bah\u00eda costera de aguas turquesas rodeada de acantilados rocosos y frondosos \u00e1rboles verdes bajo un cielo azul brillante. Ba\u00f1istas y ba\u00f1istas se relajan en la playa de arena."},{"@type":"BreadcrumbList","@id":"https:\/\/www.escapadarural.com\/blog\/cami-de-cavalls-mejores-tramos-y-playas\/#breadcrumb","itemListElement":[{"@type":"ListItem","position":1,"name":"Inicio","item":"https:\/\/www.escapadarural.com\/blog\/"},{"@type":"ListItem","position":2,"name":"Rutas y excursiones","item":"https:\/\/www.escapadarural.com\/blog\/categoria\/rutas-y-excursiones\/"},{"@type":"ListItem","position":3,"name":"Cam\u00ed de Cavalls: los mejores tramos y las playas menos conocidas"}]},{"@type":"WebSite","@id":"https:\/\/www.escapadarural.com\/blog\/#website","url":"https:\/\/www.escapadarural.com\/blog\/","name":"Blog de viajes | turismo rural, alojamientos e inspiraci\u00f3n","description":"Alojamientos rurales e inspiraci\u00f3n para tus escapadas","publisher":{"@id":"https:\/\/www.escapadarural.com\/blog\/#organization"},"alternateName":"Magazine de viajes de EscapadaRural","potentialAction":[{"@type":"SearchAction","target":{"@type":"EntryPoint","urlTemplate":"https:\/\/www.escapadarural.com\/blog\/?s={search_term_string}"},"query-input":{"@type":"PropertyValueSpecification","valueRequired":true,"valueName":"search_term_string"}}],"inLanguage":"es"},{"@type":"Organization","@id":"https:\/\/www.escapadarural.com\/blog\/#organization","name":"EscapadaRural","url":"https:\/\/www.escapadarural.com\/blog\/","logo":{"@type":"ImageObject","inLanguage":"es","@id":"https:\/\/www.escapadarural.com\/blog\/#\/schema\/logo\/image\/","url":"https:\/\/www.escapadarural.com\/blog\/wp-content\/uploads\/2024\/10\/cropped-cropped-escapada-rural-icon-mag-3.png","contentUrl":"https:\/\/www.escapadarural.com\/blog\/wp-content\/uploads\/2024\/10\/cropped-cropped-escapada-rural-icon-mag-3.png","width":512,"height":512,"caption":"EscapadaRural"},"image":{"@id":"https:\/\/www.escapadarural.com\/blog\/#\/schema\/logo\/image\/"},"sameAs":["https:\/\/www.facebook.com\/escapadarural","https:\/\/www.instagram.com\/escapadarural\/","https:\/\/www.youtube.com\/@escapadaruralcom"]},{"@type":"Person","@id":"https:\/\/www.escapadarural.com\/blog\/#\/schema\/person\/65271b7b847121ab7a4f8c3be624d420","name":"Alba Feliz","image":{"@type":"ImageObject","inLanguage":"es","@id":"https:\/\/www.escapadarural.com\/blog\/wp-content\/uploads\/2024\/11\/cropped-alba-96x96.jpg","url":"https:\/\/www.escapadarural.com\/blog\/wp-content\/uploads\/2024\/11\/cropped-alba-96x96.jpg","contentUrl":"https:\/\/www.escapadarural.com\/blog\/wp-content\/uploads\/2024\/11\/cropped-alba-96x96.jpg","caption":"Alba Feliz"},"description":"Redactora, productora audiovisual y graduada en turismo y direcci\u00f3n hotelera. Creo firmemente que viajar abre la mente y permite conocer otras realidades que quiz\u00e1s desconocemos. Me apasiona la fotograf\u00eda anal\u00f3gica (la de toda la vida) y darle una oportunidad a los destinos menos conocidos.","url":"https:\/\/www.escapadarural.com\/blog\/autor\/alba\/"}]}},"_links":{"self":[{"href":"https:\/\/www.escapadarural.com\/blog\/wp-json\/wp\/v2\/posts\/63768","targetHints":{"allow":["GET"]}}],"collection":[{"href":"https:\/\/www.escapadarural.com\/blog\/wp-json\/wp\/v2\/posts"}],"about":[{"href":"https:\/\/www.escapadarural.com\/blog\/wp-json\/wp\/v2\/types\/post"}],"author":[{"embeddable":true,"href":"https:\/\/www.escapadarural.com\/blog\/wp-json\/wp\/v2\/users\/151"}],"replies":[{"embeddable":true,"href":"https:\/\/www.escapadarural.com\/blog\/wp-json\/wp\/v2\/comments?post=63768"}],"version-history":[{"count":0,"href":"https:\/\/www.escapadarural.com\/blog\/wp-json\/wp\/v2\/posts\/63768\/revisions"}],"wp:featuredmedia":[{"embeddable":true,"href":"https:\/\/www.escapadarural.com\/blog\/wp-json\/wp\/v2\/media\/97220"}],"wp:attachment":[{"href":"https:\/\/www.escapadarural.com\/blog\/wp-json\/wp\/v2\/media?parent=63768"}],"wp:term":[{"taxonomy":"category","embeddable":true,"href":"https:\/\/www.escapadarural.com\/blog\/wp-json\/wp\/v2\/categories?post=63768"},{"taxonomy":"post_tag","embeddable":true,"href":"https:\/\/www.escapadarural.com\/blog\/wp-json\/wp\/v2\/tags?post=63768"}],"curies":[{"name":"wp","href":"https:\/\/api.w.org\/{rel}","templated":true}]}}