{"id":63878,"date":"2023-07-03T11:18:04","date_gmt":"2023-07-03T10:18:04","guid":{"rendered":"https:\/\/www.escapadarural.com\/blog\/?p=63878"},"modified":"2025-06-19T08:58:49","modified_gmt":"2025-06-19T06:58:49","slug":"cova-dels-arcs-en-la-cala-del-moraig","status":"publish","type":"post","link":"https:\/\/www.escapadarural.com\/blog\/cova-dels-arcs-en-la-cala-del-moraig\/","title":{"rendered":"Cova dels Arcs: la cueva marina de la Cala del Moraig que se cre\u00f3 hace 60.000 a\u00f1os"},"content":{"rendered":"\n<figure class=\"wp-block-image size-large\"><a href=\"https:\/\/www.escapadarural.com\/blog\/wp-content\/uploads\/Cova-dels-Arcs-scaled.jpg\"><img decoding=\"async\" src=\"https:\/\/www.escapadarural.com\/blog\/wp-content\/uploads\/2024\/10\/Cova-dels-Arcs-1024x683-1.jpg\" alt=\"Cova dels Arcs\" class=\"wp-image-64023\"\/><\/a><figcaption class=\"wp-element-caption\">Cova dels Arcs.\nPor \u0424\u043e\u0442\u043e\u0431\u0430\u043d\u043a BFoto.ru<\/figcaption><\/figure>\n\n\n\n<p>El Poble Nou de <a href=\"https:\/\/www.escapadarural.com\/casas-rurales\/benitachell\">Benitatxell<\/a> esconde entre sus aguas cristalinas y calas paradis\u00edacas una cueva que fue creada hace m\u00e1s de 60.000 a\u00f1os. Recibe el nombre de Cova dels Arcs (cueva de los arcos) y la verdad es que el nombre no le pod\u00eda ir mejor. Es un rinc\u00f3n m\u00e1gico formado por <strong>tres arcos de roca caliza<\/strong> y la erosi\u00f3n del agua que poco a poco ha ido creando estas impresionantes cavidades muy buscadas por todos los que hacen snorkeling y amantes de la fotograf\u00eda. &nbsp;<\/p>\n\n\n\n<p>Es una maravilla natural de la <a href=\"https:\/\/www.escapadarural.com\/casas-rurales\/costa-blanca\">Costa Blanca<\/a>, muy cerca de las poblaciones de Calpe, Moraira y J\u00e1vea. Es el lugar perfecto para dejarse perder, darse un chapuz\u00f3n en su vecina <strong>playa del Moraig<\/strong>, conocer la falla o animarse a descubrir la ruta de los acantilados. Todo esto sin tener en cuenta todo lo que este rinc\u00f3n valenciano ofrece y todo lo que salvaguarda esta zona del litoral Mediterr\u00e1neo, que dar\u00eda para estar al menos una semana.<\/p>\n\n\n\n<h2 class=\"wp-block-heading\" id=\"h-como-se-creo-y-su-reciente-cierre-al-publico\">C\u00f3mo se cre\u00f3 y su reciente cierre al p\u00fablico<\/h2>\n\n\n\n<figure class=\"wp-block-image size-large\"><a href=\"https:\/\/www.escapadarural.com\/blog\/wp-content\/uploads\/Cova-dels-Arcs-1-scaled.jpg\"><img decoding=\"async\" src=\"https:\/\/www.escapadarural.com\/blog\/wp-content\/uploads\/2024\/10\/Cova-dels-Arcs-1-1024x683-1.jpg\" alt=\"Cova dels Arcs\" class=\"wp-image-64025\"\/><\/a><figcaption class=\"wp-element-caption\">Cova dels Arcs<\/figcaption><\/figure>\n\n\n\n<p>Esta cavidad se form\u00f3 hace 60.000 a\u00f1os y con el paso del tiempo, el agua, el aire y las rocas se ha ido esculpiendo y erosionando hasta llegar a ser la cueva que conocemos en la actualidad. Es bastante conocida por la comunidad de espeleobuceadores, tiene una longitud superior a los 1.000 metros y a d\u00eda de hoy <strong>sigue en constante evoluci\u00f3n<\/strong> geomorfol\u00f3gica.<\/p>\n\n\n\n<p>Tal y como establece el Instituto Geol\u00f3gico y Minero de Espa\u00f1a, se trata de: \u201c<strong>La galer\u00eda m\u00e1s relevante<\/strong> del entramado k\u00e1rstico desde el punto de vista cient\u00edfico y es un lugar de gran relevancia hidrogeol\u00f3gica, al ser considerada la principal zona de descarga del acu\u00edfero de Benissa hacia el mar, a trav\u00e9s del denominado riu Blanc\u201d. \u201cEl riu Blanc es una surgencia submarina activa de extraordinario inter\u00e9s cient\u00edfico por su particular funcionamiento hidrogeol\u00f3gico, ya que a trav\u00e9s de su conducto principal no solo sale agua, sino que tambi\u00e9n entra\u201d.<\/p>\n\n\n\n<p>Este r\u00edo subterr\u00e1neo tiene una amplia galer\u00eda de la que poco a poco van naciendo otras galer\u00edas y de las que cada vez se conoce m\u00e1s gracias a los equipos de exploraci\u00f3n y espele\u00f3logos expertos. Seg\u00fan el Instituto Geol\u00f3gico y Minero de Espa\u00f1a: \u201cLas observaciones realizadas conducen a considerar que el agua se introduce por el sumidero de la Cova dels Coloms (situado entre Altea y Calp), atraviesa el sistema acu\u00edfero de la depresi\u00f3n de Benissa y resurge por la surgencia submarina del Moraig, en El Poble Nou de Benitatxell\u201d. <\/p>\n\n\n\n<figure class=\"wp-block-image size-large\"><a href=\"https:\/\/www.escapadarural.com\/blog\/wp-content\/uploads\/Cova-dels-Arcs-2-scaled.jpg\"><img decoding=\"async\" src=\"https:\/\/www.escapadarural.com\/blog\/wp-content\/uploads\/2024\/10\/Cova-dels-Arcs-2-1024x683-1.jpg\" alt=\"Cova dels Arcs\" class=\"wp-image-64028\"\/><\/a><figcaption class=\"wp-element-caption\">La Cova dels Arcs. Por joan<\/figcaption><\/figure>\n\n\n\n<p>Un sistema de galer\u00edas, pozos, caminos y conductos subterr\u00e1neos \u00fanicos que junto a los que se pueden encontrar en la isla griega de Kephalina forman un fen\u00f3meno hidrogeol\u00f3gico extraordinario.<\/p>\n\n\n\n<p>Llegar hasta la cueva era relativamente sencillo ya que se encuentra en la misma Cala del Moraig y no tiene perdida. Decimos \u201cera\u201d ya que a d\u00eda de hoy <strong>su acceso est\u00e1 cerrado por medidas de seguridad<\/strong>. Tal y como nos comentan desde la Oficina de Turismo del Poble Nou de Benitatxell, los temporales, el fuerte oleaje, las resbaladizas rocas que la rodean y la gran cantidad de personas que la visitaban han sido motivos suficientes para cerrar su acceso por tierra. <\/p>\n\n\n\n<p>Al tratarse de una cueva marina, su acceso <strong>por mar sigue estando abierto<\/strong> pero se recomienda no acceder y extremar las precauciones por motivos de seguridad.<\/p>\n\n\n\n<h2 class=\"wp-block-heading\" id=\"h-curiosidades-de-la-cueva-la-cala-del-moraig-y-sus-alrededores\">Curiosidades de la cueva, la cala del Moraig y sus alrededores<\/h2>\n\n\n\n<figure class=\"wp-block-image size-large\"><a href=\"https:\/\/www.escapadarural.com\/blog\/wp-content\/uploads\/Cala-del-Moraig-scaled.jpg\"><img decoding=\"async\" src=\"https:\/\/www.escapadarural.com\/blog\/wp-content\/uploads\/2024\/10\/Cala-del-Moraig-1024x683-1.jpg\" alt=\"Cala del Moraig\" class=\"wp-image-64027\"\/><\/a><figcaption class=\"wp-element-caption\">Cala del Moraig. Por Nicole Kwiatkowski<\/figcaption><\/figure>\n\n\n\n<p>Si bien es cierto que la cueva se ha cerrado recientemente, a\u00fan podemos seguir contemplando su majestuosidad gracias a la p\u00e1gina web de Turismo de Benitatxell. En el apartado de \u201cMuseo al Viento\u201d se da la oportunidad de conocer la historia y patrimonio en realidad virtual, rutas autoguiadas y hasta videos 360 grados. Una experiencia inmersiva con la que pasar a ser parte de la poblaci\u00f3n y con la que poder vivir la zona mucho antes de ir a visitarla.<\/p>\n\n\n\n<p>Gracias a la app de <em>Lookish Travel<\/em> no solo se puede conocer de antemano y <strong>viajar virtualmente a la Cova dels Arcs<\/strong>, tambi\u00e9n se pueden conocer muchos detalles e informaci\u00f3n general gracias al audio que se incluye en la funci\u00f3n 360 grados. Para adentrarte de lleno en el contenido solo has de buscar en la app \u201cEl Poble Nou de Benitatxell\u201d y seleccionar uno de los m\u00e1s de 40 puntos de inter\u00e9s.<\/p>\n\n\n\n<figure class=\"wp-block-image size-large\"><a href=\"https:\/\/www.escapadarural.com\/blog\/wp-content\/uploads\/Cala-del-Moraig-aerea-scaled.jpg\"><img decoding=\"async\" src=\"https:\/\/www.escapadarural.com\/blog\/wp-content\/uploads\/2024\/10\/Cala-del-Moraig-aerea-1024x689-1.jpg\" alt=\"Cala del Moraig\" class=\"wp-image-64029\"\/><\/a><figcaption class=\"wp-element-caption\">Cala del Moraig. Por Alex Tihonov<\/figcaption><\/figure>\n\n\n\n<p>Por otro lado, desde el Departamento de Turismo tambi\u00e9n nos aclaran que han habido algunos cambios respecto al parking de la Cala del Moraig. Ahora no es posible aparcar en la misma cala y se ha ubicado el parking un poco m\u00e1s arriba, es de pago para coches pero gratuito para bicicletas y motos. Por \u00faltimo y como curiosidad, la Cala del Moraig (donde se ubica la Cova dels Arcs) es una <strong>cala artificial que se dinamit\u00f3 sobre los a\u00f1os 80<\/strong>. <\/p>\n\n\n\n<p>Antes de su creaci\u00f3n predominaba el paisaje que se conserva en los laterales y los acantilados de roca k\u00e1rstica pero la playa de grava tal y como la conocemos hoy en d\u00eda fue creada de forma artificial. De todos modos, recomiendo darle una oportunidad ya que es la principal cala del municipio, es un excepcional paraje de aguas claras y cristalinas y est\u00e1 avalada por la <strong>Bandera Azul<\/strong>.<\/p>\n\n\n\n<h2 class=\"wp-block-heading\" id=\"h-la-ruta-de-los-acantilados\">La ruta de los acantilados<\/h2>\n\n\n\n<figure class=\"wp-block-image size-large\"><a href=\"https:\/\/www.escapadarural.com\/blog\/wp-content\/uploads\/ruta-acantilados-moraig-scaled.jpg\"><img decoding=\"async\" src=\"https:\/\/www.escapadarural.com\/blog\/wp-content\/uploads\/2024\/10\/ruta-acantilados-moraig-1024x683-1.jpg\" alt=\"Ruta de los acantilados desde Cala Moraig\" class=\"wp-image-64030\"\/><\/a><figcaption class=\"wp-element-caption\">Ruta de los acantilados desde Cala Moraig. Por Piotr<\/figcaption><\/figure>\n\n\n\n<p>La ruta de los acantilados es lineal, tiene unos 4.5 Km de recorrido y comienza en la Cala del Moraig. Es tambi\u00e9n una muy buena forma de conocer la localidad y los espacios naturales que rodean la poblaci\u00f3n pero hay que tener en cuenta que su <strong>nivel de dificultad es medio<\/strong> y que quiz\u00e1s no es apta para personas con v\u00e9rtigo. La mayor parte de la ruta tiene lugar entre acantilados y las vistas panor\u00e1micas durante gran parte del recorrido son fascinantes, con el Mediterr\u00e1neo de fondo, varias cuevas y la vegetaci\u00f3n propia de la zona alicantina.<\/p>\n\n\n\n<figure class=\"wp-block-image size-large\"><a href=\"https:\/\/www.escapadarural.com\/blog\/wp-content\/uploads\/cala-llebeig-scaled.jpg\"><img decoding=\"async\" src=\"https:\/\/www.escapadarural.com\/blog\/wp-content\/uploads\/2024\/10\/cala-llebeig-1024x684-1.jpg\" alt=\"Cala LLebeig\" class=\"wp-image-64043\"\/><\/a><figcaption class=\"wp-element-caption\">Cala LLebeig. Por Trona<\/figcaption><\/figure>\n\n\n\n<p>Gracias a esta ruta podemos llegar hasta la pintoresca <strong>Cala Llebeig<\/strong> (aproximadamente 2h entre ida y vuelta). Tal y como nos explican desde Turismo Benitatxell: \u201cEs una cala que traslada a otra \u00e9poca, con varias casas de pescadores que dan la bienvenida y evocan a otros tiempos, en los que estos habit\u00e1culos excavados en las paredes serv\u00edan de refugio a quienes ten\u00edan en la mar su medio de vida\u201d. <\/p>\n\n\n\n<figure class=\"wp-block-image size-large\"><a href=\"https:\/\/www.escapadarural.com\/blog\/wp-content\/uploads\/Benitatxell-cala-moraig-scaled.jpg\"><img decoding=\"async\" src=\"https:\/\/www.escapadarural.com\/blog\/wp-content\/uploads\/2024\/10\/Benitatxell-cala-moraig-1024x682-1.jpg\" alt=\"Cala del Moraig\" class=\"wp-image-64033\"\/><\/a><figcaption class=\"wp-element-caption\">Cala del Moraig y Cova dels Arcs. Por Alex Kiriuchkov\n<\/figcaption><\/figure>\n\n\n\n<p>Es una playa de roca y grava, aislada y de dif\u00edcil acceso ya que solo se puede <strong>llegar a ella a trav\u00e9s de la ruta de los acantilados<\/strong> o en barco. Si te animas a conocerla se recomienda traer agua, comida (ya que no hay servicios) y calzado c\u00f3modo, especialmente para la bajada a la cala ya que a veces puede ser un tramo que se puede complicar.<\/p>\n\n\n\n<p>Si te quedas con ganas de m\u00e1s siempre puedes seguir el camino y llegar hasta el Barranc de la Viuda. En total ser\u00edan unos 3.5 Km de distancia (desde Cala Moraig) y tambi\u00e9n forma parte de la ruta SL- CV50 (Cala Moraig \u2013 Cala Llebeig \u2013 Barranc de la Viuda). &nbsp;<\/p>\n\n\n\n<div class=\"wp-block-buttons is-layout-flex wp-block-buttons-is-layout-flex\">\n<div class=\"wp-block-button\"><a class=\"wp-block-button__link wp-element-button\" href=\"https:\/\/www.escapadarural.com\/casas-rurales\/costa-blanca\">Casas rurales en la Costa Blanca<\/a><\/div>\n<\/div>\n","protected":false},"excerpt":{"rendered":"<p>Situada junto a la Cala del Moraig, la Cova dels Arcs (cueva de los Arcos) es una cavidad que se ha ido esculpiendo con la erosi\u00f3n desde hace 60 mil a\u00f1os. <\/p>\n","protected":false},"author":151,"featured_media":97197,"comment_status":"open","ping_status":"open","sticky":false,"template":"","format":"standard","meta":{"_acf_changed":false,"om_disable_all_campaigns":false,"footnotes":""},"categories":[1379],"tags":[674,260,5213,469,4413],"class_list":["post-63878","post","type-post","status-publish","format-standard","has-post-thumbnail","hentry","category-rutas-y-excursiones","tag-que-ver-en-alicante","tag-articulo","tag-cala-moraig","tag-que-ver-en-la-comunidad-valenciana","tag-poble-nou-de-benitatxell"],"acf":[],"featured_image_src":"https:\/\/www.escapadarural.com\/blog\/wp-content\/uploads\/2024\/10\/Cova-dels-Arcs-1024x683-1.jpg","author_info":{"display_name":"Alba Feliz","author_link":"https:\/\/www.escapadarural.com\/blog\/autor\/alba\/"},"yoast_head":"<!-- This site is optimized with the Yoast SEO plugin v27.5 - https:\/\/yoast.com\/product\/yoast-seo-wordpress\/ -->\n<title>Cova dels Arcs: la cueva marina de la Cala del Moraig que se cre\u00f3 hace 60.000 a\u00f1os - EscapadaRural<\/title>\n<meta name=\"robots\" content=\"index, follow, max-snippet:-1, max-image-preview:large, max-video-preview:-1\" \/>\n<link rel=\"canonical\" href=\"https:\/\/www.escapadarural.com\/blog\/cova-dels-arcs-en-la-cala-del-moraig\/\" \/>\n<meta property=\"og:locale\" content=\"es_ES\" \/>\n<meta property=\"og:type\" content=\"article\" \/>\n<meta property=\"og:title\" content=\"Cova dels Arcs: la cueva marina de la Cala del Moraig que se cre\u00f3 hace 60.000 a\u00f1os - EscapadaRural\" \/>\n<meta property=\"og:description\" content=\"Situada junto a la Cala del Moraig, la Cova dels Arcs (cueva de los Arcos) es una cavidad que se ha ido esculpiendo con la erosi\u00f3n desde hace 60 mil a\u00f1os.\" \/>\n<meta property=\"og:url\" content=\"https:\/\/www.escapadarural.com\/blog\/cova-dels-arcs-en-la-cala-del-moraig\/\" \/>\n<meta property=\"og:site_name\" content=\"Magazine de viajes de EscapadaRural\" \/>\n<meta property=\"article:publisher\" content=\"https:\/\/www.facebook.com\/escapadarural\" \/>\n<meta property=\"article:published_time\" content=\"2023-07-03T10:18:04+00:00\" \/>\n<meta property=\"article:modified_time\" content=\"2025-06-19T06:58:49+00:00\" \/>\n<meta property=\"og:image\" content=\"https:\/\/www.escapadarural.com\/blog\/wp-content\/uploads\/2024\/10\/Cova-dels-Arcs-1024x683-1.jpg\" \/>\n\t<meta property=\"og:image:width\" content=\"1024\" \/>\n\t<meta property=\"og:image:height\" content=\"683\" \/>\n\t<meta property=\"og:image:type\" content=\"image\/jpeg\" \/>\n<meta name=\"author\" content=\"Alba Feliz\" \/>\n<meta name=\"twitter:card\" content=\"summary_large_image\" \/>\n<meta name=\"twitter:label1\" content=\"Escrito por\" \/>\n\t<meta name=\"twitter:data1\" content=\"Alba Feliz\" \/>\n\t<meta name=\"twitter:label2\" content=\"Tiempo de lectura\" \/>\n\t<meta name=\"twitter:data2\" content=\"6 minutos\" \/>\n<script type=\"application\/ld+json\" class=\"yoast-schema-graph\">{\"@context\":\"https:\\\/\\\/schema.org\",\"@graph\":[{\"@type\":\"Article\",\"@id\":\"https:\\\/\\\/www.escapadarural.com\\\/blog\\\/cova-dels-arcs-en-la-cala-del-moraig\\\/#article\",\"isPartOf\":{\"@id\":\"https:\\\/\\\/www.escapadarural.com\\\/blog\\\/cova-dels-arcs-en-la-cala-del-moraig\\\/\"},\"author\":{\"name\":\"Alba Feliz\",\"@id\":\"https:\\\/\\\/www.escapadarural.com\\\/blog\\\/#\\\/schema\\\/person\\\/65271b7b847121ab7a4f8c3be624d420\"},\"headline\":\"Cova dels Arcs: la cueva marina de la Cala del Moraig que se cre\u00f3 hace 60.000 a\u00f1os\",\"datePublished\":\"2023-07-03T10:18:04+00:00\",\"dateModified\":\"2025-06-19T06:58:49+00:00\",\"mainEntityOfPage\":{\"@id\":\"https:\\\/\\\/www.escapadarural.com\\\/blog\\\/cova-dels-arcs-en-la-cala-del-moraig\\\/\"},\"wordCount\":1296,\"commentCount\":0,\"publisher\":{\"@id\":\"https:\\\/\\\/www.escapadarural.com\\\/blog\\\/#organization\"},\"image\":{\"@id\":\"https:\\\/\\\/www.escapadarural.com\\\/blog\\\/cova-dels-arcs-en-la-cala-del-moraig\\\/#primaryimage\"},\"thumbnailUrl\":\"https:\\\/\\\/www.escapadarural.com\\\/blog\\\/wp-content\\\/uploads\\\/2024\\\/10\\\/Cova-dels-Arcs-1024x683-1.jpg\",\"keywords\":[\"Alicante\",\"art\u00edculo\",\"cala Moraig\",\"Comunidad Valenciana\",\"Poble Nou de Benitatxell\"],\"articleSection\":[\"Rutas y excursiones\"],\"inLanguage\":\"es\",\"potentialAction\":[{\"@type\":\"CommentAction\",\"name\":\"Comment\",\"target\":[\"https:\\\/\\\/www.escapadarural.com\\\/blog\\\/cova-dels-arcs-en-la-cala-del-moraig\\\/#respond\"]}]},{\"@type\":\"WebPage\",\"@id\":\"https:\\\/\\\/www.escapadarural.com\\\/blog\\\/cova-dels-arcs-en-la-cala-del-moraig\\\/\",\"url\":\"https:\\\/\\\/www.escapadarural.com\\\/blog\\\/cova-dels-arcs-en-la-cala-del-moraig\\\/\",\"name\":\"Cova dels Arcs: la cueva marina de la Cala del Moraig que se cre\u00f3 hace 60.000 a\u00f1os - EscapadaRural\",\"isPartOf\":{\"@id\":\"https:\\\/\\\/www.escapadarural.com\\\/blog\\\/#website\"},\"primaryImageOfPage\":{\"@id\":\"https:\\\/\\\/www.escapadarural.com\\\/blog\\\/cova-dels-arcs-en-la-cala-del-moraig\\\/#primaryimage\"},\"image\":{\"@id\":\"https:\\\/\\\/www.escapadarural.com\\\/blog\\\/cova-dels-arcs-en-la-cala-del-moraig\\\/#primaryimage\"},\"thumbnailUrl\":\"https:\\\/\\\/www.escapadarural.com\\\/blog\\\/wp-content\\\/uploads\\\/2024\\\/10\\\/Cova-dels-Arcs-1024x683-1.jpg\",\"datePublished\":\"2023-07-03T10:18:04+00:00\",\"dateModified\":\"2025-06-19T06:58:49+00:00\",\"breadcrumb\":{\"@id\":\"https:\\\/\\\/www.escapadarural.com\\\/blog\\\/cova-dels-arcs-en-la-cala-del-moraig\\\/#breadcrumb\"},\"inLanguage\":\"es\",\"potentialAction\":[{\"@type\":\"ReadAction\",\"target\":[\"https:\\\/\\\/www.escapadarural.com\\\/blog\\\/cova-dels-arcs-en-la-cala-del-moraig\\\/\"]}]},{\"@type\":\"ImageObject\",\"inLanguage\":\"es\",\"@id\":\"https:\\\/\\\/www.escapadarural.com\\\/blog\\\/cova-dels-arcs-en-la-cala-del-moraig\\\/#primaryimage\",\"url\":\"https:\\\/\\\/www.escapadarural.com\\\/blog\\\/wp-content\\\/uploads\\\/2024\\\/10\\\/Cova-dels-Arcs-1024x683-1.jpg\",\"contentUrl\":\"https:\\\/\\\/www.escapadarural.com\\\/blog\\\/wp-content\\\/uploads\\\/2024\\\/10\\\/Cova-dels-Arcs-1024x683-1.jpg\",\"width\":1024,\"height\":683,\"caption\":\"Vista desde el interior de una cueva marina rocosa mirando hacia el agua azul intenso del oc\u00e9ano, con la luz del sol iluminando partes de las paredes de la cueva y rocas que sobresalen del agua.\"},{\"@type\":\"BreadcrumbList\",\"@id\":\"https:\\\/\\\/www.escapadarural.com\\\/blog\\\/cova-dels-arcs-en-la-cala-del-moraig\\\/#breadcrumb\",\"itemListElement\":[{\"@type\":\"ListItem\",\"position\":1,\"name\":\"Inicio\",\"item\":\"https:\\\/\\\/www.escapadarural.com\\\/blog\\\/\"},{\"@type\":\"ListItem\",\"position\":2,\"name\":\"Rutas y excursiones\",\"item\":\"https:\\\/\\\/www.escapadarural.com\\\/blog\\\/categoria\\\/rutas-y-excursiones\\\/\"},{\"@type\":\"ListItem\",\"position\":3,\"name\":\"Cova dels Arcs: la cueva marina de la Cala del Moraig que se cre\u00f3 hace 60.000 a\u00f1os\"}]},{\"@type\":\"WebSite\",\"@id\":\"https:\\\/\\\/www.escapadarural.com\\\/blog\\\/#website\",\"url\":\"https:\\\/\\\/www.escapadarural.com\\\/blog\\\/\",\"name\":\"Blog de viajes | turismo rural, alojamientos e inspiraci\u00f3n\",\"description\":\"Alojamientos rurales e inspiraci\u00f3n para tus escapadas\",\"publisher\":{\"@id\":\"https:\\\/\\\/www.escapadarural.com\\\/blog\\\/#organization\"},\"alternateName\":\"Magazine de viajes de EscapadaRural\",\"potentialAction\":[{\"@type\":\"SearchAction\",\"target\":{\"@type\":\"EntryPoint\",\"urlTemplate\":\"https:\\\/\\\/www.escapadarural.com\\\/blog\\\/?s={search_term_string}\"},\"query-input\":{\"@type\":\"PropertyValueSpecification\",\"valueRequired\":true,\"valueName\":\"search_term_string\"}}],\"inLanguage\":\"es\"},{\"@type\":\"Organization\",\"@id\":\"https:\\\/\\\/www.escapadarural.com\\\/blog\\\/#organization\",\"name\":\"EscapadaRural\",\"url\":\"https:\\\/\\\/www.escapadarural.com\\\/blog\\\/\",\"logo\":{\"@type\":\"ImageObject\",\"inLanguage\":\"es\",\"@id\":\"https:\\\/\\\/www.escapadarural.com\\\/blog\\\/#\\\/schema\\\/logo\\\/image\\\/\",\"url\":\"https:\\\/\\\/www.escapadarural.com\\\/blog\\\/wp-content\\\/uploads\\\/2024\\\/10\\\/cropped-cropped-escapada-rural-icon-mag-3.png\",\"contentUrl\":\"https:\\\/\\\/www.escapadarural.com\\\/blog\\\/wp-content\\\/uploads\\\/2024\\\/10\\\/cropped-cropped-escapada-rural-icon-mag-3.png\",\"width\":512,\"height\":512,\"caption\":\"EscapadaRural\"},\"image\":{\"@id\":\"https:\\\/\\\/www.escapadarural.com\\\/blog\\\/#\\\/schema\\\/logo\\\/image\\\/\"},\"sameAs\":[\"https:\\\/\\\/www.facebook.com\\\/escapadarural\",\"https:\\\/\\\/www.instagram.com\\\/escapadarural\\\/\",\"https:\\\/\\\/www.youtube.com\\\/@escapadaruralcom\"]},{\"@type\":\"Person\",\"@id\":\"https:\\\/\\\/www.escapadarural.com\\\/blog\\\/#\\\/schema\\\/person\\\/65271b7b847121ab7a4f8c3be624d420\",\"name\":\"Alba Feliz\",\"image\":{\"@type\":\"ImageObject\",\"inLanguage\":\"es\",\"@id\":\"https:\\\/\\\/www.escapadarural.com\\\/blog\\\/wp-content\\\/uploads\\\/2024\\\/11\\\/cropped-alba-96x96.jpg\",\"url\":\"https:\\\/\\\/www.escapadarural.com\\\/blog\\\/wp-content\\\/uploads\\\/2024\\\/11\\\/cropped-alba-96x96.jpg\",\"contentUrl\":\"https:\\\/\\\/www.escapadarural.com\\\/blog\\\/wp-content\\\/uploads\\\/2024\\\/11\\\/cropped-alba-96x96.jpg\",\"caption\":\"Alba Feliz\"},\"description\":\"Redactora, productora audiovisual y graduada en turismo y direcci\u00f3n hotelera. Creo firmemente que viajar abre la mente y permite conocer otras realidades que quiz\u00e1s desconocemos. Me apasiona la fotograf\u00eda anal\u00f3gica (la de toda la vida) y darle una oportunidad a los destinos menos conocidos.\",\"url\":\"https:\\\/\\\/www.escapadarural.com\\\/blog\\\/autor\\\/alba\\\/\"}]}<\/script>\n<!-- \/ Yoast SEO plugin. -->","yoast_head_json":{"title":"Cova dels Arcs: la cueva marina de la Cala del Moraig que se cre\u00f3 hace 60.000 a\u00f1os - EscapadaRural","robots":{"index":"index","follow":"follow","max-snippet":"max-snippet:-1","max-image-preview":"max-image-preview:large","max-video-preview":"max-video-preview:-1"},"canonical":"https:\/\/www.escapadarural.com\/blog\/cova-dels-arcs-en-la-cala-del-moraig\/","og_locale":"es_ES","og_type":"article","og_title":"Cova dels Arcs: la cueva marina de la Cala del Moraig que se cre\u00f3 hace 60.000 a\u00f1os - EscapadaRural","og_description":"Situada junto a la Cala del Moraig, la Cova dels Arcs (cueva de los Arcos) es una cavidad que se ha ido esculpiendo con la erosi\u00f3n desde hace 60 mil a\u00f1os.","og_url":"https:\/\/www.escapadarural.com\/blog\/cova-dels-arcs-en-la-cala-del-moraig\/","og_site_name":"Magazine de viajes de EscapadaRural","article_publisher":"https:\/\/www.facebook.com\/escapadarural","article_published_time":"2023-07-03T10:18:04+00:00","article_modified_time":"2025-06-19T06:58:49+00:00","og_image":[{"width":1024,"height":683,"url":"https:\/\/www.escapadarural.com\/blog\/wp-content\/uploads\/2024\/10\/Cova-dels-Arcs-1024x683-1.jpg","type":"image\/jpeg"}],"author":"Alba Feliz","twitter_card":"summary_large_image","twitter_misc":{"Escrito por":"Alba Feliz","Tiempo de lectura":"6 minutos"},"schema":{"@context":"https:\/\/schema.org","@graph":[{"@type":"Article","@id":"https:\/\/www.escapadarural.com\/blog\/cova-dels-arcs-en-la-cala-del-moraig\/#article","isPartOf":{"@id":"https:\/\/www.escapadarural.com\/blog\/cova-dels-arcs-en-la-cala-del-moraig\/"},"author":{"name":"Alba Feliz","@id":"https:\/\/www.escapadarural.com\/blog\/#\/schema\/person\/65271b7b847121ab7a4f8c3be624d420"},"headline":"Cova dels Arcs: la cueva marina de la Cala del Moraig que se cre\u00f3 hace 60.000 a\u00f1os","datePublished":"2023-07-03T10:18:04+00:00","dateModified":"2025-06-19T06:58:49+00:00","mainEntityOfPage":{"@id":"https:\/\/www.escapadarural.com\/blog\/cova-dels-arcs-en-la-cala-del-moraig\/"},"wordCount":1296,"commentCount":0,"publisher":{"@id":"https:\/\/www.escapadarural.com\/blog\/#organization"},"image":{"@id":"https:\/\/www.escapadarural.com\/blog\/cova-dels-arcs-en-la-cala-del-moraig\/#primaryimage"},"thumbnailUrl":"https:\/\/www.escapadarural.com\/blog\/wp-content\/uploads\/2024\/10\/Cova-dels-Arcs-1024x683-1.jpg","keywords":["Alicante","art\u00edculo","cala Moraig","Comunidad Valenciana","Poble Nou de Benitatxell"],"articleSection":["Rutas y excursiones"],"inLanguage":"es","potentialAction":[{"@type":"CommentAction","name":"Comment","target":["https:\/\/www.escapadarural.com\/blog\/cova-dels-arcs-en-la-cala-del-moraig\/#respond"]}]},{"@type":"WebPage","@id":"https:\/\/www.escapadarural.com\/blog\/cova-dels-arcs-en-la-cala-del-moraig\/","url":"https:\/\/www.escapadarural.com\/blog\/cova-dels-arcs-en-la-cala-del-moraig\/","name":"Cova dels Arcs: la cueva marina de la Cala del Moraig que se cre\u00f3 hace 60.000 a\u00f1os - EscapadaRural","isPartOf":{"@id":"https:\/\/www.escapadarural.com\/blog\/#website"},"primaryImageOfPage":{"@id":"https:\/\/www.escapadarural.com\/blog\/cova-dels-arcs-en-la-cala-del-moraig\/#primaryimage"},"image":{"@id":"https:\/\/www.escapadarural.com\/blog\/cova-dels-arcs-en-la-cala-del-moraig\/#primaryimage"},"thumbnailUrl":"https:\/\/www.escapadarural.com\/blog\/wp-content\/uploads\/2024\/10\/Cova-dels-Arcs-1024x683-1.jpg","datePublished":"2023-07-03T10:18:04+00:00","dateModified":"2025-06-19T06:58:49+00:00","breadcrumb":{"@id":"https:\/\/www.escapadarural.com\/blog\/cova-dels-arcs-en-la-cala-del-moraig\/#breadcrumb"},"inLanguage":"es","potentialAction":[{"@type":"ReadAction","target":["https:\/\/www.escapadarural.com\/blog\/cova-dels-arcs-en-la-cala-del-moraig\/"]}]},{"@type":"ImageObject","inLanguage":"es","@id":"https:\/\/www.escapadarural.com\/blog\/cova-dels-arcs-en-la-cala-del-moraig\/#primaryimage","url":"https:\/\/www.escapadarural.com\/blog\/wp-content\/uploads\/2024\/10\/Cova-dels-Arcs-1024x683-1.jpg","contentUrl":"https:\/\/www.escapadarural.com\/blog\/wp-content\/uploads\/2024\/10\/Cova-dels-Arcs-1024x683-1.jpg","width":1024,"height":683,"caption":"Vista desde el interior de una cueva marina rocosa mirando hacia el agua azul intenso del oc\u00e9ano, con la luz del sol iluminando partes de las paredes de la cueva y rocas que sobresalen del agua."},{"@type":"BreadcrumbList","@id":"https:\/\/www.escapadarural.com\/blog\/cova-dels-arcs-en-la-cala-del-moraig\/#breadcrumb","itemListElement":[{"@type":"ListItem","position":1,"name":"Inicio","item":"https:\/\/www.escapadarural.com\/blog\/"},{"@type":"ListItem","position":2,"name":"Rutas y excursiones","item":"https:\/\/www.escapadarural.com\/blog\/categoria\/rutas-y-excursiones\/"},{"@type":"ListItem","position":3,"name":"Cova dels Arcs: la cueva marina de la Cala del Moraig que se cre\u00f3 hace 60.000 a\u00f1os"}]},{"@type":"WebSite","@id":"https:\/\/www.escapadarural.com\/blog\/#website","url":"https:\/\/www.escapadarural.com\/blog\/","name":"Blog de viajes | turismo rural, alojamientos e inspiraci\u00f3n","description":"Alojamientos rurales e inspiraci\u00f3n para tus escapadas","publisher":{"@id":"https:\/\/www.escapadarural.com\/blog\/#organization"},"alternateName":"Magazine de viajes de EscapadaRural","potentialAction":[{"@type":"SearchAction","target":{"@type":"EntryPoint","urlTemplate":"https:\/\/www.escapadarural.com\/blog\/?s={search_term_string}"},"query-input":{"@type":"PropertyValueSpecification","valueRequired":true,"valueName":"search_term_string"}}],"inLanguage":"es"},{"@type":"Organization","@id":"https:\/\/www.escapadarural.com\/blog\/#organization","name":"EscapadaRural","url":"https:\/\/www.escapadarural.com\/blog\/","logo":{"@type":"ImageObject","inLanguage":"es","@id":"https:\/\/www.escapadarural.com\/blog\/#\/schema\/logo\/image\/","url":"https:\/\/www.escapadarural.com\/blog\/wp-content\/uploads\/2024\/10\/cropped-cropped-escapada-rural-icon-mag-3.png","contentUrl":"https:\/\/www.escapadarural.com\/blog\/wp-content\/uploads\/2024\/10\/cropped-cropped-escapada-rural-icon-mag-3.png","width":512,"height":512,"caption":"EscapadaRural"},"image":{"@id":"https:\/\/www.escapadarural.com\/blog\/#\/schema\/logo\/image\/"},"sameAs":["https:\/\/www.facebook.com\/escapadarural","https:\/\/www.instagram.com\/escapadarural\/","https:\/\/www.youtube.com\/@escapadaruralcom"]},{"@type":"Person","@id":"https:\/\/www.escapadarural.com\/blog\/#\/schema\/person\/65271b7b847121ab7a4f8c3be624d420","name":"Alba Feliz","image":{"@type":"ImageObject","inLanguage":"es","@id":"https:\/\/www.escapadarural.com\/blog\/wp-content\/uploads\/2024\/11\/cropped-alba-96x96.jpg","url":"https:\/\/www.escapadarural.com\/blog\/wp-content\/uploads\/2024\/11\/cropped-alba-96x96.jpg","contentUrl":"https:\/\/www.escapadarural.com\/blog\/wp-content\/uploads\/2024\/11\/cropped-alba-96x96.jpg","caption":"Alba Feliz"},"description":"Redactora, productora audiovisual y graduada en turismo y direcci\u00f3n hotelera. Creo firmemente que viajar abre la mente y permite conocer otras realidades que quiz\u00e1s desconocemos. Me apasiona la fotograf\u00eda anal\u00f3gica (la de toda la vida) y darle una oportunidad a los destinos menos conocidos.","url":"https:\/\/www.escapadarural.com\/blog\/autor\/alba\/"}]}},"_links":{"self":[{"href":"https:\/\/www.escapadarural.com\/blog\/wp-json\/wp\/v2\/posts\/63878","targetHints":{"allow":["GET"]}}],"collection":[{"href":"https:\/\/www.escapadarural.com\/blog\/wp-json\/wp\/v2\/posts"}],"about":[{"href":"https:\/\/www.escapadarural.com\/blog\/wp-json\/wp\/v2\/types\/post"}],"author":[{"embeddable":true,"href":"https:\/\/www.escapadarural.com\/blog\/wp-json\/wp\/v2\/users\/151"}],"replies":[{"embeddable":true,"href":"https:\/\/www.escapadarural.com\/blog\/wp-json\/wp\/v2\/comments?post=63878"}],"version-history":[{"count":0,"href":"https:\/\/www.escapadarural.com\/blog\/wp-json\/wp\/v2\/posts\/63878\/revisions"}],"wp:featuredmedia":[{"embeddable":true,"href":"https:\/\/www.escapadarural.com\/blog\/wp-json\/wp\/v2\/media\/97197"}],"wp:attachment":[{"href":"https:\/\/www.escapadarural.com\/blog\/wp-json\/wp\/v2\/media?parent=63878"}],"wp:term":[{"taxonomy":"category","embeddable":true,"href":"https:\/\/www.escapadarural.com\/blog\/wp-json\/wp\/v2\/categories?post=63878"},{"taxonomy":"post_tag","embeddable":true,"href":"https:\/\/www.escapadarural.com\/blog\/wp-json\/wp\/v2\/tags?post=63878"}],"curies":[{"name":"wp","href":"https:\/\/api.w.org\/{rel}","templated":true}]}}