{"id":64032,"date":"2023-07-04T06:39:00","date_gmt":"2023-07-04T05:39:00","guid":{"rendered":"https:\/\/www.escapadarural.com\/blog\/?p=64032"},"modified":"2025-01-16T14:35:08","modified_gmt":"2025-01-16T12:35:08","slug":"slow-life-en-la-provincia-de-avila","status":"publish","type":"post","link":"https:\/\/www.escapadarural.com\/blog\/slow-life-en-la-provincia-de-avila\/","title":{"rendered":"\u201cSlow life\u201d en \u00c1vila: donde la vida va a otro ritmo"},"content":{"rendered":"\n<figure class=\"wp-block-image size-large\"><a href=\"https:\/\/www.escapadarural.com\/blog\/wp-content\/uploads\/Piorno-en-flor-bici.jpg\"><img decoding=\"async\" src=\"https:\/\/www.escapadarural.com\/blog\/wp-content\/uploads\/2024\/10\/Piorno-en-flor-bici-1024x683-1.jpg\" alt=\"Piorno en flor en \u00c1vila\" class=\"wp-image-64044\"\/><\/a><figcaption class=\"wp-element-caption\">Por: Turismo Diputaci\u00f3n de \u00c1vila<\/figcaption><\/figure>\n\n\n\n<p>\u00bfCu\u00e1ntas veces habremos dejado algo para ma\u00f1ana, y para el d\u00eda siguiente, y para el otro, y para la semana que viene\u2026 y al final no hemos acabado haci\u00e9ndolo? \u00bfCu\u00e1ntas veces hemos dicho o escuchado lo de \u201cno me da la vida\u201d? \u00bfCu\u00e1ntas veces habremos prometido lo de \u201ctenemos que vernos\u201d y nunca ocurre? <\/p>\n\n\n\n<p>El <strong>ritmo de vida actual<\/strong> nos obliga a estar constantemente ocupados que deriva en esa sensaci\u00f3n permanente de falta de tiempo. As\u00ed que para. Aprovecha unas largas vacaciones o planea una escapada corta, pero intensa, para desconectar y para reconectar con lo que te rodea. Para respirar, reflexionar, disfrutar y descubrir que no siempre lo urgente es lo importante.<\/p>\n\n\n\n<p>\u00bfEn qu\u00e9 destino est\u00e1s pensando? Uno de turismo \u201cslow\u201d que te sorprender\u00e1 es la provincia de \u00c1vila. Nos esperan actividades de aventura, senderismo, ecoturismo, zonas con <strong>Carta Europea de Turismo Sostenible<\/strong> (la Sierra de Gredos y la Reserva Natural de Iruelas), una rica gastronom\u00eda y un interesante patrimonio cultural abulense. Aqu\u00ed van unas cuantas ideas para poner la vida en \u201cmodo <em>pause<\/em>\u201d y disfrutar de los peque\u00f1os placeres, lejos del estr\u00e9s diario.<\/p>\n\n\n\n<div class=\"wp-block-buttons is-layout-flex wp-block-buttons-is-layout-flex\">\n<div class=\"wp-block-button\"><a class=\"wp-block-button__link wp-element-button\" href=\"https:\/\/www.escapadarural.com\/casas-rurales\/avila\" target=\"_blank\" rel=\"noreferrer noopener\">Encuentra tu alojamiento en \u00c1vila<\/a><\/div>\n<\/div>\n\n\n\n<h2 class=\"wp-block-heading\"><strong>Sierra de Gredos: para monta\u00f1eros y turistas \u201cslow\u201d<\/strong><\/h2>\n\n\n\n<figure class=\"wp-block-image size-large\"><a href=\"https:\/\/www.escapadarural.com\/blog\/wp-content\/uploads\/Laguna-Grande-II-Capas-con-Logo-_A_R.jpg\"><img decoding=\"async\" src=\"https:\/\/www.escapadarural.com\/blog\/wp-content\/uploads\/2024\/10\/Laguna-Grande-II-Capas-con-Logo-_A_R-1024x695-1.jpg\" alt=\"Cielos nocturnos en \u00c1vila\" class=\"wp-image-64038\"\/><\/a><figcaption class=\"wp-element-caption\">Por: Turismo Diputaci\u00f3n de \u00c1vila<\/figcaption><\/figure>\n\n\n\n<p>\u00bfSab\u00edas que una de las primeras asociaciones de turismo en el rural en Espa\u00f1a se cre\u00f3 aqu\u00ed, en la <strong>Sierra de Gredos<\/strong>, all\u00e1 por 1910? De hecho, aqu\u00ed se abri\u00f3 el primer Parador del estado y est\u00e1 declarado parque regional desde 1996. Destaca su relieve, su h\u00e1bitat y biodiversidad, con numerosas huellas de las \u00e9pocas del glaciarismo, con ejemplos patentes que no debes dejar de visitar como la <strong>Laguna Grande<\/strong> y el conjunto de <strong>Las Cinco Lagunas<\/strong>.<\/p>\n\n\n\n<p>Sierra de alta monta\u00f1a, su pico m\u00e1s alto es el Almanzor, que alcanza los 2.592 metros de altitud. Hay un sinf\u00edn de rutas para senderistas y monta\u00f1eros exigentes. Pero no solo eso: es tambi\u00e9n <strong>destino Starlight<\/strong>, con acciones formativas con gu\u00edas para apreciar el universo gracias al proyecto <strong>Cielos Oscuros<\/strong>; un lugar precioso para apreciar el espect\u00e1culo natural de los piornos en flor a partir de mayo, con una enorme extensi\u00f3n de 5.200 hect\u00e1reas solo en Gredos Norte; o enclave micol\u00f3gico excepcional durante el oto\u00f1o, donde no faltan jornadas con gu\u00edas y degustaciones.<\/p>\n\n\n\n<p>Por supuesto, en un viaje \u201cslow\u201d no podemos dejar de cuidarnos en cuerpo y mente\u2026 y eso significa tambi\u00e9n dejarse llevar por los placeres del buen comer. En la <strong>Sierra de Gredos<\/strong> presumen de tener un calendario gastron\u00f3mico que ocupa los 365 d\u00edas del a\u00f1o y en el que destacan desde el famoso chulet\u00f3n de ternera de vaca criada en extensivo \u2013al aire libre- hasta sofisticados postres de chocolate en varias texturas.<\/p>\n\n\n\n<div class=\"wp-block-buttons is-layout-flex wp-block-buttons-is-layout-flex\">\n<div class=\"wp-block-button\"><a class=\"wp-block-button__link wp-element-button\" href=\"https:\/\/www.escapadarural.com\/casas-rurales\/sierra-de-gredos-avila\" target=\"_blank\" rel=\"noreferrer noopener\">Casas rurales en Sierra de Gredos<\/a><\/div>\n<\/div>\n\n\n\n<h2 class=\"wp-block-heading\"><strong>Valle de Iruelas, una reserva natural m\u00e1gica<\/strong><\/h2>\n\n\n\n<figure class=\"wp-block-image size-large\"><img decoding=\"async\" src=\"https:\/\/www.escapadarural.com\/blog\/wp-content\/uploads\/2024\/10\/CRW_1147-1024x768-1.jpg\" alt=\"\u00c1vila\" class=\"wp-image-64037\"\/><figcaption class=\"wp-element-caption\">Por: Turismo Diputaci\u00f3n de \u00c1vila<\/figcaption><\/figure>\n\n\n\n<p>En cuanto entres en el <strong>Valle de Iruelas<\/strong>, sentir\u00e1s que formas parte de un entorno de cuento, con bosques encantados y paisajes de una belleza incomparable. El nombre se lo da la garganta que drena sus aguas hacia el pantano de El Burguillo. Un para\u00edso, por cierto, para ornit\u00f3logos, ya que aqu\u00ed podremos divisar la colonia de buitres negros m\u00e1s importante de <strong>Castilla y Le\u00f3n<\/strong> y una de las m\u00e1s grandes de toda Espa\u00f1a, as\u00ed como parejas de \u00e1guilas imperiales (especie rapaz calificada como \u201cen peligro de extinci\u00f3n\u201d).<\/p>\n\n\n\n<p>La flora, igualmente, es de lo m\u00e1s peculiar: el valle contiene 640 taxones conocidos, donde destaca la <strong>manzanilla de Gredos<\/strong>, un endemismo en peligro, as\u00ed como uno de los tejos m\u00e1s antiguos, conocido como el \u201ctejo viejo\u201d, que se estima que tiene m\u00e1s de 12 siglos de edad. \u00a1Imagina todo lo que ha visto a lo largo de su vida!<\/p>\n\n\n\n<p>La mejor manera de descubrir toda la fauna, flora y patrimonio natural y cultural del Valle de Iruelas en \u00c1vila es hacerlo a un paso lento, caminando, practicando <strong>senderismo<\/strong>. Por aqu\u00ed pasa uno de los recorridos m\u00e1s bonitos de la provincia y que se estructura en cuatro etapas, sumando un total de 95 kil\u00f3metros. Ideal para los que quieren viajar sin prisas, explorando los rincones que no aparecen en las gu\u00edas tur\u00edsticas y conociendo a las gentes del lugar.<\/p>\n\n\n\n<p>Para conocer todos los entresijos de esta reserva natural y organizar adecuadamente la visita y rutas recomendamos visitar las \u201ccasas del parque\u201d, con todo tipo de informaci\u00f3n, planos y exposiciones. Para empezar, acercaos a la <strong>Casa del Parque \u201cLas Cruceras\u201d<\/strong>.<\/p>\n\n\n\n<div class=\"wp-block-buttons is-layout-flex wp-block-buttons-is-layout-flex\">\n<div class=\"wp-block-button\"><a class=\"wp-block-button__link wp-element-button\" href=\"https:\/\/www.escapadarural.com\/casas-rurales\/valle-de-iruelas\" target=\"_blank\" rel=\"noreferrer noopener\">Casas rurales en Valle de Iruelas<\/a><\/div>\n<\/div>\n\n\n\n<h2 class=\"wp-block-heading\"><strong>Adrenalina en \u00c1vila<\/strong><\/h2>\n\n\n\n<figure class=\"wp-block-image size-large\"><a href=\"https:\/\/www.escapadarural.com\/blog\/wp-content\/uploads\/ATTCP40105-pedro-Bernardo.Derecha-scaled.jpg\"><img decoding=\"async\" src=\"https:\/\/www.escapadarural.com\/blog\/wp-content\/uploads\/2024\/10\/ATTCP40105-pedro-Bernardo.Derecha-1024x768-1.jpg\" alt=\"\u00c1vila\" class=\"wp-image-64041\"\/><\/a><figcaption class=\"wp-element-caption\">Por: Turismo Diputaci\u00f3n de \u00c1vila<\/figcaption><\/figure>\n\n\n\n<p>La provincia de \u00c1vila te ayudar\u00e1 a bajar las revoluciones que llevas integradas en el cuerpo en tu d\u00eda a d\u00eda. Pero si sientes que est\u00e1s parando demasiado, no sufras porque tambi\u00e9n trae planes para activarte durante todo el a\u00f1o.<\/p>\n\n\n\n<p>El <strong>ciclismo de ruta y BTT<\/strong> encuentra su espacio en las tierras llanas de <strong>La Mora\u00f1a<\/strong>, con centenares de caminos, pistas y cortafuegos entre campos de cereal, pinares y estepas castellanas, as\u00ed como carreteras comarcales poco transitadas por veh\u00edculos, por lo que es un entorno muy seguro para pedalear en familia. Los pueblos de Ar\u00e9valo, Madrigal de Las Altas Torres y Fontiveros ser\u00e1n tus <em>avituallamientos<\/em>, las localidades con establecimientos para tomar algo.<\/p>\n\n\n\n<p>La equitaci\u00f3n en La Mora\u00f1a es una de las actividades m\u00e1s solicitadas para disfrutar del entorno desde otro punto de vista. Y si quieres probar nuevas emociones, \u00bfpor qu\u00e9 no pruebas con el <strong>ala delta<\/strong> y el <strong>parapente<\/strong>? Piedrah\u00edta es un enclave privilegiado para practicarlo y realizar vuelos incre\u00edbles desde abril hasta finales de octubre.<\/p>\n\n\n\n<figure class=\"wp-block-image size-large\"><a href=\"https:\/\/www.escapadarural.com\/blog\/wp-content\/uploads\/ATTCP40007-Poyales.Centro-scaled.jpg\"><img decoding=\"async\" src=\"https:\/\/www.escapadarural.com\/blog\/wp-content\/uploads\/2024\/10\/ATTCP40007-Poyales.Centro-768x1024-1.jpg\" alt=\"BTT en \u00c1vila\" class=\"wp-image-64042\"\/><\/a><figcaption class=\"wp-element-caption\">Por: Turismo Diputaci\u00f3n de \u00c1vila<\/figcaption><\/figure>\n\n\n\n<p>Adem\u00e1s, el <strong>Pantano del Burguillo<\/strong> y el mencionado Valle de Iruelas es un para\u00edso para experimentar actividades de aventura de lo m\u00e1s variadas: desde senderismo y BTT hasta <strong>pirag\u00fcismo y windsurf<\/strong>, aprovechando la presencia de agua del paraje, y avistamiento de p\u00e1jaros, con especies que os sorprender\u00e1n.<\/p>\n\n\n\n<p>Los amantes de caminar no deber\u00edan dejar de hacer, aunque sea alg\u00fan tramo, una de las rutas senderistas m\u00e1s interesantes de la comarca: el GR10, que forma parte de la <strong>red de Senderos Europeos de Gran Recorrido<\/strong> y que va desde Valencia hasta Lisboa, pasando durante tres etapas por el Valle de Alberche y Tierra de Pinares.<\/p>\n\n\n\n<p>As\u00ed que desconecta y valora todo lo que te rodea a un ritmo pausado en el impresionante entorno natural de \u00c1vila. Y si sientes que has parado demasiado, siempre te quedar\u00e1n todos estos planes para (re)activarte y oxigenarte en cualquier \u00e9poca del a\u00f1o.<\/p>\n\n\n\n<div class=\"wp-block-buttons is-layout-flex wp-block-buttons-is-layout-flex\">\n<div class=\"wp-block-button\"><a class=\"wp-block-button__link wp-element-button\" href=\"https:\/\/www.escapadarural.com\/casas-rurales\/avila\" target=\"_blank\" rel=\"noreferrer noopener\">Casas rurales en \u00c1vila<\/a><\/div>\n<\/div>\n\n\n\n<div style=\"height:14px\" aria-hidden=\"true\" class=\"wp-block-spacer\"><\/div>\n\n\n\n<p>Contenido patrocinado por:<\/p>\n\n\n\n<figure class=\"wp-block-image size-full\"><a href=\"https:\/\/www.turismoavila.com\/web\/inicio\/\" target=\"_blank\" rel=\"noreferrer noopener\"><img decoding=\"async\" src=\"https:\/\/www.escapadarural.com\/blog\/wp-content\/uploads\/2024\/10\/Mesa-de-trabajo-1-5.png\" alt=\"Logo \u00c1vila\" class=\"wp-image-64045\"\/><\/a><\/figure>\n","protected":false},"excerpt":{"rendered":"<p>\u00c1vila es un destino que te sorprender\u00e1. Te esperan actividades de aventura, senderismo, ecoturismo, zonas con Carta Europea de Turismo Sostenible y gastronom\u00eda.<\/p>\n","protected":false},"author":123,"featured_media":97190,"comment_status":"open","ping_status":"open","sticky":false,"template":"","format":"standard","meta":{"_acf_changed":false,"om_disable_all_campaigns":false,"footnotes":""},"categories":[1379],"tags":[260,896,5217,444,1285,274,1776],"class_list":["post-64032","post","type-post","status-publish","format-standard","has-post-thumbnail","hentry","category-rutas-y-excursiones","tag-articulo","tag-que-ver-en-avila","tag-carta-europea-de-turismo-sotenible","tag-rutas-en-castilla-y-leon","tag-sierra-de-gredos","tag-turismo-rural","tag-valle-de-iruelas"],"acf":[],"featured_image_src":"https:\/\/www.escapadarural.com\/blog\/wp-content\/uploads\/2024\/10\/Piorno-en-flor-bici-1024x683-1.jpg","author_info":{"display_name":"Raquel Andr\u00e9s","author_link":"https:\/\/www.escapadarural.com\/blog\/autor\/raquel\/"},"yoast_head":"<!-- This site is optimized with the Yoast SEO plugin v27.5 - https:\/\/yoast.com\/product\/yoast-seo-wordpress\/ -->\n<title>\u201cSlow life\u201d en \u00c1vila: donde la vida va a otro ritmo - EscapadaRural<\/title>\n<meta name=\"robots\" content=\"index, follow, max-snippet:-1, max-image-preview:large, max-video-preview:-1\" \/>\n<link rel=\"canonical\" href=\"https:\/\/www.escapadarural.com\/blog\/slow-life-en-la-provincia-de-avila\/\" \/>\n<meta property=\"og:locale\" content=\"es_ES\" \/>\n<meta property=\"og:type\" content=\"article\" \/>\n<meta property=\"og:title\" content=\"\u201cSlow life\u201d en \u00c1vila: donde la vida va a otro ritmo - EscapadaRural\" \/>\n<meta property=\"og:description\" content=\"\u00c1vila es un destino que te sorprender\u00e1. Te esperan actividades de aventura, senderismo, ecoturismo, zonas con Carta Europea de Turismo Sostenible y gastronom\u00eda.\" \/>\n<meta property=\"og:url\" content=\"https:\/\/www.escapadarural.com\/blog\/slow-life-en-la-provincia-de-avila\/\" \/>\n<meta property=\"og:site_name\" content=\"Magazine de viajes de EscapadaRural\" \/>\n<meta property=\"article:publisher\" content=\"https:\/\/www.facebook.com\/escapadarural\" \/>\n<meta property=\"article:published_time\" content=\"2023-07-04T05:39:00+00:00\" \/>\n<meta property=\"article:modified_time\" content=\"2025-01-16T12:35:08+00:00\" \/>\n<meta property=\"og:image\" content=\"https:\/\/www.escapadarural.com\/blog\/wp-content\/uploads\/2024\/10\/Piorno-en-flor-bici-1024x683-1.jpg\" \/>\n\t<meta property=\"og:image:width\" content=\"1024\" \/>\n\t<meta property=\"og:image:height\" content=\"683\" \/>\n\t<meta property=\"og:image:type\" content=\"image\/jpeg\" \/>\n<meta name=\"author\" content=\"Raquel Andr\u00e9s\" \/>\n<meta name=\"twitter:card\" content=\"summary_large_image\" \/>\n<meta name=\"twitter:label1\" content=\"Escrito por\" \/>\n\t<meta name=\"twitter:data1\" content=\"Raquel Andr\u00e9s\" \/>\n\t<meta name=\"twitter:label2\" content=\"Tiempo de lectura\" \/>\n\t<meta name=\"twitter:data2\" content=\"6 minutos\" \/>\n<script type=\"application\/ld+json\" class=\"yoast-schema-graph\">{\"@context\":\"https:\\\/\\\/schema.org\",\"@graph\":[{\"@type\":\"Article\",\"@id\":\"https:\\\/\\\/www.escapadarural.com\\\/blog\\\/slow-life-en-la-provincia-de-avila\\\/#article\",\"isPartOf\":{\"@id\":\"https:\\\/\\\/www.escapadarural.com\\\/blog\\\/slow-life-en-la-provincia-de-avila\\\/\"},\"author\":{\"name\":\"Raquel Andr\u00e9s\",\"@id\":\"https:\\\/\\\/www.escapadarural.com\\\/blog\\\/#\\\/schema\\\/person\\\/67be061eb00d8315fa8642e01b88c894\"},\"headline\":\"\u201cSlow life\u201d en \u00c1vila: donde la vida va a otro ritmo\",\"datePublished\":\"2023-07-04T05:39:00+00:00\",\"dateModified\":\"2025-01-16T12:35:08+00:00\",\"mainEntityOfPage\":{\"@id\":\"https:\\\/\\\/www.escapadarural.com\\\/blog\\\/slow-life-en-la-provincia-de-avila\\\/\"},\"wordCount\":1158,\"commentCount\":0,\"publisher\":{\"@id\":\"https:\\\/\\\/www.escapadarural.com\\\/blog\\\/#organization\"},\"image\":{\"@id\":\"https:\\\/\\\/www.escapadarural.com\\\/blog\\\/slow-life-en-la-provincia-de-avila\\\/#primaryimage\"},\"thumbnailUrl\":\"https:\\\/\\\/www.escapadarural.com\\\/blog\\\/wp-content\\\/uploads\\\/2024\\\/10\\\/Piorno-en-flor-bici-1024x683-1.jpg\",\"keywords\":[\"art\u00edculo\",\"\u00c1vila\",\"Carta Europea de Turismo Sotenible\",\"Rutas en Castilla y Le\u00f3n\",\"Sierra de Gredos\",\"turismo rural\",\"Valle de Iruelas\"],\"articleSection\":[\"Rutas y excursiones\"],\"inLanguage\":\"es\",\"potentialAction\":[{\"@type\":\"CommentAction\",\"name\":\"Comment\",\"target\":[\"https:\\\/\\\/www.escapadarural.com\\\/blog\\\/slow-life-en-la-provincia-de-avila\\\/#respond\"]}]},{\"@type\":\"WebPage\",\"@id\":\"https:\\\/\\\/www.escapadarural.com\\\/blog\\\/slow-life-en-la-provincia-de-avila\\\/\",\"url\":\"https:\\\/\\\/www.escapadarural.com\\\/blog\\\/slow-life-en-la-provincia-de-avila\\\/\",\"name\":\"\u201cSlow life\u201d en \u00c1vila: donde la vida va a otro ritmo - EscapadaRural\",\"isPartOf\":{\"@id\":\"https:\\\/\\\/www.escapadarural.com\\\/blog\\\/#website\"},\"primaryImageOfPage\":{\"@id\":\"https:\\\/\\\/www.escapadarural.com\\\/blog\\\/slow-life-en-la-provincia-de-avila\\\/#primaryimage\"},\"image\":{\"@id\":\"https:\\\/\\\/www.escapadarural.com\\\/blog\\\/slow-life-en-la-provincia-de-avila\\\/#primaryimage\"},\"thumbnailUrl\":\"https:\\\/\\\/www.escapadarural.com\\\/blog\\\/wp-content\\\/uploads\\\/2024\\\/10\\\/Piorno-en-flor-bici-1024x683-1.jpg\",\"datePublished\":\"2023-07-04T05:39:00+00:00\",\"dateModified\":\"2025-01-16T12:35:08+00:00\",\"breadcrumb\":{\"@id\":\"https:\\\/\\\/www.escapadarural.com\\\/blog\\\/slow-life-en-la-provincia-de-avila\\\/#breadcrumb\"},\"inLanguage\":\"es\",\"potentialAction\":[{\"@type\":\"ReadAction\",\"target\":[\"https:\\\/\\\/www.escapadarural.com\\\/blog\\\/slow-life-en-la-provincia-de-avila\\\/\"]}]},{\"@type\":\"ImageObject\",\"inLanguage\":\"es\",\"@id\":\"https:\\\/\\\/www.escapadarural.com\\\/blog\\\/slow-life-en-la-provincia-de-avila\\\/#primaryimage\",\"url\":\"https:\\\/\\\/www.escapadarural.com\\\/blog\\\/wp-content\\\/uploads\\\/2024\\\/10\\\/Piorno-en-flor-bici-1024x683-1.jpg\",\"contentUrl\":\"https:\\\/\\\/www.escapadarural.com\\\/blog\\\/wp-content\\\/uploads\\\/2024\\\/10\\\/Piorno-en-flor-bici-1024x683-1.jpg\",\"width\":1024,\"height\":683,\"caption\":\"Una bicicleta amarilla decorada con flores amarillas y una cesta llena de flores junto a unos troncos y un muro r\u00fastico en un jard\u00edn, con vegetaci\u00f3n y una casa al fondo.\"},{\"@type\":\"BreadcrumbList\",\"@id\":\"https:\\\/\\\/www.escapadarural.com\\\/blog\\\/slow-life-en-la-provincia-de-avila\\\/#breadcrumb\",\"itemListElement\":[{\"@type\":\"ListItem\",\"position\":1,\"name\":\"Inicio\",\"item\":\"https:\\\/\\\/www.escapadarural.com\\\/blog\\\/\"},{\"@type\":\"ListItem\",\"position\":2,\"name\":\"Rutas y excursiones\",\"item\":\"https:\\\/\\\/www.escapadarural.com\\\/blog\\\/categoria\\\/rutas-y-excursiones\\\/\"},{\"@type\":\"ListItem\",\"position\":3,\"name\":\"\u201cSlow life\u201d en \u00c1vila: donde la vida va a otro ritmo\"}]},{\"@type\":\"WebSite\",\"@id\":\"https:\\\/\\\/www.escapadarural.com\\\/blog\\\/#website\",\"url\":\"https:\\\/\\\/www.escapadarural.com\\\/blog\\\/\",\"name\":\"Blog de viajes | turismo rural, alojamientos e inspiraci\u00f3n\",\"description\":\"Alojamientos rurales e inspiraci\u00f3n para tus escapadas\",\"publisher\":{\"@id\":\"https:\\\/\\\/www.escapadarural.com\\\/blog\\\/#organization\"},\"alternateName\":\"Magazine de viajes de EscapadaRural\",\"potentialAction\":[{\"@type\":\"SearchAction\",\"target\":{\"@type\":\"EntryPoint\",\"urlTemplate\":\"https:\\\/\\\/www.escapadarural.com\\\/blog\\\/?s={search_term_string}\"},\"query-input\":{\"@type\":\"PropertyValueSpecification\",\"valueRequired\":true,\"valueName\":\"search_term_string\"}}],\"inLanguage\":\"es\"},{\"@type\":\"Organization\",\"@id\":\"https:\\\/\\\/www.escapadarural.com\\\/blog\\\/#organization\",\"name\":\"EscapadaRural\",\"url\":\"https:\\\/\\\/www.escapadarural.com\\\/blog\\\/\",\"logo\":{\"@type\":\"ImageObject\",\"inLanguage\":\"es\",\"@id\":\"https:\\\/\\\/www.escapadarural.com\\\/blog\\\/#\\\/schema\\\/logo\\\/image\\\/\",\"url\":\"https:\\\/\\\/www.escapadarural.com\\\/blog\\\/wp-content\\\/uploads\\\/2024\\\/10\\\/cropped-cropped-escapada-rural-icon-mag-3.png\",\"contentUrl\":\"https:\\\/\\\/www.escapadarural.com\\\/blog\\\/wp-content\\\/uploads\\\/2024\\\/10\\\/cropped-cropped-escapada-rural-icon-mag-3.png\",\"width\":512,\"height\":512,\"caption\":\"EscapadaRural\"},\"image\":{\"@id\":\"https:\\\/\\\/www.escapadarural.com\\\/blog\\\/#\\\/schema\\\/logo\\\/image\\\/\"},\"sameAs\":[\"https:\\\/\\\/www.facebook.com\\\/escapadarural\",\"https:\\\/\\\/www.instagram.com\\\/escapadarural\\\/\",\"https:\\\/\\\/www.youtube.com\\\/@escapadaruralcom\"]},{\"@type\":\"Person\",\"@id\":\"https:\\\/\\\/www.escapadarural.com\\\/blog\\\/#\\\/schema\\\/person\\\/67be061eb00d8315fa8642e01b88c894\",\"name\":\"Raquel Andr\u00e9s\",\"image\":{\"@type\":\"ImageObject\",\"inLanguage\":\"es\",\"@id\":\"https:\\\/\\\/secure.gravatar.com\\\/avatar\\\/b45840531462f3cafb335a9fc5c0bfda2c07c3df4b82b304b923526b85cc6cb5?s=96&d=mm&r=g\",\"url\":\"https:\\\/\\\/secure.gravatar.com\\\/avatar\\\/b45840531462f3cafb335a9fc5c0bfda2c07c3df4b82b304b923526b85cc6cb5?s=96&d=mm&r=g\",\"contentUrl\":\"https:\\\/\\\/secure.gravatar.com\\\/avatar\\\/b45840531462f3cafb335a9fc5c0bfda2c07c3df4b82b304b923526b85cc6cb5?s=96&d=mm&r=g\",\"caption\":\"Raquel Andr\u00e9s\"},\"description\":\"Periodista y aventurera. Me has podido leer en Escapada Rural, Diari Nosaltres La Veu, La Vanguardia, El Salto y otros medios. Habitante y amante de las zonas rurales, sea cual sea el destino. Procuro escaparme una vez por semana con las botas de monta\u00f1a, el arn\u00e9s o el neopreno. Tambi\u00e9n soy un intento de baserritarra.\",\"url\":\"https:\\\/\\\/www.escapadarural.com\\\/blog\\\/autor\\\/raquel\\\/\"}]}<\/script>\n<!-- \/ Yoast SEO plugin. -->","yoast_head_json":{"title":"\u201cSlow life\u201d en \u00c1vila: donde la vida va a otro ritmo - EscapadaRural","robots":{"index":"index","follow":"follow","max-snippet":"max-snippet:-1","max-image-preview":"max-image-preview:large","max-video-preview":"max-video-preview:-1"},"canonical":"https:\/\/www.escapadarural.com\/blog\/slow-life-en-la-provincia-de-avila\/","og_locale":"es_ES","og_type":"article","og_title":"\u201cSlow life\u201d en \u00c1vila: donde la vida va a otro ritmo - EscapadaRural","og_description":"\u00c1vila es un destino que te sorprender\u00e1. Te esperan actividades de aventura, senderismo, ecoturismo, zonas con Carta Europea de Turismo Sostenible y gastronom\u00eda.","og_url":"https:\/\/www.escapadarural.com\/blog\/slow-life-en-la-provincia-de-avila\/","og_site_name":"Magazine de viajes de EscapadaRural","article_publisher":"https:\/\/www.facebook.com\/escapadarural","article_published_time":"2023-07-04T05:39:00+00:00","article_modified_time":"2025-01-16T12:35:08+00:00","og_image":[{"width":1024,"height":683,"url":"https:\/\/www.escapadarural.com\/blog\/wp-content\/uploads\/2024\/10\/Piorno-en-flor-bici-1024x683-1.jpg","type":"image\/jpeg"}],"author":"Raquel Andr\u00e9s","twitter_card":"summary_large_image","twitter_misc":{"Escrito por":"Raquel Andr\u00e9s","Tiempo de lectura":"6 minutos"},"schema":{"@context":"https:\/\/schema.org","@graph":[{"@type":"Article","@id":"https:\/\/www.escapadarural.com\/blog\/slow-life-en-la-provincia-de-avila\/#article","isPartOf":{"@id":"https:\/\/www.escapadarural.com\/blog\/slow-life-en-la-provincia-de-avila\/"},"author":{"name":"Raquel Andr\u00e9s","@id":"https:\/\/www.escapadarural.com\/blog\/#\/schema\/person\/67be061eb00d8315fa8642e01b88c894"},"headline":"\u201cSlow life\u201d en \u00c1vila: donde la vida va a otro ritmo","datePublished":"2023-07-04T05:39:00+00:00","dateModified":"2025-01-16T12:35:08+00:00","mainEntityOfPage":{"@id":"https:\/\/www.escapadarural.com\/blog\/slow-life-en-la-provincia-de-avila\/"},"wordCount":1158,"commentCount":0,"publisher":{"@id":"https:\/\/www.escapadarural.com\/blog\/#organization"},"image":{"@id":"https:\/\/www.escapadarural.com\/blog\/slow-life-en-la-provincia-de-avila\/#primaryimage"},"thumbnailUrl":"https:\/\/www.escapadarural.com\/blog\/wp-content\/uploads\/2024\/10\/Piorno-en-flor-bici-1024x683-1.jpg","keywords":["art\u00edculo","\u00c1vila","Carta Europea de Turismo Sotenible","Rutas en Castilla y Le\u00f3n","Sierra de Gredos","turismo rural","Valle de Iruelas"],"articleSection":["Rutas y excursiones"],"inLanguage":"es","potentialAction":[{"@type":"CommentAction","name":"Comment","target":["https:\/\/www.escapadarural.com\/blog\/slow-life-en-la-provincia-de-avila\/#respond"]}]},{"@type":"WebPage","@id":"https:\/\/www.escapadarural.com\/blog\/slow-life-en-la-provincia-de-avila\/","url":"https:\/\/www.escapadarural.com\/blog\/slow-life-en-la-provincia-de-avila\/","name":"\u201cSlow life\u201d en \u00c1vila: donde la vida va a otro ritmo - EscapadaRural","isPartOf":{"@id":"https:\/\/www.escapadarural.com\/blog\/#website"},"primaryImageOfPage":{"@id":"https:\/\/www.escapadarural.com\/blog\/slow-life-en-la-provincia-de-avila\/#primaryimage"},"image":{"@id":"https:\/\/www.escapadarural.com\/blog\/slow-life-en-la-provincia-de-avila\/#primaryimage"},"thumbnailUrl":"https:\/\/www.escapadarural.com\/blog\/wp-content\/uploads\/2024\/10\/Piorno-en-flor-bici-1024x683-1.jpg","datePublished":"2023-07-04T05:39:00+00:00","dateModified":"2025-01-16T12:35:08+00:00","breadcrumb":{"@id":"https:\/\/www.escapadarural.com\/blog\/slow-life-en-la-provincia-de-avila\/#breadcrumb"},"inLanguage":"es","potentialAction":[{"@type":"ReadAction","target":["https:\/\/www.escapadarural.com\/blog\/slow-life-en-la-provincia-de-avila\/"]}]},{"@type":"ImageObject","inLanguage":"es","@id":"https:\/\/www.escapadarural.com\/blog\/slow-life-en-la-provincia-de-avila\/#primaryimage","url":"https:\/\/www.escapadarural.com\/blog\/wp-content\/uploads\/2024\/10\/Piorno-en-flor-bici-1024x683-1.jpg","contentUrl":"https:\/\/www.escapadarural.com\/blog\/wp-content\/uploads\/2024\/10\/Piorno-en-flor-bici-1024x683-1.jpg","width":1024,"height":683,"caption":"Una bicicleta amarilla decorada con flores amarillas y una cesta llena de flores junto a unos troncos y un muro r\u00fastico en un jard\u00edn, con vegetaci\u00f3n y una casa al fondo."},{"@type":"BreadcrumbList","@id":"https:\/\/www.escapadarural.com\/blog\/slow-life-en-la-provincia-de-avila\/#breadcrumb","itemListElement":[{"@type":"ListItem","position":1,"name":"Inicio","item":"https:\/\/www.escapadarural.com\/blog\/"},{"@type":"ListItem","position":2,"name":"Rutas y excursiones","item":"https:\/\/www.escapadarural.com\/blog\/categoria\/rutas-y-excursiones\/"},{"@type":"ListItem","position":3,"name":"\u201cSlow life\u201d en \u00c1vila: donde la vida va a otro ritmo"}]},{"@type":"WebSite","@id":"https:\/\/www.escapadarural.com\/blog\/#website","url":"https:\/\/www.escapadarural.com\/blog\/","name":"Blog de viajes | turismo rural, alojamientos e inspiraci\u00f3n","description":"Alojamientos rurales e inspiraci\u00f3n para tus escapadas","publisher":{"@id":"https:\/\/www.escapadarural.com\/blog\/#organization"},"alternateName":"Magazine de viajes de EscapadaRural","potentialAction":[{"@type":"SearchAction","target":{"@type":"EntryPoint","urlTemplate":"https:\/\/www.escapadarural.com\/blog\/?s={search_term_string}"},"query-input":{"@type":"PropertyValueSpecification","valueRequired":true,"valueName":"search_term_string"}}],"inLanguage":"es"},{"@type":"Organization","@id":"https:\/\/www.escapadarural.com\/blog\/#organization","name":"EscapadaRural","url":"https:\/\/www.escapadarural.com\/blog\/","logo":{"@type":"ImageObject","inLanguage":"es","@id":"https:\/\/www.escapadarural.com\/blog\/#\/schema\/logo\/image\/","url":"https:\/\/www.escapadarural.com\/blog\/wp-content\/uploads\/2024\/10\/cropped-cropped-escapada-rural-icon-mag-3.png","contentUrl":"https:\/\/www.escapadarural.com\/blog\/wp-content\/uploads\/2024\/10\/cropped-cropped-escapada-rural-icon-mag-3.png","width":512,"height":512,"caption":"EscapadaRural"},"image":{"@id":"https:\/\/www.escapadarural.com\/blog\/#\/schema\/logo\/image\/"},"sameAs":["https:\/\/www.facebook.com\/escapadarural","https:\/\/www.instagram.com\/escapadarural\/","https:\/\/www.youtube.com\/@escapadaruralcom"]},{"@type":"Person","@id":"https:\/\/www.escapadarural.com\/blog\/#\/schema\/person\/67be061eb00d8315fa8642e01b88c894","name":"Raquel Andr\u00e9s","image":{"@type":"ImageObject","inLanguage":"es","@id":"https:\/\/secure.gravatar.com\/avatar\/b45840531462f3cafb335a9fc5c0bfda2c07c3df4b82b304b923526b85cc6cb5?s=96&d=mm&r=g","url":"https:\/\/secure.gravatar.com\/avatar\/b45840531462f3cafb335a9fc5c0bfda2c07c3df4b82b304b923526b85cc6cb5?s=96&d=mm&r=g","contentUrl":"https:\/\/secure.gravatar.com\/avatar\/b45840531462f3cafb335a9fc5c0bfda2c07c3df4b82b304b923526b85cc6cb5?s=96&d=mm&r=g","caption":"Raquel Andr\u00e9s"},"description":"Periodista y aventurera. Me has podido leer en Escapada Rural, Diari Nosaltres La Veu, La Vanguardia, El Salto y otros medios. Habitante y amante de las zonas rurales, sea cual sea el destino. Procuro escaparme una vez por semana con las botas de monta\u00f1a, el arn\u00e9s o el neopreno. Tambi\u00e9n soy un intento de baserritarra.","url":"https:\/\/www.escapadarural.com\/blog\/autor\/raquel\/"}]}},"_links":{"self":[{"href":"https:\/\/www.escapadarural.com\/blog\/wp-json\/wp\/v2\/posts\/64032","targetHints":{"allow":["GET"]}}],"collection":[{"href":"https:\/\/www.escapadarural.com\/blog\/wp-json\/wp\/v2\/posts"}],"about":[{"href":"https:\/\/www.escapadarural.com\/blog\/wp-json\/wp\/v2\/types\/post"}],"author":[{"embeddable":true,"href":"https:\/\/www.escapadarural.com\/blog\/wp-json\/wp\/v2\/users\/123"}],"replies":[{"embeddable":true,"href":"https:\/\/www.escapadarural.com\/blog\/wp-json\/wp\/v2\/comments?post=64032"}],"version-history":[{"count":0,"href":"https:\/\/www.escapadarural.com\/blog\/wp-json\/wp\/v2\/posts\/64032\/revisions"}],"wp:featuredmedia":[{"embeddable":true,"href":"https:\/\/www.escapadarural.com\/blog\/wp-json\/wp\/v2\/media\/97190"}],"wp:attachment":[{"href":"https:\/\/www.escapadarural.com\/blog\/wp-json\/wp\/v2\/media?parent=64032"}],"wp:term":[{"taxonomy":"category","embeddable":true,"href":"https:\/\/www.escapadarural.com\/blog\/wp-json\/wp\/v2\/categories?post=64032"},{"taxonomy":"post_tag","embeddable":true,"href":"https:\/\/www.escapadarural.com\/blog\/wp-json\/wp\/v2\/tags?post=64032"}],"curies":[{"name":"wp","href":"https:\/\/api.w.org\/{rel}","templated":true}]}}