{"id":64088,"date":"2023-07-10T09:41:05","date_gmt":"2023-07-10T08:41:05","guid":{"rendered":"https:\/\/www.escapadarural.com\/blog\/?p=64088"},"modified":"2024-10-21T12:39:04","modified_gmt":"2024-10-21T10:39:04","slug":"entrevista-a-arde-bogota","status":"publish","type":"post","link":"https:\/\/www.escapadarural.com\/blog\/entrevista-a-arde-bogota\/","title":{"rendered":"Escapada con Arde Bogot\u00e1: \u00abNos gustar\u00eda irnos a componer a una casa rural en Cazorla\u00bb"},"content":{"rendered":"\n<figure class=\"wp-block-image size-large\"><a href=\"https:\/\/www.escapadarural.com\/blog\/wp-content\/uploads\/Arde-Bogota-Foto-Monica-Figueras-scaled.jpg\"><img decoding=\"async\" src=\"https:\/\/www.escapadarural.com\/blog\/wp-content\/uploads\/2024\/10\/Arde-Bogota-Foto-Monica-Figueras-1024x683-1.jpg\" alt=\"Arde Bogot\u00e1\" class=\"wp-image-64119\"\/><\/a><figcaption class=\"wp-element-caption\">Arde Bogot\u00e1. Foto M\u00f3nica Figueras<\/figcaption><\/figure>\n\n\n\n<p>El pasado mes de mayo, el grupo murciano Arde Bogot\u00e1 lanzaba su nuevo disco <em>Cowboys de la A3<\/em>. Un \u00e1lbum que, como en su anterior trabajo <em>La Noche<\/em>, nos volv\u00eda a llevar de viaje. Esta vez, a un <em>roadtrip<\/em> cruzando Espa\u00f1a y con destino al mar, \u00absiempre al mar\u00bb y, como no pod\u00eda ser de otra manera, a su Cartagena natal. <\/p>\n\n\n\n<p>Dani S\u00e1nchez, guitarrista de Arde Bogot\u00e1, nos habla de este nuevo viaje y nos revela algunos de los lugares favoritos del cuarteto. <\/p>\n\n\n\n<hr class=\"wp-block-separator has-alpha-channel-opacity\"\/>\n\n\n\n<ul class=\"wp-block-list\">\n<li><strong>Cowboys de la A3 es vuestro nuevo disco y un nuevo viaje. \u00bfPor qu\u00e9 la A3? \u00bfPor qu\u00e9 es tan importante como para ser el t\u00edtulo de una canci\u00f3n y un disco?<\/strong><\/li>\n<\/ul>\n\n\n\n<p>La A3 es probablemente el lugar donde m\u00e1s tiempo hemos pasado en los \u00faltimos dos a\u00f1os. Es donde nos han pasado todas las cosas buenas y malas que de alguna manera se cuelan en nuestras letras y nuestro imaginario a la hora de hacer un disco.<\/p>\n\n\n\n<p>Este disco nos ha pillado yendo de camino a alg\u00fan sitio o regresando de \u00e9l, y as\u00ed es un poco como nos sentimos nosotros. Como una especie de cowboys cabalgando esa carretera y esos paisajes rurales, n\u00f3madas en una furgoneta y al mismo tiempo creando un disco.<\/p>\n\n\n\n<ul class=\"wp-block-list\">\n<li><strong>De regreso a Cartagena hay un buen cacho. \u00bfQu\u00e9 paradas nos recomend\u00e1is hacer por el camino?<\/strong><\/li>\n<\/ul>\n\n\n\n<p>Nosotros tenemos ciertas paradas casi obligatorias para descansar a mitad de camino, y casi siempre son las mismas. Se han convertido en lugares ya casi sagrados de peregrinaje y algunos ya nos conocen, nos tienen hecha la factura al llegar. Estamos hablando de la parada \u201cEl Molino\u201d a la altura de La Gineta, Albacete.<\/p>\n\n\n\n<ul class=\"wp-block-list\">\n<li><strong>\u00bfQu\u00e9 escucha Arde Bogot\u00e1 durante el trayecto?<\/strong><\/li>\n<\/ul>\n\n\n\n<p>Normalmente elige la m\u00fasica el que conduce y casi siempre son Arturo nuestro <em>backliner<\/em>, que pone el metal m\u00e1s infernal que pod\u00e1is imaginar; o Alberto nuestro <em>road manager<\/em>, que va por el otro extremo tipo The National. As\u00ed que vivimos entre el estr\u00e9s y la calma.<\/p>\n\n\n\n<figure class=\"wp-block-image size-large\"><a href=\"https:\/\/www.escapadarural.com\/blog\/wp-content\/uploads\/Monica-Figueras-arde-bogota-scaled.jpg\"><img decoding=\"async\" src=\"https:\/\/www.escapadarural.com\/blog\/wp-content\/uploads\/2024\/10\/Monica-Figueras-arde-bogota-1024x761-1.jpg\" alt=\"Arde Bogot\u00e1\" class=\"wp-image-64125\"\/><\/a><figcaption class=\"wp-element-caption\">Arde Bogot\u00e1. Foto M\u00f3nica Figueras<\/figcaption><\/figure>\n\n\n\n<ul class=\"wp-block-list\">\n<li><strong>La A3 desemboca en el mar. En este viaje hab\u00e9is dicho que \u201cSi pudi\u00e9ramos siempre huir\u00edamos al mar\u201d, \u00bfen qu\u00e9 playas podr\u00edamos encontraros?<\/strong><\/li>\n<\/ul>\n\n\n\n<p>Depende de a qui\u00e9n le preguntes. Pero es probable que si vais a Cala Cortina, Calblanque o a las orillas del Mar Menor estemos alguno meditando o haciendo calistenia.<\/p>\n\n\n\n<ul class=\"wp-block-list\">\n<li><strong>Todos vuestros caminos llegan a Cartagena. \u00bfQu\u00e9 tiene Cartagena que no hay en cualquier otro lugar del mundo como para tener que fundarla de nuevo a su imagen y semejanza en el planeta <\/strong><a href=\"https:\/\/www.exoplaneta.es\/\" target=\"_blank\" rel=\"noreferrer noopener\"><strong>&nbsp;571-\/9A<\/strong><\/a><strong>?&nbsp;<\/strong><\/li>\n<\/ul>\n\n\n\n<p>Bueno, adem\u00e1s de estar enamorados de nuestra tierra, Cartagena es el nombre propio que nosotros le ponemos a la palabra hogar. Es inevitable que el lugar del que vienes y donde has vivido todo se cuele en lo que haces, sobre todo cuando pasas tanto tiempo fuera de \u00e9l. Cada persona tiene su Cartagena particular y suponemos que cada uno fundar\u00eda su propia ciudad en otro planeta si tuviera que abandonar la tierra alg\u00fan d\u00eda.<\/p>\n\n\n\n<ul class=\"wp-block-list\">\n<li><strong>Hab\u00e9is convertido una de vuestras canciones en un himno en vuestra tierra<\/strong><\/li>\n<\/ul>\n\n\n\n<p>Nos sentimos unos privilegiados de estar viviendo esto, y sobre todo con la respuesta del p\u00fablico de nuestra ciudad. Lo cierto es que no nos gusta pensarlo demasiado, creo que nadie hizo <em>Exoplaneta<\/em> pensando en la repercusi\u00f3n, nos sali\u00f3 as\u00ed y todo lo dem\u00e1s vino despu\u00e9s. Creemos que esa es la magia de las cosas, no pensar demasiado en qu\u00e9 va a ocurrir despu\u00e9s, hacer las cosas como las sentimos y no esperar nada a cambio.<\/p>\n\n\n\n<ul class=\"wp-block-list\">\n<li><strong>Es una buena promoci\u00f3n, \u00bfqu\u00e9 lugares no podemos perdernos si vamos a visitarla? <\/strong><\/li>\n<\/ul>\n\n\n\n<p>Cartagena tiene mil rincones en los que perderse. No queremos parecer un anuncio de la concejal\u00eda de turismo, as\u00ed que recomendaremos algo fuera de lo t\u00edpico: subir al mirador del monte Rold\u00e1n, que es una pr\u00e1ctica muy com\u00fan entre amigos all\u00ed; visitar la Algameca Chica, que es la peque\u00f1a Venecia cartagenera con las mejores calas escondidas; o visitar las bater\u00edas principales de la ciudad, como la de Castillitos o Portman, lugares de defensa militares y abandonados desde la guerra civil. Adem\u00e1s de las incre\u00edbles playas y museos romanos, obvio.<\/p>\n\n\n\n<figure class=\"wp-block-image size-large\"><img decoding=\"async\" src=\"https:\/\/www.escapadarural.com\/blog\/wp-content\/uploads\/2024\/10\/Arde-Bogota-Foto-Monica-Figueras-1-1024x761-1.jpg\" alt=\"Arde Bogota \" class=\"wp-image-64126\"\/><figcaption class=\"wp-element-caption\">Arde Bogot\u00e1. Foto M\u00f3nica Figueras<\/figcaption><\/figure>\n\n\n\n<ul class=\"wp-block-list\">\n<li><strong>\u00bfPor qu\u00e9 el nombre de Arde Bogot\u00e1? \u00bfQu\u00e9 v\u00ednculo ten\u00e9is con Colombia?&nbsp;&nbsp;<\/strong><\/li>\n<\/ul>\n\n\n\n<p>Bogot\u00e1 es un lugar muy importante para nosotros. All\u00ed fue el primer lugar donde son\u00f3 nuestra m\u00fasica, nuestras maquetas, en un coche con amigos tras un viaje a la ciudad colombiana de uno de nosotros. Era un momento en el que est\u00e1bamos buscando nombre para la formaci\u00f3n y, debido a esto y otros acontecimientos turbios por la ciudad, no tuvimos dudas.<\/p>\n\n\n\n<ul class=\"wp-block-list\">\n<li><strong>Veis vuestra carrera musical como un viaje, lo cual es muy bonito ya que os est\u00e1 llevando a conocer infinitos destinos. \u00bfCu\u00e1l ser\u00eda el viaje de vuestros sue\u00f1os? <\/strong><\/li>\n<\/ul>\n\n\n\n<p>So\u00f1amos con una gira en Jap\u00f3n. Hay que so\u00f1ar fuerte.<\/p>\n\n\n\n<ul class=\"wp-block-list\">\n<li><strong>Si os proponemos una escapada rural, \u00bfqu\u00e9 pueblo o lugar escoger\u00edais? \u00bfA qui\u00e9n os llevar\u00edais con vosotros?<\/strong><\/li>\n<\/ul>\n\n\n\n<p>Muchas veces hablamos entre nosotros que nos gustar\u00eda irnos a componer a una casa rural en Cazorla. Tenemos entendido que por aqu\u00ed hay mucha cultura musical y se hacen buenos festivales de blues y jazz, adem\u00e1s de ser un ambiente y paisaje inspirador.<\/p>\n\n\n\n<p>Con nosotros nos llevar\u00edamos a Alberto Hern\u00e1ndez, <em>road manager<\/em> de la banda, para que pusiera orden y hojas de ruta a nuestra escapada. Gracias por tanto, amigo.<\/p>\n\n\n\n<figure class=\"wp-block-embed is-type-video is-provider-youtube wp-block-embed-youtube wp-embed-aspect-16-9 wp-has-aspect-ratio\"><div class=\"wp-block-embed__wrapper\">\n<span class=\"KGBDM0visvVkR0igNFqratCY1PjUqH9E4ocC8M6hsUxydKbJJOZNTBYdkpHA5RyOw8FfEcxr1WGTwVzjI\"><div class=\"video-shortcode\"><iframe title=\"Arde Bogot\u00e1 - El Viaje de... Los Perros\" width=\"1200\" height=\"675\" src=\"https:\/\/www.youtube.com\/embed\/QVREJF0fJ5M?start=2&#038;feature=oembed\" frameborder=\"0\" allow=\"accelerometer; autoplay; clipboard-write; encrypted-media; gyroscope; picture-in-picture; web-share\" referrerpolicy=\"strict-origin-when-cross-origin\" allowfullscreen><\/iframe><\/div><\/span>\n<\/div><\/figure>\n\n\n\n<figure class=\"wp-block-embed is-type-rich is-provider-spotify wp-block-embed-spotify wp-embed-aspect-21-9 wp-has-aspect-ratio\"><div class=\"wp-block-embed__wrapper\">\n<span class=\"HyDQF9oNTawhYIGJ0Oqpeg4r6VtLuWXlf352xdSmck8jPCnv7MRzBUsKZiEAb\"><div class=\"video-shortcode\"><iframe title=\"Spotify Embed: COWBOYS DE LA A3\" style=\"border-radius: 12px\" width=\"100%\" height=\"352\" frameborder=\"0\" allowfullscreen allow=\"autoplay; clipboard-write; encrypted-media; fullscreen; picture-in-picture\" loading=\"lazy\" src=\"https:\/\/open.spotify.com\/embed\/album\/0VgV2hz9fHoJBLKbqtj9cn?si=W2SyrjPLT62cDkO7dJ4UJw&amp;utm_source=oembed\"><\/iframe><\/div><\/span>\n<\/div><\/figure>\n","protected":false},"excerpt":{"rendered":"<p>Dani S\u00e1nchez, guitarrista de Arde Bogot\u00e1, nos habla del nuevo disco: Cowboys de la A3, de ese nuevo viaje y nos revela algunos de los lugares favoritos del grupo murciano. <\/p>\n","protected":false},"author":89,"featured_media":97091,"comment_status":"open","ping_status":"open","sticky":false,"template":"","format":"standard","meta":{"_acf_changed":false,"om_disable_all_campaigns":false,"footnotes":""},"categories":[231],"tags":[5235,2030,831,428,504,3425],"class_list":["post-64088","post","type-post","status-publish","format-standard","has-post-thumbnail","hentry","category-arte-y-cultura","tag-arde-bogota","tag-cartagena","tag-entrevistas","tag-que-ver-en-murcia","tag-musica","tag-roadtrip"],"acf":[],"featured_image_src":"https:\/\/www.escapadarural.com\/blog\/wp-content\/uploads\/2024\/10\/Arde-Bogota-Foto-Monica-Figueras-1024x683-1.jpg","author_info":{"display_name":"Laura Fern\u00e1ndez","author_link":"https:\/\/www.escapadarural.com\/blog\/autor\/laura\/"},"yoast_head":"<!-- This site is optimized with the Yoast SEO plugin v27.5 - https:\/\/yoast.com\/product\/yoast-seo-wordpress\/ -->\n<title>Escapada con Arde Bogot\u00e1: &quot;Nos gustar\u00eda irnos a componer a una casa rural en Cazorla&quot; - EscapadaRural<\/title>\n<meta name=\"robots\" content=\"index, follow, max-snippet:-1, max-image-preview:large, max-video-preview:-1\" \/>\n<link rel=\"canonical\" href=\"https:\/\/www.escapadarural.com\/blog\/entrevista-a-arde-bogota\/\" \/>\n<meta property=\"og:locale\" content=\"es_ES\" \/>\n<meta property=\"og:type\" content=\"article\" \/>\n<meta property=\"og:title\" content=\"Escapada con Arde Bogot\u00e1: &quot;Nos gustar\u00eda irnos a componer a una casa rural en Cazorla&quot; - EscapadaRural\" \/>\n<meta property=\"og:description\" content=\"Dani S\u00e1nchez, guitarrista de Arde Bogot\u00e1, nos habla del nuevo disco: Cowboys de la A3, de ese nuevo viaje y nos revela algunos de los lugares favoritos del grupo murciano.\" \/>\n<meta property=\"og:url\" content=\"https:\/\/www.escapadarural.com\/blog\/entrevista-a-arde-bogota\/\" \/>\n<meta property=\"og:site_name\" content=\"Magazine de viajes de EscapadaRural\" \/>\n<meta property=\"article:publisher\" content=\"https:\/\/www.facebook.com\/escapadarural\" \/>\n<meta property=\"article:published_time\" content=\"2023-07-10T08:41:05+00:00\" \/>\n<meta property=\"article:modified_time\" content=\"2024-10-21T10:39:04+00:00\" \/>\n<meta property=\"og:image\" content=\"https:\/\/www.escapadarural.com\/blog\/wp-content\/uploads\/2024\/10\/Arde-Bogota-Foto-Monica-Figueras-1024x683-1.jpg\" \/>\n\t<meta property=\"og:image:width\" content=\"1024\" \/>\n\t<meta property=\"og:image:height\" content=\"683\" \/>\n\t<meta property=\"og:image:type\" content=\"image\/jpeg\" \/>\n<meta name=\"author\" content=\"Laura Fern\u00e1ndez\" \/>\n<meta name=\"twitter:card\" content=\"summary_large_image\" \/>\n<meta name=\"twitter:label1\" content=\"Escrito por\" \/>\n\t<meta name=\"twitter:data1\" content=\"Laura Fern\u00e1ndez\" \/>\n\t<meta name=\"twitter:label2\" content=\"Tiempo de lectura\" \/>\n\t<meta name=\"twitter:data2\" content=\"5 minutos\" \/>\n<script type=\"application\/ld+json\" class=\"yoast-schema-graph\">{\"@context\":\"https:\\\/\\\/schema.org\",\"@graph\":[{\"@type\":\"Article\",\"@id\":\"https:\\\/\\\/www.escapadarural.com\\\/blog\\\/entrevista-a-arde-bogota\\\/#article\",\"isPartOf\":{\"@id\":\"https:\\\/\\\/www.escapadarural.com\\\/blog\\\/entrevista-a-arde-bogota\\\/\"},\"author\":{\"name\":\"Laura Fern\u00e1ndez\",\"@id\":\"https:\\\/\\\/www.escapadarural.com\\\/blog\\\/#\\\/schema\\\/person\\\/a9b46ae4d047d8a2c719f31e75206cff\"},\"headline\":\"Escapada con Arde Bogot\u00e1: \u00abNos gustar\u00eda irnos a componer a una casa rural en Cazorla\u00bb\",\"datePublished\":\"2023-07-10T08:41:05+00:00\",\"dateModified\":\"2024-10-21T10:39:04+00:00\",\"mainEntityOfPage\":{\"@id\":\"https:\\\/\\\/www.escapadarural.com\\\/blog\\\/entrevista-a-arde-bogota\\\/\"},\"wordCount\":1004,\"commentCount\":0,\"publisher\":{\"@id\":\"https:\\\/\\\/www.escapadarural.com\\\/blog\\\/#organization\"},\"image\":{\"@id\":\"https:\\\/\\\/www.escapadarural.com\\\/blog\\\/entrevista-a-arde-bogota\\\/#primaryimage\"},\"thumbnailUrl\":\"https:\\\/\\\/www.escapadarural.com\\\/blog\\\/wp-content\\\/uploads\\\/2024\\\/10\\\/Arde-Bogota-Foto-Monica-Figueras-1024x683-1.jpg\",\"keywords\":[\"Arde Bogot\u00e1\",\"Cartagena\",\"Entrevistas\",\"Murcia\",\"M\u00fasica\",\"roadtrip\"],\"articleSection\":[\"Arte y Cultura\"],\"inLanguage\":\"es\",\"potentialAction\":[{\"@type\":\"CommentAction\",\"name\":\"Comment\",\"target\":[\"https:\\\/\\\/www.escapadarural.com\\\/blog\\\/entrevista-a-arde-bogota\\\/#respond\"]}]},{\"@type\":\"WebPage\",\"@id\":\"https:\\\/\\\/www.escapadarural.com\\\/blog\\\/entrevista-a-arde-bogota\\\/\",\"url\":\"https:\\\/\\\/www.escapadarural.com\\\/blog\\\/entrevista-a-arde-bogota\\\/\",\"name\":\"Escapada con Arde Bogot\u00e1: \\\"Nos gustar\u00eda irnos a componer a una casa rural en Cazorla\\\" - EscapadaRural\",\"isPartOf\":{\"@id\":\"https:\\\/\\\/www.escapadarural.com\\\/blog\\\/#website\"},\"primaryImageOfPage\":{\"@id\":\"https:\\\/\\\/www.escapadarural.com\\\/blog\\\/entrevista-a-arde-bogota\\\/#primaryimage\"},\"image\":{\"@id\":\"https:\\\/\\\/www.escapadarural.com\\\/blog\\\/entrevista-a-arde-bogota\\\/#primaryimage\"},\"thumbnailUrl\":\"https:\\\/\\\/www.escapadarural.com\\\/blog\\\/wp-content\\\/uploads\\\/2024\\\/10\\\/Arde-Bogota-Foto-Monica-Figueras-1024x683-1.jpg\",\"datePublished\":\"2023-07-10T08:41:05+00:00\",\"dateModified\":\"2024-10-21T10:39:04+00:00\",\"breadcrumb\":{\"@id\":\"https:\\\/\\\/www.escapadarural.com\\\/blog\\\/entrevista-a-arde-bogota\\\/#breadcrumb\"},\"inLanguage\":\"es\",\"potentialAction\":[{\"@type\":\"ReadAction\",\"target\":[\"https:\\\/\\\/www.escapadarural.com\\\/blog\\\/entrevista-a-arde-bogota\\\/\"]}]},{\"@type\":\"ImageObject\",\"inLanguage\":\"es\",\"@id\":\"https:\\\/\\\/www.escapadarural.com\\\/blog\\\/entrevista-a-arde-bogota\\\/#primaryimage\",\"url\":\"https:\\\/\\\/www.escapadarural.com\\\/blog\\\/wp-content\\\/uploads\\\/2024\\\/10\\\/Arde-Bogota-Foto-Monica-Figueras-1024x683-1.jpg\",\"contentUrl\":\"https:\\\/\\\/www.escapadarural.com\\\/blog\\\/wp-content\\\/uploads\\\/2024\\\/10\\\/Arde-Bogota-Foto-Monica-Figueras-1024x683-1.jpg\",\"width\":1024,\"height\":683,\"caption\":\"Cuatro hombres vestidos con trajes retro inspirados en Grease posan con un coche descapotable azul claro de \u00e9poca en una zona abierta bajo un cielo nublado. Dos est\u00e1n sentados en el coche, uno dentro y otro en el marco de la puerta.\"},{\"@type\":\"BreadcrumbList\",\"@id\":\"https:\\\/\\\/www.escapadarural.com\\\/blog\\\/entrevista-a-arde-bogota\\\/#breadcrumb\",\"itemListElement\":[{\"@type\":\"ListItem\",\"position\":1,\"name\":\"Inicio\",\"item\":\"https:\\\/\\\/www.escapadarural.com\\\/blog\\\/\"},{\"@type\":\"ListItem\",\"position\":2,\"name\":\"Arte y Cultura\",\"item\":\"https:\\\/\\\/www.escapadarural.com\\\/blog\\\/categoria\\\/arte-y-cultura\\\/\"},{\"@type\":\"ListItem\",\"position\":3,\"name\":\"Escapada con Arde Bogot\u00e1: \u00abNos gustar\u00eda irnos a componer a una casa rural en Cazorla\u00bb\"}]},{\"@type\":\"WebSite\",\"@id\":\"https:\\\/\\\/www.escapadarural.com\\\/blog\\\/#website\",\"url\":\"https:\\\/\\\/www.escapadarural.com\\\/blog\\\/\",\"name\":\"Blog de viajes | turismo rural, alojamientos e inspiraci\u00f3n\",\"description\":\"Alojamientos rurales e inspiraci\u00f3n para tus escapadas\",\"publisher\":{\"@id\":\"https:\\\/\\\/www.escapadarural.com\\\/blog\\\/#organization\"},\"alternateName\":\"Magazine de viajes de EscapadaRural\",\"potentialAction\":[{\"@type\":\"SearchAction\",\"target\":{\"@type\":\"EntryPoint\",\"urlTemplate\":\"https:\\\/\\\/www.escapadarural.com\\\/blog\\\/?s={search_term_string}\"},\"query-input\":{\"@type\":\"PropertyValueSpecification\",\"valueRequired\":true,\"valueName\":\"search_term_string\"}}],\"inLanguage\":\"es\"},{\"@type\":\"Organization\",\"@id\":\"https:\\\/\\\/www.escapadarural.com\\\/blog\\\/#organization\",\"name\":\"EscapadaRural\",\"url\":\"https:\\\/\\\/www.escapadarural.com\\\/blog\\\/\",\"logo\":{\"@type\":\"ImageObject\",\"inLanguage\":\"es\",\"@id\":\"https:\\\/\\\/www.escapadarural.com\\\/blog\\\/#\\\/schema\\\/logo\\\/image\\\/\",\"url\":\"https:\\\/\\\/www.escapadarural.com\\\/blog\\\/wp-content\\\/uploads\\\/2024\\\/10\\\/cropped-cropped-escapada-rural-icon-mag-3.png\",\"contentUrl\":\"https:\\\/\\\/www.escapadarural.com\\\/blog\\\/wp-content\\\/uploads\\\/2024\\\/10\\\/cropped-cropped-escapada-rural-icon-mag-3.png\",\"width\":512,\"height\":512,\"caption\":\"EscapadaRural\"},\"image\":{\"@id\":\"https:\\\/\\\/www.escapadarural.com\\\/blog\\\/#\\\/schema\\\/logo\\\/image\\\/\"},\"sameAs\":[\"https:\\\/\\\/www.facebook.com\\\/escapadarural\",\"https:\\\/\\\/www.instagram.com\\\/escapadarural\\\/\",\"https:\\\/\\\/www.youtube.com\\\/@escapadaruralcom\"]},{\"@type\":\"Person\",\"@id\":\"https:\\\/\\\/www.escapadarural.com\\\/blog\\\/#\\\/schema\\\/person\\\/a9b46ae4d047d8a2c719f31e75206cff\",\"name\":\"Laura Fern\u00e1ndez\",\"image\":{\"@type\":\"ImageObject\",\"inLanguage\":\"es\",\"@id\":\"https:\\\/\\\/www.escapadarural.com\\\/blog\\\/wp-content\\\/uploads\\\/2025\\\/01\\\/cropped-laura_raponchii-96x96.jpg\",\"url\":\"https:\\\/\\\/www.escapadarural.com\\\/blog\\\/wp-content\\\/uploads\\\/2025\\\/01\\\/cropped-laura_raponchii-96x96.jpg\",\"contentUrl\":\"https:\\\/\\\/www.escapadarural.com\\\/blog\\\/wp-content\\\/uploads\\\/2025\\\/01\\\/cropped-laura_raponchii-96x96.jpg\",\"caption\":\"Laura Fern\u00e1ndez\"},\"description\":\"Periodista, blogger y viajera. No necesariamente en ese orden. En ocasiones me despierto sin saber d\u00f3nde estoy. Adicta a los c\u00f3mics y a los noodles con salsa de cacahuete. Redactora en @escapadarural, colaboradora en la Conde Nast Traveler y en la Divinity. Mi casa: Meridiano180.\",\"sameAs\":[\"http:\\\/\\\/www.meridiano180.com\\\/\"],\"url\":\"https:\\\/\\\/www.escapadarural.com\\\/blog\\\/autor\\\/laura\\\/\"}]}<\/script>\n<!-- \/ Yoast SEO plugin. -->","yoast_head_json":{"title":"Escapada con Arde Bogot\u00e1: \"Nos gustar\u00eda irnos a componer a una casa rural en Cazorla\" - EscapadaRural","robots":{"index":"index","follow":"follow","max-snippet":"max-snippet:-1","max-image-preview":"max-image-preview:large","max-video-preview":"max-video-preview:-1"},"canonical":"https:\/\/www.escapadarural.com\/blog\/entrevista-a-arde-bogota\/","og_locale":"es_ES","og_type":"article","og_title":"Escapada con Arde Bogot\u00e1: \"Nos gustar\u00eda irnos a componer a una casa rural en Cazorla\" - EscapadaRural","og_description":"Dani S\u00e1nchez, guitarrista de Arde Bogot\u00e1, nos habla del nuevo disco: Cowboys de la A3, de ese nuevo viaje y nos revela algunos de los lugares favoritos del grupo murciano.","og_url":"https:\/\/www.escapadarural.com\/blog\/entrevista-a-arde-bogota\/","og_site_name":"Magazine de viajes de EscapadaRural","article_publisher":"https:\/\/www.facebook.com\/escapadarural","article_published_time":"2023-07-10T08:41:05+00:00","article_modified_time":"2024-10-21T10:39:04+00:00","og_image":[{"width":1024,"height":683,"url":"https:\/\/www.escapadarural.com\/blog\/wp-content\/uploads\/2024\/10\/Arde-Bogota-Foto-Monica-Figueras-1024x683-1.jpg","type":"image\/jpeg"}],"author":"Laura Fern\u00e1ndez","twitter_card":"summary_large_image","twitter_misc":{"Escrito por":"Laura Fern\u00e1ndez","Tiempo de lectura":"5 minutos"},"schema":{"@context":"https:\/\/schema.org","@graph":[{"@type":"Article","@id":"https:\/\/www.escapadarural.com\/blog\/entrevista-a-arde-bogota\/#article","isPartOf":{"@id":"https:\/\/www.escapadarural.com\/blog\/entrevista-a-arde-bogota\/"},"author":{"name":"Laura Fern\u00e1ndez","@id":"https:\/\/www.escapadarural.com\/blog\/#\/schema\/person\/a9b46ae4d047d8a2c719f31e75206cff"},"headline":"Escapada con Arde Bogot\u00e1: \u00abNos gustar\u00eda irnos a componer a una casa rural en Cazorla\u00bb","datePublished":"2023-07-10T08:41:05+00:00","dateModified":"2024-10-21T10:39:04+00:00","mainEntityOfPage":{"@id":"https:\/\/www.escapadarural.com\/blog\/entrevista-a-arde-bogota\/"},"wordCount":1004,"commentCount":0,"publisher":{"@id":"https:\/\/www.escapadarural.com\/blog\/#organization"},"image":{"@id":"https:\/\/www.escapadarural.com\/blog\/entrevista-a-arde-bogota\/#primaryimage"},"thumbnailUrl":"https:\/\/www.escapadarural.com\/blog\/wp-content\/uploads\/2024\/10\/Arde-Bogota-Foto-Monica-Figueras-1024x683-1.jpg","keywords":["Arde Bogot\u00e1","Cartagena","Entrevistas","Murcia","M\u00fasica","roadtrip"],"articleSection":["Arte y Cultura"],"inLanguage":"es","potentialAction":[{"@type":"CommentAction","name":"Comment","target":["https:\/\/www.escapadarural.com\/blog\/entrevista-a-arde-bogota\/#respond"]}]},{"@type":"WebPage","@id":"https:\/\/www.escapadarural.com\/blog\/entrevista-a-arde-bogota\/","url":"https:\/\/www.escapadarural.com\/blog\/entrevista-a-arde-bogota\/","name":"Escapada con Arde Bogot\u00e1: \"Nos gustar\u00eda irnos a componer a una casa rural en Cazorla\" - EscapadaRural","isPartOf":{"@id":"https:\/\/www.escapadarural.com\/blog\/#website"},"primaryImageOfPage":{"@id":"https:\/\/www.escapadarural.com\/blog\/entrevista-a-arde-bogota\/#primaryimage"},"image":{"@id":"https:\/\/www.escapadarural.com\/blog\/entrevista-a-arde-bogota\/#primaryimage"},"thumbnailUrl":"https:\/\/www.escapadarural.com\/blog\/wp-content\/uploads\/2024\/10\/Arde-Bogota-Foto-Monica-Figueras-1024x683-1.jpg","datePublished":"2023-07-10T08:41:05+00:00","dateModified":"2024-10-21T10:39:04+00:00","breadcrumb":{"@id":"https:\/\/www.escapadarural.com\/blog\/entrevista-a-arde-bogota\/#breadcrumb"},"inLanguage":"es","potentialAction":[{"@type":"ReadAction","target":["https:\/\/www.escapadarural.com\/blog\/entrevista-a-arde-bogota\/"]}]},{"@type":"ImageObject","inLanguage":"es","@id":"https:\/\/www.escapadarural.com\/blog\/entrevista-a-arde-bogota\/#primaryimage","url":"https:\/\/www.escapadarural.com\/blog\/wp-content\/uploads\/2024\/10\/Arde-Bogota-Foto-Monica-Figueras-1024x683-1.jpg","contentUrl":"https:\/\/www.escapadarural.com\/blog\/wp-content\/uploads\/2024\/10\/Arde-Bogota-Foto-Monica-Figueras-1024x683-1.jpg","width":1024,"height":683,"caption":"Cuatro hombres vestidos con trajes retro inspirados en Grease posan con un coche descapotable azul claro de \u00e9poca en una zona abierta bajo un cielo nublado. Dos est\u00e1n sentados en el coche, uno dentro y otro en el marco de la puerta."},{"@type":"BreadcrumbList","@id":"https:\/\/www.escapadarural.com\/blog\/entrevista-a-arde-bogota\/#breadcrumb","itemListElement":[{"@type":"ListItem","position":1,"name":"Inicio","item":"https:\/\/www.escapadarural.com\/blog\/"},{"@type":"ListItem","position":2,"name":"Arte y Cultura","item":"https:\/\/www.escapadarural.com\/blog\/categoria\/arte-y-cultura\/"},{"@type":"ListItem","position":3,"name":"Escapada con Arde Bogot\u00e1: \u00abNos gustar\u00eda irnos a componer a una casa rural en Cazorla\u00bb"}]},{"@type":"WebSite","@id":"https:\/\/www.escapadarural.com\/blog\/#website","url":"https:\/\/www.escapadarural.com\/blog\/","name":"Blog de viajes | turismo rural, alojamientos e inspiraci\u00f3n","description":"Alojamientos rurales e inspiraci\u00f3n para tus escapadas","publisher":{"@id":"https:\/\/www.escapadarural.com\/blog\/#organization"},"alternateName":"Magazine de viajes de EscapadaRural","potentialAction":[{"@type":"SearchAction","target":{"@type":"EntryPoint","urlTemplate":"https:\/\/www.escapadarural.com\/blog\/?s={search_term_string}"},"query-input":{"@type":"PropertyValueSpecification","valueRequired":true,"valueName":"search_term_string"}}],"inLanguage":"es"},{"@type":"Organization","@id":"https:\/\/www.escapadarural.com\/blog\/#organization","name":"EscapadaRural","url":"https:\/\/www.escapadarural.com\/blog\/","logo":{"@type":"ImageObject","inLanguage":"es","@id":"https:\/\/www.escapadarural.com\/blog\/#\/schema\/logo\/image\/","url":"https:\/\/www.escapadarural.com\/blog\/wp-content\/uploads\/2024\/10\/cropped-cropped-escapada-rural-icon-mag-3.png","contentUrl":"https:\/\/www.escapadarural.com\/blog\/wp-content\/uploads\/2024\/10\/cropped-cropped-escapada-rural-icon-mag-3.png","width":512,"height":512,"caption":"EscapadaRural"},"image":{"@id":"https:\/\/www.escapadarural.com\/blog\/#\/schema\/logo\/image\/"},"sameAs":["https:\/\/www.facebook.com\/escapadarural","https:\/\/www.instagram.com\/escapadarural\/","https:\/\/www.youtube.com\/@escapadaruralcom"]},{"@type":"Person","@id":"https:\/\/www.escapadarural.com\/blog\/#\/schema\/person\/a9b46ae4d047d8a2c719f31e75206cff","name":"Laura Fern\u00e1ndez","image":{"@type":"ImageObject","inLanguage":"es","@id":"https:\/\/www.escapadarural.com\/blog\/wp-content\/uploads\/2025\/01\/cropped-laura_raponchii-96x96.jpg","url":"https:\/\/www.escapadarural.com\/blog\/wp-content\/uploads\/2025\/01\/cropped-laura_raponchii-96x96.jpg","contentUrl":"https:\/\/www.escapadarural.com\/blog\/wp-content\/uploads\/2025\/01\/cropped-laura_raponchii-96x96.jpg","caption":"Laura Fern\u00e1ndez"},"description":"Periodista, blogger y viajera. No necesariamente en ese orden. En ocasiones me despierto sin saber d\u00f3nde estoy. Adicta a los c\u00f3mics y a los noodles con salsa de cacahuete. Redactora en @escapadarural, colaboradora en la Conde Nast Traveler y en la Divinity. Mi casa: Meridiano180.","sameAs":["http:\/\/www.meridiano180.com\/"],"url":"https:\/\/www.escapadarural.com\/blog\/autor\/laura\/"}]}},"_links":{"self":[{"href":"https:\/\/www.escapadarural.com\/blog\/wp-json\/wp\/v2\/posts\/64088","targetHints":{"allow":["GET"]}}],"collection":[{"href":"https:\/\/www.escapadarural.com\/blog\/wp-json\/wp\/v2\/posts"}],"about":[{"href":"https:\/\/www.escapadarural.com\/blog\/wp-json\/wp\/v2\/types\/post"}],"author":[{"embeddable":true,"href":"https:\/\/www.escapadarural.com\/blog\/wp-json\/wp\/v2\/users\/89"}],"replies":[{"embeddable":true,"href":"https:\/\/www.escapadarural.com\/blog\/wp-json\/wp\/v2\/comments?post=64088"}],"version-history":[{"count":0,"href":"https:\/\/www.escapadarural.com\/blog\/wp-json\/wp\/v2\/posts\/64088\/revisions"}],"wp:featuredmedia":[{"embeddable":true,"href":"https:\/\/www.escapadarural.com\/blog\/wp-json\/wp\/v2\/media\/97091"}],"wp:attachment":[{"href":"https:\/\/www.escapadarural.com\/blog\/wp-json\/wp\/v2\/media?parent=64088"}],"wp:term":[{"taxonomy":"category","embeddable":true,"href":"https:\/\/www.escapadarural.com\/blog\/wp-json\/wp\/v2\/categories?post=64088"},{"taxonomy":"post_tag","embeddable":true,"href":"https:\/\/www.escapadarural.com\/blog\/wp-json\/wp\/v2\/tags?post=64088"}],"curies":[{"name":"wp","href":"https:\/\/api.w.org\/{rel}","templated":true}]}}