{"id":64245,"date":"2023-07-20T06:28:00","date_gmt":"2023-07-20T05:28:00","guid":{"rendered":"https:\/\/www.escapadarural.com\/blog\/?p=64245"},"modified":"2025-02-25T12:58:12","modified_gmt":"2025-02-25T10:58:12","slug":"viaja-al-pirineo-navarro","status":"publish","type":"post","link":"https:\/\/www.escapadarural.com\/blog\/viaja-al-pirineo-navarro\/","title":{"rendered":"Viaja al Pirineo navarro de principios del siglo XX"},"content":{"rendered":"\n<figure class=\"wp-block-image size-large\"><a href=\"https:\/\/www.escapadarural.com\/blog\/wp-content\/uploads\/Valle-de-Roncal_Javier-Campos_Turismo-de-Navarra-scaled.jpg\"><img decoding=\"async\" src=\"https:\/\/www.escapadarural.com\/blog\/wp-content\/uploads\/2024\/10\/Valle-de-Roncal_Javier-Campos_Turismo-de-Navarra-1024x682-1.jpg\" alt=\"Laderas de Saitzederra\" class=\"wp-image-64257\"\/><\/a><figcaption class=\"wp-element-caption\">Pirineo navarro. Por: Javier Campos &#8211; Turismo de Navarra<\/figcaption><\/figure>\n\n\n\n<p>La Selva de Irati, Quinto Real o Sorogain. El valle de Belagua, los karsts de Larra o los montes de Areta. Con una extensi\u00f3n de m\u00e1s de 2.000 kil\u00f3metros, el <strong>Pirineo navarro<\/strong> es un enclave fascinante con una gran riqueza natural, cultural y etnogr\u00e1fica. Pasear por sus senderos y montes nos hace viajar, a trav\u00e9s de sus paisajes, bordas y ganado, a una \u00e9poca no muy lejana de oficios ancestrales que hoy, todav\u00eda, forman parte de la identidad de sus habitantes.<\/p>\n\n\n\n<p>Ahora podemos descubrir de primera mano c\u00f3mo se viv\u00eda en alta monta\u00f1a hasta hace unas d\u00e9cadas gracias a fiestas especiales como <strong>Orhipean<\/strong> en Ochagav\u00eda, rutas por el importante papel que tuvieron las mujeres en los trabajos artesanales o caminatas por paisajes de ensue\u00f1o con mucha presencia de agua, ideal para refrescarse en los d\u00edas m\u00e1s calurosos del a\u00f1o, tal y como han hecho desde el principio de los tiempos los pobladores de la zona. Acomp\u00e1\u00f1anos con estas propuestas de lo m\u00e1s interesantes para el verano.<\/p>\n\n\n\n<div class=\"wp-block-buttons is-layout-flex wp-block-buttons-is-layout-flex\">\n<div class=\"wp-block-button\"><a class=\"wp-block-button__link wp-element-button\" href=\"https:\/\/www.escapadarural.com\/casas-rurales\/navarra\" target=\"_blank\" rel=\"noreferrer noopener\">Casas rurales en Navarra<\/a><\/div>\n<\/div>\n\n\n\n<h2 class=\"wp-block-heading\">Oriphean, la fiesta de los oficios y tradiciones ancestrales<\/h2>\n\n\n\n<figure class=\"wp-block-image size-large\"><a href=\"https:\/\/www.escapadarural.com\/blog\/wp-content\/uploads\/Valle-de-Salazar_Francis-Vaquero_Turismo-de-Navarra-1-scaled.jpg\"><img decoding=\"async\" src=\"https:\/\/www.escapadarural.com\/blog\/wp-content\/uploads\/2024\/10\/Valle-de-Salazar_Francis-Vaquero_Turismo-de-Navarra-1-1024x576-2.jpg\" alt=\"Ochagav\u00eda\" class=\"wp-image-64258\"\/><\/a><figcaption class=\"wp-element-caption\">Por: Francis Vaquero &#8211; Turismo de Navarra<\/figcaption><\/figure>\n\n\n\n<p>En el <strong>Pirineo navarro<\/strong>, hoy podemos alojarnos en hoteles, apartamentos, casas rurales y albergues con todas las comodidades y, por supuesto, con agua corriente y electricidad. \u00a1Pero no siempre ha sido as\u00ed! De hecho, hasta no hace muchas d\u00e9cadas, muchos de estos servicios que ahora asumimos como \u201cnormales\u201d no exist\u00edan en estos enclaves de alta monta\u00f1a. Y claro, en esas condiciones la gente no pod\u00eda \u201cteletrabajar\u201d, as\u00ed que ten\u00edan que buscarse la vida de otra manera y dedicarse a oficios tradicionales que hoy nos llenan de curiosidad.<\/p>\n\n\n\n<p>\u00bfQuieres saber qu\u00e9 hac\u00edan las <strong>hilanderas<\/strong> y las <strong>lavanderas<\/strong>, qu\u00e9 importancia ten\u00edan en los pueblos? \u00bfC\u00f3mo trabajaban los barberos? \u00bfA qu\u00e9 jugaban los ni\u00f1os y las ni\u00f1as en medio de la naturaleza, en sencillos n\u00facleos urbanos y sin videoconsolas ni smartphones? El peque\u00f1o pueblo pirenaico de <strong>Ochagav\u00eda <\/strong>nos invita a volver por un d\u00eda a este pasado reciente y conocer c\u00f3mo viv\u00edan sus gentes hace 100 a\u00f1os con la fiesta Orhipean.<\/p>\n\n\n\n<p>Esta celebraci\u00f3n tiene lugar cada a\u00f1o a finales de agosto y est\u00e1 declarada de <strong>Inter\u00e9s Tur\u00edstico de Navarra<\/strong>. Y todo el mundo se pone manos a la obra: son los propios vecinos del pueblo quienes organizan la fiesta y rescatan los oficios de la zona que hoy se han perdido y quienes se visten con atuendos y peinados de la \u00e9poca. Cada uno adquiere un papel y no falta la figura del m\u00e9dico, la maestra rural o las unaiak (pastoras de vacas). Las calles tambi\u00e9n se engalanan evocando el ambiente de hace un siglo, de manera que la experiencia de aut\u00f3ctonos y visitantes es totalmente inmersiva.<\/p>\n\n\n\n<h2 class=\"wp-block-heading\">Ruta por la historia de las mujeres de Ochagav\u00eda<\/h2>\n\n\n\n<figure class=\"wp-block-image size-large\"><a href=\"https:\/\/www.escapadarural.com\/blog\/wp-content\/uploads\/Valle-de-Salazar_Francis-Vaquero_Turismo-de-Navarra-scaled.jpg\"><img decoding=\"async\" src=\"https:\/\/www.escapadarural.com\/blog\/wp-content\/uploads\/2024\/10\/Valle-de-Salazar_Francis-Vaquero_Turismo-de-Navarra-1024x576-1.jpg\" alt=\"Pirineo navarro - Ochagav\u00eda\" class=\"wp-image-64253\"\/><\/a><figcaption class=\"wp-element-caption\">Ochagav\u00eda. Por: Francis Vaquero &#8211; Turismo de Navarra<\/figcaption><\/figure>\n\n\n\n<p>Seguimos en el peque\u00f1o pueblo de Ochagav\u00eda, cerca de la Selva de Irati, para hacer un tour por historias apasionantes protagonizadas por mujeres. Como lamentablemente ha pasado en tantos sitios, aqu\u00ed tambi\u00e9n hay muchos <strong>relatos en femenino<\/strong> que han sido silenciados o han permanecido ocultos durante demasiado tiempo. La ruta guiada la podemos hacer en cualquier momento del a\u00f1o gracias a una app m\u00f3vil que nos llevar\u00e1 a diferentes \u00e9pocas a trav\u00e9s de narrativas contadas por sus propias protagonistas.<\/p>\n\n\n\n<p>Una actividad para los amantes de la historia y para quienes creen de justicia recuperar el protagonismo de las mujeres en un formato de lo m\u00e1s divertido y que involucra tambi\u00e9n a peques: est\u00e1 dise\u00f1ada como un \u201c<strong>juego de escape<\/strong>\u201d en vivo en la calle, en el que tendremos que poner de nuestra parte para completar con \u00e9xito el recorrido. Es muy f\u00e1cil, basta con tener un<br>tel\u00e9fono m\u00f3vil (no hay que descargar nada).<\/p>\n\n\n\n<p>En los dispositivos aparecen escenas teatralizadas, tomas de dron, v\u00eddeo animaciones, <strong>im\u00e1genes de 360 grados<\/strong>, locuciones, fotos antiguas, ilustraciones o espacios 3D que nos guiar\u00e1n por las calles y la historia en femenino de Ochagav\u00eda. Por supuesto, hay que estar f\u00edsicamente all\u00ed para vivir la experiencia. Comienza en la Oficina de Turismo del pueblo y, desde<br>ah\u00ed, tendremos que usar el ingenio para ir avanzando por un recorrido sorpresa que es totalmente peatonal.<\/p>\n\n\n\n<div class=\"wp-block-buttons is-layout-flex wp-block-buttons-is-layout-flex\">\n<div class=\"wp-block-button\"><a class=\"wp-block-button__link wp-element-button\" href=\"https:\/\/www.escapadarural.com\/casas-rurales\/ochagavia-otsagabia\" target=\"_blank\" rel=\"noreferrer noopener\">Casas rurales en Ochagav\u00eda<\/a><\/div>\n<\/div>\n\n\n\n<h2 class=\"wp-block-heading\">Explora la belleza de la Selva de Irati<\/h2>\n\n\n\n<figure class=\"wp-block-image size-large\"><a href=\"https:\/\/www.escapadarural.com\/blog\/wp-content\/uploads\/Selva-de-Irati_Javier-Campos_Turismo-de-Navarra-scaled.jpg\"><img decoding=\"async\" src=\"https:\/\/www.escapadarural.com\/blog\/wp-content\/uploads\/2024\/10\/Selva-de-Irati_Javier-Campos_Turismo-de-Navarra-1024x683-1.jpg\" alt=\"Selva de Irati, Pirineo navarro\" class=\"wp-image-64256\"\/><\/a><figcaption class=\"wp-element-caption\">Por: Javier Campos &#8211; Turismo de Navarra<\/figcaption><\/figure>\n\n\n\n<p>Adem\u00e1s de conocer los saberes ancestrales de la zona, en nuestra visita al <strong>Pirineo navarro<\/strong> no podemos dejar de ponernos las botas o las zapatillas para explorar sus infinitos senderos por la naturaleza m\u00e1s frondosa de la Selva de Irati.<\/p>\n\n\n\n<p>Un aut\u00e9ntico ba\u00f1o de naturaleza en el que disfrutar de un silencio que, afortunadamente, tampoco es tal gracias al sonido de las ramas y las hojas meci\u00e9ndose al comp\u00e1s de la brisa fresca y a las diferentes expresiones de la fauna que tiene aqu\u00ed su h\u00e1bitat: p\u00e1jaros carpinteros, pitos negros, picos dorsiblancos, el impresionante quebrantahuesos, el halc\u00f3n peregrino, el<br>\u00e1guila real, ciervos, corzos, jabal\u00edes y mucho m\u00e1s.<\/p>\n\n\n\n<p>Los accesos principales para descubrir la <strong>Selva de Irati<\/strong> son Ochagav\u00eda, en el Valle de Salazar, Orbaizeta, en el Valle de Aezkoa y el Centro de Monta\u00f1a Irati-Abodi. Aqu\u00ed os dejamos un par de propuestas senderistas sin mucha exigencia en un destino de naturaleza agradable tambi\u00e9n en verano por sus espacios verdes, frondosos y frescos:<\/p>\n\n\n\n<h3 class=\"wp-block-heading\">Ruta de Gartxot<\/h3>\n\n\n\n<figure class=\"wp-block-image size-large\"><a href=\"https:\/\/www.escapadarural.com\/blog\/wp-content\/uploads\/Valle-de-Salazar_Javier-Campos_Turismo-de-Navarra-scaled.jpg\"><img decoding=\"async\" src=\"https:\/\/www.escapadarural.com\/blog\/wp-content\/uploads\/2024\/10\/Valle-de-Salazar_Javier-Campos_Turismo-de-Navarra-1024x683-2.jpg\" alt=\"Pirineo navarro, ruta de Gartxot\" class=\"wp-image-64254\"\/><\/a><figcaption class=\"wp-element-caption\">Ruta de Gartxot. Por: Javier Campos &#8211; Turismo de Navarra<\/figcaption><\/figure>\n\n\n\n<p>Un recorrido circular de 12 kil\u00f3metros que comienza <strong>Izalzu<\/strong>. Para extasiarse con las preciosas panor\u00e1micas de las cumbres pirenaicas y del <strong>Valle de Salazar<\/strong> entre densos bosques de hayas y robles, pastos y bordas ganaderas, adem\u00e1s de sombreadas cascadas. Su nombre hace referencia a la leyenda local de origen medieval del bardo Gartxot, que se refugi\u00f3 en la cueva de <strong>Elkorreta <\/strong>\u2013que queda cerca de un desv\u00edo de la ruta- despu\u00e9s de asesinar a su hijo porque no quer\u00eda que se lo llevaran los monjes de Orreaga (Roncesvalles).<\/p>\n\n\n\n<h3 class=\"wp-block-heading\">Errekaidorra<\/h3>\n\n\n\n<figure class=\"wp-block-image size-large\"><a href=\"https:\/\/www.escapadarural.com\/blog\/wp-content\/uploads\/Selva-de-Irati_Javier-Campos_Turismo-de-Navarra_1-scaled.jpg\"><img decoding=\"async\" src=\"https:\/\/www.escapadarural.com\/blog\/wp-content\/uploads\/2024\/10\/Selva-de-Irati_Javier-Campos_Turismo-de-Navarra_1-1024x683-1.jpg\" alt=\"Cascada del Cubo\" class=\"wp-image-64255\"\/><\/a><figcaption class=\"wp-element-caption\">Cascada del Cubo. Por: Javier Campos &#8211; Turismo de Navarra<\/figcaption><\/figure>\n\n\n\n<p>En <strong>Casas de Irati <\/strong>arranca esta ruta de menos de 10 kil\u00f3metros por lo que podemos considerar un aut\u00e9ntico museo al aire libre a trav\u00e9s de los puntos did\u00e1cticos en los que se recrean los usos forestales de la zona, como la extracci\u00f3n de madera para producir m\u00e1stiles, remos, muebles o carb\u00f3n vegetal. A eso le a\u00f1adimos el impresionante atractivo natural y refrescante de la <strong>Cascada del Cubo<\/strong> y la gran presencia de agua, ya nos acompa\u00f1ar\u00e1 el r\u00edo durante buena parte del trayecto.<\/p>\n\n\n\n<p>El Pirineo navarro nos aguarda con relatos y rincones por explorar que nos har\u00e1n viajar no solo por su bello territorio, sino tambi\u00e9n a trav\u00e9s del tiempo.<\/p>\n\n\n\n<div class=\"wp-block-buttons is-layout-flex wp-block-buttons-is-layout-flex\">\n<div class=\"wp-block-button\"><a class=\"wp-block-button__link wp-element-button\" href=\"https:\/\/www.escapadarural.com\/casas-rurales\/valle-de-salazar\" target=\"_blank\" rel=\"noreferrer noopener\">Casas rurales en Valle de Salazar<\/a><\/div>\n<\/div>\n\n\n\n<div style=\"height:14px\" aria-hidden=\"true\" class=\"wp-block-spacer\"><\/div>\n\n\n\n<p>Contenido patrocinado por:<\/p>\n\n\n\n<figure class=\"wp-block-image size-full\"><a href=\"https:\/\/www.visitnavarra.es\/es\/\" target=\"_blank\" rel=\"noreferrer noopener\"><img decoding=\"async\" src=\"https:\/\/www.escapadarural.com\/blog\/wp-content\/uploads\/2024\/10\/Mesa-de-trabajo-1-3-7.png\" alt=\"logo navarra\" class=\"wp-image-63214\"\/><\/a><\/figure>\n","protected":false},"excerpt":{"rendered":"<p>El Pirineo navarro es un enclave fascinante con una gran riqueza natural, cultural y etnogr\u00e1fica. Estos son algunos imprescindibles que visitar:<\/p>\n","protected":false},"author":123,"featured_media":96911,"comment_status":"open","ping_status":"open","sticky":false,"template":"","format":"standard","meta":{"_acf_changed":false,"om_disable_all_campaigns":false,"footnotes":""},"categories":[191],"tags":[260,511,421,1096,5246,3093,212,1498,274],"class_list":["post-64245","post","type-post","status-publish","format-standard","has-post-thumbnail","hentry","category-destinos","tag-articulo","tag-familia","tag-que-ver-en-navarra","tag-ochagavia","tag-oriphean","tag-pirineo-navarro","tag-pueblos","tag-selva-de-irati","tag-turismo-rural"],"acf":[],"featured_image_src":"https:\/\/www.escapadarural.com\/blog\/wp-content\/uploads\/2024\/10\/Valle-de-Roncal_Javier-Campos_Turismo-de-Navarra-1024x682-1.jpg","author_info":{"display_name":"Raquel Andr\u00e9s","author_link":"https:\/\/www.escapadarural.com\/blog\/autor\/raquel\/"},"yoast_head":"<!-- This site is optimized with the Yoast SEO plugin v27.5 - https:\/\/yoast.com\/product\/yoast-seo-wordpress\/ -->\n<title>Viaja al Pirineo navarro de principios del siglo XX - EscapadaRural<\/title>\n<meta name=\"robots\" content=\"index, follow, max-snippet:-1, max-image-preview:large, max-video-preview:-1\" \/>\n<link rel=\"canonical\" href=\"https:\/\/www.escapadarural.com\/blog\/viaja-al-pirineo-navarro\/\" \/>\n<meta property=\"og:locale\" content=\"es_ES\" \/>\n<meta property=\"og:type\" content=\"article\" \/>\n<meta property=\"og:title\" content=\"Viaja al Pirineo navarro de principios del siglo XX - EscapadaRural\" \/>\n<meta property=\"og:description\" content=\"El Pirineo navarro es un enclave fascinante con una gran riqueza natural, cultural y etnogr\u00e1fica. Estos son algunos imprescindibles que visitar:\" \/>\n<meta property=\"og:url\" content=\"https:\/\/www.escapadarural.com\/blog\/viaja-al-pirineo-navarro\/\" \/>\n<meta property=\"og:site_name\" content=\"Magazine de viajes de EscapadaRural\" \/>\n<meta property=\"article:publisher\" content=\"https:\/\/www.facebook.com\/escapadarural\" \/>\n<meta property=\"article:published_time\" content=\"2023-07-20T05:28:00+00:00\" \/>\n<meta property=\"article:modified_time\" content=\"2025-02-25T10:58:12+00:00\" \/>\n<meta property=\"og:image\" content=\"https:\/\/app.escapadarural.com\/blog\/wp-content\/uploads\/2024\/10\/Valle-de-Roncal_Javier-Campos_Turismo-de-Navarra-1024x682-1.jpg\" \/>\n\t<meta property=\"og:image:width\" content=\"1024\" \/>\n\t<meta property=\"og:image:height\" content=\"682\" \/>\n\t<meta property=\"og:image:type\" content=\"image\/jpeg\" \/>\n<meta name=\"author\" content=\"Raquel Andr\u00e9s\" \/>\n<meta name=\"twitter:card\" content=\"summary_large_image\" \/>\n<meta name=\"twitter:label1\" content=\"Escrito por\" \/>\n\t<meta name=\"twitter:data1\" content=\"Raquel Andr\u00e9s\" \/>\n\t<meta name=\"twitter:label2\" content=\"Tiempo de lectura\" \/>\n\t<meta name=\"twitter:data2\" content=\"6 minutos\" \/>\n<script type=\"application\/ld+json\" class=\"yoast-schema-graph\">{\"@context\":\"https:\\\/\\\/schema.org\",\"@graph\":[{\"@type\":\"Article\",\"@id\":\"https:\\\/\\\/www.escapadarural.com\\\/blog\\\/viaja-al-pirineo-navarro\\\/#article\",\"isPartOf\":{\"@id\":\"https:\\\/\\\/www.escapadarural.com\\\/blog\\\/viaja-al-pirineo-navarro\\\/\"},\"author\":{\"name\":\"Raquel Andr\u00e9s\",\"@id\":\"https:\\\/\\\/www.escapadarural.com\\\/blog\\\/#\\\/schema\\\/person\\\/67be061eb00d8315fa8642e01b88c894\"},\"headline\":\"Viaja al Pirineo navarro de principios del siglo XX\",\"datePublished\":\"2023-07-20T05:28:00+00:00\",\"dateModified\":\"2025-02-25T10:58:12+00:00\",\"mainEntityOfPage\":{\"@id\":\"https:\\\/\\\/www.escapadarural.com\\\/blog\\\/viaja-al-pirineo-navarro\\\/\"},\"wordCount\":1211,\"commentCount\":0,\"publisher\":{\"@id\":\"https:\\\/\\\/www.escapadarural.com\\\/blog\\\/#organization\"},\"image\":{\"@id\":\"https:\\\/\\\/www.escapadarural.com\\\/blog\\\/viaja-al-pirineo-navarro\\\/#primaryimage\"},\"thumbnailUrl\":\"https:\\\/\\\/www.escapadarural.com\\\/blog\\\/wp-content\\\/uploads\\\/2024\\\/10\\\/Valle-de-Roncal_Javier-Campos_Turismo-de-Navarra-1024x682-1.jpg\",\"keywords\":[\"art\u00edculo\",\"Familia\",\"Navarra\",\"Ochagavia\",\"Oriphean\",\"Pirineo navarro\",\"pueblos\",\"Selva de Irati\",\"turismo rural\"],\"articleSection\":[\"Destinos\"],\"inLanguage\":\"es\",\"potentialAction\":[{\"@type\":\"CommentAction\",\"name\":\"Comment\",\"target\":[\"https:\\\/\\\/www.escapadarural.com\\\/blog\\\/viaja-al-pirineo-navarro\\\/#respond\"]}]},{\"@type\":\"WebPage\",\"@id\":\"https:\\\/\\\/www.escapadarural.com\\\/blog\\\/viaja-al-pirineo-navarro\\\/\",\"url\":\"https:\\\/\\\/www.escapadarural.com\\\/blog\\\/viaja-al-pirineo-navarro\\\/\",\"name\":\"Viaja al Pirineo navarro de principios del siglo XX - EscapadaRural\",\"isPartOf\":{\"@id\":\"https:\\\/\\\/www.escapadarural.com\\\/blog\\\/#website\"},\"primaryImageOfPage\":{\"@id\":\"https:\\\/\\\/www.escapadarural.com\\\/blog\\\/viaja-al-pirineo-navarro\\\/#primaryimage\"},\"image\":{\"@id\":\"https:\\\/\\\/www.escapadarural.com\\\/blog\\\/viaja-al-pirineo-navarro\\\/#primaryimage\"},\"thumbnailUrl\":\"https:\\\/\\\/www.escapadarural.com\\\/blog\\\/wp-content\\\/uploads\\\/2024\\\/10\\\/Valle-de-Roncal_Javier-Campos_Turismo-de-Navarra-1024x682-1.jpg\",\"datePublished\":\"2023-07-20T05:28:00+00:00\",\"dateModified\":\"2025-02-25T10:58:12+00:00\",\"breadcrumb\":{\"@id\":\"https:\\\/\\\/www.escapadarural.com\\\/blog\\\/viaja-al-pirineo-navarro\\\/#breadcrumb\"},\"inLanguage\":\"es\",\"potentialAction\":[{\"@type\":\"ReadAction\",\"target\":[\"https:\\\/\\\/www.escapadarural.com\\\/blog\\\/viaja-al-pirineo-navarro\\\/\"]}]},{\"@type\":\"ImageObject\",\"inLanguage\":\"es\",\"@id\":\"https:\\\/\\\/www.escapadarural.com\\\/blog\\\/viaja-al-pirineo-navarro\\\/#primaryimage\",\"url\":\"https:\\\/\\\/www.escapadarural.com\\\/blog\\\/wp-content\\\/uploads\\\/2024\\\/10\\\/Valle-de-Roncal_Javier-Campos_Turismo-de-Navarra-1024x682-1.jpg\",\"contentUrl\":\"https:\\\/\\\/www.escapadarural.com\\\/blog\\\/wp-content\\\/uploads\\\/2024\\\/10\\\/Valle-de-Roncal_Javier-Campos_Turismo-de-Navarra-1024x682-1.jpg\",\"width\":1024,\"height\":682,\"caption\":\"Valle de Roncal\"},{\"@type\":\"BreadcrumbList\",\"@id\":\"https:\\\/\\\/www.escapadarural.com\\\/blog\\\/viaja-al-pirineo-navarro\\\/#breadcrumb\",\"itemListElement\":[{\"@type\":\"ListItem\",\"position\":1,\"name\":\"Inicio\",\"item\":\"https:\\\/\\\/www.escapadarural.com\\\/blog\\\/\"},{\"@type\":\"ListItem\",\"position\":2,\"name\":\"Destinos\",\"item\":\"https:\\\/\\\/www.escapadarural.com\\\/blog\\\/categoria\\\/destinos\\\/\"},{\"@type\":\"ListItem\",\"position\":3,\"name\":\"Viaja al Pirineo navarro de principios del siglo XX\"}]},{\"@type\":\"WebSite\",\"@id\":\"https:\\\/\\\/www.escapadarural.com\\\/blog\\\/#website\",\"url\":\"https:\\\/\\\/www.escapadarural.com\\\/blog\\\/\",\"name\":\"Blog de viajes | turismo rural, alojamientos e inspiraci\u00f3n\",\"description\":\"Alojamientos rurales e inspiraci\u00f3n para tus escapadas\",\"publisher\":{\"@id\":\"https:\\\/\\\/www.escapadarural.com\\\/blog\\\/#organization\"},\"alternateName\":\"Magazine de viajes de EscapadaRural\",\"potentialAction\":[{\"@type\":\"SearchAction\",\"target\":{\"@type\":\"EntryPoint\",\"urlTemplate\":\"https:\\\/\\\/www.escapadarural.com\\\/blog\\\/?s={search_term_string}\"},\"query-input\":{\"@type\":\"PropertyValueSpecification\",\"valueRequired\":true,\"valueName\":\"search_term_string\"}}],\"inLanguage\":\"es\"},{\"@type\":\"Organization\",\"@id\":\"https:\\\/\\\/www.escapadarural.com\\\/blog\\\/#organization\",\"name\":\"EscapadaRural\",\"url\":\"https:\\\/\\\/www.escapadarural.com\\\/blog\\\/\",\"logo\":{\"@type\":\"ImageObject\",\"inLanguage\":\"es\",\"@id\":\"https:\\\/\\\/www.escapadarural.com\\\/blog\\\/#\\\/schema\\\/logo\\\/image\\\/\",\"url\":\"https:\\\/\\\/www.escapadarural.com\\\/blog\\\/wp-content\\\/uploads\\\/2024\\\/10\\\/cropped-cropped-escapada-rural-icon-mag-3.png\",\"contentUrl\":\"https:\\\/\\\/www.escapadarural.com\\\/blog\\\/wp-content\\\/uploads\\\/2024\\\/10\\\/cropped-cropped-escapada-rural-icon-mag-3.png\",\"width\":512,\"height\":512,\"caption\":\"EscapadaRural\"},\"image\":{\"@id\":\"https:\\\/\\\/www.escapadarural.com\\\/blog\\\/#\\\/schema\\\/logo\\\/image\\\/\"},\"sameAs\":[\"https:\\\/\\\/www.facebook.com\\\/escapadarural\",\"https:\\\/\\\/www.instagram.com\\\/escapadarural\\\/\",\"https:\\\/\\\/www.youtube.com\\\/@escapadaruralcom\"]},{\"@type\":\"Person\",\"@id\":\"https:\\\/\\\/www.escapadarural.com\\\/blog\\\/#\\\/schema\\\/person\\\/67be061eb00d8315fa8642e01b88c894\",\"name\":\"Raquel Andr\u00e9s\",\"image\":{\"@type\":\"ImageObject\",\"inLanguage\":\"es\",\"@id\":\"https:\\\/\\\/secure.gravatar.com\\\/avatar\\\/b45840531462f3cafb335a9fc5c0bfda2c07c3df4b82b304b923526b85cc6cb5?s=96&d=mm&r=g\",\"url\":\"https:\\\/\\\/secure.gravatar.com\\\/avatar\\\/b45840531462f3cafb335a9fc5c0bfda2c07c3df4b82b304b923526b85cc6cb5?s=96&d=mm&r=g\",\"contentUrl\":\"https:\\\/\\\/secure.gravatar.com\\\/avatar\\\/b45840531462f3cafb335a9fc5c0bfda2c07c3df4b82b304b923526b85cc6cb5?s=96&d=mm&r=g\",\"caption\":\"Raquel Andr\u00e9s\"},\"description\":\"Periodista y aventurera. Me has podido leer en Escapada Rural, Diari Nosaltres La Veu, La Vanguardia, El Salto y otros medios. Habitante y amante de las zonas rurales, sea cual sea el destino. Procuro escaparme una vez por semana con las botas de monta\u00f1a, el arn\u00e9s o el neopreno. Tambi\u00e9n soy un intento de baserritarra.\",\"url\":\"https:\\\/\\\/www.escapadarural.com\\\/blog\\\/autor\\\/raquel\\\/\"}]}<\/script>\n<!-- \/ Yoast SEO plugin. -->","yoast_head_json":{"title":"Viaja al Pirineo navarro de principios del siglo XX - EscapadaRural","robots":{"index":"index","follow":"follow","max-snippet":"max-snippet:-1","max-image-preview":"max-image-preview:large","max-video-preview":"max-video-preview:-1"},"canonical":"https:\/\/www.escapadarural.com\/blog\/viaja-al-pirineo-navarro\/","og_locale":"es_ES","og_type":"article","og_title":"Viaja al Pirineo navarro de principios del siglo XX - EscapadaRural","og_description":"El Pirineo navarro es un enclave fascinante con una gran riqueza natural, cultural y etnogr\u00e1fica. Estos son algunos imprescindibles que visitar:","og_url":"https:\/\/www.escapadarural.com\/blog\/viaja-al-pirineo-navarro\/","og_site_name":"Magazine de viajes de EscapadaRural","article_publisher":"https:\/\/www.facebook.com\/escapadarural","article_published_time":"2023-07-20T05:28:00+00:00","article_modified_time":"2025-02-25T10:58:12+00:00","og_image":[{"width":1024,"height":682,"url":"https:\/\/app.escapadarural.com\/blog\/wp-content\/uploads\/2024\/10\/Valle-de-Roncal_Javier-Campos_Turismo-de-Navarra-1024x682-1.jpg","type":"image\/jpeg"}],"author":"Raquel Andr\u00e9s","twitter_card":"summary_large_image","twitter_misc":{"Escrito por":"Raquel Andr\u00e9s","Tiempo de lectura":"6 minutos"},"schema":{"@context":"https:\/\/schema.org","@graph":[{"@type":"Article","@id":"https:\/\/www.escapadarural.com\/blog\/viaja-al-pirineo-navarro\/#article","isPartOf":{"@id":"https:\/\/www.escapadarural.com\/blog\/viaja-al-pirineo-navarro\/"},"author":{"name":"Raquel Andr\u00e9s","@id":"https:\/\/www.escapadarural.com\/blog\/#\/schema\/person\/67be061eb00d8315fa8642e01b88c894"},"headline":"Viaja al Pirineo navarro de principios del siglo XX","datePublished":"2023-07-20T05:28:00+00:00","dateModified":"2025-02-25T10:58:12+00:00","mainEntityOfPage":{"@id":"https:\/\/www.escapadarural.com\/blog\/viaja-al-pirineo-navarro\/"},"wordCount":1211,"commentCount":0,"publisher":{"@id":"https:\/\/www.escapadarural.com\/blog\/#organization"},"image":{"@id":"https:\/\/www.escapadarural.com\/blog\/viaja-al-pirineo-navarro\/#primaryimage"},"thumbnailUrl":"https:\/\/www.escapadarural.com\/blog\/wp-content\/uploads\/2024\/10\/Valle-de-Roncal_Javier-Campos_Turismo-de-Navarra-1024x682-1.jpg","keywords":["art\u00edculo","Familia","Navarra","Ochagavia","Oriphean","Pirineo navarro","pueblos","Selva de Irati","turismo rural"],"articleSection":["Destinos"],"inLanguage":"es","potentialAction":[{"@type":"CommentAction","name":"Comment","target":["https:\/\/www.escapadarural.com\/blog\/viaja-al-pirineo-navarro\/#respond"]}]},{"@type":"WebPage","@id":"https:\/\/www.escapadarural.com\/blog\/viaja-al-pirineo-navarro\/","url":"https:\/\/www.escapadarural.com\/blog\/viaja-al-pirineo-navarro\/","name":"Viaja al Pirineo navarro de principios del siglo XX - EscapadaRural","isPartOf":{"@id":"https:\/\/www.escapadarural.com\/blog\/#website"},"primaryImageOfPage":{"@id":"https:\/\/www.escapadarural.com\/blog\/viaja-al-pirineo-navarro\/#primaryimage"},"image":{"@id":"https:\/\/www.escapadarural.com\/blog\/viaja-al-pirineo-navarro\/#primaryimage"},"thumbnailUrl":"https:\/\/www.escapadarural.com\/blog\/wp-content\/uploads\/2024\/10\/Valle-de-Roncal_Javier-Campos_Turismo-de-Navarra-1024x682-1.jpg","datePublished":"2023-07-20T05:28:00+00:00","dateModified":"2025-02-25T10:58:12+00:00","breadcrumb":{"@id":"https:\/\/www.escapadarural.com\/blog\/viaja-al-pirineo-navarro\/#breadcrumb"},"inLanguage":"es","potentialAction":[{"@type":"ReadAction","target":["https:\/\/www.escapadarural.com\/blog\/viaja-al-pirineo-navarro\/"]}]},{"@type":"ImageObject","inLanguage":"es","@id":"https:\/\/www.escapadarural.com\/blog\/viaja-al-pirineo-navarro\/#primaryimage","url":"https:\/\/www.escapadarural.com\/blog\/wp-content\/uploads\/2024\/10\/Valle-de-Roncal_Javier-Campos_Turismo-de-Navarra-1024x682-1.jpg","contentUrl":"https:\/\/www.escapadarural.com\/blog\/wp-content\/uploads\/2024\/10\/Valle-de-Roncal_Javier-Campos_Turismo-de-Navarra-1024x682-1.jpg","width":1024,"height":682,"caption":"Valle de Roncal"},{"@type":"BreadcrumbList","@id":"https:\/\/www.escapadarural.com\/blog\/viaja-al-pirineo-navarro\/#breadcrumb","itemListElement":[{"@type":"ListItem","position":1,"name":"Inicio","item":"https:\/\/www.escapadarural.com\/blog\/"},{"@type":"ListItem","position":2,"name":"Destinos","item":"https:\/\/www.escapadarural.com\/blog\/categoria\/destinos\/"},{"@type":"ListItem","position":3,"name":"Viaja al Pirineo navarro de principios del siglo XX"}]},{"@type":"WebSite","@id":"https:\/\/www.escapadarural.com\/blog\/#website","url":"https:\/\/www.escapadarural.com\/blog\/","name":"Blog de viajes | turismo rural, alojamientos e inspiraci\u00f3n","description":"Alojamientos rurales e inspiraci\u00f3n para tus escapadas","publisher":{"@id":"https:\/\/www.escapadarural.com\/blog\/#organization"},"alternateName":"Magazine de viajes de EscapadaRural","potentialAction":[{"@type":"SearchAction","target":{"@type":"EntryPoint","urlTemplate":"https:\/\/www.escapadarural.com\/blog\/?s={search_term_string}"},"query-input":{"@type":"PropertyValueSpecification","valueRequired":true,"valueName":"search_term_string"}}],"inLanguage":"es"},{"@type":"Organization","@id":"https:\/\/www.escapadarural.com\/blog\/#organization","name":"EscapadaRural","url":"https:\/\/www.escapadarural.com\/blog\/","logo":{"@type":"ImageObject","inLanguage":"es","@id":"https:\/\/www.escapadarural.com\/blog\/#\/schema\/logo\/image\/","url":"https:\/\/www.escapadarural.com\/blog\/wp-content\/uploads\/2024\/10\/cropped-cropped-escapada-rural-icon-mag-3.png","contentUrl":"https:\/\/www.escapadarural.com\/blog\/wp-content\/uploads\/2024\/10\/cropped-cropped-escapada-rural-icon-mag-3.png","width":512,"height":512,"caption":"EscapadaRural"},"image":{"@id":"https:\/\/www.escapadarural.com\/blog\/#\/schema\/logo\/image\/"},"sameAs":["https:\/\/www.facebook.com\/escapadarural","https:\/\/www.instagram.com\/escapadarural\/","https:\/\/www.youtube.com\/@escapadaruralcom"]},{"@type":"Person","@id":"https:\/\/www.escapadarural.com\/blog\/#\/schema\/person\/67be061eb00d8315fa8642e01b88c894","name":"Raquel Andr\u00e9s","image":{"@type":"ImageObject","inLanguage":"es","@id":"https:\/\/secure.gravatar.com\/avatar\/b45840531462f3cafb335a9fc5c0bfda2c07c3df4b82b304b923526b85cc6cb5?s=96&d=mm&r=g","url":"https:\/\/secure.gravatar.com\/avatar\/b45840531462f3cafb335a9fc5c0bfda2c07c3df4b82b304b923526b85cc6cb5?s=96&d=mm&r=g","contentUrl":"https:\/\/secure.gravatar.com\/avatar\/b45840531462f3cafb335a9fc5c0bfda2c07c3df4b82b304b923526b85cc6cb5?s=96&d=mm&r=g","caption":"Raquel Andr\u00e9s"},"description":"Periodista y aventurera. Me has podido leer en Escapada Rural, Diari Nosaltres La Veu, La Vanguardia, El Salto y otros medios. Habitante y amante de las zonas rurales, sea cual sea el destino. Procuro escaparme una vez por semana con las botas de monta\u00f1a, el arn\u00e9s o el neopreno. Tambi\u00e9n soy un intento de baserritarra.","url":"https:\/\/www.escapadarural.com\/blog\/autor\/raquel\/"}]}},"_links":{"self":[{"href":"https:\/\/www.escapadarural.com\/blog\/wp-json\/wp\/v2\/posts\/64245","targetHints":{"allow":["GET"]}}],"collection":[{"href":"https:\/\/www.escapadarural.com\/blog\/wp-json\/wp\/v2\/posts"}],"about":[{"href":"https:\/\/www.escapadarural.com\/blog\/wp-json\/wp\/v2\/types\/post"}],"author":[{"embeddable":true,"href":"https:\/\/www.escapadarural.com\/blog\/wp-json\/wp\/v2\/users\/123"}],"replies":[{"embeddable":true,"href":"https:\/\/www.escapadarural.com\/blog\/wp-json\/wp\/v2\/comments?post=64245"}],"version-history":[{"count":0,"href":"https:\/\/www.escapadarural.com\/blog\/wp-json\/wp\/v2\/posts\/64245\/revisions"}],"wp:featuredmedia":[{"embeddable":true,"href":"https:\/\/www.escapadarural.com\/blog\/wp-json\/wp\/v2\/media\/96911"}],"wp:attachment":[{"href":"https:\/\/www.escapadarural.com\/blog\/wp-json\/wp\/v2\/media?parent=64245"}],"wp:term":[{"taxonomy":"category","embeddable":true,"href":"https:\/\/www.escapadarural.com\/blog\/wp-json\/wp\/v2\/categories?post=64245"},{"taxonomy":"post_tag","embeddable":true,"href":"https:\/\/www.escapadarural.com\/blog\/wp-json\/wp\/v2\/tags?post=64245"}],"curies":[{"name":"wp","href":"https:\/\/api.w.org\/{rel}","templated":true}]}}