{"id":64704,"date":"2023-08-09T09:12:43","date_gmt":"2023-08-09T08:12:43","guid":{"rendered":"https:\/\/www.escapadarural.com\/blog\/?p=64704"},"modified":"2025-06-18T14:09:31","modified_gmt":"2025-06-18T12:09:31","slug":"sima-de-san-pedro-teruel","status":"publish","type":"post","link":"https:\/\/www.escapadarural.com\/blog\/sima-de-san-pedro-teruel\/","title":{"rendered":"El pozo sin fondo \u00fanico en Europa: explorando la sima de San Pedro"},"content":{"rendered":"\n<figure class=\"wp-block-image size-large\"><a href=\"https:\/\/www.escapadarural.com\/blog\/wp-content\/uploads\/sima-de-san-pedro-scaled.jpg\"><img decoding=\"async\" src=\"https:\/\/www.escapadarural.com\/blog\/wp-content\/uploads\/2024\/10\/sima-de-san-pedro-1024x680-1.jpg\" alt=\"Sima de San Pedro\" class=\"wp-image-65008\"\/><\/a><figcaption class=\"wp-element-caption\">Sima de San Pedro, el pozo vertical m\u00e1s profundo de Europa. Por Noradoa<\/figcaption><\/figure>\n\n\n\n<p>Llamarla un agujero en la tierra ser\u00eda quedarse corto. La <strong>sima de San Pedro<\/strong>, a las afueras de Oliete, en la provincia de <a href=\"\/casas-rurales\/teruel\">Teruel<\/a>, es una maravilla natural que rompe el paisaje aragon\u00e9s como si fuera la cicatriz de un gigante, un abismo que guarda secretos de la historia geol\u00f3gica de nuestro planeta.<\/p>\n\n\n\n<h2 class=\"wp-block-heading\" id=\"h-a-roma-a-aceite\"><strong>A<\/strong>roma a aceite<\/h2>\n\n\n\n<p>Situado a los pies de la sierra de San Just, Oliete, el peque\u00f1o municipio que es anfitri\u00f3n de este coloso subterr\u00e1neo, es una joya rural aragonesa. Sus callejuelas y casas de piedra dan la sensaci\u00f3n de que el tiempo se ha detenido, de que la prisa es un concepto ajeno a sus habitantes. En la plaza mayor, con la iglesia de San Sebasti\u00e1n presidiendo, uno puede disfrutar del aroma del buen aceite local.<\/p>\n\n\n\n<figure class=\"wp-block-image size-large\"><a href=\"https:\/\/www.escapadarural.com\/blog\/wp-content\/uploads\/oliete-1-1-scaled.jpg\"><img decoding=\"async\" src=\"https:\/\/www.escapadarural.com\/blog\/wp-content\/uploads\/2024\/10\/oliete-1-1-1024x576-1.jpg\" alt=\"Oliete\" class=\"wp-image-65014\"\/><\/a><figcaption class=\"wp-element-caption\">Oliete. Por Luis<\/figcaption><\/figure>\n\n\n\n<p>Pero este rinc\u00f3n de Arag\u00f3n no solo se nutre de historia humana. La tierra ha tallado su propio relato, dej\u00e1ndonos una narrativa geol\u00f3gica de fascinante profundidad. Este es el escenario de la <a href=\"https:\/\/www.turismodearagon.com\/ficha\/sima-de-san-pedro\/\" target=\"_blank\" rel=\"noreferrer noopener\">sima de San Pedro<\/a>, un <strong>profundo pozo vertical, el m\u00e1s grande de su tipo en Europa<\/strong> y uno de los mayores del mundo.<\/p>\n\n\n\n<h2 class=\"wp-block-heading\" id=\"h-e-l-pozo-vertical-mas-grande-de-europa\"><strong>E<\/strong>l pozo vertical m\u00e1s grande de Europa<\/h2>\n\n\n\n<figure class=\"wp-block-image size-large\"><a href=\"https:\/\/www.escapadarural.com\/blog\/wp-content\/uploads\/sima-de-san-pedro-1-scaled.jpg\"><img decoding=\"async\" src=\"https:\/\/www.escapadarural.com\/blog\/wp-content\/uploads\/2024\/10\/sima-de-san-pedro-1-1024x576-1.jpg\" alt=\"Sima de San Pedro\" class=\"wp-image-65009\"\/><\/a><figcaption class=\"wp-element-caption\">Sima de San Pedro. Por Trona<\/figcaption><\/figure>\n\n\n\n<p>La sima de San Pedro es una maravilla geol\u00f3gica que nos sumerge en un viaje de <strong>120 metros hacia el interior de la tierra<\/strong>. Su majestuosa boca, un embudo de unos 65 \u00d7 90 metros de di\u00e1metro, se abre al cielo, desplaz\u00e1ndose gradualmente hacia paredes casi verticales que se expanden al alcanzar el fondo, donde yace una enigm\u00e1tica laguna de 22 metros de profundidad.<\/p>\n\n\n\n<p>Este pozo natural ha sido moldeado por la erosi\u00f3n durante miles de a\u00f1os. En su superficie externa encontramos sedimentos detr\u00edticos sueltos que se deslizan hacia la ribera del r\u00edo Mart\u00edn, una evidencia de que en alg\u00fan momento, un sistema k\u00e1rstico m\u00e1s complejo se derrumb\u00f3, creando este imponente agujero en la tierra.<\/p>\n\n\n\n<p>La sima de San Pedro es una fiel testigo del poder de la naturaleza, su formaci\u00f3n es resultado del constante flujo de agua y la disoluci\u00f3n k\u00e1rstica, que ha ido tallando la roca y creando cavidades cada vez m\u00e1s grandes a lo largo de los siglos.<\/p>\n\n\n\n<figure class=\"wp-block-image size-large\"><a href=\"https:\/\/www.escapadarural.com\/blog\/wp-content\/uploads\/sima-de-san-pedro-3-scaled.jpg\"><img decoding=\"async\" src=\"https:\/\/www.escapadarural.com\/blog\/wp-content\/uploads\/2024\/10\/sima-de-san-pedro-3-1024x576-1.jpg\" alt=\"Sima de San Pedro\" class=\"wp-image-65012\"\/><\/a><figcaption class=\"wp-element-caption\">Sima de San Pedro. Por Trona<\/figcaption><\/figure>\n\n\n\n<p>Esta maravilla de la naturaleza no solo es una ventana a las profundidades de la tierra, sino tambi\u00e9n una fuente de vida. La laguna recibe agua directamente de manantiales que surgen del mismo barranco, as\u00ed como del agua subterr\u00e1nea proveniente del r\u00edo Mart\u00edn. En su tramo cercano a la sima, este r\u00edo fluye a una altura de 32 metros sobre el fondo de la sima, enriqueciendo a\u00fan m\u00e1s este impresionante ecosistema.<\/p>\n\n\n\n<p>A pesar de la deforestaci\u00f3n que ha sufrido la zona alrededor de la sima, se puede observar un romeral mixto predominante. Sin embargo, en el camino de acceso, cerca de la ermita de San Pedro, se encuentran unos pocos pero valiosos ejemplares de sabina albar, un \u00e1rbol que se encuentra en la cuenca del r\u00edo Mart\u00edn y que establece una conexi\u00f3n biol\u00f3gica entre los sabinar del sistema ib\u00e9rico y los sabinar de los Monegros.<\/p>\n\n\n\n<figure class=\"wp-block-image size-large\"><a href=\"https:\/\/www.escapadarural.com\/blog\/wp-content\/uploads\/sima-de-san-pedro-4-scaled.jpg\"><img decoding=\"async\" src=\"https:\/\/www.escapadarural.com\/blog\/wp-content\/uploads\/2024\/10\/sima-de-san-pedro-4-1024x576-1.jpg\" alt=\"sima de San pedro\" class=\"wp-image-65013\"\/><\/a><figcaption class=\"wp-element-caption\">Sima de San Pedro. Por Trona<\/figcaption><\/figure>\n\n\n\n<p>Este majestuoso abismo natural tambi\u00e9n alberga una diversidad de vida, proporcionando refugio a una variedad de aves como la chova piquirroja, el vencejo real, la graja, la paloma brav\u00eda, el estornino, el avi\u00f3n com\u00fan y el gorri\u00f3n chill\u00f3n. Adem\u00e1s, la sima de San Pedro se convierte en hogar de siete especies de murci\u00e9lagos cuando cae la noche, convirti\u00e9ndose en un microcosmos de biodiversidad.<\/p>\n\n\n\n<h2 class=\"wp-block-heading\" id=\"h-s-e-puede-entrar-a-la-sima-de-san-pedro\"><strong>\u00bfS<\/strong>e puede entrar a la sima de San Pedro?<\/h2>\n\n\n\n<figure class=\"wp-block-image size-large\"><a href=\"https:\/\/www.escapadarural.com\/blog\/wp-content\/uploads\/sima-de-san-pedro-2-scaled.jpg\"><img decoding=\"async\" src=\"https:\/\/www.escapadarural.com\/blog\/wp-content\/uploads\/2024\/10\/sima-de-san-pedro-2-1024x576-1.jpg\" alt=\"Sima de San Pedro\" class=\"wp-image-65011\"\/><\/a><figcaption class=\"wp-element-caption\">Sima de San Pedro. Por Trona<\/figcaption><\/figure>\n\n\n\n<p>La sima es el equivalente geol\u00f3gico a una ep\u00edstola del pasado escrita en roca caliza, se form\u00f3 durante millones de a\u00f1os. Como una olla en la que se cuece lentamente un guiso de tiempo, agua y piedra, la lluvia \u00e1cida disolvi\u00f3 la caliza, creando un pozo profundo que la luz del sol apenas consigue tocar. A lo largo de los milenios, el agua se ha filtrado, tallando los canales subterr\u00e1neos y las formaciones de estalactitas y estalagmitas, que parecen esculturas de cristal de un artesano celeste.<\/p>\n\n\n\n<p>Descender a la sima de San Pedro es como viajar al centro de la Tierra, en una odisea que solo los espele\u00f3logos experimentados pueden emprender.&nbsp;<\/p>\n\n\n\n<p>Y es que, aunque el acceso es restringido para el p\u00fablico general, debido a la peligrosidad de su descenso y su fragilidad ambiental, las expediciones cient\u00edficas y los espele\u00f3logos autorizados nos han proporcionado una visi\u00f3n de este mundo subterr\u00e1neo.<\/p>\n\n\n\n<figure class=\"wp-block-image size-large\"><a href=\"https:\/\/www.escapadarural.com\/blog\/wp-content\/uploads\/oliete-pueblo-scaled.jpg\"><img decoding=\"async\" src=\"https:\/\/www.escapadarural.com\/blog\/wp-content\/uploads\/2024\/10\/oliete-pueblo-1024x683-1.jpg\" alt=\"Oliete, Teruel\" class=\"wp-image-65015\"\/><\/a><figcaption class=\"wp-element-caption\">Oliete, Teruel. Por Dario<\/figcaption><\/figure>\n\n\n\n<p>Quienes han logrado descender hasta aqu\u00ed saben que las entra\u00f1as de la sima de San Pedro est\u00e1n llenas de un silencio tan absoluto que casi se puede escuchar el latido del coraz\u00f3n de la Tierra. Los ecos del goteo del agua resuenan como la m\u00fasica de una orquesta subterr\u00e1nea. En su lecho, un lago subterr\u00e1neo se despliega como un espejo del inframundo, reflejando las innumerables estalactitas que cuelgan del techo como l\u00e1grimas petrificadas de la Tierra.<\/p>\n\n\n\n<p>En resumen, la sima de San Pedro, guardiana del tiempo y la historia en su silencio petrificado, es un testimonio de la majestuosidad de nuestro planeta. Aunque su visita pueda estar limitada, su existencia nos recuerda la belleza y la diversidad de los paisajes de nuestro mundo, tanto sobre la superficie como debajo de ella. <\/p>\n\n\n\n<p>Y Oliete, con su rico patrimonio cultural y su hospitalidad aragonesa, ofrece el contrapunto perfecto a esta joya geol\u00f3gica, pues es el lugar ideal para absorber la belleza r\u00fastica y la historia de esta parte de Espa\u00f1a. Todo con un claro sabor a aceite de oliva virgen extra.&nbsp;<\/p>\n\n\n\n<div class=\"wp-block-buttons is-layout-flex wp-block-buttons-is-layout-flex\">\n<div class=\"wp-block-button\"><a class=\"wp-block-button__link wp-element-button\" href=\"\/casas-rurales\/teruel\">Casas rurales en Teruel<\/a><\/div>\n<\/div>\n","protected":false},"excerpt":{"rendered":"<p>En la provincia de Teruel encontramos uno de los agujeros m\u00e1s profundos de la Tierra. Se trata de la sima de San Pedro, un enorme orificio de 120 metros \u00fanico en su especie en Europa.<\/p>\n","protected":false},"author":120,"featured_media":96616,"comment_status":"open","ping_status":"open","sticky":false,"template":"","format":"standard","meta":{"_acf_changed":false,"om_disable_all_campaigns":false,"footnotes":""},"categories":[279],"tags":[6013,260,227,280,1937,5276,398],"class_list":["post-64704","post","type-post","status-publish","format-standard","has-post-thumbnail","hentry","category-ciencia","tag-que-ver-en-aragon","tag-articulo","tag-cuevas","tag-geologia","tag-pozos","tag-sima-de-san-pedro","tag-que-ver-en-teruel"],"acf":[],"featured_image_src":"https:\/\/www.escapadarural.com\/blog\/wp-content\/uploads\/2024\/10\/sima-de-san-pedro-1024x680-1.jpg","author_info":{"display_name":"Sergio Parra","author_link":"https:\/\/www.escapadarural.com\/blog\/autor\/sergio\/"},"yoast_head":"<!-- This site is optimized with the Yoast SEO plugin v27.5 - https:\/\/yoast.com\/product\/yoast-seo-wordpress\/ -->\n<title>El pozo sin fondo \u00fanico en Europa: explorando la sima de San Pedro - EscapadaRural<\/title>\n<meta name=\"robots\" content=\"index, follow, max-snippet:-1, max-image-preview:large, max-video-preview:-1\" \/>\n<link rel=\"canonical\" href=\"https:\/\/www.escapadarural.com\/blog\/sima-de-san-pedro-teruel\/\" \/>\n<meta property=\"og:locale\" content=\"es_ES\" \/>\n<meta property=\"og:type\" content=\"article\" \/>\n<meta property=\"og:title\" content=\"El pozo sin fondo \u00fanico en Europa: explorando la sima de San Pedro - EscapadaRural\" \/>\n<meta property=\"og:description\" content=\"En la provincia de Teruel encontramos uno de los agujeros m\u00e1s profundos de la Tierra. Se trata de la sima de San Pedro, un enorme orificio de 120 metros \u00fanico en su especie en Europa.\" \/>\n<meta property=\"og:url\" content=\"https:\/\/www.escapadarural.com\/blog\/sima-de-san-pedro-teruel\/\" \/>\n<meta property=\"og:site_name\" content=\"Magazine de viajes de EscapadaRural\" \/>\n<meta property=\"article:publisher\" content=\"https:\/\/www.facebook.com\/escapadarural\" \/>\n<meta property=\"article:published_time\" content=\"2023-08-09T08:12:43+00:00\" \/>\n<meta property=\"article:modified_time\" content=\"2025-06-18T12:09:31+00:00\" \/>\n<meta property=\"og:image\" content=\"https:\/\/www.escapadarural.com\/blog\/wp-content\/uploads\/2024\/10\/sima-de-san-pedro-1024x680-1.jpg\" \/>\n\t<meta property=\"og:image:width\" content=\"1024\" \/>\n\t<meta property=\"og:image:height\" content=\"680\" \/>\n\t<meta property=\"og:image:type\" content=\"image\/jpeg\" \/>\n<meta name=\"author\" content=\"Sergio Parra\" \/>\n<meta name=\"twitter:card\" content=\"summary_large_image\" \/>\n<meta name=\"twitter:label1\" content=\"Escrito por\" \/>\n\t<meta name=\"twitter:data1\" content=\"Sergio Parra\" \/>\n\t<meta name=\"twitter:label2\" content=\"Tiempo de lectura\" \/>\n\t<meta name=\"twitter:data2\" content=\"5 minutos\" \/>\n<script type=\"application\/ld+json\" class=\"yoast-schema-graph\">{\"@context\":\"https:\\\/\\\/schema.org\",\"@graph\":[{\"@type\":\"Article\",\"@id\":\"https:\\\/\\\/www.escapadarural.com\\\/blog\\\/sima-de-san-pedro-teruel\\\/#article\",\"isPartOf\":{\"@id\":\"https:\\\/\\\/www.escapadarural.com\\\/blog\\\/sima-de-san-pedro-teruel\\\/\"},\"author\":{\"name\":\"Sergio Parra\",\"@id\":\"https:\\\/\\\/www.escapadarural.com\\\/blog\\\/#\\\/schema\\\/person\\\/b19b2221b2fc03d3ab5ec82d81f7a678\"},\"headline\":\"El pozo sin fondo \u00fanico en Europa: explorando la sima de San Pedro\",\"datePublished\":\"2023-08-09T08:12:43+00:00\",\"dateModified\":\"2025-06-18T12:09:31+00:00\",\"mainEntityOfPage\":{\"@id\":\"https:\\\/\\\/www.escapadarural.com\\\/blog\\\/sima-de-san-pedro-teruel\\\/\"},\"wordCount\":1028,\"commentCount\":4,\"publisher\":{\"@id\":\"https:\\\/\\\/www.escapadarural.com\\\/blog\\\/#organization\"},\"image\":{\"@id\":\"https:\\\/\\\/www.escapadarural.com\\\/blog\\\/sima-de-san-pedro-teruel\\\/#primaryimage\"},\"thumbnailUrl\":\"https:\\\/\\\/www.escapadarural.com\\\/blog\\\/wp-content\\\/uploads\\\/2024\\\/10\\\/sima-de-san-pedro-1024x680-1.jpg\",\"keywords\":[\"Arag\u00f3n\",\"art\u00edculo\",\"cuevas\",\"Geolog\u00eda\",\"Pozos\",\"sima de San Pedro\",\"Teruel\"],\"articleSection\":[\"Ciencia\"],\"inLanguage\":\"es\",\"potentialAction\":[{\"@type\":\"CommentAction\",\"name\":\"Comment\",\"target\":[\"https:\\\/\\\/www.escapadarural.com\\\/blog\\\/sima-de-san-pedro-teruel\\\/#respond\"]}]},{\"@type\":\"WebPage\",\"@id\":\"https:\\\/\\\/www.escapadarural.com\\\/blog\\\/sima-de-san-pedro-teruel\\\/\",\"url\":\"https:\\\/\\\/www.escapadarural.com\\\/blog\\\/sima-de-san-pedro-teruel\\\/\",\"name\":\"El pozo sin fondo \u00fanico en Europa: explorando la sima de San Pedro - EscapadaRural\",\"isPartOf\":{\"@id\":\"https:\\\/\\\/www.escapadarural.com\\\/blog\\\/#website\"},\"primaryImageOfPage\":{\"@id\":\"https:\\\/\\\/www.escapadarural.com\\\/blog\\\/sima-de-san-pedro-teruel\\\/#primaryimage\"},\"image\":{\"@id\":\"https:\\\/\\\/www.escapadarural.com\\\/blog\\\/sima-de-san-pedro-teruel\\\/#primaryimage\"},\"thumbnailUrl\":\"https:\\\/\\\/www.escapadarural.com\\\/blog\\\/wp-content\\\/uploads\\\/2024\\\/10\\\/sima-de-san-pedro-1024x680-1.jpg\",\"datePublished\":\"2023-08-09T08:12:43+00:00\",\"dateModified\":\"2025-06-18T12:09:31+00:00\",\"breadcrumb\":{\"@id\":\"https:\\\/\\\/www.escapadarural.com\\\/blog\\\/sima-de-san-pedro-teruel\\\/#breadcrumb\"},\"inLanguage\":\"es\",\"potentialAction\":[{\"@type\":\"ReadAction\",\"target\":[\"https:\\\/\\\/www.escapadarural.com\\\/blog\\\/sima-de-san-pedro-teruel\\\/\"]}]},{\"@type\":\"ImageObject\",\"inLanguage\":\"es\",\"@id\":\"https:\\\/\\\/www.escapadarural.com\\\/blog\\\/sima-de-san-pedro-teruel\\\/#primaryimage\",\"url\":\"https:\\\/\\\/www.escapadarural.com\\\/blog\\\/wp-content\\\/uploads\\\/2024\\\/10\\\/sima-de-san-pedro-1024x680-1.jpg\",\"contentUrl\":\"https:\\\/\\\/www.escapadarural.com\\\/blog\\\/wp-content\\\/uploads\\\/2024\\\/10\\\/sima-de-san-pedro-1024x680-1.jpg\",\"width\":1024,\"height\":680,\"caption\":\"Un profundo sumidero circular con paredes rocosas en capas y un estanque de agua estancada en el fondo, que refleja el cielo azul y las nubes en lo alto: una joya escondida perfecta para aventuras de turismo rural.\"},{\"@type\":\"BreadcrumbList\",\"@id\":\"https:\\\/\\\/www.escapadarural.com\\\/blog\\\/sima-de-san-pedro-teruel\\\/#breadcrumb\",\"itemListElement\":[{\"@type\":\"ListItem\",\"position\":1,\"name\":\"Inicio\",\"item\":\"https:\\\/\\\/www.escapadarural.com\\\/blog\\\/\"},{\"@type\":\"ListItem\",\"position\":2,\"name\":\"Ciencia\",\"item\":\"https:\\\/\\\/www.escapadarural.com\\\/blog\\\/categoria\\\/ciencia\\\/\"},{\"@type\":\"ListItem\",\"position\":3,\"name\":\"El pozo sin fondo \u00fanico en Europa: explorando la sima de San Pedro\"}]},{\"@type\":\"WebSite\",\"@id\":\"https:\\\/\\\/www.escapadarural.com\\\/blog\\\/#website\",\"url\":\"https:\\\/\\\/www.escapadarural.com\\\/blog\\\/\",\"name\":\"Blog de viajes | turismo rural, alojamientos e inspiraci\u00f3n\",\"description\":\"Alojamientos rurales e inspiraci\u00f3n para tus escapadas\",\"publisher\":{\"@id\":\"https:\\\/\\\/www.escapadarural.com\\\/blog\\\/#organization\"},\"alternateName\":\"Magazine de viajes de EscapadaRural\",\"potentialAction\":[{\"@type\":\"SearchAction\",\"target\":{\"@type\":\"EntryPoint\",\"urlTemplate\":\"https:\\\/\\\/www.escapadarural.com\\\/blog\\\/?s={search_term_string}\"},\"query-input\":{\"@type\":\"PropertyValueSpecification\",\"valueRequired\":true,\"valueName\":\"search_term_string\"}}],\"inLanguage\":\"es\"},{\"@type\":\"Organization\",\"@id\":\"https:\\\/\\\/www.escapadarural.com\\\/blog\\\/#organization\",\"name\":\"EscapadaRural\",\"url\":\"https:\\\/\\\/www.escapadarural.com\\\/blog\\\/\",\"logo\":{\"@type\":\"ImageObject\",\"inLanguage\":\"es\",\"@id\":\"https:\\\/\\\/www.escapadarural.com\\\/blog\\\/#\\\/schema\\\/logo\\\/image\\\/\",\"url\":\"https:\\\/\\\/www.escapadarural.com\\\/blog\\\/wp-content\\\/uploads\\\/2024\\\/10\\\/cropped-cropped-escapada-rural-icon-mag-3.png\",\"contentUrl\":\"https:\\\/\\\/www.escapadarural.com\\\/blog\\\/wp-content\\\/uploads\\\/2024\\\/10\\\/cropped-cropped-escapada-rural-icon-mag-3.png\",\"width\":512,\"height\":512,\"caption\":\"EscapadaRural\"},\"image\":{\"@id\":\"https:\\\/\\\/www.escapadarural.com\\\/blog\\\/#\\\/schema\\\/logo\\\/image\\\/\"},\"sameAs\":[\"https:\\\/\\\/www.facebook.com\\\/escapadarural\",\"https:\\\/\\\/www.instagram.com\\\/escapadarural\\\/\",\"https:\\\/\\\/www.youtube.com\\\/@escapadaruralcom\"]},{\"@type\":\"Person\",\"@id\":\"https:\\\/\\\/www.escapadarural.com\\\/blog\\\/#\\\/schema\\\/person\\\/b19b2221b2fc03d3ab5ec82d81f7a678\",\"name\":\"Sergio Parra\",\"image\":{\"@type\":\"ImageObject\",\"inLanguage\":\"es\",\"@id\":\"https:\\\/\\\/www.escapadarural.com\\\/blog\\\/wp-content\\\/uploads\\\/2025\\\/02\\\/cropped-sergio_parra.webp\",\"url\":\"https:\\\/\\\/www.escapadarural.com\\\/blog\\\/wp-content\\\/uploads\\\/2025\\\/02\\\/cropped-sergio_parra.webp\",\"contentUrl\":\"https:\\\/\\\/www.escapadarural.com\\\/blog\\\/wp-content\\\/uploads\\\/2025\\\/02\\\/cropped-sergio_parra.webp\",\"caption\":\"Sergio Parra\"},\"description\":\"Juntaletras, divulgador y alfanum\u00e9rico vocacional. Siempre a la caza de historias que iluminen el camino y de ense\u00f1anzas que permitan capturar lo que te salga al paso. Escribo en Yorokobu, Jot Down y Muy Interesante, y soy editor de Xataka Ciencia y Diario del Viajero. Cuando necesito recogimiento, escribo libros. Cuando me siento extrovertido, salgo en el canal de YouTube Optirrealismo o el podcast Xanad\u00fa: Hearst &amp; Kane. Cuando busco perspectiva, me marcho lejos en bicicleta.\",\"sameAs\":[\"https:\\\/\\\/about.me\\\/sergioparra\",\"https:\\\/\\\/www.instagram.com\\\/melvinud\\\/\"],\"url\":\"https:\\\/\\\/www.escapadarural.com\\\/blog\\\/autor\\\/sergio\\\/\"}]}<\/script>\n<!-- \/ Yoast SEO plugin. -->","yoast_head_json":{"title":"El pozo sin fondo \u00fanico en Europa: explorando la sima de San Pedro - EscapadaRural","robots":{"index":"index","follow":"follow","max-snippet":"max-snippet:-1","max-image-preview":"max-image-preview:large","max-video-preview":"max-video-preview:-1"},"canonical":"https:\/\/www.escapadarural.com\/blog\/sima-de-san-pedro-teruel\/","og_locale":"es_ES","og_type":"article","og_title":"El pozo sin fondo \u00fanico en Europa: explorando la sima de San Pedro - EscapadaRural","og_description":"En la provincia de Teruel encontramos uno de los agujeros m\u00e1s profundos de la Tierra. Se trata de la sima de San Pedro, un enorme orificio de 120 metros \u00fanico en su especie en Europa.","og_url":"https:\/\/www.escapadarural.com\/blog\/sima-de-san-pedro-teruel\/","og_site_name":"Magazine de viajes de EscapadaRural","article_publisher":"https:\/\/www.facebook.com\/escapadarural","article_published_time":"2023-08-09T08:12:43+00:00","article_modified_time":"2025-06-18T12:09:31+00:00","og_image":[{"width":1024,"height":680,"url":"https:\/\/www.escapadarural.com\/blog\/wp-content\/uploads\/2024\/10\/sima-de-san-pedro-1024x680-1.jpg","type":"image\/jpeg"}],"author":"Sergio Parra","twitter_card":"summary_large_image","twitter_misc":{"Escrito por":"Sergio Parra","Tiempo de lectura":"5 minutos"},"schema":{"@context":"https:\/\/schema.org","@graph":[{"@type":"Article","@id":"https:\/\/www.escapadarural.com\/blog\/sima-de-san-pedro-teruel\/#article","isPartOf":{"@id":"https:\/\/www.escapadarural.com\/blog\/sima-de-san-pedro-teruel\/"},"author":{"name":"Sergio Parra","@id":"https:\/\/www.escapadarural.com\/blog\/#\/schema\/person\/b19b2221b2fc03d3ab5ec82d81f7a678"},"headline":"El pozo sin fondo \u00fanico en Europa: explorando la sima de San Pedro","datePublished":"2023-08-09T08:12:43+00:00","dateModified":"2025-06-18T12:09:31+00:00","mainEntityOfPage":{"@id":"https:\/\/www.escapadarural.com\/blog\/sima-de-san-pedro-teruel\/"},"wordCount":1028,"commentCount":4,"publisher":{"@id":"https:\/\/www.escapadarural.com\/blog\/#organization"},"image":{"@id":"https:\/\/www.escapadarural.com\/blog\/sima-de-san-pedro-teruel\/#primaryimage"},"thumbnailUrl":"https:\/\/www.escapadarural.com\/blog\/wp-content\/uploads\/2024\/10\/sima-de-san-pedro-1024x680-1.jpg","keywords":["Arag\u00f3n","art\u00edculo","cuevas","Geolog\u00eda","Pozos","sima de San Pedro","Teruel"],"articleSection":["Ciencia"],"inLanguage":"es","potentialAction":[{"@type":"CommentAction","name":"Comment","target":["https:\/\/www.escapadarural.com\/blog\/sima-de-san-pedro-teruel\/#respond"]}]},{"@type":"WebPage","@id":"https:\/\/www.escapadarural.com\/blog\/sima-de-san-pedro-teruel\/","url":"https:\/\/www.escapadarural.com\/blog\/sima-de-san-pedro-teruel\/","name":"El pozo sin fondo \u00fanico en Europa: explorando la sima de San Pedro - EscapadaRural","isPartOf":{"@id":"https:\/\/www.escapadarural.com\/blog\/#website"},"primaryImageOfPage":{"@id":"https:\/\/www.escapadarural.com\/blog\/sima-de-san-pedro-teruel\/#primaryimage"},"image":{"@id":"https:\/\/www.escapadarural.com\/blog\/sima-de-san-pedro-teruel\/#primaryimage"},"thumbnailUrl":"https:\/\/www.escapadarural.com\/blog\/wp-content\/uploads\/2024\/10\/sima-de-san-pedro-1024x680-1.jpg","datePublished":"2023-08-09T08:12:43+00:00","dateModified":"2025-06-18T12:09:31+00:00","breadcrumb":{"@id":"https:\/\/www.escapadarural.com\/blog\/sima-de-san-pedro-teruel\/#breadcrumb"},"inLanguage":"es","potentialAction":[{"@type":"ReadAction","target":["https:\/\/www.escapadarural.com\/blog\/sima-de-san-pedro-teruel\/"]}]},{"@type":"ImageObject","inLanguage":"es","@id":"https:\/\/www.escapadarural.com\/blog\/sima-de-san-pedro-teruel\/#primaryimage","url":"https:\/\/www.escapadarural.com\/blog\/wp-content\/uploads\/2024\/10\/sima-de-san-pedro-1024x680-1.jpg","contentUrl":"https:\/\/www.escapadarural.com\/blog\/wp-content\/uploads\/2024\/10\/sima-de-san-pedro-1024x680-1.jpg","width":1024,"height":680,"caption":"Un profundo sumidero circular con paredes rocosas en capas y un estanque de agua estancada en el fondo, que refleja el cielo azul y las nubes en lo alto: una joya escondida perfecta para aventuras de turismo rural."},{"@type":"BreadcrumbList","@id":"https:\/\/www.escapadarural.com\/blog\/sima-de-san-pedro-teruel\/#breadcrumb","itemListElement":[{"@type":"ListItem","position":1,"name":"Inicio","item":"https:\/\/www.escapadarural.com\/blog\/"},{"@type":"ListItem","position":2,"name":"Ciencia","item":"https:\/\/www.escapadarural.com\/blog\/categoria\/ciencia\/"},{"@type":"ListItem","position":3,"name":"El pozo sin fondo \u00fanico en Europa: explorando la sima de San Pedro"}]},{"@type":"WebSite","@id":"https:\/\/www.escapadarural.com\/blog\/#website","url":"https:\/\/www.escapadarural.com\/blog\/","name":"Blog de viajes | turismo rural, alojamientos e inspiraci\u00f3n","description":"Alojamientos rurales e inspiraci\u00f3n para tus escapadas","publisher":{"@id":"https:\/\/www.escapadarural.com\/blog\/#organization"},"alternateName":"Magazine de viajes de EscapadaRural","potentialAction":[{"@type":"SearchAction","target":{"@type":"EntryPoint","urlTemplate":"https:\/\/www.escapadarural.com\/blog\/?s={search_term_string}"},"query-input":{"@type":"PropertyValueSpecification","valueRequired":true,"valueName":"search_term_string"}}],"inLanguage":"es"},{"@type":"Organization","@id":"https:\/\/www.escapadarural.com\/blog\/#organization","name":"EscapadaRural","url":"https:\/\/www.escapadarural.com\/blog\/","logo":{"@type":"ImageObject","inLanguage":"es","@id":"https:\/\/www.escapadarural.com\/blog\/#\/schema\/logo\/image\/","url":"https:\/\/www.escapadarural.com\/blog\/wp-content\/uploads\/2024\/10\/cropped-cropped-escapada-rural-icon-mag-3.png","contentUrl":"https:\/\/www.escapadarural.com\/blog\/wp-content\/uploads\/2024\/10\/cropped-cropped-escapada-rural-icon-mag-3.png","width":512,"height":512,"caption":"EscapadaRural"},"image":{"@id":"https:\/\/www.escapadarural.com\/blog\/#\/schema\/logo\/image\/"},"sameAs":["https:\/\/www.facebook.com\/escapadarural","https:\/\/www.instagram.com\/escapadarural\/","https:\/\/www.youtube.com\/@escapadaruralcom"]},{"@type":"Person","@id":"https:\/\/www.escapadarural.com\/blog\/#\/schema\/person\/b19b2221b2fc03d3ab5ec82d81f7a678","name":"Sergio Parra","image":{"@type":"ImageObject","inLanguage":"es","@id":"https:\/\/www.escapadarural.com\/blog\/wp-content\/uploads\/2025\/02\/cropped-sergio_parra.webp","url":"https:\/\/www.escapadarural.com\/blog\/wp-content\/uploads\/2025\/02\/cropped-sergio_parra.webp","contentUrl":"https:\/\/www.escapadarural.com\/blog\/wp-content\/uploads\/2025\/02\/cropped-sergio_parra.webp","caption":"Sergio Parra"},"description":"Juntaletras, divulgador y alfanum\u00e9rico vocacional. Siempre a la caza de historias que iluminen el camino y de ense\u00f1anzas que permitan capturar lo que te salga al paso. Escribo en Yorokobu, Jot Down y Muy Interesante, y soy editor de Xataka Ciencia y Diario del Viajero. Cuando necesito recogimiento, escribo libros. Cuando me siento extrovertido, salgo en el canal de YouTube Optirrealismo o el podcast Xanad\u00fa: Hearst &amp; Kane. Cuando busco perspectiva, me marcho lejos en bicicleta.","sameAs":["https:\/\/about.me\/sergioparra","https:\/\/www.instagram.com\/melvinud\/"],"url":"https:\/\/www.escapadarural.com\/blog\/autor\/sergio\/"}]}},"_links":{"self":[{"href":"https:\/\/www.escapadarural.com\/blog\/wp-json\/wp\/v2\/posts\/64704","targetHints":{"allow":["GET"]}}],"collection":[{"href":"https:\/\/www.escapadarural.com\/blog\/wp-json\/wp\/v2\/posts"}],"about":[{"href":"https:\/\/www.escapadarural.com\/blog\/wp-json\/wp\/v2\/types\/post"}],"author":[{"embeddable":true,"href":"https:\/\/www.escapadarural.com\/blog\/wp-json\/wp\/v2\/users\/120"}],"replies":[{"embeddable":true,"href":"https:\/\/www.escapadarural.com\/blog\/wp-json\/wp\/v2\/comments?post=64704"}],"version-history":[{"count":0,"href":"https:\/\/www.escapadarural.com\/blog\/wp-json\/wp\/v2\/posts\/64704\/revisions"}],"wp:featuredmedia":[{"embeddable":true,"href":"https:\/\/www.escapadarural.com\/blog\/wp-json\/wp\/v2\/media\/96616"}],"wp:attachment":[{"href":"https:\/\/www.escapadarural.com\/blog\/wp-json\/wp\/v2\/media?parent=64704"}],"wp:term":[{"taxonomy":"category","embeddable":true,"href":"https:\/\/www.escapadarural.com\/blog\/wp-json\/wp\/v2\/categories?post=64704"},{"taxonomy":"post_tag","embeddable":true,"href":"https:\/\/www.escapadarural.com\/blog\/wp-json\/wp\/v2\/tags?post=64704"}],"curies":[{"name":"wp","href":"https:\/\/api.w.org\/{rel}","templated":true}]}}