{"id":64989,"date":"2023-08-22T10:06:23","date_gmt":"2023-08-22T09:06:23","guid":{"rendered":"https:\/\/www.escapadarural.com\/blog\/?p=64989"},"modified":"2025-06-18T13:57:01","modified_gmt":"2025-06-18T11:57:01","slug":"las-montanas-mas-altas-de-alicante","status":"publish","type":"post","link":"https:\/\/www.escapadarural.com\/blog\/las-montanas-mas-altas-de-alicante\/","title":{"rendered":"Sol, playa y monta\u00f1a: los colosos m\u00e1s emblem\u00e1ticos de Alicante"},"content":{"rendered":"\n<p>Durante d\u00e9cadas la provincia de <a href=\"\/casas-rurales\/alicante\">Alicante<\/a> se ha vendido como un destino de sol y playa; y se sigue haciendo, bajo el paraguas de la marca <a href=\"\/casas-rurales\/costa-blanca\">Costa Blanca<\/a> que se cre\u00f3 en la segunda mitad del siglo XX. El m\u00e1ximo exponente de este modelo es, sin duda, Benidorm, esa ciudad que se construy\u00f3 en los 60 sobre un peque\u00f1o pueblo costero y que rompi\u00f3 los esquemas urban\u00edsticos, con tantos defensores como detractores.<\/p>\n\n\n\n<p>Desde la playa de Llevant de Benidorm, si mir\u00e1is hacia el interior, ver\u00e9is una <strong>imponente monta\u00f1a<\/strong> a la que parece que le falta \u201cun trozo\u201d: es el majestuoso Puig Campana, que se alza sobre una larga cordillera que parece no tener fin, como el mar en el horizonte. En otro destino costero muy tur\u00edstico, Altea, divisamos algo parecido: una gran sierra que protege las espaldas del municipio, B\u00e8rnia. Por no hablar de D\u00e9nia, donde siempre nos acompa\u00f1ar\u00e1 la supervisi\u00f3n del macizo del Montg\u00f3.<\/p>\n\n\n\n<figure class=\"wp-block-image size-large\"><a href=\"https:\/\/www.escapadarural.com\/blog\/wp-content\/uploads\/Montgo-desde-denia-scaled.jpg\"><img decoding=\"async\" src=\"https:\/\/www.escapadarural.com\/blog\/wp-content\/uploads\/2024\/10\/Montgo-desde-denia-1024x683-1.jpg\" alt=\"Vistas de Montg\u00f3 desde D\u00e9nia\" class=\"wp-image-65362\"\/><\/a><figcaption class=\"wp-element-caption\">Vistas de Montg\u00f3 desde D\u00e9nia. Por SerFF79<\/figcaption><\/figure>\n\n\n\n<p>Son solo algunos ejemplos de emblem\u00e1ticas monta\u00f1as que nos atraen desde un pl\u00e1cido ba\u00f1o en las aguas del Mediterr\u00e1neo y nos invitan a conocer el interior de Alicante. De hecho, est\u00e1 considerada <strong>una de las provincias m\u00e1s monta\u00f1osas de Espa\u00f1a<\/strong>. Aunque las cumbres no son demasiado elevadas (el techo es Aitana, con 1.556 metros), hay m\u00e1s de 50 que superan los mil metros y otras presentan fuertes desniveles pasando del nivel del mar a los 753 metros del Montg\u00f3, por ejemplo. Estos son algunas de las monta\u00f1as m\u00e1s altas de Alicante.<\/p>\n\n\n\n<h2 class=\"wp-block-heading\" id=\"h-aitana-1-557-metros\"><strong>Aitana (1.557 metros)<\/strong><\/h2>\n\n\n\n<figure class=\"wp-block-image size-large\"><a href=\"https:\/\/www.escapadarural.com\/blog\/wp-content\/uploads\/Aitana-Alicante-scaled.jpg\"><img decoding=\"async\" src=\"https:\/\/www.escapadarural.com\/blog\/wp-content\/uploads\/2024\/10\/Aitana-Alicante-1024x683-1.jpg\" alt=\"Aitana, Alicante\" class=\"wp-image-65345\"\/><\/a><figcaption class=\"wp-element-caption\">Aitana, Alicante. Por el-bee<\/figcaption><\/figure>\n\n\n\n<p>Es la monta\u00f1a m\u00e1s alta de Alicante y est\u00e1 en el extremo m\u00e1s oriental de la cordillera B\u00e9tica, en las comarcas de la <a href=\"\/casas-rurales\/marina-baja\">Marina Baixa<\/a> y <a href=\"\/casas-rurales\/condado-de-cocentaina\">El Comtat<\/a>. Tiene ascensiones por diferentes municipios: Benifato, Confrides, Sella (pueblo muy bonito que vale la pena visitar) y Alcoleja. Hay una parte en la cima que tiene restringido el acceso porque es una antigua base militar (desde hace d\u00e9cadas, en desuso) y que hace que se identifique f\u00e1cilmente desde lejos por sus caracter\u00edsticas \u201cbolas blancas\u201d.<\/p>\n\n\n\n<h2 class=\"wp-block-heading\" id=\"h-puig-campana-1-410-metros\"><strong>Puig Campana (1.410 metros)<\/strong><\/h2>\n\n\n\n<figure class=\"wp-block-image size-large\"><a href=\"https:\/\/www.escapadarural.com\/blog\/wp-content\/uploads\/montanas-mas-altas-de-alicante-Puigcampana-scaled.jpg\"><img decoding=\"async\" src=\"https:\/\/www.escapadarural.com\/blog\/wp-content\/uploads\/2024\/10\/montanas-mas-altas-de-alicante-Puigcampana-1024x684-1.jpg\" alt=\"Puigcampana, una de las monta\u00f1as m\u00e1s altas de Alicante\" class=\"wp-image-65346\"\/><\/a><figcaption class=\"wp-element-caption\">Puigcampana, una de las monta\u00f1as m\u00e1s altas de Alicante. Por Olaf Speier<\/figcaption><\/figure>\n\n\n\n<p>Desde la costa de Benidorm, tiene esa perspectiva de que parece que le falta \u201cun trozo\u201d a la monta\u00f1a; vi\u00e9ndola desde el sur, presenta la imagen de un gran coloso. Est\u00e1 en el t\u00e9rmino municipal de Finestrat, un peque\u00f1o <a href=\"https:\/\/www.escapadarural.com\/blog\/pueblos-con-ecanto-navideno\/\" title=\"Los pueblos con m\u00e1s encanto navide\u00f1o para visitar en diciembre\"  data-wpil-monitor-id=\"1153\">pueblo de cuestas y callejones con encanto<\/a>. Para <a href=\"https:\/\/www.escapadarural.com\/blog\/subida-puig-campana-alicante\/\">subir al Puig Campana<\/a> hay una alternativa de \u201ckil\u00f3metro vertical\u201d por una pedrera, para los que est\u00e9n m\u00e1s en forma. Desde lo alto, tendr\u00e9is una espectacular panor\u00e1mica de las monta\u00f1as y de la costa (y, por supuesto, de Benidorm).<\/p>\n\n\n\n<h2 class=\"wp-block-heading\" id=\"h-montcabrer-1-390-metros\"><strong>Montcabrer (1.390 metros)<\/strong><\/h2>\n\n\n\n<figure class=\"wp-block-image size-large\"><a href=\"https:\/\/www.escapadarural.com\/blog\/wp-content\/uploads\/Montcabrer-scaled.jpg\"><img decoding=\"async\" src=\"https:\/\/www.escapadarural.com\/blog\/wp-content\/uploads\/2024\/10\/Montcabrer-1024x683-1.jpg\" alt=\"Montcabrer \" class=\"wp-image-65347\"\/><\/a><figcaption class=\"wp-element-caption\">Montcabrer. Por MiguelAngel<\/figcaption><\/figure>\n\n\n\n<p>Est\u00e1 en uno de los entornos m\u00e1s frescos de la provincia: el Parque Natural de Sierra de Mariola, cerca de Alcoi. Es f\u00e1cil verlo nevado en invierno. Se puede subir desde diferentes pueblos, como <a href=\"\/casas-rurales\/agres\">Agres<\/a> (conocido por sus cavas) o Cocentaina (con una importante feria del 29 de octubre al 1 de noviembre).<\/p>\n\n\n\n<h2 class=\"wp-block-heading\" id=\"h-el-menejador-1-354-metros\"><strong>El Menejador (1.354 metros)<\/strong><\/h2>\n\n\n\n<figure class=\"wp-block-image size-large\"><a href=\"https:\/\/www.escapadarural.com\/blog\/wp-content\/uploads\/El-Menejador-scaled.jpg\"><img decoding=\"async\" src=\"https:\/\/www.escapadarural.com\/blog\/wp-content\/uploads\/2024\/10\/El-Menejador-1024x682-1.jpg\" alt=\"El Menejador con vistas al santuario de la Fuente Roja\" class=\"wp-image-65349\"\/><\/a><figcaption class=\"wp-element-caption\">El Menejador con vistas al santuario de la Fuente Roja. Por Salva G. Cubells<\/figcaption><\/figure>\n\n\n\n<p>Est\u00e1 dentro del Parque Natural de la Font Roja, en la comarca de <a href=\"\/casas-rurales\/l-alcoia\">l\u2019Alcoi\u00e0<\/a>, uno de los m\u00e1s visitados de Alicante, con un bosque mediterr\u00e1neo con una rica biodiversidad. En la ascensi\u00f3n se puede pasar por puntos de inter\u00e9s como el Pla de la Mina o el Santuario de la Font Roja.<\/p>\n\n\n\n<h2 class=\"wp-block-heading\" id=\"h-el-maigmo-1-296-metros\"><strong>El Maigm\u00f3 (1.296 metros)<\/strong><\/h2>\n\n\n\n<figure class=\"wp-block-image size-large\"><a href=\"https:\/\/www.escapadarural.com\/blog\/wp-content\/uploads\/Sierra-de-Maigmo-scaled.jpg\"><img decoding=\"async\" src=\"https:\/\/www.escapadarural.com\/blog\/wp-content\/uploads\/2024\/10\/Sierra-de-Maigmo-1024x683-1.jpg\" alt=\"Sierra de Maigm\u00f3\" class=\"wp-image-65351\"\/><\/a><figcaption class=\"wp-element-caption\">Sierra de Maigm\u00f3. Por norrie39<\/figcaption><\/figure>\n\n\n\n<p>Otro pico emblem\u00e1tico que se puede ver desde diferentes puntos de la misma ciudad de Alicante. Hay rutas para subir desde varias zonas; una de ellas, lleva por una zona de cadenas que no es complicada, pero hay que ir con cuidado. Los que no quieren andar mucho pueden dejar el coche cerca de la cima, en el Balc\u00f3n de Alicante, un mirador con bancos.<\/p>\n\n\n\n<h2 class=\"wp-block-heading\" id=\"h-el-despenador-1-261-metros\"><strong>El Despe\u00f1ador (1.261 metros)<\/strong><\/h2>\n\n\n\n<figure class=\"wp-block-image size-large\"><a href=\"https:\/\/www.escapadarural.com\/blog\/wp-content\/uploads\/El-Despenador-scaled.jpg\"><img decoding=\"async\" src=\"https:\/\/www.escapadarural.com\/blog\/wp-content\/uploads\/2024\/10\/El-Despenador-1024x768-1.jpg\" alt=\"El Despe\u00f1ador, Castalla\" class=\"wp-image-65352\"\/><\/a><figcaption class=\"wp-element-caption\">El Despe\u00f1ador, Castalla, una de las monta\u00f1as m\u00e1s altas de Alicante. Por norrie39<\/figcaption><\/figure>\n\n\n\n<p>La cumbre m\u00e1s alta del \u00e1rea recreativa conocida como <a href=\"https:\/\/www.escapadarural.com\/blog\/xorret-de-cati-bosque-de-alicante\/\" title=\"Xorret de Cat\u00ed, el bosque de Alicante donde veraneaban los trabajadores de TVE\"  data-wpil-monitor-id=\"1154\">Xorret de Cat\u00ed<\/a>, en la sierra de Castalla. No te dejes enga\u00f1ar por el nombre: es mucho m\u00e1s sencillo de lo que aparenta. Pod\u00e9is aprovechar para visitar el casco antiguo del pueblo de Castalla.<\/p>\n\n\n\n<h2 class=\"wp-block-heading\" id=\"h-penya-migjorn-1-226-metros\"><strong>Penya Migjorn (1.226 metros)<\/strong><\/h2>\n\n\n\n<figure class=\"wp-block-image size-large\"><img decoding=\"async\" src=\"https:\/\/www.escapadarural.com\/blog\/wp-content\/uploads\/2024\/10\/Penya-Migjorn-1024x768-1.jpg\" alt=\"Tibi y Penya Migjorn\" class=\"wp-image-65350\"\/><figcaption class=\"wp-element-caption\">Tibi y Penya Migjorn. Por norrie39<\/figcaption><\/figure>\n\n\n\n<p>Un ascenso sencillo, pero constante, desde los restos del castillo isl\u00e1mico del mismo n\u00facleo urbano de <a href=\"\/casas-rurales\/jijona\">Xixona<\/a>, pueblo por excelencia del turr\u00f3n y del helado. No tiene demasiada dificultad, aunque exige una cierta forma f\u00edsica por el desnivel que se supera.<\/p>\n\n\n\n<h2 class=\"wp-block-heading\" id=\"h-cabeco-d-or-1-209-metros\"><strong>Cabe\u00e7\u00f3 d\u2019Or (1.209 metros)<\/strong><\/h2>\n\n\n\n<figure class=\"wp-block-image size-large\"><img decoding=\"async\" src=\"https:\/\/www.escapadarural.com\/blog\/wp-content\/uploads\/2024\/10\/Cabeco-dOr-1024x683-1.jpg\" alt=\"Coves del Canelobre\" class=\"wp-image-65353\"\/><figcaption class=\"wp-element-caption\">Coves del Canelobre. Por <a href=\"https:\/\/commons.wikimedia.org\/wiki\/File:Coves_del_Canelobre.JPG\" target=\"_blank\" rel=\"noreferrer noopener nofollow\">Thorosor<\/a><\/figcaption><\/figure>\n\n\n\n<p>Otra de esas grandes monta\u00f1as cl\u00e1sicas bien visible desde otras cimas. Muy conocida por sus \u201ccuevas del Canelobre\u201d, de pago y con visita guiada. Es exigente y regala unas vistas preciosas de un relieve rocoso y escarpado. Un tramo final que requer\u00eda de una trepada, hoy tiene unas grapas para facilitar la subida.<\/p>\n\n\n\n<h2 class=\"wp-block-heading\" id=\"h-serra-bernia-1-129-metros\"><strong>Serra B\u00e8rnia (1.129 metros)<\/strong><\/h2>\n\n\n\n<figure class=\"wp-block-image size-large\"><a href=\"https:\/\/www.escapadarural.com\/blog\/wp-content\/uploads\/Serra-de-Bernia-i-Ferrer-scaled.jpg\"><img decoding=\"async\" src=\"https:\/\/www.escapadarural.com\/blog\/wp-content\/uploads\/2024\/10\/Serra-de-Bernia-i-Ferrer-1024x678-1.jpg\" alt=\"Serra de B\u00e8rnia i Ferrer\" class=\"wp-image-65355\"\/><\/a><figcaption class=\"wp-element-caption\">Serra de B\u00e8rnia i Ferrer. Por smoke666<\/figcaption><\/figure>\n\n\n\n<p>Entre las <a href=\"\/casas-rurales\/marina-alta\">Marinas Alta<\/a> y <a href=\"\/casas-rurales\/marina-baja\">Baixa<\/a> y muy cerquita de la costa se encuentra esta espectacular sierra rocosa y muy escarpada, formando una bonita cresta a la que se puede subir caminando o por v\u00eda de escalada. En vuestra ruta de ascenso no puede faltar pasar por el famoso \u201cforat\u201d, un t\u00fanel que desemboca en una gran cueva con vistas impresionantes de la costa de Altea y Benidorm.<\/p>\n\n\n\n<h2 class=\"wp-block-heading\" id=\"h-benicadell-1-104-metros\"><strong>Benicadell (1.104 metros)<\/strong><\/h2>\n\n\n\n<figure class=\"wp-block-image size-large\"><img decoding=\"async\" src=\"https:\/\/www.escapadarural.com\/blog\/wp-content\/uploads\/2024\/10\/Benicadell-1024x683-1.jpg\" alt=\"Benicadell, una de las monta\u00f1as m\u00e1s altas de Alicante\" class=\"wp-image-65356\"\/><figcaption class=\"wp-element-caption\">Benicadell, una de las monta\u00f1as m\u00e1s altas de Alicante. Por MiguelAngel<\/figcaption><\/figure>\n\n\n\n<p>Es la frontera natural entre las provincias de Valencia y Alicante; desde su parte valenciana (cara norte, umbr\u00eda), se puede subir por <a href=\"\/casas-rurales\/beniatjar\">Beniatjar<\/a>, mientras que desde la alicantina (cara sur, solana), se hace desde <a href=\"\/casas-rurales\/gaianes\">Gaianes<\/a>. Una preciosa ruta de senderismo.<\/p>\n\n\n\n<h2 class=\"wp-block-heading\" id=\"h-montgo-752-metros\"><strong>Montg\u00f3 (752 metros)<\/strong><\/h2>\n\n\n\n<figure class=\"wp-block-image size-large\"><a href=\"https:\/\/www.escapadarural.com\/blog\/wp-content\/uploads\/Montgo-scaled.jpg\"><img decoding=\"async\" src=\"https:\/\/www.escapadarural.com\/blog\/wp-content\/uploads\/2024\/10\/Montgo-1024x683-1.jpg\" alt=\"Cima del Montg\u00f3 desde J\u00e1vea (Alicante)\" class=\"wp-image-65357\"\/><\/a><figcaption class=\"wp-element-caption\">Cima del Montg\u00f3 desde J\u00e1vea (Alicante). Por David Casares Photo<\/figcaption><\/figure>\n\n\n\n<p>El macizo que est\u00e1 pegado a la costa se puede subir desde diferentes puntos de <a href=\"\/casas-rurales\/denia\">D\u00e9nia<\/a>, <a href=\"\/casas-rurales\/xabia\">X\u00e0bia<\/a> o Jes\u00fas Pobre. Aunque no es muy alta, tiene una cierta exigencia; pero el recorrido y las vistas de la cima pagan con creces todo el esfuerzo.<\/p>\n\n\n\n<h2 class=\"wp-block-heading\" id=\"h-sierra-de-orihuela-634-metros\"><strong>Sierra de Orihuela (634 metros)<\/strong><\/h2>\n\n\n\n<figure class=\"wp-block-image size-large\"><a href=\"https:\/\/www.escapadarural.com\/blog\/wp-content\/uploads\/Sierra-de-Orihuela-scaled.jpg\"><img decoding=\"async\" src=\"https:\/\/www.escapadarural.com\/blog\/wp-content\/uploads\/2024\/11\/Sierra-de-Orihuela-1024x654-2.jpg\" alt=\"Sierra de Orihuela\" class=\"wp-image-65363\"\/><\/a><figcaption class=\"wp-element-caption\">Sierra de Orihuela. Por Alex Tihonov<\/figcaption><\/figure>\n\n\n\n<p>Viajamos hasta el sur de Alicante para descubrir un macizo calizo vertical de fuertes contrastes, una joya para monta\u00f1eros que podemos explorar desde la misma Orihuela o desde la cercana Callosa de Segura.<\/p>\n\n\n\n<h2 class=\"wp-block-heading\" id=\"h-serra-gelada-438-metros\"><strong>Serra Gelada (438 metros)<\/strong><\/h2>\n\n\n\n<figure class=\"wp-block-image size-large\"><img decoding=\"async\" src=\"https:\/\/www.escapadarural.com\/blog\/wp-content\/uploads\/2024\/10\/Serra-Gelada-1024x683-3.jpg\" alt=\"Serra Gelada\" class=\"wp-image-65366\"\/><figcaption class=\"wp-element-caption\">Serra Gelada desde Altea. Por kino1493<\/figcaption><\/figure>\n\n\n\n<p>Un Parque Natural que cruza la costa de Benidorm a l\u2019Albir. Aunque no lo parezca a simple vista, si la recorr\u00e9is completa har\u00e9is subidas y bajadas constantes. Exigente, a la par que preciosa, con el Mediterr\u00e1neo e impresionantes acantilados acompa\u00f1\u00e1ndoos en todo momento.<\/p>\n\n\n\n<h2 class=\"wp-block-heading\" id=\"h-penyal-d-ifach-332-metros\"><strong>Penyal d\u2019Ifach (332 metros)<\/strong><\/h2>\n\n\n\n<figure class=\"wp-block-image size-large\"><a href=\"https:\/\/www.escapadarural.com\/blog\/wp-content\/uploads\/Penyal-dIfach-scaled.jpg\"><img decoding=\"async\" src=\"https:\/\/www.escapadarural.com\/blog\/wp-content\/uploads\/2024\/10\/Penyal-dIfach-1024x683-2.jpg\" alt=\"Penyal d\u2019Ifach\" class=\"wp-image-65367\"\/><\/a><figcaption class=\"wp-element-caption\">Penyal d\u2019Ifach. Por Piotr<\/figcaption><\/figure>\n\n\n\n<p>Esta sorprendente roca que se alza en medio del mar en <a href=\"\/casas-rurales\/calpe\">Calp<\/a> nos ofrece una espectacular ruta senderista de unos 5 kil\u00f3metros (ida y vuelta). Tiene alg\u00fan tramo de trepada, nada que deba asustar a quien est\u00e1 acostumbrado a andar por monta\u00f1a. Ojo con las gaviotas, \u00a1este es su terreno!<\/p>\n\n\n\n<div class=\"wp-block-buttons is-layout-flex wp-block-buttons-is-layout-flex\">\n<div class=\"wp-block-button\"><a class=\"wp-block-button__link wp-element-button\" href=\"\/casas-rurales\/alicante\">Casas rurales en Alicante<\/a><\/div>\n<\/div>\n","protected":false},"excerpt":{"rendered":"<p>Adem\u00e1s de sol y playa, Alicante puede presumir de ser una de las provincias m\u00e1s monta\u00f1osas de Espa\u00f1a. Estas son algunas de las monta\u00f1as m\u00e1s altas de Alicante.<\/p>\n","protected":false},"author":123,"featured_media":65354,"comment_status":"open","ping_status":"open","sticky":false,"template":"","format":"standard","meta":{"_acf_changed":false,"om_disable_all_campaigns":false,"footnotes":""},"categories":[191],"tags":[674,469,215,3342,4970,1170],"class_list":["post-64989","post","type-post","status-publish","format-standard","has-post-thumbnail","hentry","category-destinos","tag-que-ver-en-alicante","tag-que-ver-en-la-comunidad-valenciana","tag-listado","tag-montanas","tag-rutas-de-senderismo","tag-rutas-comunidad-valenciana"],"acf":[],"featured_image_src":"https:\/\/www.escapadarural.com\/blog\/wp-content\/uploads\/2023\/08\/Serra-Bernia-forat-scaled-1.jpg","author_info":{"display_name":"Raquel Andr\u00e9s","author_link":"https:\/\/www.escapadarural.com\/blog\/autor\/raquel\/"},"yoast_head":"<!-- This site is optimized with the Yoast SEO plugin v27.5 - https:\/\/yoast.com\/product\/yoast-seo-wordpress\/ -->\n<title>Sol, playa y monta\u00f1a: los colosos m\u00e1s emblem\u00e1ticos de Alicante - EscapadaRural<\/title>\n<meta name=\"robots\" content=\"index, follow, max-snippet:-1, max-image-preview:large, max-video-preview:-1\" \/>\n<link rel=\"canonical\" href=\"https:\/\/www.escapadarural.com\/blog\/las-montanas-mas-altas-de-alicante\/\" \/>\n<meta property=\"og:locale\" content=\"es_ES\" \/>\n<meta property=\"og:type\" content=\"article\" \/>\n<meta property=\"og:title\" content=\"Sol, playa y monta\u00f1a: los colosos m\u00e1s emblem\u00e1ticos de Alicante - EscapadaRural\" \/>\n<meta property=\"og:description\" content=\"Adem\u00e1s de sol y playa, Alicante puede presumir de ser una de las provincias m\u00e1s monta\u00f1osas de Espa\u00f1a. Estas son algunas de las monta\u00f1as m\u00e1s altas de Alicante.\" \/>\n<meta property=\"og:url\" content=\"https:\/\/www.escapadarural.com\/blog\/las-montanas-mas-altas-de-alicante\/\" \/>\n<meta property=\"og:site_name\" content=\"Magazine de viajes de EscapadaRural\" \/>\n<meta property=\"article:publisher\" content=\"https:\/\/www.facebook.com\/escapadarural\" \/>\n<meta property=\"article:published_time\" content=\"2023-08-22T09:06:23+00:00\" \/>\n<meta property=\"article:modified_time\" content=\"2025-06-18T11:57:01+00:00\" \/>\n<meta property=\"og:image\" content=\"https:\/\/www.escapadarural.com\/blog\/wp-content\/uploads\/2023\/08\/Serra-Bernia-forat-scaled-1.jpg\" \/>\n\t<meta property=\"og:image:width\" content=\"2048\" \/>\n\t<meta property=\"og:image:height\" content=\"1366\" \/>\n\t<meta property=\"og:image:type\" content=\"image\/jpeg\" \/>\n<meta name=\"author\" content=\"Raquel Andr\u00e9s\" \/>\n<meta name=\"twitter:card\" content=\"summary_large_image\" \/>\n<meta name=\"twitter:label1\" content=\"Escrito por\" \/>\n\t<meta name=\"twitter:data1\" content=\"Raquel Andr\u00e9s\" \/>\n\t<meta name=\"twitter:label2\" content=\"Tiempo de lectura\" \/>\n\t<meta name=\"twitter:data2\" content=\"9 minutos\" \/>\n<script type=\"application\/ld+json\" class=\"yoast-schema-graph\">{\"@context\":\"https:\\\/\\\/schema.org\",\"@graph\":[{\"@type\":\"Article\",\"@id\":\"https:\\\/\\\/www.escapadarural.com\\\/blog\\\/las-montanas-mas-altas-de-alicante\\\/#article\",\"isPartOf\":{\"@id\":\"https:\\\/\\\/www.escapadarural.com\\\/blog\\\/las-montanas-mas-altas-de-alicante\\\/\"},\"author\":{\"name\":\"Raquel Andr\u00e9s\",\"@id\":\"https:\\\/\\\/www.escapadarural.com\\\/blog\\\/#\\\/schema\\\/person\\\/67be061eb00d8315fa8642e01b88c894\"},\"headline\":\"Sol, playa y monta\u00f1a: los colosos m\u00e1s emblem\u00e1ticos de Alicante\",\"datePublished\":\"2023-08-22T09:06:23+00:00\",\"dateModified\":\"2025-06-18T11:57:01+00:00\",\"mainEntityOfPage\":{\"@id\":\"https:\\\/\\\/www.escapadarural.com\\\/blog\\\/las-montanas-mas-altas-de-alicante\\\/\"},\"wordCount\":1251,\"commentCount\":5,\"publisher\":{\"@id\":\"https:\\\/\\\/www.escapadarural.com\\\/blog\\\/#organization\"},\"image\":{\"@id\":\"https:\\\/\\\/www.escapadarural.com\\\/blog\\\/las-montanas-mas-altas-de-alicante\\\/#primaryimage\"},\"thumbnailUrl\":\"https:\\\/\\\/www.escapadarural.com\\\/blog\\\/wp-content\\\/uploads\\\/2023\\\/08\\\/Serra-Bernia-forat-scaled-1.jpg\",\"keywords\":[\"Alicante\",\"Comunidad Valenciana\",\"Listado\",\"Monta\u00f1as\",\"Rutas de senderismo\",\"Rutas en la Comunidad Valenciana\"],\"articleSection\":[\"Destinos\"],\"inLanguage\":\"es\",\"potentialAction\":[{\"@type\":\"CommentAction\",\"name\":\"Comment\",\"target\":[\"https:\\\/\\\/www.escapadarural.com\\\/blog\\\/las-montanas-mas-altas-de-alicante\\\/#respond\"]}]},{\"@type\":\"WebPage\",\"@id\":\"https:\\\/\\\/www.escapadarural.com\\\/blog\\\/las-montanas-mas-altas-de-alicante\\\/\",\"url\":\"https:\\\/\\\/www.escapadarural.com\\\/blog\\\/las-montanas-mas-altas-de-alicante\\\/\",\"name\":\"Sol, playa y monta\u00f1a: los colosos m\u00e1s emblem\u00e1ticos de Alicante - EscapadaRural\",\"isPartOf\":{\"@id\":\"https:\\\/\\\/www.escapadarural.com\\\/blog\\\/#website\"},\"primaryImageOfPage\":{\"@id\":\"https:\\\/\\\/www.escapadarural.com\\\/blog\\\/las-montanas-mas-altas-de-alicante\\\/#primaryimage\"},\"image\":{\"@id\":\"https:\\\/\\\/www.escapadarural.com\\\/blog\\\/las-montanas-mas-altas-de-alicante\\\/#primaryimage\"},\"thumbnailUrl\":\"https:\\\/\\\/www.escapadarural.com\\\/blog\\\/wp-content\\\/uploads\\\/2023\\\/08\\\/Serra-Bernia-forat-scaled-1.jpg\",\"datePublished\":\"2023-08-22T09:06:23+00:00\",\"dateModified\":\"2025-06-18T11:57:01+00:00\",\"breadcrumb\":{\"@id\":\"https:\\\/\\\/www.escapadarural.com\\\/blog\\\/las-montanas-mas-altas-de-alicante\\\/#breadcrumb\"},\"inLanguage\":\"es\",\"potentialAction\":[{\"@type\":\"ReadAction\",\"target\":[\"https:\\\/\\\/www.escapadarural.com\\\/blog\\\/las-montanas-mas-altas-de-alicante\\\/\"]}]},{\"@type\":\"ImageObject\",\"inLanguage\":\"es\",\"@id\":\"https:\\\/\\\/www.escapadarural.com\\\/blog\\\/las-montanas-mas-altas-de-alicante\\\/#primaryimage\",\"url\":\"https:\\\/\\\/www.escapadarural.com\\\/blog\\\/wp-content\\\/uploads\\\/2023\\\/08\\\/Serra-Bernia-forat-scaled-1.jpg\",\"contentUrl\":\"https:\\\/\\\/www.escapadarural.com\\\/blog\\\/wp-content\\\/uploads\\\/2023\\\/08\\\/Serra-Bernia-forat-scaled-1.jpg\",\"width\":2048,\"height\":1366,\"caption\":\"Serra B\u00e8rnia. Por Jos\u00e9 R. Marqu\u00e9s\"},{\"@type\":\"BreadcrumbList\",\"@id\":\"https:\\\/\\\/www.escapadarural.com\\\/blog\\\/las-montanas-mas-altas-de-alicante\\\/#breadcrumb\",\"itemListElement\":[{\"@type\":\"ListItem\",\"position\":1,\"name\":\"Inicio\",\"item\":\"https:\\\/\\\/www.escapadarural.com\\\/blog\\\/\"},{\"@type\":\"ListItem\",\"position\":2,\"name\":\"Destinos\",\"item\":\"https:\\\/\\\/www.escapadarural.com\\\/blog\\\/categoria\\\/destinos\\\/\"},{\"@type\":\"ListItem\",\"position\":3,\"name\":\"Sol, playa y monta\u00f1a: los colosos m\u00e1s emblem\u00e1ticos de Alicante\"}]},{\"@type\":\"WebSite\",\"@id\":\"https:\\\/\\\/www.escapadarural.com\\\/blog\\\/#website\",\"url\":\"https:\\\/\\\/www.escapadarural.com\\\/blog\\\/\",\"name\":\"Blog de viajes | turismo rural, alojamientos e inspiraci\u00f3n\",\"description\":\"Alojamientos rurales e inspiraci\u00f3n para tus escapadas\",\"publisher\":{\"@id\":\"https:\\\/\\\/www.escapadarural.com\\\/blog\\\/#organization\"},\"alternateName\":\"Magazine de viajes de EscapadaRural\",\"potentialAction\":[{\"@type\":\"SearchAction\",\"target\":{\"@type\":\"EntryPoint\",\"urlTemplate\":\"https:\\\/\\\/www.escapadarural.com\\\/blog\\\/?s={search_term_string}\"},\"query-input\":{\"@type\":\"PropertyValueSpecification\",\"valueRequired\":true,\"valueName\":\"search_term_string\"}}],\"inLanguage\":\"es\"},{\"@type\":\"Organization\",\"@id\":\"https:\\\/\\\/www.escapadarural.com\\\/blog\\\/#organization\",\"name\":\"EscapadaRural\",\"url\":\"https:\\\/\\\/www.escapadarural.com\\\/blog\\\/\",\"logo\":{\"@type\":\"ImageObject\",\"inLanguage\":\"es\",\"@id\":\"https:\\\/\\\/www.escapadarural.com\\\/blog\\\/#\\\/schema\\\/logo\\\/image\\\/\",\"url\":\"https:\\\/\\\/www.escapadarural.com\\\/blog\\\/wp-content\\\/uploads\\\/2024\\\/10\\\/cropped-cropped-escapada-rural-icon-mag-3.png\",\"contentUrl\":\"https:\\\/\\\/www.escapadarural.com\\\/blog\\\/wp-content\\\/uploads\\\/2024\\\/10\\\/cropped-cropped-escapada-rural-icon-mag-3.png\",\"width\":512,\"height\":512,\"caption\":\"EscapadaRural\"},\"image\":{\"@id\":\"https:\\\/\\\/www.escapadarural.com\\\/blog\\\/#\\\/schema\\\/logo\\\/image\\\/\"},\"sameAs\":[\"https:\\\/\\\/www.facebook.com\\\/escapadarural\",\"https:\\\/\\\/www.instagram.com\\\/escapadarural\\\/\",\"https:\\\/\\\/www.youtube.com\\\/@escapadaruralcom\"]},{\"@type\":\"Person\",\"@id\":\"https:\\\/\\\/www.escapadarural.com\\\/blog\\\/#\\\/schema\\\/person\\\/67be061eb00d8315fa8642e01b88c894\",\"name\":\"Raquel Andr\u00e9s\",\"image\":{\"@type\":\"ImageObject\",\"inLanguage\":\"es\",\"@id\":\"https:\\\/\\\/secure.gravatar.com\\\/avatar\\\/b45840531462f3cafb335a9fc5c0bfda2c07c3df4b82b304b923526b85cc6cb5?s=96&d=mm&r=g\",\"url\":\"https:\\\/\\\/secure.gravatar.com\\\/avatar\\\/b45840531462f3cafb335a9fc5c0bfda2c07c3df4b82b304b923526b85cc6cb5?s=96&d=mm&r=g\",\"contentUrl\":\"https:\\\/\\\/secure.gravatar.com\\\/avatar\\\/b45840531462f3cafb335a9fc5c0bfda2c07c3df4b82b304b923526b85cc6cb5?s=96&d=mm&r=g\",\"caption\":\"Raquel Andr\u00e9s\"},\"description\":\"Periodista y aventurera. Me has podido leer en Escapada Rural, Diari Nosaltres La Veu, La Vanguardia, El Salto y otros medios. Habitante y amante de las zonas rurales, sea cual sea el destino. Procuro escaparme una vez por semana con las botas de monta\u00f1a, el arn\u00e9s o el neopreno. Tambi\u00e9n soy un intento de baserritarra.\",\"url\":\"https:\\\/\\\/www.escapadarural.com\\\/blog\\\/autor\\\/raquel\\\/\"}]}<\/script>\n<!-- \/ Yoast SEO plugin. -->","yoast_head_json":{"title":"Sol, playa y monta\u00f1a: los colosos m\u00e1s emblem\u00e1ticos de Alicante - EscapadaRural","robots":{"index":"index","follow":"follow","max-snippet":"max-snippet:-1","max-image-preview":"max-image-preview:large","max-video-preview":"max-video-preview:-1"},"canonical":"https:\/\/www.escapadarural.com\/blog\/las-montanas-mas-altas-de-alicante\/","og_locale":"es_ES","og_type":"article","og_title":"Sol, playa y monta\u00f1a: los colosos m\u00e1s emblem\u00e1ticos de Alicante - EscapadaRural","og_description":"Adem\u00e1s de sol y playa, Alicante puede presumir de ser una de las provincias m\u00e1s monta\u00f1osas de Espa\u00f1a. Estas son algunas de las monta\u00f1as m\u00e1s altas de Alicante.","og_url":"https:\/\/www.escapadarural.com\/blog\/las-montanas-mas-altas-de-alicante\/","og_site_name":"Magazine de viajes de EscapadaRural","article_publisher":"https:\/\/www.facebook.com\/escapadarural","article_published_time":"2023-08-22T09:06:23+00:00","article_modified_time":"2025-06-18T11:57:01+00:00","og_image":[{"width":2048,"height":1366,"url":"https:\/\/www.escapadarural.com\/blog\/wp-content\/uploads\/2023\/08\/Serra-Bernia-forat-scaled-1.jpg","type":"image\/jpeg"}],"author":"Raquel Andr\u00e9s","twitter_card":"summary_large_image","twitter_misc":{"Escrito por":"Raquel Andr\u00e9s","Tiempo de lectura":"9 minutos"},"schema":{"@context":"https:\/\/schema.org","@graph":[{"@type":"Article","@id":"https:\/\/www.escapadarural.com\/blog\/las-montanas-mas-altas-de-alicante\/#article","isPartOf":{"@id":"https:\/\/www.escapadarural.com\/blog\/las-montanas-mas-altas-de-alicante\/"},"author":{"name":"Raquel Andr\u00e9s","@id":"https:\/\/www.escapadarural.com\/blog\/#\/schema\/person\/67be061eb00d8315fa8642e01b88c894"},"headline":"Sol, playa y monta\u00f1a: los colosos m\u00e1s emblem\u00e1ticos de Alicante","datePublished":"2023-08-22T09:06:23+00:00","dateModified":"2025-06-18T11:57:01+00:00","mainEntityOfPage":{"@id":"https:\/\/www.escapadarural.com\/blog\/las-montanas-mas-altas-de-alicante\/"},"wordCount":1251,"commentCount":5,"publisher":{"@id":"https:\/\/www.escapadarural.com\/blog\/#organization"},"image":{"@id":"https:\/\/www.escapadarural.com\/blog\/las-montanas-mas-altas-de-alicante\/#primaryimage"},"thumbnailUrl":"https:\/\/www.escapadarural.com\/blog\/wp-content\/uploads\/2023\/08\/Serra-Bernia-forat-scaled-1.jpg","keywords":["Alicante","Comunidad Valenciana","Listado","Monta\u00f1as","Rutas de senderismo","Rutas en la Comunidad Valenciana"],"articleSection":["Destinos"],"inLanguage":"es","potentialAction":[{"@type":"CommentAction","name":"Comment","target":["https:\/\/www.escapadarural.com\/blog\/las-montanas-mas-altas-de-alicante\/#respond"]}]},{"@type":"WebPage","@id":"https:\/\/www.escapadarural.com\/blog\/las-montanas-mas-altas-de-alicante\/","url":"https:\/\/www.escapadarural.com\/blog\/las-montanas-mas-altas-de-alicante\/","name":"Sol, playa y monta\u00f1a: los colosos m\u00e1s emblem\u00e1ticos de Alicante - EscapadaRural","isPartOf":{"@id":"https:\/\/www.escapadarural.com\/blog\/#website"},"primaryImageOfPage":{"@id":"https:\/\/www.escapadarural.com\/blog\/las-montanas-mas-altas-de-alicante\/#primaryimage"},"image":{"@id":"https:\/\/www.escapadarural.com\/blog\/las-montanas-mas-altas-de-alicante\/#primaryimage"},"thumbnailUrl":"https:\/\/www.escapadarural.com\/blog\/wp-content\/uploads\/2023\/08\/Serra-Bernia-forat-scaled-1.jpg","datePublished":"2023-08-22T09:06:23+00:00","dateModified":"2025-06-18T11:57:01+00:00","breadcrumb":{"@id":"https:\/\/www.escapadarural.com\/blog\/las-montanas-mas-altas-de-alicante\/#breadcrumb"},"inLanguage":"es","potentialAction":[{"@type":"ReadAction","target":["https:\/\/www.escapadarural.com\/blog\/las-montanas-mas-altas-de-alicante\/"]}]},{"@type":"ImageObject","inLanguage":"es","@id":"https:\/\/www.escapadarural.com\/blog\/las-montanas-mas-altas-de-alicante\/#primaryimage","url":"https:\/\/www.escapadarural.com\/blog\/wp-content\/uploads\/2023\/08\/Serra-Bernia-forat-scaled-1.jpg","contentUrl":"https:\/\/www.escapadarural.com\/blog\/wp-content\/uploads\/2023\/08\/Serra-Bernia-forat-scaled-1.jpg","width":2048,"height":1366,"caption":"Serra B\u00e8rnia. Por Jos\u00e9 R. Marqu\u00e9s"},{"@type":"BreadcrumbList","@id":"https:\/\/www.escapadarural.com\/blog\/las-montanas-mas-altas-de-alicante\/#breadcrumb","itemListElement":[{"@type":"ListItem","position":1,"name":"Inicio","item":"https:\/\/www.escapadarural.com\/blog\/"},{"@type":"ListItem","position":2,"name":"Destinos","item":"https:\/\/www.escapadarural.com\/blog\/categoria\/destinos\/"},{"@type":"ListItem","position":3,"name":"Sol, playa y monta\u00f1a: los colosos m\u00e1s emblem\u00e1ticos de Alicante"}]},{"@type":"WebSite","@id":"https:\/\/www.escapadarural.com\/blog\/#website","url":"https:\/\/www.escapadarural.com\/blog\/","name":"Blog de viajes | turismo rural, alojamientos e inspiraci\u00f3n","description":"Alojamientos rurales e inspiraci\u00f3n para tus escapadas","publisher":{"@id":"https:\/\/www.escapadarural.com\/blog\/#organization"},"alternateName":"Magazine de viajes de EscapadaRural","potentialAction":[{"@type":"SearchAction","target":{"@type":"EntryPoint","urlTemplate":"https:\/\/www.escapadarural.com\/blog\/?s={search_term_string}"},"query-input":{"@type":"PropertyValueSpecification","valueRequired":true,"valueName":"search_term_string"}}],"inLanguage":"es"},{"@type":"Organization","@id":"https:\/\/www.escapadarural.com\/blog\/#organization","name":"EscapadaRural","url":"https:\/\/www.escapadarural.com\/blog\/","logo":{"@type":"ImageObject","inLanguage":"es","@id":"https:\/\/www.escapadarural.com\/blog\/#\/schema\/logo\/image\/","url":"https:\/\/www.escapadarural.com\/blog\/wp-content\/uploads\/2024\/10\/cropped-cropped-escapada-rural-icon-mag-3.png","contentUrl":"https:\/\/www.escapadarural.com\/blog\/wp-content\/uploads\/2024\/10\/cropped-cropped-escapada-rural-icon-mag-3.png","width":512,"height":512,"caption":"EscapadaRural"},"image":{"@id":"https:\/\/www.escapadarural.com\/blog\/#\/schema\/logo\/image\/"},"sameAs":["https:\/\/www.facebook.com\/escapadarural","https:\/\/www.instagram.com\/escapadarural\/","https:\/\/www.youtube.com\/@escapadaruralcom"]},{"@type":"Person","@id":"https:\/\/www.escapadarural.com\/blog\/#\/schema\/person\/67be061eb00d8315fa8642e01b88c894","name":"Raquel Andr\u00e9s","image":{"@type":"ImageObject","inLanguage":"es","@id":"https:\/\/secure.gravatar.com\/avatar\/b45840531462f3cafb335a9fc5c0bfda2c07c3df4b82b304b923526b85cc6cb5?s=96&d=mm&r=g","url":"https:\/\/secure.gravatar.com\/avatar\/b45840531462f3cafb335a9fc5c0bfda2c07c3df4b82b304b923526b85cc6cb5?s=96&d=mm&r=g","contentUrl":"https:\/\/secure.gravatar.com\/avatar\/b45840531462f3cafb335a9fc5c0bfda2c07c3df4b82b304b923526b85cc6cb5?s=96&d=mm&r=g","caption":"Raquel Andr\u00e9s"},"description":"Periodista y aventurera. Me has podido leer en Escapada Rural, Diari Nosaltres La Veu, La Vanguardia, El Salto y otros medios. Habitante y amante de las zonas rurales, sea cual sea el destino. Procuro escaparme una vez por semana con las botas de monta\u00f1a, el arn\u00e9s o el neopreno. Tambi\u00e9n soy un intento de baserritarra.","url":"https:\/\/www.escapadarural.com\/blog\/autor\/raquel\/"}]}},"_links":{"self":[{"href":"https:\/\/www.escapadarural.com\/blog\/wp-json\/wp\/v2\/posts\/64989","targetHints":{"allow":["GET"]}}],"collection":[{"href":"https:\/\/www.escapadarural.com\/blog\/wp-json\/wp\/v2\/posts"}],"about":[{"href":"https:\/\/www.escapadarural.com\/blog\/wp-json\/wp\/v2\/types\/post"}],"author":[{"embeddable":true,"href":"https:\/\/www.escapadarural.com\/blog\/wp-json\/wp\/v2\/users\/123"}],"replies":[{"embeddable":true,"href":"https:\/\/www.escapadarural.com\/blog\/wp-json\/wp\/v2\/comments?post=64989"}],"version-history":[{"count":0,"href":"https:\/\/www.escapadarural.com\/blog\/wp-json\/wp\/v2\/posts\/64989\/revisions"}],"wp:featuredmedia":[{"embeddable":true,"href":"https:\/\/www.escapadarural.com\/blog\/wp-json\/wp\/v2\/media\/65354"}],"wp:attachment":[{"href":"https:\/\/www.escapadarural.com\/blog\/wp-json\/wp\/v2\/media?parent=64989"}],"wp:term":[{"taxonomy":"category","embeddable":true,"href":"https:\/\/www.escapadarural.com\/blog\/wp-json\/wp\/v2\/categories?post=64989"},{"taxonomy":"post_tag","embeddable":true,"href":"https:\/\/www.escapadarural.com\/blog\/wp-json\/wp\/v2\/tags?post=64989"}],"curies":[{"name":"wp","href":"https:\/\/api.w.org\/{rel}","templated":true}]}}