{"id":65382,"date":"2023-08-28T11:22:12","date_gmt":"2023-08-28T10:22:12","guid":{"rendered":"https:\/\/www.escapadarural.com\/blog\/?p=65382"},"modified":"2025-03-10T20:39:14","modified_gmt":"2025-03-10T18:39:14","slug":"los-animales-graniticos-de-la-pedriza","status":"publish","type":"post","link":"https:\/\/www.escapadarural.com\/blog\/los-animales-graniticos-de-la-pedriza\/","title":{"rendered":"El elefantito, el caracol y otros animales gran\u00edticos de La Pedriza"},"content":{"rendered":"\n<figure class=\"wp-block-image size-full\"><img decoding=\"async\" src=\"https:\/\/www.escapadarural.com\/blog\/wp-content\/uploads\/2024\/10\/La_Pedriza_-_51679516874.jpg\" alt=\"La Pedriza\" class=\"wp-image-65383\"\/><figcaption class=\"wp-element-caption\">La Pedriza. Por <a href=\"https:\/\/www.flickr.com\/photos\/kentwang\/\" target=\"_blank\" rel=\"noreferrer noopener nofollow\">Kent Wang<\/a><\/figcaption><\/figure>\n\n\n\n<p>La geolog\u00eda, esa ciencia dedicada al estudio de la tierra, a menudo es vista por muchos como un conjunto de procesos lentos, invariables e incluso mon\u00f3tonos. Pero si alguien ha caminado por los senderos de <strong>La Pedriza<\/strong>, esa percepci\u00f3n cambia de inmediato.&nbsp;<\/p>\n\n\n\n<p>Este espacio geol\u00f3gico, situado en el <a href=\"\/casas-rurales\/sierra-de-guadarrama\">Parque Nacional de la Sierra de Guadarrama<\/a>, en Madrid, ha experimentado un auge significativo en visitas en los \u00faltimos a\u00f1os. \u00bfPor qu\u00e9 es tan importante en el campo de la geolog\u00eda? \u00bfY qu\u00e9 hay de esas famosas formaciones que se asemejan a animales?<\/p>\n\n\n\n<h2 class=\"wp-block-heading\" id=\"h-u-n-area-repleta-de-piedras\"><strong>U<\/strong>n \u00e1rea repleta de piedras<\/h2>\n\n\n\n<p><strong>La Pedriza es uno de los mayores conjuntos gran\u00edticos de Europa<\/strong>. Este inmenso afloramiento rocoso se ha ido modelando durante millones de a\u00f1os bajo la influencia de fen\u00f3menos naturales como la erosi\u00f3n e\u00f3lica, fluvial y glacial. El resultado es un paisaje \u00fanico, un mar de rocas gran\u00edticas con formas caprichosas que despiertan la imaginaci\u00f3n y el inter\u00e9s cient\u00edfico.<\/p>\n\n\n\n<p>El t\u00e9rmino pedriza designa un \u00e1rea repleta de piedras. Este adjetivo se origina de la palabra piedra, que a su vez proviene del lat\u00edn \u201cpetra\u201d. Se le otorg\u00f3 este nombre a dicha zona debido a la profusi\u00f3n de notables formaciones rocosas presentes en ella. Adicionalmente, se refiere a La Pedriza como \u201cLa Pedriza del Manzanares\u201d, ya que es atravesada por el r\u00edo Manzanares. Hasta el siglo XX, pastores y viajeros sol\u00edan llamar a este sitio Las Pedrizas.<\/p>\n\n\n\n<h2 class=\"wp-block-heading\" id=\"h-la-relevancia-geologica-de-la-pedriza\">La relevancia geol\u00f3gica de La Pedriza<\/h2>\n\n\n\n<figure class=\"wp-block-image size-large\"><a href=\"https:\/\/www.escapadarural.com\/blog\/wp-content\/uploads\/elefantito-la-pedriza-scaled.jpg\"><img decoding=\"async\" src=\"https:\/\/www.escapadarural.com\/blog\/wp-content\/uploads\/2024\/10\/elefantito-la-pedriza-1024x683-1.jpg\" alt=\"El elefantito en La Pedriza\" class=\"wp-image-65598\"\/><\/a><figcaption class=\"wp-element-caption\">El elefantito en La Pedriza. Por Dartagnan1980<\/figcaption><\/figure>\n\n\n\n<p>En cuanto a su importancia geol\u00f3gica, La Pedriza sirve como un libro abierto de la evoluci\u00f3n geol\u00f3gica. Las texturas del granito, las fracturas, las diaclasas y los pliegues nos hablan de una historia geol\u00f3gica rica y compleja, que data de la orog\u00e9nesis herciniana, <strong>hace unos 300 millones de a\u00f1os<\/strong>.<\/p>\n\n\n\n<p>Pero m\u00e1s all\u00e1 de su relevancia cient\u00edfica, La Pedriza es tambi\u00e9n un museo al aire libre de formas naturales que, curiosamente, recuerdan a diferentes animales. Esto ha llevado a que se dise\u00f1en rutas espec\u00edficas para contemplar estas esculturas naturales.<\/p>\n\n\n\n<figure class=\"wp-block-image size-large\"><img decoding=\"async\" src=\"https:\/\/www.escapadarural.com\/blog\/wp-content\/uploads\/2024\/10\/el-caracol-de-la-pedriza-1024x680-1.jpg\" alt=\"El caracol de la Pedriza\" class=\"wp-image-65599\"\/><figcaption class=\"wp-element-caption\">El caracol de la Pedriza. Por ihervas<\/figcaption><\/figure>\n\n\n\n<p>El primer gran debate que surge al observar estas formaciones es: \u00bffueron obra del ser humano o de la naturaleza? La respuesta es fascinante. Aunque a primera vista algunas de estas formaciones podr\u00edan parecer talladas por manos humanas, en realidad, son el resultado de la acci\u00f3n erosiva del agua, el viento y los cambios de temperatura. Estos agentes geol\u00f3gicos han esculpido lentamente el granito, dando lugar a estas curiosas siluetas.<\/p>\n\n\n\n<p>Entre las formas m\u00e1s destacadas y populares de La Pedriza se encuentran:<\/p>\n\n\n\n<ol class=\"wp-block-list\">\n<li><strong>El Cancho de los muertos<\/strong>: esta formaci\u00f3n, vista desde determinado \u00e1ngulo, se asemeja a una cara humana. Algunas leyendas locales incluso sugieren que representa a un antiguo habitante de la sierra que fue petrificado por alguna deidad.<\/li>\n\n\n\n<li><strong>El elefante<\/strong>: posiblemente una de las formaciones m\u00e1s ic\u00f3nicas de La Pedriza. Se trata de una gran roca que, vista desde cierta perspectiva, recuerda a un elefante con su trompa extendida.<\/li>\n\n\n\n<li><strong>La maza<\/strong>: esta formaci\u00f3n se asemeja a la cabeza y parte del cuerpo de un perro, lo que ha llevado a que se le asocie con leyendas sobre perros guardianes de la monta\u00f1a.<\/li>\n\n\n\n<li><strong>El sello<\/strong>: su forma recuerda a la de un sello o le\u00f3n marino, con una estructura que simula la cabeza y parte del torso de este animal.<\/li>\n\n\n\n<li><strong>El elefantito<\/strong>: Esta formaci\u00f3n rocosa es, quiz\u00e1s, una de las m\u00e1s ic\u00f3nicas de La Pedriza. Como su nombre indica, El elefantito posee una apariencia que recuerda a un joven elefante, con una \u201ctrompa\u201d que se proyecta hacia el exterior.<\/li>\n\n\n\n<li><strong>El caracol<\/strong>: Otra de las joyas geol\u00f3gicas de La Pedriza es El caracol. Esta roca, que se asemeja a la espiral de un caracol, es particularmente interesante desde un punto de vista geol\u00f3gico debido a las singulares fuerzas erosivas que han dado lugar a su forma en espiral. El caracol se ha convertido en un s\u00edmbolo de la capacidad del tiempo y la naturaleza para crear patrones y formas que parecer\u00edan m\u00e1s propias de un escultor que de procesos naturales.<\/li>\n<\/ol>\n\n\n\n<figure class=\"wp-block-image size-large\"><a href=\"https:\/\/www.escapadarural.com\/blog\/wp-content\/uploads\/riscos-en-la-pedriza-scaled.jpg\"><img decoding=\"async\" src=\"https:\/\/www.escapadarural.com\/blog\/wp-content\/uploads\/2024\/10\/riscos-en-la-pedriza-1024x683-1.jpg\" alt=\"La Pedriza\" class=\"wp-image-65606\"\/><\/a><figcaption class=\"wp-element-caption\">La Pedriza. Por Abuelo Ramiro<\/figcaption><\/figure>\n\n\n\n<p>Estas y otras muchas formaciones han generado no solo inter\u00e9s cient\u00edfico sino tambi\u00e9n cultural. Las historias y leyendas que rodean a estas \u00abesculturas\u00bb naturales a\u00f1aden un matiz m\u00edstico al paseo por La Pedriza, convirtiendo la experiencia en algo m\u00e1s que un simple recorrido geol\u00f3gico.<\/p>\n\n\n\n<h2 class=\"wp-block-heading\" id=\"h-problema-medioambiental\"><strong>Problema medioambiental<\/strong><\/h2>\n\n\n\n<figure class=\"wp-block-image size-large\"><img decoding=\"async\" src=\"https:\/\/www.escapadarural.com\/blog\/wp-content\/uploads\/2024\/10\/Manzanares-el-Real-1024x683-1.jpg\" alt=\"Manzanares el Real\" class=\"wp-image-65605\"\/><figcaption class=\"wp-element-caption\">Manzanares el Real y La Pedriza desde el embalse de Santillana.  Por Abuelo Ramiro. <\/figcaption><\/figure>\n\n\n\n<p>La regi\u00f3n monta\u00f1osa de la<a href=\"\/casas-rurales\/madrid\"> Comunidad de Madrid<\/a> se enfrenta a retos medioambientales significativos, entre los que destaca el crecimiento urban\u00edstico desmedido en varios municipios. Uno de los ejemplos m\u00e1s palpables se observa en <a href=\"\/casas-rurales\/manzanares-el-real\" data-type=\"URL\" data-id=\"\/casas-rurales?l=manzanares-el-real\">Manzanares el Real<\/a>.&nbsp;<\/p>\n\n\n\n<p>Si bien el crecimiento del municipio hacia la ladera sur de La Pedriza ha sido notable, se ha conseguido mantenerlo en jaque gracias a las medidas protectoras implementadas por el parque regional de la Cuenca Alta del Manzanares. Esta entidad ha sido fundamental para preservar el equilibrio ecol\u00f3gico del \u00e1rea y garantizar que el desarrollo no avance a costa de la salud de estos ecosistemas.<\/p>\n\n\n\n<figure class=\"wp-block-image size-large\"><img decoding=\"async\" src=\"https:\/\/www.escapadarural.com\/blog\/wp-content\/uploads\/2024\/10\/la-pedriza-1-1024x683-1.jpg\" alt=\"La Pedriza\" class=\"wp-image-65610\"\/><figcaption class=\"wp-element-caption\">La Pedriza. Por Abuelo Ramiro<\/figcaption><\/figure>\n\n\n\n<p>A pesar de estas protecciones, el incremento del turismo y el uso intensivo y a menudo irrespetuoso de La Pedriza <strong>han contribuido a una degradaci\u00f3n notable del entorno natural<\/strong>. Este deterioro se manifiesta en distintas formas, desde la erosi\u00f3n del suelo hasta la perturbaci\u00f3n de la fauna local. Como respuesta a esta situaci\u00f3n, a partir de junio de 2016, las autoridades implementaron regulaciones m\u00e1s estrictas para conservar el \u00e1rea. Se prohibi\u00f3 el ba\u00f1o en las charcas y pozas, lugares que a menudo eran el foco de congregaciones masivas y residuos.<\/p>\n\n\n\n<figure class=\"wp-block-image size-large\"><a href=\"https:\/\/www.escapadarural.com\/blog\/wp-content\/uploads\/Charca-verde-en-el-rio-Manzanares-La-Pedriza-scaled.jpg\"><img decoding=\"async\" src=\"https:\/\/www.escapadarural.com\/blog\/wp-content\/uploads\/2024\/10\/Charca-verde-en-el-rio-Manzanares-La-Pedriza-1024x768-1.jpg\" alt=\"Charca verde en el r\u00edo Manzanares, La Pedriza\" class=\"wp-image-65604\"\/><\/a><figcaption class=\"wp-element-caption\">Charca verde en el r\u00edo Manzanares, La Pedriza. Por jasimaco<\/figcaption><\/figure>\n\n\n\n<p>El tr\u00e1fico vehicular es otro de los puntos de atenci\u00f3n. Para controlar la afluencia de coches, se ha establecido un horario de <strong>acceso limitado durante la temporada de verano<\/strong>, que va hasta el 30 de septiembre. Los veh\u00edculos s\u00f3lo pueden ingresar de 7:30 a 9:30 y de 18:30 a 22:30 horas, y una vez alcanzado el l\u00edmite de capacidad, se restringe el acceso adicional. <\/p>\n\n\n\n<p>Adem\u00e1s, se ha dispuesto un desalojo completo en horario nocturno, desde las 23:00 hasta las 7:30 horas, para garantizar que el \u00e1rea tenga un per\u00edodo de reposo. Durante la temporada invernal, las restricciones horarias se activan \u00fanicamente en fines de semana y d\u00edas festivos, con la barrera cerrada entre las 10:30 y las 16:00 horas.<\/p>\n\n\n\n<p>Estas medidas, aunque pueden parecer restrictivas para algunos visitantes, son esenciales para garantizar que las futuras generaciones puedan disfrutar de La Pedriza y que este invaluable espacio natural mantenga su belleza y biodiversidad en los a\u00f1os venideros.<\/p>\n\n\n\n<figure class=\"wp-block-image size-large\"><a href=\"https:\/\/www.escapadarural.com\/blog\/wp-content\/uploads\/la-pedriza-cabras-scaled.jpg\"><img decoding=\"async\" src=\"https:\/\/www.escapadarural.com\/blog\/wp-content\/uploads\/2024\/10\/la-pedriza-cabras-1024x683-1.jpg\" alt=\"Cabras en La Pedriza\" class=\"wp-image-65607\"\/><\/a><figcaption class=\"wp-element-caption\">Cabras en La Pedriza, Por pintxoman<\/figcaption><\/figure>\n\n\n\n<p>En conclusi\u00f3n, La Pedriza representa un maravilloso entramado donde la ciencia y la narrativa se entrelazan. Sus formaciones rocosas, esculpidas por la naturaleza durante millones de a\u00f1os, nos recuerdan la majestuosidad y el poder del tiempo y de los procesos geol\u00f3gicos. Al mismo tiempo, las historias y leyendas que han surgido en torno a estas formaciones convierten a La Pedriza en un lugar m\u00e1gico, donde el <strong>pasado geol\u00f3gico <\/strong>y el presente imaginativo coexisten en armon\u00eda. Por todo ello,<strong> <\/strong>no es de extra\u00f1ar que este enclave geol\u00f3gico haya capturado la atenci\u00f3n y el coraz\u00f3n de tantos visitantes.<\/p>\n\n\n\n<div class=\"wp-block-buttons is-layout-flex wp-block-buttons-is-layout-flex\">\n<div class=\"wp-block-button\"><a class=\"wp-block-button__link wp-element-button\" href=\"\/casas-rurales\/sierra-de-guadarrama\">Casas rurales en el Parque Nacional de la Sierra de Guadarrama<\/a><\/div>\n<\/div>\n","protected":false},"excerpt":{"rendered":"<p>La Pedriza es una joya geol\u00f3gica situada en el Parque Nacional de la Sierra de Guadarrama. En ella podemos encontrarnos rocas con formas curiosas, como el elefantito o el caracol. <\/p>\n","protected":false},"author":120,"featured_media":96330,"comment_status":"open","ping_status":"open","sticky":false,"template":"","format":"standard","meta":{"_acf_changed":false,"om_disable_all_campaigns":false,"footnotes":""},"categories":[191],"tags":[260,2621,407,2420],"class_list":["post-65382","post","type-post","status-publish","format-standard","has-post-thumbnail","hentry","category-destinos","tag-articulo","tag-la-pedriza","tag-que-ver-en-madrid","tag-sierra-de-guadarrama"],"acf":[],"featured_image_src":"https:\/\/www.escapadarural.com\/blog\/wp-content\/uploads\/2024\/10\/La_Pedriza_-_51679516874.jpg","author_info":{"display_name":"Sergio Parra","author_link":"https:\/\/www.escapadarural.com\/blog\/autor\/sergio\/"},"yoast_head":"<!-- This site is optimized with the Yoast SEO plugin v27.2 - https:\/\/yoast.com\/product\/yoast-seo-wordpress\/ -->\n<title>El elefantito, el caracol y otros animales gran\u00edticos de La Pedriza - EscapadaRural<\/title>\n<meta name=\"robots\" content=\"index, follow, max-snippet:-1, max-image-preview:large, max-video-preview:-1\" \/>\n<link rel=\"canonical\" href=\"https:\/\/www.escapadarural.com\/blog\/los-animales-graniticos-de-la-pedriza\/\" \/>\n<meta property=\"og:locale\" content=\"es_ES\" \/>\n<meta property=\"og:type\" content=\"article\" \/>\n<meta property=\"og:title\" content=\"El elefantito, el caracol y otros animales gran\u00edticos de La Pedriza - EscapadaRural\" \/>\n<meta property=\"og:description\" content=\"La Pedriza es una joya geol\u00f3gica situada en el Parque Nacional de la Sierra de Guadarrama. En ella podemos encontrarnos rocas con formas curiosas, como el elefantito o el caracol.\" \/>\n<meta property=\"og:url\" content=\"https:\/\/www.escapadarural.com\/blog\/los-animales-graniticos-de-la-pedriza\/\" \/>\n<meta property=\"og:site_name\" content=\"Magazine de viajes de EscapadaRural\" \/>\n<meta property=\"article:publisher\" content=\"https:\/\/www.facebook.com\/escapadarural\" \/>\n<meta property=\"article:published_time\" content=\"2023-08-28T10:22:12+00:00\" \/>\n<meta property=\"article:modified_time\" content=\"2025-03-10T18:39:14+00:00\" \/>\n<meta property=\"og:image\" content=\"https:\/\/app.escapadarural.com\/blog\/wp-content\/uploads\/2024\/10\/La_Pedriza_-_51679516874.jpg\" \/>\n\t<meta property=\"og:image:width\" content=\"1024\" \/>\n\t<meta property=\"og:image:height\" content=\"682\" \/>\n\t<meta property=\"og:image:type\" content=\"image\/jpeg\" \/>\n<meta name=\"author\" content=\"Sergio Parra\" \/>\n<meta name=\"twitter:card\" content=\"summary_large_image\" \/>\n<meta name=\"twitter:label1\" content=\"Escrito por\" \/>\n\t<meta name=\"twitter:data1\" content=\"Sergio Parra\" \/>\n\t<meta name=\"twitter:label2\" content=\"Tiempo de lectura\" \/>\n\t<meta name=\"twitter:data2\" content=\"8 minutos\" \/>\n<script type=\"application\/ld+json\" class=\"yoast-schema-graph\">{\"@context\":\"https:\/\/schema.org\",\"@graph\":[{\"@type\":\"Article\",\"@id\":\"https:\/\/www.escapadarural.com\/blog\/los-animales-graniticos-de-la-pedriza\/#article\",\"isPartOf\":{\"@id\":\"https:\/\/www.escapadarural.com\/blog\/los-animales-graniticos-de-la-pedriza\/\"},\"author\":{\"name\":\"Sergio Parra\",\"@id\":\"https:\/\/www.escapadarural.com\/blog\/#\/schema\/person\/b19b2221b2fc03d3ab5ec82d81f7a678\"},\"headline\":\"El elefantito, el caracol y otros animales gran\u00edticos de La Pedriza\",\"datePublished\":\"2023-08-28T10:22:12+00:00\",\"dateModified\":\"2025-03-10T18:39:14+00:00\",\"mainEntityOfPage\":{\"@id\":\"https:\/\/www.escapadarural.com\/blog\/los-animales-graniticos-de-la-pedriza\/\"},\"wordCount\":1306,\"commentCount\":0,\"publisher\":{\"@id\":\"https:\/\/www.escapadarural.com\/blog\/#organization\"},\"image\":{\"@id\":\"https:\/\/www.escapadarural.com\/blog\/los-animales-graniticos-de-la-pedriza\/#primaryimage\"},\"thumbnailUrl\":\"https:\/\/www.escapadarural.com\/blog\/wp-content\/uploads\/2024\/10\/La_Pedriza_-_51679516874.jpg\",\"keywords\":[\"art\u00edculo\",\"La Pedriza\",\"Madrid\",\"Sierra de Guadarrama\"],\"articleSection\":[\"Destinos\"],\"inLanguage\":\"es\",\"potentialAction\":[{\"@type\":\"CommentAction\",\"name\":\"Comment\",\"target\":[\"https:\/\/www.escapadarural.com\/blog\/los-animales-graniticos-de-la-pedriza\/#respond\"]}]},{\"@type\":\"WebPage\",\"@id\":\"https:\/\/www.escapadarural.com\/blog\/los-animales-graniticos-de-la-pedriza\/\",\"url\":\"https:\/\/www.escapadarural.com\/blog\/los-animales-graniticos-de-la-pedriza\/\",\"name\":\"El elefantito, el caracol y otros animales gran\u00edticos de La Pedriza - EscapadaRural\",\"isPartOf\":{\"@id\":\"https:\/\/www.escapadarural.com\/blog\/#website\"},\"primaryImageOfPage\":{\"@id\":\"https:\/\/www.escapadarural.com\/blog\/los-animales-graniticos-de-la-pedriza\/#primaryimage\"},\"image\":{\"@id\":\"https:\/\/www.escapadarural.com\/blog\/los-animales-graniticos-de-la-pedriza\/#primaryimage\"},\"thumbnailUrl\":\"https:\/\/www.escapadarural.com\/blog\/wp-content\/uploads\/2024\/10\/La_Pedriza_-_51679516874.jpg\",\"datePublished\":\"2023-08-28T10:22:12+00:00\",\"dateModified\":\"2025-03-10T18:39:14+00:00\",\"breadcrumb\":{\"@id\":\"https:\/\/www.escapadarural.com\/blog\/los-animales-graniticos-de-la-pedriza\/#breadcrumb\"},\"inLanguage\":\"es\",\"potentialAction\":[{\"@type\":\"ReadAction\",\"target\":[\"https:\/\/www.escapadarural.com\/blog\/los-animales-graniticos-de-la-pedriza\/\"]}]},{\"@type\":\"ImageObject\",\"inLanguage\":\"es\",\"@id\":\"https:\/\/www.escapadarural.com\/blog\/los-animales-graniticos-de-la-pedriza\/#primaryimage\",\"url\":\"https:\/\/www.escapadarural.com\/blog\/wp-content\/uploads\/2024\/10\/La_Pedriza_-_51679516874.jpg\",\"contentUrl\":\"https:\/\/www.escapadarural.com\/blog\/wp-content\/uploads\/2024\/10\/La_Pedriza_-_51679516874.jpg\",\"width\":1024,\"height\":682,\"caption\":\"Paisaje monta\u00f1oso rocoso bajo un cielo azul brillante con nubes dispersas. El terreno escarpado, perfecto para el turismo rural, est\u00e1 cubierto de una vegetaci\u00f3n verde dispersa, y en la parte inferior derecha de la imagen se ve un camino serpenteante.\"},{\"@type\":\"BreadcrumbList\",\"@id\":\"https:\/\/www.escapadarural.com\/blog\/los-animales-graniticos-de-la-pedriza\/#breadcrumb\",\"itemListElement\":[{\"@type\":\"ListItem\",\"position\":1,\"name\":\"Inicio\",\"item\":\"https:\/\/www.escapadarural.com\/blog\/\"},{\"@type\":\"ListItem\",\"position\":2,\"name\":\"Destinos\",\"item\":\"https:\/\/www.escapadarural.com\/blog\/categoria\/destinos\/\"},{\"@type\":\"ListItem\",\"position\":3,\"name\":\"El elefantito, el caracol y otros animales gran\u00edticos de La Pedriza\"}]},{\"@type\":\"WebSite\",\"@id\":\"https:\/\/www.escapadarural.com\/blog\/#website\",\"url\":\"https:\/\/www.escapadarural.com\/blog\/\",\"name\":\"Blog de viajes | turismo rural, alojamientos e inspiraci\u00f3n\",\"description\":\"Alojamientos rurales e inspiraci\u00f3n para tus escapadas\",\"publisher\":{\"@id\":\"https:\/\/www.escapadarural.com\/blog\/#organization\"},\"alternateName\":\"Magazine de viajes de EscapadaRural\",\"potentialAction\":[{\"@type\":\"SearchAction\",\"target\":{\"@type\":\"EntryPoint\",\"urlTemplate\":\"https:\/\/www.escapadarural.com\/blog\/?s={search_term_string}\"},\"query-input\":{\"@type\":\"PropertyValueSpecification\",\"valueRequired\":true,\"valueName\":\"search_term_string\"}}],\"inLanguage\":\"es\"},{\"@type\":\"Organization\",\"@id\":\"https:\/\/www.escapadarural.com\/blog\/#organization\",\"name\":\"EscapadaRural\",\"url\":\"https:\/\/www.escapadarural.com\/blog\/\",\"logo\":{\"@type\":\"ImageObject\",\"inLanguage\":\"es\",\"@id\":\"https:\/\/www.escapadarural.com\/blog\/#\/schema\/logo\/image\/\",\"url\":\"https:\/\/www.escapadarural.com\/blog\/wp-content\/uploads\/2024\/10\/cropped-cropped-escapada-rural-icon-mag-3.png\",\"contentUrl\":\"https:\/\/www.escapadarural.com\/blog\/wp-content\/uploads\/2024\/10\/cropped-cropped-escapada-rural-icon-mag-3.png\",\"width\":512,\"height\":512,\"caption\":\"EscapadaRural\"},\"image\":{\"@id\":\"https:\/\/www.escapadarural.com\/blog\/#\/schema\/logo\/image\/\"},\"sameAs\":[\"https:\/\/www.facebook.com\/escapadarural\",\"https:\/\/www.instagram.com\/escapadarural\/\",\"https:\/\/www.youtube.com\/@escapadaruralcom\"]},{\"@type\":\"Person\",\"@id\":\"https:\/\/www.escapadarural.com\/blog\/#\/schema\/person\/b19b2221b2fc03d3ab5ec82d81f7a678\",\"name\":\"Sergio Parra\",\"image\":{\"@type\":\"ImageObject\",\"inLanguage\":\"es\",\"@id\":\"https:\/\/www.escapadarural.com\/blog\/wp-content\/uploads\/2025\/02\/cropped-sergio_parra.webp\",\"url\":\"https:\/\/www.escapadarural.com\/blog\/wp-content\/uploads\/2025\/02\/cropped-sergio_parra.webp\",\"contentUrl\":\"https:\/\/www.escapadarural.com\/blog\/wp-content\/uploads\/2025\/02\/cropped-sergio_parra.webp\",\"caption\":\"Sergio Parra\"},\"description\":\"Juntaletras, divulgador y alfanum\u00e9rico vocacional. Siempre a la caza de historias que iluminen el camino y de ense\u00f1anzas que permitan capturar lo que te salga al paso. Escribo en Yorokobu, Jot Down y Muy Interesante, y soy editor de Xataka Ciencia y Diario del Viajero. Cuando necesito recogimiento, escribo libros. Cuando me siento extrovertido, salgo en el canal de YouTube Optirrealismo o el podcast Xanad\u00fa: Hearst &amp; Kane. Cuando busco perspectiva, me marcho lejos en bicicleta.\",\"sameAs\":[\"https:\/\/about.me\/sergioparra\",\"https:\/\/www.instagram.com\/melvinud\/\"],\"url\":\"https:\/\/www.escapadarural.com\/blog\/autor\/sergio\/\"}]}<\/script>\n<!-- \/ Yoast SEO plugin. -->","yoast_head_json":{"title":"El elefantito, el caracol y otros animales gran\u00edticos de La Pedriza - EscapadaRural","robots":{"index":"index","follow":"follow","max-snippet":"max-snippet:-1","max-image-preview":"max-image-preview:large","max-video-preview":"max-video-preview:-1"},"canonical":"https:\/\/www.escapadarural.com\/blog\/los-animales-graniticos-de-la-pedriza\/","og_locale":"es_ES","og_type":"article","og_title":"El elefantito, el caracol y otros animales gran\u00edticos de La Pedriza - EscapadaRural","og_description":"La Pedriza es una joya geol\u00f3gica situada en el Parque Nacional de la Sierra de Guadarrama. En ella podemos encontrarnos rocas con formas curiosas, como el elefantito o el caracol.","og_url":"https:\/\/www.escapadarural.com\/blog\/los-animales-graniticos-de-la-pedriza\/","og_site_name":"Magazine de viajes de EscapadaRural","article_publisher":"https:\/\/www.facebook.com\/escapadarural","article_published_time":"2023-08-28T10:22:12+00:00","article_modified_time":"2025-03-10T18:39:14+00:00","og_image":[{"width":1024,"height":682,"url":"https:\/\/app.escapadarural.com\/blog\/wp-content\/uploads\/2024\/10\/La_Pedriza_-_51679516874.jpg","type":"image\/jpeg"}],"author":"Sergio Parra","twitter_card":"summary_large_image","twitter_misc":{"Escrito por":"Sergio Parra","Tiempo de lectura":"8 minutos"},"schema":{"@context":"https:\/\/schema.org","@graph":[{"@type":"Article","@id":"https:\/\/www.escapadarural.com\/blog\/los-animales-graniticos-de-la-pedriza\/#article","isPartOf":{"@id":"https:\/\/www.escapadarural.com\/blog\/los-animales-graniticos-de-la-pedriza\/"},"author":{"name":"Sergio Parra","@id":"https:\/\/www.escapadarural.com\/blog\/#\/schema\/person\/b19b2221b2fc03d3ab5ec82d81f7a678"},"headline":"El elefantito, el caracol y otros animales gran\u00edticos de La Pedriza","datePublished":"2023-08-28T10:22:12+00:00","dateModified":"2025-03-10T18:39:14+00:00","mainEntityOfPage":{"@id":"https:\/\/www.escapadarural.com\/blog\/los-animales-graniticos-de-la-pedriza\/"},"wordCount":1306,"commentCount":0,"publisher":{"@id":"https:\/\/www.escapadarural.com\/blog\/#organization"},"image":{"@id":"https:\/\/www.escapadarural.com\/blog\/los-animales-graniticos-de-la-pedriza\/#primaryimage"},"thumbnailUrl":"https:\/\/www.escapadarural.com\/blog\/wp-content\/uploads\/2024\/10\/La_Pedriza_-_51679516874.jpg","keywords":["art\u00edculo","La Pedriza","Madrid","Sierra de Guadarrama"],"articleSection":["Destinos"],"inLanguage":"es","potentialAction":[{"@type":"CommentAction","name":"Comment","target":["https:\/\/www.escapadarural.com\/blog\/los-animales-graniticos-de-la-pedriza\/#respond"]}]},{"@type":"WebPage","@id":"https:\/\/www.escapadarural.com\/blog\/los-animales-graniticos-de-la-pedriza\/","url":"https:\/\/www.escapadarural.com\/blog\/los-animales-graniticos-de-la-pedriza\/","name":"El elefantito, el caracol y otros animales gran\u00edticos de La Pedriza - EscapadaRural","isPartOf":{"@id":"https:\/\/www.escapadarural.com\/blog\/#website"},"primaryImageOfPage":{"@id":"https:\/\/www.escapadarural.com\/blog\/los-animales-graniticos-de-la-pedriza\/#primaryimage"},"image":{"@id":"https:\/\/www.escapadarural.com\/blog\/los-animales-graniticos-de-la-pedriza\/#primaryimage"},"thumbnailUrl":"https:\/\/www.escapadarural.com\/blog\/wp-content\/uploads\/2024\/10\/La_Pedriza_-_51679516874.jpg","datePublished":"2023-08-28T10:22:12+00:00","dateModified":"2025-03-10T18:39:14+00:00","breadcrumb":{"@id":"https:\/\/www.escapadarural.com\/blog\/los-animales-graniticos-de-la-pedriza\/#breadcrumb"},"inLanguage":"es","potentialAction":[{"@type":"ReadAction","target":["https:\/\/www.escapadarural.com\/blog\/los-animales-graniticos-de-la-pedriza\/"]}]},{"@type":"ImageObject","inLanguage":"es","@id":"https:\/\/www.escapadarural.com\/blog\/los-animales-graniticos-de-la-pedriza\/#primaryimage","url":"https:\/\/www.escapadarural.com\/blog\/wp-content\/uploads\/2024\/10\/La_Pedriza_-_51679516874.jpg","contentUrl":"https:\/\/www.escapadarural.com\/blog\/wp-content\/uploads\/2024\/10\/La_Pedriza_-_51679516874.jpg","width":1024,"height":682,"caption":"Paisaje monta\u00f1oso rocoso bajo un cielo azul brillante con nubes dispersas. El terreno escarpado, perfecto para el turismo rural, est\u00e1 cubierto de una vegetaci\u00f3n verde dispersa, y en la parte inferior derecha de la imagen se ve un camino serpenteante."},{"@type":"BreadcrumbList","@id":"https:\/\/www.escapadarural.com\/blog\/los-animales-graniticos-de-la-pedriza\/#breadcrumb","itemListElement":[{"@type":"ListItem","position":1,"name":"Inicio","item":"https:\/\/www.escapadarural.com\/blog\/"},{"@type":"ListItem","position":2,"name":"Destinos","item":"https:\/\/www.escapadarural.com\/blog\/categoria\/destinos\/"},{"@type":"ListItem","position":3,"name":"El elefantito, el caracol y otros animales gran\u00edticos de La Pedriza"}]},{"@type":"WebSite","@id":"https:\/\/www.escapadarural.com\/blog\/#website","url":"https:\/\/www.escapadarural.com\/blog\/","name":"Blog de viajes | turismo rural, alojamientos e inspiraci\u00f3n","description":"Alojamientos rurales e inspiraci\u00f3n para tus escapadas","publisher":{"@id":"https:\/\/www.escapadarural.com\/blog\/#organization"},"alternateName":"Magazine de viajes de EscapadaRural","potentialAction":[{"@type":"SearchAction","target":{"@type":"EntryPoint","urlTemplate":"https:\/\/www.escapadarural.com\/blog\/?s={search_term_string}"},"query-input":{"@type":"PropertyValueSpecification","valueRequired":true,"valueName":"search_term_string"}}],"inLanguage":"es"},{"@type":"Organization","@id":"https:\/\/www.escapadarural.com\/blog\/#organization","name":"EscapadaRural","url":"https:\/\/www.escapadarural.com\/blog\/","logo":{"@type":"ImageObject","inLanguage":"es","@id":"https:\/\/www.escapadarural.com\/blog\/#\/schema\/logo\/image\/","url":"https:\/\/www.escapadarural.com\/blog\/wp-content\/uploads\/2024\/10\/cropped-cropped-escapada-rural-icon-mag-3.png","contentUrl":"https:\/\/www.escapadarural.com\/blog\/wp-content\/uploads\/2024\/10\/cropped-cropped-escapada-rural-icon-mag-3.png","width":512,"height":512,"caption":"EscapadaRural"},"image":{"@id":"https:\/\/www.escapadarural.com\/blog\/#\/schema\/logo\/image\/"},"sameAs":["https:\/\/www.facebook.com\/escapadarural","https:\/\/www.instagram.com\/escapadarural\/","https:\/\/www.youtube.com\/@escapadaruralcom"]},{"@type":"Person","@id":"https:\/\/www.escapadarural.com\/blog\/#\/schema\/person\/b19b2221b2fc03d3ab5ec82d81f7a678","name":"Sergio Parra","image":{"@type":"ImageObject","inLanguage":"es","@id":"https:\/\/www.escapadarural.com\/blog\/wp-content\/uploads\/2025\/02\/cropped-sergio_parra.webp","url":"https:\/\/www.escapadarural.com\/blog\/wp-content\/uploads\/2025\/02\/cropped-sergio_parra.webp","contentUrl":"https:\/\/www.escapadarural.com\/blog\/wp-content\/uploads\/2025\/02\/cropped-sergio_parra.webp","caption":"Sergio Parra"},"description":"Juntaletras, divulgador y alfanum\u00e9rico vocacional. Siempre a la caza de historias que iluminen el camino y de ense\u00f1anzas que permitan capturar lo que te salga al paso. Escribo en Yorokobu, Jot Down y Muy Interesante, y soy editor de Xataka Ciencia y Diario del Viajero. Cuando necesito recogimiento, escribo libros. Cuando me siento extrovertido, salgo en el canal de YouTube Optirrealismo o el podcast Xanad\u00fa: Hearst &amp; Kane. Cuando busco perspectiva, me marcho lejos en bicicleta.","sameAs":["https:\/\/about.me\/sergioparra","https:\/\/www.instagram.com\/melvinud\/"],"url":"https:\/\/www.escapadarural.com\/blog\/autor\/sergio\/"}]}},"_links":{"self":[{"href":"https:\/\/www.escapadarural.com\/blog\/wp-json\/wp\/v2\/posts\/65382","targetHints":{"allow":["GET"]}}],"collection":[{"href":"https:\/\/www.escapadarural.com\/blog\/wp-json\/wp\/v2\/posts"}],"about":[{"href":"https:\/\/www.escapadarural.com\/blog\/wp-json\/wp\/v2\/types\/post"}],"author":[{"embeddable":true,"href":"https:\/\/www.escapadarural.com\/blog\/wp-json\/wp\/v2\/users\/120"}],"replies":[{"embeddable":true,"href":"https:\/\/www.escapadarural.com\/blog\/wp-json\/wp\/v2\/comments?post=65382"}],"version-history":[{"count":0,"href":"https:\/\/www.escapadarural.com\/blog\/wp-json\/wp\/v2\/posts\/65382\/revisions"}],"wp:featuredmedia":[{"embeddable":true,"href":"https:\/\/www.escapadarural.com\/blog\/wp-json\/wp\/v2\/media\/96330"}],"wp:attachment":[{"href":"https:\/\/www.escapadarural.com\/blog\/wp-json\/wp\/v2\/media?parent=65382"}],"wp:term":[{"taxonomy":"category","embeddable":true,"href":"https:\/\/www.escapadarural.com\/blog\/wp-json\/wp\/v2\/categories?post=65382"},{"taxonomy":"post_tag","embeddable":true,"href":"https:\/\/www.escapadarural.com\/blog\/wp-json\/wp\/v2\/tags?post=65382"}],"curies":[{"name":"wp","href":"https:\/\/api.w.org\/{rel}","templated":true}]}}