{"id":65414,"date":"2023-09-12T06:52:00","date_gmt":"2023-09-12T05:52:00","guid":{"rendered":"https:\/\/www.escapadarural.com\/blog\/?p=65414"},"modified":"2026-02-06T10:15:33","modified_gmt":"2026-02-06T09:15:33","slug":"parques-naturales-de-castellon","status":"publish","type":"post","link":"https:\/\/www.escapadarural.com\/blog\/parques-naturales-de-castellon\/","title":{"rendered":"Los incre\u00edbles parques naturales de la provincia de Castell\u00f3n: vivir la naturaleza, descubrir paisajes"},"content":{"rendered":"\n<figure class=\"wp-block-image size-large\"><a href=\"https:\/\/www.escapadarural.com\/blog\/wp-content\/uploads\/Tinenca_paisatge-scaled.jpg\"><img decoding=\"async\" src=\"https:\/\/www.escapadarural.com\/blog\/wp-content\/uploads\/2024\/10\/Tinenca_paisatge-1024x682-13.jpg\" alt=\"Tinen\u00e7a de Benifassa\" class=\"wp-image-65424\"\/><\/a><figcaption class=\"wp-element-caption\">Por: Turismo de Castell\u00f3n<\/figcaption><\/figure>\n\n\n\n<p>El extenso <strong>patrimonio natural<\/strong> de la provincia de <a href=\"\/casas-rurales\/castellon\" target=\"_blank\" rel=\"noreferrer noopener\">Castell\u00f3n <\/a>se ofrece para el conocimiento y disfrute de todos los amantes de la naturaleza.&nbsp;Recuerda que la naturaleza es fr\u00e1gil, por lo que nuestro paso por parajes y paisajes debe realizarse con el mayor cuidado posible para, de esta forma, preservar los valiosos ecosistemas y transmitirlos a las futuras generaciones.<\/p>\n\n\n\n<p><strong>Ocho parques naturales<\/strong>, veinte parajes naturales, un monumento natural, un paisaje protegido, numerosas microrreservas y espacios naturales de inter\u00e9s conforman en las tierras de la provincia de Castell\u00f3n un universo de lugares y paisajes singulares para descubrir la naturaleza en todo su esplendor.<\/p>\n\n\n\n<p>En la web de Turismo de la <a href=\"http:\/\/www.turismodecastellon.com\" target=\"_blank\" rel=\"noreferrer noopener nofollow\">Provincia de Castell\u00f3n<\/a> podemos encontrar informaci\u00f3n de sus parques y parajes naturales.<\/p>\n\n\n\n<div class=\"wp-block-buttons is-layout-flex wp-block-buttons-is-layout-flex\">\n<div class=\"wp-block-button\"><a class=\"wp-block-button__link wp-element-button\" href=\"\/casas-rurales\/castellon\" target=\"_blank\" rel=\"noreferrer noopener\">Casas rurales en Castell\u00f3n<\/a><\/div>\n<\/div>\n\n\n\n<h2 class=\"wp-block-heading\" id=\"h-parque-natural-de-la-sierra-de-irta-y-reserva-natural-marina-de-irta\"><strong>Parque Natural de la Sierra de Irta y Reserva Natural Marina de Irta<\/strong><\/h2>\n\n\n\n<figure class=\"wp-block-image size-large\"><a href=\"https:\/\/www.escapadarural.com\/blog\/wp-content\/uploads\/sierra-irta-Castillo_-Alcala_de-Xivert_04-scaled.jpg\"><img decoding=\"async\" src=\"https:\/\/www.escapadarural.com\/blog\/wp-content\/uploads\/2024\/10\/sierra-irta-Castillo_-Alcala_de-Xivert_04-1024x575-2.jpg\" alt=\"Castillo de Alcal\u00e0 de Xivert, Castell\u00f3n.\" class=\"wp-image-65417\"\/><\/a><figcaption class=\"wp-element-caption\">Castillo de Alcal\u00e0 de Xivert. Por: Turismo de Castell\u00f3n<\/figcaption><\/figure>\n\n\n\n<p>Es un parque natural de naturaleza forestal pero de \u00e1mbito litoral, situado en la comarca del <a href=\"\/casas-rurales\/baix-maestrat\" data-type=\"URL\" data-id=\"\/casas-rurales\/baix-maestrat\" target=\"_blank\" rel=\"noreferrer noopener\">Baix Maestrat<\/a>. En \u00e9l destacan los acantilados bajos y medios sobresaliendo de estos \u00faltimos la <strong>torre Badum<\/strong>, con extraordinarios paisajes sobre el mar Mediterr\u00e1neo.<\/p>\n\n\n\n<p>Adem\u00e1s encontramos dos castillos en las localidades de <strong>Alcal\u00e0 de Xivert y Santa Magdalena de Pulpis<\/strong> que son, por si solos, merecedores de una visita para conocer estas fortalezas de origen \u00e1rabe y que m\u00e1s tarde pasaron a manos de la Orden del Temple y la Orden de Montesa.<\/p>\n\n\n\n<p>Menci\u00f3n aparte merece la riqueza submarina que atesora la reserva marina con una pradera de posidonia muy bien conservada. Un lugar espl\u00e9ndido para practicar el esn\u00f3rquel o el buceo.<\/p>\n\n\n\n<h2 class=\"wp-block-heading\" id=\"h-parque-natural-del-prat-de-cabanes-torreblanca\"><strong>Parque Natural del Prat de Cabanes-Torreblanca<\/strong><\/h2>\n\n\n\n<figure class=\"wp-block-image size-large\"><a href=\"https:\/\/www.escapadarural.com\/blog\/wp-content\/uploads\/Torreblanca_06-scaled.jpg\"><img decoding=\"async\" src=\"https:\/\/www.escapadarural.com\/blog\/wp-content\/uploads\/2024\/10\/Torreblanca_06-1024x682-1.jpg\" alt=\"Parque Natural del Prat de Cabanes-Torreblanca\" class=\"wp-image-65418\"\/><\/a><figcaption class=\"wp-element-caption\">Por: Turismo de Castell\u00f3n<\/figcaption><\/figure>\n\n\n\n<p>Se caracteriza por ser un prado pantanoso en estado de colmataci\u00f3n que, debido a las explotaciones de extracci\u00f3n de turba, se pueden observar <strong>peque\u00f1as lagunas de aguas libres<\/strong>.<\/p>\n\n\n\n<p>En el parque natural se observan diferentes <strong>ecosistemas<\/strong>, que desde la costa hacia el interior, se van sustituyendo en funci\u00f3n del gradiente de salinidad que presentan sus suelos, ofreci\u00e9ndonos as\u00ed una lecci\u00f3n pr\u00e1ctica de como la naturaleza se adapta al entorno.<\/p>\n\n\n\n<p>El espacio es tambi\u00e9n zona de nidificaci\u00f3n y paso de varias especies de <strong>aves<\/strong>. Para poder observarlas, en el parque encontrar\u00e1s zonas debidamente habilitadas para ello.<\/p>\n\n\n\n<h2 class=\"wp-block-heading\" id=\"h-parque-natural-del-desert-de-les-palmes\"><strong>Parque Natural del Desert de les Palmes<\/strong><\/h2>\n\n\n\n<figure class=\"wp-block-image size-large\"><img decoding=\"async\" src=\"https:\/\/www.escapadarural.com\/blog\/wp-content\/uploads\/2024\/10\/monasterio_antiguo_parque_natural_desierto_de_las_palmas_benicassim_provincia_de_castellon-1-1024x683-1.jpg\" alt=\"Desierto de las Palmas, Castell\u00f3n\" class=\"wp-image-65419\"\/><figcaption class=\"wp-element-caption\">Monasterio antiguo de la Orden de los Carmelitas. Por: Turismo de Castell\u00f3n<\/figcaption><\/figure>\n\n\n\n<p>Este paraje natural est\u00e1 formado por la <strong>sierra del Desert, de Les Santes y les Agulles de Santa Agueda<\/strong>, en la comarca de la <a href=\"\/casas-rurales\/plana-alta\" target=\"_blank\" data-type=\"URL\" data-id=\"\/casas-rurales\/plana-alta\" rel=\"noreferrer noopener\">Plana Alta<\/a>, estas \u00faltimas de una geomorfolog\u00eda espectacular por el efecto de la erosi\u00f3n diferencial. En el paraje natural se encuentra el <strong>nuevo monasterio de la Orden de los Carmelitas<\/strong> que se acab\u00f3 de construir en el 1796, aunque tambi\u00e9n se pueden visitar los vestigios del antiguo convento de los Carmelitas de finales del siglo XVII y principio del XVIII.&nbsp;<\/p>\n\n\n\n<p>El nombre de desierto deriva por el retiro espiritual que acompa\u00f1aba a esta orden en la sierra y el de las palmas por la abundancia de palmito (Chamaerops humilis), \u00fanica especie de palmera aut\u00f3ctona de la pen\u00ednsula ib\u00e9rica.<\/p>\n\n\n\n<p>Adem\u00e1s, los parajes del Castillo de Miravet, Castillo de Montorn\u00e9s o Ermita de les Santes, son lugares donde vivir momentos rodeados de naturaleza, contemplando paisajes&nbsp;\u00fanicos.<\/p>\n\n\n\n<h2 class=\"wp-block-heading\" id=\"h-parque-natural-del-penyagolosa\"><strong>Parque Natural del Penyagolosa<\/strong><\/h2>\n\n\n\n<figure class=\"wp-block-image size-large\"><a href=\"https:\/\/www.escapadarural.com\/blog\/wp-content\/uploads\/PENYAGOLOSA-TRAil-scaled.jpg\"><img decoding=\"async\" src=\"https:\/\/www.escapadarural.com\/blog\/wp-content\/uploads\/2024\/10\/PENYAGOLOSA-TRAil-1024x814-1.jpg\" alt=\"Penyagolosa\" class=\"wp-image-65420\"\/><\/a><figcaption class=\"wp-element-caption\">Por: Turismo de Castell\u00f3n<\/figcaption><\/figure>\n\n\n\n<p>Este parque natural situado entre la comarca de <strong>l\u2019Alcalat\u00e9n y el Alto Mijares<\/strong>, se encuentra dominado por el pico que le da nombre al parque natural y que, con 1.814 m, es <strong>la cima m\u00e1s alta de las tierras valencianas<\/strong> y la m\u00e1s ic\u00f3nica para los senderistas. La ruta entre el santuario medieval de Sant Joan de Penyagolosa y la cima, es imprescindible para todos los amantes de la naturaleza y el senderismo.&nbsp;<\/p>\n\n\n\n<p>En este parque natural se observa una gradaci\u00f3n altitudinal de la <strong>vegetaci\u00f3n<\/strong>, dominando los bosques de pino carrasco a menores cotas, que son sustituidos por formaciones de carrascas y quejigos con pinares de pino negral. Al ascender de altitud, se desarrolla en estas zonas de mayor cota y con un clima m\u00e1s continental la sabina albar y en suelos descarbonatados el melojo.&nbsp;<\/p>\n\n\n\n<p>La fauna asociada a este riqu\u00edsimo ecosistema forestal podemos destacar del grupo de <strong>ornitofauna<\/strong>: las grandes rapaces (\u00e1guila real, \u00e1guila perdicera, halc\u00f3n peregrino, etc.) y mam\u00edferos como el gato mont\u00e9s, la cabra mont\u00e9s, la jineta y el tej\u00f3n.<\/p>\n\n\n\n<h2 class=\"wp-block-heading\" id=\"h-parque-natural-de-la-sierra-de-espadan\"><strong>Parque Natural de la Sierra de Espad\u00e1n<\/strong><\/h2>\n\n\n\n<figure class=\"wp-block-image size-large\"><a href=\"https:\/\/www.escapadarural.com\/blog\/wp-content\/uploads\/Artana_01-scaled.jpg\"><img decoding=\"async\" src=\"https:\/\/www.escapadarural.com\/blog\/wp-content\/uploads\/2024\/10\/Artana_01-1024x683-1.jpg\" alt=\"Parque Natural de la Sierra de Espad\u00e1n\" class=\"wp-image-65421\"\/><\/a><figcaption class=\"wp-element-caption\">Por: Turismo de Castell\u00f3n<\/figcaption><\/figure>\n\n\n\n<p>A caballo entre las comarcas de la Plana Baixa, Alto Mijares y Alto Palancia, est\u00e1 el <strong>Parque Natural de la Sierra de Espad\u00e1n<\/strong>, el de mayor superficie de la provincia de Castell\u00f3n.&nbsp;<\/p>\n\n\n\n<p>En el parque encontramos innumerables rincones de excepcional belleza y lugares que atesoran un patrimonio natural, hist\u00f3rico y cultural \u00fanico. Entre los que destacan sus <strong>bosques de alcornoques<\/strong>, presentes gracias a la naturaleza sil\u00edcea del suelo; sus <strong>poblaciones <\/strong>de marcado car\u00e1cter \u00e1rabe y que conservan el estilo tradicional de los pueblos de la sierra. Sus <strong>castillos y fortalezas<\/strong>, testigos mudos del paso del tiempo; las <strong>neveras <\/strong>o pozos de nieve, tan preciadas siglos atr\u00e1s; sus <strong>cimas<\/strong>, con unas panor\u00e1micas privilegiadas y numerosas \u00e1reas recreativas rodeadas de un entorno natural bien conservado.&nbsp;<\/p>\n\n\n\n<p>Las numerosas excursiones y rutas de la Sierra de Espad\u00e1n, nos adentran en un paisaje \u00fanico con un rico patrimonio cultural, que seguro har\u00e1 disfrutar a los <strong>amantes del senderismo<\/strong>.<\/p>\n\n\n\n<h2 class=\"wp-block-heading\" id=\"h-parque-natural-y-reserva-marina-de-las-islas-columbretes\"><strong>Parque Natural y Reserva Marina de las Islas Columbretes<\/strong><\/h2>\n\n\n\n<figure class=\"wp-block-image size-large\"><a href=\"https:\/\/www.escapadarural.com\/blog\/wp-content\/uploads\/Columbretes_171_03_JM-scaled.jpg\"><img decoding=\"async\" src=\"https:\/\/www.escapadarural.com\/blog\/wp-content\/uploads\/2024\/10\/Columbretes_171_03_JM-1024x768-1.jpg\" alt=\"Isla de Columbretes\" class=\"wp-image-65422\"\/><\/a><figcaption class=\"wp-element-caption\">Por: Turismo de Castell\u00f3n<\/figcaption><\/figure>\n\n\n\n<p>Cerca de las costas de Castell\u00f3n, a 28 millas del Cabo de Oropesa y a unas 30 millas marinas del Grau de Castell\u00f3 de la Plana emergen, desafiando el mar, las antiguas <strong>Islas de las Serpientes<\/strong>, ahora <strong>Columbretes<\/strong>, un peque\u00f1o archipi\u00e9lago de origen volc\u00e1nico a medio camino entre la Pen\u00ednsula y las Baleares.<\/p>\n\n\n\n<p>Protegido como parque natural desde 1988, alberga varias <strong>especies animales y vegetales<\/strong> escasas en el resto del Mediterr\u00e1neo, como la gaviota de Audouin, el halc\u00f3n de eleonora o la escas\u00edsima Reseda hookeri, y un n\u00famero considerable de especies \u00fanicas en el mundo como la lagartija de Columbretes o la alfalfa arb\u00f3rea.<\/p>\n\n\n\n<p>Por su parte la <strong>Reserva Marina de las Islas Columbretes<\/strong>, que forma parte de la Red de Reservas Marinas de Espa\u00f1a, posee una gran riqueza natural con diferentes especies marinas y ecosistemas muy interesantes.<\/p>\n\n\n\n<p>Las islas Columbretes por su car\u00e1cter volc\u00e1nico y por su inter\u00e9s natural son un aut\u00e9ntico para\u00edso para los practicantes del <strong>esn\u00f3rquel y buceo<\/strong>.<\/p>\n\n\n\n<h2 class=\"wp-block-heading\" id=\"h-parque-natural-de-la-tinenca-de-benifassa\"><strong>Parque Natural de la Tinen\u00e7a de Benifass\u00e0<\/strong><\/h2>\n\n\n\n<figure class=\"wp-block-image size-large\"><a href=\"https:\/\/www.escapadarural.com\/blog\/wp-content\/uploads\/riu_tinenca-scaled.jpg\"><img decoding=\"async\" src=\"https:\/\/www.escapadarural.com\/blog\/wp-content\/uploads\/2024\/10\/riu_tinenca-1024x686-1.jpg\" alt=\"Tinen\u00e7a de Benifassa\" class=\"wp-image-65423\"\/><\/a><figcaption class=\"wp-element-caption\">Por: Turismo de Castell\u00f3n<\/figcaption><\/figure>\n\n\n\n<p>Este parque cuenta con 5.000 hect\u00e1reas, contenidas en las casi 26.000 ha del Plan de Ordenaci\u00f3n de Recursos Naturales.&nbsp;<\/p>\n\n\n\n<p>El abrupto relieve de este macizo, fruto de la confluencia de sistemas monta\u00f1osos con diferente orientaci\u00f3n, unido a la labor de generaciones de pobladores con sus usos tradicionales, tiene como resultado un territorio de paisajes grandiosos y elevada biodiversidad.<\/p>\n\n\n\n<p>Son numerosos los senderos que nos ofrece el parque para contemplar una extraordinaria naturaleza: el sendero del embalse de Ulldecona, el que nos lleva al Portell de l\u2019Infern y al Salt de Robert o la ruta de los bosques del Mas de Boix, son solo algunos.<\/p>\n\n\n\n<p>La zona tambi\u00e9n alberga a la poblaci\u00f3n de cabra mont\u00e9s m\u00e1s importante de la <strong>Comunidad Valenciana<\/strong> y uno de sus monasterios m\u00e1s antiguos, el de Santa Mar\u00eda de Benifass\u00e1.<\/p>\n\n\n\n<h2 class=\"wp-block-heading\" id=\"h-parque-natural-de-la-serra-calderona\"><strong>Parque Natural de la Serra Calderona<\/strong><\/h2>\n\n\n\n<figure class=\"wp-block-image size-large\"><a href=\"https:\/\/www.escapadarural.com\/blog\/wp-content\/uploads\/Segorbe_2022_Olivo_milenario_morruda-scaled.jpg\"><img decoding=\"async\" src=\"https:\/\/www.escapadarural.com\/blog\/wp-content\/uploads\/2024\/10\/Segorbe_2022_Olivo_milenario_morruda-1024x683-1.jpg\" alt=\"Sierra de Calderona\" class=\"wp-image-65425\"\/><\/a><figcaption class=\"wp-element-caption\">Por: Turismo de Castell\u00f3n<\/figcaption><\/figure>\n\n\n\n<p>Este es el parque natural situado m\u00e1s al sur de la provincia de Castell\u00f3n, su territorio ocupa t\u00e9rminos municipales de la provincia de Valencia y parte de los municipios castellonenses de Altura y Segorbe.&nbsp;<\/p>\n\n\n\n<p>Una <strong>orograf\u00eda abrupta<\/strong> con barrancos, valles y monta\u00f1as, posee numerosos lugares para realizar excursiones y descubrir fant\u00e1sticos paisajes.&nbsp;<\/p>\n\n\n\n<p>La <strong>V\u00eda Verde de Ojos Negros<\/strong> es otro aliciente en el parque, as\u00ed como todos los recursos hist\u00f3ricos que atesoran los municipios de Altura (Cartuja de Vall de Crist, Santuario de la Cueva Santa) y Segorbe (Catedral, museos, murallas, etc.).<\/p>\n\n\n\n<figure class=\"wp-block-image size-full\"><img loading=\"lazy\" decoding=\"async\" width=\"800\" height=\"150\" src=\"https:\/\/www.escapadarural.com\/blog\/wp-content\/uploads\/2024\/10\/LOGOS-Castellon.jpg\" alt=\"Logo Castell\u00f3n\" class=\"wp-image-84968\" srcset=\"https:\/\/www.escapadarural.com\/blog\/wp-content\/uploads\/2024\/10\/LOGOS-Castellon-200x38.jpg 200w, https:\/\/www.escapadarural.com\/blog\/wp-content\/uploads\/2024\/10\/LOGOS-Castellon-300x56.jpg 300w, https:\/\/www.escapadarural.com\/blog\/wp-content\/uploads\/2024\/10\/LOGOS-Castellon-400x75.jpg 400w, https:\/\/www.escapadarural.com\/blog\/wp-content\/uploads\/2024\/10\/LOGOS-Castellon-600x113.jpg 600w, https:\/\/www.escapadarural.com\/blog\/wp-content\/uploads\/2024\/10\/LOGOS-Castellon-768x144.jpg 768w, https:\/\/www.escapadarural.com\/blog\/wp-content\/uploads\/2024\/10\/LOGOS-Castellon.jpg 800w\" sizes=\"auto, (max-width: 800px) 100vw, 800px\" \/><\/figure>\n","protected":false},"excerpt":{"rendered":"<p>A trav\u00e9s de estos 8 parques naturales descubrir\u00e1s que la provincia de Castell\u00f3n cuenta con un universo de lugares y paisajes incre\u00edbles.<\/p>\n","protected":false},"author":85,"featured_media":96118,"comment_status":"open","ping_status":"open","sticky":false,"template":"","format":"standard","meta":{"_acf_changed":false,"om_disable_all_campaigns":false,"footnotes":""},"categories":[191],"tags":[260,496,6764,3437,579,866,274],"class_list":["post-65414","post","type-post","status-publish","format-standard","has-post-thumbnail","hentry","category-destinos","tag-articulo","tag-que-ver-en-castellon","tag-imprescindibles","tag-imprescindibles-comunidad-valenciana","tag-parque-natural","tag-parques-naturales","tag-turismo-rural"],"acf":[],"featured_image_src":"https:\/\/www.escapadarural.com\/blog\/wp-content\/uploads\/2024\/10\/Tinenca_paisatge-1024x682-13.jpg","author_info":{"display_name":"Redacci\u00f3n ER","author_link":"https:\/\/www.escapadarural.com\/blog\/autor\/admin\/"},"yoast_head":"<!-- This site is optimized with the Yoast SEO plugin v27.5 - https:\/\/yoast.com\/product\/yoast-seo-wordpress\/ -->\n<title>Los incre\u00edbles parques naturales de la provincia de Castell\u00f3n: vivir la naturaleza, descubrir paisajes - EscapadaRural<\/title>\n<meta name=\"robots\" content=\"index, follow, max-snippet:-1, max-image-preview:large, max-video-preview:-1\" \/>\n<link rel=\"canonical\" href=\"https:\/\/www.escapadarural.com\/blog\/parques-naturales-de-castellon\/\" \/>\n<meta property=\"og:locale\" content=\"es_ES\" \/>\n<meta property=\"og:type\" content=\"article\" \/>\n<meta property=\"og:title\" content=\"Los incre\u00edbles parques naturales de la provincia de Castell\u00f3n: vivir la naturaleza, descubrir paisajes - EscapadaRural\" \/>\n<meta property=\"og:description\" content=\"A trav\u00e9s de estos 8 parques naturales descubrir\u00e1s que la provincia de Castell\u00f3n cuenta con un universo de lugares y paisajes incre\u00edbles.\" \/>\n<meta property=\"og:url\" content=\"https:\/\/www.escapadarural.com\/blog\/parques-naturales-de-castellon\/\" \/>\n<meta property=\"og:site_name\" content=\"Magazine de viajes de EscapadaRural\" \/>\n<meta property=\"article:publisher\" content=\"https:\/\/www.facebook.com\/escapadarural\" \/>\n<meta property=\"article:published_time\" content=\"2023-09-12T05:52:00+00:00\" \/>\n<meta property=\"article:modified_time\" content=\"2026-02-06T09:15:33+00:00\" \/>\n<meta property=\"og:image\" content=\"https:\/\/www.escapadarural.com\/blog\/wp-content\/uploads\/2024\/10\/Tinenca_paisatge-1024x682-13.jpg\" \/>\n\t<meta property=\"og:image:width\" content=\"1024\" \/>\n\t<meta property=\"og:image:height\" content=\"682\" \/>\n\t<meta property=\"og:image:type\" content=\"image\/jpeg\" \/>\n<meta name=\"author\" content=\"Redacci\u00f3n ER\" \/>\n<meta name=\"twitter:card\" content=\"summary_large_image\" \/>\n<meta name=\"twitter:label1\" content=\"Escrito por\" \/>\n\t<meta name=\"twitter:data1\" content=\"Redacci\u00f3n ER\" \/>\n\t<meta name=\"twitter:label2\" content=\"Tiempo de lectura\" \/>\n\t<meta name=\"twitter:data2\" content=\"9 minutos\" \/>\n<script type=\"application\/ld+json\" class=\"yoast-schema-graph\">{\"@context\":\"https:\\\/\\\/schema.org\",\"@graph\":[{\"@type\":\"Article\",\"@id\":\"https:\\\/\\\/www.escapadarural.com\\\/blog\\\/parques-naturales-de-castellon\\\/#article\",\"isPartOf\":{\"@id\":\"https:\\\/\\\/www.escapadarural.com\\\/blog\\\/parques-naturales-de-castellon\\\/\"},\"author\":{\"name\":\"Redacci\u00f3n ER\",\"@id\":\"https:\\\/\\\/www.escapadarural.com\\\/blog\\\/#\\\/schema\\\/person\\\/bd5b0d7ad308a0bf4efed73e8308b4fa\"},\"headline\":\"Los incre\u00edbles parques naturales de la provincia de Castell\u00f3n: vivir la naturaleza, descubrir paisajes\",\"datePublished\":\"2023-09-12T05:52:00+00:00\",\"dateModified\":\"2026-02-06T09:15:33+00:00\",\"mainEntityOfPage\":{\"@id\":\"https:\\\/\\\/www.escapadarural.com\\\/blog\\\/parques-naturales-de-castellon\\\/\"},\"wordCount\":1426,\"commentCount\":1,\"publisher\":{\"@id\":\"https:\\\/\\\/www.escapadarural.com\\\/blog\\\/#organization\"},\"image\":{\"@id\":\"https:\\\/\\\/www.escapadarural.com\\\/blog\\\/parques-naturales-de-castellon\\\/#primaryimage\"},\"thumbnailUrl\":\"https:\\\/\\\/www.escapadarural.com\\\/blog\\\/wp-content\\\/uploads\\\/2024\\\/10\\\/Tinenca_paisatge-1024x682-13.jpg\",\"keywords\":[\"art\u00edculo\",\"Castell\u00f3n\",\"Imprescindibles\",\"Imprescindibles de la Comunidad Valenciana\",\"Parque Natural\",\"Parques Naturales\",\"turismo rural\"],\"articleSection\":[\"Destinos\"],\"inLanguage\":\"es\",\"potentialAction\":[{\"@type\":\"CommentAction\",\"name\":\"Comment\",\"target\":[\"https:\\\/\\\/www.escapadarural.com\\\/blog\\\/parques-naturales-de-castellon\\\/#respond\"]}]},{\"@type\":\"WebPage\",\"@id\":\"https:\\\/\\\/www.escapadarural.com\\\/blog\\\/parques-naturales-de-castellon\\\/\",\"url\":\"https:\\\/\\\/www.escapadarural.com\\\/blog\\\/parques-naturales-de-castellon\\\/\",\"name\":\"Los incre\u00edbles parques naturales de la provincia de Castell\u00f3n: vivir la naturaleza, descubrir paisajes - EscapadaRural\",\"isPartOf\":{\"@id\":\"https:\\\/\\\/www.escapadarural.com\\\/blog\\\/#website\"},\"primaryImageOfPage\":{\"@id\":\"https:\\\/\\\/www.escapadarural.com\\\/blog\\\/parques-naturales-de-castellon\\\/#primaryimage\"},\"image\":{\"@id\":\"https:\\\/\\\/www.escapadarural.com\\\/blog\\\/parques-naturales-de-castellon\\\/#primaryimage\"},\"thumbnailUrl\":\"https:\\\/\\\/www.escapadarural.com\\\/blog\\\/wp-content\\\/uploads\\\/2024\\\/10\\\/Tinenca_paisatge-1024x682-13.jpg\",\"datePublished\":\"2023-09-12T05:52:00+00:00\",\"dateModified\":\"2026-02-06T09:15:33+00:00\",\"breadcrumb\":{\"@id\":\"https:\\\/\\\/www.escapadarural.com\\\/blog\\\/parques-naturales-de-castellon\\\/#breadcrumb\"},\"inLanguage\":\"es\",\"potentialAction\":[{\"@type\":\"ReadAction\",\"target\":[\"https:\\\/\\\/www.escapadarural.com\\\/blog\\\/parques-naturales-de-castellon\\\/\"]}]},{\"@type\":\"ImageObject\",\"inLanguage\":\"es\",\"@id\":\"https:\\\/\\\/www.escapadarural.com\\\/blog\\\/parques-naturales-de-castellon\\\/#primaryimage\",\"url\":\"https:\\\/\\\/www.escapadarural.com\\\/blog\\\/wp-content\\\/uploads\\\/2024\\\/10\\\/Tinenca_paisatge-1024x682-13.jpg\",\"contentUrl\":\"https:\\\/\\\/www.escapadarural.com\\\/blog\\\/wp-content\\\/uploads\\\/2024\\\/10\\\/Tinenca_paisatge-1024x682-13.jpg\",\"width\":1024,\"height\":682,\"caption\":\"Tinen\u00e7a de Benifass\u00e0\"},{\"@type\":\"BreadcrumbList\",\"@id\":\"https:\\\/\\\/www.escapadarural.com\\\/blog\\\/parques-naturales-de-castellon\\\/#breadcrumb\",\"itemListElement\":[{\"@type\":\"ListItem\",\"position\":1,\"name\":\"Inicio\",\"item\":\"https:\\\/\\\/www.escapadarural.com\\\/blog\\\/\"},{\"@type\":\"ListItem\",\"position\":2,\"name\":\"Destinos\",\"item\":\"https:\\\/\\\/www.escapadarural.com\\\/blog\\\/categoria\\\/destinos\\\/\"},{\"@type\":\"ListItem\",\"position\":3,\"name\":\"Los incre\u00edbles parques naturales de la provincia de Castell\u00f3n: vivir la naturaleza, descubrir paisajes\"}]},{\"@type\":\"WebSite\",\"@id\":\"https:\\\/\\\/www.escapadarural.com\\\/blog\\\/#website\",\"url\":\"https:\\\/\\\/www.escapadarural.com\\\/blog\\\/\",\"name\":\"Blog de viajes | turismo rural, alojamientos e inspiraci\u00f3n\",\"description\":\"Alojamientos rurales e inspiraci\u00f3n para tus escapadas\",\"publisher\":{\"@id\":\"https:\\\/\\\/www.escapadarural.com\\\/blog\\\/#organization\"},\"alternateName\":\"Magazine de viajes de EscapadaRural\",\"potentialAction\":[{\"@type\":\"SearchAction\",\"target\":{\"@type\":\"EntryPoint\",\"urlTemplate\":\"https:\\\/\\\/www.escapadarural.com\\\/blog\\\/?s={search_term_string}\"},\"query-input\":{\"@type\":\"PropertyValueSpecification\",\"valueRequired\":true,\"valueName\":\"search_term_string\"}}],\"inLanguage\":\"es\"},{\"@type\":\"Organization\",\"@id\":\"https:\\\/\\\/www.escapadarural.com\\\/blog\\\/#organization\",\"name\":\"EscapadaRural\",\"url\":\"https:\\\/\\\/www.escapadarural.com\\\/blog\\\/\",\"logo\":{\"@type\":\"ImageObject\",\"inLanguage\":\"es\",\"@id\":\"https:\\\/\\\/www.escapadarural.com\\\/blog\\\/#\\\/schema\\\/logo\\\/image\\\/\",\"url\":\"https:\\\/\\\/www.escapadarural.com\\\/blog\\\/wp-content\\\/uploads\\\/2024\\\/10\\\/cropped-cropped-escapada-rural-icon-mag-3.png\",\"contentUrl\":\"https:\\\/\\\/www.escapadarural.com\\\/blog\\\/wp-content\\\/uploads\\\/2024\\\/10\\\/cropped-cropped-escapada-rural-icon-mag-3.png\",\"width\":512,\"height\":512,\"caption\":\"EscapadaRural\"},\"image\":{\"@id\":\"https:\\\/\\\/www.escapadarural.com\\\/blog\\\/#\\\/schema\\\/logo\\\/image\\\/\"},\"sameAs\":[\"https:\\\/\\\/www.facebook.com\\\/escapadarural\",\"https:\\\/\\\/www.instagram.com\\\/escapadarural\\\/\",\"https:\\\/\\\/www.youtube.com\\\/@escapadaruralcom\"]},{\"@type\":\"Person\",\"@id\":\"https:\\\/\\\/www.escapadarural.com\\\/blog\\\/#\\\/schema\\\/person\\\/bd5b0d7ad308a0bf4efed73e8308b4fa\",\"name\":\"Redacci\u00f3n ER\",\"image\":{\"@type\":\"ImageObject\",\"inLanguage\":\"es\",\"@id\":\"https:\\\/\\\/www.escapadarural.com\\\/blog\\\/wp-content\\\/uploads\\\/2024\\\/10\\\/cropped-cropped-escapada-rural-icon-mag-3-96x96.png\",\"url\":\"https:\\\/\\\/www.escapadarural.com\\\/blog\\\/wp-content\\\/uploads\\\/2024\\\/10\\\/cropped-cropped-escapada-rural-icon-mag-3-96x96.png\",\"contentUrl\":\"https:\\\/\\\/www.escapadarural.com\\\/blog\\\/wp-content\\\/uploads\\\/2024\\\/10\\\/cropped-cropped-escapada-rural-icon-mag-3-96x96.png\",\"caption\":\"Redacci\u00f3n ER\"},\"description\":\"Nos encanta inspirar a viajeros y ayudar a los propietarios con nuestros contenidos\",\"url\":\"https:\\\/\\\/www.escapadarural.com\\\/blog\\\/autor\\\/admin\\\/\"}]}<\/script>\n<!-- \/ Yoast SEO plugin. -->","yoast_head_json":{"title":"Los incre\u00edbles parques naturales de la provincia de Castell\u00f3n: vivir la naturaleza, descubrir paisajes - EscapadaRural","robots":{"index":"index","follow":"follow","max-snippet":"max-snippet:-1","max-image-preview":"max-image-preview:large","max-video-preview":"max-video-preview:-1"},"canonical":"https:\/\/www.escapadarural.com\/blog\/parques-naturales-de-castellon\/","og_locale":"es_ES","og_type":"article","og_title":"Los incre\u00edbles parques naturales de la provincia de Castell\u00f3n: vivir la naturaleza, descubrir paisajes - EscapadaRural","og_description":"A trav\u00e9s de estos 8 parques naturales descubrir\u00e1s que la provincia de Castell\u00f3n cuenta con un universo de lugares y paisajes incre\u00edbles.","og_url":"https:\/\/www.escapadarural.com\/blog\/parques-naturales-de-castellon\/","og_site_name":"Magazine de viajes de EscapadaRural","article_publisher":"https:\/\/www.facebook.com\/escapadarural","article_published_time":"2023-09-12T05:52:00+00:00","article_modified_time":"2026-02-06T09:15:33+00:00","og_image":[{"width":1024,"height":682,"url":"https:\/\/www.escapadarural.com\/blog\/wp-content\/uploads\/2024\/10\/Tinenca_paisatge-1024x682-13.jpg","type":"image\/jpeg"}],"author":"Redacci\u00f3n ER","twitter_card":"summary_large_image","twitter_misc":{"Escrito por":"Redacci\u00f3n ER","Tiempo de lectura":"9 minutos"},"schema":{"@context":"https:\/\/schema.org","@graph":[{"@type":"Article","@id":"https:\/\/www.escapadarural.com\/blog\/parques-naturales-de-castellon\/#article","isPartOf":{"@id":"https:\/\/www.escapadarural.com\/blog\/parques-naturales-de-castellon\/"},"author":{"name":"Redacci\u00f3n ER","@id":"https:\/\/www.escapadarural.com\/blog\/#\/schema\/person\/bd5b0d7ad308a0bf4efed73e8308b4fa"},"headline":"Los incre\u00edbles parques naturales de la provincia de Castell\u00f3n: vivir la naturaleza, descubrir paisajes","datePublished":"2023-09-12T05:52:00+00:00","dateModified":"2026-02-06T09:15:33+00:00","mainEntityOfPage":{"@id":"https:\/\/www.escapadarural.com\/blog\/parques-naturales-de-castellon\/"},"wordCount":1426,"commentCount":1,"publisher":{"@id":"https:\/\/www.escapadarural.com\/blog\/#organization"},"image":{"@id":"https:\/\/www.escapadarural.com\/blog\/parques-naturales-de-castellon\/#primaryimage"},"thumbnailUrl":"https:\/\/www.escapadarural.com\/blog\/wp-content\/uploads\/2024\/10\/Tinenca_paisatge-1024x682-13.jpg","keywords":["art\u00edculo","Castell\u00f3n","Imprescindibles","Imprescindibles de la Comunidad Valenciana","Parque Natural","Parques Naturales","turismo rural"],"articleSection":["Destinos"],"inLanguage":"es","potentialAction":[{"@type":"CommentAction","name":"Comment","target":["https:\/\/www.escapadarural.com\/blog\/parques-naturales-de-castellon\/#respond"]}]},{"@type":"WebPage","@id":"https:\/\/www.escapadarural.com\/blog\/parques-naturales-de-castellon\/","url":"https:\/\/www.escapadarural.com\/blog\/parques-naturales-de-castellon\/","name":"Los incre\u00edbles parques naturales de la provincia de Castell\u00f3n: vivir la naturaleza, descubrir paisajes - EscapadaRural","isPartOf":{"@id":"https:\/\/www.escapadarural.com\/blog\/#website"},"primaryImageOfPage":{"@id":"https:\/\/www.escapadarural.com\/blog\/parques-naturales-de-castellon\/#primaryimage"},"image":{"@id":"https:\/\/www.escapadarural.com\/blog\/parques-naturales-de-castellon\/#primaryimage"},"thumbnailUrl":"https:\/\/www.escapadarural.com\/blog\/wp-content\/uploads\/2024\/10\/Tinenca_paisatge-1024x682-13.jpg","datePublished":"2023-09-12T05:52:00+00:00","dateModified":"2026-02-06T09:15:33+00:00","breadcrumb":{"@id":"https:\/\/www.escapadarural.com\/blog\/parques-naturales-de-castellon\/#breadcrumb"},"inLanguage":"es","potentialAction":[{"@type":"ReadAction","target":["https:\/\/www.escapadarural.com\/blog\/parques-naturales-de-castellon\/"]}]},{"@type":"ImageObject","inLanguage":"es","@id":"https:\/\/www.escapadarural.com\/blog\/parques-naturales-de-castellon\/#primaryimage","url":"https:\/\/www.escapadarural.com\/blog\/wp-content\/uploads\/2024\/10\/Tinenca_paisatge-1024x682-13.jpg","contentUrl":"https:\/\/www.escapadarural.com\/blog\/wp-content\/uploads\/2024\/10\/Tinenca_paisatge-1024x682-13.jpg","width":1024,"height":682,"caption":"Tinen\u00e7a de Benifass\u00e0"},{"@type":"BreadcrumbList","@id":"https:\/\/www.escapadarural.com\/blog\/parques-naturales-de-castellon\/#breadcrumb","itemListElement":[{"@type":"ListItem","position":1,"name":"Inicio","item":"https:\/\/www.escapadarural.com\/blog\/"},{"@type":"ListItem","position":2,"name":"Destinos","item":"https:\/\/www.escapadarural.com\/blog\/categoria\/destinos\/"},{"@type":"ListItem","position":3,"name":"Los incre\u00edbles parques naturales de la provincia de Castell\u00f3n: vivir la naturaleza, descubrir paisajes"}]},{"@type":"WebSite","@id":"https:\/\/www.escapadarural.com\/blog\/#website","url":"https:\/\/www.escapadarural.com\/blog\/","name":"Blog de viajes | turismo rural, alojamientos e inspiraci\u00f3n","description":"Alojamientos rurales e inspiraci\u00f3n para tus escapadas","publisher":{"@id":"https:\/\/www.escapadarural.com\/blog\/#organization"},"alternateName":"Magazine de viajes de EscapadaRural","potentialAction":[{"@type":"SearchAction","target":{"@type":"EntryPoint","urlTemplate":"https:\/\/www.escapadarural.com\/blog\/?s={search_term_string}"},"query-input":{"@type":"PropertyValueSpecification","valueRequired":true,"valueName":"search_term_string"}}],"inLanguage":"es"},{"@type":"Organization","@id":"https:\/\/www.escapadarural.com\/blog\/#organization","name":"EscapadaRural","url":"https:\/\/www.escapadarural.com\/blog\/","logo":{"@type":"ImageObject","inLanguage":"es","@id":"https:\/\/www.escapadarural.com\/blog\/#\/schema\/logo\/image\/","url":"https:\/\/www.escapadarural.com\/blog\/wp-content\/uploads\/2024\/10\/cropped-cropped-escapada-rural-icon-mag-3.png","contentUrl":"https:\/\/www.escapadarural.com\/blog\/wp-content\/uploads\/2024\/10\/cropped-cropped-escapada-rural-icon-mag-3.png","width":512,"height":512,"caption":"EscapadaRural"},"image":{"@id":"https:\/\/www.escapadarural.com\/blog\/#\/schema\/logo\/image\/"},"sameAs":["https:\/\/www.facebook.com\/escapadarural","https:\/\/www.instagram.com\/escapadarural\/","https:\/\/www.youtube.com\/@escapadaruralcom"]},{"@type":"Person","@id":"https:\/\/www.escapadarural.com\/blog\/#\/schema\/person\/bd5b0d7ad308a0bf4efed73e8308b4fa","name":"Redacci\u00f3n ER","image":{"@type":"ImageObject","inLanguage":"es","@id":"https:\/\/www.escapadarural.com\/blog\/wp-content\/uploads\/2024\/10\/cropped-cropped-escapada-rural-icon-mag-3-96x96.png","url":"https:\/\/www.escapadarural.com\/blog\/wp-content\/uploads\/2024\/10\/cropped-cropped-escapada-rural-icon-mag-3-96x96.png","contentUrl":"https:\/\/www.escapadarural.com\/blog\/wp-content\/uploads\/2024\/10\/cropped-cropped-escapada-rural-icon-mag-3-96x96.png","caption":"Redacci\u00f3n ER"},"description":"Nos encanta inspirar a viajeros y ayudar a los propietarios con nuestros contenidos","url":"https:\/\/www.escapadarural.com\/blog\/autor\/admin\/"}]}},"_links":{"self":[{"href":"https:\/\/www.escapadarural.com\/blog\/wp-json\/wp\/v2\/posts\/65414","targetHints":{"allow":["GET"]}}],"collection":[{"href":"https:\/\/www.escapadarural.com\/blog\/wp-json\/wp\/v2\/posts"}],"about":[{"href":"https:\/\/www.escapadarural.com\/blog\/wp-json\/wp\/v2\/types\/post"}],"author":[{"embeddable":true,"href":"https:\/\/www.escapadarural.com\/blog\/wp-json\/wp\/v2\/users\/85"}],"replies":[{"embeddable":true,"href":"https:\/\/www.escapadarural.com\/blog\/wp-json\/wp\/v2\/comments?post=65414"}],"version-history":[{"count":0,"href":"https:\/\/www.escapadarural.com\/blog\/wp-json\/wp\/v2\/posts\/65414\/revisions"}],"wp:featuredmedia":[{"embeddable":true,"href":"https:\/\/www.escapadarural.com\/blog\/wp-json\/wp\/v2\/media\/96118"}],"wp:attachment":[{"href":"https:\/\/www.escapadarural.com\/blog\/wp-json\/wp\/v2\/media?parent=65414"}],"wp:term":[{"taxonomy":"category","embeddable":true,"href":"https:\/\/www.escapadarural.com\/blog\/wp-json\/wp\/v2\/categories?post=65414"},{"taxonomy":"post_tag","embeddable":true,"href":"https:\/\/www.escapadarural.com\/blog\/wp-json\/wp\/v2\/tags?post=65414"}],"curies":[{"name":"wp","href":"https:\/\/api.w.org\/{rel}","templated":true}]}}