{"id":6545,"date":"2025-11-13T10:00:02","date_gmt":"2025-11-13T09:00:02","guid":{"rendered":"http:\/\/15.188.81.248\/2019\/10\/01\/rutas-en-el-parque-natural-del-montseny\/"},"modified":"2026-03-13T13:07:35","modified_gmt":"2026-03-13T12:07:35","slug":"rutas-en-el-montseny","status":"publish","type":"post","link":"https:\/\/www.escapadarural.com\/blog\/rutas-en-el-montseny\/","title":{"rendered":"Montseny esencial: 10 rutas que no te puedes perder en la joya natural de Barcelona"},"content":{"rendered":"<div style=\"background-color: #dff0d8; color: #3c763d; border-left-color: #3c763d; \" class=\"ub-styled-box ub-notification-box wp-block-ub-styled-box\" id=\"ub-styled-box-987a39a7-7b9f-4015-a02d-069c27e94b9d\">\n<p id=\"ub-styled-box-notification-content-\"><em><strong>Art\u00edculo disponible en formato Podcast<\/strong><\/em><\/p>\n\n\n\n<figure class=\"wp-block-audio\"><audio controls src=\"https:\/\/www.escapadarural.com\/blog\/wp-content\/uploads\/2025\/11\/Diez_rutas_imprescindibles_del_Montseny.mp3\"><\/audio><\/figure>\n\n\n\n<p><em>* El podcast (un di\u00e1logo ameno entre dos presentadores) ha sido producido con una herramienta de IA, basado en la informaci\u00f3n del texto, respetando la investigaci\u00f3n de nuestros periodistas y supervisado por ellos mismos.<\/em><\/p>\n\n\n<\/div>\n\n\n<p>El Parque Natural del Montseny (<a aria-label=\" (opens in a new tab)\" class=\"rank-math-link rank-math-link\" href=\"https:\/\/www.escapadarural.com\/casas-rurales\/barcelona\" target=\"_blank\" rel=\"noreferrer noopener\">Barcelona<\/a>) es un <strong>oasis de naturaleza<\/strong> para los que vivimos en la ciudad. Nos permite escaparnos para disfrutar del deporte sin tener que ir muy lejos en busca de monta\u00f1as. Est\u00e1 situado en el l\u00edmite entre las comarcas del Vall\u00e9s Oriental, la Selva y Osona.<\/p>\n\n\n\n<p>El Montseny es visible desde muchos lugares de <a aria-label=\" (opens in a new tab)\" class=\"rank-math-link rank-math-link\" href=\"https:\/\/www.escapadarural.com\/casas-rurales\/cataluna\" target=\"_blank\" rel=\"noreferrer noopener\">Catalu\u00f1a<\/a> y es conocido en todas partes por las leyendas que albergan sus bosques y sus pueblos. Se trata del \u00fanico Parque Natural de Catalu\u00f1a catalogado como <strong>Reserva de la Biosfera<\/strong> y es <a href=\"\/blog\/3-rutas-de-la-castana-en-el-montseny\/\">uno de los mejores lugares para encontrar casta\u00f1as<\/a> en Espa\u00f1a.<\/p>\n\n\n\n<p>Existen numerosas <a href=\"\/blog\/las-rutas-de-senderismo-mas-populares\/\">rutas de senderismo<\/a> para <strong>recorrer este para\u00edso<\/strong>. \u00a1Aqu\u00ed van 10!<\/p>\n\n\n\n<div class=\"wp-block-buttons is-layout-flex wp-block-buttons-is-layout-flex\">\n<div class=\"wp-block-button\"><a class=\"wp-block-button__link wp-element-button\" href=\"\/casas-rurales\/el-montseny\" target=\"_blank\" rel=\"noreferrer noopener\">Alojamientos rurales en el Montseny<\/a><\/div>\n<\/div>\n\n\n\n<figure class=\"wp-block-image size-large\"><a href=\"https:\/\/www.escapadarural.com\/casas-rurales\/el-montseny\"><img loading=\"lazy\" decoding=\"async\" width=\"1024\" height=\"583\" src=\"https:\/\/www.escapadarural.com\/blog\/wp-content\/uploads\/2025\/11\/image-1024x583.png\" alt=\"Captura de pantalla de dos alojamientos rurales: el primero muestra una terraza con mesa, sillas y vistas al campo; el segundo, una casa r\u00fastica de piedra con asientos al aire libre, rodeada de vegetaci\u00f3n y flores.\" class=\"wp-image-214565\" srcset=\"https:\/\/www.escapadarural.com\/blog\/wp-content\/uploads\/2025\/11\/image-200x114.png 200w, https:\/\/www.escapadarural.com\/blog\/wp-content\/uploads\/2025\/11\/image-300x171.png 300w, https:\/\/www.escapadarural.com\/blog\/wp-content\/uploads\/2025\/11\/image-400x228.png 400w, https:\/\/www.escapadarural.com\/blog\/wp-content\/uploads\/2025\/11\/image-600x342.png 600w, https:\/\/www.escapadarural.com\/blog\/wp-content\/uploads\/2025\/11\/image-768x438.png 768w, https:\/\/www.escapadarural.com\/blog\/wp-content\/uploads\/2025\/11\/image-800x456.png 800w, https:\/\/www.escapadarural.com\/blog\/wp-content\/uploads\/2025\/11\/image-1024x583.png 1024w, https:\/\/www.escapadarural.com\/blog\/wp-content\/uploads\/2025\/11\/image-1200x684.png 1200w, https:\/\/www.escapadarural.com\/blog\/wp-content\/uploads\/2025\/11\/image-1536x875.png 1536w\" sizes=\"auto, (max-width: 1024px) 100vw, 1024px\" \/><\/a><\/figure>\n\n\n\n<h2 class=\"wp-block-heading title-rute\" id=\"0-pantano-de-santa-fe-%E2%80%93-tur%C3%B3-de-l%E2%80%99home-%E2%80%93-les-agudes\">Pantano de Santa Fe \u2013 Tur\u00f3 de l\u2019Home \u2013 Les Agudes<\/h2>\n\n\n\n<figure class=\"wp-block-image size-full\"><img loading=\"lazy\" decoding=\"async\" width=\"1024\" height=\"682\" src=\"https:\/\/www.escapadarural.com\/blog\/wp-content\/uploads\/2023\/12\/santafe.webp\" alt=\"Pantano de Santa Fe, Montseny (Barcelona)\" class=\"wp-image-196242\" srcset=\"https:\/\/www.escapadarural.com\/blog\/wp-content\/uploads\/2023\/12\/santafe-200x133.webp 200w, https:\/\/www.escapadarural.com\/blog\/wp-content\/uploads\/2023\/12\/santafe-300x200.webp 300w, https:\/\/www.escapadarural.com\/blog\/wp-content\/uploads\/2023\/12\/santafe-400x266.webp 400w, https:\/\/www.escapadarural.com\/blog\/wp-content\/uploads\/2023\/12\/santafe-600x400.webp 600w, https:\/\/www.escapadarural.com\/blog\/wp-content\/uploads\/2023\/12\/santafe-768x512.webp 768w, https:\/\/www.escapadarural.com\/blog\/wp-content\/uploads\/2023\/12\/santafe-800x533.webp 800w, https:\/\/www.escapadarural.com\/blog\/wp-content\/uploads\/2023\/12\/santafe.webp 1024w\" sizes=\"auto, (max-width: 1024px) 100vw, 1024px\" \/><figcaption class=\"wp-element-caption\">Pantano de Santa Fe, Montseny (Barcelona). Por Emmalc76<\/figcaption><\/figure>\n\n\n\n<p>Esta ruta os har\u00e1 coronar <strong>los dos picos m\u00e1s altos del macizo<\/strong> del Montseny. El sendero parte del aparcamiento de Santa Fe y sube por un precioso hayedo. Si las condiciones son buenas es una ruta f\u00e1cil y muy agradecida. Arriba, en el Tur\u00f3 de l&#8217;Home, podr\u00e9is disfrutar de unas espectaculares vistas desde sus 1.708 metros, la cumbre m\u00e1s alta del Montseny.<\/p>\n\n\n\n<p>Desde el cerro se sigue por la cresta de la monta\u00f1a hasta el pico de les Agudes. La bajada se hace por el lado de la monta\u00f1a contrario al de la subida, por <strong>un frondoso bosque de helechos y hayas<\/strong> hasta volver a Santa Fe. Por el camino, poco antes de llegar al aparcamiento, encontrar\u00e9is una fuente de agua potable que brota de las mismas entra\u00f1as del Montseny.<\/p>\n\n\n<div style=\"background-color: #dff0d8; color: #3c763d; border-left-color: #3c763d; \" class=\"ub-styled-box ub-notification-box wp-block-ub-styled-box\" id=\"ub-styled-box-d1ca889e-4f9a-476b-b2f3-b31c8e94a86f\">\n<p id=\"ub-styled-box-notification-content-\"><strong>Longitud:<\/strong> 13,56 km<\/p>\n\n\n\n<p><strong>Dificultad:<\/strong> moderada<\/p>\n\n\n\n<p><strong>Tipo de ruta:<\/strong> circular<\/p>\n\n\n\n<p><a href=\"https:\/\/es.wikiloc.com\/rutas-senderismo\/santa-fe-turo-de-lhome-les-agudes-5121386\" target=\"_blank\" rel=\"noreferrer noopener nofollow\">Track de Wikiloc<\/a> <\/p>\n\n\n<\/div>\n\n\n<h2 class=\"wp-block-heading title-rute\" id=\"1-ruta-por-el-pantano-de-santa-fe-hasta-donde-estaba-el-avi%C3%B3n-abandonado\">Ruta por el pantano de Santa Fe hasta donde estaba el avi\u00f3n abandonado<\/h2>\n\n\n\n<figure class=\"wp-block-image size-full\"><img loading=\"lazy\" decoding=\"async\" width=\"1024\" height=\"764\" src=\"https:\/\/www.escapadarural.com\/blog\/wp-content\/uploads\/2023\/12\/avioneta_montseny.webp\" alt=\"Avioneta estrellada en el Montseny. Por Gus Bertolo\" class=\"wp-image-194341\" srcset=\"https:\/\/www.escapadarural.com\/blog\/wp-content\/uploads\/2023\/12\/avioneta_montseny-200x149.webp 200w, https:\/\/www.escapadarural.com\/blog\/wp-content\/uploads\/2023\/12\/avioneta_montseny-300x224.webp 300w, https:\/\/www.escapadarural.com\/blog\/wp-content\/uploads\/2023\/12\/avioneta_montseny-400x298.webp 400w, https:\/\/www.escapadarural.com\/blog\/wp-content\/uploads\/2023\/12\/avioneta_montseny-600x448.webp 600w, https:\/\/www.escapadarural.com\/blog\/wp-content\/uploads\/2023\/12\/avioneta_montseny-768x573.webp 768w, https:\/\/www.escapadarural.com\/blog\/wp-content\/uploads\/2023\/12\/avioneta_montseny-800x597.webp 800w, https:\/\/www.escapadarural.com\/blog\/wp-content\/uploads\/2023\/12\/avioneta_montseny.webp 1024w\" sizes=\"auto, (max-width: 1024px) 100vw, 1024px\" \/><figcaption class=\"wp-element-caption\">Avioneta estrellada en el Montseny. Por Gus Bertolo<\/figcaption><\/figure>\n\n\n\n<p>Esta sorprendente ruta circular empieza en el aparcamiento de Santa Fe del Montseny y sigue por el camino que bordea el pantano. El camino est\u00e1 se\u00f1alizado y cruza por la presa en direcci\u00f3n a Riells hasta la casa de Fuente de Cortes. A aproximadamente 200 metros de esta mas\u00eda, hace unos a\u00f1os a\u00fan estaban los restos de una avioneta en medio del encinar. <strong>La avioneta ya no est\u00e1<\/strong>, pero si tienes curiosidad por descubrir c\u00f3mo fue el caso del avi\u00f3n abandonado en el Montseny, puedes hacerlo en <a href=\"\/blog\/el-caso-del-avion-abandonado-en-el-montseny\/\">este art\u00edculo de nuestro magazine<\/a>.<\/p>\n\n\n<div style=\"background-color: #dff0d8; color: #3c763d; border-left-color: #3c763d; \" class=\"ub-styled-box ub-notification-box wp-block-ub-styled-box\" id=\"ub-styled-box-53ec6209-6f93-4db9-aa5f-9290626f2688\">\n<p id=\"ub-styled-box-notification-content-\"><strong>Longitud:<\/strong> 9,52 km<\/p>\n\n\n\n<p><strong>Dificultad:<\/strong> F\u00e1cil<\/p>\n\n\n\n<p><strong>Tipo de ruta:<\/strong> circular<\/p>\n\n\n\n<p><a href=\"https:\/\/es.wikiloc.com\/rutas-senderismo\/pantano-de-santa-fe-avioneta-pantano-de-santa-fe-montseny-13435582\" target=\"_blank\" rel=\"noreferrer noopener nofollow\">Track de Wikiloc<\/a><\/p>\n\n\n<\/div>\n\n\n<h2 class=\"wp-block-heading title-rute\" id=\"2-ermita-de-sant-mart%C3%AD-del-montseny\">Ermita de Sant Mart\u00ed del Montseny<\/h2>\n\n\n\n<figure class=\"wp-block-image size-full\"><img loading=\"lazy\" decoding=\"async\" width=\"2048\" height=\"1393\" src=\"https:\/\/www.escapadarural.com\/blog\/wp-content\/uploads\/2023\/12\/Ermita_de_Sant_Marti-Montseny.jpg\" alt=\"Ermita de Sant Mart\u00ed del Montseny.\" class=\"wp-image-210236\" srcset=\"https:\/\/www.escapadarural.com\/blog\/wp-content\/uploads\/2023\/12\/Ermita_de_Sant_Marti-Montseny-200x136.jpg 200w, https:\/\/www.escapadarural.com\/blog\/wp-content\/uploads\/2023\/12\/Ermita_de_Sant_Marti-Montseny-300x204.jpg 300w, https:\/\/www.escapadarural.com\/blog\/wp-content\/uploads\/2023\/12\/Ermita_de_Sant_Marti-Montseny-400x272.jpg 400w, https:\/\/www.escapadarural.com\/blog\/wp-content\/uploads\/2023\/12\/Ermita_de_Sant_Marti-Montseny-600x408.jpg 600w, https:\/\/www.escapadarural.com\/blog\/wp-content\/uploads\/2023\/12\/Ermita_de_Sant_Marti-Montseny-768x522.jpg 768w, https:\/\/www.escapadarural.com\/blog\/wp-content\/uploads\/2023\/12\/Ermita_de_Sant_Marti-Montseny-800x544.jpg 800w, https:\/\/www.escapadarural.com\/blog\/wp-content\/uploads\/2023\/12\/Ermita_de_Sant_Marti-Montseny-1024x697.jpg 1024w, https:\/\/www.escapadarural.com\/blog\/wp-content\/uploads\/2023\/12\/Ermita_de_Sant_Marti-Montseny-1200x816.jpg 1200w, https:\/\/www.escapadarural.com\/blog\/wp-content\/uploads\/2023\/12\/Ermita_de_Sant_Marti-Montseny-1536x1045.jpg 1536w, https:\/\/www.escapadarural.com\/blog\/wp-content\/uploads\/2023\/12\/Ermita_de_Sant_Marti-Montseny.jpg 2048w\" sizes=\"auto, (max-width: 2048px) 100vw, 2048px\" \/><figcaption class=\"wp-element-caption\">Ermita de Sant Mart\u00ed del Montseny. Por <a href=\"https:\/\/commons.wikimedia.org\/wiki\/File:Ermita_de_Sant_Marti-Montseny_(2).JPG\" target=\"_blank\">Alberto-g-rovi<\/a>.<\/figcaption><\/figure>\n\n\n\n<p><br>La visita a la ermita de Sant Mart\u00ed del Montseny da la oportunidad de hacer una ruta de ida y vuelta, que ofrece <strong>un agradable paseo<\/strong> desde el casco urbano del pueblo de Montseny hasta este destacado elemento patrimonial. Todo el camino est\u00e1 se\u00f1alizado con marcas del GR-5 y la ida y la vuelta es por el mismo itinerario.<\/p>\n\n\n<div style=\"background-color: #dff0d8; color: #3c763d; border-left-color: #3c763d; \" class=\"ub-styled-box ub-notification-box wp-block-ub-styled-box\" id=\"ub-styled-box-d13ff819-c283-4cf0-a624-b791f0e45d13\">\n<p id=\"ub-styled-box-notification-content-\"><strong>Longitud:<\/strong> 8 km<\/p>\n\n\n\n<p><strong>Dificultad:<\/strong> F\u00e1cil<\/p>\n\n\n\n<p><strong>Tipo de ruta:<\/strong> circular<\/p>\n\n\n\n<p><a href=\"https:\/\/es.wikiloc.com\/rutas-senderismo\/montseny-ermita-de-sant-marti-8342253\" target=\"_blank\" rel=\"noreferrer noopener nofollow\">Track de Wikiloc<\/a><\/p>\n\n\n<\/div>\n\n\n<h2 class=\"wp-block-heading title-rute\" id=\"3-cima-de-matagalls-desde-sant-bernat\">Cima de Matagalls desde Sant Bernat<\/h2>\n\n\n\n<figure class=\"wp-block-image size-full\"><img loading=\"lazy\" decoding=\"async\" width=\"1024\" height=\"682\" src=\"https:\/\/www.escapadarural.com\/blog\/wp-content\/uploads\/2023\/12\/matagalls.webp\" alt=\"Cima de Matagalls, Montseny (Barcelona)\" class=\"wp-image-196244\" srcset=\"https:\/\/www.escapadarural.com\/blog\/wp-content\/uploads\/2023\/12\/matagalls-200x133.webp 200w, https:\/\/www.escapadarural.com\/blog\/wp-content\/uploads\/2023\/12\/matagalls-300x200.webp 300w, https:\/\/www.escapadarural.com\/blog\/wp-content\/uploads\/2023\/12\/matagalls-400x266.webp 400w, https:\/\/www.escapadarural.com\/blog\/wp-content\/uploads\/2023\/12\/matagalls-600x400.webp 600w, https:\/\/www.escapadarural.com\/blog\/wp-content\/uploads\/2023\/12\/matagalls-768x512.webp 768w, https:\/\/www.escapadarural.com\/blog\/wp-content\/uploads\/2023\/12\/matagalls-800x533.webp 800w, https:\/\/www.escapadarural.com\/blog\/wp-content\/uploads\/2023\/12\/matagalls.webp 1024w\" sizes=\"auto, (max-width: 1024px) 100vw, 1024px\" \/><figcaption class=\"wp-element-caption\">Cima de Matagalls, Montseny (Barcelona). Por zkcristian<\/figcaption><\/figure>\n\n\n\n<p><br>Esta ruta circular empieza en un sendero que hay cerca de la ermita de Sant Bernat. El camino est\u00e1 marcado con hitos y sube con <strong>un desnivel considerable<\/strong> hasta llegar a la cumbre del Matagalls. Una vez all\u00ed el camino sigue por el GR 5.2 hacia la ermita de Sant Mar\u00e7al, pasando por la Font Bona y la Font N\u00e0iade hasta llegar a un camino asfaltado que lleva al cruce de Can Gorgs. All\u00ed encontrar\u00e9is un atajo que os devuelve a Sant Bernat. Es una de <a href=\"\/blog\/rutas-ideales-para-invierno\/\">las rutas m\u00e1s populares para hacer en invierno<\/a>.<\/p>\n\n\n<div style=\"background-color: #dff0d8; color: #3c763d; border-left-color: #3c763d; \" class=\"ub-styled-box ub-notification-box wp-block-ub-styled-box\" id=\"ub-styled-box-01ceb3ec-a593-44ef-ae57-8004bbfafad3\">\n<p id=\"ub-styled-box-notification-content-\"><strong>Longitud:<\/strong> 14,19 km<\/p>\n\n\n\n<p><strong>Dificultad:<\/strong> moderada<\/p>\n\n\n\n<p><strong>Tipo de ruta:<\/strong> circular<\/p>\n\n\n\n<p><a href=\"https:\/\/es.wikiloc.com\/rutas-senderismo\/montseny-cim-matagalls-desde-sant-bernat-circular-4404597\" target=\"_blank\" rel=\"noreferrer noopener nofollow\">Track de Wikiloc<\/a><\/p>\n\n\n<\/div>\n\n\n<h2 class=\"wp-block-heading title-rute\" id=\"4-el-castanyer-del-drac-el-fit%C3%B3-891m-y-la-roca-escanyada-desde-sant-bernat\">El Castanyer del Drac, el Fit\u00f3 y la Roca <em>escanyada<\/em> desde Sant Bernat<\/h2>\n\n\n\n<figure class=\"wp-block-image size-full\"><img loading=\"lazy\" decoding=\"async\" width=\"1024\" height=\"682\" src=\"https:\/\/www.escapadarural.com\/blog\/wp-content\/uploads\/2023\/12\/fito.webp\" alt=\"El Fit\u00f3, Montseny (Barcelona)\" class=\"wp-image-196258\" srcset=\"https:\/\/www.escapadarural.com\/blog\/wp-content\/uploads\/2023\/12\/fito-200x133.webp 200w, https:\/\/www.escapadarural.com\/blog\/wp-content\/uploads\/2023\/12\/fito-300x200.webp 300w, https:\/\/www.escapadarural.com\/blog\/wp-content\/uploads\/2023\/12\/fito-400x266.webp 400w, https:\/\/www.escapadarural.com\/blog\/wp-content\/uploads\/2023\/12\/fito-600x400.webp 600w, https:\/\/www.escapadarural.com\/blog\/wp-content\/uploads\/2023\/12\/fito-768x512.webp 768w, https:\/\/www.escapadarural.com\/blog\/wp-content\/uploads\/2023\/12\/fito-800x533.webp 800w, https:\/\/www.escapadarural.com\/blog\/wp-content\/uploads\/2023\/12\/fito.webp 1024w\" sizes=\"auto, (max-width: 1024px) 100vw, 1024px\" \/><figcaption class=\"wp-element-caption\">El Fit\u00f3, Montseny (Barcelona). Por hansgeel<\/figcaption><\/figure>\n\n\n\n<p><br>La ruta hace este recorrido: <em>Sant Bernat &#8211; Castanyer del Drac o del Dinosaure &#8211; Pla del Bosc &#8211; Rieres del Cot Riudeteix &#8211; El Fit\u00f3 &#8211; Roca escanyada.<\/em> Se trata de un peque\u00f1o itinerario circular muy bonito, que sale cerca la ermita de Sant Bernat por un sendero indicado hacia Sant Mar\u00e7al \/ Las Islas. Uno de los principales atractivos de esta ruta es <strong>el casta\u00f1o del <em>Drac<\/em><\/strong>, que recibe este nombre porque tiene forma de drag\u00f3n o de dinosaurio. A los ni\u00f1os les encanta subirse.<\/p>\n\n\n\n<p>El camino hacia el Fit\u00f3 sigue se\u00f1alizado por el <em>pla del bosc<\/em> y las <em>rieras del Cot Riudeteix<\/em>. En la cima del Fit\u00f3 podremos disfrutar de <strong>unas magn\u00edficas vistas <\/strong>del camping Las Islas y la cresta de Les Agudes. Bajamos por el mismo camino hasta la falda y continuamos siguiendo el letrero que indica en direcci\u00f3n a la ermita de Sant Bernat.<\/p>\n\n\n<div style=\"background-color: #dff0d8; color: #3c763d; border-left-color: #3c763d; \" class=\"ub-styled-box ub-notification-box wp-block-ub-styled-box\" id=\"ub-styled-box-5e76e0ec-954e-4749-8279-ccb534034878\">\n<p id=\"ub-styled-box-notification-content-\"><strong><strong>Longitud<\/strong>:<\/strong> 5,66 km<\/p>\n\n\n\n<p><strong>Dificultad:<\/strong> sencilla<\/p>\n\n\n\n<p><strong>Tipo de ruta:<\/strong> circular<\/p>\n\n\n\n<p><a href=\"https:\/\/es.wikiloc.com\/rutas-senderismo\/sant-bernat-castanyer-del-drac-o-del-dinosaure-pla-del-bosc-rieres-del-cot-riudeteix-el-fito-891m-r-9525806\" target=\"_blank\" rel=\"noreferrer noopener nofollow\">Track de Wikiloc<\/a><\/p>\n\n\n<\/div>\n\n\n<h2 class=\"wp-block-heading title-rute\" id=\"5-ruta-circular-desde-santa-fe-hasta-los-empedrats-de-morou\">Ruta circular desde Santa Fe hasta los Empedrats de Morou<\/h2>\n\n\n\n<figure class=\"wp-block-image size-large\"><img loading=\"lazy\" decoding=\"async\" width=\"1024\" height=\"683\" src=\"https:\/\/www.escapadarural.com\/blog\/wp-content\/uploads\/2023\/12\/AdobeStock_341807069-1024x683.jpeg\" alt=\"Empedrats de Morou, Montseny (Barcelona)\" class=\"wp-image-196259\" srcset=\"https:\/\/www.escapadarural.com\/blog\/wp-content\/uploads\/2023\/12\/AdobeStock_341807069-200x133.jpeg 200w, https:\/\/www.escapadarural.com\/blog\/wp-content\/uploads\/2023\/12\/AdobeStock_341807069-300x200.jpeg 300w, https:\/\/www.escapadarural.com\/blog\/wp-content\/uploads\/2023\/12\/AdobeStock_341807069-400x267.jpeg 400w, https:\/\/www.escapadarural.com\/blog\/wp-content\/uploads\/2023\/12\/AdobeStock_341807069-600x400.jpeg 600w, https:\/\/www.escapadarural.com\/blog\/wp-content\/uploads\/2023\/12\/AdobeStock_341807069-768x512.jpeg 768w, https:\/\/www.escapadarural.com\/blog\/wp-content\/uploads\/2023\/12\/AdobeStock_341807069-800x533.jpeg 800w, https:\/\/www.escapadarural.com\/blog\/wp-content\/uploads\/2023\/12\/AdobeStock_341807069-1024x683.jpeg 1024w, https:\/\/www.escapadarural.com\/blog\/wp-content\/uploads\/2023\/12\/AdobeStock_341807069-1200x800.jpeg 1200w, https:\/\/www.escapadarural.com\/blog\/wp-content\/uploads\/2023\/12\/AdobeStock_341807069-1536x1024.jpeg 1536w\" sizes=\"auto, (max-width: 1024px) 100vw, 1024px\" \/><figcaption class=\"wp-element-caption\">Empedrats de Morou, Montseny (Barcelona). Por zkcristian<\/figcaption><\/figure>\n\n\n\n<p><br>Empezamos la ruta desde el centro de naturaleza de Can Lleonart. El camino se\u00f1alizado avanza por un gran hayedo pasando por el <em>pla de mulladius<\/em> hasta los Empedrats de Morou. Los empedrados son unas <strong>curiosas formaciones de roca<\/strong> que a la vez hacen de mirador, con <strong>unas espectaculares vistas del Montseny<\/strong>. La bajada tambi\u00e9n est\u00e1 se\u00f1alizada y nos lleva de vuelta hasta el pantano de Santa Fe. Una recorrido ideal para realizar en familia.<\/p>\n\n\n<div style=\"background-color: #dff0d8; color: #3c763d; border-left-color: #3c763d; \" class=\"ub-styled-box ub-notification-box wp-block-ub-styled-box\" id=\"ub-styled-box-0335faaa-8b4f-4385-bc13-0e1d7a6b87f1\">\n<p id=\"ub-styled-box-notification-content-\"><strong><strong>Longitud<\/strong>:<\/strong> 7 km<\/p>\n\n\n\n<p><strong>Dificultad:<\/strong> f\u00e1cil<\/p>\n\n\n\n<p><strong>Tipo de ruta:<\/strong> circular<\/p>\n\n\n\n<p><a href=\"https:\/\/es.wikiloc.com\/rutas-senderismo\/sta-fe-de-montseny-empedrats-de-morou-panta-de-sta-fe-11408540\" target=\"_blank\" rel=\"noreferrer noopener nofollow\">Track de Wikiloc<\/a><\/p>\n\n\n<\/div>\n\n\n<h2 class=\"wp-block-heading title-rute\" id=\"6-ruta-de-las-5-cimas\">Ruta de las 5 cimas<\/h2>\n\n\n\n<figure class=\"wp-block-image size-full\"><img loading=\"lazy\" decoding=\"async\" width=\"1024\" height=\"682\" src=\"https:\/\/www.escapadarural.com\/blog\/wp-content\/uploads\/2023\/12\/turo.webp\" alt=\"Tur\u00f3 de l'Home, Montseny (Barcelona)\" class=\"wp-image-196261\" srcset=\"https:\/\/www.escapadarural.com\/blog\/wp-content\/uploads\/2023\/12\/turo-200x133.webp 200w, https:\/\/www.escapadarural.com\/blog\/wp-content\/uploads\/2023\/12\/turo-300x200.webp 300w, https:\/\/www.escapadarural.com\/blog\/wp-content\/uploads\/2023\/12\/turo-400x266.webp 400w, https:\/\/www.escapadarural.com\/blog\/wp-content\/uploads\/2023\/12\/turo-600x400.webp 600w, https:\/\/www.escapadarural.com\/blog\/wp-content\/uploads\/2023\/12\/turo-768x512.webp 768w, https:\/\/www.escapadarural.com\/blog\/wp-content\/uploads\/2023\/12\/turo-800x533.webp 800w, https:\/\/www.escapadarural.com\/blog\/wp-content\/uploads\/2023\/12\/turo.webp 1024w\" sizes=\"auto, (max-width: 1024px) 100vw, 1024px\" \/><figcaption class=\"wp-element-caption\">Tur\u00f3 de l&#8217;Home, Montseny (Barcelona). Por miquelrc<\/figcaption><\/figure>\n\n\n\n<p><br>Esta ruta es m\u00e1s exigente y de mayor dificultad t\u00e9cnica que las anteriores. Se trata de una traves\u00eda circular que parte del pueblo del Montseny y hace ascensi\u00f3n al <a href=\"\/blog\/subida-al-turo-del-home-con-ninos\/\">Tur\u00f3 de l\u2019Home<\/a>, Les Agudes, Matagalls, Sui i Tur\u00f3 de Samont, con <strong>un desnivel acumulado de 2.484 metros<\/strong>. \u00a1Toda una marat\u00f3n de monta\u00f1a!<\/p>\n\n\n<div style=\"background-color: #dff0d8; color: #3c763d; border-left-color: #3c763d; \" class=\"ub-styled-box ub-notification-box wp-block-ub-styled-box\" id=\"ub-styled-box-94bc26dc-c1e4-4407-953e-605ffd2e893d\">\n<p id=\"ub-styled-box-notification-content-\"><strong><strong>Longitud<\/strong>:<\/strong> 41,5 km<\/p>\n\n\n\n<p><strong>Dificultad:<\/strong> dif\u00edcil<\/p>\n\n\n\n<p><strong>Tipo de ruta:<\/strong> circular<\/p>\n\n\n\n<p><a href=\"https:\/\/es.wikiloc.com\/rutas-senderismo\/els-5-cims-o-lolla-del-montseny-turo-de-lhome-les-agudes-matagalls-el-sui-turo-de-samon-17317354\" target=\"_blank\">Track de Wikiloc<\/a><\/p>\n\n\n<\/div>\n\n\n<h2 class=\"wp-block-heading title-rute\" id=\"7-del-montseny-a-fontmartina-por-el-sot-de-linfern\">De Montseny a Fontmartina por el Sot de l&#8217;Infern<\/h2>\n\n\n\n<figure class=\"wp-block-image size-full\"><img loading=\"lazy\" decoding=\"async\" width=\"1024\" height=\"682\" src=\"https:\/\/www.escapadarural.com\/blog\/wp-content\/uploads\/2023\/12\/fontmartina.webp\" alt=\"Fontmartina, Montseny (Barcelona)\" class=\"wp-image-196266\" srcset=\"https:\/\/www.escapadarural.com\/blog\/wp-content\/uploads\/2023\/12\/fontmartina-200x133.webp 200w, https:\/\/www.escapadarural.com\/blog\/wp-content\/uploads\/2023\/12\/fontmartina-300x200.webp 300w, https:\/\/www.escapadarural.com\/blog\/wp-content\/uploads\/2023\/12\/fontmartina-400x266.webp 400w, https:\/\/www.escapadarural.com\/blog\/wp-content\/uploads\/2023\/12\/fontmartina-600x400.webp 600w, https:\/\/www.escapadarural.com\/blog\/wp-content\/uploads\/2023\/12\/fontmartina-768x512.webp 768w, https:\/\/www.escapadarural.com\/blog\/wp-content\/uploads\/2023\/12\/fontmartina-800x533.webp 800w, https:\/\/www.escapadarural.com\/blog\/wp-content\/uploads\/2023\/12\/fontmartina.webp 1024w\" sizes=\"auto, (max-width: 1024px) 100vw, 1024px\" \/><figcaption class=\"wp-element-caption\">Fontmartina, Montseny (Barcelona). Por zkcristian<\/figcaption><\/figure>\n\n\n\n<p><br>Bajemos un poquito la dificultad: esta ruta m\u00e1s corta ofrece <strong>un agradable itinerario por el interior del bosque<\/strong> siguiendo el GR-5 hasta Fontmartina. Posteriormente, se adentra en el paraje conocido como Sot de l&#8217;Infern.<\/p>\n\n\n<div style=\"background-color: #dff0d8; color: #3c763d; border-left-color: #3c763d; \" class=\"ub-styled-box ub-notification-box wp-block-ub-styled-box\" id=\"ub-styled-box-848f30f8-2b7b-469c-be4c-f191bec95882\">\n<p id=\"ub-styled-box-notification-content-\"><strong>Longitud:<\/strong> 14 km<\/p>\n\n\n\n<p><strong>Dificultad:<\/strong> f\u00e1cil<\/p>\n\n\n\n<p><strong>Tipo de ruta:<\/strong> circular<\/p>\n\n\n\n<p><a href=\"https:\/\/es.wikiloc.com\/rutas-senderismo\/montseny-fontmartina-sot-de-linfern-gr5-6683151\" target=\"_blank\" rel=\"noreferrer noopener nofollow\">Track de Wikiloc<\/a><\/p>\n\n\n<\/div>\n\n\n<h2 class=\"wp-block-heading title-rute\" id=\"8-montseny-aiguafreda-por-el-gr-5-etapa-3\">Montseny &#8211; Aiguafreda por el GR-5 (etapa 3)<\/h2>\n\n\n\n<figure class=\"wp-block-image size-full\"><img loading=\"lazy\" decoding=\"async\" width=\"1024\" height=\"682\" src=\"https:\/\/www.escapadarural.com\/blog\/wp-content\/uploads\/2023\/12\/aiguafreda.webp\" alt=\"Aiguafreda, Montseny (Barcelona)\" class=\"wp-image-196273\" srcset=\"https:\/\/www.escapadarural.com\/blog\/wp-content\/uploads\/2023\/12\/aiguafreda-200x133.webp 200w, https:\/\/www.escapadarural.com\/blog\/wp-content\/uploads\/2023\/12\/aiguafreda-300x200.webp 300w, https:\/\/www.escapadarural.com\/blog\/wp-content\/uploads\/2023\/12\/aiguafreda-400x266.webp 400w, https:\/\/www.escapadarural.com\/blog\/wp-content\/uploads\/2023\/12\/aiguafreda-600x400.webp 600w, https:\/\/www.escapadarural.com\/blog\/wp-content\/uploads\/2023\/12\/aiguafreda-768x512.webp 768w, https:\/\/www.escapadarural.com\/blog\/wp-content\/uploads\/2023\/12\/aiguafreda-800x533.webp 800w, https:\/\/www.escapadarural.com\/blog\/wp-content\/uploads\/2023\/12\/aiguafreda.webp 1024w\" sizes=\"auto, (max-width: 1024px) 100vw, 1024px\" \/><figcaption class=\"wp-element-caption\">Aiguafreda, Montseny (Barcelona). Por Diego<\/figcaption><\/figure>\n\n\n\n<p><br>Esta ruta discurre por el sendero de GR-5 desde el pueblo de Montseny hasta Aiguafreda por el Pla de la Calma. Al formar parte de un GR, toda la ruta est\u00e1 se\u00f1alizada y es muy f\u00e1cil de seguir. El sendero va ganando altura poco a poco hasta que sube de forma bastante pronunciada hasta llegar al Pla de la Calma (1.180 metros). Lo atravesamos por un camino llano que ofrece unas <strong>espectaculares panor\u00e1micas<\/strong> del mar de Barcelona, las cimas de <a href=\"\/casas-rurales\/montserrat\">Montserrat<\/a> y hasta las cumbres nevadas del <a href=\"\/casas-rurales\/pirineu-de-girona\">Pirineo de Girona<\/a> por el otro lado. Bajando encontramos varias mas\u00edas y alg\u00fan restaurante, despu\u00e9s nos adentramos en el bosque hasta llegar a Aiguafreda.<\/p>\n\n\n<div style=\"background-color: #dff0d8; color: #3c763d; border-left-color: #3c763d; \" class=\"ub-styled-box ub-notification-box wp-block-ub-styled-box\" id=\"ub-styled-box-85e6ac37-9ef6-4ec2-afb5-63622dd15378\">\n<p id=\"ub-styled-box-notification-content-\"><strong>Distancia:<\/strong> 21,5 km<\/p>\n\n\n\n<p><strong>Dificultad:<\/strong> f\u00e1cil<\/p>\n\n\n\n<p><strong>Tipo de ruta:<\/strong> lineal<\/p>\n\n\n\n<p><a href=\"https:\/\/es.wikiloc.com\/rutas-senderismo\/travesia-montseny-aiguafreda-gr-5-6765576\" target=\"_blank\" rel=\"noreferrer noopener nofollow\">Track de Wikiloc<\/a><\/p>\n\n\n<\/div>\n\n\n<h2 class=\"wp-block-heading title-rute\" id=\"9-ruta-por-los-saltos-y-pozas-de-la-riera-de-gualba-hasta-el-pantano-de-santa-fe\">Ruta por los saltos y pozas de la Riera de Gualba hasta el pantano de Santa Fe<\/h2>\n\n\n\n<figure class=\"wp-block-image size-full\"><img loading=\"lazy\" decoding=\"async\" width=\"1024\" height=\"682\" src=\"https:\/\/www.escapadarural.com\/blog\/wp-content\/uploads\/2023\/12\/riera_gualba.webp\" alt=\"Riera de Gualba, Montseny (Barcelona)\" class=\"wp-image-196279\" srcset=\"https:\/\/www.escapadarural.com\/blog\/wp-content\/uploads\/2023\/12\/riera_gualba-200x133.webp 200w, https:\/\/www.escapadarural.com\/blog\/wp-content\/uploads\/2023\/12\/riera_gualba-300x200.webp 300w, https:\/\/www.escapadarural.com\/blog\/wp-content\/uploads\/2023\/12\/riera_gualba-400x266.webp 400w, https:\/\/www.escapadarural.com\/blog\/wp-content\/uploads\/2023\/12\/riera_gualba-600x400.webp 600w, https:\/\/www.escapadarural.com\/blog\/wp-content\/uploads\/2023\/12\/riera_gualba-768x512.webp 768w, https:\/\/www.escapadarural.com\/blog\/wp-content\/uploads\/2023\/12\/riera_gualba-800x533.webp 800w, https:\/\/www.escapadarural.com\/blog\/wp-content\/uploads\/2023\/12\/riera_gualba.webp 1024w\" sizes=\"auto, (max-width: 1024px) 100vw, 1024px\" \/><figcaption class=\"wp-element-caption\">Riera de Gualba, Montseny (Barcelona). Por zkcristian<\/figcaption><\/figure>\n\n\n\n<p>Esta preciosa y refrescante ruta empieza en la pista que va de Gualba a Riells del Montseny. Durante el recorrido no s\u00f3lo <strong>encontraremos cascadas y pozas<\/strong> (<em>gorgs<\/em>, en catal\u00e1n), tambi\u00e9n podremos descubrir algunos \u00e1rboles de inter\u00e9s como el Suro Gros y varias cruces clavadas en la roca. El camino bordea una bonita central el\u00e9ctrica hasta la Creu Petita y pasa por el Coll de Sesfigueres para llegar al pantano de Santa Fe.<\/p>\n\n\n<div style=\"background-color: #dff0d8; color: #3c763d; border-left-color: #3c763d; \" class=\"ub-styled-box ub-notification-box wp-block-ub-styled-box\" id=\"ub-styled-box-a293f5fb-9353-4663-9765-0da26ff5f78e\">\n<p id=\"ub-styled-box-notification-content-\"><strong>Distancia:<\/strong> 19,3 km<\/p>\n\n\n\n<p><strong>Dificultad:<\/strong> moderada<\/p>\n\n\n\n<p><strong>Tipo de ruta:<\/strong> circular <\/p>\n\n\n\n<p><a href=\"https:\/\/es.wikiloc.com\/rutas-senderismo\/montseny-salts-i-gorgs-de-la-riera-de-gualba-santa-fe-8263014\" target=\"_blank\" rel=\"noreferrer noopener nofollow\">Track de Wikiloc<\/a><\/p>\n\n\n<\/div>\n\n\n<h2 class=\"wp-block-heading\" id=\"10-qu%C3%A9-m%C3%A1s-ver-en-el-montseny\">Qu\u00e9 m\u00e1s ver en el Montseny<\/h2>\n\n\n<section class=\"wp-block-ub-post-grid ub-block-post-grid align  is-equal-height preserve-post-image-aspect-ratio\" style=\"\" id=\"ub-post-grid-\"><div class=\"ub-post-grid-items is-list\" style=\"row-gap: 32px; column-gap: 32px; \"><article id=\"post-209015\" class=\"ub-post-grid-item post-209015 post type-post status-publish format-standard has-post-thumbnail hentry category-paisajes category-rutas-y-excursiones tag-que-ver-en-avila tag-que-ver-en-barcelona tag-casas-del-castanar tag-castanares tag-castanas tag-castanos tag-constantina tag-el-tiemblo tag-que-ver-en-extremadura tag-familia tag-listado tag-que-ver-en-malaga tag-montseny tag-otono tag-paseo tag-senderismo tag-serrania-de-ronda tag-que-ver-en-sevilla tag-valle-del-jerte\" style=\"\"><div class=\"ub-block-post-grid-image\" style=\"\"><a href=\"https:\/\/www.escapadarural.com\/blog\/rutas-otonales-castanares-majestuosos\/\" rel=\"bookmark\" aria-hidden=\"true\" tabindex=\"-1\"><img loading=\"lazy\" decoding=\"async\" width=\"1200\" height=\"800\" src=\"https:\/\/www.escapadarural.com\/blog\/wp-content\/uploads\/2025\/10\/01d_RutasCastanares_NouBranques_Viladrau-Barcelona_jarcosa_AdobeStock_397881143_WP04.webp\" class=\"attachment-full size-full\" alt=\"Casta\u00f1ar en el Montseny (Barcelona) en oto\u00f1o.\" style=\"max-width: 600px; \" srcset=\"https:\/\/www.escapadarural.com\/blog\/wp-content\/uploads\/2025\/10\/01d_RutasCastanares_NouBranques_Viladrau-Barcelona_jarcosa_AdobeStock_397881143_WP04-200x133.webp 200w, https:\/\/www.escapadarural.com\/blog\/wp-content\/uploads\/2025\/10\/01d_RutasCastanares_NouBranques_Viladrau-Barcelona_jarcosa_AdobeStock_397881143_WP04-300x200.webp 300w, https:\/\/www.escapadarural.com\/blog\/wp-content\/uploads\/2025\/10\/01d_RutasCastanares_NouBranques_Viladrau-Barcelona_jarcosa_AdobeStock_397881143_WP04-400x267.webp 400w, https:\/\/www.escapadarural.com\/blog\/wp-content\/uploads\/2025\/10\/01d_RutasCastanares_NouBranques_Viladrau-Barcelona_jarcosa_AdobeStock_397881143_WP04-600x400.webp 600w, https:\/\/www.escapadarural.com\/blog\/wp-content\/uploads\/2025\/10\/01d_RutasCastanares_NouBranques_Viladrau-Barcelona_jarcosa_AdobeStock_397881143_WP04-768x512.webp 768w, https:\/\/www.escapadarural.com\/blog\/wp-content\/uploads\/2025\/10\/01d_RutasCastanares_NouBranques_Viladrau-Barcelona_jarcosa_AdobeStock_397881143_WP04-800x533.webp 800w, https:\/\/www.escapadarural.com\/blog\/wp-content\/uploads\/2025\/10\/01d_RutasCastanares_NouBranques_Viladrau-Barcelona_jarcosa_AdobeStock_397881143_WP04-1024x683.webp 1024w, https:\/\/www.escapadarural.com\/blog\/wp-content\/uploads\/2025\/10\/01d_RutasCastanares_NouBranques_Viladrau-Barcelona_jarcosa_AdobeStock_397881143_WP04.webp 1200w\" sizes=\"auto, (max-width: 1200px) 100vw, 1200px\"><\/a><\/div><div class=\"ub-block-post-grid-text\" style=\"\"><div class=\"ub-block-post-grid-header-content\"><header class=\"ub-block-post-grid-header\"><h3 class=\"ub-block-post-grid-title\"><a style=\"\" href=\"https:\/\/www.escapadarural.com\/blog\/rutas-otonales-castanares-majestuosos\/\" rel=\"bookmark\">Rutas oto\u00f1ales por los casta\u00f1ares m\u00e1s majestuosos de Espa\u00f1a<\/a><\/h3><\/header><\/div><div class=\"ub-block-post-grid-excerpt\"><div class=\"ub-block-post-grid-excerpt-text\" style=\"\"><p>Te invitamos a descubrir estas rutas por algunos de los casta\u00f1ares m\u00e1s majestuosos de Espa\u00f1a en los que podr\u00e1s respirar la aut\u00e9ntica esencia del oto\u00f1o<\/p>\n<\/div><\/div><\/div><\/article>\n<article id=\"post-209179\" class=\"ub-post-grid-item post-209179 post type-post status-publish format-standard has-post-thumbnail hentry category-destinos tag-que-ver-en-barcelona tag-bosques tag-que-ver-en-castilla-y-leon tag-que-ver-en-galicia tag-gastronomia tag-que-ver-en-huesca tag-listado tag-que-ver-en-madrid tag-montseny tag-que-ver-en-navarra tag-otono tag-pirineo-aragones tag-selva-de-irati tag-setas tag-sierra-de-guadarrama\" style=\"\"><div class=\"ub-block-post-grid-image\" style=\"\"><a href=\"https:\/\/www.escapadarural.com\/blog\/cada-seta-en-su-bosque\/\" rel=\"bookmark\" aria-hidden=\"true\" tabindex=\"-1\"><img loading=\"lazy\" decoding=\"async\" width=\"1200\" height=\"800\" src=\"https:\/\/www.escapadarural.com\/blog\/wp-content\/uploads\/2025\/10\/00_Setas_Fox17_AdobeStock_89822690_WP01.webp\" class=\"attachment-full size-full\" alt=\"El oto\u00f1o es la \u00e9poca perfecta para recoger setas en Espa\u00f1a.\" style=\"max-width: 600px; \" srcset=\"https:\/\/www.escapadarural.com\/blog\/wp-content\/uploads\/2025\/10\/00_Setas_Fox17_AdobeStock_89822690_WP01-200x133.webp 200w, https:\/\/www.escapadarural.com\/blog\/wp-content\/uploads\/2025\/10\/00_Setas_Fox17_AdobeStock_89822690_WP01-300x200.webp 300w, https:\/\/www.escapadarural.com\/blog\/wp-content\/uploads\/2025\/10\/00_Setas_Fox17_AdobeStock_89822690_WP01-400x267.webp 400w, https:\/\/www.escapadarural.com\/blog\/wp-content\/uploads\/2025\/10\/00_Setas_Fox17_AdobeStock_89822690_WP01-600x400.webp 600w, https:\/\/www.escapadarural.com\/blog\/wp-content\/uploads\/2025\/10\/00_Setas_Fox17_AdobeStock_89822690_WP01-768x512.webp 768w, https:\/\/www.escapadarural.com\/blog\/wp-content\/uploads\/2025\/10\/00_Setas_Fox17_AdobeStock_89822690_WP01-800x533.webp 800w, https:\/\/www.escapadarural.com\/blog\/wp-content\/uploads\/2025\/10\/00_Setas_Fox17_AdobeStock_89822690_WP01-1024x683.webp 1024w, https:\/\/www.escapadarural.com\/blog\/wp-content\/uploads\/2025\/10\/00_Setas_Fox17_AdobeStock_89822690_WP01.webp 1200w\" sizes=\"auto, (max-width: 1200px) 100vw, 1200px\"><\/a><\/div><div class=\"ub-block-post-grid-text\" style=\"\"><div class=\"ub-block-post-grid-header-content\"><header class=\"ub-block-post-grid-header\"><h3 class=\"ub-block-post-grid-title\"><a style=\"\" href=\"https:\/\/www.escapadarural.com\/blog\/cada-seta-en-su-bosque\/\" rel=\"bookmark\">Cada seta en su bosque: cinco variedades muy apetitosas y cinco lugares donde puedes encontrarlas<\/a><\/h3><\/header><\/div><div class=\"ub-block-post-grid-excerpt\"><div class=\"ub-block-post-grid-excerpt-text\" style=\"\"><p>N\u00edscalos, boletus, rebozuelos\u2026 Te sugerimos cinco bosques de Espa\u00f1a donde puedes encontrar algunas de las setas m\u00e1s apreciadas. \u00a1A buscar!<\/p>\n<\/div><\/div><\/div><\/article>\n<article id=\"post-208922\" class=\"ub-post-grid-item post-208922 post type-post status-publish format-standard has-post-thumbnail hentry category-destinos category-paisajes tag-que-ver-en-barcelona tag-bosques tag-que-ver-en-caceres tag-castilla-la-mancha-2 tag-que-ver-en-cataluna tag-que-ver-en-cuenca tag-que-ver-en-extremadura tag-que-ver-en-madrid tag-montseny tag-otono tag-patones tag-ponton-de-la-oliva tag-serrania-de-cuenca tag-valle-del-ambroz\" style=\"\"><div class=\"ub-block-post-grid-image\" style=\"\"><a href=\"https:\/\/www.escapadarural.com\/blog\/paisajes-donde-apreciar-las-tonalidades-del-otono\/\" rel=\"bookmark\" aria-hidden=\"true\" tabindex=\"-1\"><img loading=\"lazy\" decoding=\"async\" width=\"1200\" height=\"800\" src=\"https:\/\/www.escapadarural.com\/blog\/wp-content\/uploads\/2024\/09\/Otono-Magico-del-Valle-del-Ambroz.webp\" class=\"attachment-full size-full\" alt=\"Oto\u00f1o M\u00e1gico del Valle del Ambroz\" style=\"max-width: 600px; \" srcset=\"https:\/\/www.escapadarural.com\/blog\/wp-content\/uploads\/2024\/09\/Otono-Magico-del-Valle-del-Ambroz-200x133.webp 200w, https:\/\/www.escapadarural.com\/blog\/wp-content\/uploads\/2024\/09\/Otono-Magico-del-Valle-del-Ambroz-300x200.webp 300w, https:\/\/www.escapadarural.com\/blog\/wp-content\/uploads\/2024\/09\/Otono-Magico-del-Valle-del-Ambroz-400x267.webp 400w, https:\/\/www.escapadarural.com\/blog\/wp-content\/uploads\/2024\/09\/Otono-Magico-del-Valle-del-Ambroz-600x400.webp 600w, https:\/\/www.escapadarural.com\/blog\/wp-content\/uploads\/2024\/09\/Otono-Magico-del-Valle-del-Ambroz-768x512.webp 768w, https:\/\/www.escapadarural.com\/blog\/wp-content\/uploads\/2024\/09\/Otono-Magico-del-Valle-del-Ambroz-800x533.webp 800w, https:\/\/www.escapadarural.com\/blog\/wp-content\/uploads\/2024\/09\/Otono-Magico-del-Valle-del-Ambroz-1024x683.webp 1024w, https:\/\/www.escapadarural.com\/blog\/wp-content\/uploads\/2024\/09\/Otono-Magico-del-Valle-del-Ambroz.webp 1200w\" sizes=\"auto, (max-width: 1200px) 100vw, 1200px\"><\/a><\/div><div class=\"ub-block-post-grid-text\" style=\"\"><div class=\"ub-block-post-grid-header-content\"><header class=\"ub-block-post-grid-header\"><h3 class=\"ub-block-post-grid-title\"><a style=\"\" href=\"https:\/\/www.escapadarural.com\/blog\/paisajes-donde-apreciar-las-tonalidades-del-otono\/\" rel=\"bookmark\">Paisajes donde apreciar las tonalidades del oto\u00f1o<\/a><\/h3><\/header><\/div><div class=\"ub-block-post-grid-excerpt\"><div class=\"ub-block-post-grid-excerpt-text\" style=\"\"><p>Marrones, naranjas, rojos y amarillos ti\u00f1en el oto\u00f1o: te proponemos un recorrido por cuatro paisajes espa\u00f1oles para apreciar las tonalidades oto\u00f1ales<\/p>\n<\/div><\/div><\/div><\/article>\n<article id=\"post-4131\" class=\"ub-post-grid-item post-4131 post type-post status-publish format-standard has-post-thumbnail hentry category-destinos tag-bosques tag-listado tag-moncayo tag-montejo tag-montseny tag-muniellos tag-otono tag-parque-natural\" style=\"\"><div class=\"ub-block-post-grid-image\" style=\"\"><a href=\"https:\/\/www.escapadarural.com\/blog\/bosques-para-recibir-el-otono-en-espana\/\" rel=\"bookmark\" aria-hidden=\"true\" tabindex=\"-1\"><img loading=\"lazy\" decoding=\"async\" width=\"1024\" height=\"683\" src=\"https:\/\/www.escapadarural.com\/blog\/wp-content\/uploads\/2024\/10\/path-through-the-beech-forest-covered-with-leaves-in-autumn-montejo-de-la-sierra-spainwallpaper-foliage-woodland-beautiful-environm-stockpack-adobe-stock-1024x683-6.jpg\" class=\"attachment-full size-full\" alt=\"Bosque de Montejo de la Sierra\" style=\"max-width: 600px; \" srcset=\"https:\/\/www.escapadarural.com\/blog\/wp-content\/uploads\/2024\/10\/path-through-the-beech-forest-covered-with-leaves-in-autumn-montejo-de-la-sierra-spainwallpaper-foliage-woodland-beautiful-environm-stockpack-adobe-stock-1024x683-6-200x133.jpg 200w, https:\/\/www.escapadarural.com\/blog\/wp-content\/uploads\/2024\/10\/path-through-the-beech-forest-covered-with-leaves-in-autumn-montejo-de-la-sierra-spainwallpaper-foliage-woodland-beautiful-environm-stockpack-adobe-stock-1024x683-6-300x200.jpg 300w, https:\/\/www.escapadarural.com\/blog\/wp-content\/uploads\/2024\/10\/path-through-the-beech-forest-covered-with-leaves-in-autumn-montejo-de-la-sierra-spainwallpaper-foliage-woodland-beautiful-environm-stockpack-adobe-stock-1024x683-6-400x267.jpg 400w, https:\/\/www.escapadarural.com\/blog\/wp-content\/uploads\/2024\/10\/path-through-the-beech-forest-covered-with-leaves-in-autumn-montejo-de-la-sierra-spainwallpaper-foliage-woodland-beautiful-environm-stockpack-adobe-stock-1024x683-6-600x400.jpg 600w, https:\/\/www.escapadarural.com\/blog\/wp-content\/uploads\/2024\/10\/path-through-the-beech-forest-covered-with-leaves-in-autumn-montejo-de-la-sierra-spainwallpaper-foliage-woodland-beautiful-environm-stockpack-adobe-stock-1024x683-6-768x512.jpg 768w, https:\/\/www.escapadarural.com\/blog\/wp-content\/uploads\/2024\/10\/path-through-the-beech-forest-covered-with-leaves-in-autumn-montejo-de-la-sierra-spainwallpaper-foliage-woodland-beautiful-environm-stockpack-adobe-stock-1024x683-6-800x534.jpg 800w, https:\/\/www.escapadarural.com\/blog\/wp-content\/uploads\/2024\/10\/path-through-the-beech-forest-covered-with-leaves-in-autumn-montejo-de-la-sierra-spainwallpaper-foliage-woodland-beautiful-environm-stockpack-adobe-stock-1024x683-6.jpg 1024w\" sizes=\"auto, (max-width: 1024px) 100vw, 1024px\"><\/a><\/div><div class=\"ub-block-post-grid-text\" style=\"\"><div class=\"ub-block-post-grid-header-content\"><header class=\"ub-block-post-grid-header\"><h3 class=\"ub-block-post-grid-title\"><a style=\"\" href=\"https:\/\/www.escapadarural.com\/blog\/bosques-para-recibir-el-otono-en-espana\/\" rel=\"bookmark\">5 bosques para recibir el oto\u00f1o en Espa\u00f1a<\/a><\/h3><\/header><\/div><div class=\"ub-block-post-grid-excerpt\"><div class=\"ub-block-post-grid-excerpt-text\" style=\"\"><p>\u00bfQu\u00e9 bosques son los m\u00e1s oto\u00f1ales de nuestro pa\u00eds? Te proponemos cinco espacios naturales tan anaranjados que\u2026<\/p>\n<\/div><\/div><\/div><\/article>\n<article id=\"post-55719\" class=\"ub-post-grid-item post-55719 post type-post status-publish format-standard has-post-thumbnail hentry category-destinos tag-montseny tag-navidad tag-serrania-de-ronda tag-sierra-de-grazalema tag-sierra-de-guara\" style=\"\"><div class=\"ub-block-post-grid-image\" style=\"\"><a href=\"https:\/\/www.escapadarural.com\/blog\/mejores-sitios-para-ver-abetos-espana\/\" rel=\"bookmark\" aria-hidden=\"true\" tabindex=\"-1\"><img loading=\"lazy\" decoding=\"async\" width=\"1024\" height=\"576\" src=\"https:\/\/www.escapadarural.com\/blog\/wp-content\/uploads\/2024\/10\/pexels-marko-blazevic-757170-1024x576-3.jpg\" class=\"attachment-full size-full\" alt=\"Vista a\u00e9rea de un estrecho camino de tierra que serpentea a trav\u00e9s de un denso bosque de abetos, con \u00e1rboles muy juntos a ambos lados. Una fina franja de nieve bordea la carretera.\" style=\"max-width: 600px; \" srcset=\"https:\/\/www.escapadarural.com\/blog\/wp-content\/uploads\/2024\/10\/pexels-marko-blazevic-757170-1024x576-3-200x113.jpg 200w, https:\/\/www.escapadarural.com\/blog\/wp-content\/uploads\/2024\/10\/pexels-marko-blazevic-757170-1024x576-3-300x169.jpg 300w, https:\/\/www.escapadarural.com\/blog\/wp-content\/uploads\/2024\/10\/pexels-marko-blazevic-757170-1024x576-3-400x225.jpg 400w, https:\/\/www.escapadarural.com\/blog\/wp-content\/uploads\/2024\/10\/pexels-marko-blazevic-757170-1024x576-3-600x338.jpg 600w, https:\/\/www.escapadarural.com\/blog\/wp-content\/uploads\/2024\/10\/pexels-marko-blazevic-757170-1024x576-3-768x432.jpg 768w, https:\/\/www.escapadarural.com\/blog\/wp-content\/uploads\/2024\/10\/pexels-marko-blazevic-757170-1024x576-3-800x450.jpg 800w, https:\/\/www.escapadarural.com\/blog\/wp-content\/uploads\/2024\/10\/pexels-marko-blazevic-757170-1024x576-3.jpg 1024w\" sizes=\"auto, (max-width: 1024px) 100vw, 1024px\"><\/a><\/div><div class=\"ub-block-post-grid-text\" style=\"\"><div class=\"ub-block-post-grid-header-content\"><header class=\"ub-block-post-grid-header\"><h3 class=\"ub-block-post-grid-title\"><a style=\"\" href=\"https:\/\/www.escapadarural.com\/blog\/mejores-sitios-para-ver-abetos-espana\/\" rel=\"bookmark\">Los 5 mejores sitios para ver abetos en Espa\u00f1a<\/a><\/h3><\/header><\/div><div class=\"ub-block-post-grid-excerpt\"><div class=\"ub-block-post-grid-excerpt-text\" style=\"\"><p>Ya huele a Navidad y los abetos suelen ser uno de los grandes protagonistas de estas fechas. \u00bfSab\u00edas que en Espa\u00f1a tenemos nuestra propia especie de abetos?<\/p>\n<\/div><\/div><\/div><\/article>\n<article id=\"post-42199\" class=\"ub-post-grid-item post-42199 post type-post status-publish format-standard has-post-thumbnail hentry category-rutas-y-excursiones tag-articulo tag-que-ver-en-barcelona tag-bosques tag-castanas tag-que-ver-en-cataluna tag-familia tag-montseny\" style=\"\"><div class=\"ub-block-post-grid-image\" style=\"\"><a href=\"https:\/\/www.escapadarural.com\/blog\/3-rutas-de-la-castana-en-el-montseny\/\" rel=\"bookmark\" aria-hidden=\"true\" tabindex=\"-1\"><img loading=\"lazy\" decoding=\"async\" width=\"1000\" height=\"667\" src=\"https:\/\/www.escapadarural.com\/blog\/wp-content\/uploads\/2024\/10\/Montseny-5.jpg\" class=\"attachment-full size-full\" alt=\"Montseny, Barcelona.\" style=\"max-width: 600px; \" srcset=\"https:\/\/www.escapadarural.com\/blog\/wp-content\/uploads\/2024\/10\/Montseny-5-200x133.jpg 200w, https:\/\/www.escapadarural.com\/blog\/wp-content\/uploads\/2024\/10\/Montseny-5-300x200.jpg 300w, https:\/\/www.escapadarural.com\/blog\/wp-content\/uploads\/2024\/10\/Montseny-5-400x267.jpg 400w, https:\/\/www.escapadarural.com\/blog\/wp-content\/uploads\/2024\/10\/Montseny-5-600x400.jpg 600w, https:\/\/www.escapadarural.com\/blog\/wp-content\/uploads\/2024\/10\/Montseny-5-768x512.jpg 768w, https:\/\/www.escapadarural.com\/blog\/wp-content\/uploads\/2024\/10\/Montseny-5-800x534.jpg 800w, https:\/\/www.escapadarural.com\/blog\/wp-content\/uploads\/2024\/10\/Montseny-5.jpg 1000w\" sizes=\"auto, (max-width: 1000px) 100vw, 1000px\"><\/a><\/div><div class=\"ub-block-post-grid-text\" style=\"\"><div class=\"ub-block-post-grid-header-content\"><header class=\"ub-block-post-grid-header\"><h3 class=\"ub-block-post-grid-title\"><a style=\"\" href=\"https:\/\/www.escapadarural.com\/blog\/3-rutas-de-la-castana-en-el-montseny\/\" rel=\"bookmark\">3 rutas de la casta\u00f1a en el Montseny<\/a><\/h3><\/header><\/div><div class=\"ub-block-post-grid-excerpt\"><div class=\"ub-block-post-grid-excerpt-text\" style=\"\"><p>Uno de los lugares destacados de Espa\u00f1a en lo que a casta\u00f1as se refiere es el Parque Natural del Montseny, en Catalu\u00f1a. De hecho, el pueblo de Viladrau \u2013situado en la zona\u2013 es una de las m\u00e1s reconocidas del pa\u00eds y en el mes de septiembre, desde 1995, celebran la Fira de la castanya, en la que se escoge al \u2018Castanyer de plata\u2019. <\/p>\n<\/div><\/div><\/div><\/article>\n<article id=\"post-35414\" class=\"ub-post-grid-item post-35414 post type-post status-publish format-standard has-post-thumbnail hentry category-rutas-y-excursiones tag-anoia tag-antonio-gaudi tag-que-ver-en-barcelona tag-que-ver-en-cataluna tag-montseny tag-montserrat tag-pedraforca tag-penedes tag-videos\" style=\"\"><div class=\"ub-block-post-grid-image\" style=\"\"><a href=\"https:\/\/www.escapadarural.com\/blog\/5-videos-para-descubrir-que-barcelona-es-mucho-mas\/\" rel=\"bookmark\" aria-hidden=\"true\" tabindex=\"-1\"><img loading=\"lazy\" decoding=\"async\" width=\"1024\" height=\"576\" src=\"https:\/\/www.escapadarural.com\/blog\/wp-content\/uploads\/2024\/10\/Marganell-Bages-Montserrat-Ignasia-Rutes-Senderisme-S.Boixader-1024x576-1.jpg\" class=\"attachment-full size-full\" alt=\"Monta\u00f1a de Montserrat, en Barcelona.\" style=\"max-width: 600px; \" srcset=\"https:\/\/www.escapadarural.com\/blog\/wp-content\/uploads\/2024\/10\/Marganell-Bages-Montserrat-Ignasia-Rutes-Senderisme-S.Boixader-1024x576-1-200x113.jpg 200w, https:\/\/www.escapadarural.com\/blog\/wp-content\/uploads\/2024\/10\/Marganell-Bages-Montserrat-Ignasia-Rutes-Senderisme-S.Boixader-1024x576-1-300x169.jpg 300w, https:\/\/www.escapadarural.com\/blog\/wp-content\/uploads\/2024\/10\/Marganell-Bages-Montserrat-Ignasia-Rutes-Senderisme-S.Boixader-1024x576-1-400x225.jpg 400w, https:\/\/www.escapadarural.com\/blog\/wp-content\/uploads\/2024\/10\/Marganell-Bages-Montserrat-Ignasia-Rutes-Senderisme-S.Boixader-1024x576-1-600x338.jpg 600w, https:\/\/www.escapadarural.com\/blog\/wp-content\/uploads\/2024\/10\/Marganell-Bages-Montserrat-Ignasia-Rutes-Senderisme-S.Boixader-1024x576-1-768x432.jpg 768w, https:\/\/www.escapadarural.com\/blog\/wp-content\/uploads\/2024\/10\/Marganell-Bages-Montserrat-Ignasia-Rutes-Senderisme-S.Boixader-1024x576-1-800x450.jpg 800w, https:\/\/www.escapadarural.com\/blog\/wp-content\/uploads\/2024\/10\/Marganell-Bages-Montserrat-Ignasia-Rutes-Senderisme-S.Boixader-1024x576-1.jpg 1024w\" sizes=\"auto, (max-width: 1024px) 100vw, 1024px\"><\/a><\/div><div class=\"ub-block-post-grid-text\" style=\"\"><div class=\"ub-block-post-grid-header-content\"><header class=\"ub-block-post-grid-header\"><h3 class=\"ub-block-post-grid-title\"><a style=\"\" href=\"https:\/\/www.escapadarural.com\/blog\/5-videos-para-descubrir-que-barcelona-es-mucho-mas\/\" rel=\"bookmark\">5 v\u00eddeos para descubrir que Barcelona es mucho m\u00e1s<\/a><\/h3><\/header><\/div><div class=\"ub-block-post-grid-excerpt\"><div class=\"ub-block-post-grid-excerpt-text\" style=\"\"><p>En Barcelona descubriremos los restos de un mar desaparecido hace millones de a\u00f1os, altas monta\u00f1as, un pasado industrial inigualable, arquitectura modernista, grandes fortalezas y espiritualidad. En estos cinco v\u00eddeos hemos recogido algunos de los lugares m\u00e1s representativos de Barcelona. <\/p>\n<\/div><\/div><\/div><\/article>\n<article id=\"post-10932\" class=\"ub-post-grid-item post-10932 post type-post status-publish format-standard has-post-thumbnail hentry category-rutas-y-excursiones tag-que-ver-en-barcelona tag-que-ver-en-cataluna tag-familia tag-montana tag-montseny tag-parques-naturales\" style=\"\"><div class=\"ub-block-post-grid-image\" style=\"\"><a href=\"https:\/\/www.escapadarural.com\/blog\/subida-al-turo-del-home-con-ninos\/\" rel=\"bookmark\" aria-hidden=\"true\" tabindex=\"-1\"><img loading=\"lazy\" decoding=\"async\" width=\"1024\" height=\"683\" src=\"https:\/\/www.escapadarural.com\/blog\/wp-content\/uploads\/2024\/10\/03_turo-1024x683-3.jpg\" class=\"attachment-full size-full\" alt=\"Una persona borrosa con una mochila est\u00e1 en primer plano, mirando hacia la cima de una colina cubierta de vegetaci\u00f3n con un peque\u00f1o edificio de piedra visible en la cima bajo un cielo azul.\" style=\"max-width: 600px; \" srcset=\"https:\/\/www.escapadarural.com\/blog\/wp-content\/uploads\/2024\/10\/03_turo-1024x683-3-200x133.jpg 200w, https:\/\/www.escapadarural.com\/blog\/wp-content\/uploads\/2024\/10\/03_turo-1024x683-3-300x200.jpg 300w, https:\/\/www.escapadarural.com\/blog\/wp-content\/uploads\/2024\/10\/03_turo-1024x683-3-400x267.jpg 400w, https:\/\/www.escapadarural.com\/blog\/wp-content\/uploads\/2024\/10\/03_turo-1024x683-3-600x400.jpg 600w, https:\/\/www.escapadarural.com\/blog\/wp-content\/uploads\/2024\/10\/03_turo-1024x683-3-768x512.jpg 768w, https:\/\/www.escapadarural.com\/blog\/wp-content\/uploads\/2024\/10\/03_turo-1024x683-3-800x534.jpg 800w, https:\/\/www.escapadarural.com\/blog\/wp-content\/uploads\/2024\/10\/03_turo-1024x683-3.jpg 1024w\" sizes=\"auto, (max-width: 1024px) 100vw, 1024px\"><\/a><\/div><div class=\"ub-block-post-grid-text\" style=\"\"><div class=\"ub-block-post-grid-header-content\"><header class=\"ub-block-post-grid-header\"><h3 class=\"ub-block-post-grid-title\"><a style=\"\" href=\"https:\/\/www.escapadarural.com\/blog\/subida-al-turo-del-home-con-ninos\/\" rel=\"bookmark\">Subida al Tur\u00f3 del Home con ni\u00f1os<\/a><\/h3><\/header><\/div><div class=\"ub-block-post-grid-excerpt\"><div class=\"ub-block-post-grid-excerpt-text\" style=\"\"><p>Cuando eres aficionado a la monta\u00f1a y te conviertes en padre, una de tus m\u00e1ximas inquietudes es la de encontrar la manera de que tus hijos disfruten tanto como t\u00fa subiendo cimas. Para empezar este camino, primero se ha de dar un paso, el nuestro fue la subida al Tur\u00f3 del Home en el Montseny (Barcelona).<\/p>\n<\/div><\/div><\/div><\/article>\n<article id=\"post-4548\" class=\"ub-post-grid-item post-4548 post type-post status-publish format-standard has-post-thumbnail hentry category-arte-y-cultura tag-articulo tag-avioneta tag-que-ver-en-barcelona tag-historias-y-curiosidades tag-montseny\" style=\"\"><div class=\"ub-block-post-grid-image\" style=\"\"><a href=\"https:\/\/www.escapadarural.com\/blog\/el-caso-del-avion-abandonado-en-el-montseny\/\" rel=\"bookmark\" aria-hidden=\"true\" tabindex=\"-1\"><img loading=\"lazy\" decoding=\"async\" width=\"1024\" height=\"764\" src=\"https:\/\/www.escapadarural.com\/blog\/wp-content\/uploads\/2023\/12\/avioneta_montseny.webp\" class=\"attachment-full size-full\" alt=\"Avioneta estrellada en el Montseny, Barcelona. Por Gus Bertolo\" style=\"max-width: 600px; \" srcset=\"https:\/\/www.escapadarural.com\/blog\/wp-content\/uploads\/2023\/12\/avioneta_montseny-200x149.webp 200w, https:\/\/www.escapadarural.com\/blog\/wp-content\/uploads\/2023\/12\/avioneta_montseny-300x224.webp 300w, https:\/\/www.escapadarural.com\/blog\/wp-content\/uploads\/2023\/12\/avioneta_montseny-400x298.webp 400w, https:\/\/www.escapadarural.com\/blog\/wp-content\/uploads\/2023\/12\/avioneta_montseny-600x448.webp 600w, https:\/\/www.escapadarural.com\/blog\/wp-content\/uploads\/2023\/12\/avioneta_montseny-768x573.webp 768w, https:\/\/www.escapadarural.com\/blog\/wp-content\/uploads\/2023\/12\/avioneta_montseny-800x597.webp 800w, https:\/\/www.escapadarural.com\/blog\/wp-content\/uploads\/2023\/12\/avioneta_montseny.webp 1024w\" sizes=\"auto, (max-width: 1024px) 100vw, 1024px\"><\/a><\/div><div class=\"ub-block-post-grid-text\" style=\"\"><div class=\"ub-block-post-grid-header-content\"><header class=\"ub-block-post-grid-header\"><h3 class=\"ub-block-post-grid-title\"><a style=\"\" href=\"https:\/\/www.escapadarural.com\/blog\/el-caso-del-avion-abandonado-en-el-montseny\/\" rel=\"bookmark\">El caso del avi\u00f3n abandonado en el Montseny<\/a><\/h3><\/header><\/div><div class=\"ub-block-post-grid-excerpt\"><div class=\"ub-block-post-grid-excerpt-text\" style=\"\"><p>Una avioneta abandonada en el Montseny era el reclamo de esta ruta del Parque Natural de Barcelona\u2026<\/p>\n<\/div><\/div><\/div><\/article>\n<article id=\"post-42201\" class=\"ub-post-grid-item post-42201 post type-post status-publish format-standard has-post-thumbnail hentry category-arte-y-cultura tag-que-ver-en-barcelona tag-bosque tag-cristian-diani tag-instrumentos-de-cuerda tag-lutier tag-madera tag-montseny tag-musica tag-taller tag-video tag-videos tag-violin tag-violines\" style=\"\"><div class=\"ub-block-post-grid-image\" style=\"\"><a href=\"https:\/\/www.escapadarural.com\/blog\/el-lutier-del-bosque-del-montseny\/\" rel=\"bookmark\" aria-hidden=\"true\" tabindex=\"-1\"><img loading=\"lazy\" decoding=\"async\" width=\"1024\" height=\"570\" src=\"https:\/\/www.escapadarural.com\/blog\/wp-content\/uploads\/2024\/10\/lutier-miniatura-2-1024x570-1.jpg\" class=\"attachment-full size-full\" alt=\"Primer plano de las manos de una persona dando forma a un objeto de madera con una lima sobre un banco de trabajo, con el logotipo EscapadaRural visible en la esquina superior derecha.\" style=\"max-width: 600px; \" srcset=\"https:\/\/www.escapadarural.com\/blog\/wp-content\/uploads\/2024\/10\/lutier-miniatura-2-1024x570-1-200x111.jpg 200w, https:\/\/www.escapadarural.com\/blog\/wp-content\/uploads\/2024\/10\/lutier-miniatura-2-1024x570-1-300x167.jpg 300w, https:\/\/www.escapadarural.com\/blog\/wp-content\/uploads\/2024\/10\/lutier-miniatura-2-1024x570-1-400x223.jpg 400w, https:\/\/www.escapadarural.com\/blog\/wp-content\/uploads\/2024\/10\/lutier-miniatura-2-1024x570-1-600x334.jpg 600w, https:\/\/www.escapadarural.com\/blog\/wp-content\/uploads\/2024\/10\/lutier-miniatura-2-1024x570-1-768x428.jpg 768w, https:\/\/www.escapadarural.com\/blog\/wp-content\/uploads\/2024\/10\/lutier-miniatura-2-1024x570-1-800x445.jpg 800w, https:\/\/www.escapadarural.com\/blog\/wp-content\/uploads\/2024\/10\/lutier-miniatura-2-1024x570-1.jpg 1024w\" sizes=\"auto, (max-width: 1024px) 100vw, 1024px\"><\/a><\/div><div class=\"ub-block-post-grid-text\" style=\"\"><div class=\"ub-block-post-grid-header-content\"><header class=\"ub-block-post-grid-header\"><h3 class=\"ub-block-post-grid-title\"><a style=\"\" href=\"https:\/\/www.escapadarural.com\/blog\/el-lutier-del-bosque-del-montseny\/\" rel=\"bookmark\">El lutier del Montseny que invoca violines<\/a><\/h3><\/header><\/div><div class=\"ub-block-post-grid-excerpt\"><div class=\"ub-block-post-grid-excerpt-text\" style=\"\"><p>Cristian Diani es italiano, aprendi\u00f3 el oficio en Edimburgo y ahora construye violines en pleno bosque del Montseny, rodeado de \u00e1rboles. Nos cuenta c\u00f3mo es su oficio y por qu\u00e9 le apasiona rodeados de naturaleza, sin electricidad, acompa\u00f1ados por su perro y sus gallinas.<\/p>\n<\/div><\/div><\/div><\/article>\n<\/div><\/section>","protected":false},"excerpt":{"rendered":"<p>Descubre 10 rutas por el Parque Natural del Montseny, la joya verde de Barcelona: naturaleza, leyendas y pueblos con encanto te esperan<\/p>\n","protected":false},"author":87,"featured_media":184871,"comment_status":"open","ping_status":"closed","sticky":false,"template":"","format":"standard","meta":{"_acf_changed":false,"om_disable_all_campaigns":false,"footnotes":""},"categories":[1379],"tags":[211,740,5994,215,728,1541,579,6673,5469,6087,270],"class_list":["post-6545","post","type-post","status-publish","format-standard","has-post-thumbnail","hentry","category-rutas-y-excursiones","tag-que-ver-en-barcelona","tag-bosque","tag-que-ver-en-cataluna","tag-listado","tag-montana","tag-montseny","tag-parque-natural","tag-podcast","tag-rutas-en-el-montseny","tag-senderismo","tag-turismo-activo"],"acf":[],"featured_image_src":"https:\/\/www.escapadarural.com\/blog\/wp-content\/uploads\/2024\/12\/02_LoMasRutas_Montseny_Miguel_AdobeStock_404321245_WP02.webp","author_info":{"display_name":"Estel Soro G\u00f3mez","author_link":"https:\/\/www.escapadarural.com\/blog\/autor\/estelsoro\/"},"yoast_head":"<!-- This site is optimized with the Yoast SEO plugin v27.5 - https:\/\/yoast.com\/product\/yoast-seo-wordpress\/ -->\n<title>Montseny esencial: 10 rutas que no te puedes perder en la joya natural de Barcelona - EscapadaRural<\/title>\n<meta name=\"description\" content=\"Descubre 10 rutas por el Parque Natural del Montseny, la joya verde de Barcelona: naturaleza, leyendas y pueblos con encanto te esperan\" \/>\n<meta name=\"robots\" content=\"index, follow, max-snippet:-1, max-image-preview:large, max-video-preview:-1\" \/>\n<link rel=\"canonical\" href=\"https:\/\/www.escapadarural.com\/blog\/rutas-en-el-montseny\/\" \/>\n<meta property=\"og:locale\" content=\"es_ES\" \/>\n<meta property=\"og:type\" content=\"article\" \/>\n<meta property=\"og:title\" content=\"Montseny esencial: 10 rutas que no te puedes perder en la joya natural de Barcelona - EscapadaRural\" \/>\n<meta property=\"og:description\" content=\"Descubre 10 rutas por el Parque Natural del Montseny, la joya verde de Barcelona: naturaleza, leyendas y pueblos con encanto te esperan\" \/>\n<meta property=\"og:url\" content=\"https:\/\/www.escapadarural.com\/blog\/rutas-en-el-montseny\/\" \/>\n<meta property=\"og:site_name\" content=\"Magazine de viajes de EscapadaRural\" \/>\n<meta property=\"article:publisher\" content=\"https:\/\/www.facebook.com\/escapadarural\" \/>\n<meta property=\"article:published_time\" content=\"2025-11-13T09:00:02+00:00\" \/>\n<meta property=\"article:modified_time\" content=\"2026-03-13T12:07:35+00:00\" \/>\n<meta property=\"og:image\" content=\"https:\/\/www.escapadarural.com\/blog\/wp-content\/uploads\/2024\/12\/02_LoMasRutas_Montseny_Miguel_AdobeStock_404321245_WP02.webp?v=1773403657\" \/>\n\t<meta property=\"og:image:width\" content=\"1024\" \/>\n\t<meta property=\"og:image:height\" content=\"576\" \/>\n\t<meta property=\"og:image:type\" content=\"image\/webp\" \/>\n<meta name=\"author\" content=\"Estel Soro G\u00f3mez\" \/>\n<meta name=\"twitter:card\" content=\"summary_large_image\" \/>\n<meta name=\"twitter:label1\" content=\"Escrito por\" \/>\n\t<meta name=\"twitter:data1\" content=\"Estel Soro G\u00f3mez\" \/>\n\t<meta name=\"twitter:label2\" content=\"Tiempo de lectura\" \/>\n\t<meta name=\"twitter:data2\" content=\"13 minutos\" \/>\n<script type=\"application\/ld+json\" class=\"yoast-schema-graph\">{\"@context\":\"https:\\\/\\\/schema.org\",\"@graph\":[{\"@type\":\"Article\",\"@id\":\"https:\\\/\\\/www.escapadarural.com\\\/blog\\\/rutas-en-el-montseny\\\/#article\",\"isPartOf\":{\"@id\":\"https:\\\/\\\/www.escapadarural.com\\\/blog\\\/rutas-en-el-montseny\\\/\"},\"author\":{\"name\":\"Estel Soro G\u00f3mez\",\"@id\":\"https:\\\/\\\/www.escapadarural.com\\\/blog\\\/#\\\/schema\\\/person\\\/765b6ee00ac07d22895193c5f8ccb01f\"},\"headline\":\"Montseny esencial: 10 rutas que no te puedes perder en la joya natural de Barcelona\",\"datePublished\":\"2025-11-13T09:00:02+00:00\",\"dateModified\":\"2026-03-13T12:07:35+00:00\",\"mainEntityOfPage\":{\"@id\":\"https:\\\/\\\/www.escapadarural.com\\\/blog\\\/rutas-en-el-montseny\\\/\"},\"wordCount\":1384,\"commentCount\":1,\"publisher\":{\"@id\":\"https:\\\/\\\/www.escapadarural.com\\\/blog\\\/#organization\"},\"image\":{\"@id\":\"https:\\\/\\\/www.escapadarural.com\\\/blog\\\/rutas-en-el-montseny\\\/#primaryimage\"},\"thumbnailUrl\":\"https:\\\/\\\/www.escapadarural.com\\\/blog\\\/wp-content\\\/uploads\\\/2024\\\/12\\\/02_LoMasRutas_Montseny_Miguel_AdobeStock_404321245_WP02.webp\",\"keywords\":[\"Barcelona\",\"Bosque\",\"Catalu\u00f1a\",\"Listado\",\"monta\u00f1a\",\"Montseny\",\"Parque Natural\",\"Podcast\",\"Rutas en el Montseny\",\"senderismo\",\"Turismo activo\"],\"articleSection\":[\"Rutas y excursiones\"],\"inLanguage\":\"es\",\"potentialAction\":[{\"@type\":\"CommentAction\",\"name\":\"Comment\",\"target\":[\"https:\\\/\\\/www.escapadarural.com\\\/blog\\\/rutas-en-el-montseny\\\/#respond\"]}]},{\"@type\":\"WebPage\",\"@id\":\"https:\\\/\\\/www.escapadarural.com\\\/blog\\\/rutas-en-el-montseny\\\/\",\"url\":\"https:\\\/\\\/www.escapadarural.com\\\/blog\\\/rutas-en-el-montseny\\\/\",\"name\":\"Montseny esencial: 10 rutas que no te puedes perder en la joya natural de Barcelona - EscapadaRural\",\"isPartOf\":{\"@id\":\"https:\\\/\\\/www.escapadarural.com\\\/blog\\\/#website\"},\"primaryImageOfPage\":{\"@id\":\"https:\\\/\\\/www.escapadarural.com\\\/blog\\\/rutas-en-el-montseny\\\/#primaryimage\"},\"image\":{\"@id\":\"https:\\\/\\\/www.escapadarural.com\\\/blog\\\/rutas-en-el-montseny\\\/#primaryimage\"},\"thumbnailUrl\":\"https:\\\/\\\/www.escapadarural.com\\\/blog\\\/wp-content\\\/uploads\\\/2024\\\/12\\\/02_LoMasRutas_Montseny_Miguel_AdobeStock_404321245_WP02.webp\",\"datePublished\":\"2025-11-13T09:00:02+00:00\",\"dateModified\":\"2026-03-13T12:07:35+00:00\",\"description\":\"Descubre 10 rutas por el Parque Natural del Montseny, la joya verde de Barcelona: naturaleza, leyendas y pueblos con encanto te esperan\",\"breadcrumb\":{\"@id\":\"https:\\\/\\\/www.escapadarural.com\\\/blog\\\/rutas-en-el-montseny\\\/#breadcrumb\"},\"inLanguage\":\"es\",\"potentialAction\":[{\"@type\":\"ReadAction\",\"target\":[\"https:\\\/\\\/www.escapadarural.com\\\/blog\\\/rutas-en-el-montseny\\\/\"]}]},{\"@type\":\"ImageObject\",\"inLanguage\":\"es\",\"@id\":\"https:\\\/\\\/www.escapadarural.com\\\/blog\\\/rutas-en-el-montseny\\\/#primaryimage\",\"url\":\"https:\\\/\\\/www.escapadarural.com\\\/blog\\\/wp-content\\\/uploads\\\/2024\\\/12\\\/02_LoMasRutas_Montseny_Miguel_AdobeStock_404321245_WP02.webp\",\"contentUrl\":\"https:\\\/\\\/www.escapadarural.com\\\/blog\\\/wp-content\\\/uploads\\\/2024\\\/12\\\/02_LoMasRutas_Montseny_Miguel_AdobeStock_404321245_WP02.webp\",\"width\":1024,\"height\":576,\"caption\":\"El Montseny, un enclave espectacular para practicar senderismo muy cerca de Barcelona capital. Por Miguel.\"},{\"@type\":\"BreadcrumbList\",\"@id\":\"https:\\\/\\\/www.escapadarural.com\\\/blog\\\/rutas-en-el-montseny\\\/#breadcrumb\",\"itemListElement\":[{\"@type\":\"ListItem\",\"position\":1,\"name\":\"Inicio\",\"item\":\"https:\\\/\\\/www.escapadarural.com\\\/blog\\\/\"},{\"@type\":\"ListItem\",\"position\":2,\"name\":\"Rutas y excursiones\",\"item\":\"https:\\\/\\\/www.escapadarural.com\\\/blog\\\/categoria\\\/rutas-y-excursiones\\\/\"},{\"@type\":\"ListItem\",\"position\":3,\"name\":\"Montseny esencial: 10 rutas que no te puedes perder en la joya natural de Barcelona\"}]},{\"@type\":\"WebSite\",\"@id\":\"https:\\\/\\\/www.escapadarural.com\\\/blog\\\/#website\",\"url\":\"https:\\\/\\\/www.escapadarural.com\\\/blog\\\/\",\"name\":\"Blog de viajes | turismo rural, alojamientos e inspiraci\u00f3n\",\"description\":\"Alojamientos rurales e inspiraci\u00f3n para tus escapadas\",\"publisher\":{\"@id\":\"https:\\\/\\\/www.escapadarural.com\\\/blog\\\/#organization\"},\"alternateName\":\"Magazine de viajes de EscapadaRural\",\"potentialAction\":[{\"@type\":\"SearchAction\",\"target\":{\"@type\":\"EntryPoint\",\"urlTemplate\":\"https:\\\/\\\/www.escapadarural.com\\\/blog\\\/?s={search_term_string}\"},\"query-input\":{\"@type\":\"PropertyValueSpecification\",\"valueRequired\":true,\"valueName\":\"search_term_string\"}}],\"inLanguage\":\"es\"},{\"@type\":\"Organization\",\"@id\":\"https:\\\/\\\/www.escapadarural.com\\\/blog\\\/#organization\",\"name\":\"EscapadaRural\",\"url\":\"https:\\\/\\\/www.escapadarural.com\\\/blog\\\/\",\"logo\":{\"@type\":\"ImageObject\",\"inLanguage\":\"es\",\"@id\":\"https:\\\/\\\/www.escapadarural.com\\\/blog\\\/#\\\/schema\\\/logo\\\/image\\\/\",\"url\":\"https:\\\/\\\/www.escapadarural.com\\\/blog\\\/wp-content\\\/uploads\\\/2024\\\/10\\\/cropped-cropped-escapada-rural-icon-mag-3.png\",\"contentUrl\":\"https:\\\/\\\/www.escapadarural.com\\\/blog\\\/wp-content\\\/uploads\\\/2024\\\/10\\\/cropped-cropped-escapada-rural-icon-mag-3.png\",\"width\":512,\"height\":512,\"caption\":\"EscapadaRural\"},\"image\":{\"@id\":\"https:\\\/\\\/www.escapadarural.com\\\/blog\\\/#\\\/schema\\\/logo\\\/image\\\/\"},\"sameAs\":[\"https:\\\/\\\/www.facebook.com\\\/escapadarural\",\"https:\\\/\\\/www.instagram.com\\\/escapadarural\\\/\",\"https:\\\/\\\/www.youtube.com\\\/@escapadaruralcom\"]},{\"@type\":\"Person\",\"@id\":\"https:\\\/\\\/www.escapadarural.com\\\/blog\\\/#\\\/schema\\\/person\\\/765b6ee00ac07d22895193c5f8ccb01f\",\"name\":\"Estel Soro G\u00f3mez\",\"image\":{\"@type\":\"ImageObject\",\"inLanguage\":\"es\",\"@id\":\"https:\\\/\\\/www.escapadarural.com\\\/blog\\\/wp-content\\\/uploads\\\/2025\\\/03\\\/cropped-estelinsta-e1453734083971-96x96.jpg\",\"url\":\"https:\\\/\\\/www.escapadarural.com\\\/blog\\\/wp-content\\\/uploads\\\/2025\\\/03\\\/cropped-estelinsta-e1453734083971-96x96.jpg\",\"contentUrl\":\"https:\\\/\\\/www.escapadarural.com\\\/blog\\\/wp-content\\\/uploads\\\/2025\\\/03\\\/cropped-estelinsta-e1453734083971-96x96.jpg\",\"caption\":\"Estel Soro G\u00f3mez\"},\"url\":\"https:\\\/\\\/www.escapadarural.com\\\/blog\\\/autor\\\/estelsoro\\\/\"}]}<\/script>\n<!-- \/ Yoast SEO plugin. -->","yoast_head_json":{"title":"Montseny esencial: 10 rutas que no te puedes perder en la joya natural de Barcelona - EscapadaRural","description":"Descubre 10 rutas por el Parque Natural del Montseny, la joya verde de Barcelona: naturaleza, leyendas y pueblos con encanto te esperan","robots":{"index":"index","follow":"follow","max-snippet":"max-snippet:-1","max-image-preview":"max-image-preview:large","max-video-preview":"max-video-preview:-1"},"canonical":"https:\/\/www.escapadarural.com\/blog\/rutas-en-el-montseny\/","og_locale":"es_ES","og_type":"article","og_title":"Montseny esencial: 10 rutas que no te puedes perder en la joya natural de Barcelona - EscapadaRural","og_description":"Descubre 10 rutas por el Parque Natural del Montseny, la joya verde de Barcelona: naturaleza, leyendas y pueblos con encanto te esperan","og_url":"https:\/\/www.escapadarural.com\/blog\/rutas-en-el-montseny\/","og_site_name":"Magazine de viajes de EscapadaRural","article_publisher":"https:\/\/www.facebook.com\/escapadarural","article_published_time":"2025-11-13T09:00:02+00:00","article_modified_time":"2026-03-13T12:07:35+00:00","og_image":[{"width":1024,"height":576,"url":"https:\/\/www.escapadarural.com\/blog\/wp-content\/uploads\/2024\/12\/02_LoMasRutas_Montseny_Miguel_AdobeStock_404321245_WP02.webp?v=1773403657","type":"image\/webp"}],"author":"Estel Soro G\u00f3mez","twitter_card":"summary_large_image","twitter_misc":{"Escrito por":"Estel Soro G\u00f3mez","Tiempo de lectura":"13 minutos"},"schema":{"@context":"https:\/\/schema.org","@graph":[{"@type":"Article","@id":"https:\/\/www.escapadarural.com\/blog\/rutas-en-el-montseny\/#article","isPartOf":{"@id":"https:\/\/www.escapadarural.com\/blog\/rutas-en-el-montseny\/"},"author":{"name":"Estel Soro G\u00f3mez","@id":"https:\/\/www.escapadarural.com\/blog\/#\/schema\/person\/765b6ee00ac07d22895193c5f8ccb01f"},"headline":"Montseny esencial: 10 rutas que no te puedes perder en la joya natural de Barcelona","datePublished":"2025-11-13T09:00:02+00:00","dateModified":"2026-03-13T12:07:35+00:00","mainEntityOfPage":{"@id":"https:\/\/www.escapadarural.com\/blog\/rutas-en-el-montseny\/"},"wordCount":1384,"commentCount":1,"publisher":{"@id":"https:\/\/www.escapadarural.com\/blog\/#organization"},"image":{"@id":"https:\/\/www.escapadarural.com\/blog\/rutas-en-el-montseny\/#primaryimage"},"thumbnailUrl":"https:\/\/www.escapadarural.com\/blog\/wp-content\/uploads\/2024\/12\/02_LoMasRutas_Montseny_Miguel_AdobeStock_404321245_WP02.webp","keywords":["Barcelona","Bosque","Catalu\u00f1a","Listado","monta\u00f1a","Montseny","Parque Natural","Podcast","Rutas en el Montseny","senderismo","Turismo activo"],"articleSection":["Rutas y excursiones"],"inLanguage":"es","potentialAction":[{"@type":"CommentAction","name":"Comment","target":["https:\/\/www.escapadarural.com\/blog\/rutas-en-el-montseny\/#respond"]}]},{"@type":"WebPage","@id":"https:\/\/www.escapadarural.com\/blog\/rutas-en-el-montseny\/","url":"https:\/\/www.escapadarural.com\/blog\/rutas-en-el-montseny\/","name":"Montseny esencial: 10 rutas que no te puedes perder en la joya natural de Barcelona - EscapadaRural","isPartOf":{"@id":"https:\/\/www.escapadarural.com\/blog\/#website"},"primaryImageOfPage":{"@id":"https:\/\/www.escapadarural.com\/blog\/rutas-en-el-montseny\/#primaryimage"},"image":{"@id":"https:\/\/www.escapadarural.com\/blog\/rutas-en-el-montseny\/#primaryimage"},"thumbnailUrl":"https:\/\/www.escapadarural.com\/blog\/wp-content\/uploads\/2024\/12\/02_LoMasRutas_Montseny_Miguel_AdobeStock_404321245_WP02.webp","datePublished":"2025-11-13T09:00:02+00:00","dateModified":"2026-03-13T12:07:35+00:00","description":"Descubre 10 rutas por el Parque Natural del Montseny, la joya verde de Barcelona: naturaleza, leyendas y pueblos con encanto te esperan","breadcrumb":{"@id":"https:\/\/www.escapadarural.com\/blog\/rutas-en-el-montseny\/#breadcrumb"},"inLanguage":"es","potentialAction":[{"@type":"ReadAction","target":["https:\/\/www.escapadarural.com\/blog\/rutas-en-el-montseny\/"]}]},{"@type":"ImageObject","inLanguage":"es","@id":"https:\/\/www.escapadarural.com\/blog\/rutas-en-el-montseny\/#primaryimage","url":"https:\/\/www.escapadarural.com\/blog\/wp-content\/uploads\/2024\/12\/02_LoMasRutas_Montseny_Miguel_AdobeStock_404321245_WP02.webp","contentUrl":"https:\/\/www.escapadarural.com\/blog\/wp-content\/uploads\/2024\/12\/02_LoMasRutas_Montseny_Miguel_AdobeStock_404321245_WP02.webp","width":1024,"height":576,"caption":"El Montseny, un enclave espectacular para practicar senderismo muy cerca de Barcelona capital. Por Miguel."},{"@type":"BreadcrumbList","@id":"https:\/\/www.escapadarural.com\/blog\/rutas-en-el-montseny\/#breadcrumb","itemListElement":[{"@type":"ListItem","position":1,"name":"Inicio","item":"https:\/\/www.escapadarural.com\/blog\/"},{"@type":"ListItem","position":2,"name":"Rutas y excursiones","item":"https:\/\/www.escapadarural.com\/blog\/categoria\/rutas-y-excursiones\/"},{"@type":"ListItem","position":3,"name":"Montseny esencial: 10 rutas que no te puedes perder en la joya natural de Barcelona"}]},{"@type":"WebSite","@id":"https:\/\/www.escapadarural.com\/blog\/#website","url":"https:\/\/www.escapadarural.com\/blog\/","name":"Blog de viajes | turismo rural, alojamientos e inspiraci\u00f3n","description":"Alojamientos rurales e inspiraci\u00f3n para tus escapadas","publisher":{"@id":"https:\/\/www.escapadarural.com\/blog\/#organization"},"alternateName":"Magazine de viajes de EscapadaRural","potentialAction":[{"@type":"SearchAction","target":{"@type":"EntryPoint","urlTemplate":"https:\/\/www.escapadarural.com\/blog\/?s={search_term_string}"},"query-input":{"@type":"PropertyValueSpecification","valueRequired":true,"valueName":"search_term_string"}}],"inLanguage":"es"},{"@type":"Organization","@id":"https:\/\/www.escapadarural.com\/blog\/#organization","name":"EscapadaRural","url":"https:\/\/www.escapadarural.com\/blog\/","logo":{"@type":"ImageObject","inLanguage":"es","@id":"https:\/\/www.escapadarural.com\/blog\/#\/schema\/logo\/image\/","url":"https:\/\/www.escapadarural.com\/blog\/wp-content\/uploads\/2024\/10\/cropped-cropped-escapada-rural-icon-mag-3.png","contentUrl":"https:\/\/www.escapadarural.com\/blog\/wp-content\/uploads\/2024\/10\/cropped-cropped-escapada-rural-icon-mag-3.png","width":512,"height":512,"caption":"EscapadaRural"},"image":{"@id":"https:\/\/www.escapadarural.com\/blog\/#\/schema\/logo\/image\/"},"sameAs":["https:\/\/www.facebook.com\/escapadarural","https:\/\/www.instagram.com\/escapadarural\/","https:\/\/www.youtube.com\/@escapadaruralcom"]},{"@type":"Person","@id":"https:\/\/www.escapadarural.com\/blog\/#\/schema\/person\/765b6ee00ac07d22895193c5f8ccb01f","name":"Estel Soro G\u00f3mez","image":{"@type":"ImageObject","inLanguage":"es","@id":"https:\/\/www.escapadarural.com\/blog\/wp-content\/uploads\/2025\/03\/cropped-estelinsta-e1453734083971-96x96.jpg","url":"https:\/\/www.escapadarural.com\/blog\/wp-content\/uploads\/2025\/03\/cropped-estelinsta-e1453734083971-96x96.jpg","contentUrl":"https:\/\/www.escapadarural.com\/blog\/wp-content\/uploads\/2025\/03\/cropped-estelinsta-e1453734083971-96x96.jpg","caption":"Estel Soro G\u00f3mez"},"url":"https:\/\/www.escapadarural.com\/blog\/autor\/estelsoro\/"}]}},"_links":{"self":[{"href":"https:\/\/www.escapadarural.com\/blog\/wp-json\/wp\/v2\/posts\/6545","targetHints":{"allow":["GET"]}}],"collection":[{"href":"https:\/\/www.escapadarural.com\/blog\/wp-json\/wp\/v2\/posts"}],"about":[{"href":"https:\/\/www.escapadarural.com\/blog\/wp-json\/wp\/v2\/types\/post"}],"author":[{"embeddable":true,"href":"https:\/\/www.escapadarural.com\/blog\/wp-json\/wp\/v2\/users\/87"}],"replies":[{"embeddable":true,"href":"https:\/\/www.escapadarural.com\/blog\/wp-json\/wp\/v2\/comments?post=6545"}],"version-history":[{"count":0,"href":"https:\/\/www.escapadarural.com\/blog\/wp-json\/wp\/v2\/posts\/6545\/revisions"}],"wp:featuredmedia":[{"embeddable":true,"href":"https:\/\/www.escapadarural.com\/blog\/wp-json\/wp\/v2\/media\/184871"}],"wp:attachment":[{"href":"https:\/\/www.escapadarural.com\/blog\/wp-json\/wp\/v2\/media?parent=6545"}],"wp:term":[{"taxonomy":"category","embeddable":true,"href":"https:\/\/www.escapadarural.com\/blog\/wp-json\/wp\/v2\/categories?post=6545"},{"taxonomy":"post_tag","embeddable":true,"href":"https:\/\/www.escapadarural.com\/blog\/wp-json\/wp\/v2\/tags?post=6545"}],"curies":[{"name":"wp","href":"https:\/\/api.w.org\/{rel}","templated":true}]}}