{"id":65637,"date":"2023-09-07T10:01:43","date_gmt":"2023-09-07T09:01:43","guid":{"rendered":"https:\/\/www.escapadarural.com\/blog\/?p=65637"},"modified":"2025-06-17T15:50:29","modified_gmt":"2025-06-17T13:50:29","slug":"beget-pueblo-medieval-en-girona","status":"publish","type":"post","link":"https:\/\/www.escapadarural.com\/blog\/beget-pueblo-medieval-en-girona\/","title":{"rendered":"Beget, el pueblo medieval m\u00e1s escondido de Girona"},"content":{"rendered":"\n<figure class=\"wp-block-image size-full\"><img loading=\"lazy\" decoding=\"async\" width=\"1024\" height=\"683\" src=\"https:\/\/www.escapadarural.com\/blog\/wp-content\/uploads\/2024\/10\/Beget-1024x683-1.jpg\" alt=\"Beget, en Girona, Catalu\u00f1a.\" class=\"wp-image-93986\" srcset=\"https:\/\/www.escapadarural.com\/blog\/wp-content\/uploads\/2024\/10\/Beget-1024x683-1-200x133.jpg 200w, https:\/\/www.escapadarural.com\/blog\/wp-content\/uploads\/2024\/10\/Beget-1024x683-1-300x200.jpg 300w, https:\/\/www.escapadarural.com\/blog\/wp-content\/uploads\/2024\/10\/Beget-1024x683-1-400x267.jpg 400w, https:\/\/www.escapadarural.com\/blog\/wp-content\/uploads\/2024\/10\/Beget-1024x683-1-600x400.jpg 600w, https:\/\/www.escapadarural.com\/blog\/wp-content\/uploads\/2024\/10\/Beget-1024x683-1-768x512.jpg 768w, https:\/\/www.escapadarural.com\/blog\/wp-content\/uploads\/2024\/10\/Beget-1024x683-1-800x534.jpg 800w, https:\/\/www.escapadarural.com\/blog\/wp-content\/uploads\/2024\/10\/Beget-1024x683-1.jpg 1024w\" sizes=\"auto, (max-width: 1024px) 100vw, 1024px\" \/><figcaption class=\"wp-element-caption\">Beget, en Girona, Catalu\u00f1a. <\/figcaption><\/figure>\n\n\n\n<p>El paisaje de Girona tiene dos elementos m\u00e1s que destacables. Uno de ellos es el conjunto de volcanes que reside en <a href=\"\/casas-rurales\/la-garrotxa\">La Garrotxa<\/a>, uno de los espacios naturales por excelencia de Catalu\u00f1a. Y el otro es la figura de los <strong>castillos medievales<\/strong> que se recorta en el horizonte. Los admiradores de dicha \u00e9poca hist\u00f3rica tienen en este lugar del este de la pen\u00ednsula ib\u00e9rica un destino remarcable para conocer c\u00f3mo era la vida \u2013o al menos la arquitectura\u2013 en aquellos tiempos en los que la cota de malla estaba de moda. Y <a href=\"\/casas-rurales\/beget\">Beget<\/a> es uno de los pueblos medievales m\u00e1s interesantes pero tambi\u00e9n uno de los m\u00e1s desconocidos.<\/p>\n\n\n\n<p>Mientras que sitios como Besal\u00fa o Pals<strong> <\/strong>acogen a la mayor\u00eda de interesados en el medievo, en las calles empedradas de Beget a\u00fan se puede <strong>escuchar el silencio<\/strong> (esto parece un ox\u00edmoron, pero no lo es). Es importante saber que, en parte, ese halo de secreto que envuelve al pueblo se debe a que llegar a \u00e9l no es tan sencillo como a otras villas de similares caracter\u00edsticas. <\/p>\n\n\n\n<figure class=\"wp-block-image size-large\"><a href=\"https:\/\/www.escapadarural.com\/blog\/wp-content\/uploads\/beget-puente-scaled.jpg\"><img decoding=\"async\" src=\"https:\/\/www.escapadarural.com\/blog\/wp-content\/uploads\/2024\/10\/beget-puente-1024x683-1.jpg\" alt=\"Beget\" class=\"wp-image-65912\"\/><\/a><figcaption class=\"wp-element-caption\">Beget. Por raul<\/figcaption><\/figure>\n\n\n\n<p>El transporte p\u00fablico est\u00e1 descartado y los accesos son por carretera, bien desde <a href=\"\/casas-rurales\/camprodon\">Camprod\u00f3n<\/a> o bien desde <a href=\"\/casas-rurales\/castellfollit-de-la-roca\">Castellfollit de la Roca<\/a>. Los veh\u00edculos pueden dejarse en aparcamientos justo antes de entrar al pueblo, que no es demasiado grande (no supera los 30 habitantes, aunque en el pasado lleg\u00f3 a rondar los 1.000).<\/p>\n\n\n\n<p>El <strong>origen de Beget se remonta a la Edad Media<\/strong> como se puede adivinar observando su arquitectura. En concreto, el primer conocimiento que se tiene de su existencia es de 1168, aunque pudo nacer mucho antes, por supuesto. Desde 1969 pertenece al t\u00e9rmino municipal de Camprod\u00f3n, en la comarca del <a href=\"\/casas-rurales\/el-ripolles\">Ripoll\u00e8s<\/a>, pero antes era independiente (con el tiempo, su vida se vio reducida a lugar de segundas residencias o de visita). Adem\u00e1s, forma parte del Inventario del Patrimonio Arquitect\u00f3nico de Catalu\u00f1a.<\/p>\n\n\n\n<h2 class=\"wp-block-heading\" id=\"h-que-ver-en-beget\">Qu\u00e9 ver en Beget<\/h2>\n\n\n\n<figure class=\"wp-block-image size-large\"><a href=\"https:\/\/www.escapadarural.com\/blog\/wp-content\/uploads\/beget-1-scaled.jpg\"><img decoding=\"async\" src=\"https:\/\/www.escapadarural.com\/blog\/wp-content\/uploads\/2024\/10\/beget-1-1024x683-1.jpg\" alt=\"Beget\" class=\"wp-image-65911\"\/><\/a><figcaption class=\"wp-element-caption\">Beget. Por zkcristian<\/figcaption><\/figure>\n\n\n\n<p>Pese a la peque\u00f1a extensi\u00f3n que ocupa, el pueblo est\u00e1 dividido en tres \u2018partes\u2019. Estos barrios, por decirlo de alguna manera, <strong>est\u00e1n conectados por los puentes<\/strong> que aportan un peso importante de la personalidad de la villa, ya que la separaci\u00f3n est\u00e1 producida por dos arroyos (Beget se sit\u00faa en la cabecera del r\u00edo Llierca). En la parte m\u00e1s antigua de la localidad se puede visitar la iglesia de Sant Crist\u00f2fol de Beget, cuyo origen data del XII y alrededor de la cual se fue conformando la actividad del pueblo en su nacimiento.<\/p>\n\n\n\n<p>Se trata de un templo de estilo rom\u00e1nico, en el que destaca su torre del campanario, que tiene cuatro pisos y mide 22 metros de altura, que se asientan en otra construcci\u00f3n previa posiblemente del siglo X. En su arco triunfal se pueden observar unas pinturas que el artista Joaquim Vayreda realiz\u00f3 en 1890 y cuyo estilo responde al rom\u00e1nico tradicional. En el interior del edificio reside una sorpresa: la talla que representa a Jesucristo en Majestad que mide dos metros de alto y pertenece al siglo XII. El templo fue declarado Monumento Hist\u00f3rico-Art\u00edstico Nacional en el a\u00f1o 1931.<\/p>\n\n\n\n<figure class=\"wp-block-image size-large\"><a href=\"https:\/\/www.escapadarural.com\/blog\/wp-content\/uploads\/beget-cataluna-scaled.jpg\"><img decoding=\"async\" src=\"https:\/\/www.escapadarural.com\/blog\/wp-content\/uploads\/2024\/10\/beget-cataluna-1024x683-1.jpg\" alt=\"Pueblo medieval de Beget\" class=\"wp-image-65913\"\/><\/a><figcaption class=\"wp-element-caption\">Pueblo medieval de Beget. Por josemiguelsangar<\/figcaption><\/figure>\n\n\n\n<p>El atractivo de Beget tambi\u00e9n est\u00e1 procurado por sus dos puentes, como no pod\u00eda ser de otra manera en un pueblo de origen medieval. Si bien no sirvieron de acceso a una fortaleza, como puede ser el de Besal\u00fa, sirven para que se pueda llegar a todas las partes del pueblo sorteando el agua, como se explic\u00f3 anteriormente. El m\u00e1s antiguo de los dos data del XIV y dirige al caminante a la<strong> Torre del Reloj<\/strong>.<\/p>\n\n\n\n<figure class=\"wp-block-image size-large\"><a href=\"https:\/\/www.escapadarural.com\/blog\/wp-content\/uploads\/beget-pueblo-medieval-scaled.jpg\"><img decoding=\"async\" src=\"https:\/\/www.escapadarural.com\/blog\/wp-content\/uploads\/2024\/10\/beget-pueblo-medieval-1024x683-1.jpg\" alt=\"Beget\" class=\"wp-image-65914\"\/><\/a><figcaption class=\"wp-element-caption\">Beget. Por josemiguelsangar<\/figcaption><\/figure>\n\n\n\n<p>Pero, sin duda, el encanto de esta villa medieval emana de la arquitectura de sus casas y del empedrado de sus callejuelas. Las viviendas se caracterizan por sus fachadas de mamposter\u00eda, los marcos y las ventanas de madera y los tejados de teja \u00e1rabe que permite que la lluvia resbale hacia el suelo. Aunque con los a\u00f1os han experimentado modificaciones debido a las diversas restauraciones a las que han tenido que someterse, el aspecto de los edificios sigue correspondiendo al<strong> <\/strong>imaginario medieval.<\/p>\n\n\n\n<h2 class=\"wp-block-heading\" id=\"h-punto-de-partida-para-hacer-senderismo\"><strong>Punto de partida<\/strong> para hacer senderismo<\/h2>\n\n\n\n<figure class=\"wp-block-image size-large\"><a href=\"https:\/\/www.escapadarural.com\/blog\/wp-content\/uploads\/beget-rio-scaled.jpg\"><img decoding=\"async\" src=\"https:\/\/www.escapadarural.com\/blog\/wp-content\/uploads\/2024\/10\/beget-rio-1024x686-1.jpg\" alt=\"R\u00edo Llierca a su paso por Beget\" class=\"wp-image-65915\"\/><\/a><figcaption class=\"wp-element-caption\">R\u00edo Llierca a su paso por Beget. Por ahau1969<\/figcaption><\/figure>\n\n\n\n<p>Beget est\u00e1 en un entorno natural privilegiado y desde su territorio parten diversas rutas de senderismo. Una de las m\u00e1s populares es la que lleva a <a href=\"\/casas-rurales\/oix\">Oix<\/a>, otro enclave de La Garrotxa, atravesando el valle de Hortmoier. Tiene un recorrido de 14,51 y un nivel de dificultad bajo. Desde el pueblo tambi\u00e9n se puede iniciar la <strong>subida al Pic de les Bruixes<\/strong>, que est\u00e1 a 1.393 metros de altitud. La ruta, que pasa por el Comanegra, se extiende durante 23,31 kil\u00f3metros y su nivel de dificultad es moderado. El tiempo estimado del recorrido ida y vuelta es de unas siete horas.<\/p>\n\n\n\n<p>Para quienes quieran estirar las piernas pero no emprender una excursi\u00f3n de horas, existe la opci\u00f3n de visitar <strong>la ermita del Remei<\/strong>. Est\u00e1 situada a las afueras del pueblo, por lo que hay que caminar un poco pero no tanto como para fatigarse. Se trata de un templo tambi\u00e9n conocido por los lugare\u00f1os como \u2018La capella\u2019 que se construy\u00f3 entre los siglos XVII y XVIII. En una de las piedras se encuentra grabado el a\u00f1o 1769, que seguramente haga referencia a alguna reconstrucci\u00f3n.&nbsp;<\/p>\n\n\n\n<figure class=\"wp-block-image size-large\"><img decoding=\"async\" src=\"https:\/\/www.escapadarural.com\/blog\/wp-content\/uploads\/2024\/10\/alrededores-de-beget-1024x683-1.jpg\" alt=\"Alrededores de Beget\" class=\"wp-image-65916\"\/><figcaption class=\"wp-element-caption\">Alrededores de Beget. Por curto<\/figcaption><\/figure>\n\n\n\n<p>Durante los meses de calor \u2013si la sequ\u00eda lo permite\u2013 una buena idea es <strong>acercarse a los Gorgs de Beget <\/strong>(unas pozas naturales) y darse un ba\u00f1o en sus aguas cristalinas y, cuidado, fr\u00edas. Se llega a ellos a trav\u00e9s de un camino por el campo, por lo que se recomienda llevar calzado adecuado.<\/p>\n\n\n\n<p>Unir actividades al aire libre y gastronom\u00eda siempre es buena idea, as\u00ed que nada mejor que echarse unos bocadillos en la mochila antes de salir a caminar. La <strong>zona de La Garrotxa<\/strong> <strong>es famosa por sus embutidos<\/strong>, por lo que los ingredientes que deben acompa\u00f1ar al pan est\u00e1n bastante claros. Y quienes necesiten reponer fuerzas con algo m\u00e1s potente, a la vuelta pueden disfrutar de alg\u00fan plato t\u00edpico como la \u2018butifarra amb mongetes\u2019. Bienvenidos a lo mejor de la Edad Media.<\/p>\n\n\n\n<div class=\"wp-block-buttons is-layout-flex wp-block-buttons-is-layout-flex\">\n<div class=\"wp-block-button\"><a class=\"wp-block-button__link wp-element-button\" href=\"\/casas-rurales\/beget\">Casas rurales en Beget<\/a><\/div>\n<\/div>\n","protected":false},"excerpt":{"rendered":"<p>El pueblo medieval de Beget es una de las joyas m\u00e1s desconocidas de Girona. Sus calles empedradas, el r\u00edo y la naturaleza de sus alrededores hacen que sea ideal para una escapada tranquila. <\/p>\n","protected":false},"author":114,"featured_media":93986,"comment_status":"open","ping_status":"open","sticky":false,"template":"","format":"standard","meta":{"_acf_changed":false,"om_disable_all_campaigns":false,"footnotes":""},"categories":[191],"tags":[260,5336,476,404,1680,472,212,223],"class_list":["post-65637","post","type-post","status-publish","format-standard","has-post-thumbnail","hentry","category-destinos","tag-articulo","tag-beget","tag-edad-media","tag-que-ver-en-girona","tag-la-garrotxa","tag-pueblo-medieval","tag-pueblos","tag-pueblos-bonitos"],"acf":[],"featured_image_src":"https:\/\/www.escapadarural.com\/blog\/wp-content\/uploads\/2024\/10\/Beget-1024x683-1.jpg","author_info":{"display_name":"Carmen L\u00f3pez","author_link":"https:\/\/www.escapadarural.com\/blog\/autor\/carmenlopez\/"},"yoast_head":"<!-- This site is optimized with the Yoast SEO plugin v27.5 - https:\/\/yoast.com\/product\/yoast-seo-wordpress\/ -->\n<title>Beget, el pueblo medieval m\u00e1s escondido de Girona - EscapadaRural<\/title>\n<meta name=\"robots\" content=\"index, follow, max-snippet:-1, max-image-preview:large, max-video-preview:-1\" \/>\n<link rel=\"canonical\" href=\"https:\/\/www.escapadarural.com\/blog\/beget-pueblo-medieval-en-girona\/\" \/>\n<meta property=\"og:locale\" content=\"es_ES\" \/>\n<meta property=\"og:type\" content=\"article\" \/>\n<meta property=\"og:title\" content=\"Beget, el pueblo medieval m\u00e1s escondido de Girona - EscapadaRural\" \/>\n<meta property=\"og:description\" content=\"El pueblo medieval de Beget es una de las joyas m\u00e1s desconocidas de Girona. Sus calles empedradas, el r\u00edo y la naturaleza de sus alrededores hacen que sea ideal para una escapada tranquila.\" \/>\n<meta property=\"og:url\" content=\"https:\/\/www.escapadarural.com\/blog\/beget-pueblo-medieval-en-girona\/\" \/>\n<meta property=\"og:site_name\" content=\"Magazine de viajes de EscapadaRural\" \/>\n<meta property=\"article:publisher\" content=\"https:\/\/www.facebook.com\/escapadarural\" \/>\n<meta property=\"article:published_time\" content=\"2023-09-07T09:01:43+00:00\" \/>\n<meta property=\"article:modified_time\" content=\"2025-06-17T13:50:29+00:00\" \/>\n<meta property=\"og:image\" content=\"https:\/\/www.escapadarural.com\/blog\/wp-content\/uploads\/2024\/10\/Beget-1024x683-1.jpg\" \/>\n\t<meta property=\"og:image:width\" content=\"1024\" \/>\n\t<meta property=\"og:image:height\" content=\"683\" \/>\n\t<meta property=\"og:image:type\" content=\"image\/jpeg\" \/>\n<meta name=\"author\" content=\"Carmen L\u00f3pez\" \/>\n<meta name=\"twitter:card\" content=\"summary_large_image\" \/>\n<meta name=\"twitter:label1\" content=\"Escrito por\" \/>\n\t<meta name=\"twitter:data1\" content=\"Carmen L\u00f3pez\" \/>\n\t<meta name=\"twitter:label2\" content=\"Tiempo de lectura\" \/>\n\t<meta name=\"twitter:data2\" content=\"7 minutos\" \/>\n<script type=\"application\/ld+json\" class=\"yoast-schema-graph\">{\"@context\":\"https:\\\/\\\/schema.org\",\"@graph\":[{\"@type\":\"Article\",\"@id\":\"https:\\\/\\\/www.escapadarural.com\\\/blog\\\/beget-pueblo-medieval-en-girona\\\/#article\",\"isPartOf\":{\"@id\":\"https:\\\/\\\/www.escapadarural.com\\\/blog\\\/beget-pueblo-medieval-en-girona\\\/\"},\"author\":{\"name\":\"Carmen L\u00f3pez\",\"@id\":\"https:\\\/\\\/www.escapadarural.com\\\/blog\\\/#\\\/schema\\\/person\\\/42dfdff6118172efc6a04c8ae599a2ce\"},\"headline\":\"Beget, el pueblo medieval m\u00e1s escondido de Girona\",\"datePublished\":\"2023-09-07T09:01:43+00:00\",\"dateModified\":\"2025-06-17T13:50:29+00:00\",\"mainEntityOfPage\":{\"@id\":\"https:\\\/\\\/www.escapadarural.com\\\/blog\\\/beget-pueblo-medieval-en-girona\\\/\"},\"wordCount\":1086,\"commentCount\":0,\"publisher\":{\"@id\":\"https:\\\/\\\/www.escapadarural.com\\\/blog\\\/#organization\"},\"image\":{\"@id\":\"https:\\\/\\\/www.escapadarural.com\\\/blog\\\/beget-pueblo-medieval-en-girona\\\/#primaryimage\"},\"thumbnailUrl\":\"https:\\\/\\\/www.escapadarural.com\\\/blog\\\/wp-content\\\/uploads\\\/2024\\\/10\\\/Beget-1024x683-1.jpg\",\"keywords\":[\"art\u00edculo\",\"beget\",\"Edad Media\",\"Girona\",\"La Garrotxa\",\"pueblo medieval\",\"pueblos\",\"Pueblos bonitos\"],\"articleSection\":[\"Destinos\"],\"inLanguage\":\"es\",\"potentialAction\":[{\"@type\":\"CommentAction\",\"name\":\"Comment\",\"target\":[\"https:\\\/\\\/www.escapadarural.com\\\/blog\\\/beget-pueblo-medieval-en-girona\\\/#respond\"]}]},{\"@type\":\"WebPage\",\"@id\":\"https:\\\/\\\/www.escapadarural.com\\\/blog\\\/beget-pueblo-medieval-en-girona\\\/\",\"url\":\"https:\\\/\\\/www.escapadarural.com\\\/blog\\\/beget-pueblo-medieval-en-girona\\\/\",\"name\":\"Beget, el pueblo medieval m\u00e1s escondido de Girona - EscapadaRural\",\"isPartOf\":{\"@id\":\"https:\\\/\\\/www.escapadarural.com\\\/blog\\\/#website\"},\"primaryImageOfPage\":{\"@id\":\"https:\\\/\\\/www.escapadarural.com\\\/blog\\\/beget-pueblo-medieval-en-girona\\\/#primaryimage\"},\"image\":{\"@id\":\"https:\\\/\\\/www.escapadarural.com\\\/blog\\\/beget-pueblo-medieval-en-girona\\\/#primaryimage\"},\"thumbnailUrl\":\"https:\\\/\\\/www.escapadarural.com\\\/blog\\\/wp-content\\\/uploads\\\/2024\\\/10\\\/Beget-1024x683-1.jpg\",\"datePublished\":\"2023-09-07T09:01:43+00:00\",\"dateModified\":\"2025-06-17T13:50:29+00:00\",\"breadcrumb\":{\"@id\":\"https:\\\/\\\/www.escapadarural.com\\\/blog\\\/beget-pueblo-medieval-en-girona\\\/#breadcrumb\"},\"inLanguage\":\"es\",\"potentialAction\":[{\"@type\":\"ReadAction\",\"target\":[\"https:\\\/\\\/www.escapadarural.com\\\/blog\\\/beget-pueblo-medieval-en-girona\\\/\"]}]},{\"@type\":\"ImageObject\",\"inLanguage\":\"es\",\"@id\":\"https:\\\/\\\/www.escapadarural.com\\\/blog\\\/beget-pueblo-medieval-en-girona\\\/#primaryimage\",\"url\":\"https:\\\/\\\/www.escapadarural.com\\\/blog\\\/wp-content\\\/uploads\\\/2024\\\/10\\\/Beget-1024x683-1.jpg\",\"contentUrl\":\"https:\\\/\\\/www.escapadarural.com\\\/blog\\\/wp-content\\\/uploads\\\/2024\\\/10\\\/Beget-1024x683-1.jpg\",\"width\":1024,\"height\":683,\"caption\":\"Beget, en Girona, Catalu\u00f1a.\"},{\"@type\":\"BreadcrumbList\",\"@id\":\"https:\\\/\\\/www.escapadarural.com\\\/blog\\\/beget-pueblo-medieval-en-girona\\\/#breadcrumb\",\"itemListElement\":[{\"@type\":\"ListItem\",\"position\":1,\"name\":\"Inicio\",\"item\":\"https:\\\/\\\/www.escapadarural.com\\\/blog\\\/\"},{\"@type\":\"ListItem\",\"position\":2,\"name\":\"Destinos\",\"item\":\"https:\\\/\\\/www.escapadarural.com\\\/blog\\\/categoria\\\/destinos\\\/\"},{\"@type\":\"ListItem\",\"position\":3,\"name\":\"Beget, el pueblo medieval m\u00e1s escondido de Girona\"}]},{\"@type\":\"WebSite\",\"@id\":\"https:\\\/\\\/www.escapadarural.com\\\/blog\\\/#website\",\"url\":\"https:\\\/\\\/www.escapadarural.com\\\/blog\\\/\",\"name\":\"Blog de viajes | turismo rural, alojamientos e inspiraci\u00f3n\",\"description\":\"Alojamientos rurales e inspiraci\u00f3n para tus escapadas\",\"publisher\":{\"@id\":\"https:\\\/\\\/www.escapadarural.com\\\/blog\\\/#organization\"},\"alternateName\":\"Magazine de viajes de EscapadaRural\",\"potentialAction\":[{\"@type\":\"SearchAction\",\"target\":{\"@type\":\"EntryPoint\",\"urlTemplate\":\"https:\\\/\\\/www.escapadarural.com\\\/blog\\\/?s={search_term_string}\"},\"query-input\":{\"@type\":\"PropertyValueSpecification\",\"valueRequired\":true,\"valueName\":\"search_term_string\"}}],\"inLanguage\":\"es\"},{\"@type\":\"Organization\",\"@id\":\"https:\\\/\\\/www.escapadarural.com\\\/blog\\\/#organization\",\"name\":\"EscapadaRural\",\"url\":\"https:\\\/\\\/www.escapadarural.com\\\/blog\\\/\",\"logo\":{\"@type\":\"ImageObject\",\"inLanguage\":\"es\",\"@id\":\"https:\\\/\\\/www.escapadarural.com\\\/blog\\\/#\\\/schema\\\/logo\\\/image\\\/\",\"url\":\"https:\\\/\\\/www.escapadarural.com\\\/blog\\\/wp-content\\\/uploads\\\/2024\\\/10\\\/cropped-cropped-escapada-rural-icon-mag-3.png\",\"contentUrl\":\"https:\\\/\\\/www.escapadarural.com\\\/blog\\\/wp-content\\\/uploads\\\/2024\\\/10\\\/cropped-cropped-escapada-rural-icon-mag-3.png\",\"width\":512,\"height\":512,\"caption\":\"EscapadaRural\"},\"image\":{\"@id\":\"https:\\\/\\\/www.escapadarural.com\\\/blog\\\/#\\\/schema\\\/logo\\\/image\\\/\"},\"sameAs\":[\"https:\\\/\\\/www.facebook.com\\\/escapadarural\",\"https:\\\/\\\/www.instagram.com\\\/escapadarural\\\/\",\"https:\\\/\\\/www.youtube.com\\\/@escapadaruralcom\"]},{\"@type\":\"Person\",\"@id\":\"https:\\\/\\\/www.escapadarural.com\\\/blog\\\/#\\\/schema\\\/person\\\/42dfdff6118172efc6a04c8ae599a2ce\",\"name\":\"Carmen L\u00f3pez\",\"image\":{\"@type\":\"ImageObject\",\"inLanguage\":\"es\",\"@id\":\"https:\\\/\\\/www.escapadarural.com\\\/blog\\\/wp-content\\\/uploads\\\/2024\\\/11\\\/cropped-perfil_eldiario-96x96-1-96x96.jpeg\",\"url\":\"https:\\\/\\\/www.escapadarural.com\\\/blog\\\/wp-content\\\/uploads\\\/2024\\\/11\\\/cropped-perfil_eldiario-96x96-1-96x96.jpeg\",\"contentUrl\":\"https:\\\/\\\/www.escapadarural.com\\\/blog\\\/wp-content\\\/uploads\\\/2024\\\/11\\\/cropped-perfil_eldiario-96x96-1-96x96.jpeg\",\"caption\":\"Carmen L\u00f3pez\"},\"description\":\"Soy periodista y escribo sobre cosas que importan en sitios que interesan desde hace m\u00e1s de una d\u00e9cada.\",\"url\":\"https:\\\/\\\/www.escapadarural.com\\\/blog\\\/autor\\\/carmenlopez\\\/\"}]}<\/script>\n<!-- \/ Yoast SEO plugin. -->","yoast_head_json":{"title":"Beget, el pueblo medieval m\u00e1s escondido de Girona - EscapadaRural","robots":{"index":"index","follow":"follow","max-snippet":"max-snippet:-1","max-image-preview":"max-image-preview:large","max-video-preview":"max-video-preview:-1"},"canonical":"https:\/\/www.escapadarural.com\/blog\/beget-pueblo-medieval-en-girona\/","og_locale":"es_ES","og_type":"article","og_title":"Beget, el pueblo medieval m\u00e1s escondido de Girona - EscapadaRural","og_description":"El pueblo medieval de Beget es una de las joyas m\u00e1s desconocidas de Girona. Sus calles empedradas, el r\u00edo y la naturaleza de sus alrededores hacen que sea ideal para una escapada tranquila.","og_url":"https:\/\/www.escapadarural.com\/blog\/beget-pueblo-medieval-en-girona\/","og_site_name":"Magazine de viajes de EscapadaRural","article_publisher":"https:\/\/www.facebook.com\/escapadarural","article_published_time":"2023-09-07T09:01:43+00:00","article_modified_time":"2025-06-17T13:50:29+00:00","og_image":[{"width":1024,"height":683,"url":"https:\/\/www.escapadarural.com\/blog\/wp-content\/uploads\/2024\/10\/Beget-1024x683-1.jpg","type":"image\/jpeg"}],"author":"Carmen L\u00f3pez","twitter_card":"summary_large_image","twitter_misc":{"Escrito por":"Carmen L\u00f3pez","Tiempo de lectura":"7 minutos"},"schema":{"@context":"https:\/\/schema.org","@graph":[{"@type":"Article","@id":"https:\/\/www.escapadarural.com\/blog\/beget-pueblo-medieval-en-girona\/#article","isPartOf":{"@id":"https:\/\/www.escapadarural.com\/blog\/beget-pueblo-medieval-en-girona\/"},"author":{"name":"Carmen L\u00f3pez","@id":"https:\/\/www.escapadarural.com\/blog\/#\/schema\/person\/42dfdff6118172efc6a04c8ae599a2ce"},"headline":"Beget, el pueblo medieval m\u00e1s escondido de Girona","datePublished":"2023-09-07T09:01:43+00:00","dateModified":"2025-06-17T13:50:29+00:00","mainEntityOfPage":{"@id":"https:\/\/www.escapadarural.com\/blog\/beget-pueblo-medieval-en-girona\/"},"wordCount":1086,"commentCount":0,"publisher":{"@id":"https:\/\/www.escapadarural.com\/blog\/#organization"},"image":{"@id":"https:\/\/www.escapadarural.com\/blog\/beget-pueblo-medieval-en-girona\/#primaryimage"},"thumbnailUrl":"https:\/\/www.escapadarural.com\/blog\/wp-content\/uploads\/2024\/10\/Beget-1024x683-1.jpg","keywords":["art\u00edculo","beget","Edad Media","Girona","La Garrotxa","pueblo medieval","pueblos","Pueblos bonitos"],"articleSection":["Destinos"],"inLanguage":"es","potentialAction":[{"@type":"CommentAction","name":"Comment","target":["https:\/\/www.escapadarural.com\/blog\/beget-pueblo-medieval-en-girona\/#respond"]}]},{"@type":"WebPage","@id":"https:\/\/www.escapadarural.com\/blog\/beget-pueblo-medieval-en-girona\/","url":"https:\/\/www.escapadarural.com\/blog\/beget-pueblo-medieval-en-girona\/","name":"Beget, el pueblo medieval m\u00e1s escondido de Girona - EscapadaRural","isPartOf":{"@id":"https:\/\/www.escapadarural.com\/blog\/#website"},"primaryImageOfPage":{"@id":"https:\/\/www.escapadarural.com\/blog\/beget-pueblo-medieval-en-girona\/#primaryimage"},"image":{"@id":"https:\/\/www.escapadarural.com\/blog\/beget-pueblo-medieval-en-girona\/#primaryimage"},"thumbnailUrl":"https:\/\/www.escapadarural.com\/blog\/wp-content\/uploads\/2024\/10\/Beget-1024x683-1.jpg","datePublished":"2023-09-07T09:01:43+00:00","dateModified":"2025-06-17T13:50:29+00:00","breadcrumb":{"@id":"https:\/\/www.escapadarural.com\/blog\/beget-pueblo-medieval-en-girona\/#breadcrumb"},"inLanguage":"es","potentialAction":[{"@type":"ReadAction","target":["https:\/\/www.escapadarural.com\/blog\/beget-pueblo-medieval-en-girona\/"]}]},{"@type":"ImageObject","inLanguage":"es","@id":"https:\/\/www.escapadarural.com\/blog\/beget-pueblo-medieval-en-girona\/#primaryimage","url":"https:\/\/www.escapadarural.com\/blog\/wp-content\/uploads\/2024\/10\/Beget-1024x683-1.jpg","contentUrl":"https:\/\/www.escapadarural.com\/blog\/wp-content\/uploads\/2024\/10\/Beget-1024x683-1.jpg","width":1024,"height":683,"caption":"Beget, en Girona, Catalu\u00f1a."},{"@type":"BreadcrumbList","@id":"https:\/\/www.escapadarural.com\/blog\/beget-pueblo-medieval-en-girona\/#breadcrumb","itemListElement":[{"@type":"ListItem","position":1,"name":"Inicio","item":"https:\/\/www.escapadarural.com\/blog\/"},{"@type":"ListItem","position":2,"name":"Destinos","item":"https:\/\/www.escapadarural.com\/blog\/categoria\/destinos\/"},{"@type":"ListItem","position":3,"name":"Beget, el pueblo medieval m\u00e1s escondido de Girona"}]},{"@type":"WebSite","@id":"https:\/\/www.escapadarural.com\/blog\/#website","url":"https:\/\/www.escapadarural.com\/blog\/","name":"Blog de viajes | turismo rural, alojamientos e inspiraci\u00f3n","description":"Alojamientos rurales e inspiraci\u00f3n para tus escapadas","publisher":{"@id":"https:\/\/www.escapadarural.com\/blog\/#organization"},"alternateName":"Magazine de viajes de EscapadaRural","potentialAction":[{"@type":"SearchAction","target":{"@type":"EntryPoint","urlTemplate":"https:\/\/www.escapadarural.com\/blog\/?s={search_term_string}"},"query-input":{"@type":"PropertyValueSpecification","valueRequired":true,"valueName":"search_term_string"}}],"inLanguage":"es"},{"@type":"Organization","@id":"https:\/\/www.escapadarural.com\/blog\/#organization","name":"EscapadaRural","url":"https:\/\/www.escapadarural.com\/blog\/","logo":{"@type":"ImageObject","inLanguage":"es","@id":"https:\/\/www.escapadarural.com\/blog\/#\/schema\/logo\/image\/","url":"https:\/\/www.escapadarural.com\/blog\/wp-content\/uploads\/2024\/10\/cropped-cropped-escapada-rural-icon-mag-3.png","contentUrl":"https:\/\/www.escapadarural.com\/blog\/wp-content\/uploads\/2024\/10\/cropped-cropped-escapada-rural-icon-mag-3.png","width":512,"height":512,"caption":"EscapadaRural"},"image":{"@id":"https:\/\/www.escapadarural.com\/blog\/#\/schema\/logo\/image\/"},"sameAs":["https:\/\/www.facebook.com\/escapadarural","https:\/\/www.instagram.com\/escapadarural\/","https:\/\/www.youtube.com\/@escapadaruralcom"]},{"@type":"Person","@id":"https:\/\/www.escapadarural.com\/blog\/#\/schema\/person\/42dfdff6118172efc6a04c8ae599a2ce","name":"Carmen L\u00f3pez","image":{"@type":"ImageObject","inLanguage":"es","@id":"https:\/\/www.escapadarural.com\/blog\/wp-content\/uploads\/2024\/11\/cropped-perfil_eldiario-96x96-1-96x96.jpeg","url":"https:\/\/www.escapadarural.com\/blog\/wp-content\/uploads\/2024\/11\/cropped-perfil_eldiario-96x96-1-96x96.jpeg","contentUrl":"https:\/\/www.escapadarural.com\/blog\/wp-content\/uploads\/2024\/11\/cropped-perfil_eldiario-96x96-1-96x96.jpeg","caption":"Carmen L\u00f3pez"},"description":"Soy periodista y escribo sobre cosas que importan en sitios que interesan desde hace m\u00e1s de una d\u00e9cada.","url":"https:\/\/www.escapadarural.com\/blog\/autor\/carmenlopez\/"}]}},"_links":{"self":[{"href":"https:\/\/www.escapadarural.com\/blog\/wp-json\/wp\/v2\/posts\/65637","targetHints":{"allow":["GET"]}}],"collection":[{"href":"https:\/\/www.escapadarural.com\/blog\/wp-json\/wp\/v2\/posts"}],"about":[{"href":"https:\/\/www.escapadarural.com\/blog\/wp-json\/wp\/v2\/types\/post"}],"author":[{"embeddable":true,"href":"https:\/\/www.escapadarural.com\/blog\/wp-json\/wp\/v2\/users\/114"}],"replies":[{"embeddable":true,"href":"https:\/\/www.escapadarural.com\/blog\/wp-json\/wp\/v2\/comments?post=65637"}],"version-history":[{"count":0,"href":"https:\/\/www.escapadarural.com\/blog\/wp-json\/wp\/v2\/posts\/65637\/revisions"}],"wp:featuredmedia":[{"embeddable":true,"href":"https:\/\/www.escapadarural.com\/blog\/wp-json\/wp\/v2\/media\/93986"}],"wp:attachment":[{"href":"https:\/\/www.escapadarural.com\/blog\/wp-json\/wp\/v2\/media?parent=65637"}],"wp:term":[{"taxonomy":"category","embeddable":true,"href":"https:\/\/www.escapadarural.com\/blog\/wp-json\/wp\/v2\/categories?post=65637"},{"taxonomy":"post_tag","embeddable":true,"href":"https:\/\/www.escapadarural.com\/blog\/wp-json\/wp\/v2\/tags?post=65637"}],"curies":[{"name":"wp","href":"https:\/\/api.w.org\/{rel}","templated":true}]}}