{"id":65686,"date":"2023-09-04T11:23:51","date_gmt":"2023-09-04T10:23:51","guid":{"rendered":"https:\/\/www.escapadarural.com\/blog\/?p=65686"},"modified":"2025-06-17T15:56:10","modified_gmt":"2025-06-17T13:56:10","slug":"los-pueblos-del-grand-prix","status":"publish","type":"post","link":"https:\/\/www.escapadarural.com\/blog\/los-pueblos-del-grand-prix\/","title":{"rendered":"Los 8 pueblos que han participado en el Grand Prix 2023"},"content":{"rendered":"\n<figure class=\"wp-block-image size-large\"><a href=\"https:\/\/www.escapadarural.com\/blog\/wp-content\/uploads\/Aguilar-del-campoo-scaled.jpg\"><img decoding=\"async\" src=\"https:\/\/www.escapadarural.com\/blog\/wp-content\/uploads\/2024\/10\/Aguilar-del-campoo-1024x436-1.jpg\" alt=\"Aguilar del Campoo, uno de los pueblos del Grand Prix 2023\" class=\"wp-image-65829\"\/><\/a><figcaption class=\"wp-element-caption\">Aguilar del Campoo, uno de los pueblos del Grand Prix 2023. Por Siur<\/figcaption><\/figure>\n\n\n\n<p>La <strong>nostalgia es un gancho infalible<\/strong> para atraer la atenci\u00f3n del p\u00fablico. Cada vez se estrenan m\u00e1s remakes de pel\u00edculas que fueron \u00e9xitos hace d\u00e9cadas, grupos que se hicieron famosos en la juventud de los que ahora peinan canas vuelven a los escenarios y la peque\u00f1a pantalla recupera programas m\u00edticos de su parrilla. Uno de ellos ha sido el Grand Prix, que este verano volvi\u00f3 a la televisi\u00f3n 18 a\u00f1os despu\u00e9s de la emisi\u00f3n de su \u00faltimo episodio.&nbsp;<\/p>\n\n\n\n<p>Cuando se anunci\u00f3 el regreso de este concurso estival, presentado de nuevo por Ram\u00f3n Garc\u00eda \u2013no habr\u00eda sido lo mismo sin Ramontxu\u2013 junto a Michelle Calv\u00f3 y Cristinini, las redes sociales se llenaron de comentarios de alegr\u00eda. Muchos usuarios ten\u00edan el recuerdo de ver las competiciones entre pueblos sentados junto a sus abuelos y a otros les devolv\u00eda a <strong>los veranos interminables de la infancia<\/strong>. Tambi\u00e9n hubo quien se alegr\u00f3 de que la vaquilla que \u2018participaba\u2019 hace casi dos d\u00e9cadas, ahora se haya sustituido por una mascota a la que da vida Miguel del Pozo con un disfraz.<\/p>\n\n\n\n<figure class=\"wp-block-embed is-type-video is-provider-youtube wp-block-embed-youtube wp-embed-aspect-16-9 wp-has-aspect-ratio\"><div class=\"wp-block-embed__wrapper\">\n<span class=\"qDE76zYugg45upOaCpGmvZfaRkS3wrx1dcjTLmMyekWjCKrXAUAhd2BNW24HznMPcoEQD8Yt6IBoIZ9JOV\"><div class=\"video-shortcode\"><iframe title=\"Grand prix del verano 2023 | Promo Gran Final (4K UHD)\" width=\"1200\" height=\"675\" src=\"https:\/\/www.youtube.com\/embed\/fl6aGcYe6xE?feature=oembed\" frameborder=\"0\" allow=\"accelerometer; autoplay; clipboard-write; encrypted-media; gyroscope; picture-in-picture; web-share\" referrerpolicy=\"strict-origin-when-cross-origin\" allowfullscreen><\/iframe><\/div><\/span>\n<\/div><\/figure>\n\n\n\n<p>As\u00ed pues, el pasado 24 de julio, <strong>un total de 2,5 millones de espectadores<\/strong> (TVE1 alcanz\u00f3 una cuota de share del 26,1%) se plantaron ante la pantalla para disfrutar del estreno de la nueva edici\u00f3n del Grand Prix. Fue uno de los \u00e9xitos de la temporada, algo tambi\u00e9n previsible si se tiene en cuenta <strong>la cantidad de pueblos<\/strong> que presentaron su solicitud para competir por los 30.000 euros del premio.<\/p>\n\n\n\n<p>Uno de los requisitos para optar a una plaza es que<strong> la localidad tenga entre 5.000 y 10.000<\/strong> habitantes y el ayuntamiento disponga de correo electr\u00f3nico para que la organizaci\u00f3n del programa pueda ponerse en contacto con los responsables. Este a\u00f1o respondieron a <strong>548 solicitantes y ocho de ellos pasaron la criba<\/strong> en un sorteo ante notario.&nbsp;<\/p>\n\n\n\n<h2 class=\"wp-block-heading\" id=\"h-brion-coruna\"><strong>Bri\u00f3n (Coru\u00f1a)<\/strong><\/h2>\n\n\n\n<figure class=\"wp-block-image size-large\"><a href=\"https:\/\/www.escapadarural.com\/blog\/wp-content\/uploads\/brion-torres-de-altamira-scaled.jpg\"><img decoding=\"async\" src=\"https:\/\/www.escapadarural.com\/blog\/wp-content\/uploads\/2024\/10\/brion-torres-de-altamira-1024x683-1.jpg\" alt=\"Torres Altamira\" class=\"wp-image-65822\"\/><\/a><figcaption class=\"wp-element-caption\">Torres Altamira en Bri\u00f3n, uno de los pueblos del Grand Prix. Por Nandi Est\u00e9vez<\/figcaption><\/figure>\n\n\n\n<p>Este municipio de m\u00faltiples aldeas es uno de los lugares de paso de la Ruta Rosaliana, dedicada a la famosa escritora gallega <strong>Rosal\u00eda de Castro<\/strong>. <a href=\"\/casas-rurales\/brion\">Bri\u00f3n <\/a>es conocido por tres aspectos clave: el hist\u00f3rico, el arquitect\u00f3nico y el natural. En el primero destacan las Torres de Altamira, restos de un castillo construido sobre un castro celta en el siglo X, que los irmandi\u00f1os echaron abajo en el siglo XIV y que se reconstruy\u00f3 en 1741.<\/p>\n\n\n\n<p>En su inventario arquitect\u00f3nico tambi\u00e9n destaca la iglesia de San Xiao de Bastavales (a cuyas campanas dedic\u00f3 la mencionada poeta unos versos en sus <em>Cantares gallegos<\/em>) y entre sus joyas de la naturaleza se encuentra el robledal centenario conocido como Carballeira de Santa Minia.<\/p>\n\n\n\n<p><strong>Yepes (Toledo)<\/strong><\/p>\n\n\n\n<figure class=\"wp-block-image size-large\"><img decoding=\"async\" src=\"https:\/\/www.escapadarural.com\/blog\/wp-content\/uploads\/2024\/10\/3240px-Puerta_de_Toledo_Yepes-1024x683-1.jpg\" alt=\"Yepes\" class=\"wp-image-65823\"\/><figcaption class=\"wp-element-caption\">Puerta de Toledo en Yepes. Por <a href=\"https:\/\/es.wikipedia.org\/wiki\/Yepes#\/media\/Archivo:Puerta_de_Toledo,_Yepes.jpg\" target=\"_blank\" rel=\"noreferrer noopener nofollow\">Rodelar  <\/a><\/figcaption><\/figure>\n\n\n\n<p>Tambi\u00e9n conocido como<strong> <\/strong>\u2018El Toledillo de La Mancha\u2019, este pueblo est\u00e1 reconocido como Conjunto Hist\u00f3rico-Art\u00edstico. Su principal foco de atracci\u00f3n es la colegiata de San Antonio Abad, que tiene su propio sobrenombre: \u2018La catedral de La Mancha\u2019. Fue dise\u00f1ada por el arquitecto Alonso de Covarrubias en 1533 por encargo del Arzobispo de Toledo Alonso de Fonseca y es un edificio imponente de grandes dimensiones.<\/p>\n\n\n\n<p>La Edad Media sigue estando presente en el ambiente de Yepes a d\u00eda de hoy. En su momento, fue n\u00facleo de convivencia de las culturas cristiana, musulmana y jud\u00eda lo que dej\u00f3 una gran impronta en la personalidad de la localidad. Los restos de las murallas con las cuatro puertas y las dos torres albarranas que se conservan son una referencia para los amantes del medievo.&nbsp;<\/p>\n\n\n\n<h2 class=\"wp-block-heading\" id=\"h-colmenarejo-madrid\"><strong>Colmenarejo (Madrid)<\/strong><\/h2>\n\n\n\n<figure class=\"wp-block-image size-large\"><a href=\"https:\/\/www.escapadarural.com\/blog\/wp-content\/uploads\/Ayuntamiento_plaza_y_campanario_de_iglesia_en_Colmenarejo.jpg\"><img decoding=\"async\" src=\"https:\/\/www.escapadarural.com\/blog\/wp-content\/uploads\/2024\/10\/Ayuntamiento_plaza_y_campanario_de_iglesia_en_Colmenarejo-1024x683-1.jpg\" alt=\"Colmenarejo\" class=\"wp-image-65824\"\/><\/a><figcaption class=\"wp-element-caption\">Colmenarejo. Por Direcci\u00f3n General de Turismo. Consejer\u00eda de Econom\u00eda e Innovaci\u00f3n Tecnol\u00f3gica. Comunidad de Madrid<\/figcaption><\/figure>\n\n\n\n<p>Con la <a href=\"\/casas-rurales\/sierra-de-guadarrama\">sierra de Guadarrama<\/a><strong> <\/strong>como tel\u00f3n de fondo, Colmenarejo supone una de las primeras puertas de entrada a la naturaleza a la que optan los habitantes de la ciudad de Madrid. Es el enclave perfecto para quienes sean aficionados al senderismo, ya que desde all\u00ed parten diversas rutas como la del ca\u00f1\u00f3n del r\u00edo Aulencia o la que lleva a las antiguas minas del Pilar, que ya no est\u00e1n en funcionamiento.<\/p>\n\n\n\n<p>Los amantes de la gastronom\u00eda pueden aprovechar para disfrutar de un buen cochinillo asado y los m\u00e1s golosos adquirir algunos tarros de miel de la zona, muy famosa por su calidad.<\/p>\n\n\n\n<h2 class=\"wp-block-heading\" id=\"h-alfacar-granada\"><strong>Alfacar (Granada)<\/strong><\/h2>\n\n\n\n<figure class=\"wp-block-image size-large\"><a href=\"https:\/\/www.escapadarural.com\/blog\/wp-content\/uploads\/alfacar-scaled.jpg\"><img decoding=\"async\" src=\"https:\/\/www.escapadarural.com\/blog\/wp-content\/uploads\/2024\/10\/alfacar-1024x684-1.jpg\" alt=\"Alfacar\" class=\"wp-image-65825\"\/><\/a><figcaption class=\"wp-element-caption\">Fuente grande de Alfacar. Por pacoparra <\/figcaption><\/figure>\n\n\n\n<p>Uno de los olores caracter\u00edsticos de esta localidad que da entrada al Parque Natural de la Sierra de Hu\u00e9tor es el del pan, que se elabora con el agua de los manantiales y se cuece en los hornos con le\u00f1a de los bosques de la Alfaguara. Tiene un sabor \u00fanico y su fama ha trascendido m\u00e1s all\u00e1 de los l\u00edmites del municipio.<\/p>\n\n\n\n<p>Pero adem\u00e1s de por su gastronom\u00eda, en la que tambi\u00e9n destacan platos tradicionales como la sopa granadina con arroz, <a href=\"\/casas-rurales\/alfacar\">Alfacar<\/a> tiene lugares de inter\u00e9s como el parque Federico Garc\u00eda Lorca, diversas fuentes y manantiales o la iglesia de Nuestra Se\u00f1ora de la Asunci\u00f3n, que data de mediados del siglo XVI.&nbsp;<\/p>\n\n\n\n<h2 class=\"wp-block-heading\" id=\"h-tineo-asturias\"><strong>Tineo (Asturias)<\/strong><\/h2>\n\n\n\n<figure class=\"wp-block-image size-large\"><a href=\"https:\/\/www.escapadarural.com\/blog\/wp-content\/uploads\/1920px-Conjunto_Historico_de_la_Villa_de_Tineo.jpg\"><img decoding=\"async\" src=\"https:\/\/www.escapadarural.com\/blog\/wp-content\/uploads\/2024\/10\/1920px-Conjunto_Historico_de_la_Villa_de_Tineo-1024x493-1.jpg\" alt=\"Tineo. \" class=\"wp-image-65826\"\/><\/a><figcaption class=\"wp-element-caption\">Tineo. Por <a href=\"https:\/\/commons.wikimedia.org\/wiki\/Category:Tineo#\/media\/File:Conjunto_Hist%C3%B3rico_de_la_Villa_de_Tineo.jpg\" target=\"_blank\" rel=\"noreferrer noopener nofollow\">D.Rovchak<\/a><\/figcaption><\/figure>\n\n\n\n<p>La villa de <a href=\"\/casas-rurales\/tineo\">Tineo<\/a> es la capital del concejo hom\u00f3nimo, que es uno de los mayores productores de leche del Principado as\u00ed como de productos agroalimentarios, incluido un famoso embutido llamado chosco. El pueblo, cuya importancia se remonta a la \u00e9poca del Imperio romano, est\u00e1 declarado Conjunto Hist\u00f3rico. Sus barrios Pico La Villa y Fondos de Villa son una aut\u00e9ntica muestra de arquitectura rural asturiana.<\/p>\n\n\n\n<p>Entre los atractivos de Tineo destacan la plaza del Ayuntamiento, centro neur\u00e1lgico de la localidad, el palacio de Mer\u00e1s (del siglo XVI) o la plaza de Las Campas, que es el solar de una antigua fortaleza militar.&nbsp;<\/p>\n\n\n\n<h2 class=\"wp-block-heading\" id=\"h-los-montesinos-alicante\"><strong>Los Montesinos (Alicante)<\/strong><\/h2>\n\n\n\n<figure class=\"wp-block-image size-large\"><a href=\"https:\/\/www.escapadarural.com\/blog\/wp-content\/uploads\/Los-Montesinos-ALicante-scaled.jpg\"><img decoding=\"async\" src=\"https:\/\/www.escapadarural.com\/blog\/wp-content\/uploads\/2024\/10\/Los-Montesinos-ALicante-1024x666-1.jpg\" alt=\"Los Montesinos\" class=\"wp-image-65831\"\/><\/a><figcaption class=\"wp-element-caption\">Los Montesinos. Por Alex T5\/Wirestock Creators<\/figcaption><\/figure>\n\n\n\n<p>Este pueblo de la comarca de la <a href=\"\/casas-rurales\/vega-baja-del-segura\">Vega Baja<\/a> de Alicante se encuentra al lado del Parque Natural de las Lagunas de la Mata y Torrevieja. Debe su nombre a la familia nobiliaria que fue due\u00f1a de las tierras en las que se asienta y en su casco hist\u00f3rico se pueden disfrutar de las visitas al Jard\u00edn bot\u00e1nico 30 de julio o a la iglesia de Nuestra Se\u00f1ora del Pilar. En los alrededores tambi\u00e9n hay lugares interesantes, como una hacienda de origen romano conocida como el conjunto hist\u00f3rico de La Marquesa, del que destacan una torre y una ermita.<\/p>\n\n\n\n<p>Adem\u00e1s, quienes quieran disfrutar de la naturaleza pueden emprender la ruta Salada. Se trata de un recorrido circular de 3,5 kil\u00f3metros que atraviesa humedales y campos frutales de la zona. Est\u00e1 especialmente recomendado para los aficionados a la observaci\u00f3n de p\u00e1jaros.<\/p>\n\n\n\n<h2 class=\"wp-block-heading\" id=\"h-cervello-barcelona\"><strong>Cervell\u00f3 (Barcelona)<\/strong><\/h2>\n\n\n\n<figure class=\"wp-block-image size-large\"><a href=\"https:\/\/www.escapadarural.com\/blog\/wp-content\/uploads\/cervello-scaled.jpg\"><img decoding=\"async\" src=\"https:\/\/www.escapadarural.com\/blog\/wp-content\/uploads\/2024\/10\/cervello-1024x683-1.jpg\" alt=\"Cervell\u00f3\" class=\"wp-image-65832\"\/><\/a><figcaption class=\"wp-element-caption\">Cervell\u00f3. Por Jorge<\/figcaption><\/figure>\n\n\n\n<p>Un referente llamativo de esta localidad de la provincia de Barcelona es que es el lugar en el que naci\u00f3 el presidente de la Generalitat Josep Tarradellas. M\u00e1s all\u00e1 del dato, <a href=\"\/casas-rurales\/cervello\">Cervell\u00f3<\/a> destaca por ser un lugar excelente para la pr\u00e1ctica de la espeleolog\u00eda gracias a sitios como la sima de En Roca, que tiene 60 metros de profundidad.<\/p>\n\n\n\n<p>Asimismo, quienes quieran practicar el senderismo pueden emprender el camino que lleva hasta las ruinas del castillo de Cervell\u00f3 y la iglesia de Santamar\u00eda. Tiene 6,67 kil\u00f3metros de longitud y su recorrido dura un poco m\u00e1s de dos horas.<\/p>\n\n\n\n<h2 class=\"wp-block-heading\" id=\"h-aguilar-de-campoo-palencia\"><strong>Aguilar de Campoo (Palencia)<\/strong><\/h2>\n\n\n\n<figure class=\"wp-block-image size-large\"><a href=\"https:\/\/www.escapadarural.com\/blog\/wp-content\/uploads\/Aguilar-del-campoo-1-scaled.jpg\"><img decoding=\"async\" src=\"https:\/\/www.escapadarural.com\/blog\/wp-content\/uploads\/2024\/10\/Aguilar-del-campoo-1-1024x728-1.jpg\" alt=\"Aguilar del Campoo\" class=\"wp-image-65830\"\/><\/a><figcaption class=\"wp-element-caption\">Aguilar del Campoo, uno de los pueblos finalistas del Grand Prix. Por luisfpizarro<\/figcaption><\/figure>\n\n\n\n<p>Pocos productos de reposter\u00eda son tan populares como las galletas Mar\u00eda, que la empresa Fontaneda comenz\u00f3 a fabricar en esta localidad en 1912. Actualmente es un pueblo \u2018galletero\u2019, ya que son varias las empresas que elaboran all\u00ed sus pastas. Pero m\u00e1s all\u00e1 del gusto para el paladar, <a href=\"\/casas-rurales\/aguilar-de-campoo\">Aguilar de Campoo<\/a> tambi\u00e9n tiene otros encantos. De hecho, fue declarado Conjunto Hist\u00f3rico Art\u00edstico en 1966.<\/p>\n\n\n\n<p>Se encuentra a la entrada del Geoparque Mundial Unesco Las Loras y sus vestigios medievales son m\u00e1s que visibles. A\u00fan quedan restos del castillo y de la muralla medieval, que a\u00fan tiene algunas puertas en pie. Una de ellas es la Puerta de Reinosa, declarada Monumento Hist\u00f3rico Art\u00edstico en 1925, aunque hay m\u00e1s como la Puerta de la Tobalina, del siglo XIV. Adem\u00e1s, en el centro del pueblo se encuentra la colegiata de San Miguel, uno de los monumentos arquitect\u00f3nicos m\u00e1s llamativos de la zona.<\/p>\n","protected":false},"excerpt":{"rendered":"<p>Despu\u00e9s de que la audiencia estuviera a\u00f1os pidiendo su regreso, estos son los pueblos del Grand Prix que han participado en esta nueva edici\u00f3n de 2023<\/p>\n","protected":false},"author":114,"featured_media":96227,"comment_status":"open","ping_status":"open","sticky":false,"template":"","format":"standard","meta":{"_acf_changed":false,"om_disable_all_campaigns":false,"footnotes":""},"categories":[231],"tags":[1053,5330,215,1287],"class_list":["post-65686","post","type-post","status-publish","format-standard","has-post-thumbnail","hentry","category-arte-y-cultura","tag-concurso","tag-grand-prix-2023","tag-listado","tag-television"],"acf":[],"featured_image_src":"https:\/\/www.escapadarural.com\/blog\/wp-content\/uploads\/2024\/10\/Aguilar-del-campoo-1024x436-1.jpg","author_info":{"display_name":"Carmen L\u00f3pez","author_link":"https:\/\/www.escapadarural.com\/blog\/autor\/carmenlopez\/"},"yoast_head":"<!-- This site is optimized with the Yoast SEO plugin v27.5 - https:\/\/yoast.com\/product\/yoast-seo-wordpress\/ -->\n<title>Los 8 pueblos que han participado en el Grand Prix 2023 - EscapadaRural<\/title>\n<meta name=\"robots\" content=\"index, follow, max-snippet:-1, max-image-preview:large, max-video-preview:-1\" \/>\n<link rel=\"canonical\" href=\"https:\/\/www.escapadarural.com\/blog\/los-pueblos-del-grand-prix\/\" \/>\n<meta property=\"og:locale\" content=\"es_ES\" \/>\n<meta property=\"og:type\" content=\"article\" \/>\n<meta property=\"og:title\" content=\"Los 8 pueblos que han participado en el Grand Prix 2023 - EscapadaRural\" \/>\n<meta property=\"og:description\" content=\"Despu\u00e9s de que la audiencia estuviera a\u00f1os pidiendo su regreso, estos son los pueblos del Grand Prix que han participado en esta nueva edici\u00f3n de 2023\" \/>\n<meta property=\"og:url\" content=\"https:\/\/www.escapadarural.com\/blog\/los-pueblos-del-grand-prix\/\" \/>\n<meta property=\"og:site_name\" content=\"Magazine de viajes de EscapadaRural\" \/>\n<meta property=\"article:publisher\" content=\"https:\/\/www.facebook.com\/escapadarural\" \/>\n<meta property=\"article:published_time\" content=\"2023-09-04T10:23:51+00:00\" \/>\n<meta property=\"article:modified_time\" content=\"2025-06-17T13:56:10+00:00\" \/>\n<meta property=\"og:image\" content=\"https:\/\/www.escapadarural.com\/blog\/wp-content\/uploads\/2024\/10\/Aguilar-del-campoo-1024x436-1.jpg\" \/>\n\t<meta property=\"og:image:width\" content=\"1024\" \/>\n\t<meta property=\"og:image:height\" content=\"436\" \/>\n\t<meta property=\"og:image:type\" content=\"image\/jpeg\" \/>\n<meta name=\"author\" content=\"Carmen L\u00f3pez\" \/>\n<meta name=\"twitter:card\" content=\"summary_large_image\" \/>\n<meta name=\"twitter:label1\" content=\"Escrito por\" \/>\n\t<meta name=\"twitter:data1\" content=\"Carmen L\u00f3pez\" \/>\n\t<meta name=\"twitter:label2\" content=\"Tiempo de lectura\" \/>\n\t<meta name=\"twitter:data2\" content=\"7 minutos\" \/>\n<script type=\"application\/ld+json\" class=\"yoast-schema-graph\">{\"@context\":\"https:\\\/\\\/schema.org\",\"@graph\":[{\"@type\":\"Article\",\"@id\":\"https:\\\/\\\/www.escapadarural.com\\\/blog\\\/los-pueblos-del-grand-prix\\\/#article\",\"isPartOf\":{\"@id\":\"https:\\\/\\\/www.escapadarural.com\\\/blog\\\/los-pueblos-del-grand-prix\\\/\"},\"author\":{\"name\":\"Carmen L\u00f3pez\",\"@id\":\"https:\\\/\\\/www.escapadarural.com\\\/blog\\\/#\\\/schema\\\/person\\\/42dfdff6118172efc6a04c8ae599a2ce\"},\"headline\":\"Los 8 pueblos que han participado en el Grand Prix 2023\",\"datePublished\":\"2023-09-04T10:23:51+00:00\",\"dateModified\":\"2025-06-17T13:56:10+00:00\",\"mainEntityOfPage\":{\"@id\":\"https:\\\/\\\/www.escapadarural.com\\\/blog\\\/los-pueblos-del-grand-prix\\\/\"},\"wordCount\":1465,\"commentCount\":0,\"publisher\":{\"@id\":\"https:\\\/\\\/www.escapadarural.com\\\/blog\\\/#organization\"},\"image\":{\"@id\":\"https:\\\/\\\/www.escapadarural.com\\\/blog\\\/los-pueblos-del-grand-prix\\\/#primaryimage\"},\"thumbnailUrl\":\"https:\\\/\\\/www.escapadarural.com\\\/blog\\\/wp-content\\\/uploads\\\/2024\\\/10\\\/Aguilar-del-campoo-1024x436-1.jpg\",\"keywords\":[\"Concurso\",\"Grand Prix 2023\",\"Listado\",\"television\"],\"articleSection\":[\"Arte y Cultura\"],\"inLanguage\":\"es\",\"potentialAction\":[{\"@type\":\"CommentAction\",\"name\":\"Comment\",\"target\":[\"https:\\\/\\\/www.escapadarural.com\\\/blog\\\/los-pueblos-del-grand-prix\\\/#respond\"]}]},{\"@type\":\"WebPage\",\"@id\":\"https:\\\/\\\/www.escapadarural.com\\\/blog\\\/los-pueblos-del-grand-prix\\\/\",\"url\":\"https:\\\/\\\/www.escapadarural.com\\\/blog\\\/los-pueblos-del-grand-prix\\\/\",\"name\":\"Los 8 pueblos que han participado en el Grand Prix 2023 - EscapadaRural\",\"isPartOf\":{\"@id\":\"https:\\\/\\\/www.escapadarural.com\\\/blog\\\/#website\"},\"primaryImageOfPage\":{\"@id\":\"https:\\\/\\\/www.escapadarural.com\\\/blog\\\/los-pueblos-del-grand-prix\\\/#primaryimage\"},\"image\":{\"@id\":\"https:\\\/\\\/www.escapadarural.com\\\/blog\\\/los-pueblos-del-grand-prix\\\/#primaryimage\"},\"thumbnailUrl\":\"https:\\\/\\\/www.escapadarural.com\\\/blog\\\/wp-content\\\/uploads\\\/2024\\\/10\\\/Aguilar-del-campoo-1024x436-1.jpg\",\"datePublished\":\"2023-09-04T10:23:51+00:00\",\"dateModified\":\"2025-06-17T13:56:10+00:00\",\"breadcrumb\":{\"@id\":\"https:\\\/\\\/www.escapadarural.com\\\/blog\\\/los-pueblos-del-grand-prix\\\/#breadcrumb\"},\"inLanguage\":\"es\",\"potentialAction\":[{\"@type\":\"ReadAction\",\"target\":[\"https:\\\/\\\/www.escapadarural.com\\\/blog\\\/los-pueblos-del-grand-prix\\\/\"]}]},{\"@type\":\"ImageObject\",\"inLanguage\":\"es\",\"@id\":\"https:\\\/\\\/www.escapadarural.com\\\/blog\\\/los-pueblos-del-grand-prix\\\/#primaryimage\",\"url\":\"https:\\\/\\\/www.escapadarural.com\\\/blog\\\/wp-content\\\/uploads\\\/2024\\\/10\\\/Aguilar-del-campoo-1024x436-1.jpg\",\"contentUrl\":\"https:\\\/\\\/www.escapadarural.com\\\/blog\\\/wp-content\\\/uploads\\\/2024\\\/10\\\/Aguilar-del-campoo-1024x436-1.jpg\",\"width\":1024,\"height\":436,\"caption\":\"Una vista panor\u00e1mica de una ciudad espa\u00f1ola con tejados de tejas rojas y una prominente torre de iglesia de piedra, perfecta para el turismo rural, situada entre colinas onduladas y acantilados rocosos bajo un cielo nublado.\"},{\"@type\":\"BreadcrumbList\",\"@id\":\"https:\\\/\\\/www.escapadarural.com\\\/blog\\\/los-pueblos-del-grand-prix\\\/#breadcrumb\",\"itemListElement\":[{\"@type\":\"ListItem\",\"position\":1,\"name\":\"Inicio\",\"item\":\"https:\\\/\\\/www.escapadarural.com\\\/blog\\\/\"},{\"@type\":\"ListItem\",\"position\":2,\"name\":\"Arte y Cultura\",\"item\":\"https:\\\/\\\/www.escapadarural.com\\\/blog\\\/categoria\\\/arte-y-cultura\\\/\"},{\"@type\":\"ListItem\",\"position\":3,\"name\":\"Los 8 pueblos que han participado en el Grand Prix 2023\"}]},{\"@type\":\"WebSite\",\"@id\":\"https:\\\/\\\/www.escapadarural.com\\\/blog\\\/#website\",\"url\":\"https:\\\/\\\/www.escapadarural.com\\\/blog\\\/\",\"name\":\"Blog de viajes | turismo rural, alojamientos e inspiraci\u00f3n\",\"description\":\"Alojamientos rurales e inspiraci\u00f3n para tus escapadas\",\"publisher\":{\"@id\":\"https:\\\/\\\/www.escapadarural.com\\\/blog\\\/#organization\"},\"alternateName\":\"Magazine de viajes de EscapadaRural\",\"potentialAction\":[{\"@type\":\"SearchAction\",\"target\":{\"@type\":\"EntryPoint\",\"urlTemplate\":\"https:\\\/\\\/www.escapadarural.com\\\/blog\\\/?s={search_term_string}\"},\"query-input\":{\"@type\":\"PropertyValueSpecification\",\"valueRequired\":true,\"valueName\":\"search_term_string\"}}],\"inLanguage\":\"es\"},{\"@type\":\"Organization\",\"@id\":\"https:\\\/\\\/www.escapadarural.com\\\/blog\\\/#organization\",\"name\":\"EscapadaRural\",\"url\":\"https:\\\/\\\/www.escapadarural.com\\\/blog\\\/\",\"logo\":{\"@type\":\"ImageObject\",\"inLanguage\":\"es\",\"@id\":\"https:\\\/\\\/www.escapadarural.com\\\/blog\\\/#\\\/schema\\\/logo\\\/image\\\/\",\"url\":\"https:\\\/\\\/www.escapadarural.com\\\/blog\\\/wp-content\\\/uploads\\\/2024\\\/10\\\/cropped-cropped-escapada-rural-icon-mag-3.png\",\"contentUrl\":\"https:\\\/\\\/www.escapadarural.com\\\/blog\\\/wp-content\\\/uploads\\\/2024\\\/10\\\/cropped-cropped-escapada-rural-icon-mag-3.png\",\"width\":512,\"height\":512,\"caption\":\"EscapadaRural\"},\"image\":{\"@id\":\"https:\\\/\\\/www.escapadarural.com\\\/blog\\\/#\\\/schema\\\/logo\\\/image\\\/\"},\"sameAs\":[\"https:\\\/\\\/www.facebook.com\\\/escapadarural\",\"https:\\\/\\\/www.instagram.com\\\/escapadarural\\\/\",\"https:\\\/\\\/www.youtube.com\\\/@escapadaruralcom\"]},{\"@type\":\"Person\",\"@id\":\"https:\\\/\\\/www.escapadarural.com\\\/blog\\\/#\\\/schema\\\/person\\\/42dfdff6118172efc6a04c8ae599a2ce\",\"name\":\"Carmen L\u00f3pez\",\"image\":{\"@type\":\"ImageObject\",\"inLanguage\":\"es\",\"@id\":\"https:\\\/\\\/www.escapadarural.com\\\/blog\\\/wp-content\\\/uploads\\\/2024\\\/11\\\/cropped-perfil_eldiario-96x96-1-96x96.jpeg\",\"url\":\"https:\\\/\\\/www.escapadarural.com\\\/blog\\\/wp-content\\\/uploads\\\/2024\\\/11\\\/cropped-perfil_eldiario-96x96-1-96x96.jpeg\",\"contentUrl\":\"https:\\\/\\\/www.escapadarural.com\\\/blog\\\/wp-content\\\/uploads\\\/2024\\\/11\\\/cropped-perfil_eldiario-96x96-1-96x96.jpeg\",\"caption\":\"Carmen L\u00f3pez\"},\"description\":\"Soy periodista y escribo sobre cosas que importan en sitios que interesan desde hace m\u00e1s de una d\u00e9cada.\",\"url\":\"https:\\\/\\\/www.escapadarural.com\\\/blog\\\/autor\\\/carmenlopez\\\/\"}]}<\/script>\n<!-- \/ Yoast SEO plugin. -->","yoast_head_json":{"title":"Los 8 pueblos que han participado en el Grand Prix 2023 - EscapadaRural","robots":{"index":"index","follow":"follow","max-snippet":"max-snippet:-1","max-image-preview":"max-image-preview:large","max-video-preview":"max-video-preview:-1"},"canonical":"https:\/\/www.escapadarural.com\/blog\/los-pueblos-del-grand-prix\/","og_locale":"es_ES","og_type":"article","og_title":"Los 8 pueblos que han participado en el Grand Prix 2023 - EscapadaRural","og_description":"Despu\u00e9s de que la audiencia estuviera a\u00f1os pidiendo su regreso, estos son los pueblos del Grand Prix que han participado en esta nueva edici\u00f3n de 2023","og_url":"https:\/\/www.escapadarural.com\/blog\/los-pueblos-del-grand-prix\/","og_site_name":"Magazine de viajes de EscapadaRural","article_publisher":"https:\/\/www.facebook.com\/escapadarural","article_published_time":"2023-09-04T10:23:51+00:00","article_modified_time":"2025-06-17T13:56:10+00:00","og_image":[{"width":1024,"height":436,"url":"https:\/\/www.escapadarural.com\/blog\/wp-content\/uploads\/2024\/10\/Aguilar-del-campoo-1024x436-1.jpg","type":"image\/jpeg"}],"author":"Carmen L\u00f3pez","twitter_card":"summary_large_image","twitter_misc":{"Escrito por":"Carmen L\u00f3pez","Tiempo de lectura":"7 minutos"},"schema":{"@context":"https:\/\/schema.org","@graph":[{"@type":"Article","@id":"https:\/\/www.escapadarural.com\/blog\/los-pueblos-del-grand-prix\/#article","isPartOf":{"@id":"https:\/\/www.escapadarural.com\/blog\/los-pueblos-del-grand-prix\/"},"author":{"name":"Carmen L\u00f3pez","@id":"https:\/\/www.escapadarural.com\/blog\/#\/schema\/person\/42dfdff6118172efc6a04c8ae599a2ce"},"headline":"Los 8 pueblos que han participado en el Grand Prix 2023","datePublished":"2023-09-04T10:23:51+00:00","dateModified":"2025-06-17T13:56:10+00:00","mainEntityOfPage":{"@id":"https:\/\/www.escapadarural.com\/blog\/los-pueblos-del-grand-prix\/"},"wordCount":1465,"commentCount":0,"publisher":{"@id":"https:\/\/www.escapadarural.com\/blog\/#organization"},"image":{"@id":"https:\/\/www.escapadarural.com\/blog\/los-pueblos-del-grand-prix\/#primaryimage"},"thumbnailUrl":"https:\/\/www.escapadarural.com\/blog\/wp-content\/uploads\/2024\/10\/Aguilar-del-campoo-1024x436-1.jpg","keywords":["Concurso","Grand Prix 2023","Listado","television"],"articleSection":["Arte y Cultura"],"inLanguage":"es","potentialAction":[{"@type":"CommentAction","name":"Comment","target":["https:\/\/www.escapadarural.com\/blog\/los-pueblos-del-grand-prix\/#respond"]}]},{"@type":"WebPage","@id":"https:\/\/www.escapadarural.com\/blog\/los-pueblos-del-grand-prix\/","url":"https:\/\/www.escapadarural.com\/blog\/los-pueblos-del-grand-prix\/","name":"Los 8 pueblos que han participado en el Grand Prix 2023 - EscapadaRural","isPartOf":{"@id":"https:\/\/www.escapadarural.com\/blog\/#website"},"primaryImageOfPage":{"@id":"https:\/\/www.escapadarural.com\/blog\/los-pueblos-del-grand-prix\/#primaryimage"},"image":{"@id":"https:\/\/www.escapadarural.com\/blog\/los-pueblos-del-grand-prix\/#primaryimage"},"thumbnailUrl":"https:\/\/www.escapadarural.com\/blog\/wp-content\/uploads\/2024\/10\/Aguilar-del-campoo-1024x436-1.jpg","datePublished":"2023-09-04T10:23:51+00:00","dateModified":"2025-06-17T13:56:10+00:00","breadcrumb":{"@id":"https:\/\/www.escapadarural.com\/blog\/los-pueblos-del-grand-prix\/#breadcrumb"},"inLanguage":"es","potentialAction":[{"@type":"ReadAction","target":["https:\/\/www.escapadarural.com\/blog\/los-pueblos-del-grand-prix\/"]}]},{"@type":"ImageObject","inLanguage":"es","@id":"https:\/\/www.escapadarural.com\/blog\/los-pueblos-del-grand-prix\/#primaryimage","url":"https:\/\/www.escapadarural.com\/blog\/wp-content\/uploads\/2024\/10\/Aguilar-del-campoo-1024x436-1.jpg","contentUrl":"https:\/\/www.escapadarural.com\/blog\/wp-content\/uploads\/2024\/10\/Aguilar-del-campoo-1024x436-1.jpg","width":1024,"height":436,"caption":"Una vista panor\u00e1mica de una ciudad espa\u00f1ola con tejados de tejas rojas y una prominente torre de iglesia de piedra, perfecta para el turismo rural, situada entre colinas onduladas y acantilados rocosos bajo un cielo nublado."},{"@type":"BreadcrumbList","@id":"https:\/\/www.escapadarural.com\/blog\/los-pueblos-del-grand-prix\/#breadcrumb","itemListElement":[{"@type":"ListItem","position":1,"name":"Inicio","item":"https:\/\/www.escapadarural.com\/blog\/"},{"@type":"ListItem","position":2,"name":"Arte y Cultura","item":"https:\/\/www.escapadarural.com\/blog\/categoria\/arte-y-cultura\/"},{"@type":"ListItem","position":3,"name":"Los 8 pueblos que han participado en el Grand Prix 2023"}]},{"@type":"WebSite","@id":"https:\/\/www.escapadarural.com\/blog\/#website","url":"https:\/\/www.escapadarural.com\/blog\/","name":"Blog de viajes | turismo rural, alojamientos e inspiraci\u00f3n","description":"Alojamientos rurales e inspiraci\u00f3n para tus escapadas","publisher":{"@id":"https:\/\/www.escapadarural.com\/blog\/#organization"},"alternateName":"Magazine de viajes de EscapadaRural","potentialAction":[{"@type":"SearchAction","target":{"@type":"EntryPoint","urlTemplate":"https:\/\/www.escapadarural.com\/blog\/?s={search_term_string}"},"query-input":{"@type":"PropertyValueSpecification","valueRequired":true,"valueName":"search_term_string"}}],"inLanguage":"es"},{"@type":"Organization","@id":"https:\/\/www.escapadarural.com\/blog\/#organization","name":"EscapadaRural","url":"https:\/\/www.escapadarural.com\/blog\/","logo":{"@type":"ImageObject","inLanguage":"es","@id":"https:\/\/www.escapadarural.com\/blog\/#\/schema\/logo\/image\/","url":"https:\/\/www.escapadarural.com\/blog\/wp-content\/uploads\/2024\/10\/cropped-cropped-escapada-rural-icon-mag-3.png","contentUrl":"https:\/\/www.escapadarural.com\/blog\/wp-content\/uploads\/2024\/10\/cropped-cropped-escapada-rural-icon-mag-3.png","width":512,"height":512,"caption":"EscapadaRural"},"image":{"@id":"https:\/\/www.escapadarural.com\/blog\/#\/schema\/logo\/image\/"},"sameAs":["https:\/\/www.facebook.com\/escapadarural","https:\/\/www.instagram.com\/escapadarural\/","https:\/\/www.youtube.com\/@escapadaruralcom"]},{"@type":"Person","@id":"https:\/\/www.escapadarural.com\/blog\/#\/schema\/person\/42dfdff6118172efc6a04c8ae599a2ce","name":"Carmen L\u00f3pez","image":{"@type":"ImageObject","inLanguage":"es","@id":"https:\/\/www.escapadarural.com\/blog\/wp-content\/uploads\/2024\/11\/cropped-perfil_eldiario-96x96-1-96x96.jpeg","url":"https:\/\/www.escapadarural.com\/blog\/wp-content\/uploads\/2024\/11\/cropped-perfil_eldiario-96x96-1-96x96.jpeg","contentUrl":"https:\/\/www.escapadarural.com\/blog\/wp-content\/uploads\/2024\/11\/cropped-perfil_eldiario-96x96-1-96x96.jpeg","caption":"Carmen L\u00f3pez"},"description":"Soy periodista y escribo sobre cosas que importan en sitios que interesan desde hace m\u00e1s de una d\u00e9cada.","url":"https:\/\/www.escapadarural.com\/blog\/autor\/carmenlopez\/"}]}},"_links":{"self":[{"href":"https:\/\/www.escapadarural.com\/blog\/wp-json\/wp\/v2\/posts\/65686","targetHints":{"allow":["GET"]}}],"collection":[{"href":"https:\/\/www.escapadarural.com\/blog\/wp-json\/wp\/v2\/posts"}],"about":[{"href":"https:\/\/www.escapadarural.com\/blog\/wp-json\/wp\/v2\/types\/post"}],"author":[{"embeddable":true,"href":"https:\/\/www.escapadarural.com\/blog\/wp-json\/wp\/v2\/users\/114"}],"replies":[{"embeddable":true,"href":"https:\/\/www.escapadarural.com\/blog\/wp-json\/wp\/v2\/comments?post=65686"}],"version-history":[{"count":0,"href":"https:\/\/www.escapadarural.com\/blog\/wp-json\/wp\/v2\/posts\/65686\/revisions"}],"wp:featuredmedia":[{"embeddable":true,"href":"https:\/\/www.escapadarural.com\/blog\/wp-json\/wp\/v2\/media\/96227"}],"wp:attachment":[{"href":"https:\/\/www.escapadarural.com\/blog\/wp-json\/wp\/v2\/media?parent=65686"}],"wp:term":[{"taxonomy":"category","embeddable":true,"href":"https:\/\/www.escapadarural.com\/blog\/wp-json\/wp\/v2\/categories?post=65686"},{"taxonomy":"post_tag","embeddable":true,"href":"https:\/\/www.escapadarural.com\/blog\/wp-json\/wp\/v2\/tags?post=65686"}],"curies":[{"name":"wp","href":"https:\/\/api.w.org\/{rel}","templated":true}]}}