{"id":65688,"date":"2023-08-30T08:47:41","date_gmt":"2023-08-30T07:47:41","guid":{"rendered":"https:\/\/www.escapadarural.com\/blog\/?p=65688"},"modified":"2024-12-23T18:59:33","modified_gmt":"2024-12-23T16:59:33","slug":"destinos-rurales-en-septiembre","status":"publish","type":"post","link":"https:\/\/www.escapadarural.com\/blog\/destinos-rurales-en-septiembre\/","title":{"rendered":"5 destinos rurales que visitar en septiembre"},"content":{"rendered":"\n<figure class=\"wp-block-image size-large\"><a href=\"https:\/\/www.escapadarural.com\/blog\/wp-content\/uploads\/Anochecer-en-El-Cotarro.jpg\"><img decoding=\"async\" src=\"https:\/\/www.escapadarural.com\/blog\/wp-content\/uploads\/2024\/10\/Anochecer-en-El-Cotarro-1024x683-1.jpg\" alt=\"Destinos rurales 2023: Moradillo de Roa\" class=\"wp-image-42506\"\/><\/a><figcaption class=\"wp-element-caption\">Por Nacho Rinc\u00f3n<\/figcaption><\/figure>\n\n\n\n<p><strong>Septiembre <\/strong>es el mes de la vuelta a la rutina, se terminan las vacaciones y los peques vuelven al cole. Pero es tambi\u00e9n, el mes en que el clima experimenta un amable cambio, con temperaturas m\u00e1s suaves y un aire fresco que anticipa la llegada del <strong>oto\u00f1o<\/strong>. En septiembre la hojas comienzan a te\u00f1irse de tonos c\u00e1lidos y los paisajes se transforman en una postal oto\u00f1al.<\/p>\n\n\n\n<p>Por esas razones, este es el mes perfecto para disfrutar de una escapada rural. Presencia el cambio de estaci\u00f3n en una casa rural, rodeada de naturaleza y de silencio. Estos son los <strong>5 imperdibles<\/strong> que visitar en septiembre:<\/p>\n\n\n\n<div class=\"wp-block-buttons is-layout-flex wp-block-buttons-is-layout-flex\">\n<div class=\"wp-block-button\"><a class=\"wp-block-button__link wp-element-button\" href=\"\/casas-rurales\">Encuentra tu alojamiento<\/a><\/div>\n<\/div>\n\n\n\n<h2 class=\"wp-block-heading\">Calata\u00f1azor (<a href=\"\/casas-rurales\/soria\" data-type=\"URL\" data-id=\"\/casas-rurales\/soria\">Soria<\/a>)<\/h2>\n\n\n\n<figure class=\"wp-block-image size-full\"><a href=\"https:\/\/www.escapadarural.com\/blog\/wp-content\/uploads\/2024\/10\/Calatanazor-2.jpg\"><img decoding=\"async\" src=\"https:\/\/www.escapadarural.com\/blog\/wp-content\/uploads\/2024\/10\/Calatanazor-2.jpg\" alt=\"Destinos que visitar en septiembre Calata\u00f1azor\" class=\"wp-image-18095\"\/><\/a><figcaption class=\"wp-element-caption\">Calata\u00f1azor. Por Jose Arcos Aguilar<\/figcaption><\/figure>\n\n\n\n<p>Seg\u00fan la leyenda, \u00abEn Calata\u00f1azor, Almanzor perdi\u00f3 el tambor\u00bb. Este coqueto pueblo es famoso por ser el escenario de la legendaria batalla donde el militar pol\u00edtico musulm\u00e1n supuestamente fuera derrotado por los cristianos. Durante la conquista musulmana, <a href=\"\/casas-rurales\/calatanazor\" data-type=\"URL\" data-id=\"\/casas-rurales\/calatanazor\" target=\"_blank\" rel=\"noreferrer noopener\">Calata\u00f1azor <\/a>fue frontera del califato con los reinos cristianos de Le\u00f3n y de Pamplona.<\/p>\n\n\n\n<p>Lo que le hace \u00fanico es que su <strong>casco antiguo<\/strong> permanece intacto desde la Edad Media, las casas est\u00e1n construidas con piedra, ladrillo y adobe. Septiembre es el mes ideal para visitar el pueblo ya que el clima sigue agradable y no hay tanta afluencia de visitantes. Muy cerca de Calata\u00f1azor est\u00e1 <strong>La Fuentona<\/strong>, una&nbsp;laguna de origen k\u00e1rstico que emerge del subsuelo y que desde 1998 es Monumento Natural.<\/p>\n\n\n\n<div class=\"wp-block-buttons is-layout-flex wp-block-buttons-is-layout-flex\">\n<div class=\"wp-block-button\"><a class=\"wp-block-button__link wp-element-button\" href=\"\/casas-rurales\/calatanazor\" target=\"_blank\" rel=\"noreferrer noopener\">Casas rurales en Calata\u00f1azor<\/a><\/div>\n<\/div>\n\n\n\n<h2 class=\"wp-block-heading\">Comarca del Empord\u00e0 (<a href=\"\/casas-rurales\/girona\" target=\"_blank\" rel=\"noreferrer noopener\">Girona<\/a>)<\/h2>\n\n\n\n<figure class=\"wp-block-image size-large\"><a href=\"https:\/\/www.escapadarural.com\/blog\/wp-content\/uploads\/Sant-Marti-Empuries-scaled.jpg\"><img decoding=\"async\" src=\"https:\/\/www.escapadarural.com\/blog\/wp-content\/uploads\/2024\/10\/Sant-Marti-Empuries-1024x683-1.jpg\" alt=\"Sant Mart\u00ed d'Emp\u00faries\" class=\"wp-image-59988\"\/><\/a><figcaption class=\"wp-element-caption\">Sant Mart\u00ed d&#8217;Emp\u00faries. Por funkyfrogstock<\/figcaption><\/figure>\n\n\n\n<p>Esta <strong>comarca hist\u00f3rica<\/strong> de la provincia de Girona tiene planes para todos los tipos de viajeros. Durante este mes, podr\u00e1s explorar su belleza natural, su rica historia y su cultura vibrante. Aunque septiembre marca el final del verano, las playas y calas de la zona ofrecen d\u00edas c\u00e1lidos y soleados y est\u00e1n menos concurridas.<\/p>\n\n\n\n<p>Adem\u00e1s, esta zona est\u00e1 salpicada de encantadores pueblos medievales que te har\u00e1n viajar en el tiempo como Pals, Peratallada y Monells. Otro imperdible de la comarca es <strong>Emp\u00faries<\/strong>, el \u00fanico yacimiento arqueol\u00f3gico de la pen\u00ednsula donde conviven los restos de una ciudad griega con los de una ciudad romana.<\/p>\n\n\n\n<div class=\"wp-block-buttons is-layout-flex wp-block-buttons-is-layout-flex\">\n<div class=\"wp-block-button\"><a class=\"wp-block-button__link wp-element-button\" href=\"\/casas-rurales\/l-emporda\" target=\"_blank\" rel=\"noreferrer noopener\">Casas rurales en L&#8217;Empord\u00e0<\/a><\/div>\n<\/div>\n\n\n\n<h2 class=\"wp-block-heading\">Valle de Ricote (<a href=\"\/casas-rurales\/murcia\" target=\"_blank\" rel=\"noreferrer noopener\">Regi\u00f3n de Murcia<\/a>)<\/h2>\n\n\n\n<figure class=\"wp-block-image size-large\"><a href=\"https:\/\/www.escapadarural.com\/blog\/wp-content\/uploads\/2017\/11\/Vista-del-Valle-de-Ricote.-Sergio-Gonzalez-10-1.jpg\"><img decoding=\"async\" src=\"https:\/\/www.escapadarural.com\/blog\/wp-content\/uploads\/2024\/10\/Vista-del-Valle-de-Ricote.-Sergio-Gonzalez-10-1-1024x683-1.jpg\" alt=\"Valle de Ricote\" class=\"wp-image-27882\"\/><\/a><figcaption class=\"wp-element-caption\">Por: Sergio Gonzalez &#8211; Murcia Tur\u00edstica<\/figcaption><\/figure>\n\n\n\n<p>Si lo que quieres es una escapada sin prisas y en contacto con la naturaleza, el <a href=\"\/casas-rurales\/valle-de-ricote-y-cieza\" target=\"_blank\" data-type=\"URL\" data-id=\"\/casas-rurales\/valle-de-ricote-y-cieza\" rel=\"noreferrer noopener\">Valle de Ricote<\/a> es el lugar ideal. Durante el mes de septiembre el clima es c\u00e1lido y es ideal para explorar sus encantos. Podr\u00e1s visitar pueblos pintorescos que conservan su esencia como <strong>Ricote<\/strong>, <strong>Blanca <\/strong>y <strong>Archena<\/strong>.<\/p>\n\n\n\n<p>Podr\u00e1s realizar rutas de senderismo para conocer el valle y descubrir paisajes naturales variados, desde r\u00edos y monta\u00f1as hasta huertos y campos de cultivo. Durante tu estancia no puedes dejar de probar algunos de sus platos t\u00edpicos como las habichuelas con cerdo o y el <strong>empedrado de arroz<\/strong>.<\/p>\n\n\n\n<div class=\"wp-block-buttons is-layout-flex wp-block-buttons-is-layout-flex\">\n<div class=\"wp-block-button\"><a class=\"wp-block-button__link wp-element-button\" href=\"\/casas-rurales\/valle-de-ricote-y-cieza\" target=\"_blank\" rel=\"noreferrer noopener\">Casas en el Valle de Ricote<\/a><\/div>\n<\/div>\n\n\n\n<h2 class=\"wp-block-heading\">Septiembre en Moradillo de Roa (<a href=\"\/casas-rurales\/burgos\" target=\"_blank\" rel=\"noreferrer noopener\">Burgos<\/a>)<\/h2>\n\n\n\n<figure class=\"wp-block-image size-large\"><a href=\"https:\/\/www.escapadarural.com\/blog\/wp-content\/uploads\/Bodegas-Tradicionales-de-Moradillo-de-Roa.jpg\"><img decoding=\"async\" src=\"https:\/\/www.escapadarural.com\/blog\/wp-content\/uploads\/2024\/10\/Bodegas-Tradicionales-de-Moradillo-de-Roa-1024x683-1.jpg\" alt=\"Moradillo de Roa\" class=\"wp-image-42502\"\/><\/a><figcaption class=\"wp-element-caption\">Por Nacho Rinc\u00f3n<\/figcaption><\/figure>\n\n\n\n<p>Este curioso y singular pueblo burgal\u00e9s es ideal para todos los que buscan conocer m\u00e1s a fondo la belleza rural y la cultura de la Ribera del Duero. Como curiosidad, <a href=\"\/casas-rurales\/moradillo-de-roa\" target=\"_blank\" data-type=\"URL\" data-id=\"\/casas-rurales\/moradillo-de-roa\" rel=\"noreferrer noopener\">Moradillo de Roa<\/a> cuenta con 170 bodegas, casi igualando su n\u00famero de habitantes (190).<\/p>\n\n\n\n<p>Durante tu estancia podr\u00e1s visitar algunas de las bodegas locales y conocer de cerca el proceso de la elaboraci\u00f3n del vino, realizar catas y explorar los vi\u00f1edos en \u00e9poca de <strong>vendimia<\/strong>. Adem\u00e1s, podr\u00e1s visitar otros destinos encantadores como <strong>Aranda de Duero<\/strong> a 17 kil\u00f3metros, o <strong>Pe\u00f1afiel<\/strong>, a tan s\u00f3lo 40 minutos en coche.<\/p>\n\n\n\n<div class=\"wp-block-buttons is-layout-flex wp-block-buttons-is-layout-flex\">\n<div class=\"wp-block-button\"><a class=\"wp-block-button__link wp-element-button\" href=\"\/casas-rurales\/moradillo-de-roa\" target=\"_blank\" rel=\"noreferrer noopener\">Casas en Moradillo de Roa<\/a><\/div>\n<\/div>\n\n\n\n<h2 class=\"wp-block-heading\">Chinch\u00f3n (<a href=\"\/casas-rurales\/madrid\" target=\"_blank\" rel=\"noreferrer noopener\">Madrid<\/a>)<\/h2>\n\n\n\n<figure class=\"wp-block-image size-large\"><a href=\"https:\/\/www.escapadarural.com\/blog\/wp-content\/uploads\/Chinchon.jpg\"><img decoding=\"async\" src=\"https:\/\/www.escapadarural.com\/blog\/wp-content\/uploads\/2024\/10\/Chinchon-1024x683-1.jpg\" alt=\"Pueblos que visitar en septiembre: Chinch\u00f3n\" class=\"wp-image-46598\"\/><\/a><figcaption class=\"wp-element-caption\">Por Lukasz Janyst<\/figcaption><\/figure>\n\n\n\n<p>Si lo que buscas es una escapada cerca de la ciudad <strong>Chinch\u00f3n <\/strong>es el destino ideal. Se trata de uno de los pueblos m\u00e1s bonitos de la <strong>Comunidad de Madrid<\/strong>. Se encuentra entre los r\u00edos Taju\u00f1a y Tajo, es peque\u00f1o y se puede recorrer f\u00e1cilmente a pie. Su principal atractivo es su Plaza Mayor, con los famosos balcones con barandillas verdes.<\/p>\n\n\n\n<p>Es de recomendada visita el <strong>Castillo de Chinch\u00f3n<\/strong>, la parroquia de la Asunci\u00f3n y la Torre del Reloj. Cerca del pueblo podr\u00e1s visitar otros destinos igual de atractivos como <a href=\"\/casas-rurales\/colmenar-de-oreja\" target=\"_blank\" data-type=\"URL\" rel=\"noreferrer noopener\">Colmenar de Oreja<\/a>&nbsp;o&nbsp;<a href=\"\/casas-rurales\/villarejo-de-salvanes\" target=\"_blank\" data-type=\"URL\" data-id=\"\/casas-rurales\/villarejo-de-salvanes\" rel=\"noreferrer noopener\">Villarejo de Salvan\u00e9s<\/a>.<\/p>\n\n\n\n<div class=\"wp-block-buttons is-layout-flex wp-block-buttons-is-layout-flex\">\n<div class=\"wp-block-button\"><a class=\"wp-block-button__link wp-element-button\" href=\"\/casas-rurales\/chinchon\" target=\"_blank\" rel=\"noreferrer noopener\">Casas rurales en Chinch\u00f3n<\/a><\/div>\n<\/div>\n","protected":false},"excerpt":{"rendered":"<p>Septiembre es el mes ideal para disfrutar de una escapada rural. Por esa raz\u00f3n, te recomendamos 5 imprescindibles que visitar este mes.<\/p>\n","protected":false},"author":119,"featured_media":96298,"comment_status":"open","ping_status":"open","sticky":false,"template":"","format":"standard","meta":{"_acf_changed":false,"om_disable_all_campaigns":false,"footnotes":""},"categories":[191],"tags":[260,473,215,212,274],"class_list":["post-65688","post","type-post","status-publish","format-standard","has-post-thumbnail","hentry","category-destinos","tag-articulo","tag-destinos-rurales","tag-listado","tag-pueblos","tag-turismo-rural"],"acf":[],"featured_image_src":"https:\/\/www.escapadarural.com\/blog\/wp-content\/uploads\/2024\/10\/Anochecer-en-El-Cotarro-1024x683-1.jpg","author_info":{"display_name":"Caroline Dalpr\u00e1","author_link":"https:\/\/www.escapadarural.com\/blog\/autor\/caroline\/"},"yoast_head":"<!-- This site is optimized with the Yoast SEO plugin v27.5 - https:\/\/yoast.com\/product\/yoast-seo-wordpress\/ -->\n<title>5 destinos rurales que visitar en septiembre - EscapadaRural<\/title>\n<meta name=\"robots\" content=\"index, follow, max-snippet:-1, max-image-preview:large, max-video-preview:-1\" \/>\n<link rel=\"canonical\" href=\"https:\/\/www.escapadarural.com\/blog\/destinos-rurales-en-septiembre\/\" \/>\n<meta property=\"og:locale\" content=\"es_ES\" \/>\n<meta property=\"og:type\" content=\"article\" \/>\n<meta property=\"og:title\" content=\"5 destinos rurales que visitar en septiembre - EscapadaRural\" \/>\n<meta property=\"og:description\" content=\"Septiembre es el mes ideal para disfrutar de una escapada rural. Por esa raz\u00f3n, te recomendamos 5 imprescindibles que visitar este mes.\" \/>\n<meta property=\"og:url\" content=\"https:\/\/www.escapadarural.com\/blog\/destinos-rurales-en-septiembre\/\" \/>\n<meta property=\"og:site_name\" content=\"Magazine de viajes de EscapadaRural\" \/>\n<meta property=\"article:publisher\" content=\"https:\/\/www.facebook.com\/escapadarural\" \/>\n<meta property=\"article:published_time\" content=\"2023-08-30T07:47:41+00:00\" \/>\n<meta property=\"article:modified_time\" content=\"2024-12-23T16:59:33+00:00\" \/>\n<meta property=\"og:image\" content=\"https:\/\/www.escapadarural.com\/blog\/wp-content\/uploads\/2024\/10\/Anochecer-en-El-Cotarro-1024x683-1.jpg\" \/>\n\t<meta property=\"og:image:width\" content=\"1024\" \/>\n\t<meta property=\"og:image:height\" content=\"683\" \/>\n\t<meta property=\"og:image:type\" content=\"image\/jpeg\" \/>\n<meta name=\"author\" content=\"Caroline Dalpr\u00e1\" \/>\n<meta name=\"twitter:card\" content=\"summary_large_image\" \/>\n<meta name=\"twitter:label1\" content=\"Escrito por\" \/>\n\t<meta name=\"twitter:data1\" content=\"Caroline Dalpr\u00e1\" \/>\n\t<meta name=\"twitter:label2\" content=\"Tiempo de lectura\" \/>\n\t<meta name=\"twitter:data2\" content=\"4 minutos\" \/>\n<script type=\"application\/ld+json\" class=\"yoast-schema-graph\">{\"@context\":\"https:\\\/\\\/schema.org\",\"@graph\":[{\"@type\":\"Article\",\"@id\":\"https:\\\/\\\/www.escapadarural.com\\\/blog\\\/destinos-rurales-en-septiembre\\\/#article\",\"isPartOf\":{\"@id\":\"https:\\\/\\\/www.escapadarural.com\\\/blog\\\/destinos-rurales-en-septiembre\\\/\"},\"author\":{\"name\":\"Caroline Dalpr\u00e1\",\"@id\":\"https:\\\/\\\/www.escapadarural.com\\\/blog\\\/#\\\/schema\\\/person\\\/71a3509afe98d853c3837b4889cdab61\"},\"headline\":\"5 destinos rurales que visitar en septiembre\",\"datePublished\":\"2023-08-30T07:47:41+00:00\",\"dateModified\":\"2024-12-23T16:59:33+00:00\",\"mainEntityOfPage\":{\"@id\":\"https:\\\/\\\/www.escapadarural.com\\\/blog\\\/destinos-rurales-en-septiembre\\\/\"},\"wordCount\":761,\"commentCount\":2,\"publisher\":{\"@id\":\"https:\\\/\\\/www.escapadarural.com\\\/blog\\\/#organization\"},\"image\":{\"@id\":\"https:\\\/\\\/www.escapadarural.com\\\/blog\\\/destinos-rurales-en-septiembre\\\/#primaryimage\"},\"thumbnailUrl\":\"https:\\\/\\\/www.escapadarural.com\\\/blog\\\/wp-content\\\/uploads\\\/2024\\\/10\\\/Anochecer-en-El-Cotarro-1024x683-1.jpg\",\"keywords\":[\"art\u00edculo\",\"destinos rurales\",\"Listado\",\"pueblos\",\"turismo rural\"],\"articleSection\":[\"Destinos\"],\"inLanguage\":\"es\",\"potentialAction\":[{\"@type\":\"CommentAction\",\"name\":\"Comment\",\"target\":[\"https:\\\/\\\/www.escapadarural.com\\\/blog\\\/destinos-rurales-en-septiembre\\\/#respond\"]}]},{\"@type\":\"WebPage\",\"@id\":\"https:\\\/\\\/www.escapadarural.com\\\/blog\\\/destinos-rurales-en-septiembre\\\/\",\"url\":\"https:\\\/\\\/www.escapadarural.com\\\/blog\\\/destinos-rurales-en-septiembre\\\/\",\"name\":\"5 destinos rurales que visitar en septiembre - EscapadaRural\",\"isPartOf\":{\"@id\":\"https:\\\/\\\/www.escapadarural.com\\\/blog\\\/#website\"},\"primaryImageOfPage\":{\"@id\":\"https:\\\/\\\/www.escapadarural.com\\\/blog\\\/destinos-rurales-en-septiembre\\\/#primaryimage\"},\"image\":{\"@id\":\"https:\\\/\\\/www.escapadarural.com\\\/blog\\\/destinos-rurales-en-septiembre\\\/#primaryimage\"},\"thumbnailUrl\":\"https:\\\/\\\/www.escapadarural.com\\\/blog\\\/wp-content\\\/uploads\\\/2024\\\/10\\\/Anochecer-en-El-Cotarro-1024x683-1.jpg\",\"datePublished\":\"2023-08-30T07:47:41+00:00\",\"dateModified\":\"2024-12-23T16:59:33+00:00\",\"breadcrumb\":{\"@id\":\"https:\\\/\\\/www.escapadarural.com\\\/blog\\\/destinos-rurales-en-septiembre\\\/#breadcrumb\"},\"inLanguage\":\"es\",\"potentialAction\":[{\"@type\":\"ReadAction\",\"target\":[\"https:\\\/\\\/www.escapadarural.com\\\/blog\\\/destinos-rurales-en-septiembre\\\/\"]}]},{\"@type\":\"ImageObject\",\"inLanguage\":\"es\",\"@id\":\"https:\\\/\\\/www.escapadarural.com\\\/blog\\\/destinos-rurales-en-septiembre\\\/#primaryimage\",\"url\":\"https:\\\/\\\/www.escapadarural.com\\\/blog\\\/wp-content\\\/uploads\\\/2024\\\/10\\\/Anochecer-en-El-Cotarro-1024x683-1.jpg\",\"contentUrl\":\"https:\\\/\\\/www.escapadarural.com\\\/blog\\\/wp-content\\\/uploads\\\/2024\\\/10\\\/Anochecer-en-El-Cotarro-1024x683-1.jpg\",\"width\":1024,\"height\":683,\"caption\":\"Unas ruinas de piedra de edificios antiguos se asientan en una ladera cubierta de hierba al atardecer, con profundas tonalidades azules y naranjas en el cielo. Unas pocas personas, atra\u00eddas por el turismo rural, permanecen junto a las estructuras, contemplando el paisaje.\"},{\"@type\":\"BreadcrumbList\",\"@id\":\"https:\\\/\\\/www.escapadarural.com\\\/blog\\\/destinos-rurales-en-septiembre\\\/#breadcrumb\",\"itemListElement\":[{\"@type\":\"ListItem\",\"position\":1,\"name\":\"Inicio\",\"item\":\"https:\\\/\\\/www.escapadarural.com\\\/blog\\\/\"},{\"@type\":\"ListItem\",\"position\":2,\"name\":\"Destinos\",\"item\":\"https:\\\/\\\/www.escapadarural.com\\\/blog\\\/categoria\\\/destinos\\\/\"},{\"@type\":\"ListItem\",\"position\":3,\"name\":\"5 destinos rurales que visitar en septiembre\"}]},{\"@type\":\"WebSite\",\"@id\":\"https:\\\/\\\/www.escapadarural.com\\\/blog\\\/#website\",\"url\":\"https:\\\/\\\/www.escapadarural.com\\\/blog\\\/\",\"name\":\"Blog de viajes | turismo rural, alojamientos e inspiraci\u00f3n\",\"description\":\"Alojamientos rurales e inspiraci\u00f3n para tus escapadas\",\"publisher\":{\"@id\":\"https:\\\/\\\/www.escapadarural.com\\\/blog\\\/#organization\"},\"alternateName\":\"Magazine de viajes de EscapadaRural\",\"potentialAction\":[{\"@type\":\"SearchAction\",\"target\":{\"@type\":\"EntryPoint\",\"urlTemplate\":\"https:\\\/\\\/www.escapadarural.com\\\/blog\\\/?s={search_term_string}\"},\"query-input\":{\"@type\":\"PropertyValueSpecification\",\"valueRequired\":true,\"valueName\":\"search_term_string\"}}],\"inLanguage\":\"es\"},{\"@type\":\"Organization\",\"@id\":\"https:\\\/\\\/www.escapadarural.com\\\/blog\\\/#organization\",\"name\":\"EscapadaRural\",\"url\":\"https:\\\/\\\/www.escapadarural.com\\\/blog\\\/\",\"logo\":{\"@type\":\"ImageObject\",\"inLanguage\":\"es\",\"@id\":\"https:\\\/\\\/www.escapadarural.com\\\/blog\\\/#\\\/schema\\\/logo\\\/image\\\/\",\"url\":\"https:\\\/\\\/www.escapadarural.com\\\/blog\\\/wp-content\\\/uploads\\\/2024\\\/10\\\/cropped-cropped-escapada-rural-icon-mag-3.png\",\"contentUrl\":\"https:\\\/\\\/www.escapadarural.com\\\/blog\\\/wp-content\\\/uploads\\\/2024\\\/10\\\/cropped-cropped-escapada-rural-icon-mag-3.png\",\"width\":512,\"height\":512,\"caption\":\"EscapadaRural\"},\"image\":{\"@id\":\"https:\\\/\\\/www.escapadarural.com\\\/blog\\\/#\\\/schema\\\/logo\\\/image\\\/\"},\"sameAs\":[\"https:\\\/\\\/www.facebook.com\\\/escapadarural\",\"https:\\\/\\\/www.instagram.com\\\/escapadarural\\\/\",\"https:\\\/\\\/www.youtube.com\\\/@escapadaruralcom\"]},{\"@type\":\"Person\",\"@id\":\"https:\\\/\\\/www.escapadarural.com\\\/blog\\\/#\\\/schema\\\/person\\\/71a3509afe98d853c3837b4889cdab61\",\"name\":\"Caroline Dalpr\u00e1\",\"image\":{\"@type\":\"ImageObject\",\"inLanguage\":\"es\",\"@id\":\"https:\\\/\\\/secure.gravatar.com\\\/avatar\\\/7c69701bfb6edce5bb470d94ec03340a2dd7130049dcaa9f93a67689fbb9bce5?s=96&d=mm&r=g\",\"url\":\"https:\\\/\\\/secure.gravatar.com\\\/avatar\\\/7c69701bfb6edce5bb470d94ec03340a2dd7130049dcaa9f93a67689fbb9bce5?s=96&d=mm&r=g\",\"contentUrl\":\"https:\\\/\\\/secure.gravatar.com\\\/avatar\\\/7c69701bfb6edce5bb470d94ec03340a2dd7130049dcaa9f93a67689fbb9bce5?s=96&d=mm&r=g\",\"caption\":\"Caroline Dalpr\u00e1\"},\"description\":\"Periodista de viajes con debilidad por los pueblos con encanto. Brasile\u00f1a curiosa descubriendo la Espa\u00f1a rural, una escapada a la vez. En EscapadaRural llevo el tim\u00f3n del Marketing Digital y busco formas de contar lugares con alma.\",\"url\":\"https:\\\/\\\/www.escapadarural.com\\\/blog\\\/autor\\\/caroline\\\/\"}]}<\/script>\n<!-- \/ Yoast SEO plugin. -->","yoast_head_json":{"title":"5 destinos rurales que visitar en septiembre - EscapadaRural","robots":{"index":"index","follow":"follow","max-snippet":"max-snippet:-1","max-image-preview":"max-image-preview:large","max-video-preview":"max-video-preview:-1"},"canonical":"https:\/\/www.escapadarural.com\/blog\/destinos-rurales-en-septiembre\/","og_locale":"es_ES","og_type":"article","og_title":"5 destinos rurales que visitar en septiembre - EscapadaRural","og_description":"Septiembre es el mes ideal para disfrutar de una escapada rural. Por esa raz\u00f3n, te recomendamos 5 imprescindibles que visitar este mes.","og_url":"https:\/\/www.escapadarural.com\/blog\/destinos-rurales-en-septiembre\/","og_site_name":"Magazine de viajes de EscapadaRural","article_publisher":"https:\/\/www.facebook.com\/escapadarural","article_published_time":"2023-08-30T07:47:41+00:00","article_modified_time":"2024-12-23T16:59:33+00:00","og_image":[{"width":1024,"height":683,"url":"https:\/\/www.escapadarural.com\/blog\/wp-content\/uploads\/2024\/10\/Anochecer-en-El-Cotarro-1024x683-1.jpg","type":"image\/jpeg"}],"author":"Caroline Dalpr\u00e1","twitter_card":"summary_large_image","twitter_misc":{"Escrito por":"Caroline Dalpr\u00e1","Tiempo de lectura":"4 minutos"},"schema":{"@context":"https:\/\/schema.org","@graph":[{"@type":"Article","@id":"https:\/\/www.escapadarural.com\/blog\/destinos-rurales-en-septiembre\/#article","isPartOf":{"@id":"https:\/\/www.escapadarural.com\/blog\/destinos-rurales-en-septiembre\/"},"author":{"name":"Caroline Dalpr\u00e1","@id":"https:\/\/www.escapadarural.com\/blog\/#\/schema\/person\/71a3509afe98d853c3837b4889cdab61"},"headline":"5 destinos rurales que visitar en septiembre","datePublished":"2023-08-30T07:47:41+00:00","dateModified":"2024-12-23T16:59:33+00:00","mainEntityOfPage":{"@id":"https:\/\/www.escapadarural.com\/blog\/destinos-rurales-en-septiembre\/"},"wordCount":761,"commentCount":2,"publisher":{"@id":"https:\/\/www.escapadarural.com\/blog\/#organization"},"image":{"@id":"https:\/\/www.escapadarural.com\/blog\/destinos-rurales-en-septiembre\/#primaryimage"},"thumbnailUrl":"https:\/\/www.escapadarural.com\/blog\/wp-content\/uploads\/2024\/10\/Anochecer-en-El-Cotarro-1024x683-1.jpg","keywords":["art\u00edculo","destinos rurales","Listado","pueblos","turismo rural"],"articleSection":["Destinos"],"inLanguage":"es","potentialAction":[{"@type":"CommentAction","name":"Comment","target":["https:\/\/www.escapadarural.com\/blog\/destinos-rurales-en-septiembre\/#respond"]}]},{"@type":"WebPage","@id":"https:\/\/www.escapadarural.com\/blog\/destinos-rurales-en-septiembre\/","url":"https:\/\/www.escapadarural.com\/blog\/destinos-rurales-en-septiembre\/","name":"5 destinos rurales que visitar en septiembre - EscapadaRural","isPartOf":{"@id":"https:\/\/www.escapadarural.com\/blog\/#website"},"primaryImageOfPage":{"@id":"https:\/\/www.escapadarural.com\/blog\/destinos-rurales-en-septiembre\/#primaryimage"},"image":{"@id":"https:\/\/www.escapadarural.com\/blog\/destinos-rurales-en-septiembre\/#primaryimage"},"thumbnailUrl":"https:\/\/www.escapadarural.com\/blog\/wp-content\/uploads\/2024\/10\/Anochecer-en-El-Cotarro-1024x683-1.jpg","datePublished":"2023-08-30T07:47:41+00:00","dateModified":"2024-12-23T16:59:33+00:00","breadcrumb":{"@id":"https:\/\/www.escapadarural.com\/blog\/destinos-rurales-en-septiembre\/#breadcrumb"},"inLanguage":"es","potentialAction":[{"@type":"ReadAction","target":["https:\/\/www.escapadarural.com\/blog\/destinos-rurales-en-septiembre\/"]}]},{"@type":"ImageObject","inLanguage":"es","@id":"https:\/\/www.escapadarural.com\/blog\/destinos-rurales-en-septiembre\/#primaryimage","url":"https:\/\/www.escapadarural.com\/blog\/wp-content\/uploads\/2024\/10\/Anochecer-en-El-Cotarro-1024x683-1.jpg","contentUrl":"https:\/\/www.escapadarural.com\/blog\/wp-content\/uploads\/2024\/10\/Anochecer-en-El-Cotarro-1024x683-1.jpg","width":1024,"height":683,"caption":"Unas ruinas de piedra de edificios antiguos se asientan en una ladera cubierta de hierba al atardecer, con profundas tonalidades azules y naranjas en el cielo. Unas pocas personas, atra\u00eddas por el turismo rural, permanecen junto a las estructuras, contemplando el paisaje."},{"@type":"BreadcrumbList","@id":"https:\/\/www.escapadarural.com\/blog\/destinos-rurales-en-septiembre\/#breadcrumb","itemListElement":[{"@type":"ListItem","position":1,"name":"Inicio","item":"https:\/\/www.escapadarural.com\/blog\/"},{"@type":"ListItem","position":2,"name":"Destinos","item":"https:\/\/www.escapadarural.com\/blog\/categoria\/destinos\/"},{"@type":"ListItem","position":3,"name":"5 destinos rurales que visitar en septiembre"}]},{"@type":"WebSite","@id":"https:\/\/www.escapadarural.com\/blog\/#website","url":"https:\/\/www.escapadarural.com\/blog\/","name":"Blog de viajes | turismo rural, alojamientos e inspiraci\u00f3n","description":"Alojamientos rurales e inspiraci\u00f3n para tus escapadas","publisher":{"@id":"https:\/\/www.escapadarural.com\/blog\/#organization"},"alternateName":"Magazine de viajes de EscapadaRural","potentialAction":[{"@type":"SearchAction","target":{"@type":"EntryPoint","urlTemplate":"https:\/\/www.escapadarural.com\/blog\/?s={search_term_string}"},"query-input":{"@type":"PropertyValueSpecification","valueRequired":true,"valueName":"search_term_string"}}],"inLanguage":"es"},{"@type":"Organization","@id":"https:\/\/www.escapadarural.com\/blog\/#organization","name":"EscapadaRural","url":"https:\/\/www.escapadarural.com\/blog\/","logo":{"@type":"ImageObject","inLanguage":"es","@id":"https:\/\/www.escapadarural.com\/blog\/#\/schema\/logo\/image\/","url":"https:\/\/www.escapadarural.com\/blog\/wp-content\/uploads\/2024\/10\/cropped-cropped-escapada-rural-icon-mag-3.png","contentUrl":"https:\/\/www.escapadarural.com\/blog\/wp-content\/uploads\/2024\/10\/cropped-cropped-escapada-rural-icon-mag-3.png","width":512,"height":512,"caption":"EscapadaRural"},"image":{"@id":"https:\/\/www.escapadarural.com\/blog\/#\/schema\/logo\/image\/"},"sameAs":["https:\/\/www.facebook.com\/escapadarural","https:\/\/www.instagram.com\/escapadarural\/","https:\/\/www.youtube.com\/@escapadaruralcom"]},{"@type":"Person","@id":"https:\/\/www.escapadarural.com\/blog\/#\/schema\/person\/71a3509afe98d853c3837b4889cdab61","name":"Caroline Dalpr\u00e1","image":{"@type":"ImageObject","inLanguage":"es","@id":"https:\/\/secure.gravatar.com\/avatar\/7c69701bfb6edce5bb470d94ec03340a2dd7130049dcaa9f93a67689fbb9bce5?s=96&d=mm&r=g","url":"https:\/\/secure.gravatar.com\/avatar\/7c69701bfb6edce5bb470d94ec03340a2dd7130049dcaa9f93a67689fbb9bce5?s=96&d=mm&r=g","contentUrl":"https:\/\/secure.gravatar.com\/avatar\/7c69701bfb6edce5bb470d94ec03340a2dd7130049dcaa9f93a67689fbb9bce5?s=96&d=mm&r=g","caption":"Caroline Dalpr\u00e1"},"description":"Periodista de viajes con debilidad por los pueblos con encanto. Brasile\u00f1a curiosa descubriendo la Espa\u00f1a rural, una escapada a la vez. En EscapadaRural llevo el tim\u00f3n del Marketing Digital y busco formas de contar lugares con alma.","url":"https:\/\/www.escapadarural.com\/blog\/autor\/caroline\/"}]}},"_links":{"self":[{"href":"https:\/\/www.escapadarural.com\/blog\/wp-json\/wp\/v2\/posts\/65688","targetHints":{"allow":["GET"]}}],"collection":[{"href":"https:\/\/www.escapadarural.com\/blog\/wp-json\/wp\/v2\/posts"}],"about":[{"href":"https:\/\/www.escapadarural.com\/blog\/wp-json\/wp\/v2\/types\/post"}],"author":[{"embeddable":true,"href":"https:\/\/www.escapadarural.com\/blog\/wp-json\/wp\/v2\/users\/119"}],"replies":[{"embeddable":true,"href":"https:\/\/www.escapadarural.com\/blog\/wp-json\/wp\/v2\/comments?post=65688"}],"version-history":[{"count":0,"href":"https:\/\/www.escapadarural.com\/blog\/wp-json\/wp\/v2\/posts\/65688\/revisions"}],"wp:featuredmedia":[{"embeddable":true,"href":"https:\/\/www.escapadarural.com\/blog\/wp-json\/wp\/v2\/media\/96298"}],"wp:attachment":[{"href":"https:\/\/www.escapadarural.com\/blog\/wp-json\/wp\/v2\/media?parent=65688"}],"wp:term":[{"taxonomy":"category","embeddable":true,"href":"https:\/\/www.escapadarural.com\/blog\/wp-json\/wp\/v2\/categories?post=65688"},{"taxonomy":"post_tag","embeddable":true,"href":"https:\/\/www.escapadarural.com\/blog\/wp-json\/wp\/v2\/tags?post=65688"}],"curies":[{"name":"wp","href":"https:\/\/api.w.org\/{rel}","templated":true}]}}