{"id":66233,"date":"2023-09-25T08:00:00","date_gmt":"2023-09-25T07:00:00","guid":{"rendered":"https:\/\/www.escapadarural.com\/blog\/?p=66233"},"modified":"2026-02-17T17:15:11","modified_gmt":"2026-02-17T16:15:11","slug":"bodegas-en-la-ribera-del-duero","status":"publish","type":"post","link":"https:\/\/www.escapadarural.com\/blog\/bodegas-en-la-ribera-del-duero\/","title":{"rendered":"3 bodegas para catar la Ribera del Duero"},"content":{"rendered":"\n<figure class=\"wp-block-image size-large\"><a href=\"https:\/\/www.escapadarural.com\/blog\/wp-content\/uploads\/vendimia_-_2007_barricas_durmientes_-_crianza-h_pascual_036.jpg\"><img decoding=\"async\" src=\"https:\/\/www.escapadarural.com\/blog\/wp-content\/uploads\/2024\/10\/vendimia_-_2007_barricas_durmientes_-_crianza-h_pascual_036-1024x768-1.jpg\" alt=\"Vi\u00f1a Arn\u00e1iz, una de las bodegas en la Ribera del Duero que se pueden visitar\" class=\"wp-image-66482\"\/><\/a><figcaption class=\"wp-element-caption\">Vi\u00f1a Arn\u00e1iz, una de las bodegas en la Ribera del Duero. Por Ruta del Vino Ribera del Duero<\/figcaption><\/figure>\n\n\n\n<p>En cada estaci\u00f3n, la <a href=\"\/casas-rurales\/ribera-del-duero-burgos\">Ribera del Duero<\/a> adquiere un color diferente. Son las cepas que cubren sus campos que se entremezclan con los montes, que van cambiando sus tonalidades desde que brotan en primavera, hasta la \u00e9poca de cosecha, en el mes de septiembre. Los campos pueden ser verdes, amarillos, naranjas, rojos\u2026 Solo has de elegir una tonalidad y acercarte a disfrutar del paisaje mientras catas algunos de sus deliciosos caldos.&nbsp;<\/p>\n\n\n\n<p>Esta zona vit\u00edcola se ubica, como su nombre indica, a lo largo de la <strong>Ribera del Duero<\/strong>. En total son 110 kil\u00f3metros que abarcan parte de Valladolid, Soria, Burgos y Segovia. Gracias a su variedad de suelos, el clima continental (con inviernos fr\u00edos y veranos calurosos), la altitud y su variedad de uva principal, tempranillo, los vinos de la Ribera del Duero est\u00e1n entre los m\u00e1s prestigiosos de Espa\u00f1a y cuenta con <a href=\"https:\/\/www.escapadarural.com\/blog\/miel-de-tenerife-denominacion-de-origen\/\" title=\"La miel de Tenerife, de las pocas mieles con denominaci\u00f3n de origen en Espa\u00f1a\"  data-wpil-monitor-id=\"1129\">Denominaci\u00f3n de Origen<\/a> propia.&nbsp;<\/p>\n\n\n\n<figure class=\"wp-block-image size-large\"><a href=\"https:\/\/www.escapadarural.com\/blog\/wp-content\/uploads\/AdobeStock_414107892-scaled.jpeg\"><img decoding=\"async\" src=\"https:\/\/www.escapadarural.com\/blog\/wp-content\/uploads\/2024\/10\/AdobeStock_414107892-1024x683-1.jpeg\" alt=\"Ribera del Duero\" class=\"wp-image-62177\"\/><\/a><figcaption class=\"wp-element-caption\">Ribera del Duero. Por Roberfgarcia<\/figcaption><\/figure>\n\n\n\n<p>Seg\u00fan los datos de la D.O Ribera del Duero, actualmente <strong>hay 302 bodegas<\/strong> inscritas en la zona. M\u00e1s de 60, adem\u00e1s, pertenecen al consorcio de la <a href=\"https:\/\/www.rutadelvinoriberadelduero.es\/\" target=\"_blank\" rel=\"noreferrer noopener nofollow\">Ruta del Vino Ribera del Duero<\/a>, lo que significan que forman parte de la ruta tur\u00edstica, se pueden visitar, ofrecen catas y talleres.<\/p>\n\n\n\n<p>Como desde EscapadaRural no hemos podido visitarlas todas -de ser as\u00ed quiz\u00e1 no recordar\u00edamos ni d\u00f3nde estuvimos- aqu\u00ed os dejamos tres de ellas en las que s\u00ed hemos estado y que, por su historia, calidad de los vinos y entorno creemos que son una gran elecci\u00f3n en la Ruta del Vino.&nbsp;<\/p>\n\n\n\n<h2 class=\"wp-block-heading\" id=\"h-dominio-de-atauta\"><strong>Dominio de Atauta<\/strong><\/h2>\n\n\n\n<figure class=\"wp-block-image size-large\"><a href=\"https:\/\/www.escapadarural.com\/blog\/wp-content\/uploads\/dominio-de-atauta-1.jpg\"><img decoding=\"async\" src=\"https:\/\/www.escapadarural.com\/blog\/wp-content\/uploads\/2024\/10\/dominio-de-atauta-1-1024x603-1.jpg\" alt=\"Dominio de Atauta, una de las bodegas en la Ribera del Duero con los vi\u00f1edos m\u00e1s antiguos\" class=\"wp-image-66481\"\/><\/a><figcaption class=\"wp-element-caption\">Dominio de Atauta, una de las bodegas en la Ribera del Duero con los vi\u00f1edos m\u00e1s antiguos. Por Ruta del Vino Ribera del Duero <\/figcaption><\/figure>\n\n\n\n<p>Nuestra primera parada es el <a href=\"https:\/\/www.dominiodeatauta.com\/\" target=\"_blank\" rel=\"noreferrer noopener nofollow\">Dominio de Atauta<\/a>, una peque\u00f1a bodega situada en un valle de Soria cubierto de vi\u00f1edos a mil metros de altitud. All\u00ed nos esperaba Charlot para llevarnos en coche por las peque\u00f1as parcelas donde est\u00e1n repartidas las vi\u00f1as. En total, Dominio de Atauta tiene m\u00e1s de 700 y, debido a su reducido tama\u00f1o, todas las labores se hacen a mano, de forma tradicional.&nbsp;<\/p>\n\n\n\n<p>Dominio de Atauta puede presumir de tener algunos de los <strong>vi\u00f1edos <a href=\"https:\/\/www.escapadarural.com\/blog\/tubo-volcanico-mas-grande-de-europa-tenerife\/\" title=\"Icod de los Vinos esconde el tubo volc\u00e1nico m\u00e1s grande de Europa\"  data-wpil-monitor-id=\"1131\">m\u00e1s antiguos de Europa<\/a><\/strong>, datan de antes de la filoxera. Han sobrevivido gracias al mimo de sus productores y a que los productos que se usan son naturales, sus suelos son tratados con compost vegetal y animal.&nbsp;<\/p>\n\n\n\n<figure class=\"wp-block-image size-large\"><a href=\"https:\/\/www.escapadarural.com\/blog\/wp-content\/uploads\/20230415_104823-scaled.jpg\"><img decoding=\"async\" src=\"https:\/\/www.escapadarural.com\/blog\/wp-content\/uploads\/2024\/10\/20230415_104823-1024x461-1.jpg\" alt=\"Vi\u00f1edos de Atauta en el mes de abril\" class=\"wp-image-66472\"\/><\/a><figcaption class=\"wp-element-caption\">Vi\u00f1edos de Atauta en el mes de abril. Por Laura Fern\u00e1ndez<\/figcaption><\/figure>\n\n\n\n<p>La producci\u00f3n es peque\u00f1a, pero muy valiosa. De ella salen vinos como <strong>Parada de Atauta<\/strong>, un tinto juvenil y fresco con notas de fruta roja; y el propio <strong>Dominio de Atauta<\/strong>, un tinto con notas de plantas arom\u00e1ticas; entre otras delicias.&nbsp;<\/p>\n\n\n\n<p>Tras una pausada cata en Dominio de Atauta no podemos dejar pasar la oportunidad de acercarnos hasta el pueblo de <a href=\"\/casas-rurales\/atauta\">Atauta<\/a>. Un peque\u00f1o entramado de casas de piedra a cuyos pies se sit\u00faa uno de los conjuntos de bodegas con m\u00e1s encanto de Espa\u00f1a: El Plant\u00edo. <strong>141 bodegas y 25 lagares subterr\u00e1neos<\/strong> que emergen del campo como si casitas de <em>hobbits<\/em> se trataran.&nbsp;<\/p>\n\n\n\n<figure class=\"wp-block-image size-large\"><a href=\"https:\/\/www.escapadarural.com\/blog\/wp-content\/uploads\/20230415_130205-scaled.jpg\"><img decoding=\"async\" src=\"https:\/\/www.escapadarural.com\/blog\/wp-content\/uploads\/2024\/10\/20230415_130205-1024x461-1.jpg\" alt=\"Atauta, el pueblo de las cientos de bodegas en la Ribera del Duero\" class=\"wp-image-66469\"\/><\/a><figcaption class=\"wp-element-caption\">Atauta, el pueblo de las cientos de bodegas en la Ribera del Duero. Por Laura Fern\u00e1ndez<\/figcaption><\/figure>\n\n\n\n<p>La mayor parte de las <strong>bodegas de El Plant\u00edo<\/strong> datan del siglo XIX y, aunque a lo largo de la historia algunas de ellas fueron abandonadas, una gran parte han sido reformadas. Actualmente no es posible entrar si no es con un vecino de la localidad, pues son particulares. No obstante, se ha musealizado uno de los lagares que s\u00ed se puede visitar (para ello ser\u00e1 necesario avisar en el ayuntamiento) y en varias de las bodegas hay paneles donde se explica la historia del lugar.&nbsp;<\/p>\n\n\n\n<p>El Plant\u00edo de Atauta fue declarado Bien de Inter\u00e9s Cultural en 2017.&nbsp;<\/p>\n\n\n\n<h2 class=\"wp-block-heading\" id=\"h-bodegas-pradorey\"><strong>Bodegas Pradorey<\/strong><\/h2>\n\n\n\n<figure class=\"wp-block-image size-large\"><img decoding=\"async\" src=\"https:\/\/www.escapadarural.com\/blog\/wp-content\/uploads\/2024\/10\/bodegas-pradorey-1024x461-1.jpg\" alt=\"Bodegas Pradorey\" class=\"wp-image-66371\"\/><figcaption class=\"wp-element-caption\">Bodegas Pradorey. Por Laura Fern\u00e1ndez<\/figcaption><\/figure>\n\n\n\n<p>En las bodegas de <a href=\"https:\/\/pradorey.es\/\" target=\"_blank\" rel=\"noreferrer noopener nofollow\">Pradorey<\/a> podemos sumergirnos en la <strong>historia de Espa\u00f1a<\/strong>, pues en las 3.000 hect\u00e1reas donde se ubica son tierras que pertenecen al Real Sitio de Ventosilla, tierras que anta\u00f1o fueron <strong>compradas por Isabel la Cat\u00f3lica<\/strong>. Hoy, en ellas podemos encontrar la posada Pradorey, construida en el siglo XVII como palacete de caza para el rey Felipe III en el que pernoctaron personalidades ilustres como Lope de Vega o Rubens.&nbsp;<\/p>\n\n\n\n<p>Te recomendamos la visita, aunque solo sea para probar las delicias de su chef Giorgio. Ahora en \u00e9poca de vendimia hay men\u00fas degustaci\u00f3n, puedes conocer sus interiores y darte un paseo por su granja.<\/p>\n\n\n\n<figure class=\"wp-block-image size-large\"><a href=\"https:\/\/www.escapadarural.com\/blog\/wp-content\/uploads\/granja-pradorey-scaled.jpg\"><img decoding=\"async\" src=\"https:\/\/www.escapadarural.com\/blog\/wp-content\/uploads\/2024\/10\/granja-pradorey-1024x461-2.jpg\" alt=\"Granja de Pradorey\" class=\"wp-image-66374\"\/><\/a><figcaption class=\"wp-element-caption\">Granja de Pradorey. Por Laura Fern\u00e1ndez<\/figcaption><\/figure>\n\n\n\n<p>Rodeada de jardines y bosques, Pradorey cuenta con m\u00e1s de 500 hect\u00e1reas de vi\u00f1edos. En el terreno tambi\u00e9n est\u00e1 la bodega, cuyos interiores son uno de los m\u00e1s bonitos de esta zona de Burgos. No nos extra\u00f1a que sea <strong>una de las m\u00e1s visitadas de La Ruta del Vino Ribera del Duero<\/strong>.&nbsp;<\/p>\n\n\n\n<p>El tour incluye un paseo por sus vi\u00f1edos y una explicaci\u00f3n de todo el proceso de elaboraci\u00f3n de sus vinos. En vendimia, adem\u00e1s, incluye la opci\u00f3n de poder experimentar el pisado de la uva. La principal caracter\u00edstica de Pradorey es que todos sus caldos est\u00e1n elaborados con uvas propias de la finca. Cuentan con una amplia variedad de uva, siendo la Tinto Fino (la versi\u00f3n local de la Tempranillo) la m\u00e1s destacada.&nbsp;<\/p>\n\n\n\n<figure class=\"wp-block-image size-large\"><img decoding=\"async\" src=\"https:\/\/www.escapadarural.com\/blog\/wp-content\/uploads\/2024\/10\/vinedos-pradorey-1024x461-1.jpg\" alt=\"Vi\u00f1edos Pradorey\" class=\"wp-image-66372\"\/><figcaption class=\"wp-element-caption\">Vi\u00f1edos Pradorey en abril. Por Laura Fern\u00e1ndez<\/figcaption><\/figure>\n\n\n\n<figure class=\"wp-block-image size-large\"><img decoding=\"async\" src=\"https:\/\/www.escapadarural.com\/blog\/wp-content\/uploads\/2024\/10\/posada-de-Pradorey-1024x461-1.jpg\" alt=\"Posada de Pradorey\" class=\"wp-image-66373\"\/><figcaption class=\"wp-element-caption\">Posada de Pradorey. Por Laura Fern\u00e1ndez<\/figcaption><\/figure>\n\n\n\n<p>Algunos de los vinos que tuvimos la oportunidad de probar fueron La Mina, reserva de 2018, bastante especiado y con aroma a tabaco y chocolate; y Adaro, un homenaje al fundador de la marca. Entre su enorme lista tambi\u00e9n est\u00e1n el gran reserva Finca Real Sitio de Ventosilla, Finca Valdelayegua o Salg\u00fcero, entre otros.&nbsp;<\/p>\n\n\n\n<h2 class=\"wp-block-heading\" id=\"h-bodega-vina-arnaiz\"><strong>Bodega Vi\u00f1a Arn\u00e1iz<\/strong><\/h2>\n\n\n\n<figure class=\"wp-block-image size-large\"><a href=\"https:\/\/www.escapadarural.com\/blog\/wp-content\/uploads\/vina-arnaiz-1-scaled.jpg\"><img decoding=\"async\" src=\"https:\/\/www.escapadarural.com\/blog\/wp-content\/uploads\/2024\/10\/vina-arnaiz-1-1024x578-1.jpg\" alt=\"Vi\u00f1a Arn\u00e1iz\" class=\"wp-image-66480\"\/><\/a><figcaption class=\"wp-element-caption\">Bodegas Vi\u00f1a Arn\u00e1iz. Por Laura Fern\u00e1ndez<\/figcaption><\/figure>\n\n\n\n<p>En <a href=\"\/casas-rurales\/burgos\">Burgos<\/a>, justo enfrente del pueblo de Haza, en el que destaca su torre del Homenaje que puede ser visitada gracias a la iniciativa de <a href=\"https:\/\/museosvivos.com\/torreon-de-haza\/\" target=\"_blank\" rel=\"noreferrer noopener nofollow\">Museos Vivos<\/a>, est\u00e1 Vi\u00f1a Arn\u00e1iz. Una bodega situada en un mar de vi\u00f1edos de 100 hect\u00e1reas cuya arquitectura nos hace <a href=\"https:\/\/www.escapadarural.com\/blog\/escapadas-rurales-que-te-transportan\/\" title=\"3 lugares m\u00e1gicos para una escapada rural que te transportar\u00e1 a otra \u00e9poca\"  data-wpil-monitor-id=\"1130\">transportarnos a la \u00e9poca medieval<\/a>. Un viaje que contrasta con su moderna maquinaria de sus interiores para la elaboraci\u00f3n y envasado del vino, que parecen venir del futuro. La visita a <a href=\"https:\/\/vinaarnaiz.com\/\" target=\"_blank\" rel=\"noreferrer noopener nofollow\">Vi\u00f1a Arn\u00e1iz<\/a> es toda una sorpresa.&nbsp;<\/p>\n\n\n\n<p>Su principal caracter\u00edstica, tal y como nos explicaron durante la visita, es la apuesta por el desarrollo sostenible. Por ello, la bodega se construy\u00f3 con materiales reutilizables. Otra de sus medidas para respetar el medioambiente y que se puede ver en esta \u00e9poca es que, curiosamente, la vendimia se realiza durante la noche. El objetivo es aprovechar las bajas temperaturas y reducir el coste energ\u00e9tico para mantener fr\u00edo el producto.&nbsp;<\/p>\n\n\n\n<figure class=\"wp-block-image size-large\"><a href=\"https:\/\/www.escapadarural.com\/blog\/wp-content\/uploads\/vina-arnaiz-scaled.jpg\"><img decoding=\"async\" src=\"https:\/\/www.escapadarural.com\/blog\/wp-content\/uploads\/2024\/10\/vina-arnaiz-1024x461-1.jpg\" alt=\"Vi\u00f1a Arn\u00e1iz\" class=\"wp-image-66370\"\/><\/a><figcaption class=\"wp-element-caption\">Bodega Vi\u00f1a Arn\u00e1iz. Por Laura Fern\u00e1ndez<\/figcaption><\/figure>\n\n\n\n<p>La bodega cuenta con una capacidad de 1.000 botellas y 6.000 barricas. Entre sus caldos m\u00e1s preciados, y que tuvimos la suerte de degustar, est\u00e1n Vi\u00f1a Arn\u00e1iz, un tinto de crianza de sabor intenso y lleno de matices; y La ermita.&nbsp;<\/p>\n\n\n<blockquote class=\"instagram-media\" data-instgrm-captioned data-instgrm-permalink=\"https:\/\/www.instagram.com\/p\/CxFh0U_ImXE\/?utm_source=ig_embed&amp;utm_campaign=loading\" data-instgrm-version=\"14\" style=\" background:#FFF; border:0; border-radius:3px; box-shadow:0 0 1px 0 rgba(0,0,0,0.5),0 1px 10px 0 rgba(0,0,0,0.15); margin: 1px; max-width:540px; min-width:326px; padding:0; width:99.375%; width:-webkit-calc(100% - 2px); width:calc(100% - 2px);\">\n<div style=\"padding:16px;\"> <a href=\"https:\/\/www.instagram.com\/p\/CxFh0U_ImXE\/?utm_source=ig_embed&amp;utm_campaign=loading\" style=\" background:#FFFFFF; line-height:0; padding:0 0; text-align:center; text-decoration:none; width:100%;\" target=\"_blank\" rel=\"noopener\"> <\/p>\n<div style=\" display: flex; flex-direction: row; align-items: center;\">\n<div style=\"background-color: #F4F4F4; border-radius: 50%; flex-grow: 0; height: 40px; margin-right: 14px; width: 40px;\"><\/div>\n<div style=\"display: flex; flex-direction: column; flex-grow: 1; justify-content: center;\">\n<div style=\" background-color: #F4F4F4; border-radius: 4px; flex-grow: 0; height: 14px; margin-bottom: 6px; width: 100px;\"><\/div>\n<div style=\" background-color: #F4F4F4; border-radius: 4px; flex-grow: 0; height: 14px; width: 60px;\"><\/div>\n<\/div>\n<\/div>\n<div style=\"padding: 19% 0;\"><\/div>\n<div style=\"display:block; height:50px; margin:0 auto 12px; width:50px;\"><svg width=\"50px\" height=\"50px\" viewBox=\"0 0 60 60\" version=\"1.1\" xmlns=\"https:\/\/www.w3.org\/2000\/svg\" xmlns:xlink=\"https:\/\/www.w3.org\/1999\/xlink\"><g stroke=\"none\" stroke-width=\"1\" fill=\"none\" fill-rule=\"evenodd\"><g transform=\"translate(-511.000000, -20.000000)\" fill=\"#000000\"><g><path d=\"M556.869,30.41 C554.814,30.41 553.148,32.076 553.148,34.131 C553.148,36.186 554.814,37.852 556.869,37.852 C558.924,37.852 560.59,36.186 560.59,34.131 C560.59,32.076 558.924,30.41 556.869,30.41 M541,60.657 C535.114,60.657 530.342,55.887 530.342,50 C530.342,44.114 535.114,39.342 541,39.342 C546.887,39.342 551.658,44.114 551.658,50 C551.658,55.887 546.887,60.657 541,60.657 M541,33.886 C532.1,33.886 524.886,41.1 524.886,50 C524.886,58.899 532.1,66.113 541,66.113 C549.9,66.113 557.115,58.899 557.115,50 C557.115,41.1 549.9,33.886 541,33.886 M565.378,62.101 C565.244,65.022 564.756,66.606 564.346,67.663 C563.803,69.06 563.154,70.057 562.106,71.106 C561.058,72.155 560.06,72.803 558.662,73.347 C557.607,73.757 556.021,74.244 553.102,74.378 C549.944,74.521 548.997,74.552 541,74.552 C533.003,74.552 532.056,74.521 528.898,74.378 C525.979,74.244 524.393,73.757 523.338,73.347 C521.94,72.803 520.942,72.155 519.894,71.106 C518.846,70.057 518.197,69.06 517.654,67.663 C517.244,66.606 516.755,65.022 516.623,62.101 C516.479,58.943 516.448,57.996 516.448,50 C516.448,42.003 516.479,41.056 516.623,37.899 C516.755,34.978 517.244,33.391 517.654,32.338 C518.197,30.938 518.846,29.942 519.894,28.894 C520.942,27.846 521.94,27.196 523.338,26.654 C524.393,26.244 525.979,25.756 528.898,25.623 C532.057,25.479 533.004,25.448 541,25.448 C548.997,25.448 549.943,25.479 553.102,25.623 C556.021,25.756 557.607,26.244 558.662,26.654 C560.06,27.196 561.058,27.846 562.106,28.894 C563.154,29.942 563.803,30.938 564.346,32.338 C564.756,33.391 565.244,34.978 565.378,37.899 C565.522,41.056 565.552,42.003 565.552,50 C565.552,57.996 565.522,58.943 565.378,62.101 M570.82,37.631 C570.674,34.438 570.167,32.258 569.425,30.349 C568.659,28.377 567.633,26.702 565.965,25.035 C564.297,23.368 562.623,22.342 560.652,21.575 C558.743,20.834 556.562,20.326 553.369,20.18 C550.169,20.033 549.148,20 541,20 C532.853,20 531.831,20.033 528.631,20.18 C525.438,20.326 523.257,20.834 521.349,21.575 C519.376,22.342 517.703,23.368 516.035,25.035 C514.368,26.702 513.342,28.377 512.574,30.349 C511.834,32.258 511.326,34.438 511.181,37.631 C511.035,40.831 511,41.851 511,50 C511,58.147 511.035,59.17 511.181,62.369 C511.326,65.562 511.834,67.743 512.574,69.651 C513.342,71.625 514.368,73.296 516.035,74.965 C517.703,76.634 519.376,77.658 521.349,78.425 C523.257,79.167 525.438,79.673 528.631,79.82 C531.831,79.965 532.853,80.001 541,80.001 C549.148,80.001 550.169,79.965 553.369,79.82 C556.562,79.673 558.743,79.167 560.652,78.425 C562.623,77.658 564.297,76.634 565.965,74.965 C567.633,73.296 568.659,71.625 569.425,69.651 C570.167,67.743 570.674,65.562 570.82,62.369 C570.966,59.17 571,58.147 571,50 C571,41.851 570.966,40.831 570.82,37.631\"><\/path><\/g><\/g><\/g><\/svg><\/div>\n<div style=\"padding-top: 8px;\">\n<div style=\" color:#3897f0; font-family:Arial,sans-serif; font-size:14px; font-style:normal; font-weight:550; line-height:18px;\">Ver esta publicaci\u00f3n en Instagram<\/div>\n<\/div>\n<div style=\"padding: 12.5% 0;\"><\/div>\n<div style=\"display: flex; flex-direction: row; margin-bottom: 14px; align-items: center;\">\n<div>\n<div style=\"background-color: #F4F4F4; border-radius: 50%; height: 12.5px; width: 12.5px; transform: translateX(0px) translateY(7px);\"><\/div>\n<div style=\"background-color: #F4F4F4; height: 12.5px; transform: rotate(-45deg) translateX(3px) translateY(1px); width: 12.5px; flex-grow: 0; margin-right: 14px; margin-left: 2px;\"><\/div>\n<div style=\"background-color: #F4F4F4; border-radius: 50%; height: 12.5px; width: 12.5px; transform: translateX(9px) translateY(-18px);\"><\/div>\n<\/div>\n<div style=\"margin-left: 8px;\">\n<div style=\" background-color: #F4F4F4; border-radius: 50%; flex-grow: 0; height: 20px; width: 20px;\"><\/div>\n<div style=\" width: 0; height: 0; border-top: 2px solid transparent; border-left: 6px solid #f4f4f4; border-bottom: 2px solid transparent; transform: translateX(16px) translateY(-4px) rotate(30deg)\"><\/div>\n<\/div>\n<div style=\"margin-left: auto;\">\n<div style=\" width: 0px; border-top: 8px solid #F4F4F4; border-right: 8px solid transparent; transform: translateY(16px);\"><\/div>\n<div style=\" background-color: #F4F4F4; flex-grow: 0; height: 12px; width: 16px; transform: translateY(-4px);\"><\/div>\n<div style=\" width: 0; height: 0; border-top: 8px solid #F4F4F4; border-left: 8px solid transparent; transform: translateY(-4px) translateX(8px);\"><\/div>\n<\/div>\n<\/div>\n<div style=\"display: flex; flex-direction: column; flex-grow: 1; justify-content: center; margin-bottom: 24px;\">\n<div style=\" background-color: #F4F4F4; border-radius: 4px; flex-grow: 0; height: 14px; margin-bottom: 6px; width: 224px;\"><\/div>\n<div style=\" background-color: #F4F4F4; border-radius: 4px; flex-grow: 0; height: 14px; width: 144px;\"><\/div>\n<\/div>\n<p><\/a><\/p>\n<p style=\" color:#c9c8cd; font-family:Arial,sans-serif; font-size:14px; line-height:17px; margin-bottom:0; margin-top:8px; overflow:hidden; padding:8px 0 7px; text-align:center; text-overflow:ellipsis; white-space:nowrap;\"><a href=\"https:\/\/www.instagram.com\/p\/CxFh0U_ImXE\/?utm_source=ig_embed&amp;utm_campaign=loading\" style=\" color:#c9c8cd; font-family:Arial,sans-serif; font-size:14px; font-style:normal; font-weight:normal; line-height:17px; text-decoration:none;\" target=\"_blank\" rel=\"noopener\">Una publicaci\u00f3n compartida de Bodega Vi\u00f1a Arn\u00e1iz (@bodega_vinaarnaiz)<\/a><\/p>\n<\/div>\n<\/blockquote>\n<p> <script async src=\"\/\/www.instagram.com\/embed.js\"><\/script><\/p>\n\n\n\n<p>Vi\u00f1a Arn\u00e1iz tambi\u00e9n se encuentra en una zona con mucha historia. Antiguamente aqu\u00ed se situaba el poblado de La Magdalena, uno de los enclaves de la expansi\u00f3n cristiana. La fortificaci\u00f3n que corona el pueblo de Haza fue un basti\u00f3n estrat\u00e9gico para defender el Duero. Tambi\u00e9n fue la cuna de personalidades como Santo Domingo de Guzm\u00e1n -fundador de la Orden de los Dominicos- y su madre Do\u00f1a Juana de Aza.<\/p>\n\n\n\n<div class=\"wp-block-buttons is-layout-flex wp-block-buttons-is-layout-flex\">\n<div class=\"wp-block-button\"><a class=\"wp-block-button__link wp-element-button\" href=\"\/casas-rurales\/ribera-del-duero-burgos\">Casas rurales en la Ribera del Duero<\/a><\/div>\n<\/div>\n","protected":false},"excerpt":{"rendered":"<p>Estas bodegas en la Ribera del Duero forman parte de la Ruta del Vino de la Ribera del Duero. Una tierra salpicada de vi\u00f1edos de donde proceden algunos de los vinos m\u00e1s prestigiosos de Espa\u00f1a. <\/p>\n","protected":false},"author":89,"featured_media":95923,"comment_status":"open","ping_status":"open","sticky":false,"template":"","format":"standard","meta":{"_acf_changed":false,"om_disable_all_campaigns":false,"footnotes":""},"categories":[191],"tags":[1505,286,215,2173,5061],"class_list":["post-66233","post","type-post","status-publish","format-standard","has-post-thumbnail","hentry","category-destinos","tag-bodegas","tag-enoturismo","tag-listado","tag-ribera-del-duero","tag-ruta-del-vino-ribera-del-duero"],"acf":[],"featured_image_src":"https:\/\/www.escapadarural.com\/blog\/wp-content\/uploads\/2024\/10\/vendimia_-_2007_barricas_durmientes_-_crianza-h_pascual_036-1024x768-1.jpg","author_info":{"display_name":"Laura Fern\u00e1ndez","author_link":"https:\/\/www.escapadarural.com\/blog\/autor\/laura\/"},"yoast_head":"<!-- This site is optimized with the Yoast SEO plugin v27.5 - https:\/\/yoast.com\/product\/yoast-seo-wordpress\/ -->\n<title>3 bodegas para catar la Ribera del Duero - EscapadaRural<\/title>\n<meta name=\"robots\" content=\"index, follow, max-snippet:-1, max-image-preview:large, max-video-preview:-1\" \/>\n<link rel=\"canonical\" href=\"https:\/\/www.escapadarural.com\/blog\/bodegas-en-la-ribera-del-duero\/\" \/>\n<meta property=\"og:locale\" content=\"es_ES\" \/>\n<meta property=\"og:type\" content=\"article\" \/>\n<meta property=\"og:title\" content=\"3 bodegas para catar la Ribera del Duero - EscapadaRural\" \/>\n<meta property=\"og:description\" content=\"Estas bodegas en la Ribera del Duero forman parte de la Ruta del Vino de la Ribera del Duero. Una tierra salpicada de vi\u00f1edos de donde proceden algunos de los vinos m\u00e1s prestigiosos de Espa\u00f1a.\" \/>\n<meta property=\"og:url\" content=\"https:\/\/www.escapadarural.com\/blog\/bodegas-en-la-ribera-del-duero\/\" \/>\n<meta property=\"og:site_name\" content=\"Magazine de viajes de EscapadaRural\" \/>\n<meta property=\"article:publisher\" content=\"https:\/\/www.facebook.com\/escapadarural\" \/>\n<meta property=\"article:published_time\" content=\"2023-09-25T07:00:00+00:00\" \/>\n<meta property=\"article:modified_time\" content=\"2026-02-17T16:15:11+00:00\" \/>\n<meta property=\"og:image\" content=\"https:\/\/www.escapadarural.com\/blog\/wp-content\/uploads\/2024\/10\/vendimia_-_2007_barricas_durmientes_-_crianza-h_pascual_036-1024x768-1.jpg\" \/>\n\t<meta property=\"og:image:width\" content=\"1024\" \/>\n\t<meta property=\"og:image:height\" content=\"768\" \/>\n\t<meta property=\"og:image:type\" content=\"image\/jpeg\" \/>\n<meta name=\"author\" content=\"Laura Fern\u00e1ndez\" \/>\n<meta name=\"twitter:card\" content=\"summary_large_image\" \/>\n<meta name=\"twitter:label1\" content=\"Escrito por\" \/>\n\t<meta name=\"twitter:data1\" content=\"Laura Fern\u00e1ndez\" \/>\n\t<meta name=\"twitter:label2\" content=\"Tiempo de lectura\" \/>\n\t<meta name=\"twitter:data2\" content=\"7 minutos\" \/>\n<script type=\"application\/ld+json\" class=\"yoast-schema-graph\">{\"@context\":\"https:\\\/\\\/schema.org\",\"@graph\":[{\"@type\":\"Article\",\"@id\":\"https:\\\/\\\/www.escapadarural.com\\\/blog\\\/bodegas-en-la-ribera-del-duero\\\/#article\",\"isPartOf\":{\"@id\":\"https:\\\/\\\/www.escapadarural.com\\\/blog\\\/bodegas-en-la-ribera-del-duero\\\/\"},\"author\":{\"name\":\"Laura Fern\u00e1ndez\",\"@id\":\"https:\\\/\\\/www.escapadarural.com\\\/blog\\\/#\\\/schema\\\/person\\\/a9b46ae4d047d8a2c719f31e75206cff\"},\"headline\":\"3 bodegas para catar la Ribera del Duero\",\"datePublished\":\"2023-09-25T07:00:00+00:00\",\"dateModified\":\"2026-02-17T16:15:11+00:00\",\"mainEntityOfPage\":{\"@id\":\"https:\\\/\\\/www.escapadarural.com\\\/blog\\\/bodegas-en-la-ribera-del-duero\\\/\"},\"wordCount\":1369,\"commentCount\":1,\"publisher\":{\"@id\":\"https:\\\/\\\/www.escapadarural.com\\\/blog\\\/#organization\"},\"image\":{\"@id\":\"https:\\\/\\\/www.escapadarural.com\\\/blog\\\/bodegas-en-la-ribera-del-duero\\\/#primaryimage\"},\"thumbnailUrl\":\"https:\\\/\\\/www.escapadarural.com\\\/blog\\\/wp-content\\\/uploads\\\/2024\\\/10\\\/vendimia_-_2007_barricas_durmientes_-_crianza-h_pascual_036-1024x768-1.jpg\",\"keywords\":[\"Bodegas\",\"Enoturismo\",\"Listado\",\"Ribera del Duero\",\"ruta del vino ribera del duero\"],\"articleSection\":[\"Destinos\"],\"inLanguage\":\"es\",\"potentialAction\":[{\"@type\":\"CommentAction\",\"name\":\"Comment\",\"target\":[\"https:\\\/\\\/www.escapadarural.com\\\/blog\\\/bodegas-en-la-ribera-del-duero\\\/#respond\"]}]},{\"@type\":\"WebPage\",\"@id\":\"https:\\\/\\\/www.escapadarural.com\\\/blog\\\/bodegas-en-la-ribera-del-duero\\\/\",\"url\":\"https:\\\/\\\/www.escapadarural.com\\\/blog\\\/bodegas-en-la-ribera-del-duero\\\/\",\"name\":\"3 bodegas para catar la Ribera del Duero - EscapadaRural\",\"isPartOf\":{\"@id\":\"https:\\\/\\\/www.escapadarural.com\\\/blog\\\/#website\"},\"primaryImageOfPage\":{\"@id\":\"https:\\\/\\\/www.escapadarural.com\\\/blog\\\/bodegas-en-la-ribera-del-duero\\\/#primaryimage\"},\"image\":{\"@id\":\"https:\\\/\\\/www.escapadarural.com\\\/blog\\\/bodegas-en-la-ribera-del-duero\\\/#primaryimage\"},\"thumbnailUrl\":\"https:\\\/\\\/www.escapadarural.com\\\/blog\\\/wp-content\\\/uploads\\\/2024\\\/10\\\/vendimia_-_2007_barricas_durmientes_-_crianza-h_pascual_036-1024x768-1.jpg\",\"datePublished\":\"2023-09-25T07:00:00+00:00\",\"dateModified\":\"2026-02-17T16:15:11+00:00\",\"breadcrumb\":{\"@id\":\"https:\\\/\\\/www.escapadarural.com\\\/blog\\\/bodegas-en-la-ribera-del-duero\\\/#breadcrumb\"},\"inLanguage\":\"es\",\"potentialAction\":[{\"@type\":\"ReadAction\",\"target\":[\"https:\\\/\\\/www.escapadarural.com\\\/blog\\\/bodegas-en-la-ribera-del-duero\\\/\"]}]},{\"@type\":\"ImageObject\",\"inLanguage\":\"es\",\"@id\":\"https:\\\/\\\/www.escapadarural.com\\\/blog\\\/bodegas-en-la-ribera-del-duero\\\/#primaryimage\",\"url\":\"https:\\\/\\\/www.escapadarural.com\\\/blog\\\/wp-content\\\/uploads\\\/2024\\\/10\\\/vendimia_-_2007_barricas_durmientes_-_crianza-h_pascual_036-1024x768-1.jpg\",\"contentUrl\":\"https:\\\/\\\/www.escapadarural.com\\\/blog\\\/wp-content\\\/uploads\\\/2024\\\/10\\\/vendimia_-_2007_barricas_durmientes_-_crianza-h_pascual_036-1024x768-1.jpg\",\"width\":1024,\"height\":768,\"caption\":\"Un gran complejo de edificios r\u00fasticos con paredes de piedra tostada y tejados de tejas rojas se asienta detr\u00e1s de un verde vi\u00f1edo bajo un cielo azul despejado, ofreciendo un entorno acogedor para el turismo rural.\"},{\"@type\":\"BreadcrumbList\",\"@id\":\"https:\\\/\\\/www.escapadarural.com\\\/blog\\\/bodegas-en-la-ribera-del-duero\\\/#breadcrumb\",\"itemListElement\":[{\"@type\":\"ListItem\",\"position\":1,\"name\":\"Inicio\",\"item\":\"https:\\\/\\\/www.escapadarural.com\\\/blog\\\/\"},{\"@type\":\"ListItem\",\"position\":2,\"name\":\"Destinos\",\"item\":\"https:\\\/\\\/www.escapadarural.com\\\/blog\\\/categoria\\\/destinos\\\/\"},{\"@type\":\"ListItem\",\"position\":3,\"name\":\"3 bodegas para catar la Ribera del Duero\"}]},{\"@type\":\"WebSite\",\"@id\":\"https:\\\/\\\/www.escapadarural.com\\\/blog\\\/#website\",\"url\":\"https:\\\/\\\/www.escapadarural.com\\\/blog\\\/\",\"name\":\"Blog de viajes | turismo rural, alojamientos e inspiraci\u00f3n\",\"description\":\"Alojamientos rurales e inspiraci\u00f3n para tus escapadas\",\"publisher\":{\"@id\":\"https:\\\/\\\/www.escapadarural.com\\\/blog\\\/#organization\"},\"alternateName\":\"Magazine de viajes de EscapadaRural\",\"potentialAction\":[{\"@type\":\"SearchAction\",\"target\":{\"@type\":\"EntryPoint\",\"urlTemplate\":\"https:\\\/\\\/www.escapadarural.com\\\/blog\\\/?s={search_term_string}\"},\"query-input\":{\"@type\":\"PropertyValueSpecification\",\"valueRequired\":true,\"valueName\":\"search_term_string\"}}],\"inLanguage\":\"es\"},{\"@type\":\"Organization\",\"@id\":\"https:\\\/\\\/www.escapadarural.com\\\/blog\\\/#organization\",\"name\":\"EscapadaRural\",\"url\":\"https:\\\/\\\/www.escapadarural.com\\\/blog\\\/\",\"logo\":{\"@type\":\"ImageObject\",\"inLanguage\":\"es\",\"@id\":\"https:\\\/\\\/www.escapadarural.com\\\/blog\\\/#\\\/schema\\\/logo\\\/image\\\/\",\"url\":\"https:\\\/\\\/www.escapadarural.com\\\/blog\\\/wp-content\\\/uploads\\\/2024\\\/10\\\/cropped-cropped-escapada-rural-icon-mag-3.png\",\"contentUrl\":\"https:\\\/\\\/www.escapadarural.com\\\/blog\\\/wp-content\\\/uploads\\\/2024\\\/10\\\/cropped-cropped-escapada-rural-icon-mag-3.png\",\"width\":512,\"height\":512,\"caption\":\"EscapadaRural\"},\"image\":{\"@id\":\"https:\\\/\\\/www.escapadarural.com\\\/blog\\\/#\\\/schema\\\/logo\\\/image\\\/\"},\"sameAs\":[\"https:\\\/\\\/www.facebook.com\\\/escapadarural\",\"https:\\\/\\\/www.instagram.com\\\/escapadarural\\\/\",\"https:\\\/\\\/www.youtube.com\\\/@escapadaruralcom\"]},{\"@type\":\"Person\",\"@id\":\"https:\\\/\\\/www.escapadarural.com\\\/blog\\\/#\\\/schema\\\/person\\\/a9b46ae4d047d8a2c719f31e75206cff\",\"name\":\"Laura Fern\u00e1ndez\",\"image\":{\"@type\":\"ImageObject\",\"inLanguage\":\"es\",\"@id\":\"https:\\\/\\\/www.escapadarural.com\\\/blog\\\/wp-content\\\/uploads\\\/2025\\\/01\\\/cropped-laura_raponchii-96x96.jpg\",\"url\":\"https:\\\/\\\/www.escapadarural.com\\\/blog\\\/wp-content\\\/uploads\\\/2025\\\/01\\\/cropped-laura_raponchii-96x96.jpg\",\"contentUrl\":\"https:\\\/\\\/www.escapadarural.com\\\/blog\\\/wp-content\\\/uploads\\\/2025\\\/01\\\/cropped-laura_raponchii-96x96.jpg\",\"caption\":\"Laura Fern\u00e1ndez\"},\"description\":\"Periodista, blogger y viajera. No necesariamente en ese orden. En ocasiones me despierto sin saber d\u00f3nde estoy. Adicta a los c\u00f3mics y a los noodles con salsa de cacahuete. Redactora en @escapadarural, colaboradora en la Conde Nast Traveler y en la Divinity. Mi casa: Meridiano180.\",\"sameAs\":[\"http:\\\/\\\/www.meridiano180.com\\\/\"],\"url\":\"https:\\\/\\\/www.escapadarural.com\\\/blog\\\/autor\\\/laura\\\/\"}]}<\/script>\n<!-- \/ Yoast SEO plugin. -->","yoast_head_json":{"title":"3 bodegas para catar la Ribera del Duero - EscapadaRural","robots":{"index":"index","follow":"follow","max-snippet":"max-snippet:-1","max-image-preview":"max-image-preview:large","max-video-preview":"max-video-preview:-1"},"canonical":"https:\/\/www.escapadarural.com\/blog\/bodegas-en-la-ribera-del-duero\/","og_locale":"es_ES","og_type":"article","og_title":"3 bodegas para catar la Ribera del Duero - EscapadaRural","og_description":"Estas bodegas en la Ribera del Duero forman parte de la Ruta del Vino de la Ribera del Duero. Una tierra salpicada de vi\u00f1edos de donde proceden algunos de los vinos m\u00e1s prestigiosos de Espa\u00f1a.","og_url":"https:\/\/www.escapadarural.com\/blog\/bodegas-en-la-ribera-del-duero\/","og_site_name":"Magazine de viajes de EscapadaRural","article_publisher":"https:\/\/www.facebook.com\/escapadarural","article_published_time":"2023-09-25T07:00:00+00:00","article_modified_time":"2026-02-17T16:15:11+00:00","og_image":[{"width":1024,"height":768,"url":"https:\/\/www.escapadarural.com\/blog\/wp-content\/uploads\/2024\/10\/vendimia_-_2007_barricas_durmientes_-_crianza-h_pascual_036-1024x768-1.jpg","type":"image\/jpeg"}],"author":"Laura Fern\u00e1ndez","twitter_card":"summary_large_image","twitter_misc":{"Escrito por":"Laura Fern\u00e1ndez","Tiempo de lectura":"7 minutos"},"schema":{"@context":"https:\/\/schema.org","@graph":[{"@type":"Article","@id":"https:\/\/www.escapadarural.com\/blog\/bodegas-en-la-ribera-del-duero\/#article","isPartOf":{"@id":"https:\/\/www.escapadarural.com\/blog\/bodegas-en-la-ribera-del-duero\/"},"author":{"name":"Laura Fern\u00e1ndez","@id":"https:\/\/www.escapadarural.com\/blog\/#\/schema\/person\/a9b46ae4d047d8a2c719f31e75206cff"},"headline":"3 bodegas para catar la Ribera del Duero","datePublished":"2023-09-25T07:00:00+00:00","dateModified":"2026-02-17T16:15:11+00:00","mainEntityOfPage":{"@id":"https:\/\/www.escapadarural.com\/blog\/bodegas-en-la-ribera-del-duero\/"},"wordCount":1369,"commentCount":1,"publisher":{"@id":"https:\/\/www.escapadarural.com\/blog\/#organization"},"image":{"@id":"https:\/\/www.escapadarural.com\/blog\/bodegas-en-la-ribera-del-duero\/#primaryimage"},"thumbnailUrl":"https:\/\/www.escapadarural.com\/blog\/wp-content\/uploads\/2024\/10\/vendimia_-_2007_barricas_durmientes_-_crianza-h_pascual_036-1024x768-1.jpg","keywords":["Bodegas","Enoturismo","Listado","Ribera del Duero","ruta del vino ribera del duero"],"articleSection":["Destinos"],"inLanguage":"es","potentialAction":[{"@type":"CommentAction","name":"Comment","target":["https:\/\/www.escapadarural.com\/blog\/bodegas-en-la-ribera-del-duero\/#respond"]}]},{"@type":"WebPage","@id":"https:\/\/www.escapadarural.com\/blog\/bodegas-en-la-ribera-del-duero\/","url":"https:\/\/www.escapadarural.com\/blog\/bodegas-en-la-ribera-del-duero\/","name":"3 bodegas para catar la Ribera del Duero - EscapadaRural","isPartOf":{"@id":"https:\/\/www.escapadarural.com\/blog\/#website"},"primaryImageOfPage":{"@id":"https:\/\/www.escapadarural.com\/blog\/bodegas-en-la-ribera-del-duero\/#primaryimage"},"image":{"@id":"https:\/\/www.escapadarural.com\/blog\/bodegas-en-la-ribera-del-duero\/#primaryimage"},"thumbnailUrl":"https:\/\/www.escapadarural.com\/blog\/wp-content\/uploads\/2024\/10\/vendimia_-_2007_barricas_durmientes_-_crianza-h_pascual_036-1024x768-1.jpg","datePublished":"2023-09-25T07:00:00+00:00","dateModified":"2026-02-17T16:15:11+00:00","breadcrumb":{"@id":"https:\/\/www.escapadarural.com\/blog\/bodegas-en-la-ribera-del-duero\/#breadcrumb"},"inLanguage":"es","potentialAction":[{"@type":"ReadAction","target":["https:\/\/www.escapadarural.com\/blog\/bodegas-en-la-ribera-del-duero\/"]}]},{"@type":"ImageObject","inLanguage":"es","@id":"https:\/\/www.escapadarural.com\/blog\/bodegas-en-la-ribera-del-duero\/#primaryimage","url":"https:\/\/www.escapadarural.com\/blog\/wp-content\/uploads\/2024\/10\/vendimia_-_2007_barricas_durmientes_-_crianza-h_pascual_036-1024x768-1.jpg","contentUrl":"https:\/\/www.escapadarural.com\/blog\/wp-content\/uploads\/2024\/10\/vendimia_-_2007_barricas_durmientes_-_crianza-h_pascual_036-1024x768-1.jpg","width":1024,"height":768,"caption":"Un gran complejo de edificios r\u00fasticos con paredes de piedra tostada y tejados de tejas rojas se asienta detr\u00e1s de un verde vi\u00f1edo bajo un cielo azul despejado, ofreciendo un entorno acogedor para el turismo rural."},{"@type":"BreadcrumbList","@id":"https:\/\/www.escapadarural.com\/blog\/bodegas-en-la-ribera-del-duero\/#breadcrumb","itemListElement":[{"@type":"ListItem","position":1,"name":"Inicio","item":"https:\/\/www.escapadarural.com\/blog\/"},{"@type":"ListItem","position":2,"name":"Destinos","item":"https:\/\/www.escapadarural.com\/blog\/categoria\/destinos\/"},{"@type":"ListItem","position":3,"name":"3 bodegas para catar la Ribera del Duero"}]},{"@type":"WebSite","@id":"https:\/\/www.escapadarural.com\/blog\/#website","url":"https:\/\/www.escapadarural.com\/blog\/","name":"Blog de viajes | turismo rural, alojamientos e inspiraci\u00f3n","description":"Alojamientos rurales e inspiraci\u00f3n para tus escapadas","publisher":{"@id":"https:\/\/www.escapadarural.com\/blog\/#organization"},"alternateName":"Magazine de viajes de EscapadaRural","potentialAction":[{"@type":"SearchAction","target":{"@type":"EntryPoint","urlTemplate":"https:\/\/www.escapadarural.com\/blog\/?s={search_term_string}"},"query-input":{"@type":"PropertyValueSpecification","valueRequired":true,"valueName":"search_term_string"}}],"inLanguage":"es"},{"@type":"Organization","@id":"https:\/\/www.escapadarural.com\/blog\/#organization","name":"EscapadaRural","url":"https:\/\/www.escapadarural.com\/blog\/","logo":{"@type":"ImageObject","inLanguage":"es","@id":"https:\/\/www.escapadarural.com\/blog\/#\/schema\/logo\/image\/","url":"https:\/\/www.escapadarural.com\/blog\/wp-content\/uploads\/2024\/10\/cropped-cropped-escapada-rural-icon-mag-3.png","contentUrl":"https:\/\/www.escapadarural.com\/blog\/wp-content\/uploads\/2024\/10\/cropped-cropped-escapada-rural-icon-mag-3.png","width":512,"height":512,"caption":"EscapadaRural"},"image":{"@id":"https:\/\/www.escapadarural.com\/blog\/#\/schema\/logo\/image\/"},"sameAs":["https:\/\/www.facebook.com\/escapadarural","https:\/\/www.instagram.com\/escapadarural\/","https:\/\/www.youtube.com\/@escapadaruralcom"]},{"@type":"Person","@id":"https:\/\/www.escapadarural.com\/blog\/#\/schema\/person\/a9b46ae4d047d8a2c719f31e75206cff","name":"Laura Fern\u00e1ndez","image":{"@type":"ImageObject","inLanguage":"es","@id":"https:\/\/www.escapadarural.com\/blog\/wp-content\/uploads\/2025\/01\/cropped-laura_raponchii-96x96.jpg","url":"https:\/\/www.escapadarural.com\/blog\/wp-content\/uploads\/2025\/01\/cropped-laura_raponchii-96x96.jpg","contentUrl":"https:\/\/www.escapadarural.com\/blog\/wp-content\/uploads\/2025\/01\/cropped-laura_raponchii-96x96.jpg","caption":"Laura Fern\u00e1ndez"},"description":"Periodista, blogger y viajera. No necesariamente en ese orden. En ocasiones me despierto sin saber d\u00f3nde estoy. Adicta a los c\u00f3mics y a los noodles con salsa de cacahuete. Redactora en @escapadarural, colaboradora en la Conde Nast Traveler y en la Divinity. Mi casa: Meridiano180.","sameAs":["http:\/\/www.meridiano180.com\/"],"url":"https:\/\/www.escapadarural.com\/blog\/autor\/laura\/"}]}},"_links":{"self":[{"href":"https:\/\/www.escapadarural.com\/blog\/wp-json\/wp\/v2\/posts\/66233","targetHints":{"allow":["GET"]}}],"collection":[{"href":"https:\/\/www.escapadarural.com\/blog\/wp-json\/wp\/v2\/posts"}],"about":[{"href":"https:\/\/www.escapadarural.com\/blog\/wp-json\/wp\/v2\/types\/post"}],"author":[{"embeddable":true,"href":"https:\/\/www.escapadarural.com\/blog\/wp-json\/wp\/v2\/users\/89"}],"replies":[{"embeddable":true,"href":"https:\/\/www.escapadarural.com\/blog\/wp-json\/wp\/v2\/comments?post=66233"}],"version-history":[{"count":0,"href":"https:\/\/www.escapadarural.com\/blog\/wp-json\/wp\/v2\/posts\/66233\/revisions"}],"wp:featuredmedia":[{"embeddable":true,"href":"https:\/\/www.escapadarural.com\/blog\/wp-json\/wp\/v2\/media\/95923"}],"wp:attachment":[{"href":"https:\/\/www.escapadarural.com\/blog\/wp-json\/wp\/v2\/media?parent=66233"}],"wp:term":[{"taxonomy":"category","embeddable":true,"href":"https:\/\/www.escapadarural.com\/blog\/wp-json\/wp\/v2\/categories?post=66233"},{"taxonomy":"post_tag","embeddable":true,"href":"https:\/\/www.escapadarural.com\/blog\/wp-json\/wp\/v2\/tags?post=66233"}],"curies":[{"name":"wp","href":"https:\/\/api.w.org\/{rel}","templated":true}]}}