{"id":66544,"date":"2023-10-02T09:25:23","date_gmt":"2023-10-02T08:25:23","guid":{"rendered":"https:\/\/www.escapadarural.com\/blog\/?p=66544"},"modified":"2025-06-06T13:49:56","modified_gmt":"2025-06-06T11:49:56","slug":"cristo-del-otero-el-mas-alto-de-espana","status":"publish","type":"post","link":"https:\/\/www.escapadarural.com\/blog\/cristo-del-otero-el-mas-alto-de-espana\/","title":{"rendered":"El Cristo m\u00e1s alto de Espa\u00f1a que est\u00e1 hermanado con el Cristo Redentor"},"content":{"rendered":"\n<figure class=\"wp-block-image size-large\"><a href=\"https:\/\/www.escapadarural.com\/blog\/wp-content\/uploads\/Cristo-del-Otero-scaled.jpg\"><img decoding=\"async\" src=\"https:\/\/www.escapadarural.com\/blog\/wp-content\/uploads\/2024\/10\/Cristo-del-Otero-1024x683-1.jpg\" alt=\"Cristo del Otero\" class=\"wp-image-66723\"\/><\/a><figcaption class=\"wp-element-caption\">Cristo del Otero al atardecer. Por MiguelAngel<\/figcaption><\/figure>\n\n\n\n<p>El Cristo m\u00e1s alto de Espa\u00f1a se encuentra en un otero desde el que se puede observar la ciudad de <a href=\"\/casas-rurales\/palencia\">Palencia<\/a> casi a vista de p\u00e1jaro. Se trata del Cristo del Otero y <strong>mide 21 metros, un poco menos que el Cristo Redentor<\/strong> de R\u00edo de Janeiro (30 metros), con el que est\u00e1 hermanado. Ambas esculturas comparten una caracter\u00edstica curiosa: adem\u00e1s de estar situados en las alturas, representar a la misma figura y tener unas dimensiones fuera de lo com\u00fan, resulta que fueron inauguradas \u2013por casualidad\u2013 en el a\u00f1o 1931. <\/p>\n\n\n\n<p>El palentino es un poco m\u00e1s viejo, ya que si fuese una persona soplar\u00eda las velas de su tarta cumplea\u00f1era el 12 de junio, mientras que el brasile\u00f1o celebrar\u00eda su aniversario el 12 de octubre.&nbsp;<\/p>\n\n\n\n<p>El <strong>Cristo del Otero<\/strong> es llamativo por muchas razones que van m\u00e1s all\u00e1 de su propia apariencia imponente y que est\u00e1n relacionadas con su creaci\u00f3n. Aunque pesa 392 toneladas y los medios con los que contaba estaban a a\u00f1os luz de los que podr\u00eda disponer hoy en d\u00eda, Victorio Macho complet\u00f3 el trabajo en apenas ocho meses. El escultor puso la primera piedra de la escultura el 15 de junio de 1930 y la obra se termin\u00f3 en febrero de 1931, aunque se inaugur\u00f3 meses m\u00e1s tarde. Los fondos para su construcci\u00f3n se recaudaron a trav\u00e9s de una colecta popular.<\/p>\n\n\n\n<figure class=\"wp-block-image size-large\"><a href=\"https:\/\/www.escapadarural.com\/blog\/wp-content\/uploads\/cristo-del-otero-palencia-scaled.jpg\"><img decoding=\"async\" src=\"https:\/\/www.escapadarural.com\/blog\/wp-content\/uploads\/2024\/10\/cristo-del-otero-palencia-1024x683-1.jpg\" alt=\"Cristo del Otero, el Cristo m\u00e1s alto de Espa\u00f1a\" class=\"wp-image-66724\"\/><\/a><figcaption class=\"wp-element-caption\">Cristo del Otero, el Cristo m\u00e1s alto de Espa\u00f1a. Por james633<\/figcaption><\/figure>\n\n\n\n<p>\u201cLos andamios que ten\u00edan eran muy rudimentarios\u201d, dice Luis Alonso, escultor y disc\u00edpulo de Victorio Macho, en un v\u00eddeo homenaje al autor en el 90 aniversario del enorme Santiago Coraz\u00f3n palentino. \u201cYo, la verdad, cuando estuve restaurando el Cristo del Otero en el 2015 y me tuve que mover arriba y abajo y vi sus dimensiones, yo no s\u00e9 c\u00f3mo en el a\u00f1o 30 se pudo realizar. Es un trabajo espl\u00e9ndido\u201d, sostiene a\u00fan asombrado despu\u00e9s de todo este tiempo.<\/p>\n\n\n\n<h2 class=\"wp-block-heading\" id=\"h-una-vida-itinerante\"><strong>Una vida itinerante<\/strong><\/h2>\n\n\n\n<figure class=\"wp-block-image size-large\"><a href=\"https:\/\/www.escapadarural.com\/blog\/wp-content\/uploads\/cristo-del-otero-palencia-1-scaled.jpg\"><img decoding=\"async\" src=\"https:\/\/www.escapadarural.com\/blog\/wp-content\/uploads\/2024\/10\/cristo-del-otero-palencia-1-1024x767-1.jpg\" alt=\"Cristo del Otero, el Cristo m\u00e1s alto de Espa\u00f1a\" class=\"wp-image-66725\"\/><\/a><figcaption class=\"wp-element-caption\">Cristo del Otero, el Cristo m\u00e1s alto de Espa\u00f1a. Por KarSol<\/figcaption><\/figure>\n\n\n\n<p>En los pies del cristo hay una ermita en la que est\u00e1<strong> enterrado su autor<\/strong>, natural de Palencia y un centro de interpretaci\u00f3n dedicado a su figura. Aunque puede que aquellos que no sean especialistas en arte escult\u00f3rico no conozcan su nombre, Macho ha firmado algunas de las estatuas m\u00e1s visitadas del pa\u00eds, como la de Benito P\u00e9rez Gald\u00f3s \u2013de quien era muy amigo\u2013 que reside en el madrile\u00f1o parque del Retiro, o el monumento a Jacinto Benavente, que se puede ver en el mismo recinto.<\/p>\n\n\n\n<p>Pero<strong> <\/strong>la obra de Macho, viajero a su pesar, no se encuentra solo en Espa\u00f1a. Su vida tuvo bastante de itinerante: su familia, de origen humilde, se mud\u00f3 cuando \u00e9l era peque\u00f1o a Santander y muy pronto se fue a Madrid para ingresar en la famosa Real Escuela de Artes de San Fernando. All\u00ed, adem\u00e1s de ganarse fama de rebelde, frecuent\u00f3 el c\u00edrculo de intelectuales de la Generaci\u00f3n del 98. En 1936 fue nombrado catedr\u00e1tico de la escuela donde se form\u00f3, pero al estallar la Guerra Civil se tuvo que ir de Espa\u00f1a. Primero residi\u00f3 en Par\u00eds y Rusia y finalmente puso rumbo a Am\u00e9rica Latina, donde recorri\u00f3 seis pa\u00edses.&nbsp;<\/p>\n\n\n\n<figure class=\"wp-block-image size-large\"><a href=\"https:\/\/www.escapadarural.com\/blog\/wp-content\/uploads\/Palencia_-_Monumento_a_Victorio_Macho_1.jpg\"><img decoding=\"async\" src=\"https:\/\/www.escapadarural.com\/blog\/wp-content\/uploads\/2024\/10\/Palencia_-_Monumento_a_Victorio_Macho_1-734x1024-1.jpg\" alt=\"Monumento a Victorio Macho (Palencia)\" class=\"wp-image-66728\"\/><\/a><figcaption class=\"wp-element-caption\">Monumento a Victorio Macho (Palencia). Por <a href=\"https:\/\/commons.wikimedia.org\/wiki\/Category:Monument_to_Victorio_Macho,_Palencia#\/media\/File:Palencia_-_Monumento_a_Victorio_Macho_1.jpg\" target=\"_blank\" rel=\"noreferrer noopener nofollow\">Zarateman <\/a><\/figcaption><\/figure>\n\n\n\n<p>Se acab\u00f3 estableciendo finalmente en Lima, capital de Per\u00fa, donde se cas\u00f3 con Zoila Barr\u00f3s. En el continente americano tambi\u00e9n dej\u00f3 su huella art\u00edstica con esculturas enormes como el <strong>homenaje al almirante Miguel Grau<\/strong>, una de sus obras m\u00e1s importantes y casi tan alta como la del Sagrado Coraz\u00f3n palentino: 20 metros. Curiosamente, su busto a Francisco de Vitoria (creador del derecho internacional moderno) se encuentra en Washington, al lado del Capitolio y el homenaje a Abraham Lincon, entre otros monumentos representativos y conocidos por casi todo el mundo.&nbsp;&nbsp;<\/p>\n\n\n\n<p>En 1952, despu\u00e9s de p\u00e9rdidas en su familia, vuelve a Espa\u00f1a y se instala en Toledo. All\u00ed sigui\u00f3 con su trabajo como escultor hasta que falleci\u00f3 en 1966. Sus restos mortales est\u00e1n en la <strong>ermita erigida a los pies del Cristo del Otero<\/strong> por petici\u00f3n propia.&nbsp; En su l\u00e1pida se puede leer: \u201cMi \u00faltima jornada. Aqu\u00ed a los pies de esta Cristo vino a descansar su autor el escultor Victorio Macho\u201d.<\/p>\n\n\n\n<h2 class=\"wp-block-heading\" id=\"h-una-romeria-gastronomica-nbsp\"><strong>Una romer\u00eda gastron\u00f3mica<\/strong>&nbsp;<\/h2>\n\n\n\n<figure class=\"wp-block-image size-large\"><a href=\"https:\/\/www.escapadarural.com\/blog\/wp-content\/uploads\/cristo-del-otero-2-scaled.jpg\"><img decoding=\"async\" src=\"https:\/\/www.escapadarural.com\/blog\/wp-content\/uploads\/2024\/10\/cristo-del-otero-2-1024x680-1.jpg\" alt=\"Cristo del Otero, el Cristo m\u00e1s alto de Espa\u00f1a\" class=\"wp-image-66726\"\/><\/a><figcaption class=\"wp-element-caption\">Cristo del Otero, el Cristo m\u00e1s alto de Espa\u00f1a. Por Raquel Pedrosa<\/figcaption><\/figure>\n\n\n\n<p>El Cristo del Otero, s\u00edmbolo imponente de Palencia y el Cristo m\u00e1s alto de Espa\u00f1a, recibe muchas visitas, en especial en la Romer\u00eda de Santo Toribio. Esta fiesta, que se celebra el domingo m\u00e1s cercano al 16 de abril, responde a una leyenda relacionada con el santo al que festeja, que fue <strong>lapidado en las calles de la ciudad<\/strong> cuando lleg\u00f3 a predicar en contra de la herej\u00eda priscilianista (una doctrina cristiana asc\u00e9tica promulgada por el obispo Prisciliano en el siglo IV).<\/p>\n\n\n\n<p>Ante tal recibimiento, el religioso huy\u00f3 y se escondi\u00f3 en una cueva a los pies del cerro donde siglos despu\u00e9s se erigir\u00eda el Cristo del Otero. Al poco tiempo, unas lluvias torrenciales desbordaron el r\u00edo Carri\u00f3n y el agua inund\u00f3 todas las calles de la urbe, hecho que los vecinos achacaron a un castigo de Dios. Muy arrepentidos, pidieron perd\u00f3n al santo, que sec\u00f3 las calles.<\/p>\n\n\n\n<p>Para conmemorar estos acontecimientos, en la mencionada fecha tiene lugar una procesi\u00f3n que parte desde la iglesia de San Ignacio y Santa In\u00e9s hasta la ermita de Santo Toribio, situada al pie del cerro del Cristo del Otero. All\u00ed se celebra una misa y tambi\u00e9n la tradicional <strong>Pedrea del Pan y el Quesillo<\/strong>, que recrea el apedreamiento al santo con el lanzamiento de bolsas llenas de pan y queso a los asistentes a la romer\u00eda. Un castigo mucho mejor que el que recibi\u00f3 el homenajeado sin que quepa ninguna duda.<\/p>\n\n\n\n<div class=\"wp-block-buttons is-layout-flex wp-block-buttons-is-layout-flex\">\n<div class=\"wp-block-button\"><a class=\"wp-block-button__link wp-element-button\" href=\"\/casas-rurales\/palencia\">Casas rurales en Palencia<\/a><\/div>\n<\/div>\n","protected":false},"excerpt":{"rendered":"<p>El Cristo del Otero, situado sobre un cerro y una ermita en Palencia, nos recuerda al Cristo Redentor de R\u00edo de Janeiro. Se trata del Cristo m\u00e1s alto de Espa\u00f1a y tambi\u00e9n es m\u00e1s viejo que su hermano. <\/p>\n","protected":false},"author":114,"featured_media":95809,"comment_status":"open","ping_status":"open","sticky":false,"template":"","format":"standard","meta":{"_acf_changed":false,"om_disable_all_campaigns":false,"footnotes":""},"categories":[231],"tags":[1717,260,5995,5358,3235,870,288,5359],"class_list":["post-66544","post","type-post","status-publish","format-standard","has-post-thumbnail","hentry","category-arte-y-cultura","tag-arte","tag-articulo","tag-que-ver-en-castilla-y-leon","tag-cristo-del-otero","tag-escultura","tag-monumentos","tag-que-ver-en-palencia","tag-victorio-macho"],"acf":[],"featured_image_src":"https:\/\/www.escapadarural.com\/blog\/wp-content\/uploads\/2024\/10\/Cristo-del-Otero-1024x683-1.jpg","author_info":{"display_name":"Carmen L\u00f3pez","author_link":"https:\/\/www.escapadarural.com\/blog\/autor\/carmenlopez\/"},"yoast_head":"<!-- This site is optimized with the Yoast SEO plugin v27.5 - https:\/\/yoast.com\/product\/yoast-seo-wordpress\/ -->\n<title>El Cristo m\u00e1s alto de Espa\u00f1a que est\u00e1 hermanado con el Cristo Redentor - EscapadaRural<\/title>\n<meta name=\"robots\" content=\"index, follow, max-snippet:-1, max-image-preview:large, max-video-preview:-1\" \/>\n<link rel=\"canonical\" href=\"https:\/\/www.escapadarural.com\/blog\/cristo-del-otero-el-mas-alto-de-espana\/\" \/>\n<meta property=\"og:locale\" content=\"es_ES\" \/>\n<meta property=\"og:type\" content=\"article\" \/>\n<meta property=\"og:title\" content=\"El Cristo m\u00e1s alto de Espa\u00f1a que est\u00e1 hermanado con el Cristo Redentor - EscapadaRural\" \/>\n<meta property=\"og:description\" content=\"El Cristo del Otero, situado sobre un cerro y una ermita en Palencia, nos recuerda al Cristo Redentor de R\u00edo de Janeiro. Se trata del Cristo m\u00e1s alto de Espa\u00f1a y tambi\u00e9n es m\u00e1s viejo que su hermano.\" \/>\n<meta property=\"og:url\" content=\"https:\/\/www.escapadarural.com\/blog\/cristo-del-otero-el-mas-alto-de-espana\/\" \/>\n<meta property=\"og:site_name\" content=\"Magazine de viajes de EscapadaRural\" \/>\n<meta property=\"article:publisher\" content=\"https:\/\/www.facebook.com\/escapadarural\" \/>\n<meta property=\"article:published_time\" content=\"2023-10-02T08:25:23+00:00\" \/>\n<meta property=\"article:modified_time\" content=\"2025-06-06T11:49:56+00:00\" \/>\n<meta property=\"og:image\" content=\"https:\/\/www.escapadarural.com\/blog\/wp-content\/uploads\/2024\/10\/Cristo-del-Otero-1024x683-1.jpg\" \/>\n\t<meta property=\"og:image:width\" content=\"1024\" \/>\n\t<meta property=\"og:image:height\" content=\"683\" \/>\n\t<meta property=\"og:image:type\" content=\"image\/jpeg\" \/>\n<meta name=\"author\" content=\"Carmen L\u00f3pez\" \/>\n<meta name=\"twitter:card\" content=\"summary_large_image\" \/>\n<meta name=\"twitter:label1\" content=\"Escrito por\" \/>\n\t<meta name=\"twitter:data1\" content=\"Carmen L\u00f3pez\" \/>\n\t<meta name=\"twitter:label2\" content=\"Tiempo de lectura\" \/>\n\t<meta name=\"twitter:data2\" content=\"5 minutos\" \/>\n<script type=\"application\/ld+json\" class=\"yoast-schema-graph\">{\"@context\":\"https:\\\/\\\/schema.org\",\"@graph\":[{\"@type\":\"Article\",\"@id\":\"https:\\\/\\\/www.escapadarural.com\\\/blog\\\/cristo-del-otero-el-mas-alto-de-espana\\\/#article\",\"isPartOf\":{\"@id\":\"https:\\\/\\\/www.escapadarural.com\\\/blog\\\/cristo-del-otero-el-mas-alto-de-espana\\\/\"},\"author\":{\"name\":\"Carmen L\u00f3pez\",\"@id\":\"https:\\\/\\\/www.escapadarural.com\\\/blog\\\/#\\\/schema\\\/person\\\/42dfdff6118172efc6a04c8ae599a2ce\"},\"headline\":\"El Cristo m\u00e1s alto de Espa\u00f1a que est\u00e1 hermanado con el Cristo Redentor\",\"datePublished\":\"2023-10-02T08:25:23+00:00\",\"dateModified\":\"2025-06-06T11:49:56+00:00\",\"mainEntityOfPage\":{\"@id\":\"https:\\\/\\\/www.escapadarural.com\\\/blog\\\/cristo-del-otero-el-mas-alto-de-espana\\\/\"},\"wordCount\":1042,\"commentCount\":16,\"publisher\":{\"@id\":\"https:\\\/\\\/www.escapadarural.com\\\/blog\\\/#organization\"},\"image\":{\"@id\":\"https:\\\/\\\/www.escapadarural.com\\\/blog\\\/cristo-del-otero-el-mas-alto-de-espana\\\/#primaryimage\"},\"thumbnailUrl\":\"https:\\\/\\\/www.escapadarural.com\\\/blog\\\/wp-content\\\/uploads\\\/2024\\\/10\\\/Cristo-del-Otero-1024x683-1.jpg\",\"keywords\":[\"arte\",\"art\u00edculo\",\"Castilla y Le\u00f3n\",\"cristo del otero\",\"Escultura\",\"Monumentos\",\"Palencia\",\"victorio macho\"],\"articleSection\":[\"Arte y Cultura\"],\"inLanguage\":\"es\",\"potentialAction\":[{\"@type\":\"CommentAction\",\"name\":\"Comment\",\"target\":[\"https:\\\/\\\/www.escapadarural.com\\\/blog\\\/cristo-del-otero-el-mas-alto-de-espana\\\/#respond\"]}]},{\"@type\":\"WebPage\",\"@id\":\"https:\\\/\\\/www.escapadarural.com\\\/blog\\\/cristo-del-otero-el-mas-alto-de-espana\\\/\",\"url\":\"https:\\\/\\\/www.escapadarural.com\\\/blog\\\/cristo-del-otero-el-mas-alto-de-espana\\\/\",\"name\":\"El Cristo m\u00e1s alto de Espa\u00f1a que est\u00e1 hermanado con el Cristo Redentor - EscapadaRural\",\"isPartOf\":{\"@id\":\"https:\\\/\\\/www.escapadarural.com\\\/blog\\\/#website\"},\"primaryImageOfPage\":{\"@id\":\"https:\\\/\\\/www.escapadarural.com\\\/blog\\\/cristo-del-otero-el-mas-alto-de-espana\\\/#primaryimage\"},\"image\":{\"@id\":\"https:\\\/\\\/www.escapadarural.com\\\/blog\\\/cristo-del-otero-el-mas-alto-de-espana\\\/#primaryimage\"},\"thumbnailUrl\":\"https:\\\/\\\/www.escapadarural.com\\\/blog\\\/wp-content\\\/uploads\\\/2024\\\/10\\\/Cristo-del-Otero-1024x683-1.jpg\",\"datePublished\":\"2023-10-02T08:25:23+00:00\",\"dateModified\":\"2025-06-06T11:49:56+00:00\",\"breadcrumb\":{\"@id\":\"https:\\\/\\\/www.escapadarural.com\\\/blog\\\/cristo-del-otero-el-mas-alto-de-espana\\\/#breadcrumb\"},\"inLanguage\":\"es\",\"potentialAction\":[{\"@type\":\"ReadAction\",\"target\":[\"https:\\\/\\\/www.escapadarural.com\\\/blog\\\/cristo-del-otero-el-mas-alto-de-espana\\\/\"]}]},{\"@type\":\"ImageObject\",\"inLanguage\":\"es\",\"@id\":\"https:\\\/\\\/www.escapadarural.com\\\/blog\\\/cristo-del-otero-el-mas-alto-de-espana\\\/#primaryimage\",\"url\":\"https:\\\/\\\/www.escapadarural.com\\\/blog\\\/wp-content\\\/uploads\\\/2024\\\/10\\\/Cristo-del-Otero-1024x683-1.jpg\",\"contentUrl\":\"https:\\\/\\\/www.escapadarural.com\\\/blog\\\/wp-content\\\/uploads\\\/2024\\\/10\\\/Cristo-del-Otero-1024x683-1.jpg\",\"width\":1024,\"height\":683,\"caption\":\"Una gran estatua de Cristo se yergue iluminada sobre una colina que domina una ciudad al atardecer, con tonos rosas y morados en el cielo y edificios urbanos a sus pies, una escena impactante perfecta para quienes buscan experiencias de turismo rural en las cercan\u00edas.\"},{\"@type\":\"BreadcrumbList\",\"@id\":\"https:\\\/\\\/www.escapadarural.com\\\/blog\\\/cristo-del-otero-el-mas-alto-de-espana\\\/#breadcrumb\",\"itemListElement\":[{\"@type\":\"ListItem\",\"position\":1,\"name\":\"Inicio\",\"item\":\"https:\\\/\\\/www.escapadarural.com\\\/blog\\\/\"},{\"@type\":\"ListItem\",\"position\":2,\"name\":\"Arte y Cultura\",\"item\":\"https:\\\/\\\/www.escapadarural.com\\\/blog\\\/categoria\\\/arte-y-cultura\\\/\"},{\"@type\":\"ListItem\",\"position\":3,\"name\":\"El Cristo m\u00e1s alto de Espa\u00f1a que est\u00e1 hermanado con el Cristo Redentor\"}]},{\"@type\":\"WebSite\",\"@id\":\"https:\\\/\\\/www.escapadarural.com\\\/blog\\\/#website\",\"url\":\"https:\\\/\\\/www.escapadarural.com\\\/blog\\\/\",\"name\":\"Blog de viajes | turismo rural, alojamientos e inspiraci\u00f3n\",\"description\":\"Alojamientos rurales e inspiraci\u00f3n para tus escapadas\",\"publisher\":{\"@id\":\"https:\\\/\\\/www.escapadarural.com\\\/blog\\\/#organization\"},\"alternateName\":\"Magazine de viajes de EscapadaRural\",\"potentialAction\":[{\"@type\":\"SearchAction\",\"target\":{\"@type\":\"EntryPoint\",\"urlTemplate\":\"https:\\\/\\\/www.escapadarural.com\\\/blog\\\/?s={search_term_string}\"},\"query-input\":{\"@type\":\"PropertyValueSpecification\",\"valueRequired\":true,\"valueName\":\"search_term_string\"}}],\"inLanguage\":\"es\"},{\"@type\":\"Organization\",\"@id\":\"https:\\\/\\\/www.escapadarural.com\\\/blog\\\/#organization\",\"name\":\"EscapadaRural\",\"url\":\"https:\\\/\\\/www.escapadarural.com\\\/blog\\\/\",\"logo\":{\"@type\":\"ImageObject\",\"inLanguage\":\"es\",\"@id\":\"https:\\\/\\\/www.escapadarural.com\\\/blog\\\/#\\\/schema\\\/logo\\\/image\\\/\",\"url\":\"https:\\\/\\\/www.escapadarural.com\\\/blog\\\/wp-content\\\/uploads\\\/2024\\\/10\\\/cropped-cropped-escapada-rural-icon-mag-3.png\",\"contentUrl\":\"https:\\\/\\\/www.escapadarural.com\\\/blog\\\/wp-content\\\/uploads\\\/2024\\\/10\\\/cropped-cropped-escapada-rural-icon-mag-3.png\",\"width\":512,\"height\":512,\"caption\":\"EscapadaRural\"},\"image\":{\"@id\":\"https:\\\/\\\/www.escapadarural.com\\\/blog\\\/#\\\/schema\\\/logo\\\/image\\\/\"},\"sameAs\":[\"https:\\\/\\\/www.facebook.com\\\/escapadarural\",\"https:\\\/\\\/www.instagram.com\\\/escapadarural\\\/\",\"https:\\\/\\\/www.youtube.com\\\/@escapadaruralcom\"]},{\"@type\":\"Person\",\"@id\":\"https:\\\/\\\/www.escapadarural.com\\\/blog\\\/#\\\/schema\\\/person\\\/42dfdff6118172efc6a04c8ae599a2ce\",\"name\":\"Carmen L\u00f3pez\",\"image\":{\"@type\":\"ImageObject\",\"inLanguage\":\"es\",\"@id\":\"https:\\\/\\\/www.escapadarural.com\\\/blog\\\/wp-content\\\/uploads\\\/2024\\\/11\\\/cropped-perfil_eldiario-96x96-1-96x96.jpeg\",\"url\":\"https:\\\/\\\/www.escapadarural.com\\\/blog\\\/wp-content\\\/uploads\\\/2024\\\/11\\\/cropped-perfil_eldiario-96x96-1-96x96.jpeg\",\"contentUrl\":\"https:\\\/\\\/www.escapadarural.com\\\/blog\\\/wp-content\\\/uploads\\\/2024\\\/11\\\/cropped-perfil_eldiario-96x96-1-96x96.jpeg\",\"caption\":\"Carmen L\u00f3pez\"},\"description\":\"Soy periodista y escribo sobre cosas que importan en sitios que interesan desde hace m\u00e1s de una d\u00e9cada.\",\"url\":\"https:\\\/\\\/www.escapadarural.com\\\/blog\\\/autor\\\/carmenlopez\\\/\"}]}<\/script>\n<!-- \/ Yoast SEO plugin. -->","yoast_head_json":{"title":"El Cristo m\u00e1s alto de Espa\u00f1a que est\u00e1 hermanado con el Cristo Redentor - EscapadaRural","robots":{"index":"index","follow":"follow","max-snippet":"max-snippet:-1","max-image-preview":"max-image-preview:large","max-video-preview":"max-video-preview:-1"},"canonical":"https:\/\/www.escapadarural.com\/blog\/cristo-del-otero-el-mas-alto-de-espana\/","og_locale":"es_ES","og_type":"article","og_title":"El Cristo m\u00e1s alto de Espa\u00f1a que est\u00e1 hermanado con el Cristo Redentor - EscapadaRural","og_description":"El Cristo del Otero, situado sobre un cerro y una ermita en Palencia, nos recuerda al Cristo Redentor de R\u00edo de Janeiro. Se trata del Cristo m\u00e1s alto de Espa\u00f1a y tambi\u00e9n es m\u00e1s viejo que su hermano.","og_url":"https:\/\/www.escapadarural.com\/blog\/cristo-del-otero-el-mas-alto-de-espana\/","og_site_name":"Magazine de viajes de EscapadaRural","article_publisher":"https:\/\/www.facebook.com\/escapadarural","article_published_time":"2023-10-02T08:25:23+00:00","article_modified_time":"2025-06-06T11:49:56+00:00","og_image":[{"width":1024,"height":683,"url":"https:\/\/www.escapadarural.com\/blog\/wp-content\/uploads\/2024\/10\/Cristo-del-Otero-1024x683-1.jpg","type":"image\/jpeg"}],"author":"Carmen L\u00f3pez","twitter_card":"summary_large_image","twitter_misc":{"Escrito por":"Carmen L\u00f3pez","Tiempo de lectura":"5 minutos"},"schema":{"@context":"https:\/\/schema.org","@graph":[{"@type":"Article","@id":"https:\/\/www.escapadarural.com\/blog\/cristo-del-otero-el-mas-alto-de-espana\/#article","isPartOf":{"@id":"https:\/\/www.escapadarural.com\/blog\/cristo-del-otero-el-mas-alto-de-espana\/"},"author":{"name":"Carmen L\u00f3pez","@id":"https:\/\/www.escapadarural.com\/blog\/#\/schema\/person\/42dfdff6118172efc6a04c8ae599a2ce"},"headline":"El Cristo m\u00e1s alto de Espa\u00f1a que est\u00e1 hermanado con el Cristo Redentor","datePublished":"2023-10-02T08:25:23+00:00","dateModified":"2025-06-06T11:49:56+00:00","mainEntityOfPage":{"@id":"https:\/\/www.escapadarural.com\/blog\/cristo-del-otero-el-mas-alto-de-espana\/"},"wordCount":1042,"commentCount":16,"publisher":{"@id":"https:\/\/www.escapadarural.com\/blog\/#organization"},"image":{"@id":"https:\/\/www.escapadarural.com\/blog\/cristo-del-otero-el-mas-alto-de-espana\/#primaryimage"},"thumbnailUrl":"https:\/\/www.escapadarural.com\/blog\/wp-content\/uploads\/2024\/10\/Cristo-del-Otero-1024x683-1.jpg","keywords":["arte","art\u00edculo","Castilla y Le\u00f3n","cristo del otero","Escultura","Monumentos","Palencia","victorio macho"],"articleSection":["Arte y Cultura"],"inLanguage":"es","potentialAction":[{"@type":"CommentAction","name":"Comment","target":["https:\/\/www.escapadarural.com\/blog\/cristo-del-otero-el-mas-alto-de-espana\/#respond"]}]},{"@type":"WebPage","@id":"https:\/\/www.escapadarural.com\/blog\/cristo-del-otero-el-mas-alto-de-espana\/","url":"https:\/\/www.escapadarural.com\/blog\/cristo-del-otero-el-mas-alto-de-espana\/","name":"El Cristo m\u00e1s alto de Espa\u00f1a que est\u00e1 hermanado con el Cristo Redentor - EscapadaRural","isPartOf":{"@id":"https:\/\/www.escapadarural.com\/blog\/#website"},"primaryImageOfPage":{"@id":"https:\/\/www.escapadarural.com\/blog\/cristo-del-otero-el-mas-alto-de-espana\/#primaryimage"},"image":{"@id":"https:\/\/www.escapadarural.com\/blog\/cristo-del-otero-el-mas-alto-de-espana\/#primaryimage"},"thumbnailUrl":"https:\/\/www.escapadarural.com\/blog\/wp-content\/uploads\/2024\/10\/Cristo-del-Otero-1024x683-1.jpg","datePublished":"2023-10-02T08:25:23+00:00","dateModified":"2025-06-06T11:49:56+00:00","breadcrumb":{"@id":"https:\/\/www.escapadarural.com\/blog\/cristo-del-otero-el-mas-alto-de-espana\/#breadcrumb"},"inLanguage":"es","potentialAction":[{"@type":"ReadAction","target":["https:\/\/www.escapadarural.com\/blog\/cristo-del-otero-el-mas-alto-de-espana\/"]}]},{"@type":"ImageObject","inLanguage":"es","@id":"https:\/\/www.escapadarural.com\/blog\/cristo-del-otero-el-mas-alto-de-espana\/#primaryimage","url":"https:\/\/www.escapadarural.com\/blog\/wp-content\/uploads\/2024\/10\/Cristo-del-Otero-1024x683-1.jpg","contentUrl":"https:\/\/www.escapadarural.com\/blog\/wp-content\/uploads\/2024\/10\/Cristo-del-Otero-1024x683-1.jpg","width":1024,"height":683,"caption":"Una gran estatua de Cristo se yergue iluminada sobre una colina que domina una ciudad al atardecer, con tonos rosas y morados en el cielo y edificios urbanos a sus pies, una escena impactante perfecta para quienes buscan experiencias de turismo rural en las cercan\u00edas."},{"@type":"BreadcrumbList","@id":"https:\/\/www.escapadarural.com\/blog\/cristo-del-otero-el-mas-alto-de-espana\/#breadcrumb","itemListElement":[{"@type":"ListItem","position":1,"name":"Inicio","item":"https:\/\/www.escapadarural.com\/blog\/"},{"@type":"ListItem","position":2,"name":"Arte y Cultura","item":"https:\/\/www.escapadarural.com\/blog\/categoria\/arte-y-cultura\/"},{"@type":"ListItem","position":3,"name":"El Cristo m\u00e1s alto de Espa\u00f1a que est\u00e1 hermanado con el Cristo Redentor"}]},{"@type":"WebSite","@id":"https:\/\/www.escapadarural.com\/blog\/#website","url":"https:\/\/www.escapadarural.com\/blog\/","name":"Blog de viajes | turismo rural, alojamientos e inspiraci\u00f3n","description":"Alojamientos rurales e inspiraci\u00f3n para tus escapadas","publisher":{"@id":"https:\/\/www.escapadarural.com\/blog\/#organization"},"alternateName":"Magazine de viajes de EscapadaRural","potentialAction":[{"@type":"SearchAction","target":{"@type":"EntryPoint","urlTemplate":"https:\/\/www.escapadarural.com\/blog\/?s={search_term_string}"},"query-input":{"@type":"PropertyValueSpecification","valueRequired":true,"valueName":"search_term_string"}}],"inLanguage":"es"},{"@type":"Organization","@id":"https:\/\/www.escapadarural.com\/blog\/#organization","name":"EscapadaRural","url":"https:\/\/www.escapadarural.com\/blog\/","logo":{"@type":"ImageObject","inLanguage":"es","@id":"https:\/\/www.escapadarural.com\/blog\/#\/schema\/logo\/image\/","url":"https:\/\/www.escapadarural.com\/blog\/wp-content\/uploads\/2024\/10\/cropped-cropped-escapada-rural-icon-mag-3.png","contentUrl":"https:\/\/www.escapadarural.com\/blog\/wp-content\/uploads\/2024\/10\/cropped-cropped-escapada-rural-icon-mag-3.png","width":512,"height":512,"caption":"EscapadaRural"},"image":{"@id":"https:\/\/www.escapadarural.com\/blog\/#\/schema\/logo\/image\/"},"sameAs":["https:\/\/www.facebook.com\/escapadarural","https:\/\/www.instagram.com\/escapadarural\/","https:\/\/www.youtube.com\/@escapadaruralcom"]},{"@type":"Person","@id":"https:\/\/www.escapadarural.com\/blog\/#\/schema\/person\/42dfdff6118172efc6a04c8ae599a2ce","name":"Carmen L\u00f3pez","image":{"@type":"ImageObject","inLanguage":"es","@id":"https:\/\/www.escapadarural.com\/blog\/wp-content\/uploads\/2024\/11\/cropped-perfil_eldiario-96x96-1-96x96.jpeg","url":"https:\/\/www.escapadarural.com\/blog\/wp-content\/uploads\/2024\/11\/cropped-perfil_eldiario-96x96-1-96x96.jpeg","contentUrl":"https:\/\/www.escapadarural.com\/blog\/wp-content\/uploads\/2024\/11\/cropped-perfil_eldiario-96x96-1-96x96.jpeg","caption":"Carmen L\u00f3pez"},"description":"Soy periodista y escribo sobre cosas que importan en sitios que interesan desde hace m\u00e1s de una d\u00e9cada.","url":"https:\/\/www.escapadarural.com\/blog\/autor\/carmenlopez\/"}]}},"_links":{"self":[{"href":"https:\/\/www.escapadarural.com\/blog\/wp-json\/wp\/v2\/posts\/66544","targetHints":{"allow":["GET"]}}],"collection":[{"href":"https:\/\/www.escapadarural.com\/blog\/wp-json\/wp\/v2\/posts"}],"about":[{"href":"https:\/\/www.escapadarural.com\/blog\/wp-json\/wp\/v2\/types\/post"}],"author":[{"embeddable":true,"href":"https:\/\/www.escapadarural.com\/blog\/wp-json\/wp\/v2\/users\/114"}],"replies":[{"embeddable":true,"href":"https:\/\/www.escapadarural.com\/blog\/wp-json\/wp\/v2\/comments?post=66544"}],"version-history":[{"count":0,"href":"https:\/\/www.escapadarural.com\/blog\/wp-json\/wp\/v2\/posts\/66544\/revisions"}],"wp:featuredmedia":[{"embeddable":true,"href":"https:\/\/www.escapadarural.com\/blog\/wp-json\/wp\/v2\/media\/95809"}],"wp:attachment":[{"href":"https:\/\/www.escapadarural.com\/blog\/wp-json\/wp\/v2\/media?parent=66544"}],"wp:term":[{"taxonomy":"category","embeddable":true,"href":"https:\/\/www.escapadarural.com\/blog\/wp-json\/wp\/v2\/categories?post=66544"},{"taxonomy":"post_tag","embeddable":true,"href":"https:\/\/www.escapadarural.com\/blog\/wp-json\/wp\/v2\/tags?post=66544"}],"curies":[{"name":"wp","href":"https:\/\/api.w.org\/{rel}","templated":true}]}}