{"id":6666,"date":"2023-05-03T07:17:50","date_gmt":"2023-05-03T06:17:50","guid":{"rendered":"http:\/\/15.188.81.248\/2018\/10\/19\/las-plazas-mas-bonitas-de-espana\/"},"modified":"2025-05-05T17:02:13","modified_gmt":"2025-05-05T15:02:13","slug":"plazas-mas-bonitas-de-espana","status":"publish","type":"post","link":"https:\/\/www.escapadarural.com\/blog\/plazas-mas-bonitas-de-espana\/","title":{"rendered":"Algunas de las plazas m\u00e1s bonitas de Espa\u00f1a"},"content":{"rendered":"\n<p>En las plazas se toma el pulso de los lugares. All\u00ed se re\u00fanen los vecinos para hablar, discutir, pasear o comprar. Ha pasado siempre: durante <a class=\"rank-math-link\" href=\"\/blog\/pueblos-medievales-y-preciosos-en-espana\/\">la Edad Media<\/a>, en las plazas se situaba el mercado y en sus balcones se asomaban las cabezas m\u00e1s ilustres de cada \u00e9poca, junto a los edificios de poder.<\/p>\n\n\n\n<p>Hemos reunido algunas de las plazas m\u00e1s bonitas de Espa\u00f1a, para tomarle bien el pulso al encanto del pa\u00eds. \u00bfA\u00f1adir\u00edais alguna m\u00e1s?<\/p>\n\n\n\n<h2 class=\"wp-block-heading title-rute\" id=\"h-1-la-plaza-mayor-de-salamanca\"><strong>1.<\/strong> La Plaza Mayor de Salamanca<\/h2>\n\n\n\n<figure class=\"wp-block-image size-full\"><img loading=\"lazy\" decoding=\"async\" width=\"1024\" height=\"683\" src=\"https:\/\/www.escapadarural.com\/blog\/wp-content\/uploads\/2023\/05\/playa_mayor_salamanca.webp\" alt=\"Plaza Mayor de Salamanca\" class=\"wp-image-200143\" srcset=\"https:\/\/www.escapadarural.com\/blog\/wp-content\/uploads\/2023\/05\/playa_mayor_salamanca-200x133.webp 200w, https:\/\/www.escapadarural.com\/blog\/wp-content\/uploads\/2023\/05\/playa_mayor_salamanca-300x200.webp 300w, https:\/\/www.escapadarural.com\/blog\/wp-content\/uploads\/2023\/05\/playa_mayor_salamanca-400x267.webp 400w, https:\/\/www.escapadarural.com\/blog\/wp-content\/uploads\/2023\/05\/playa_mayor_salamanca-600x400.webp 600w, https:\/\/www.escapadarural.com\/blog\/wp-content\/uploads\/2023\/05\/playa_mayor_salamanca-768x512.webp 768w, https:\/\/www.escapadarural.com\/blog\/wp-content\/uploads\/2023\/05\/playa_mayor_salamanca-800x534.webp 800w, https:\/\/www.escapadarural.com\/blog\/wp-content\/uploads\/2023\/05\/playa_mayor_salamanca.webp 1024w\" sizes=\"auto, (max-width: 1024px) 100vw, 1024px\" \/><figcaption class=\"wp-element-caption\">Plaza Mayor de Salamanca. Por katiebordner<\/figcaption><\/figure>\n\n\n\n<p>Esta plaza no estaba en la primera versi\u00f3n de este post. \u00ab\u00bfY c\u00f3mo es posible, siendo quiz\u00e1s la plaza m\u00e1s bonita del pa\u00eds?\u00bb, pensar\u00e9is. \u00ab\u00bfQu\u00e9 oscuras artes han nublado la mente del redactor?\u00bb. Un despiste imperdonable que los lectores afortunadamente han recordado con insistencia. \u00a1Qu\u00e9 pasi\u00f3n por nuestro patrimonio!<\/p>\n\n\n\n<p>Pero ahora que ya ocupa el lugar que le corresponde, contemos algo m\u00e1s sobre ella. Se construy\u00f3 entre 1729 y 1756, en pleno movimiento Barroco. Alberto Churriguera fue el arquitecto que dise\u00f1\u00f3 el proyecto original, del que no hubo sustanciales modificaciones. El promotor, aunque no consegu\u00eda la financiaci\u00f3n y s\u00ed el permiso de Felipe V, fue Rodrigo Caballero de Llanes. Los lados de la Plaza Mayor de Salamanca se conocen como \u00ablienzos\u00bb o \u00abpabellones\u00bb.<\/p>\n\n\n\n<p>Dos siglos despu\u00e9s de su construcci\u00f3n, se eliminaron los jardines, el peque\u00f1o escenario musical central y los urinarios p\u00fablicos para ganar espacio. Es una de las plazas m\u00e1s di\u00e1fanas que conocemos. En su interior se encuentra el famoso Caf\u00e9 Novelty: inaugurado en 1905, se convirti\u00f3 pronto en el centro literario y art\u00edstico de la ciudad, a la altura del Caf\u00e9 Gij\u00f3n de Madrid.<\/p>\n\n\n\n<p>Aqu\u00ed establecieron sus tertulias Ortega y Gasset, Juan Benet, Francisco Umbral, Carmen Mart\u00edn Gaite. Desde el 2000, hay una escultura de Torrente Ballester en el Novelty. Unamuno, desde aqu\u00ed, dijo de la Plaza Mayor de Salamanca: \u00abes un cuadril\u00e1tero. Irregular, pero asombrosamente arm\u00f3nico\u00bb.<\/p>\n\n\n\n<div class=\"wp-block-buttons is-layout-flex wp-block-buttons-is-layout-flex\">\n<div class=\"wp-block-button\"><a class=\"wp-block-button__link wp-element-button\" href=\"https:\/\/www.escapadarural.com\/casas-rurales\/salamanca\" target=\"_blank\" rel=\"noreferrer noopener\">Casas rurales en Salamanca<\/a><\/div>\n<\/div>\n\n\n\n<h2 class=\"wp-block-heading title-rute\" id=\"h-2-la-plaza-mayor-de-almagro-ciudad-real\"><strong>2.<\/strong> La Plaza Mayor de Almagro (Ciudad Real)<\/h2>\n\n\n\n<figure class=\"wp-block-image size-full\"><img loading=\"lazy\" decoding=\"async\" width=\"1024\" height=\"683\" src=\"https:\/\/www.escapadarural.com\/blog\/wp-content\/uploads\/2023\/05\/plaza_almagro_ciudadreal.webp\" alt=\"Plaza Mayor de Almagro (Ciudad Real)\" class=\"wp-image-200144\" srcset=\"https:\/\/www.escapadarural.com\/blog\/wp-content\/uploads\/2023\/05\/plaza_almagro_ciudadreal-200x133.webp 200w, https:\/\/www.escapadarural.com\/blog\/wp-content\/uploads\/2023\/05\/plaza_almagro_ciudadreal-300x200.webp 300w, https:\/\/www.escapadarural.com\/blog\/wp-content\/uploads\/2023\/05\/plaza_almagro_ciudadreal-400x267.webp 400w, https:\/\/www.escapadarural.com\/blog\/wp-content\/uploads\/2023\/05\/plaza_almagro_ciudadreal-600x400.webp 600w, https:\/\/www.escapadarural.com\/blog\/wp-content\/uploads\/2023\/05\/plaza_almagro_ciudadreal-768x512.webp 768w, https:\/\/www.escapadarural.com\/blog\/wp-content\/uploads\/2023\/05\/plaza_almagro_ciudadreal-800x534.webp 800w, https:\/\/www.escapadarural.com\/blog\/wp-content\/uploads\/2023\/05\/plaza_almagro_ciudadreal.webp 1024w\" sizes=\"auto, (max-width: 1024px) 100vw, 1024px\" \/><figcaption class=\"wp-element-caption\">Plaza Mayor de Almagro (Ciudad Real). Por Daniel Capilla<\/figcaption><\/figure>\n\n\n\n<p>Alfonso X el Sabio convoc\u00f3 las Cortes castellanas en 1273 en Almagro. Pero la plaza de Almagro hoy no es como la pas\u00e9 el egregio monarca. <\/p>\n\n\n\n<figure class=\"wp-block-embed is-type-video is-provider-youtube wp-block-embed-youtube wp-embed-aspect-16-9 wp-has-aspect-ratio\"><div class=\"wp-block-embed__wrapper\">\n<span class=\"e3JGcmyizanxK0EqWRYjR2rB9VBXDjFZpPnbSkAsHuhWOGbHNQ19uh2gL7kAvDENPtIY1w6rK6yUoTtqm8dFI\"><div class=\"video-shortcode\"><iframe title=\"Almagro, un teatro \u00fanico en el mundo en Ciudad Real\" width=\"1200\" height=\"675\" src=\"https:\/\/www.youtube.com\/embed\/j6SMIBqxzVE?feature=oembed\" frameborder=\"0\" allow=\"accelerometer; autoplay; clipboard-write; encrypted-media; gyroscope; picture-in-picture; web-share\" referrerpolicy=\"strict-origin-when-cross-origin\" allowfullscreen><\/iframe><\/div><\/span>\n<\/div><\/figure>\n\n\n\n<p>En el s. XVI, unos banqueros suizos (los <em>Fugger<\/em>) recibieron de Carlos V algunos privilegios (contraprestaci\u00f3n del apoyo econ\u00f3mico recibido) como <a href=\"\/blog\/un-pueblo-sobre-una-mina-de-mercurio\/\">las minas de Almad\u00e9n<\/a>. Su riqueza llev\u00f3 a Almagro nuevos edificios, galer\u00edas acristaladas, fachadas ennoblecidas. En 1967, tras la restauraci\u00f3n, la nobleza de <a href=\"https:\/\/www.escapadarural.com\/casas-rurales\/almagro\">Almagro<\/a> fue restituida.<\/p>\n\n\n\n<div class=\"wp-block-buttons is-layout-flex wp-block-buttons-is-layout-flex\">\n<div class=\"wp-block-button\"><a class=\"wp-block-button__link wp-element-button\" href=\"https:\/\/www.escapadarural.com\/casas-rurales\/almagro\" target=\"_blank\" rel=\"noreferrer noopener\">Casas rurales en Almagro<\/a><\/div>\n<\/div>\n\n\n\n<h2 class=\"wp-block-heading title-rute\" id=\"h-3-la-plaza-de-chinchon-madrid\"><strong>3.<\/strong> La plaza de Chinch\u00f3n (Madrid)<\/h2>\n\n\n\n<figure class=\"wp-block-image size-full\"><img loading=\"lazy\" decoding=\"async\" width=\"1024\" height=\"683\" src=\"https:\/\/www.escapadarural.com\/blog\/wp-content\/uploads\/2022\/08\/04_Chinchon_PlazaMayor_Teresa_AdobeStock_306971505_WP04.webp\" alt=\"La Plaza Mayor es el centro neur\u00e1lgico de Chinch\u00f3n.\" class=\"wp-image-186666\" srcset=\"https:\/\/www.escapadarural.com\/blog\/wp-content\/uploads\/2022\/08\/04_Chinchon_PlazaMayor_Teresa_AdobeStock_306971505_WP04-200x133.webp 200w, https:\/\/www.escapadarural.com\/blog\/wp-content\/uploads\/2022\/08\/04_Chinchon_PlazaMayor_Teresa_AdobeStock_306971505_WP04-300x200.webp 300w, https:\/\/www.escapadarural.com\/blog\/wp-content\/uploads\/2022\/08\/04_Chinchon_PlazaMayor_Teresa_AdobeStock_306971505_WP04-400x267.webp 400w, https:\/\/www.escapadarural.com\/blog\/wp-content\/uploads\/2022\/08\/04_Chinchon_PlazaMayor_Teresa_AdobeStock_306971505_WP04-600x400.webp 600w, https:\/\/www.escapadarural.com\/blog\/wp-content\/uploads\/2022\/08\/04_Chinchon_PlazaMayor_Teresa_AdobeStock_306971505_WP04-768x512.webp 768w, https:\/\/www.escapadarural.com\/blog\/wp-content\/uploads\/2022\/08\/04_Chinchon_PlazaMayor_Teresa_AdobeStock_306971505_WP04-800x534.webp 800w, https:\/\/www.escapadarural.com\/blog\/wp-content\/uploads\/2022\/08\/04_Chinchon_PlazaMayor_Teresa_AdobeStock_306971505_WP04.webp 1024w\" sizes=\"auto, (max-width: 1024px) 100vw, 1024px\" \/><figcaption class=\"wp-element-caption\">La Plaza Mayor es el centro neur\u00e1lgico de Chinch\u00f3n. Por Teresa.<\/figcaption><\/figure>\n\n\n\n<p>Los entendidos se\u00f1alan que la Plaza de Chinch\u00f3n es una plaza medieval de libro. Rodean la plaza edificios de tres plantas, soportados por galer\u00eda, sobre las que se asoman 234 balcones de madera (los \u00abclaros\u00bb). Aqu\u00ed se han celebrado fiestas, proclamaciones, obras de teatro, juegos, actos religiosos, pol\u00edticos, militares. Sobresale la iglesia de Nuestra Se\u00f1ora de la Asunci\u00f3n, levantada en 1534 y rematada por los maestros que trabajaron en El Escorial.<\/p>\n\n\n\n<div class=\"wp-block-buttons is-layout-flex wp-block-buttons-is-layout-flex\">\n<div class=\"wp-block-button\"><a class=\"wp-block-button__link wp-element-button\" href=\"https:\/\/www.escapadarural.com\/casas-rurales\/chinchon\" target=\"_blank\" rel=\"noreferrer noopener\">Casas rurales en Chinch\u00f3n<\/a><\/div>\n<\/div>\n\n\n\n<h2 class=\"wp-block-heading title-rute\" id=\"h-4-la-plaza-mayor-de-trujillo-caceres\"><strong>4.<\/strong> La Plaza Mayor de Trujillo (C\u00e1ceres)<\/h2>\n\n\n\n<figure class=\"wp-block-image size-full\"><img loading=\"lazy\" decoding=\"async\" width=\"1024\" height=\"683\" src=\"https:\/\/www.escapadarural.com\/blog\/wp-content\/uploads\/2023\/05\/plazamayor_trujillo.webp\" alt=\"Plaza Mayor de Trujillo (C\u00e1ceres)\" class=\"wp-image-200147\" srcset=\"https:\/\/www.escapadarural.com\/blog\/wp-content\/uploads\/2023\/05\/plazamayor_trujillo-200x133.webp 200w, https:\/\/www.escapadarural.com\/blog\/wp-content\/uploads\/2023\/05\/plazamayor_trujillo-300x200.webp 300w, https:\/\/www.escapadarural.com\/blog\/wp-content\/uploads\/2023\/05\/plazamayor_trujillo-400x267.webp 400w, https:\/\/www.escapadarural.com\/blog\/wp-content\/uploads\/2023\/05\/plazamayor_trujillo-600x400.webp 600w, https:\/\/www.escapadarural.com\/blog\/wp-content\/uploads\/2023\/05\/plazamayor_trujillo-768x512.webp 768w, https:\/\/www.escapadarural.com\/blog\/wp-content\/uploads\/2023\/05\/plazamayor_trujillo-800x534.webp 800w, https:\/\/www.escapadarural.com\/blog\/wp-content\/uploads\/2023\/05\/plazamayor_trujillo.webp 1024w\" sizes=\"auto, (max-width: 1024px) 100vw, 1024px\" \/><figcaption class=\"wp-element-caption\">Plaza Mayor de Trujillo (C\u00e1ceres). Por Zarateman<\/figcaption><\/figure>\n\n\n\n<p>Vigila celosamente la Plaza Mayor de Trujillo la estatua ecuestre de Francisco Pizarro, uno de los conquistadores del imperio Inca en Per\u00fa. La plaza de Trujillo re\u00fane un periodo intenso de la historia del pa\u00eds: las casas con soportales del s. XIV y los edificios palaciegos, se\u00f1oriales del Renacimiento en el s. XVI. Los conquistadores volvieron de Am\u00e9rica con riqueza suficiente para ostentar su riqueza y su eleva clase social. No hay tantos lugares donde se vea tanto en tan poco espacio.<\/p>\n\n\n\n<div class=\"wp-block-buttons is-layout-flex wp-block-buttons-is-layout-flex\">\n<div class=\"wp-block-button\"><a class=\"wp-block-button__link wp-element-button\" href=\"https:\/\/www.escapadarural.com\/casas-rurales\/trujillo\" target=\"_blank\" rel=\"noreferrer noopener\">Casas rurales en Trujillo<\/a><\/div>\n<\/div>\n\n\n\n<h2 class=\"wp-block-heading title-rute\" id=\"h-5-plaza-mayor-de-vic-barcelona\"><strong>5.<\/strong> Plaza Mayor de Vic (Barcelona)<\/h2>\n\n\n\n<figure class=\"wp-block-image size-full\"><img loading=\"lazy\" decoding=\"async\" width=\"1024\" height=\"683\" src=\"https:\/\/www.escapadarural.com\/blog\/wp-content\/uploads\/2023\/05\/placa_vic.jpg\" alt=\"Pla\u00e7a Major de Vic (Barcelona)\" class=\"wp-image-200149\" srcset=\"https:\/\/www.escapadarural.com\/blog\/wp-content\/uploads\/2023\/05\/placa_vic-200x133.jpg 200w, https:\/\/www.escapadarural.com\/blog\/wp-content\/uploads\/2023\/05\/placa_vic-300x200.jpg 300w, https:\/\/www.escapadarural.com\/blog\/wp-content\/uploads\/2023\/05\/placa_vic-400x267.jpg 400w, https:\/\/www.escapadarural.com\/blog\/wp-content\/uploads\/2023\/05\/placa_vic-600x400.jpg 600w, https:\/\/www.escapadarural.com\/blog\/wp-content\/uploads\/2023\/05\/placa_vic-768x512.jpg 768w, https:\/\/www.escapadarural.com\/blog\/wp-content\/uploads\/2023\/05\/placa_vic-800x534.jpg 800w, https:\/\/www.escapadarural.com\/blog\/wp-content\/uploads\/2023\/05\/placa_vic.jpg 1024w\" sizes=\"auto, (max-width: 1024px) 100vw, 1024px\" \/><figcaption class=\"wp-element-caption\">Pla\u00e7a Major de Vic (Barcelona). Por Giorgio Galeotti<\/figcaption><\/figure>\n\n\n\n<p>La vida medieval de Vic se desarroll\u00f3 entre el Castillo (propiedad de los Montcada), la catedral (jurisdicci\u00f3n del Obispo) y la plaza del Mercado, de la gente. Tanto entonces como hoy, la vida de la plaza es agitada, tumultuosa. Aqu\u00ed se contempla gran parte de la vida social y cultural: en un espacio enorme, cuadrado y flanqueado por casas nobles.<\/p>\n\n\n\n<div class=\"wp-block-buttons is-layout-flex wp-block-buttons-is-layout-flex\">\n<div class=\"wp-block-button\"><a class=\"wp-block-button__link wp-element-button\" href=\"https:\/\/www.escapadarural.com\/casas-rurales\/vic\" target=\"_blank\" rel=\"noreferrer noopener\">Casas rurales en Vic<\/a><\/div>\n<\/div>\n\n\n\n<h2 class=\"wp-block-heading title-rute\" id=\"h-6-la-plaza-mayor-de-ainsa-huesca\"><strong>6.<\/strong> La Plaza Mayor de A\u00ednsa (Huesca)<\/h2>\n\n\n\n<figure class=\"wp-block-image size-full\"><img loading=\"lazy\" decoding=\"async\" width=\"1024\" height=\"668\" src=\"https:\/\/www.escapadarural.com\/blog\/wp-content\/uploads\/2024\/02\/AdobeStock_500220085.webp\" alt=\"A\u00ednsa, Huesca\" class=\"wp-image-194756\" srcset=\"https:\/\/www.escapadarural.com\/blog\/wp-content\/uploads\/2024\/02\/AdobeStock_500220085-200x130.webp 200w, https:\/\/www.escapadarural.com\/blog\/wp-content\/uploads\/2024\/02\/AdobeStock_500220085-300x196.webp 300w, https:\/\/www.escapadarural.com\/blog\/wp-content\/uploads\/2024\/02\/AdobeStock_500220085-400x261.webp 400w, https:\/\/www.escapadarural.com\/blog\/wp-content\/uploads\/2024\/02\/AdobeStock_500220085-600x391.webp 600w, https:\/\/www.escapadarural.com\/blog\/wp-content\/uploads\/2024\/02\/AdobeStock_500220085-768x501.webp 768w, https:\/\/www.escapadarural.com\/blog\/wp-content\/uploads\/2024\/02\/AdobeStock_500220085-800x522.webp 800w, https:\/\/www.escapadarural.com\/blog\/wp-content\/uploads\/2024\/02\/AdobeStock_500220085.webp 1024w\" sizes=\"auto, (max-width: 1024px) 100vw, 1024px\" \/><figcaption class=\"wp-element-caption\">A\u00ednsa, Huesca. Por: Jos\u00e9 R. Marqu\u00e9s<\/figcaption><\/figure>\n\n\n\n<p>Es una plaza de altura, en los Pirineos aragoneses. La plaza de A\u00ednsa se eleva sobre la conjunci\u00f3n de los r\u00edos Ara y Cinca, sobre un mont\u00edculo. Basta quedarse con dos calles, paralelas: la Calle Mayor y la Calle Santa Cruz. Medieval, con encanto, bonito, empedrado y con soportales, el centro de A\u00ednsa es Conjunto Hist\u00f3rico Art\u00edstico. La plaza se abre al castillo y resguarda el edificio del ayuntamiento. Parte del municipio de A\u00ednsa se integra en el Parque Natural de los Ca\u00f1ones de Guara.<\/p>\n\n\n\n<div class=\"wp-block-buttons is-layout-flex wp-block-buttons-is-layout-flex\">\n<div class=\"wp-block-button\"><a class=\"wp-block-button__link wp-element-button\" href=\"https:\/\/www.escapadarural.com\/casas-rurales\/ainsa\" target=\"_blank\" rel=\"noreferrer noopener\">Casas rurales en A\u00ednsa<\/a><\/div>\n<\/div>\n\n\n\n<h2 class=\"wp-block-heading title-rute\" id=\"h-7-plaza-mayor-de-garrovillas-de-alconetar-caceres\"><strong>7.<\/strong> Plaza Mayor de Garrovillas de Alcon\u00e9tar (C\u00e1ceres)<\/h2>\n\n\n\n<figure class=\"wp-block-image size-full\"><img loading=\"lazy\" decoding=\"async\" width=\"1024\" height=\"683\" src=\"https:\/\/www.escapadarural.com\/blog\/wp-content\/uploads\/2023\/05\/garrovillas.webp\" alt=\"Plaza Mayor de Garrovillas de Alcon\u00e9tar (C\u00e1ceres)\" class=\"wp-image-200150\" srcset=\"https:\/\/www.escapadarural.com\/blog\/wp-content\/uploads\/2023\/05\/garrovillas-200x133.webp 200w, https:\/\/www.escapadarural.com\/blog\/wp-content\/uploads\/2023\/05\/garrovillas-300x200.webp 300w, https:\/\/www.escapadarural.com\/blog\/wp-content\/uploads\/2023\/05\/garrovillas-400x267.webp 400w, https:\/\/www.escapadarural.com\/blog\/wp-content\/uploads\/2023\/05\/garrovillas-600x400.webp 600w, https:\/\/www.escapadarural.com\/blog\/wp-content\/uploads\/2023\/05\/garrovillas-768x512.webp 768w, https:\/\/www.escapadarural.com\/blog\/wp-content\/uploads\/2023\/05\/garrovillas-800x534.webp 800w, https:\/\/www.escapadarural.com\/blog\/wp-content\/uploads\/2023\/05\/garrovillas.webp 1024w\" sizes=\"auto, (max-width: 1024px) 100vw, 1024px\" \/><figcaption class=\"wp-element-caption\">Plaza Mayor de Garrovillas de Alcon\u00e9tar (C\u00e1ceres). Por Elias Zamora<\/figcaption><\/figure>\n\n\n\n<p>Hoy es un lugar tranquilo, pero Garrovillas de Alcon\u00e9tar fue cabeza de condado y dio cobijo a m\u00e1s de 7.000 habitantes en el s.XVI. Hoy viven cerca de 2.000 vecinos y contemplan la grandeza hist\u00f3rica con pasividad rutinaria y orgullosa. Edificios clasicistas, arcos g\u00f3ticos y dos plantas sobre columnas blancas que reflejan el sol del mediod\u00eda. Es Monumento Hist\u00f3rico Art\u00edstico Nacional y ah\u00ed est\u00e1, tan sola y poco reconocida.<\/p>\n\n\n\n<div class=\"wp-block-buttons is-layout-flex wp-block-buttons-is-layout-flex\">\n<div class=\"wp-block-button\"><a class=\"wp-block-button__link wp-element-button\" href=\"https:\/\/www.escapadarural.com\/casas-rurales\/garrovillas-de-alconetar\" target=\"_blank\" rel=\"noreferrer noopener\">Casas rurales en Garrovillas de Alcon\u00e9tar<\/a><\/div>\n<\/div>\n\n\n\n<h2 class=\"wp-block-heading title-rute\" id=\"h-8-plaza-de-graus-huesca\"><strong>8.<\/strong> Plaza de Graus (Huesca)<\/h2>\n\n\n\n<figure class=\"wp-block-image size-full\"><img loading=\"lazy\" decoding=\"async\" width=\"1024\" height=\"683\" src=\"https:\/\/www.escapadarural.com\/blog\/wp-content\/uploads\/2023\/05\/plaza_graus_huesca.webp\" alt=\"Plaza Mayor de Graus (Huesca)\" class=\"wp-image-200151\" srcset=\"https:\/\/www.escapadarural.com\/blog\/wp-content\/uploads\/2023\/05\/plaza_graus_huesca-200x133.webp 200w, https:\/\/www.escapadarural.com\/blog\/wp-content\/uploads\/2023\/05\/plaza_graus_huesca-300x200.webp 300w, https:\/\/www.escapadarural.com\/blog\/wp-content\/uploads\/2023\/05\/plaza_graus_huesca-400x267.webp 400w, https:\/\/www.escapadarural.com\/blog\/wp-content\/uploads\/2023\/05\/plaza_graus_huesca-600x400.webp 600w, https:\/\/www.escapadarural.com\/blog\/wp-content\/uploads\/2023\/05\/plaza_graus_huesca-768x512.webp 768w, https:\/\/www.escapadarural.com\/blog\/wp-content\/uploads\/2023\/05\/plaza_graus_huesca-800x534.webp 800w, https:\/\/www.escapadarural.com\/blog\/wp-content\/uploads\/2023\/05\/plaza_graus_huesca.webp 1024w\" sizes=\"auto, (max-width: 1024px) 100vw, 1024px\" \/><figcaption class=\"wp-element-caption\">Plaza Mayor de Graus (Huesca). Por amadalvarez<\/figcaption><\/figure>\n\n\n\n<p>La Plaza Mayor de Graus es un espect\u00e1culo. De verdad: de colores, de ambiente, de sabores. Ha sido musa de artistas, como el pintor Ignacio de Zuloaga y es el lugar donde se representa la Mojiganga (s\u00e1tira que resume la actualidad del a\u00f1o vigente) y el baile de las Espadas y las Cintas. En el Pueblo Espa\u00f1ol de Barcelona hay una reproducci\u00f3n del ayuntamiento de Graus, que representa el Renacimiento de Arag\u00f3n y preside la plaza.<\/p>\n\n\n\n<div class=\"wp-block-buttons is-layout-flex wp-block-buttons-is-layout-flex\">\n<div class=\"wp-block-button\"><a class=\"wp-block-button__link wp-element-button\" href=\"https:\/\/www.escapadarural.com\/casas-rurales\/graus\" target=\"_blank\" rel=\"noreferrer noopener\">Casas rurales en Graus<\/a><\/div>\n<\/div>\n\n\n\n<h2 class=\"wp-block-heading title-rute\" id=\"h-9-plaza-mayor-de-penafiel-valladolid\"><strong>9.<\/strong> Plaza Mayor de Pe\u00f1afiel (Valladolid)<\/h2>\n\n\n\n<figure class=\"wp-block-image size-large\"><img loading=\"lazy\" decoding=\"async\" width=\"1024\" height=\"683\" src=\"https:\/\/www.escapadarural.com\/blog\/wp-content\/uploads\/2024\/03\/AdobeStock_64139731_castillo_penafiel2-1024x683.webp\" alt=\"Castillo de Pe\u00f1afiel, en Valladolid. Por fuen30\" class=\"wp-image-193921\" srcset=\"https:\/\/www.escapadarural.com\/blog\/wp-content\/uploads\/2024\/03\/AdobeStock_64139731_castillo_penafiel2-200x133.webp 200w, https:\/\/www.escapadarural.com\/blog\/wp-content\/uploads\/2024\/03\/AdobeStock_64139731_castillo_penafiel2-300x200.webp 300w, https:\/\/www.escapadarural.com\/blog\/wp-content\/uploads\/2024\/03\/AdobeStock_64139731_castillo_penafiel2-400x267.webp 400w, https:\/\/www.escapadarural.com\/blog\/wp-content\/uploads\/2024\/03\/AdobeStock_64139731_castillo_penafiel2-600x400.webp 600w, https:\/\/www.escapadarural.com\/blog\/wp-content\/uploads\/2024\/03\/AdobeStock_64139731_castillo_penafiel2-768x512.webp 768w, https:\/\/www.escapadarural.com\/blog\/wp-content\/uploads\/2024\/03\/AdobeStock_64139731_castillo_penafiel2-800x533.webp 800w, https:\/\/www.escapadarural.com\/blog\/wp-content\/uploads\/2024\/03\/AdobeStock_64139731_castillo_penafiel2-1024x683.webp 1024w, https:\/\/www.escapadarural.com\/blog\/wp-content\/uploads\/2024\/03\/AdobeStock_64139731_castillo_penafiel2-1200x800.webp 1200w, https:\/\/www.escapadarural.com\/blog\/wp-content\/uploads\/2024\/03\/AdobeStock_64139731_castillo_penafiel2-1536x1024.webp 1536w\" sizes=\"auto, (max-width: 1024px) 100vw, 1024px\" \/><figcaption class=\"wp-element-caption\">Castillo de Pe\u00f1afiel. Por fuen30<\/figcaption><\/figure>\n\n\n\n<p>Esta plaza se construy\u00f3 para celebrar justas y torneos medievales. Se dice que es una de las primeras plazas mayores de Espa\u00f1a, aunque no tiene ni iglesia ni ayuntamiento presidiendo el espacio. Eso es raro. La Plaza Mayor de Pe\u00f1afiel se conoce tambi\u00e9n como \u00abcoso\u00bb, tiene 48 edificios y los balcones son madera con formas geom\u00e9tricas. Al fondo, en la cima, el castillo alado.<\/p>\n\n\n\n<div class=\"wp-block-buttons is-layout-flex wp-block-buttons-is-layout-flex\">\n<div class=\"wp-block-button\"><a class=\"wp-block-button__link wp-element-button\" href=\"https:\/\/www.escapadarural.com\/casas-rurales\/penafiel\" target=\"_blank\" rel=\"noreferrer noopener\">Casas rurales en Pe\u00f1afiel<\/a><\/div>\n<\/div>\n\n\n\n<h2 class=\"wp-block-heading title-rute\" id=\"h-10-plaza-guipuzcoa-hondarribia-guipuzcoa\"><strong>10.<\/strong> Plaza Guip\u00fazcoa (Hondarribia, Guip\u00fazcoa)<\/h2>\n\n\n\n<figure class=\"wp-block-image size-large\"><img decoding=\"async\" src=\"https:\/\/www.escapadarural.com\/blog\/wp-content\/uploads\/2023\/05\/Hondarribia-1024x680-1.jpg\" alt=\"Hondarribia\" class=\"wp-image-25711\"\/><figcaption class=\"wp-element-caption\">Por Fotomicar<\/figcaption><\/figure>\n\n\n\n<p>Esto es hermoso. Es la Plaza Guip\u00fazcoa de Hondarribia. Los soldados bajaban del castillo hasta este espacio para ejercitarse, en pleno centro y con vistas a la bah\u00eda. Organiza su mercado medievales con banderines, paja y colores en las fachadas. Un viaje en el tiempo a una villa acorazada y de pescadores.<\/p>\n\n\n\n<div class=\"wp-block-buttons is-layout-flex wp-block-buttons-is-layout-flex\">\n<div class=\"wp-block-button\"><a class=\"wp-block-button__link wp-element-button\" href=\"https:\/\/www.escapadarural.com\/casas-rurales\/hondarribia\" target=\"_blank\" rel=\"noreferrer noopener\">Casas rurales en Hondarribia<\/a><\/div>\n<\/div>\n\n\n\n<h2 class=\"wp-block-heading title-rute\" id=\"h-11-la-plaza-de-el-toboso-toledo\"><strong>11.<\/strong> La plaza de El Toboso (Toledo)<\/h2>\n\n\n\n<figure class=\"wp-block-image size-full\"><img loading=\"lazy\" decoding=\"async\" width=\"1024\" height=\"683\" src=\"https:\/\/www.escapadarural.com\/blog\/wp-content\/uploads\/2023\/05\/plaza_eltoboso.webp\" alt=\"Plaza de El Toboso (Toledo)\" class=\"wp-image-200156\" srcset=\"https:\/\/www.escapadarural.com\/blog\/wp-content\/uploads\/2023\/05\/plaza_eltoboso-200x133.webp 200w, https:\/\/www.escapadarural.com\/blog\/wp-content\/uploads\/2023\/05\/plaza_eltoboso-300x200.webp 300w, https:\/\/www.escapadarural.com\/blog\/wp-content\/uploads\/2023\/05\/plaza_eltoboso-400x267.webp 400w, https:\/\/www.escapadarural.com\/blog\/wp-content\/uploads\/2023\/05\/plaza_eltoboso-600x400.webp 600w, https:\/\/www.escapadarural.com\/blog\/wp-content\/uploads\/2023\/05\/plaza_eltoboso-768x512.webp 768w, https:\/\/www.escapadarural.com\/blog\/wp-content\/uploads\/2023\/05\/plaza_eltoboso-800x534.webp 800w, https:\/\/www.escapadarural.com\/blog\/wp-content\/uploads\/2023\/05\/plaza_eltoboso.webp 1024w\" sizes=\"auto, (max-width: 1024px) 100vw, 1024px\" \/><figcaption class=\"wp-element-caption\">Plaza de El Toboso (Toledo). Por Migel <\/figcaption><\/figure>\n\n\n\n<p>Ah\u00ed ten\u00e9is al hombre m\u00e1s universal de las letras espa\u00f1olas postrado ante Dulcinea, en El Toboso. El Toboso es un municipio de Toledo y es reconocida fuera de nuestras fronteras por ser la patria chica del amor del espa\u00f1ol m\u00e1s famoso: Don Quijote. Se dice que el nombre deriva de \u00abtobas\u00bb, unos cardos que abundan en la zona. En el Toboso el viajero encuentra un trazado tradicional: casas con patios cuadrados, dinteles, corredores de madera y columnas. El encanto manchego y literario en un espacio brev\u00edsimo como la plaza de El Toboso.<\/p>\n\n\n\n<div class=\"wp-block-buttons is-layout-flex wp-block-buttons-is-layout-flex\">\n<div class=\"wp-block-button\"><a class=\"wp-block-button__link wp-element-button\" href=\"https:\/\/www.escapadarural.com\/casas-rurales\/el-toboso\" target=\"_blank\" rel=\"noreferrer noopener\">Casas rurales en El Toboso<\/a><\/div>\n<\/div>\n\n\n\n<h2 class=\"wp-block-heading title-rute\" id=\"h-12-plaza-del-obradoiro-santiago-de-compostela\"><strong>12.<\/strong> Plaza del Obradoiro (Santiago de Compostela)<\/h2>\n\n\n\n<figure class=\"wp-block-image size-full\"><img loading=\"lazy\" decoding=\"async\" width=\"1024\" height=\"683\" src=\"https:\/\/www.escapadarural.com\/blog\/wp-content\/uploads\/2023\/05\/plaza_obradoiro.webp\" alt=\"Plaza del Obradoiro, Santiago de Compostela (A Coru\u00f1a)\" class=\"wp-image-200158\" srcset=\"https:\/\/www.escapadarural.com\/blog\/wp-content\/uploads\/2023\/05\/plaza_obradoiro-200x133.webp 200w, https:\/\/www.escapadarural.com\/blog\/wp-content\/uploads\/2023\/05\/plaza_obradoiro-300x200.webp 300w, https:\/\/www.escapadarural.com\/blog\/wp-content\/uploads\/2023\/05\/plaza_obradoiro-400x267.webp 400w, https:\/\/www.escapadarural.com\/blog\/wp-content\/uploads\/2023\/05\/plaza_obradoiro-600x400.webp 600w, https:\/\/www.escapadarural.com\/blog\/wp-content\/uploads\/2023\/05\/plaza_obradoiro-768x512.webp 768w, https:\/\/www.escapadarural.com\/blog\/wp-content\/uploads\/2023\/05\/plaza_obradoiro-800x534.webp 800w, https:\/\/www.escapadarural.com\/blog\/wp-content\/uploads\/2023\/05\/plaza_obradoiro.webp 1024w\" sizes=\"auto, (max-width: 1024px) 100vw, 1024px\" \/><figcaption class=\"wp-element-caption\">Plaza del Obradoiro, Santiago de Compostela (A Coru\u00f1a), Por Pedro J Pacheco<\/figcaption><\/figure>\n\n\n\n<p>\u00bfHay en Espa\u00f1a una plaza m\u00e1s famosa que la del Obradoiro? Es el fin del peregrinaje a Santiago de Compostela. La meta. El alivio. Su imponente catedral simboliza, para el peregrino exhausto, una suerte de resguardo. Cuando llegu\u00e9 a la plaza del Obradoirio yo sent\u00ed alivio y el recinto pareci\u00f3 multiplicarse.<\/p>\n\n\n\n<p>No es solo lo que se ve, que es hermoso, sino lo que se siente despu\u00e9s de la aventura. Es el espacio donde se distribuyeron los obreros que levantaron la catedral a lo largo de 700 a\u00f1os. Es el centro monumental de Santiago y re\u00fane el Hostal de los Reyes Cat\u00f3licos (parador nacional), el Palacio de Rajoy (sede del ayuntamiento) y la catedral, claro.<\/p>\n\n\n\n<div class=\"wp-block-buttons is-layout-flex wp-block-buttons-is-layout-flex\">\n<div class=\"wp-block-button\"><a class=\"wp-block-button__link wp-element-button\" href=\"https:\/\/www.escapadarural.com\/casas-rurales\/santiago-de-compostela\" target=\"_blank\" rel=\"noreferrer noopener\">Casas rurales en Santiago de Compostela<\/a><\/div>\n<\/div>\n\n\n\n<h2 class=\"wp-block-heading title-rute\" id=\"h-13-plaza-espana-de-sevilla\"><strong>13.<\/strong> Plaza Espa\u00f1a de Sevilla<\/h2>\n\n\n\n<figure class=\"wp-block-image size-large\"><img loading=\"lazy\" decoding=\"async\" width=\"1024\" height=\"683\" src=\"https:\/\/www.escapadarural.com\/blog\/wp-content\/uploads\/2018\/10\/Spain-Seville-1024x683.jpg\" alt=\"Plaza Espa\u00f1a de Sevilla. Por PerseoMedusa \" class=\"wp-image-25698\" srcset=\"https:\/\/www.escapadarural.com\/blog\/wp-content\/uploads\/2018\/10\/Spain-Seville-200x133.jpg 200w, https:\/\/www.escapadarural.com\/blog\/wp-content\/uploads\/2018\/10\/Spain-Seville-300x200.jpg 300w, https:\/\/www.escapadarural.com\/blog\/wp-content\/uploads\/2018\/10\/Spain-Seville-400x267.jpg 400w, https:\/\/www.escapadarural.com\/blog\/wp-content\/uploads\/2018\/10\/Spain-Seville-600x400.jpg 600w, https:\/\/www.escapadarural.com\/blog\/wp-content\/uploads\/2018\/10\/Spain-Seville-768x512.jpg 768w, https:\/\/www.escapadarural.com\/blog\/wp-content\/uploads\/2018\/10\/Spain-Seville-800x533.jpg 800w, https:\/\/www.escapadarural.com\/blog\/wp-content\/uploads\/2018\/10\/Spain-Seville-1024x683.jpg 1024w, https:\/\/www.escapadarural.com\/blog\/wp-content\/uploads\/2018\/10\/Spain-Seville-1200x800.jpg 1200w, https:\/\/www.escapadarural.com\/blog\/wp-content\/uploads\/2018\/10\/Spain-Seville-1536x1024.jpg 1536w, https:\/\/www.escapadarural.com\/blog\/wp-content\/uploads\/2018\/10\/Spain-Seville.jpg 1800w\" sizes=\"auto, (max-width: 1024px) 100vw, 1024px\" \/><figcaption class=\"wp-element-caption\">Plaza Espa\u00f1a de Sevilla. Por PerseoMedusa <\/figcaption><\/figure>\n\n\n\n<p>Es tan bonita y excepcional que la plaza Espa\u00f1a de Sevilla apareci\u00f3 como escenario en la pel\u00edcula de <em>La Guerra de las Galaxias, el ataque de los clones<\/em>. Se construy\u00f3 en 1929 para la Exposici\u00f3n Iberoamericana y la dise\u00f1\u00f3 An\u00edbal Gonz\u00e1lez, arquitecto local. Est\u00e1 repleta de s\u00edmbolos, adem\u00e1s de colores: el edificio mira al Guadalquivir, desde donde se emprend\u00eda camino a Am\u00e9rica y la forma parece ser el abrazo de una metr\u00f3polis hacia sus colonias.<\/p>\n\n\n\n<p>No hay beso que no quede bien en la Plaza Espa\u00f1a. Tambi\u00e9n se rodaron en la Plaza Espa\u00f1a de Sevilla pel\u00edculas como <a href=\"https:\/\/www.filmaffinity.com\/es\/film953245.html\" class=\"rank-math-link\" target=\"_blank\"><em>Lawrence de Araba<\/em><\/a> o <em>El viento y el le\u00f3n<\/em>.<\/p>\n\n\n\n<div class=\"wp-block-buttons is-layout-flex wp-block-buttons-is-layout-flex\">\n<div class=\"wp-block-button\"><a class=\"wp-block-button__link wp-element-button\" href=\"https:\/\/www.escapadarural.com\/casas-rurales\/sevilla\" target=\"_blank\" rel=\"noreferrer noopener\">Casas rurales en Sevilla<\/a><\/div>\n<\/div>\n\n\n\n<h2 class=\"wp-block-heading title-rute\" id=\"h-14-plaza-mayor-de-madrid\"><strong>14.<\/strong> Plaza Mayor de Madrid<\/h2>\n\n\n\n<figure class=\"wp-block-image size-full\"><img loading=\"lazy\" decoding=\"async\" width=\"1024\" height=\"683\" src=\"https:\/\/www.escapadarural.com\/blog\/wp-content\/uploads\/2023\/05\/plazamayor_madrid.webp\" alt=\"Plaza Mayor de Madrid\" class=\"wp-image-200163\" srcset=\"https:\/\/www.escapadarural.com\/blog\/wp-content\/uploads\/2023\/05\/plazamayor_madrid-200x133.webp 200w, https:\/\/www.escapadarural.com\/blog\/wp-content\/uploads\/2023\/05\/plazamayor_madrid-300x200.webp 300w, https:\/\/www.escapadarural.com\/blog\/wp-content\/uploads\/2023\/05\/plazamayor_madrid-400x267.webp 400w, https:\/\/www.escapadarural.com\/blog\/wp-content\/uploads\/2023\/05\/plazamayor_madrid-600x400.webp 600w, https:\/\/www.escapadarural.com\/blog\/wp-content\/uploads\/2023\/05\/plazamayor_madrid-768x512.webp 768w, https:\/\/www.escapadarural.com\/blog\/wp-content\/uploads\/2023\/05\/plazamayor_madrid-800x534.webp 800w, https:\/\/www.escapadarural.com\/blog\/wp-content\/uploads\/2023\/05\/plazamayor_madrid.webp 1024w\" sizes=\"auto, (max-width: 1024px) 100vw, 1024px\" \/><figcaption class=\"wp-element-caption\">Plaza Mayor de Madrid. Por Nemo<\/figcaption><\/figure>\n\n\n\n<p>No se puede evitar: \u00ab<a class=\"rank-math-link\" href=\"https:\/\/www.youtube.com\/watch?v=wiMVJfAwUAs\" target=\"_blank\">\u00bfrelaxing cup of caf\u00e9 con leche in Plaza Mayor?<\/a>\u00ab. La Plaza Mayor de Madrid tiene fama cafetera, pero es injusta. Un camamero me dijo que los viajeros han dejado de pedir unas tapas, con un buen jam\u00f3n, para beberse la gracia en botella. En cualquier caso, las circunstancias no han eliminado ni un \u00e1pice el encanto de la Plaza Mayor de la capital.<\/p>\n\n\n\n<p>Fue el emplazamiento del mercado principal en el siglo XVI, un cruce de ideas y mercanc\u00edas entre las calles de Toledo y Atocha, a las afueras de la antigua villa. La remodelaci\u00f3n de la plaza mayor comienza en 1580, cuando Felipe II traslada la corte a Madrid, y concluye en 1617, en el reinado de Felipe III. Dos siglos m\u00e1s tarde, se erigi\u00f3 la estatua ecuestre de Felipe III en el centro de la plaza a prop\u00f3sito de la reconstrucci\u00f3n necesaria tras el \u00faltimo incendio (sufri\u00f3 tres desde su origen). Hay tanta historia aqu\u00ed que la mejor idea es recorrerla con un gu\u00eda.<\/p>\n\n\n\n<div class=\"wp-block-buttons is-layout-flex wp-block-buttons-is-layout-flex\">\n<div class=\"wp-block-button\"><a class=\"wp-block-button__link wp-element-button\" href=\"https:\/\/www.escapadarural.com\/casas-rurales\/madrid\" target=\"_blank\" rel=\"noreferrer noopener\">Casas rurales en Madrid<\/a><\/div>\n<\/div>\n\n\n\n<h2 class=\"wp-block-heading title-rute\" id=\"h-15-plaza-mayor-de-caceres\"><strong>15.<\/strong> Plaza Mayor de C\u00e1ceres<\/h2>\n\n\n\n<figure class=\"wp-block-image size-full\"><img loading=\"lazy\" decoding=\"async\" width=\"1024\" height=\"421\" src=\"https:\/\/www.escapadarural.com\/blog\/wp-content\/uploads\/2023\/05\/AdobeStock_750031380_plaza_mayor_de_caceres.webp\" alt=\"Plaza mayor de C\u00e1ceres. Por josemiguelsangar\" class=\"wp-image-194150\" srcset=\"https:\/\/www.escapadarural.com\/blog\/wp-content\/uploads\/2023\/05\/AdobeStock_750031380_plaza_mayor_de_caceres-200x82.webp 200w, https:\/\/www.escapadarural.com\/blog\/wp-content\/uploads\/2023\/05\/AdobeStock_750031380_plaza_mayor_de_caceres-300x123.webp 300w, https:\/\/www.escapadarural.com\/blog\/wp-content\/uploads\/2023\/05\/AdobeStock_750031380_plaza_mayor_de_caceres-400x164.webp 400w, https:\/\/www.escapadarural.com\/blog\/wp-content\/uploads\/2023\/05\/AdobeStock_750031380_plaza_mayor_de_caceres-600x247.webp 600w, https:\/\/www.escapadarural.com\/blog\/wp-content\/uploads\/2023\/05\/AdobeStock_750031380_plaza_mayor_de_caceres-768x316.webp 768w, https:\/\/www.escapadarural.com\/blog\/wp-content\/uploads\/2023\/05\/AdobeStock_750031380_plaza_mayor_de_caceres-800x329.webp 800w, https:\/\/www.escapadarural.com\/blog\/wp-content\/uploads\/2023\/05\/AdobeStock_750031380_plaza_mayor_de_caceres.webp 1024w\" sizes=\"auto, (max-width: 1024px) 100vw, 1024px\" \/><figcaption class=\"wp-element-caption\">Plaza mayor de C\u00e1ceres. Por josemiguelsangar<\/figcaption><\/figure>\n\n\n\n<p>C\u00e1ceres es una ciudad monumental. Plaza Mayor, adem\u00e1s de ser un barrio, es el centro hist\u00f3rico de la villa. La plaza se construy\u00f3 en una explanada alejada del centro en el siglo XIV. Como en otras ocasiones, termin\u00f3 por convertirse en el centro de la vida social y comercial y fue el lugar m\u00e1s destacado de cuantas celebraciones se organizasen.<\/p>\n\n\n\n<p>La Plaza Mayor de C\u00e1ceres conserva soportales del siglo XVI, sobre los que se elevaron viviendas y algunos recintos institucionales, como el ayuntamiento. La \u00faltima gran remodelaci\u00f3n se hizo en 2011.<\/p>\n\n\n\n<div class=\"wp-block-buttons is-layout-flex wp-block-buttons-is-layout-flex\">\n<div class=\"wp-block-button\"><a class=\"wp-block-button__link wp-element-button\" href=\"https:\/\/www.escapadarural.com\/casas-rurales\/caceres\" target=\"_blank\" rel=\"noreferrer noopener\">Casas rurales en C\u00e1ceres<\/a><\/div>\n<\/div>\n\n\n\n<h2 class=\"wp-block-heading title-rute\" id=\"h-16-plaza-de-la-corredera-cordoba\"><strong>16.<\/strong> Plaza de la Corredera (C\u00f3rdoba)<\/h2>\n\n\n\n<figure class=\"wp-block-image size-full\"><img loading=\"lazy\" decoding=\"async\" width=\"1024\" height=\"683\" src=\"https:\/\/www.escapadarural.com\/blog\/wp-content\/uploads\/2023\/05\/plaza_corredera.webp\" alt=\"Plaza de Corredera (C\u00f3rdoba)\" class=\"wp-image-200165\" srcset=\"https:\/\/www.escapadarural.com\/blog\/wp-content\/uploads\/2023\/05\/plaza_corredera-200x133.webp 200w, https:\/\/www.escapadarural.com\/blog\/wp-content\/uploads\/2023\/05\/plaza_corredera-300x200.webp 300w, https:\/\/www.escapadarural.com\/blog\/wp-content\/uploads\/2023\/05\/plaza_corredera-400x267.webp 400w, https:\/\/www.escapadarural.com\/blog\/wp-content\/uploads\/2023\/05\/plaza_corredera-600x400.webp 600w, https:\/\/www.escapadarural.com\/blog\/wp-content\/uploads\/2023\/05\/plaza_corredera-768x512.webp 768w, https:\/\/www.escapadarural.com\/blog\/wp-content\/uploads\/2023\/05\/plaza_corredera-800x534.webp 800w, https:\/\/www.escapadarural.com\/blog\/wp-content\/uploads\/2023\/05\/plaza_corredera.webp 1024w\" sizes=\"auto, (max-width: 1024px) 100vw, 1024px\" \/><figcaption class=\"wp-element-caption\">Plaza de Corredera (C\u00f3rdoba). Por Francisco Anzola<\/figcaption><\/figure>\n\n\n\n<p>La Plaza de la Corredera es la \u00fanica en toda Andaluc\u00eda con forma cuadrangular. Pero no es tanto su forma, como su color lo que llama la atenci\u00f3n. El Arco Alto y el Arco Bajo son las \u00fanicas v\u00edas de entrada y salida.<\/p>\n\n\n\n<p>Se levant\u00f3 en el siglo XVII y aunque funcion\u00f3 como sede del ayuntamiento y la c\u00e1rcel, el uso m\u00e1s curioso se lo di\u00f3 el empresario Jos\u00e9 S\u00e1nchez Pe\u00f1a en el siglo XIX, quien instal\u00f3 m\u00e1quinas de vapor para arrancar una f\u00e1brica de sombreros. Los obreros vivieron encima de la f\u00e1brica, ubicada en uno de los edificios. Su nombre deriva de las corridas de toros que se celebraron en este espacio.<\/p>\n\n\n\n<p>En 1959, se derrib\u00f3 el mercado de la plaza y se encontraron por sorpresa mosaicos romanos (est\u00e1n expuestos en <a class=\"rank-math-link\" href=\"https:\/\/es.wikipedia.org\/wiki\/Alc%C3%A1zar_de_los_Reyes_Cristianos\" target=\"_blank\">el Alc\u00e1zar de los Reyes Cristianos<\/a>).<\/p>\n\n\n\n<div class=\"wp-block-buttons is-layout-flex wp-block-buttons-is-layout-flex\">\n<div class=\"wp-block-button\"><a class=\"wp-block-button__link wp-element-button\" href=\"https:\/\/www.escapadarural.com\/casas-rurales\/cordoba\" target=\"_blank\" rel=\"noreferrer noopener\">Casas rurales en C\u00f3rdoba<\/a><\/div>\n<\/div>\n\n\n\n<h2 class=\"wp-block-heading title-rute\" id=\"h-17-la-plaza-mayor-de-siguenza-guadalajara\"><strong>17.<\/strong> La Plaza Mayor de Sig\u00fcenza (Guadalajara)<\/h2>\n\n\n\n<figure class=\"wp-block-image size-full\"><img loading=\"lazy\" decoding=\"async\" width=\"1024\" height=\"683\" src=\"https:\/\/www.escapadarural.com\/blog\/wp-content\/uploads\/2023\/05\/plazamayor_siguenza.webp\" alt=\"Plaza Mayor de Sig\u00fcenza (Guadalajara)\" class=\"wp-image-200168\" srcset=\"https:\/\/www.escapadarural.com\/blog\/wp-content\/uploads\/2023\/05\/plazamayor_siguenza-200x133.webp 200w, https:\/\/www.escapadarural.com\/blog\/wp-content\/uploads\/2023\/05\/plazamayor_siguenza-300x200.webp 300w, https:\/\/www.escapadarural.com\/blog\/wp-content\/uploads\/2023\/05\/plazamayor_siguenza-400x267.webp 400w, https:\/\/www.escapadarural.com\/blog\/wp-content\/uploads\/2023\/05\/plazamayor_siguenza-600x400.webp 600w, https:\/\/www.escapadarural.com\/blog\/wp-content\/uploads\/2023\/05\/plazamayor_siguenza-768x512.webp 768w, https:\/\/www.escapadarural.com\/blog\/wp-content\/uploads\/2023\/05\/plazamayor_siguenza-800x534.webp 800w, https:\/\/www.escapadarural.com\/blog\/wp-content\/uploads\/2023\/05\/plazamayor_siguenza.webp 1024w\" sizes=\"auto, (max-width: 1024px) 100vw, 1024px\" \/><figcaption class=\"wp-element-caption\">Plaza Mayor de Sig\u00fcenza (Guadalajara). Por Rodericus<\/figcaption><\/figure>\n\n\n\n<p>La Plaza Mayor de Sig\u00fcenza es hermosa. Sig\u00fcenza est\u00e1 en el norte de Guadalara, un centro de control del paso entre el alto Henares y los valles de los r\u00edos Dulce y Salado. La Plaza Mayor se construy\u00f3 en el siglo XVI, cuando el cardenal Mendoza decidi\u00f3 derribar parte de la muralla para crear un nuevo espacio di\u00e1fano frente a la Catedral, con el objetivo de celebrar espect\u00e1culos y el mercado semanal y distribuir las casas nobles en el centro de la villa. <\/p>\n\n\n\n<figure class=\"wp-block-embed is-type-video is-provider-youtube wp-block-embed-youtube wp-embed-aspect-16-9 wp-has-aspect-ratio\"><div class=\"wp-block-embed__wrapper\">\n<span class=\"JaBErlvikF52TPbzKn41yuUdgXZCLetmOcHxQVsD7Yw9GAqfhMW08R3\"><div class=\"video-shortcode\"><iframe title=\"Sig\u00fcenza, el pueblo de las estrellas Michelin en Guadalajara\" width=\"1200\" height=\"675\" src=\"https:\/\/www.youtube.com\/embed\/gSAuV9t9g7c?feature=oembed\" frameborder=\"0\" allow=\"accelerometer; autoplay; clipboard-write; encrypted-media; gyroscope; picture-in-picture; web-share\" referrerpolicy=\"strict-origin-when-cross-origin\" allowfullscreen><\/iframe><\/div><\/span>\n<\/div><\/figure>\n\n\n\n<p>Atra\u00eddos por las Jornadas Medievales, llegan cerca de 30.000 personas cada a\u00f1o a mediados de julio: m\u00e1s de 120 puestos de mercado llenan las calles y plazas del recorrido medieval de la ciudad.<\/p>\n\n\n\n<div class=\"wp-block-buttons is-layout-flex wp-block-buttons-is-layout-flex\">\n<div class=\"wp-block-button\"><a class=\"wp-block-button__link wp-element-button\" href=\"https:\/\/www.escapadarural.com\/casas-rurales\/sigueenza\" target=\"_blank\" rel=\"noreferrer noopener\">Casas rurales en Sig\u00fcenza<\/a><\/div>\n<\/div>\n\n\n\n<h2 class=\"wp-block-heading title-rute\" id=\"h-18-la-plaza-de-pedraza-segovia\"><strong>18.<\/strong> La plaza de Pedraza (Segovia)<\/h2>\n\n\n\n<figure class=\"wp-block-image size-large\"><img loading=\"lazy\" decoding=\"async\" width=\"1024\" height=\"683\" src=\"https:\/\/www.escapadarural.com\/blog\/wp-content\/uploads\/2018\/10\/Pedraza.-Segovia-3-1024x683.jpg\" alt=\"Pueblos medievales: Pedraza, en Segovia\" class=\"wp-image-25693\" srcset=\"https:\/\/www.escapadarural.com\/blog\/wp-content\/uploads\/2018\/10\/Pedraza.-Segovia-3-200x133.jpg 200w, https:\/\/www.escapadarural.com\/blog\/wp-content\/uploads\/2018\/10\/Pedraza.-Segovia-3-300x200.jpg 300w, https:\/\/www.escapadarural.com\/blog\/wp-content\/uploads\/2018\/10\/Pedraza.-Segovia-3-400x267.jpg 400w, https:\/\/www.escapadarural.com\/blog\/wp-content\/uploads\/2018\/10\/Pedraza.-Segovia-3-600x400.jpg 600w, https:\/\/www.escapadarural.com\/blog\/wp-content\/uploads\/2018\/10\/Pedraza.-Segovia-3-768x512.jpg 768w, https:\/\/www.escapadarural.com\/blog\/wp-content\/uploads\/2018\/10\/Pedraza.-Segovia-3-800x534.jpg 800w, https:\/\/www.escapadarural.com\/blog\/wp-content\/uploads\/2018\/10\/Pedraza.-Segovia-3-1024x683.jpg 1024w, https:\/\/www.escapadarural.com\/blog\/wp-content\/uploads\/2018\/10\/Pedraza.-Segovia-3-1200x801.jpg 1200w, https:\/\/www.escapadarural.com\/blog\/wp-content\/uploads\/2018\/10\/Pedraza.-Segovia-3-1536x1025.jpg 1536w, https:\/\/www.escapadarural.com\/blog\/wp-content\/uploads\/2018\/10\/Pedraza.-Segovia-3.jpg 1800w\" sizes=\"auto, (max-width: 1024px) 100vw, 1024px\" \/><figcaption class=\"wp-element-caption\">Plaza de Pedraza, en Segovia, Castilla y Le\u00f3n. Por Marques<\/figcaption><\/figure>\n\n\n\n<p>La plaza de Pedraza es hermosa y desde hace unos a\u00f1os m\u00e1s conocida: los dos primeros s\u00e1bados de julio se organiza el Concierto de las Velas. Un espect\u00e1culo estival que re\u00fane 35.000 velas encendidas en la Plaza Mayor, y medieval, de Pedraza. Es una plaza porticada, como tantas otras, coronada por la iglesia de San Juan Bautista (s. XIII). La \u00fanica puerta de entrada era la antigua c\u00e1rcel. Aut\u00e9ntico.<\/p>\n\n\n\n<div class=\"wp-block-buttons is-layout-flex wp-block-buttons-is-layout-flex\">\n<div class=\"wp-block-button\"><a class=\"wp-block-button__link wp-element-button\" href=\"https:\/\/www.escapadarural.com\/casas-rurales\/pedraza\" target=\"_blank\" rel=\"noreferrer noopener\">Casas rurales en Pedraza<\/a><\/div>\n<\/div>\n","protected":false},"excerpt":{"rendered":"<p>En las plazas se toma el pulso de los lugares. All\u00ed se re\u00fanen los vecinos para hablar, discutir, pasear o comprar. Siguen como siempre y est\u00e1n como nunca&#8230;<\/p>\n","protected":false},"author":85,"featured_media":79502,"comment_status":"open","ping_status":"closed","sticky":false,"template":"","format":"standard","meta":{"_acf_changed":false,"om_disable_all_campaigns":false,"footnotes":""},"categories":[231],"tags":[215,870,5065,5066],"class_list":["post-6666","post","type-post","status-publish","format-standard","has-post-thumbnail","hentry","category-arte-y-cultura","tag-listado","tag-monumentos","tag-plazas","tag-plazas-medievales"],"acf":[],"featured_image_src":"https:\/\/www.escapadarural.com\/blog\/wp-content\/uploads\/2024\/06\/Hondarribia-585x585.jpg.webp","author_info":{"display_name":"Redacci\u00f3n ER","author_link":"https:\/\/www.escapadarural.com\/blog\/autor\/admin\/"},"yoast_head":"<!-- This site is optimized with the Yoast SEO plugin v27.5 - https:\/\/yoast.com\/product\/yoast-seo-wordpress\/ -->\n<title>Algunas de las plazas m\u00e1s bonitas de Espa\u00f1a - EscapadaRural<\/title>\n<meta name=\"robots\" content=\"index, follow, max-snippet:-1, max-image-preview:large, max-video-preview:-1\" \/>\n<link rel=\"canonical\" href=\"https:\/\/www.escapadarural.com\/blog\/plazas-mas-bonitas-de-espana\/\" \/>\n<meta property=\"og:locale\" content=\"es_ES\" \/>\n<meta property=\"og:type\" content=\"article\" \/>\n<meta property=\"og:title\" content=\"Algunas de las plazas m\u00e1s bonitas de Espa\u00f1a - EscapadaRural\" \/>\n<meta property=\"og:description\" content=\"En las plazas se toma el pulso de los lugares. All\u00ed se re\u00fanen los vecinos para hablar, discutir, pasear o comprar. Siguen como siempre y est\u00e1n como nunca...\" \/>\n<meta property=\"og:url\" content=\"https:\/\/www.escapadarural.com\/blog\/plazas-mas-bonitas-de-espana\/\" \/>\n<meta property=\"og:site_name\" content=\"Magazine de viajes de EscapadaRural\" \/>\n<meta property=\"article:publisher\" content=\"https:\/\/www.facebook.com\/escapadarural\" \/>\n<meta property=\"article:published_time\" content=\"2023-05-03T06:17:50+00:00\" \/>\n<meta property=\"article:modified_time\" content=\"2025-05-05T15:02:13+00:00\" \/>\n<meta property=\"og:image\" content=\"https:\/\/www.escapadarural.com\/blog\/wp-content\/uploads\/2024\/06\/Hondarribia-585x585.jpg.webp\" \/>\n\t<meta property=\"og:image:width\" content=\"585\" \/>\n\t<meta property=\"og:image:height\" content=\"585\" \/>\n\t<meta property=\"og:image:type\" content=\"image\/webp\" \/>\n<meta name=\"author\" content=\"Redacci\u00f3n ER\" \/>\n<meta name=\"twitter:card\" content=\"summary_large_image\" \/>\n<meta name=\"twitter:label1\" content=\"Escrito por\" \/>\n\t<meta name=\"twitter:data1\" content=\"Redacci\u00f3n ER\" \/>\n\t<meta name=\"twitter:label2\" content=\"Tiempo de lectura\" \/>\n\t<meta name=\"twitter:data2\" content=\"14 minutos\" \/>\n<script type=\"application\/ld+json\" class=\"yoast-schema-graph\">{\"@context\":\"https:\\\/\\\/schema.org\",\"@graph\":[{\"@type\":\"Article\",\"@id\":\"https:\\\/\\\/www.escapadarural.com\\\/blog\\\/plazas-mas-bonitas-de-espana\\\/#article\",\"isPartOf\":{\"@id\":\"https:\\\/\\\/www.escapadarural.com\\\/blog\\\/plazas-mas-bonitas-de-espana\\\/\"},\"author\":{\"name\":\"Redacci\u00f3n ER\",\"@id\":\"https:\\\/\\\/www.escapadarural.com\\\/blog\\\/#\\\/schema\\\/person\\\/bd5b0d7ad308a0bf4efed73e8308b4fa\"},\"headline\":\"Algunas de las plazas m\u00e1s bonitas de Espa\u00f1a\",\"datePublished\":\"2023-05-03T06:17:50+00:00\",\"dateModified\":\"2025-05-05T15:02:13+00:00\",\"mainEntityOfPage\":{\"@id\":\"https:\\\/\\\/www.escapadarural.com\\\/blog\\\/plazas-mas-bonitas-de-espana\\\/\"},\"wordCount\":2320,\"commentCount\":99,\"publisher\":{\"@id\":\"https:\\\/\\\/www.escapadarural.com\\\/blog\\\/#organization\"},\"image\":{\"@id\":\"https:\\\/\\\/www.escapadarural.com\\\/blog\\\/plazas-mas-bonitas-de-espana\\\/#primaryimage\"},\"thumbnailUrl\":\"https:\\\/\\\/www.escapadarural.com\\\/blog\\\/wp-content\\\/uploads\\\/2024\\\/06\\\/Hondarribia-585x585.jpg.webp\",\"keywords\":[\"Listado\",\"Monumentos\",\"plazas\",\"Plazas medievales\"],\"articleSection\":[\"Arte y Cultura\"],\"inLanguage\":\"es\",\"potentialAction\":[{\"@type\":\"CommentAction\",\"name\":\"Comment\",\"target\":[\"https:\\\/\\\/www.escapadarural.com\\\/blog\\\/plazas-mas-bonitas-de-espana\\\/#respond\"]}]},{\"@type\":\"WebPage\",\"@id\":\"https:\\\/\\\/www.escapadarural.com\\\/blog\\\/plazas-mas-bonitas-de-espana\\\/\",\"url\":\"https:\\\/\\\/www.escapadarural.com\\\/blog\\\/plazas-mas-bonitas-de-espana\\\/\",\"name\":\"Algunas de las plazas m\u00e1s bonitas de Espa\u00f1a - EscapadaRural\",\"isPartOf\":{\"@id\":\"https:\\\/\\\/www.escapadarural.com\\\/blog\\\/#website\"},\"primaryImageOfPage\":{\"@id\":\"https:\\\/\\\/www.escapadarural.com\\\/blog\\\/plazas-mas-bonitas-de-espana\\\/#primaryimage\"},\"image\":{\"@id\":\"https:\\\/\\\/www.escapadarural.com\\\/blog\\\/plazas-mas-bonitas-de-espana\\\/#primaryimage\"},\"thumbnailUrl\":\"https:\\\/\\\/www.escapadarural.com\\\/blog\\\/wp-content\\\/uploads\\\/2024\\\/06\\\/Hondarribia-585x585.jpg.webp\",\"datePublished\":\"2023-05-03T06:17:50+00:00\",\"dateModified\":\"2025-05-05T15:02:13+00:00\",\"breadcrumb\":{\"@id\":\"https:\\\/\\\/www.escapadarural.com\\\/blog\\\/plazas-mas-bonitas-de-espana\\\/#breadcrumb\"},\"inLanguage\":\"es\",\"potentialAction\":[{\"@type\":\"ReadAction\",\"target\":[\"https:\\\/\\\/www.escapadarural.com\\\/blog\\\/plazas-mas-bonitas-de-espana\\\/\"]}]},{\"@type\":\"ImageObject\",\"inLanguage\":\"es\",\"@id\":\"https:\\\/\\\/www.escapadarural.com\\\/blog\\\/plazas-mas-bonitas-de-espana\\\/#primaryimage\",\"url\":\"https:\\\/\\\/www.escapadarural.com\\\/blog\\\/wp-content\\\/uploads\\\/2024\\\/06\\\/Hondarribia-585x585.jpg.webp\",\"contentUrl\":\"https:\\\/\\\/www.escapadarural.com\\\/blog\\\/wp-content\\\/uploads\\\/2024\\\/06\\\/Hondarribia-585x585.jpg.webp\",\"width\":585,\"height\":585,\"caption\":\"Hondarribia, Guip\u00fazcoa. Pa\u00eds Vasco. Por Fotomicar\"},{\"@type\":\"BreadcrumbList\",\"@id\":\"https:\\\/\\\/www.escapadarural.com\\\/blog\\\/plazas-mas-bonitas-de-espana\\\/#breadcrumb\",\"itemListElement\":[{\"@type\":\"ListItem\",\"position\":1,\"name\":\"Inicio\",\"item\":\"https:\\\/\\\/www.escapadarural.com\\\/blog\\\/\"},{\"@type\":\"ListItem\",\"position\":2,\"name\":\"Arte y Cultura\",\"item\":\"https:\\\/\\\/www.escapadarural.com\\\/blog\\\/categoria\\\/arte-y-cultura\\\/\"},{\"@type\":\"ListItem\",\"position\":3,\"name\":\"Algunas de las plazas m\u00e1s bonitas de Espa\u00f1a\"}]},{\"@type\":\"WebSite\",\"@id\":\"https:\\\/\\\/www.escapadarural.com\\\/blog\\\/#website\",\"url\":\"https:\\\/\\\/www.escapadarural.com\\\/blog\\\/\",\"name\":\"Blog de viajes | turismo rural, alojamientos e inspiraci\u00f3n\",\"description\":\"Alojamientos rurales e inspiraci\u00f3n para tus escapadas\",\"publisher\":{\"@id\":\"https:\\\/\\\/www.escapadarural.com\\\/blog\\\/#organization\"},\"alternateName\":\"Magazine de viajes de EscapadaRural\",\"potentialAction\":[{\"@type\":\"SearchAction\",\"target\":{\"@type\":\"EntryPoint\",\"urlTemplate\":\"https:\\\/\\\/www.escapadarural.com\\\/blog\\\/?s={search_term_string}\"},\"query-input\":{\"@type\":\"PropertyValueSpecification\",\"valueRequired\":true,\"valueName\":\"search_term_string\"}}],\"inLanguage\":\"es\"},{\"@type\":\"Organization\",\"@id\":\"https:\\\/\\\/www.escapadarural.com\\\/blog\\\/#organization\",\"name\":\"EscapadaRural\",\"url\":\"https:\\\/\\\/www.escapadarural.com\\\/blog\\\/\",\"logo\":{\"@type\":\"ImageObject\",\"inLanguage\":\"es\",\"@id\":\"https:\\\/\\\/www.escapadarural.com\\\/blog\\\/#\\\/schema\\\/logo\\\/image\\\/\",\"url\":\"https:\\\/\\\/www.escapadarural.com\\\/blog\\\/wp-content\\\/uploads\\\/2024\\\/10\\\/cropped-cropped-escapada-rural-icon-mag-3.png\",\"contentUrl\":\"https:\\\/\\\/www.escapadarural.com\\\/blog\\\/wp-content\\\/uploads\\\/2024\\\/10\\\/cropped-cropped-escapada-rural-icon-mag-3.png\",\"width\":512,\"height\":512,\"caption\":\"EscapadaRural\"},\"image\":{\"@id\":\"https:\\\/\\\/www.escapadarural.com\\\/blog\\\/#\\\/schema\\\/logo\\\/image\\\/\"},\"sameAs\":[\"https:\\\/\\\/www.facebook.com\\\/escapadarural\",\"https:\\\/\\\/www.instagram.com\\\/escapadarural\\\/\",\"https:\\\/\\\/www.youtube.com\\\/@escapadaruralcom\"]},{\"@type\":\"Person\",\"@id\":\"https:\\\/\\\/www.escapadarural.com\\\/blog\\\/#\\\/schema\\\/person\\\/bd5b0d7ad308a0bf4efed73e8308b4fa\",\"name\":\"Redacci\u00f3n ER\",\"image\":{\"@type\":\"ImageObject\",\"inLanguage\":\"es\",\"@id\":\"https:\\\/\\\/www.escapadarural.com\\\/blog\\\/wp-content\\\/uploads\\\/2024\\\/10\\\/cropped-cropped-escapada-rural-icon-mag-3-96x96.png\",\"url\":\"https:\\\/\\\/www.escapadarural.com\\\/blog\\\/wp-content\\\/uploads\\\/2024\\\/10\\\/cropped-cropped-escapada-rural-icon-mag-3-96x96.png\",\"contentUrl\":\"https:\\\/\\\/www.escapadarural.com\\\/blog\\\/wp-content\\\/uploads\\\/2024\\\/10\\\/cropped-cropped-escapada-rural-icon-mag-3-96x96.png\",\"caption\":\"Redacci\u00f3n ER\"},\"description\":\"Nos encanta inspirar a viajeros y ayudar a los propietarios con nuestros contenidos\",\"url\":\"https:\\\/\\\/www.escapadarural.com\\\/blog\\\/autor\\\/admin\\\/\"}]}<\/script>\n<!-- \/ Yoast SEO plugin. -->","yoast_head_json":{"title":"Algunas de las plazas m\u00e1s bonitas de Espa\u00f1a - EscapadaRural","robots":{"index":"index","follow":"follow","max-snippet":"max-snippet:-1","max-image-preview":"max-image-preview:large","max-video-preview":"max-video-preview:-1"},"canonical":"https:\/\/www.escapadarural.com\/blog\/plazas-mas-bonitas-de-espana\/","og_locale":"es_ES","og_type":"article","og_title":"Algunas de las plazas m\u00e1s bonitas de Espa\u00f1a - EscapadaRural","og_description":"En las plazas se toma el pulso de los lugares. All\u00ed se re\u00fanen los vecinos para hablar, discutir, pasear o comprar. Siguen como siempre y est\u00e1n como nunca...","og_url":"https:\/\/www.escapadarural.com\/blog\/plazas-mas-bonitas-de-espana\/","og_site_name":"Magazine de viajes de EscapadaRural","article_publisher":"https:\/\/www.facebook.com\/escapadarural","article_published_time":"2023-05-03T06:17:50+00:00","article_modified_time":"2025-05-05T15:02:13+00:00","og_image":[{"width":585,"height":585,"url":"https:\/\/www.escapadarural.com\/blog\/wp-content\/uploads\/2024\/06\/Hondarribia-585x585.jpg.webp","type":"image\/webp"}],"author":"Redacci\u00f3n ER","twitter_card":"summary_large_image","twitter_misc":{"Escrito por":"Redacci\u00f3n ER","Tiempo de lectura":"14 minutos"},"schema":{"@context":"https:\/\/schema.org","@graph":[{"@type":"Article","@id":"https:\/\/www.escapadarural.com\/blog\/plazas-mas-bonitas-de-espana\/#article","isPartOf":{"@id":"https:\/\/www.escapadarural.com\/blog\/plazas-mas-bonitas-de-espana\/"},"author":{"name":"Redacci\u00f3n ER","@id":"https:\/\/www.escapadarural.com\/blog\/#\/schema\/person\/bd5b0d7ad308a0bf4efed73e8308b4fa"},"headline":"Algunas de las plazas m\u00e1s bonitas de Espa\u00f1a","datePublished":"2023-05-03T06:17:50+00:00","dateModified":"2025-05-05T15:02:13+00:00","mainEntityOfPage":{"@id":"https:\/\/www.escapadarural.com\/blog\/plazas-mas-bonitas-de-espana\/"},"wordCount":2320,"commentCount":99,"publisher":{"@id":"https:\/\/www.escapadarural.com\/blog\/#organization"},"image":{"@id":"https:\/\/www.escapadarural.com\/blog\/plazas-mas-bonitas-de-espana\/#primaryimage"},"thumbnailUrl":"https:\/\/www.escapadarural.com\/blog\/wp-content\/uploads\/2024\/06\/Hondarribia-585x585.jpg.webp","keywords":["Listado","Monumentos","plazas","Plazas medievales"],"articleSection":["Arte y Cultura"],"inLanguage":"es","potentialAction":[{"@type":"CommentAction","name":"Comment","target":["https:\/\/www.escapadarural.com\/blog\/plazas-mas-bonitas-de-espana\/#respond"]}]},{"@type":"WebPage","@id":"https:\/\/www.escapadarural.com\/blog\/plazas-mas-bonitas-de-espana\/","url":"https:\/\/www.escapadarural.com\/blog\/plazas-mas-bonitas-de-espana\/","name":"Algunas de las plazas m\u00e1s bonitas de Espa\u00f1a - EscapadaRural","isPartOf":{"@id":"https:\/\/www.escapadarural.com\/blog\/#website"},"primaryImageOfPage":{"@id":"https:\/\/www.escapadarural.com\/blog\/plazas-mas-bonitas-de-espana\/#primaryimage"},"image":{"@id":"https:\/\/www.escapadarural.com\/blog\/plazas-mas-bonitas-de-espana\/#primaryimage"},"thumbnailUrl":"https:\/\/www.escapadarural.com\/blog\/wp-content\/uploads\/2024\/06\/Hondarribia-585x585.jpg.webp","datePublished":"2023-05-03T06:17:50+00:00","dateModified":"2025-05-05T15:02:13+00:00","breadcrumb":{"@id":"https:\/\/www.escapadarural.com\/blog\/plazas-mas-bonitas-de-espana\/#breadcrumb"},"inLanguage":"es","potentialAction":[{"@type":"ReadAction","target":["https:\/\/www.escapadarural.com\/blog\/plazas-mas-bonitas-de-espana\/"]}]},{"@type":"ImageObject","inLanguage":"es","@id":"https:\/\/www.escapadarural.com\/blog\/plazas-mas-bonitas-de-espana\/#primaryimage","url":"https:\/\/www.escapadarural.com\/blog\/wp-content\/uploads\/2024\/06\/Hondarribia-585x585.jpg.webp","contentUrl":"https:\/\/www.escapadarural.com\/blog\/wp-content\/uploads\/2024\/06\/Hondarribia-585x585.jpg.webp","width":585,"height":585,"caption":"Hondarribia, Guip\u00fazcoa. Pa\u00eds Vasco. Por Fotomicar"},{"@type":"BreadcrumbList","@id":"https:\/\/www.escapadarural.com\/blog\/plazas-mas-bonitas-de-espana\/#breadcrumb","itemListElement":[{"@type":"ListItem","position":1,"name":"Inicio","item":"https:\/\/www.escapadarural.com\/blog\/"},{"@type":"ListItem","position":2,"name":"Arte y Cultura","item":"https:\/\/www.escapadarural.com\/blog\/categoria\/arte-y-cultura\/"},{"@type":"ListItem","position":3,"name":"Algunas de las plazas m\u00e1s bonitas de Espa\u00f1a"}]},{"@type":"WebSite","@id":"https:\/\/www.escapadarural.com\/blog\/#website","url":"https:\/\/www.escapadarural.com\/blog\/","name":"Blog de viajes | turismo rural, alojamientos e inspiraci\u00f3n","description":"Alojamientos rurales e inspiraci\u00f3n para tus escapadas","publisher":{"@id":"https:\/\/www.escapadarural.com\/blog\/#organization"},"alternateName":"Magazine de viajes de EscapadaRural","potentialAction":[{"@type":"SearchAction","target":{"@type":"EntryPoint","urlTemplate":"https:\/\/www.escapadarural.com\/blog\/?s={search_term_string}"},"query-input":{"@type":"PropertyValueSpecification","valueRequired":true,"valueName":"search_term_string"}}],"inLanguage":"es"},{"@type":"Organization","@id":"https:\/\/www.escapadarural.com\/blog\/#organization","name":"EscapadaRural","url":"https:\/\/www.escapadarural.com\/blog\/","logo":{"@type":"ImageObject","inLanguage":"es","@id":"https:\/\/www.escapadarural.com\/blog\/#\/schema\/logo\/image\/","url":"https:\/\/www.escapadarural.com\/blog\/wp-content\/uploads\/2024\/10\/cropped-cropped-escapada-rural-icon-mag-3.png","contentUrl":"https:\/\/www.escapadarural.com\/blog\/wp-content\/uploads\/2024\/10\/cropped-cropped-escapada-rural-icon-mag-3.png","width":512,"height":512,"caption":"EscapadaRural"},"image":{"@id":"https:\/\/www.escapadarural.com\/blog\/#\/schema\/logo\/image\/"},"sameAs":["https:\/\/www.facebook.com\/escapadarural","https:\/\/www.instagram.com\/escapadarural\/","https:\/\/www.youtube.com\/@escapadaruralcom"]},{"@type":"Person","@id":"https:\/\/www.escapadarural.com\/blog\/#\/schema\/person\/bd5b0d7ad308a0bf4efed73e8308b4fa","name":"Redacci\u00f3n ER","image":{"@type":"ImageObject","inLanguage":"es","@id":"https:\/\/www.escapadarural.com\/blog\/wp-content\/uploads\/2024\/10\/cropped-cropped-escapada-rural-icon-mag-3-96x96.png","url":"https:\/\/www.escapadarural.com\/blog\/wp-content\/uploads\/2024\/10\/cropped-cropped-escapada-rural-icon-mag-3-96x96.png","contentUrl":"https:\/\/www.escapadarural.com\/blog\/wp-content\/uploads\/2024\/10\/cropped-cropped-escapada-rural-icon-mag-3-96x96.png","caption":"Redacci\u00f3n ER"},"description":"Nos encanta inspirar a viajeros y ayudar a los propietarios con nuestros contenidos","url":"https:\/\/www.escapadarural.com\/blog\/autor\/admin\/"}]}},"_links":{"self":[{"href":"https:\/\/www.escapadarural.com\/blog\/wp-json\/wp\/v2\/posts\/6666","targetHints":{"allow":["GET"]}}],"collection":[{"href":"https:\/\/www.escapadarural.com\/blog\/wp-json\/wp\/v2\/posts"}],"about":[{"href":"https:\/\/www.escapadarural.com\/blog\/wp-json\/wp\/v2\/types\/post"}],"author":[{"embeddable":true,"href":"https:\/\/www.escapadarural.com\/blog\/wp-json\/wp\/v2\/users\/85"}],"replies":[{"embeddable":true,"href":"https:\/\/www.escapadarural.com\/blog\/wp-json\/wp\/v2\/comments?post=6666"}],"version-history":[{"count":0,"href":"https:\/\/www.escapadarural.com\/blog\/wp-json\/wp\/v2\/posts\/6666\/revisions"}],"wp:featuredmedia":[{"embeddable":true,"href":"https:\/\/www.escapadarural.com\/blog\/wp-json\/wp\/v2\/media\/79502"}],"wp:attachment":[{"href":"https:\/\/www.escapadarural.com\/blog\/wp-json\/wp\/v2\/media?parent=6666"}],"wp:term":[{"taxonomy":"category","embeddable":true,"href":"https:\/\/www.escapadarural.com\/blog\/wp-json\/wp\/v2\/categories?post=6666"},{"taxonomy":"post_tag","embeddable":true,"href":"https:\/\/www.escapadarural.com\/blog\/wp-json\/wp\/v2\/tags?post=6666"}],"curies":[{"name":"wp","href":"https:\/\/api.w.org\/{rel}","templated":true}]}}