{"id":66697,"date":"2023-10-03T08:34:22","date_gmt":"2023-10-03T07:34:22","guid":{"rendered":"https:\/\/www.escapadarural.com\/blog\/?p=66697"},"modified":"2025-06-06T13:49:14","modified_gmt":"2025-06-06T11:49:14","slug":"fiesta-viernes-13-montalegre","status":"publish","type":"post","link":"https:\/\/www.escapadarural.com\/blog\/fiesta-viernes-13-montalegre\/","title":{"rendered":"El M\u00e1s All\u00e1 aparece en Montalegre cada viernes 13"},"content":{"rendered":"\n<figure class=\"wp-block-image size-large\"><a href=\"https:\/\/www.escapadarural.com\/blog\/wp-content\/uploads\/Sexta-13-julho-2018-Night-45-scaled.jpg\"><img decoding=\"async\" src=\"https:\/\/www.escapadarural.com\/blog\/wp-content\/uploads\/2024\/10\/Sexta-13-julho-2018-Night-45-1024x683-1.jpg\" alt=\"Montalegre, Portugal\" class=\"wp-image-66937\"\/><\/a><figcaption class=\"wp-element-caption\">Viernes 13 en Montalegre (2018). Fuente: Ayuntamiento de Montalegre<\/figcaption><\/figure>\n\n\n\n<p>Siempre que el calendario hace coincidir el \u201cn\u00famero de la mala suerte\u201d con el viernes, la localidad de <strong>Montalegre<\/strong>, perteneciente al distrito de Vila Real, se convierte en la <strong>\u201ccapital de la m\u00edstica\u201d<\/strong>. Pero el supersticioso n\u00famero 13 no trae mala suerte a este pueblo. Al rev\u00e9s. Los viernes 13 son el <em>jackpot<\/em> para los hoteles y restaurantes del municipio.<\/p>\n\n\n\n<p>Se acerca <strong>el \u00faltimo viernes 13 del a\u00f1o<\/strong>, el 13 de octubre, y Montalegre ya ha agotado la capacidad hotelera del municipio y en algunos de los municipios vecinos, como Chaves, Boticas e incluso Ginzo de L\u00edmia, en Galicia. Con m\u00e1s de 400 camas, el ayuntamiento espera recibir cerca de 30.000 visitantes para una gran noche y un gran fin de semana.<\/p>\n\n\n\n<figure class=\"wp-block-image size-large\"><a href=\"https:\/\/www.escapadarural.com\/blog\/wp-content\/uploads\/Sexta-13-julho-2018-Night-23-scaled.jpg\"><img decoding=\"async\" src=\"https:\/\/www.escapadarural.com\/blog\/wp-content\/uploads\/2024\/10\/Sexta-13-julho-2018-Night-23-1024x683-1.jpg\" alt=\"Montalegre, Portugal\" class=\"wp-image-66957\"\/><\/a><figcaption class=\"wp-element-caption\">Viernes 13 en Montalegre (2018). Fuente: Ayuntamiento de Montalegre<\/figcaption><\/figure>\n\n\n\n<p>Como cada viernes 13, el evento comienza a las 13h13 en punto con animaci\u00f3n y m\u00fasica tradicional por las principales calles de Montalegre. Todo el casco hist\u00f3rico estar\u00e1 decorado y habr\u00e1 siete escenarios con diferentes tipos de entretenimiento.<\/p>\n\n\n\n<p>Sin embargo, el momento m\u00e1s esperado de la noche est\u00e1 protagonizado por el cura Ant\u00f3nio Fontes, quien ser\u00e1 el encargado de elaborar la tradicional <strong>\u201cqueimada\u201d<\/strong>, una bebida elaborada con aguardiente, lim\u00f3n, manzana, canela y az\u00facar. El objetivo es quemar la mala suerte, el mal de ojo, la envidia, las plagas y los hechizos, explica el cura en una entrevista telef\u00f3nica con <strong>EscapadaRural<\/strong>. \u201cS\u00f3lo queda lo bueno, que es el licor que se bebe\u201d, a\u00f1ade.<\/p>\n\n\n\n<h2 class=\"wp-block-heading\" id=\"h-montalegre-siempre-ha-estado-ligado-a-la-supersticion-y-al-misticismo\">\u201cMontalegre siempre ha estado ligado a la superstici\u00f3n y al misticismo\u201d<\/h2>\n\n\n\n<figure class=\"wp-block-image size-large\"><a href=\"https:\/\/www.escapadarural.com\/blog\/wp-content\/uploads\/Sexta-13-julho-2018-Night-22-scaled.jpg\"><img decoding=\"async\" src=\"https:\/\/www.escapadarural.com\/blog\/wp-content\/uploads\/2024\/10\/Sexta-13-julho-2018-Night-22-1024x683-1.jpg\" alt=\"Montalegre, Portugal\" class=\"wp-image-66947\"\/><\/a><figcaption class=\"wp-element-caption\">Viernes 13 en Montalegre (2018). Fuente: Ayuntamiento de Montalegre<\/figcaption><\/figure>\n\n\n\n<p>El cura Fontes, tambi\u00e9n conocido como <strong>Dom Bruxo<\/strong> (brujo), ahora con 83 a\u00f1os y un poco debilitado por la enfermedad de Parkinson que le diagnosticaron hace m\u00e1s de 20 a\u00f1os, es la figura central del evento, tanto el viernes 13 como en Halloween (31 de octubre).<\/p>\n\n\n\n<p>De acuerdo con el Ayuntamiento, <strong>\u201cMontalegre siempre ha estado vinculado a la superstici\u00f3n y al misticismo\u201d<\/strong>. Por un lado, por su situaci\u00f3n monta\u00f1osa y aislamiento, en un aut\u00e9ntico enclave entre Galicia y el norte de Portugal.&nbsp;<\/p>\n\n\n\n<p>Este aislamiento es una de las razones por las que la regi\u00f3n ha conservado su propia identidad y fuertes tradiciones. Una parte importante de estas tradiciones est\u00e1 directamente conectada a lo sobrenatural y a la idea de que la brujer\u00eda tiene poderes curativos.<\/p>\n\n\n\n<p>Si retrocedemos docenas de a\u00f1os y consideramos la realidad del aislamiento en la regi\u00f3n, donde era dif\u00edcil conseguir m\u00e9dico y medicinas, podemos comprender la necesidad de recurrir a remedios y creencias populares como cura para dolencias f\u00edsicas y mentales. De esta necesidad nace la \u201cqueimada\u201d, una especie de poci\u00f3n m\u00e1gica, utilizada para combatir el fr\u00edo, los catarros, las gripes y los resfriados.<\/p>\n\n\n\n<figure class=\"wp-block-image size-large\"><a href=\"https:\/\/www.escapadarural.com\/blog\/wp-content\/uploads\/DSC04695-scaled.jpg\"><img decoding=\"async\" src=\"https:\/\/www.escapadarural.com\/blog\/wp-content\/uploads\/2024\/10\/DSC04695-1024x683-1.jpg\" alt=\"Montalegre, Portugal\" class=\"wp-image-66942\"\/><\/a><figcaption class=\"wp-element-caption\">Viernes 13 en Montalegre. Fuente: Ayuntamiento de Montalegre<\/figcaption><\/figure>\n\n\n\n<p>Lo m\u00e1s probable es que esta sabidur\u00eda popular no hubiera llegado hasta nuestros d\u00edas si no fuera por las manos del cura Fontes que siempre ha alimentado esta memoria colectiva y siempre valor\u00f3 las oraciones, los trucos, las leyendas y las tradiciones.<\/p>\n\n\n\n<p>Fue el mismo cura el encargado de poner a Montalegre en el mapa de Portugal y del mundo con el <strong>Congreso de Medicina Popular de Vilar de Perdizes<\/strong>, que se celebra cada a\u00f1o en el primer fin de semana de septiembre, desde 1983. En 2002, el sacerdote tambi\u00e9n empez\u00f3 a celebrar todos los viernes 13 con una cena para un grupo restringido de personas.<\/p>\n\n\n\n<p>En aquella \u00e9poca, tres restaurantes de la localidad serv\u00edan cenas basadas en algunas creencias populares del imaginario tradicional local. Al finalizar estas cenas, el cura Fontes pasaba por los tres restaurantes para servir la \u201cqueimada\u201d y hacer el esconjuro.<\/p>\n\n\n\n<figure class=\"wp-block-image size-large\"><a href=\"https:\/\/www.escapadarural.com\/blog\/wp-content\/uploads\/SEXTA-13-Setembro-2019-Geral-Noite-33-scaled.jpg\"><img decoding=\"async\" src=\"https:\/\/www.escapadarural.com\/blog\/wp-content\/uploads\/2024\/10\/SEXTA-13-Setembro-2019-Geral-Noite-33-1024x682-1.jpg\" alt=\"Montalegre, Portugal\" class=\"wp-image-66945\"\/><\/a><figcaption class=\"wp-element-caption\">Cura Ant\u00f3nio Fontes, el viernes 13, en Montalegre (2019). Fuente: Ayuntamiento de Montalegre<\/figcaption><\/figure>\n\n\n\n<p>Pero hubo un a\u00f1o que se presentaron m\u00e1s de 150 personas en uno de los restaurantes. Tambi\u00e9n quer\u00edan participar y no hab\u00eda suficiente espacio para ellos. Fue entonces cuando se comprendi\u00f3 el potencial del evento, que aumentar\u00eda si se organizara a mayor escala. Luego, el evento pas\u00f3 a hacerse en el Mercado Municipal y, posteriormente, en el castillo, donde actualmente se desarrollan las principales actividades.<\/p>\n\n\n\n<p>Todo este legado del pasado combinado con una vertiente m\u00e1s festiva es el secreto del \u00e9xito de un evento que ha ido creciendo con los a\u00f1os y convirti\u00e9ndose en un fen\u00f3meno en cuanto a los turistas que atrae.<\/p>\n\n\n\n<p>Para el cura Fontes, \u201cel motivo de promover esta actividad siempre ha sido desarrollar el turismo, la gastronom\u00eda y la demanda de esta regi\u00f3n. A partir de costumbres, creencias, supersticiones, cultura popular, traer movimiento y desarrollo a la regi\u00f3n\u201d.<\/p>\n\n\n\n<figure class=\"wp-block-image size-large\"><a href=\"https:\/\/www.escapadarural.com\/blog\/wp-content\/uploads\/Montalegre-Sexta-13-scaled.jpg\"><img decoding=\"async\" src=\"https:\/\/www.escapadarural.com\/blog\/wp-content\/uploads\/2024\/10\/Montalegre-Sexta-13-1024x683-1.jpg\" alt=\"Montalegre, Portugal\" class=\"wp-image-66950\"\/><\/a><figcaption class=\"wp-element-caption\">Viernes 13 en Montalegre. Fuente: Ayuntamiento de Montalegre<\/figcaption><\/figure>\n\n\n\n<p>Y por eso, cada viernes 13, miles de personas, supersticiosas o no \u2013aunque el cura Fontes dice que \u201ctodos somos un poco supersticiosos\u201d\u2013 se dirigen a Montalegre para vivir una experiencia del m\u00e1s all\u00e1.<\/p>\n\n\n\n<p>Puede que el n\u00famero 13 sea conocido como el n\u00famero de la mala suerte, pero lo cierto es que hasta ahora s\u00f3lo ha tra\u00eddo buena fortuna a Montalegre y a quienes visitan este lugar de la regi\u00f3n de Tr\u00e1s-os-Montes. As\u00ed que quien bebe de la \u201cqueimada\u201d del cura Fontes el pr\u00f3ximo viernes 13 tendr\u00e1 un a\u00f1o de suerte. O entonces una buena historia para contar.<\/p>\n","protected":false},"excerpt":{"rendered":"<p>Siempre que el calendario hace coincidir el \u201cn\u00famero de la mala suerte\u201d con el viernes, la localidad de Montalegre, perteneciente al distrito de Vila Real, se convierte en la \u201ccapital de la m\u00edstica\u201d. Pero el supersticioso n\u00famero 13 no trae mala suerte a este pueblo. Al rev\u00e9s. Los viernes 13 son el jackpot para los hoteles y restaurantes del municipio.<\/p>\n","protected":false},"author":135,"featured_media":95802,"comment_status":"open","ping_status":"open","sticky":false,"template":"","format":"standard","meta":{"_acf_changed":false,"om_disable_all_campaigns":false,"footnotes":""},"categories":[231],"tags":[2728,538,502,5362,2183],"class_list":["post-66697","post","type-post","status-publish","format-standard","has-post-thumbnail","hentry","category-arte-y-cultura","tag-montalegre","tag-portugal","tag-tradiciones","tag-viernes-13","tag-vila-real"],"acf":[],"featured_image_src":"https:\/\/www.escapadarural.com\/blog\/wp-content\/uploads\/2024\/10\/Sexta-13-julho-2018-Night-45-1024x683-1.jpg","author_info":{"display_name":"\u00c2ngela Coelho","author_link":"https:\/\/www.escapadarural.com\/blog\/autor\/angela\/"},"yoast_head":"<!-- This site is optimized with the Yoast SEO plugin v27.5 - https:\/\/yoast.com\/product\/yoast-seo-wordpress\/ -->\n<title>El M\u00e1s All\u00e1 aparece en Montalegre cada viernes 13 - EscapadaRural<\/title>\n<meta name=\"robots\" content=\"index, follow, max-snippet:-1, max-image-preview:large, max-video-preview:-1\" \/>\n<link rel=\"canonical\" href=\"https:\/\/www.escapadarural.com\/blog\/fiesta-viernes-13-montalegre\/\" \/>\n<meta property=\"og:locale\" content=\"es_ES\" \/>\n<meta property=\"og:type\" content=\"article\" \/>\n<meta property=\"og:title\" content=\"El M\u00e1s All\u00e1 aparece en Montalegre cada viernes 13 - EscapadaRural\" \/>\n<meta property=\"og:description\" content=\"Siempre que el calendario hace coincidir el \u201cn\u00famero de la mala suerte\u201d con el viernes, la localidad de Montalegre, perteneciente al distrito de Vila Real, se convierte en la \u201ccapital de la m\u00edstica\u201d. Pero el supersticioso n\u00famero 13 no trae mala suerte a este pueblo. Al rev\u00e9s. Los viernes 13 son el jackpot para los hoteles y restaurantes del municipio.\" \/>\n<meta property=\"og:url\" content=\"https:\/\/www.escapadarural.com\/blog\/fiesta-viernes-13-montalegre\/\" \/>\n<meta property=\"og:site_name\" content=\"Magazine de viajes de EscapadaRural\" \/>\n<meta property=\"article:publisher\" content=\"https:\/\/www.facebook.com\/escapadarural\" \/>\n<meta property=\"article:published_time\" content=\"2023-10-03T07:34:22+00:00\" \/>\n<meta property=\"article:modified_time\" content=\"2025-06-06T11:49:14+00:00\" \/>\n<meta property=\"og:image\" content=\"https:\/\/www.escapadarural.com\/blog\/wp-content\/uploads\/2024\/10\/Sexta-13-julho-2018-Night-45-1024x683-1.jpg\" \/>\n\t<meta property=\"og:image:width\" content=\"1024\" \/>\n\t<meta property=\"og:image:height\" content=\"683\" \/>\n\t<meta property=\"og:image:type\" content=\"image\/jpeg\" \/>\n<meta name=\"author\" content=\"\u00c2ngela Coelho\" \/>\n<meta name=\"twitter:card\" content=\"summary_large_image\" \/>\n<meta name=\"twitter:label1\" content=\"Escrito por\" \/>\n\t<meta name=\"twitter:data1\" content=\"\u00c2ngela Coelho\" \/>\n\t<meta name=\"twitter:label2\" content=\"Tiempo de lectura\" \/>\n\t<meta name=\"twitter:data2\" content=\"5 minutos\" \/>\n<script type=\"application\/ld+json\" class=\"yoast-schema-graph\">{\"@context\":\"https:\\\/\\\/schema.org\",\"@graph\":[{\"@type\":\"Article\",\"@id\":\"https:\\\/\\\/www.escapadarural.com\\\/blog\\\/fiesta-viernes-13-montalegre\\\/#article\",\"isPartOf\":{\"@id\":\"https:\\\/\\\/www.escapadarural.com\\\/blog\\\/fiesta-viernes-13-montalegre\\\/\"},\"author\":{\"name\":\"\u00c2ngela Coelho\",\"@id\":\"https:\\\/\\\/www.escapadarural.com\\\/blog\\\/#\\\/schema\\\/person\\\/27db72653db008ab82e5d7fe93d09972\"},\"headline\":\"El M\u00e1s All\u00e1 aparece en Montalegre cada viernes 13\",\"datePublished\":\"2023-10-03T07:34:22+00:00\",\"dateModified\":\"2025-06-06T11:49:14+00:00\",\"mainEntityOfPage\":{\"@id\":\"https:\\\/\\\/www.escapadarural.com\\\/blog\\\/fiesta-viernes-13-montalegre\\\/\"},\"wordCount\":921,\"commentCount\":0,\"publisher\":{\"@id\":\"https:\\\/\\\/www.escapadarural.com\\\/blog\\\/#organization\"},\"image\":{\"@id\":\"https:\\\/\\\/www.escapadarural.com\\\/blog\\\/fiesta-viernes-13-montalegre\\\/#primaryimage\"},\"thumbnailUrl\":\"https:\\\/\\\/www.escapadarural.com\\\/blog\\\/wp-content\\\/uploads\\\/2024\\\/10\\\/Sexta-13-julho-2018-Night-45-1024x683-1.jpg\",\"keywords\":[\"montalegre\",\"portugal\",\"Tradiciones\",\"viernes 13\",\"Vila Real\"],\"articleSection\":[\"Arte y Cultura\"],\"inLanguage\":\"es\",\"potentialAction\":[{\"@type\":\"CommentAction\",\"name\":\"Comment\",\"target\":[\"https:\\\/\\\/www.escapadarural.com\\\/blog\\\/fiesta-viernes-13-montalegre\\\/#respond\"]}]},{\"@type\":\"WebPage\",\"@id\":\"https:\\\/\\\/www.escapadarural.com\\\/blog\\\/fiesta-viernes-13-montalegre\\\/\",\"url\":\"https:\\\/\\\/www.escapadarural.com\\\/blog\\\/fiesta-viernes-13-montalegre\\\/\",\"name\":\"El M\u00e1s All\u00e1 aparece en Montalegre cada viernes 13 - EscapadaRural\",\"isPartOf\":{\"@id\":\"https:\\\/\\\/www.escapadarural.com\\\/blog\\\/#website\"},\"primaryImageOfPage\":{\"@id\":\"https:\\\/\\\/www.escapadarural.com\\\/blog\\\/fiesta-viernes-13-montalegre\\\/#primaryimage\"},\"image\":{\"@id\":\"https:\\\/\\\/www.escapadarural.com\\\/blog\\\/fiesta-viernes-13-montalegre\\\/#primaryimage\"},\"thumbnailUrl\":\"https:\\\/\\\/www.escapadarural.com\\\/blog\\\/wp-content\\\/uploads\\\/2024\\\/10\\\/Sexta-13-julho-2018-Night-45-1024x683-1.jpg\",\"datePublished\":\"2023-10-03T07:34:22+00:00\",\"dateModified\":\"2025-06-06T11:49:14+00:00\",\"breadcrumb\":{\"@id\":\"https:\\\/\\\/www.escapadarural.com\\\/blog\\\/fiesta-viernes-13-montalegre\\\/#breadcrumb\"},\"inLanguage\":\"es\",\"potentialAction\":[{\"@type\":\"ReadAction\",\"target\":[\"https:\\\/\\\/www.escapadarural.com\\\/blog\\\/fiesta-viernes-13-montalegre\\\/\"]}]},{\"@type\":\"ImageObject\",\"inLanguage\":\"es\",\"@id\":\"https:\\\/\\\/www.escapadarural.com\\\/blog\\\/fiesta-viernes-13-montalegre\\\/#primaryimage\",\"url\":\"https:\\\/\\\/www.escapadarural.com\\\/blog\\\/wp-content\\\/uploads\\\/2024\\\/10\\\/Sexta-13-julho-2018-Night-45-1024x683-1.jpg\",\"contentUrl\":\"https:\\\/\\\/www.escapadarural.com\\\/blog\\\/wp-content\\\/uploads\\\/2024\\\/10\\\/Sexta-13-julho-2018-Night-45-1024x683-1.jpg\",\"width\":1024,\"height\":683,\"caption\":\"Una gran multitud reunida de noche frente a un castillo medieval iluminado con luces verdes, disfrutando de un evento o festival al aire libre: una experiencia encantadora que resalta el encanto del turismo rural.\"},{\"@type\":\"BreadcrumbList\",\"@id\":\"https:\\\/\\\/www.escapadarural.com\\\/blog\\\/fiesta-viernes-13-montalegre\\\/#breadcrumb\",\"itemListElement\":[{\"@type\":\"ListItem\",\"position\":1,\"name\":\"Inicio\",\"item\":\"https:\\\/\\\/www.escapadarural.com\\\/blog\\\/\"},{\"@type\":\"ListItem\",\"position\":2,\"name\":\"Arte y Cultura\",\"item\":\"https:\\\/\\\/www.escapadarural.com\\\/blog\\\/categoria\\\/arte-y-cultura\\\/\"},{\"@type\":\"ListItem\",\"position\":3,\"name\":\"El M\u00e1s All\u00e1 aparece en Montalegre cada viernes 13\"}]},{\"@type\":\"WebSite\",\"@id\":\"https:\\\/\\\/www.escapadarural.com\\\/blog\\\/#website\",\"url\":\"https:\\\/\\\/www.escapadarural.com\\\/blog\\\/\",\"name\":\"Blog de viajes | turismo rural, alojamientos e inspiraci\u00f3n\",\"description\":\"Alojamientos rurales e inspiraci\u00f3n para tus escapadas\",\"publisher\":{\"@id\":\"https:\\\/\\\/www.escapadarural.com\\\/blog\\\/#organization\"},\"alternateName\":\"Magazine de viajes de EscapadaRural\",\"potentialAction\":[{\"@type\":\"SearchAction\",\"target\":{\"@type\":\"EntryPoint\",\"urlTemplate\":\"https:\\\/\\\/www.escapadarural.com\\\/blog\\\/?s={search_term_string}\"},\"query-input\":{\"@type\":\"PropertyValueSpecification\",\"valueRequired\":true,\"valueName\":\"search_term_string\"}}],\"inLanguage\":\"es\"},{\"@type\":\"Organization\",\"@id\":\"https:\\\/\\\/www.escapadarural.com\\\/blog\\\/#organization\",\"name\":\"EscapadaRural\",\"url\":\"https:\\\/\\\/www.escapadarural.com\\\/blog\\\/\",\"logo\":{\"@type\":\"ImageObject\",\"inLanguage\":\"es\",\"@id\":\"https:\\\/\\\/www.escapadarural.com\\\/blog\\\/#\\\/schema\\\/logo\\\/image\\\/\",\"url\":\"https:\\\/\\\/www.escapadarural.com\\\/blog\\\/wp-content\\\/uploads\\\/2024\\\/10\\\/cropped-cropped-escapada-rural-icon-mag-3.png\",\"contentUrl\":\"https:\\\/\\\/www.escapadarural.com\\\/blog\\\/wp-content\\\/uploads\\\/2024\\\/10\\\/cropped-cropped-escapada-rural-icon-mag-3.png\",\"width\":512,\"height\":512,\"caption\":\"EscapadaRural\"},\"image\":{\"@id\":\"https:\\\/\\\/www.escapadarural.com\\\/blog\\\/#\\\/schema\\\/logo\\\/image\\\/\"},\"sameAs\":[\"https:\\\/\\\/www.facebook.com\\\/escapadarural\",\"https:\\\/\\\/www.instagram.com\\\/escapadarural\\\/\",\"https:\\\/\\\/www.youtube.com\\\/@escapadaruralcom\"]},{\"@type\":\"Person\",\"@id\":\"https:\\\/\\\/www.escapadarural.com\\\/blog\\\/#\\\/schema\\\/person\\\/27db72653db008ab82e5d7fe93d09972\",\"name\":\"\u00c2ngela Coelho\",\"image\":{\"@type\":\"ImageObject\",\"inLanguage\":\"es\",\"@id\":\"https:\\\/\\\/secure.gravatar.com\\\/avatar\\\/266007c4d733a1352809d25c72c8c5b058255e48028e729b91b5970cdc3b19ab?s=96&d=mm&r=g\",\"url\":\"https:\\\/\\\/secure.gravatar.com\\\/avatar\\\/266007c4d733a1352809d25c72c8c5b058255e48028e729b91b5970cdc3b19ab?s=96&d=mm&r=g\",\"contentUrl\":\"https:\\\/\\\/secure.gravatar.com\\\/avatar\\\/266007c4d733a1352809d25c72c8c5b058255e48028e729b91b5970cdc3b19ab?s=96&d=mm&r=g\",\"caption\":\"\u00c2ngela Coelho\"},\"url\":\"https:\\\/\\\/www.escapadarural.com\\\/blog\\\/autor\\\/angela\\\/\"}]}<\/script>\n<!-- \/ Yoast SEO plugin. -->","yoast_head_json":{"title":"El M\u00e1s All\u00e1 aparece en Montalegre cada viernes 13 - EscapadaRural","robots":{"index":"index","follow":"follow","max-snippet":"max-snippet:-1","max-image-preview":"max-image-preview:large","max-video-preview":"max-video-preview:-1"},"canonical":"https:\/\/www.escapadarural.com\/blog\/fiesta-viernes-13-montalegre\/","og_locale":"es_ES","og_type":"article","og_title":"El M\u00e1s All\u00e1 aparece en Montalegre cada viernes 13 - EscapadaRural","og_description":"Siempre que el calendario hace coincidir el \u201cn\u00famero de la mala suerte\u201d con el viernes, la localidad de Montalegre, perteneciente al distrito de Vila Real, se convierte en la \u201ccapital de la m\u00edstica\u201d. Pero el supersticioso n\u00famero 13 no trae mala suerte a este pueblo. Al rev\u00e9s. Los viernes 13 son el jackpot para los hoteles y restaurantes del municipio.","og_url":"https:\/\/www.escapadarural.com\/blog\/fiesta-viernes-13-montalegre\/","og_site_name":"Magazine de viajes de EscapadaRural","article_publisher":"https:\/\/www.facebook.com\/escapadarural","article_published_time":"2023-10-03T07:34:22+00:00","article_modified_time":"2025-06-06T11:49:14+00:00","og_image":[{"width":1024,"height":683,"url":"https:\/\/www.escapadarural.com\/blog\/wp-content\/uploads\/2024\/10\/Sexta-13-julho-2018-Night-45-1024x683-1.jpg","type":"image\/jpeg"}],"author":"\u00c2ngela Coelho","twitter_card":"summary_large_image","twitter_misc":{"Escrito por":"\u00c2ngela Coelho","Tiempo de lectura":"5 minutos"},"schema":{"@context":"https:\/\/schema.org","@graph":[{"@type":"Article","@id":"https:\/\/www.escapadarural.com\/blog\/fiesta-viernes-13-montalegre\/#article","isPartOf":{"@id":"https:\/\/www.escapadarural.com\/blog\/fiesta-viernes-13-montalegre\/"},"author":{"name":"\u00c2ngela Coelho","@id":"https:\/\/www.escapadarural.com\/blog\/#\/schema\/person\/27db72653db008ab82e5d7fe93d09972"},"headline":"El M\u00e1s All\u00e1 aparece en Montalegre cada viernes 13","datePublished":"2023-10-03T07:34:22+00:00","dateModified":"2025-06-06T11:49:14+00:00","mainEntityOfPage":{"@id":"https:\/\/www.escapadarural.com\/blog\/fiesta-viernes-13-montalegre\/"},"wordCount":921,"commentCount":0,"publisher":{"@id":"https:\/\/www.escapadarural.com\/blog\/#organization"},"image":{"@id":"https:\/\/www.escapadarural.com\/blog\/fiesta-viernes-13-montalegre\/#primaryimage"},"thumbnailUrl":"https:\/\/www.escapadarural.com\/blog\/wp-content\/uploads\/2024\/10\/Sexta-13-julho-2018-Night-45-1024x683-1.jpg","keywords":["montalegre","portugal","Tradiciones","viernes 13","Vila Real"],"articleSection":["Arte y Cultura"],"inLanguage":"es","potentialAction":[{"@type":"CommentAction","name":"Comment","target":["https:\/\/www.escapadarural.com\/blog\/fiesta-viernes-13-montalegre\/#respond"]}]},{"@type":"WebPage","@id":"https:\/\/www.escapadarural.com\/blog\/fiesta-viernes-13-montalegre\/","url":"https:\/\/www.escapadarural.com\/blog\/fiesta-viernes-13-montalegre\/","name":"El M\u00e1s All\u00e1 aparece en Montalegre cada viernes 13 - EscapadaRural","isPartOf":{"@id":"https:\/\/www.escapadarural.com\/blog\/#website"},"primaryImageOfPage":{"@id":"https:\/\/www.escapadarural.com\/blog\/fiesta-viernes-13-montalegre\/#primaryimage"},"image":{"@id":"https:\/\/www.escapadarural.com\/blog\/fiesta-viernes-13-montalegre\/#primaryimage"},"thumbnailUrl":"https:\/\/www.escapadarural.com\/blog\/wp-content\/uploads\/2024\/10\/Sexta-13-julho-2018-Night-45-1024x683-1.jpg","datePublished":"2023-10-03T07:34:22+00:00","dateModified":"2025-06-06T11:49:14+00:00","breadcrumb":{"@id":"https:\/\/www.escapadarural.com\/blog\/fiesta-viernes-13-montalegre\/#breadcrumb"},"inLanguage":"es","potentialAction":[{"@type":"ReadAction","target":["https:\/\/www.escapadarural.com\/blog\/fiesta-viernes-13-montalegre\/"]}]},{"@type":"ImageObject","inLanguage":"es","@id":"https:\/\/www.escapadarural.com\/blog\/fiesta-viernes-13-montalegre\/#primaryimage","url":"https:\/\/www.escapadarural.com\/blog\/wp-content\/uploads\/2024\/10\/Sexta-13-julho-2018-Night-45-1024x683-1.jpg","contentUrl":"https:\/\/www.escapadarural.com\/blog\/wp-content\/uploads\/2024\/10\/Sexta-13-julho-2018-Night-45-1024x683-1.jpg","width":1024,"height":683,"caption":"Una gran multitud reunida de noche frente a un castillo medieval iluminado con luces verdes, disfrutando de un evento o festival al aire libre: una experiencia encantadora que resalta el encanto del turismo rural."},{"@type":"BreadcrumbList","@id":"https:\/\/www.escapadarural.com\/blog\/fiesta-viernes-13-montalegre\/#breadcrumb","itemListElement":[{"@type":"ListItem","position":1,"name":"Inicio","item":"https:\/\/www.escapadarural.com\/blog\/"},{"@type":"ListItem","position":2,"name":"Arte y Cultura","item":"https:\/\/www.escapadarural.com\/blog\/categoria\/arte-y-cultura\/"},{"@type":"ListItem","position":3,"name":"El M\u00e1s All\u00e1 aparece en Montalegre cada viernes 13"}]},{"@type":"WebSite","@id":"https:\/\/www.escapadarural.com\/blog\/#website","url":"https:\/\/www.escapadarural.com\/blog\/","name":"Blog de viajes | turismo rural, alojamientos e inspiraci\u00f3n","description":"Alojamientos rurales e inspiraci\u00f3n para tus escapadas","publisher":{"@id":"https:\/\/www.escapadarural.com\/blog\/#organization"},"alternateName":"Magazine de viajes de EscapadaRural","potentialAction":[{"@type":"SearchAction","target":{"@type":"EntryPoint","urlTemplate":"https:\/\/www.escapadarural.com\/blog\/?s={search_term_string}"},"query-input":{"@type":"PropertyValueSpecification","valueRequired":true,"valueName":"search_term_string"}}],"inLanguage":"es"},{"@type":"Organization","@id":"https:\/\/www.escapadarural.com\/blog\/#organization","name":"EscapadaRural","url":"https:\/\/www.escapadarural.com\/blog\/","logo":{"@type":"ImageObject","inLanguage":"es","@id":"https:\/\/www.escapadarural.com\/blog\/#\/schema\/logo\/image\/","url":"https:\/\/www.escapadarural.com\/blog\/wp-content\/uploads\/2024\/10\/cropped-cropped-escapada-rural-icon-mag-3.png","contentUrl":"https:\/\/www.escapadarural.com\/blog\/wp-content\/uploads\/2024\/10\/cropped-cropped-escapada-rural-icon-mag-3.png","width":512,"height":512,"caption":"EscapadaRural"},"image":{"@id":"https:\/\/www.escapadarural.com\/blog\/#\/schema\/logo\/image\/"},"sameAs":["https:\/\/www.facebook.com\/escapadarural","https:\/\/www.instagram.com\/escapadarural\/","https:\/\/www.youtube.com\/@escapadaruralcom"]},{"@type":"Person","@id":"https:\/\/www.escapadarural.com\/blog\/#\/schema\/person\/27db72653db008ab82e5d7fe93d09972","name":"\u00c2ngela Coelho","image":{"@type":"ImageObject","inLanguage":"es","@id":"https:\/\/secure.gravatar.com\/avatar\/266007c4d733a1352809d25c72c8c5b058255e48028e729b91b5970cdc3b19ab?s=96&d=mm&r=g","url":"https:\/\/secure.gravatar.com\/avatar\/266007c4d733a1352809d25c72c8c5b058255e48028e729b91b5970cdc3b19ab?s=96&d=mm&r=g","contentUrl":"https:\/\/secure.gravatar.com\/avatar\/266007c4d733a1352809d25c72c8c5b058255e48028e729b91b5970cdc3b19ab?s=96&d=mm&r=g","caption":"\u00c2ngela Coelho"},"url":"https:\/\/www.escapadarural.com\/blog\/autor\/angela\/"}]}},"_links":{"self":[{"href":"https:\/\/www.escapadarural.com\/blog\/wp-json\/wp\/v2\/posts\/66697","targetHints":{"allow":["GET"]}}],"collection":[{"href":"https:\/\/www.escapadarural.com\/blog\/wp-json\/wp\/v2\/posts"}],"about":[{"href":"https:\/\/www.escapadarural.com\/blog\/wp-json\/wp\/v2\/types\/post"}],"author":[{"embeddable":true,"href":"https:\/\/www.escapadarural.com\/blog\/wp-json\/wp\/v2\/users\/135"}],"replies":[{"embeddable":true,"href":"https:\/\/www.escapadarural.com\/blog\/wp-json\/wp\/v2\/comments?post=66697"}],"version-history":[{"count":0,"href":"https:\/\/www.escapadarural.com\/blog\/wp-json\/wp\/v2\/posts\/66697\/revisions"}],"wp:featuredmedia":[{"embeddable":true,"href":"https:\/\/www.escapadarural.com\/blog\/wp-json\/wp\/v2\/media\/95802"}],"wp:attachment":[{"href":"https:\/\/www.escapadarural.com\/blog\/wp-json\/wp\/v2\/media?parent=66697"}],"wp:term":[{"taxonomy":"category","embeddable":true,"href":"https:\/\/www.escapadarural.com\/blog\/wp-json\/wp\/v2\/categories?post=66697"},{"taxonomy":"post_tag","embeddable":true,"href":"https:\/\/www.escapadarural.com\/blog\/wp-json\/wp\/v2\/tags?post=66697"}],"curies":[{"name":"wp","href":"https:\/\/api.w.org\/{rel}","templated":true}]}}