{"id":66754,"date":"2023-10-04T06:47:00","date_gmt":"2023-10-04T05:47:00","guid":{"rendered":"https:\/\/www.escapadarural.com\/blog\/?p=66754"},"modified":"2025-02-10T14:57:53","modified_gmt":"2025-02-10T12:57:53","slug":"ferias-de-otono-que-visitar-en-octubre","status":"publish","type":"post","link":"https:\/\/www.escapadarural.com\/blog\/ferias-de-otono-que-visitar-en-octubre\/","title":{"rendered":"Ferias de oto\u00f1o que visitar en octubre"},"content":{"rendered":"\n<figure class=\"wp-block-image size-large\"><a href=\"https:\/\/www.escapadarural.com\/blog\/wp-content\/uploads\/AdobeStock_95391839-scaled.jpeg\"><img decoding=\"async\" src=\"https:\/\/www.escapadarural.com\/blog\/wp-content\/uploads\/2024\/10\/AdobeStock_95391839-1024x393-1.jpeg\" alt=\"Ferias de oto\u00f1o en Asturias\" class=\"wp-image-66802\"\/><\/a><figcaption class=\"wp-element-caption\">Por: Mik Man<\/figcaption><\/figure>\n\n\n\n<p>El oto\u00f1o es una de las estaciones m\u00e1s contemplativas que existen. El caer de las hojas, el sonido de los riachuelos y el vuelo de los p\u00e1jaros, est\u00e1n muy presentes durante el mes de octubre. Es por eso que resulta un momento ideal para <strong>descansar de la rutina <\/strong>y conocer el mundo rural. A continuaci\u00f3n, te ense\u00f1amos<strong> ferias de oto\u00f1o<\/strong> perfectas para una escapada rural y dos pueblos de encanto en los que finalizar el d\u00eda y descansar.<\/p>\n\n\n\n<div class=\"wp-block-buttons is-layout-flex wp-block-buttons-is-layout-flex\">\n<div class=\"wp-block-button\"><a class=\"wp-block-button__link wp-element-button\" href=\"\/casas-rurales\" target=\"_blank\" rel=\"noreferrer noopener\">Encuentra tu alojamiento<\/a><\/div>\n<\/div>\n\n\n\n<h2 class=\"wp-block-heading\" id=\"h-salas-un-pueblo-con-su-propia-feria-medieval\">Salas, un pueblo con su propia feria medieval<\/h2>\n\n\n\n<figure class=\"wp-block-image size-large\"><a href=\"https:\/\/www.escapadarural.com\/blog\/wp-content\/uploads\/AdobeStock_265533717-scaled.jpeg\"><img decoding=\"async\" src=\"https:\/\/www.escapadarural.com\/blog\/wp-content\/uploads\/2024\/10\/AdobeStock_265533717-1024x683-1.jpeg\" alt=\"Feria de oto\u00f1o en Salas, Asturias\" class=\"wp-image-66771\"\/><\/a><figcaption class=\"wp-element-caption\">Por: lleandralacuerva<\/figcaption><\/figure>\n\n\n\n<p>Durante los d\u00edas siete y ocho de octubre de este 2023, Salas acoge su<strong> IX Feria Medieval<\/strong>. En este asentamiento asturiano, podr\u00e1s deleitarte con una feria de oto\u00f1o con un <strong>mercadillo artesanal <\/strong>y agroalimentario.<\/p>\n\n\n\n<p>Los vecinos se visten para la ocasi\u00f3n y en conjunto con el <strong>patrimonio hist\u00f3rico y art\u00edstico <\/strong>espl\u00e9ndido, las calles se convierten en escenarios llenos de entusiasmo e ilusi\u00f3n. Los bufones tomar\u00e1n los callejones, podr\u00e1s sorprenderte con <strong>demostraciones de cetrer\u00eda<\/strong> y los m\u00e1s peque\u00f1os cuentan con juegos infantiles para vivir la experiencia desde una visi\u00f3n \u00fanica.<\/p>\n\n\n\n<p>Coronando la aldea, se encuentra la imponente torre, el maravilloso <strong>palacio medieval de los Vald\u00e9s Salas<\/strong> y la colegiata de Santa Mar\u00eda La Mayor, todas estas construcciones elaboradas de forma majestuosa.<\/p>\n\n\n\n<p>En cuanto a la <strong>gastronom\u00eda<\/strong>, Asturias es una comunidad aut\u00f3noma que embelesa todos los paladares. Los restaurantes locales te deleitar\u00e1n con platos t\u00edpicos como la fabada, <strong>el cachopo<\/strong> y el pote de berzas. A modo de complemento, no puedes dejar escapar la<strong> sidra asturiana<\/strong>, un elixir ancestral.<\/p>\n\n\n\n<p>Para descansar, te recomendamos <a href=\"\/casa-rural\/asturias\/casa-nueva\" target=\"_blank\" rel=\"noreferrer noopener\"><strong>Casa Nueva<\/strong><\/a>, en el mismo pueblo de Salas. Este alojamiento rural unifamiliar cuenta con 300 metros cuadrados construidos y un total de seis plazas. Adem\u00e1s, dispone de una <strong>chimenea de le\u00f1a <\/strong>(para vivir una feria de oto\u00f1o en pleno esplendor), un jard\u00edn con barbacoa y un garaje privado.<\/p>\n\n\n\n<div class=\"wp-block-buttons is-layout-flex wp-block-buttons-is-layout-flex\">\n<div class=\"wp-block-button\"><a class=\"wp-block-button__link wp-element-button\" href=\"\/casas-rurales\/asturias\" target=\"_blank\" rel=\"noreferrer noopener\">Casas rurales en Asturias<\/a><\/div>\n<\/div>\n\n\n\n<h2 class=\"wp-block-heading\" id=\"h-villaseco-del-pan-y-la-feria-hispanolusa-de-productos-ecologicos\">Villaseco del Pan y la Feria Hispanolusa de productos ecol\u00f3gicos<\/h2>\n\n\n\n<figure class=\"wp-block-image size-large\"><a href=\"https:\/\/www.escapadarural.com\/blog\/wp-content\/uploads\/AdobeStock_562173845-scaled.jpeg\"><img decoding=\"async\" src=\"https:\/\/www.escapadarural.com\/blog\/wp-content\/uploads\/2024\/10\/AdobeStock_562173845-1024x683-1.jpeg\" alt=\"Embalse de Ricobayo \" class=\"wp-image-66800\"\/><\/a><figcaption class=\"wp-element-caption\">Por: PapatoniC<\/figcaption><\/figure>\n\n\n\n<p>La decimonovena edici\u00f3n de Ecocultura lleva a cabo su <strong>Feria Hispanolusa de Productos Ecol\u00f3gicos<\/strong> en IFEZA, un recinto ferial de Zamora. Es una referencia para los productores, elaboradores y distribuidores de todo el pa\u00eds, donde se pueden observar <strong>m\u00e1s de 100 expositores<\/strong> de todos los sectores. Este a\u00f1o 2023, tendr\u00e1 lugar durante el 13, 14 y 15 de octubre, exhibiendo con especial protagonismo las hortalizas. Es un sitio perfecto para<strong> asistir a degustaciones<\/strong> y catas dirigidas.<\/p>\n\n\n\n<p>Adem\u00e1s de premiar a tu paladar con algunas de las mejores hortalizas de esta feria de oto\u00f1o, a tan solo 25 minutos en coche se mantiene en pie el pueblo humilde de <strong>Villaseco del Pan<\/strong>, un paraje espl\u00e9ndido para descansar.<\/p>\n\n\n\n<p>Este tesoro escondido de la<strong> provincia de Zamora<\/strong> es perfecto para experimentar pura tranquilidad. Est\u00e1 situado en la comarca de Tierra del Pan, un oasis de autenticidad y tradici\u00f3n que enamora a quienes tienen la suerte de descubrirlo. Mientras paseas por sus encantadores rincones y visitas la humilde<strong> iglesia de Santa Eufemia<\/strong>, sentir\u00e1s c\u00f3mo el estr\u00e9s de la vida moderna se desvanece y te sumergir\u00e1s en una <strong>atm\u00f3sfera de serenidad <\/strong>y autenticidad.<\/p>\n\n\n\n<p>El entorno natural que rodea Villaseco del Pan es un regalo para los <strong>amantes de la naturaleza<\/strong>. La comarca de Tierra del Pan es conocida por sus extensos campos de cultivo, sus prados verdes y sus colinas ondulantes, que crean un paisaje impresionante para explorar a pie o en bicicleta. Adem\u00e1s,<strong> el embalse de Ricobayo<\/strong>, a 40 minutos en coche, es un paraje magn\u00edfico para la pesca y actividades acu\u00e1ticas.<\/p>\n\n\n\n<p>Cuando llegue la noche, te aconsejamos recuperar las energ\u00edas en <a href=\"\/casa-rural\/zamora\/el-ciruelo-rojo\" target=\"_blank\" rel=\"noreferrer noopener\"><strong>El Ciruelo Rojo<\/strong><\/a>. Esta casa rural se encuentra en el propio pueblo de Villaseco del Pan y cuenta con una estructura muy acogedora que resulta llamativa al estar rehabilitada con materiales de la zona como la piedra, la pizarra y la madera. Este emplazamiento es ideal para <strong>disfrutar de una noche estrellada <\/strong>con tus seres queridos, adem\u00e1s de que cuenta con un jard\u00edn hermoso rodeado por un muro de piedra, para que puedas tener charlas nocturnas con total intimidad.<\/p>\n\n\n\n<p>Una<strong> feria de oto\u00f1o<\/strong> es una oportunidad \u00fanica para<strong> reencontrarse con la tierra<\/strong>, probar alimentos sabrosos de primera calidad y fundirse con las tradiciones medievales. Es un momento m\u00e1gico para reunirte con la familia, con tus amigos o con tu pareja y profundizar vuestros v\u00ednculos. Es un instante en el que los paseos cobran un tono mucho m\u00e1s amable y los paisajes son el marco perfecto para mirar al futuro con ilusi\u00f3n.<\/p>\n\n\n\n<div class=\"wp-block-buttons is-layout-flex wp-block-buttons-is-layout-flex\">\n<div class=\"wp-block-button\"><a class=\"wp-block-button__link wp-element-button\" href=\"\/casas-rurales\/zamora\" target=\"_blank\" rel=\"noreferrer noopener\">Casas rurales en Zamora<\/a><\/div>\n<\/div>\n\n\n\n<h2 class=\"wp-block-heading\" id=\"h-mas-articulos-sobre-que-hacer-en-otono\">M\u00e1s art\u00edculos sobre qu\u00e9 hacer en oto\u00f1o<\/h2>\n\n\n<section class=\"wp-block-ub-post-grid ub-block-post-grid align  is-equal-height preserve-post-image-aspect-ratio\" style=\"\" id=\"ub-post-grid-\"><div class=\"ub-post-grid-items is-grid columns-2\" style=\"row-gap: 32px; column-gap: 32px; \"><article id=\"post-213906\" class=\"ub-post-grid-item post-213906 post type-post status-publish format-standard has-post-thumbnail hentry category-destinos category-rutas-y-excursiones tag-amigos tag-que-ver-en-andalucia tag-caminito-del-rey tag-frigiliana tag-que-ver-en-malaga tag-otono tag-pareja tag-primavera tag-senderismo\" style=\"\"><div class=\"ub-block-post-grid-image\" style=\"\"><a href=\"https:\/\/www.escapadarural.com\/blog\/ruta-acequia-lizar-otro-caminito-del-rey-malaga\/\" rel=\"bookmark\" aria-hidden=\"true\" tabindex=\"-1\"><img loading=\"lazy\" decoding=\"async\" width=\"2048\" height=\"1365\" src=\"https:\/\/www.escapadarural.com\/blog\/wp-content\/uploads\/2026\/02\/AdobeStock_450481709-scaled.jpeg\" class=\"attachment-full size-full\" alt=\"Pasarela met\u00e1lica en la ruta de la acequia L\u00edzar (M\u00e1laga). Por eunikas\" style=\"max-width: 600px; \" srcset=\"https:\/\/www.escapadarural.com\/blog\/wp-content\/uploads\/2026\/02\/AdobeStock_450481709-200x133.jpeg 200w, https:\/\/www.escapadarural.com\/blog\/wp-content\/uploads\/2026\/02\/AdobeStock_450481709-300x200.jpeg 300w, https:\/\/www.escapadarural.com\/blog\/wp-content\/uploads\/2026\/02\/AdobeStock_450481709-400x267.jpeg 400w, https:\/\/www.escapadarural.com\/blog\/wp-content\/uploads\/2026\/02\/AdobeStock_450481709-600x400.jpeg 600w, https:\/\/www.escapadarural.com\/blog\/wp-content\/uploads\/2026\/02\/AdobeStock_450481709-768x512.jpeg 768w, https:\/\/www.escapadarural.com\/blog\/wp-content\/uploads\/2026\/02\/AdobeStock_450481709-800x533.jpeg 800w, https:\/\/www.escapadarural.com\/blog\/wp-content\/uploads\/2026\/02\/AdobeStock_450481709-1024x683.jpeg 1024w, https:\/\/www.escapadarural.com\/blog\/wp-content\/uploads\/2026\/02\/AdobeStock_450481709-1200x800.jpeg 1200w, https:\/\/www.escapadarural.com\/blog\/wp-content\/uploads\/2026\/02\/AdobeStock_450481709-1536x1024.jpeg 1536w, https:\/\/www.escapadarural.com\/blog\/wp-content\/uploads\/2026\/02\/AdobeStock_450481709-scaled.jpeg 2048w\" sizes=\"auto, (max-width: 2048px) 100vw, 2048px\"><\/a><\/div><div class=\"ub-block-post-grid-text\" style=\"\"><div class=\"ub-block-post-grid-header-content\"><header class=\"ub-block-post-grid-header\"><h3 class=\"ub-block-post-grid-title\"><a style=\"\" href=\"https:\/\/www.escapadarural.com\/blog\/ruta-acequia-lizar-otro-caminito-del-rey-malaga\/\" rel=\"bookmark\">El otro Caminito del Rey en M\u00e1laga: pasarelas sobre el vac\u00edo, vistas de infarto\u2026 y sin masificaciones<\/a><\/h3><\/header><\/div><div class=\"ub-block-post-grid-excerpt\"><div class=\"ub-block-post-grid-excerpt-text\" style=\"\"><p>La Ruta de la Acequia L\u00edzar es un sendero poco conocido que sigue un tramo por pasarelas en altura y sale del precioso pueblo de Frigiliana<\/p>\n<\/div><p><a class=\"ub-block-post-grid-more-link ub-text-link\" style=\"\" href=\"https:\/\/www.escapadarural.com\/blog\/ruta-acequia-lizar-otro-caminito-del-rey-malaga\/\" rel=\"bookmark\">Seguir leyendo <span class=\"screen-reader-text\">El otro Caminito del Rey en M\u00e1laga: pasarelas sobre el vac\u00edo, vistas de infarto\u2026 y sin masificaciones<\/span><\/a><\/p><\/div><\/div><\/article>\n<article id=\"post-8021\" class=\"ub-post-grid-item post-8021 post type-post status-publish format-standard has-post-thumbnail hentry category-destinos category-rutas-y-excursiones tag-que-ver-en-albacete tag-amigos tag-articulo tag-calares tag-cascadas tag-castilla-la-mancha tag-familia tag-mascota tag-otono tag-pareja tag-parque-natural tag-parque-natural-de-los-calares-del-mundo-y-de-la-sima tag-parques-naturales tag-podcast tag-primavera tag-rio-mundo tag-riopar tag-rios tag-senderismo\" style=\"\"><div class=\"ub-block-post-grid-image\" style=\"\"><a href=\"https:\/\/www.escapadarural.com\/blog\/como-ver-el-nacimiento-del-rio-mundo\/\" rel=\"bookmark\" aria-hidden=\"true\" tabindex=\"-1\"><img loading=\"lazy\" decoding=\"async\" width=\"2048\" height=\"1367\" src=\"https:\/\/www.escapadarural.com\/blog\/wp-content\/uploads\/2019\/06\/rio-mundo-5.jpg\" class=\"attachment-full size-full\" alt=\"Nacimiento del r\u00edo Mundo, en Albacete.\" style=\"max-width: 600px; \" srcset=\"https:\/\/www.escapadarural.com\/blog\/wp-content\/uploads\/2019\/06\/rio-mundo-5-200x133.jpg 200w, https:\/\/www.escapadarural.com\/blog\/wp-content\/uploads\/2019\/06\/rio-mundo-5-300x200.jpg 300w, https:\/\/www.escapadarural.com\/blog\/wp-content\/uploads\/2019\/06\/rio-mundo-5-400x267.jpg 400w, https:\/\/www.escapadarural.com\/blog\/wp-content\/uploads\/2019\/06\/rio-mundo-5-600x400.jpg 600w, https:\/\/www.escapadarural.com\/blog\/wp-content\/uploads\/2019\/06\/rio-mundo-5-768x513.jpg 768w, https:\/\/www.escapadarural.com\/blog\/wp-content\/uploads\/2019\/06\/rio-mundo-5-800x534.jpg 800w, https:\/\/www.escapadarural.com\/blog\/wp-content\/uploads\/2019\/06\/rio-mundo-5-1024x684.jpg 1024w, https:\/\/www.escapadarural.com\/blog\/wp-content\/uploads\/2019\/06\/rio-mundo-5-1200x801.jpg 1200w, https:\/\/www.escapadarural.com\/blog\/wp-content\/uploads\/2019\/06\/rio-mundo-5-1536x1025.jpg 1536w, https:\/\/www.escapadarural.com\/blog\/wp-content\/uploads\/2019\/06\/rio-mundo-5.jpg 2048w\" sizes=\"auto, (max-width: 2048px) 100vw, 2048px\"><\/a><\/div><div class=\"ub-block-post-grid-text\" style=\"\"><div class=\"ub-block-post-grid-header-content\"><header class=\"ub-block-post-grid-header\"><h3 class=\"ub-block-post-grid-title\"><a style=\"\" href=\"https:\/\/www.escapadarural.com\/blog\/como-ver-el-nacimiento-del-rio-mundo\/\" rel=\"bookmark\">Cascadas, un \u00abrevent\u00f3n\u00bb y miradores: c\u00f3mo ver el nacimiento del r\u00edo Mundo en Albacete<\/a><\/h3><\/header><\/div><div class=\"ub-block-post-grid-excerpt\"><div class=\"ub-block-post-grid-excerpt-text\" style=\"\"><p>Entre los puntos naturales m\u00e1s impactantes de la provincia de Albacete, se encuentra el nacimiento del r\u00edo Mundo. Aqu\u00ed te contamos c\u00f3mo verlo.<\/p>\n<\/div><p><a class=\"ub-block-post-grid-more-link ub-text-link\" style=\"\" href=\"https:\/\/www.escapadarural.com\/blog\/como-ver-el-nacimiento-del-rio-mundo\/\" rel=\"bookmark\">Seguir leyendo <span class=\"screen-reader-text\">Cascadas, un \u00abrevent\u00f3n\u00bb y miradores: c\u00f3mo ver el nacimiento del r\u00edo Mundo en Albacete<\/span><\/a><\/p><\/div><\/div><\/article>\n<article id=\"post-211870\" class=\"ub-post-grid-item post-211870 post type-post status-publish format-standard has-post-thumbnail hentry category-arte-y-cultura category-destinos tag-que-ver-en-a-coruna tag-amigos tag-brujas tag-familia tag-que-ver-en-galicia tag-grupos tag-que-ver-en-lugo tag-otono tag-que-ver-en-ourense tag-pareja tag-que-ver-en-pontevedra tag-queimada tag-todos-los-santos tag-verano\" style=\"\"><div class=\"ub-block-post-grid-image\" style=\"\"><a href=\"https:\/\/www.escapadarural.com\/blog\/donde-ver-una-queimada-galicia\/\" rel=\"bookmark\" aria-hidden=\"true\" tabindex=\"-1\"><img loading=\"lazy\" decoding=\"async\" width=\"2048\" height=\"1367\" src=\"https:\/\/www.escapadarural.com\/blog\/wp-content\/uploads\/2025\/12\/AdobeStock_475076533-scaled.jpeg\" class=\"attachment-full size-full\" alt=\"Los ingredientes de la queimada en Galicia. Por Fran Rodr\u00edguez\" style=\"max-width: 600px; \" srcset=\"https:\/\/www.escapadarural.com\/blog\/wp-content\/uploads\/2025\/12\/AdobeStock_475076533-200x134.jpeg 200w, https:\/\/www.escapadarural.com\/blog\/wp-content\/uploads\/2025\/12\/AdobeStock_475076533-300x200.jpeg 300w, https:\/\/www.escapadarural.com\/blog\/wp-content\/uploads\/2025\/12\/AdobeStock_475076533-400x267.jpeg 400w, https:\/\/www.escapadarural.com\/blog\/wp-content\/uploads\/2025\/12\/AdobeStock_475076533-600x401.jpeg 600w, https:\/\/www.escapadarural.com\/blog\/wp-content\/uploads\/2025\/12\/AdobeStock_475076533-768x513.jpeg 768w, https:\/\/www.escapadarural.com\/blog\/wp-content\/uploads\/2025\/12\/AdobeStock_475076533-800x534.jpeg 800w, https:\/\/www.escapadarural.com\/blog\/wp-content\/uploads\/2025\/12\/AdobeStock_475076533-1024x684.jpeg 1024w, https:\/\/www.escapadarural.com\/blog\/wp-content\/uploads\/2025\/12\/AdobeStock_475076533-1200x801.jpeg 1200w, https:\/\/www.escapadarural.com\/blog\/wp-content\/uploads\/2025\/12\/AdobeStock_475076533-1536x1025.jpeg 1536w, https:\/\/www.escapadarural.com\/blog\/wp-content\/uploads\/2025\/12\/AdobeStock_475076533-scaled.jpeg 2048w\" sizes=\"auto, (max-width: 2048px) 100vw, 2048px\"><\/a><\/div><div class=\"ub-block-post-grid-text\" style=\"\"><div class=\"ub-block-post-grid-header-content\"><header class=\"ub-block-post-grid-header\"><h3 class=\"ub-block-post-grid-title\"><a style=\"\" href=\"https:\/\/www.escapadarural.com\/blog\/donde-ver-una-queimada-galicia\/\" rel=\"bookmark\">Brujas, fuego y aguardiente: d\u00f3nde vivir una aut\u00e9ntica y ancestral queimada en Galicia \ud83e\uddd9\u200d\u2640\ufe0f<\/a><\/h3><\/header><\/div><div class=\"ub-block-post-grid-excerpt\"><div class=\"ub-block-post-grid-excerpt-text\" style=\"\"><p>Estos lugares mantienen vivo el rito ancestral gallego para ahuyentar a los malos esp\u00edritus <\/p>\n<\/div><p><a class=\"ub-block-post-grid-more-link ub-text-link\" style=\"\" href=\"https:\/\/www.escapadarural.com\/blog\/donde-ver-una-queimada-galicia\/\" rel=\"bookmark\">Seguir leyendo <span class=\"screen-reader-text\">Brujas, fuego y aguardiente: d\u00f3nde vivir una aut\u00e9ntica y ancestral queimada en Galicia \ud83e\uddd9\u200d\u2640\ufe0f<\/span><\/a><\/p><\/div><\/div><\/article>\n<article id=\"post-212185\" class=\"ub-post-grid-item post-212185 post type-post status-publish format-standard has-post-thumbnail hentry category-destinos tag-desconexion tag-detox-digital tag-espana tag-familia tag-que-ver-en-guadalajara tag-que-ver-en-huesca tag-que-ver-en-leon tag-naturaleza tag-otono tag-pareja tag-picos-de-europa-leon tag-pirineo-aragones tag-pueblos tag-pueblos-aislados tag-verano\" style=\"\"><div class=\"ub-block-post-grid-image\" style=\"\"><a href=\"https:\/\/www.escapadarural.com\/blog\/detox-digital-pueblos-sin-apenas-cobertura\/\" rel=\"bookmark\" aria-hidden=\"true\" tabindex=\"-1\"><img loading=\"lazy\" decoding=\"async\" width=\"2048\" height=\"1366\" src=\"https:\/\/www.escapadarural.com\/blog\/wp-content\/uploads\/2026\/01\/AdobeStock_271658736-scaled.jpeg\" class=\"attachment-full size-full\" alt=\"Una persona con el tel\u00e9fono m\u00f3vil en la monta\u00f1a. Por Adri\u00e1n\" style=\"max-width: 600px; \" srcset=\"https:\/\/www.escapadarural.com\/blog\/wp-content\/uploads\/2026\/01\/AdobeStock_271658736-200x133.jpeg 200w, https:\/\/www.escapadarural.com\/blog\/wp-content\/uploads\/2026\/01\/AdobeStock_271658736-300x200.jpeg 300w, https:\/\/www.escapadarural.com\/blog\/wp-content\/uploads\/2026\/01\/AdobeStock_271658736-400x267.jpeg 400w, https:\/\/www.escapadarural.com\/blog\/wp-content\/uploads\/2026\/01\/AdobeStock_271658736-600x400.jpeg 600w, https:\/\/www.escapadarural.com\/blog\/wp-content\/uploads\/2026\/01\/AdobeStock_271658736-768x512.jpeg 768w, https:\/\/www.escapadarural.com\/blog\/wp-content\/uploads\/2026\/01\/AdobeStock_271658736-800x533.jpeg 800w, https:\/\/www.escapadarural.com\/blog\/wp-content\/uploads\/2026\/01\/AdobeStock_271658736-1024x683.jpeg 1024w, https:\/\/www.escapadarural.com\/blog\/wp-content\/uploads\/2026\/01\/AdobeStock_271658736-1200x800.jpeg 1200w, https:\/\/www.escapadarural.com\/blog\/wp-content\/uploads\/2026\/01\/AdobeStock_271658736-1536x1024.jpeg 1536w, https:\/\/www.escapadarural.com\/blog\/wp-content\/uploads\/2026\/01\/AdobeStock_271658736-scaled.jpeg 2048w\" sizes=\"auto, (max-width: 2048px) 100vw, 2048px\"><\/a><\/div><div class=\"ub-block-post-grid-text\" style=\"\"><div class=\"ub-block-post-grid-header-content\"><header class=\"ub-block-post-grid-header\"><h3 class=\"ub-block-post-grid-title\"><a style=\"\" href=\"https:\/\/www.escapadarural.com\/blog\/detox-digital-pueblos-sin-apenas-cobertura\/\" rel=\"bookmark\">\u2018Detox\u2019 digital en la monta\u00f1a: pueblos sin apenas cobertura<\/a><\/h3><\/header><\/div><div class=\"ub-block-post-grid-excerpt\"><div class=\"ub-block-post-grid-excerpt-text\" style=\"\"><p>\u00bfNecesitas que \u2018te obliguen\u2019 a no mirar el m\u00f3vil? \u00bfTus hijos est\u00e1n enganchados a las pantallas? \u00a1Descubre estos destinos con poca se\u00f1al!<\/p>\n<\/div><p><a class=\"ub-block-post-grid-more-link ub-text-link\" style=\"\" href=\"https:\/\/www.escapadarural.com\/blog\/detox-digital-pueblos-sin-apenas-cobertura\/\" rel=\"bookmark\">Seguir leyendo <span class=\"screen-reader-text\">\u2018Detox\u2019 digital en la monta\u00f1a: pueblos sin apenas cobertura<\/span><\/a><\/p><\/div><\/div><\/article>\n<article id=\"post-210896\" class=\"ub-post-grid-item post-210896 post type-post status-publish format-standard has-post-thumbnail hentry category-arte-y-cultura category-destinos tag-que-ver-en-avila tag-bosques tag-castanar-de-el-tiemblo tag-que-ver-en-castilla-y-leon tag-el-tiemblo tag-familia tag-ninos tag-otono tag-poblado-de-duendes tag-rutas-con-ninos\" style=\"\"><div class=\"ub-block-post-grid-image\" style=\"\"><a href=\"https:\/\/www.escapadarural.com\/blog\/poblado-de-los-duendes-de-el-tiemblo-avila\/\" rel=\"bookmark\" aria-hidden=\"true\" tabindex=\"-1\"><img loading=\"lazy\" decoding=\"async\" width=\"1610\" height=\"1204\" src=\"https:\/\/www.escapadarural.com\/blog\/wp-content\/uploads\/2025\/11\/Captura-de-pantalla-2025-11-22-a-las-11.23.08.png\" class=\"attachment-full size-full\" alt=\"Poblado de los duendes de El Tiemblo. Cortes\u00eda de Jos\u00e9 Luj\u00e1n.\" style=\"max-width: 600px; \" srcset=\"https:\/\/www.escapadarural.com\/blog\/wp-content\/uploads\/2025\/11\/Captura-de-pantalla-2025-11-22-a-las-11.23.08-200x150.png 200w, https:\/\/www.escapadarural.com\/blog\/wp-content\/uploads\/2025\/11\/Captura-de-pantalla-2025-11-22-a-las-11.23.08-300x224.png 300w, https:\/\/www.escapadarural.com\/blog\/wp-content\/uploads\/2025\/11\/Captura-de-pantalla-2025-11-22-a-las-11.23.08-400x299.png 400w, https:\/\/www.escapadarural.com\/blog\/wp-content\/uploads\/2025\/11\/Captura-de-pantalla-2025-11-22-a-las-11.23.08-600x449.png 600w, https:\/\/www.escapadarural.com\/blog\/wp-content\/uploads\/2025\/11\/Captura-de-pantalla-2025-11-22-a-las-11.23.08-768x574.png 768w, https:\/\/www.escapadarural.com\/blog\/wp-content\/uploads\/2025\/11\/Captura-de-pantalla-2025-11-22-a-las-11.23.08-800x598.png 800w, https:\/\/www.escapadarural.com\/blog\/wp-content\/uploads\/2025\/11\/Captura-de-pantalla-2025-11-22-a-las-11.23.08-1024x766.png 1024w, https:\/\/www.escapadarural.com\/blog\/wp-content\/uploads\/2025\/11\/Captura-de-pantalla-2025-11-22-a-las-11.23.08-1200x897.png 1200w, https:\/\/www.escapadarural.com\/blog\/wp-content\/uploads\/2025\/11\/Captura-de-pantalla-2025-11-22-a-las-11.23.08-1536x1149.png 1536w, https:\/\/www.escapadarural.com\/blog\/wp-content\/uploads\/2025\/11\/Captura-de-pantalla-2025-11-22-a-las-11.23.08.png 1610w\" sizes=\"auto, (max-width: 1610px) 100vw, 1610px\"><\/a><\/div><div class=\"ub-block-post-grid-text\" style=\"\"><div class=\"ub-block-post-grid-header-content\"><header class=\"ub-block-post-grid-header\"><h3 class=\"ub-block-post-grid-title\"><a style=\"\" href=\"https:\/\/www.escapadarural.com\/blog\/poblado-de-los-duendes-de-el-tiemblo-avila\/\" rel=\"bookmark\">El poblado de los duendes de El Tiemblo, un lugar m\u00e1gico en \u00c1vila<\/a><\/h3><\/header><\/div><div class=\"ub-block-post-grid-excerpt\"><div class=\"ub-block-post-grid-excerpt-text\" style=\"\"><p>En los jardines de El Tiemblo, al lado de su famoso casta\u00f1ar, hay un poblado de duendes abierto a todos los que quieran conocer su magia.<\/p>\n<\/div><p><a class=\"ub-block-post-grid-more-link ub-text-link\" style=\"\" href=\"https:\/\/www.escapadarural.com\/blog\/poblado-de-los-duendes-de-el-tiemblo-avila\/\" rel=\"bookmark\">Seguir leyendo <span class=\"screen-reader-text\">El poblado de los duendes de El Tiemblo, un lugar m\u00e1gico en \u00c1vila<\/span><\/a><\/p><\/div><\/div><\/article>\n<article id=\"post-210598\" class=\"ub-post-grid-item post-210598 post type-post status-publish format-standard has-post-thumbnail hentry category-destinos tag-que-ver-en-alicante tag-que-ver-en-avila tag-bosques tag-familia tag-que-ver-en-granada tag-que-ver-en-huesca tag-que-ver-en-madrid tag-otono tag-parques-naturales tag-senderismo tag-que-ver-en-zamora\" style=\"\"><div class=\"ub-block-post-grid-image\" style=\"\"><a href=\"https:\/\/www.escapadarural.com\/blog\/destinos-de-otono-que-no-son-tan-conocidos\/\" rel=\"bookmark\" aria-hidden=\"true\" tabindex=\"-1\"><img loading=\"lazy\" decoding=\"async\" width=\"2048\" height=\"1367\" src=\"https:\/\/www.escapadarural.com\/blog\/wp-content\/uploads\/2025\/11\/AdobeStock_986598001-scaled.jpeg\" class=\"attachment-full size-full\" alt=\"Cerrada del r\u00edo Castril, en la sierra de Castril (Granada). Por M. Perfectti\" style=\"max-width: 600px; \" srcset=\"https:\/\/www.escapadarural.com\/blog\/wp-content\/uploads\/2025\/11\/AdobeStock_986598001-200x134.jpeg 200w, https:\/\/www.escapadarural.com\/blog\/wp-content\/uploads\/2025\/11\/AdobeStock_986598001-300x200.jpeg 300w, https:\/\/www.escapadarural.com\/blog\/wp-content\/uploads\/2025\/11\/AdobeStock_986598001-400x267.jpeg 400w, https:\/\/www.escapadarural.com\/blog\/wp-content\/uploads\/2025\/11\/AdobeStock_986598001-600x401.jpeg 600w, https:\/\/www.escapadarural.com\/blog\/wp-content\/uploads\/2025\/11\/AdobeStock_986598001-768x513.jpeg 768w, https:\/\/www.escapadarural.com\/blog\/wp-content\/uploads\/2025\/11\/AdobeStock_986598001-800x534.jpeg 800w, https:\/\/www.escapadarural.com\/blog\/wp-content\/uploads\/2025\/11\/AdobeStock_986598001-1024x684.jpeg 1024w, https:\/\/www.escapadarural.com\/blog\/wp-content\/uploads\/2025\/11\/AdobeStock_986598001-1200x801.jpeg 1200w, https:\/\/www.escapadarural.com\/blog\/wp-content\/uploads\/2025\/11\/AdobeStock_986598001-1536x1025.jpeg 1536w, https:\/\/www.escapadarural.com\/blog\/wp-content\/uploads\/2025\/11\/AdobeStock_986598001-scaled.jpeg 2048w\" sizes=\"auto, (max-width: 2048px) 100vw, 2048px\"><\/a><\/div><div class=\"ub-block-post-grid-text\" style=\"\"><div class=\"ub-block-post-grid-header-content\"><header class=\"ub-block-post-grid-header\"><h3 class=\"ub-block-post-grid-title\"><a style=\"\" href=\"https:\/\/www.escapadarural.com\/blog\/destinos-de-otono-que-no-son-tan-conocidos\/\" rel=\"bookmark\">Destinos de oto\u00f1o que no son tan conocidos<\/a><\/h3><\/header><\/div><div class=\"ub-block-post-grid-excerpt\"><div class=\"ub-block-post-grid-excerpt-text\" style=\"\"><p>Estos destinos ofrecen el color y la tranquilidad que el viajero busca en oto\u00f1o cuando las temperaturas caen.<\/p>\n<\/div><p><a class=\"ub-block-post-grid-more-link ub-text-link\" style=\"\" href=\"https:\/\/www.escapadarural.com\/blog\/destinos-de-otono-que-no-son-tan-conocidos\/\" rel=\"bookmark\">Seguir leyendo <span class=\"screen-reader-text\">Destinos de oto\u00f1o que no son tan conocidos<\/span><\/a><\/p><\/div><\/div><\/article>\n<\/div><\/section>","protected":false},"excerpt":{"rendered":"<p>Te ense\u00f1amos ferias de oto\u00f1o perfectas para una escapada rural en octubre y dos pueblos de encanto en los que finalizar el d\u00eda y descansar.<\/p>\n","protected":false},"author":85,"featured_media":95798,"comment_status":"open","ping_status":"open","sticky":false,"template":"","format":"standard","meta":{"_acf_changed":false,"om_disable_all_campaigns":false,"footnotes":""},"categories":[191],"tags":[260,1823,215,1500,212,274],"class_list":["post-66754","post","type-post","status-publish","format-standard","has-post-thumbnail","hentry","category-destinos","tag-articulo","tag-ferias","tag-listado","tag-otono","tag-pueblos","tag-turismo-rural"],"acf":[],"featured_image_src":"https:\/\/www.escapadarural.com\/blog\/wp-content\/uploads\/2024\/10\/AdobeStock_95391839-1024x393-1.jpeg","author_info":{"display_name":"Redacci\u00f3n ER","author_link":"https:\/\/www.escapadarural.com\/blog\/autor\/admin\/"},"yoast_head":"<!-- This site is optimized with the Yoast SEO plugin v27.5 - https:\/\/yoast.com\/product\/yoast-seo-wordpress\/ -->\n<title>Ferias de oto\u00f1o que visitar en octubre - EscapadaRural<\/title>\n<meta name=\"robots\" content=\"index, follow, max-snippet:-1, max-image-preview:large, max-video-preview:-1\" \/>\n<link rel=\"canonical\" href=\"https:\/\/www.escapadarural.com\/blog\/ferias-de-otono-que-visitar-en-octubre\/\" \/>\n<meta property=\"og:locale\" content=\"es_ES\" \/>\n<meta property=\"og:type\" content=\"article\" \/>\n<meta property=\"og:title\" content=\"Ferias de oto\u00f1o que visitar en octubre - EscapadaRural\" \/>\n<meta property=\"og:description\" content=\"Te ense\u00f1amos ferias de oto\u00f1o perfectas para una escapada rural en octubre y dos pueblos de encanto en los que finalizar el d\u00eda y descansar.\" \/>\n<meta property=\"og:url\" content=\"https:\/\/www.escapadarural.com\/blog\/ferias-de-otono-que-visitar-en-octubre\/\" \/>\n<meta property=\"og:site_name\" content=\"Magazine de viajes de EscapadaRural\" \/>\n<meta property=\"article:publisher\" content=\"https:\/\/www.facebook.com\/escapadarural\" \/>\n<meta property=\"article:published_time\" content=\"2023-10-04T05:47:00+00:00\" \/>\n<meta property=\"article:modified_time\" content=\"2025-02-10T12:57:53+00:00\" \/>\n<meta property=\"og:image\" content=\"https:\/\/www.escapadarural.com\/blog\/wp-content\/uploads\/2024\/10\/AdobeStock_95391839-1024x393-1.jpeg\" \/>\n\t<meta property=\"og:image:width\" content=\"1024\" \/>\n\t<meta property=\"og:image:height\" content=\"393\" \/>\n\t<meta property=\"og:image:type\" content=\"image\/jpeg\" \/>\n<meta name=\"author\" content=\"Redacci\u00f3n ER\" \/>\n<meta name=\"twitter:card\" content=\"summary_large_image\" \/>\n<meta name=\"twitter:label1\" content=\"Escrito por\" \/>\n\t<meta name=\"twitter:data1\" content=\"Redacci\u00f3n ER\" \/>\n\t<meta name=\"twitter:label2\" content=\"Tiempo de lectura\" \/>\n\t<meta name=\"twitter:data2\" content=\"5 minutos\" \/>\n<script type=\"application\/ld+json\" class=\"yoast-schema-graph\">{\"@context\":\"https:\\\/\\\/schema.org\",\"@graph\":[{\"@type\":\"Article\",\"@id\":\"https:\\\/\\\/www.escapadarural.com\\\/blog\\\/ferias-de-otono-que-visitar-en-octubre\\\/#article\",\"isPartOf\":{\"@id\":\"https:\\\/\\\/www.escapadarural.com\\\/blog\\\/ferias-de-otono-que-visitar-en-octubre\\\/\"},\"author\":{\"name\":\"Redacci\u00f3n ER\",\"@id\":\"https:\\\/\\\/www.escapadarural.com\\\/blog\\\/#\\\/schema\\\/person\\\/bd5b0d7ad308a0bf4efed73e8308b4fa\"},\"headline\":\"Ferias de oto\u00f1o que visitar en octubre\",\"datePublished\":\"2023-10-04T05:47:00+00:00\",\"dateModified\":\"2025-02-10T12:57:53+00:00\",\"mainEntityOfPage\":{\"@id\":\"https:\\\/\\\/www.escapadarural.com\\\/blog\\\/ferias-de-otono-que-visitar-en-octubre\\\/\"},\"wordCount\":819,\"commentCount\":0,\"publisher\":{\"@id\":\"https:\\\/\\\/www.escapadarural.com\\\/blog\\\/#organization\"},\"image\":{\"@id\":\"https:\\\/\\\/www.escapadarural.com\\\/blog\\\/ferias-de-otono-que-visitar-en-octubre\\\/#primaryimage\"},\"thumbnailUrl\":\"https:\\\/\\\/www.escapadarural.com\\\/blog\\\/wp-content\\\/uploads\\\/2024\\\/10\\\/AdobeStock_95391839-1024x393-1.jpeg\",\"keywords\":[\"art\u00edculo\",\"Ferias\",\"Listado\",\"Oto\u00f1o\",\"pueblos\",\"turismo rural\"],\"articleSection\":[\"Destinos\"],\"inLanguage\":\"es\",\"potentialAction\":[{\"@type\":\"CommentAction\",\"name\":\"Comment\",\"target\":[\"https:\\\/\\\/www.escapadarural.com\\\/blog\\\/ferias-de-otono-que-visitar-en-octubre\\\/#respond\"]}]},{\"@type\":\"WebPage\",\"@id\":\"https:\\\/\\\/www.escapadarural.com\\\/blog\\\/ferias-de-otono-que-visitar-en-octubre\\\/\",\"url\":\"https:\\\/\\\/www.escapadarural.com\\\/blog\\\/ferias-de-otono-que-visitar-en-octubre\\\/\",\"name\":\"Ferias de oto\u00f1o que visitar en octubre - EscapadaRural\",\"isPartOf\":{\"@id\":\"https:\\\/\\\/www.escapadarural.com\\\/blog\\\/#website\"},\"primaryImageOfPage\":{\"@id\":\"https:\\\/\\\/www.escapadarural.com\\\/blog\\\/ferias-de-otono-que-visitar-en-octubre\\\/#primaryimage\"},\"image\":{\"@id\":\"https:\\\/\\\/www.escapadarural.com\\\/blog\\\/ferias-de-otono-que-visitar-en-octubre\\\/#primaryimage\"},\"thumbnailUrl\":\"https:\\\/\\\/www.escapadarural.com\\\/blog\\\/wp-content\\\/uploads\\\/2024\\\/10\\\/AdobeStock_95391839-1024x393-1.jpeg\",\"datePublished\":\"2023-10-04T05:47:00+00:00\",\"dateModified\":\"2025-02-10T12:57:53+00:00\",\"breadcrumb\":{\"@id\":\"https:\\\/\\\/www.escapadarural.com\\\/blog\\\/ferias-de-otono-que-visitar-en-octubre\\\/#breadcrumb\"},\"inLanguage\":\"es\",\"potentialAction\":[{\"@type\":\"ReadAction\",\"target\":[\"https:\\\/\\\/www.escapadarural.com\\\/blog\\\/ferias-de-otono-que-visitar-en-octubre\\\/\"]}]},{\"@type\":\"ImageObject\",\"inLanguage\":\"es\",\"@id\":\"https:\\\/\\\/www.escapadarural.com\\\/blog\\\/ferias-de-otono-que-visitar-en-octubre\\\/#primaryimage\",\"url\":\"https:\\\/\\\/www.escapadarural.com\\\/blog\\\/wp-content\\\/uploads\\\/2024\\\/10\\\/AdobeStock_95391839-1024x393-1.jpeg\",\"contentUrl\":\"https:\\\/\\\/www.escapadarural.com\\\/blog\\\/wp-content\\\/uploads\\\/2024\\\/10\\\/AdobeStock_95391839-1024x393-1.jpeg\",\"width\":1024,\"height\":393,\"caption\":\"Una vista panor\u00e1mica de una peque\u00f1a ciudad con edificios de tejados rojos rodeada de verdes colinas, \u00e1rboles y monta\u00f1as bajo un cielo parcialmente nublado: un destino que invita al turismo rural.\"},{\"@type\":\"BreadcrumbList\",\"@id\":\"https:\\\/\\\/www.escapadarural.com\\\/blog\\\/ferias-de-otono-que-visitar-en-octubre\\\/#breadcrumb\",\"itemListElement\":[{\"@type\":\"ListItem\",\"position\":1,\"name\":\"Inicio\",\"item\":\"https:\\\/\\\/www.escapadarural.com\\\/blog\\\/\"},{\"@type\":\"ListItem\",\"position\":2,\"name\":\"Destinos\",\"item\":\"https:\\\/\\\/www.escapadarural.com\\\/blog\\\/categoria\\\/destinos\\\/\"},{\"@type\":\"ListItem\",\"position\":3,\"name\":\"Ferias de oto\u00f1o que visitar en octubre\"}]},{\"@type\":\"WebSite\",\"@id\":\"https:\\\/\\\/www.escapadarural.com\\\/blog\\\/#website\",\"url\":\"https:\\\/\\\/www.escapadarural.com\\\/blog\\\/\",\"name\":\"Blog de viajes | turismo rural, alojamientos e inspiraci\u00f3n\",\"description\":\"Alojamientos rurales e inspiraci\u00f3n para tus escapadas\",\"publisher\":{\"@id\":\"https:\\\/\\\/www.escapadarural.com\\\/blog\\\/#organization\"},\"alternateName\":\"Magazine de viajes de EscapadaRural\",\"potentialAction\":[{\"@type\":\"SearchAction\",\"target\":{\"@type\":\"EntryPoint\",\"urlTemplate\":\"https:\\\/\\\/www.escapadarural.com\\\/blog\\\/?s={search_term_string}\"},\"query-input\":{\"@type\":\"PropertyValueSpecification\",\"valueRequired\":true,\"valueName\":\"search_term_string\"}}],\"inLanguage\":\"es\"},{\"@type\":\"Organization\",\"@id\":\"https:\\\/\\\/www.escapadarural.com\\\/blog\\\/#organization\",\"name\":\"EscapadaRural\",\"url\":\"https:\\\/\\\/www.escapadarural.com\\\/blog\\\/\",\"logo\":{\"@type\":\"ImageObject\",\"inLanguage\":\"es\",\"@id\":\"https:\\\/\\\/www.escapadarural.com\\\/blog\\\/#\\\/schema\\\/logo\\\/image\\\/\",\"url\":\"https:\\\/\\\/www.escapadarural.com\\\/blog\\\/wp-content\\\/uploads\\\/2024\\\/10\\\/cropped-cropped-escapada-rural-icon-mag-3.png\",\"contentUrl\":\"https:\\\/\\\/www.escapadarural.com\\\/blog\\\/wp-content\\\/uploads\\\/2024\\\/10\\\/cropped-cropped-escapada-rural-icon-mag-3.png\",\"width\":512,\"height\":512,\"caption\":\"EscapadaRural\"},\"image\":{\"@id\":\"https:\\\/\\\/www.escapadarural.com\\\/blog\\\/#\\\/schema\\\/logo\\\/image\\\/\"},\"sameAs\":[\"https:\\\/\\\/www.facebook.com\\\/escapadarural\",\"https:\\\/\\\/www.instagram.com\\\/escapadarural\\\/\",\"https:\\\/\\\/www.youtube.com\\\/@escapadaruralcom\"]},{\"@type\":\"Person\",\"@id\":\"https:\\\/\\\/www.escapadarural.com\\\/blog\\\/#\\\/schema\\\/person\\\/bd5b0d7ad308a0bf4efed73e8308b4fa\",\"name\":\"Redacci\u00f3n ER\",\"image\":{\"@type\":\"ImageObject\",\"inLanguage\":\"es\",\"@id\":\"https:\\\/\\\/www.escapadarural.com\\\/blog\\\/wp-content\\\/uploads\\\/2024\\\/10\\\/cropped-cropped-escapada-rural-icon-mag-3-96x96.png\",\"url\":\"https:\\\/\\\/www.escapadarural.com\\\/blog\\\/wp-content\\\/uploads\\\/2024\\\/10\\\/cropped-cropped-escapada-rural-icon-mag-3-96x96.png\",\"contentUrl\":\"https:\\\/\\\/www.escapadarural.com\\\/blog\\\/wp-content\\\/uploads\\\/2024\\\/10\\\/cropped-cropped-escapada-rural-icon-mag-3-96x96.png\",\"caption\":\"Redacci\u00f3n ER\"},\"description\":\"Nos encanta inspirar a viajeros y ayudar a los propietarios con nuestros contenidos\",\"url\":\"https:\\\/\\\/www.escapadarural.com\\\/blog\\\/autor\\\/admin\\\/\"}]}<\/script>\n<!-- \/ Yoast SEO plugin. -->","yoast_head_json":{"title":"Ferias de oto\u00f1o que visitar en octubre - EscapadaRural","robots":{"index":"index","follow":"follow","max-snippet":"max-snippet:-1","max-image-preview":"max-image-preview:large","max-video-preview":"max-video-preview:-1"},"canonical":"https:\/\/www.escapadarural.com\/blog\/ferias-de-otono-que-visitar-en-octubre\/","og_locale":"es_ES","og_type":"article","og_title":"Ferias de oto\u00f1o que visitar en octubre - EscapadaRural","og_description":"Te ense\u00f1amos ferias de oto\u00f1o perfectas para una escapada rural en octubre y dos pueblos de encanto en los que finalizar el d\u00eda y descansar.","og_url":"https:\/\/www.escapadarural.com\/blog\/ferias-de-otono-que-visitar-en-octubre\/","og_site_name":"Magazine de viajes de EscapadaRural","article_publisher":"https:\/\/www.facebook.com\/escapadarural","article_published_time":"2023-10-04T05:47:00+00:00","article_modified_time":"2025-02-10T12:57:53+00:00","og_image":[{"width":1024,"height":393,"url":"https:\/\/www.escapadarural.com\/blog\/wp-content\/uploads\/2024\/10\/AdobeStock_95391839-1024x393-1.jpeg","type":"image\/jpeg"}],"author":"Redacci\u00f3n ER","twitter_card":"summary_large_image","twitter_misc":{"Escrito por":"Redacci\u00f3n ER","Tiempo de lectura":"5 minutos"},"schema":{"@context":"https:\/\/schema.org","@graph":[{"@type":"Article","@id":"https:\/\/www.escapadarural.com\/blog\/ferias-de-otono-que-visitar-en-octubre\/#article","isPartOf":{"@id":"https:\/\/www.escapadarural.com\/blog\/ferias-de-otono-que-visitar-en-octubre\/"},"author":{"name":"Redacci\u00f3n ER","@id":"https:\/\/www.escapadarural.com\/blog\/#\/schema\/person\/bd5b0d7ad308a0bf4efed73e8308b4fa"},"headline":"Ferias de oto\u00f1o que visitar en octubre","datePublished":"2023-10-04T05:47:00+00:00","dateModified":"2025-02-10T12:57:53+00:00","mainEntityOfPage":{"@id":"https:\/\/www.escapadarural.com\/blog\/ferias-de-otono-que-visitar-en-octubre\/"},"wordCount":819,"commentCount":0,"publisher":{"@id":"https:\/\/www.escapadarural.com\/blog\/#organization"},"image":{"@id":"https:\/\/www.escapadarural.com\/blog\/ferias-de-otono-que-visitar-en-octubre\/#primaryimage"},"thumbnailUrl":"https:\/\/www.escapadarural.com\/blog\/wp-content\/uploads\/2024\/10\/AdobeStock_95391839-1024x393-1.jpeg","keywords":["art\u00edculo","Ferias","Listado","Oto\u00f1o","pueblos","turismo rural"],"articleSection":["Destinos"],"inLanguage":"es","potentialAction":[{"@type":"CommentAction","name":"Comment","target":["https:\/\/www.escapadarural.com\/blog\/ferias-de-otono-que-visitar-en-octubre\/#respond"]}]},{"@type":"WebPage","@id":"https:\/\/www.escapadarural.com\/blog\/ferias-de-otono-que-visitar-en-octubre\/","url":"https:\/\/www.escapadarural.com\/blog\/ferias-de-otono-que-visitar-en-octubre\/","name":"Ferias de oto\u00f1o que visitar en octubre - EscapadaRural","isPartOf":{"@id":"https:\/\/www.escapadarural.com\/blog\/#website"},"primaryImageOfPage":{"@id":"https:\/\/www.escapadarural.com\/blog\/ferias-de-otono-que-visitar-en-octubre\/#primaryimage"},"image":{"@id":"https:\/\/www.escapadarural.com\/blog\/ferias-de-otono-que-visitar-en-octubre\/#primaryimage"},"thumbnailUrl":"https:\/\/www.escapadarural.com\/blog\/wp-content\/uploads\/2024\/10\/AdobeStock_95391839-1024x393-1.jpeg","datePublished":"2023-10-04T05:47:00+00:00","dateModified":"2025-02-10T12:57:53+00:00","breadcrumb":{"@id":"https:\/\/www.escapadarural.com\/blog\/ferias-de-otono-que-visitar-en-octubre\/#breadcrumb"},"inLanguage":"es","potentialAction":[{"@type":"ReadAction","target":["https:\/\/www.escapadarural.com\/blog\/ferias-de-otono-que-visitar-en-octubre\/"]}]},{"@type":"ImageObject","inLanguage":"es","@id":"https:\/\/www.escapadarural.com\/blog\/ferias-de-otono-que-visitar-en-octubre\/#primaryimage","url":"https:\/\/www.escapadarural.com\/blog\/wp-content\/uploads\/2024\/10\/AdobeStock_95391839-1024x393-1.jpeg","contentUrl":"https:\/\/www.escapadarural.com\/blog\/wp-content\/uploads\/2024\/10\/AdobeStock_95391839-1024x393-1.jpeg","width":1024,"height":393,"caption":"Una vista panor\u00e1mica de una peque\u00f1a ciudad con edificios de tejados rojos rodeada de verdes colinas, \u00e1rboles y monta\u00f1as bajo un cielo parcialmente nublado: un destino que invita al turismo rural."},{"@type":"BreadcrumbList","@id":"https:\/\/www.escapadarural.com\/blog\/ferias-de-otono-que-visitar-en-octubre\/#breadcrumb","itemListElement":[{"@type":"ListItem","position":1,"name":"Inicio","item":"https:\/\/www.escapadarural.com\/blog\/"},{"@type":"ListItem","position":2,"name":"Destinos","item":"https:\/\/www.escapadarural.com\/blog\/categoria\/destinos\/"},{"@type":"ListItem","position":3,"name":"Ferias de oto\u00f1o que visitar en octubre"}]},{"@type":"WebSite","@id":"https:\/\/www.escapadarural.com\/blog\/#website","url":"https:\/\/www.escapadarural.com\/blog\/","name":"Blog de viajes | turismo rural, alojamientos e inspiraci\u00f3n","description":"Alojamientos rurales e inspiraci\u00f3n para tus escapadas","publisher":{"@id":"https:\/\/www.escapadarural.com\/blog\/#organization"},"alternateName":"Magazine de viajes de EscapadaRural","potentialAction":[{"@type":"SearchAction","target":{"@type":"EntryPoint","urlTemplate":"https:\/\/www.escapadarural.com\/blog\/?s={search_term_string}"},"query-input":{"@type":"PropertyValueSpecification","valueRequired":true,"valueName":"search_term_string"}}],"inLanguage":"es"},{"@type":"Organization","@id":"https:\/\/www.escapadarural.com\/blog\/#organization","name":"EscapadaRural","url":"https:\/\/www.escapadarural.com\/blog\/","logo":{"@type":"ImageObject","inLanguage":"es","@id":"https:\/\/www.escapadarural.com\/blog\/#\/schema\/logo\/image\/","url":"https:\/\/www.escapadarural.com\/blog\/wp-content\/uploads\/2024\/10\/cropped-cropped-escapada-rural-icon-mag-3.png","contentUrl":"https:\/\/www.escapadarural.com\/blog\/wp-content\/uploads\/2024\/10\/cropped-cropped-escapada-rural-icon-mag-3.png","width":512,"height":512,"caption":"EscapadaRural"},"image":{"@id":"https:\/\/www.escapadarural.com\/blog\/#\/schema\/logo\/image\/"},"sameAs":["https:\/\/www.facebook.com\/escapadarural","https:\/\/www.instagram.com\/escapadarural\/","https:\/\/www.youtube.com\/@escapadaruralcom"]},{"@type":"Person","@id":"https:\/\/www.escapadarural.com\/blog\/#\/schema\/person\/bd5b0d7ad308a0bf4efed73e8308b4fa","name":"Redacci\u00f3n ER","image":{"@type":"ImageObject","inLanguage":"es","@id":"https:\/\/www.escapadarural.com\/blog\/wp-content\/uploads\/2024\/10\/cropped-cropped-escapada-rural-icon-mag-3-96x96.png","url":"https:\/\/www.escapadarural.com\/blog\/wp-content\/uploads\/2024\/10\/cropped-cropped-escapada-rural-icon-mag-3-96x96.png","contentUrl":"https:\/\/www.escapadarural.com\/blog\/wp-content\/uploads\/2024\/10\/cropped-cropped-escapada-rural-icon-mag-3-96x96.png","caption":"Redacci\u00f3n ER"},"description":"Nos encanta inspirar a viajeros y ayudar a los propietarios con nuestros contenidos","url":"https:\/\/www.escapadarural.com\/blog\/autor\/admin\/"}]}},"_links":{"self":[{"href":"https:\/\/www.escapadarural.com\/blog\/wp-json\/wp\/v2\/posts\/66754","targetHints":{"allow":["GET"]}}],"collection":[{"href":"https:\/\/www.escapadarural.com\/blog\/wp-json\/wp\/v2\/posts"}],"about":[{"href":"https:\/\/www.escapadarural.com\/blog\/wp-json\/wp\/v2\/types\/post"}],"author":[{"embeddable":true,"href":"https:\/\/www.escapadarural.com\/blog\/wp-json\/wp\/v2\/users\/85"}],"replies":[{"embeddable":true,"href":"https:\/\/www.escapadarural.com\/blog\/wp-json\/wp\/v2\/comments?post=66754"}],"version-history":[{"count":0,"href":"https:\/\/www.escapadarural.com\/blog\/wp-json\/wp\/v2\/posts\/66754\/revisions"}],"wp:featuredmedia":[{"embeddable":true,"href":"https:\/\/www.escapadarural.com\/blog\/wp-json\/wp\/v2\/media\/95798"}],"wp:attachment":[{"href":"https:\/\/www.escapadarural.com\/blog\/wp-json\/wp\/v2\/media?parent=66754"}],"wp:term":[{"taxonomy":"category","embeddable":true,"href":"https:\/\/www.escapadarural.com\/blog\/wp-json\/wp\/v2\/categories?post=66754"},{"taxonomy":"post_tag","embeddable":true,"href":"https:\/\/www.escapadarural.com\/blog\/wp-json\/wp\/v2\/tags?post=66754"}],"curies":[{"name":"wp","href":"https:\/\/api.w.org\/{rel}","templated":true}]}}