{"id":66852,"date":"2025-10-23T08:00:00","date_gmt":"2025-10-23T06:00:00","guid":{"rendered":"https:\/\/www.escapadarural.com\/blog\/?p=66852"},"modified":"2026-03-19T15:53:46","modified_gmt":"2026-03-19T14:53:46","slug":"donde-ver-secuoyas-en-espana","status":"publish","type":"post","link":"https:\/\/www.escapadarural.com\/blog\/donde-ver-secuoyas-en-espana\/","title":{"rendered":"5 lugares donde podr\u00e1s ver bosques de secuoyas en Espa\u00f1a"},"content":{"rendered":"\n<figure class=\"wp-block-image size-large\"><a href=\"https:\/\/www.escapadarural.com\/blog\/wp-content\/uploads\/secuoyas-espana-scaled.jpg\"><img decoding=\"async\" src=\"https:\/\/www.escapadarural.com\/blog\/wp-content\/uploads\/2024\/10\/secuoyas-espana-1024x683-1.jpg\" alt=\"Secuoyas en Espa\u00f1a\" class=\"wp-image-67189\"\/><\/a><figcaption class=\"wp-element-caption\">Secuoyas en Espa\u00f1a. Por Luc\u00eda<\/figcaption><\/figure>\n\n\n\n<p>Las secuoyas, esos majestuosos \u00e1rboles que impresionan a todo aquel que las va a visitar. Las m\u00e1s conocidas est\u00e1n en Sequoia National Park, California, pero la verdad es que no hace falta que viajemos hasta la otra punta del mundo para poder contemplarlas. <strong>Espa\u00f1a posee varios bosques de secuoyas<\/strong> donde disfrutar de esta imponente especie, la cual&nbsp;adquiere dimensiones exageradamente grandes y altas en comparaci\u00f3n con el resto. Llegan a vivir m\u00e1s de 2.000 a\u00f1os.<\/p>\n\n\n\n<p>Las solemos encontrar en lugares generalmente altos (por encima de los 1.500 metros), con varios meses de lluvia y niebla al a\u00f1o. Hay dos tipos de secuoyas y en nuestro pa\u00eds tenemos ambas, tanto las conocidas como <em>giganteum<\/em> como las <em>sempervirens<\/em>. De hecho, <strong>Segovia salvaguarda una de las secuoyas m\u00e1s altas del mundo<\/strong>, tan solo por detr\u00e1s de los bosques de California. La podemos encontrar en el Palacio Real de la Granja de San Idelfonso, recibe el nombre de El Rey, mide 46 metros y su di\u00e1metro supera los 14 metros. Pero esta no es la \u00fanica, ya que hay varias repartidas por todo el territorio nacional. \u00bfTe animas a descubrirlas? Estos son los bosques de secuoyas en Espa\u00f1a.<\/p>\n\n\n\n<div class=\"wp-block-buttons is-layout-flex wp-block-buttons-is-layout-flex\">\n<div class=\"wp-block-button\"><a class=\"wp-block-button__link wp-element-button\" href=\"\/casas-rurales\">Encuentra tu alojamiento<\/a><\/div>\n<\/div>\n\n\n\n<h2 class=\"wp-block-heading\" id=\"h-monumento-natural-de-las-secuoyas-del-monte-cabezon-de-la-sal-cantabria\"><strong>Monumento Natural de las Secuoyas del Monte Cabez\u00f3n de la Sal (<a href=\"\/casas-rurales\/cantabria\">Cantabria<\/a><\/strong>)<\/h2>\n\n\n\n<figure class=\"wp-block-image size-full\"><img loading=\"lazy\" decoding=\"async\" width=\"1024\" height=\"684\" src=\"https:\/\/www.escapadarural.com\/blog\/wp-content\/uploads\/2024\/10\/Secuoyas-Cabezon-de-la-Sal-5-1024x684-4.jpg\" alt=\"Secuoyas de Cabez\u00f3n de la Sal, en Cantabria.\" class=\"wp-image-101864\" srcset=\"https:\/\/www.escapadarural.com\/blog\/wp-content\/uploads\/2024\/10\/Secuoyas-Cabezon-de-la-Sal-5-1024x684-4-200x134.jpg 200w, https:\/\/www.escapadarural.com\/blog\/wp-content\/uploads\/2024\/10\/Secuoyas-Cabezon-de-la-Sal-5-1024x684-4-300x200.jpg 300w, https:\/\/www.escapadarural.com\/blog\/wp-content\/uploads\/2024\/10\/Secuoyas-Cabezon-de-la-Sal-5-1024x684-4-400x267.jpg 400w, https:\/\/www.escapadarural.com\/blog\/wp-content\/uploads\/2024\/10\/Secuoyas-Cabezon-de-la-Sal-5-1024x684-4-600x401.jpg 600w, https:\/\/www.escapadarural.com\/blog\/wp-content\/uploads\/2024\/10\/Secuoyas-Cabezon-de-la-Sal-5-1024x684-4-768x513.jpg 768w, https:\/\/www.escapadarural.com\/blog\/wp-content\/uploads\/2024\/10\/Secuoyas-Cabezon-de-la-Sal-5-1024x684-4-800x534.jpg 800w, https:\/\/www.escapadarural.com\/blog\/wp-content\/uploads\/2024\/10\/Secuoyas-Cabezon-de-la-Sal-5-1024x684-4.jpg 1024w\" sizes=\"auto, (max-width: 1024px) 100vw, 1024px\" \/><figcaption class=\"wp-element-caption\">Secuoyas de Cabez\u00f3n de la Sal, en Cantabria. Por Noradoa.<\/figcaption><\/figure>\n\n\n\n<p>Es un bosque de secuoyas beb\u00e9, ya que esta especie puede llegar a vivir m\u00e1s de 1.000 a\u00f1os y las que podemos encontrar en Cabez\u00f3n de la Sal se plantaron en los a\u00f1os 40. A\u00fan as\u00ed, tienen una altura media de 40 metros y un per\u00edmetro de un par de metros. En total <strong>hay alrededor de 850 ejemplares<\/strong> y uno de los principales atractivos, aparte de conocer de primera mano esta impresionante especie, es dejarse perder por la variedad de <a href=\"https:\/\/turismocabezondelasal.com\/bosque-de-secuoyas\/\" target=\"_blank\" rel=\"noreferrer noopener nofollow\">senderos e itinerarios<\/a> que ofrece la zona. Tambi\u00e9n cuenta con un <a href=\"\/blog\/rutas-accesibles-aptas-para-todos\/\">recorrido adaptado para personas con movilidad reducida<\/a> y un mirador desde donde contemplar las alrededor de 2,5 hect\u00e1reas que comprende el bosque. En NatureaCantabria ofrecen <a href=\"https:\/\/redcantabrarural.com\/naturea-3\/rutas-naturea-2\/natureandoencorto-2\/\" target=\"_blank\" rel=\"noreferrer noopener nofollow\">visitas guiadas gratuitas<\/a>. <\/p>\n\n\n\n<p>La historia que hay detr\u00e1s del Monte Cabez\u00f3n de la Sal es bastante curiosa. Resulta que a finales de los a\u00f1os 40, la pol\u00edtica forestal del pa\u00eds oblig\u00f3 a reducir las importaciones de madera para la industria. Bajo este contexto, un empresario decidi\u00f3 plantar \u00e1rboles gigantescos para su explotaci\u00f3n maderera. Por varias razones, esta idea empresarial nunca se llev\u00f3 a cabo y sin querer se acab\u00f3 creando <strong>uno de los mayores bosques de secuoyas de Espa\u00f1a y Europa<\/strong>.\u00a0<\/p>\n\n\n\n<div class=\"wp-block-buttons is-layout-flex wp-block-buttons-is-layout-flex\">\n<div class=\"wp-block-button\"><a class=\"wp-block-button__link wp-element-button\" href=\"\/casas-rurales\/cabezon-de-la-sal\">Alojamientos rurales en Cabez\u00f3n de la Sal<\/a><\/div>\n<\/div>\n\n\n\n<h2 class=\"wp-block-heading\" id=\"h-bosque-de-secuoyas-gigantes-en-la-losa-huescar-granada\"><strong>Bosque de secuoyas gigantes en La Losa (Hu\u00e9scar, <a href=\"\/casas-rurales\/granada\">Granada<\/a>)<\/strong><\/h2>\n\n\n\n<figure class=\"wp-block-image size-large\"><img loading=\"lazy\" decoding=\"async\" width=\"1024\" height=\"682\" src=\"https:\/\/www.escapadarural.com\/blog\/wp-content\/uploads\/2024\/11\/secuoyas-en-granada-scaled-1-1024x682.jpg\" alt=\"Secuoyas en Granada\" class=\"wp-image-108702\" srcset=\"https:\/\/www.escapadarural.com\/blog\/wp-content\/uploads\/2024\/11\/secuoyas-en-granada-scaled-1-200x133.jpg 200w, https:\/\/www.escapadarural.com\/blog\/wp-content\/uploads\/2024\/11\/secuoyas-en-granada-scaled-1-300x200.jpg 300w, https:\/\/www.escapadarural.com\/blog\/wp-content\/uploads\/2024\/11\/secuoyas-en-granada-scaled-1-400x266.jpg 400w, https:\/\/www.escapadarural.com\/blog\/wp-content\/uploads\/2024\/11\/secuoyas-en-granada-scaled-1-600x399.jpg 600w, https:\/\/www.escapadarural.com\/blog\/wp-content\/uploads\/2024\/11\/secuoyas-en-granada-scaled-1-768x511.jpg 768w, https:\/\/www.escapadarural.com\/blog\/wp-content\/uploads\/2024\/11\/secuoyas-en-granada-scaled-1-800x532.jpg 800w, https:\/\/www.escapadarural.com\/blog\/wp-content\/uploads\/2024\/11\/secuoyas-en-granada-scaled-1-1024x682.jpg 1024w, https:\/\/www.escapadarural.com\/blog\/wp-content\/uploads\/2024\/11\/secuoyas-en-granada-scaled-1-1200x799.jpg 1200w, https:\/\/www.escapadarural.com\/blog\/wp-content\/uploads\/2024\/11\/secuoyas-en-granada-scaled-1-1536x1022.jpg 1536w\" sizes=\"auto, (max-width: 1024px) 100vw, 1024px\" \/><figcaption class=\"wp-element-caption\">Secuoyas en Granada. Por Agust\u00edn.<\/figcaption><\/figure>\n\n\n\n<p>El pico de La Sagra, en Granada, ofrece a sus pies un peque\u00f1o bosque de secuoyas, el cual fue plantado por el marqu\u00e9s de Corvera, que trajo consigo los ejemplares hace m\u00e1s de 150 a\u00f1os despu\u00e9s de uno de sus viajes a M\u00e9xico. Se dice que en honor a la que era su esposa, Mar\u00eda Antonia, pasaron a conocerse en Hu\u00e9scar con el nombre de <em>mariantonias<\/em>. En este peque\u00f1o bosque, situado en una finca privada, se encuentran los <strong>\u00e1rboles m\u00e1s altos de Andaluc\u00eda<\/strong>, con hasta 75 metros de altura. Aunque est\u00e1n en propiedad privada, se puede ir a conocer esta rareza, pero antes se requiere permiso y concertar una visita guiada con Cronos Patrimonio y Cultura de Hu\u00e9scar (cronospatrimonioycultura@gmail.com \/ 687447009).<\/p>\n\n\n\n<p>Para poder proteger el bosque, hace unos a\u00f1os se tuvo que vallar ya que eran varias las personas que se adentraban sin control previo. Es por ello que actualmente se requiere concertar una visita con anterioridad y poder conocerlo en grupos. El bosque cuenta con <strong>una treintena de \u00e1rboles gigantescos<\/strong>, est\u00e1 catalogado como Arboleda Singular de Andaluc\u00eda y se encuentra a tan solo 195 kil\u00f3metros de Granada ciudad.<\/p>\n\n\n\n<div class=\"wp-block-buttons is-layout-flex wp-block-buttons-is-layout-flex\">\n<div class=\"wp-block-button\"><a class=\"wp-block-button__link wp-element-button\" href=\"\/casas-rurales\/huescar\">Alojamientos rurales en Hu\u00e9scar<\/a><\/div>\n<\/div>\n\n\n\n<h2 class=\"wp-block-heading\" id=\"h-secuoyas-de-can-casades-en-el-montseny-barcelona\"><strong>Secuoyas de Can Casades, en El Montseny (<a href=\"\/casas-rurales\/barcelona\">Barcelona<\/a>)<\/strong><\/h2>\n\n\n\n<figure class=\"wp-block-image size-full\"><a href=\"https:\/\/www.escapadarural.com\/blog\/wp-content\/uploads\/2024\/10\/secuoya-montseny-1024x746-1.jpg\"><img loading=\"lazy\" decoding=\"async\" width=\"1024\" height=\"746\" src=\"https:\/\/www.escapadarural.com\/blog\/wp-content\/uploads\/2024\/10\/secuoya-montseny-1024x746-1.jpg\" alt=\"Secuoya en el Montseny, Barcelona.\" class=\"wp-image-95611\" srcset=\"https:\/\/www.escapadarural.com\/blog\/wp-content\/uploads\/2024\/10\/secuoya-montseny-1024x746-1-200x146.jpg 200w, https:\/\/www.escapadarural.com\/blog\/wp-content\/uploads\/2024\/10\/secuoya-montseny-1024x746-1-300x219.jpg 300w, https:\/\/www.escapadarural.com\/blog\/wp-content\/uploads\/2024\/10\/secuoya-montseny-1024x746-1-400x291.jpg 400w, https:\/\/www.escapadarural.com\/blog\/wp-content\/uploads\/2024\/10\/secuoya-montseny-1024x746-1-600x437.jpg 600w, https:\/\/www.escapadarural.com\/blog\/wp-content\/uploads\/2024\/10\/secuoya-montseny-1024x746-1-768x560.jpg 768w, https:\/\/www.escapadarural.com\/blog\/wp-content\/uploads\/2024\/10\/secuoya-montseny-1024x746-1-800x583.jpg 800w, https:\/\/www.escapadarural.com\/blog\/wp-content\/uploads\/2024\/10\/secuoya-montseny-1024x746-1.jpg 1024w\" sizes=\"auto, (max-width: 1024px) 100vw, 1024px\" \/><\/a><figcaption class=\"wp-element-caption\">Secuoya en el Montseny, Barcelona. Por peresanz.<\/figcaption><\/figure>\n\n\n\n<p>Se trata de tres secuoyas (originariamente eran cuatro, pero una muri\u00f3) ubicadas en el centro de informaci\u00f3n del <a href=\"\/blog\/tag\/montseny\">Montseny<\/a> de Can Casades, el cual es ahora propiedad de la Diputaci\u00f3n de Barcelona. Datan de <strong>principios del siglo XX<\/strong>, llegan a superar los 40 metros de altura y se plantaron varias especies de secuoyas <em>giganteum<\/em> en muchas de las fincas ubicadas por todo el espacio natural. Su fin era comprobar si pod\u00eda haber una posible adaptaci\u00f3n de la especie.<\/p>\n\n\n\n<p>El mayor de los ejemplares tiene 6,50 metros de per\u00edmetro de tronco. Son muy f\u00e1ciles de localizar ya que, como coment\u00e1bamos, est\u00e1n en el mismo centro de informaci\u00f3n. Desde all\u00ed salen <strong>varias rutas de senderismo<\/strong> para <a href=\"\/blog\/rutas-en-el-montseny\/\">conocer los alrededores<\/a>, como la ruta hasta el embalse de Santa Fe. Si tienes dudas, lo mejor es acercarte al centro de informaci\u00f3n y, mientras tanto, disfrutar de las espectaculares secuoyas que son hogar de varias aves (como el carbonero garrapinos o el trepador azul).<\/p>\n\n\n\n<div class=\"wp-block-buttons is-layout-flex wp-block-buttons-is-layout-flex\">\n<div class=\"wp-block-button\"><a class=\"wp-block-button__link wp-element-button\" href=\"\/casas-rurales\/el-montseny\">Alojamientos rurales en El Montseny<\/a><\/div>\n<\/div>\n\n\n\n<h2 class=\"wp-block-heading\" id=\"h-bosque-de-secuoyas-del-monte-castrove-y-jardines-del-castelo-de-soutomaior-pontevedra\"><strong>Bosque de secuoyas del monte Castrove y jardines del Castelo de Soutomaior (<a href=\"\/casas-rurales\/pontevedra\">Pontevedra<\/a>)<\/strong><\/h2>\n\n\n\n<figure class=\"wp-block-image size-full\"><a href=\"https:\/\/www.escapadarural.com\/blog\/wp-content\/uploads\/2024\/10\/secuoyas-en-poio-1024x683-1.jpg\"><img loading=\"lazy\" decoding=\"async\" width=\"1024\" height=\"683\" src=\"https:\/\/www.escapadarural.com\/blog\/wp-content\/uploads\/2024\/10\/secuoyas-en-poio-1024x683-1.jpg\" alt=\"Secuoyas en Poio (Pontevedra).\" class=\"wp-image-95612\" srcset=\"https:\/\/www.escapadarural.com\/blog\/wp-content\/uploads\/2024\/10\/secuoyas-en-poio-1024x683-1-200x133.jpg 200w, https:\/\/www.escapadarural.com\/blog\/wp-content\/uploads\/2024\/10\/secuoyas-en-poio-1024x683-1-300x200.jpg 300w, https:\/\/www.escapadarural.com\/blog\/wp-content\/uploads\/2024\/10\/secuoyas-en-poio-1024x683-1-400x267.jpg 400w, https:\/\/www.escapadarural.com\/blog\/wp-content\/uploads\/2024\/10\/secuoyas-en-poio-1024x683-1-600x400.jpg 600w, https:\/\/www.escapadarural.com\/blog\/wp-content\/uploads\/2024\/10\/secuoyas-en-poio-1024x683-1-768x512.jpg 768w, https:\/\/www.escapadarural.com\/blog\/wp-content\/uploads\/2024\/10\/secuoyas-en-poio-1024x683-1-800x534.jpg 800w, https:\/\/www.escapadarural.com\/blog\/wp-content\/uploads\/2024\/10\/secuoyas-en-poio-1024x683-1.jpg 1024w\" sizes=\"auto, (max-width: 1024px) 100vw, 1024px\" \/><\/a><figcaption class=\"wp-element-caption\">Secuoyas en Poio (Pontevedra). Por Jos\u00e9 Luis.<\/figcaption><\/figure>\n\n\n\n<p>Es el <strong>mayor bosque de secuoyas rojas de Europa<\/strong> y se encuentra en el municipio de Poio, en Pontevedra. La historia que guarda es tambi\u00e9n muy curiosa: en 1992, el entonces presidente estadounidense <strong>George Bush envi\u00f3 un gran n\u00famero de ejemplares<\/strong> para conmemorar el quinto centenario del descubrimiento de Am\u00e9rica por Crist\u00f3bal Col\u00f3n. Se rumorea que una de las razones para escoger el monte Castrove fue que estaba muy cerca del oc\u00e9ano Atl\u00e1ntico, mirando hacia las costas americanas. Por supuesto, antes de exportarse, se desplazaron hasta el lugar varios expertos norteamericanos. As\u00ed pudieron evaluar que el proyecto tuviera posibilidades de \u00e9xito.<\/p>\n\n\n\n<p>Y as\u00ed ha sido, se encuentran a una altura aproximada de<strong> 440 metros<\/strong> sobre el nivel del mar y son en la actualidad uno de los principales atractivos de Poio. Son ejemplares bastante j\u00f3venes (ya que fueron desplazados en 1992) pero se prev\u00e9 que puedan llegar a alcanzar los 115 metros de altura e incluso los 8 de di\u00e1metro.<\/p>\n\n\n\n<p>Sin irnos muy lejos, a escasos 30 kil\u00f3metros de distancia, encontramos los preciosos<strong> jardines del <em>Castelo de Soutomaior<\/em><\/strong>, rodeados de vi\u00f1edos y en el valle del r\u00edo Verdugo. Estos jardines esconden especies aut\u00f3ctonas procedentes de los cinco continentes, una de ellas un impresionante ejemplar de secuoya <em>sempervirens<\/em>, con 42 metros de alto y 9,5 metros de per\u00edmetro.<\/p>\n\n\n\n<div class=\"wp-block-buttons is-layout-flex wp-block-buttons-is-layout-flex\">\n<div class=\"wp-block-button\"><a class=\"wp-block-button__link wp-element-button\" href=\"\/casas-rurales\/poio\">Alojamientos rurales en Poio<\/a><\/div>\n<\/div>\n\n\n\n<h2 class=\"wp-block-heading\" id=\"h-arboretum-de-masjoan-en-espinelves-girona\"><strong><em>Arboretum<\/em> de Masjoan, en Espinelves (<a href=\"\/casas-rurales\/girona\">Girona<\/a>)<\/strong><\/h2>\n\n\n\n<figure class=\"wp-block-image size-large\"><a href=\"https:\/\/www.escapadarural.com\/blog\/wp-content\/uploads\/secuoyas-espinelves-scaled.jpg\"><img decoding=\"async\" src=\"https:\/\/www.escapadarural.com\/blog\/wp-content\/uploads\/2024\/10\/secuoyas-espinelves-1024x680-1.jpg\" alt=\"Secuoyas Espinelves\" class=\"wp-image-67188\"\/><\/a><figcaption class=\"wp-element-caption\">Secuoyas del Arboretum de Masjoan, en Espinelves (Girona). Por jotabe85<\/figcaption><\/figure>\n\n\n\n<p>El fascinante <em>Arboretum<\/em> ha sido el resultado de plantar <strong>varias secuoyas rojas y varias secuoyas gigantes<\/strong> en combinaci\u00f3n con otras especies originales de Estados Unidos y de Canad\u00e1. Fue obra de Mari\u00e0 Masferrer, naturalista y bot\u00e1nico, quien quiso saber si estas se podr\u00edan llegar a aclimatar.<\/p>\n\n\n\n<p>Se encuentra en Espinelves, en una mas\u00eda llamada Masjoan, la cual tambi\u00e9n perteneci\u00f3 a la familia Masferrer. Actualmente cuenta con <strong>la mayor concentraci\u00f3n de \u00e1rboles monumentales de Catalu\u00f1a<\/strong> y ha sido declarado patrimonio natural por la Generalitat. Dentro del <em>Arboretum<\/em> se pueden encontrar m\u00e1s de 50 especies diferentes, entre las que se cuentan secuoyas pero tambi\u00e9n cedros, abetos, pinos, robles, etc. Algunas llegan a alcanzar los 40 metros de altura y, sin lugar a dudas, se ha convertido en un precioso rinc\u00f3n donde poder evadirse y reconectar con los sentidos. Se puede visitar de martes a domingo y en su web oficial encontrar\u00e9is toda la <a href=\"https:\/\/masjoan.com\/arboretum\/\" target=\"_blank\" rel=\"noreferrer noopener nofollow\">informaci\u00f3n relativa a precios y horarios<\/a>.<\/p>\n\n\n\n<p>Quiz\u00e1s, este lugar sea uno de los lugares con secuoyas en Espa\u00f1a m\u00e1s desconocidos pero la verdad es que ofrece <strong>infinidad de posibilidades<\/strong>. Desde dejarte perder por una ruta circular y contemplar gran variedad de especies hasta realizar \u201c<a href=\"\/blog\/beneficios-de-los-banos-de-bosque\/\">ba\u00f1os de bosque<\/a>\u201d o incluso apuntarte a buscar el famoso <em>ti\u00f3 <\/em>cuando llega la <a href=\"\/blog\/tag\/navidad\">Navidad<\/a>.<\/p>\n\n\n\n<div class=\"wp-block-buttons is-layout-flex wp-block-buttons-is-layout-flex\">\n<div class=\"wp-block-button\"><a class=\"wp-block-button__link wp-element-button\" href=\"\/casas-rurales\/espinelves\">Alojamientos rurales en Espinelves<\/a><\/div>\n<\/div>\n","protected":false},"excerpt":{"rendered":"<p>No hace falta viajar hasta California para poder disfrutar de estos gigantes: Estos son algunos de los bosques de secuoyas que podemos visitar en Espa\u00f1a<\/p>\n","protected":false},"author":151,"featured_media":67189,"comment_status":"open","ping_status":"open","sticky":false,"template":"","format":"standard","meta":{"_acf_changed":false,"om_disable_all_campaigns":false,"footnotes":""},"categories":[191],"tags":[6072,301,211,1231,224,5994,511,468,404,338,215,320,3266],"class_list":["post-66852","post","type-post","status-publish","format-standard","has-post-thumbnail","hentry","category-destinos","tag-andalucia","tag-arboles","tag-que-ver-en-barcelona","tag-bosques","tag-que-ver-en-cantabria","tag-que-ver-en-cataluna","tag-familia","tag-que-ver-en-galicia","tag-que-ver-en-girona","tag-que-ver-en-granada","tag-listado","tag-que-ver-en-pontevedra","tag-secuoyas"],"acf":[],"featured_image_src":"https:\/\/www.escapadarural.com\/blog\/wp-content\/uploads\/2023\/10\/secuoyas-espana-scaled-1.jpg","author_info":{"display_name":"Alba Feliz","author_link":"https:\/\/www.escapadarural.com\/blog\/autor\/alba\/"},"yoast_head":"<!-- This site is optimized with the Yoast SEO plugin v27.5 - https:\/\/yoast.com\/product\/yoast-seo-wordpress\/ -->\n<title>5 lugares donde podr\u00e1s ver bosques de secuoyas en Espa\u00f1a - EscapadaRural<\/title>\n<meta name=\"description\" content=\"No hace falta viajar a California para disfrutar de estos gigantes: estos son algunos bosques de secuoyas que podemos visitar en Espa\u00f1a\" \/>\n<meta name=\"robots\" content=\"index, follow, max-snippet:-1, max-image-preview:large, max-video-preview:-1\" \/>\n<link rel=\"canonical\" href=\"https:\/\/www.escapadarural.com\/blog\/donde-ver-secuoyas-en-espana\/\" \/>\n<meta property=\"og:locale\" content=\"es_ES\" \/>\n<meta property=\"og:type\" content=\"article\" \/>\n<meta property=\"og:title\" content=\"5 lugares donde podr\u00e1s ver bosques de secuoyas en Espa\u00f1a - EscapadaRural\" \/>\n<meta property=\"og:description\" content=\"No hace falta viajar a California para disfrutar de estos gigantes: estos son algunos bosques de secuoyas que podemos visitar en Espa\u00f1a\" \/>\n<meta property=\"og:url\" content=\"https:\/\/www.escapadarural.com\/blog\/donde-ver-secuoyas-en-espana\/\" \/>\n<meta property=\"og:site_name\" content=\"Magazine de viajes de EscapadaRural\" \/>\n<meta property=\"article:publisher\" content=\"https:\/\/www.facebook.com\/escapadarural\" \/>\n<meta property=\"article:published_time\" content=\"2025-10-23T06:00:00+00:00\" \/>\n<meta property=\"article:modified_time\" content=\"2026-03-19T14:53:46+00:00\" \/>\n<meta property=\"og:image\" content=\"https:\/\/www.escapadarural.com\/blog\/wp-content\/uploads\/2023\/10\/secuoyas-espana-scaled-1.jpg?v=1773932027\" \/>\n\t<meta property=\"og:image:width\" content=\"2048\" \/>\n\t<meta property=\"og:image:height\" content=\"1366\" \/>\n\t<meta property=\"og:image:type\" content=\"image\/jpeg\" \/>\n<meta name=\"author\" content=\"Alba Feliz\" \/>\n<meta name=\"twitter:card\" content=\"summary_large_image\" \/>\n<meta name=\"twitter:label1\" content=\"Escrito por\" \/>\n\t<meta name=\"twitter:data1\" content=\"Alba Feliz\" \/>\n\t<meta name=\"twitter:label2\" content=\"Tiempo de lectura\" \/>\n\t<meta name=\"twitter:data2\" content=\"8 minutos\" \/>\n<script type=\"application\/ld+json\" class=\"yoast-schema-graph\">{\"@context\":\"https:\\\/\\\/schema.org\",\"@graph\":[{\"@type\":\"Article\",\"@id\":\"https:\\\/\\\/www.escapadarural.com\\\/blog\\\/donde-ver-secuoyas-en-espana\\\/#article\",\"isPartOf\":{\"@id\":\"https:\\\/\\\/www.escapadarural.com\\\/blog\\\/donde-ver-secuoyas-en-espana\\\/\"},\"author\":{\"name\":\"Alba Feliz\",\"@id\":\"https:\\\/\\\/www.escapadarural.com\\\/blog\\\/#\\\/schema\\\/person\\\/65271b7b847121ab7a4f8c3be624d420\"},\"headline\":\"5 lugares donde podr\u00e1s ver bosques de secuoyas en Espa\u00f1a\",\"datePublished\":\"2025-10-23T06:00:00+00:00\",\"dateModified\":\"2026-03-19T14:53:46+00:00\",\"mainEntityOfPage\":{\"@id\":\"https:\\\/\\\/www.escapadarural.com\\\/blog\\\/donde-ver-secuoyas-en-espana\\\/\"},\"wordCount\":1363,\"commentCount\":3,\"publisher\":{\"@id\":\"https:\\\/\\\/www.escapadarural.com\\\/blog\\\/#organization\"},\"image\":{\"@id\":\"https:\\\/\\\/www.escapadarural.com\\\/blog\\\/donde-ver-secuoyas-en-espana\\\/#primaryimage\"},\"thumbnailUrl\":\"https:\\\/\\\/www.escapadarural.com\\\/blog\\\/wp-content\\\/uploads\\\/2023\\\/10\\\/secuoyas-espana-scaled-1.jpg\",\"keywords\":[\"Andaluc\u00eda\",\"\u00c1rboles\",\"Barcelona\",\"Bosques\",\"Cantabria\",\"Catalu\u00f1a\",\"Familia\",\"Galicia\",\"Girona\",\"Granada\",\"Listado\",\"Pontevedra\",\"Secuoyas\"],\"articleSection\":[\"Destinos\"],\"inLanguage\":\"es\",\"potentialAction\":[{\"@type\":\"CommentAction\",\"name\":\"Comment\",\"target\":[\"https:\\\/\\\/www.escapadarural.com\\\/blog\\\/donde-ver-secuoyas-en-espana\\\/#respond\"]}]},{\"@type\":\"WebPage\",\"@id\":\"https:\\\/\\\/www.escapadarural.com\\\/blog\\\/donde-ver-secuoyas-en-espana\\\/\",\"url\":\"https:\\\/\\\/www.escapadarural.com\\\/blog\\\/donde-ver-secuoyas-en-espana\\\/\",\"name\":\"5 lugares donde podr\u00e1s ver bosques de secuoyas en Espa\u00f1a - EscapadaRural\",\"isPartOf\":{\"@id\":\"https:\\\/\\\/www.escapadarural.com\\\/blog\\\/#website\"},\"primaryImageOfPage\":{\"@id\":\"https:\\\/\\\/www.escapadarural.com\\\/blog\\\/donde-ver-secuoyas-en-espana\\\/#primaryimage\"},\"image\":{\"@id\":\"https:\\\/\\\/www.escapadarural.com\\\/blog\\\/donde-ver-secuoyas-en-espana\\\/#primaryimage\"},\"thumbnailUrl\":\"https:\\\/\\\/www.escapadarural.com\\\/blog\\\/wp-content\\\/uploads\\\/2023\\\/10\\\/secuoyas-espana-scaled-1.jpg\",\"datePublished\":\"2025-10-23T06:00:00+00:00\",\"dateModified\":\"2026-03-19T14:53:46+00:00\",\"description\":\"No hace falta viajar a California para disfrutar de estos gigantes: estos son algunos bosques de secuoyas que podemos visitar en Espa\u00f1a\",\"breadcrumb\":{\"@id\":\"https:\\\/\\\/www.escapadarural.com\\\/blog\\\/donde-ver-secuoyas-en-espana\\\/#breadcrumb\"},\"inLanguage\":\"es\",\"potentialAction\":[{\"@type\":\"ReadAction\",\"target\":[\"https:\\\/\\\/www.escapadarural.com\\\/blog\\\/donde-ver-secuoyas-en-espana\\\/\"]}]},{\"@type\":\"ImageObject\",\"inLanguage\":\"es\",\"@id\":\"https:\\\/\\\/www.escapadarural.com\\\/blog\\\/donde-ver-secuoyas-en-espana\\\/#primaryimage\",\"url\":\"https:\\\/\\\/www.escapadarural.com\\\/blog\\\/wp-content\\\/uploads\\\/2023\\\/10\\\/secuoyas-espana-scaled-1.jpg\",\"contentUrl\":\"https:\\\/\\\/www.escapadarural.com\\\/blog\\\/wp-content\\\/uploads\\\/2023\\\/10\\\/secuoyas-espana-scaled-1.jpg\",\"width\":2048,\"height\":1366,\"caption\":\"Secuoyas de Cabez\u00f3n de la Sal, en Cantabria. Por Luc\u00eda\"},{\"@type\":\"BreadcrumbList\",\"@id\":\"https:\\\/\\\/www.escapadarural.com\\\/blog\\\/donde-ver-secuoyas-en-espana\\\/#breadcrumb\",\"itemListElement\":[{\"@type\":\"ListItem\",\"position\":1,\"name\":\"Inicio\",\"item\":\"https:\\\/\\\/www.escapadarural.com\\\/blog\\\/\"},{\"@type\":\"ListItem\",\"position\":2,\"name\":\"Destinos\",\"item\":\"https:\\\/\\\/www.escapadarural.com\\\/blog\\\/categoria\\\/destinos\\\/\"},{\"@type\":\"ListItem\",\"position\":3,\"name\":\"5 lugares donde podr\u00e1s ver bosques de secuoyas en Espa\u00f1a\"}]},{\"@type\":\"WebSite\",\"@id\":\"https:\\\/\\\/www.escapadarural.com\\\/blog\\\/#website\",\"url\":\"https:\\\/\\\/www.escapadarural.com\\\/blog\\\/\",\"name\":\"Blog de viajes | turismo rural, alojamientos e inspiraci\u00f3n\",\"description\":\"Alojamientos rurales e inspiraci\u00f3n para tus escapadas\",\"publisher\":{\"@id\":\"https:\\\/\\\/www.escapadarural.com\\\/blog\\\/#organization\"},\"alternateName\":\"Magazine de viajes de EscapadaRural\",\"potentialAction\":[{\"@type\":\"SearchAction\",\"target\":{\"@type\":\"EntryPoint\",\"urlTemplate\":\"https:\\\/\\\/www.escapadarural.com\\\/blog\\\/?s={search_term_string}\"},\"query-input\":{\"@type\":\"PropertyValueSpecification\",\"valueRequired\":true,\"valueName\":\"search_term_string\"}}],\"inLanguage\":\"es\"},{\"@type\":\"Organization\",\"@id\":\"https:\\\/\\\/www.escapadarural.com\\\/blog\\\/#organization\",\"name\":\"EscapadaRural\",\"url\":\"https:\\\/\\\/www.escapadarural.com\\\/blog\\\/\",\"logo\":{\"@type\":\"ImageObject\",\"inLanguage\":\"es\",\"@id\":\"https:\\\/\\\/www.escapadarural.com\\\/blog\\\/#\\\/schema\\\/logo\\\/image\\\/\",\"url\":\"https:\\\/\\\/www.escapadarural.com\\\/blog\\\/wp-content\\\/uploads\\\/2024\\\/10\\\/cropped-cropped-escapada-rural-icon-mag-3.png\",\"contentUrl\":\"https:\\\/\\\/www.escapadarural.com\\\/blog\\\/wp-content\\\/uploads\\\/2024\\\/10\\\/cropped-cropped-escapada-rural-icon-mag-3.png\",\"width\":512,\"height\":512,\"caption\":\"EscapadaRural\"},\"image\":{\"@id\":\"https:\\\/\\\/www.escapadarural.com\\\/blog\\\/#\\\/schema\\\/logo\\\/image\\\/\"},\"sameAs\":[\"https:\\\/\\\/www.facebook.com\\\/escapadarural\",\"https:\\\/\\\/www.instagram.com\\\/escapadarural\\\/\",\"https:\\\/\\\/www.youtube.com\\\/@escapadaruralcom\"]},{\"@type\":\"Person\",\"@id\":\"https:\\\/\\\/www.escapadarural.com\\\/blog\\\/#\\\/schema\\\/person\\\/65271b7b847121ab7a4f8c3be624d420\",\"name\":\"Alba Feliz\",\"image\":{\"@type\":\"ImageObject\",\"inLanguage\":\"es\",\"@id\":\"https:\\\/\\\/www.escapadarural.com\\\/blog\\\/wp-content\\\/uploads\\\/2024\\\/11\\\/cropped-alba-96x96.jpg\",\"url\":\"https:\\\/\\\/www.escapadarural.com\\\/blog\\\/wp-content\\\/uploads\\\/2024\\\/11\\\/cropped-alba-96x96.jpg\",\"contentUrl\":\"https:\\\/\\\/www.escapadarural.com\\\/blog\\\/wp-content\\\/uploads\\\/2024\\\/11\\\/cropped-alba-96x96.jpg\",\"caption\":\"Alba Feliz\"},\"description\":\"Redactora, productora audiovisual y graduada en turismo y direcci\u00f3n hotelera. Creo firmemente que viajar abre la mente y permite conocer otras realidades que quiz\u00e1s desconocemos. Me apasiona la fotograf\u00eda anal\u00f3gica (la de toda la vida) y darle una oportunidad a los destinos menos conocidos.\",\"url\":\"https:\\\/\\\/www.escapadarural.com\\\/blog\\\/autor\\\/alba\\\/\"}]}<\/script>\n<!-- \/ Yoast SEO plugin. -->","yoast_head_json":{"title":"5 lugares donde podr\u00e1s ver bosques de secuoyas en Espa\u00f1a - EscapadaRural","description":"No hace falta viajar a California para disfrutar de estos gigantes: estos son algunos bosques de secuoyas que podemos visitar en Espa\u00f1a","robots":{"index":"index","follow":"follow","max-snippet":"max-snippet:-1","max-image-preview":"max-image-preview:large","max-video-preview":"max-video-preview:-1"},"canonical":"https:\/\/www.escapadarural.com\/blog\/donde-ver-secuoyas-en-espana\/","og_locale":"es_ES","og_type":"article","og_title":"5 lugares donde podr\u00e1s ver bosques de secuoyas en Espa\u00f1a - EscapadaRural","og_description":"No hace falta viajar a California para disfrutar de estos gigantes: estos son algunos bosques de secuoyas que podemos visitar en Espa\u00f1a","og_url":"https:\/\/www.escapadarural.com\/blog\/donde-ver-secuoyas-en-espana\/","og_site_name":"Magazine de viajes de EscapadaRural","article_publisher":"https:\/\/www.facebook.com\/escapadarural","article_published_time":"2025-10-23T06:00:00+00:00","article_modified_time":"2026-03-19T14:53:46+00:00","og_image":[{"width":2048,"height":1366,"url":"https:\/\/www.escapadarural.com\/blog\/wp-content\/uploads\/2023\/10\/secuoyas-espana-scaled-1.jpg?v=1773932027","type":"image\/jpeg"}],"author":"Alba Feliz","twitter_card":"summary_large_image","twitter_misc":{"Escrito por":"Alba Feliz","Tiempo de lectura":"8 minutos"},"schema":{"@context":"https:\/\/schema.org","@graph":[{"@type":"Article","@id":"https:\/\/www.escapadarural.com\/blog\/donde-ver-secuoyas-en-espana\/#article","isPartOf":{"@id":"https:\/\/www.escapadarural.com\/blog\/donde-ver-secuoyas-en-espana\/"},"author":{"name":"Alba Feliz","@id":"https:\/\/www.escapadarural.com\/blog\/#\/schema\/person\/65271b7b847121ab7a4f8c3be624d420"},"headline":"5 lugares donde podr\u00e1s ver bosques de secuoyas en Espa\u00f1a","datePublished":"2025-10-23T06:00:00+00:00","dateModified":"2026-03-19T14:53:46+00:00","mainEntityOfPage":{"@id":"https:\/\/www.escapadarural.com\/blog\/donde-ver-secuoyas-en-espana\/"},"wordCount":1363,"commentCount":3,"publisher":{"@id":"https:\/\/www.escapadarural.com\/blog\/#organization"},"image":{"@id":"https:\/\/www.escapadarural.com\/blog\/donde-ver-secuoyas-en-espana\/#primaryimage"},"thumbnailUrl":"https:\/\/www.escapadarural.com\/blog\/wp-content\/uploads\/2023\/10\/secuoyas-espana-scaled-1.jpg","keywords":["Andaluc\u00eda","\u00c1rboles","Barcelona","Bosques","Cantabria","Catalu\u00f1a","Familia","Galicia","Girona","Granada","Listado","Pontevedra","Secuoyas"],"articleSection":["Destinos"],"inLanguage":"es","potentialAction":[{"@type":"CommentAction","name":"Comment","target":["https:\/\/www.escapadarural.com\/blog\/donde-ver-secuoyas-en-espana\/#respond"]}]},{"@type":"WebPage","@id":"https:\/\/www.escapadarural.com\/blog\/donde-ver-secuoyas-en-espana\/","url":"https:\/\/www.escapadarural.com\/blog\/donde-ver-secuoyas-en-espana\/","name":"5 lugares donde podr\u00e1s ver bosques de secuoyas en Espa\u00f1a - EscapadaRural","isPartOf":{"@id":"https:\/\/www.escapadarural.com\/blog\/#website"},"primaryImageOfPage":{"@id":"https:\/\/www.escapadarural.com\/blog\/donde-ver-secuoyas-en-espana\/#primaryimage"},"image":{"@id":"https:\/\/www.escapadarural.com\/blog\/donde-ver-secuoyas-en-espana\/#primaryimage"},"thumbnailUrl":"https:\/\/www.escapadarural.com\/blog\/wp-content\/uploads\/2023\/10\/secuoyas-espana-scaled-1.jpg","datePublished":"2025-10-23T06:00:00+00:00","dateModified":"2026-03-19T14:53:46+00:00","description":"No hace falta viajar a California para disfrutar de estos gigantes: estos son algunos bosques de secuoyas que podemos visitar en Espa\u00f1a","breadcrumb":{"@id":"https:\/\/www.escapadarural.com\/blog\/donde-ver-secuoyas-en-espana\/#breadcrumb"},"inLanguage":"es","potentialAction":[{"@type":"ReadAction","target":["https:\/\/www.escapadarural.com\/blog\/donde-ver-secuoyas-en-espana\/"]}]},{"@type":"ImageObject","inLanguage":"es","@id":"https:\/\/www.escapadarural.com\/blog\/donde-ver-secuoyas-en-espana\/#primaryimage","url":"https:\/\/www.escapadarural.com\/blog\/wp-content\/uploads\/2023\/10\/secuoyas-espana-scaled-1.jpg","contentUrl":"https:\/\/www.escapadarural.com\/blog\/wp-content\/uploads\/2023\/10\/secuoyas-espana-scaled-1.jpg","width":2048,"height":1366,"caption":"Secuoyas de Cabez\u00f3n de la Sal, en Cantabria. Por Luc\u00eda"},{"@type":"BreadcrumbList","@id":"https:\/\/www.escapadarural.com\/blog\/donde-ver-secuoyas-en-espana\/#breadcrumb","itemListElement":[{"@type":"ListItem","position":1,"name":"Inicio","item":"https:\/\/www.escapadarural.com\/blog\/"},{"@type":"ListItem","position":2,"name":"Destinos","item":"https:\/\/www.escapadarural.com\/blog\/categoria\/destinos\/"},{"@type":"ListItem","position":3,"name":"5 lugares donde podr\u00e1s ver bosques de secuoyas en Espa\u00f1a"}]},{"@type":"WebSite","@id":"https:\/\/www.escapadarural.com\/blog\/#website","url":"https:\/\/www.escapadarural.com\/blog\/","name":"Blog de viajes | turismo rural, alojamientos e inspiraci\u00f3n","description":"Alojamientos rurales e inspiraci\u00f3n para tus escapadas","publisher":{"@id":"https:\/\/www.escapadarural.com\/blog\/#organization"},"alternateName":"Magazine de viajes de EscapadaRural","potentialAction":[{"@type":"SearchAction","target":{"@type":"EntryPoint","urlTemplate":"https:\/\/www.escapadarural.com\/blog\/?s={search_term_string}"},"query-input":{"@type":"PropertyValueSpecification","valueRequired":true,"valueName":"search_term_string"}}],"inLanguage":"es"},{"@type":"Organization","@id":"https:\/\/www.escapadarural.com\/blog\/#organization","name":"EscapadaRural","url":"https:\/\/www.escapadarural.com\/blog\/","logo":{"@type":"ImageObject","inLanguage":"es","@id":"https:\/\/www.escapadarural.com\/blog\/#\/schema\/logo\/image\/","url":"https:\/\/www.escapadarural.com\/blog\/wp-content\/uploads\/2024\/10\/cropped-cropped-escapada-rural-icon-mag-3.png","contentUrl":"https:\/\/www.escapadarural.com\/blog\/wp-content\/uploads\/2024\/10\/cropped-cropped-escapada-rural-icon-mag-3.png","width":512,"height":512,"caption":"EscapadaRural"},"image":{"@id":"https:\/\/www.escapadarural.com\/blog\/#\/schema\/logo\/image\/"},"sameAs":["https:\/\/www.facebook.com\/escapadarural","https:\/\/www.instagram.com\/escapadarural\/","https:\/\/www.youtube.com\/@escapadaruralcom"]},{"@type":"Person","@id":"https:\/\/www.escapadarural.com\/blog\/#\/schema\/person\/65271b7b847121ab7a4f8c3be624d420","name":"Alba Feliz","image":{"@type":"ImageObject","inLanguage":"es","@id":"https:\/\/www.escapadarural.com\/blog\/wp-content\/uploads\/2024\/11\/cropped-alba-96x96.jpg","url":"https:\/\/www.escapadarural.com\/blog\/wp-content\/uploads\/2024\/11\/cropped-alba-96x96.jpg","contentUrl":"https:\/\/www.escapadarural.com\/blog\/wp-content\/uploads\/2024\/11\/cropped-alba-96x96.jpg","caption":"Alba Feliz"},"description":"Redactora, productora audiovisual y graduada en turismo y direcci\u00f3n hotelera. Creo firmemente que viajar abre la mente y permite conocer otras realidades que quiz\u00e1s desconocemos. Me apasiona la fotograf\u00eda anal\u00f3gica (la de toda la vida) y darle una oportunidad a los destinos menos conocidos.","url":"https:\/\/www.escapadarural.com\/blog\/autor\/alba\/"}]}},"_links":{"self":[{"href":"https:\/\/www.escapadarural.com\/blog\/wp-json\/wp\/v2\/posts\/66852","targetHints":{"allow":["GET"]}}],"collection":[{"href":"https:\/\/www.escapadarural.com\/blog\/wp-json\/wp\/v2\/posts"}],"about":[{"href":"https:\/\/www.escapadarural.com\/blog\/wp-json\/wp\/v2\/types\/post"}],"author":[{"embeddable":true,"href":"https:\/\/www.escapadarural.com\/blog\/wp-json\/wp\/v2\/users\/151"}],"replies":[{"embeddable":true,"href":"https:\/\/www.escapadarural.com\/blog\/wp-json\/wp\/v2\/comments?post=66852"}],"version-history":[{"count":0,"href":"https:\/\/www.escapadarural.com\/blog\/wp-json\/wp\/v2\/posts\/66852\/revisions"}],"wp:featuredmedia":[{"embeddable":true,"href":"https:\/\/www.escapadarural.com\/blog\/wp-json\/wp\/v2\/media\/67189"}],"wp:attachment":[{"href":"https:\/\/www.escapadarural.com\/blog\/wp-json\/wp\/v2\/media?parent=66852"}],"wp:term":[{"taxonomy":"category","embeddable":true,"href":"https:\/\/www.escapadarural.com\/blog\/wp-json\/wp\/v2\/categories?post=66852"},{"taxonomy":"post_tag","embeddable":true,"href":"https:\/\/www.escapadarural.com\/blog\/wp-json\/wp\/v2\/tags?post=66852"}],"curies":[{"name":"wp","href":"https:\/\/api.w.org\/{rel}","templated":true}]}}