{"id":67030,"date":"2023-11-02T10:40:39","date_gmt":"2023-11-02T09:40:39","guid":{"rendered":"https:\/\/www.escapadarural.com\/blog\/?p=67030"},"modified":"2025-05-26T13:22:05","modified_gmt":"2025-05-26T11:22:05","slug":"tallada-demporda-cuatro-pueblos-en-uno","status":"publish","type":"post","link":"https:\/\/www.escapadarural.com\/blog\/tallada-demporda-cuatro-pueblos-en-uno\/","title":{"rendered":"La Tallada d\u2019Empord\u00e0, cuatro pueblos en uno"},"content":{"rendered":"\n<figure class=\"wp-block-image size-large is-resized\"><img decoding=\"async\" src=\"https:\/\/www.escapadarural.com\/blog\/wp-content\/uploads\/2024\/10\/1624px-Santa_Maria_de_la_Tallada_-_Facana-1024x681-1.jpg\" alt=\"Santa Maria de la Tallada, en La Tallada d\u2019Empord\u00e0\" class=\"wp-image-67689\" style=\"aspect-ratio:1.5036710719530102;width:780px;height:auto\"\/><figcaption class=\"wp-element-caption\">Santa Maria de la Tallada, en La Tallada d\u2019Empord\u00e0. Por<a href=\"https:\/\/commons.wikimedia.org\/wiki\/Category:Santa_Maria_de_la_Tallada#\/media\/File:Santa_Maria_de_la_Tallada_-_Fa%C3%A7ana.JPG\" target=\"_blank\" rel=\"noreferrer noopener nofollow\"> Josep Renalias <\/a><\/figcaption><\/figure>\n\n\n\n<p>Algunos han tenido la suerte de \u201c<strong>tener pueblo<\/strong>\u201d, que es lo que dec\u00edan muchos de ni\u00f1os o ni\u00f1as cuando llegaba el verano y se marchaban unas semanas a experimentar la mayor sensaci\u00f3n de libertad que se pod\u00eda tener a esa edad: estar varias horas sin la supervisi\u00f3n de adultos \u2013o mejor dicho, de los adultos de la familia, porque siempre hab\u00eda alguien por la calle que les echaba el ojo-, hacer trastadas t\u00edpicas de la edad, relajar la rigidez de los horarios de las comidas y de las cenas\u2026<\/p>\n\n\n\n<p>Otros, en cambio, les miraban con una mezcla de envidia y tristeza mientras se quedaban solos en la ciudad, intentando ahogar el calor en la piscina municipal con alg\u00fan vecino que no le acababa de caer bien o con el primo que no soportaba y que, ahora, se convert\u00eda en el aliado necesario para combatir la soledad del verano de los sin pueblo.<\/p>\n\n\n\n<figure class=\"wp-block-image size-full is-resized\"><a href=\"https:\/\/www.escapadarural.com\/blog\/wp-content\/uploads\/2024\/10\/LaTallada-IMG_1875.jpg\"><img decoding=\"async\" src=\"https:\/\/www.escapadarural.com\/blog\/wp-content\/uploads\/2024\/10\/LaTallada-IMG_1875.jpg\" alt=\"\" class=\"wp-image-67782\" style=\"aspect-ratio:1.3333333333333333;width:780px;height:auto\"\/><\/a><figcaption class=\"wp-element-caption\">La Tallada. Por <a href=\"https:\/\/commons.wikimedia.org\/wiki\/Category:Castell_de_la_Tallada#\/media\/File:LaTallada-IMG_1875.JPG\" target=\"_blank\">Antoni Grifol <\/a><\/figcaption><\/figure>\n\n\n\n<p>Tambi\u00e9n est\u00e1n aquellos que, lejos de cumplir aquello de que \u201cen el equilibrio est\u00e1 la virtud\u201d, ten\u00edan m\u00e1s de un pueblo: el de cada progenitor. Y todav\u00eda m\u00e1s: los hay que vienen de pueblos que son varios pueblos a la vez, pueblos que tienen varios pueblos en uno. \u00a1Casi nada! Y para prueba un bot\u00f3n. Hoy nos acercaremos a uno de ellos, al curioso municipio de La Tallada d\u2019Empord\u00e0, que en realidad <strong>lo conforman cuatro pueblos<\/strong>: La Tallada d\u2019Empord\u00e0, Canet de la Tallada, Mareny\u00e0 y Tor.<\/p>\n\n\n\n<h2 class=\"wp-block-heading\" id=\"h-cuatro-pueblos-con-sus-cuatro-iglesias\"><strong>Cuatro pueblos con sus cuatro iglesias<\/strong><\/h2>\n\n\n\n<p>Nos vamos a la comarca del <a href=\"\/casas-rurales\/baix-emporda\">Baix Empord\u00e0<\/a>, en la provincia de Girona. Concretamente, a un tranquilo rinc\u00f3n rural llamado la Plana del Baix Ter, r\u00edo que hace de l\u00edmite geogr\u00e1fico natural en la parte m\u00e1s meridional del municipio. Pese a tener cuatro partes bien diferenciadas, entre todas apenas suman 480 habitantes en una superficie de 50 kil\u00f3metros cuadrados.<\/p>\n\n\n\n<figure class=\"wp-block-image size-large\"><a href=\"https:\/\/www.escapadarural.com\/blog\/wp-content\/uploads\/Esglesia_de_Sant_Esteve_de_Maranya_-_001.jpg\"><img decoding=\"async\" src=\"https:\/\/www.escapadarural.com\/blog\/wp-content\/uploads\/2024\/10\/Esglesia_de_Sant_Esteve_de_Maranya_-_001-1024x755-1.jpg\" alt=\"Sant Esteve de Marany\u00e0\" class=\"wp-image-67690\"\/><\/a><figcaption class=\"wp-element-caption\">Sant Esteve de Marany\u00e0. Por <a href=\"https:\/\/commons.wikimedia.org\/wiki\/Category:Sant_Esteve_de_Marany%C3%A0#\/media\/File:Esgl%C3%A8sia_de_Sant_Esteve_de_Marany%C3%A0_-_001.jpg\" target=\"_blank\" rel=\"noreferrer noopener nofollow\">Mutari<\/a><\/figcaption><\/figure>\n\n\n\n<p>Si algo caracteriza a todo pueblo de la Espa\u00f1a rural es la iglesia, antiguo espacio de encuentro de personas y que hoy es, para la mayor\u00eda, un lugar de visita por su inter\u00e9s arquitect\u00f3nico e hist\u00f3rico. Pues bien, <strong>los cuatro pueblos tienen su templo propio<\/strong>, separados entre s\u00ed por apenas seis kil\u00f3metros de distancia.<\/p>\n\n\n\n<p>Otro de los rasgos propios de todo pueblo que se precie son sus fiestas. Y lo bueno de tener cuatro pueblos en uno es que\u2026 \u00a1Cada n\u00facleo urbano tiene su <strong>propia fiesta mayor<\/strong> en La Tallada d\u2019Empord\u00e0! \u00a1A bailar por cuatro, se ha dicho! As\u00ed es cada uno de ellos:<\/p>\n\n\n\n<p>&#8211;<strong>Mareny\u00e0<\/strong>. Ser\u00eda el origen de los cuatro n\u00facleos, ya que aqu\u00ed se han encontrado los restos arqueol\u00f3gicos m\u00e1s antiguos de establecimiento de todo el municipio, que datar\u00eda de los tiempos de los \u00edberos. En esta parte se encuentra la iglesia de Sant Esteve de Mareny\u00e0, originaria del siglo XI.<\/p>\n\n\n\n<p>&#8211;<strong>Tor<\/strong>. Ser\u00eda el segundo n\u00facleo de poblaci\u00f3n m\u00e1s antiguo del conjunto, en cuyo casco hist\u00f3rico hay casas con portales adovelados. La construcci\u00f3n m\u00e1s representativa es la iglesia de Sant Climent, de estilo rom\u00e1nico.<\/p>\n\n\n\n<figure class=\"wp-block-image size-large\"><a href=\"https:\/\/www.escapadarural.com\/blog\/wp-content\/uploads\/Esglesia_de_Sant_Climent_de_Tor_-_004.jpg\"><img decoding=\"async\" src=\"https:\/\/www.escapadarural.com\/blog\/wp-content\/uploads\/2024\/10\/Esglesia_de_Sant_Climent_de_Tor_-_004-1024x595-1.jpg\" alt=\"Iglesia de Sant Climent de Tor\" class=\"wp-image-67691\"\/><\/a><figcaption class=\"wp-element-caption\">Iglesia de Sant Climent de Tor. Por<a href=\"https:\/\/es.wikipedia.org\/wiki\/Tor_(Gerona)#\/media\/Archivo:Esgl%C3%A8sia_de_Sant_Climent_de_Tor_-_004.jpg\" target=\"_blank\" rel=\"noreferrer noopener nofollow\"> Mutari <\/a><\/figcaption><\/figure>\n\n\n\n<p>&#8211;<strong>Canet de la Tallada<\/strong>. Tradicionalmente era una agrupaci\u00f3n de las t\u00edpicas casas de <em>pag\u00e9s <\/em>del mundo rural catal\u00e1n, pero en los \u00faltimos a\u00f1os ha crecido paulatinamente su n\u00famero de habitantes y se ha consolidado un n\u00facleo urbano. Aqu\u00ed est\u00e1 la iglesia de Sant Mateu de Canet, de estilo g\u00f3tico, que solo tiene una nave con capillas laterales. Adem\u00e1s, en este pueblo podemos ver los restos de un aer\u00f3dromo de la Guerra Civil espa\u00f1ola, un acercamiento a la historia m\u00e1s reciente (y que no deber\u00eda repetirse).<\/p>\n\n\n\n<p>&#8211;<strong>La Tallada d\u2019Empord\u00e0<\/strong>. Dicen que tendr\u00eda su origen en el castillo que hay en su centro hist\u00f3rico, donde hoy todav\u00eda podemos contemplar parte de la muralla y de las torres de defensa que hab\u00eda en la \u00e9poca medieval, as\u00ed como la antigua puerta de entrada a la fortaleza, su capilla y el fosar, hoy convertido en un paseo. En la actualidad, estos vestigios del pasado se han integrado en las construcciones donde vive la gente. <\/p>\n\n\n\n<p>En esta parte est\u00e1 la iglesia rom\u00e1nica de Santa Mar\u00eda, que data de los siglos XII y XIII. Aunque hemos dicho que todos los pueblos tienen su propia fiesta, ser\u00eda la del n\u00facleo de La Tallada d\u2019Empord\u00e0 la m\u00e1s importante de todas, que se hace el \u00faltimo s\u00e1bado de junio. Lo bueno de estar tan cerca es que \u00a1todo el vecindario se junta en las celebraciones de cada n\u00facleo!<\/p>\n\n\n\n<h2 class=\"wp-block-heading\" id=\"h-que-hacer-en-los-alrededores-de-la-tallada-d-emporda\"><strong>\u00bfQu\u00e9 hacer en los alrededores de La Tallada d\u2019Empord\u00e0?<\/strong><\/h2>\n\n\n\n<figure class=\"wp-block-image size-large\"><a href=\"https:\/\/www.escapadarural.com\/blog\/wp-content\/uploads\/montgri-scaled.jpg\"><img decoding=\"async\" src=\"https:\/\/www.escapadarural.com\/blog\/wp-content\/uploads\/2024\/10\/montgri-1024x681-1.jpg\" alt=\"Vista de las islas Medas desde el castillo de Mongr\u00ed\" class=\"wp-image-67692\"\/><\/a><figcaption class=\"wp-element-caption\">Vista de las islas Medas desde el castillo de Mongr\u00ed. Por pixeldeus<\/figcaption><\/figure>\n\n\n\n<p>Recorrer los cuatro pueblos, aunque est\u00e1n muy cerca, nos puede ocupar un d\u00eda entero si nos dedicamos a ello con calma y contemplando sus paisajes. Adem\u00e1s, en su entorno hay varios tesoros naturales que no deber\u00edamos perdernos en este peculiar pueblo que se multiplica por cuatro. Uno de ellos es la <strong>Reserva Natural de Fauna Salvaje<\/strong> de la isla de Canet, un espacio que forma el r\u00edo Ter a su paso por el pueblo del mismo nombre; se puede pasear por \u00e9l a trav\u00e9s de varios itinerarios se\u00f1alizados y sencillos, que llevan por bosques de ribera con sauces, olmos, chopos y fresnos, adem\u00e1s de poder observar a diferentes aves.<\/p>\n\n\n\n<p>A poca distancia y siguiendo el curso del r\u00edo Ter hacia su desembocadura, podemos acercarnos al Parque Natural del Montgr\u00ed, las Islas Medes y el Bajo Ter, junto a L\u2019Escala (\u00a1no os olvid\u00e9is de comer sus famosas anchoas!). Aqu\u00ed hay muchas rutas de senderismo para hacer a pie y en BTT, adem\u00e1s de tener playas salvajes de gran belleza y algunos de los mejores puntos de inmersi\u00f3n para practicar buceo en el Mediterr\u00e1neo. Otro punto cercano que es de visita obligatoria para los amantes de la historia es la <strong>ciudad grecorromana de Emp\u00faries<\/strong>, con un important\u00edsimo conjunto arqueol\u00f3gico.<\/p>\n\n\n\n<figure class=\"wp-block-image size-large\"><a href=\"https:\/\/www.escapadarural.com\/blog\/wp-content\/uploads\/castillo-de-montgri-scaled.jpg\"><img decoding=\"async\" src=\"https:\/\/www.escapadarural.com\/blog\/wp-content\/uploads\/2024\/10\/castillo-de-montgri-1024x552-1.jpg\" alt=\"Castillo de Montgr\u00ed\" class=\"wp-image-67695\"\/><\/a><figcaption class=\"wp-element-caption\">Castillo de Montgr\u00ed. Por jljusseau<\/figcaption><\/figure>\n\n\n\n<p>Si os gusta el cicloturismo, llevad la bici o alquilad una en destino porque la ruta por la Tierra de Tramuntana nos ayudar\u00e1 a descubrir a dos ruedas y sin prisas n\u00facleos urbanos que se nos pasan por alto cuando vamos en coche. Es un recorrido circular sin dificultad de 19 kil\u00f3metros que pasa por los municipios de Albons, La Tallada d\u2019Empord\u00e0, Bellcaire d\u2019Empord\u00e0 y Verges. En dos horas, con calma, podemos completar la ruta que nos invita a explorar sorprendentes <strong>n\u00facleos medievales <\/strong>que pertenecieron al viejo condado de Emp\u00faries. Un destino de lo m\u00e1s peculiar para descubrir cerca de la costa de <a href=\"\/casas-rurales\/girona\">Girona<\/a>.<\/p>\n\n\n\n<div class=\"wp-block-buttons is-layout-flex wp-block-buttons-is-layout-flex\">\n<div class=\"wp-block-button\"><a class=\"wp-block-button__link wp-element-button\" href=\"\/casas-rurales\/girona\">Casas rurales en Girona<\/a><\/div>\n<\/div>\n\n\n\n<p><\/p>\n","protected":false},"excerpt":{"rendered":"<p>El curioso municipio de La Tallada d\u2019Empord\u00e0, que en realidad lo conforman cuatro pueblos: La Tallada d\u2019Empord\u00e0, Canet de la Tallada, Mareny\u00e0 y Tor.<\/p>\n","protected":false},"author":123,"featured_media":95385,"comment_status":"open","ping_status":"open","sticky":false,"template":"","format":"standard","meta":{"_acf_changed":false,"om_disable_all_campaigns":false,"footnotes":""},"categories":[191],"tags":[260,2903,5994,404,212],"class_list":["post-67030","post","type-post","status-publish","format-standard","has-post-thumbnail","hentry","category-destinos","tag-articulo","tag-baix-emporda","tag-que-ver-en-cataluna","tag-que-ver-en-girona","tag-pueblos"],"acf":[],"featured_image_src":"https:\/\/www.escapadarural.com\/blog\/wp-content\/uploads\/2024\/10\/1624px-Santa_Maria_de_la_Tallada_-_Facana-1024x681-1.jpg","author_info":{"display_name":"Raquel Andr\u00e9s","author_link":"https:\/\/www.escapadarural.com\/blog\/autor\/raquel\/"},"yoast_head":"<!-- This site is optimized with the Yoast SEO plugin v27.5 - https:\/\/yoast.com\/product\/yoast-seo-wordpress\/ -->\n<title>La Tallada d\u2019Empord\u00e0, cuatro pueblos en uno - EscapadaRural<\/title>\n<meta name=\"robots\" content=\"index, follow, max-snippet:-1, max-image-preview:large, max-video-preview:-1\" \/>\n<link rel=\"canonical\" href=\"https:\/\/www.escapadarural.com\/blog\/tallada-demporda-cuatro-pueblos-en-uno\/\" \/>\n<meta property=\"og:locale\" content=\"es_ES\" \/>\n<meta property=\"og:type\" content=\"article\" \/>\n<meta property=\"og:title\" content=\"La Tallada d\u2019Empord\u00e0, cuatro pueblos en uno - EscapadaRural\" \/>\n<meta property=\"og:description\" content=\"El curioso municipio de La Tallada d\u2019Empord\u00e0, que en realidad lo conforman cuatro pueblos: La Tallada d\u2019Empord\u00e0, Canet de la Tallada, Mareny\u00e0 y Tor.\" \/>\n<meta property=\"og:url\" content=\"https:\/\/www.escapadarural.com\/blog\/tallada-demporda-cuatro-pueblos-en-uno\/\" \/>\n<meta property=\"og:site_name\" content=\"Magazine de viajes de EscapadaRural\" \/>\n<meta property=\"article:publisher\" content=\"https:\/\/www.facebook.com\/escapadarural\" \/>\n<meta property=\"article:published_time\" content=\"2023-11-02T09:40:39+00:00\" \/>\n<meta property=\"article:modified_time\" content=\"2025-05-26T11:22:05+00:00\" \/>\n<meta property=\"og:image\" content=\"https:\/\/www.escapadarural.com\/blog\/wp-content\/uploads\/2024\/10\/1624px-Santa_Maria_de_la_Tallada_-_Facana-1024x681-1.jpg\" \/>\n\t<meta property=\"og:image:width\" content=\"1024\" \/>\n\t<meta property=\"og:image:height\" content=\"681\" \/>\n\t<meta property=\"og:image:type\" content=\"image\/jpeg\" \/>\n<meta name=\"author\" content=\"Raquel Andr\u00e9s\" \/>\n<meta name=\"twitter:card\" content=\"summary_large_image\" \/>\n<meta name=\"twitter:label1\" content=\"Escrito por\" \/>\n\t<meta name=\"twitter:data1\" content=\"Raquel Andr\u00e9s\" \/>\n\t<meta name=\"twitter:label2\" content=\"Tiempo de lectura\" \/>\n\t<meta name=\"twitter:data2\" content=\"6 minutos\" \/>\n<script type=\"application\/ld+json\" class=\"yoast-schema-graph\">{\"@context\":\"https:\\\/\\\/schema.org\",\"@graph\":[{\"@type\":\"Article\",\"@id\":\"https:\\\/\\\/www.escapadarural.com\\\/blog\\\/tallada-demporda-cuatro-pueblos-en-uno\\\/#article\",\"isPartOf\":{\"@id\":\"https:\\\/\\\/www.escapadarural.com\\\/blog\\\/tallada-demporda-cuatro-pueblos-en-uno\\\/\"},\"author\":{\"name\":\"Raquel Andr\u00e9s\",\"@id\":\"https:\\\/\\\/www.escapadarural.com\\\/blog\\\/#\\\/schema\\\/person\\\/67be061eb00d8315fa8642e01b88c894\"},\"headline\":\"La Tallada d\u2019Empord\u00e0, cuatro pueblos en uno\",\"datePublished\":\"2023-11-02T09:40:39+00:00\",\"dateModified\":\"2025-05-26T11:22:05+00:00\",\"mainEntityOfPage\":{\"@id\":\"https:\\\/\\\/www.escapadarural.com\\\/blog\\\/tallada-demporda-cuatro-pueblos-en-uno\\\/\"},\"wordCount\":1193,\"commentCount\":0,\"publisher\":{\"@id\":\"https:\\\/\\\/www.escapadarural.com\\\/blog\\\/#organization\"},\"image\":{\"@id\":\"https:\\\/\\\/www.escapadarural.com\\\/blog\\\/tallada-demporda-cuatro-pueblos-en-uno\\\/#primaryimage\"},\"thumbnailUrl\":\"https:\\\/\\\/www.escapadarural.com\\\/blog\\\/wp-content\\\/uploads\\\/2024\\\/10\\\/1624px-Santa_Maria_de_la_Tallada_-_Facana-1024x681-1.jpg\",\"keywords\":[\"art\u00edculo\",\"Baix Empord\u00e0\",\"Catalu\u00f1a\",\"Girona\",\"pueblos\"],\"articleSection\":[\"Destinos\"],\"inLanguage\":\"es\",\"potentialAction\":[{\"@type\":\"CommentAction\",\"name\":\"Comment\",\"target\":[\"https:\\\/\\\/www.escapadarural.com\\\/blog\\\/tallada-demporda-cuatro-pueblos-en-uno\\\/#respond\"]}]},{\"@type\":\"WebPage\",\"@id\":\"https:\\\/\\\/www.escapadarural.com\\\/blog\\\/tallada-demporda-cuatro-pueblos-en-uno\\\/\",\"url\":\"https:\\\/\\\/www.escapadarural.com\\\/blog\\\/tallada-demporda-cuatro-pueblos-en-uno\\\/\",\"name\":\"La Tallada d\u2019Empord\u00e0, cuatro pueblos en uno - EscapadaRural\",\"isPartOf\":{\"@id\":\"https:\\\/\\\/www.escapadarural.com\\\/blog\\\/#website\"},\"primaryImageOfPage\":{\"@id\":\"https:\\\/\\\/www.escapadarural.com\\\/blog\\\/tallada-demporda-cuatro-pueblos-en-uno\\\/#primaryimage\"},\"image\":{\"@id\":\"https:\\\/\\\/www.escapadarural.com\\\/blog\\\/tallada-demporda-cuatro-pueblos-en-uno\\\/#primaryimage\"},\"thumbnailUrl\":\"https:\\\/\\\/www.escapadarural.com\\\/blog\\\/wp-content\\\/uploads\\\/2024\\\/10\\\/1624px-Santa_Maria_de_la_Tallada_-_Facana-1024x681-1.jpg\",\"datePublished\":\"2023-11-02T09:40:39+00:00\",\"dateModified\":\"2025-05-26T11:22:05+00:00\",\"breadcrumb\":{\"@id\":\"https:\\\/\\\/www.escapadarural.com\\\/blog\\\/tallada-demporda-cuatro-pueblos-en-uno\\\/#breadcrumb\"},\"inLanguage\":\"es\",\"potentialAction\":[{\"@type\":\"ReadAction\",\"target\":[\"https:\\\/\\\/www.escapadarural.com\\\/blog\\\/tallada-demporda-cuatro-pueblos-en-uno\\\/\"]}]},{\"@type\":\"ImageObject\",\"inLanguage\":\"es\",\"@id\":\"https:\\\/\\\/www.escapadarural.com\\\/blog\\\/tallada-demporda-cuatro-pueblos-en-uno\\\/#primaryimage\",\"url\":\"https:\\\/\\\/www.escapadarural.com\\\/blog\\\/wp-content\\\/uploads\\\/2024\\\/10\\\/1624px-Santa_Maria_de_la_Tallada_-_Facana-1024x681-1.jpg\",\"contentUrl\":\"https:\\\/\\\/www.escapadarural.com\\\/blog\\\/wp-content\\\/uploads\\\/2024\\\/10\\\/1624px-Santa_Maria_de_la_Tallada_-_Facana-1024x681-1.jpg\",\"width\":1024,\"height\":681,\"caption\":\"Una peque\u00f1a iglesia de piedra con un campanario doble y puertas de madera arqueadas se alza bajo un cielo despejado, rodeada de \u00e1rboles y una estatua a la derecha: un lugar atractivo para los amantes del turismo rural.\"},{\"@type\":\"BreadcrumbList\",\"@id\":\"https:\\\/\\\/www.escapadarural.com\\\/blog\\\/tallada-demporda-cuatro-pueblos-en-uno\\\/#breadcrumb\",\"itemListElement\":[{\"@type\":\"ListItem\",\"position\":1,\"name\":\"Inicio\",\"item\":\"https:\\\/\\\/www.escapadarural.com\\\/blog\\\/\"},{\"@type\":\"ListItem\",\"position\":2,\"name\":\"Destinos\",\"item\":\"https:\\\/\\\/www.escapadarural.com\\\/blog\\\/categoria\\\/destinos\\\/\"},{\"@type\":\"ListItem\",\"position\":3,\"name\":\"La Tallada d\u2019Empord\u00e0, cuatro pueblos en uno\"}]},{\"@type\":\"WebSite\",\"@id\":\"https:\\\/\\\/www.escapadarural.com\\\/blog\\\/#website\",\"url\":\"https:\\\/\\\/www.escapadarural.com\\\/blog\\\/\",\"name\":\"Blog de viajes | turismo rural, alojamientos e inspiraci\u00f3n\",\"description\":\"Alojamientos rurales e inspiraci\u00f3n para tus escapadas\",\"publisher\":{\"@id\":\"https:\\\/\\\/www.escapadarural.com\\\/blog\\\/#organization\"},\"alternateName\":\"Magazine de viajes de EscapadaRural\",\"potentialAction\":[{\"@type\":\"SearchAction\",\"target\":{\"@type\":\"EntryPoint\",\"urlTemplate\":\"https:\\\/\\\/www.escapadarural.com\\\/blog\\\/?s={search_term_string}\"},\"query-input\":{\"@type\":\"PropertyValueSpecification\",\"valueRequired\":true,\"valueName\":\"search_term_string\"}}],\"inLanguage\":\"es\"},{\"@type\":\"Organization\",\"@id\":\"https:\\\/\\\/www.escapadarural.com\\\/blog\\\/#organization\",\"name\":\"EscapadaRural\",\"url\":\"https:\\\/\\\/www.escapadarural.com\\\/blog\\\/\",\"logo\":{\"@type\":\"ImageObject\",\"inLanguage\":\"es\",\"@id\":\"https:\\\/\\\/www.escapadarural.com\\\/blog\\\/#\\\/schema\\\/logo\\\/image\\\/\",\"url\":\"https:\\\/\\\/www.escapadarural.com\\\/blog\\\/wp-content\\\/uploads\\\/2024\\\/10\\\/cropped-cropped-escapada-rural-icon-mag-3.png\",\"contentUrl\":\"https:\\\/\\\/www.escapadarural.com\\\/blog\\\/wp-content\\\/uploads\\\/2024\\\/10\\\/cropped-cropped-escapada-rural-icon-mag-3.png\",\"width\":512,\"height\":512,\"caption\":\"EscapadaRural\"},\"image\":{\"@id\":\"https:\\\/\\\/www.escapadarural.com\\\/blog\\\/#\\\/schema\\\/logo\\\/image\\\/\"},\"sameAs\":[\"https:\\\/\\\/www.facebook.com\\\/escapadarural\",\"https:\\\/\\\/www.instagram.com\\\/escapadarural\\\/\",\"https:\\\/\\\/www.youtube.com\\\/@escapadaruralcom\"]},{\"@type\":\"Person\",\"@id\":\"https:\\\/\\\/www.escapadarural.com\\\/blog\\\/#\\\/schema\\\/person\\\/67be061eb00d8315fa8642e01b88c894\",\"name\":\"Raquel Andr\u00e9s\",\"image\":{\"@type\":\"ImageObject\",\"inLanguage\":\"es\",\"@id\":\"https:\\\/\\\/secure.gravatar.com\\\/avatar\\\/b45840531462f3cafb335a9fc5c0bfda2c07c3df4b82b304b923526b85cc6cb5?s=96&d=mm&r=g\",\"url\":\"https:\\\/\\\/secure.gravatar.com\\\/avatar\\\/b45840531462f3cafb335a9fc5c0bfda2c07c3df4b82b304b923526b85cc6cb5?s=96&d=mm&r=g\",\"contentUrl\":\"https:\\\/\\\/secure.gravatar.com\\\/avatar\\\/b45840531462f3cafb335a9fc5c0bfda2c07c3df4b82b304b923526b85cc6cb5?s=96&d=mm&r=g\",\"caption\":\"Raquel Andr\u00e9s\"},\"description\":\"Periodista y aventurera. Me has podido leer en Escapada Rural, Diari Nosaltres La Veu, La Vanguardia, El Salto y otros medios. Habitante y amante de las zonas rurales, sea cual sea el destino. Procuro escaparme una vez por semana con las botas de monta\u00f1a, el arn\u00e9s o el neopreno. Tambi\u00e9n soy un intento de baserritarra.\",\"url\":\"https:\\\/\\\/www.escapadarural.com\\\/blog\\\/autor\\\/raquel\\\/\"}]}<\/script>\n<!-- \/ Yoast SEO plugin. -->","yoast_head_json":{"title":"La Tallada d\u2019Empord\u00e0, cuatro pueblos en uno - EscapadaRural","robots":{"index":"index","follow":"follow","max-snippet":"max-snippet:-1","max-image-preview":"max-image-preview:large","max-video-preview":"max-video-preview:-1"},"canonical":"https:\/\/www.escapadarural.com\/blog\/tallada-demporda-cuatro-pueblos-en-uno\/","og_locale":"es_ES","og_type":"article","og_title":"La Tallada d\u2019Empord\u00e0, cuatro pueblos en uno - EscapadaRural","og_description":"El curioso municipio de La Tallada d\u2019Empord\u00e0, que en realidad lo conforman cuatro pueblos: La Tallada d\u2019Empord\u00e0, Canet de la Tallada, Mareny\u00e0 y Tor.","og_url":"https:\/\/www.escapadarural.com\/blog\/tallada-demporda-cuatro-pueblos-en-uno\/","og_site_name":"Magazine de viajes de EscapadaRural","article_publisher":"https:\/\/www.facebook.com\/escapadarural","article_published_time":"2023-11-02T09:40:39+00:00","article_modified_time":"2025-05-26T11:22:05+00:00","og_image":[{"width":1024,"height":681,"url":"https:\/\/www.escapadarural.com\/blog\/wp-content\/uploads\/2024\/10\/1624px-Santa_Maria_de_la_Tallada_-_Facana-1024x681-1.jpg","type":"image\/jpeg"}],"author":"Raquel Andr\u00e9s","twitter_card":"summary_large_image","twitter_misc":{"Escrito por":"Raquel Andr\u00e9s","Tiempo de lectura":"6 minutos"},"schema":{"@context":"https:\/\/schema.org","@graph":[{"@type":"Article","@id":"https:\/\/www.escapadarural.com\/blog\/tallada-demporda-cuatro-pueblos-en-uno\/#article","isPartOf":{"@id":"https:\/\/www.escapadarural.com\/blog\/tallada-demporda-cuatro-pueblos-en-uno\/"},"author":{"name":"Raquel Andr\u00e9s","@id":"https:\/\/www.escapadarural.com\/blog\/#\/schema\/person\/67be061eb00d8315fa8642e01b88c894"},"headline":"La Tallada d\u2019Empord\u00e0, cuatro pueblos en uno","datePublished":"2023-11-02T09:40:39+00:00","dateModified":"2025-05-26T11:22:05+00:00","mainEntityOfPage":{"@id":"https:\/\/www.escapadarural.com\/blog\/tallada-demporda-cuatro-pueblos-en-uno\/"},"wordCount":1193,"commentCount":0,"publisher":{"@id":"https:\/\/www.escapadarural.com\/blog\/#organization"},"image":{"@id":"https:\/\/www.escapadarural.com\/blog\/tallada-demporda-cuatro-pueblos-en-uno\/#primaryimage"},"thumbnailUrl":"https:\/\/www.escapadarural.com\/blog\/wp-content\/uploads\/2024\/10\/1624px-Santa_Maria_de_la_Tallada_-_Facana-1024x681-1.jpg","keywords":["art\u00edculo","Baix Empord\u00e0","Catalu\u00f1a","Girona","pueblos"],"articleSection":["Destinos"],"inLanguage":"es","potentialAction":[{"@type":"CommentAction","name":"Comment","target":["https:\/\/www.escapadarural.com\/blog\/tallada-demporda-cuatro-pueblos-en-uno\/#respond"]}]},{"@type":"WebPage","@id":"https:\/\/www.escapadarural.com\/blog\/tallada-demporda-cuatro-pueblos-en-uno\/","url":"https:\/\/www.escapadarural.com\/blog\/tallada-demporda-cuatro-pueblos-en-uno\/","name":"La Tallada d\u2019Empord\u00e0, cuatro pueblos en uno - EscapadaRural","isPartOf":{"@id":"https:\/\/www.escapadarural.com\/blog\/#website"},"primaryImageOfPage":{"@id":"https:\/\/www.escapadarural.com\/blog\/tallada-demporda-cuatro-pueblos-en-uno\/#primaryimage"},"image":{"@id":"https:\/\/www.escapadarural.com\/blog\/tallada-demporda-cuatro-pueblos-en-uno\/#primaryimage"},"thumbnailUrl":"https:\/\/www.escapadarural.com\/blog\/wp-content\/uploads\/2024\/10\/1624px-Santa_Maria_de_la_Tallada_-_Facana-1024x681-1.jpg","datePublished":"2023-11-02T09:40:39+00:00","dateModified":"2025-05-26T11:22:05+00:00","breadcrumb":{"@id":"https:\/\/www.escapadarural.com\/blog\/tallada-demporda-cuatro-pueblos-en-uno\/#breadcrumb"},"inLanguage":"es","potentialAction":[{"@type":"ReadAction","target":["https:\/\/www.escapadarural.com\/blog\/tallada-demporda-cuatro-pueblos-en-uno\/"]}]},{"@type":"ImageObject","inLanguage":"es","@id":"https:\/\/www.escapadarural.com\/blog\/tallada-demporda-cuatro-pueblos-en-uno\/#primaryimage","url":"https:\/\/www.escapadarural.com\/blog\/wp-content\/uploads\/2024\/10\/1624px-Santa_Maria_de_la_Tallada_-_Facana-1024x681-1.jpg","contentUrl":"https:\/\/www.escapadarural.com\/blog\/wp-content\/uploads\/2024\/10\/1624px-Santa_Maria_de_la_Tallada_-_Facana-1024x681-1.jpg","width":1024,"height":681,"caption":"Una peque\u00f1a iglesia de piedra con un campanario doble y puertas de madera arqueadas se alza bajo un cielo despejado, rodeada de \u00e1rboles y una estatua a la derecha: un lugar atractivo para los amantes del turismo rural."},{"@type":"BreadcrumbList","@id":"https:\/\/www.escapadarural.com\/blog\/tallada-demporda-cuatro-pueblos-en-uno\/#breadcrumb","itemListElement":[{"@type":"ListItem","position":1,"name":"Inicio","item":"https:\/\/www.escapadarural.com\/blog\/"},{"@type":"ListItem","position":2,"name":"Destinos","item":"https:\/\/www.escapadarural.com\/blog\/categoria\/destinos\/"},{"@type":"ListItem","position":3,"name":"La Tallada d\u2019Empord\u00e0, cuatro pueblos en uno"}]},{"@type":"WebSite","@id":"https:\/\/www.escapadarural.com\/blog\/#website","url":"https:\/\/www.escapadarural.com\/blog\/","name":"Blog de viajes | turismo rural, alojamientos e inspiraci\u00f3n","description":"Alojamientos rurales e inspiraci\u00f3n para tus escapadas","publisher":{"@id":"https:\/\/www.escapadarural.com\/blog\/#organization"},"alternateName":"Magazine de viajes de EscapadaRural","potentialAction":[{"@type":"SearchAction","target":{"@type":"EntryPoint","urlTemplate":"https:\/\/www.escapadarural.com\/blog\/?s={search_term_string}"},"query-input":{"@type":"PropertyValueSpecification","valueRequired":true,"valueName":"search_term_string"}}],"inLanguage":"es"},{"@type":"Organization","@id":"https:\/\/www.escapadarural.com\/blog\/#organization","name":"EscapadaRural","url":"https:\/\/www.escapadarural.com\/blog\/","logo":{"@type":"ImageObject","inLanguage":"es","@id":"https:\/\/www.escapadarural.com\/blog\/#\/schema\/logo\/image\/","url":"https:\/\/www.escapadarural.com\/blog\/wp-content\/uploads\/2024\/10\/cropped-cropped-escapada-rural-icon-mag-3.png","contentUrl":"https:\/\/www.escapadarural.com\/blog\/wp-content\/uploads\/2024\/10\/cropped-cropped-escapada-rural-icon-mag-3.png","width":512,"height":512,"caption":"EscapadaRural"},"image":{"@id":"https:\/\/www.escapadarural.com\/blog\/#\/schema\/logo\/image\/"},"sameAs":["https:\/\/www.facebook.com\/escapadarural","https:\/\/www.instagram.com\/escapadarural\/","https:\/\/www.youtube.com\/@escapadaruralcom"]},{"@type":"Person","@id":"https:\/\/www.escapadarural.com\/blog\/#\/schema\/person\/67be061eb00d8315fa8642e01b88c894","name":"Raquel Andr\u00e9s","image":{"@type":"ImageObject","inLanguage":"es","@id":"https:\/\/secure.gravatar.com\/avatar\/b45840531462f3cafb335a9fc5c0bfda2c07c3df4b82b304b923526b85cc6cb5?s=96&d=mm&r=g","url":"https:\/\/secure.gravatar.com\/avatar\/b45840531462f3cafb335a9fc5c0bfda2c07c3df4b82b304b923526b85cc6cb5?s=96&d=mm&r=g","contentUrl":"https:\/\/secure.gravatar.com\/avatar\/b45840531462f3cafb335a9fc5c0bfda2c07c3df4b82b304b923526b85cc6cb5?s=96&d=mm&r=g","caption":"Raquel Andr\u00e9s"},"description":"Periodista y aventurera. Me has podido leer en Escapada Rural, Diari Nosaltres La Veu, La Vanguardia, El Salto y otros medios. Habitante y amante de las zonas rurales, sea cual sea el destino. Procuro escaparme una vez por semana con las botas de monta\u00f1a, el arn\u00e9s o el neopreno. Tambi\u00e9n soy un intento de baserritarra.","url":"https:\/\/www.escapadarural.com\/blog\/autor\/raquel\/"}]}},"_links":{"self":[{"href":"https:\/\/www.escapadarural.com\/blog\/wp-json\/wp\/v2\/posts\/67030","targetHints":{"allow":["GET"]}}],"collection":[{"href":"https:\/\/www.escapadarural.com\/blog\/wp-json\/wp\/v2\/posts"}],"about":[{"href":"https:\/\/www.escapadarural.com\/blog\/wp-json\/wp\/v2\/types\/post"}],"author":[{"embeddable":true,"href":"https:\/\/www.escapadarural.com\/blog\/wp-json\/wp\/v2\/users\/123"}],"replies":[{"embeddable":true,"href":"https:\/\/www.escapadarural.com\/blog\/wp-json\/wp\/v2\/comments?post=67030"}],"version-history":[{"count":0,"href":"https:\/\/www.escapadarural.com\/blog\/wp-json\/wp\/v2\/posts\/67030\/revisions"}],"wp:featuredmedia":[{"embeddable":true,"href":"https:\/\/www.escapadarural.com\/blog\/wp-json\/wp\/v2\/media\/95385"}],"wp:attachment":[{"href":"https:\/\/www.escapadarural.com\/blog\/wp-json\/wp\/v2\/media?parent=67030"}],"wp:term":[{"taxonomy":"category","embeddable":true,"href":"https:\/\/www.escapadarural.com\/blog\/wp-json\/wp\/v2\/categories?post=67030"},{"taxonomy":"post_tag","embeddable":true,"href":"https:\/\/www.escapadarural.com\/blog\/wp-json\/wp\/v2\/tags?post=67030"}],"curies":[{"name":"wp","href":"https:\/\/api.w.org\/{rel}","templated":true}]}}