{"id":671,"date":"2010-10-13T11:53:47","date_gmt":"2010-10-13T11:53:47","guid":{"rendered":"http:\/\/15.188.81.248\/2010\/10\/13\/la-pequena-republica-de-sepulveda\/"},"modified":"2024-12-23T19:07:28","modified_gmt":"2024-12-23T17:07:28","slug":"la-pequena-republica-de-sepulveda","status":"publish","type":"post","link":"https:\/\/www.escapadarural.com\/blog\/la-pequena-republica-de-sepulveda\/","title":{"rendered":"La peque\u00f1a rep\u00fablica de Sep\u00falveda"},"content":{"rendered":"\n<figure class=\"wp-block-image size-large\"><a href=\"https:\/\/www.escapadarural.com\/blog\/wp-content\/uploads\/Sepulveda_-_Iglesia_de_San_Salvador.jpg\"><img decoding=\"async\" src=\"https:\/\/www.escapadarural.com\/blog\/wp-content\/uploads\/2010\/10\/Sepulveda_-_Iglesia_de_San_Salvador-1024x685-3-1.jpg\" alt=\"Sep\u00falveda\" class=\"wp-image-36860\"\/><\/a><figcaption class=\"wp-element-caption\">Fuente: Marlene VD\n\n<\/figcaption><\/figure>\n\n\n\n<p><br>Pocos se imagina que lo que hoy se conoce como <strong>Extremadura fue un en su d\u00eda<\/strong> un territorio muy distinto cuyo significado no era otro que el de frontera entre los reinos cristianos del Norte y los musulmanes del Sur. Al inicio de las campa\u00f1as de la reconquista, territorios como los de Segovia, Soria o \u00c1vila conformaban un abanico de peque\u00f1as comunidades independientes unidas por la necesidad y m\u00e1s tarde por las coronas.<\/p>\n\n\n\n<p>Una de estas rep\u00fablicas independientes es la de Sep\u00falveda, extensi\u00f3n actual de la provincia de Segovia que cuenta en su haber con siglos de historia cuyo origen, tan remoto, es dif\u00edcil de precisar. La figura administrativa de entonces era la de <strong>Comunidad de Villa y Tierra<\/strong>, important\u00edsima para el devenir de aquella Extremadura. Con la Historia como objetivo, visitamos el paisaje, la cultura y las rutas de este peque\u00f1o estado olvidado por el mundo contempor\u00e1neo.<\/p>\n\n\n\n<figure class=\"wp-block-image size-large\"><a href=\"https:\/\/www.escapadarural.com\/blog\/wp-content\/uploads\/1280px-Panoramica_de_Sepulveda.jpg\"><img decoding=\"async\" src=\"https:\/\/www.escapadarural.com\/blog\/wp-content\/uploads\/2010\/10\/1280px-Panoramica_de_Sepulveda-1024x768-3-1.jpg\" alt=\"Sep\u00falveda\" class=\"wp-image-36859\"\/><\/a><figcaption class=\"wp-element-caption\">Fuente: BigSus\n\n<\/figcaption><\/figure>\n\n\n\n<h3 class=\"wp-block-heading\">La importancia de los peque\u00f1os detalles<\/h3>\n\n\n\n<p>Hoy cruzar un r\u00edo no supone mayor problema, pero en la Edad Media, y en particular en el tiempo de conquistas que envolvieron la redacci\u00f3n del Fuero de Sep\u00falveda y su confirmaci\u00f3n por <a href=\"https:\/\/es.wikipedia.org\/wiki\/Alfonso_VI_de_Le%C3%B3n\" target=\"_blank\"><strong>Alfonso VI<\/strong><\/a> (siglos X &#8211; XI), era todo un acontecimiento que por supuesto habr\u00eda que consolidar. A esta necesidad vinieron a responder los privilegios otorgados a aquellos repobladores del otro lado del Duero, y en este caso de la otra ribera del r\u00edo Durat\u00f3n. Favorecer los asentamientos contribu\u00eda al establecimiento de las gentes, con lo que un territorio conquistado se a\u00f1ad\u00eda, de este modo, al objetivo com\u00fan de ganar terreno a los reinos \u00e1rabes de al-\u00c1ndalus.<\/p>\n\n\n\n<p>La <strong>Villa de Sep\u00falveda<\/strong> se confirmaba as\u00ed como la cabeza administrativa y jur\u00eddica de las tierras que se iban a\u00f1adiendo, conformando un peque\u00f1o estado independiente estructurado en ochavos, los n\u00facleos constituyentes. No fue un camino f\u00e1cil: Alfonso el Cat\u00f3lico conquist\u00f3 la villa a mediados del siglo VIII, pero Almanzor la retom\u00f3 a finales del X; Fern\u00e1n Gonz\u00e1lez, por \u00faltimo, toma el enclave a principios del siglo XI. Comienza su \u00e9poca de esplendor y sus l\u00edmites se expanden. Aqu\u00ed vinieron telas y especies de toda Europa, quince iglesias ejerc\u00edan su poder en el territorio, se desarroll\u00f3 la convivencia, poco menos que milagrosas, en barrios musulmanes, jud\u00edos y cristianos.<\/p>\n\n\n\n<p>De todo ello han quedado muestras en el terreno actual y de aqu\u00ed vienen las tradiciones y gran parte de las estructuras culturales del lugar, una de las principales riquezas para el viajero de turismo rural. El <strong>arte rom\u00e1nico<\/strong>, por ejemplo, es uno de los testimonios de una \u00e9poca llena de encanto actual, pero de intensidad y cambios para los contempor\u00e1neos medievales.<\/p>\n\n\n\n<h3 class=\"wp-block-heading\">Rutas por la Comunidad de Villa y Tierra<\/h3>\n\n\n\n<p>Son varios los <strong>itinerarios <\/strong>que dan cuenta de la riqueza de aquella \u00e9poca repleta de peque\u00f1os detalles de vital importancia para el desarrollo de los acontecimientos, pero tambi\u00e9n aquellos que recorren el paisaje, flora y fauna, dando idea de las posibilidades del lugar, hoy testigos silenciosos y hermosos de cuanto tuvo que ocurrir en manos de aquellos hombres.<\/p>\n\n\n\n<ul class=\"wp-block-list\">\n<li><strong>La Ruta por los ochavos<\/strong>. Cada uno de aquellos n\u00facleos que compon\u00edan la Comunidad de Villa y Tierra de Sep\u00falveda guardan su elemento principal, la iglesia rom\u00e1nica que ofrec\u00eda abrigo espiritual a los nuevos repobladores de la zona. La ruta comienza en el antiguo ochavo de Sep\u00falveda con la iglesia de El Salvador y las Murallas; se recorre el ochavo de Las Pedrizas y Valdenavares (t\u00e9rminos de Carrascal, Castrojimeno, Urue\u00f1as o Valle de Tabladillo entre otros) visitando especialmente el monasterio de San Frutos en Burgomillodo; contin\u00faa por Bercimuel (municipios de Aldeonte, Barbolla, Boceguillas, Grajera&#8230;) con el recorrido por las iglesias de Ntra. Sra. de So\u00f1a, Ntra. Sra. del Rosario o la ermita de San Lorenzo. La iglesia de Nuestra Se\u00f1ora de la Asunci\u00f3n (Castillejo de Mesle\u00f3n), la de San Miguel Arc\u00e1ngel (Castroserna de Abajo) o la Gran Pila Bautismal de la iglesia de Ntra. Sra. del Pilar en Cabezuela, completan la ruta por los ochavos de Sierra, Pr\u00e1dena y Cantalejo respectivamente. <a href=\"https:\/\/www.villaytierra.com\/#not_24\" target=\"_blank\">M\u00e1s informaci\u00f3n<\/a>.<\/li>\n\n\n\n<li><strong>Rutas por la Naturaleza<\/strong>. Aqu\u00ed el paisaje cambia de color y de relieve seg\u00fan el territorio donde nos encontremos, tanto sierras como campi\u00f1as, r\u00edos y monta\u00f1as se suceden en el hist\u00f3rico Fuero de Sep\u00falveda, teniendo como protagonista el <a href=\"\/blog\/las-hoces-del-rio-duraton\/\">Parque Natural de las Hoces del r\u00edo Durat\u00f3n<\/a>. Recomendamos, claro, la visita a las Hoces del r\u00edo Durat\u00f3n, pero tambi\u00e9n las rutas de Valdehorno y Las Duernas en Carrascal del R\u00edo o el itinerario por el Acebal de Pr\u00e1dena, entre otros. <a href=\"https:\/\/www.villaytierra.com\/#not_66\" target=\"_blank\">M\u00e1s informaci\u00f3n<\/a>.<\/li>\n<\/ul>\n","protected":false},"excerpt":{"rendered":"<p>Se llamaba Extremadura, represent\u00f3 el l\u00edmite entre cristianos y musulmanes y se compon\u00eda de peque\u00f1as rep\u00fablicas o estados independientes como el de Sep\u00falveda&#8230;<\/p>\n","protected":false},"author":136,"featured_media":36860,"comment_status":"open","ping_status":"closed","sticky":false,"template":"","format":"standard","meta":{"_acf_changed":false,"om_disable_all_campaigns":false,"footnotes":""},"categories":[191],"tags":[260,5995,212,350,596],"class_list":["post-671","post","type-post","status-publish","format-standard","has-post-thumbnail","hentry","category-destinos","tag-articulo","tag-que-ver-en-castilla-y-leon","tag-pueblos","tag-que-ver-en-segovia","tag-sepulveda"],"acf":[],"featured_image_src":"https:\/\/www.escapadarural.com\/blog\/wp-content\/uploads\/2021\/01\/Sepulveda_-_Iglesia_de_San_Salvador.jpg","author_info":{"display_name":"Escapada Rural","author_link":"https:\/\/www.escapadarural.com\/blog\/autor\/user\/"},"yoast_head":"<!-- This site is optimized with the Yoast SEO plugin v27.5 - https:\/\/yoast.com\/product\/yoast-seo-wordpress\/ -->\n<title>La peque\u00f1a rep\u00fablica de Sep\u00falveda - EscapadaRural<\/title>\n<meta name=\"robots\" content=\"index, follow, max-snippet:-1, max-image-preview:large, max-video-preview:-1\" \/>\n<link rel=\"canonical\" href=\"https:\/\/www.escapadarural.com\/blog\/la-pequena-republica-de-sepulveda\/\" \/>\n<meta property=\"og:locale\" content=\"es_ES\" \/>\n<meta property=\"og:type\" content=\"article\" \/>\n<meta property=\"og:title\" content=\"La peque\u00f1a rep\u00fablica de Sep\u00falveda - EscapadaRural\" \/>\n<meta property=\"og:description\" content=\"Se llamaba Extremadura, represent\u00f3 el l\u00edmite entre cristianos y musulmanes y se compon\u00eda de peque\u00f1as rep\u00fablicas o estados independientes como el de Sep\u00falveda...\" \/>\n<meta property=\"og:url\" content=\"https:\/\/www.escapadarural.com\/blog\/la-pequena-republica-de-sepulveda\/\" \/>\n<meta property=\"og:site_name\" content=\"Magazine de viajes de EscapadaRural\" \/>\n<meta property=\"article:publisher\" content=\"https:\/\/www.facebook.com\/escapadarural\" \/>\n<meta property=\"article:author\" content=\"https:\/\/www.facebook.com\/escapadarural\" \/>\n<meta property=\"article:published_time\" content=\"2010-10-13T11:53:47+00:00\" \/>\n<meta property=\"article:modified_time\" content=\"2024-12-23T17:07:28+00:00\" \/>\n<meta property=\"og:image\" content=\"https:\/\/www.escapadarural.com\/blog\/wp-content\/uploads\/2021\/01\/Sepulveda_-_Iglesia_de_San_Salvador.jpg\" \/>\n\t<meta property=\"og:image:width\" content=\"1600\" \/>\n\t<meta property=\"og:image:height\" content=\"1071\" \/>\n\t<meta property=\"og:image:type\" content=\"image\/jpeg\" \/>\n<meta name=\"author\" content=\"Escapada Rural\" \/>\n<meta name=\"twitter:card\" content=\"summary_large_image\" \/>\n<meta name=\"twitter:creator\" content=\"@https:\/\/x.com\/i\/flow\/login?redirect_after_login=escapadarural\" \/>\n<meta name=\"twitter:label1\" content=\"Escrito por\" \/>\n\t<meta name=\"twitter:data1\" content=\"Escapada Rural\" \/>\n\t<meta name=\"twitter:label2\" content=\"Tiempo de lectura\" \/>\n\t<meta name=\"twitter:data2\" content=\"4 minutos\" \/>\n<script type=\"application\/ld+json\" class=\"yoast-schema-graph\">{\"@context\":\"https:\\\/\\\/schema.org\",\"@graph\":[{\"@type\":\"Article\",\"@id\":\"https:\\\/\\\/www.escapadarural.com\\\/blog\\\/la-pequena-republica-de-sepulveda\\\/#article\",\"isPartOf\":{\"@id\":\"https:\\\/\\\/www.escapadarural.com\\\/blog\\\/la-pequena-republica-de-sepulveda\\\/\"},\"author\":{\"name\":\"Escapada Rural\",\"@id\":\"https:\\\/\\\/www.escapadarural.com\\\/blog\\\/#\\\/schema\\\/person\\\/d9ee55ff3e0cef41d6eac8922b4f972c\"},\"headline\":\"La peque\u00f1a rep\u00fablica de Sep\u00falveda\",\"datePublished\":\"2010-10-13T11:53:47+00:00\",\"dateModified\":\"2024-12-23T17:07:28+00:00\",\"mainEntityOfPage\":{\"@id\":\"https:\\\/\\\/www.escapadarural.com\\\/blog\\\/la-pequena-republica-de-sepulveda\\\/\"},\"wordCount\":827,\"commentCount\":1,\"publisher\":{\"@id\":\"https:\\\/\\\/www.escapadarural.com\\\/blog\\\/#organization\"},\"image\":{\"@id\":\"https:\\\/\\\/www.escapadarural.com\\\/blog\\\/la-pequena-republica-de-sepulveda\\\/#primaryimage\"},\"thumbnailUrl\":\"https:\\\/\\\/www.escapadarural.com\\\/blog\\\/wp-content\\\/uploads\\\/2021\\\/01\\\/Sepulveda_-_Iglesia_de_San_Salvador.jpg\",\"keywords\":[\"art\u00edculo\",\"Castilla y Le\u00f3n\",\"pueblos\",\"Segovia\",\"Sep\u00falveda\"],\"articleSection\":[\"Destinos\"],\"inLanguage\":\"es\",\"potentialAction\":[{\"@type\":\"CommentAction\",\"name\":\"Comment\",\"target\":[\"https:\\\/\\\/www.escapadarural.com\\\/blog\\\/la-pequena-republica-de-sepulveda\\\/#respond\"]}]},{\"@type\":\"WebPage\",\"@id\":\"https:\\\/\\\/www.escapadarural.com\\\/blog\\\/la-pequena-republica-de-sepulveda\\\/\",\"url\":\"https:\\\/\\\/www.escapadarural.com\\\/blog\\\/la-pequena-republica-de-sepulveda\\\/\",\"name\":\"La peque\u00f1a rep\u00fablica de Sep\u00falveda - EscapadaRural\",\"isPartOf\":{\"@id\":\"https:\\\/\\\/www.escapadarural.com\\\/blog\\\/#website\"},\"primaryImageOfPage\":{\"@id\":\"https:\\\/\\\/www.escapadarural.com\\\/blog\\\/la-pequena-republica-de-sepulveda\\\/#primaryimage\"},\"image\":{\"@id\":\"https:\\\/\\\/www.escapadarural.com\\\/blog\\\/la-pequena-republica-de-sepulveda\\\/#primaryimage\"},\"thumbnailUrl\":\"https:\\\/\\\/www.escapadarural.com\\\/blog\\\/wp-content\\\/uploads\\\/2021\\\/01\\\/Sepulveda_-_Iglesia_de_San_Salvador.jpg\",\"datePublished\":\"2010-10-13T11:53:47+00:00\",\"dateModified\":\"2024-12-23T17:07:28+00:00\",\"breadcrumb\":{\"@id\":\"https:\\\/\\\/www.escapadarural.com\\\/blog\\\/la-pequena-republica-de-sepulveda\\\/#breadcrumb\"},\"inLanguage\":\"es\",\"potentialAction\":[{\"@type\":\"ReadAction\",\"target\":[\"https:\\\/\\\/www.escapadarural.com\\\/blog\\\/la-pequena-republica-de-sepulveda\\\/\"]}]},{\"@type\":\"ImageObject\",\"inLanguage\":\"es\",\"@id\":\"https:\\\/\\\/www.escapadarural.com\\\/blog\\\/la-pequena-republica-de-sepulveda\\\/#primaryimage\",\"url\":\"https:\\\/\\\/www.escapadarural.com\\\/blog\\\/wp-content\\\/uploads\\\/2021\\\/01\\\/Sepulveda_-_Iglesia_de_San_Salvador.jpg\",\"contentUrl\":\"https:\\\/\\\/www.escapadarural.com\\\/blog\\\/wp-content\\\/uploads\\\/2021\\\/01\\\/Sepulveda_-_Iglesia_de_San_Salvador.jpg\",\"width\":1600,\"height\":1071,\"caption\":\"Fuente: Marlene VD\"},{\"@type\":\"BreadcrumbList\",\"@id\":\"https:\\\/\\\/www.escapadarural.com\\\/blog\\\/la-pequena-republica-de-sepulveda\\\/#breadcrumb\",\"itemListElement\":[{\"@type\":\"ListItem\",\"position\":1,\"name\":\"Inicio\",\"item\":\"https:\\\/\\\/www.escapadarural.com\\\/blog\\\/\"},{\"@type\":\"ListItem\",\"position\":2,\"name\":\"Destinos\",\"item\":\"https:\\\/\\\/www.escapadarural.com\\\/blog\\\/categoria\\\/destinos\\\/\"},{\"@type\":\"ListItem\",\"position\":3,\"name\":\"La peque\u00f1a rep\u00fablica de Sep\u00falveda\"}]},{\"@type\":\"WebSite\",\"@id\":\"https:\\\/\\\/www.escapadarural.com\\\/blog\\\/#website\",\"url\":\"https:\\\/\\\/www.escapadarural.com\\\/blog\\\/\",\"name\":\"Blog de viajes | turismo rural, alojamientos e inspiraci\u00f3n\",\"description\":\"Alojamientos rurales e inspiraci\u00f3n para tus escapadas\",\"publisher\":{\"@id\":\"https:\\\/\\\/www.escapadarural.com\\\/blog\\\/#organization\"},\"alternateName\":\"Magazine de viajes de EscapadaRural\",\"potentialAction\":[{\"@type\":\"SearchAction\",\"target\":{\"@type\":\"EntryPoint\",\"urlTemplate\":\"https:\\\/\\\/www.escapadarural.com\\\/blog\\\/?s={search_term_string}\"},\"query-input\":{\"@type\":\"PropertyValueSpecification\",\"valueRequired\":true,\"valueName\":\"search_term_string\"}}],\"inLanguage\":\"es\"},{\"@type\":\"Organization\",\"@id\":\"https:\\\/\\\/www.escapadarural.com\\\/blog\\\/#organization\",\"name\":\"EscapadaRural\",\"url\":\"https:\\\/\\\/www.escapadarural.com\\\/blog\\\/\",\"logo\":{\"@type\":\"ImageObject\",\"inLanguage\":\"es\",\"@id\":\"https:\\\/\\\/www.escapadarural.com\\\/blog\\\/#\\\/schema\\\/logo\\\/image\\\/\",\"url\":\"https:\\\/\\\/www.escapadarural.com\\\/blog\\\/wp-content\\\/uploads\\\/2024\\\/10\\\/cropped-cropped-escapada-rural-icon-mag-3.png\",\"contentUrl\":\"https:\\\/\\\/www.escapadarural.com\\\/blog\\\/wp-content\\\/uploads\\\/2024\\\/10\\\/cropped-cropped-escapada-rural-icon-mag-3.png\",\"width\":512,\"height\":512,\"caption\":\"EscapadaRural\"},\"image\":{\"@id\":\"https:\\\/\\\/www.escapadarural.com\\\/blog\\\/#\\\/schema\\\/logo\\\/image\\\/\"},\"sameAs\":[\"https:\\\/\\\/www.facebook.com\\\/escapadarural\",\"https:\\\/\\\/www.instagram.com\\\/escapadarural\\\/\",\"https:\\\/\\\/www.youtube.com\\\/@escapadaruralcom\"]},{\"@type\":\"Person\",\"@id\":\"https:\\\/\\\/www.escapadarural.com\\\/blog\\\/#\\\/schema\\\/person\\\/d9ee55ff3e0cef41d6eac8922b4f972c\",\"name\":\"Escapada Rural\",\"image\":{\"@type\":\"ImageObject\",\"inLanguage\":\"es\",\"@id\":\"https:\\\/\\\/www.escapadarural.com\\\/blog\\\/wp-content\\\/uploads\\\/2024\\\/10\\\/cropped-cropped-escapada-rural-icon-mag-3-96x96.png\",\"url\":\"https:\\\/\\\/www.escapadarural.com\\\/blog\\\/wp-content\\\/uploads\\\/2024\\\/10\\\/cropped-cropped-escapada-rural-icon-mag-3-96x96.png\",\"contentUrl\":\"https:\\\/\\\/www.escapadarural.com\\\/blog\\\/wp-content\\\/uploads\\\/2024\\\/10\\\/cropped-cropped-escapada-rural-icon-mag-3-96x96.png\",\"caption\":\"Escapada Rural\"},\"sameAs\":[\"https:\\\/\\\/www.facebook.com\\\/escapadarural\",\"https:\\\/\\\/www.linkedin.com\\\/company\\\/escapada-rural\\\/?originalSubdomain=es\",\"https:\\\/\\\/x.com\\\/https:\\\/\\\/x.com\\\/i\\\/flow\\\/login?redirect_after_login=escapadarural\"],\"url\":\"https:\\\/\\\/www.escapadarural.com\\\/blog\\\/autor\\\/user\\\/\"}]}<\/script>\n<!-- \/ Yoast SEO plugin. -->","yoast_head_json":{"title":"La peque\u00f1a rep\u00fablica de Sep\u00falveda - EscapadaRural","robots":{"index":"index","follow":"follow","max-snippet":"max-snippet:-1","max-image-preview":"max-image-preview:large","max-video-preview":"max-video-preview:-1"},"canonical":"https:\/\/www.escapadarural.com\/blog\/la-pequena-republica-de-sepulveda\/","og_locale":"es_ES","og_type":"article","og_title":"La peque\u00f1a rep\u00fablica de Sep\u00falveda - EscapadaRural","og_description":"Se llamaba Extremadura, represent\u00f3 el l\u00edmite entre cristianos y musulmanes y se compon\u00eda de peque\u00f1as rep\u00fablicas o estados independientes como el de Sep\u00falveda...","og_url":"https:\/\/www.escapadarural.com\/blog\/la-pequena-republica-de-sepulveda\/","og_site_name":"Magazine de viajes de EscapadaRural","article_publisher":"https:\/\/www.facebook.com\/escapadarural","article_author":"https:\/\/www.facebook.com\/escapadarural","article_published_time":"2010-10-13T11:53:47+00:00","article_modified_time":"2024-12-23T17:07:28+00:00","og_image":[{"width":1600,"height":1071,"url":"https:\/\/www.escapadarural.com\/blog\/wp-content\/uploads\/2021\/01\/Sepulveda_-_Iglesia_de_San_Salvador.jpg","type":"image\/jpeg"}],"author":"Escapada Rural","twitter_card":"summary_large_image","twitter_creator":"@https:\/\/x.com\/i\/flow\/login?redirect_after_login=escapadarural","twitter_misc":{"Escrito por":"Escapada Rural","Tiempo de lectura":"4 minutos"},"schema":{"@context":"https:\/\/schema.org","@graph":[{"@type":"Article","@id":"https:\/\/www.escapadarural.com\/blog\/la-pequena-republica-de-sepulveda\/#article","isPartOf":{"@id":"https:\/\/www.escapadarural.com\/blog\/la-pequena-republica-de-sepulveda\/"},"author":{"name":"Escapada Rural","@id":"https:\/\/www.escapadarural.com\/blog\/#\/schema\/person\/d9ee55ff3e0cef41d6eac8922b4f972c"},"headline":"La peque\u00f1a rep\u00fablica de Sep\u00falveda","datePublished":"2010-10-13T11:53:47+00:00","dateModified":"2024-12-23T17:07:28+00:00","mainEntityOfPage":{"@id":"https:\/\/www.escapadarural.com\/blog\/la-pequena-republica-de-sepulveda\/"},"wordCount":827,"commentCount":1,"publisher":{"@id":"https:\/\/www.escapadarural.com\/blog\/#organization"},"image":{"@id":"https:\/\/www.escapadarural.com\/blog\/la-pequena-republica-de-sepulveda\/#primaryimage"},"thumbnailUrl":"https:\/\/www.escapadarural.com\/blog\/wp-content\/uploads\/2021\/01\/Sepulveda_-_Iglesia_de_San_Salvador.jpg","keywords":["art\u00edculo","Castilla y Le\u00f3n","pueblos","Segovia","Sep\u00falveda"],"articleSection":["Destinos"],"inLanguage":"es","potentialAction":[{"@type":"CommentAction","name":"Comment","target":["https:\/\/www.escapadarural.com\/blog\/la-pequena-republica-de-sepulveda\/#respond"]}]},{"@type":"WebPage","@id":"https:\/\/www.escapadarural.com\/blog\/la-pequena-republica-de-sepulveda\/","url":"https:\/\/www.escapadarural.com\/blog\/la-pequena-republica-de-sepulveda\/","name":"La peque\u00f1a rep\u00fablica de Sep\u00falveda - EscapadaRural","isPartOf":{"@id":"https:\/\/www.escapadarural.com\/blog\/#website"},"primaryImageOfPage":{"@id":"https:\/\/www.escapadarural.com\/blog\/la-pequena-republica-de-sepulveda\/#primaryimage"},"image":{"@id":"https:\/\/www.escapadarural.com\/blog\/la-pequena-republica-de-sepulveda\/#primaryimage"},"thumbnailUrl":"https:\/\/www.escapadarural.com\/blog\/wp-content\/uploads\/2021\/01\/Sepulveda_-_Iglesia_de_San_Salvador.jpg","datePublished":"2010-10-13T11:53:47+00:00","dateModified":"2024-12-23T17:07:28+00:00","breadcrumb":{"@id":"https:\/\/www.escapadarural.com\/blog\/la-pequena-republica-de-sepulveda\/#breadcrumb"},"inLanguage":"es","potentialAction":[{"@type":"ReadAction","target":["https:\/\/www.escapadarural.com\/blog\/la-pequena-republica-de-sepulveda\/"]}]},{"@type":"ImageObject","inLanguage":"es","@id":"https:\/\/www.escapadarural.com\/blog\/la-pequena-republica-de-sepulveda\/#primaryimage","url":"https:\/\/www.escapadarural.com\/blog\/wp-content\/uploads\/2021\/01\/Sepulveda_-_Iglesia_de_San_Salvador.jpg","contentUrl":"https:\/\/www.escapadarural.com\/blog\/wp-content\/uploads\/2021\/01\/Sepulveda_-_Iglesia_de_San_Salvador.jpg","width":1600,"height":1071,"caption":"Fuente: Marlene VD"},{"@type":"BreadcrumbList","@id":"https:\/\/www.escapadarural.com\/blog\/la-pequena-republica-de-sepulveda\/#breadcrumb","itemListElement":[{"@type":"ListItem","position":1,"name":"Inicio","item":"https:\/\/www.escapadarural.com\/blog\/"},{"@type":"ListItem","position":2,"name":"Destinos","item":"https:\/\/www.escapadarural.com\/blog\/categoria\/destinos\/"},{"@type":"ListItem","position":3,"name":"La peque\u00f1a rep\u00fablica de Sep\u00falveda"}]},{"@type":"WebSite","@id":"https:\/\/www.escapadarural.com\/blog\/#website","url":"https:\/\/www.escapadarural.com\/blog\/","name":"Blog de viajes | turismo rural, alojamientos e inspiraci\u00f3n","description":"Alojamientos rurales e inspiraci\u00f3n para tus escapadas","publisher":{"@id":"https:\/\/www.escapadarural.com\/blog\/#organization"},"alternateName":"Magazine de viajes de EscapadaRural","potentialAction":[{"@type":"SearchAction","target":{"@type":"EntryPoint","urlTemplate":"https:\/\/www.escapadarural.com\/blog\/?s={search_term_string}"},"query-input":{"@type":"PropertyValueSpecification","valueRequired":true,"valueName":"search_term_string"}}],"inLanguage":"es"},{"@type":"Organization","@id":"https:\/\/www.escapadarural.com\/blog\/#organization","name":"EscapadaRural","url":"https:\/\/www.escapadarural.com\/blog\/","logo":{"@type":"ImageObject","inLanguage":"es","@id":"https:\/\/www.escapadarural.com\/blog\/#\/schema\/logo\/image\/","url":"https:\/\/www.escapadarural.com\/blog\/wp-content\/uploads\/2024\/10\/cropped-cropped-escapada-rural-icon-mag-3.png","contentUrl":"https:\/\/www.escapadarural.com\/blog\/wp-content\/uploads\/2024\/10\/cropped-cropped-escapada-rural-icon-mag-3.png","width":512,"height":512,"caption":"EscapadaRural"},"image":{"@id":"https:\/\/www.escapadarural.com\/blog\/#\/schema\/logo\/image\/"},"sameAs":["https:\/\/www.facebook.com\/escapadarural","https:\/\/www.instagram.com\/escapadarural\/","https:\/\/www.youtube.com\/@escapadaruralcom"]},{"@type":"Person","@id":"https:\/\/www.escapadarural.com\/blog\/#\/schema\/person\/d9ee55ff3e0cef41d6eac8922b4f972c","name":"Escapada Rural","image":{"@type":"ImageObject","inLanguage":"es","@id":"https:\/\/www.escapadarural.com\/blog\/wp-content\/uploads\/2024\/10\/cropped-cropped-escapada-rural-icon-mag-3-96x96.png","url":"https:\/\/www.escapadarural.com\/blog\/wp-content\/uploads\/2024\/10\/cropped-cropped-escapada-rural-icon-mag-3-96x96.png","contentUrl":"https:\/\/www.escapadarural.com\/blog\/wp-content\/uploads\/2024\/10\/cropped-cropped-escapada-rural-icon-mag-3-96x96.png","caption":"Escapada Rural"},"sameAs":["https:\/\/www.facebook.com\/escapadarural","https:\/\/www.linkedin.com\/company\/escapada-rural\/?originalSubdomain=es","https:\/\/x.com\/https:\/\/x.com\/i\/flow\/login?redirect_after_login=escapadarural"],"url":"https:\/\/www.escapadarural.com\/blog\/autor\/user\/"}]}},"_links":{"self":[{"href":"https:\/\/www.escapadarural.com\/blog\/wp-json\/wp\/v2\/posts\/671","targetHints":{"allow":["GET"]}}],"collection":[{"href":"https:\/\/www.escapadarural.com\/blog\/wp-json\/wp\/v2\/posts"}],"about":[{"href":"https:\/\/www.escapadarural.com\/blog\/wp-json\/wp\/v2\/types\/post"}],"author":[{"embeddable":true,"href":"https:\/\/www.escapadarural.com\/blog\/wp-json\/wp\/v2\/users\/136"}],"replies":[{"embeddable":true,"href":"https:\/\/www.escapadarural.com\/blog\/wp-json\/wp\/v2\/comments?post=671"}],"version-history":[{"count":0,"href":"https:\/\/www.escapadarural.com\/blog\/wp-json\/wp\/v2\/posts\/671\/revisions"}],"wp:featuredmedia":[{"embeddable":true,"href":"https:\/\/www.escapadarural.com\/blog\/wp-json\/wp\/v2\/media\/36860"}],"wp:attachment":[{"href":"https:\/\/www.escapadarural.com\/blog\/wp-json\/wp\/v2\/media?parent=671"}],"wp:term":[{"taxonomy":"category","embeddable":true,"href":"https:\/\/www.escapadarural.com\/blog\/wp-json\/wp\/v2\/categories?post=671"},{"taxonomy":"post_tag","embeddable":true,"href":"https:\/\/www.escapadarural.com\/blog\/wp-json\/wp\/v2\/tags?post=671"}],"curies":[{"name":"wp","href":"https:\/\/api.w.org\/{rel}","templated":true}]}}