{"id":67110,"date":"2023-10-24T09:45:45","date_gmt":"2023-10-24T08:45:45","guid":{"rendered":"https:\/\/www.escapadarural.com\/blog\/?p=67110"},"modified":"2025-05-30T14:43:12","modified_gmt":"2025-05-30T12:43:12","slug":"rio-de-onor-un-pie-en-portugal-y-otro-en-espana","status":"publish","type":"post","link":"https:\/\/www.escapadarural.com\/blog\/rio-de-onor-un-pie-en-portugal-y-otro-en-espana\/","title":{"rendered":"Rio de Onor, con un pie en Portugal y otro en Espa\u00f1a"},"content":{"rendered":"\n<figure class=\"wp-block-image size-large\"><a href=\"https:\/\/www.escapadarural.com\/blog\/wp-content\/uploads\/Rio-de-Onor1-scaled.jpg\"><img decoding=\"async\" src=\"https:\/\/www.escapadarural.com\/blog\/wp-content\/uploads\/2024\/10\/Rio-de-Onor1-1024x678-1.jpg\" alt=\"Rio de Onor\" class=\"wp-image-67127\"\/><\/a><figcaption class=\"wp-element-caption\">Rio de Onor. Por Pedro<\/figcaption><\/figure>\n\n\n\n<p>Del lado de Portugal tenemos <strong><a href=\"\/casas-rurales\/rio-de-onor\" target=\"_blank\" rel=\"noreferrer noopener\">Rio de Onor<\/a><\/strong>. Al otro lado, en Espa\u00f1a, est\u00e1 <strong>Rihonor de Castilla<\/strong>. \u00bfConfundido? Es natural. Incluso el escritor portugu\u00e9s Jos\u00e9 Saramago qued\u00f3 aturdido al pasar por all\u00ed y describi\u00f3 la experiencia en su libro <em>Viagem a Portugal<\/em> de 1981: \u201cDespu\u00e9s de todo, \u00bfd\u00f3nde est\u00e1 la frontera? \u00bfC\u00f3mo se llama este pa\u00eds, aqu\u00ed? \u00bfSigue siendo Portugal? \u00bfYa es Espa\u00f1a? \u00bfO es s\u00f3lo Rio de Onor y nada m\u00e1s que eso?\u201d.<\/p>\n\n\n\n<p>Rio de Onor tiene una caracter\u00edstica muy especial: est\u00e1 dividido por la mitad por la frontera entre Portugal y Espa\u00f1a. Pero, para los habitantes de este pueblo del municipio de <strong><a href=\"\/casas-rurales\/concelho-de-braganca\" target=\"_blank\" rel=\"noreferrer noopener\">Braganza<\/a><\/strong>, la frontera no importa mucho, es s\u00f3lo una formalidad administrativa.<\/p>\n\n\n\n<p>La propia poblaci\u00f3n trata a los dos pueblos \u2013el portugu\u00e9s y el espa\u00f1ol\u2013 como \u201cpueblo de arriba\u201d y \u201cpueblo de abajo\u201d. Era com\u00fan ver ganado cruzar libremente la frontera. Las poblaciones de ambos pa\u00edses a menudo pose\u00edan tierras en el lado opuesto y las trabajaban como si estuvieran en su lado de la frontera.<\/p>\n\n\n\n<figure class=\"wp-block-image size-large\"><a href=\"https:\/\/www.escapadarural.com\/blog\/wp-content\/uploads\/8730568937_89ef6ddc5b_o.jpg\"><img decoding=\"async\" src=\"https:\/\/www.escapadarural.com\/blog\/wp-content\/uploads\/2024\/10\/8730568937_89ef6ddc5b_o-1024x683-1.jpg\" alt=\"Rio de Onor\" class=\"wp-image-67133\"\/><\/a><figcaption class=\"wp-element-caption\">Rio de Onor. Por <a href=\"https:\/\/www.flickr.com\/photos\/mpeinadopa\/8730568937\" target=\"_blank\" rel=\"noreferrer noopener nofollow\">M.Peinado<\/a><\/figcaption><\/figure>\n\n\n\n<p>Rio de Onor es una <strong>aldea comunitaria<\/strong>, que es una forma de vida que presupone el compartir y la ayuda mutua entre todos los habitantes y se traduce en compartir hornos comunitarios, tierras agr\u00edcolas donde todos deben trabajar y un reba\u00f1o que pasta en tierras comunales.<\/p>\n\n\n\n<p>Hoy en d\u00eda, como explic\u00f3 a <strong>EscapadaRural<\/strong> M\u00e1rio Gomes, presidente del ayuntamiento de Aveleda y Rio de Onor, este estilo de vida comunitario ya no se practica, \u201cpor la falta de gente y la avanzada edad\u201d de los habitantes.<\/p>\n\n\n\n<p>Seg\u00fan M\u00e1rio Gomes, actualmente en Rio de Onor quedan \u201calrededor de 50 habitantes, con una edad media muy superior a los 70 a\u00f1os\u201d. Si en 1950 el pueblo ten\u00eda 398 habitantes, hoy este n\u00famero se ha reducido dr\u00e1sticamente. \u201cEl interior se est\u00e1 despoblando\u201d, afirma el presidente del ayuntamiento.<\/p>\n\n\n\n<figure class=\"wp-block-image size-large\"><a href=\"https:\/\/www.escapadarural.com\/blog\/wp-content\/uploads\/8732220371_49e0898176_o.jpg\"><img decoding=\"async\" src=\"https:\/\/www.escapadarural.com\/blog\/wp-content\/uploads\/2024\/10\/8732220371_49e0898176_o-1024x683-1.jpg\" alt=\"Rio de Onor\" class=\"wp-image-67135\"\/><\/a><figcaption class=\"wp-element-caption\">Rio de Onor. Por <a href=\"https:\/\/www.flickr.com\/photos\/mpeinadopa\/8732220371\" target=\"_blank\" rel=\"noreferrer noopener nofollow\">M.Peinado<\/a><\/figcaption><\/figure>\n\n\n\n<p>En 2017, Rio de Onor fue el pueblo ganador del concurso las \u201c7 Maravillas de Portugal\u201d en la categor\u00eda de pueblos situados en \u00e1reas protegidas, en este caso el <strong>Parque Natural de Montesinho<\/strong>, y el turismo cobr\u00f3 nuevo impulso en la regi\u00f3n.&nbsp;<\/p>\n\n\n\n<p>Son principalmente portugueses y espa\u00f1oles los que visitan el pueblo que, en 2019, recibi\u00f3 5.200 visitantes en la Casa do Touro, un museo dedicado a la historia y la cultura de Rio de Onor.<\/p>\n\n\n\n<p>Quien visite la <strong>Casa do Touro<\/strong> podr\u00e1 conocer un poco m\u00e1s sobre el estilo de vida en comunidad, una de las caracter\u00edsticas m\u00e1s conocidas de este pueblo. De hecho, este espacio est\u00e1 en el edificio que originalmente albergaba el toro del pueblo, que tambi\u00e9n fue, en tiempos lejanos, de la comunidad.<\/p>\n\n\n\n<figure class=\"wp-block-image size-large\"><a href=\"https:\/\/www.escapadarural.com\/blog\/wp-content\/uploads\/8731637922_6c7a66e953_o.jpg\"><img decoding=\"async\" src=\"https:\/\/www.escapadarural.com\/blog\/wp-content\/uploads\/2024\/10\/8731637922_6c7a66e953_o-1024x683-1.jpg\" alt=\"Rio de Onor\" class=\"wp-image-67137\"\/><\/a><figcaption class=\"wp-element-caption\">Rio de Onor. Por <a href=\"https:\/\/www.flickr.com\/photos\/mpeinadopa\/8731637922\/\" target=\"_blank\" rel=\"noreferrer noopener nofollow\">M.Peinado<\/a><\/figcaption><\/figure>\n\n\n\n<p>La singularidad de Rio de Onor llega hasta la forma \u00fanica de hablar de los habitantes del pueblo: el <strong>rionor\u00eas<\/strong>, un dialecto propio y casi extinto, que pertenece al grupo astur-leon\u00e9s, similar a la lengua mirandesa. Sin embargo, \u201cpor el momento s\u00f3lo dos o tres personas en el pueblo hablan rionor\u00eas con fluidez\u201d, explica M\u00e1rio Gomes. \u201cHay t\u00e9rminos id\u00e9nticos al mirand\u00e9s, pero este dialecto tiene m\u00e1s que ver con el castellano\u201d, concluye.<\/p>\n\n\n\n<p>Situada en el extremo noreste de Portugal y a pesar de que a menudo se olvidan las zonas del interior, este pueblo tiene una gran ventaja: \u201cel sol sale primero en Rio de Onor que en el resto del pa\u00eds\u201d, afirma el presidente del ayuntamiento. Y si el amanecer no es motivo suficiente para llevarte all\u00ed, debes saber que hay mucho m\u00e1s por descubrir en el pueblo donde Saramago se detuvo a tomar un aguardiente.<\/p>\n\n\n\n<figure class=\"wp-block-image size-large is-resized\"><a href=\"https:\/\/www.escapadarural.com\/blog\/wp-content\/uploads\/8724571184_bea2cbde6a_o.jpg\"><img decoding=\"async\" src=\"https:\/\/www.escapadarural.com\/blog\/wp-content\/uploads\/2024\/10\/8724571184_bea2cbde6a_o-1024x683-1.jpg\" alt=\"Rio de Onor\" class=\"wp-image-67139\" style=\"width:780px;height:520px\"\/><\/a><figcaption class=\"wp-element-caption\">Rio de Onor. Por <a href=\"https:\/\/www.flickr.com\/photos\/mpeinadopa\/8724571184\" target=\"_blank\" rel=\"noreferrer noopener nofollow\">M.Peinado<\/a><\/figcaption><\/figure>\n\n\n\n<p>En una visita a Rio de Onor descubrir\u00e1s un t\u00edpico pueblo de la regi\u00f3n de Tr\u00e1s-os-Montes con sus tradicionales casas de esquisto, con balcones de madera. La vida familiar se desarrolla en la planta superior, mientras que el ganado, los cereales y otros productos se quedan abajo.&nbsp;<\/p>\n\n\n\n<p>Hoy en d\u00eda quedan pocas casas que se diferencien de las tradicionales, pero tambi\u00e9n hay algunas casas deshabitadas y en ruinas. Sin embargo, M\u00e1rio Gomes considera que \u201ces uno de los pocos pueblos de la regi\u00f3n que, en t\u00e9rminos de conservaci\u00f3n arquitect\u00f3nica, a\u00fan no est\u00e1 muy degradado\u201d.<\/p>\n\n\n\n<p>Incluido en el per\u00edmetro del <strong>Parque Natural de Montesinho<\/strong>, no es de extra\u00f1ar que los paisajes sean espectaculares. Pasea por las estrechas calles de piedra, visita la iglesia principal y el puente romano. El horno comunitario, la fragua y el molino son testimonios de una vida comunitaria que vale la pena conocer. Pero sobre todo habla con los habitantes de Rio de Onor y conoce historias que nunca encontrar\u00e1s en los libros.<\/p>\n\n\n\n<div class=\"wp-block-buttons is-layout-flex wp-block-buttons-is-layout-flex\">\n<div class=\"wp-block-button\"><a class=\"wp-block-button__link wp-element-button\" href=\"\/casas-rurales\/rihonor-de-castilla\" target=\"_blank\" rel=\"noreferrer noopener\">Casas rurales cerca de Rihonor de Castilla<\/a><\/div>\n<\/div>\n","protected":false},"excerpt":{"rendered":"<p>Rio de Onor tiene una caracter\u00edstica muy especial: est\u00e1 dividido por la mitad por la frontera entre Portugal y Espa\u00f1a. Pero, para los habitantes de este pueblo del municipio de Bragan\u00e7a, la frontera no importa mucho, es s\u00f3lo una formalidad administrativa.<\/p>\n","protected":false},"author":135,"featured_media":95508,"comment_status":"open","ping_status":"open","sticky":false,"template":"","format":"standard","meta":{"_acf_changed":false,"om_disable_all_campaigns":false,"footnotes":""},"categories":[191],"tags":[5383,538,212,5384,5385],"class_list":["post-67110","post","type-post","status-publish","format-standard","has-post-thumbnail","hentry","category-destinos","tag-braganza","tag-portugal","tag-pueblos","tag-rihonor-de-castilla","tag-rio-de-onor"],"acf":[],"featured_image_src":"https:\/\/www.escapadarural.com\/blog\/wp-content\/uploads\/2024\/10\/Rio-de-Onor1-1024x678-1.jpg","author_info":{"display_name":"\u00c2ngela Coelho","author_link":"https:\/\/www.escapadarural.com\/blog\/autor\/angela\/"},"yoast_head":"<!-- This site is optimized with the Yoast SEO plugin v27.2 - https:\/\/yoast.com\/product\/yoast-seo-wordpress\/ -->\n<title>Rio de Onor, con un pie en Portugal y otro en Espa\u00f1a - EscapadaRural<\/title>\n<meta name=\"robots\" content=\"index, follow, max-snippet:-1, max-image-preview:large, max-video-preview:-1\" \/>\n<link rel=\"canonical\" href=\"https:\/\/www.escapadarural.com\/blog\/rio-de-onor-un-pie-en-portugal-y-otro-en-espana\/\" \/>\n<meta property=\"og:locale\" content=\"es_ES\" \/>\n<meta property=\"og:type\" content=\"article\" \/>\n<meta property=\"og:title\" content=\"Rio de Onor, con un pie en Portugal y otro en Espa\u00f1a - EscapadaRural\" \/>\n<meta property=\"og:description\" content=\"Rio de Onor tiene una caracter\u00edstica muy especial: est\u00e1 dividido por la mitad por la frontera entre Portugal y Espa\u00f1a. Pero, para los habitantes de este pueblo del municipio de Bragan\u00e7a, la frontera no importa mucho, es s\u00f3lo una formalidad administrativa.\" \/>\n<meta property=\"og:url\" content=\"https:\/\/www.escapadarural.com\/blog\/rio-de-onor-un-pie-en-portugal-y-otro-en-espana\/\" \/>\n<meta property=\"og:site_name\" content=\"Magazine de viajes de EscapadaRural\" \/>\n<meta property=\"article:publisher\" content=\"https:\/\/www.facebook.com\/escapadarural\" \/>\n<meta property=\"article:published_time\" content=\"2023-10-24T08:45:45+00:00\" \/>\n<meta property=\"article:modified_time\" content=\"2025-05-30T12:43:12+00:00\" \/>\n<meta property=\"og:image\" content=\"https:\/\/www.escapadarural.com\/blog\/wp-content\/uploads\/2024\/10\/Rio-de-Onor1-1024x678-1.jpg\" \/>\n\t<meta property=\"og:image:width\" content=\"1024\" \/>\n\t<meta property=\"og:image:height\" content=\"678\" \/>\n\t<meta property=\"og:image:type\" content=\"image\/jpeg\" \/>\n<meta name=\"author\" content=\"\u00c2ngela Coelho\" \/>\n<meta name=\"twitter:card\" content=\"summary_large_image\" \/>\n<meta name=\"twitter:label1\" content=\"Escrito por\" \/>\n\t<meta name=\"twitter:data1\" content=\"\u00c2ngela Coelho\" \/>\n\t<meta name=\"twitter:label2\" content=\"Tiempo de lectura\" \/>\n\t<meta name=\"twitter:data2\" content=\"4 minutos\" \/>\n<script type=\"application\/ld+json\" class=\"yoast-schema-graph\">{\"@context\":\"https:\/\/schema.org\",\"@graph\":[{\"@type\":\"Article\",\"@id\":\"https:\/\/www.escapadarural.com\/blog\/rio-de-onor-un-pie-en-portugal-y-otro-en-espana\/#article\",\"isPartOf\":{\"@id\":\"https:\/\/www.escapadarural.com\/blog\/rio-de-onor-un-pie-en-portugal-y-otro-en-espana\/\"},\"author\":{\"name\":\"\u00c2ngela Coelho\",\"@id\":\"https:\/\/www.escapadarural.com\/blog\/#\/schema\/person\/27db72653db008ab82e5d7fe93d09972\"},\"headline\":\"Rio de Onor, con un pie en Portugal y otro en Espa\u00f1a\",\"datePublished\":\"2023-10-24T08:45:45+00:00\",\"dateModified\":\"2025-05-30T12:43:12+00:00\",\"mainEntityOfPage\":{\"@id\":\"https:\/\/www.escapadarural.com\/blog\/rio-de-onor-un-pie-en-portugal-y-otro-en-espana\/\"},\"wordCount\":845,\"commentCount\":0,\"publisher\":{\"@id\":\"https:\/\/www.escapadarural.com\/blog\/#organization\"},\"image\":{\"@id\":\"https:\/\/www.escapadarural.com\/blog\/rio-de-onor-un-pie-en-portugal-y-otro-en-espana\/#primaryimage\"},\"thumbnailUrl\":\"https:\/\/www.escapadarural.com\/blog\/wp-content\/uploads\/2024\/10\/Rio-de-Onor1-1024x678-1.jpg\",\"keywords\":[\"braganza\",\"portugal\",\"pueblos\",\"rihonor de castilla\",\"rio de onor\"],\"articleSection\":[\"Destinos\"],\"inLanguage\":\"es\",\"potentialAction\":[{\"@type\":\"CommentAction\",\"name\":\"Comment\",\"target\":[\"https:\/\/www.escapadarural.com\/blog\/rio-de-onor-un-pie-en-portugal-y-otro-en-espana\/#respond\"]}]},{\"@type\":\"WebPage\",\"@id\":\"https:\/\/www.escapadarural.com\/blog\/rio-de-onor-un-pie-en-portugal-y-otro-en-espana\/\",\"url\":\"https:\/\/www.escapadarural.com\/blog\/rio-de-onor-un-pie-en-portugal-y-otro-en-espana\/\",\"name\":\"Rio de Onor, con un pie en Portugal y otro en Espa\u00f1a - EscapadaRural\",\"isPartOf\":{\"@id\":\"https:\/\/www.escapadarural.com\/blog\/#website\"},\"primaryImageOfPage\":{\"@id\":\"https:\/\/www.escapadarural.com\/blog\/rio-de-onor-un-pie-en-portugal-y-otro-en-espana\/#primaryimage\"},\"image\":{\"@id\":\"https:\/\/www.escapadarural.com\/blog\/rio-de-onor-un-pie-en-portugal-y-otro-en-espana\/#primaryimage\"},\"thumbnailUrl\":\"https:\/\/www.escapadarural.com\/blog\/wp-content\/uploads\/2024\/10\/Rio-de-Onor1-1024x678-1.jpg\",\"datePublished\":\"2023-10-24T08:45:45+00:00\",\"dateModified\":\"2025-05-30T12:43:12+00:00\",\"breadcrumb\":{\"@id\":\"https:\/\/www.escapadarural.com\/blog\/rio-de-onor-un-pie-en-portugal-y-otro-en-espana\/#breadcrumb\"},\"inLanguage\":\"es\",\"potentialAction\":[{\"@type\":\"ReadAction\",\"target\":[\"https:\/\/www.escapadarural.com\/blog\/rio-de-onor-un-pie-en-portugal-y-otro-en-espana\/\"]}]},{\"@type\":\"ImageObject\",\"inLanguage\":\"es\",\"@id\":\"https:\/\/www.escapadarural.com\/blog\/rio-de-onor-un-pie-en-portugal-y-otro-en-espana\/#primaryimage\",\"url\":\"https:\/\/www.escapadarural.com\/blog\/wp-content\/uploads\/2024\/10\/Rio-de-Onor1-1024x678-1.jpg\",\"contentUrl\":\"https:\/\/www.escapadarural.com\/blog\/wp-content\/uploads\/2024\/10\/Rio-de-Onor1-1024x678-1.jpg\",\"width\":1024,\"height\":678,\"caption\":\"Un tranquilo r\u00edo atraviesa un peque\u00f1o pueblo con casas en una orilla y vegetaci\u00f3n en la otra bajo un cielo nublado, ofreciendo un escenario ideal para el turismo rural. Algunas casas tienen tejados rojos, balcones y antenas parab\u00f3licas en este paisaje exuberante y tranquilo.\"},{\"@type\":\"BreadcrumbList\",\"@id\":\"https:\/\/www.escapadarural.com\/blog\/rio-de-onor-un-pie-en-portugal-y-otro-en-espana\/#breadcrumb\",\"itemListElement\":[{\"@type\":\"ListItem\",\"position\":1,\"name\":\"Inicio\",\"item\":\"https:\/\/www.escapadarural.com\/blog\/\"},{\"@type\":\"ListItem\",\"position\":2,\"name\":\"Destinos\",\"item\":\"https:\/\/www.escapadarural.com\/blog\/categoria\/destinos\/\"},{\"@type\":\"ListItem\",\"position\":3,\"name\":\"Rio de Onor, con un pie en Portugal y otro en Espa\u00f1a\"}]},{\"@type\":\"WebSite\",\"@id\":\"https:\/\/www.escapadarural.com\/blog\/#website\",\"url\":\"https:\/\/www.escapadarural.com\/blog\/\",\"name\":\"Blog de viajes | turismo rural, alojamientos e inspiraci\u00f3n\",\"description\":\"Alojamientos rurales e inspiraci\u00f3n para tus escapadas\",\"publisher\":{\"@id\":\"https:\/\/www.escapadarural.com\/blog\/#organization\"},\"alternateName\":\"Magazine de viajes de EscapadaRural\",\"potentialAction\":[{\"@type\":\"SearchAction\",\"target\":{\"@type\":\"EntryPoint\",\"urlTemplate\":\"https:\/\/www.escapadarural.com\/blog\/?s={search_term_string}\"},\"query-input\":{\"@type\":\"PropertyValueSpecification\",\"valueRequired\":true,\"valueName\":\"search_term_string\"}}],\"inLanguage\":\"es\"},{\"@type\":\"Organization\",\"@id\":\"https:\/\/www.escapadarural.com\/blog\/#organization\",\"name\":\"EscapadaRural\",\"url\":\"https:\/\/www.escapadarural.com\/blog\/\",\"logo\":{\"@type\":\"ImageObject\",\"inLanguage\":\"es\",\"@id\":\"https:\/\/www.escapadarural.com\/blog\/#\/schema\/logo\/image\/\",\"url\":\"https:\/\/www.escapadarural.com\/blog\/wp-content\/uploads\/2024\/10\/cropped-cropped-escapada-rural-icon-mag-3.png\",\"contentUrl\":\"https:\/\/www.escapadarural.com\/blog\/wp-content\/uploads\/2024\/10\/cropped-cropped-escapada-rural-icon-mag-3.png\",\"width\":512,\"height\":512,\"caption\":\"EscapadaRural\"},\"image\":{\"@id\":\"https:\/\/www.escapadarural.com\/blog\/#\/schema\/logo\/image\/\"},\"sameAs\":[\"https:\/\/www.facebook.com\/escapadarural\",\"https:\/\/www.instagram.com\/escapadarural\/\",\"https:\/\/www.youtube.com\/@escapadaruralcom\"]},{\"@type\":\"Person\",\"@id\":\"https:\/\/www.escapadarural.com\/blog\/#\/schema\/person\/27db72653db008ab82e5d7fe93d09972\",\"name\":\"\u00c2ngela Coelho\",\"image\":{\"@type\":\"ImageObject\",\"inLanguage\":\"es\",\"@id\":\"https:\/\/secure.gravatar.com\/avatar\/266007c4d733a1352809d25c72c8c5b058255e48028e729b91b5970cdc3b19ab?s=96&d=mm&r=g\",\"url\":\"https:\/\/secure.gravatar.com\/avatar\/266007c4d733a1352809d25c72c8c5b058255e48028e729b91b5970cdc3b19ab?s=96&d=mm&r=g\",\"contentUrl\":\"https:\/\/secure.gravatar.com\/avatar\/266007c4d733a1352809d25c72c8c5b058255e48028e729b91b5970cdc3b19ab?s=96&d=mm&r=g\",\"caption\":\"\u00c2ngela Coelho\"},\"url\":\"https:\/\/www.escapadarural.com\/blog\/autor\/angela\/\"}]}<\/script>\n<!-- \/ Yoast SEO plugin. -->","yoast_head_json":{"title":"Rio de Onor, con un pie en Portugal y otro en Espa\u00f1a - EscapadaRural","robots":{"index":"index","follow":"follow","max-snippet":"max-snippet:-1","max-image-preview":"max-image-preview:large","max-video-preview":"max-video-preview:-1"},"canonical":"https:\/\/www.escapadarural.com\/blog\/rio-de-onor-un-pie-en-portugal-y-otro-en-espana\/","og_locale":"es_ES","og_type":"article","og_title":"Rio de Onor, con un pie en Portugal y otro en Espa\u00f1a - EscapadaRural","og_description":"Rio de Onor tiene una caracter\u00edstica muy especial: est\u00e1 dividido por la mitad por la frontera entre Portugal y Espa\u00f1a. Pero, para los habitantes de este pueblo del municipio de Bragan\u00e7a, la frontera no importa mucho, es s\u00f3lo una formalidad administrativa.","og_url":"https:\/\/www.escapadarural.com\/blog\/rio-de-onor-un-pie-en-portugal-y-otro-en-espana\/","og_site_name":"Magazine de viajes de EscapadaRural","article_publisher":"https:\/\/www.facebook.com\/escapadarural","article_published_time":"2023-10-24T08:45:45+00:00","article_modified_time":"2025-05-30T12:43:12+00:00","og_image":[{"width":1024,"height":678,"url":"https:\/\/www.escapadarural.com\/blog\/wp-content\/uploads\/2024\/10\/Rio-de-Onor1-1024x678-1.jpg","type":"image\/jpeg"}],"author":"\u00c2ngela Coelho","twitter_card":"summary_large_image","twitter_misc":{"Escrito por":"\u00c2ngela Coelho","Tiempo de lectura":"4 minutos"},"schema":{"@context":"https:\/\/schema.org","@graph":[{"@type":"Article","@id":"https:\/\/www.escapadarural.com\/blog\/rio-de-onor-un-pie-en-portugal-y-otro-en-espana\/#article","isPartOf":{"@id":"https:\/\/www.escapadarural.com\/blog\/rio-de-onor-un-pie-en-portugal-y-otro-en-espana\/"},"author":{"name":"\u00c2ngela Coelho","@id":"https:\/\/www.escapadarural.com\/blog\/#\/schema\/person\/27db72653db008ab82e5d7fe93d09972"},"headline":"Rio de Onor, con un pie en Portugal y otro en Espa\u00f1a","datePublished":"2023-10-24T08:45:45+00:00","dateModified":"2025-05-30T12:43:12+00:00","mainEntityOfPage":{"@id":"https:\/\/www.escapadarural.com\/blog\/rio-de-onor-un-pie-en-portugal-y-otro-en-espana\/"},"wordCount":845,"commentCount":0,"publisher":{"@id":"https:\/\/www.escapadarural.com\/blog\/#organization"},"image":{"@id":"https:\/\/www.escapadarural.com\/blog\/rio-de-onor-un-pie-en-portugal-y-otro-en-espana\/#primaryimage"},"thumbnailUrl":"https:\/\/www.escapadarural.com\/blog\/wp-content\/uploads\/2024\/10\/Rio-de-Onor1-1024x678-1.jpg","keywords":["braganza","portugal","pueblos","rihonor de castilla","rio de onor"],"articleSection":["Destinos"],"inLanguage":"es","potentialAction":[{"@type":"CommentAction","name":"Comment","target":["https:\/\/www.escapadarural.com\/blog\/rio-de-onor-un-pie-en-portugal-y-otro-en-espana\/#respond"]}]},{"@type":"WebPage","@id":"https:\/\/www.escapadarural.com\/blog\/rio-de-onor-un-pie-en-portugal-y-otro-en-espana\/","url":"https:\/\/www.escapadarural.com\/blog\/rio-de-onor-un-pie-en-portugal-y-otro-en-espana\/","name":"Rio de Onor, con un pie en Portugal y otro en Espa\u00f1a - EscapadaRural","isPartOf":{"@id":"https:\/\/www.escapadarural.com\/blog\/#website"},"primaryImageOfPage":{"@id":"https:\/\/www.escapadarural.com\/blog\/rio-de-onor-un-pie-en-portugal-y-otro-en-espana\/#primaryimage"},"image":{"@id":"https:\/\/www.escapadarural.com\/blog\/rio-de-onor-un-pie-en-portugal-y-otro-en-espana\/#primaryimage"},"thumbnailUrl":"https:\/\/www.escapadarural.com\/blog\/wp-content\/uploads\/2024\/10\/Rio-de-Onor1-1024x678-1.jpg","datePublished":"2023-10-24T08:45:45+00:00","dateModified":"2025-05-30T12:43:12+00:00","breadcrumb":{"@id":"https:\/\/www.escapadarural.com\/blog\/rio-de-onor-un-pie-en-portugal-y-otro-en-espana\/#breadcrumb"},"inLanguage":"es","potentialAction":[{"@type":"ReadAction","target":["https:\/\/www.escapadarural.com\/blog\/rio-de-onor-un-pie-en-portugal-y-otro-en-espana\/"]}]},{"@type":"ImageObject","inLanguage":"es","@id":"https:\/\/www.escapadarural.com\/blog\/rio-de-onor-un-pie-en-portugal-y-otro-en-espana\/#primaryimage","url":"https:\/\/www.escapadarural.com\/blog\/wp-content\/uploads\/2024\/10\/Rio-de-Onor1-1024x678-1.jpg","contentUrl":"https:\/\/www.escapadarural.com\/blog\/wp-content\/uploads\/2024\/10\/Rio-de-Onor1-1024x678-1.jpg","width":1024,"height":678,"caption":"Un tranquilo r\u00edo atraviesa un peque\u00f1o pueblo con casas en una orilla y vegetaci\u00f3n en la otra bajo un cielo nublado, ofreciendo un escenario ideal para el turismo rural. Algunas casas tienen tejados rojos, balcones y antenas parab\u00f3licas en este paisaje exuberante y tranquilo."},{"@type":"BreadcrumbList","@id":"https:\/\/www.escapadarural.com\/blog\/rio-de-onor-un-pie-en-portugal-y-otro-en-espana\/#breadcrumb","itemListElement":[{"@type":"ListItem","position":1,"name":"Inicio","item":"https:\/\/www.escapadarural.com\/blog\/"},{"@type":"ListItem","position":2,"name":"Destinos","item":"https:\/\/www.escapadarural.com\/blog\/categoria\/destinos\/"},{"@type":"ListItem","position":3,"name":"Rio de Onor, con un pie en Portugal y otro en Espa\u00f1a"}]},{"@type":"WebSite","@id":"https:\/\/www.escapadarural.com\/blog\/#website","url":"https:\/\/www.escapadarural.com\/blog\/","name":"Blog de viajes | turismo rural, alojamientos e inspiraci\u00f3n","description":"Alojamientos rurales e inspiraci\u00f3n para tus escapadas","publisher":{"@id":"https:\/\/www.escapadarural.com\/blog\/#organization"},"alternateName":"Magazine de viajes de EscapadaRural","potentialAction":[{"@type":"SearchAction","target":{"@type":"EntryPoint","urlTemplate":"https:\/\/www.escapadarural.com\/blog\/?s={search_term_string}"},"query-input":{"@type":"PropertyValueSpecification","valueRequired":true,"valueName":"search_term_string"}}],"inLanguage":"es"},{"@type":"Organization","@id":"https:\/\/www.escapadarural.com\/blog\/#organization","name":"EscapadaRural","url":"https:\/\/www.escapadarural.com\/blog\/","logo":{"@type":"ImageObject","inLanguage":"es","@id":"https:\/\/www.escapadarural.com\/blog\/#\/schema\/logo\/image\/","url":"https:\/\/www.escapadarural.com\/blog\/wp-content\/uploads\/2024\/10\/cropped-cropped-escapada-rural-icon-mag-3.png","contentUrl":"https:\/\/www.escapadarural.com\/blog\/wp-content\/uploads\/2024\/10\/cropped-cropped-escapada-rural-icon-mag-3.png","width":512,"height":512,"caption":"EscapadaRural"},"image":{"@id":"https:\/\/www.escapadarural.com\/blog\/#\/schema\/logo\/image\/"},"sameAs":["https:\/\/www.facebook.com\/escapadarural","https:\/\/www.instagram.com\/escapadarural\/","https:\/\/www.youtube.com\/@escapadaruralcom"]},{"@type":"Person","@id":"https:\/\/www.escapadarural.com\/blog\/#\/schema\/person\/27db72653db008ab82e5d7fe93d09972","name":"\u00c2ngela Coelho","image":{"@type":"ImageObject","inLanguage":"es","@id":"https:\/\/secure.gravatar.com\/avatar\/266007c4d733a1352809d25c72c8c5b058255e48028e729b91b5970cdc3b19ab?s=96&d=mm&r=g","url":"https:\/\/secure.gravatar.com\/avatar\/266007c4d733a1352809d25c72c8c5b058255e48028e729b91b5970cdc3b19ab?s=96&d=mm&r=g","contentUrl":"https:\/\/secure.gravatar.com\/avatar\/266007c4d733a1352809d25c72c8c5b058255e48028e729b91b5970cdc3b19ab?s=96&d=mm&r=g","caption":"\u00c2ngela Coelho"},"url":"https:\/\/www.escapadarural.com\/blog\/autor\/angela\/"}]}},"_links":{"self":[{"href":"https:\/\/www.escapadarural.com\/blog\/wp-json\/wp\/v2\/posts\/67110","targetHints":{"allow":["GET"]}}],"collection":[{"href":"https:\/\/www.escapadarural.com\/blog\/wp-json\/wp\/v2\/posts"}],"about":[{"href":"https:\/\/www.escapadarural.com\/blog\/wp-json\/wp\/v2\/types\/post"}],"author":[{"embeddable":true,"href":"https:\/\/www.escapadarural.com\/blog\/wp-json\/wp\/v2\/users\/135"}],"replies":[{"embeddable":true,"href":"https:\/\/www.escapadarural.com\/blog\/wp-json\/wp\/v2\/comments?post=67110"}],"version-history":[{"count":0,"href":"https:\/\/www.escapadarural.com\/blog\/wp-json\/wp\/v2\/posts\/67110\/revisions"}],"wp:featuredmedia":[{"embeddable":true,"href":"https:\/\/www.escapadarural.com\/blog\/wp-json\/wp\/v2\/media\/95508"}],"wp:attachment":[{"href":"https:\/\/www.escapadarural.com\/blog\/wp-json\/wp\/v2\/media?parent=67110"}],"wp:term":[{"taxonomy":"category","embeddable":true,"href":"https:\/\/www.escapadarural.com\/blog\/wp-json\/wp\/v2\/categories?post=67110"},{"taxonomy":"post_tag","embeddable":true,"href":"https:\/\/www.escapadarural.com\/blog\/wp-json\/wp\/v2\/tags?post=67110"}],"curies":[{"name":"wp","href":"https:\/\/api.w.org\/{rel}","templated":true}]}}