{"id":67296,"date":"2023-11-14T08:00:00","date_gmt":"2023-11-14T07:00:00","guid":{"rendered":"https:\/\/www.escapadarural.com\/blog\/?p=67296"},"modified":"2025-05-26T13:13:14","modified_gmt":"2025-05-26T11:13:14","slug":"el-segundo-idioma-de-portugal","status":"publish","type":"post","link":"https:\/\/www.escapadarural.com\/blog\/el-segundo-idioma-de-portugal\/","title":{"rendered":"El segundo idioma de Portugal"},"content":{"rendered":"\n<figure class=\"wp-block-image size-large\"><a href=\"https:\/\/www.escapadarural.com\/blog\/wp-content\/uploads\/AdobeStock_251369350.jpg\"><img decoding=\"async\" src=\"https:\/\/www.escapadarural.com\/blog\/wp-content\/uploads\/2024\/10\/AdobeStock_251369350-1024x683-1.jpg\" alt=\"Miranda de Duero\" class=\"wp-image-67298\"\/><\/a><figcaption class=\"wp-element-caption\">Miranda de Duero. Por RnDmS<\/figcaption><\/figure>\n\n\n\n<p>Si alguien te dice \u201cbuonos dies\u201d no lo corrijas, porque no se ha equivocado. Te est\u00e1 hablando en <strong>mirand\u00e9s<\/strong>, el segundo idioma oficial de Portugal. En el pa\u00eds luso se habla un segundo idioma diferente del portugu\u00e9s y que forma parte de una <strong>rama asturleonesa<\/strong> que incluye hablas tradicionales de Le\u00f3n, Asturias y Zamora.<\/p>\n\n\n\n<p>Aunque el mirand\u00e9s no es muy conocido, sobre todo fuera de Portugal, a\u00fan pervive en la regi\u00f3n conocida como <strong>Terra de Miranda<\/strong>, formada por los municipios de <a href=\"\/casas-rurales\/concelho-de-miranda-do-douro\" target=\"_blank\" rel=\"noreferrer noopener\">Miranda de Duero<\/a>, <a href=\"\/casas-rurales\/concelho-de-vimioso\" target=\"_blank\" rel=\"noreferrer noopener\">Vimioso<\/a> y <a href=\"\/casas-rurales\/concelho-de-mogadouro\" target=\"_blank\" rel=\"noreferrer noopener\">Mogadouro<\/a>, en el distrito de <a href=\"\/casas-rurales\/distrito-de-braganca\" target=\"_blank\" rel=\"noreferrer noopener\">Braganza<\/a>, muy cerca de la frontera espa\u00f1ola.<\/p>\n\n\n<div class=\"wp-block-image\">\n<figure class=\"aligncenter size-large\"><a href=\"https:\/\/www.escapadarural.com\/blog\/wp-content\/uploads\/Asturlliones_en_Tierra_de_Miranda.png\"><img decoding=\"async\" src=\"https:\/\/www.escapadarural.com\/blog\/wp-content\/uploads\/2024\/10\/Asturlliones_en_Tierra_de_Miranda-724x1024-1.png\" alt=\"Terra de Miranda\" class=\"wp-image-67412\"\/><\/a><figcaption class=\"wp-element-caption\">Distribuci\u00f3n del asturleones en Terra de Miranda. Por Denis Soria<\/figcaption><\/figure>\n<\/div>\n\n\n<p>Sin embargo, hay mucha gente, portugueses incluidos, que nunca han escuchado hablar mirand\u00e9s y ni siquiera saben c\u00f3mo suena. Podemos de una manera sencilla decir que es algo parecido al portugu\u00e9s mezclado con gallego y con algunos sonidos espa\u00f1oles.<\/p>\n\n\n\n<p>Se parece mucho m\u00e1s al portugu\u00e9s, tanto en la fon\u00e9tica como en el acento. Pero es posible discernir algunos sonidos en ciertas palabras que son diferentes de la lengua portuguesa y que se acercan un poco m\u00e1s a la pronunciaci\u00f3n castellana.<\/p>\n\n\n\n<p>Alcides Meirinhos, miembro de la <strong><a href=\"https:\/\/lhengua.org\/\" target=\"_blank\" rel=\"noreferrer noopener nofollow\">Associa\u00e7on de la Lh\u00e9ngua i Cultura Mirandesa<\/a><\/strong>, creada en 2003, y uno de los grandes impulsores del mirand\u00e9s, explica que \u201cla lengua mirandesa es principalmente un habla\u201d.<\/p>\n\n\n\n<figure class=\"wp-block-embed is-type-video is-provider-youtube wp-block-embed-youtube wp-embed-aspect-16-9 wp-has-aspect-ratio\"><div class=\"wp-block-embed__wrapper\">\n<span class=\"uzitVKwoXT1FeLc5U\"><div class=\"video-shortcode\"><iframe title=\"Ant\u00f4nio, Domingos, and Porfirio speaking Mirandese | Romance languages | Wikitongues\" width=\"1200\" height=\"675\" src=\"https:\/\/www.youtube.com\/embed\/-gnJtZFyzZA?feature=oembed\" frameborder=\"0\" allow=\"accelerometer; autoplay; clipboard-write; encrypted-media; gyroscope; picture-in-picture; web-share\" referrerpolicy=\"strict-origin-when-cross-origin\" allowfullscreen><\/iframe><\/div><\/span>\n<\/div><\/figure>\n\n\n\n<p>Aislada en una peque\u00f1a regi\u00f3n durante cientos de a\u00f1os, dadas las condiciones geogr\u00e1ficas de su propio territorio natural, la lengua se transmiti\u00f3 oralmente desde el lat\u00edn popular. Era un idioma marginalizado por su origen humilde y que no ten\u00eda el reconocimiento y mucho menos el apoyo del Estado Novo, el r\u00e9gimen dictatorial que estuvo vigente en Portugal hasta 1974.<\/p>\n\n\n\n<p>A\u00fan as\u00ed, <strong>el mirand\u00e9s fue declarado idioma nacional del pa\u00eds en 1999<\/strong>, cuando las autoridades portuguesas afirmaron que no era s\u00f3lo un dialecto, sino que ten\u00eda caracter\u00edsticas propias que eran muy diferentes del portugu\u00e9s. Escuchar la lengua, sin embargo, no es f\u00e1cil, considerando que ya no hay mucha gente que lo sepa hablar.<\/p>\n\n\n\n<p>No fue hasta 2008 que se estableci\u00f3 una convenci\u00f3n ortogr\u00e1fica, patrocinada por el Ayuntamiento de Miranda de Duero y dirigida por un grupo de ling\u00fcistas, con el fin de establecer reglas claras para la escritura, la lectura y la ense\u00f1anza del mirand\u00e9s, as\u00ed como para establecer un estilo de escritura lo m\u00e1s unitario posible.<\/p>\n\n\n\n<p>Alcides Meirinhos no tiene datos sobre cu\u00e1ntas personas pueden hablar mirand\u00e9s hoy, pero hay indicios de que el idioma est\u00e1 desapareciendo. Seg\u00fan una encuesta realizada en 2020 por la Universidad de Vigo, alrededor de 3.000 personas conocen el idioma. El mismo estudio afirma que en 2040 el mirand\u00e9s podr\u00eda convertirse en una lengua muerta.<\/p>\n\n\n\n<figure class=\"wp-block-image size-large\"><a href=\"https:\/\/www.escapadarural.com\/blog\/wp-content\/uploads\/68246199_7192cccaa1_o.jpg\"><img decoding=\"async\" src=\"https:\/\/www.escapadarural.com\/blog\/wp-content\/uploads\/2024\/10\/68246199_7192cccaa1_o-1024x686-1.jpg\" alt=\"Duero Internacional en Miranda de Duero\" class=\"wp-image-67414\"\/><\/a><figcaption class=\"wp-element-caption\">Duero Internacional en Miranda de Duero. Por <a href=\"https:\/\/www.flickr.com\/photos\/vitor107\/68246199\" target=\"_blank\" rel=\"noreferrer noopener nofollow\">Vitor Oliveira<\/a><\/figcaption><\/figure>\n\n\n\n<p>Alcides, que es tambi\u00e9n escritor y traductor, recuerda que \u201chubo un tiempo en que se hablaba poco mirand\u00e9s, porque el estigma era demasiado grande\u201d. El propio Alcides cuenta que en casa y en la escuela no hablaba mirand\u00e9s. S\u00f3lo cuando jugaba con amigos, en la calle o en el patio de la escuela, el escritor se expresaba en mirand\u00e9s.<\/p>\n\n\n\n<p>\u201cHab\u00eda esta contradicci\u00f3n: en casa hablaba y aprend\u00eda portugu\u00e9s, pero en la calle ten\u00eda que hablar mirand\u00e9s porque sino me se\u00f1alaban y me llamaban \u2018hidalgo\u2019\u201d &#8211; en Portugal, el t\u00e9rmino hidalgo es muy usado como un adjetivo despreciativo para hablar de alguien que se cree mejor que los dem\u00e1s, en este caso por hablar el idioma de los alfabetizados.<\/p>\n\n\n\n<p>\u201cLa lengua mirandesa siempre ha estado desterrada tanto de las iglesias como de las escuelas\u201d, contin\u00faa. Y por eso el escritor escuch\u00f3 varias veces una frase que se le qued\u00f3 grabada en la memoria: \u201cSi no hablas portugu\u00e9s, nunca ser\u00e1s nadie\u201d.<\/p>\n\n\n\n<p>A pesar de todo, Alcides cree en un futuro brillante para el mirand\u00e9s y tiene fe en las nuevas generaciones. \u201cLos ni\u00f1os tienen ganas de hablar el idioma\u201d, afirma. \u201cEsta generaci\u00f3n m\u00e1s joven ve la lengua mirandesa como una cuesti\u00f3n de identidad\u201d, dice con confianza.<\/p>\n\n\n\n<figure class=\"wp-block-image size-large\"><a href=\"https:\/\/www.escapadarural.com\/blog\/wp-content\/uploads\/3664613317_8be946b676_k.jpg\"><img decoding=\"async\" src=\"https:\/\/www.escapadarural.com\/blog\/wp-content\/uploads\/2024\/10\/3664613317_8be946b676_k-1024x768-1.jpg\" alt=\"Miranda de Duero\" class=\"wp-image-67416\"\/><\/a><figcaption class=\"wp-element-caption\">Miranda de Duero. Por <a href=\"https:\/\/www.flickr.com\/photos\/vitor107\/3664613317\" target=\"_blank\" rel=\"noreferrer noopener nofollow\">Vitor Oliveira<\/a><\/figcaption><\/figure>\n\n\n\n<p>La introducci\u00f3n de la ense\u00f1anza de la lengua mirandesa como opci\u00f3n en el curr\u00edculo de las escuelas de educaci\u00f3n b\u00e1sica del municipio de Miranda de Duero, en el curso escolar 1986\/87, tambi\u00e9n contribuy\u00f3 al aumento del inter\u00e9s por aprender mirand\u00e9s por parte de ni\u00f1os y j\u00f3venes.<\/p>\n\n\n\n<p>La traducci\u00f3n al mirand\u00e9s de obras tan conocidas como <em>Ast\u00e9rix<\/em>, <em>El Principito<\/em> y <em>Os Lus\u00edadas<\/em> fueron otras medidas que tambi\u00e9n contribuyeron para fomentar el aprendizaje de la lengua entre los j\u00f3venes.<\/p>\n\n\n\n<p>La m\u00fasica fue uno de los principales factores responsables de mantener el mirand\u00e9s a lo largo de estos siglos como la lengua m\u00e1s utilizada por los mirandeses. Un ejemplo de ello es el grupo musical <strong>Galandum Galandaina<\/strong> que canta en mirand\u00e9s.<\/p>\n\n\n\n<figure class=\"wp-block-embed is-type-video is-provider-youtube wp-block-embed-youtube wp-embed-aspect-16-9 wp-has-aspect-ratio\"><div class=\"wp-block-embed__wrapper\">\n<span class=\"jZQw0e9PeKgbFTsMAaG8bnn6OCuI5fP7am0XJ8Vt37MtcqWlWLS1XydBKjUz4LZN2clkoVDE63G14SryBRku2pEYoN\"><div class=\"video-shortcode\"><iframe title=\"&quot;N\u00f3s tenemos muitos nabos&quot; - Galandum Galundaina\" width=\"1200\" height=\"675\" src=\"https:\/\/www.youtube.com\/embed\/cYadPT4EWaY?feature=oembed\" frameborder=\"0\" allow=\"accelerometer; autoplay; clipboard-write; encrypted-media; gyroscope; picture-in-picture; web-share\" referrerpolicy=\"strict-origin-when-cross-origin\" allowfullscreen><\/iframe><\/div><\/span>\n<\/div><\/figure>\n\n\n\n<p>Estos factores habr\u00e1n contribuido, cada uno a su manera, al surgimiento de un renovado inter\u00e9s por la lengua y la cultura mirandesa, cuyos aspectos m\u00e1s visibles son tambi\u00e9n el nacimiento de la literatura en mirand\u00e9s, la colocaci\u00f3n de la toponimia en casi todos los pueblos y ciudades y la aparici\u00f3n en diversos medios de comunicaci\u00f3n.<\/p>\n\n\n\n<p>Sin embargo, todav\u00eda queda mucho por hacer. Alcides Meirinhos cree que el futuro pasa por la firma y ratificaci\u00f3n, por parte del Gobierno portugu\u00e9s, de la Carta Europea de las Lenguas Regionales o Minoritarias (CELM), dando as\u00ed un nuevo impulso al mirand\u00e9s.<\/p>\n\n\n\n<p>Pero el escritor es optimista y cree que estamos en un cambio de paradigma. \u201cAhora mismo hay una franja de gente que se enorgullece de hablar la lengua mirandesa, tanto j\u00f3venes como adultos\u201d, explica. <strong>\u201cEn el fondo, esto es lo que nos identifica\u201d<\/strong>, concluye.<\/p>\n\n\n\n<div class=\"wp-block-buttons is-layout-flex wp-block-buttons-is-layout-flex\">\n<div class=\"wp-block-button\"><a class=\"wp-block-button__link wp-element-button\" href=\"\/casas-rurales\/terras-de-tras-os-montes\" target=\"_blank\" rel=\"noreferrer noopener\">Casas rurales en Tr\u00e1s-os-Montes<\/a><\/div>\n<\/div>\n","protected":false},"excerpt":{"rendered":"<p>Si alguien te dice \u201cbuonos dies\u201d no lo corrijas, porque no se ha equivocado. Te est\u00e1 hablando en mirand\u00e9s, el segundo idioma oficial de Portugal. En el pa\u00eds luso se habla un segundo idioma diferente del portugu\u00e9s y que forma parte de una rama asturleonesa que incluye hablas tradicionales de Le\u00f3n, Asturias y Zamora.<\/p>\n","protected":false},"author":135,"featured_media":95246,"comment_status":"open","ping_status":"open","sticky":false,"template":"","format":"standard","meta":{"_acf_changed":false,"om_disable_all_campaigns":false,"footnotes":""},"categories":[231],"tags":[5405,440,5406,5407,538],"class_list":["post-67296","post","type-post","status-publish","format-standard","has-post-thumbnail","hentry","category-arte-y-cultura","tag-asturleones","tag-historias-y-curiosidades","tag-miranda-de-duero","tag-mirandes","tag-portugal"],"acf":[],"featured_image_src":"https:\/\/www.escapadarural.com\/blog\/wp-content\/uploads\/2024\/10\/AdobeStock_251369350-1024x683-1.jpg","author_info":{"display_name":"\u00c2ngela Coelho","author_link":"https:\/\/www.escapadarural.com\/blog\/autor\/angela\/"},"yoast_head":"<!-- This site is optimized with the Yoast SEO plugin v27.5 - https:\/\/yoast.com\/product\/yoast-seo-wordpress\/ -->\n<title>El segundo idioma de Portugal - EscapadaRural<\/title>\n<meta name=\"robots\" content=\"index, follow, max-snippet:-1, max-image-preview:large, max-video-preview:-1\" \/>\n<link rel=\"canonical\" href=\"https:\/\/www.escapadarural.com\/blog\/el-segundo-idioma-de-portugal\/\" \/>\n<meta property=\"og:locale\" content=\"es_ES\" \/>\n<meta property=\"og:type\" content=\"article\" \/>\n<meta property=\"og:title\" content=\"El segundo idioma de Portugal - EscapadaRural\" \/>\n<meta property=\"og:description\" content=\"Si alguien te dice \u201cbuonos dies\u201d no lo corrijas, porque no se ha equivocado. Te est\u00e1 hablando en mirand\u00e9s, el segundo idioma oficial de Portugal. En el pa\u00eds luso se habla un segundo idioma diferente del portugu\u00e9s y que forma parte de una rama asturleonesa que incluye hablas tradicionales de Le\u00f3n, Asturias y Zamora.\" \/>\n<meta property=\"og:url\" content=\"https:\/\/www.escapadarural.com\/blog\/el-segundo-idioma-de-portugal\/\" \/>\n<meta property=\"og:site_name\" content=\"Magazine de viajes de EscapadaRural\" \/>\n<meta property=\"article:publisher\" content=\"https:\/\/www.facebook.com\/escapadarural\" \/>\n<meta property=\"article:published_time\" content=\"2023-11-14T07:00:00+00:00\" \/>\n<meta property=\"article:modified_time\" content=\"2025-05-26T11:13:14+00:00\" \/>\n<meta property=\"og:image\" content=\"https:\/\/www.escapadarural.com\/blog\/wp-content\/uploads\/2024\/10\/AdobeStock_251369350-1024x683-1.jpg\" \/>\n\t<meta property=\"og:image:width\" content=\"1024\" \/>\n\t<meta property=\"og:image:height\" content=\"683\" \/>\n\t<meta property=\"og:image:type\" content=\"image\/jpeg\" \/>\n<meta name=\"author\" content=\"\u00c2ngela Coelho\" \/>\n<meta name=\"twitter:card\" content=\"summary_large_image\" \/>\n<meta name=\"twitter:label1\" content=\"Escrito por\" \/>\n\t<meta name=\"twitter:data1\" content=\"\u00c2ngela Coelho\" \/>\n\t<meta name=\"twitter:label2\" content=\"Tiempo de lectura\" \/>\n\t<meta name=\"twitter:data2\" content=\"5 minutos\" \/>\n<script type=\"application\/ld+json\" class=\"yoast-schema-graph\">{\"@context\":\"https:\\\/\\\/schema.org\",\"@graph\":[{\"@type\":\"Article\",\"@id\":\"https:\\\/\\\/www.escapadarural.com\\\/blog\\\/el-segundo-idioma-de-portugal\\\/#article\",\"isPartOf\":{\"@id\":\"https:\\\/\\\/www.escapadarural.com\\\/blog\\\/el-segundo-idioma-de-portugal\\\/\"},\"author\":{\"name\":\"\u00c2ngela Coelho\",\"@id\":\"https:\\\/\\\/www.escapadarural.com\\\/blog\\\/#\\\/schema\\\/person\\\/27db72653db008ab82e5d7fe93d09972\"},\"headline\":\"El segundo idioma de Portugal\",\"datePublished\":\"2023-11-14T07:00:00+00:00\",\"dateModified\":\"2025-05-26T11:13:14+00:00\",\"mainEntityOfPage\":{\"@id\":\"https:\\\/\\\/www.escapadarural.com\\\/blog\\\/el-segundo-idioma-de-portugal\\\/\"},\"wordCount\":1043,\"commentCount\":0,\"publisher\":{\"@id\":\"https:\\\/\\\/www.escapadarural.com\\\/blog\\\/#organization\"},\"image\":{\"@id\":\"https:\\\/\\\/www.escapadarural.com\\\/blog\\\/el-segundo-idioma-de-portugal\\\/#primaryimage\"},\"thumbnailUrl\":\"https:\\\/\\\/www.escapadarural.com\\\/blog\\\/wp-content\\\/uploads\\\/2024\\\/10\\\/AdobeStock_251369350-1024x683-1.jpg\",\"keywords\":[\"asturleon\u00e9s\",\"Historias y Curiosidades\",\"miranda de duero\",\"mirand\u00e9s\",\"portugal\"],\"articleSection\":[\"Arte y Cultura\"],\"inLanguage\":\"es\",\"potentialAction\":[{\"@type\":\"CommentAction\",\"name\":\"Comment\",\"target\":[\"https:\\\/\\\/www.escapadarural.com\\\/blog\\\/el-segundo-idioma-de-portugal\\\/#respond\"]}]},{\"@type\":\"WebPage\",\"@id\":\"https:\\\/\\\/www.escapadarural.com\\\/blog\\\/el-segundo-idioma-de-portugal\\\/\",\"url\":\"https:\\\/\\\/www.escapadarural.com\\\/blog\\\/el-segundo-idioma-de-portugal\\\/\",\"name\":\"El segundo idioma de Portugal - EscapadaRural\",\"isPartOf\":{\"@id\":\"https:\\\/\\\/www.escapadarural.com\\\/blog\\\/#website\"},\"primaryImageOfPage\":{\"@id\":\"https:\\\/\\\/www.escapadarural.com\\\/blog\\\/el-segundo-idioma-de-portugal\\\/#primaryimage\"},\"image\":{\"@id\":\"https:\\\/\\\/www.escapadarural.com\\\/blog\\\/el-segundo-idioma-de-portugal\\\/#primaryimage\"},\"thumbnailUrl\":\"https:\\\/\\\/www.escapadarural.com\\\/blog\\\/wp-content\\\/uploads\\\/2024\\\/10\\\/AdobeStock_251369350-1024x683-1.jpg\",\"datePublished\":\"2023-11-14T07:00:00+00:00\",\"dateModified\":\"2025-05-26T11:13:14+00:00\",\"breadcrumb\":{\"@id\":\"https:\\\/\\\/www.escapadarural.com\\\/blog\\\/el-segundo-idioma-de-portugal\\\/#breadcrumb\"},\"inLanguage\":\"es\",\"potentialAction\":[{\"@type\":\"ReadAction\",\"target\":[\"https:\\\/\\\/www.escapadarural.com\\\/blog\\\/el-segundo-idioma-de-portugal\\\/\"]}]},{\"@type\":\"ImageObject\",\"inLanguage\":\"es\",\"@id\":\"https:\\\/\\\/www.escapadarural.com\\\/blog\\\/el-segundo-idioma-de-portugal\\\/#primaryimage\",\"url\":\"https:\\\/\\\/www.escapadarural.com\\\/blog\\\/wp-content\\\/uploads\\\/2024\\\/10\\\/AdobeStock_251369350-1024x683-1.jpg\",\"contentUrl\":\"https:\\\/\\\/www.escapadarural.com\\\/blog\\\/wp-content\\\/uploads\\\/2024\\\/10\\\/AdobeStock_251369350-1024x683-1.jpg\",\"width\":1024,\"height\":683,\"caption\":\"Una calle estrecha y vac\u00eda bordeada de edificios blancos con detalles azules o grises y tejados de tejas rojas bajo un cielo nublado. La calle parece limpia y tranquila, sin gente ni veh\u00edculos visibles.\"},{\"@type\":\"BreadcrumbList\",\"@id\":\"https:\\\/\\\/www.escapadarural.com\\\/blog\\\/el-segundo-idioma-de-portugal\\\/#breadcrumb\",\"itemListElement\":[{\"@type\":\"ListItem\",\"position\":1,\"name\":\"Inicio\",\"item\":\"https:\\\/\\\/www.escapadarural.com\\\/blog\\\/\"},{\"@type\":\"ListItem\",\"position\":2,\"name\":\"Arte y Cultura\",\"item\":\"https:\\\/\\\/www.escapadarural.com\\\/blog\\\/categoria\\\/arte-y-cultura\\\/\"},{\"@type\":\"ListItem\",\"position\":3,\"name\":\"El segundo idioma de Portugal\"}]},{\"@type\":\"WebSite\",\"@id\":\"https:\\\/\\\/www.escapadarural.com\\\/blog\\\/#website\",\"url\":\"https:\\\/\\\/www.escapadarural.com\\\/blog\\\/\",\"name\":\"Blog de viajes | turismo rural, alojamientos e inspiraci\u00f3n\",\"description\":\"Alojamientos rurales e inspiraci\u00f3n para tus escapadas\",\"publisher\":{\"@id\":\"https:\\\/\\\/www.escapadarural.com\\\/blog\\\/#organization\"},\"alternateName\":\"Magazine de viajes de EscapadaRural\",\"potentialAction\":[{\"@type\":\"SearchAction\",\"target\":{\"@type\":\"EntryPoint\",\"urlTemplate\":\"https:\\\/\\\/www.escapadarural.com\\\/blog\\\/?s={search_term_string}\"},\"query-input\":{\"@type\":\"PropertyValueSpecification\",\"valueRequired\":true,\"valueName\":\"search_term_string\"}}],\"inLanguage\":\"es\"},{\"@type\":\"Organization\",\"@id\":\"https:\\\/\\\/www.escapadarural.com\\\/blog\\\/#organization\",\"name\":\"EscapadaRural\",\"url\":\"https:\\\/\\\/www.escapadarural.com\\\/blog\\\/\",\"logo\":{\"@type\":\"ImageObject\",\"inLanguage\":\"es\",\"@id\":\"https:\\\/\\\/www.escapadarural.com\\\/blog\\\/#\\\/schema\\\/logo\\\/image\\\/\",\"url\":\"https:\\\/\\\/www.escapadarural.com\\\/blog\\\/wp-content\\\/uploads\\\/2024\\\/10\\\/cropped-cropped-escapada-rural-icon-mag-3.png\",\"contentUrl\":\"https:\\\/\\\/www.escapadarural.com\\\/blog\\\/wp-content\\\/uploads\\\/2024\\\/10\\\/cropped-cropped-escapada-rural-icon-mag-3.png\",\"width\":512,\"height\":512,\"caption\":\"EscapadaRural\"},\"image\":{\"@id\":\"https:\\\/\\\/www.escapadarural.com\\\/blog\\\/#\\\/schema\\\/logo\\\/image\\\/\"},\"sameAs\":[\"https:\\\/\\\/www.facebook.com\\\/escapadarural\",\"https:\\\/\\\/www.instagram.com\\\/escapadarural\\\/\",\"https:\\\/\\\/www.youtube.com\\\/@escapadaruralcom\"]},{\"@type\":\"Person\",\"@id\":\"https:\\\/\\\/www.escapadarural.com\\\/blog\\\/#\\\/schema\\\/person\\\/27db72653db008ab82e5d7fe93d09972\",\"name\":\"\u00c2ngela Coelho\",\"image\":{\"@type\":\"ImageObject\",\"inLanguage\":\"es\",\"@id\":\"https:\\\/\\\/secure.gravatar.com\\\/avatar\\\/266007c4d733a1352809d25c72c8c5b058255e48028e729b91b5970cdc3b19ab?s=96&d=mm&r=g\",\"url\":\"https:\\\/\\\/secure.gravatar.com\\\/avatar\\\/266007c4d733a1352809d25c72c8c5b058255e48028e729b91b5970cdc3b19ab?s=96&d=mm&r=g\",\"contentUrl\":\"https:\\\/\\\/secure.gravatar.com\\\/avatar\\\/266007c4d733a1352809d25c72c8c5b058255e48028e729b91b5970cdc3b19ab?s=96&d=mm&r=g\",\"caption\":\"\u00c2ngela Coelho\"},\"url\":\"https:\\\/\\\/www.escapadarural.com\\\/blog\\\/autor\\\/angela\\\/\"}]}<\/script>\n<!-- \/ Yoast SEO plugin. -->","yoast_head_json":{"title":"El segundo idioma de Portugal - EscapadaRural","robots":{"index":"index","follow":"follow","max-snippet":"max-snippet:-1","max-image-preview":"max-image-preview:large","max-video-preview":"max-video-preview:-1"},"canonical":"https:\/\/www.escapadarural.com\/blog\/el-segundo-idioma-de-portugal\/","og_locale":"es_ES","og_type":"article","og_title":"El segundo idioma de Portugal - EscapadaRural","og_description":"Si alguien te dice \u201cbuonos dies\u201d no lo corrijas, porque no se ha equivocado. Te est\u00e1 hablando en mirand\u00e9s, el segundo idioma oficial de Portugal. En el pa\u00eds luso se habla un segundo idioma diferente del portugu\u00e9s y que forma parte de una rama asturleonesa que incluye hablas tradicionales de Le\u00f3n, Asturias y Zamora.","og_url":"https:\/\/www.escapadarural.com\/blog\/el-segundo-idioma-de-portugal\/","og_site_name":"Magazine de viajes de EscapadaRural","article_publisher":"https:\/\/www.facebook.com\/escapadarural","article_published_time":"2023-11-14T07:00:00+00:00","article_modified_time":"2025-05-26T11:13:14+00:00","og_image":[{"width":1024,"height":683,"url":"https:\/\/www.escapadarural.com\/blog\/wp-content\/uploads\/2024\/10\/AdobeStock_251369350-1024x683-1.jpg","type":"image\/jpeg"}],"author":"\u00c2ngela Coelho","twitter_card":"summary_large_image","twitter_misc":{"Escrito por":"\u00c2ngela Coelho","Tiempo de lectura":"5 minutos"},"schema":{"@context":"https:\/\/schema.org","@graph":[{"@type":"Article","@id":"https:\/\/www.escapadarural.com\/blog\/el-segundo-idioma-de-portugal\/#article","isPartOf":{"@id":"https:\/\/www.escapadarural.com\/blog\/el-segundo-idioma-de-portugal\/"},"author":{"name":"\u00c2ngela Coelho","@id":"https:\/\/www.escapadarural.com\/blog\/#\/schema\/person\/27db72653db008ab82e5d7fe93d09972"},"headline":"El segundo idioma de Portugal","datePublished":"2023-11-14T07:00:00+00:00","dateModified":"2025-05-26T11:13:14+00:00","mainEntityOfPage":{"@id":"https:\/\/www.escapadarural.com\/blog\/el-segundo-idioma-de-portugal\/"},"wordCount":1043,"commentCount":0,"publisher":{"@id":"https:\/\/www.escapadarural.com\/blog\/#organization"},"image":{"@id":"https:\/\/www.escapadarural.com\/blog\/el-segundo-idioma-de-portugal\/#primaryimage"},"thumbnailUrl":"https:\/\/www.escapadarural.com\/blog\/wp-content\/uploads\/2024\/10\/AdobeStock_251369350-1024x683-1.jpg","keywords":["asturleon\u00e9s","Historias y Curiosidades","miranda de duero","mirand\u00e9s","portugal"],"articleSection":["Arte y Cultura"],"inLanguage":"es","potentialAction":[{"@type":"CommentAction","name":"Comment","target":["https:\/\/www.escapadarural.com\/blog\/el-segundo-idioma-de-portugal\/#respond"]}]},{"@type":"WebPage","@id":"https:\/\/www.escapadarural.com\/blog\/el-segundo-idioma-de-portugal\/","url":"https:\/\/www.escapadarural.com\/blog\/el-segundo-idioma-de-portugal\/","name":"El segundo idioma de Portugal - EscapadaRural","isPartOf":{"@id":"https:\/\/www.escapadarural.com\/blog\/#website"},"primaryImageOfPage":{"@id":"https:\/\/www.escapadarural.com\/blog\/el-segundo-idioma-de-portugal\/#primaryimage"},"image":{"@id":"https:\/\/www.escapadarural.com\/blog\/el-segundo-idioma-de-portugal\/#primaryimage"},"thumbnailUrl":"https:\/\/www.escapadarural.com\/blog\/wp-content\/uploads\/2024\/10\/AdobeStock_251369350-1024x683-1.jpg","datePublished":"2023-11-14T07:00:00+00:00","dateModified":"2025-05-26T11:13:14+00:00","breadcrumb":{"@id":"https:\/\/www.escapadarural.com\/blog\/el-segundo-idioma-de-portugal\/#breadcrumb"},"inLanguage":"es","potentialAction":[{"@type":"ReadAction","target":["https:\/\/www.escapadarural.com\/blog\/el-segundo-idioma-de-portugal\/"]}]},{"@type":"ImageObject","inLanguage":"es","@id":"https:\/\/www.escapadarural.com\/blog\/el-segundo-idioma-de-portugal\/#primaryimage","url":"https:\/\/www.escapadarural.com\/blog\/wp-content\/uploads\/2024\/10\/AdobeStock_251369350-1024x683-1.jpg","contentUrl":"https:\/\/www.escapadarural.com\/blog\/wp-content\/uploads\/2024\/10\/AdobeStock_251369350-1024x683-1.jpg","width":1024,"height":683,"caption":"Una calle estrecha y vac\u00eda bordeada de edificios blancos con detalles azules o grises y tejados de tejas rojas bajo un cielo nublado. La calle parece limpia y tranquila, sin gente ni veh\u00edculos visibles."},{"@type":"BreadcrumbList","@id":"https:\/\/www.escapadarural.com\/blog\/el-segundo-idioma-de-portugal\/#breadcrumb","itemListElement":[{"@type":"ListItem","position":1,"name":"Inicio","item":"https:\/\/www.escapadarural.com\/blog\/"},{"@type":"ListItem","position":2,"name":"Arte y Cultura","item":"https:\/\/www.escapadarural.com\/blog\/categoria\/arte-y-cultura\/"},{"@type":"ListItem","position":3,"name":"El segundo idioma de Portugal"}]},{"@type":"WebSite","@id":"https:\/\/www.escapadarural.com\/blog\/#website","url":"https:\/\/www.escapadarural.com\/blog\/","name":"Blog de viajes | turismo rural, alojamientos e inspiraci\u00f3n","description":"Alojamientos rurales e inspiraci\u00f3n para tus escapadas","publisher":{"@id":"https:\/\/www.escapadarural.com\/blog\/#organization"},"alternateName":"Magazine de viajes de EscapadaRural","potentialAction":[{"@type":"SearchAction","target":{"@type":"EntryPoint","urlTemplate":"https:\/\/www.escapadarural.com\/blog\/?s={search_term_string}"},"query-input":{"@type":"PropertyValueSpecification","valueRequired":true,"valueName":"search_term_string"}}],"inLanguage":"es"},{"@type":"Organization","@id":"https:\/\/www.escapadarural.com\/blog\/#organization","name":"EscapadaRural","url":"https:\/\/www.escapadarural.com\/blog\/","logo":{"@type":"ImageObject","inLanguage":"es","@id":"https:\/\/www.escapadarural.com\/blog\/#\/schema\/logo\/image\/","url":"https:\/\/www.escapadarural.com\/blog\/wp-content\/uploads\/2024\/10\/cropped-cropped-escapada-rural-icon-mag-3.png","contentUrl":"https:\/\/www.escapadarural.com\/blog\/wp-content\/uploads\/2024\/10\/cropped-cropped-escapada-rural-icon-mag-3.png","width":512,"height":512,"caption":"EscapadaRural"},"image":{"@id":"https:\/\/www.escapadarural.com\/blog\/#\/schema\/logo\/image\/"},"sameAs":["https:\/\/www.facebook.com\/escapadarural","https:\/\/www.instagram.com\/escapadarural\/","https:\/\/www.youtube.com\/@escapadaruralcom"]},{"@type":"Person","@id":"https:\/\/www.escapadarural.com\/blog\/#\/schema\/person\/27db72653db008ab82e5d7fe93d09972","name":"\u00c2ngela Coelho","image":{"@type":"ImageObject","inLanguage":"es","@id":"https:\/\/secure.gravatar.com\/avatar\/266007c4d733a1352809d25c72c8c5b058255e48028e729b91b5970cdc3b19ab?s=96&d=mm&r=g","url":"https:\/\/secure.gravatar.com\/avatar\/266007c4d733a1352809d25c72c8c5b058255e48028e729b91b5970cdc3b19ab?s=96&d=mm&r=g","contentUrl":"https:\/\/secure.gravatar.com\/avatar\/266007c4d733a1352809d25c72c8c5b058255e48028e729b91b5970cdc3b19ab?s=96&d=mm&r=g","caption":"\u00c2ngela Coelho"},"url":"https:\/\/www.escapadarural.com\/blog\/autor\/angela\/"}]}},"_links":{"self":[{"href":"https:\/\/www.escapadarural.com\/blog\/wp-json\/wp\/v2\/posts\/67296","targetHints":{"allow":["GET"]}}],"collection":[{"href":"https:\/\/www.escapadarural.com\/blog\/wp-json\/wp\/v2\/posts"}],"about":[{"href":"https:\/\/www.escapadarural.com\/blog\/wp-json\/wp\/v2\/types\/post"}],"author":[{"embeddable":true,"href":"https:\/\/www.escapadarural.com\/blog\/wp-json\/wp\/v2\/users\/135"}],"replies":[{"embeddable":true,"href":"https:\/\/www.escapadarural.com\/blog\/wp-json\/wp\/v2\/comments?post=67296"}],"version-history":[{"count":0,"href":"https:\/\/www.escapadarural.com\/blog\/wp-json\/wp\/v2\/posts\/67296\/revisions"}],"wp:featuredmedia":[{"embeddable":true,"href":"https:\/\/www.escapadarural.com\/blog\/wp-json\/wp\/v2\/media\/95246"}],"wp:attachment":[{"href":"https:\/\/www.escapadarural.com\/blog\/wp-json\/wp\/v2\/media?parent=67296"}],"wp:term":[{"taxonomy":"category","embeddable":true,"href":"https:\/\/www.escapadarural.com\/blog\/wp-json\/wp\/v2\/categories?post=67296"},{"taxonomy":"post_tag","embeddable":true,"href":"https:\/\/www.escapadarural.com\/blog\/wp-json\/wp\/v2\/tags?post=67296"}],"curies":[{"name":"wp","href":"https:\/\/api.w.org\/{rel}","templated":true}]}}