{"id":68036,"date":"2023-11-08T14:51:42","date_gmt":"2023-11-08T13:51:42","guid":{"rendered":"https:\/\/www.escapadarural.com\/blog\/?p=68036"},"modified":"2026-02-06T10:45:13","modified_gmt":"2026-02-06T09:45:13","slug":"las-maravillas-de-noviembre","status":"publish","type":"post","link":"https:\/\/www.escapadarural.com\/blog\/las-maravillas-de-noviembre\/","title":{"rendered":"Las maravillas de noviembre: 3 planes imprescindibles"},"content":{"rendered":"\n<figure class=\"wp-block-image size-full\"><a href=\"https:\/\/www.escapadarural.com\/blog\/wp-content\/uploads\/2024\/10\/AdobeStock_453791386.jpeg\"><img decoding=\"async\" src=\"https:\/\/www.escapadarural.com\/blog\/wp-content\/uploads\/2024\/10\/AdobeStock_453791386.jpeg\" alt=\"Hayedo de la Tejera Negra en noviembre\" class=\"wp-image-68043\"\/><\/a><figcaption class=\"wp-element-caption\">Por: O Mundo Afora<\/figcaption><\/figure>\n\n\n\n<p>El <strong>mes de noviembre <\/strong>es uno de los m\u00e1s se\u00f1alados del a\u00f1o. El calor del verano se disipa para dar paso al caer de las hojas, el viento fresco y las lluvias incesantes. El campo comienza a absorber toda el agua posible para recuperar su verdor caracter\u00edstico. Sin embargo, con el transcurso de la estaci\u00f3n, <strong>los \u00e1rboles mudan su vestimenta<\/strong> para dar paso a colores naranjas y marrones. Sin lugar a dudas, noviembre es un mes m\u00e1gico para realizar una escapada rural, mezcl\u00e1ndote entre las festividades y el aire puro del campo.<\/p>\n\n\n\n<div class=\"wp-block-buttons is-layout-flex wp-block-buttons-is-layout-flex\">\n<div class=\"wp-block-button\"><a class=\"wp-block-button__link wp-element-button\" href=\"\/casas-rurales\" target=\"_blank\" rel=\"noreferrer noopener\">Encuentra tu alojamiento<\/a><\/div>\n<\/div>\n\n\n\n<h2 class=\"wp-block-heading\">El Amag\u00fcestu, un rito ancestral asturiano<\/h2>\n\n\n\n<figure class=\"wp-block-image size-large\"><a href=\"https:\/\/www.escapadarural.com\/blog\/wp-content\/uploads\/AdobeStock_331216380-scaled.jpeg\"><img decoding=\"async\" src=\"https:\/\/www.escapadarural.com\/blog\/wp-content\/uploads\/2024\/10\/AdobeStock_331216380-1024x768-1.jpeg\" alt=\"Amag\u00fcestu en noviembre\" class=\"wp-image-68042\"\/><\/a><figcaption class=\"wp-element-caption\">Por: Sabino<\/figcaption><\/figure>\n\n\n\n<p>El <strong>Amag\u00fcestu<\/strong>, una festividad \u00fanica en Asturias, da la bienvenida al oto\u00f1o con una celebraci\u00f3n llena de sabor y tradici\u00f3n. A finales de octubre o principios de noviembre, este evento se centra en honrar a las casta\u00f1as, un alimento que ha sido vital durante los inviernos asturianos. Sin embargo, el Amag\u00fcestu es mucho m\u00e1s que una fiesta gastron\u00f3mica, <strong>representa la amistad<\/strong> y la conexi\u00f3n con las ra\u00edces culturales de la regi\u00f3n.<\/p>\n\n\n\n<p>Durante esta temporada, cuando los<strong> colores c\u00e1lidos del oto\u00f1o <\/strong>ti\u00f1en los paisajes asturianos, la gente se re\u00fane para recoger casta\u00f1as y manzanas en los bosques. La festividad tiene ra\u00edces en las antiguas tradiciones celtas, espec\u00edficamente en el<strong> festival de Samhain<\/strong>, que marcaba la transici\u00f3n entre el verano y el invierno.<\/p>\n\n\n\n<p>El Amag\u00fcestu es una oportunidad para celebrar la<strong> abundancia de la naturaleza<\/strong>, fortalecer lazos de amistad y reconectar con la historia y la herencia cultural asturiana. Cada<strong> casta\u00f1a asada<\/strong> es un gesto de gratitud hacia la tierra y un recordatorio de la importancia de preservar nuestras tradiciones.<\/p>\n\n\n\n<p>Para vivir de primera mano esta festividad tan reconocida en Asturias, te aconsejamos hospedarte en <a href=\"\/casa-rural\/asturias\/ca-lulon-apartamentos-rurales\" target=\"_blank\" rel=\"noreferrer noopener\"><strong>Ca Lulon Apartamentos Rurales<\/strong><\/a>. Este alojamiento rural con todas las comodidades que se encuentra en Tineo y es un emplazamiento ideal para disfrutar de la noche m\u00e1gica del <strong>Amag\u00fcestu en Navelgas<\/strong>. Es una festividad ancestral que se celebra el 11 de noviembre donde podr\u00e1s fusionarte con el mundo rural.<\/p>\n\n\n\n<div class=\"wp-block-buttons is-layout-flex wp-block-buttons-is-layout-flex\">\n<div class=\"wp-block-button\"><a class=\"wp-block-button__link wp-element-button\" href=\"\/casa-rural\/asturias\/ca-lulon-apartamentos-rurales\" target=\"_blank\" rel=\"noreferrer noopener\">M\u00e1s informaci\u00f3n<\/a><\/div>\n<\/div>\n\n\n\n<h2 class=\"wp-block-heading\">Mercado \u00edbero de Peal de Becerro<\/h2>\n\n\n\n<figure class=\"wp-block-image size-large\"><a href=\"https:\/\/www.escapadarural.com\/blog\/wp-content\/uploads\/AdobeStock_29840566-scaled.jpeg\"><img decoding=\"async\" src=\"https:\/\/www.escapadarural.com\/blog\/wp-content\/uploads\/2024\/10\/AdobeStock_29840566-683x1024-1.jpeg\" alt=\"Peal de Becerro en noviembre\" class=\"wp-image-68040\"\/><\/a><figcaption class=\"wp-element-caption\">Por: ANADEL<\/figcaption><\/figure>\n\n\n\n<p>Del <strong>10 al 12 de noviembre<\/strong> de 2023, el encantador pueblo de<strong> Peal de Becerro<\/strong>, situado en la comarca de Sierra de Cazorla (Ja\u00e9n), se convertir\u00e1 en el escenario de un evento \u00fanico: el <strong>mercado \u00edbero<\/strong>. Este<strong> fascinante viaje<\/strong> en el tiempo tendr\u00e1 lugar en el pintoresco <strong>casco hist\u00f3rico de la aldea<\/strong>, ofreci\u00e9ndote la oportunidad de sumergirte en la interesante historia de la regi\u00f3n.<\/p>\n\n\n\n<p>El mercado \u00edbero en Peal de Becerro promete ser una experiencia inolvidable que <strong>te transportar\u00e1 a una \u00e9poca pasada<\/strong>. Durante los tres d\u00edas de celebraci\u00f3n, el casco hist\u00f3rico se llenar\u00e1 de vida y actividades que resaltan la cultura y el legado de esta<strong> antigua civilizaci\u00f3n<\/strong>.<\/p>\n\n\n\n<p>Podr\u00e1s disfrutar de una variada oferta de entretenimiento, incluyendo una <strong>ludoteca infantil <\/strong>para los m\u00e1s peque\u00f1os,<strong> juegos \u00edberos <\/strong>que har\u00e1n las delicias de todas las edades, puestos de artesan\u00eda donde encontrar\u00e1s productos \u00fanicos y gastronom\u00eda que te permitir\u00e1 <strong>degustar deliciosos platos locales<\/strong> y especialidades \u00edberas.<\/p>\n\n\n\n<p>Adem\u00e1s, los<strong> rituales \u00edberos <\/strong>y espect\u00e1culos en vivo agregan una dimensi\u00f3n m\u00e1gica a la experiencia, permitiendo a los asistentes sumergirse por completo en la historia de esta <strong>enigm\u00e1tica civilizaci\u00f3n<\/strong>. La animaci\u00f3n constante llenar\u00e1 las calles, creando un ambiente festivo y acogedor que ser\u00e1 apreciado por todos los presentes.<\/p>\n\n\n\n<p>Para recuperar energ\u00edas durante la noche, te recomendamos <a href=\"\/casa-rural\/jaen\/casa-la-torrilla\" target=\"_blank\" rel=\"noreferrer noopener\"><strong>Casa La Torrilla<\/strong><\/a>, en Cazorla, a tan solo 8 kil\u00f3metros en coche de Peal de Becerro. Esta casa rural tiene una <strong>arquitectura restaurada t\u00edpica andaluza<\/strong> y ofrece 240 m\u00b2 habitables con sal\u00f3n comedor, cocina, amplia terraza, aparcamiento, barbacoa, horno \u00e1rabe y piscina. Est\u00e1 situada en la confluencia de los r\u00edos Cazorla y Ca\u00f1amares. Es un lugar ideal para el descanso, el senderismo y para disfrutar de la naturaleza.<\/p>\n\n\n\n<div class=\"wp-block-buttons is-layout-flex wp-block-buttons-is-layout-flex\">\n<div class=\"wp-block-button\"><a class=\"wp-block-button__link wp-element-button\" href=\"\/casa-rural\/jaen\/casa-la-torrilla\" target=\"_blank\" rel=\"noreferrer noopener\">M\u00e1s informaci\u00f3n<\/a><\/div>\n<\/div>\n\n\n\n<h2 class=\"wp-block-heading\">El hayedo de Tejera Negra en noviembre<\/h2>\n\n\n\n<figure class=\"wp-block-image size-large\"><img decoding=\"async\" src=\"https:\/\/www.escapadarural.com\/blog\/wp-content\/uploads\/2024\/10\/hayedo-de-la-tejera-negra-1024x768-1.jpg\" alt=\"Parque Natural Hayedo De La Tejera Negra, en noviembre\" class=\"wp-image-67275\"\/><figcaption class=\"wp-element-caption\">Parque Natural Hayedo De La Tejera Negra. Por Jose<\/figcaption><\/figure>\n\n\n\n<p><strong>El hayedo de Tejera Negra<\/strong>, en la Sierra de Ayll\u00f3n (Guadalajara), es un lugar especial para vivir el oto\u00f1o en noviembre. Los pinos y abedules crean un<strong> paisaje \u00fanico<\/strong>, donde la naturaleza es la protagonista. Adem\u00e1s, tiene un microclima particular que lo hace a\u00fan m\u00e1s encantador.<\/p>\n\n\n\n<p>Entre los \u00e1rboles, se pueden <strong>avistar \u00e1guilas reales<\/strong>, mientras que los zorros y los jabal\u00edes se mueven con gracia por el bosque. Todo esto en perfecta armon\u00eda con los <strong>r\u00edos Lillas y Zarzas <\/strong>que serpentean todo este paraje natural. Durante esta \u00e9poca, las rutas como la senda de Carretas y la senda del Robledal se visten de colores oto\u00f1ales, generando un ambiente verdaderamente encantador.<\/p>\n\n\n\n<p>Para disfrutar de una <strong>noche oto\u00f1al<\/strong> y rural, te recomendamos descansar en<strong> <\/strong><a href=\"\/casa-rural\/guadalajara\/el-carabo\" target=\"_blank\" rel=\"noreferrer noopener\"><strong>El C\u00e1rabo<\/strong><\/a>, en Valverde de los Arroyos. Est\u00e1 a una hora y 20 minutos del hayedo de Tejera Negra, en un <strong>paraje natural privilegiado<\/strong>. Este pueblo destaca por sus construcciones oscuras, que combinan pizarra y cuarcita. El Museo Etnol\u00f3gico muestra la arquitectura local y honra la tradici\u00f3n textil, aunque la verdadera joya es la <strong>Catarata de la Chorrera<\/strong>, con una ca\u00edda de m\u00e1s de 120 metros. Es un paisaje de asombrosa belleza alimentado por las aguas del Ocej\u00f3n y el Campachuelo.<\/p>\n\n\n\n<div class=\"wp-block-buttons is-layout-flex wp-block-buttons-is-layout-flex\">\n<div class=\"wp-block-button\"><a class=\"wp-block-button__link wp-element-button\" href=\"\/casa-rural\/guadalajara\/el-carabo\" target=\"_blank\" rel=\"noreferrer noopener\">M\u00e1s informaci\u00f3n<\/a><\/div>\n<\/div>\n\n\n\n<div style=\"height:14px\" aria-hidden=\"true\" class=\"wp-block-spacer\"><\/div>\n\n\n\n<p>Como has podido ver, <strong>noviembre es un mes m\u00e1gico<\/strong> para explorar las tradiciones rurales. Desde el Amag\u00fcestu asturiano, para rendir homenaje a las tradiciones celtas, hasta El Hayedo de Tejera Negra, en Guadalajara, donde podr\u00e1s disfrutar de un entorno oto\u00f1al \u00fanico.<\/p>\n","protected":false},"excerpt":{"rendered":"<p>Noviembre es un mes m\u00e1gico para explorar las tradiciones rurales. Desde el Amag\u00fcestu asturiano hasta El Hayedo de Tejera Negra.<\/p>\n","protected":false},"author":85,"featured_media":106398,"comment_status":"open","ping_status":"open","sticky":false,"template":"","format":"standard","meta":{"_acf_changed":false,"om_disable_all_campaigns":false,"footnotes":""},"categories":[191],"tags":[260,6764,212,274],"class_list":["post-68036","post","type-post","status-publish","format-standard","has-post-thumbnail","hentry","category-destinos","tag-articulo","tag-imprescindibles","tag-pueblos","tag-turismo-rural"],"acf":[],"featured_image_src":"https:\/\/www.escapadarural.com\/blog\/wp-content\/uploads\/2024\/09\/AdobeStock_453791386.jpeg","author_info":{"display_name":"Redacci\u00f3n ER","author_link":"https:\/\/www.escapadarural.com\/blog\/autor\/admin\/"},"yoast_head":"<!-- This site is optimized with the Yoast SEO plugin v27.5 - https:\/\/yoast.com\/product\/yoast-seo-wordpress\/ -->\n<title>Las maravillas de noviembre: 3 planes imprescindibles - EscapadaRural<\/title>\n<meta name=\"robots\" content=\"index, follow, max-snippet:-1, max-image-preview:large, max-video-preview:-1\" \/>\n<link rel=\"canonical\" href=\"https:\/\/www.escapadarural.com\/blog\/las-maravillas-de-noviembre\/\" \/>\n<meta property=\"og:locale\" content=\"es_ES\" \/>\n<meta property=\"og:type\" content=\"article\" \/>\n<meta property=\"og:title\" content=\"Las maravillas de noviembre: 3 planes imprescindibles - EscapadaRural\" \/>\n<meta property=\"og:description\" content=\"Noviembre es un mes m\u00e1gico para explorar las tradiciones rurales. Desde el Amag\u00fcestu asturiano hasta El Hayedo de Tejera Negra.\" \/>\n<meta property=\"og:url\" content=\"https:\/\/www.escapadarural.com\/blog\/las-maravillas-de-noviembre\/\" \/>\n<meta property=\"og:site_name\" content=\"Magazine de viajes de EscapadaRural\" \/>\n<meta property=\"article:publisher\" content=\"https:\/\/www.facebook.com\/escapadarural\" \/>\n<meta property=\"article:published_time\" content=\"2023-11-08T13:51:42+00:00\" \/>\n<meta property=\"article:modified_time\" content=\"2026-02-06T09:45:13+00:00\" \/>\n<meta property=\"og:image\" content=\"https:\/\/www.escapadarural.com\/blog\/wp-content\/uploads\/2024\/09\/AdobeStock_453791386.jpeg\" \/>\n\t<meta property=\"og:image:width\" content=\"1024\" \/>\n\t<meta property=\"og:image:height\" content=\"682\" \/>\n\t<meta property=\"og:image:type\" content=\"image\/jpeg\" \/>\n<meta name=\"author\" content=\"Redacci\u00f3n ER\" \/>\n<meta name=\"twitter:card\" content=\"summary_large_image\" \/>\n<meta name=\"twitter:label1\" content=\"Escrito por\" \/>\n\t<meta name=\"twitter:data1\" content=\"Redacci\u00f3n ER\" \/>\n\t<meta name=\"twitter:label2\" content=\"Tiempo de lectura\" \/>\n\t<meta name=\"twitter:data2\" content=\"5 minutos\" \/>\n<script type=\"application\/ld+json\" class=\"yoast-schema-graph\">{\"@context\":\"https:\\\/\\\/schema.org\",\"@graph\":[{\"@type\":\"Article\",\"@id\":\"https:\\\/\\\/www.escapadarural.com\\\/blog\\\/las-maravillas-de-noviembre\\\/#article\",\"isPartOf\":{\"@id\":\"https:\\\/\\\/www.escapadarural.com\\\/blog\\\/las-maravillas-de-noviembre\\\/\"},\"author\":{\"name\":\"Redacci\u00f3n ER\",\"@id\":\"https:\\\/\\\/www.escapadarural.com\\\/blog\\\/#\\\/schema\\\/person\\\/bd5b0d7ad308a0bf4efed73e8308b4fa\"},\"headline\":\"Las maravillas de noviembre: 3 planes imprescindibles\",\"datePublished\":\"2023-11-08T13:51:42+00:00\",\"dateModified\":\"2026-02-06T09:45:13+00:00\",\"mainEntityOfPage\":{\"@id\":\"https:\\\/\\\/www.escapadarural.com\\\/blog\\\/las-maravillas-de-noviembre\\\/\"},\"wordCount\":975,\"commentCount\":0,\"publisher\":{\"@id\":\"https:\\\/\\\/www.escapadarural.com\\\/blog\\\/#organization\"},\"image\":{\"@id\":\"https:\\\/\\\/www.escapadarural.com\\\/blog\\\/las-maravillas-de-noviembre\\\/#primaryimage\"},\"thumbnailUrl\":\"https:\\\/\\\/www.escapadarural.com\\\/blog\\\/wp-content\\\/uploads\\\/2024\\\/09\\\/AdobeStock_453791386.jpeg\",\"keywords\":[\"art\u00edculo\",\"Imprescindibles\",\"pueblos\",\"turismo rural\"],\"articleSection\":[\"Destinos\"],\"inLanguage\":\"es\",\"potentialAction\":[{\"@type\":\"CommentAction\",\"name\":\"Comment\",\"target\":[\"https:\\\/\\\/www.escapadarural.com\\\/blog\\\/las-maravillas-de-noviembre\\\/#respond\"]}]},{\"@type\":\"WebPage\",\"@id\":\"https:\\\/\\\/www.escapadarural.com\\\/blog\\\/las-maravillas-de-noviembre\\\/\",\"url\":\"https:\\\/\\\/www.escapadarural.com\\\/blog\\\/las-maravillas-de-noviembre\\\/\",\"name\":\"Las maravillas de noviembre: 3 planes imprescindibles - EscapadaRural\",\"isPartOf\":{\"@id\":\"https:\\\/\\\/www.escapadarural.com\\\/blog\\\/#website\"},\"primaryImageOfPage\":{\"@id\":\"https:\\\/\\\/www.escapadarural.com\\\/blog\\\/las-maravillas-de-noviembre\\\/#primaryimage\"},\"image\":{\"@id\":\"https:\\\/\\\/www.escapadarural.com\\\/blog\\\/las-maravillas-de-noviembre\\\/#primaryimage\"},\"thumbnailUrl\":\"https:\\\/\\\/www.escapadarural.com\\\/blog\\\/wp-content\\\/uploads\\\/2024\\\/09\\\/AdobeStock_453791386.jpeg\",\"datePublished\":\"2023-11-08T13:51:42+00:00\",\"dateModified\":\"2026-02-06T09:45:13+00:00\",\"breadcrumb\":{\"@id\":\"https:\\\/\\\/www.escapadarural.com\\\/blog\\\/las-maravillas-de-noviembre\\\/#breadcrumb\"},\"inLanguage\":\"es\",\"potentialAction\":[{\"@type\":\"ReadAction\",\"target\":[\"https:\\\/\\\/www.escapadarural.com\\\/blog\\\/las-maravillas-de-noviembre\\\/\"]}]},{\"@type\":\"ImageObject\",\"inLanguage\":\"es\",\"@id\":\"https:\\\/\\\/www.escapadarural.com\\\/blog\\\/las-maravillas-de-noviembre\\\/#primaryimage\",\"url\":\"https:\\\/\\\/www.escapadarural.com\\\/blog\\\/wp-content\\\/uploads\\\/2024\\\/09\\\/AdobeStock_453791386.jpeg\",\"contentUrl\":\"https:\\\/\\\/www.escapadarural.com\\\/blog\\\/wp-content\\\/uploads\\\/2024\\\/09\\\/AdobeStock_453791386.jpeg\",\"width\":1024,\"height\":682,\"caption\":\"Hayedo Tejera Negra\"},{\"@type\":\"BreadcrumbList\",\"@id\":\"https:\\\/\\\/www.escapadarural.com\\\/blog\\\/las-maravillas-de-noviembre\\\/#breadcrumb\",\"itemListElement\":[{\"@type\":\"ListItem\",\"position\":1,\"name\":\"Inicio\",\"item\":\"https:\\\/\\\/www.escapadarural.com\\\/blog\\\/\"},{\"@type\":\"ListItem\",\"position\":2,\"name\":\"Destinos\",\"item\":\"https:\\\/\\\/www.escapadarural.com\\\/blog\\\/categoria\\\/destinos\\\/\"},{\"@type\":\"ListItem\",\"position\":3,\"name\":\"Las maravillas de noviembre: 3 planes imprescindibles\"}]},{\"@type\":\"WebSite\",\"@id\":\"https:\\\/\\\/www.escapadarural.com\\\/blog\\\/#website\",\"url\":\"https:\\\/\\\/www.escapadarural.com\\\/blog\\\/\",\"name\":\"Blog de viajes | turismo rural, alojamientos e inspiraci\u00f3n\",\"description\":\"Alojamientos rurales e inspiraci\u00f3n para tus escapadas\",\"publisher\":{\"@id\":\"https:\\\/\\\/www.escapadarural.com\\\/blog\\\/#organization\"},\"alternateName\":\"Magazine de viajes de EscapadaRural\",\"potentialAction\":[{\"@type\":\"SearchAction\",\"target\":{\"@type\":\"EntryPoint\",\"urlTemplate\":\"https:\\\/\\\/www.escapadarural.com\\\/blog\\\/?s={search_term_string}\"},\"query-input\":{\"@type\":\"PropertyValueSpecification\",\"valueRequired\":true,\"valueName\":\"search_term_string\"}}],\"inLanguage\":\"es\"},{\"@type\":\"Organization\",\"@id\":\"https:\\\/\\\/www.escapadarural.com\\\/blog\\\/#organization\",\"name\":\"EscapadaRural\",\"url\":\"https:\\\/\\\/www.escapadarural.com\\\/blog\\\/\",\"logo\":{\"@type\":\"ImageObject\",\"inLanguage\":\"es\",\"@id\":\"https:\\\/\\\/www.escapadarural.com\\\/blog\\\/#\\\/schema\\\/logo\\\/image\\\/\",\"url\":\"https:\\\/\\\/www.escapadarural.com\\\/blog\\\/wp-content\\\/uploads\\\/2024\\\/10\\\/cropped-cropped-escapada-rural-icon-mag-3.png\",\"contentUrl\":\"https:\\\/\\\/www.escapadarural.com\\\/blog\\\/wp-content\\\/uploads\\\/2024\\\/10\\\/cropped-cropped-escapada-rural-icon-mag-3.png\",\"width\":512,\"height\":512,\"caption\":\"EscapadaRural\"},\"image\":{\"@id\":\"https:\\\/\\\/www.escapadarural.com\\\/blog\\\/#\\\/schema\\\/logo\\\/image\\\/\"},\"sameAs\":[\"https:\\\/\\\/www.facebook.com\\\/escapadarural\",\"https:\\\/\\\/www.instagram.com\\\/escapadarural\\\/\",\"https:\\\/\\\/www.youtube.com\\\/@escapadaruralcom\"]},{\"@type\":\"Person\",\"@id\":\"https:\\\/\\\/www.escapadarural.com\\\/blog\\\/#\\\/schema\\\/person\\\/bd5b0d7ad308a0bf4efed73e8308b4fa\",\"name\":\"Redacci\u00f3n ER\",\"image\":{\"@type\":\"ImageObject\",\"inLanguage\":\"es\",\"@id\":\"https:\\\/\\\/www.escapadarural.com\\\/blog\\\/wp-content\\\/uploads\\\/2024\\\/10\\\/cropped-cropped-escapada-rural-icon-mag-3-96x96.png\",\"url\":\"https:\\\/\\\/www.escapadarural.com\\\/blog\\\/wp-content\\\/uploads\\\/2024\\\/10\\\/cropped-cropped-escapada-rural-icon-mag-3-96x96.png\",\"contentUrl\":\"https:\\\/\\\/www.escapadarural.com\\\/blog\\\/wp-content\\\/uploads\\\/2024\\\/10\\\/cropped-cropped-escapada-rural-icon-mag-3-96x96.png\",\"caption\":\"Redacci\u00f3n ER\"},\"description\":\"Nos encanta inspirar a viajeros y ayudar a los propietarios con nuestros contenidos\",\"url\":\"https:\\\/\\\/www.escapadarural.com\\\/blog\\\/autor\\\/admin\\\/\"}]}<\/script>\n<!-- \/ Yoast SEO plugin. -->","yoast_head_json":{"title":"Las maravillas de noviembre: 3 planes imprescindibles - EscapadaRural","robots":{"index":"index","follow":"follow","max-snippet":"max-snippet:-1","max-image-preview":"max-image-preview:large","max-video-preview":"max-video-preview:-1"},"canonical":"https:\/\/www.escapadarural.com\/blog\/las-maravillas-de-noviembre\/","og_locale":"es_ES","og_type":"article","og_title":"Las maravillas de noviembre: 3 planes imprescindibles - EscapadaRural","og_description":"Noviembre es un mes m\u00e1gico para explorar las tradiciones rurales. Desde el Amag\u00fcestu asturiano hasta El Hayedo de Tejera Negra.","og_url":"https:\/\/www.escapadarural.com\/blog\/las-maravillas-de-noviembre\/","og_site_name":"Magazine de viajes de EscapadaRural","article_publisher":"https:\/\/www.facebook.com\/escapadarural","article_published_time":"2023-11-08T13:51:42+00:00","article_modified_time":"2026-02-06T09:45:13+00:00","og_image":[{"width":1024,"height":682,"url":"https:\/\/www.escapadarural.com\/blog\/wp-content\/uploads\/2024\/09\/AdobeStock_453791386.jpeg","type":"image\/jpeg"}],"author":"Redacci\u00f3n ER","twitter_card":"summary_large_image","twitter_misc":{"Escrito por":"Redacci\u00f3n ER","Tiempo de lectura":"5 minutos"},"schema":{"@context":"https:\/\/schema.org","@graph":[{"@type":"Article","@id":"https:\/\/www.escapadarural.com\/blog\/las-maravillas-de-noviembre\/#article","isPartOf":{"@id":"https:\/\/www.escapadarural.com\/blog\/las-maravillas-de-noviembre\/"},"author":{"name":"Redacci\u00f3n ER","@id":"https:\/\/www.escapadarural.com\/blog\/#\/schema\/person\/bd5b0d7ad308a0bf4efed73e8308b4fa"},"headline":"Las maravillas de noviembre: 3 planes imprescindibles","datePublished":"2023-11-08T13:51:42+00:00","dateModified":"2026-02-06T09:45:13+00:00","mainEntityOfPage":{"@id":"https:\/\/www.escapadarural.com\/blog\/las-maravillas-de-noviembre\/"},"wordCount":975,"commentCount":0,"publisher":{"@id":"https:\/\/www.escapadarural.com\/blog\/#organization"},"image":{"@id":"https:\/\/www.escapadarural.com\/blog\/las-maravillas-de-noviembre\/#primaryimage"},"thumbnailUrl":"https:\/\/www.escapadarural.com\/blog\/wp-content\/uploads\/2024\/09\/AdobeStock_453791386.jpeg","keywords":["art\u00edculo","Imprescindibles","pueblos","turismo rural"],"articleSection":["Destinos"],"inLanguage":"es","potentialAction":[{"@type":"CommentAction","name":"Comment","target":["https:\/\/www.escapadarural.com\/blog\/las-maravillas-de-noviembre\/#respond"]}]},{"@type":"WebPage","@id":"https:\/\/www.escapadarural.com\/blog\/las-maravillas-de-noviembre\/","url":"https:\/\/www.escapadarural.com\/blog\/las-maravillas-de-noviembre\/","name":"Las maravillas de noviembre: 3 planes imprescindibles - EscapadaRural","isPartOf":{"@id":"https:\/\/www.escapadarural.com\/blog\/#website"},"primaryImageOfPage":{"@id":"https:\/\/www.escapadarural.com\/blog\/las-maravillas-de-noviembre\/#primaryimage"},"image":{"@id":"https:\/\/www.escapadarural.com\/blog\/las-maravillas-de-noviembre\/#primaryimage"},"thumbnailUrl":"https:\/\/www.escapadarural.com\/blog\/wp-content\/uploads\/2024\/09\/AdobeStock_453791386.jpeg","datePublished":"2023-11-08T13:51:42+00:00","dateModified":"2026-02-06T09:45:13+00:00","breadcrumb":{"@id":"https:\/\/www.escapadarural.com\/blog\/las-maravillas-de-noviembre\/#breadcrumb"},"inLanguage":"es","potentialAction":[{"@type":"ReadAction","target":["https:\/\/www.escapadarural.com\/blog\/las-maravillas-de-noviembre\/"]}]},{"@type":"ImageObject","inLanguage":"es","@id":"https:\/\/www.escapadarural.com\/blog\/las-maravillas-de-noviembre\/#primaryimage","url":"https:\/\/www.escapadarural.com\/blog\/wp-content\/uploads\/2024\/09\/AdobeStock_453791386.jpeg","contentUrl":"https:\/\/www.escapadarural.com\/blog\/wp-content\/uploads\/2024\/09\/AdobeStock_453791386.jpeg","width":1024,"height":682,"caption":"Hayedo Tejera Negra"},{"@type":"BreadcrumbList","@id":"https:\/\/www.escapadarural.com\/blog\/las-maravillas-de-noviembre\/#breadcrumb","itemListElement":[{"@type":"ListItem","position":1,"name":"Inicio","item":"https:\/\/www.escapadarural.com\/blog\/"},{"@type":"ListItem","position":2,"name":"Destinos","item":"https:\/\/www.escapadarural.com\/blog\/categoria\/destinos\/"},{"@type":"ListItem","position":3,"name":"Las maravillas de noviembre: 3 planes imprescindibles"}]},{"@type":"WebSite","@id":"https:\/\/www.escapadarural.com\/blog\/#website","url":"https:\/\/www.escapadarural.com\/blog\/","name":"Blog de viajes | turismo rural, alojamientos e inspiraci\u00f3n","description":"Alojamientos rurales e inspiraci\u00f3n para tus escapadas","publisher":{"@id":"https:\/\/www.escapadarural.com\/blog\/#organization"},"alternateName":"Magazine de viajes de EscapadaRural","potentialAction":[{"@type":"SearchAction","target":{"@type":"EntryPoint","urlTemplate":"https:\/\/www.escapadarural.com\/blog\/?s={search_term_string}"},"query-input":{"@type":"PropertyValueSpecification","valueRequired":true,"valueName":"search_term_string"}}],"inLanguage":"es"},{"@type":"Organization","@id":"https:\/\/www.escapadarural.com\/blog\/#organization","name":"EscapadaRural","url":"https:\/\/www.escapadarural.com\/blog\/","logo":{"@type":"ImageObject","inLanguage":"es","@id":"https:\/\/www.escapadarural.com\/blog\/#\/schema\/logo\/image\/","url":"https:\/\/www.escapadarural.com\/blog\/wp-content\/uploads\/2024\/10\/cropped-cropped-escapada-rural-icon-mag-3.png","contentUrl":"https:\/\/www.escapadarural.com\/blog\/wp-content\/uploads\/2024\/10\/cropped-cropped-escapada-rural-icon-mag-3.png","width":512,"height":512,"caption":"EscapadaRural"},"image":{"@id":"https:\/\/www.escapadarural.com\/blog\/#\/schema\/logo\/image\/"},"sameAs":["https:\/\/www.facebook.com\/escapadarural","https:\/\/www.instagram.com\/escapadarural\/","https:\/\/www.youtube.com\/@escapadaruralcom"]},{"@type":"Person","@id":"https:\/\/www.escapadarural.com\/blog\/#\/schema\/person\/bd5b0d7ad308a0bf4efed73e8308b4fa","name":"Redacci\u00f3n ER","image":{"@type":"ImageObject","inLanguage":"es","@id":"https:\/\/www.escapadarural.com\/blog\/wp-content\/uploads\/2024\/10\/cropped-cropped-escapada-rural-icon-mag-3-96x96.png","url":"https:\/\/www.escapadarural.com\/blog\/wp-content\/uploads\/2024\/10\/cropped-cropped-escapada-rural-icon-mag-3-96x96.png","contentUrl":"https:\/\/www.escapadarural.com\/blog\/wp-content\/uploads\/2024\/10\/cropped-cropped-escapada-rural-icon-mag-3-96x96.png","caption":"Redacci\u00f3n ER"},"description":"Nos encanta inspirar a viajeros y ayudar a los propietarios con nuestros contenidos","url":"https:\/\/www.escapadarural.com\/blog\/autor\/admin\/"}]}},"_links":{"self":[{"href":"https:\/\/www.escapadarural.com\/blog\/wp-json\/wp\/v2\/posts\/68036","targetHints":{"allow":["GET"]}}],"collection":[{"href":"https:\/\/www.escapadarural.com\/blog\/wp-json\/wp\/v2\/posts"}],"about":[{"href":"https:\/\/www.escapadarural.com\/blog\/wp-json\/wp\/v2\/types\/post"}],"author":[{"embeddable":true,"href":"https:\/\/www.escapadarural.com\/blog\/wp-json\/wp\/v2\/users\/85"}],"replies":[{"embeddable":true,"href":"https:\/\/www.escapadarural.com\/blog\/wp-json\/wp\/v2\/comments?post=68036"}],"version-history":[{"count":0,"href":"https:\/\/www.escapadarural.com\/blog\/wp-json\/wp\/v2\/posts\/68036\/revisions"}],"wp:featuredmedia":[{"embeddable":true,"href":"https:\/\/www.escapadarural.com\/blog\/wp-json\/wp\/v2\/media\/106398"}],"wp:attachment":[{"href":"https:\/\/www.escapadarural.com\/blog\/wp-json\/wp\/v2\/media?parent=68036"}],"wp:term":[{"taxonomy":"category","embeddable":true,"href":"https:\/\/www.escapadarural.com\/blog\/wp-json\/wp\/v2\/categories?post=68036"},{"taxonomy":"post_tag","embeddable":true,"href":"https:\/\/www.escapadarural.com\/blog\/wp-json\/wp\/v2\/tags?post=68036"}],"curies":[{"name":"wp","href":"https:\/\/api.w.org\/{rel}","templated":true}]}}