{"id":68532,"date":"2023-12-12T10:05:34","date_gmt":"2023-12-12T09:05:34","guid":{"rendered":"https:\/\/www.escapadarural.com\/blog\/?p=68532"},"modified":"2025-03-10T10:47:17","modified_gmt":"2025-03-10T08:47:17","slug":"vilarinho-de-negroes-pueblo-que-flota","status":"publish","type":"post","link":"https:\/\/www.escapadarural.com\/blog\/vilarinho-de-negroes-pueblo-que-flota\/","title":{"rendered":"Vilarinho de Negr\u00f5es, el pueblo portugu\u00e9s que flota sobre el agua"},"content":{"rendered":"\n<figure class=\"wp-block-image size-large\"><a href=\"\/casas-rurales\/ourense\" target=\"_blank\" rel=\"noreferrer noopener\"><img decoding=\"async\" src=\"https:\/\/www.escapadarural.com\/blog\/wp-content\/uploads\/2024\/10\/Vilarinho_de_Negroes1-1024x590-1.jpg\" alt=\"Vilarinho de Negr\u00f5es\" class=\"wp-image-68534\"\/><\/a><figcaption class=\"wp-element-caption\">Vilarinho de Negr\u00f5es. Por Gabriel Gonz\u00e1lez<\/figcaption><\/figure>\n\n\n\n<p>Podr\u00eda ser cualquier pueblo t\u00edpico de la regi\u00f3n de Tr\u00e1s-os-Montes, pero la particularidad de estar situado en una estrecha pen\u00ednsula hace de <strong>Vilarinho de Negr\u00f5es<\/strong> uno de los pueblos m\u00e1s pintorescos de Portugal.<\/p>\n\n\n\n<p>A menos de 30 kil\u00f3metros de la provincia de <strong><a href=\"\/casas-rurales\/ourense\" target=\"_blank\" rel=\"noreferrer noopener\">Ourense<\/a><\/strong>, Vilarinho de Negr\u00f5es flota sobre el embalse del Alto Rabag\u00e3o, casi como si este pedazo de tierra se hubiera salvado milagrosamente de la crecida del r\u00edo.<\/p>\n\n\n\n<figure class=\"wp-block-image size-large\"><a href=\"\/casas-rurales\/ourense\" target=\"_blank\" rel=\"noreferrer noopener\"><img decoding=\"async\" src=\"https:\/\/www.escapadarural.com\/blog\/wp-content\/uploads\/2024\/10\/Vilarinho_de_Negroes2-1024x663-1.jpg\" alt=\"Vilarinho de Negr\u00f5es\" class=\"wp-image-68537\"\/><\/a><figcaption class=\"wp-element-caption\">Vilarinho de Negr\u00f5es. Por Gabriel Gonz\u00e1lez<\/figcaption><\/figure>\n\n\n\n<p>Adem\u00e1s de su peculiar ubicaci\u00f3n, el pueblo cuenta con un patrimonio \u00fanico que merece la pena conocer y explorar. Las casas t\u00edpicas de la comarca son de granito -este material es abundante en la regi\u00f3n- y est\u00e1n bien conservadas. La gran mayor\u00eda de casas conservan la fachada original.<\/p>\n\n\n\n<p>Es un placer pasear por las calles del pueblo y descubrir c\u00f3mo viven los vecinos. En las casas de dos plantas, la planta superior se destina a vivienda y la planta baja se reserva para los animales y para el almacenamiento de materiales agr\u00edcolas. Es f\u00e1cil ver qu\u00e9 casas siguen habitadas: jarrones y maceteros con flores en las escaleras, la ropa colgada de la cuerda, el perro en la puerta. Pero tambi\u00e9n hay otras que se encuentran visiblemente abandonadas y en ruinas.<\/p>\n\n\n\n<figure class=\"wp-block-image size-large\"><a href=\"\/casas-rurales\/ourense\" target=\"_blank\" rel=\"noreferrer noopener\"><img decoding=\"async\" src=\"https:\/\/www.escapadarural.com\/blog\/wp-content\/uploads\/2024\/10\/Vilarinho_de_Negroes3-1024x641-1.jpg\" alt=\"Vilarinho de Negr\u00f5es\" class=\"wp-image-68538\"\/><\/a><figcaption class=\"wp-element-caption\">Vilarinho de Negr\u00f5es. Por Gabriel Gonz\u00e1lez<\/figcaption><\/figure>\n\n\n\n<p>Antes de llegar a Vilarinho de Negr\u00f5es, haz una parada a orillas del embalse para disfrutar de la espectacular panor\u00e1mica del pueblo que refleja su belleza en esas tranquilas aguas.<\/p>\n\n\n\n<p>Vilarinho de Negr\u00f5es es el destino ideal para un fin de semana en familia o con amigos o incluso para pasar unos d\u00edas en solitario, en plena introspecci\u00f3n y conexi\u00f3n con la naturaleza.<\/p>\n\n\n\n<h2 class=\"wp-block-heading\" id=\"h-que-visitar-cerca-de-vilarinho-de-negroes\">\u00bfQu\u00e9 visitar cerca de Vilarinho de Negr\u00f5es?<\/h2>\n\n\n\n<figure class=\"wp-block-image size-large\"><a href=\"\/casas-rurales\/ourense\" target=\"_blank\" rel=\"noreferrer noopener\"><img decoding=\"async\" src=\"https:\/\/www.escapadarural.com\/blog\/wp-content\/uploads\/2024\/10\/Negroes_Montalegre-1024x610-1.jpg\" alt=\"Negr\u00f5es\" class=\"wp-image-68539\"\/><\/a><figcaption class=\"wp-element-caption\">Negr\u00f5es. Por Turismo En Portugal<\/figcaption><\/figure>\n\n\n\n<p>Aprovecha para visitar otros lugares igualmente magn\u00edficos cerca de Vilarinho de Negr\u00f5es, como el pueblo de <strong>Negr\u00f5es<\/strong>, que cuenta con un horno comunitario \u00edntegramente de granito. La regi\u00f3n de Tr\u00e1s-os-Montes a\u00fan preserva la cultura tradicional comunitaria de sus pueblos, con usos y costumbres que reun\u00edan a las personas para trabajar, comer y divertirse.<\/p>\n\n\n\n<p>Negr\u00f5es es un lugar incre\u00edble para quienes disfrutan de la observaci\u00f3n de aves, particularmente somormujos y otras aves acu\u00e1ticas. En este pueblo tambi\u00e9n puedes visitar una peque\u00f1a iglesia.<\/p>\n\n\n\n<p>Luego, contin\u00faa el camino hasta la villa de <strong>Ribeira de Pena<\/strong>, conocido por el cultivo de vino verde, ma\u00edz y lino. En este peque\u00f1o pueblo existe un importante patrimonio religioso, por lo que es imprescindible visitar la iglesia de Canedo y Cerva, la capilla de S\u00e3o Pedro, la iglesia del Salvador, la iglesia de Santa Marinha, las capillas de Senhora da Guia y Granja Velha.<\/p>\n\n\n\n<figure class=\"wp-block-image size-large\"><a href=\"\/casas-rurales\/ourense\" target=\"_blank\" rel=\"noreferrer noopener\"><img decoding=\"async\" src=\"https:\/\/www.escapadarural.com\/blog\/wp-content\/uploads\/2024\/10\/Montalegre-1024x768-1.jpg\" alt=\"Montalegre\" class=\"wp-image-68540\"\/><\/a><figcaption class=\"wp-element-caption\">Montalegre. Por Joseolgon<\/figcaption><\/figure>\n\n\n\n<p>No puedes dejar de visitar la hist\u00f3rica villa de <strong>Montalegre<\/strong> y conocer su castillo, que comenz\u00f3 a construirse durante el reinado de Dom Alfonso III, hacia el a\u00f1o 1270. Fue restaurado en los siguientes reinados, destacando la construcci\u00f3n de la torre del homenaje. Est\u00e1 clasificado como Monumento Nacional y en el siglo XX se instal\u00f3 aqu\u00ed un centro muse\u00edstico.<\/p>\n\n\n\n<p>Junto al castillo se encuentra el puente romano de Montalegre, ya que fue construido durante la \u00e9poca de ocupaci\u00f3n romana de este pueblo. El puente tiene un solo arco y el tablero ha sufrido numerosas modificaciones a lo largo de los siglos.<\/p>\n\n\n\n<h2 class=\"wp-block-heading\" id=\"h-que-hacer\">\u00bfQu\u00e9 hacer?<\/h2>\n\n\n\n<figure class=\"wp-block-image size-large is-resized\"><a href=\"\/casas-rurales\/ourense\" target=\"_blank\" rel=\"noreferrer noopener\"><img decoding=\"async\" src=\"https:\/\/www.escapadarural.com\/blog\/wp-content\/uploads\/2024\/10\/4237646085_51337ebd51_k-1024x683-1.jpg\" alt=\"Presa del Alto Rabag\u00e3o\" class=\"wp-image-68541\" style=\"aspect-ratio:1.499267935578331;width:780px;height:auto\"\/><\/a><figcaption class=\"wp-element-caption\">Presa del Alto Rabag\u00e3o. Por <a href=\"https:\/\/www.flickr.com\/photos\/vitor107\/4237646085\" target=\"_blank\" rel=\"noreferrer noopener nofollow\">Vitor Oliveira<\/a><\/figcaption><\/figure>\n\n\n\n<p>Si te gustan las rutas de senderismo como una forma de explorar una regi\u00f3n, entonces ponte tus zapatillas m\u00e1s c\u00f3modas y sal al camino. Uno de los mejores senderos conecta Negr\u00e3os con Alto Rabag\u00e3o y tiene 17 kil\u00f3metros de longitud. Desde esta ruta tendr\u00e1s fant\u00e1sticas vistas de la <strong>presa del Alto Rabag\u00e3o<\/strong> y pasar\u00e1s por los bonitos pueblos de Alturas de Barroso y Artilh\u00f3.<\/p>\n\n\n\n<p>Otra ruta -\u00e9sta m\u00e1s accesible- es el sendero que rodea Vilarinho de Negr\u00f5es, de 11,5 kil\u00f3metros de longitud. Pasa por la orilla y los senderos de la presa de Piz\u00f5es, Alto Rabag\u00e3o y Montalegre.<\/p>\n\n\n\n<h2 class=\"wp-block-heading\" id=\"h-donde-probar-las-delicias-de-la-region\">\u00bfD\u00f3nde probar las delicias de la regi\u00f3n?<\/h2>\n\n\n\n<p>Es imposible visitar Tr\u00e1s-os-Montes y no disfrutar de los platos t\u00edpicos de la regi\u00f3n. Haz una pausa en tu ruta para disfrutar de la mejor carne <em>barros\u00e3<\/em> -una carne con Denominaci\u00f3n de Origen Protegida-, deliciosos embutidos, acompa\u00f1ados, por supuesto, de los mejores vinos.<\/p>\n\n\n<div style=\"background-color: #d9edf7; color: #31708f; border-left-color: #31708f; \" class=\"ub-styled-box ub-notification-box wp-block-ub-styled-box\" id=\"ub-styled-box-ba9ab0f9-fe6a-419a-9d78-c5d65f209e73\">\n<p id=\"ub-styled-box-notification-content-\">Caf\u00e9 Restaurante A Ilha<\/p>\n\n\n\n<p>Este es el \u00fanico restaurante de la zona y, por eso, merece una visita. Podr\u00e1s probar el cocido portugu\u00e9s y otros platos de la regi\u00f3n, pero sobre todo detente a hablar con la gente del pueblo y quedar\u00e1s encantado con sus historias.<br><strong>D\u00f3nde:<\/strong>\u00a0Rua Principal, 3, Negr\u00f5es<\/p>\n\n\n<\/div>\n\n<div style=\"background-color: #d9edf7; color: #31708f; border-left-color: #31708f; \" class=\"ub-styled-box ub-notification-box wp-block-ub-styled-box\" id=\"ub-styled-box-68384cc0-9a18-47b7-bbca-13e6a3d93213\">\n<p id=\"ub-styled-box-notification-content-\">Restaurante Albufeira<\/p>\n\n\n\n<p>El Restaurante Albufeira es conocido por su delicioso cocido portugu\u00e9s, por el jam\u00f3n y salpic\u00e3o local y tambi\u00e9n por su carne barros\u00e3. Est\u00e1 al lado de la presa de Alto Rabag\u00e3o.<br><strong>D\u00f3nde:<\/strong>\u00a0Lama da Missa, Viade de Baixo, Barragem Dos Pis\u00f5es, Montalegre<\/p>\n\n\n<\/div>\n\n<div style=\"background-color: #d9edf7; color: #31708f; border-left-color: #31708f; \" class=\"ub-styled-box ub-notification-box wp-block-ub-styled-box\" id=\"ub-styled-box-f1b34111-2927-4353-84af-cfddb3f137b7\">\n<p id=\"ub-styled-box-notification-content-\">Restaurante Dias<\/p>\n\n\n\n<p>El Restaurante Dias es popular por su carne barros\u00e3, pero para los amantes del pescado, sugerimos el delicioso pulpo \u00e0 lagareiro. No te saltes los entrantes porque te sorprender\u00e1n. El vinho verde no puede faltar en la mesa.<br><strong>D\u00f3nde:<\/strong>\u00a0Largo do Penedo, 2, Largo do Penedo No 2 Km 119 EN 103, Montalegre<\/p>\n\n\n<\/div>\n\n\n<div class=\"wp-block-buttons is-layout-flex wp-block-buttons-is-layout-flex\">\n<div class=\"wp-block-button\"><a class=\"wp-block-button__link wp-element-button\" href=\"\/casas-rurales\/ourense\" target=\"_blank\" rel=\"noreferrer noopener\">Casas rurales en Ourense<\/a><\/div>\n<\/div>\n","protected":false},"excerpt":{"rendered":"<p>Podr\u00eda ser cualquier pueblo t\u00edpico de la regi\u00f3n de Tr\u00e1s-os-Montes, pero la particularidad de estar situado en una estrecha pen\u00ednsula hace de Vilarinho de Negr\u00f5es uno de los pueblos m\u00e1s pintorescos de Portugal.<\/p>\n","protected":false},"author":135,"featured_media":94847,"comment_status":"open","ping_status":"open","sticky":false,"template":"","format":"standard","meta":{"_acf_changed":false,"om_disable_all_campaigns":false,"footnotes":""},"categories":[191],"tags":[468,2728,5488,642,538,212,5489],"class_list":["post-68532","post","type-post","status-publish","format-standard","has-post-thumbnail","hentry","category-destinos","tag-que-ver-en-galicia","tag-montalegre","tag-negroes","tag-que-ver-en-ourense","tag-portugal","tag-pueblos","tag-vilarinho-de-negroes"],"acf":[],"featured_image_src":"https:\/\/www.escapadarural.com\/blog\/wp-content\/uploads\/2024\/10\/Vilarinho_de_Negroes1-1024x590-1.jpg","author_info":{"display_name":"\u00c2ngela Coelho","author_link":"https:\/\/www.escapadarural.com\/blog\/autor\/angela\/"},"yoast_head":"<!-- This site is optimized with the Yoast SEO plugin v27.5 - https:\/\/yoast.com\/product\/yoast-seo-wordpress\/ -->\n<title>Vilarinho de Negr\u00f5es, el pueblo portugu\u00e9s que flota sobre el agua - EscapadaRural<\/title>\n<meta name=\"robots\" content=\"index, follow, max-snippet:-1, max-image-preview:large, max-video-preview:-1\" \/>\n<link rel=\"canonical\" href=\"https:\/\/www.escapadarural.com\/blog\/vilarinho-de-negroes-pueblo-que-flota\/\" \/>\n<meta property=\"og:locale\" content=\"es_ES\" \/>\n<meta property=\"og:type\" content=\"article\" \/>\n<meta property=\"og:title\" content=\"Vilarinho de Negr\u00f5es, el pueblo portugu\u00e9s que flota sobre el agua - EscapadaRural\" \/>\n<meta property=\"og:description\" content=\"Podr\u00eda ser cualquier pueblo t\u00edpico de la regi\u00f3n de Tr\u00e1s-os-Montes, pero la particularidad de estar situado en una estrecha pen\u00ednsula hace de Vilarinho de Negr\u00f5es uno de los pueblos m\u00e1s pintorescos de Portugal.\" \/>\n<meta property=\"og:url\" content=\"https:\/\/www.escapadarural.com\/blog\/vilarinho-de-negroes-pueblo-que-flota\/\" \/>\n<meta property=\"og:site_name\" content=\"Magazine de viajes de EscapadaRural\" \/>\n<meta property=\"article:publisher\" content=\"https:\/\/www.facebook.com\/escapadarural\" \/>\n<meta property=\"article:published_time\" content=\"2023-12-12T09:05:34+00:00\" \/>\n<meta property=\"article:modified_time\" content=\"2025-03-10T08:47:17+00:00\" \/>\n<meta property=\"og:image\" content=\"https:\/\/app.escapadarural.com\/blog\/wp-content\/uploads\/2024\/10\/Vilarinho_de_Negroes1-1024x590-1.jpg\" \/>\n\t<meta property=\"og:image:width\" content=\"1024\" \/>\n\t<meta property=\"og:image:height\" content=\"590\" \/>\n\t<meta property=\"og:image:type\" content=\"image\/jpeg\" \/>\n<meta name=\"author\" content=\"\u00c2ngela Coelho\" \/>\n<meta name=\"twitter:card\" content=\"summary_large_image\" \/>\n<meta name=\"twitter:label1\" content=\"Escrito por\" \/>\n\t<meta name=\"twitter:data1\" content=\"\u00c2ngela Coelho\" \/>\n\t<meta name=\"twitter:label2\" content=\"Tiempo de lectura\" \/>\n\t<meta name=\"twitter:data2\" content=\"6 minutos\" \/>\n<script type=\"application\/ld+json\" class=\"yoast-schema-graph\">{\"@context\":\"https:\\\/\\\/schema.org\",\"@graph\":[{\"@type\":\"Article\",\"@id\":\"https:\\\/\\\/www.escapadarural.com\\\/blog\\\/vilarinho-de-negroes-pueblo-que-flota\\\/#article\",\"isPartOf\":{\"@id\":\"https:\\\/\\\/www.escapadarural.com\\\/blog\\\/vilarinho-de-negroes-pueblo-que-flota\\\/\"},\"author\":{\"name\":\"\u00c2ngela Coelho\",\"@id\":\"https:\\\/\\\/www.escapadarural.com\\\/blog\\\/#\\\/schema\\\/person\\\/27db72653db008ab82e5d7fe93d09972\"},\"headline\":\"Vilarinho de Negr\u00f5es, el pueblo portugu\u00e9s que flota sobre el agua\",\"datePublished\":\"2023-12-12T09:05:34+00:00\",\"dateModified\":\"2025-03-10T08:47:17+00:00\",\"mainEntityOfPage\":{\"@id\":\"https:\\\/\\\/www.escapadarural.com\\\/blog\\\/vilarinho-de-negroes-pueblo-que-flota\\\/\"},\"wordCount\":954,\"commentCount\":0,\"publisher\":{\"@id\":\"https:\\\/\\\/www.escapadarural.com\\\/blog\\\/#organization\"},\"image\":{\"@id\":\"https:\\\/\\\/www.escapadarural.com\\\/blog\\\/vilarinho-de-negroes-pueblo-que-flota\\\/#primaryimage\"},\"thumbnailUrl\":\"https:\\\/\\\/www.escapadarural.com\\\/blog\\\/wp-content\\\/uploads\\\/2024\\\/10\\\/Vilarinho_de_Negroes1-1024x590-1.jpg\",\"keywords\":[\"Galicia\",\"montalegre\",\"negr\u00f5es\",\"Ourense\",\"portugal\",\"pueblos\",\"vilarinho de negr\u00f5es\"],\"articleSection\":[\"Destinos\"],\"inLanguage\":\"es\",\"potentialAction\":[{\"@type\":\"CommentAction\",\"name\":\"Comment\",\"target\":[\"https:\\\/\\\/www.escapadarural.com\\\/blog\\\/vilarinho-de-negroes-pueblo-que-flota\\\/#respond\"]}]},{\"@type\":\"WebPage\",\"@id\":\"https:\\\/\\\/www.escapadarural.com\\\/blog\\\/vilarinho-de-negroes-pueblo-que-flota\\\/\",\"url\":\"https:\\\/\\\/www.escapadarural.com\\\/blog\\\/vilarinho-de-negroes-pueblo-que-flota\\\/\",\"name\":\"Vilarinho de Negr\u00f5es, el pueblo portugu\u00e9s que flota sobre el agua - EscapadaRural\",\"isPartOf\":{\"@id\":\"https:\\\/\\\/www.escapadarural.com\\\/blog\\\/#website\"},\"primaryImageOfPage\":{\"@id\":\"https:\\\/\\\/www.escapadarural.com\\\/blog\\\/vilarinho-de-negroes-pueblo-que-flota\\\/#primaryimage\"},\"image\":{\"@id\":\"https:\\\/\\\/www.escapadarural.com\\\/blog\\\/vilarinho-de-negroes-pueblo-que-flota\\\/#primaryimage\"},\"thumbnailUrl\":\"https:\\\/\\\/www.escapadarural.com\\\/blog\\\/wp-content\\\/uploads\\\/2024\\\/10\\\/Vilarinho_de_Negroes1-1024x590-1.jpg\",\"datePublished\":\"2023-12-12T09:05:34+00:00\",\"dateModified\":\"2025-03-10T08:47:17+00:00\",\"breadcrumb\":{\"@id\":\"https:\\\/\\\/www.escapadarural.com\\\/blog\\\/vilarinho-de-negroes-pueblo-que-flota\\\/#breadcrumb\"},\"inLanguage\":\"es\",\"potentialAction\":[{\"@type\":\"ReadAction\",\"target\":[\"https:\\\/\\\/www.escapadarural.com\\\/blog\\\/vilarinho-de-negroes-pueblo-que-flota\\\/\"]}]},{\"@type\":\"ImageObject\",\"inLanguage\":\"es\",\"@id\":\"https:\\\/\\\/www.escapadarural.com\\\/blog\\\/vilarinho-de-negroes-pueblo-que-flota\\\/#primaryimage\",\"url\":\"https:\\\/\\\/www.escapadarural.com\\\/blog\\\/wp-content\\\/uploads\\\/2024\\\/10\\\/Vilarinho_de_Negroes1-1024x590-1.jpg\",\"contentUrl\":\"https:\\\/\\\/www.escapadarural.com\\\/blog\\\/wp-content\\\/uploads\\\/2024\\\/10\\\/Vilarinho_de_Negroes1-1024x590-1.jpg\",\"width\":1024,\"height\":590,\"caption\":\"Un peque\u00f1o pueblo con edificios de tejados rojos se asienta a orillas de un tranquilo lago, rodeado de verdes campos y colinas. Al fondo se ven monta\u00f1as lejanas y un cielo nublado y encapotado.\"},{\"@type\":\"BreadcrumbList\",\"@id\":\"https:\\\/\\\/www.escapadarural.com\\\/blog\\\/vilarinho-de-negroes-pueblo-que-flota\\\/#breadcrumb\",\"itemListElement\":[{\"@type\":\"ListItem\",\"position\":1,\"name\":\"Inicio\",\"item\":\"https:\\\/\\\/www.escapadarural.com\\\/blog\\\/\"},{\"@type\":\"ListItem\",\"position\":2,\"name\":\"Destinos\",\"item\":\"https:\\\/\\\/www.escapadarural.com\\\/blog\\\/categoria\\\/destinos\\\/\"},{\"@type\":\"ListItem\",\"position\":3,\"name\":\"Vilarinho de Negr\u00f5es, el pueblo portugu\u00e9s que flota sobre el agua\"}]},{\"@type\":\"WebSite\",\"@id\":\"https:\\\/\\\/www.escapadarural.com\\\/blog\\\/#website\",\"url\":\"https:\\\/\\\/www.escapadarural.com\\\/blog\\\/\",\"name\":\"Blog de viajes | turismo rural, alojamientos e inspiraci\u00f3n\",\"description\":\"Alojamientos rurales e inspiraci\u00f3n para tus escapadas\",\"publisher\":{\"@id\":\"https:\\\/\\\/www.escapadarural.com\\\/blog\\\/#organization\"},\"alternateName\":\"Magazine de viajes de EscapadaRural\",\"potentialAction\":[{\"@type\":\"SearchAction\",\"target\":{\"@type\":\"EntryPoint\",\"urlTemplate\":\"https:\\\/\\\/www.escapadarural.com\\\/blog\\\/?s={search_term_string}\"},\"query-input\":{\"@type\":\"PropertyValueSpecification\",\"valueRequired\":true,\"valueName\":\"search_term_string\"}}],\"inLanguage\":\"es\"},{\"@type\":\"Organization\",\"@id\":\"https:\\\/\\\/www.escapadarural.com\\\/blog\\\/#organization\",\"name\":\"EscapadaRural\",\"url\":\"https:\\\/\\\/www.escapadarural.com\\\/blog\\\/\",\"logo\":{\"@type\":\"ImageObject\",\"inLanguage\":\"es\",\"@id\":\"https:\\\/\\\/www.escapadarural.com\\\/blog\\\/#\\\/schema\\\/logo\\\/image\\\/\",\"url\":\"https:\\\/\\\/www.escapadarural.com\\\/blog\\\/wp-content\\\/uploads\\\/2024\\\/10\\\/cropped-cropped-escapada-rural-icon-mag-3.png\",\"contentUrl\":\"https:\\\/\\\/www.escapadarural.com\\\/blog\\\/wp-content\\\/uploads\\\/2024\\\/10\\\/cropped-cropped-escapada-rural-icon-mag-3.png\",\"width\":512,\"height\":512,\"caption\":\"EscapadaRural\"},\"image\":{\"@id\":\"https:\\\/\\\/www.escapadarural.com\\\/blog\\\/#\\\/schema\\\/logo\\\/image\\\/\"},\"sameAs\":[\"https:\\\/\\\/www.facebook.com\\\/escapadarural\",\"https:\\\/\\\/www.instagram.com\\\/escapadarural\\\/\",\"https:\\\/\\\/www.youtube.com\\\/@escapadaruralcom\"]},{\"@type\":\"Person\",\"@id\":\"https:\\\/\\\/www.escapadarural.com\\\/blog\\\/#\\\/schema\\\/person\\\/27db72653db008ab82e5d7fe93d09972\",\"name\":\"\u00c2ngela Coelho\",\"image\":{\"@type\":\"ImageObject\",\"inLanguage\":\"es\",\"@id\":\"https:\\\/\\\/secure.gravatar.com\\\/avatar\\\/266007c4d733a1352809d25c72c8c5b058255e48028e729b91b5970cdc3b19ab?s=96&d=mm&r=g\",\"url\":\"https:\\\/\\\/secure.gravatar.com\\\/avatar\\\/266007c4d733a1352809d25c72c8c5b058255e48028e729b91b5970cdc3b19ab?s=96&d=mm&r=g\",\"contentUrl\":\"https:\\\/\\\/secure.gravatar.com\\\/avatar\\\/266007c4d733a1352809d25c72c8c5b058255e48028e729b91b5970cdc3b19ab?s=96&d=mm&r=g\",\"caption\":\"\u00c2ngela Coelho\"},\"url\":\"https:\\\/\\\/www.escapadarural.com\\\/blog\\\/autor\\\/angela\\\/\"}]}<\/script>\n<!-- \/ Yoast SEO plugin. -->","yoast_head_json":{"title":"Vilarinho de Negr\u00f5es, el pueblo portugu\u00e9s que flota sobre el agua - EscapadaRural","robots":{"index":"index","follow":"follow","max-snippet":"max-snippet:-1","max-image-preview":"max-image-preview:large","max-video-preview":"max-video-preview:-1"},"canonical":"https:\/\/www.escapadarural.com\/blog\/vilarinho-de-negroes-pueblo-que-flota\/","og_locale":"es_ES","og_type":"article","og_title":"Vilarinho de Negr\u00f5es, el pueblo portugu\u00e9s que flota sobre el agua - EscapadaRural","og_description":"Podr\u00eda ser cualquier pueblo t\u00edpico de la regi\u00f3n de Tr\u00e1s-os-Montes, pero la particularidad de estar situado en una estrecha pen\u00ednsula hace de Vilarinho de Negr\u00f5es uno de los pueblos m\u00e1s pintorescos de Portugal.","og_url":"https:\/\/www.escapadarural.com\/blog\/vilarinho-de-negroes-pueblo-que-flota\/","og_site_name":"Magazine de viajes de EscapadaRural","article_publisher":"https:\/\/www.facebook.com\/escapadarural","article_published_time":"2023-12-12T09:05:34+00:00","article_modified_time":"2025-03-10T08:47:17+00:00","og_image":[{"width":1024,"height":590,"url":"https:\/\/app.escapadarural.com\/blog\/wp-content\/uploads\/2024\/10\/Vilarinho_de_Negroes1-1024x590-1.jpg","type":"image\/jpeg"}],"author":"\u00c2ngela Coelho","twitter_card":"summary_large_image","twitter_misc":{"Escrito por":"\u00c2ngela Coelho","Tiempo de lectura":"6 minutos"},"schema":{"@context":"https:\/\/schema.org","@graph":[{"@type":"Article","@id":"https:\/\/www.escapadarural.com\/blog\/vilarinho-de-negroes-pueblo-que-flota\/#article","isPartOf":{"@id":"https:\/\/www.escapadarural.com\/blog\/vilarinho-de-negroes-pueblo-que-flota\/"},"author":{"name":"\u00c2ngela Coelho","@id":"https:\/\/www.escapadarural.com\/blog\/#\/schema\/person\/27db72653db008ab82e5d7fe93d09972"},"headline":"Vilarinho de Negr\u00f5es, el pueblo portugu\u00e9s que flota sobre el agua","datePublished":"2023-12-12T09:05:34+00:00","dateModified":"2025-03-10T08:47:17+00:00","mainEntityOfPage":{"@id":"https:\/\/www.escapadarural.com\/blog\/vilarinho-de-negroes-pueblo-que-flota\/"},"wordCount":954,"commentCount":0,"publisher":{"@id":"https:\/\/www.escapadarural.com\/blog\/#organization"},"image":{"@id":"https:\/\/www.escapadarural.com\/blog\/vilarinho-de-negroes-pueblo-que-flota\/#primaryimage"},"thumbnailUrl":"https:\/\/www.escapadarural.com\/blog\/wp-content\/uploads\/2024\/10\/Vilarinho_de_Negroes1-1024x590-1.jpg","keywords":["Galicia","montalegre","negr\u00f5es","Ourense","portugal","pueblos","vilarinho de negr\u00f5es"],"articleSection":["Destinos"],"inLanguage":"es","potentialAction":[{"@type":"CommentAction","name":"Comment","target":["https:\/\/www.escapadarural.com\/blog\/vilarinho-de-negroes-pueblo-que-flota\/#respond"]}]},{"@type":"WebPage","@id":"https:\/\/www.escapadarural.com\/blog\/vilarinho-de-negroes-pueblo-que-flota\/","url":"https:\/\/www.escapadarural.com\/blog\/vilarinho-de-negroes-pueblo-que-flota\/","name":"Vilarinho de Negr\u00f5es, el pueblo portugu\u00e9s que flota sobre el agua - EscapadaRural","isPartOf":{"@id":"https:\/\/www.escapadarural.com\/blog\/#website"},"primaryImageOfPage":{"@id":"https:\/\/www.escapadarural.com\/blog\/vilarinho-de-negroes-pueblo-que-flota\/#primaryimage"},"image":{"@id":"https:\/\/www.escapadarural.com\/blog\/vilarinho-de-negroes-pueblo-que-flota\/#primaryimage"},"thumbnailUrl":"https:\/\/www.escapadarural.com\/blog\/wp-content\/uploads\/2024\/10\/Vilarinho_de_Negroes1-1024x590-1.jpg","datePublished":"2023-12-12T09:05:34+00:00","dateModified":"2025-03-10T08:47:17+00:00","breadcrumb":{"@id":"https:\/\/www.escapadarural.com\/blog\/vilarinho-de-negroes-pueblo-que-flota\/#breadcrumb"},"inLanguage":"es","potentialAction":[{"@type":"ReadAction","target":["https:\/\/www.escapadarural.com\/blog\/vilarinho-de-negroes-pueblo-que-flota\/"]}]},{"@type":"ImageObject","inLanguage":"es","@id":"https:\/\/www.escapadarural.com\/blog\/vilarinho-de-negroes-pueblo-que-flota\/#primaryimage","url":"https:\/\/www.escapadarural.com\/blog\/wp-content\/uploads\/2024\/10\/Vilarinho_de_Negroes1-1024x590-1.jpg","contentUrl":"https:\/\/www.escapadarural.com\/blog\/wp-content\/uploads\/2024\/10\/Vilarinho_de_Negroes1-1024x590-1.jpg","width":1024,"height":590,"caption":"Un peque\u00f1o pueblo con edificios de tejados rojos se asienta a orillas de un tranquilo lago, rodeado de verdes campos y colinas. Al fondo se ven monta\u00f1as lejanas y un cielo nublado y encapotado."},{"@type":"BreadcrumbList","@id":"https:\/\/www.escapadarural.com\/blog\/vilarinho-de-negroes-pueblo-que-flota\/#breadcrumb","itemListElement":[{"@type":"ListItem","position":1,"name":"Inicio","item":"https:\/\/www.escapadarural.com\/blog\/"},{"@type":"ListItem","position":2,"name":"Destinos","item":"https:\/\/www.escapadarural.com\/blog\/categoria\/destinos\/"},{"@type":"ListItem","position":3,"name":"Vilarinho de Negr\u00f5es, el pueblo portugu\u00e9s que flota sobre el agua"}]},{"@type":"WebSite","@id":"https:\/\/www.escapadarural.com\/blog\/#website","url":"https:\/\/www.escapadarural.com\/blog\/","name":"Blog de viajes | turismo rural, alojamientos e inspiraci\u00f3n","description":"Alojamientos rurales e inspiraci\u00f3n para tus escapadas","publisher":{"@id":"https:\/\/www.escapadarural.com\/blog\/#organization"},"alternateName":"Magazine de viajes de EscapadaRural","potentialAction":[{"@type":"SearchAction","target":{"@type":"EntryPoint","urlTemplate":"https:\/\/www.escapadarural.com\/blog\/?s={search_term_string}"},"query-input":{"@type":"PropertyValueSpecification","valueRequired":true,"valueName":"search_term_string"}}],"inLanguage":"es"},{"@type":"Organization","@id":"https:\/\/www.escapadarural.com\/blog\/#organization","name":"EscapadaRural","url":"https:\/\/www.escapadarural.com\/blog\/","logo":{"@type":"ImageObject","inLanguage":"es","@id":"https:\/\/www.escapadarural.com\/blog\/#\/schema\/logo\/image\/","url":"https:\/\/www.escapadarural.com\/blog\/wp-content\/uploads\/2024\/10\/cropped-cropped-escapada-rural-icon-mag-3.png","contentUrl":"https:\/\/www.escapadarural.com\/blog\/wp-content\/uploads\/2024\/10\/cropped-cropped-escapada-rural-icon-mag-3.png","width":512,"height":512,"caption":"EscapadaRural"},"image":{"@id":"https:\/\/www.escapadarural.com\/blog\/#\/schema\/logo\/image\/"},"sameAs":["https:\/\/www.facebook.com\/escapadarural","https:\/\/www.instagram.com\/escapadarural\/","https:\/\/www.youtube.com\/@escapadaruralcom"]},{"@type":"Person","@id":"https:\/\/www.escapadarural.com\/blog\/#\/schema\/person\/27db72653db008ab82e5d7fe93d09972","name":"\u00c2ngela Coelho","image":{"@type":"ImageObject","inLanguage":"es","@id":"https:\/\/secure.gravatar.com\/avatar\/266007c4d733a1352809d25c72c8c5b058255e48028e729b91b5970cdc3b19ab?s=96&d=mm&r=g","url":"https:\/\/secure.gravatar.com\/avatar\/266007c4d733a1352809d25c72c8c5b058255e48028e729b91b5970cdc3b19ab?s=96&d=mm&r=g","contentUrl":"https:\/\/secure.gravatar.com\/avatar\/266007c4d733a1352809d25c72c8c5b058255e48028e729b91b5970cdc3b19ab?s=96&d=mm&r=g","caption":"\u00c2ngela Coelho"},"url":"https:\/\/www.escapadarural.com\/blog\/autor\/angela\/"}]}},"_links":{"self":[{"href":"https:\/\/www.escapadarural.com\/blog\/wp-json\/wp\/v2\/posts\/68532","targetHints":{"allow":["GET"]}}],"collection":[{"href":"https:\/\/www.escapadarural.com\/blog\/wp-json\/wp\/v2\/posts"}],"about":[{"href":"https:\/\/www.escapadarural.com\/blog\/wp-json\/wp\/v2\/types\/post"}],"author":[{"embeddable":true,"href":"https:\/\/www.escapadarural.com\/blog\/wp-json\/wp\/v2\/users\/135"}],"replies":[{"embeddable":true,"href":"https:\/\/www.escapadarural.com\/blog\/wp-json\/wp\/v2\/comments?post=68532"}],"version-history":[{"count":0,"href":"https:\/\/www.escapadarural.com\/blog\/wp-json\/wp\/v2\/posts\/68532\/revisions"}],"wp:featuredmedia":[{"embeddable":true,"href":"https:\/\/www.escapadarural.com\/blog\/wp-json\/wp\/v2\/media\/94847"}],"wp:attachment":[{"href":"https:\/\/www.escapadarural.com\/blog\/wp-json\/wp\/v2\/media?parent=68532"}],"wp:term":[{"taxonomy":"category","embeddable":true,"href":"https:\/\/www.escapadarural.com\/blog\/wp-json\/wp\/v2\/categories?post=68532"},{"taxonomy":"post_tag","embeddable":true,"href":"https:\/\/www.escapadarural.com\/blog\/wp-json\/wp\/v2\/tags?post=68532"}],"curies":[{"name":"wp","href":"https:\/\/api.w.org\/{rel}","templated":true}]}}