{"id":68888,"date":"2023-12-09T08:00:00","date_gmt":"2023-12-09T07:00:00","guid":{"rendered":"https:\/\/www.escapadarural.com\/blog\/?p=68888"},"modified":"2025-05-21T12:03:14","modified_gmt":"2025-05-21T10:03:14","slug":"museo-de-belenes-mollina","status":"publish","type":"post","link":"https:\/\/www.escapadarural.com\/blog\/museo-de-belenes-mollina\/","title":{"rendered":"Museo de belenes: los m\u00e1s de 100 pesebres de Mollina"},"content":{"rendered":"\n<figure class=\"wp-block-image size-large\"><a href=\"https:\/\/www.escapadarural.com\/blog\/wp-content\/uploads\/Obra-La-oveja-perdida-1-scaled.jpg\"><img decoding=\"async\" src=\"https:\/\/www.escapadarural.com\/blog\/wp-content\/uploads\/2024\/10\/Obra-La-oveja-perdida-1-1024x763-1.jpg\" alt=\"Obra 'La oveja perdida'\" class=\"wp-image-68991\"\/><\/a><figcaption class=\"wp-element-caption\">Obra &#8216;La oveja perdida&#8217;. Por Museo Internacional de Arte Belenista\nFundaci\u00f3n D\u00edaz Caballero<\/figcaption><\/figure>\n\n\n\n<p>Una estrella con cola hecha de cart\u00f3n y papel de aluminio, un portal para acoger a la familia del ni\u00f1o Jes\u00fas, la mula, el buey y los tres Reyes Magos montados en sus camellos. Esos son los elementos b\u00e1sicos del Bel\u00e9n que se pueden encontrar en cualquier casa espa\u00f1ola que lo monte con la llegada de la Navidad. <\/p>\n\n\n\n<p>A esas piezas se le pueden ir sumando m\u00e1s adornos y figuritas como el r\u00edo hecho con el mismo papel que la estrella, un puente, musgo, animales (gallinas, cerdos, patos), personas haciendo cosas y un <em>caganer<\/em><strong>,<\/strong> generalmente en Catalu\u00f1a aunque su popularidad se ha extendido m\u00e1s all\u00e1 de sus fronteras. Los m\u00e1s atrevidos utilizar\u00e1n tambi\u00e9n nieve falsa en spray para darle <strong>un toque m\u00e1s navide\u00f1o<\/strong> y restarle m\u00e1s puntos a\u00fan al posible rigor hist\u00f3rico de la escena. Pero todo sea por celebrar y pasar un buen rato.<\/p>\n\n\n\n<figure class=\"wp-block-image size-large\"><img decoding=\"async\" src=\"https:\/\/www.escapadarural.com\/blog\/wp-content\/uploads\/2024\/10\/Obra-La-Anunciacion-1024x576-1.jpg\" alt=\"Obra 'La Anunciaci\u00f3n'\" class=\"wp-image-68992\"\/><figcaption class=\"wp-element-caption\">Obra &#8216;La Anunciaci\u00f3n&#8217;. Por Museo Internacional de Arte Belenista\nFundaci\u00f3n D\u00edaz Caballero<\/figcaption><\/figure>\n\n\n\n<p>M\u00e1s atentos a la veracidad son los ejemplos de belenes que se re\u00fanen en el <strong><a href=\"https:\/\/www.museodebelenes.com\/\" target=\"_blank\" rel=\"noreferrer noopener nofollow\">Museo Internacional de Arte Belenista<\/a><\/strong> situado en la localidad malague\u00f1a de Mollina, a menos de 70 kil\u00f3metros de la capital de la provincia. Su creaci\u00f3n y mantenimiento se debe a la <strong>Fundaci\u00f3n D\u00edaz Caballero<\/strong>, creada en 2006 y dirigida por el matrimonio formado por Antonio D\u00edaz y Ana Caballero y sus descendientes Antonio Jes\u00fas y Ana Mar\u00eda.&nbsp;<\/p>\n\n\n\n<blockquote class=\"wp-block-quote is-layout-flow wp-block-quote-is-layout-flow\">\n<p>El museo ocupa 5.000 metros cuadrados y alberga m\u00e1s de 100 belenes (33 nuevos) y miles de figuras<\/p>\n<\/blockquote>\n\n\n\n<p>El proyecto surgi\u00f3 cuando la pareja conoci\u00f3 a Antonio Bernal, un belenista de <a href=\"\/casas-rurales\/arcos-de-la-frontera\">Arcos de la Frontera<\/a> que necesitaba resguardar su colecci\u00f3n despu\u00e9s de la destrucci\u00f3n de su casa. De hecho, en la p\u00e1gina web del centro explican que, en concreto naci\u00f3: \u201cdel sentimiento de exasperaci\u00f3n al ver sus promotores como, cada a\u00f1o, belenes art\u00edsticos de una calidad extraordinaria se ten\u00edan que destruir porque sus autores no dispon\u00edan de espacio para almacenar sus propias obras\u201d.<\/p>\n\n\n\n<figure class=\"wp-block-image size-large\"><a href=\"https:\/\/www.escapadarural.com\/blog\/wp-content\/uploads\/Obra-un-corazon-limpio-te-llevara-hacia-el-scaled.jpg\"><img decoding=\"async\" src=\"https:\/\/www.escapadarural.com\/blog\/wp-content\/uploads\/2024\/10\/Obra-un-corazon-limpio-te-llevara-hacia-el-1024x621-1.jpg\" alt=\"Museo de belenes: Obra 'un coraz\u00f3n limpio te llevar\u00e1 hacia \u00e9l'\" class=\"wp-image-68993\"\/><\/a><figcaption class=\"wp-element-caption\">Obra &#8216;un coraz\u00f3n limpio te llevar\u00e1 hacia \u00e9l&#8217;. Por Museo Internacional de Arte Belenista\nFundaci\u00f3n D\u00edaz Caballero<\/figcaption><\/figure>\n\n\n\n<p>Aunque empez\u00f3 con una sala de 150 metros cuadrados, ahora <strong>el museo ocupa 5.000 metros cuadrados<\/strong> y alberga m\u00e1s de<strong> cien belenes (33 nuevos) y miles de figuras<\/strong>. Todas las piezas proceden de donaciones y vienen de todas partes del mundo, aunque las que m\u00e1s abundan son espa\u00f1olas e italianas. Al fin y al cabo, son dos de los pa\u00edses en los que la tradici\u00f3n belen\u00edstica est\u00e1 m\u00e1s arraigada. Su colecci\u00f3n es tan completa y su labor de conservaci\u00f3n tan exhaustiva&nbsp; que, a principios del pasado mes de noviembre, el museo consigui\u00f3 una de las cinco Medallas de Oro Un-Foe-Prae que concede la Federaci\u00f3n Internacional Belenista.&nbsp;<\/p>\n\n\n\n<p>Pese a que el bel\u00e9n es un elemento ligado sin ninguna duda a las fiestas de Navidad, el inter\u00e9s por estas obras no decae durante el a\u00f1o y <strong>el museo puede visitarse en cualquier \u00e9poca<\/strong>. De hecho, este a\u00f1o, nos explican de Comunicaci\u00f3n Museo Internacional de Arte Belenista Fundaci\u00f3n D\u00edaz Caballero: \u00abhemos cambiado un tercio de la exposici\u00f3n, de los 100 belenes que se pueden ver 33 son nuevos\u00bb. <\/p>\n\n\n<blockquote class=\"instagram-media\" data-instgrm-captioned data-instgrm-permalink=\"https:\/\/www.instagram.com\/p\/C0Ox4FBK5zi\/?utm_source=ig_embed&amp;utm_campaign=loading\" data-instgrm-version=\"14\" style=\" background:#FFF; border:0; border-radius:3px; box-shadow:0 0 1px 0 rgba(0,0,0,0.5),0 1px 10px 0 rgba(0,0,0,0.15); margin: 1px; max-width:540px; min-width:326px; padding:0; width:99.375%; width:-webkit-calc(100% - 2px); width:calc(100% - 2px);\">\n<div style=\"padding:16px;\"> <a href=\"https:\/\/www.instagram.com\/p\/C0Ox4FBK5zi\/?utm_source=ig_embed&amp;utm_campaign=loading\" style=\" background:#FFFFFF; line-height:0; padding:0 0; text-align:center; text-decoration:none; width:100%;\" target=\"_blank\" rel=\"noopener\"> <\/p>\n<div style=\" display: flex; flex-direction: row; align-items: center;\">\n<div style=\"background-color: #F4F4F4; border-radius: 50%; flex-grow: 0; height: 40px; margin-right: 14px; width: 40px;\"><\/div>\n<div style=\"display: flex; flex-direction: column; flex-grow: 1; justify-content: center;\">\n<div style=\" background-color: #F4F4F4; border-radius: 4px; flex-grow: 0; height: 14px; margin-bottom: 6px; width: 100px;\"><\/div>\n<div style=\" background-color: #F4F4F4; border-radius: 4px; flex-grow: 0; height: 14px; width: 60px;\"><\/div>\n<\/div>\n<\/div>\n<div style=\"padding: 19% 0;\"><\/div>\n<div style=\"display:block; height:50px; margin:0 auto 12px; width:50px;\"><svg width=\"50px\" height=\"50px\" viewBox=\"0 0 60 60\" version=\"1.1\" xmlns=\"https:\/\/www.w3.org\/2000\/svg\" xmlns:xlink=\"https:\/\/www.w3.org\/1999\/xlink\"><g stroke=\"none\" stroke-width=\"1\" fill=\"none\" fill-rule=\"evenodd\"><g transform=\"translate(-511.000000, -20.000000)\" fill=\"#000000\"><g><path d=\"M556.869,30.41 C554.814,30.41 553.148,32.076 553.148,34.131 C553.148,36.186 554.814,37.852 556.869,37.852 C558.924,37.852 560.59,36.186 560.59,34.131 C560.59,32.076 558.924,30.41 556.869,30.41 M541,60.657 C535.114,60.657 530.342,55.887 530.342,50 C530.342,44.114 535.114,39.342 541,39.342 C546.887,39.342 551.658,44.114 551.658,50 C551.658,55.887 546.887,60.657 541,60.657 M541,33.886 C532.1,33.886 524.886,41.1 524.886,50 C524.886,58.899 532.1,66.113 541,66.113 C549.9,66.113 557.115,58.899 557.115,50 C557.115,41.1 549.9,33.886 541,33.886 M565.378,62.101 C565.244,65.022 564.756,66.606 564.346,67.663 C563.803,69.06 563.154,70.057 562.106,71.106 C561.058,72.155 560.06,72.803 558.662,73.347 C557.607,73.757 556.021,74.244 553.102,74.378 C549.944,74.521 548.997,74.552 541,74.552 C533.003,74.552 532.056,74.521 528.898,74.378 C525.979,74.244 524.393,73.757 523.338,73.347 C521.94,72.803 520.942,72.155 519.894,71.106 C518.846,70.057 518.197,69.06 517.654,67.663 C517.244,66.606 516.755,65.022 516.623,62.101 C516.479,58.943 516.448,57.996 516.448,50 C516.448,42.003 516.479,41.056 516.623,37.899 C516.755,34.978 517.244,33.391 517.654,32.338 C518.197,30.938 518.846,29.942 519.894,28.894 C520.942,27.846 521.94,27.196 523.338,26.654 C524.393,26.244 525.979,25.756 528.898,25.623 C532.057,25.479 533.004,25.448 541,25.448 C548.997,25.448 549.943,25.479 553.102,25.623 C556.021,25.756 557.607,26.244 558.662,26.654 C560.06,27.196 561.058,27.846 562.106,28.894 C563.154,29.942 563.803,30.938 564.346,32.338 C564.756,33.391 565.244,34.978 565.378,37.899 C565.522,41.056 565.552,42.003 565.552,50 C565.552,57.996 565.522,58.943 565.378,62.101 M570.82,37.631 C570.674,34.438 570.167,32.258 569.425,30.349 C568.659,28.377 567.633,26.702 565.965,25.035 C564.297,23.368 562.623,22.342 560.652,21.575 C558.743,20.834 556.562,20.326 553.369,20.18 C550.169,20.033 549.148,20 541,20 C532.853,20 531.831,20.033 528.631,20.18 C525.438,20.326 523.257,20.834 521.349,21.575 C519.376,22.342 517.703,23.368 516.035,25.035 C514.368,26.702 513.342,28.377 512.574,30.349 C511.834,32.258 511.326,34.438 511.181,37.631 C511.035,40.831 511,41.851 511,50 C511,58.147 511.035,59.17 511.181,62.369 C511.326,65.562 511.834,67.743 512.574,69.651 C513.342,71.625 514.368,73.296 516.035,74.965 C517.703,76.634 519.376,77.658 521.349,78.425 C523.257,79.167 525.438,79.673 528.631,79.82 C531.831,79.965 532.853,80.001 541,80.001 C549.148,80.001 550.169,79.965 553.369,79.82 C556.562,79.673 558.743,79.167 560.652,78.425 C562.623,77.658 564.297,76.634 565.965,74.965 C567.633,73.296 568.659,71.625 569.425,69.651 C570.167,67.743 570.674,65.562 570.82,62.369 C570.966,59.17 571,58.147 571,50 C571,41.851 570.966,40.831 570.82,37.631\"><\/path><\/g><\/g><\/g><\/svg><\/div>\n<div style=\"padding-top: 8px;\">\n<div style=\" color:#3897f0; font-family:Arial,sans-serif; font-size:14px; font-style:normal; font-weight:550; line-height:18px;\">Ver esta publicaci\u00f3n en Instagram<\/div>\n<\/div>\n<div style=\"padding: 12.5% 0;\"><\/div>\n<div style=\"display: flex; flex-direction: row; margin-bottom: 14px; align-items: center;\">\n<div>\n<div style=\"background-color: #F4F4F4; border-radius: 50%; height: 12.5px; width: 12.5px; transform: translateX(0px) translateY(7px);\"><\/div>\n<div style=\"background-color: #F4F4F4; height: 12.5px; transform: rotate(-45deg) translateX(3px) translateY(1px); width: 12.5px; flex-grow: 0; margin-right: 14px; margin-left: 2px;\"><\/div>\n<div style=\"background-color: #F4F4F4; border-radius: 50%; height: 12.5px; width: 12.5px; transform: translateX(9px) translateY(-18px);\"><\/div>\n<\/div>\n<div style=\"margin-left: 8px;\">\n<div style=\" background-color: #F4F4F4; border-radius: 50%; flex-grow: 0; height: 20px; width: 20px;\"><\/div>\n<div style=\" width: 0; height: 0; border-top: 2px solid transparent; border-left: 6px solid #f4f4f4; border-bottom: 2px solid transparent; transform: translateX(16px) translateY(-4px) rotate(30deg)\"><\/div>\n<\/div>\n<div style=\"margin-left: auto;\">\n<div style=\" width: 0px; border-top: 8px solid #F4F4F4; border-right: 8px solid transparent; transform: translateY(16px);\"><\/div>\n<div style=\" background-color: #F4F4F4; flex-grow: 0; height: 12px; width: 16px; transform: translateY(-4px);\"><\/div>\n<div style=\" width: 0; height: 0; border-top: 8px solid #F4F4F4; border-left: 8px solid transparent; transform: translateY(-4px) translateX(8px);\"><\/div>\n<\/div>\n<\/div>\n<div style=\"display: flex; flex-direction: column; flex-grow: 1; justify-content: center; margin-bottom: 24px;\">\n<div style=\" background-color: #F4F4F4; border-radius: 4px; flex-grow: 0; height: 14px; margin-bottom: 6px; width: 224px;\"><\/div>\n<div style=\" background-color: #F4F4F4; border-radius: 4px; flex-grow: 0; height: 14px; width: 144px;\"><\/div>\n<\/div>\n<p><\/a><\/p>\n<p style=\" color:#c9c8cd; font-family:Arial,sans-serif; font-size:14px; line-height:17px; margin-bottom:0; margin-top:8px; overflow:hidden; padding:8px 0 7px; text-align:center; text-overflow:ellipsis; white-space:nowrap;\"><a href=\"https:\/\/www.instagram.com\/p\/C0Ox4FBK5zi\/?utm_source=ig_embed&amp;utm_campaign=loading\" style=\" color:#c9c8cd; font-family:Arial,sans-serif; font-size:14px; font-style:normal; font-weight:normal; line-height:17px; text-decoration:none;\" target=\"_blank\" rel=\"noopener\">Una publicaci\u00f3n compartida de Museo de Belenes (@museodebelenes)<\/a><\/p>\n<\/div>\n<\/blockquote>\n<p> <script async src=\"\/\/www.instagram.com\/embed.js\"><\/script><\/p>\n\n\n\n<p>El recinto tiene dos zonas diferenciadas: una es el interior del edificio, que es donde est\u00e1n las obras y otra el exterior, en donde se puede ver una exposici\u00f3n de almazaras, una casa popular de Andaluc\u00eda as\u00ed como diferentes aperos de labranza.&nbsp;<\/p>\n\n\n\n<p>En el vest\u00edbulo, los visitantes pueden ver un arco de la victoria creado por Angela Tripi, una belenista italiana, que recrea el que se erigi\u00f3 en Roma para conmemorar el triunfo de Constantino I el Grande en la batalla del Puente Milvio. Este fue el primer emperador romano que permiti\u00f3 el culto al cristianismo, de ah\u00ed que se haya representado ese monumento. Asimismo, se puede observar a San Francisco de As\u00eds, el patr\u00f3n de los belenistas, firmado por el escultor sevillano Jos\u00e9 \u00c1ngel Garc\u00eda. Seg\u00fan cuenta la tradici\u00f3n, en 1223, mont\u00f3 en Italia el que ser\u00eda el <strong>primer bel\u00e9n de la historia <\/strong>como lo conocemos.&nbsp;&nbsp;<\/p>\n\n\n\n<figure class=\"wp-block-image size-large\"><a href=\"https:\/\/www.escapadarural.com\/blog\/wp-content\/uploads\/Fragmento-de-la-obra-La-vida-cotidiana--scaled.jpg\"><img decoding=\"async\" src=\"https:\/\/www.escapadarural.com\/blog\/wp-content\/uploads\/2024\/10\/Fragmento-de-la-obra-La-vida-cotidiana-1024x681-1.jpg\" alt=\"Fragmento de la obra 'La vida cotidiana'\" class=\"wp-image-68994\"\/><\/a><figcaption class=\"wp-element-caption\">Fragmento de la obra &#8216;La vida cotidiana&#8217;. Por Museo Internacional de Arte Belenista\nFundaci\u00f3n D\u00edaz Caballero<\/figcaption><\/figure>\n\n\n\n<p>El <strong>museo est\u00e1 dividido en siete salas<\/strong> en las que se recogen dioramas [que son peque\u00f1as escenas que se observan a trav\u00e9s de ventanas], c\u00fapulas y belenes de grandes dimensiones. Algunos de estos \u00faltimos ocupan una sala entera como el de Antonio Bernal (Arcos de la Frontera), el Monte Sacro de Jos\u00e9 Luis Mayo (Madrid) y Andaluc\u00eda en Navidad de Vicente Rodr\u00edguez (Puerto de Santa Mar\u00eda), en el que est\u00e1n presentes todas las provincias de la comunidad y mide 25 metros de largo. <\/p>\n\n\n\n<p>Entre las piezas reunidas hay una importante presencia de la escuela catalana, la escuela de Monte San Pietro y tambi\u00e9n belenistas y autores de relevancia internacional como Claudio Mattei, Antonio Pigozzi o Raffaele de Angelis.<\/p>\n\n\n\n<h2 class=\"wp-block-heading\" id=\"h-otros-dos-museos-de-belenes-en-espana\"><strong>Otros dos museos de belenes en Espa\u00f1a<\/strong><\/h2>\n\n\n\n<p>La tradici\u00f3n de representar en figuras \u2013o incluso con personas reales\u2013 el alumbramiento del ni\u00f1o Jes\u00fas est\u00e1 m\u00e1s arraigada de lo que quiz\u00e1 se piensa en la cultura del pa\u00eds. De hecho, el museo malague\u00f1o no es el \u00fanico del Estado sino que hay diversos repartidos por el resto de la pen\u00ednsula gracias a los cuales se puede ver la recreaci\u00f3n del portal y el pesebre durante todo el a\u00f1o. Y un dato: desde junio de 2022, <strong>el belenismo es Patrimonio Cultural Inmaterial de Espa\u00f1a<\/strong>.<\/p>\n\n\n\n<h3 class=\"wp-block-heading\" id=\"h-museo-de-belenes-del-mundo\"><strong>Museo de belenes del mundo<\/strong><\/h3>\n\n\n\n<p>Ubicado en <a href=\"\/casas-rurales\/ojos\">Oj\u00f3s<\/a> (Murcia), reside en una de las tres casas blasonadas de la localidad y en \u00e9l se pueden ver m\u00e1s de 235 conjuntos de belenes de los cinco continentes. Entre ellos hay desde los nacimientos m\u00e1s sencillos hasta representaciones de m\u00e1s de 50 piezas, algunas de ellas con m\u00e1s de un siglo de antig\u00fcedad.<\/p>\n\n\n\n<h3 class=\"wp-block-heading\" id=\"h-museo-de-belenes-de-alicante\"><strong>Museo de belenes de Alicante<\/strong><\/h3>\n\n\n\n<p>Aunque en la colecci\u00f3n abundan las piezas espa\u00f1olas, algunas pertenecientes a belenistas importantes como Mart\u00edn Castells Mart\u00ed, tambi\u00e9n hay presencia internacional. Se pueden observar representaciones europeas, con piezas de Portugal, Italia o Alemania pero tambi\u00e9n de \u00c1frica, Asia o pa\u00edses de Am\u00e9rica Latina como Per\u00fa.<\/p>\n\n\n\n<div class=\"wp-block-buttons is-layout-flex wp-block-buttons-is-layout-flex\">\n<div class=\"wp-block-button\"><a class=\"wp-block-button__link wp-element-button\" href=\"\/casas-rurales\/malaga\">Casas rurales en M\u00e1laga<\/a><\/div>\n<\/div>\n","protected":false},"excerpt":{"rendered":"<p>Es \u00e9poca de museo de belenes. El de Mollina cuenta con m\u00e1s de 100 belenes y miles de figuras en un espacio de 5.000 metros cuadrados. Aunque no es el \u00fanico museo de belenes de Espa\u00f1a. <\/p>\n","protected":false},"author":114,"featured_media":94875,"comment_status":"open","ping_status":"open","sticky":false,"template":"","format":"standard","meta":{"_acf_changed":false,"om_disable_all_campaigns":false,"footnotes":""},"categories":[231],"tags":[5493,792,5494,5495,5496,2237,600],"class_list":["post-68888","post","type-post","status-publish","format-standard","has-post-thumbnail","hentry","category-arte-y-cultura","tag-belen","tag-que-ver-en-malaga","tag-mollina","tag-museo-de-belenes","tag-museo-internacional-de-arte-belenista","tag-museos","tag-navidad"],"acf":[],"featured_image_src":"https:\/\/www.escapadarural.com\/blog\/wp-content\/uploads\/2024\/10\/Obra-La-oveja-perdida-1-1024x763-1.jpg","author_info":{"display_name":"Carmen L\u00f3pez","author_link":"https:\/\/www.escapadarural.com\/blog\/autor\/carmenlopez\/"},"yoast_head":"<!-- This site is optimized with the Yoast SEO plugin v27.5 - https:\/\/yoast.com\/product\/yoast-seo-wordpress\/ -->\n<title>Museo de belenes: los m\u00e1s de 100 pesebres de Mollina - EscapadaRural<\/title>\n<meta name=\"robots\" content=\"index, follow, max-snippet:-1, max-image-preview:large, max-video-preview:-1\" \/>\n<link rel=\"canonical\" href=\"https:\/\/www.escapadarural.com\/blog\/museo-de-belenes-mollina\/\" \/>\n<meta property=\"og:locale\" content=\"es_ES\" \/>\n<meta property=\"og:type\" content=\"article\" \/>\n<meta property=\"og:title\" content=\"Museo de belenes: los m\u00e1s de 100 pesebres de Mollina - EscapadaRural\" \/>\n<meta property=\"og:description\" content=\"Es \u00e9poca de museo de belenes. El de Mollina cuenta con m\u00e1s de 100 belenes y miles de figuras en un espacio de 5.000 metros cuadrados. Aunque no es el \u00fanico museo de belenes de Espa\u00f1a.\" \/>\n<meta property=\"og:url\" content=\"https:\/\/www.escapadarural.com\/blog\/museo-de-belenes-mollina\/\" \/>\n<meta property=\"og:site_name\" content=\"Magazine de viajes de EscapadaRural\" \/>\n<meta property=\"article:publisher\" content=\"https:\/\/www.facebook.com\/escapadarural\" \/>\n<meta property=\"article:published_time\" content=\"2023-12-09T07:00:00+00:00\" \/>\n<meta property=\"article:modified_time\" content=\"2025-05-21T10:03:14+00:00\" \/>\n<meta property=\"og:image\" content=\"https:\/\/www.escapadarural.com\/blog\/wp-content\/uploads\/2024\/10\/Obra-La-oveja-perdida-1-1024x763-1.jpg\" \/>\n\t<meta property=\"og:image:width\" content=\"1024\" \/>\n\t<meta property=\"og:image:height\" content=\"763\" \/>\n\t<meta property=\"og:image:type\" content=\"image\/jpeg\" \/>\n<meta name=\"author\" content=\"Carmen L\u00f3pez\" \/>\n<meta name=\"twitter:card\" content=\"summary_large_image\" \/>\n<meta name=\"twitter:label1\" content=\"Escrito por\" \/>\n\t<meta name=\"twitter:data1\" content=\"Carmen L\u00f3pez\" \/>\n\t<meta name=\"twitter:label2\" content=\"Tiempo de lectura\" \/>\n\t<meta name=\"twitter:data2\" content=\"6 minutos\" \/>\n<script type=\"application\/ld+json\" class=\"yoast-schema-graph\">{\"@context\":\"https:\\\/\\\/schema.org\",\"@graph\":[{\"@type\":\"Article\",\"@id\":\"https:\\\/\\\/www.escapadarural.com\\\/blog\\\/museo-de-belenes-mollina\\\/#article\",\"isPartOf\":{\"@id\":\"https:\\\/\\\/www.escapadarural.com\\\/blog\\\/museo-de-belenes-mollina\\\/\"},\"author\":{\"name\":\"Carmen L\u00f3pez\",\"@id\":\"https:\\\/\\\/www.escapadarural.com\\\/blog\\\/#\\\/schema\\\/person\\\/42dfdff6118172efc6a04c8ae599a2ce\"},\"headline\":\"Museo de belenes: los m\u00e1s de 100 pesebres de Mollina\",\"datePublished\":\"2023-12-09T07:00:00+00:00\",\"dateModified\":\"2025-05-21T10:03:14+00:00\",\"mainEntityOfPage\":{\"@id\":\"https:\\\/\\\/www.escapadarural.com\\\/blog\\\/museo-de-belenes-mollina\\\/\"},\"wordCount\":1141,\"commentCount\":0,\"publisher\":{\"@id\":\"https:\\\/\\\/www.escapadarural.com\\\/blog\\\/#organization\"},\"image\":{\"@id\":\"https:\\\/\\\/www.escapadarural.com\\\/blog\\\/museo-de-belenes-mollina\\\/#primaryimage\"},\"thumbnailUrl\":\"https:\\\/\\\/www.escapadarural.com\\\/blog\\\/wp-content\\\/uploads\\\/2024\\\/10\\\/Obra-La-oveja-perdida-1-1024x763-1.jpg\",\"keywords\":[\"bel\u00e9n\",\"M\u00e1laga\",\"mollina\",\"museo de belenes\",\"museo internacional de arte belenista\",\"museos\",\"Navidad\"],\"articleSection\":[\"Arte y Cultura\"],\"inLanguage\":\"es\",\"potentialAction\":[{\"@type\":\"CommentAction\",\"name\":\"Comment\",\"target\":[\"https:\\\/\\\/www.escapadarural.com\\\/blog\\\/museo-de-belenes-mollina\\\/#respond\"]}]},{\"@type\":\"WebPage\",\"@id\":\"https:\\\/\\\/www.escapadarural.com\\\/blog\\\/museo-de-belenes-mollina\\\/\",\"url\":\"https:\\\/\\\/www.escapadarural.com\\\/blog\\\/museo-de-belenes-mollina\\\/\",\"name\":\"Museo de belenes: los m\u00e1s de 100 pesebres de Mollina - EscapadaRural\",\"isPartOf\":{\"@id\":\"https:\\\/\\\/www.escapadarural.com\\\/blog\\\/#website\"},\"primaryImageOfPage\":{\"@id\":\"https:\\\/\\\/www.escapadarural.com\\\/blog\\\/museo-de-belenes-mollina\\\/#primaryimage\"},\"image\":{\"@id\":\"https:\\\/\\\/www.escapadarural.com\\\/blog\\\/museo-de-belenes-mollina\\\/#primaryimage\"},\"thumbnailUrl\":\"https:\\\/\\\/www.escapadarural.com\\\/blog\\\/wp-content\\\/uploads\\\/2024\\\/10\\\/Obra-La-oveja-perdida-1-1024x763-1.jpg\",\"datePublished\":\"2023-12-09T07:00:00+00:00\",\"dateModified\":\"2025-05-21T10:03:14+00:00\",\"breadcrumb\":{\"@id\":\"https:\\\/\\\/www.escapadarural.com\\\/blog\\\/museo-de-belenes-mollina\\\/#breadcrumb\"},\"inLanguage\":\"es\",\"potentialAction\":[{\"@type\":\"ReadAction\",\"target\":[\"https:\\\/\\\/www.escapadarural.com\\\/blog\\\/museo-de-belenes-mollina\\\/\"]}]},{\"@type\":\"ImageObject\",\"inLanguage\":\"es\",\"@id\":\"https:\\\/\\\/www.escapadarural.com\\\/blog\\\/museo-de-belenes-mollina\\\/#primaryimage\",\"url\":\"https:\\\/\\\/www.escapadarural.com\\\/blog\\\/wp-content\\\/uploads\\\/2024\\\/10\\\/Obra-La-oveja-perdida-1-1024x763-1.jpg\",\"contentUrl\":\"https:\\\/\\\/www.escapadarural.com\\\/blog\\\/wp-content\\\/uploads\\\/2024\\\/10\\\/Obra-La-oveja-perdida-1-1024x763-1.jpg\",\"width\":1024,\"height\":763,\"caption\":\"Un bel\u00e9n con Jos\u00e9, Mar\u00eda y el ni\u00f1o Jes\u00fas sentados juntos fuera de unas ruinas de piedra, rodeados de animales, vegetaci\u00f3n y un pastor de pie cerca.\"},{\"@type\":\"BreadcrumbList\",\"@id\":\"https:\\\/\\\/www.escapadarural.com\\\/blog\\\/museo-de-belenes-mollina\\\/#breadcrumb\",\"itemListElement\":[{\"@type\":\"ListItem\",\"position\":1,\"name\":\"Inicio\",\"item\":\"https:\\\/\\\/www.escapadarural.com\\\/blog\\\/\"},{\"@type\":\"ListItem\",\"position\":2,\"name\":\"Arte y Cultura\",\"item\":\"https:\\\/\\\/www.escapadarural.com\\\/blog\\\/categoria\\\/arte-y-cultura\\\/\"},{\"@type\":\"ListItem\",\"position\":3,\"name\":\"Museo de belenes: los m\u00e1s de 100 pesebres de Mollina\"}]},{\"@type\":\"WebSite\",\"@id\":\"https:\\\/\\\/www.escapadarural.com\\\/blog\\\/#website\",\"url\":\"https:\\\/\\\/www.escapadarural.com\\\/blog\\\/\",\"name\":\"Blog de viajes | turismo rural, alojamientos e inspiraci\u00f3n\",\"description\":\"Alojamientos rurales e inspiraci\u00f3n para tus escapadas\",\"publisher\":{\"@id\":\"https:\\\/\\\/www.escapadarural.com\\\/blog\\\/#organization\"},\"alternateName\":\"Magazine de viajes de EscapadaRural\",\"potentialAction\":[{\"@type\":\"SearchAction\",\"target\":{\"@type\":\"EntryPoint\",\"urlTemplate\":\"https:\\\/\\\/www.escapadarural.com\\\/blog\\\/?s={search_term_string}\"},\"query-input\":{\"@type\":\"PropertyValueSpecification\",\"valueRequired\":true,\"valueName\":\"search_term_string\"}}],\"inLanguage\":\"es\"},{\"@type\":\"Organization\",\"@id\":\"https:\\\/\\\/www.escapadarural.com\\\/blog\\\/#organization\",\"name\":\"EscapadaRural\",\"url\":\"https:\\\/\\\/www.escapadarural.com\\\/blog\\\/\",\"logo\":{\"@type\":\"ImageObject\",\"inLanguage\":\"es\",\"@id\":\"https:\\\/\\\/www.escapadarural.com\\\/blog\\\/#\\\/schema\\\/logo\\\/image\\\/\",\"url\":\"https:\\\/\\\/www.escapadarural.com\\\/blog\\\/wp-content\\\/uploads\\\/2024\\\/10\\\/cropped-cropped-escapada-rural-icon-mag-3.png\",\"contentUrl\":\"https:\\\/\\\/www.escapadarural.com\\\/blog\\\/wp-content\\\/uploads\\\/2024\\\/10\\\/cropped-cropped-escapada-rural-icon-mag-3.png\",\"width\":512,\"height\":512,\"caption\":\"EscapadaRural\"},\"image\":{\"@id\":\"https:\\\/\\\/www.escapadarural.com\\\/blog\\\/#\\\/schema\\\/logo\\\/image\\\/\"},\"sameAs\":[\"https:\\\/\\\/www.facebook.com\\\/escapadarural\",\"https:\\\/\\\/www.instagram.com\\\/escapadarural\\\/\",\"https:\\\/\\\/www.youtube.com\\\/@escapadaruralcom\"]},{\"@type\":\"Person\",\"@id\":\"https:\\\/\\\/www.escapadarural.com\\\/blog\\\/#\\\/schema\\\/person\\\/42dfdff6118172efc6a04c8ae599a2ce\",\"name\":\"Carmen L\u00f3pez\",\"image\":{\"@type\":\"ImageObject\",\"inLanguage\":\"es\",\"@id\":\"https:\\\/\\\/www.escapadarural.com\\\/blog\\\/wp-content\\\/uploads\\\/2024\\\/11\\\/cropped-perfil_eldiario-96x96-1-96x96.jpeg\",\"url\":\"https:\\\/\\\/www.escapadarural.com\\\/blog\\\/wp-content\\\/uploads\\\/2024\\\/11\\\/cropped-perfil_eldiario-96x96-1-96x96.jpeg\",\"contentUrl\":\"https:\\\/\\\/www.escapadarural.com\\\/blog\\\/wp-content\\\/uploads\\\/2024\\\/11\\\/cropped-perfil_eldiario-96x96-1-96x96.jpeg\",\"caption\":\"Carmen L\u00f3pez\"},\"description\":\"Soy periodista y escribo sobre cosas que importan en sitios que interesan desde hace m\u00e1s de una d\u00e9cada.\",\"url\":\"https:\\\/\\\/www.escapadarural.com\\\/blog\\\/autor\\\/carmenlopez\\\/\"}]}<\/script>\n<!-- \/ Yoast SEO plugin. -->","yoast_head_json":{"title":"Museo de belenes: los m\u00e1s de 100 pesebres de Mollina - EscapadaRural","robots":{"index":"index","follow":"follow","max-snippet":"max-snippet:-1","max-image-preview":"max-image-preview:large","max-video-preview":"max-video-preview:-1"},"canonical":"https:\/\/www.escapadarural.com\/blog\/museo-de-belenes-mollina\/","og_locale":"es_ES","og_type":"article","og_title":"Museo de belenes: los m\u00e1s de 100 pesebres de Mollina - EscapadaRural","og_description":"Es \u00e9poca de museo de belenes. El de Mollina cuenta con m\u00e1s de 100 belenes y miles de figuras en un espacio de 5.000 metros cuadrados. Aunque no es el \u00fanico museo de belenes de Espa\u00f1a.","og_url":"https:\/\/www.escapadarural.com\/blog\/museo-de-belenes-mollina\/","og_site_name":"Magazine de viajes de EscapadaRural","article_publisher":"https:\/\/www.facebook.com\/escapadarural","article_published_time":"2023-12-09T07:00:00+00:00","article_modified_time":"2025-05-21T10:03:14+00:00","og_image":[{"width":1024,"height":763,"url":"https:\/\/www.escapadarural.com\/blog\/wp-content\/uploads\/2024\/10\/Obra-La-oveja-perdida-1-1024x763-1.jpg","type":"image\/jpeg"}],"author":"Carmen L\u00f3pez","twitter_card":"summary_large_image","twitter_misc":{"Escrito por":"Carmen L\u00f3pez","Tiempo de lectura":"6 minutos"},"schema":{"@context":"https:\/\/schema.org","@graph":[{"@type":"Article","@id":"https:\/\/www.escapadarural.com\/blog\/museo-de-belenes-mollina\/#article","isPartOf":{"@id":"https:\/\/www.escapadarural.com\/blog\/museo-de-belenes-mollina\/"},"author":{"name":"Carmen L\u00f3pez","@id":"https:\/\/www.escapadarural.com\/blog\/#\/schema\/person\/42dfdff6118172efc6a04c8ae599a2ce"},"headline":"Museo de belenes: los m\u00e1s de 100 pesebres de Mollina","datePublished":"2023-12-09T07:00:00+00:00","dateModified":"2025-05-21T10:03:14+00:00","mainEntityOfPage":{"@id":"https:\/\/www.escapadarural.com\/blog\/museo-de-belenes-mollina\/"},"wordCount":1141,"commentCount":0,"publisher":{"@id":"https:\/\/www.escapadarural.com\/blog\/#organization"},"image":{"@id":"https:\/\/www.escapadarural.com\/blog\/museo-de-belenes-mollina\/#primaryimage"},"thumbnailUrl":"https:\/\/www.escapadarural.com\/blog\/wp-content\/uploads\/2024\/10\/Obra-La-oveja-perdida-1-1024x763-1.jpg","keywords":["bel\u00e9n","M\u00e1laga","mollina","museo de belenes","museo internacional de arte belenista","museos","Navidad"],"articleSection":["Arte y Cultura"],"inLanguage":"es","potentialAction":[{"@type":"CommentAction","name":"Comment","target":["https:\/\/www.escapadarural.com\/blog\/museo-de-belenes-mollina\/#respond"]}]},{"@type":"WebPage","@id":"https:\/\/www.escapadarural.com\/blog\/museo-de-belenes-mollina\/","url":"https:\/\/www.escapadarural.com\/blog\/museo-de-belenes-mollina\/","name":"Museo de belenes: los m\u00e1s de 100 pesebres de Mollina - EscapadaRural","isPartOf":{"@id":"https:\/\/www.escapadarural.com\/blog\/#website"},"primaryImageOfPage":{"@id":"https:\/\/www.escapadarural.com\/blog\/museo-de-belenes-mollina\/#primaryimage"},"image":{"@id":"https:\/\/www.escapadarural.com\/blog\/museo-de-belenes-mollina\/#primaryimage"},"thumbnailUrl":"https:\/\/www.escapadarural.com\/blog\/wp-content\/uploads\/2024\/10\/Obra-La-oveja-perdida-1-1024x763-1.jpg","datePublished":"2023-12-09T07:00:00+00:00","dateModified":"2025-05-21T10:03:14+00:00","breadcrumb":{"@id":"https:\/\/www.escapadarural.com\/blog\/museo-de-belenes-mollina\/#breadcrumb"},"inLanguage":"es","potentialAction":[{"@type":"ReadAction","target":["https:\/\/www.escapadarural.com\/blog\/museo-de-belenes-mollina\/"]}]},{"@type":"ImageObject","inLanguage":"es","@id":"https:\/\/www.escapadarural.com\/blog\/museo-de-belenes-mollina\/#primaryimage","url":"https:\/\/www.escapadarural.com\/blog\/wp-content\/uploads\/2024\/10\/Obra-La-oveja-perdida-1-1024x763-1.jpg","contentUrl":"https:\/\/www.escapadarural.com\/blog\/wp-content\/uploads\/2024\/10\/Obra-La-oveja-perdida-1-1024x763-1.jpg","width":1024,"height":763,"caption":"Un bel\u00e9n con Jos\u00e9, Mar\u00eda y el ni\u00f1o Jes\u00fas sentados juntos fuera de unas ruinas de piedra, rodeados de animales, vegetaci\u00f3n y un pastor de pie cerca."},{"@type":"BreadcrumbList","@id":"https:\/\/www.escapadarural.com\/blog\/museo-de-belenes-mollina\/#breadcrumb","itemListElement":[{"@type":"ListItem","position":1,"name":"Inicio","item":"https:\/\/www.escapadarural.com\/blog\/"},{"@type":"ListItem","position":2,"name":"Arte y Cultura","item":"https:\/\/www.escapadarural.com\/blog\/categoria\/arte-y-cultura\/"},{"@type":"ListItem","position":3,"name":"Museo de belenes: los m\u00e1s de 100 pesebres de Mollina"}]},{"@type":"WebSite","@id":"https:\/\/www.escapadarural.com\/blog\/#website","url":"https:\/\/www.escapadarural.com\/blog\/","name":"Blog de viajes | turismo rural, alojamientos e inspiraci\u00f3n","description":"Alojamientos rurales e inspiraci\u00f3n para tus escapadas","publisher":{"@id":"https:\/\/www.escapadarural.com\/blog\/#organization"},"alternateName":"Magazine de viajes de EscapadaRural","potentialAction":[{"@type":"SearchAction","target":{"@type":"EntryPoint","urlTemplate":"https:\/\/www.escapadarural.com\/blog\/?s={search_term_string}"},"query-input":{"@type":"PropertyValueSpecification","valueRequired":true,"valueName":"search_term_string"}}],"inLanguage":"es"},{"@type":"Organization","@id":"https:\/\/www.escapadarural.com\/blog\/#organization","name":"EscapadaRural","url":"https:\/\/www.escapadarural.com\/blog\/","logo":{"@type":"ImageObject","inLanguage":"es","@id":"https:\/\/www.escapadarural.com\/blog\/#\/schema\/logo\/image\/","url":"https:\/\/www.escapadarural.com\/blog\/wp-content\/uploads\/2024\/10\/cropped-cropped-escapada-rural-icon-mag-3.png","contentUrl":"https:\/\/www.escapadarural.com\/blog\/wp-content\/uploads\/2024\/10\/cropped-cropped-escapada-rural-icon-mag-3.png","width":512,"height":512,"caption":"EscapadaRural"},"image":{"@id":"https:\/\/www.escapadarural.com\/blog\/#\/schema\/logo\/image\/"},"sameAs":["https:\/\/www.facebook.com\/escapadarural","https:\/\/www.instagram.com\/escapadarural\/","https:\/\/www.youtube.com\/@escapadaruralcom"]},{"@type":"Person","@id":"https:\/\/www.escapadarural.com\/blog\/#\/schema\/person\/42dfdff6118172efc6a04c8ae599a2ce","name":"Carmen L\u00f3pez","image":{"@type":"ImageObject","inLanguage":"es","@id":"https:\/\/www.escapadarural.com\/blog\/wp-content\/uploads\/2024\/11\/cropped-perfil_eldiario-96x96-1-96x96.jpeg","url":"https:\/\/www.escapadarural.com\/blog\/wp-content\/uploads\/2024\/11\/cropped-perfil_eldiario-96x96-1-96x96.jpeg","contentUrl":"https:\/\/www.escapadarural.com\/blog\/wp-content\/uploads\/2024\/11\/cropped-perfil_eldiario-96x96-1-96x96.jpeg","caption":"Carmen L\u00f3pez"},"description":"Soy periodista y escribo sobre cosas que importan en sitios que interesan desde hace m\u00e1s de una d\u00e9cada.","url":"https:\/\/www.escapadarural.com\/blog\/autor\/carmenlopez\/"}]}},"_links":{"self":[{"href":"https:\/\/www.escapadarural.com\/blog\/wp-json\/wp\/v2\/posts\/68888","targetHints":{"allow":["GET"]}}],"collection":[{"href":"https:\/\/www.escapadarural.com\/blog\/wp-json\/wp\/v2\/posts"}],"about":[{"href":"https:\/\/www.escapadarural.com\/blog\/wp-json\/wp\/v2\/types\/post"}],"author":[{"embeddable":true,"href":"https:\/\/www.escapadarural.com\/blog\/wp-json\/wp\/v2\/users\/114"}],"replies":[{"embeddable":true,"href":"https:\/\/www.escapadarural.com\/blog\/wp-json\/wp\/v2\/comments?post=68888"}],"version-history":[{"count":0,"href":"https:\/\/www.escapadarural.com\/blog\/wp-json\/wp\/v2\/posts\/68888\/revisions"}],"wp:featuredmedia":[{"embeddable":true,"href":"https:\/\/www.escapadarural.com\/blog\/wp-json\/wp\/v2\/media\/94875"}],"wp:attachment":[{"href":"https:\/\/www.escapadarural.com\/blog\/wp-json\/wp\/v2\/media?parent=68888"}],"wp:term":[{"taxonomy":"category","embeddable":true,"href":"https:\/\/www.escapadarural.com\/blog\/wp-json\/wp\/v2\/categories?post=68888"},{"taxonomy":"post_tag","embeddable":true,"href":"https:\/\/www.escapadarural.com\/blog\/wp-json\/wp\/v2\/tags?post=68888"}],"curies":[{"name":"wp","href":"https:\/\/api.w.org\/{rel}","templated":true}]}}