{"id":69194,"date":"2023-12-21T10:18:50","date_gmt":"2023-12-21T09:18:50","guid":{"rendered":"https:\/\/www.escapadarural.com\/blog\/?p=69194"},"modified":"2025-05-20T13:48:43","modified_gmt":"2025-05-20T11:48:43","slug":"ses-fonts-ufanes-fenomeno-hidrologico-mallorca","status":"publish","type":"post","link":"https:\/\/www.escapadarural.com\/blog\/ses-fonts-ufanes-fenomeno-hidrologico-mallorca\/","title":{"rendered":"Ses Fonts Ufanes, el fen\u00f3meno hidrol\u00f3gico m\u00e1s singular de Mallorca"},"content":{"rendered":"\n<figure class=\"wp-block-image size-large\"><a href=\"https:\/\/www.escapadarural.com\/blog\/wp-content\/uploads\/Ses-fonts-Ufanes-scaled.jpg\"><img decoding=\"async\" src=\"https:\/\/www.escapadarural.com\/blog\/wp-content\/uploads\/2024\/10\/Ses-fonts-Ufanes-1024x683-1.jpg\" alt=\"Ses Fonts Ufanes\" class=\"wp-image-69289\"\/><\/a><figcaption class=\"wp-element-caption\">Ses Fonts Ufanes. Por Hans Hansen<\/figcaption><\/figure>\n\n\n\n<p>Las <strong>Fonts Ufanes<\/strong>, ubicadas en la finca p\u00fablica de Gabell\u00ed, cerca del monasterio de Lluc en Campanet, <a href=\"\/casas-rurales\/mallorca\">Mallorca<\/a>, presentan un fen\u00f3meno hidrol\u00f3gico \u00fanico y fascinante.&nbsp;<\/p>\n\n\n\n<p>Este espect\u00e1culo natural, caracterizado por la aparici\u00f3n s\u00fabita y potente de manantiales tras per\u00edodos de fuertes lluvias, ha cautivado tanto a lugare\u00f1os como a cient\u00edficos por su singularidad y belleza. La finca, gestionada por la <strong>Agencia Balear del Agua y la Calidad Ambiental<\/strong> (ABAQUA), ofrece un paraje de encinas y un sistema hidrol\u00f3gico que se ha convertido en un punto de inter\u00e9s tanto tur\u00edstico como cient\u00edfico.<\/p>\n\n\n\n<h2 class=\"wp-block-heading\" id=\"h-un-despertar-acuatico-inesperado\"><strong>Un despertar acu\u00e1tico inesperado<\/strong><\/h2>\n\n\n\n<figure class=\"wp-block-image size-large\"><img decoding=\"async\" src=\"https:\/\/www.escapadarural.com\/blog\/wp-content\/uploads\/2024\/10\/Fonts-Ufanes-1024x684-1.jpg\" alt=\"Ses Fonts Ufanes\" class=\"wp-image-69292\"\/><figcaption class=\"wp-element-caption\">Ses Fonts Ufanes. Por yerartadams<\/figcaption><\/figure>\n\n\n\n<p><strong>Ses Fonts Ufanes<\/strong> no son fuentes ordinarias. Su comportamiento es intermitente y altamente dependiente de las condiciones clim\u00e1ticas. No brotan con un flujo constante, sino que emergen de forma explosiva y repentina, generalmente tras episodios de lluvias intensas en la sierra de Tramuntana. Este fen\u00f3meno es producto de un complejo sistema k\u00e1rstico subterr\u00e1neo, donde el agua de lluvia se filtra a trav\u00e9s de las rocas calc\u00e1reas, acumul\u00e1ndose en cavidades subterr\u00e1neas hasta que la presi\u00f3n la impulsa hacia la superficie.<\/p>\n\n\n\n<p>El fen\u00f3meno, clasificado como \u00abfuente vauclusiana\u00bb, merece una atenci\u00f3n especial por su extraordinaria naturaleza y el impacto que tiene en el paisaje de Mallorca. Este tipo de fuente, que debe su nombre a la c\u00e9lebre fuente de Vaucluse en Francia, se caracteriza por un comportamiento hidrol\u00f3gico poco com\u00fan y extraordinariamente din\u00e1mico.<\/p>\n\n\n\n<figure class=\"wp-block-image size-large\"><a href=\"https:\/\/www.escapadarural.com\/blog\/wp-content\/uploads\/Ses-fonts-Ufanes-Mallorca-scaled.jpg\"><img decoding=\"async\" src=\"https:\/\/www.escapadarural.com\/blog\/wp-content\/uploads\/2024\/10\/Ses-fonts-Ufanes-Mallorca-1024x565-1.jpg\" alt=\"Ses Fonts Ufanes\" class=\"wp-image-69294\"\/><\/a><figcaption class=\"wp-element-caption\">Ses Fonts Ufanes. Por Hans Hansen<\/figcaption><\/figure>\n\n\n\n<p>En el caso de las Fonts Ufanes, el fen\u00f3meno se desencadena cuando las intensas lluvias en la sierra de Tramuntana saturan el subsuelo. La regi\u00f3n de Tramuntana, conocida por su geolog\u00eda k\u00e1rstica, facilita la r\u00e1pida absorci\u00f3n y el movimiento del agua a trav\u00e9s de sus rocas calc\u00e1reas porosas. Este proceso resulta en la acumulaci\u00f3n de agua en vastas c\u00e1maras subterr\u00e1neas, conocidas como acu\u00edferos k\u00e1rsticos.<\/p>\n\n\n\n<p>A medida que estas c\u00e1maras se llenan, la presi\u00f3n del agua acumulada aumenta considerablemente. Una vez que alcanza un punto cr\u00edtico, el agua es expulsada hacia la superficie con una fuerza y volumen impresionantes, creando las Fonts Ufanes. Este brote no es un flujo constante, sino m\u00e1s bien un evento explosivo y ef\u00edmero.<\/p>\n\n\n\n<p>El caudal de estas fuentes puede ser verdaderamente asombroso, alcanzando hasta tres mil litros por segundo en su punto m\u00e1ximo. Esta erupci\u00f3n de agua no solo es un espect\u00e1culo visual impresionante, sino que tambi\u00e9n tiene un efecto palpable en el paisaje circundante. El agua emerge con tal vigor que es capaz de alterar la topograf\u00eda local, moldeando y creando peque\u00f1os arroyos que serpentean a trav\u00e9s del bosque de encinas, modificando temporalmente el ecosistema del \u00e1rea.<\/p>\n\n\n\n<figure class=\"wp-block-image size-large\"><a href=\"https:\/\/www.escapadarural.com\/blog\/wp-content\/uploads\/Ses-fonts-Ufanes-parque-scaled.jpg\"><img decoding=\"async\" src=\"https:\/\/www.escapadarural.com\/blog\/wp-content\/uploads\/2024\/10\/Ses-fonts-Ufanes-parque-1024x683-1.jpg\" alt=\"Ses Fonts Ufanes\" class=\"wp-image-69295\"\/><\/a><figcaption class=\"wp-element-caption\">Ses Fonts Ufanes. Por Hans Hansen<\/figcaption><\/figure>\n\n\n\n<p>Estos arroyos espont\u00e1neos aportan una riqueza de agua fresca y nutrientes al suelo, lo que beneficia tanto a la flora como a la fauna local. La presencia de agua en estos arroyos ef\u00edmeros tambi\u00e9n crea microh\u00e1bitats que pueden ser cruciales para ciertas especies de plantas y animales, especialmente en un clima mediterr\u00e1neo donde el agua puede ser un recurso escaso.<\/p>\n\n\n\n<p>La din\u00e1mica de las Fonts Ufanes, por lo tanto, no es solo un fen\u00f3meno hidrol\u00f3gico de inter\u00e9s, sino tambi\u00e9n un elemento vital que contribuye a la biodiversidad y la salud ecol\u00f3gica de la regi\u00f3n. Su estudio y comprensi\u00f3n son fundamentales para apreciar plenamente c\u00f3mo los procesos naturales, a menudo invisibles y subterr\u00e1neos, pueden tener efectos significativos y visibles en nuestro entorno natural.<\/p>\n\n\n\n<h2 class=\"wp-block-heading\" id=\"h-importancia-ecologica-y-cultural\"><strong>Importancia ecol\u00f3gica y cultural<\/strong><\/h2>\n\n\n\n<figure class=\"wp-block-image size-large\"><a href=\"https:\/\/www.escapadarural.com\/blog\/wp-content\/uploads\/Albufera-Mallorca-scaled.jpg\"><img decoding=\"async\" src=\"https:\/\/www.escapadarural.com\/blog\/wp-content\/uploads\/2024\/10\/Albufera-Mallorca-1024x683-1.jpg\" alt=\"Albufera, Mallorca\" class=\"wp-image-69297\"\/><\/a><figcaption class=\"wp-element-caption\">La Albufera de Mallorca. Por Hector<\/figcaption><\/figure>\n\n\n\n<p>La importancia ecol\u00f3gica de las Fonts Ufanes trasciende su mero atractivo visual, convirti\u00e9ndose en un elemento crucial para la sostenibilidad del ecosistema de Mallorca, especialmente en lo que respecta al <strong>Parc Natural de s&#8217;Albufera<\/strong>. Este parque, un humedal de inestimable valor ecol\u00f3gico, depende en gran medida del agua dulce aportada por las Fonts Ufanes para mantener su diversidad biol\u00f3gica y la salud de sus ecosistemas.<\/p>\n\n\n\n<p>Durante los meses de verano, cuando las precipitaciones son escasas en Mallorca, el agua de las Fonts Ufanes se convierte en una fuente vital para la vida en s&#8217;Albufera. El agua dulce de estos manantiales ayuda a mantener los niveles de agua en el parque, asegurando as\u00ed la supervivencia de una amplia gama de especies, especialmente las aves migratorias y residentes. Estas aves dependen de los humedales para la alimentaci\u00f3n, la cr\u00eda y el descanso durante sus largas migraciones. La presencia constante de agua tambi\u00e9n es fundamental para preservar la vegetaci\u00f3n del humedal, <strong>que a su vez proporciona h\u00e1bitat y alimento para la fauna local<\/strong>.<\/p>\n\n\n\n<figure class=\"wp-block-image size-large\"><a href=\"https:\/\/www.escapadarural.com\/blog\/wp-content\/uploads\/Ses-fonts-Ufanes-fauna-scaled.jpg\"><img decoding=\"async\" src=\"https:\/\/www.escapadarural.com\/blog\/wp-content\/uploads\/2024\/10\/Ses-fonts-Ufanes-fauna-1024x768-1.jpg\" alt=\"Ses Fonts Ufanes\" class=\"wp-image-69298\"\/><\/a><figcaption class=\"wp-element-caption\">Ses Fonts Ufanes. Por Hans Hansen<\/figcaption><\/figure>\n\n\n\n<p>Adem\u00e1s de su importancia ecol\u00f3gica, las Fonts Ufanes tienen un valor cultural y social profundo para los habitantes de Mallorca. Han sido hist\u00f3ricamente un s\u00edmbolo de la interacci\u00f3n armoniosa entre la naturaleza y los seres humanos. Desde tiempos inmemoriales, los residentes de la isla han aprovechado el agua de estas fuentes para sus necesidades agr\u00edcolas, adaptando sus pr\u00e1cticas de cultivo a los ritmos impredecibles de las fuentes. Esta relaci\u00f3n ha fomentado un profundo respeto y comprensi\u00f3n de la importancia de conservar los recursos naturales y adaptarse a los ciclos naturales.<\/p>\n\n\n\n<p>En t\u00e9rminos de turismo, las Fonts Ufanes ofrecen un modelo ejemplar de c\u00f3mo un fen\u00f3meno natural puede atraer a visitantes de una manera que beneficia tanto al entorno como a la econom\u00eda local. El turismo en torno a las Fonts Ufanes se ha desarrollado de manera sostenible, con un \u00e9nfasis en la educaci\u00f3n ambiental y el respeto por el delicado equilibrio ecol\u00f3gico del \u00e1rea. <\/p>\n\n\n\n<p>Los visitantes tienen la oportunidad de experimentar de primera mano la belleza de la naturaleza de Mallorca, al mismo tiempo que aprenden sobre la importancia de la conservaci\u00f3n del agua y los ecosistemas naturales. Este enfoque equilibrado ha asegurado que el fen\u00f3meno de las Fonts Ufanes <strong>siga siendo una atracci\u00f3n viable y respetuosa con el medio ambiente para las generaciones futuras<\/strong>.<\/p>\n\n\n\n<div class=\"wp-block-buttons is-layout-flex wp-block-buttons-is-layout-flex\">\n<div class=\"wp-block-button\"><a class=\"wp-block-button__link wp-element-button\" href=\"\/casas-rurales\/mallorca\">Casas rurales en Mallorca<\/a><\/div>\n<\/div>\n","protected":false},"excerpt":{"rendered":"<p>Ses Fonts Ufanes no son fuentes ordinarias. Su comportamiento es intermitente y altamente dependiente de las condiciones clim\u00e1ticas. No brotan con un flujo constante, sino que emergen de forma explosiva y repentina<\/p>\n","protected":false},"author":120,"featured_media":94700,"comment_status":"open","ping_status":"open","sticky":false,"template":"","format":"standard","meta":{"_acf_changed":false,"om_disable_all_campaigns":false,"footnotes":""},"categories":[279],"tags":[1326,5518,412,410],"class_list":["post-69194","post","type-post","status-publish","format-standard","has-post-thumbnail","hentry","category-ciencia","tag-agua","tag-fonts-ufanes","tag-que-ver-en-islas-baleares","tag-mallorca"],"acf":[],"featured_image_src":"https:\/\/www.escapadarural.com\/blog\/wp-content\/uploads\/2024\/10\/Ses-fonts-Ufanes-1024x683-1.jpg","author_info":{"display_name":"Sergio Parra","author_link":"https:\/\/www.escapadarural.com\/blog\/autor\/sergio\/"},"yoast_head":"<!-- This site is optimized with the Yoast SEO plugin v27.5 - https:\/\/yoast.com\/product\/yoast-seo-wordpress\/ -->\n<title>Ses Fonts Ufanes, el fen\u00f3meno hidrol\u00f3gico m\u00e1s singular de Mallorca - EscapadaRural<\/title>\n<meta name=\"robots\" content=\"index, follow, max-snippet:-1, max-image-preview:large, max-video-preview:-1\" \/>\n<link rel=\"canonical\" href=\"https:\/\/www.escapadarural.com\/blog\/ses-fonts-ufanes-fenomeno-hidrologico-mallorca\/\" \/>\n<meta property=\"og:locale\" content=\"es_ES\" \/>\n<meta property=\"og:type\" content=\"article\" \/>\n<meta property=\"og:title\" content=\"Ses Fonts Ufanes, el fen\u00f3meno hidrol\u00f3gico m\u00e1s singular de Mallorca - EscapadaRural\" \/>\n<meta property=\"og:description\" content=\"Ses Fonts Ufanes no son fuentes ordinarias. Su comportamiento es intermitente y altamente dependiente de las condiciones clim\u00e1ticas. No brotan con un flujo constante, sino que emergen de forma explosiva y repentina\" \/>\n<meta property=\"og:url\" content=\"https:\/\/www.escapadarural.com\/blog\/ses-fonts-ufanes-fenomeno-hidrologico-mallorca\/\" \/>\n<meta property=\"og:site_name\" content=\"Magazine de viajes de EscapadaRural\" \/>\n<meta property=\"article:publisher\" content=\"https:\/\/www.facebook.com\/escapadarural\" \/>\n<meta property=\"article:published_time\" content=\"2023-12-21T09:18:50+00:00\" \/>\n<meta property=\"article:modified_time\" content=\"2025-05-20T11:48:43+00:00\" \/>\n<meta property=\"og:image\" content=\"https:\/\/www.escapadarural.com\/blog\/wp-content\/uploads\/2024\/10\/Ses-fonts-Ufanes-1024x683-1.jpg\" \/>\n\t<meta property=\"og:image:width\" content=\"1024\" \/>\n\t<meta property=\"og:image:height\" content=\"683\" \/>\n\t<meta property=\"og:image:type\" content=\"image\/jpeg\" \/>\n<meta name=\"author\" content=\"Sergio Parra\" \/>\n<meta name=\"twitter:card\" content=\"summary_large_image\" \/>\n<meta name=\"twitter:label1\" content=\"Escrito por\" \/>\n\t<meta name=\"twitter:data1\" content=\"Sergio Parra\" \/>\n\t<meta name=\"twitter:label2\" content=\"Tiempo de lectura\" \/>\n\t<meta name=\"twitter:data2\" content=\"5 minutos\" \/>\n<script type=\"application\/ld+json\" class=\"yoast-schema-graph\">{\"@context\":\"https:\\\/\\\/schema.org\",\"@graph\":[{\"@type\":\"Article\",\"@id\":\"https:\\\/\\\/www.escapadarural.com\\\/blog\\\/ses-fonts-ufanes-fenomeno-hidrologico-mallorca\\\/#article\",\"isPartOf\":{\"@id\":\"https:\\\/\\\/www.escapadarural.com\\\/blog\\\/ses-fonts-ufanes-fenomeno-hidrologico-mallorca\\\/\"},\"author\":{\"name\":\"Sergio Parra\",\"@id\":\"https:\\\/\\\/www.escapadarural.com\\\/blog\\\/#\\\/schema\\\/person\\\/b19b2221b2fc03d3ab5ec82d81f7a678\"},\"headline\":\"Ses Fonts Ufanes, el fen\u00f3meno hidrol\u00f3gico m\u00e1s singular de Mallorca\",\"datePublished\":\"2023-12-21T09:18:50+00:00\",\"dateModified\":\"2025-05-20T11:48:43+00:00\",\"mainEntityOfPage\":{\"@id\":\"https:\\\/\\\/www.escapadarural.com\\\/blog\\\/ses-fonts-ufanes-fenomeno-hidrologico-mallorca\\\/\"},\"wordCount\":1080,\"commentCount\":0,\"publisher\":{\"@id\":\"https:\\\/\\\/www.escapadarural.com\\\/blog\\\/#organization\"},\"image\":{\"@id\":\"https:\\\/\\\/www.escapadarural.com\\\/blog\\\/ses-fonts-ufanes-fenomeno-hidrologico-mallorca\\\/#primaryimage\"},\"thumbnailUrl\":\"https:\\\/\\\/www.escapadarural.com\\\/blog\\\/wp-content\\\/uploads\\\/2024\\\/10\\\/Ses-fonts-Ufanes-1024x683-1.jpg\",\"keywords\":[\"Agua\",\"Fonts Ufanes\",\"Islas Baleares\",\"Mallorca\"],\"articleSection\":[\"Ciencia\"],\"inLanguage\":\"es\",\"potentialAction\":[{\"@type\":\"CommentAction\",\"name\":\"Comment\",\"target\":[\"https:\\\/\\\/www.escapadarural.com\\\/blog\\\/ses-fonts-ufanes-fenomeno-hidrologico-mallorca\\\/#respond\"]}]},{\"@type\":\"WebPage\",\"@id\":\"https:\\\/\\\/www.escapadarural.com\\\/blog\\\/ses-fonts-ufanes-fenomeno-hidrologico-mallorca\\\/\",\"url\":\"https:\\\/\\\/www.escapadarural.com\\\/blog\\\/ses-fonts-ufanes-fenomeno-hidrologico-mallorca\\\/\",\"name\":\"Ses Fonts Ufanes, el fen\u00f3meno hidrol\u00f3gico m\u00e1s singular de Mallorca - EscapadaRural\",\"isPartOf\":{\"@id\":\"https:\\\/\\\/www.escapadarural.com\\\/blog\\\/#website\"},\"primaryImageOfPage\":{\"@id\":\"https:\\\/\\\/www.escapadarural.com\\\/blog\\\/ses-fonts-ufanes-fenomeno-hidrologico-mallorca\\\/#primaryimage\"},\"image\":{\"@id\":\"https:\\\/\\\/www.escapadarural.com\\\/blog\\\/ses-fonts-ufanes-fenomeno-hidrologico-mallorca\\\/#primaryimage\"},\"thumbnailUrl\":\"https:\\\/\\\/www.escapadarural.com\\\/blog\\\/wp-content\\\/uploads\\\/2024\\\/10\\\/Ses-fonts-Ufanes-1024x683-1.jpg\",\"datePublished\":\"2023-12-21T09:18:50+00:00\",\"dateModified\":\"2025-05-20T11:48:43+00:00\",\"breadcrumb\":{\"@id\":\"https:\\\/\\\/www.escapadarural.com\\\/blog\\\/ses-fonts-ufanes-fenomeno-hidrologico-mallorca\\\/#breadcrumb\"},\"inLanguage\":\"es\",\"potentialAction\":[{\"@type\":\"ReadAction\",\"target\":[\"https:\\\/\\\/www.escapadarural.com\\\/blog\\\/ses-fonts-ufanes-fenomeno-hidrologico-mallorca\\\/\"]}]},{\"@type\":\"ImageObject\",\"inLanguage\":\"es\",\"@id\":\"https:\\\/\\\/www.escapadarural.com\\\/blog\\\/ses-fonts-ufanes-fenomeno-hidrologico-mallorca\\\/#primaryimage\",\"url\":\"https:\\\/\\\/www.escapadarural.com\\\/blog\\\/wp-content\\\/uploads\\\/2024\\\/10\\\/Ses-fonts-Ufanes-1024x683-1.jpg\",\"contentUrl\":\"https:\\\/\\\/www.escapadarural.com\\\/blog\\\/wp-content\\\/uploads\\\/2024\\\/10\\\/Ses-fonts-Ufanes-1024x683-1.jpg\",\"width\":1024,\"height\":683,\"caption\":\"Un arroyo claro y caudaloso serpentea a trav\u00e9s de un denso bosque de \u00e1rboles altos cubiertos de hojas y rocas dispersas, con la luz del sol filtr\u00e1ndose entre las ramas e iluminando el agua y el suelo del bosque.\"},{\"@type\":\"BreadcrumbList\",\"@id\":\"https:\\\/\\\/www.escapadarural.com\\\/blog\\\/ses-fonts-ufanes-fenomeno-hidrologico-mallorca\\\/#breadcrumb\",\"itemListElement\":[{\"@type\":\"ListItem\",\"position\":1,\"name\":\"Inicio\",\"item\":\"https:\\\/\\\/www.escapadarural.com\\\/blog\\\/\"},{\"@type\":\"ListItem\",\"position\":2,\"name\":\"Ciencia\",\"item\":\"https:\\\/\\\/www.escapadarural.com\\\/blog\\\/categoria\\\/ciencia\\\/\"},{\"@type\":\"ListItem\",\"position\":3,\"name\":\"Ses Fonts Ufanes, el fen\u00f3meno hidrol\u00f3gico m\u00e1s singular de Mallorca\"}]},{\"@type\":\"WebSite\",\"@id\":\"https:\\\/\\\/www.escapadarural.com\\\/blog\\\/#website\",\"url\":\"https:\\\/\\\/www.escapadarural.com\\\/blog\\\/\",\"name\":\"Blog de viajes | turismo rural, alojamientos e inspiraci\u00f3n\",\"description\":\"Alojamientos rurales e inspiraci\u00f3n para tus escapadas\",\"publisher\":{\"@id\":\"https:\\\/\\\/www.escapadarural.com\\\/blog\\\/#organization\"},\"alternateName\":\"Magazine de viajes de EscapadaRural\",\"potentialAction\":[{\"@type\":\"SearchAction\",\"target\":{\"@type\":\"EntryPoint\",\"urlTemplate\":\"https:\\\/\\\/www.escapadarural.com\\\/blog\\\/?s={search_term_string}\"},\"query-input\":{\"@type\":\"PropertyValueSpecification\",\"valueRequired\":true,\"valueName\":\"search_term_string\"}}],\"inLanguage\":\"es\"},{\"@type\":\"Organization\",\"@id\":\"https:\\\/\\\/www.escapadarural.com\\\/blog\\\/#organization\",\"name\":\"EscapadaRural\",\"url\":\"https:\\\/\\\/www.escapadarural.com\\\/blog\\\/\",\"logo\":{\"@type\":\"ImageObject\",\"inLanguage\":\"es\",\"@id\":\"https:\\\/\\\/www.escapadarural.com\\\/blog\\\/#\\\/schema\\\/logo\\\/image\\\/\",\"url\":\"https:\\\/\\\/www.escapadarural.com\\\/blog\\\/wp-content\\\/uploads\\\/2024\\\/10\\\/cropped-cropped-escapada-rural-icon-mag-3.png\",\"contentUrl\":\"https:\\\/\\\/www.escapadarural.com\\\/blog\\\/wp-content\\\/uploads\\\/2024\\\/10\\\/cropped-cropped-escapada-rural-icon-mag-3.png\",\"width\":512,\"height\":512,\"caption\":\"EscapadaRural\"},\"image\":{\"@id\":\"https:\\\/\\\/www.escapadarural.com\\\/blog\\\/#\\\/schema\\\/logo\\\/image\\\/\"},\"sameAs\":[\"https:\\\/\\\/www.facebook.com\\\/escapadarural\",\"https:\\\/\\\/www.instagram.com\\\/escapadarural\\\/\",\"https:\\\/\\\/www.youtube.com\\\/@escapadaruralcom\"]},{\"@type\":\"Person\",\"@id\":\"https:\\\/\\\/www.escapadarural.com\\\/blog\\\/#\\\/schema\\\/person\\\/b19b2221b2fc03d3ab5ec82d81f7a678\",\"name\":\"Sergio Parra\",\"image\":{\"@type\":\"ImageObject\",\"inLanguage\":\"es\",\"@id\":\"https:\\\/\\\/www.escapadarural.com\\\/blog\\\/wp-content\\\/uploads\\\/2025\\\/02\\\/cropped-sergio_parra.webp\",\"url\":\"https:\\\/\\\/www.escapadarural.com\\\/blog\\\/wp-content\\\/uploads\\\/2025\\\/02\\\/cropped-sergio_parra.webp\",\"contentUrl\":\"https:\\\/\\\/www.escapadarural.com\\\/blog\\\/wp-content\\\/uploads\\\/2025\\\/02\\\/cropped-sergio_parra.webp\",\"caption\":\"Sergio Parra\"},\"description\":\"Juntaletras, divulgador y alfanum\u00e9rico vocacional. Siempre a la caza de historias que iluminen el camino y de ense\u00f1anzas que permitan capturar lo que te salga al paso. Escribo en Yorokobu, Jot Down y Muy Interesante, y soy editor de Xataka Ciencia y Diario del Viajero. Cuando necesito recogimiento, escribo libros. Cuando me siento extrovertido, salgo en el canal de YouTube Optirrealismo o el podcast Xanad\u00fa: Hearst &amp; Kane. Cuando busco perspectiva, me marcho lejos en bicicleta.\",\"sameAs\":[\"https:\\\/\\\/about.me\\\/sergioparra\",\"https:\\\/\\\/www.instagram.com\\\/melvinud\\\/\"],\"url\":\"https:\\\/\\\/www.escapadarural.com\\\/blog\\\/autor\\\/sergio\\\/\"}]}<\/script>\n<!-- \/ Yoast SEO plugin. -->","yoast_head_json":{"title":"Ses Fonts Ufanes, el fen\u00f3meno hidrol\u00f3gico m\u00e1s singular de Mallorca - EscapadaRural","robots":{"index":"index","follow":"follow","max-snippet":"max-snippet:-1","max-image-preview":"max-image-preview:large","max-video-preview":"max-video-preview:-1"},"canonical":"https:\/\/www.escapadarural.com\/blog\/ses-fonts-ufanes-fenomeno-hidrologico-mallorca\/","og_locale":"es_ES","og_type":"article","og_title":"Ses Fonts Ufanes, el fen\u00f3meno hidrol\u00f3gico m\u00e1s singular de Mallorca - EscapadaRural","og_description":"Ses Fonts Ufanes no son fuentes ordinarias. Su comportamiento es intermitente y altamente dependiente de las condiciones clim\u00e1ticas. No brotan con un flujo constante, sino que emergen de forma explosiva y repentina","og_url":"https:\/\/www.escapadarural.com\/blog\/ses-fonts-ufanes-fenomeno-hidrologico-mallorca\/","og_site_name":"Magazine de viajes de EscapadaRural","article_publisher":"https:\/\/www.facebook.com\/escapadarural","article_published_time":"2023-12-21T09:18:50+00:00","article_modified_time":"2025-05-20T11:48:43+00:00","og_image":[{"width":1024,"height":683,"url":"https:\/\/www.escapadarural.com\/blog\/wp-content\/uploads\/2024\/10\/Ses-fonts-Ufanes-1024x683-1.jpg","type":"image\/jpeg"}],"author":"Sergio Parra","twitter_card":"summary_large_image","twitter_misc":{"Escrito por":"Sergio Parra","Tiempo de lectura":"5 minutos"},"schema":{"@context":"https:\/\/schema.org","@graph":[{"@type":"Article","@id":"https:\/\/www.escapadarural.com\/blog\/ses-fonts-ufanes-fenomeno-hidrologico-mallorca\/#article","isPartOf":{"@id":"https:\/\/www.escapadarural.com\/blog\/ses-fonts-ufanes-fenomeno-hidrologico-mallorca\/"},"author":{"name":"Sergio Parra","@id":"https:\/\/www.escapadarural.com\/blog\/#\/schema\/person\/b19b2221b2fc03d3ab5ec82d81f7a678"},"headline":"Ses Fonts Ufanes, el fen\u00f3meno hidrol\u00f3gico m\u00e1s singular de Mallorca","datePublished":"2023-12-21T09:18:50+00:00","dateModified":"2025-05-20T11:48:43+00:00","mainEntityOfPage":{"@id":"https:\/\/www.escapadarural.com\/blog\/ses-fonts-ufanes-fenomeno-hidrologico-mallorca\/"},"wordCount":1080,"commentCount":0,"publisher":{"@id":"https:\/\/www.escapadarural.com\/blog\/#organization"},"image":{"@id":"https:\/\/www.escapadarural.com\/blog\/ses-fonts-ufanes-fenomeno-hidrologico-mallorca\/#primaryimage"},"thumbnailUrl":"https:\/\/www.escapadarural.com\/blog\/wp-content\/uploads\/2024\/10\/Ses-fonts-Ufanes-1024x683-1.jpg","keywords":["Agua","Fonts Ufanes","Islas Baleares","Mallorca"],"articleSection":["Ciencia"],"inLanguage":"es","potentialAction":[{"@type":"CommentAction","name":"Comment","target":["https:\/\/www.escapadarural.com\/blog\/ses-fonts-ufanes-fenomeno-hidrologico-mallorca\/#respond"]}]},{"@type":"WebPage","@id":"https:\/\/www.escapadarural.com\/blog\/ses-fonts-ufanes-fenomeno-hidrologico-mallorca\/","url":"https:\/\/www.escapadarural.com\/blog\/ses-fonts-ufanes-fenomeno-hidrologico-mallorca\/","name":"Ses Fonts Ufanes, el fen\u00f3meno hidrol\u00f3gico m\u00e1s singular de Mallorca - EscapadaRural","isPartOf":{"@id":"https:\/\/www.escapadarural.com\/blog\/#website"},"primaryImageOfPage":{"@id":"https:\/\/www.escapadarural.com\/blog\/ses-fonts-ufanes-fenomeno-hidrologico-mallorca\/#primaryimage"},"image":{"@id":"https:\/\/www.escapadarural.com\/blog\/ses-fonts-ufanes-fenomeno-hidrologico-mallorca\/#primaryimage"},"thumbnailUrl":"https:\/\/www.escapadarural.com\/blog\/wp-content\/uploads\/2024\/10\/Ses-fonts-Ufanes-1024x683-1.jpg","datePublished":"2023-12-21T09:18:50+00:00","dateModified":"2025-05-20T11:48:43+00:00","breadcrumb":{"@id":"https:\/\/www.escapadarural.com\/blog\/ses-fonts-ufanes-fenomeno-hidrologico-mallorca\/#breadcrumb"},"inLanguage":"es","potentialAction":[{"@type":"ReadAction","target":["https:\/\/www.escapadarural.com\/blog\/ses-fonts-ufanes-fenomeno-hidrologico-mallorca\/"]}]},{"@type":"ImageObject","inLanguage":"es","@id":"https:\/\/www.escapadarural.com\/blog\/ses-fonts-ufanes-fenomeno-hidrologico-mallorca\/#primaryimage","url":"https:\/\/www.escapadarural.com\/blog\/wp-content\/uploads\/2024\/10\/Ses-fonts-Ufanes-1024x683-1.jpg","contentUrl":"https:\/\/www.escapadarural.com\/blog\/wp-content\/uploads\/2024\/10\/Ses-fonts-Ufanes-1024x683-1.jpg","width":1024,"height":683,"caption":"Un arroyo claro y caudaloso serpentea a trav\u00e9s de un denso bosque de \u00e1rboles altos cubiertos de hojas y rocas dispersas, con la luz del sol filtr\u00e1ndose entre las ramas e iluminando el agua y el suelo del bosque."},{"@type":"BreadcrumbList","@id":"https:\/\/www.escapadarural.com\/blog\/ses-fonts-ufanes-fenomeno-hidrologico-mallorca\/#breadcrumb","itemListElement":[{"@type":"ListItem","position":1,"name":"Inicio","item":"https:\/\/www.escapadarural.com\/blog\/"},{"@type":"ListItem","position":2,"name":"Ciencia","item":"https:\/\/www.escapadarural.com\/blog\/categoria\/ciencia\/"},{"@type":"ListItem","position":3,"name":"Ses Fonts Ufanes, el fen\u00f3meno hidrol\u00f3gico m\u00e1s singular de Mallorca"}]},{"@type":"WebSite","@id":"https:\/\/www.escapadarural.com\/blog\/#website","url":"https:\/\/www.escapadarural.com\/blog\/","name":"Blog de viajes | turismo rural, alojamientos e inspiraci\u00f3n","description":"Alojamientos rurales e inspiraci\u00f3n para tus escapadas","publisher":{"@id":"https:\/\/www.escapadarural.com\/blog\/#organization"},"alternateName":"Magazine de viajes de EscapadaRural","potentialAction":[{"@type":"SearchAction","target":{"@type":"EntryPoint","urlTemplate":"https:\/\/www.escapadarural.com\/blog\/?s={search_term_string}"},"query-input":{"@type":"PropertyValueSpecification","valueRequired":true,"valueName":"search_term_string"}}],"inLanguage":"es"},{"@type":"Organization","@id":"https:\/\/www.escapadarural.com\/blog\/#organization","name":"EscapadaRural","url":"https:\/\/www.escapadarural.com\/blog\/","logo":{"@type":"ImageObject","inLanguage":"es","@id":"https:\/\/www.escapadarural.com\/blog\/#\/schema\/logo\/image\/","url":"https:\/\/www.escapadarural.com\/blog\/wp-content\/uploads\/2024\/10\/cropped-cropped-escapada-rural-icon-mag-3.png","contentUrl":"https:\/\/www.escapadarural.com\/blog\/wp-content\/uploads\/2024\/10\/cropped-cropped-escapada-rural-icon-mag-3.png","width":512,"height":512,"caption":"EscapadaRural"},"image":{"@id":"https:\/\/www.escapadarural.com\/blog\/#\/schema\/logo\/image\/"},"sameAs":["https:\/\/www.facebook.com\/escapadarural","https:\/\/www.instagram.com\/escapadarural\/","https:\/\/www.youtube.com\/@escapadaruralcom"]},{"@type":"Person","@id":"https:\/\/www.escapadarural.com\/blog\/#\/schema\/person\/b19b2221b2fc03d3ab5ec82d81f7a678","name":"Sergio Parra","image":{"@type":"ImageObject","inLanguage":"es","@id":"https:\/\/www.escapadarural.com\/blog\/wp-content\/uploads\/2025\/02\/cropped-sergio_parra.webp","url":"https:\/\/www.escapadarural.com\/blog\/wp-content\/uploads\/2025\/02\/cropped-sergio_parra.webp","contentUrl":"https:\/\/www.escapadarural.com\/blog\/wp-content\/uploads\/2025\/02\/cropped-sergio_parra.webp","caption":"Sergio Parra"},"description":"Juntaletras, divulgador y alfanum\u00e9rico vocacional. Siempre a la caza de historias que iluminen el camino y de ense\u00f1anzas que permitan capturar lo que te salga al paso. Escribo en Yorokobu, Jot Down y Muy Interesante, y soy editor de Xataka Ciencia y Diario del Viajero. Cuando necesito recogimiento, escribo libros. Cuando me siento extrovertido, salgo en el canal de YouTube Optirrealismo o el podcast Xanad\u00fa: Hearst &amp; Kane. Cuando busco perspectiva, me marcho lejos en bicicleta.","sameAs":["https:\/\/about.me\/sergioparra","https:\/\/www.instagram.com\/melvinud\/"],"url":"https:\/\/www.escapadarural.com\/blog\/autor\/sergio\/"}]}},"_links":{"self":[{"href":"https:\/\/www.escapadarural.com\/blog\/wp-json\/wp\/v2\/posts\/69194","targetHints":{"allow":["GET"]}}],"collection":[{"href":"https:\/\/www.escapadarural.com\/blog\/wp-json\/wp\/v2\/posts"}],"about":[{"href":"https:\/\/www.escapadarural.com\/blog\/wp-json\/wp\/v2\/types\/post"}],"author":[{"embeddable":true,"href":"https:\/\/www.escapadarural.com\/blog\/wp-json\/wp\/v2\/users\/120"}],"replies":[{"embeddable":true,"href":"https:\/\/www.escapadarural.com\/blog\/wp-json\/wp\/v2\/comments?post=69194"}],"version-history":[{"count":0,"href":"https:\/\/www.escapadarural.com\/blog\/wp-json\/wp\/v2\/posts\/69194\/revisions"}],"wp:featuredmedia":[{"embeddable":true,"href":"https:\/\/www.escapadarural.com\/blog\/wp-json\/wp\/v2\/media\/94700"}],"wp:attachment":[{"href":"https:\/\/www.escapadarural.com\/blog\/wp-json\/wp\/v2\/media?parent=69194"}],"wp:term":[{"taxonomy":"category","embeddable":true,"href":"https:\/\/www.escapadarural.com\/blog\/wp-json\/wp\/v2\/categories?post=69194"},{"taxonomy":"post_tag","embeddable":true,"href":"https:\/\/www.escapadarural.com\/blog\/wp-json\/wp\/v2\/tags?post=69194"}],"curies":[{"name":"wp","href":"https:\/\/api.w.org\/{rel}","templated":true}]}}