{"id":69464,"date":"2024-01-03T10:34:35","date_gmt":"2024-01-03T09:34:35","guid":{"rendered":"https:\/\/www.escapadarural.com\/blog\/?p=69464"},"modified":"2025-05-14T16:53:41","modified_gmt":"2025-05-14T14:53:41","slug":"ruta-medieval-por-alicante-y-valencia","status":"publish","type":"post","link":"https:\/\/www.escapadarural.com\/blog\/ruta-medieval-por-alicante-y-valencia\/","title":{"rendered":"Ruta medieval por Alicante y Valencia: entre palmerales e imponentes castillos"},"content":{"rendered":"\n<figure class=\"wp-block-image size-large\"><a href=\"https:\/\/www.escapadarural.com\/blog\/wp-content\/uploads\/castillo-de-xativa-scaled.jpg\"><img decoding=\"async\" src=\"https:\/\/www.escapadarural.com\/blog\/wp-content\/uploads\/2024\/10\/castillo-de-xativa-1024x768-2.jpg\" alt=\"Castillo de X\u00e1tiva dentro de la ruta medieval\" class=\"wp-image-69564\"\/><\/a><figcaption class=\"wp-element-caption\">Castillo de X\u00e1tiva dentro de la ruta medieval de castillos. Por Jan Habarta<\/figcaption><\/figure>\n\n\n\n<p>Si encontr\u00e1ramos una m\u00e1quina del tiempo y pudi\u00e9ramos viajar a la \u00e9poca medieval, seguramente llegar\u00edamos a reconocer muchos de los elementos arquitect\u00f3nicos de los pueblos y ciudades de nuestra geograf\u00eda. Ser\u00eda un viaje ins\u00f3lito donde probablemente todo ser\u00eda m\u00e1s sucio, m\u00e1s inseguro y m\u00e1s inaccesible, pero ah\u00ed estar\u00edan, reci\u00e9n estrenados, esos castillos y murallas por las que pasaron guerreros, peregrinos y reinas hace m\u00e1s de mil a\u00f1os. Hagamos pues, un ejercicio de imaginaci\u00f3n: sub\u00e1monos a un caballo, ajust\u00e9monos el jub\u00f3n y emprendamos este viaje por el Levante siguiendo la ruta medieval.<\/p>\n\n\n\n<p>Nuestro itinerario podr\u00eda comenzar en <a href=\"\/casas-rurales\/orihuela\">Orihuela<\/a>, localidad que se mantuvo bajo mando \u00e1rabe y bereber hasta el siglo XIII cuando \u00e9sta formaba parte de la provincia de Tudmir y de cuya \u00e9poca nos queda un hermoso <strong>palmeral<\/strong>, hermano peque\u00f1o del m\u00e1s famoso ubicado en Elche. Tras la reconquista de Jaume I, en la localidad se instalaron numerosas familias nobles que convertir\u00edan Orihuela en la ciudad monumental que hoy conocemos. <\/p>\n\n\n\n<figure class=\"wp-block-image size-large\"><a href=\"https:\/\/www.escapadarural.com\/blog\/wp-content\/uploads\/palmeral-de-orihuela-scaled.jpg\"><img decoding=\"async\" src=\"https:\/\/www.escapadarural.com\/blog\/wp-content\/uploads\/2024\/10\/palmeral-de-orihuela-1024x768-1.jpg\" alt=\"Palmeral de Orihuela\" class=\"wp-image-69562\"\/><\/a><figcaption class=\"wp-element-caption\">Palmeral de Orihuela. Por Sara OHT<\/figcaption><\/figure>\n\n\n\n<p>Arropados por la sombra que nos brindan las palmeras y los viejos edificios del centro, nos daremos un paseo por el casco antiguo y no perderemos detalle de las fachadas del colegio de Santo Domingo, la catedral del Salvador, las iglesias de las Santas Justa y Rufina, o la iglesia de Santiago para constatar la certeza de aquella afirmaci\u00f3n del literato valenciano Joan Fuster cuando escrib\u00eda que <em>visitar Orihuela es visitar iglesias<\/em>&#8230;&nbsp;<\/p>\n\n\n\n<p>Pero ser\u00e1n otros versos los que nos acompa\u00f1en mejor por las calles de esta magn\u00edfica localidad: <\/p>\n\n\n\n<p><em>Alto soy de mirar a las palmeras, rudo de convivir con las monta\u00f1as&#8230;Yo me vi bajo y blando en las aceras de una ciudad espl\u00e9ndida de ara\u00f1as. Dif\u00edciles barrancos de escaleras, calladas cataratas de ascensores, \u00a1qu\u00e9 impresi\u00f3n de vac\u00edo!, ocupaban el puesto de mis flores, los aires de mis aires y mi r\u00edo.<\/em> <\/p>\n\n\n\n<p>Las rimas del m\u00e1s popular de los poetas, del pastor l\u00edrico <strong>Miguel Hern\u00e1ndez<\/strong>, hijo de esta poblaci\u00f3n, siempre acompa\u00f1an el paseo por el entramado laberinto de piedra del casco viejo. Orihuela conserva la <a href=\"https:\/\/www.escapadarural.com\/blog\/5-casas-museo-de-escritores-que-puedes-ver-en-espana\/\">Casa Museo del escritor<\/a>, aquella donde pas\u00f3 sus primeros a\u00f1os cuando a diario sub\u00eda a pie con sus cabras \u2014libreta y el l\u00e1piz bajo el brazo\u2014 a los montes que le vieron nacer como poeta.&nbsp;<\/p>\n\n\n\n<figure class=\"wp-block-image size-large\"><img decoding=\"async\" src=\"https:\/\/www.escapadarural.com\/blog\/wp-content\/uploads\/2024\/10\/Patio_Interior_de_la_Casa_Museo-1024x768-1.jpg\" alt=\"Casa Museo Miguel Hern\u00e1ndez\" class=\"wp-image-59181\"\/><figcaption class=\"wp-element-caption\">Casa Museo Miguel Hern\u00e1ndez. Por Tomas Serna<\/figcaption><\/figure>\n\n\n\n<p>Si Orihuela conserva un palmeral de la <strong>\u00e9poca del Al-Andalus<\/strong> que nos ha parecido frondoso, nuestro asombro ser\u00e1 aun mayor al ver el palmeral que rodea por completo la ciudad de <a href=\"\/casas-rurales\/elche\">Elche<\/a>. Es sobradamente conocido que este famoso palmeral \u2014que cuenta con unas 200.000 palmeras\u2014 presume, junto con la celebraci\u00f3n del <strong>Misterio de Elche<\/strong>, de ser unos de los dos <strong>Patrimonios de la Humanidad<\/strong> que Elche tiene en su curr\u00edculum.<\/p>\n\n\n\n<p>Si el sol cae implacable sobre el camino, podremos relajarnos en alguno de los jardines de la ciudad \u2014aunque no es medieval, pues se cre\u00f3 en el 1900, El Huerto del Cura<strong> <\/strong>es extraordinario\u2014 para despu\u00e9s visitar las antiguas murallas, las torres y los ba\u00f1os \u00e1rabes que de nuevo nos situar\u00e1n en el siglo XII. Antes de continuar con nuestra ruta medieval por <a href=\"\/casas-rurales\/alicante\">Alicante<\/a> y Valencia, habr\u00e1 que coger fuerzas para el camino; un tradicional <em>arr\u00f2s amb costra<\/em> seguramente sea la opci\u00f3n m\u00e1s acertada.&nbsp;<\/p>\n\n\n\n<figure class=\"wp-block-image size-large\"><img decoding=\"async\" src=\"https:\/\/www.escapadarural.com\/blog\/wp-content\/uploads\/2024\/10\/AdobeStock_408290255-1024x683-1.jpeg\" alt=\"Palmera imperial en Elche\" class=\"wp-image-55182\"\/><figcaption class=\"wp-element-caption\">Palmera Imperial en Elche. Por Tolo<\/figcaption><\/figure>\n\n\n\n<div class=\"wp-block-buttons is-layout-flex wp-block-buttons-is-layout-flex\">\n<div class=\"wp-block-button\"><a class=\"wp-block-button__link wp-element-button\" href=\"\/casas-rurales\/alicante\">Casas rurales en Alicante<\/a><\/div>\n<\/div>\n\n\n\n<h2 class=\"wp-block-heading\" id=\"h-tierra-de-castillos\">Tierra de castillos<\/h2>\n\n\n\n<p>Rumbo norte y antes de abandonar la provincia de Alicante, detendremos nuestro andar en Biar, por donde, seg\u00fan <em>El Cantar del Mio Cid<\/em>, pas\u00f3 el guerrero camino de <strong>Petrer<\/strong> y <strong>Monforte del Cid<\/strong>, en el valle del <a href=\"\/casas-rurales\/ruta-de-los-castillos-del-vinalopo\">Vinalop\u00f3<\/a>. Adem\u00e1s del de Biar, los castillos que salpican esta zona formaban parte de un impresionante cintur\u00f3n defensivo levantado por el rey de la taifa de Murcia con el objetivo de defender las v\u00edas de comunicaci\u00f3n y frenar el avance de los reinos cristianos. <\/p>\n\n\n\n<figure class=\"wp-block-image size-large is-resized\"><a href=\"https:\/\/www.escapadarural.com\/blog\/wp-content\/uploads\/castillo-de-villena-scaled.jpg\"><img decoding=\"async\" src=\"https:\/\/www.escapadarural.com\/blog\/wp-content\/uploads\/2024\/10\/castillo-de-villena-1024x683-1.jpg\" alt=\"El castillo de Villena est\u00e1 dentro de la ruta medieval por Alicante\" class=\"wp-image-69563\" style=\"aspect-ratio:1.499267935578331;width:780px;height:auto\"\/><\/a><figcaption class=\"wp-element-caption\">El castillo de Villena est\u00e1 dentro de la ruta medieval por Alicante. Por F.C.G.<\/figcaption><\/figure>\n\n\n\n<p>Muchos de ellos han sido restaurados y ahora vigilan, soberbios como entonces, el paisaje que se extiende a sus pies. Algunos de los m\u00e1s imponentes son los de <strong>Villena<\/strong>, <strong>Sax<\/strong>, <strong>Elda<\/strong> y <strong>Petrer<\/strong>. Desde lo alto de sus almenas no resulta dif\u00edcil imaginar cu\u00e1n cruentas fueron las batallas que aqu\u00ed se libraron.&nbsp;<\/p>\n\n\n\n<p>Otras maravillas esculpidas en piedra que visitaremos en la zona, se encuentran ya en la provincia de Valencia, en <a href=\"\/casas-rurales\/bocairent\">Bocairent<\/a>. En esta coqueta localidad del interior valenciano est\u00e1n las <strong>Covetes dels Moros<\/strong>, un curioso grupo de orificios excavados en una pared de roca vertical que dan acceso a varias c\u00e1maras interiores que comunican entre s\u00ed. Su origen es incierto, aunque se cree que sirvieron como <strong>graneros en \u00e9poca andalus\u00ed<\/strong> y hoy su visita es una verdadera experiencia rupestre.&nbsp;<\/p>\n\n\n\n<figure class=\"wp-block-image size-large\"><a href=\"https:\/\/www.escapadarural.com\/blog\/wp-content\/uploads\/covetes-dels-Moros-bocairent-scaled.jpg\"><img decoding=\"async\" src=\"https:\/\/www.escapadarural.com\/blog\/wp-content\/uploads\/2024\/10\/covetes-dels-Moros-bocairent-1024x682-2.jpg\" alt=\"Covetes dels moros, Bocairent\" class=\"wp-image-63941\"\/><\/a><figcaption class=\"wp-element-caption\">Covetes dels moros, Bocairent. Por David<\/figcaption><\/figure>\n\n\n\n<p><em>Daban sus correr\u00edas y hac\u00edan las trasnochadas; Llegan a Cullera y llegan a J\u00e1tiva. (Cantar, 1159).<\/em> Al igual que hizo el Cid, desde Bocairent nos adentraremos por tierras valencianas hasta <a href=\"\/casas-rurales\/xativa\">X\u00e0tiva<\/a>, a los pies de la <strong>Sierra del Castillo<\/strong>. Su posici\u00f3n estrat\u00e9gica la convirti\u00f3 en un importante centro comercial durante la Edad Media y en la poblaci\u00f3n se instal\u00f3 el primer molino papelero de Europa. <\/p>\n\n\n\n<p>A\u00fan hoy sigue celebr\u00e1ndose el mercado semanal en la pla\u00e7a del Mercat, una tradici\u00f3n que se conserva desde 1250. En X\u00e0tiva conviene visitar el <strong>Museo de l\u2019Almod\u00ed<\/strong>, ubicado en lo que fue una antigua lonja de trigo, donde se exponen obras de Rusi\u00f1ol o Ribera entre otros. La pieza estrella de la colecci\u00f3n es un retrato de Felipe V que los xativ\u00eds mantienen colgado cabeza abajo como castigo al monarca por haber decretado el incendio y destrucci\u00f3n de la ciudad en 1707. <\/p>\n\n\n\n<figure class=\"wp-block-image size-large\"><a href=\"https:\/\/www.escapadarural.com\/blog\/wp-content\/uploads\/castillo-xativa-1-scaled.jpg\"><img decoding=\"async\" src=\"https:\/\/www.escapadarural.com\/blog\/wp-content\/uploads\/2024\/10\/castillo-xativa-1-1024x682-1.jpg\" alt=\"Castillo de X\u00e1tiva\" class=\"wp-image-69565\"\/><\/a><figcaption class=\"wp-element-caption\">Castillo de X\u00e1tiva. Por David<\/figcaption><\/figure>\n\n\n\n<p>Pero si algo nos llama la atenci\u00f3n en X\u00e0tiva es su monumental <strong>castillo<\/strong>. Construido sobre una roca a 307 metros de altura \u2014sobre lo que anteriormente hab\u00eda sido primero una defensa \u00edbera y despu\u00e9s romana\u2014 esta fortaleza fue reformada y ampliada por los \u00e1rabes, quienes le a\u00f1adieron las murallas que hoy podemos ver. Ya en tiempos de la Corona de Arag\u00f3n fue considerada una de las mejores fortificaciones de toda la pen\u00ednsula ib\u00e9rica, momento en que pas\u00f3 a ejercer como prisi\u00f3n.&nbsp;<\/p>\n\n\n\n<div class=\"wp-block-buttons is-layout-flex wp-block-buttons-is-layout-flex\">\n<div class=\"wp-block-button\"><a class=\"wp-block-button__link wp-element-button\" href=\"\/casas-rurales\/valencia\">Casas rurales en Valencia<\/a><\/div>\n<\/div>\n","protected":false},"excerpt":{"rendered":"<p>Una ruta medieval por Alicante y Valencia con parada en los palmerales m\u00e1s importantes de la zona, en cuevas y en los castillos m\u00e1s imponente de la \u00e9poca. <\/p>\n","protected":false},"author":152,"featured_media":69564,"comment_status":"open","ping_status":"open","sticky":false,"template":"","format":"standard","meta":{"_acf_changed":false,"om_disable_all_campaigns":false,"footnotes":""},"categories":[191],"tags":[674,402,883,4638,1170,602],"class_list":["post-69464","post","type-post","status-publish","format-standard","has-post-thumbnail","hentry","category-destinos","tag-que-ver-en-alicante","tag-castillos","tag-elche","tag-palmera-imperial","tag-rutas-comunidad-valenciana","tag-que-ver-en-valencia"],"acf":[],"featured_image_src":"https:\/\/www.escapadarural.com\/blog\/wp-content\/uploads\/2024\/01\/castillo-de-xativa-scaled-1.jpg","author_info":{"display_name":"Kris Ubach","author_link":"https:\/\/www.escapadarural.com\/blog\/autor\/kris-ubach\/"},"yoast_head":"<!-- This site is optimized with the Yoast SEO plugin v27.5 - https:\/\/yoast.com\/product\/yoast-seo-wordpress\/ -->\n<title>Ruta medieval por Alicante y Valencia: entre palmerales e imponentes castillos - EscapadaRural<\/title>\n<meta name=\"robots\" content=\"index, follow, max-snippet:-1, max-image-preview:large, max-video-preview:-1\" \/>\n<link rel=\"canonical\" href=\"https:\/\/www.escapadarural.com\/blog\/ruta-medieval-por-alicante-y-valencia\/\" \/>\n<meta property=\"og:locale\" content=\"es_ES\" \/>\n<meta property=\"og:type\" content=\"article\" \/>\n<meta property=\"og:title\" content=\"Ruta medieval por Alicante y Valencia: entre palmerales e imponentes castillos - EscapadaRural\" \/>\n<meta property=\"og:description\" content=\"Una ruta medieval por Alicante y Valencia con parada en los palmerales m\u00e1s importantes de la zona, en cuevas y en los castillos m\u00e1s imponente de la \u00e9poca.\" \/>\n<meta property=\"og:url\" content=\"https:\/\/www.escapadarural.com\/blog\/ruta-medieval-por-alicante-y-valencia\/\" \/>\n<meta property=\"og:site_name\" content=\"Magazine de viajes de EscapadaRural\" \/>\n<meta property=\"article:publisher\" content=\"https:\/\/www.facebook.com\/escapadarural\" \/>\n<meta property=\"article:published_time\" content=\"2024-01-03T09:34:35+00:00\" \/>\n<meta property=\"article:modified_time\" content=\"2025-05-14T14:53:41+00:00\" \/>\n<meta property=\"og:image\" content=\"https:\/\/www.escapadarural.com\/blog\/wp-content\/uploads\/2024\/01\/castillo-de-xativa-scaled-1.jpg\" \/>\n\t<meta property=\"og:image:width\" content=\"2048\" \/>\n\t<meta property=\"og:image:height\" content=\"1536\" \/>\n\t<meta property=\"og:image:type\" content=\"image\/jpeg\" \/>\n<meta name=\"author\" content=\"Kris Ubach\" \/>\n<meta name=\"twitter:card\" content=\"summary_large_image\" \/>\n<meta name=\"twitter:label1\" content=\"Escrito por\" \/>\n\t<meta name=\"twitter:data1\" content=\"Kris Ubach\" \/>\n\t<meta name=\"twitter:label2\" content=\"Tiempo de lectura\" \/>\n\t<meta name=\"twitter:data2\" content=\"7 minutos\" \/>\n<script type=\"application\/ld+json\" class=\"yoast-schema-graph\">{\"@context\":\"https:\\\/\\\/schema.org\",\"@graph\":[{\"@type\":\"Article\",\"@id\":\"https:\\\/\\\/www.escapadarural.com\\\/blog\\\/ruta-medieval-por-alicante-y-valencia\\\/#article\",\"isPartOf\":{\"@id\":\"https:\\\/\\\/www.escapadarural.com\\\/blog\\\/ruta-medieval-por-alicante-y-valencia\\\/\"},\"author\":{\"name\":\"Kris Ubach\",\"@id\":\"https:\\\/\\\/www.escapadarural.com\\\/blog\\\/#\\\/schema\\\/person\\\/f4289b70dddc0c89ed5fa989a8ced0c0\"},\"headline\":\"Ruta medieval por Alicante y Valencia: entre palmerales e imponentes castillos\",\"datePublished\":\"2024-01-03T09:34:35+00:00\",\"dateModified\":\"2025-05-14T14:53:41+00:00\",\"mainEntityOfPage\":{\"@id\":\"https:\\\/\\\/www.escapadarural.com\\\/blog\\\/ruta-medieval-por-alicante-y-valencia\\\/\"},\"wordCount\":1135,\"commentCount\":1,\"publisher\":{\"@id\":\"https:\\\/\\\/www.escapadarural.com\\\/blog\\\/#organization\"},\"image\":{\"@id\":\"https:\\\/\\\/www.escapadarural.com\\\/blog\\\/ruta-medieval-por-alicante-y-valencia\\\/#primaryimage\"},\"thumbnailUrl\":\"https:\\\/\\\/www.escapadarural.com\\\/blog\\\/wp-content\\\/uploads\\\/2024\\\/01\\\/castillo-de-xativa-scaled-1.jpg\",\"keywords\":[\"Alicante\",\"castillos\",\"Elche\",\"palmera imperial\",\"Rutas en la Comunidad Valenciana\",\"Valencia\"],\"articleSection\":[\"Destinos\"],\"inLanguage\":\"es\",\"potentialAction\":[{\"@type\":\"CommentAction\",\"name\":\"Comment\",\"target\":[\"https:\\\/\\\/www.escapadarural.com\\\/blog\\\/ruta-medieval-por-alicante-y-valencia\\\/#respond\"]}]},{\"@type\":\"WebPage\",\"@id\":\"https:\\\/\\\/www.escapadarural.com\\\/blog\\\/ruta-medieval-por-alicante-y-valencia\\\/\",\"url\":\"https:\\\/\\\/www.escapadarural.com\\\/blog\\\/ruta-medieval-por-alicante-y-valencia\\\/\",\"name\":\"Ruta medieval por Alicante y Valencia: entre palmerales e imponentes castillos - EscapadaRural\",\"isPartOf\":{\"@id\":\"https:\\\/\\\/www.escapadarural.com\\\/blog\\\/#website\"},\"primaryImageOfPage\":{\"@id\":\"https:\\\/\\\/www.escapadarural.com\\\/blog\\\/ruta-medieval-por-alicante-y-valencia\\\/#primaryimage\"},\"image\":{\"@id\":\"https:\\\/\\\/www.escapadarural.com\\\/blog\\\/ruta-medieval-por-alicante-y-valencia\\\/#primaryimage\"},\"thumbnailUrl\":\"https:\\\/\\\/www.escapadarural.com\\\/blog\\\/wp-content\\\/uploads\\\/2024\\\/01\\\/castillo-de-xativa-scaled-1.jpg\",\"datePublished\":\"2024-01-03T09:34:35+00:00\",\"dateModified\":\"2025-05-14T14:53:41+00:00\",\"breadcrumb\":{\"@id\":\"https:\\\/\\\/www.escapadarural.com\\\/blog\\\/ruta-medieval-por-alicante-y-valencia\\\/#breadcrumb\"},\"inLanguage\":\"es\",\"potentialAction\":[{\"@type\":\"ReadAction\",\"target\":[\"https:\\\/\\\/www.escapadarural.com\\\/blog\\\/ruta-medieval-por-alicante-y-valencia\\\/\"]}]},{\"@type\":\"ImageObject\",\"inLanguage\":\"es\",\"@id\":\"https:\\\/\\\/www.escapadarural.com\\\/blog\\\/ruta-medieval-por-alicante-y-valencia\\\/#primaryimage\",\"url\":\"https:\\\/\\\/www.escapadarural.com\\\/blog\\\/wp-content\\\/uploads\\\/2024\\\/01\\\/castillo-de-xativa-scaled-1.jpg\",\"contentUrl\":\"https:\\\/\\\/www.escapadarural.com\\\/blog\\\/wp-content\\\/uploads\\\/2024\\\/01\\\/castillo-de-xativa-scaled-1.jpg\",\"width\":2048,\"height\":1536,\"caption\":\"Castillo de X\u00e1tiva. Por Jan Habarta\"},{\"@type\":\"BreadcrumbList\",\"@id\":\"https:\\\/\\\/www.escapadarural.com\\\/blog\\\/ruta-medieval-por-alicante-y-valencia\\\/#breadcrumb\",\"itemListElement\":[{\"@type\":\"ListItem\",\"position\":1,\"name\":\"Inicio\",\"item\":\"https:\\\/\\\/www.escapadarural.com\\\/blog\\\/\"},{\"@type\":\"ListItem\",\"position\":2,\"name\":\"Destinos\",\"item\":\"https:\\\/\\\/www.escapadarural.com\\\/blog\\\/categoria\\\/destinos\\\/\"},{\"@type\":\"ListItem\",\"position\":3,\"name\":\"Ruta medieval por Alicante y Valencia: entre palmerales e imponentes castillos\"}]},{\"@type\":\"WebSite\",\"@id\":\"https:\\\/\\\/www.escapadarural.com\\\/blog\\\/#website\",\"url\":\"https:\\\/\\\/www.escapadarural.com\\\/blog\\\/\",\"name\":\"Blog de viajes | turismo rural, alojamientos e inspiraci\u00f3n\",\"description\":\"Alojamientos rurales e inspiraci\u00f3n para tus escapadas\",\"publisher\":{\"@id\":\"https:\\\/\\\/www.escapadarural.com\\\/blog\\\/#organization\"},\"alternateName\":\"Magazine de viajes de EscapadaRural\",\"potentialAction\":[{\"@type\":\"SearchAction\",\"target\":{\"@type\":\"EntryPoint\",\"urlTemplate\":\"https:\\\/\\\/www.escapadarural.com\\\/blog\\\/?s={search_term_string}\"},\"query-input\":{\"@type\":\"PropertyValueSpecification\",\"valueRequired\":true,\"valueName\":\"search_term_string\"}}],\"inLanguage\":\"es\"},{\"@type\":\"Organization\",\"@id\":\"https:\\\/\\\/www.escapadarural.com\\\/blog\\\/#organization\",\"name\":\"EscapadaRural\",\"url\":\"https:\\\/\\\/www.escapadarural.com\\\/blog\\\/\",\"logo\":{\"@type\":\"ImageObject\",\"inLanguage\":\"es\",\"@id\":\"https:\\\/\\\/www.escapadarural.com\\\/blog\\\/#\\\/schema\\\/logo\\\/image\\\/\",\"url\":\"https:\\\/\\\/www.escapadarural.com\\\/blog\\\/wp-content\\\/uploads\\\/2024\\\/10\\\/cropped-cropped-escapada-rural-icon-mag-3.png\",\"contentUrl\":\"https:\\\/\\\/www.escapadarural.com\\\/blog\\\/wp-content\\\/uploads\\\/2024\\\/10\\\/cropped-cropped-escapada-rural-icon-mag-3.png\",\"width\":512,\"height\":512,\"caption\":\"EscapadaRural\"},\"image\":{\"@id\":\"https:\\\/\\\/www.escapadarural.com\\\/blog\\\/#\\\/schema\\\/logo\\\/image\\\/\"},\"sameAs\":[\"https:\\\/\\\/www.facebook.com\\\/escapadarural\",\"https:\\\/\\\/www.instagram.com\\\/escapadarural\\\/\",\"https:\\\/\\\/www.youtube.com\\\/@escapadaruralcom\"]},{\"@type\":\"Person\",\"@id\":\"https:\\\/\\\/www.escapadarural.com\\\/blog\\\/#\\\/schema\\\/person\\\/f4289b70dddc0c89ed5fa989a8ced0c0\",\"name\":\"Kris Ubach\",\"image\":{\"@type\":\"ImageObject\",\"inLanguage\":\"es\",\"@id\":\"https:\\\/\\\/secure.gravatar.com\\\/avatar\\\/d1fd4b8ace034be6dbc5914e32cce2f5351a6cb1b766b6fd91f84421764f6dd4?s=96&d=mm&r=g\",\"url\":\"https:\\\/\\\/secure.gravatar.com\\\/avatar\\\/d1fd4b8ace034be6dbc5914e32cce2f5351a6cb1b766b6fd91f84421764f6dd4?s=96&d=mm&r=g\",\"contentUrl\":\"https:\\\/\\\/secure.gravatar.com\\\/avatar\\\/d1fd4b8ace034be6dbc5914e32cce2f5351a6cb1b766b6fd91f84421764f6dd4?s=96&d=mm&r=g\",\"caption\":\"Kris Ubach\"},\"url\":\"https:\\\/\\\/www.escapadarural.com\\\/blog\\\/autor\\\/kris-ubach\\\/\"}]}<\/script>\n<!-- \/ Yoast SEO plugin. -->","yoast_head_json":{"title":"Ruta medieval por Alicante y Valencia: entre palmerales e imponentes castillos - EscapadaRural","robots":{"index":"index","follow":"follow","max-snippet":"max-snippet:-1","max-image-preview":"max-image-preview:large","max-video-preview":"max-video-preview:-1"},"canonical":"https:\/\/www.escapadarural.com\/blog\/ruta-medieval-por-alicante-y-valencia\/","og_locale":"es_ES","og_type":"article","og_title":"Ruta medieval por Alicante y Valencia: entre palmerales e imponentes castillos - EscapadaRural","og_description":"Una ruta medieval por Alicante y Valencia con parada en los palmerales m\u00e1s importantes de la zona, en cuevas y en los castillos m\u00e1s imponente de la \u00e9poca.","og_url":"https:\/\/www.escapadarural.com\/blog\/ruta-medieval-por-alicante-y-valencia\/","og_site_name":"Magazine de viajes de EscapadaRural","article_publisher":"https:\/\/www.facebook.com\/escapadarural","article_published_time":"2024-01-03T09:34:35+00:00","article_modified_time":"2025-05-14T14:53:41+00:00","og_image":[{"width":2048,"height":1536,"url":"https:\/\/www.escapadarural.com\/blog\/wp-content\/uploads\/2024\/01\/castillo-de-xativa-scaled-1.jpg","type":"image\/jpeg"}],"author":"Kris Ubach","twitter_card":"summary_large_image","twitter_misc":{"Escrito por":"Kris Ubach","Tiempo de lectura":"7 minutos"},"schema":{"@context":"https:\/\/schema.org","@graph":[{"@type":"Article","@id":"https:\/\/www.escapadarural.com\/blog\/ruta-medieval-por-alicante-y-valencia\/#article","isPartOf":{"@id":"https:\/\/www.escapadarural.com\/blog\/ruta-medieval-por-alicante-y-valencia\/"},"author":{"name":"Kris Ubach","@id":"https:\/\/www.escapadarural.com\/blog\/#\/schema\/person\/f4289b70dddc0c89ed5fa989a8ced0c0"},"headline":"Ruta medieval por Alicante y Valencia: entre palmerales e imponentes castillos","datePublished":"2024-01-03T09:34:35+00:00","dateModified":"2025-05-14T14:53:41+00:00","mainEntityOfPage":{"@id":"https:\/\/www.escapadarural.com\/blog\/ruta-medieval-por-alicante-y-valencia\/"},"wordCount":1135,"commentCount":1,"publisher":{"@id":"https:\/\/www.escapadarural.com\/blog\/#organization"},"image":{"@id":"https:\/\/www.escapadarural.com\/blog\/ruta-medieval-por-alicante-y-valencia\/#primaryimage"},"thumbnailUrl":"https:\/\/www.escapadarural.com\/blog\/wp-content\/uploads\/2024\/01\/castillo-de-xativa-scaled-1.jpg","keywords":["Alicante","castillos","Elche","palmera imperial","Rutas en la Comunidad Valenciana","Valencia"],"articleSection":["Destinos"],"inLanguage":"es","potentialAction":[{"@type":"CommentAction","name":"Comment","target":["https:\/\/www.escapadarural.com\/blog\/ruta-medieval-por-alicante-y-valencia\/#respond"]}]},{"@type":"WebPage","@id":"https:\/\/www.escapadarural.com\/blog\/ruta-medieval-por-alicante-y-valencia\/","url":"https:\/\/www.escapadarural.com\/blog\/ruta-medieval-por-alicante-y-valencia\/","name":"Ruta medieval por Alicante y Valencia: entre palmerales e imponentes castillos - EscapadaRural","isPartOf":{"@id":"https:\/\/www.escapadarural.com\/blog\/#website"},"primaryImageOfPage":{"@id":"https:\/\/www.escapadarural.com\/blog\/ruta-medieval-por-alicante-y-valencia\/#primaryimage"},"image":{"@id":"https:\/\/www.escapadarural.com\/blog\/ruta-medieval-por-alicante-y-valencia\/#primaryimage"},"thumbnailUrl":"https:\/\/www.escapadarural.com\/blog\/wp-content\/uploads\/2024\/01\/castillo-de-xativa-scaled-1.jpg","datePublished":"2024-01-03T09:34:35+00:00","dateModified":"2025-05-14T14:53:41+00:00","breadcrumb":{"@id":"https:\/\/www.escapadarural.com\/blog\/ruta-medieval-por-alicante-y-valencia\/#breadcrumb"},"inLanguage":"es","potentialAction":[{"@type":"ReadAction","target":["https:\/\/www.escapadarural.com\/blog\/ruta-medieval-por-alicante-y-valencia\/"]}]},{"@type":"ImageObject","inLanguage":"es","@id":"https:\/\/www.escapadarural.com\/blog\/ruta-medieval-por-alicante-y-valencia\/#primaryimage","url":"https:\/\/www.escapadarural.com\/blog\/wp-content\/uploads\/2024\/01\/castillo-de-xativa-scaled-1.jpg","contentUrl":"https:\/\/www.escapadarural.com\/blog\/wp-content\/uploads\/2024\/01\/castillo-de-xativa-scaled-1.jpg","width":2048,"height":1536,"caption":"Castillo de X\u00e1tiva. Por Jan Habarta"},{"@type":"BreadcrumbList","@id":"https:\/\/www.escapadarural.com\/blog\/ruta-medieval-por-alicante-y-valencia\/#breadcrumb","itemListElement":[{"@type":"ListItem","position":1,"name":"Inicio","item":"https:\/\/www.escapadarural.com\/blog\/"},{"@type":"ListItem","position":2,"name":"Destinos","item":"https:\/\/www.escapadarural.com\/blog\/categoria\/destinos\/"},{"@type":"ListItem","position":3,"name":"Ruta medieval por Alicante y Valencia: entre palmerales e imponentes castillos"}]},{"@type":"WebSite","@id":"https:\/\/www.escapadarural.com\/blog\/#website","url":"https:\/\/www.escapadarural.com\/blog\/","name":"Blog de viajes | turismo rural, alojamientos e inspiraci\u00f3n","description":"Alojamientos rurales e inspiraci\u00f3n para tus escapadas","publisher":{"@id":"https:\/\/www.escapadarural.com\/blog\/#organization"},"alternateName":"Magazine de viajes de EscapadaRural","potentialAction":[{"@type":"SearchAction","target":{"@type":"EntryPoint","urlTemplate":"https:\/\/www.escapadarural.com\/blog\/?s={search_term_string}"},"query-input":{"@type":"PropertyValueSpecification","valueRequired":true,"valueName":"search_term_string"}}],"inLanguage":"es"},{"@type":"Organization","@id":"https:\/\/www.escapadarural.com\/blog\/#organization","name":"EscapadaRural","url":"https:\/\/www.escapadarural.com\/blog\/","logo":{"@type":"ImageObject","inLanguage":"es","@id":"https:\/\/www.escapadarural.com\/blog\/#\/schema\/logo\/image\/","url":"https:\/\/www.escapadarural.com\/blog\/wp-content\/uploads\/2024\/10\/cropped-cropped-escapada-rural-icon-mag-3.png","contentUrl":"https:\/\/www.escapadarural.com\/blog\/wp-content\/uploads\/2024\/10\/cropped-cropped-escapada-rural-icon-mag-3.png","width":512,"height":512,"caption":"EscapadaRural"},"image":{"@id":"https:\/\/www.escapadarural.com\/blog\/#\/schema\/logo\/image\/"},"sameAs":["https:\/\/www.facebook.com\/escapadarural","https:\/\/www.instagram.com\/escapadarural\/","https:\/\/www.youtube.com\/@escapadaruralcom"]},{"@type":"Person","@id":"https:\/\/www.escapadarural.com\/blog\/#\/schema\/person\/f4289b70dddc0c89ed5fa989a8ced0c0","name":"Kris Ubach","image":{"@type":"ImageObject","inLanguage":"es","@id":"https:\/\/secure.gravatar.com\/avatar\/d1fd4b8ace034be6dbc5914e32cce2f5351a6cb1b766b6fd91f84421764f6dd4?s=96&d=mm&r=g","url":"https:\/\/secure.gravatar.com\/avatar\/d1fd4b8ace034be6dbc5914e32cce2f5351a6cb1b766b6fd91f84421764f6dd4?s=96&d=mm&r=g","contentUrl":"https:\/\/secure.gravatar.com\/avatar\/d1fd4b8ace034be6dbc5914e32cce2f5351a6cb1b766b6fd91f84421764f6dd4?s=96&d=mm&r=g","caption":"Kris Ubach"},"url":"https:\/\/www.escapadarural.com\/blog\/autor\/kris-ubach\/"}]}},"_links":{"self":[{"href":"https:\/\/www.escapadarural.com\/blog\/wp-json\/wp\/v2\/posts\/69464","targetHints":{"allow":["GET"]}}],"collection":[{"href":"https:\/\/www.escapadarural.com\/blog\/wp-json\/wp\/v2\/posts"}],"about":[{"href":"https:\/\/www.escapadarural.com\/blog\/wp-json\/wp\/v2\/types\/post"}],"author":[{"embeddable":true,"href":"https:\/\/www.escapadarural.com\/blog\/wp-json\/wp\/v2\/users\/152"}],"replies":[{"embeddable":true,"href":"https:\/\/www.escapadarural.com\/blog\/wp-json\/wp\/v2\/comments?post=69464"}],"version-history":[{"count":0,"href":"https:\/\/www.escapadarural.com\/blog\/wp-json\/wp\/v2\/posts\/69464\/revisions"}],"wp:featuredmedia":[{"embeddable":true,"href":"https:\/\/www.escapadarural.com\/blog\/wp-json\/wp\/v2\/media\/69564"}],"wp:attachment":[{"href":"https:\/\/www.escapadarural.com\/blog\/wp-json\/wp\/v2\/media?parent=69464"}],"wp:term":[{"taxonomy":"category","embeddable":true,"href":"https:\/\/www.escapadarural.com\/blog\/wp-json\/wp\/v2\/categories?post=69464"},{"taxonomy":"post_tag","embeddable":true,"href":"https:\/\/www.escapadarural.com\/blog\/wp-json\/wp\/v2\/tags?post=69464"}],"curies":[{"name":"wp","href":"https:\/\/api.w.org\/{rel}","templated":true}]}}