{"id":69467,"date":"2024-01-10T09:31:08","date_gmt":"2024-01-10T08:31:08","guid":{"rendered":"https:\/\/www.escapadarural.com\/blog\/?p=69467"},"modified":"2025-05-02T08:42:53","modified_gmt":"2025-05-02T06:42:53","slug":"redeiras-las-artesanas-del-mar","status":"publish","type":"post","link":"https:\/\/www.escapadarural.com\/blog\/redeiras-las-artesanas-del-mar\/","title":{"rendered":"Redeiras, las artesanas del mar"},"content":{"rendered":"\n<figure class=\"wp-block-image size-full\"><a href=\"https:\/\/www.escapadarural.com\/blog\/wp-content\/uploads\/2024\/10\/039-medium.jpg\"><img decoding=\"async\" src=\"https:\/\/www.escapadarural.com\/blog\/wp-content\/uploads\/2024\/10\/039-medium.jpg\" alt=\"Redeiras de Galicia\" class=\"wp-image-69470\"\/><\/a><figcaption class=\"wp-element-caption\">Asociaci\u00f3n Profesional de Redeiras de Cari\u00f1o. Fuente: Federaci\u00f3n Galega de Redeiras Artes\u00e1s O Peirao<\/figcaption><\/figure>\n\n\n\n<p>Las m\u00e1quinas y la tecnolog\u00eda han logrado sustituir muchas profesiones antiguas y han acabado con muchos puestos de trabajo. Pero hay al menos una profesi\u00f3n en Espa\u00f1a que las m\u00e1quinas a\u00fan no pudieron sustituir la mano dedicada y h\u00e1bil de las <strong><em>redeiras<\/em> gallegas<\/strong>. No es que no lo hayan intentado. Por supuesto que s\u00ed, solo que no lo han conseguido todav\u00eda.<\/p>\n\n\n\n<p>Ver\u00f3nica Veres Tasende, presidenta de <strong><a href=\"https:\/\/www.redeirasdegalicia.org\/\" target=\"_blank\" rel=\"noreferrer noopener nofollow\">O Peirao<\/a><\/strong>, la <strong>Federaci\u00f3n Galega de Redeiras Artes\u00e1s<\/strong>, nos cuenta que hace unos a\u00f1os intentaron llevar el trabajo de las <em>redeiras<\/em> para Indonesia. \u201cProbaron con unos pegamentos que en el Pac\u00edfico, por lo visto, s\u00ed que funcionaron en un principio, pero realmente es que casi todo el aparejo que nosotras hacemos es para el Atl\u00e1ntico\u201d. El oc\u00e9ano Atl\u00e1ntico tiene mucha fuerza y no permite ning\u00fan tipo de pegamento.<\/p>\n\n\n\n<p>Tambi\u00e9n hubo una f\u00e1brica gallega que compr\u00f3 una m\u00e1quina de hacer aparejos pero tuvo que volver a los servicios de las <em>redeiras<\/em> pasados pocos meses. Seg\u00fan nos explica Ver\u00f3nica en entrevista telef\u00f3nica con <strong>EscapadaRural<\/strong>, la m\u00e1quina hace bien el aparejo la primera vez, pero cuando hay que arreglarlo, no lo permite. Entonces, hay que comprar otra vez toda la materia prima y empezar de cero. \u201cEs un trabajo artesanal y como todo el trabajo artesanal es dif\u00edcil poder hacerlo con una m\u00e1quina\u201d, concluye.<\/p>\n\n\n\n<figure class=\"wp-block-image size-full\"><a href=\"https:\/\/www.escapadarural.com\/blog\/wp-content\/uploads\/2024\/10\/037-medium.jpg\"><img decoding=\"async\" src=\"https:\/\/www.escapadarural.com\/blog\/wp-content\/uploads\/2024\/10\/037-medium.jpg\" alt=\"Redeiras de Galicia\" class=\"wp-image-69484\"\/><\/a><figcaption class=\"wp-element-caption\">Asociaci\u00f3n Profesional de Redeiras de Cari\u00f1o. Fuente: Federaci\u00f3n Galega de Redeiras Artes\u00e1s O Peirao<\/figcaption><\/figure>\n\n\n\n<p>Pero,  \u00bfqu\u00e9 hacen las <em>redeiras<\/em> exactamente? De una manera resumida, su trabajo consiste en reparar las redes de pesca que, por variadas razones, se rompen en el mar. Las redes se rompen a diario ya sea por enganches en piedras, el propio peso de la pesca, la manipulaci\u00f3n o, incluso, roturas que producen delfines y otros peces cuando intentan acceder a las capturas de la red para comer.&nbsp;<\/p>\n\n\n\n<p>Tambi\u00e9n son las encargadas de unir los diferentes segmentos para formar una red. Las redes no se fabrican formando grandes superficies, sino que vienen de f\u00e1brica en peque\u00f1os trozos que es necesario unir para conseguir la dimensi\u00f3n necesaria.<\/p>\n\n\n\n<figure class=\"wp-block-image size-full\"><a href=\"https:\/\/www.escapadarural.com\/blog\/wp-content\/uploads\/2024\/10\/02-1-medium.jpg\"><img decoding=\"async\" src=\"https:\/\/www.escapadarural.com\/blog\/wp-content\/uploads\/2024\/10\/02-1-medium.jpg\" alt=\"Redeiras de Galicia\" class=\"wp-image-69474\"\/><\/a><figcaption class=\"wp-element-caption\">Asociaci\u00f3n Redeiras O Cerco de Cangas do Morrazo. Fuente: Federaci\u00f3n Galega de Redeiras Artes\u00e1s O Peirao<\/figcaption><\/figure>\n\n\n\n<p>As\u00ed que las <em>redeiras<\/em> siguen siendo muy importantes para el sector pesquero, pero hoy en Galicia ya s\u00f3lo quedan 375 profesionales, de los cuales el 90% son mujeres, con una media de edad de 54 a\u00f1os, seg\u00fan un <a href=\"https:\/\/www.lavozdegalicia.es\/noticia\/somosmar\/pesca-marisqueo\/2023\/06\/10\/galicia-perdio-cuatro-diez-redeiras-ultimos-siete-anos\/00031686409503406987686.htm\" target=\"_blank\" rel=\"noreferrer noopener nofollow\">informe<\/a> pionero que ha sido presentado en junio de 2023. El objetivo era conocer la situaci\u00f3n sociolaboral de las <em>redeiras<\/em> en la comunidad y avanzar con medidas para dignificar y hacer m\u00e1s atractiva la profesi\u00f3n.<\/p>\n\n\n\n<p>Ver\u00f3nica Veres nos recuerda que esto son solamente datos de Galicia, <strong>\u201cel motor de pesca de Espa\u00f1a\u201d<\/strong>. Porque el resto del pa\u00eds est\u00e1 a\u00fan peor. \u201cEn Asturias quedan dos <em>redeiras<\/em>. En Cantabria son 8, <a href=\"https:\/\/www.escapadarural.com\/blog\/ruta-al-ojo-de-aitzulo-guipuzcoa\/\" title=\"El Ojo de Aitzulo, la catedral geol\u00f3gica del Pa\u00eds Vasco\"  data-wpil-monitor-id=\"1039\">en el Pa\u00eds Vasco<\/a> hab\u00eda 14 en verano. En las islas Baleares, hay una <em>redeira<\/em>. Lo fuerte est\u00e1 en Galicia.\u201d<\/p>\n\n\n\n<h2 class=\"wp-block-heading\" id=\"h-las-redeiras-se-acaban-pero-siguen-siendo-necesarias\">\u201cLas <em>redeiras<\/em> se acaban, pero siguen siendo necesarias\u201d<\/h2>\n\n\n\n<figure class=\"wp-block-image size-full\"><a href=\"https:\/\/www.escapadarural.com\/blog\/wp-content\/uploads\/2024\/10\/029-1-medium.jpg\"><img decoding=\"async\" src=\"https:\/\/www.escapadarural.com\/blog\/wp-content\/uploads\/2024\/10\/029-1-medium.jpg\" alt=\"Redeiras de Galicia\" class=\"wp-image-69476\"\/><\/a><figcaption class=\"wp-element-caption\">Asociaci\u00f3n Redeiras de Portos\u00edn. Fuente: Federaci\u00f3n Galega de Redeiras Artes\u00e1s O Peirao<\/figcaption><\/figure>\n\n\n\n<p>Para la presidenta de la federaci\u00f3n y tambi\u00e9n <em>redeira<\/em>, uno de los principales problemas a que se enfrentan es el relevo generacional, porque <strong>\u201clas <em>redeiras<\/em> se acaban, pero siguen siendo necesarias\u201d<\/strong>.<\/p>\n\n\n\n<p>Y aunque sea un oficio muy duro e inestable -las <em>redeiras<\/em> son trabajadoras aut\u00f3nomas-, Veronica asegura que hay muchos j\u00f3venes con inter\u00e9s en aprender el oficio. \u201cEn Mar\u00edn hay una escuela reglada que hace estos cursos y siempre est\u00e1n llenos. Siempre queda <a href=\"https:\/\/www.escapadarural.com\/blog\/pueblos-que-son-capitales-de-algo\/\" title=\"Pueblos que son \u201ccapitales\u201d de lo que mejor saben hacer\"  data-wpil-monitor-id=\"1038\">lista<\/a> de espera. Y tambi\u00e9n vemos que la gente que saca esa titulaci\u00f3n se da de alta\u201d, explica.<\/p>\n\n\n<div class=\"wp-block-image\">\n<figure class=\"aligncenter size-large\"><a href=\"https:\/\/www.escapadarural.com\/blog\/wp-content\/uploads\/WhatsApp-Image-2023-12-28-at-11.32.56.jpeg\"><img decoding=\"async\" src=\"https:\/\/www.escapadarural.com\/blog\/wp-content\/uploads\/2024\/10\/WhatsApp-Image-2023-12-28-at-11.32.56-768x1024-1.jpeg\" alt=\"Redeiras de Galicia\" class=\"wp-image-69479\"\/><\/a><figcaption class=\"wp-element-caption\">Sara Gonz\u00e1lez trabajando. Fuente: Asociaci\u00f3n de Redeiras do Baixo Mi\u00f1o Atalaia<\/figcaption><\/figure>\n<\/div>\n\n\n<p>Fue precisamente en el Centro de Formaci\u00f3n A Aixola, en Mar\u00edn, en la provincia de <a href=\"\/casas-rurales\/pontevedra\" target=\"_blank\" rel=\"noreferrer noopener\">Pontevedra<\/a>, que Sara Gonz\u00e1lez hizo el curso de confecci\u00f3n y mantenimiento de artes y aparejos. Con tan solo 30 a\u00f1os, <strong>Sara es la <em>redeira<\/em> m\u00e1s joven de Galicia<\/strong>, y probablemente de toda Espa\u00f1a.<\/p>\n\n\n\n<p>Empez\u00f3 en 2014 con 21 a\u00f1os en la <strong>Asociaci\u00f3n de Redeiras do Baixo Mi\u00f1o Atalaia<\/strong>, mientras estudiaba Administraci\u00f3n y Finanzas, por influencia de las mujeres de su familia: su madre, t\u00eda y abuela eran <em>redeiras<\/em> tambi\u00e9n.&nbsp;<\/p>\n\n\n\n<p>Tras unos a\u00f1os apartada de las redes para trabajar en una asesor\u00eda y en el concello de O Rosal, decidi\u00f3 volver al oficio en 2021. Con una hija de tres a\u00f1os, el trabajo de <em>redeira<\/em> le permite la flexibilidad de conciliar la vida familiar con la profesional.<\/p>\n\n\n\n<h2 class=\"wp-block-heading\" id=\"h-un-oficio-familiar\">Un oficio familiar<\/h2>\n\n\n\n<figure class=\"wp-block-image size-large\"><a href=\"https:\/\/www.escapadarural.com\/blog\/wp-content\/uploads\/redeiras.jpeg\"><img decoding=\"async\" src=\"https:\/\/www.escapadarural.com\/blog\/wp-content\/uploads\/2024\/10\/redeiras-1024x682-1.jpeg\" alt=\"Redeiras de Galicia\" class=\"wp-image-69480\"\/><\/a><figcaption class=\"wp-element-caption\">Fuente: Asociaci\u00f3n de Redeiras do Baixo Mi\u00f1o Atalaia<\/figcaption><\/figure>\n\n\n\n<p>Sara Gonz\u00e1lez es el ejemplo vivo de un oficio que siempre fue pasado de madres a hijas de forma artesanal. En las familias de pescadores, mientras los hombres sal\u00edan para la faena, las mujeres se quedaban en casa a hacer el aparejo. As\u00ed que durante muchos a\u00f1os no fue considerada una profesi\u00f3n y, seg\u00fan Veronica Veres, sigue siendo considerada una profesi\u00f3n de segunda.&nbsp;<\/p>\n\n\n\n<p>\u201cNosotras para algunas cosas estamos en la Ley de Pesca, como puede ser en la seguridad social, y ahora tambi\u00e9n lo reconocieron este a\u00f1o [2023] el coeficiente reductor, que tambi\u00e9n es el que se le aplica la Ley de Pesca\u201d, dice Veronica.&nbsp;<\/p>\n\n\n\n<p>Sin embargo, para el Ministerio de Hacienda, las <em>redeiras<\/em> son parte del sector textil. \u201cHay el error de decir que las redes se cosen, que no se cosen, se atan. Y de ah\u00ed que al o\u00edr coser, nos asocien a que somos de textil\u201d, contin\u00faa la presidenta de la federaci\u00f3n gallega.<\/p>\n\n\n\n<figure class=\"wp-block-image size-full\"><a href=\"https:\/\/www.escapadarural.com\/blog\/wp-content\/uploads\/2024\/10\/050-medium.jpg\"><img decoding=\"async\" src=\"https:\/\/www.escapadarural.com\/blog\/wp-content\/uploads\/2024\/10\/050-medium.jpg\" alt=\"Redeiras de Galicia\" class=\"wp-image-69482\"\/><\/a><figcaption class=\"wp-element-caption\">Asociaci\u00f3n de Redeiras Illa da Estrela de Corme. Fuente: Federaci\u00f3n Galega de Redeiras Artes\u00e1s O Peirao<\/figcaption><\/figure>\n\n\n\n<p>Esta es una de las grandes batallas de las <em>redeiras<\/em> gallegas: ser una profesi\u00f3n reconocida en la Ley de Pesca y tener los mismos derechos que los dem\u00e1s trabajadores del mar. En 2023 han logrado conseguir que se les reconozca el coeficiente reductor para la jubilaci\u00f3n anticipada, pero todav\u00eda no se les reconoce muchas de las enfermedades causadas por su trabajo.<\/p>\n\n\n\n<p>Sara recuerda en una entrevista telef\u00f3nica con <strong>EscapadaRural<\/strong> cuando tuvo una tendinitis y no lo han considerado como enfermedad laboral. \u201cFui a la M\u00fatua, me hicieron pruebas y me dec\u00edan que no, que eso no se pod\u00eda asegurar que fuera del trabajo. Yo trabajo con las manos todo el d\u00eda, \u00bfc\u00f3mo no va a ser del trabajo? Al final tuve que estar de baja m\u00e9dica, pero por enfermedad com\u00fan\u201d, relata.<\/p>\n\n\n\n<h2 class=\"wp-block-heading\" id=\"h-la-lucha-de-las-redeiras\">La lucha de las <em>redeiras<\/em><\/h2>\n\n\n\n<figure class=\"wp-block-image size-full\"><a href=\"https:\/\/www.escapadarural.com\/blog\/wp-content\/uploads\/2024\/10\/036b-medium.jpg\"><img decoding=\"async\" src=\"https:\/\/www.escapadarural.com\/blog\/wp-content\/uploads\/2024\/10\/036b-medium.jpg\" alt=\"Redeiras de Galicia\" class=\"wp-image-69472\"\/><\/a><figcaption class=\"wp-element-caption\">Asociaci\u00f3n de Redeiras Illa da Estrela de Corme. Fuente: Federaci\u00f3n Galega de Redeiras Artes\u00e1s O Peirao<\/figcaption><\/figure>\n\n\n\n<p>Son este tipo de problemas los que la <strong>Federaci\u00f3n Galega de Redeiras Artes\u00e1s O Peirao<\/strong> -que en gallego significa muelle- intenta cambiar desde que naci\u00f3 en 2004 a ra\u00edz del desastre del petrolero <a href=\"https:\/\/es.wikipedia.org\/wiki\/Prestige\" target=\"_blank\" rel=\"noreferrer noopener nofollow\">Prestige<\/a> que, en 2002, afect\u00f3 a toda la costa gallega. La flota tuvo que parar y, desde el Gobierno, fueron atribuidos subsidios a los afectados por ser un caso de tragedia y de cat\u00e1strofe ambiental.<\/p>\n\n\n\n<p>En ese momento, se reconocieron todos los trabajadores del mar excepto a las <em>redeiras<\/em>, porque no se consideraba un oficio. Se consideraba un trabajo de casa y no estaba contemplado. As\u00ed surgi\u00f3 la federaci\u00f3n, que engloba a ocho asociaciones de distintas localidades gallegas con el objetivo de conseguir mejores condiciones laborales para el gremio.<\/p>\n\n\n\n<p>En estas dos d\u00e9cadas, las conquistas de la federaci\u00f3n fueron muchas pero queda mucho por hacer. Veronica Veres nos habla de situaciones de<strong> intrusismo<\/strong> que perjudican la profesi\u00f3n, porque muchas personas hacen arreglos en sus casas de manera furtiva. \u201cSi hay gente que no est\u00e1 dada de alta en la seguridad social, pues lo que hace es bajar los precios\u201d, dice.<\/p>\n\n\n\n<figure class=\"wp-block-image size-full\"><a href=\"https:\/\/www.escapadarural.com\/blog\/wp-content\/uploads\/2024\/10\/072-1-medium.jpg\"><img decoding=\"async\" src=\"https:\/\/www.escapadarural.com\/blog\/wp-content\/uploads\/2024\/10\/072-1-medium.jpg\" alt=\"Redeiras de Galicia\" class=\"wp-image-69485\"\/><\/a><figcaption class=\"wp-element-caption\">Asociaci\u00f3n Redeiras O Cerco de Cangas do Morrazo. Fuente: Federaci\u00f3n Galega de Redeiras Artes\u00e1s O Peirao<\/figcaption><\/figure>\n\n\n\n<p>A pesar de todo, tanto Ver\u00f3nica Veres como Sara Gonz\u00e1lez son optimistas respecto al futuro de la profesi\u00f3n porque hay mucho trabajo y cada vez menos <em>redeiras<\/em>. \u201cEs un trabajo duro y est\u00e1 poco valorado, como todo lo artesano, pero hay mucho futuro y hay mucho nicho de mercado que eso es lo importante\u201d, asegura Ver\u00f3nica.<\/p>\n\n\n\n<p>Uno de esos nichos es la industria de la moda que tambi\u00e9n ha contratado algunas <em>redeiras<\/em> para hacer cester\u00eda, bolsos y otros textiles con modelos inspirados en Galicia. Es el caso de Inditex, m\u00e1s concretamente Zara y Loewe, que encargan ediciones muy limitadas de bolsos en campa\u00f1as puntuales.<\/p>\n\n\n\n<p>Esta es una v\u00eda que puede aportar mucho valor a la profesi\u00f3n y atraer a los m\u00e1s j\u00f3venes. Aunque Ver\u00f3nica nos explique que, en realidad, esos trabajos puntuales suponen menos de 1% del trabajo anual.<\/p>\n\n\n\n<p>Las <em>redeiras<\/em> gallegas seguir\u00e1n con su lucha para garantizar el futuro de la profesi\u00f3n con todos los derechos que reclaman y con el reconocimiento que se merecen. Y quiz\u00e1s en unos a\u00f1os la hija de Sara Gonz\u00e1lez de tan solo tres a\u00f1os pueda decidir ser <em>redeira<\/em> como su madre, su abuela y su bisabuela, pero con mejores condiciones laborales. \u201cConsidero que es un trabajo completamente digno y que podr\u00eda perfectamente, si ella quisiera, dedicarse a esto\u201d, termina orgullosa de la tradici\u00f3n familiar que carga en sus manos.<\/p>\n\n\n\n<div class=\"wp-block-buttons is-layout-flex wp-block-buttons-is-layout-flex\">\n<div class=\"wp-block-button\"><a class=\"wp-block-button__link wp-element-button\" href=\"\/casas-rurales\/galicia\" target=\"_blank\" rel=\"noreferrer noopener\">Casas rurales en Galicia<\/a><\/div>\n<\/div>\n","protected":false},"excerpt":{"rendered":"<p>Las redeiras gallegas son muy importantes para el sector pesquero y siguen luchando para conseguir mejores condiciones laborales y que se reconozca su trabajo.<\/p>\n","protected":false},"author":135,"featured_media":94408,"comment_status":"open","ping_status":"open","sticky":false,"template":"","format":"standard","meta":{"_acf_changed":false,"om_disable_all_campaigns":false,"footnotes":""},"categories":[231],"tags":[260,468,440,5558,5559],"class_list":["post-69467","post","type-post","status-publish","format-standard","has-post-thumbnail","hentry","category-arte-y-cultura","tag-articulo","tag-que-ver-en-galicia","tag-historias-y-curiosidades","tag-pesca","tag-redeiras"],"acf":[],"featured_image_src":"https:\/\/www.escapadarural.com\/blog\/wp-content\/uploads\/2024\/10\/039-medium.jpg","author_info":{"display_name":"\u00c2ngela Coelho","author_link":"https:\/\/www.escapadarural.com\/blog\/autor\/angela\/"},"yoast_head":"<!-- This site is optimized with the Yoast SEO plugin v27.5 - https:\/\/yoast.com\/product\/yoast-seo-wordpress\/ -->\n<title>Redeiras, las artesanas del mar - EscapadaRural<\/title>\n<meta name=\"robots\" content=\"index, follow, max-snippet:-1, max-image-preview:large, max-video-preview:-1\" \/>\n<link rel=\"canonical\" href=\"https:\/\/www.escapadarural.com\/blog\/redeiras-las-artesanas-del-mar\/\" \/>\n<meta property=\"og:locale\" content=\"es_ES\" \/>\n<meta property=\"og:type\" content=\"article\" \/>\n<meta property=\"og:title\" content=\"Redeiras, las artesanas del mar - EscapadaRural\" \/>\n<meta property=\"og:description\" content=\"Las redeiras gallegas son muy importantes para el sector pesquero y siguen luchando para conseguir mejores condiciones laborales y que se reconozca su trabajo.\" \/>\n<meta property=\"og:url\" content=\"https:\/\/www.escapadarural.com\/blog\/redeiras-las-artesanas-del-mar\/\" \/>\n<meta property=\"og:site_name\" content=\"Magazine de viajes de EscapadaRural\" \/>\n<meta property=\"article:publisher\" content=\"https:\/\/www.facebook.com\/escapadarural\" \/>\n<meta property=\"article:published_time\" content=\"2024-01-10T08:31:08+00:00\" \/>\n<meta property=\"article:modified_time\" content=\"2025-05-02T06:42:53+00:00\" \/>\n<meta property=\"og:image\" content=\"https:\/\/www.escapadarural.com\/blog\/wp-content\/uploads\/2024\/10\/039-medium.jpg\" \/>\n\t<meta property=\"og:image:width\" content=\"1024\" \/>\n\t<meta property=\"og:image:height\" content=\"683\" \/>\n\t<meta property=\"og:image:type\" content=\"image\/jpeg\" \/>\n<meta name=\"author\" content=\"\u00c2ngela Coelho\" \/>\n<meta name=\"twitter:card\" content=\"summary_large_image\" \/>\n<meta name=\"twitter:label1\" content=\"Escrito por\" \/>\n\t<meta name=\"twitter:data1\" content=\"\u00c2ngela Coelho\" \/>\n\t<meta name=\"twitter:label2\" content=\"Tiempo de lectura\" \/>\n\t<meta name=\"twitter:data2\" content=\"9 minutos\" \/>\n<script type=\"application\/ld+json\" class=\"yoast-schema-graph\">{\"@context\":\"https:\\\/\\\/schema.org\",\"@graph\":[{\"@type\":\"Article\",\"@id\":\"https:\\\/\\\/www.escapadarural.com\\\/blog\\\/redeiras-las-artesanas-del-mar\\\/#article\",\"isPartOf\":{\"@id\":\"https:\\\/\\\/www.escapadarural.com\\\/blog\\\/redeiras-las-artesanas-del-mar\\\/\"},\"author\":{\"name\":\"\u00c2ngela Coelho\",\"@id\":\"https:\\\/\\\/www.escapadarural.com\\\/blog\\\/#\\\/schema\\\/person\\\/27db72653db008ab82e5d7fe93d09972\"},\"headline\":\"Redeiras, las artesanas del mar\",\"datePublished\":\"2024-01-10T08:31:08+00:00\",\"dateModified\":\"2025-05-02T06:42:53+00:00\",\"mainEntityOfPage\":{\"@id\":\"https:\\\/\\\/www.escapadarural.com\\\/blog\\\/redeiras-las-artesanas-del-mar\\\/\"},\"wordCount\":1655,\"commentCount\":0,\"publisher\":{\"@id\":\"https:\\\/\\\/www.escapadarural.com\\\/blog\\\/#organization\"},\"image\":{\"@id\":\"https:\\\/\\\/www.escapadarural.com\\\/blog\\\/redeiras-las-artesanas-del-mar\\\/#primaryimage\"},\"thumbnailUrl\":\"https:\\\/\\\/www.escapadarural.com\\\/blog\\\/wp-content\\\/uploads\\\/2024\\\/10\\\/039-medium.jpg\",\"keywords\":[\"art\u00edculo\",\"Galicia\",\"Historias y Curiosidades\",\"pesca\",\"redeiras\"],\"articleSection\":[\"Arte y Cultura\"],\"inLanguage\":\"es\",\"potentialAction\":[{\"@type\":\"CommentAction\",\"name\":\"Comment\",\"target\":[\"https:\\\/\\\/www.escapadarural.com\\\/blog\\\/redeiras-las-artesanas-del-mar\\\/#respond\"]}]},{\"@type\":\"WebPage\",\"@id\":\"https:\\\/\\\/www.escapadarural.com\\\/blog\\\/redeiras-las-artesanas-del-mar\\\/\",\"url\":\"https:\\\/\\\/www.escapadarural.com\\\/blog\\\/redeiras-las-artesanas-del-mar\\\/\",\"name\":\"Redeiras, las artesanas del mar - EscapadaRural\",\"isPartOf\":{\"@id\":\"https:\\\/\\\/www.escapadarural.com\\\/blog\\\/#website\"},\"primaryImageOfPage\":{\"@id\":\"https:\\\/\\\/www.escapadarural.com\\\/blog\\\/redeiras-las-artesanas-del-mar\\\/#primaryimage\"},\"image\":{\"@id\":\"https:\\\/\\\/www.escapadarural.com\\\/blog\\\/redeiras-las-artesanas-del-mar\\\/#primaryimage\"},\"thumbnailUrl\":\"https:\\\/\\\/www.escapadarural.com\\\/blog\\\/wp-content\\\/uploads\\\/2024\\\/10\\\/039-medium.jpg\",\"datePublished\":\"2024-01-10T08:31:08+00:00\",\"dateModified\":\"2025-05-02T06:42:53+00:00\",\"breadcrumb\":{\"@id\":\"https:\\\/\\\/www.escapadarural.com\\\/blog\\\/redeiras-las-artesanas-del-mar\\\/#breadcrumb\"},\"inLanguage\":\"es\",\"potentialAction\":[{\"@type\":\"ReadAction\",\"target\":[\"https:\\\/\\\/www.escapadarural.com\\\/blog\\\/redeiras-las-artesanas-del-mar\\\/\"]}]},{\"@type\":\"ImageObject\",\"inLanguage\":\"es\",\"@id\":\"https:\\\/\\\/www.escapadarural.com\\\/blog\\\/redeiras-las-artesanas-del-mar\\\/#primaryimage\",\"url\":\"https:\\\/\\\/www.escapadarural.com\\\/blog\\\/wp-content\\\/uploads\\\/2024\\\/10\\\/039-medium.jpg\",\"contentUrl\":\"https:\\\/\\\/www.escapadarural.com\\\/blog\\\/wp-content\\\/uploads\\\/2024\\\/10\\\/039-medium.jpg\",\"width\":1024,\"height\":683,\"caption\":\"Mujeres vestidas con uniformes de cuadros escoceses trabajan con redes verdes y boyas de colores en una larga mesa de madera en el interior de una f\u00e1brica. El ambiente parece concentrado y laborioso.\"},{\"@type\":\"BreadcrumbList\",\"@id\":\"https:\\\/\\\/www.escapadarural.com\\\/blog\\\/redeiras-las-artesanas-del-mar\\\/#breadcrumb\",\"itemListElement\":[{\"@type\":\"ListItem\",\"position\":1,\"name\":\"Inicio\",\"item\":\"https:\\\/\\\/www.escapadarural.com\\\/blog\\\/\"},{\"@type\":\"ListItem\",\"position\":2,\"name\":\"Arte y Cultura\",\"item\":\"https:\\\/\\\/www.escapadarural.com\\\/blog\\\/categoria\\\/arte-y-cultura\\\/\"},{\"@type\":\"ListItem\",\"position\":3,\"name\":\"Redeiras, las artesanas del mar\"}]},{\"@type\":\"WebSite\",\"@id\":\"https:\\\/\\\/www.escapadarural.com\\\/blog\\\/#website\",\"url\":\"https:\\\/\\\/www.escapadarural.com\\\/blog\\\/\",\"name\":\"Blog de viajes | turismo rural, alojamientos e inspiraci\u00f3n\",\"description\":\"Alojamientos rurales e inspiraci\u00f3n para tus escapadas\",\"publisher\":{\"@id\":\"https:\\\/\\\/www.escapadarural.com\\\/blog\\\/#organization\"},\"alternateName\":\"Magazine de viajes de EscapadaRural\",\"potentialAction\":[{\"@type\":\"SearchAction\",\"target\":{\"@type\":\"EntryPoint\",\"urlTemplate\":\"https:\\\/\\\/www.escapadarural.com\\\/blog\\\/?s={search_term_string}\"},\"query-input\":{\"@type\":\"PropertyValueSpecification\",\"valueRequired\":true,\"valueName\":\"search_term_string\"}}],\"inLanguage\":\"es\"},{\"@type\":\"Organization\",\"@id\":\"https:\\\/\\\/www.escapadarural.com\\\/blog\\\/#organization\",\"name\":\"EscapadaRural\",\"url\":\"https:\\\/\\\/www.escapadarural.com\\\/blog\\\/\",\"logo\":{\"@type\":\"ImageObject\",\"inLanguage\":\"es\",\"@id\":\"https:\\\/\\\/www.escapadarural.com\\\/blog\\\/#\\\/schema\\\/logo\\\/image\\\/\",\"url\":\"https:\\\/\\\/www.escapadarural.com\\\/blog\\\/wp-content\\\/uploads\\\/2024\\\/10\\\/cropped-cropped-escapada-rural-icon-mag-3.png\",\"contentUrl\":\"https:\\\/\\\/www.escapadarural.com\\\/blog\\\/wp-content\\\/uploads\\\/2024\\\/10\\\/cropped-cropped-escapada-rural-icon-mag-3.png\",\"width\":512,\"height\":512,\"caption\":\"EscapadaRural\"},\"image\":{\"@id\":\"https:\\\/\\\/www.escapadarural.com\\\/blog\\\/#\\\/schema\\\/logo\\\/image\\\/\"},\"sameAs\":[\"https:\\\/\\\/www.facebook.com\\\/escapadarural\",\"https:\\\/\\\/www.instagram.com\\\/escapadarural\\\/\",\"https:\\\/\\\/www.youtube.com\\\/@escapadaruralcom\"]},{\"@type\":\"Person\",\"@id\":\"https:\\\/\\\/www.escapadarural.com\\\/blog\\\/#\\\/schema\\\/person\\\/27db72653db008ab82e5d7fe93d09972\",\"name\":\"\u00c2ngela Coelho\",\"image\":{\"@type\":\"ImageObject\",\"inLanguage\":\"es\",\"@id\":\"https:\\\/\\\/secure.gravatar.com\\\/avatar\\\/266007c4d733a1352809d25c72c8c5b058255e48028e729b91b5970cdc3b19ab?s=96&d=mm&r=g\",\"url\":\"https:\\\/\\\/secure.gravatar.com\\\/avatar\\\/266007c4d733a1352809d25c72c8c5b058255e48028e729b91b5970cdc3b19ab?s=96&d=mm&r=g\",\"contentUrl\":\"https:\\\/\\\/secure.gravatar.com\\\/avatar\\\/266007c4d733a1352809d25c72c8c5b058255e48028e729b91b5970cdc3b19ab?s=96&d=mm&r=g\",\"caption\":\"\u00c2ngela Coelho\"},\"url\":\"https:\\\/\\\/www.escapadarural.com\\\/blog\\\/autor\\\/angela\\\/\"}]}<\/script>\n<!-- \/ Yoast SEO plugin. -->","yoast_head_json":{"title":"Redeiras, las artesanas del mar - EscapadaRural","robots":{"index":"index","follow":"follow","max-snippet":"max-snippet:-1","max-image-preview":"max-image-preview:large","max-video-preview":"max-video-preview:-1"},"canonical":"https:\/\/www.escapadarural.com\/blog\/redeiras-las-artesanas-del-mar\/","og_locale":"es_ES","og_type":"article","og_title":"Redeiras, las artesanas del mar - EscapadaRural","og_description":"Las redeiras gallegas son muy importantes para el sector pesquero y siguen luchando para conseguir mejores condiciones laborales y que se reconozca su trabajo.","og_url":"https:\/\/www.escapadarural.com\/blog\/redeiras-las-artesanas-del-mar\/","og_site_name":"Magazine de viajes de EscapadaRural","article_publisher":"https:\/\/www.facebook.com\/escapadarural","article_published_time":"2024-01-10T08:31:08+00:00","article_modified_time":"2025-05-02T06:42:53+00:00","og_image":[{"width":1024,"height":683,"url":"https:\/\/www.escapadarural.com\/blog\/wp-content\/uploads\/2024\/10\/039-medium.jpg","type":"image\/jpeg"}],"author":"\u00c2ngela Coelho","twitter_card":"summary_large_image","twitter_misc":{"Escrito por":"\u00c2ngela Coelho","Tiempo de lectura":"9 minutos"},"schema":{"@context":"https:\/\/schema.org","@graph":[{"@type":"Article","@id":"https:\/\/www.escapadarural.com\/blog\/redeiras-las-artesanas-del-mar\/#article","isPartOf":{"@id":"https:\/\/www.escapadarural.com\/blog\/redeiras-las-artesanas-del-mar\/"},"author":{"name":"\u00c2ngela Coelho","@id":"https:\/\/www.escapadarural.com\/blog\/#\/schema\/person\/27db72653db008ab82e5d7fe93d09972"},"headline":"Redeiras, las artesanas del mar","datePublished":"2024-01-10T08:31:08+00:00","dateModified":"2025-05-02T06:42:53+00:00","mainEntityOfPage":{"@id":"https:\/\/www.escapadarural.com\/blog\/redeiras-las-artesanas-del-mar\/"},"wordCount":1655,"commentCount":0,"publisher":{"@id":"https:\/\/www.escapadarural.com\/blog\/#organization"},"image":{"@id":"https:\/\/www.escapadarural.com\/blog\/redeiras-las-artesanas-del-mar\/#primaryimage"},"thumbnailUrl":"https:\/\/www.escapadarural.com\/blog\/wp-content\/uploads\/2024\/10\/039-medium.jpg","keywords":["art\u00edculo","Galicia","Historias y Curiosidades","pesca","redeiras"],"articleSection":["Arte y Cultura"],"inLanguage":"es","potentialAction":[{"@type":"CommentAction","name":"Comment","target":["https:\/\/www.escapadarural.com\/blog\/redeiras-las-artesanas-del-mar\/#respond"]}]},{"@type":"WebPage","@id":"https:\/\/www.escapadarural.com\/blog\/redeiras-las-artesanas-del-mar\/","url":"https:\/\/www.escapadarural.com\/blog\/redeiras-las-artesanas-del-mar\/","name":"Redeiras, las artesanas del mar - EscapadaRural","isPartOf":{"@id":"https:\/\/www.escapadarural.com\/blog\/#website"},"primaryImageOfPage":{"@id":"https:\/\/www.escapadarural.com\/blog\/redeiras-las-artesanas-del-mar\/#primaryimage"},"image":{"@id":"https:\/\/www.escapadarural.com\/blog\/redeiras-las-artesanas-del-mar\/#primaryimage"},"thumbnailUrl":"https:\/\/www.escapadarural.com\/blog\/wp-content\/uploads\/2024\/10\/039-medium.jpg","datePublished":"2024-01-10T08:31:08+00:00","dateModified":"2025-05-02T06:42:53+00:00","breadcrumb":{"@id":"https:\/\/www.escapadarural.com\/blog\/redeiras-las-artesanas-del-mar\/#breadcrumb"},"inLanguage":"es","potentialAction":[{"@type":"ReadAction","target":["https:\/\/www.escapadarural.com\/blog\/redeiras-las-artesanas-del-mar\/"]}]},{"@type":"ImageObject","inLanguage":"es","@id":"https:\/\/www.escapadarural.com\/blog\/redeiras-las-artesanas-del-mar\/#primaryimage","url":"https:\/\/www.escapadarural.com\/blog\/wp-content\/uploads\/2024\/10\/039-medium.jpg","contentUrl":"https:\/\/www.escapadarural.com\/blog\/wp-content\/uploads\/2024\/10\/039-medium.jpg","width":1024,"height":683,"caption":"Mujeres vestidas con uniformes de cuadros escoceses trabajan con redes verdes y boyas de colores en una larga mesa de madera en el interior de una f\u00e1brica. El ambiente parece concentrado y laborioso."},{"@type":"BreadcrumbList","@id":"https:\/\/www.escapadarural.com\/blog\/redeiras-las-artesanas-del-mar\/#breadcrumb","itemListElement":[{"@type":"ListItem","position":1,"name":"Inicio","item":"https:\/\/www.escapadarural.com\/blog\/"},{"@type":"ListItem","position":2,"name":"Arte y Cultura","item":"https:\/\/www.escapadarural.com\/blog\/categoria\/arte-y-cultura\/"},{"@type":"ListItem","position":3,"name":"Redeiras, las artesanas del mar"}]},{"@type":"WebSite","@id":"https:\/\/www.escapadarural.com\/blog\/#website","url":"https:\/\/www.escapadarural.com\/blog\/","name":"Blog de viajes | turismo rural, alojamientos e inspiraci\u00f3n","description":"Alojamientos rurales e inspiraci\u00f3n para tus escapadas","publisher":{"@id":"https:\/\/www.escapadarural.com\/blog\/#organization"},"alternateName":"Magazine de viajes de EscapadaRural","potentialAction":[{"@type":"SearchAction","target":{"@type":"EntryPoint","urlTemplate":"https:\/\/www.escapadarural.com\/blog\/?s={search_term_string}"},"query-input":{"@type":"PropertyValueSpecification","valueRequired":true,"valueName":"search_term_string"}}],"inLanguage":"es"},{"@type":"Organization","@id":"https:\/\/www.escapadarural.com\/blog\/#organization","name":"EscapadaRural","url":"https:\/\/www.escapadarural.com\/blog\/","logo":{"@type":"ImageObject","inLanguage":"es","@id":"https:\/\/www.escapadarural.com\/blog\/#\/schema\/logo\/image\/","url":"https:\/\/www.escapadarural.com\/blog\/wp-content\/uploads\/2024\/10\/cropped-cropped-escapada-rural-icon-mag-3.png","contentUrl":"https:\/\/www.escapadarural.com\/blog\/wp-content\/uploads\/2024\/10\/cropped-cropped-escapada-rural-icon-mag-3.png","width":512,"height":512,"caption":"EscapadaRural"},"image":{"@id":"https:\/\/www.escapadarural.com\/blog\/#\/schema\/logo\/image\/"},"sameAs":["https:\/\/www.facebook.com\/escapadarural","https:\/\/www.instagram.com\/escapadarural\/","https:\/\/www.youtube.com\/@escapadaruralcom"]},{"@type":"Person","@id":"https:\/\/www.escapadarural.com\/blog\/#\/schema\/person\/27db72653db008ab82e5d7fe93d09972","name":"\u00c2ngela Coelho","image":{"@type":"ImageObject","inLanguage":"es","@id":"https:\/\/secure.gravatar.com\/avatar\/266007c4d733a1352809d25c72c8c5b058255e48028e729b91b5970cdc3b19ab?s=96&d=mm&r=g","url":"https:\/\/secure.gravatar.com\/avatar\/266007c4d733a1352809d25c72c8c5b058255e48028e729b91b5970cdc3b19ab?s=96&d=mm&r=g","contentUrl":"https:\/\/secure.gravatar.com\/avatar\/266007c4d733a1352809d25c72c8c5b058255e48028e729b91b5970cdc3b19ab?s=96&d=mm&r=g","caption":"\u00c2ngela Coelho"},"url":"https:\/\/www.escapadarural.com\/blog\/autor\/angela\/"}]}},"_links":{"self":[{"href":"https:\/\/www.escapadarural.com\/blog\/wp-json\/wp\/v2\/posts\/69467","targetHints":{"allow":["GET"]}}],"collection":[{"href":"https:\/\/www.escapadarural.com\/blog\/wp-json\/wp\/v2\/posts"}],"about":[{"href":"https:\/\/www.escapadarural.com\/blog\/wp-json\/wp\/v2\/types\/post"}],"author":[{"embeddable":true,"href":"https:\/\/www.escapadarural.com\/blog\/wp-json\/wp\/v2\/users\/135"}],"replies":[{"embeddable":true,"href":"https:\/\/www.escapadarural.com\/blog\/wp-json\/wp\/v2\/comments?post=69467"}],"version-history":[{"count":0,"href":"https:\/\/www.escapadarural.com\/blog\/wp-json\/wp\/v2\/posts\/69467\/revisions"}],"wp:featuredmedia":[{"embeddable":true,"href":"https:\/\/www.escapadarural.com\/blog\/wp-json\/wp\/v2\/media\/94408"}],"wp:attachment":[{"href":"https:\/\/www.escapadarural.com\/blog\/wp-json\/wp\/v2\/media?parent=69467"}],"wp:term":[{"taxonomy":"category","embeddable":true,"href":"https:\/\/www.escapadarural.com\/blog\/wp-json\/wp\/v2\/categories?post=69467"},{"taxonomy":"post_tag","embeddable":true,"href":"https:\/\/www.escapadarural.com\/blog\/wp-json\/wp\/v2\/tags?post=69467"}],"curies":[{"name":"wp","href":"https:\/\/api.w.org\/{rel}","templated":true}]}}