{"id":69743,"date":"2024-01-15T08:00:00","date_gmt":"2024-01-15T07:00:00","guid":{"rendered":"https:\/\/www.escapadarural.com\/blog\/?p=69743"},"modified":"2025-04-28T14:15:09","modified_gmt":"2025-04-28T12:15:09","slug":"mejor-mural-del-mundo-2023","status":"publish","type":"post","link":"https:\/\/www.escapadarural.com\/blog\/mejor-mural-del-mundo-2023\/","title":{"rendered":"Los murales espa\u00f1oles candidatos a ser el Mejor Mural del Mundo"},"content":{"rendered":"\n<figure class=\"wp-block-image size-large\"><img decoding=\"async\" src=\"https:\/\/www.escapadarural.com\/blog\/wp-content\/uploads\/2024\/10\/muralla-de-lugo-1024x683-1.jpg\" alt=\"emperador romano de Diego As, Mejor Mural del Mundo 2021\" class=\"wp-image-68761\"\/><figcaption class=\"wp-element-caption\">Mural del emperador romano de Diego As desde la muralla de Lugo, Mejor Mural del Mundo 2021. Por Laura Fern\u00e1ndez<\/figcaption><\/figure>\n\n\n\n<p>Por tercer a\u00f1o consecutivo, <a href=\"https:\/\/streetartcities.com\/awards\/2023\" target=\"_blank\" rel=\"noreferrer noopener nofollow\">Streetart Cities<\/a> ha lanzado su lista de las obras finalistas que optan a convertirse en el <strong>Mejor Mural del Mundo 2023<\/strong>. En total hay 50 obras seleccionadas, 21 de ellas espa\u00f1olas.&nbsp;La gran mayor\u00eda est\u00e1n en el mundo rural.<\/p>\n\n\n\n<p>La idea del concurso es poner en valor el trabajo de cientos de artistas que cada a\u00f1o utilizan el arte para reivindicar tradiciones, la cultura y el respeto por el entorno. Gracias al arte urbano, muchas <a href=\"https:\/\/www.escapadarural.com\/blog\/festivales-de-verano-pueblos\/\" title=\"Cinco festivales de verano en pueblos que luchan contra la despoblaci\u00f3n rural\"  data-wpil-monitor-id=\"1037\">localidades que luchan cada d\u00eda contra la despoblaci\u00f3n<\/a> parecen haber vuelto a la vida. Es el caso de Carr\u00edcola, en <a href=\"\/casas-rurales\/valencia\">Valencia<\/a>; o Fanzara y su MIAU (Museo Inacabado de Arte Urbano), en <a href=\"\/casas-rurales\/castellon\">Castell\u00f3n<\/a>. Aunque no son las \u00fanicas. Espa\u00f1a cuenta con una gran representaci\u00f3n de localidades en estos premios.&nbsp;<\/p>\n\n\n\n<p>En la primera edici\u00f3n de Streetart Cities Awards, el ganador fue el mural del emperador romano que Diego As levant\u00f3 junto a la muralla de Lugo y que a\u00fan se puede visitar. En 2022, Espa\u00f1a qued\u00f3 en tercer lugar gracias a \u201cLa mano de muchos\u201d, de Murales Lian. Este a\u00f1o seguimos teniendo muchas posibilidades, ya que nuestro pa\u00eds sigue siendo el que m\u00e1s nominaciones tiene.&nbsp;<\/p>\n\n\n\n<p>En esta lista os dejamos los nuevos murales que aspiran a ser el Mejor Mural del Mundo 2023 y que podemos visitar a lo largo del territorio nacional.&nbsp;<\/p>\n\n\n\n<h2 class=\"wp-block-heading\" id=\"0-medina-de-las-torres-badajoz-\"><strong>Medina de las torres (Badajoz)<\/strong><\/h2>\n\n\n\n<figure class=\"wp-block-image size-large\"><a href=\"https:\/\/www.escapadarural.com\/blog\/wp-content\/uploads\/mural-streetart-cities-2.jpg\"><img decoding=\"async\" src=\"https:\/\/www.escapadarural.com\/blog\/wp-content\/uploads\/2024\/10\/mural-streetart-cities-2-1024x768-1.jpg\" alt=\"Medina de las Torres. Por Streetart Cities\" class=\"wp-image-69839\"\/><\/a><figcaption class=\"wp-element-caption\">Mural en Medina de las Torres. Por Streetart Cities<\/figcaption><\/figure>\n\n\n\n<p>Con el objetivo de atraer el turismo, tres artistas licenciados en Bellas Artes han llenado el pueblo de <a href=\"\/casas-rurales\/medina-de-las-torres\">Medina de las Torres<\/a>, en Badajoz, de aut\u00e9nticas obras. La candidata a hacerse con el premio a Mejor Mural del Mundo es \u201cUna casa an\u00f3nima\u201d, del gaditano Manolo Mesa, quien ha llevado la cer\u00e1mica fajalauza a diferentes partes de Espa\u00f1a y de Europa.&nbsp;<\/p>\n\n\n\n<h2 class=\"wp-block-heading\" id=\"1-los-alc%C3%A1zares-murcia-\"><strong>Los Alc\u00e1zares (Murcia)<\/strong><\/h2>\n\n\n\n<figure class=\"wp-block-image size-large\"><a href=\"https:\/\/www.escapadarural.com\/blog\/wp-content\/uploads\/los-alcazares.jpg\"><img decoding=\"async\" src=\"https:\/\/www.escapadarural.com\/blog\/wp-content\/uploads\/2024\/10\/los-alcazares-1024x768-1.jpg\" alt=\"Los Alc\u00e1zares\" class=\"wp-image-69779\"\/><\/a><figcaption class=\"wp-element-caption\">Mural en Los Alc\u00e1zares aspirante a ser Mejor Mural del Mundo. Por Streetart Cities<\/figcaption><\/figure>\n\n\n\n<p>\u201cEl sue\u00f1o de Turing\u201d<strong> <\/strong>es la obra de arte urbano m\u00e1s destacada de Los Alc\u00e1zares, en <a href=\"\/casas-rurales\/murcia\">Murcia<\/a>. Fue creada por la asociaci\u00f3n cultural \u201cLa compa\u00f1\u00eda de Mario\u201d y es parte del trabajo en equipo de los artistas LACDM, Hamgeo, Goyo203, Willy Arenas, Jes\u00fas La Sombra, Unoaisaac. La obra invita a reflexionar sobre la Inteligencia Artificial. Est\u00e1 ubicada entre las calles Durango y Marqu\u00e9s de Ordo\u00f1o.&nbsp;<\/p>\n\n\n\n<h2 class=\"wp-block-heading\" id=\"2-bre%C3%B1a-baja-la-palma-\"><strong>Bre\u00f1a Baja (La Palma)<\/strong><\/h2>\n\n\n\n<figure class=\"wp-block-image size-large\"><a href=\"https:\/\/www.escapadarural.com\/blog\/wp-content\/uploads\/la-palma-scaled.jpg\"><img decoding=\"async\" src=\"https:\/\/www.escapadarural.com\/blog\/wp-content\/uploads\/2024\/10\/la-palma-1024x822-1.jpg\" alt=\"Mural en La Palma\" class=\"wp-image-69781\"\/><\/a><figcaption class=\"wp-element-caption\">Mural en Bre\u00f1a Baja, La Palma. Por Streetart Cities<\/figcaption><\/figure>\n\n\n\n<p>El mural \u201cLa Palma night\u201d fue un encargo del ayuntamiento de <a href=\"\/casas-rurales\/brena-baja\">Bre\u00f1a Baja<\/a>, que quer\u00eda destacar uno de los principales atractivos de la isla: el cielo nocturno. Las condiciones climatol\u00f3gicas y la ausencia de contaminaci\u00f3n atmosf\u00e9rica hacen que las noches en esta isla canaria sean estrelladas y que cuente con uno de los mejores cielos de Espa\u00f1a para el astroturismo. El mural fue realizado por el artista Erik Air, que ilustr\u00f3 a un joven contemplando la V\u00eda L\u00e1ctea.&nbsp;<\/p>\n\n\n\n<h2 class=\"wp-block-heading\" id=\"3-linares-ja%C3%A9n-\"><strong>Linares (Ja\u00e9n)<\/strong><\/h2>\n\n\n\n<figure class=\"wp-block-image size-large\"><a href=\"https:\/\/www.escapadarural.com\/blog\/wp-content\/uploads\/mural-Linares-.jpg\"><img decoding=\"async\" src=\"https:\/\/www.escapadarural.com\/blog\/wp-content\/uploads\/2024\/10\/mural-Linares-1024x775-1.jpg\" alt=\"Mural de Linares\" class=\"wp-image-69760\"\/><\/a><figcaption class=\"wp-element-caption\">Mural de Linares, candidato a ser Mejor Mural del Mundo 2023. Por Streetart Cities<\/figcaption><\/figure>\n\n\n\n<p>Conocida como \u201cOpen mind, open eyes\u201d, la obra de MariaDie es una de las destacadas para hacerse con el t\u00edtulo a Mejor Mural del Mundo. Est\u00e1 situada en la calle Joaqu\u00edn Ruano, en <a href=\"\/casas-rurales\/linares_jaen\">Linares<\/a>, y en ella la artista quiere resaltar la importancia de mantener los ojos abiertos y ser m\u00e1s humanos para poder tomar las riendas del cambio.&nbsp;<\/p>\n\n\n\n<h2 class=\"wp-block-heading\" id=\"4-villang%C3%B3mez-burgos-\"><strong>Villang\u00f3mez (Burgos)<\/strong><\/h2>\n\n\n\n<figure class=\"wp-block-image size-full\"><a href=\"https:\/\/www.escapadarural.com\/blog\/wp-content\/uploads\/2024\/10\/villangomez.jpg\"><img loading=\"lazy\" decoding=\"async\" width=\"605\" height=\"403\" src=\"https:\/\/www.escapadarural.com\/blog\/wp-content\/uploads\/2024\/10\/villangomez.jpg\" alt=\"Villang\u00f3mez\" class=\"wp-image-94348\" srcset=\"https:\/\/www.escapadarural.com\/blog\/wp-content\/uploads\/2024\/10\/villangomez-200x133.jpg 200w, https:\/\/www.escapadarural.com\/blog\/wp-content\/uploads\/2024\/10\/villangomez-300x200.jpg 300w, https:\/\/www.escapadarural.com\/blog\/wp-content\/uploads\/2024\/10\/villangomez-400x266.jpg 400w, https:\/\/www.escapadarural.com\/blog\/wp-content\/uploads\/2024\/10\/villangomez-600x400.jpg 600w, https:\/\/www.escapadarural.com\/blog\/wp-content\/uploads\/2024\/10\/villangomez.jpg 605w\" sizes=\"auto, (max-width: 605px) 100vw, 605px\" \/><\/a><figcaption class=\"wp-element-caption\">Mural en Villang\u00f3mez. Por Streetart Cities<\/figcaption><\/figure>\n\n\n\n<p>Las tradiciones son el alma de los pueblos. El artista Cristian Sasa ha querido inmortalizar uno de los aspectos que m\u00e1s se repiten en el mundo rural: la de mantener el fuego encendido mientras se realizan tareas rutinarias. \u201cLudivina\u201d es la imagen de una se\u00f1ora local hecha mural en Villang\u00f3mez, <a href=\"\/casas-rurales\/burgos\">Burgos<\/a>.<\/p>\n\n\n\n<h2 class=\"wp-block-heading\" id=\"5-lugo-\"><strong>Lugo<\/strong><\/h2>\n\n\n\n<figure class=\"wp-block-image size-full\"><a href=\"https:\/\/www.escapadarural.com\/blog\/wp-content\/uploads\/2024\/10\/lugo-mural.jpeg\"><img decoding=\"async\" src=\"https:\/\/www.escapadarural.com\/blog\/wp-content\/uploads\/2024\/10\/lugo-mural.jpeg\" alt=\"Mural en Lugo\" class=\"wp-image-69774\"\/><\/a><figcaption class=\"wp-element-caption\">Mural en Lugo. Por Streetart Cities<\/figcaption><\/figure>\n\n\n\n<p><a href=\"\/casas-rurales\/lugo_lugo\">Lugo<\/a> vuelve a tener otra obra de arte que puede ser contemplada desde sus murallas y que puede convertirse en su segundo Mejor Mural del Mundo. Se trata de \u201cCopora\u201d, realizada por el artista lucense Yoe33. Tal y como \u00e9l mismo explica en su Instagram, \u201cel mural representa a una mujer de la tribu de los Coporos , ataviada con enseres de su \u00e9poca. Es una figuraci\u00f3n construida gracias a los aportes del museo provincial\u201d.&nbsp;<\/p>\n\n\n\n<h2 class=\"wp-block-heading\" id=\"6-garc%C3%ADbuey-salamanca-\"><strong>Garc\u00edbuey (Salamanca)<\/strong><\/h2>\n\n\n\n<figure class=\"wp-block-image size-large\"><a href=\"https:\/\/www.escapadarural.com\/blog\/wp-content\/uploads\/garciabuey.jpg\"><img decoding=\"async\" src=\"https:\/\/www.escapadarural.com\/blog\/wp-content\/uploads\/2024\/10\/garciabuey-819x1024-1.jpg\" alt=\"Mural en Garc\u00edbuey\" class=\"wp-image-69777\"\/><\/a><figcaption class=\"wp-element-caption\">Mural en Garc\u00edbuey. Por Streetart Cities<\/figcaption><\/figure>\n\n\n\n<p>La obra de Sea162 titulada \u201c20 El trit\u00f3n Miguel\u00f3n\u201d se trata del mural m\u00e1s grande de Europa. Est\u00e1 situado en el estanque de La Palla, en el \u00e1rea de El Collao de <a href=\"\/casas-rurales\/garcibuey\">Garc\u00edbuey<\/a> y con \u00e9l se pretende dar reconocimiento a los antepasados que fundaron el estanque y la comunidad de regantes hace 100 a\u00f1os. En \u00e9l se puede ver a un trit\u00f3n cuyo nombre honra al abuelo del artista.&nbsp;<\/p>\n\n\n\n<h2 class=\"wp-block-heading\" id=\"7-barajas-madrid-\"><strong>Barajas (Madrid)<\/strong><\/h2>\n\n\n\n<figure class=\"wp-block-image size-large\"><a href=\"https:\/\/www.escapadarural.com\/blog\/wp-content\/uploads\/boa-mistura.jpg\"><img decoding=\"async\" src=\"https:\/\/www.escapadarural.com\/blog\/wp-content\/uploads\/2024\/10\/boa-mistura-1024x685-1.jpg\" alt=\"Mural en Barajas\" class=\"wp-image-69771\"\/><\/a><figcaption class=\"wp-element-caption\">Mural en Barajas. Por Streetart Cities<\/figcaption><\/figure>\n\n\n\n<p>En esta lista no pod\u00eda faltar una obra de los artistas Boa Mistura. La obra seleccionada como finalista es \u201cOrgullo\u201d, y la podemos encontrar en la calle de la Carabela, en Barajas. Entre el aeropuerto, la M-40 y la A-2. El lugar donde, como ellos mismos han declarado para Streetart Cities con orgullo, crecieron. \u201cUna v\u00eda de tren abandonada era nuestro centro social, all\u00ed empezamos a pintar graffiti, entre chavales que aporreaban guitarras, hac\u00edan malabares, bailaban breakdance o rapeaban\u201d.&nbsp;<\/p>\n\n\n\n<h2 class=\"wp-block-heading\" id=\"8-fuengirola-m%C3%A1laga-\"><strong>Fuengirola (M\u00e1laga)<\/strong><\/h2>\n\n\n\n<figure class=\"wp-block-image size-large\"><a href=\"https:\/\/www.escapadarural.com\/blog\/wp-content\/uploads\/Fuengirola-scaled.jpeg\"><img decoding=\"async\" src=\"https:\/\/www.escapadarural.com\/blog\/wp-content\/uploads\/2024\/10\/Fuengirola-1024x768-1.jpeg\" alt=\"Fuengirola\" class=\"wp-image-69767\"\/><\/a><figcaption class=\"wp-element-caption\">Murales en Fuengirola. Por Streetart Cities<\/figcaption><\/figure>\n\n\n\n<p>Realizada por Kato, \u201cLa magia de los sue\u00f1os\u201d de <a href=\"\/casas-rurales\/fuengirola\">Fuengirola<\/a> nos transporta a un mundo m\u00e1gico a trav\u00e9s de la imagen de una ni\u00f1a que, al atardecer, es iluminada por el resplandor de una estrella de mar. El mensaje es que, incluso en los momentos m\u00e1s oscuros, hay una luz hacia nuestros sue\u00f1os. Nota: no intenten hacerlo en sus casas, las estrellas de mar dejan de respirar cuando las cogemos.&nbsp;<\/p>\n\n\n\n<h2 class=\"wp-block-heading\" id=\"9-fene-a-coru%C3%B1a-\"><strong>Fene (A Coru\u00f1a)<\/strong><\/h2>\n\n\n\n<figure class=\"wp-block-image size-large\"><a href=\"https:\/\/www.escapadarural.com\/blog\/wp-content\/uploads\/fene-scaled.jpeg\"><img decoding=\"async\" src=\"https:\/\/www.escapadarural.com\/blog\/wp-content\/uploads\/2024\/10\/fene-1024x830-1.jpeg\" alt=\"Mural de Fene aspirante a ser Mejor Mural del Mundo\" class=\"wp-image-69770\"\/><\/a><figcaption class=\"wp-element-caption\">Mural de Fene aspirante a ser Mejor Mural del Mundo. Por Streetart Cities<\/figcaption><\/figure>\n\n\n\n<p>Obra de SHFIR, este mural musical se encuentra en la R\u00faa da Fraga, en el lateral de un edificio de nueve pisos, lo que lo convierte en uno de los murales laterales m\u00e1s grandes de su carrera. Fue creado para el Perla Mural Fest, celebrado en agosto de 2023, y se trata de un homenaje al recinto Perla, un centro cultural que fue demolido. Su principal caracter\u00edstica es que, al oscurecer, cuando los vecinos encienden las luces, los trastes del violonchelo se iluminan.&nbsp;<\/p>\n\n\n\n<h2 class=\"wp-block-heading\" id=\"10-alberic-valencia-\"><strong>Alberic (Valencia)<\/strong><\/h2>\n\n\n\n<figure class=\"wp-block-image size-large\"><a href=\"https:\/\/www.escapadarural.com\/blog\/wp-content\/uploads\/alberic-scaled.jpg\"><img decoding=\"async\" src=\"https:\/\/www.escapadarural.com\/blog\/wp-content\/uploads\/2024\/10\/alberic-679x1024-1.jpg\" alt=\"Alberic\" class=\"wp-image-69768\"\/><\/a><figcaption class=\"wp-element-caption\">Alberic. Por Streetart Cities<\/figcaption><\/figure>\n\n\n\n<p>Repleto de color es el mural realizado por la artista Julieta Xlf en la calle C\u00e1rcer de Alberic. El mural es parte de una serie de dibujos que tratan sobre el peligro de la extinci\u00f3n de las anguilas europeas. Seg\u00fan la artista, una causa por la que lucha despu\u00e9s de aprender y colaborar con la Fundaci\u00f3n Arca del Mar.<\/p>\n\n\n\n<h2 class=\"wp-block-heading\" id=\"11-arroyo-de-la-luz-c%C3%A1ceres-\"><strong>Arroyo de la Luz (C\u00e1ceres)<\/strong><\/h2>\n\n\n\n<figure class=\"wp-block-image size-large\"><a href=\"https:\/\/www.escapadarural.com\/blog\/wp-content\/uploads\/arroyo-de-la-luz-scaled.jpg\"><img decoding=\"async\" src=\"https:\/\/www.escapadarural.com\/blog\/wp-content\/uploads\/2024\/10\/arroyo-de-la-luz-1024x728-1.jpg\" alt=\"Arroyo de la Luz\" class=\"wp-image-69773\"\/><\/a><figcaption class=\"wp-element-caption\">Arroyo de la Luz. Por Streetart Cities<\/figcaption><\/figure>\n\n\n\n<p>\u201cMart\u00edn Pescador\u201d es la obra de JM Brea que llena de luz uno de los inmuebles de la calle Virgen de Guadalupe, en la localidad de Arroyo de la Luz, en <a href=\"\/casas-rurales\/caceres\">C\u00e1ceres<\/a>. En \u00e9l, como su nombre indica, hay ilustrado un pez de la especie mart\u00edn pescador que se zambulle en las aguas del municipio. Junto a \u00e9l aparece tambi\u00e9n el tradicional bordado arroyano.&nbsp;<\/p>\n\n\n\n<h2 class=\"wp-block-heading\" id=\"12-guardo-palencia-\"><strong>Guardo (Palencia)<\/strong><\/h2>\n\n\n\n<figure class=\"wp-block-image size-large\"><a href=\"https:\/\/www.escapadarural.com\/blog\/wp-content\/uploads\/alex-mural-guarda.jpg\"><img decoding=\"async\" src=\"https:\/\/www.escapadarural.com\/blog\/wp-content\/uploads\/2024\/10\/alex-mural-guarda-1024x681-1.jpg\" alt=\"Alex, mural en Guardo\" class=\"wp-image-69765\"\/><\/a><figcaption class=\"wp-element-caption\">Alex, mural en Guardo. Por Streetart Cities<\/figcaption><\/figure>\n\n\n\n<p><a href=\"\/casas-rurales\/guardo\">Guardo<\/a> es la \u00fanica localidad que cuenta con dos nominados. El primero de ellos pertenece al autor Da2, que nos presenta a Alex, el hijo de uno de sus amigos que padece <a href=\"https:\/\/es.wikipedia.org\/wiki\/Aciduria_metilmal%C3%B3nica\" target=\"_blank\">acidemia metilmal\u00f3nica<\/a>, una rara enfermedad en la que el organismo no es capaz de descomponer determinadas prote\u00ednas y grasas y que no tiene cura. Se trata del \u00fanico caso del que hay conocimiento en Castilla y Le\u00f3n. Seg\u00fan Da2, \u201cLos padres del ni\u00f1o son amigos y me pidieron ayuda, para darle un poco de visibilidad tanto a la enfermedad como a la asociaci\u00f3n ACIMET que les ayuda\u201d.&nbsp;<\/p>\n\n\n\n<figure class=\"wp-block-image size-large\"><a href=\"https:\/\/www.escapadarural.com\/blog\/wp-content\/uploads\/mural-guardo.jpg\"><img decoding=\"async\" src=\"https:\/\/www.escapadarural.com\/blog\/wp-content\/uploads\/2024\/10\/mural-guardo-1024x765-1.jpg\" alt=\"Mural Guardo\" class=\"wp-image-69762\"\/><\/a><figcaption class=\"wp-element-caption\">Mural Guardo. Por Streetart Cities<\/figcaption><\/figure>\n\n\n\n<p>La segunda de ellas es de Manuel Garc\u00eda Juan y se llama \u201cJilguero el Chollo\u201d. Se trata de un colorido jilguero propio de la fauna de la <a href=\"\/casas-rurales\/montana-palentina\">Monta\u00f1a Palentina<\/a>, en especial de la reserva de Fuente Carrionas.&nbsp;<\/p>\n\n\n\n<h2 class=\"wp-block-heading\" id=\"13-ondarroa-vizcaya-\"><strong>Ondarroa (Vizcaya)<\/strong><\/h2>\n\n\n\n<figure class=\"wp-block-image size-full\"><a href=\"https:\/\/www.escapadarural.com\/blog\/wp-content\/uploads\/2024\/10\/orig.jpg\"><img loading=\"lazy\" decoding=\"async\" width=\"750\" height=\"930\" src=\"https:\/\/www.escapadarural.com\/blog\/wp-content\/uploads\/2024\/10\/orig.jpg\" alt=\"Mural Ondarroa\" class=\"wp-image-69763\"\/><\/a><figcaption class=\"wp-element-caption\">Mural Ondarroa. Por Streetart Cities<\/figcaption><\/figure>\n\n\n\n<p>Y de Alex pasamos a Gabriel, un jubilado que dedic\u00f3 su vida al mar, estando largos meses fuera de casa como pescador. Su familia viv\u00eda en vilo deseando que llegara sano y salvo a casa. Ahora, despu\u00e9s de retirarse, dedica su tiempo a hacer maquetas de barcos. Una obra realizada por el artista belga Djoels, quien particip\u00f3 como invitado en el programa de residencia para artistas Kaminazpi Murales.&nbsp;&nbsp;<\/p>\n\n\n\n<h2 class=\"wp-block-heading\" id=\"14-castro-del-r%C3%ADo-c%C3%B3rdoba-\"><strong>Castro del R\u00edo (C\u00f3rdoba)<\/strong><\/h2>\n\n\n\n<figure class=\"wp-block-image size-large\"><a href=\"https:\/\/www.escapadarural.com\/blog\/wp-content\/uploads\/castro-del-rey-scaled.jpg\"><img decoding=\"async\" src=\"https:\/\/www.escapadarural.com\/blog\/wp-content\/uploads\/2024\/10\/castro-del-rey-1024x768-1.jpg\" alt=\"Castro del R\u00edo\" class=\"wp-image-69772\"\/><\/a><figcaption class=\"wp-element-caption\">Mural en Castro del R\u00edo. Por Streetart Cities<\/figcaption><\/figure>\n\n\n\n<p>\u201cDon Quijote y Sancho Panza\u201d a todo color es la obra de Sake Ink que ha llevado a la peque\u00f1a localidad cordobesa de Castro del R\u00edo a estar entre los finalistas al Mejor Mural del Mundo. En ella, Sake Ink representa a una de las figuras m\u00e1s importantes de la literatura espa\u00f1ola e universal ideada por Miguel de Cervantes. En el mural no puede faltar el molino de viento, ni la imagen de Castro del R\u00edo a lo lejos del camino.&nbsp;<\/p>\n\n\n\n<h2 class=\"wp-block-heading\" id=\"15-ibarra-guip%C3%BAzcoa-\"><strong>Ibarra (Guip\u00fazcoa)<\/strong><\/h2>\n\n\n\n<figure class=\"wp-block-image size-large\"><a href=\"https:\/\/www.escapadarural.com\/blog\/wp-content\/uploads\/ibarra-scaled.jpg\"><img decoding=\"async\" src=\"https:\/\/www.escapadarural.com\/blog\/wp-content\/uploads\/2024\/10\/ibarra-819x1024-1.jpg\" alt=\"Mural en Ibarra\" class=\"wp-image-69780\"\/><\/a><figcaption class=\"wp-element-caption\">Mural en Ibarra. Por Streetart Cities<\/figcaption><\/figure>\n\n\n\n<p>La agricultura y la transmisi\u00f3n de tradiciones culturales de una generaci\u00f3n a otra son aspectos importantes de la identidad del pueblo de <a href=\"\/casas-rurales\/ibarra\">Ibarra<\/a> y de otras regiones. \u201cNieta y abuela en un jard\u00edn en Ibarra\u201d, obra de Nexgraff, es la apuesta de esta localidad guipuzcoana para alzarse con el premio.&nbsp;<\/p>\n\n\n\n<h2 class=\"wp-block-heading\" id=\"16-nigr%C3%A1n-pontevedra-\"><strong>Nigr\u00e1n (Pontevedra)<\/strong><\/h2>\n\n\n\n<figure class=\"wp-block-image size-large\"><a href=\"https:\/\/www.escapadarural.com\/blog\/wp-content\/uploads\/nigran-scaled.jpg\"><img decoding=\"async\" src=\"https:\/\/www.escapadarural.com\/blog\/wp-content\/uploads\/2024\/10\/nigran-1018x1024-1.jpg\" alt=\"Nigr\u00e1n\" class=\"wp-image-69778\"\/><\/a><figcaption class=\"wp-element-caption\">Mural en Nigr\u00e1n. Por Streetart Cities<\/figcaption><\/figure>\n\n\n\n<p>\u201cA Dona do Estuario\u201d representa a la madre naturaleza del Estuario da Foz, en Baiona, rodeada de la biodiversidad de la zona. El mensaje es que hay que cuidar del entorno y mantener el equilibrio. Su artista, Lula Goce, se lo dedica a su madre, por ser el mejor ejemplo que ha podido tener.&nbsp;<\/p>\n\n\n\n<h2 class=\"wp-block-heading\" id=\"17-miranda-de-ebro-burgos-\"><strong>Miranda de Ebro (Burgos)<\/strong><\/h2>\n\n\n\n<figure class=\"wp-block-image size-large\"><a href=\"https:\/\/www.escapadarural.com\/blog\/wp-content\/uploads\/miranda-de-Ebro-scaled.jpg\"><img decoding=\"async\" src=\"https:\/\/www.escapadarural.com\/blog\/wp-content\/uploads\/2024\/10\/miranda-de-Ebro-819x1024-1.jpg\" alt=\"Miranda de Ebro\" class=\"wp-image-69775\"\/><\/a><figcaption class=\"wp-element-caption\">Mural en Miranda de Ebro. Por Streetart Cities<\/figcaption><\/figure>\n\n\n\n<p>Realizado por Tinte Rosa, este mural de Miranda de Ebro fue creado para la Semana Mundial de la Lactancia Materna. Est\u00e1 situado en la calle Ronda del Ferrocarril 19 y pretende dar visibilidad a la asociaci\u00f3n y a la lactancia natural.&nbsp;<\/p>\n\n\n\n<h2 class=\"wp-block-heading\" id=\"18-soto-del-real-madrid-\"><strong>Soto del Real (Madrid)<\/strong><\/h2>\n\n\n\n<figure class=\"wp-block-image size-large\"><a href=\"https:\/\/www.escapadarural.com\/blog\/wp-content\/uploads\/soto-del-real-scaled.jpg\"><img decoding=\"async\" src=\"https:\/\/www.escapadarural.com\/blog\/wp-content\/uploads\/2024\/10\/soto-del-real-799x1024-1.jpg\" alt=\"Soto del Real\" class=\"wp-image-69769\"\/><\/a><figcaption class=\"wp-element-caption\">Soto del Real. Por Streetart Cities<\/figcaption><\/figure>\n\n\n\n<p>\u201cLa Madonna\u201d del artista Moxaico fue creado en el marco del Festival Valor-Art. En \u00e9l se puede ver a una ni\u00f1a abrazada a su oso de peluche como si se tratase de la virgen y su hijo. Un reflejo de la divinidad y la devoci\u00f3n del artista.&nbsp;<\/p>\n\n\n\n<h2 class=\"wp-block-heading\" id=\"19-santa-marta-de-tormes-salamanca-\"><strong>Santa Marta de Tormes (Salamanca)<\/strong><\/h2>\n\n\n\n<figure class=\"wp-block-image size-large\"><a href=\"https:\/\/www.escapadarural.com\/blog\/wp-content\/uploads\/mural-salamanca.webp\"><img decoding=\"async\" src=\"https:\/\/www.escapadarural.com\/blog\/wp-content\/uploads\/2024\/10\/mural-salamanca-1024x1024-1.webp\" alt=\"Santa Marta de Tormes\" class=\"wp-image-69766\"\/><\/a><figcaption class=\"wp-element-caption\">Santa Marta de Tormes. Por Streetart Cities<\/figcaption><\/figure>\n\n\n\n<p>\u201cRespira\u201d es el trabajo con el que Rober Bece rinde tributo a todas esas mujeres que lucharon, y a\u00fan siguen haci\u00e9ndolo, por sus derechos y la libertad a lo largo de la historia. Un homenaje a todos esos logros que se puede contemplar en la calle Villalar, 5.&nbsp;<\/p>\n\n\n\n<p>\u00bfCu\u00e1l es tu favorito? Las votaciones para elegir el Mejor Mural del Mundo siguen abiertas en la web de <a href=\"https:\/\/streetartcities.com\/awards\/2023\" target=\"_blank\" rel=\"noreferrer noopener nofollow\">Streetart Cities<\/a> hasta el 31 de enero. <\/p>\n\n\n\n<p>Actualizaci\u00f3n: ya puedes conocer los finalistas a <a href=\"https:\/\/www.escapadarural.com\/blog\/mejor-mural-del-mundo-2024-obras\/\">Mejor Mural del Mundo 2024<\/a>.<\/p>\n","protected":false},"excerpt":{"rendered":"<p>Por tercer a\u00f1o consecutivo, Streetart Cities ha lanzado su lista de las obras finalistas que optan a convertirse en el Mejor Mural del Mundo 2023. En total hay 50 obras seleccionadas, 21 de ellas espa\u00f1olas.\u00a0La gran mayor\u00eda est\u00e1n en el mundo rural.<\/p>\n","protected":false},"author":89,"featured_media":69773,"comment_status":"open","ping_status":"open","sticky":false,"template":"","format":"standard","meta":{"_acf_changed":false,"om_disable_all_campaigns":false,"footnotes":""},"categories":[231],"tags":[3479,215,514,1830,5581],"class_list":["post-69743","post","type-post","status-publish","format-standard","has-post-thumbnail","hentry","category-arte-y-cultura","tag-arte-urbano","tag-listado","tag-murales","tag-street-art","tag-street-art-cities"],"acf":[],"featured_image_src":"https:\/\/www.escapadarural.com\/blog\/wp-content\/uploads\/2024\/01\/arroyo-de-la-luz-scaled-1.jpg","author_info":{"display_name":"Laura Fern\u00e1ndez","author_link":"https:\/\/www.escapadarural.com\/blog\/autor\/laura\/"},"yoast_head":"<!-- This site is optimized with the Yoast SEO plugin v27.5 - https:\/\/yoast.com\/product\/yoast-seo-wordpress\/ -->\n<title>Los murales espa\u00f1oles candidatos a ser el Mejor Mural del Mundo - EscapadaRural<\/title>\n<meta name=\"robots\" content=\"index, follow, max-snippet:-1, max-image-preview:large, max-video-preview:-1\" \/>\n<link rel=\"canonical\" href=\"https:\/\/www.escapadarural.com\/blog\/mejor-mural-del-mundo-2023\/\" \/>\n<meta property=\"og:locale\" content=\"es_ES\" \/>\n<meta property=\"og:type\" content=\"article\" \/>\n<meta property=\"og:title\" content=\"Los murales espa\u00f1oles candidatos a ser el Mejor Mural del Mundo - EscapadaRural\" \/>\n<meta property=\"og:description\" content=\"Por tercer a\u00f1o consecutivo, Streetart Cities ha lanzado su lista de las obras finalistas que optan a convertirse en el Mejor Mural del Mundo 2023. En total hay 50 obras seleccionadas, 21 de ellas espa\u00f1olas.\u00a0La gran mayor\u00eda est\u00e1n en el mundo rural.\" \/>\n<meta property=\"og:url\" content=\"https:\/\/www.escapadarural.com\/blog\/mejor-mural-del-mundo-2023\/\" \/>\n<meta property=\"og:site_name\" content=\"Magazine de viajes de EscapadaRural\" \/>\n<meta property=\"article:publisher\" content=\"https:\/\/www.facebook.com\/escapadarural\" \/>\n<meta property=\"article:published_time\" content=\"2024-01-15T07:00:00+00:00\" \/>\n<meta property=\"article:modified_time\" content=\"2025-04-28T12:15:09+00:00\" \/>\n<meta property=\"og:image\" content=\"https:\/\/www.escapadarural.com\/blog\/wp-content\/uploads\/2024\/01\/arroyo-de-la-luz-scaled-1.jpg\" \/>\n\t<meta property=\"og:image:width\" content=\"2048\" \/>\n\t<meta property=\"og:image:height\" content=\"1457\" \/>\n\t<meta property=\"og:image:type\" content=\"image\/jpeg\" \/>\n<meta name=\"author\" content=\"Laura Fern\u00e1ndez\" \/>\n<meta name=\"twitter:card\" content=\"summary_large_image\" \/>\n<meta name=\"twitter:label1\" content=\"Escrito por\" \/>\n\t<meta name=\"twitter:data1\" content=\"Laura Fern\u00e1ndez\" \/>\n\t<meta name=\"twitter:label2\" content=\"Tiempo de lectura\" \/>\n\t<meta name=\"twitter:data2\" content=\"14 minutos\" \/>\n<script type=\"application\/ld+json\" class=\"yoast-schema-graph\">{\"@context\":\"https:\\\/\\\/schema.org\",\"@graph\":[{\"@type\":\"Article\",\"@id\":\"https:\\\/\\\/www.escapadarural.com\\\/blog\\\/mejor-mural-del-mundo-2023\\\/#article\",\"isPartOf\":{\"@id\":\"https:\\\/\\\/www.escapadarural.com\\\/blog\\\/mejor-mural-del-mundo-2023\\\/\"},\"author\":{\"name\":\"Laura Fern\u00e1ndez\",\"@id\":\"https:\\\/\\\/www.escapadarural.com\\\/blog\\\/#\\\/schema\\\/person\\\/a9b46ae4d047d8a2c719f31e75206cff\"},\"headline\":\"Los murales espa\u00f1oles candidatos a ser el Mejor Mural del Mundo\",\"datePublished\":\"2024-01-15T07:00:00+00:00\",\"dateModified\":\"2025-04-28T12:15:09+00:00\",\"mainEntityOfPage\":{\"@id\":\"https:\\\/\\\/www.escapadarural.com\\\/blog\\\/mejor-mural-del-mundo-2023\\\/\"},\"wordCount\":1970,\"commentCount\":2,\"publisher\":{\"@id\":\"https:\\\/\\\/www.escapadarural.com\\\/blog\\\/#organization\"},\"image\":{\"@id\":\"https:\\\/\\\/www.escapadarural.com\\\/blog\\\/mejor-mural-del-mundo-2023\\\/#primaryimage\"},\"thumbnailUrl\":\"https:\\\/\\\/www.escapadarural.com\\\/blog\\\/wp-content\\\/uploads\\\/2024\\\/01\\\/arroyo-de-la-luz-scaled-1.jpg\",\"keywords\":[\"arte urbano\",\"Listado\",\"murales\",\"street art\",\"street art cities\"],\"articleSection\":[\"Arte y Cultura\"],\"inLanguage\":\"es\",\"potentialAction\":[{\"@type\":\"CommentAction\",\"name\":\"Comment\",\"target\":[\"https:\\\/\\\/www.escapadarural.com\\\/blog\\\/mejor-mural-del-mundo-2023\\\/#respond\"]}]},{\"@type\":\"WebPage\",\"@id\":\"https:\\\/\\\/www.escapadarural.com\\\/blog\\\/mejor-mural-del-mundo-2023\\\/\",\"url\":\"https:\\\/\\\/www.escapadarural.com\\\/blog\\\/mejor-mural-del-mundo-2023\\\/\",\"name\":\"Los murales espa\u00f1oles candidatos a ser el Mejor Mural del Mundo - EscapadaRural\",\"isPartOf\":{\"@id\":\"https:\\\/\\\/www.escapadarural.com\\\/blog\\\/#website\"},\"primaryImageOfPage\":{\"@id\":\"https:\\\/\\\/www.escapadarural.com\\\/blog\\\/mejor-mural-del-mundo-2023\\\/#primaryimage\"},\"image\":{\"@id\":\"https:\\\/\\\/www.escapadarural.com\\\/blog\\\/mejor-mural-del-mundo-2023\\\/#primaryimage\"},\"thumbnailUrl\":\"https:\\\/\\\/www.escapadarural.com\\\/blog\\\/wp-content\\\/uploads\\\/2024\\\/01\\\/arroyo-de-la-luz-scaled-1.jpg\",\"datePublished\":\"2024-01-15T07:00:00+00:00\",\"dateModified\":\"2025-04-28T12:15:09+00:00\",\"breadcrumb\":{\"@id\":\"https:\\\/\\\/www.escapadarural.com\\\/blog\\\/mejor-mural-del-mundo-2023\\\/#breadcrumb\"},\"inLanguage\":\"es\",\"potentialAction\":[{\"@type\":\"ReadAction\",\"target\":[\"https:\\\/\\\/www.escapadarural.com\\\/blog\\\/mejor-mural-del-mundo-2023\\\/\"]}]},{\"@type\":\"ImageObject\",\"inLanguage\":\"es\",\"@id\":\"https:\\\/\\\/www.escapadarural.com\\\/blog\\\/mejor-mural-del-mundo-2023\\\/#primaryimage\",\"url\":\"https:\\\/\\\/www.escapadarural.com\\\/blog\\\/wp-content\\\/uploads\\\/2024\\\/01\\\/arroyo-de-la-luz-scaled-1.jpg\",\"contentUrl\":\"https:\\\/\\\/www.escapadarural.com\\\/blog\\\/wp-content\\\/uploads\\\/2024\\\/01\\\/arroyo-de-la-luz-scaled-1.jpg\",\"width\":2048,\"height\":1457,\"caption\":\"Arroyo de la Luz. Por Streetart Cities\"},{\"@type\":\"BreadcrumbList\",\"@id\":\"https:\\\/\\\/www.escapadarural.com\\\/blog\\\/mejor-mural-del-mundo-2023\\\/#breadcrumb\",\"itemListElement\":[{\"@type\":\"ListItem\",\"position\":1,\"name\":\"Inicio\",\"item\":\"https:\\\/\\\/www.escapadarural.com\\\/blog\\\/\"},{\"@type\":\"ListItem\",\"position\":2,\"name\":\"Arte y Cultura\",\"item\":\"https:\\\/\\\/www.escapadarural.com\\\/blog\\\/categoria\\\/arte-y-cultura\\\/\"},{\"@type\":\"ListItem\",\"position\":3,\"name\":\"Los murales espa\u00f1oles candidatos a ser el Mejor Mural del Mundo\"}]},{\"@type\":\"WebSite\",\"@id\":\"https:\\\/\\\/www.escapadarural.com\\\/blog\\\/#website\",\"url\":\"https:\\\/\\\/www.escapadarural.com\\\/blog\\\/\",\"name\":\"Blog de viajes | turismo rural, alojamientos e inspiraci\u00f3n\",\"description\":\"Alojamientos rurales e inspiraci\u00f3n para tus escapadas\",\"publisher\":{\"@id\":\"https:\\\/\\\/www.escapadarural.com\\\/blog\\\/#organization\"},\"alternateName\":\"Magazine de viajes de EscapadaRural\",\"potentialAction\":[{\"@type\":\"SearchAction\",\"target\":{\"@type\":\"EntryPoint\",\"urlTemplate\":\"https:\\\/\\\/www.escapadarural.com\\\/blog\\\/?s={search_term_string}\"},\"query-input\":{\"@type\":\"PropertyValueSpecification\",\"valueRequired\":true,\"valueName\":\"search_term_string\"}}],\"inLanguage\":\"es\"},{\"@type\":\"Organization\",\"@id\":\"https:\\\/\\\/www.escapadarural.com\\\/blog\\\/#organization\",\"name\":\"EscapadaRural\",\"url\":\"https:\\\/\\\/www.escapadarural.com\\\/blog\\\/\",\"logo\":{\"@type\":\"ImageObject\",\"inLanguage\":\"es\",\"@id\":\"https:\\\/\\\/www.escapadarural.com\\\/blog\\\/#\\\/schema\\\/logo\\\/image\\\/\",\"url\":\"https:\\\/\\\/www.escapadarural.com\\\/blog\\\/wp-content\\\/uploads\\\/2024\\\/10\\\/cropped-cropped-escapada-rural-icon-mag-3.png\",\"contentUrl\":\"https:\\\/\\\/www.escapadarural.com\\\/blog\\\/wp-content\\\/uploads\\\/2024\\\/10\\\/cropped-cropped-escapada-rural-icon-mag-3.png\",\"width\":512,\"height\":512,\"caption\":\"EscapadaRural\"},\"image\":{\"@id\":\"https:\\\/\\\/www.escapadarural.com\\\/blog\\\/#\\\/schema\\\/logo\\\/image\\\/\"},\"sameAs\":[\"https:\\\/\\\/www.facebook.com\\\/escapadarural\",\"https:\\\/\\\/www.instagram.com\\\/escapadarural\\\/\",\"https:\\\/\\\/www.youtube.com\\\/@escapadaruralcom\"]},{\"@type\":\"Person\",\"@id\":\"https:\\\/\\\/www.escapadarural.com\\\/blog\\\/#\\\/schema\\\/person\\\/a9b46ae4d047d8a2c719f31e75206cff\",\"name\":\"Laura Fern\u00e1ndez\",\"image\":{\"@type\":\"ImageObject\",\"inLanguage\":\"es\",\"@id\":\"https:\\\/\\\/www.escapadarural.com\\\/blog\\\/wp-content\\\/uploads\\\/2025\\\/01\\\/cropped-laura_raponchii-96x96.jpg\",\"url\":\"https:\\\/\\\/www.escapadarural.com\\\/blog\\\/wp-content\\\/uploads\\\/2025\\\/01\\\/cropped-laura_raponchii-96x96.jpg\",\"contentUrl\":\"https:\\\/\\\/www.escapadarural.com\\\/blog\\\/wp-content\\\/uploads\\\/2025\\\/01\\\/cropped-laura_raponchii-96x96.jpg\",\"caption\":\"Laura Fern\u00e1ndez\"},\"description\":\"Periodista, blogger y viajera. No necesariamente en ese orden. En ocasiones me despierto sin saber d\u00f3nde estoy. Adicta a los c\u00f3mics y a los noodles con salsa de cacahuete. Redactora en @escapadarural, colaboradora en la Conde Nast Traveler y en la Divinity. Mi casa: Meridiano180.\",\"sameAs\":[\"http:\\\/\\\/www.meridiano180.com\\\/\"],\"url\":\"https:\\\/\\\/www.escapadarural.com\\\/blog\\\/autor\\\/laura\\\/\"}]}<\/script>\n<!-- \/ Yoast SEO plugin. -->","yoast_head_json":{"title":"Los murales espa\u00f1oles candidatos a ser el Mejor Mural del Mundo - EscapadaRural","robots":{"index":"index","follow":"follow","max-snippet":"max-snippet:-1","max-image-preview":"max-image-preview:large","max-video-preview":"max-video-preview:-1"},"canonical":"https:\/\/www.escapadarural.com\/blog\/mejor-mural-del-mundo-2023\/","og_locale":"es_ES","og_type":"article","og_title":"Los murales espa\u00f1oles candidatos a ser el Mejor Mural del Mundo - EscapadaRural","og_description":"Por tercer a\u00f1o consecutivo, Streetart Cities ha lanzado su lista de las obras finalistas que optan a convertirse en el Mejor Mural del Mundo 2023. En total hay 50 obras seleccionadas, 21 de ellas espa\u00f1olas.\u00a0La gran mayor\u00eda est\u00e1n en el mundo rural.","og_url":"https:\/\/www.escapadarural.com\/blog\/mejor-mural-del-mundo-2023\/","og_site_name":"Magazine de viajes de EscapadaRural","article_publisher":"https:\/\/www.facebook.com\/escapadarural","article_published_time":"2024-01-15T07:00:00+00:00","article_modified_time":"2025-04-28T12:15:09+00:00","og_image":[{"width":2048,"height":1457,"url":"https:\/\/www.escapadarural.com\/blog\/wp-content\/uploads\/2024\/01\/arroyo-de-la-luz-scaled-1.jpg","type":"image\/jpeg"}],"author":"Laura Fern\u00e1ndez","twitter_card":"summary_large_image","twitter_misc":{"Escrito por":"Laura Fern\u00e1ndez","Tiempo de lectura":"14 minutos"},"schema":{"@context":"https:\/\/schema.org","@graph":[{"@type":"Article","@id":"https:\/\/www.escapadarural.com\/blog\/mejor-mural-del-mundo-2023\/#article","isPartOf":{"@id":"https:\/\/www.escapadarural.com\/blog\/mejor-mural-del-mundo-2023\/"},"author":{"name":"Laura Fern\u00e1ndez","@id":"https:\/\/www.escapadarural.com\/blog\/#\/schema\/person\/a9b46ae4d047d8a2c719f31e75206cff"},"headline":"Los murales espa\u00f1oles candidatos a ser el Mejor Mural del Mundo","datePublished":"2024-01-15T07:00:00+00:00","dateModified":"2025-04-28T12:15:09+00:00","mainEntityOfPage":{"@id":"https:\/\/www.escapadarural.com\/blog\/mejor-mural-del-mundo-2023\/"},"wordCount":1970,"commentCount":2,"publisher":{"@id":"https:\/\/www.escapadarural.com\/blog\/#organization"},"image":{"@id":"https:\/\/www.escapadarural.com\/blog\/mejor-mural-del-mundo-2023\/#primaryimage"},"thumbnailUrl":"https:\/\/www.escapadarural.com\/blog\/wp-content\/uploads\/2024\/01\/arroyo-de-la-luz-scaled-1.jpg","keywords":["arte urbano","Listado","murales","street art","street art cities"],"articleSection":["Arte y Cultura"],"inLanguage":"es","potentialAction":[{"@type":"CommentAction","name":"Comment","target":["https:\/\/www.escapadarural.com\/blog\/mejor-mural-del-mundo-2023\/#respond"]}]},{"@type":"WebPage","@id":"https:\/\/www.escapadarural.com\/blog\/mejor-mural-del-mundo-2023\/","url":"https:\/\/www.escapadarural.com\/blog\/mejor-mural-del-mundo-2023\/","name":"Los murales espa\u00f1oles candidatos a ser el Mejor Mural del Mundo - EscapadaRural","isPartOf":{"@id":"https:\/\/www.escapadarural.com\/blog\/#website"},"primaryImageOfPage":{"@id":"https:\/\/www.escapadarural.com\/blog\/mejor-mural-del-mundo-2023\/#primaryimage"},"image":{"@id":"https:\/\/www.escapadarural.com\/blog\/mejor-mural-del-mundo-2023\/#primaryimage"},"thumbnailUrl":"https:\/\/www.escapadarural.com\/blog\/wp-content\/uploads\/2024\/01\/arroyo-de-la-luz-scaled-1.jpg","datePublished":"2024-01-15T07:00:00+00:00","dateModified":"2025-04-28T12:15:09+00:00","breadcrumb":{"@id":"https:\/\/www.escapadarural.com\/blog\/mejor-mural-del-mundo-2023\/#breadcrumb"},"inLanguage":"es","potentialAction":[{"@type":"ReadAction","target":["https:\/\/www.escapadarural.com\/blog\/mejor-mural-del-mundo-2023\/"]}]},{"@type":"ImageObject","inLanguage":"es","@id":"https:\/\/www.escapadarural.com\/blog\/mejor-mural-del-mundo-2023\/#primaryimage","url":"https:\/\/www.escapadarural.com\/blog\/wp-content\/uploads\/2024\/01\/arroyo-de-la-luz-scaled-1.jpg","contentUrl":"https:\/\/www.escapadarural.com\/blog\/wp-content\/uploads\/2024\/01\/arroyo-de-la-luz-scaled-1.jpg","width":2048,"height":1457,"caption":"Arroyo de la Luz. Por Streetart Cities"},{"@type":"BreadcrumbList","@id":"https:\/\/www.escapadarural.com\/blog\/mejor-mural-del-mundo-2023\/#breadcrumb","itemListElement":[{"@type":"ListItem","position":1,"name":"Inicio","item":"https:\/\/www.escapadarural.com\/blog\/"},{"@type":"ListItem","position":2,"name":"Arte y Cultura","item":"https:\/\/www.escapadarural.com\/blog\/categoria\/arte-y-cultura\/"},{"@type":"ListItem","position":3,"name":"Los murales espa\u00f1oles candidatos a ser el Mejor Mural del Mundo"}]},{"@type":"WebSite","@id":"https:\/\/www.escapadarural.com\/blog\/#website","url":"https:\/\/www.escapadarural.com\/blog\/","name":"Blog de viajes | turismo rural, alojamientos e inspiraci\u00f3n","description":"Alojamientos rurales e inspiraci\u00f3n para tus escapadas","publisher":{"@id":"https:\/\/www.escapadarural.com\/blog\/#organization"},"alternateName":"Magazine de viajes de EscapadaRural","potentialAction":[{"@type":"SearchAction","target":{"@type":"EntryPoint","urlTemplate":"https:\/\/www.escapadarural.com\/blog\/?s={search_term_string}"},"query-input":{"@type":"PropertyValueSpecification","valueRequired":true,"valueName":"search_term_string"}}],"inLanguage":"es"},{"@type":"Organization","@id":"https:\/\/www.escapadarural.com\/blog\/#organization","name":"EscapadaRural","url":"https:\/\/www.escapadarural.com\/blog\/","logo":{"@type":"ImageObject","inLanguage":"es","@id":"https:\/\/www.escapadarural.com\/blog\/#\/schema\/logo\/image\/","url":"https:\/\/www.escapadarural.com\/blog\/wp-content\/uploads\/2024\/10\/cropped-cropped-escapada-rural-icon-mag-3.png","contentUrl":"https:\/\/www.escapadarural.com\/blog\/wp-content\/uploads\/2024\/10\/cropped-cropped-escapada-rural-icon-mag-3.png","width":512,"height":512,"caption":"EscapadaRural"},"image":{"@id":"https:\/\/www.escapadarural.com\/blog\/#\/schema\/logo\/image\/"},"sameAs":["https:\/\/www.facebook.com\/escapadarural","https:\/\/www.instagram.com\/escapadarural\/","https:\/\/www.youtube.com\/@escapadaruralcom"]},{"@type":"Person","@id":"https:\/\/www.escapadarural.com\/blog\/#\/schema\/person\/a9b46ae4d047d8a2c719f31e75206cff","name":"Laura Fern\u00e1ndez","image":{"@type":"ImageObject","inLanguage":"es","@id":"https:\/\/www.escapadarural.com\/blog\/wp-content\/uploads\/2025\/01\/cropped-laura_raponchii-96x96.jpg","url":"https:\/\/www.escapadarural.com\/blog\/wp-content\/uploads\/2025\/01\/cropped-laura_raponchii-96x96.jpg","contentUrl":"https:\/\/www.escapadarural.com\/blog\/wp-content\/uploads\/2025\/01\/cropped-laura_raponchii-96x96.jpg","caption":"Laura Fern\u00e1ndez"},"description":"Periodista, blogger y viajera. No necesariamente en ese orden. En ocasiones me despierto sin saber d\u00f3nde estoy. Adicta a los c\u00f3mics y a los noodles con salsa de cacahuete. Redactora en @escapadarural, colaboradora en la Conde Nast Traveler y en la Divinity. Mi casa: Meridiano180.","sameAs":["http:\/\/www.meridiano180.com\/"],"url":"https:\/\/www.escapadarural.com\/blog\/autor\/laura\/"}]}},"_links":{"self":[{"href":"https:\/\/www.escapadarural.com\/blog\/wp-json\/wp\/v2\/posts\/69743","targetHints":{"allow":["GET"]}}],"collection":[{"href":"https:\/\/www.escapadarural.com\/blog\/wp-json\/wp\/v2\/posts"}],"about":[{"href":"https:\/\/www.escapadarural.com\/blog\/wp-json\/wp\/v2\/types\/post"}],"author":[{"embeddable":true,"href":"https:\/\/www.escapadarural.com\/blog\/wp-json\/wp\/v2\/users\/89"}],"replies":[{"embeddable":true,"href":"https:\/\/www.escapadarural.com\/blog\/wp-json\/wp\/v2\/comments?post=69743"}],"version-history":[{"count":0,"href":"https:\/\/www.escapadarural.com\/blog\/wp-json\/wp\/v2\/posts\/69743\/revisions"}],"wp:featuredmedia":[{"embeddable":true,"href":"https:\/\/www.escapadarural.com\/blog\/wp-json\/wp\/v2\/media\/69773"}],"wp:attachment":[{"href":"https:\/\/www.escapadarural.com\/blog\/wp-json\/wp\/v2\/media?parent=69743"}],"wp:term":[{"taxonomy":"category","embeddable":true,"href":"https:\/\/www.escapadarural.com\/blog\/wp-json\/wp\/v2\/categories?post=69743"},{"taxonomy":"post_tag","embeddable":true,"href":"https:\/\/www.escapadarural.com\/blog\/wp-json\/wp\/v2\/tags?post=69743"}],"curies":[{"name":"wp","href":"https:\/\/api.w.org\/{rel}","templated":true}]}}