{"id":69806,"date":"2024-01-20T11:33:05","date_gmt":"2024-01-20T10:33:05","guid":{"rendered":"https:\/\/www.escapadarural.com\/blog\/?p=69806"},"modified":"2025-04-25T12:04:58","modified_gmt":"2025-04-25T10:04:58","slug":"ruta-al-ojo-de-aitzulo-guipuzcoa","status":"publish","type":"post","link":"https:\/\/www.escapadarural.com\/blog\/ruta-al-ojo-de-aitzulo-guipuzcoa\/","title":{"rendered":"El Ojo de Aitzulo, la catedral geol\u00f3gica del Pa\u00eds Vasco"},"content":{"rendered":"\n<figure class=\"wp-block-image size-large\"><img decoding=\"async\" src=\"https:\/\/www.escapadarural.com\/blog\/wp-content\/uploads\/2024\/10\/spain-basque-country-euskadi-ojo-de-aitzulo-senior-men-enjoying-view-stockpack-adobe-stock-1024x768-1.jpg\" alt=\"Ojo de Aitzulo\" class=\"wp-image-69997\"\/><figcaption class=\"wp-element-caption\">Ojo de Aitzulo. Por tunedin <\/figcaption><\/figure>\n\n\n\n<p>En el coraz\u00f3n del <strong>Parque Natural de Aizkorri-Aratz<\/strong>, Guip\u00fazcoa, se encuentra una de las maravillas geol\u00f3gicas m\u00e1s impresionantes de Espa\u00f1a: el <a href=\"https:\/\/turismovasco.com\/gipuzkoa\/que-ver-gipuzkoa\/ruta-al-ojo-de-aitzulo-desde-araotz\/\" target=\"_blank\">Ojo de Aitzulo<\/a>. Esta formaci\u00f3n natural, semejante a una catedral tallada en la roca, es un t\u00fanel que atraviesa la monta\u00f1a de Orkatzategi, abri\u00e9ndose en una gigantesca apertura que recuerda a una pupila.&nbsp;<\/p>\n\n\n\n<p>Esta \u00abventana\u00bb natural, a la vez imponente y misteriosa, ofrece una panor\u00e1mica espectacular del <strong>Valle de O\u00f1ati<\/strong>, convirti\u00e9ndose en un destino predilecto para los amantes de la naturaleza y la fotograf\u00eda\u200b\u200b\u200b.<\/p>\n\n\n\n<h2 class=\"wp-block-heading\" id=\"h-la-ruta-hacia-el-ojo-de-aitzulo\">\u200b<strong>La ruta hacia el \u00abOjo de Aitzulo<\/strong>\u00ab<\/h2>\n\n\n\n<figure class=\"wp-block-image size-large\"><img decoding=\"async\" src=\"https:\/\/www.escapadarural.com\/blog\/wp-content\/uploads\/2024\/10\/panoramic-in-the-fantastic-ojo-de-anulo-de-onati-cave-gipuzkoa-basque-country-stockpack-adobe-stock-1024x607-1.jpg\" alt=\"Ojo de Aitzulo\" class=\"wp-image-69999\"\/><figcaption class=\"wp-element-caption\">Ojo de Aitzulo. Por unai<\/figcaption><\/figure>\n\n\n\n<p>El acceso al Ojo de Aitzulo comienza en el pintoresco pueblo de <a href=\"https:\/\/www.escapadarural.com\/casas-rurales\/araotz\">Araotz<\/a>, desde donde se puede seguir la se\u00f1alizada senda <strong>PR-GI 3003<\/strong>, conocida como el \u00abCamino del Agua\u00bb. Esta ruta de aproximadamente 8 kil\u00f3metros, con un desnivel acumulado de unos 350 metros, es una experiencia en s\u00ed misma.&nbsp;<\/p>\n\n\n\n<p>Para llegar al Ojo de Aitzulo, hay distintas rutas dependiendo del punto de partida en el Pa\u00eds Vasco:<\/p>\n\n\n\n<ol class=\"wp-block-list\">\n<li><strong>Desde Vitoria-Gasteiz<\/strong>: la ruta comienza saliendo por el norte de la ciudad hacia la N-240 en direcci\u00f3n a Legutiano. A continuaci\u00f3n, se accede a la AP-1 o la A-627 hasta llegar a Mondrag\u00f3n. En Mondrag\u00f3n, se toma la GI-2630 que conduce directamente a O\u00f1ati. Una vez en O\u00f1ati, se siguen las se\u00f1ales hacia Arantzazu y luego a Araotz, donde comienza la ruta de senderismo hacia el Ojo de Aitzulo.<\/li>\n\n\n\n<li><strong>Desde Bilbao<\/strong>: se parte por el norte de la ciudad, cruzando los t\u00faneles de Artzanda. Luego, se toma la N-637 en direcci\u00f3n a Durango y despu\u00e9s hacia Mondrag\u00f3n. Una vez en Mondrag\u00f3n, se sigue la misma ruta que se describi\u00f3 anteriormente desde Mondrag\u00f3n a O\u00f1ati, Arantzazu y finalmente Araotz.<\/li>\n\n\n\n<li><strong>Desde Donosti (San Sebasti\u00e1n)<\/strong>: se toma la AP-8 en direcci\u00f3n a Bilbao. Antes de llegar a Eibar, se toma la AP-1 hacia Vitoria hasta llegar a Mondrag\u00f3n. Desde Mondrag\u00f3n, se sigue el mismo itinerario hacia O\u00f1ati, Arantzazu y Araotz.<\/li>\n<\/ol>\n\n\n\n<p>Para comenzar nuestra aventura en el Ojo de Aitzulo, nos adentraremos en la parte m\u00e1s baja del encantador pueblo de Araotz, dej\u00e1ndonos guiar por las se\u00f1alizaciones de peque\u00f1o recorrido (PR), f\u00e1cilmente reconocibles por sus distintivos colores <strong>amarillo y blanco<\/strong>. Estas marcas ser\u00e1n nuestras fieles compa\u00f1eras a lo largo del camino.<\/p>\n\n\n\n<p>La ruta atraviesa paisajes k\u00e1rsticos y verdes campos, donde el sendero, a veces apenas visible, se va desvelando entre la vegetaci\u00f3n. La ruta ofrece dos versiones: una m\u00e1s corta y sencilla, ideal para familias, y otra m\u00e1s extensa que incluye la ascensi\u00f3n a la <strong>cima de Orkatzategi,<\/strong> desde donde se disfrutan vistas del embalse de Urkulu y los montes Anboto y Udalaitz\u200b.<\/p>\n\n\n\n<h2 class=\"wp-block-heading\" id=\"h-consejos-para-realizar-la-ruta-hacia-el-ojo-de-aitzulo\"><strong>Consejos para realizar la ruta hacia el <strong>Ojo de Aitzulo<\/strong><\/strong><\/h2>\n\n\n\n<figure class=\"wp-block-image size-large\"><img decoding=\"async\" src=\"https:\/\/www.escapadarural.com\/blog\/wp-content\/uploads\/2024\/10\/cueva-interior-gente-onate-pais-vasco-aitzulo-ojo-senderismo-4m0a1506-as20-stockpack-adobe-stock-1024x690-1.jpg\" alt=\"Ojo de Aitzulo\" class=\"wp-image-70001\"\/><figcaption class=\"wp-element-caption\">Ojo de Aitzulo. Por txakel<\/figcaption><\/figure>\n\n\n\n<p>Al emprender la ruta hacia el Ojo de Aitzulo, es crucial considerar varios aspectos para garantizar una experiencia segura y placentera. Primero, la hidrataci\u00f3n es esencial; en Araotz, el pueblo que marca el inicio del recorrido, encontrar\u00e1s varias <strong>fuentes<\/strong> donde podr\u00e1s abastecerte de agua, un elemento clave para acompa\u00f1arte en esta jornada por la naturaleza.&nbsp;<\/p>\n\n\n\n<p>En cuanto al calzado, a pesar de que el terreno no es excesivamente boscoso, hay <strong>zonas pedregosas<\/strong> que requieren un calzado con buen agarre, como zapatillas de senderismo o botas robustas, para asegurar un paso firme y seguro a lo largo del camino.&nbsp;<\/p>\n\n\n\n<p>Respecto a la dificultad del trayecto, la ruta es amigable para todo tipo de caminantes, incluidos aquellos no habituados a largas distancias o las familias que buscan compartir la experiencia con ni\u00f1os. Para adaptarse a las necesidades de cada explorador, existe la opci\u00f3n de acortar la ruta tomando la subida directa hacia Aitzulo, lo que reduce significativamente tanto la distancia como el desnivel del recorrido.<\/p>\n\n\n\n<h2 class=\"wp-block-heading\" id=\"h-una-experiencia-inolvidable\"><strong>Una experiencia inolvidable<\/strong><\/h2>\n\n\n\n<figure class=\"wp-block-image size-large\"><img decoding=\"async\" src=\"https:\/\/www.escapadarural.com\/blog\/wp-content\/uploads\/2024\/10\/contemplando-el-amanecer-en-onate-stockpack-adobe-stock-725x1024-1.jpg\" alt=\"Amanecer en el Ojo de Aitzulo\" class=\"wp-image-70002\"\/><figcaption class=\"wp-element-caption\">Amanecer en el Ojo de Aitzulo. Por Soraya<\/figcaption><\/figure>\n\n\n\n<p>Una vez en el Ojo de Aitzulo, el visitante se encuentra ante una <strong>impresionante ventana al mundo natural<\/strong>. Aqu\u00ed, es posible observar el vuelo de los <a href=\"https:\/\/www.escapadarural.com\/blog\/el-hombre-que-quiso-ser-buitre\/\">buitres leonados<\/a> y disfrutar de la tranquilidad que ofrece este rinc\u00f3n \u00fanico. La tranquilidad y la belleza pr\u00edstina de este rinc\u00f3n brindan un momento de paz y conexi\u00f3n con la naturaleza.<\/p>\n\n\n\n<p>Para aquellos que deseen extender su experiencia en la regi\u00f3n, hay otras atracciones cercanas que complementan perfectamente la visita al Ojo de Aitzulo. El <strong>santuario de Arantzazu<\/strong>, por ejemplo, es una joya arquitect\u00f3nica y un lugar de significado espiritual y cultural. Su ubicaci\u00f3n en medio de monta\u00f1as y su dise\u00f1o \u00fanico lo convierten en un sitio de inter\u00e9s tanto para los amantes de la historia como para los buscadores espirituales.<\/p>\n\n\n\n<figure class=\"wp-block-image size-large\"><img decoding=\"async\" src=\"https:\/\/www.escapadarural.com\/blog\/wp-content\/uploads\/2024\/10\/sanctuary-of-arantzazu-in-gipuzkoa-stockpack-adobe-stock-1024x576-1.jpg\" alt=\"Santuario de Arantzazu\" class=\"wp-image-70003\"\/><figcaption class=\"wp-element-caption\">Santuario de Arantzazu. Por mimadeo <\/figcaption><\/figure>\n\n\n\n<p>Otra parada obligatoria es la <strong>cueva de Arrikrutz<\/strong>, que ofrece otra perspectiva sobre la riqueza geol\u00f3gica y paleontol\u00f3gica del Pa\u00eds Vasco. Con sus impresionantes estalactitas y estalagmitas, la cueva es un testimonio vivo de los procesos naturales que han moldeado la regi\u00f3n a lo largo de millones de a\u00f1os.<\/p>\n\n\n\n<p>El Ojo de Aitzulo, por lo tanto, es mucho m\u00e1s que un simple destino tur\u00edstico; es un portal a la exploraci\u00f3n y el descubrimiento de los tesoros naturales y culturales del Pa\u00eds Vasco. Esta visita no solo es una oportunidad para admirar un fen\u00f3meno geol\u00f3gico singular, sino tambi\u00e9n para sumergirse en el rico tapiz de paisajes, historia y cultura que Espa\u00f1a ofrece.<\/p>\n\n\n\n<div class=\"wp-block-buttons is-layout-flex wp-block-buttons-is-layout-flex\">\n<div class=\"wp-block-button\"><a class=\"wp-block-button__link wp-element-button\" href=\"https:\/\/www.escapadarural.com\/casas-rurales\/guipuzcoa\">Casas rurales en Guip\u00fazcoa<\/a><\/div>\n<\/div>\n\n\n\n<h2 class=\"wp-block-heading\" id=\"h-miras-mas-ideas-para-escaparte-a-guipuzcoa\">Miras m\u00e1s ideas para escaparte a Guip\u00fazcoa<\/h2>\n\n\n<section class=\"wp-block-ub-post-grid ub-block-post-grid align  is-equal-height preserve-post-image-aspect-ratio\" style=\"\" id=\"ub-post-grid-\"><div class=\"ub-post-grid-items is-list\" style=\"row-gap: 32px; column-gap: 32px; \"><article id=\"post-216314\" class=\"ub-post-grid-item post-216314 post type-post status-publish format-standard has-post-thumbnail hentry category-alojamientos-rurales category-destinos tag-acantilados tag-amigos tag-que-ver-en-barcelona tag-que-ver-en-cadiz tag-que-ver-en-cantabria tag-casas-rurales tag-que-ver-en-girona tag-que-ver-en-guipuzcoa tag-listado tag-que-ver-en-malaga tag-pareja tag-vistas\" style=\"\"><div class=\"ub-block-post-grid-image\" style=\"\"><a href=\"https:\/\/www.escapadarural.com\/blog\/casas-sobre-acantilados\/\" rel=\"bookmark\" aria-hidden=\"true\" tabindex=\"-1\"><img loading=\"lazy\" decoding=\"async\" width=\"2048\" height=\"1365\" src=\"https:\/\/www.escapadarural.com\/blog\/wp-content\/uploads\/2026\/04\/Finca-Mariposa-2-scaled.jpg\" class=\"attachment-full size-full\" alt=\"Finca Mariposa (M\u00e1laga)\" style=\"max-width: 600px; \" srcset=\"https:\/\/www.escapadarural.com\/blog\/wp-content\/uploads\/2026\/04\/Finca-Mariposa-2-200x133.jpg 200w, https:\/\/www.escapadarural.com\/blog\/wp-content\/uploads\/2026\/04\/Finca-Mariposa-2-300x200.jpg 300w, https:\/\/www.escapadarural.com\/blog\/wp-content\/uploads\/2026\/04\/Finca-Mariposa-2-400x267.jpg 400w, https:\/\/www.escapadarural.com\/blog\/wp-content\/uploads\/2026\/04\/Finca-Mariposa-2-600x400.jpg 600w, https:\/\/www.escapadarural.com\/blog\/wp-content\/uploads\/2026\/04\/Finca-Mariposa-2-768x512.jpg 768w, https:\/\/www.escapadarural.com\/blog\/wp-content\/uploads\/2026\/04\/Finca-Mariposa-2-800x533.jpg 800w, https:\/\/www.escapadarural.com\/blog\/wp-content\/uploads\/2026\/04\/Finca-Mariposa-2-1024x683.jpg 1024w, https:\/\/www.escapadarural.com\/blog\/wp-content\/uploads\/2026\/04\/Finca-Mariposa-2-1200x800.jpg 1200w, https:\/\/www.escapadarural.com\/blog\/wp-content\/uploads\/2026\/04\/Finca-Mariposa-2-1536x1024.jpg 1536w, https:\/\/www.escapadarural.com\/blog\/wp-content\/uploads\/2026\/04\/Finca-Mariposa-2-scaled.jpg 2048w\" sizes=\"auto, (max-width: 2048px) 100vw, 2048px\"><\/a><\/div><div class=\"ub-block-post-grid-text\" style=\"\"><div class=\"ub-block-post-grid-header-content\"><header class=\"ub-block-post-grid-header\"><h3 class=\"ub-block-post-grid-title\"><a style=\"\" href=\"https:\/\/www.escapadarural.com\/blog\/casas-sobre-acantilados\/\" rel=\"bookmark\">Despierta al borde del mundo: casas rurales sobre acantilados con vistas de v\u00e9rtigo<\/a><\/h3><div class=\"ub-block-post-grid-author\" itemprop=\"author\"><a class=\"ub-text-link\" style=\"\" href=\"https:\/\/www.escapadarural.com\/blog\/autor\/laura\/\" itemprop=\"url\" rel=\"author\"><span itemprop=\"name\">Laura Fern\u00e1ndez<\/span><\/a><\/div><time datetime=\"2026-04-20T08:55:00+02:00\" class=\"ub-block-post-grid-date\" style=\"\" itemprop=\"datePublished\">20 de abril de 2026<\/time><\/header><\/div><div class=\"ub-block-post-grid-excerpt\"><div class=\"ub-block-post-grid-excerpt-text\" style=\"\"><p>Abrir los ojos y despertarse en el borde de la tierra: con el horizonte a los pies, el viento en la cara y vistas que dejan sin aliento.<\/p>\n<\/div><\/div><\/div><\/article>\n<article id=\"post-215504\" class=\"ub-post-grid-item post-215504 post type-post status-publish format-standard has-post-thumbnail hentry category-rutas-y-excursiones tag-que-ver-en-guadalajara tag-que-ver-en-guipuzcoa tag-listado tag-que-ver-en-madrid tag-que-ver-en-malaga tag-primavera tag-rutas tag-que-ver-en-segovia tag-senderismo tag-que-ver-en-valencia tag-que-ver-en-zaragoza\" style=\"\"><div class=\"ub-block-post-grid-image\" style=\"\"><a href=\"https:\/\/www.escapadarural.com\/blog\/rutas-primavera-cerca-de-ciudades\/\" rel=\"bookmark\" aria-hidden=\"true\" tabindex=\"-1\"><img loading=\"lazy\" decoding=\"async\" width=\"2048\" height=\"1365\" src=\"https:\/\/www.escapadarural.com\/blog\/wp-content\/uploads\/2026\/03\/AdobeStock_321644888-scaled.jpeg\" class=\"attachment-full size-full\" alt=\"Una peque\u00f1a casa se asienta sobre una verde colina cubierta de hierba, rodeada de \u00e1rboles, con monta\u00f1as nevadas y nubes dispersas al fondo.\" style=\"max-width: 600px; \" srcset=\"https:\/\/www.escapadarural.com\/blog\/wp-content\/uploads\/2026\/03\/AdobeStock_321644888-200x133.jpeg 200w, https:\/\/www.escapadarural.com\/blog\/wp-content\/uploads\/2026\/03\/AdobeStock_321644888-300x200.jpeg 300w, https:\/\/www.escapadarural.com\/blog\/wp-content\/uploads\/2026\/03\/AdobeStock_321644888-400x267.jpeg 400w, https:\/\/www.escapadarural.com\/blog\/wp-content\/uploads\/2026\/03\/AdobeStock_321644888-600x400.jpeg 600w, https:\/\/www.escapadarural.com\/blog\/wp-content\/uploads\/2026\/03\/AdobeStock_321644888-768x512.jpeg 768w, https:\/\/www.escapadarural.com\/blog\/wp-content\/uploads\/2026\/03\/AdobeStock_321644888-800x533.jpeg 800w, https:\/\/www.escapadarural.com\/blog\/wp-content\/uploads\/2026\/03\/AdobeStock_321644888-1024x683.jpeg 1024w, https:\/\/www.escapadarural.com\/blog\/wp-content\/uploads\/2026\/03\/AdobeStock_321644888-1200x800.jpeg 1200w, https:\/\/www.escapadarural.com\/blog\/wp-content\/uploads\/2026\/03\/AdobeStock_321644888-1536x1024.jpeg 1536w, https:\/\/www.escapadarural.com\/blog\/wp-content\/uploads\/2026\/03\/AdobeStock_321644888-scaled.jpeg 2048w\" sizes=\"auto, (max-width: 2048px) 100vw, 2048px\"><\/a><\/div><div class=\"ub-block-post-grid-text\" style=\"\"><div class=\"ub-block-post-grid-header-content\"><header class=\"ub-block-post-grid-header\"><h3 class=\"ub-block-post-grid-title\"><a style=\"\" href=\"https:\/\/www.escapadarural.com\/blog\/rutas-primavera-cerca-de-ciudades\/\" rel=\"bookmark\">Las rutas de primavera m\u00e1s bonitas cerca de grandes ciudades<\/a><\/h3><div class=\"ub-block-post-grid-author\" itemprop=\"author\"><a class=\"ub-text-link\" style=\"\" href=\"https:\/\/www.escapadarural.com\/blog\/autor\/miryam\/\" itemprop=\"url\" rel=\"author\"><span itemprop=\"name\">Miryam Tejada<\/span><\/a><\/div><time datetime=\"2026-03-19T10:23:19+01:00\" class=\"ub-block-post-grid-date\" style=\"\" itemprop=\"datePublished\">19 de marzo de 2026<\/time><\/header><\/div><div class=\"ub-block-post-grid-excerpt\"><div class=\"ub-block-post-grid-excerpt-text\" style=\"\"><p>Si vives cerca de una gran ciudad y buscas planes, aqu\u00ed tienes 7 rutas muy recomendables con una casa rural para completar la experiencia<\/p>\n<\/div><\/div><\/div><\/article>\n<article id=\"post-215252\" class=\"ub-post-grid-item post-215252 post type-post status-publish format-standard has-post-thumbnail hentry category-destinos tag-que-ver-en-cantabria tag-que-ver-en-castellon tag-que-ver-en-girona tag-que-ver-en-guadalajara tag-que-ver-en-guipuzcoa tag-listado tag-que-ver-en-navarra tag-pueblos tag-pueblos-medievales tag-transporte-publico\" style=\"\"><div class=\"ub-block-post-grid-image\" style=\"\"><a href=\"https:\/\/www.escapadarural.com\/blog\/pueblos-medievales-llegar-sin-coche\/\" rel=\"bookmark\" aria-hidden=\"true\" tabindex=\"-1\"><img loading=\"lazy\" decoding=\"async\" width=\"1024\" height=\"683\" src=\"https:\/\/www.escapadarural.com\/blog\/wp-content\/uploads\/2024\/10\/globo-besalu-1024x683-1.jpg\" class=\"attachment-full size-full\" alt=\"Besal\u00fa, Girona.\" style=\"max-width: 600px; \" srcset=\"https:\/\/www.escapadarural.com\/blog\/wp-content\/uploads\/2024\/10\/globo-besalu-1024x683-1-200x133.jpg 200w, https:\/\/www.escapadarural.com\/blog\/wp-content\/uploads\/2024\/10\/globo-besalu-1024x683-1-300x200.jpg 300w, https:\/\/www.escapadarural.com\/blog\/wp-content\/uploads\/2024\/10\/globo-besalu-1024x683-1-400x267.jpg 400w, https:\/\/www.escapadarural.com\/blog\/wp-content\/uploads\/2024\/10\/globo-besalu-1024x683-1-600x400.jpg 600w, https:\/\/www.escapadarural.com\/blog\/wp-content\/uploads\/2024\/10\/globo-besalu-1024x683-1-768x512.jpg 768w, https:\/\/www.escapadarural.com\/blog\/wp-content\/uploads\/2024\/10\/globo-besalu-1024x683-1-800x534.jpg 800w, https:\/\/www.escapadarural.com\/blog\/wp-content\/uploads\/2024\/10\/globo-besalu-1024x683-1.jpg 1024w\" sizes=\"auto, (max-width: 1024px) 100vw, 1024px\"><\/a><\/div><div class=\"ub-block-post-grid-text\" style=\"\"><div class=\"ub-block-post-grid-header-content\"><header class=\"ub-block-post-grid-header\"><h3 class=\"ub-block-post-grid-title\"><a style=\"\" href=\"https:\/\/www.escapadarural.com\/blog\/pueblos-medievales-llegar-sin-coche\/\" rel=\"bookmark\">Pueblos medievales a los que llegar sin coche<\/a><\/h3><div class=\"ub-block-post-grid-author\" itemprop=\"author\"><a class=\"ub-text-link\" style=\"\" href=\"https:\/\/www.escapadarural.com\/blog\/autor\/miryam\/\" itemprop=\"url\" rel=\"author\"><span itemprop=\"name\">Miryam Tejada<\/span><\/a><\/div><time datetime=\"2026-03-18T10:32:00+01:00\" class=\"ub-block-post-grid-date\" style=\"\" itemprop=\"datePublished\">18 de marzo de 2026<\/time><\/header><\/div><div class=\"ub-block-post-grid-excerpt\"><div class=\"ub-block-post-grid-excerpt-text\" style=\"\"><p>Aqu\u00ed tienes 6 pueblos con alma medieval perfectos para un fin de semana y a los que puedes llegar en transporte p\u00fablico. \u00bfVienes?<\/p>\n<\/div><\/div><\/div><\/article>\n<article id=\"post-215226\" class=\"ub-post-grid-item post-215226 post type-post status-publish format-standard has-post-thumbnail hentry category-rutas-y-excursiones tag-que-ver-en-a-coruna tag-que-ver-en-asturias tag-que-ver-en-castellon tag-que-ver-en-girona tag-que-ver-en-guadalajara tag-que-ver-en-guipuzcoa tag-que-ver-en-huesca tag-que-ver-en-leon tag-listado tag-menorca tag-que-ver-en-navarra tag-que-ver-en-palencia tag-ruta-de-senderismo tag-rutas tag-que-ver-en-teruel\" style=\"\"><div class=\"ub-block-post-grid-image\" style=\"\"><a href=\"https:\/\/www.escapadarural.com\/blog\/rutas-que-algun-dia-hara\/\" rel=\"bookmark\" aria-hidden=\"true\" tabindex=\"-1\"><img loading=\"lazy\" decoding=\"async\" width=\"2048\" height=\"1365\" src=\"https:\/\/www.escapadarural.com\/blog\/wp-content\/uploads\/2026\/03\/AdobeStock_487883658-scaled.jpeg\" class=\"attachment-full size-full\" alt=\"Un excursionista con mochila camina por un sendero rocoso a trav\u00e9s de un exuberante valle de monta\u00f1a con flores silvestres amarillas, \u00e1rboles verdes y picos nevados bajo un cielo azul despejado.\" style=\"max-width: 600px; \" srcset=\"https:\/\/www.escapadarural.com\/blog\/wp-content\/uploads\/2026\/03\/AdobeStock_487883658-200x133.jpeg 200w, https:\/\/www.escapadarural.com\/blog\/wp-content\/uploads\/2026\/03\/AdobeStock_487883658-300x200.jpeg 300w, https:\/\/www.escapadarural.com\/blog\/wp-content\/uploads\/2026\/03\/AdobeStock_487883658-400x267.jpeg 400w, https:\/\/www.escapadarural.com\/blog\/wp-content\/uploads\/2026\/03\/AdobeStock_487883658-600x400.jpeg 600w, https:\/\/www.escapadarural.com\/blog\/wp-content\/uploads\/2026\/03\/AdobeStock_487883658-768x512.jpeg 768w, https:\/\/www.escapadarural.com\/blog\/wp-content\/uploads\/2026\/03\/AdobeStock_487883658-800x533.jpeg 800w, https:\/\/www.escapadarural.com\/blog\/wp-content\/uploads\/2026\/03\/AdobeStock_487883658-1024x683.jpeg 1024w, https:\/\/www.escapadarural.com\/blog\/wp-content\/uploads\/2026\/03\/AdobeStock_487883658-1200x800.jpeg 1200w, https:\/\/www.escapadarural.com\/blog\/wp-content\/uploads\/2026\/03\/AdobeStock_487883658-1536x1024.jpeg 1536w, https:\/\/www.escapadarural.com\/blog\/wp-content\/uploads\/2026\/03\/AdobeStock_487883658-scaled.jpeg 2048w\" sizes=\"auto, (max-width: 2048px) 100vw, 2048px\"><\/a><\/div><div class=\"ub-block-post-grid-text\" style=\"\"><div class=\"ub-block-post-grid-header-content\"><header class=\"ub-block-post-grid-header\"><h3 class=\"ub-block-post-grid-title\"><a style=\"\" href=\"https:\/\/www.escapadarural.com\/blog\/rutas-que-algun-dia-hara\/\" rel=\"bookmark\">Rutas que todo el mundo \u201calg\u00fan d\u00eda har\u00e1\u201d<\/a><\/h3><div class=\"ub-block-post-grid-author\" itemprop=\"author\"><a class=\"ub-text-link\" style=\"\" href=\"https:\/\/www.escapadarural.com\/blog\/autor\/miryam\/\" itemprop=\"url\" rel=\"author\"><span itemprop=\"name\">Miryam Tejada<\/span><\/a><\/div><time datetime=\"2026-03-17T09:42:10+01:00\" class=\"ub-block-post-grid-date\" style=\"\" itemprop=\"datePublished\">17 de marzo de 2026<\/time><\/header><\/div><div class=\"ub-block-post-grid-excerpt\"><div class=\"ub-block-post-grid-excerpt-text\" style=\"\"><p>Aqu\u00ed tienes 10 ideas de rutas de esas que dices \u201calg\u00fan d\u00eda\u2026\u201d para convertirlas en plan real, con una casa rural sugerida en cada destino <\/p>\n<\/div><\/div><\/div><\/article>\n<article id=\"post-214657\" class=\"ub-post-grid-item post-214657 post type-post status-publish format-standard has-post-thumbnail hentry category-alojamientos-rurales tag-casas-rurales tag-que-ver-en-girona tag-que-ver-en-guadalajara tag-que-ver-en-guipuzcoa tag-que-ver-en-huelva tag-que-ver-en-huesca tag-listado tag-pueblos tag-tenerife tag-que-ver-en-zaragoza\" style=\"\"><div class=\"ub-block-post-grid-image\" style=\"\"><a href=\"https:\/\/www.escapadarural.com\/blog\/7-casas-rurales-para-cazapueblos\/\" rel=\"bookmark\" aria-hidden=\"true\" tabindex=\"-1\"><img loading=\"lazy\" decoding=\"async\" width=\"2048\" height=\"1536\" src=\"https:\/\/www.escapadarural.com\/blog\/wp-content\/uploads\/2026\/03\/68de4bfd35130-scaled.jpg\" class=\"attachment-full size-full\" alt=\"Una r\u00fastica casa de piedra con tejado de tejas est\u00e1 rodeada de frondosos \u00e1rboles verdes y colinas bajo un cielo azul brillante con algunas nubes. Junto a la casa discurre una peque\u00f1a carretera, y al fondo se eleva una colina cubierta por un denso bosque.\" style=\"max-width: 600px; \" srcset=\"https:\/\/www.escapadarural.com\/blog\/wp-content\/uploads\/2026\/03\/68de4bfd35130-200x150.jpg 200w, https:\/\/www.escapadarural.com\/blog\/wp-content\/uploads\/2026\/03\/68de4bfd35130-300x225.jpg 300w, https:\/\/www.escapadarural.com\/blog\/wp-content\/uploads\/2026\/03\/68de4bfd35130-400x300.jpg 400w, https:\/\/www.escapadarural.com\/blog\/wp-content\/uploads\/2026\/03\/68de4bfd35130-600x450.jpg 600w, https:\/\/www.escapadarural.com\/blog\/wp-content\/uploads\/2026\/03\/68de4bfd35130-768x576.jpg 768w, https:\/\/www.escapadarural.com\/blog\/wp-content\/uploads\/2026\/03\/68de4bfd35130-800x600.jpg 800w, https:\/\/www.escapadarural.com\/blog\/wp-content\/uploads\/2026\/03\/68de4bfd35130-1024x768.jpg 1024w, https:\/\/www.escapadarural.com\/blog\/wp-content\/uploads\/2026\/03\/68de4bfd35130-1200x900.jpg 1200w, https:\/\/www.escapadarural.com\/blog\/wp-content\/uploads\/2026\/03\/68de4bfd35130-1536x1152.jpg 1536w, https:\/\/www.escapadarural.com\/blog\/wp-content\/uploads\/2026\/03\/68de4bfd35130-scaled.jpg 2048w\" sizes=\"auto, (max-width: 2048px) 100vw, 2048px\"><\/a><\/div><div class=\"ub-block-post-grid-text\" style=\"\"><div class=\"ub-block-post-grid-header-content\"><header class=\"ub-block-post-grid-header\"><h3 class=\"ub-block-post-grid-title\"><a style=\"\" href=\"https:\/\/www.escapadarural.com\/blog\/7-casas-rurales-para-cazapueblos\/\" rel=\"bookmark\">7 casas rurales para cazapueblos<\/a><\/h3><div class=\"ub-block-post-grid-author\" itemprop=\"author\"><a class=\"ub-text-link\" style=\"\" href=\"https:\/\/www.escapadarural.com\/blog\/autor\/miryam\/\" itemprop=\"url\" rel=\"author\"><span itemprop=\"name\">Miryam Tejada<\/span><\/a><\/div><time datetime=\"2026-03-13T13:22:27+01:00\" class=\"ub-block-post-grid-date\" style=\"\" itemprop=\"datePublished\">13 de marzo de 2026<\/time><\/header><\/div><div class=\"ub-block-post-grid-excerpt\"><div class=\"ub-block-post-grid-excerpt-text\" style=\"\"><p>Si te gusta ir a cazar pueblos, aqu\u00ed van siete paradas con encanto y una casa rural recomendada para completar el plan con calma.<\/p>\n<\/div><\/div><\/div><\/article>\n<article id=\"post-210351\" class=\"ub-post-grid-item post-210351 post type-post status-publish format-standard has-post-thumbnail hentry category-arte-y-cultura category-destinos tag-curiosidades tag-que-ver-en-guipuzcoa tag-musica tag-que-ver-en-pais-vasco tag-rural tag-sidra tag-tradiciones tag-txalaparta\" style=\"\"><div class=\"ub-block-post-grid-image\" style=\"\"><a href=\"https:\/\/www.escapadarural.com\/blog\/instrumento-rural-tablas-madera-pais-vasco-txalaparta\/\" rel=\"bookmark\" aria-hidden=\"true\" tabindex=\"-1\"><img loading=\"lazy\" decoding=\"async\" width=\"1024\" height=\"683\" src=\"https:\/\/www.escapadarural.com\/blog\/wp-content\/uploads\/2025\/11\/AdobeStock_144347701.webp\" class=\"attachment-full size-full\" alt=\"Dos personas tocando la txalaparta. Por javitrapero.com\" style=\"max-width: 600px; \" srcset=\"https:\/\/www.escapadarural.com\/blog\/wp-content\/uploads\/2025\/11\/AdobeStock_144347701-200x133.webp 200w, https:\/\/www.escapadarural.com\/blog\/wp-content\/uploads\/2025\/11\/AdobeStock_144347701-300x200.webp 300w, https:\/\/www.escapadarural.com\/blog\/wp-content\/uploads\/2025\/11\/AdobeStock_144347701-400x267.webp 400w, https:\/\/www.escapadarural.com\/blog\/wp-content\/uploads\/2025\/11\/AdobeStock_144347701-600x400.webp 600w, https:\/\/www.escapadarural.com\/blog\/wp-content\/uploads\/2025\/11\/AdobeStock_144347701-768x512.webp 768w, https:\/\/www.escapadarural.com\/blog\/wp-content\/uploads\/2025\/11\/AdobeStock_144347701-800x534.webp 800w, https:\/\/www.escapadarural.com\/blog\/wp-content\/uploads\/2025\/11\/AdobeStock_144347701.webp 1024w\" sizes=\"auto, (max-width: 1024px) 100vw, 1024px\"><\/a><\/div><div class=\"ub-block-post-grid-text\" style=\"\"><div class=\"ub-block-post-grid-header-content\"><header class=\"ub-block-post-grid-header\"><h3 class=\"ub-block-post-grid-title\"><a style=\"\" href=\"https:\/\/www.escapadarural.com\/blog\/instrumento-rural-tablas-madera-pais-vasco-txalaparta\/\" rel=\"bookmark\">La txalaparta, el desconocido instrumento rural vasco usado por Madonna y Crystal Fighters<\/a><\/h3><div class=\"ub-block-post-grid-author\" itemprop=\"author\"><a class=\"ub-text-link\" style=\"\" href=\"https:\/\/www.escapadarural.com\/blog\/autor\/raquel\/\" itemprop=\"url\" rel=\"author\"><span itemprop=\"name\">Raquel Andr\u00e9s<\/span><\/a><\/div><time datetime=\"2026-01-24T08:55:00+01:00\" class=\"ub-block-post-grid-date\" style=\"\" itemprop=\"datePublished\">24 de enero de 2026<\/time><\/header><\/div><div class=\"ub-block-post-grid-excerpt\"><div class=\"ub-block-post-grid-excerpt-text\" style=\"\"><p>La txalaparta, un instrumento r\u00fastico del Pa\u00eds Vasco que Crystal Fighters usa en sus conciertos e incluso apareci\u00f3 en uno de Madonna.<\/p>\n<\/div><\/div><\/div><\/article>\n<article id=\"post-210641\" class=\"ub-post-grid-item post-210641 post type-post status-publish format-standard has-post-thumbnail hentry category-arte-y-cultura category-destinos tag-albufera-de-valencia tag-amigos tag-que-ver-en-cadiz tag-castalla tag-cocina-espanola tag-espana tag-familia tag-gastronomia tag-que-ver-en-girona tag-que-ver-en-guipuzcoa tag-pareja tag-podcast tag-que-ver-en-valencia\" style=\"\"><div class=\"ub-block-post-grid-image\" style=\"\"><a href=\"https:\/\/www.escapadarural.com\/blog\/cosas-solo-comeras-si-vas-estos-pueblos\/\" rel=\"bookmark\" aria-hidden=\"true\" tabindex=\"-1\"><img loading=\"lazy\" decoding=\"async\" width=\"1024\" height=\"684\" src=\"https:\/\/www.escapadarural.com\/blog\/wp-content\/uploads\/2023\/02\/AdobeStock_493313837.webp\" class=\"attachment-full size-full\" alt=\"Gazpachos manchegos con caracoles. Por Carbonero Stock\" style=\"max-width: 600px; \" srcset=\"https:\/\/www.escapadarural.com\/blog\/wp-content\/uploads\/2023\/02\/AdobeStock_493313837-200x134.webp 200w, https:\/\/www.escapadarural.com\/blog\/wp-content\/uploads\/2023\/02\/AdobeStock_493313837-300x200.webp 300w, https:\/\/www.escapadarural.com\/blog\/wp-content\/uploads\/2023\/02\/AdobeStock_493313837-400x267.webp 400w, https:\/\/www.escapadarural.com\/blog\/wp-content\/uploads\/2023\/02\/AdobeStock_493313837-600x401.webp 600w, https:\/\/www.escapadarural.com\/blog\/wp-content\/uploads\/2023\/02\/AdobeStock_493313837-768x513.webp 768w, https:\/\/www.escapadarural.com\/blog\/wp-content\/uploads\/2023\/02\/AdobeStock_493313837-800x534.webp 800w, https:\/\/www.escapadarural.com\/blog\/wp-content\/uploads\/2023\/02\/AdobeStock_493313837.webp 1024w\" sizes=\"auto, (max-width: 1024px) 100vw, 1024px\"><\/a><\/div><div class=\"ub-block-post-grid-text\" style=\"\"><div class=\"ub-block-post-grid-header-content\"><header class=\"ub-block-post-grid-header\"><h3 class=\"ub-block-post-grid-title\"><a style=\"\" href=\"https:\/\/www.escapadarural.com\/blog\/cosas-solo-comeras-si-vas-estos-pueblos\/\" rel=\"bookmark\">Cosas que solo comer\u00e1s si vas a estos pueblos<\/a><\/h3><div class=\"ub-block-post-grid-author\" itemprop=\"author\"><a class=\"ub-text-link\" style=\"\" href=\"https:\/\/www.escapadarural.com\/blog\/autor\/raquel\/\" itemprop=\"url\" rel=\"author\"><span itemprop=\"name\">Raquel Andr\u00e9s<\/span><\/a><\/div><time datetime=\"2026-01-23T08:55:00+01:00\" class=\"ub-block-post-grid-date\" style=\"\" itemprop=\"datePublished\">23 de enero de 2026<\/time><\/header><\/div><div class=\"ub-block-post-grid-excerpt\"><div class=\"ub-block-post-grid-excerpt-text\" style=\"\"><p>\u00bfConoces la urta a la rote\u00f1a? \u00bfY los figatells, el mondeju o Es Niu? Son platos t\u00edpicos de pueblos o zonas rurales muy concretas\u2026<\/p>\n<\/div><\/div><\/div><\/article>\n<article id=\"post-211917\" class=\"ub-post-grid-item post-211917 post type-post status-publish format-standard has-post-thumbnail hentry category-arte-y-cultura category-destinos tag-amigos tag-astorga tag-que-ver-en-cantabria tag-downton-abbey tag-espana tag-familia tag-que-ver-en-guipuzcoa tag-listado tag-los-bridgerton tag-palacios tag-pareja tag-podcast tag-que-ver-en-salamanca tag-que-ver-en-segovia tag-series\" style=\"\"><div class=\"ub-block-post-grid-image\" style=\"\"><a href=\"https:\/\/www.escapadarural.com\/blog\/palacios-en-espana\/\" rel=\"bookmark\" aria-hidden=\"true\" tabindex=\"-1\"><img loading=\"lazy\" decoding=\"async\" width=\"2048\" height=\"1535\" src=\"https:\/\/www.escapadarural.com\/blog\/wp-content\/uploads\/2025\/12\/AdobeStock_1721148022_palacio_magdalena-scaled.jpeg\" class=\"attachment-full size-full\" alt=\"Palacio de la Magdalena. Por Fotos ZonaFreeDrone.\" style=\"max-width: 600px; \" srcset=\"https:\/\/www.escapadarural.com\/blog\/wp-content\/uploads\/2025\/12\/AdobeStock_1721148022_palacio_magdalena-200x150.jpeg 200w, https:\/\/www.escapadarural.com\/blog\/wp-content\/uploads\/2025\/12\/AdobeStock_1721148022_palacio_magdalena-300x225.jpeg 300w, https:\/\/www.escapadarural.com\/blog\/wp-content\/uploads\/2025\/12\/AdobeStock_1721148022_palacio_magdalena-400x300.jpeg 400w, https:\/\/www.escapadarural.com\/blog\/wp-content\/uploads\/2025\/12\/AdobeStock_1721148022_palacio_magdalena-600x450.jpeg 600w, https:\/\/www.escapadarural.com\/blog\/wp-content\/uploads\/2025\/12\/AdobeStock_1721148022_palacio_magdalena-768x576.jpeg 768w, https:\/\/www.escapadarural.com\/blog\/wp-content\/uploads\/2025\/12\/AdobeStock_1721148022_palacio_magdalena-800x600.jpeg 800w, https:\/\/www.escapadarural.com\/blog\/wp-content\/uploads\/2025\/12\/AdobeStock_1721148022_palacio_magdalena-1024x767.jpeg 1024w, https:\/\/www.escapadarural.com\/blog\/wp-content\/uploads\/2025\/12\/AdobeStock_1721148022_palacio_magdalena-1200x899.jpeg 1200w, https:\/\/www.escapadarural.com\/blog\/wp-content\/uploads\/2025\/12\/AdobeStock_1721148022_palacio_magdalena-1536x1151.jpeg 1536w, https:\/\/www.escapadarural.com\/blog\/wp-content\/uploads\/2025\/12\/AdobeStock_1721148022_palacio_magdalena-scaled.jpeg 2048w\" sizes=\"auto, (max-width: 2048px) 100vw, 2048px\"><\/a><\/div><div class=\"ub-block-post-grid-text\" style=\"\"><div class=\"ub-block-post-grid-header-content\"><header class=\"ub-block-post-grid-header\"><h3 class=\"ub-block-post-grid-title\"><a style=\"\" href=\"https:\/\/www.escapadarural.com\/blog\/palacios-en-espana\/\" rel=\"bookmark\">Palacios en Espa\u00f1a que encantar\u00e1n a los fans de Los Bridgerton y Downton Abbey<\/a><\/h3><div class=\"ub-block-post-grid-author\" itemprop=\"author\"><a class=\"ub-text-link\" style=\"\" href=\"https:\/\/www.escapadarural.com\/blog\/autor\/carmenlopez\/\" itemprop=\"url\" rel=\"author\"><span itemprop=\"name\">Carmen L\u00f3pez<\/span><\/a><\/div><time datetime=\"2026-01-17T08:55:00+01:00\" class=\"ub-block-post-grid-date\" style=\"\" itemprop=\"datePublished\">17 de enero de 2026<\/time><\/header><\/div><div class=\"ub-block-post-grid-excerpt\"><div class=\"ub-block-post-grid-excerpt-text\" style=\"\"><p>Espa\u00f1a est\u00e1 bien dotada de palacios que podr\u00edan servir de escenario para t\u00edtulos como Downton Abbey o Los Bridgerton<\/p>\n<\/div><\/div><\/div><\/article>\n<article id=\"post-209547\" class=\"ub-post-grid-item post-209547 post type-post status-publish format-standard has-post-thumbnail hentry category-arte-y-cultura category-destinos tag-cultura tag-erromintxela tag-euskadi tag-euskera tag-gitanos tag-que-ver-en-guipuzcoa tag-lasarte-oria tag-lengua tag-que-ver-en-pais-vasco\" style=\"\"><div class=\"ub-block-post-grid-image\" style=\"\"><a href=\"https:\/\/www.escapadarural.com\/blog\/habla-vasca-pueblo-gitano-erromintxela\/\" rel=\"bookmark\" aria-hidden=\"true\" tabindex=\"-1\"><img loading=\"lazy\" decoding=\"async\" width=\"1024\" height=\"768\" src=\"https:\/\/www.escapadarural.com\/blog\/wp-content\/uploads\/2025\/10\/D2bwFhxXQAAtw4h.webp\" class=\"attachment-full size-full\" alt=\"Miembros de la asociaci\u00f3n Kale Dor Kayiko, en un acto. Cedida por la entidad\" style=\"max-width: 600px; \" srcset=\"https:\/\/www.escapadarural.com\/blog\/wp-content\/uploads\/2025\/10\/D2bwFhxXQAAtw4h-200x150.webp 200w, https:\/\/www.escapadarural.com\/blog\/wp-content\/uploads\/2025\/10\/D2bwFhxXQAAtw4h-300x225.webp 300w, https:\/\/www.escapadarural.com\/blog\/wp-content\/uploads\/2025\/10\/D2bwFhxXQAAtw4h-400x300.webp 400w, https:\/\/www.escapadarural.com\/blog\/wp-content\/uploads\/2025\/10\/D2bwFhxXQAAtw4h-600x450.webp 600w, https:\/\/www.escapadarural.com\/blog\/wp-content\/uploads\/2025\/10\/D2bwFhxXQAAtw4h-768x576.webp 768w, https:\/\/www.escapadarural.com\/blog\/wp-content\/uploads\/2025\/10\/D2bwFhxXQAAtw4h-800x600.webp 800w, https:\/\/www.escapadarural.com\/blog\/wp-content\/uploads\/2025\/10\/D2bwFhxXQAAtw4h.webp 1024w\" sizes=\"auto, (max-width: 1024px) 100vw, 1024px\"><\/a><\/div><div class=\"ub-block-post-grid-text\" style=\"\"><div class=\"ub-block-post-grid-header-content\"><header class=\"ub-block-post-grid-header\"><h3 class=\"ub-block-post-grid-title\"><a style=\"\" href=\"https:\/\/www.escapadarural.com\/blog\/habla-vasca-pueblo-gitano-erromintxela\/\" rel=\"bookmark\">El erromintxela: el habla vasca nacida del pueblo gitano<\/a><\/h3><div class=\"ub-block-post-grid-author\" itemprop=\"author\"><a class=\"ub-text-link\" style=\"\" href=\"https:\/\/www.escapadarural.com\/blog\/autor\/raquel\/\" itemprop=\"url\" rel=\"author\"><span itemprop=\"name\">Raquel Andr\u00e9s<\/span><\/a><\/div><time datetime=\"2026-01-10T08:55:00+01:00\" class=\"ub-block-post-grid-date\" style=\"\" itemprop=\"datePublished\">10 de enero de 2026<\/time><\/header><\/div><div class=\"ub-block-post-grid-excerpt\"><div class=\"ub-block-post-grid-excerpt-text\" style=\"\"><p>Nos acercamos al \u2018erromintxela\u2019, una mezcla entre euskera y roman\u00ed que apenas se conserva en zonas rurales del Pa\u00eds Vasco<\/p>\n<\/div><\/div><\/div><\/article>\n<article id=\"post-209843\" class=\"ub-post-grid-item post-209843 post type-post status-publish format-standard has-post-thumbnail hentry category-destinos tag-que-ver-en-a-coruna tag-que-ver-en-asturias tag-que-ver-en-avila tag-que-ver-en-badajoz tag-cabeza-la-vaca tag-que-ver-en-cantabria tag-casillas tag-espana tag-ferias-gastronomicas tag-fiestas-gastronomicas tag-gastronomia-2 tag-que-ver-en-guipuzcoa tag-listado tag-que-ver-en-malaga tag-oleiros tag-otono tag-potes tag-tineo tag-tolosa tag-totalan-2\" style=\"\"><div class=\"ub-block-post-grid-image\" style=\"\"><a href=\"https:\/\/www.escapadarural.com\/blog\/fiestas-gastronomicas-otono\/\" rel=\"bookmark\" aria-hidden=\"true\" tabindex=\"-1\"><img loading=\"lazy\" decoding=\"async\" width=\"2048\" height=\"1365\" src=\"https:\/\/www.escapadarural.com\/blog\/wp-content\/uploads\/2025\/10\/AdobeStock_1412193564_queso-scaled.webp\" class=\"attachment-full size-full\" alt=\"Feria de quesos artesanos. Por Gusta Cabrera.\" style=\"max-width: 600px; \" srcset=\"https:\/\/www.escapadarural.com\/blog\/wp-content\/uploads\/2025\/10\/AdobeStock_1412193564_queso-200x133.webp 200w, https:\/\/www.escapadarural.com\/blog\/wp-content\/uploads\/2025\/10\/AdobeStock_1412193564_queso-300x200.webp 300w, https:\/\/www.escapadarural.com\/blog\/wp-content\/uploads\/2025\/10\/AdobeStock_1412193564_queso-400x267.webp 400w, https:\/\/www.escapadarural.com\/blog\/wp-content\/uploads\/2025\/10\/AdobeStock_1412193564_queso-600x400.webp 600w, https:\/\/www.escapadarural.com\/blog\/wp-content\/uploads\/2025\/10\/AdobeStock_1412193564_queso-768x512.webp 768w, https:\/\/www.escapadarural.com\/blog\/wp-content\/uploads\/2025\/10\/AdobeStock_1412193564_queso-800x533.webp 800w, https:\/\/www.escapadarural.com\/blog\/wp-content\/uploads\/2025\/10\/AdobeStock_1412193564_queso-1024x683.webp 1024w, https:\/\/www.escapadarural.com\/blog\/wp-content\/uploads\/2025\/10\/AdobeStock_1412193564_queso-1200x800.webp 1200w, https:\/\/www.escapadarural.com\/blog\/wp-content\/uploads\/2025\/10\/AdobeStock_1412193564_queso-1536x1024.webp 1536w, https:\/\/www.escapadarural.com\/blog\/wp-content\/uploads\/2025\/10\/AdobeStock_1412193564_queso-scaled.webp 2048w\" sizes=\"auto, (max-width: 2048px) 100vw, 2048px\"><\/a><\/div><div class=\"ub-block-post-grid-text\" style=\"\"><div class=\"ub-block-post-grid-header-content\"><header class=\"ub-block-post-grid-header\"><h3 class=\"ub-block-post-grid-title\"><a style=\"\" href=\"https:\/\/www.escapadarural.com\/blog\/fiestas-gastronomicas-otono\/\" rel=\"bookmark\">7 fiestas gastron\u00f3micas de oto\u00f1o en la Espa\u00f1a rural<\/a><\/h3><div class=\"ub-block-post-grid-author\" itemprop=\"author\"><a class=\"ub-text-link\" style=\"\" href=\"https:\/\/www.escapadarural.com\/blog\/autor\/carmenlopez\/\" itemprop=\"url\" rel=\"author\"><span itemprop=\"name\">Carmen L\u00f3pez<\/span><\/a><\/div><time datetime=\"2025-10-29T08:55:00+01:00\" class=\"ub-block-post-grid-date\" style=\"\" itemprop=\"datePublished\">29 de octubre de 2025<\/time><\/header><\/div><div class=\"ub-block-post-grid-excerpt\"><div class=\"ub-block-post-grid-excerpt-text\" style=\"\"><p>El oto\u00f1o es la estaci\u00f3n de las casta\u00f1as, la miel y otros manjares. Para celebrarlo, estos pueblos organizan fiestas gastron\u00f3micas<\/p>\n<\/div><\/div><\/div><\/article>\n<\/div><\/section>","protected":false},"excerpt":{"rendered":"<p>En el coraz\u00f3n del Parque Natural de Aizkorri-Aratz, Guip\u00fazcoa, se encuentra una de las maravillas geol\u00f3gicas m\u00e1s impresionantes de Espa\u00f1a: el Ojo de Aitzulo. Esta formaci\u00f3n natural, semejante a una catedral tallada en la roca, es un t\u00fanel que atraviesa la monta\u00f1a de Orkatzategi<\/p>\n","protected":false},"author":120,"featured_media":69997,"comment_status":"open","ping_status":"open","sticky":false,"template":"","format":"standard","meta":{"_acf_changed":false,"om_disable_all_campaigns":false,"footnotes":""},"categories":[191],"tags":[227,695,3342,5582,5583,4047],"class_list":["post-69806","post","type-post","status-publish","format-standard","has-post-thumbnail","hentry","category-destinos","tag-cuevas","tag-que-ver-en-guipuzcoa","tag-montanas","tag-ojo-de-aitzulo","tag-onate","tag-rutas-pais-vasco"],"acf":[],"featured_image_src":"https:\/\/www.escapadarural.com\/blog\/wp-content\/uploads\/2024\/01\/spain-basque-country-euskadi-ojo-de-aitzulo-senior-men-enjoying-view-stockpack-adobe-stock-scaled-1.jpg","author_info":{"display_name":"Sergio Parra","author_link":"https:\/\/www.escapadarural.com\/blog\/autor\/sergio\/"},"yoast_head":"<!-- This site is optimized with the Yoast SEO plugin v27.5 - https:\/\/yoast.com\/product\/yoast-seo-wordpress\/ -->\n<title>El Ojo de Aitzulo, la catedral geol\u00f3gica del Pa\u00eds Vasco - EscapadaRural<\/title>\n<meta name=\"robots\" content=\"index, follow, max-snippet:-1, max-image-preview:large, max-video-preview:-1\" \/>\n<link rel=\"canonical\" href=\"https:\/\/www.escapadarural.com\/blog\/ruta-al-ojo-de-aitzulo-guipuzcoa\/\" \/>\n<meta property=\"og:locale\" content=\"es_ES\" \/>\n<meta property=\"og:type\" content=\"article\" \/>\n<meta property=\"og:title\" content=\"El Ojo de Aitzulo, la catedral geol\u00f3gica del Pa\u00eds Vasco - EscapadaRural\" \/>\n<meta property=\"og:description\" content=\"En el coraz\u00f3n del Parque Natural de Aizkorri-Aratz, Guip\u00fazcoa, se encuentra una de las maravillas geol\u00f3gicas m\u00e1s impresionantes de Espa\u00f1a: el Ojo de Aitzulo. Esta formaci\u00f3n natural, semejante a una catedral tallada en la roca, es un t\u00fanel que atraviesa la monta\u00f1a de Orkatzategi\" \/>\n<meta property=\"og:url\" content=\"https:\/\/www.escapadarural.com\/blog\/ruta-al-ojo-de-aitzulo-guipuzcoa\/\" \/>\n<meta property=\"og:site_name\" content=\"Magazine de viajes de EscapadaRural\" \/>\n<meta property=\"article:publisher\" content=\"https:\/\/www.facebook.com\/escapadarural\" \/>\n<meta property=\"article:published_time\" content=\"2024-01-20T10:33:05+00:00\" \/>\n<meta property=\"article:modified_time\" content=\"2025-04-25T10:04:58+00:00\" \/>\n<meta property=\"og:image\" content=\"https:\/\/www.escapadarural.com\/blog\/wp-content\/uploads\/2024\/01\/spain-basque-country-euskadi-ojo-de-aitzulo-senior-men-enjoying-view-stockpack-adobe-stock-scaled-1.jpg\" \/>\n\t<meta property=\"og:image:width\" content=\"2048\" \/>\n\t<meta property=\"og:image:height\" content=\"1536\" \/>\n\t<meta property=\"og:image:type\" content=\"image\/jpeg\" \/>\n<meta name=\"author\" content=\"Sergio Parra\" \/>\n<meta name=\"twitter:card\" content=\"summary_large_image\" \/>\n<meta name=\"twitter:label1\" content=\"Escrito por\" \/>\n\t<meta name=\"twitter:data1\" content=\"Sergio Parra\" \/>\n\t<meta name=\"twitter:label2\" content=\"Tiempo de lectura\" \/>\n\t<meta name=\"twitter:data2\" content=\"6 minutos\" \/>\n<script type=\"application\/ld+json\" class=\"yoast-schema-graph\">{\"@context\":\"https:\\\/\\\/schema.org\",\"@graph\":[{\"@type\":\"Article\",\"@id\":\"https:\\\/\\\/www.escapadarural.com\\\/blog\\\/ruta-al-ojo-de-aitzulo-guipuzcoa\\\/#article\",\"isPartOf\":{\"@id\":\"https:\\\/\\\/www.escapadarural.com\\\/blog\\\/ruta-al-ojo-de-aitzulo-guipuzcoa\\\/\"},\"author\":{\"name\":\"Sergio Parra\",\"@id\":\"https:\\\/\\\/www.escapadarural.com\\\/blog\\\/#\\\/schema\\\/person\\\/b19b2221b2fc03d3ab5ec82d81f7a678\"},\"headline\":\"El Ojo de Aitzulo, la catedral geol\u00f3gica del Pa\u00eds Vasco\",\"datePublished\":\"2024-01-20T10:33:05+00:00\",\"dateModified\":\"2025-04-25T10:04:58+00:00\",\"mainEntityOfPage\":{\"@id\":\"https:\\\/\\\/www.escapadarural.com\\\/blog\\\/ruta-al-ojo-de-aitzulo-guipuzcoa\\\/\"},\"wordCount\":973,\"commentCount\":1,\"publisher\":{\"@id\":\"https:\\\/\\\/www.escapadarural.com\\\/blog\\\/#organization\"},\"image\":{\"@id\":\"https:\\\/\\\/www.escapadarural.com\\\/blog\\\/ruta-al-ojo-de-aitzulo-guipuzcoa\\\/#primaryimage\"},\"thumbnailUrl\":\"https:\\\/\\\/www.escapadarural.com\\\/blog\\\/wp-content\\\/uploads\\\/2024\\\/01\\\/spain-basque-country-euskadi-ojo-de-aitzulo-senior-men-enjoying-view-stockpack-adobe-stock-scaled-1.jpg\",\"keywords\":[\"cuevas\",\"Guip\u00fazcoa\",\"Monta\u00f1as\",\"Ojo de Aitzulo\",\"O\u00f1ate\",\"Rutas en el Pa\u00eds Vasco\"],\"articleSection\":[\"Destinos\"],\"inLanguage\":\"es\",\"potentialAction\":[{\"@type\":\"CommentAction\",\"name\":\"Comment\",\"target\":[\"https:\\\/\\\/www.escapadarural.com\\\/blog\\\/ruta-al-ojo-de-aitzulo-guipuzcoa\\\/#respond\"]}]},{\"@type\":\"WebPage\",\"@id\":\"https:\\\/\\\/www.escapadarural.com\\\/blog\\\/ruta-al-ojo-de-aitzulo-guipuzcoa\\\/\",\"url\":\"https:\\\/\\\/www.escapadarural.com\\\/blog\\\/ruta-al-ojo-de-aitzulo-guipuzcoa\\\/\",\"name\":\"El Ojo de Aitzulo, la catedral geol\u00f3gica del Pa\u00eds Vasco - EscapadaRural\",\"isPartOf\":{\"@id\":\"https:\\\/\\\/www.escapadarural.com\\\/blog\\\/#website\"},\"primaryImageOfPage\":{\"@id\":\"https:\\\/\\\/www.escapadarural.com\\\/blog\\\/ruta-al-ojo-de-aitzulo-guipuzcoa\\\/#primaryimage\"},\"image\":{\"@id\":\"https:\\\/\\\/www.escapadarural.com\\\/blog\\\/ruta-al-ojo-de-aitzulo-guipuzcoa\\\/#primaryimage\"},\"thumbnailUrl\":\"https:\\\/\\\/www.escapadarural.com\\\/blog\\\/wp-content\\\/uploads\\\/2024\\\/01\\\/spain-basque-country-euskadi-ojo-de-aitzulo-senior-men-enjoying-view-stockpack-adobe-stock-scaled-1.jpg\",\"datePublished\":\"2024-01-20T10:33:05+00:00\",\"dateModified\":\"2025-04-25T10:04:58+00:00\",\"breadcrumb\":{\"@id\":\"https:\\\/\\\/www.escapadarural.com\\\/blog\\\/ruta-al-ojo-de-aitzulo-guipuzcoa\\\/#breadcrumb\"},\"inLanguage\":\"es\",\"potentialAction\":[{\"@type\":\"ReadAction\",\"target\":[\"https:\\\/\\\/www.escapadarural.com\\\/blog\\\/ruta-al-ojo-de-aitzulo-guipuzcoa\\\/\"]}]},{\"@type\":\"ImageObject\",\"inLanguage\":\"es\",\"@id\":\"https:\\\/\\\/www.escapadarural.com\\\/blog\\\/ruta-al-ojo-de-aitzulo-guipuzcoa\\\/#primaryimage\",\"url\":\"https:\\\/\\\/www.escapadarural.com\\\/blog\\\/wp-content\\\/uploads\\\/2024\\\/01\\\/spain-basque-country-euskadi-ojo-de-aitzulo-senior-men-enjoying-view-stockpack-adobe-stock-scaled-1.jpg\",\"contentUrl\":\"https:\\\/\\\/www.escapadarural.com\\\/blog\\\/wp-content\\\/uploads\\\/2024\\\/01\\\/spain-basque-country-euskadi-ojo-de-aitzulo-senior-men-enjoying-view-stockpack-adobe-stock-scaled-1.jpg\",\"width\":2048,\"height\":1536,\"caption\":\"Ojo de Aitzulo. Por tunedin\"},{\"@type\":\"BreadcrumbList\",\"@id\":\"https:\\\/\\\/www.escapadarural.com\\\/blog\\\/ruta-al-ojo-de-aitzulo-guipuzcoa\\\/#breadcrumb\",\"itemListElement\":[{\"@type\":\"ListItem\",\"position\":1,\"name\":\"Inicio\",\"item\":\"https:\\\/\\\/www.escapadarural.com\\\/blog\\\/\"},{\"@type\":\"ListItem\",\"position\":2,\"name\":\"Destinos\",\"item\":\"https:\\\/\\\/www.escapadarural.com\\\/blog\\\/categoria\\\/destinos\\\/\"},{\"@type\":\"ListItem\",\"position\":3,\"name\":\"El Ojo de Aitzulo, la catedral geol\u00f3gica del Pa\u00eds Vasco\"}]},{\"@type\":\"WebSite\",\"@id\":\"https:\\\/\\\/www.escapadarural.com\\\/blog\\\/#website\",\"url\":\"https:\\\/\\\/www.escapadarural.com\\\/blog\\\/\",\"name\":\"Blog de viajes | turismo rural, alojamientos e inspiraci\u00f3n\",\"description\":\"Alojamientos rurales e inspiraci\u00f3n para tus escapadas\",\"publisher\":{\"@id\":\"https:\\\/\\\/www.escapadarural.com\\\/blog\\\/#organization\"},\"alternateName\":\"Magazine de viajes de EscapadaRural\",\"potentialAction\":[{\"@type\":\"SearchAction\",\"target\":{\"@type\":\"EntryPoint\",\"urlTemplate\":\"https:\\\/\\\/www.escapadarural.com\\\/blog\\\/?s={search_term_string}\"},\"query-input\":{\"@type\":\"PropertyValueSpecification\",\"valueRequired\":true,\"valueName\":\"search_term_string\"}}],\"inLanguage\":\"es\"},{\"@type\":\"Organization\",\"@id\":\"https:\\\/\\\/www.escapadarural.com\\\/blog\\\/#organization\",\"name\":\"EscapadaRural\",\"url\":\"https:\\\/\\\/www.escapadarural.com\\\/blog\\\/\",\"logo\":{\"@type\":\"ImageObject\",\"inLanguage\":\"es\",\"@id\":\"https:\\\/\\\/www.escapadarural.com\\\/blog\\\/#\\\/schema\\\/logo\\\/image\\\/\",\"url\":\"https:\\\/\\\/www.escapadarural.com\\\/blog\\\/wp-content\\\/uploads\\\/2024\\\/10\\\/cropped-cropped-escapada-rural-icon-mag-3.png\",\"contentUrl\":\"https:\\\/\\\/www.escapadarural.com\\\/blog\\\/wp-content\\\/uploads\\\/2024\\\/10\\\/cropped-cropped-escapada-rural-icon-mag-3.png\",\"width\":512,\"height\":512,\"caption\":\"EscapadaRural\"},\"image\":{\"@id\":\"https:\\\/\\\/www.escapadarural.com\\\/blog\\\/#\\\/schema\\\/logo\\\/image\\\/\"},\"sameAs\":[\"https:\\\/\\\/www.facebook.com\\\/escapadarural\",\"https:\\\/\\\/www.instagram.com\\\/escapadarural\\\/\",\"https:\\\/\\\/www.youtube.com\\\/@escapadaruralcom\"]},{\"@type\":\"Person\",\"@id\":\"https:\\\/\\\/www.escapadarural.com\\\/blog\\\/#\\\/schema\\\/person\\\/b19b2221b2fc03d3ab5ec82d81f7a678\",\"name\":\"Sergio Parra\",\"image\":{\"@type\":\"ImageObject\",\"inLanguage\":\"es\",\"@id\":\"https:\\\/\\\/www.escapadarural.com\\\/blog\\\/wp-content\\\/uploads\\\/2025\\\/02\\\/cropped-sergio_parra.webp\",\"url\":\"https:\\\/\\\/www.escapadarural.com\\\/blog\\\/wp-content\\\/uploads\\\/2025\\\/02\\\/cropped-sergio_parra.webp\",\"contentUrl\":\"https:\\\/\\\/www.escapadarural.com\\\/blog\\\/wp-content\\\/uploads\\\/2025\\\/02\\\/cropped-sergio_parra.webp\",\"caption\":\"Sergio Parra\"},\"description\":\"Juntaletras, divulgador y alfanum\u00e9rico vocacional. Siempre a la caza de historias que iluminen el camino y de ense\u00f1anzas que permitan capturar lo que te salga al paso. Escribo en Yorokobu, Jot Down y Muy Interesante, y soy editor de Xataka Ciencia y Diario del Viajero. Cuando necesito recogimiento, escribo libros. Cuando me siento extrovertido, salgo en el canal de YouTube Optirrealismo o el podcast Xanad\u00fa: Hearst &amp; Kane. Cuando busco perspectiva, me marcho lejos en bicicleta.\",\"sameAs\":[\"https:\\\/\\\/about.me\\\/sergioparra\",\"https:\\\/\\\/www.instagram.com\\\/melvinud\\\/\"],\"url\":\"https:\\\/\\\/www.escapadarural.com\\\/blog\\\/autor\\\/sergio\\\/\"}]}<\/script>\n<!-- \/ Yoast SEO plugin. -->","yoast_head_json":{"title":"El Ojo de Aitzulo, la catedral geol\u00f3gica del Pa\u00eds Vasco - EscapadaRural","robots":{"index":"index","follow":"follow","max-snippet":"max-snippet:-1","max-image-preview":"max-image-preview:large","max-video-preview":"max-video-preview:-1"},"canonical":"https:\/\/www.escapadarural.com\/blog\/ruta-al-ojo-de-aitzulo-guipuzcoa\/","og_locale":"es_ES","og_type":"article","og_title":"El Ojo de Aitzulo, la catedral geol\u00f3gica del Pa\u00eds Vasco - EscapadaRural","og_description":"En el coraz\u00f3n del Parque Natural de Aizkorri-Aratz, Guip\u00fazcoa, se encuentra una de las maravillas geol\u00f3gicas m\u00e1s impresionantes de Espa\u00f1a: el Ojo de Aitzulo. Esta formaci\u00f3n natural, semejante a una catedral tallada en la roca, es un t\u00fanel que atraviesa la monta\u00f1a de Orkatzategi","og_url":"https:\/\/www.escapadarural.com\/blog\/ruta-al-ojo-de-aitzulo-guipuzcoa\/","og_site_name":"Magazine de viajes de EscapadaRural","article_publisher":"https:\/\/www.facebook.com\/escapadarural","article_published_time":"2024-01-20T10:33:05+00:00","article_modified_time":"2025-04-25T10:04:58+00:00","og_image":[{"width":2048,"height":1536,"url":"https:\/\/www.escapadarural.com\/blog\/wp-content\/uploads\/2024\/01\/spain-basque-country-euskadi-ojo-de-aitzulo-senior-men-enjoying-view-stockpack-adobe-stock-scaled-1.jpg","type":"image\/jpeg"}],"author":"Sergio Parra","twitter_card":"summary_large_image","twitter_misc":{"Escrito por":"Sergio Parra","Tiempo de lectura":"6 minutos"},"schema":{"@context":"https:\/\/schema.org","@graph":[{"@type":"Article","@id":"https:\/\/www.escapadarural.com\/blog\/ruta-al-ojo-de-aitzulo-guipuzcoa\/#article","isPartOf":{"@id":"https:\/\/www.escapadarural.com\/blog\/ruta-al-ojo-de-aitzulo-guipuzcoa\/"},"author":{"name":"Sergio Parra","@id":"https:\/\/www.escapadarural.com\/blog\/#\/schema\/person\/b19b2221b2fc03d3ab5ec82d81f7a678"},"headline":"El Ojo de Aitzulo, la catedral geol\u00f3gica del Pa\u00eds Vasco","datePublished":"2024-01-20T10:33:05+00:00","dateModified":"2025-04-25T10:04:58+00:00","mainEntityOfPage":{"@id":"https:\/\/www.escapadarural.com\/blog\/ruta-al-ojo-de-aitzulo-guipuzcoa\/"},"wordCount":973,"commentCount":1,"publisher":{"@id":"https:\/\/www.escapadarural.com\/blog\/#organization"},"image":{"@id":"https:\/\/www.escapadarural.com\/blog\/ruta-al-ojo-de-aitzulo-guipuzcoa\/#primaryimage"},"thumbnailUrl":"https:\/\/www.escapadarural.com\/blog\/wp-content\/uploads\/2024\/01\/spain-basque-country-euskadi-ojo-de-aitzulo-senior-men-enjoying-view-stockpack-adobe-stock-scaled-1.jpg","keywords":["cuevas","Guip\u00fazcoa","Monta\u00f1as","Ojo de Aitzulo","O\u00f1ate","Rutas en el Pa\u00eds Vasco"],"articleSection":["Destinos"],"inLanguage":"es","potentialAction":[{"@type":"CommentAction","name":"Comment","target":["https:\/\/www.escapadarural.com\/blog\/ruta-al-ojo-de-aitzulo-guipuzcoa\/#respond"]}]},{"@type":"WebPage","@id":"https:\/\/www.escapadarural.com\/blog\/ruta-al-ojo-de-aitzulo-guipuzcoa\/","url":"https:\/\/www.escapadarural.com\/blog\/ruta-al-ojo-de-aitzulo-guipuzcoa\/","name":"El Ojo de Aitzulo, la catedral geol\u00f3gica del Pa\u00eds Vasco - EscapadaRural","isPartOf":{"@id":"https:\/\/www.escapadarural.com\/blog\/#website"},"primaryImageOfPage":{"@id":"https:\/\/www.escapadarural.com\/blog\/ruta-al-ojo-de-aitzulo-guipuzcoa\/#primaryimage"},"image":{"@id":"https:\/\/www.escapadarural.com\/blog\/ruta-al-ojo-de-aitzulo-guipuzcoa\/#primaryimage"},"thumbnailUrl":"https:\/\/www.escapadarural.com\/blog\/wp-content\/uploads\/2024\/01\/spain-basque-country-euskadi-ojo-de-aitzulo-senior-men-enjoying-view-stockpack-adobe-stock-scaled-1.jpg","datePublished":"2024-01-20T10:33:05+00:00","dateModified":"2025-04-25T10:04:58+00:00","breadcrumb":{"@id":"https:\/\/www.escapadarural.com\/blog\/ruta-al-ojo-de-aitzulo-guipuzcoa\/#breadcrumb"},"inLanguage":"es","potentialAction":[{"@type":"ReadAction","target":["https:\/\/www.escapadarural.com\/blog\/ruta-al-ojo-de-aitzulo-guipuzcoa\/"]}]},{"@type":"ImageObject","inLanguage":"es","@id":"https:\/\/www.escapadarural.com\/blog\/ruta-al-ojo-de-aitzulo-guipuzcoa\/#primaryimage","url":"https:\/\/www.escapadarural.com\/blog\/wp-content\/uploads\/2024\/01\/spain-basque-country-euskadi-ojo-de-aitzulo-senior-men-enjoying-view-stockpack-adobe-stock-scaled-1.jpg","contentUrl":"https:\/\/www.escapadarural.com\/blog\/wp-content\/uploads\/2024\/01\/spain-basque-country-euskadi-ojo-de-aitzulo-senior-men-enjoying-view-stockpack-adobe-stock-scaled-1.jpg","width":2048,"height":1536,"caption":"Ojo de Aitzulo. Por tunedin"},{"@type":"BreadcrumbList","@id":"https:\/\/www.escapadarural.com\/blog\/ruta-al-ojo-de-aitzulo-guipuzcoa\/#breadcrumb","itemListElement":[{"@type":"ListItem","position":1,"name":"Inicio","item":"https:\/\/www.escapadarural.com\/blog\/"},{"@type":"ListItem","position":2,"name":"Destinos","item":"https:\/\/www.escapadarural.com\/blog\/categoria\/destinos\/"},{"@type":"ListItem","position":3,"name":"El Ojo de Aitzulo, la catedral geol\u00f3gica del Pa\u00eds Vasco"}]},{"@type":"WebSite","@id":"https:\/\/www.escapadarural.com\/blog\/#website","url":"https:\/\/www.escapadarural.com\/blog\/","name":"Blog de viajes | turismo rural, alojamientos e inspiraci\u00f3n","description":"Alojamientos rurales e inspiraci\u00f3n para tus escapadas","publisher":{"@id":"https:\/\/www.escapadarural.com\/blog\/#organization"},"alternateName":"Magazine de viajes de EscapadaRural","potentialAction":[{"@type":"SearchAction","target":{"@type":"EntryPoint","urlTemplate":"https:\/\/www.escapadarural.com\/blog\/?s={search_term_string}"},"query-input":{"@type":"PropertyValueSpecification","valueRequired":true,"valueName":"search_term_string"}}],"inLanguage":"es"},{"@type":"Organization","@id":"https:\/\/www.escapadarural.com\/blog\/#organization","name":"EscapadaRural","url":"https:\/\/www.escapadarural.com\/blog\/","logo":{"@type":"ImageObject","inLanguage":"es","@id":"https:\/\/www.escapadarural.com\/blog\/#\/schema\/logo\/image\/","url":"https:\/\/www.escapadarural.com\/blog\/wp-content\/uploads\/2024\/10\/cropped-cropped-escapada-rural-icon-mag-3.png","contentUrl":"https:\/\/www.escapadarural.com\/blog\/wp-content\/uploads\/2024\/10\/cropped-cropped-escapada-rural-icon-mag-3.png","width":512,"height":512,"caption":"EscapadaRural"},"image":{"@id":"https:\/\/www.escapadarural.com\/blog\/#\/schema\/logo\/image\/"},"sameAs":["https:\/\/www.facebook.com\/escapadarural","https:\/\/www.instagram.com\/escapadarural\/","https:\/\/www.youtube.com\/@escapadaruralcom"]},{"@type":"Person","@id":"https:\/\/www.escapadarural.com\/blog\/#\/schema\/person\/b19b2221b2fc03d3ab5ec82d81f7a678","name":"Sergio Parra","image":{"@type":"ImageObject","inLanguage":"es","@id":"https:\/\/www.escapadarural.com\/blog\/wp-content\/uploads\/2025\/02\/cropped-sergio_parra.webp","url":"https:\/\/www.escapadarural.com\/blog\/wp-content\/uploads\/2025\/02\/cropped-sergio_parra.webp","contentUrl":"https:\/\/www.escapadarural.com\/blog\/wp-content\/uploads\/2025\/02\/cropped-sergio_parra.webp","caption":"Sergio Parra"},"description":"Juntaletras, divulgador y alfanum\u00e9rico vocacional. Siempre a la caza de historias que iluminen el camino y de ense\u00f1anzas que permitan capturar lo que te salga al paso. Escribo en Yorokobu, Jot Down y Muy Interesante, y soy editor de Xataka Ciencia y Diario del Viajero. Cuando necesito recogimiento, escribo libros. Cuando me siento extrovertido, salgo en el canal de YouTube Optirrealismo o el podcast Xanad\u00fa: Hearst &amp; Kane. Cuando busco perspectiva, me marcho lejos en bicicleta.","sameAs":["https:\/\/about.me\/sergioparra","https:\/\/www.instagram.com\/melvinud\/"],"url":"https:\/\/www.escapadarural.com\/blog\/autor\/sergio\/"}]}},"_links":{"self":[{"href":"https:\/\/www.escapadarural.com\/blog\/wp-json\/wp\/v2\/posts\/69806","targetHints":{"allow":["GET"]}}],"collection":[{"href":"https:\/\/www.escapadarural.com\/blog\/wp-json\/wp\/v2\/posts"}],"about":[{"href":"https:\/\/www.escapadarural.com\/blog\/wp-json\/wp\/v2\/types\/post"}],"author":[{"embeddable":true,"href":"https:\/\/www.escapadarural.com\/blog\/wp-json\/wp\/v2\/users\/120"}],"replies":[{"embeddable":true,"href":"https:\/\/www.escapadarural.com\/blog\/wp-json\/wp\/v2\/comments?post=69806"}],"version-history":[{"count":0,"href":"https:\/\/www.escapadarural.com\/blog\/wp-json\/wp\/v2\/posts\/69806\/revisions"}],"wp:featuredmedia":[{"embeddable":true,"href":"https:\/\/www.escapadarural.com\/blog\/wp-json\/wp\/v2\/media\/69997"}],"wp:attachment":[{"href":"https:\/\/www.escapadarural.com\/blog\/wp-json\/wp\/v2\/media?parent=69806"}],"wp:term":[{"taxonomy":"category","embeddable":true,"href":"https:\/\/www.escapadarural.com\/blog\/wp-json\/wp\/v2\/categories?post=69806"},{"taxonomy":"post_tag","embeddable":true,"href":"https:\/\/www.escapadarural.com\/blog\/wp-json\/wp\/v2\/tags?post=69806"}],"curies":[{"name":"wp","href":"https:\/\/api.w.org\/{rel}","templated":true}]}}