{"id":69947,"date":"2024-01-30T08:00:00","date_gmt":"2024-01-30T07:00:00","guid":{"rendered":"https:\/\/www.escapadarural.com\/blog\/?p=69947"},"modified":"2025-04-24T16:15:01","modified_gmt":"2025-04-24T14:15:01","slug":"virxe-do-porto","status":"publish","type":"post","link":"https:\/\/www.escapadarural.com\/blog\/virxe-do-porto\/","title":{"rendered":"Virxe do Porto, la ermita situada en un pe\u00f1\u00f3n en el mar"},"content":{"rendered":"\n<figure class=\"wp-block-image size-large\"><a href=\"https:\/\/www.escapadarural.com\/blog\/wp-content\/uploads\/a-long-exposure-of-the-ermida-da-virxe-do-porto-stockpack-adobe-stock-scaled.jpg\"><img decoding=\"async\" src=\"https:\/\/www.escapadarural.com\/blog\/wp-content\/uploads\/2024\/10\/a-long-exposure-of-the-ermida-da-virxe-do-porto-stockpack-adobe-stock-1024x683-1.jpg\" alt=\"Ermida da Virxe do Porto\" class=\"wp-image-70243\"\/><\/a><figcaption class=\"wp-element-caption\">Ermida da Virxe do Porto. Por Helen Hotson<\/figcaption><\/figure>\n\n\n\n<p>A quienes han crecido cerca de los lugares donde ocurre puede parecerles muy extra\u00f1o que haya gente que desconoce que las <strong>mareas<\/strong> pueden tener un recorrido muy amplio. En mares como el Cant\u00e1brico, la <a href=\"https:\/\/federacion-andaluza-motonautica.es\/federacion-andaluza-motonautica-es-que-es-pleamar-bajamar\/\" target=\"_blank\">pleamar<\/a> y la bajamar se encuentran a muchos metros de distancia, tanta que la arena de algunas playas pr\u00e1cticamente desaparece cuando el agua alcanza su meta de subida. Muchos lugare\u00f1os se divierten cada verano al ver c\u00f3mo los turistas recogen r\u00e1pidamente \u2013pero generalmente no en silencio\u2013 sus enseres al llevarse la sorpresa de que la orilla ahora est\u00e1 situada en su toalla y no a lo lejos como cuando se sentaron. M\u00e1s de una chancla o un bocadillo han aprendido a hacer surf por ese motivo.<\/p>\n\n\n\n<p>Este fen\u00f3meno es el que explica que la capilla de Nosa Se\u00f1ora do Porto, Nosa Se\u00f1ora do Mar o Virxe do Porto, situada en la parroquia de <a href=\"https:\/\/www.escapadarural.com\/casas-rurales\/meiras-sada\">Meir\u00e1s<\/a> (<a href=\"https:\/\/www.escapadarural.com\/casas-rurales\/a-coruna\">A Coru\u00f1a<\/a>), solo reciba visitas a pie cuando hay marea baja. A modo de portero de discoteca o de guardia de un palacio real, el oc\u00e9ano Atl\u00e1ntico abre el camino a la pe\u00f1a en la que se erigi\u00f3 esta ermita de color blanco que surgi\u00f3 de una leyenda (algo bastante habitual en este tipo de templos). <\/p>\n\n\n\n<p>Por lo que <strong>se cuenta<\/strong>, unos marineros encontraron una imagen de la virgen en el agua y decidieron llevarla a tierra para que no se perdiese. Pero, al d\u00eda siguiente, la mencionada imagen volv\u00eda a estar de nuevo en el mar, as\u00ed que los marinos tomaron una determinaci\u00f3n: levantar una capilla en la roca para proteger a la Virxe do Porto.<\/p>\n\n\n\n<figure class=\"wp-block-image size-large\"><a href=\"https:\/\/www.escapadarural.com\/blog\/wp-content\/uploads\/beautiful-view-of-the-church-virxe-do-porto-hermitage-by-the-seashore-in-galicia-spain-stockpack-adobe-stock-scaled.jpg\"><img decoding=\"async\" src=\"https:\/\/www.escapadarural.com\/blog\/wp-content\/uploads\/2024\/10\/beautiful-view-of-the-church-virxe-do-porto-hermitage-by-the-seashore-in-galicia-spain-stockpack-adobe-stock-1024x937-1.jpg\" alt=\"Virxe do Porto\" class=\"wp-image-70245\"\/><\/a><figcaption class=\"wp-element-caption\">Virxe do Porto. Por David Garcia Eirin\/Wirestock<\/figcaption><\/figure>\n\n\n\n<p>Cada <strong>11 de julio<\/strong> se celebra una romer\u00eda en su honor que re\u00fane a mucha gente que incluso se desplaza de todos los puntos de la comarca de Valdovi\u00f1o y desde fuera de Galicia. <\/p>\n\n\n\n<p>M\u00e1s all\u00e1 de la devoci\u00f3n que se profese a la virgen, lo cierto es que la capilla est\u00e1 situada en un lugar que merece la pena visitar. Desde all\u00ed se puede observar el <strong>faro de Punta Frouxeira<\/strong> y cerca de ella se encuentra, por ejemplo, una de las playas gallegas m\u00e1s conocidas: <a href=\"https:\/\/www.escapadarural.com\/blog\/costa-de-ferrolterra-valdovino-el-rincon-gallego-donde-reposan-las-aves\/\">A Frouxeira<\/a>. Es famosa, adem\u00e1s de por su belleza, por los supuestos poderes curativos de sus aguas y cada d\u00eda, cuando la meteorolog\u00eda lo permite, se puede ver a personas paseando por su orilla de tres kil\u00f3metros. Los caminantes comparten espacio con los surfistas que tambi\u00e9n disfrutan de las olas aunque quiz\u00e1 no tanto de la temperatura marina.<\/p>\n\n\n\n<p><strong>Un secreto de lo m\u00e1s natural<\/strong><\/p>\n\n\n\n<figure class=\"wp-block-image size-large\"><a href=\"https:\/\/www.escapadarural.com\/blog\/wp-content\/uploads\/vertical-shot-of-virxe-do-porto-hermitage-valdovino-galicia-spain-stockpack-adobe-stock-scaled.jpg\"><img decoding=\"async\" src=\"https:\/\/www.escapadarural.com\/blog\/wp-content\/uploads\/2024\/10\/vertical-shot-of-virxe-do-porto-hermitage-valdovino-galicia-spain-stockpack-adobe-stock-683x1024-1.jpg\" alt=\"Virxe do Porto\" class=\"wp-image-70247\"\/><\/a><figcaption class=\"wp-element-caption\">Por D.G.Eirin<\/figcaption><\/figure>\n\n\n\n<p>La Virxe do Porto reside al lado del <strong>Espacio Natural Laguna y Arenal de Valdovi\u00f1o<\/strong>, tambi\u00e9n conocido como la laguna de la Frouxeira. Este humedal de 1.700 metros de largo y 500 de ancho se encuentra al lado, pero separada por una gran duna, de la playa a la que tambi\u00e9n da nombre y obtuvo el t\u00edtulo de Espacio Natural Protegido en 2003.&nbsp;<\/p>\n\n\n\n<p>En la laguna confluyen las aguas fluviales de los arroyos del Vilar y Castro y desemboca en el mar: esta peculiaridad hace que la flora y la fauna que habitan en ella sean de gran inter\u00e9s medioambiental. Su profundidad no supera el metro y medio salvo en algunos puntos concretos como el Pozo do Cura.&nbsp;<\/p>\n\n\n\n<p>Seg\u00fan la <a href=\"https:\/\/www.concellodevaldovino.com\/arquivo\/?q=es\/node\/426\" target=\"_blank\">informaci\u00f3n<\/a> del concello de Valdovi\u00f1o, su <strong>origen<\/strong> puede remontarse a \u00e9pocas anteriores en las que el clima era seco y \u00e1rido como \u201clos per\u00edodos interglaciares, en las que la formaci\u00f3n de una barra de arena habr\u00eda separado del mar la superficie actual de la laguna. La protecci\u00f3n del sistema dunar y la transici\u00f3n a climas m\u00e1s templados habr\u00edan favorecido la colonizaci\u00f3n progresiva de la laguna y de las propias dunas por la vegetaci\u00f3n\u201d.<\/p>\n\n\n\n<figure class=\"wp-block-image size-large\"><a href=\"https:\/\/www.escapadarural.com\/blog\/wp-content\/uploads\/virxe-do-porto-valdovino-hermitage-and-punta-frouxeira-lighthouse-with-the-cliffs-in-the-rias-altas-touristic-area-of-galicia-at-sunset-meiras-spain-stockpack-adobe-stock-scaled.jpg\"><img decoding=\"async\" src=\"https:\/\/www.escapadarural.com\/blog\/wp-content\/uploads\/2024\/10\/virxe-do-porto-valdovino-hermitage-and-punta-frouxeira-lighthouse-with-the-cliffs-in-the-rias-altas-touristic-area-of-galicia-at-sunset-meiras-spain-stockpack-adobe-stock-1024x683-1.jpg\" alt=\"Ermita de la Virxe do Porto y faro de Punta Frouxeira al fondo\" class=\"wp-image-70248\"\/><\/a><figcaption class=\"wp-element-caption\">Ermita de la Virxe do Porto y faro de Punta Frouxeira al fondo. Por JoseLuis<\/figcaption><\/figure>\n\n\n\n<p>Los aficionados a la <strong>ornitolog\u00eda<\/strong> tienen en este espacio natural un para\u00edso, ya que es un punto habitual de reuni\u00f3n de aves, tanto permanentes como migratorias. Las segundas hacen su parada all\u00ed en su viaje hacia el calor cuando tienen el viento en contra y se han llegado a contabilizar hasta 5.000 ejemplares a la vez. Entre otras especies se pueden ver gaviotas reidoras, \u00e1nades reales, garzas imperiales, cercetas comunes o cuervos marinos y muchas m\u00e1s.<\/p>\n\n\n\n<p>Asimismo, tambi\u00e9n hay reptiles como culebras, lagartijas, lagartos o <strong>v\u00edboras de Seoane<\/strong>;&nbsp; anfibios como sapos, salamandras o ranas de San Antonio y peces como rodaballos o anguilas. Con un poco de suerte se puede avistar alguna <strong>nutria<\/strong> chapoteando felizmente e incluso a alg\u00fan jabal\u00ed que haya bajado de su monte para acercar el hocico a las aguas y sus habitantes potencialmente comestibles.&nbsp;<\/p>\n\n\n\n<p>En cuanto a la flora, como dicen desde el concello: \u201cel <strong><a href=\"https:\/\/www.escapadarural.com\/blog\/el-ultimo-habitante-de-la-isla-de-buda\/\" data-type=\"link\" data-id=\"https:\/\/www.escapadarural.com\/blog\/el-ultimo-habitante-de-la-isla-de-buda\/\">intercambio de aguas<\/a><\/strong> saladas y dulces limita la diversidad vegetal. Parad\u00f3jicamente, a pesar de la alta humedad ambiental las plantas se ven sometidas a la fuerte acci\u00f3n deshidratante del mar, que combaten con adaptaciones como hojas carnosas, escasos tama\u00f1os, etc.\u201d. Sobre todo se pueden observar musgos, l\u00edquenes y juncos espigados, entre otros.&nbsp;<\/p>\n\n\n\n<p>La acci\u00f3n humana \u2013incluidas desgracias ambientales como la del Prestige\u2013 han puesto y pone <strong>en peligro la biodiversidad<\/strong> de esta zona, por lo que es muy importante mostrarle respeto. Como lo har\u00eda cualquier creyente a la Virxe do Porto en un d\u00eda de marea baja.&nbsp;<\/p>\n\n\n\n<div class=\"wp-block-buttons is-layout-flex wp-block-buttons-is-layout-flex\">\n<div class=\"wp-block-button\"><a class=\"wp-block-button__link wp-element-button\" href=\"https:\/\/www.escapadarural.com\/casas-rurales\/meiras-sada\">Casas rurales en Meir\u00e1s (A Coru\u00f1a)<\/a><\/div>\n<\/div>\n","protected":false},"excerpt":{"rendered":"<p>La ermita de la Virxe do Porto (A Coru\u00f1a), solo recibe visitas a pie cuando hay marea baja&#8230;<\/p>\n","protected":false},"author":114,"featured_media":70243,"comment_status":"open","ping_status":"open","sticky":false,"template":"","format":"standard","meta":{"_acf_changed":false,"om_disable_all_campaigns":false,"footnotes":""},"categories":[191],"tags":[241,1679,3717,5603,468,5604,5534,5605,5606,5607,5608,2064,2142,5609],"class_list":["post-69947","post","type-post","status-publish","format-standard","has-post-thumbnail","hentry","category-destinos","tag-que-ver-en-a-coruna","tag-ermita","tag-ermitas","tag-espacio-natural-laguna-y-arenal-de-valdovino","tag-que-ver-en-galicia","tag-laguna-a-frouxeira","tag-lo-mas-leido-en-febrero","tag-meiras","tag-nosa-senora-do-porto","tag-pena","tag-playa-a-frouxeira","tag-turismo-ornitologico","tag-valdovino","tag-virxe-do-porto"],"acf":[],"featured_image_src":"https:\/\/www.escapadarural.com\/blog\/wp-content\/uploads\/2024\/01\/a-long-exposure-of-the-ermida-da-virxe-do-porto-stockpack-adobe-stock-scaled-1.jpg","author_info":{"display_name":"Carmen L\u00f3pez","author_link":"https:\/\/www.escapadarural.com\/blog\/autor\/carmenlopez\/"},"yoast_head":"<!-- This site is optimized with the Yoast SEO plugin v27.5 - https:\/\/yoast.com\/product\/yoast-seo-wordpress\/ -->\n<title>Virxe do Porto, la ermita situada en un pe\u00f1\u00f3n en el mar - EscapadaRural<\/title>\n<meta name=\"robots\" content=\"index, follow, max-snippet:-1, max-image-preview:large, max-video-preview:-1\" \/>\n<link rel=\"canonical\" href=\"https:\/\/www.escapadarural.com\/blog\/virxe-do-porto\/\" \/>\n<meta property=\"og:locale\" content=\"es_ES\" \/>\n<meta property=\"og:type\" content=\"article\" \/>\n<meta property=\"og:title\" content=\"Virxe do Porto, la ermita situada en un pe\u00f1\u00f3n en el mar - EscapadaRural\" \/>\n<meta property=\"og:description\" content=\"La ermita de la Virxe do Porto (A Coru\u00f1a), solo recibe visitas a pie cuando hay marea baja...\" \/>\n<meta property=\"og:url\" content=\"https:\/\/www.escapadarural.com\/blog\/virxe-do-porto\/\" \/>\n<meta property=\"og:site_name\" content=\"Magazine de viajes de EscapadaRural\" \/>\n<meta property=\"article:publisher\" content=\"https:\/\/www.facebook.com\/escapadarural\" \/>\n<meta property=\"article:published_time\" content=\"2024-01-30T07:00:00+00:00\" \/>\n<meta property=\"article:modified_time\" content=\"2025-04-24T14:15:01+00:00\" \/>\n<meta property=\"og:image\" content=\"https:\/\/www.escapadarural.com\/blog\/wp-content\/uploads\/2024\/01\/a-long-exposure-of-the-ermida-da-virxe-do-porto-stockpack-adobe-stock-scaled-1.jpg\" \/>\n\t<meta property=\"og:image:width\" content=\"2048\" \/>\n\t<meta property=\"og:image:height\" content=\"1367\" \/>\n\t<meta property=\"og:image:type\" content=\"image\/jpeg\" \/>\n<meta name=\"author\" content=\"Carmen L\u00f3pez\" \/>\n<meta name=\"twitter:card\" content=\"summary_large_image\" \/>\n<meta name=\"twitter:label1\" content=\"Escrito por\" \/>\n\t<meta name=\"twitter:data1\" content=\"Carmen L\u00f3pez\" \/>\n\t<meta name=\"twitter:label2\" content=\"Tiempo de lectura\" \/>\n\t<meta name=\"twitter:data2\" content=\"6 minutos\" \/>\n<script type=\"application\/ld+json\" class=\"yoast-schema-graph\">{\"@context\":\"https:\\\/\\\/schema.org\",\"@graph\":[{\"@type\":\"Article\",\"@id\":\"https:\\\/\\\/www.escapadarural.com\\\/blog\\\/virxe-do-porto\\\/#article\",\"isPartOf\":{\"@id\":\"https:\\\/\\\/www.escapadarural.com\\\/blog\\\/virxe-do-porto\\\/\"},\"author\":{\"name\":\"Carmen L\u00f3pez\",\"@id\":\"https:\\\/\\\/www.escapadarural.com\\\/blog\\\/#\\\/schema\\\/person\\\/42dfdff6118172efc6a04c8ae599a2ce\"},\"headline\":\"Virxe do Porto, la ermita situada en un pe\u00f1\u00f3n en el mar\",\"datePublished\":\"2024-01-30T07:00:00+00:00\",\"dateModified\":\"2025-04-24T14:15:01+00:00\",\"mainEntityOfPage\":{\"@id\":\"https:\\\/\\\/www.escapadarural.com\\\/blog\\\/virxe-do-porto\\\/\"},\"wordCount\":972,\"commentCount\":0,\"publisher\":{\"@id\":\"https:\\\/\\\/www.escapadarural.com\\\/blog\\\/#organization\"},\"image\":{\"@id\":\"https:\\\/\\\/www.escapadarural.com\\\/blog\\\/virxe-do-porto\\\/#primaryimage\"},\"thumbnailUrl\":\"https:\\\/\\\/www.escapadarural.com\\\/blog\\\/wp-content\\\/uploads\\\/2024\\\/01\\\/a-long-exposure-of-the-ermida-da-virxe-do-porto-stockpack-adobe-stock-scaled-1.jpg\",\"keywords\":[\"A Coru\u00f1a\",\"Ermita\",\"Ermitas\",\"Espacio Natural Laguna y Arenal de Valdovi\u00f1o\",\"Galicia\",\"laguna A Frouxeira\",\"Los mejores planes para febrero\",\"meiras\",\"nosa se\u00f1ora do porto\",\"pe\u00f1a\",\"playa A Frouxeira\",\"Turismo ornitol\u00f3gico\",\"Valdovi\u00f1o\",\"virxe do porto\"],\"articleSection\":[\"Destinos\"],\"inLanguage\":\"es\",\"potentialAction\":[{\"@type\":\"CommentAction\",\"name\":\"Comment\",\"target\":[\"https:\\\/\\\/www.escapadarural.com\\\/blog\\\/virxe-do-porto\\\/#respond\"]}]},{\"@type\":\"WebPage\",\"@id\":\"https:\\\/\\\/www.escapadarural.com\\\/blog\\\/virxe-do-porto\\\/\",\"url\":\"https:\\\/\\\/www.escapadarural.com\\\/blog\\\/virxe-do-porto\\\/\",\"name\":\"Virxe do Porto, la ermita situada en un pe\u00f1\u00f3n en el mar - EscapadaRural\",\"isPartOf\":{\"@id\":\"https:\\\/\\\/www.escapadarural.com\\\/blog\\\/#website\"},\"primaryImageOfPage\":{\"@id\":\"https:\\\/\\\/www.escapadarural.com\\\/blog\\\/virxe-do-porto\\\/#primaryimage\"},\"image\":{\"@id\":\"https:\\\/\\\/www.escapadarural.com\\\/blog\\\/virxe-do-porto\\\/#primaryimage\"},\"thumbnailUrl\":\"https:\\\/\\\/www.escapadarural.com\\\/blog\\\/wp-content\\\/uploads\\\/2024\\\/01\\\/a-long-exposure-of-the-ermida-da-virxe-do-porto-stockpack-adobe-stock-scaled-1.jpg\",\"datePublished\":\"2024-01-30T07:00:00+00:00\",\"dateModified\":\"2025-04-24T14:15:01+00:00\",\"breadcrumb\":{\"@id\":\"https:\\\/\\\/www.escapadarural.com\\\/blog\\\/virxe-do-porto\\\/#breadcrumb\"},\"inLanguage\":\"es\",\"potentialAction\":[{\"@type\":\"ReadAction\",\"target\":[\"https:\\\/\\\/www.escapadarural.com\\\/blog\\\/virxe-do-porto\\\/\"]}]},{\"@type\":\"ImageObject\",\"inLanguage\":\"es\",\"@id\":\"https:\\\/\\\/www.escapadarural.com\\\/blog\\\/virxe-do-porto\\\/#primaryimage\",\"url\":\"https:\\\/\\\/www.escapadarural.com\\\/blog\\\/wp-content\\\/uploads\\\/2024\\\/01\\\/a-long-exposure-of-the-ermida-da-virxe-do-porto-stockpack-adobe-stock-scaled-1.jpg\",\"contentUrl\":\"https:\\\/\\\/www.escapadarural.com\\\/blog\\\/wp-content\\\/uploads\\\/2024\\\/01\\\/a-long-exposure-of-the-ermida-da-virxe-do-porto-stockpack-adobe-stock-scaled-1.jpg\",\"width\":2048,\"height\":1367,\"caption\":\"Ermida da Virxe do Porto. Por Helen Hotson\"},{\"@type\":\"BreadcrumbList\",\"@id\":\"https:\\\/\\\/www.escapadarural.com\\\/blog\\\/virxe-do-porto\\\/#breadcrumb\",\"itemListElement\":[{\"@type\":\"ListItem\",\"position\":1,\"name\":\"Inicio\",\"item\":\"https:\\\/\\\/www.escapadarural.com\\\/blog\\\/\"},{\"@type\":\"ListItem\",\"position\":2,\"name\":\"Destinos\",\"item\":\"https:\\\/\\\/www.escapadarural.com\\\/blog\\\/categoria\\\/destinos\\\/\"},{\"@type\":\"ListItem\",\"position\":3,\"name\":\"Virxe do Porto, la ermita situada en un pe\u00f1\u00f3n en el mar\"}]},{\"@type\":\"WebSite\",\"@id\":\"https:\\\/\\\/www.escapadarural.com\\\/blog\\\/#website\",\"url\":\"https:\\\/\\\/www.escapadarural.com\\\/blog\\\/\",\"name\":\"Blog de viajes | turismo rural, alojamientos e inspiraci\u00f3n\",\"description\":\"Alojamientos rurales e inspiraci\u00f3n para tus escapadas\",\"publisher\":{\"@id\":\"https:\\\/\\\/www.escapadarural.com\\\/blog\\\/#organization\"},\"alternateName\":\"Magazine de viajes de EscapadaRural\",\"potentialAction\":[{\"@type\":\"SearchAction\",\"target\":{\"@type\":\"EntryPoint\",\"urlTemplate\":\"https:\\\/\\\/www.escapadarural.com\\\/blog\\\/?s={search_term_string}\"},\"query-input\":{\"@type\":\"PropertyValueSpecification\",\"valueRequired\":true,\"valueName\":\"search_term_string\"}}],\"inLanguage\":\"es\"},{\"@type\":\"Organization\",\"@id\":\"https:\\\/\\\/www.escapadarural.com\\\/blog\\\/#organization\",\"name\":\"EscapadaRural\",\"url\":\"https:\\\/\\\/www.escapadarural.com\\\/blog\\\/\",\"logo\":{\"@type\":\"ImageObject\",\"inLanguage\":\"es\",\"@id\":\"https:\\\/\\\/www.escapadarural.com\\\/blog\\\/#\\\/schema\\\/logo\\\/image\\\/\",\"url\":\"https:\\\/\\\/www.escapadarural.com\\\/blog\\\/wp-content\\\/uploads\\\/2024\\\/10\\\/cropped-cropped-escapada-rural-icon-mag-3.png\",\"contentUrl\":\"https:\\\/\\\/www.escapadarural.com\\\/blog\\\/wp-content\\\/uploads\\\/2024\\\/10\\\/cropped-cropped-escapada-rural-icon-mag-3.png\",\"width\":512,\"height\":512,\"caption\":\"EscapadaRural\"},\"image\":{\"@id\":\"https:\\\/\\\/www.escapadarural.com\\\/blog\\\/#\\\/schema\\\/logo\\\/image\\\/\"},\"sameAs\":[\"https:\\\/\\\/www.facebook.com\\\/escapadarural\",\"https:\\\/\\\/www.instagram.com\\\/escapadarural\\\/\",\"https:\\\/\\\/www.youtube.com\\\/@escapadaruralcom\"]},{\"@type\":\"Person\",\"@id\":\"https:\\\/\\\/www.escapadarural.com\\\/blog\\\/#\\\/schema\\\/person\\\/42dfdff6118172efc6a04c8ae599a2ce\",\"name\":\"Carmen L\u00f3pez\",\"image\":{\"@type\":\"ImageObject\",\"inLanguage\":\"es\",\"@id\":\"https:\\\/\\\/www.escapadarural.com\\\/blog\\\/wp-content\\\/uploads\\\/2024\\\/11\\\/cropped-perfil_eldiario-96x96-1-96x96.jpeg\",\"url\":\"https:\\\/\\\/www.escapadarural.com\\\/blog\\\/wp-content\\\/uploads\\\/2024\\\/11\\\/cropped-perfil_eldiario-96x96-1-96x96.jpeg\",\"contentUrl\":\"https:\\\/\\\/www.escapadarural.com\\\/blog\\\/wp-content\\\/uploads\\\/2024\\\/11\\\/cropped-perfil_eldiario-96x96-1-96x96.jpeg\",\"caption\":\"Carmen L\u00f3pez\"},\"description\":\"Soy periodista y escribo sobre cosas que importan en sitios que interesan desde hace m\u00e1s de una d\u00e9cada.\",\"url\":\"https:\\\/\\\/www.escapadarural.com\\\/blog\\\/autor\\\/carmenlopez\\\/\"}]}<\/script>\n<!-- \/ Yoast SEO plugin. -->","yoast_head_json":{"title":"Virxe do Porto, la ermita situada en un pe\u00f1\u00f3n en el mar - EscapadaRural","robots":{"index":"index","follow":"follow","max-snippet":"max-snippet:-1","max-image-preview":"max-image-preview:large","max-video-preview":"max-video-preview:-1"},"canonical":"https:\/\/www.escapadarural.com\/blog\/virxe-do-porto\/","og_locale":"es_ES","og_type":"article","og_title":"Virxe do Porto, la ermita situada en un pe\u00f1\u00f3n en el mar - EscapadaRural","og_description":"La ermita de la Virxe do Porto (A Coru\u00f1a), solo recibe visitas a pie cuando hay marea baja...","og_url":"https:\/\/www.escapadarural.com\/blog\/virxe-do-porto\/","og_site_name":"Magazine de viajes de EscapadaRural","article_publisher":"https:\/\/www.facebook.com\/escapadarural","article_published_time":"2024-01-30T07:00:00+00:00","article_modified_time":"2025-04-24T14:15:01+00:00","og_image":[{"width":2048,"height":1367,"url":"https:\/\/www.escapadarural.com\/blog\/wp-content\/uploads\/2024\/01\/a-long-exposure-of-the-ermida-da-virxe-do-porto-stockpack-adobe-stock-scaled-1.jpg","type":"image\/jpeg"}],"author":"Carmen L\u00f3pez","twitter_card":"summary_large_image","twitter_misc":{"Escrito por":"Carmen L\u00f3pez","Tiempo de lectura":"6 minutos"},"schema":{"@context":"https:\/\/schema.org","@graph":[{"@type":"Article","@id":"https:\/\/www.escapadarural.com\/blog\/virxe-do-porto\/#article","isPartOf":{"@id":"https:\/\/www.escapadarural.com\/blog\/virxe-do-porto\/"},"author":{"name":"Carmen L\u00f3pez","@id":"https:\/\/www.escapadarural.com\/blog\/#\/schema\/person\/42dfdff6118172efc6a04c8ae599a2ce"},"headline":"Virxe do Porto, la ermita situada en un pe\u00f1\u00f3n en el mar","datePublished":"2024-01-30T07:00:00+00:00","dateModified":"2025-04-24T14:15:01+00:00","mainEntityOfPage":{"@id":"https:\/\/www.escapadarural.com\/blog\/virxe-do-porto\/"},"wordCount":972,"commentCount":0,"publisher":{"@id":"https:\/\/www.escapadarural.com\/blog\/#organization"},"image":{"@id":"https:\/\/www.escapadarural.com\/blog\/virxe-do-porto\/#primaryimage"},"thumbnailUrl":"https:\/\/www.escapadarural.com\/blog\/wp-content\/uploads\/2024\/01\/a-long-exposure-of-the-ermida-da-virxe-do-porto-stockpack-adobe-stock-scaled-1.jpg","keywords":["A Coru\u00f1a","Ermita","Ermitas","Espacio Natural Laguna y Arenal de Valdovi\u00f1o","Galicia","laguna A Frouxeira","Los mejores planes para febrero","meiras","nosa se\u00f1ora do porto","pe\u00f1a","playa A Frouxeira","Turismo ornitol\u00f3gico","Valdovi\u00f1o","virxe do porto"],"articleSection":["Destinos"],"inLanguage":"es","potentialAction":[{"@type":"CommentAction","name":"Comment","target":["https:\/\/www.escapadarural.com\/blog\/virxe-do-porto\/#respond"]}]},{"@type":"WebPage","@id":"https:\/\/www.escapadarural.com\/blog\/virxe-do-porto\/","url":"https:\/\/www.escapadarural.com\/blog\/virxe-do-porto\/","name":"Virxe do Porto, la ermita situada en un pe\u00f1\u00f3n en el mar - EscapadaRural","isPartOf":{"@id":"https:\/\/www.escapadarural.com\/blog\/#website"},"primaryImageOfPage":{"@id":"https:\/\/www.escapadarural.com\/blog\/virxe-do-porto\/#primaryimage"},"image":{"@id":"https:\/\/www.escapadarural.com\/blog\/virxe-do-porto\/#primaryimage"},"thumbnailUrl":"https:\/\/www.escapadarural.com\/blog\/wp-content\/uploads\/2024\/01\/a-long-exposure-of-the-ermida-da-virxe-do-porto-stockpack-adobe-stock-scaled-1.jpg","datePublished":"2024-01-30T07:00:00+00:00","dateModified":"2025-04-24T14:15:01+00:00","breadcrumb":{"@id":"https:\/\/www.escapadarural.com\/blog\/virxe-do-porto\/#breadcrumb"},"inLanguage":"es","potentialAction":[{"@type":"ReadAction","target":["https:\/\/www.escapadarural.com\/blog\/virxe-do-porto\/"]}]},{"@type":"ImageObject","inLanguage":"es","@id":"https:\/\/www.escapadarural.com\/blog\/virxe-do-porto\/#primaryimage","url":"https:\/\/www.escapadarural.com\/blog\/wp-content\/uploads\/2024\/01\/a-long-exposure-of-the-ermida-da-virxe-do-porto-stockpack-adobe-stock-scaled-1.jpg","contentUrl":"https:\/\/www.escapadarural.com\/blog\/wp-content\/uploads\/2024\/01\/a-long-exposure-of-the-ermida-da-virxe-do-porto-stockpack-adobe-stock-scaled-1.jpg","width":2048,"height":1367,"caption":"Ermida da Virxe do Porto. Por Helen Hotson"},{"@type":"BreadcrumbList","@id":"https:\/\/www.escapadarural.com\/blog\/virxe-do-porto\/#breadcrumb","itemListElement":[{"@type":"ListItem","position":1,"name":"Inicio","item":"https:\/\/www.escapadarural.com\/blog\/"},{"@type":"ListItem","position":2,"name":"Destinos","item":"https:\/\/www.escapadarural.com\/blog\/categoria\/destinos\/"},{"@type":"ListItem","position":3,"name":"Virxe do Porto, la ermita situada en un pe\u00f1\u00f3n en el mar"}]},{"@type":"WebSite","@id":"https:\/\/www.escapadarural.com\/blog\/#website","url":"https:\/\/www.escapadarural.com\/blog\/","name":"Blog de viajes | turismo rural, alojamientos e inspiraci\u00f3n","description":"Alojamientos rurales e inspiraci\u00f3n para tus escapadas","publisher":{"@id":"https:\/\/www.escapadarural.com\/blog\/#organization"},"alternateName":"Magazine de viajes de EscapadaRural","potentialAction":[{"@type":"SearchAction","target":{"@type":"EntryPoint","urlTemplate":"https:\/\/www.escapadarural.com\/blog\/?s={search_term_string}"},"query-input":{"@type":"PropertyValueSpecification","valueRequired":true,"valueName":"search_term_string"}}],"inLanguage":"es"},{"@type":"Organization","@id":"https:\/\/www.escapadarural.com\/blog\/#organization","name":"EscapadaRural","url":"https:\/\/www.escapadarural.com\/blog\/","logo":{"@type":"ImageObject","inLanguage":"es","@id":"https:\/\/www.escapadarural.com\/blog\/#\/schema\/logo\/image\/","url":"https:\/\/www.escapadarural.com\/blog\/wp-content\/uploads\/2024\/10\/cropped-cropped-escapada-rural-icon-mag-3.png","contentUrl":"https:\/\/www.escapadarural.com\/blog\/wp-content\/uploads\/2024\/10\/cropped-cropped-escapada-rural-icon-mag-3.png","width":512,"height":512,"caption":"EscapadaRural"},"image":{"@id":"https:\/\/www.escapadarural.com\/blog\/#\/schema\/logo\/image\/"},"sameAs":["https:\/\/www.facebook.com\/escapadarural","https:\/\/www.instagram.com\/escapadarural\/","https:\/\/www.youtube.com\/@escapadaruralcom"]},{"@type":"Person","@id":"https:\/\/www.escapadarural.com\/blog\/#\/schema\/person\/42dfdff6118172efc6a04c8ae599a2ce","name":"Carmen L\u00f3pez","image":{"@type":"ImageObject","inLanguage":"es","@id":"https:\/\/www.escapadarural.com\/blog\/wp-content\/uploads\/2024\/11\/cropped-perfil_eldiario-96x96-1-96x96.jpeg","url":"https:\/\/www.escapadarural.com\/blog\/wp-content\/uploads\/2024\/11\/cropped-perfil_eldiario-96x96-1-96x96.jpeg","contentUrl":"https:\/\/www.escapadarural.com\/blog\/wp-content\/uploads\/2024\/11\/cropped-perfil_eldiario-96x96-1-96x96.jpeg","caption":"Carmen L\u00f3pez"},"description":"Soy periodista y escribo sobre cosas que importan en sitios que interesan desde hace m\u00e1s de una d\u00e9cada.","url":"https:\/\/www.escapadarural.com\/blog\/autor\/carmenlopez\/"}]}},"_links":{"self":[{"href":"https:\/\/www.escapadarural.com\/blog\/wp-json\/wp\/v2\/posts\/69947","targetHints":{"allow":["GET"]}}],"collection":[{"href":"https:\/\/www.escapadarural.com\/blog\/wp-json\/wp\/v2\/posts"}],"about":[{"href":"https:\/\/www.escapadarural.com\/blog\/wp-json\/wp\/v2\/types\/post"}],"author":[{"embeddable":true,"href":"https:\/\/www.escapadarural.com\/blog\/wp-json\/wp\/v2\/users\/114"}],"replies":[{"embeddable":true,"href":"https:\/\/www.escapadarural.com\/blog\/wp-json\/wp\/v2\/comments?post=69947"}],"version-history":[{"count":0,"href":"https:\/\/www.escapadarural.com\/blog\/wp-json\/wp\/v2\/posts\/69947\/revisions"}],"wp:featuredmedia":[{"embeddable":true,"href":"https:\/\/www.escapadarural.com\/blog\/wp-json\/wp\/v2\/media\/70243"}],"wp:attachment":[{"href":"https:\/\/www.escapadarural.com\/blog\/wp-json\/wp\/v2\/media?parent=69947"}],"wp:term":[{"taxonomy":"category","embeddable":true,"href":"https:\/\/www.escapadarural.com\/blog\/wp-json\/wp\/v2\/categories?post=69947"},{"taxonomy":"post_tag","embeddable":true,"href":"https:\/\/www.escapadarural.com\/blog\/wp-json\/wp\/v2\/tags?post=69947"}],"curies":[{"name":"wp","href":"https:\/\/api.w.org\/{rel}","templated":true}]}}