{"id":70273,"date":"2024-02-15T09:30:51","date_gmt":"2024-02-15T08:30:51","guid":{"rendered":"https:\/\/www.escapadarural.com\/blog\/?p=70273"},"modified":"2026-02-17T17:13:00","modified_gmt":"2026-02-17T16:13:00","slug":"que-ver-en-la-sierra-de-la-demanda-burgos","status":"publish","type":"post","link":"https:\/\/www.escapadarural.com\/blog\/que-ver-en-la-sierra-de-la-demanda-burgos\/","title":{"rendered":"Sierra de la Demanda, rutas y paisajes en la \u00abLaponia burgalesa\u00bb"},"content":{"rendered":"\n<figure class=\"wp-block-image size-full\"><img decoding=\"async\" src=\"https:\/\/www.escapadarural.com\/blog\/wp-content\/uploads\/2024\/10\/Campos-primavera-y-Sierra-de-la-Demanda-San-Lorenzo-Daniel-Acevedo.jpg\" alt=\"Sierra de la Demanda, senderismo en Burgos\" class=\"wp-image-10937\"\/><figcaption class=\"wp-element-caption\">Sierra de la Demanda, senderismo en Burgos. Por Daniel Acevedo<\/figcaption><\/figure>\n\n\n\n<p>Tal y como ya avanzaba Francesc Ribes en su libro <em>Los pueblos m\u00e1s bonitos de la Espa\u00f1a Vac\u00eda<\/em>: \u201cA la bonita sierra de la Demanda tambi\u00e9n se la ha llamado la Laponia burgalesa por su escasa poblaci\u00f3n. En sus pueblos, la Espa\u00f1a vac\u00eda no es un concepto abstracto, sino una realidad diaria\u201d.<\/p>\n\n\n\n<p>Sorprende con una superficie de unos 1.400 Km2 y unas densidades de poblaci\u00f3n baj\u00edsimas. Por ejemplo, <a href=\"\/casas-rurales\/santo-domingo-de-silos\">Santo Domingo de Silos<\/a> no supera los 3,3 habitantes por Km2. Por otro lado, resulta incre\u00edble la cantidad de cosas que ofrece esta poblaci\u00f3n y sus alrededores como paisajes de cine (literalmente, ya que tiene el famoso cementerio de Sad Hill), un fuerte patrimonio hist\u00f3rico, gran tradici\u00f3n forestal y ganadera o parques de ensue\u00f1o, como el Parque Natural Sabinares del Arlanza-La Yecla. \u00bfSab\u00edas que aqu\u00ed se encuentran <strong>los sabinares m\u00e1s extensos<\/strong> y mejor conservados? \u00bfO que en el monasterio de la villa de Santo Domingo de Silos se puede escuchar a d\u00eda de hoy el canto llano, tambi\u00e9n conocido como el canto gregoriano?<\/p>\n\n\n\n<p>As\u00ed es&nbsp;<a href=\"\/casas-rurales\/sierra-de-la-demanda\">Sierra de la Demanda<\/a>, comarca llena de historias, rutas, secretos y con varios municipios. Algunos de los cuales tienen nombres bastante curiosos y graciosos como Cabez\u00f3n de la Sierra, La Gallega, Moncalvillo o Salas de los Infantes, su capital. \u00bfTe animas a descubrirla?<\/p>\n\n\n\n<h2 class=\"wp-block-heading\" id=\"h-sierra-de-la-demanda-una-de-las-zonas-mas-bonitas-de-la-espana-vacia\">Sierra de la Demanda: una de las zonas m\u00e1s bonitas de la Espa\u00f1a Vac\u00eda<\/h2>\n\n\n\n<figure class=\"wp-block-image size-large\"><img decoding=\"async\" src=\"https:\/\/www.escapadarural.com\/blog\/wp-content\/uploads\/2024\/10\/Sierra-de-la-demanda-1024x512-1.jpeg\" alt=\"Monasterio de Nuestra Se\u00f1ora de Valvanera, en Anguiano\" class=\"wp-image-70709\"\/><figcaption class=\"wp-element-caption\">Monasterio de Nuestra Se\u00f1ora de Valvanera, en Anguiano<\/figcaption><\/figure>\n\n\n\n<p>\u00bfQu\u00e9 es ese concepto tan extendido de la Espa\u00f1a Vac\u00eda? Pues bien, se conoce como <a href=\"https:\/\/es.wikipedia.org\/wiki\/Sergio_del_Molino\" target=\"_blank\">Espa\u00f1a Vac\u00eda<\/a> las zonas que quiz\u00e1s han sufrido m\u00e1s movimientos de poblaci\u00f3n y <strong>emigraciones<\/strong> masivas de lo rural a la ciudad. Las provincias de Soria, Teruel y Cuenca han sufrido bastante pero no son las \u00fanicas ya que son muchos los municipios con un alto riesgo de despoblaci\u00f3n. Zamora les sigue de cerca como una de las provincias que m\u00e1s poblaci\u00f3n ha perdido este \u00faltimo a\u00f1o y eso que la poblaci\u00f3n ha ido creciendo a\u00f1o tras a\u00f1o sin notarse en todas las zonas por igual.<\/p>\n\n\n\n<p>Pero\u2026\u00bfSiempre ha estado tan lleno nuestro pa\u00eds? Tal y como se explica en el libro <em>Los pueblos m\u00e1s bonitos de Espa\u00f1a, <\/em>quiz\u00e1s nunca estuvo tan poblada. \u201cEn 1900, cuando la Francia metropolitana, con una extensi\u00f3n algo superior a la nuestra, rondaba los 39 millones de habitantes, en Espa\u00f1a no lleg\u00e1bamos a los 19 millones. Este es solo un ejemplo del contraste que supone la demograf\u00eda espa\u00f1ola frente a la densidad de Europa\u201d. <\/p>\n\n\n\n<figure class=\"wp-block-image size-large\"><img decoding=\"async\" src=\"https:\/\/www.escapadarural.com\/blog\/wp-content\/uploads\/2024\/10\/vinedos_demanda-1024x684-1.jpeg\" alt=\"Monta\u00f1as de San Lorenzo, La Rioja. Por Noradoa\" class=\"wp-image-70708\"\/><figcaption class=\"wp-element-caption\">Monta\u00f1as de San Lorenzo, La Rioja. Por Noradoa<\/figcaption><\/figure>\n\n\n\n<p>Por otro lado, puede ser que haya menos habitantes en determinadas zonas debido a la geograf\u00eda \u00fanica que presenta el territorio espa\u00f1ol y al suelo ib\u00e9rico. En la pen\u00ednsula encontramos desde fascinantes bosques, zonas \u00e1ridas y el \u00fanico desierto de Europa, tierras volc\u00e1nicas, llanuras y lugares sumamente remotos. \u201cComo cuando a Miguel de Unamuno, cuyas cr\u00edticas a la dictadura de Primo de Rivera le valieron la p\u00e9rdida de la c\u00e1tedra en Salamanca y el exilio en Fuerteventura, un paisaje triste y desolado pero hermoso a la vez\u201d, cuenta Francesc Ribes.<\/p>\n\n\n\n<h2 class=\"wp-block-heading\" id=\"h-santo-domingo-de-silos-tierra-con-infinidad-de-posibilidades\">Santo Domingo de Silos, tierra con infinidad de posibilidades<\/h2>\n\n\n\n<figure class=\"wp-block-image size-large\"><img decoding=\"async\" src=\"https:\/\/www.escapadarural.com\/blog\/wp-content\/uploads\/2023\/12\/santo-domingo-de-Silos-1024x683-3-1.jpg\" alt=\"Rutas por Espa\u00f1a: Santo Domingo de Silos\" class=\"wp-image-59105\"\/><figcaption class=\"wp-element-caption\">Santo Domingo de Silos. Por Edler von Rabenstein<\/figcaption><\/figure>\n\n\n\n<p>No es la capital de la Sierra de la Demanda pero bien merece una parada en nuestro recorrido por estas tierras. Pero\u2026\u00bfQu\u00e9 esconde esta poblaci\u00f3n pensar\u00e9is? Pues muchas rutas ya que es un cruce de caminos inimaginable, por aqu\u00ed pasa el <strong>Camino del Cid<\/strong>, una variante del Camino de Santiago, el Camino de la Lengua Castellana e incluso la ruta del vino de la DOP Arlanza o la v\u00eda verde de la Sierra de la Demanda, parque natural fascinante.<\/p>\n\n\n\n<p>Si nos dejamos perder por sus soleadas calles y casas de piedra encontraremos su maravilloso monasterio, el cual el original se remonta a la \u00e9poca de los visigodos para m\u00e1s tarde construirse una iglesia rom\u00e1nica y luego se levant\u00f3 la que hay actualmente, de planta barroca. De todos modos, el <strong>c<\/strong>l<strong>austro<\/strong> rom\u00e1nico si que se conserv\u00f3 y hoy en d\u00eda es una de las visitas obligadas si te encuentras por la villa as\u00ed como el original <strong>Museo Sonidos del Mundo<\/strong>. Este museo se cre\u00f3 en una casa del pueblo que data del siglo XVII (1624) y que fue rehabilitada, aqu\u00ed los sonidos son los protagonistas y cuenta con instrumentos de todas las partes del mundo (Jap\u00f3n, Madagascar, Burkina Fasso, etc).<\/p>\n\n\n\n<figure class=\"wp-block-image size-full\"><img loading=\"lazy\" decoding=\"async\" width=\"1024\" height=\"697\" src=\"https:\/\/www.escapadarural.com\/blog\/wp-content\/uploads\/2024\/10\/Monasterio-de-Santo-Domingo-de-Silos-en-Burgos-1024x697-2.jpeg\" alt=\"Monasterio de Santo Domingo de Silos en Burgos. Por herraez\" class=\"wp-image-93886\" srcset=\"https:\/\/www.escapadarural.com\/blog\/wp-content\/uploads\/2024\/10\/Monasterio-de-Santo-Domingo-de-Silos-en-Burgos-1024x697-2-200x136.jpeg 200w, https:\/\/www.escapadarural.com\/blog\/wp-content\/uploads\/2024\/10\/Monasterio-de-Santo-Domingo-de-Silos-en-Burgos-1024x697-2-300x204.jpeg 300w, https:\/\/www.escapadarural.com\/blog\/wp-content\/uploads\/2024\/10\/Monasterio-de-Santo-Domingo-de-Silos-en-Burgos-1024x697-2-400x272.jpeg 400w, https:\/\/www.escapadarural.com\/blog\/wp-content\/uploads\/2024\/10\/Monasterio-de-Santo-Domingo-de-Silos-en-Burgos-1024x697-2-600x408.jpeg 600w, https:\/\/www.escapadarural.com\/blog\/wp-content\/uploads\/2024\/10\/Monasterio-de-Santo-Domingo-de-Silos-en-Burgos-1024x697-2-768x523.jpeg 768w, https:\/\/www.escapadarural.com\/blog\/wp-content\/uploads\/2024\/10\/Monasterio-de-Santo-Domingo-de-Silos-en-Burgos-1024x697-2-800x545.jpeg 800w, https:\/\/www.escapadarural.com\/blog\/wp-content\/uploads\/2024\/10\/Monasterio-de-Santo-Domingo-de-Silos-en-Burgos-1024x697-2.jpeg 1024w\" sizes=\"auto, (max-width: 1024px) 100vw, 1024px\" \/><figcaption class=\"wp-element-caption\">Monasterio de Santo Domingo de Silos en Burgos. Por herraez<\/figcaption><\/figure>\n\n\n\n<p>No podemos dejar atr\u00e1s la poblaci\u00f3n sin ver la secuoya (una de las pocas que hay en territorio espa\u00f1ol), se encuentra en la entrada principal del monasterio o escuchar el canto llano, una gran aportaci\u00f3n cultural que no es tan f\u00e1cil de encontrar a d\u00eda de hoy y que es ya tradici\u00f3n desde la Edad Media.<\/p>\n\n\n\n<p>Por \u00faltimo y ya saliendo de la poblaci\u00f3n nos topamos con&nbsp; el famoso desfiladero de la Yecla, en direcci\u00f3n a Caleruega. Un ca\u00f1\u00f3n-desfiladero con pasarelas de 600 metros de longitud y paredes verticales de m\u00e1s de 100 metros de altura. Recuerda a un peque\u00f1o Gran Ca\u00f1\u00f3n, el cual fue creado con el paso de los a\u00f1os y la erosi\u00f3n del arroyo Cauce, afluente del r\u00edo Mataviejas. Este ca\u00f1\u00f3n ofrece caminos bastante sencillos y aptos para todos los miembros de la familia. Pero esto no es todo ya que como avanz\u00e1bamos antes, esta villa con tan solo 261 habitantes (INE 2023), esconde el famoso cementerio Sad Hill, escenario de la conocid\u00edsima pel\u00edcula <em>El bueno, el feo y el malo<\/em>.<\/p>\n\n\n\n<h2 class=\"wp-block-heading\" id=\"h-el-cementerio-de-sad-hill-claro-competidor-de-silos\">El cementerio de Sad Hill, claro competidor de Silos<\/h2>\n\n\n\n<figure class=\"wp-block-image size-large\"><img decoding=\"async\" src=\"https:\/\/www.escapadarural.com\/blog\/wp-content\/uploads\/2024\/10\/sad_hill-1024x683-1.jpeg\" alt=\"Cementerio de Sad Hill, en Burgos.\" class=\"wp-image-70707\"\/><figcaption class=\"wp-element-caption\">Cementerio de Sad Hill, en la provincia de Burgos. Por Alberto Giron<\/figcaption><\/figure>\n\n\n\n<p>S\u00ed, el que fue el cementerio de Sad Hill y donde se rod\u00f3 la escena o duelo final de la pel\u00edcula se ha convertido en un claro competidor del monasterio. Gran parte de turistas se acercan hasta lo que fue el escenario de este film y donde: \u201cDurante un verano, cientos de soldados espa\u00f1oles, estudiantes y vecinos de los pueblos pr\u00f3ximos cavaron las 5000 tumbas, mientras los productores y los decorados simulaban ser de parajes de Nuevo M\u00e9xico\u201d, comenta Francesc en <em>Los pueblos m\u00e1s bonitos de la Espa\u00f1a Vac\u00eda<\/em>.<\/p>\n\n\n\n<p>Lamentablemente, despu\u00e9s del rodaje el lugar qued\u00f3 abandonado y olvidado hasta que a\u00f1os m\u00e1s tarde se cre\u00f3 la Asociaci\u00f3n Cultural Sad Hill. Y menos mal ya que lo que fue una de las localizaciones m\u00e1s importantes de la historia del cine no pod\u00eda terminar as\u00ed. Con el paso de los a\u00f1os tambi\u00e9n se ha creado la <strong>Ruta de el Bueno, el Feo y el Malo<\/strong>, ideada por el Colectivo Arqueol\u00f3gico y Paleontol\u00f3gico de Salas de los Infantes. <\/p>\n\n\n\n<p>Entre las localizaciones se encuentra en la ruta la Batalla del Puente <em>Langstone<\/em> (con las trincheras a\u00fan reconocibles). Se trata de una de las escenas m\u00e1s caras del film y tal y como nos explican desde Turismo de Castilla y Le\u00f3n, para hacerla se cont\u00f3 con m\u00e1s de 2000 extras y el puente acab\u00f3 vol\u00e1ndose hasta en tres ocasiones ya que Leone \u201cquer\u00eda algo espectacular\u201d. Cada vez que lo hac\u00edan volar, este ten\u00eda que ser reconstruido y se tardaba alrededor de una semana.<\/p>\n\n\n\n<p>M\u00e1s adelante tambi\u00e9n se pueden ver las ruinas del monasterio de San Pedro de Arlanza, donde se rod\u00f3 la Misi\u00f3n de San Antonio (los interiores, ya que los exteriores se rodaron en N\u00edjar, Almer\u00eda).<\/p>\n\n\n\n<h2 class=\"wp-block-heading\" id=\"h-nos-perdemos-por-sus-municipios-y-nucleos\">Nos perdemos por sus municipios y n\u00facleos<\/h2>\n\n\n\n<figure class=\"wp-block-image size-full\"><img loading=\"lazy\" decoding=\"async\" width=\"1000\" height=\"664\" src=\"https:\/\/www.escapadarural.com\/blog\/wp-content\/uploads\/2019\/07\/Covarrubias.jpg\" alt=\"Covarrubias, en Burgos. Por Israel Hervas Bengochea\" class=\"wp-image-24503\" srcset=\"https:\/\/www.escapadarural.com\/blog\/wp-content\/uploads\/2019\/07\/Covarrubias-200x133.jpg 200w, https:\/\/www.escapadarural.com\/blog\/wp-content\/uploads\/2019\/07\/Covarrubias-300x199.jpg 300w, https:\/\/www.escapadarural.com\/blog\/wp-content\/uploads\/2019\/07\/Covarrubias-400x266.jpg 400w, https:\/\/www.escapadarural.com\/blog\/wp-content\/uploads\/2019\/07\/Covarrubias-600x398.jpg 600w, https:\/\/www.escapadarural.com\/blog\/wp-content\/uploads\/2019\/07\/Covarrubias-768x510.jpg 768w, https:\/\/www.escapadarural.com\/blog\/wp-content\/uploads\/2019\/07\/Covarrubias-800x531.jpg 800w, https:\/\/www.escapadarural.com\/blog\/wp-content\/uploads\/2019\/07\/Covarrubias.jpg 1000w\" sizes=\"auto, (max-width: 1000px) 100vw, 1000px\" \/><figcaption class=\"wp-element-caption\">Covarrubias, en Burgos. Por Israel Hervas Bengochea<\/figcaption><\/figure>\n\n\n\n<p>Est\u00e1 tocando la provincia de Burgos, La Rioja y Soria y gran parte de la comarca son puros paisajes, historia y mucha vida. La atraviesa el r\u00edo Arlanza y tiene bastantes cosas que destacar\u00eda. Una de ellas es la preciosa poblaci\u00f3n de Covarrubias, el cual su recinto urbano ha sido declarado Bien de Inter\u00e9s Cultural al ser de los mejores exponentes de urbanismo t\u00edpico castellano de calles porticadas y casas muy t\u00edpicas donde la madera no puede faltar.<\/p>\n\n\n\n<p>Lerma es otra de las villas ba\u00f1adas por el r\u00edo Arlanza, es conocida por ser el principal conjunto arquitect\u00f3nico herreriano de Espa\u00f1a (arquitectura muy popular durante el reinado de Felipe II, su nombre viene de Juan de Herrera, el que fue el arquitecto m\u00e1s representativo) y por el precioso Palacio Ducal.<\/p>\n\n\n\n<p>No pod\u00eda despedir este art\u00edculo sin antes nombrar el sendero de <strong>Gran Recorrido GR-82<\/strong> Sierra de la Demanda. Tiene 12 etapas, pasa por 36 localidades y un total aproximado de 270 Km. Es un sendero circular que no tiene p\u00e9rdida y muy recomendado para poder descubrir en profundidad todo lo que la Sierra de la Demanda ofrece, que como hemos visto no es poco.<\/p>\n\n\n\n<div class=\"wp-block-buttons is-layout-flex wp-block-buttons-is-layout-flex\">\n<div class=\"wp-block-button\"><a class=\"wp-block-button__link wp-element-button\" href=\"\/casas-rurales\/sierra-de-la-demanda\">Casas rurales en la Sierra de la Demanda<\/a><\/div>\n<\/div>\n","protected":false},"excerpt":{"rendered":"<p>Tal y como ya avanzaba Francesc Ribes en su libro Los pueblos m\u00e1s bonitos de la Espa\u00f1a Vac\u00eda: \u201cA la bonita sierra de la Demanda tambi\u00e9n se la ha llamado la Laponia burgalesa por su escasa poblaci\u00f3n. En sus pueblos, la Espa\u00f1a vac\u00eda no es un concepto abstracto, sino una realidad diaria\u201d.<\/p>\n","protected":false},"author":151,"featured_media":93809,"comment_status":"open","ping_status":"open","sticky":false,"template":"","format":"standard","meta":{"_acf_changed":false,"om_disable_all_campaigns":false,"footnotes":""},"categories":[191],"tags":[439,518,5534,212,1203,3243],"class_list":["post-70273","post","type-post","status-publish","format-standard","has-post-thumbnail","hentry","category-destinos","tag-que-ver-en-burgos","tag-que-ver-en-la-rioja","tag-lo-mas-leido-en-febrero","tag-pueblos","tag-santo-domingo-de-silos","tag-sierra-de-la-demanda"],"acf":[],"featured_image_src":"https:\/\/www.escapadarural.com\/blog\/wp-content\/uploads\/2024\/10\/Campos-primavera-y-Sierra-de-la-Demanda-San-Lorenzo-Daniel-Acevedo.jpg","author_info":{"display_name":"Alba Feliz","author_link":"https:\/\/www.escapadarural.com\/blog\/autor\/alba\/"},"yoast_head":"<!-- This site is optimized with the Yoast SEO plugin v27.5 - https:\/\/yoast.com\/product\/yoast-seo-wordpress\/ -->\n<title>Sierra de la Demanda, rutas y paisajes en la &quot;Laponia burgalesa&quot; - EscapadaRural<\/title>\n<meta name=\"robots\" content=\"index, follow, max-snippet:-1, max-image-preview:large, max-video-preview:-1\" \/>\n<link rel=\"canonical\" href=\"https:\/\/www.escapadarural.com\/blog\/que-ver-en-la-sierra-de-la-demanda-burgos\/\" \/>\n<meta property=\"og:locale\" content=\"es_ES\" \/>\n<meta property=\"og:type\" content=\"article\" \/>\n<meta property=\"og:title\" content=\"Sierra de la Demanda, rutas y paisajes en la &quot;Laponia burgalesa&quot; - EscapadaRural\" \/>\n<meta property=\"og:description\" content=\"Tal y como ya avanzaba Francesc Ribes en su libro Los pueblos m\u00e1s bonitos de la Espa\u00f1a Vac\u00eda: \u201cA la bonita sierra de la Demanda tambi\u00e9n se la ha llamado la Laponia burgalesa por su escasa poblaci\u00f3n. En sus pueblos, la Espa\u00f1a vac\u00eda no es un concepto abstracto, sino una realidad diaria\u201d.\" \/>\n<meta property=\"og:url\" content=\"https:\/\/www.escapadarural.com\/blog\/que-ver-en-la-sierra-de-la-demanda-burgos\/\" \/>\n<meta property=\"og:site_name\" content=\"Magazine de viajes de EscapadaRural\" \/>\n<meta property=\"article:publisher\" content=\"https:\/\/www.facebook.com\/escapadarural\" \/>\n<meta property=\"article:published_time\" content=\"2024-02-15T08:30:51+00:00\" \/>\n<meta property=\"article:modified_time\" content=\"2026-02-17T16:13:00+00:00\" \/>\n<meta property=\"og:image\" content=\"https:\/\/www.escapadarural.com\/blog\/wp-content\/uploads\/2024\/10\/Campos-primavera-y-Sierra-de-la-Demanda-San-Lorenzo-Daniel-Acevedo.jpg\" \/>\n\t<meta property=\"og:image:width\" content=\"1024\" \/>\n\t<meta property=\"og:image:height\" content=\"682\" \/>\n\t<meta property=\"og:image:type\" content=\"image\/jpeg\" \/>\n<meta name=\"author\" content=\"Alba Feliz\" \/>\n<meta name=\"twitter:card\" content=\"summary_large_image\" \/>\n<meta name=\"twitter:label1\" content=\"Escrito por\" \/>\n\t<meta name=\"twitter:data1\" content=\"Alba Feliz\" \/>\n\t<meta name=\"twitter:label2\" content=\"Tiempo de lectura\" \/>\n\t<meta name=\"twitter:data2\" content=\"9 minutos\" \/>\n<script type=\"application\/ld+json\" class=\"yoast-schema-graph\">{\"@context\":\"https:\\\/\\\/schema.org\",\"@graph\":[{\"@type\":\"Article\",\"@id\":\"https:\\\/\\\/www.escapadarural.com\\\/blog\\\/que-ver-en-la-sierra-de-la-demanda-burgos\\\/#article\",\"isPartOf\":{\"@id\":\"https:\\\/\\\/www.escapadarural.com\\\/blog\\\/que-ver-en-la-sierra-de-la-demanda-burgos\\\/\"},\"author\":{\"name\":\"Alba Feliz\",\"@id\":\"https:\\\/\\\/www.escapadarural.com\\\/blog\\\/#\\\/schema\\\/person\\\/65271b7b847121ab7a4f8c3be624d420\"},\"headline\":\"Sierra de la Demanda, rutas y paisajes en la \u00abLaponia burgalesa\u00bb\",\"datePublished\":\"2024-02-15T08:30:51+00:00\",\"dateModified\":\"2026-02-17T16:13:00+00:00\",\"mainEntityOfPage\":{\"@id\":\"https:\\\/\\\/www.escapadarural.com\\\/blog\\\/que-ver-en-la-sierra-de-la-demanda-burgos\\\/\"},\"wordCount\":1565,\"commentCount\":0,\"publisher\":{\"@id\":\"https:\\\/\\\/www.escapadarural.com\\\/blog\\\/#organization\"},\"image\":{\"@id\":\"https:\\\/\\\/www.escapadarural.com\\\/blog\\\/que-ver-en-la-sierra-de-la-demanda-burgos\\\/#primaryimage\"},\"thumbnailUrl\":\"https:\\\/\\\/www.escapadarural.com\\\/blog\\\/wp-content\\\/uploads\\\/2024\\\/10\\\/Campos-primavera-y-Sierra-de-la-Demanda-San-Lorenzo-Daniel-Acevedo.jpg\",\"keywords\":[\"Burgos\",\"La Rioja\",\"Los mejores planes para febrero\",\"pueblos\",\"Santo Domingo de Silos\",\"Sierra de la Demanda\"],\"articleSection\":[\"Destinos\"],\"inLanguage\":\"es\",\"potentialAction\":[{\"@type\":\"CommentAction\",\"name\":\"Comment\",\"target\":[\"https:\\\/\\\/www.escapadarural.com\\\/blog\\\/que-ver-en-la-sierra-de-la-demanda-burgos\\\/#respond\"]}]},{\"@type\":\"WebPage\",\"@id\":\"https:\\\/\\\/www.escapadarural.com\\\/blog\\\/que-ver-en-la-sierra-de-la-demanda-burgos\\\/\",\"url\":\"https:\\\/\\\/www.escapadarural.com\\\/blog\\\/que-ver-en-la-sierra-de-la-demanda-burgos\\\/\",\"name\":\"Sierra de la Demanda, rutas y paisajes en la \\\"Laponia burgalesa\\\" - EscapadaRural\",\"isPartOf\":{\"@id\":\"https:\\\/\\\/www.escapadarural.com\\\/blog\\\/#website\"},\"primaryImageOfPage\":{\"@id\":\"https:\\\/\\\/www.escapadarural.com\\\/blog\\\/que-ver-en-la-sierra-de-la-demanda-burgos\\\/#primaryimage\"},\"image\":{\"@id\":\"https:\\\/\\\/www.escapadarural.com\\\/blog\\\/que-ver-en-la-sierra-de-la-demanda-burgos\\\/#primaryimage\"},\"thumbnailUrl\":\"https:\\\/\\\/www.escapadarural.com\\\/blog\\\/wp-content\\\/uploads\\\/2024\\\/10\\\/Campos-primavera-y-Sierra-de-la-Demanda-San-Lorenzo-Daniel-Acevedo.jpg\",\"datePublished\":\"2024-02-15T08:30:51+00:00\",\"dateModified\":\"2026-02-17T16:13:00+00:00\",\"breadcrumb\":{\"@id\":\"https:\\\/\\\/www.escapadarural.com\\\/blog\\\/que-ver-en-la-sierra-de-la-demanda-burgos\\\/#breadcrumb\"},\"inLanguage\":\"es\",\"potentialAction\":[{\"@type\":\"ReadAction\",\"target\":[\"https:\\\/\\\/www.escapadarural.com\\\/blog\\\/que-ver-en-la-sierra-de-la-demanda-burgos\\\/\"]}]},{\"@type\":\"ImageObject\",\"inLanguage\":\"es\",\"@id\":\"https:\\\/\\\/www.escapadarural.com\\\/blog\\\/que-ver-en-la-sierra-de-la-demanda-burgos\\\/#primaryimage\",\"url\":\"https:\\\/\\\/www.escapadarural.com\\\/blog\\\/wp-content\\\/uploads\\\/2024\\\/10\\\/Campos-primavera-y-Sierra-de-la-Demanda-San-Lorenzo-Daniel-Acevedo.jpg\",\"contentUrl\":\"https:\\\/\\\/www.escapadarural.com\\\/blog\\\/wp-content\\\/uploads\\\/2024\\\/10\\\/Campos-primavera-y-Sierra-de-la-Demanda-San-Lorenzo-Daniel-Acevedo.jpg\",\"width\":1024,\"height\":682,\"caption\":\"Campos verdes ondulados con un brillante parche amarillo de flores, respaldados por lejanas monta\u00f1as nevadas bajo un cielo parcialmente nublado. La luz del sol resalta algunas zonas del paisaje, creando una apacible escena rural.\"},{\"@type\":\"BreadcrumbList\",\"@id\":\"https:\\\/\\\/www.escapadarural.com\\\/blog\\\/que-ver-en-la-sierra-de-la-demanda-burgos\\\/#breadcrumb\",\"itemListElement\":[{\"@type\":\"ListItem\",\"position\":1,\"name\":\"Inicio\",\"item\":\"https:\\\/\\\/www.escapadarural.com\\\/blog\\\/\"},{\"@type\":\"ListItem\",\"position\":2,\"name\":\"Destinos\",\"item\":\"https:\\\/\\\/www.escapadarural.com\\\/blog\\\/categoria\\\/destinos\\\/\"},{\"@type\":\"ListItem\",\"position\":3,\"name\":\"Sierra de la Demanda, rutas y paisajes en la \u00abLaponia burgalesa\u00bb\"}]},{\"@type\":\"WebSite\",\"@id\":\"https:\\\/\\\/www.escapadarural.com\\\/blog\\\/#website\",\"url\":\"https:\\\/\\\/www.escapadarural.com\\\/blog\\\/\",\"name\":\"Blog de viajes | turismo rural, alojamientos e inspiraci\u00f3n\",\"description\":\"Alojamientos rurales e inspiraci\u00f3n para tus escapadas\",\"publisher\":{\"@id\":\"https:\\\/\\\/www.escapadarural.com\\\/blog\\\/#organization\"},\"alternateName\":\"Magazine de viajes de EscapadaRural\",\"potentialAction\":[{\"@type\":\"SearchAction\",\"target\":{\"@type\":\"EntryPoint\",\"urlTemplate\":\"https:\\\/\\\/www.escapadarural.com\\\/blog\\\/?s={search_term_string}\"},\"query-input\":{\"@type\":\"PropertyValueSpecification\",\"valueRequired\":true,\"valueName\":\"search_term_string\"}}],\"inLanguage\":\"es\"},{\"@type\":\"Organization\",\"@id\":\"https:\\\/\\\/www.escapadarural.com\\\/blog\\\/#organization\",\"name\":\"EscapadaRural\",\"url\":\"https:\\\/\\\/www.escapadarural.com\\\/blog\\\/\",\"logo\":{\"@type\":\"ImageObject\",\"inLanguage\":\"es\",\"@id\":\"https:\\\/\\\/www.escapadarural.com\\\/blog\\\/#\\\/schema\\\/logo\\\/image\\\/\",\"url\":\"https:\\\/\\\/www.escapadarural.com\\\/blog\\\/wp-content\\\/uploads\\\/2024\\\/10\\\/cropped-cropped-escapada-rural-icon-mag-3.png\",\"contentUrl\":\"https:\\\/\\\/www.escapadarural.com\\\/blog\\\/wp-content\\\/uploads\\\/2024\\\/10\\\/cropped-cropped-escapada-rural-icon-mag-3.png\",\"width\":512,\"height\":512,\"caption\":\"EscapadaRural\"},\"image\":{\"@id\":\"https:\\\/\\\/www.escapadarural.com\\\/blog\\\/#\\\/schema\\\/logo\\\/image\\\/\"},\"sameAs\":[\"https:\\\/\\\/www.facebook.com\\\/escapadarural\",\"https:\\\/\\\/www.instagram.com\\\/escapadarural\\\/\",\"https:\\\/\\\/www.youtube.com\\\/@escapadaruralcom\"]},{\"@type\":\"Person\",\"@id\":\"https:\\\/\\\/www.escapadarural.com\\\/blog\\\/#\\\/schema\\\/person\\\/65271b7b847121ab7a4f8c3be624d420\",\"name\":\"Alba Feliz\",\"image\":{\"@type\":\"ImageObject\",\"inLanguage\":\"es\",\"@id\":\"https:\\\/\\\/www.escapadarural.com\\\/blog\\\/wp-content\\\/uploads\\\/2024\\\/11\\\/cropped-alba-96x96.jpg\",\"url\":\"https:\\\/\\\/www.escapadarural.com\\\/blog\\\/wp-content\\\/uploads\\\/2024\\\/11\\\/cropped-alba-96x96.jpg\",\"contentUrl\":\"https:\\\/\\\/www.escapadarural.com\\\/blog\\\/wp-content\\\/uploads\\\/2024\\\/11\\\/cropped-alba-96x96.jpg\",\"caption\":\"Alba Feliz\"},\"description\":\"Redactora, productora audiovisual y graduada en turismo y direcci\u00f3n hotelera. Creo firmemente que viajar abre la mente y permite conocer otras realidades que quiz\u00e1s desconocemos. Me apasiona la fotograf\u00eda anal\u00f3gica (la de toda la vida) y darle una oportunidad a los destinos menos conocidos.\",\"url\":\"https:\\\/\\\/www.escapadarural.com\\\/blog\\\/autor\\\/alba\\\/\"}]}<\/script>\n<!-- \/ Yoast SEO plugin. -->","yoast_head_json":{"title":"Sierra de la Demanda, rutas y paisajes en la \"Laponia burgalesa\" - EscapadaRural","robots":{"index":"index","follow":"follow","max-snippet":"max-snippet:-1","max-image-preview":"max-image-preview:large","max-video-preview":"max-video-preview:-1"},"canonical":"https:\/\/www.escapadarural.com\/blog\/que-ver-en-la-sierra-de-la-demanda-burgos\/","og_locale":"es_ES","og_type":"article","og_title":"Sierra de la Demanda, rutas y paisajes en la \"Laponia burgalesa\" - EscapadaRural","og_description":"Tal y como ya avanzaba Francesc Ribes en su libro Los pueblos m\u00e1s bonitos de la Espa\u00f1a Vac\u00eda: \u201cA la bonita sierra de la Demanda tambi\u00e9n se la ha llamado la Laponia burgalesa por su escasa poblaci\u00f3n. En sus pueblos, la Espa\u00f1a vac\u00eda no es un concepto abstracto, sino una realidad diaria\u201d.","og_url":"https:\/\/www.escapadarural.com\/blog\/que-ver-en-la-sierra-de-la-demanda-burgos\/","og_site_name":"Magazine de viajes de EscapadaRural","article_publisher":"https:\/\/www.facebook.com\/escapadarural","article_published_time":"2024-02-15T08:30:51+00:00","article_modified_time":"2026-02-17T16:13:00+00:00","og_image":[{"width":1024,"height":682,"url":"https:\/\/www.escapadarural.com\/blog\/wp-content\/uploads\/2024\/10\/Campos-primavera-y-Sierra-de-la-Demanda-San-Lorenzo-Daniel-Acevedo.jpg","type":"image\/jpeg"}],"author":"Alba Feliz","twitter_card":"summary_large_image","twitter_misc":{"Escrito por":"Alba Feliz","Tiempo de lectura":"9 minutos"},"schema":{"@context":"https:\/\/schema.org","@graph":[{"@type":"Article","@id":"https:\/\/www.escapadarural.com\/blog\/que-ver-en-la-sierra-de-la-demanda-burgos\/#article","isPartOf":{"@id":"https:\/\/www.escapadarural.com\/blog\/que-ver-en-la-sierra-de-la-demanda-burgos\/"},"author":{"name":"Alba Feliz","@id":"https:\/\/www.escapadarural.com\/blog\/#\/schema\/person\/65271b7b847121ab7a4f8c3be624d420"},"headline":"Sierra de la Demanda, rutas y paisajes en la \u00abLaponia burgalesa\u00bb","datePublished":"2024-02-15T08:30:51+00:00","dateModified":"2026-02-17T16:13:00+00:00","mainEntityOfPage":{"@id":"https:\/\/www.escapadarural.com\/blog\/que-ver-en-la-sierra-de-la-demanda-burgos\/"},"wordCount":1565,"commentCount":0,"publisher":{"@id":"https:\/\/www.escapadarural.com\/blog\/#organization"},"image":{"@id":"https:\/\/www.escapadarural.com\/blog\/que-ver-en-la-sierra-de-la-demanda-burgos\/#primaryimage"},"thumbnailUrl":"https:\/\/www.escapadarural.com\/blog\/wp-content\/uploads\/2024\/10\/Campos-primavera-y-Sierra-de-la-Demanda-San-Lorenzo-Daniel-Acevedo.jpg","keywords":["Burgos","La Rioja","Los mejores planes para febrero","pueblos","Santo Domingo de Silos","Sierra de la Demanda"],"articleSection":["Destinos"],"inLanguage":"es","potentialAction":[{"@type":"CommentAction","name":"Comment","target":["https:\/\/www.escapadarural.com\/blog\/que-ver-en-la-sierra-de-la-demanda-burgos\/#respond"]}]},{"@type":"WebPage","@id":"https:\/\/www.escapadarural.com\/blog\/que-ver-en-la-sierra-de-la-demanda-burgos\/","url":"https:\/\/www.escapadarural.com\/blog\/que-ver-en-la-sierra-de-la-demanda-burgos\/","name":"Sierra de la Demanda, rutas y paisajes en la \"Laponia burgalesa\" - EscapadaRural","isPartOf":{"@id":"https:\/\/www.escapadarural.com\/blog\/#website"},"primaryImageOfPage":{"@id":"https:\/\/www.escapadarural.com\/blog\/que-ver-en-la-sierra-de-la-demanda-burgos\/#primaryimage"},"image":{"@id":"https:\/\/www.escapadarural.com\/blog\/que-ver-en-la-sierra-de-la-demanda-burgos\/#primaryimage"},"thumbnailUrl":"https:\/\/www.escapadarural.com\/blog\/wp-content\/uploads\/2024\/10\/Campos-primavera-y-Sierra-de-la-Demanda-San-Lorenzo-Daniel-Acevedo.jpg","datePublished":"2024-02-15T08:30:51+00:00","dateModified":"2026-02-17T16:13:00+00:00","breadcrumb":{"@id":"https:\/\/www.escapadarural.com\/blog\/que-ver-en-la-sierra-de-la-demanda-burgos\/#breadcrumb"},"inLanguage":"es","potentialAction":[{"@type":"ReadAction","target":["https:\/\/www.escapadarural.com\/blog\/que-ver-en-la-sierra-de-la-demanda-burgos\/"]}]},{"@type":"ImageObject","inLanguage":"es","@id":"https:\/\/www.escapadarural.com\/blog\/que-ver-en-la-sierra-de-la-demanda-burgos\/#primaryimage","url":"https:\/\/www.escapadarural.com\/blog\/wp-content\/uploads\/2024\/10\/Campos-primavera-y-Sierra-de-la-Demanda-San-Lorenzo-Daniel-Acevedo.jpg","contentUrl":"https:\/\/www.escapadarural.com\/blog\/wp-content\/uploads\/2024\/10\/Campos-primavera-y-Sierra-de-la-Demanda-San-Lorenzo-Daniel-Acevedo.jpg","width":1024,"height":682,"caption":"Campos verdes ondulados con un brillante parche amarillo de flores, respaldados por lejanas monta\u00f1as nevadas bajo un cielo parcialmente nublado. La luz del sol resalta algunas zonas del paisaje, creando una apacible escena rural."},{"@type":"BreadcrumbList","@id":"https:\/\/www.escapadarural.com\/blog\/que-ver-en-la-sierra-de-la-demanda-burgos\/#breadcrumb","itemListElement":[{"@type":"ListItem","position":1,"name":"Inicio","item":"https:\/\/www.escapadarural.com\/blog\/"},{"@type":"ListItem","position":2,"name":"Destinos","item":"https:\/\/www.escapadarural.com\/blog\/categoria\/destinos\/"},{"@type":"ListItem","position":3,"name":"Sierra de la Demanda, rutas y paisajes en la \u00abLaponia burgalesa\u00bb"}]},{"@type":"WebSite","@id":"https:\/\/www.escapadarural.com\/blog\/#website","url":"https:\/\/www.escapadarural.com\/blog\/","name":"Blog de viajes | turismo rural, alojamientos e inspiraci\u00f3n","description":"Alojamientos rurales e inspiraci\u00f3n para tus escapadas","publisher":{"@id":"https:\/\/www.escapadarural.com\/blog\/#organization"},"alternateName":"Magazine de viajes de EscapadaRural","potentialAction":[{"@type":"SearchAction","target":{"@type":"EntryPoint","urlTemplate":"https:\/\/www.escapadarural.com\/blog\/?s={search_term_string}"},"query-input":{"@type":"PropertyValueSpecification","valueRequired":true,"valueName":"search_term_string"}}],"inLanguage":"es"},{"@type":"Organization","@id":"https:\/\/www.escapadarural.com\/blog\/#organization","name":"EscapadaRural","url":"https:\/\/www.escapadarural.com\/blog\/","logo":{"@type":"ImageObject","inLanguage":"es","@id":"https:\/\/www.escapadarural.com\/blog\/#\/schema\/logo\/image\/","url":"https:\/\/www.escapadarural.com\/blog\/wp-content\/uploads\/2024\/10\/cropped-cropped-escapada-rural-icon-mag-3.png","contentUrl":"https:\/\/www.escapadarural.com\/blog\/wp-content\/uploads\/2024\/10\/cropped-cropped-escapada-rural-icon-mag-3.png","width":512,"height":512,"caption":"EscapadaRural"},"image":{"@id":"https:\/\/www.escapadarural.com\/blog\/#\/schema\/logo\/image\/"},"sameAs":["https:\/\/www.facebook.com\/escapadarural","https:\/\/www.instagram.com\/escapadarural\/","https:\/\/www.youtube.com\/@escapadaruralcom"]},{"@type":"Person","@id":"https:\/\/www.escapadarural.com\/blog\/#\/schema\/person\/65271b7b847121ab7a4f8c3be624d420","name":"Alba Feliz","image":{"@type":"ImageObject","inLanguage":"es","@id":"https:\/\/www.escapadarural.com\/blog\/wp-content\/uploads\/2024\/11\/cropped-alba-96x96.jpg","url":"https:\/\/www.escapadarural.com\/blog\/wp-content\/uploads\/2024\/11\/cropped-alba-96x96.jpg","contentUrl":"https:\/\/www.escapadarural.com\/blog\/wp-content\/uploads\/2024\/11\/cropped-alba-96x96.jpg","caption":"Alba Feliz"},"description":"Redactora, productora audiovisual y graduada en turismo y direcci\u00f3n hotelera. Creo firmemente que viajar abre la mente y permite conocer otras realidades que quiz\u00e1s desconocemos. Me apasiona la fotograf\u00eda anal\u00f3gica (la de toda la vida) y darle una oportunidad a los destinos menos conocidos.","url":"https:\/\/www.escapadarural.com\/blog\/autor\/alba\/"}]}},"_links":{"self":[{"href":"https:\/\/www.escapadarural.com\/blog\/wp-json\/wp\/v2\/posts\/70273","targetHints":{"allow":["GET"]}}],"collection":[{"href":"https:\/\/www.escapadarural.com\/blog\/wp-json\/wp\/v2\/posts"}],"about":[{"href":"https:\/\/www.escapadarural.com\/blog\/wp-json\/wp\/v2\/types\/post"}],"author":[{"embeddable":true,"href":"https:\/\/www.escapadarural.com\/blog\/wp-json\/wp\/v2\/users\/151"}],"replies":[{"embeddable":true,"href":"https:\/\/www.escapadarural.com\/blog\/wp-json\/wp\/v2\/comments?post=70273"}],"version-history":[{"count":0,"href":"https:\/\/www.escapadarural.com\/blog\/wp-json\/wp\/v2\/posts\/70273\/revisions"}],"wp:featuredmedia":[{"embeddable":true,"href":"https:\/\/www.escapadarural.com\/blog\/wp-json\/wp\/v2\/media\/93809"}],"wp:attachment":[{"href":"https:\/\/www.escapadarural.com\/blog\/wp-json\/wp\/v2\/media?parent=70273"}],"wp:term":[{"taxonomy":"category","embeddable":true,"href":"https:\/\/www.escapadarural.com\/blog\/wp-json\/wp\/v2\/categories?post=70273"},{"taxonomy":"post_tag","embeddable":true,"href":"https:\/\/www.escapadarural.com\/blog\/wp-json\/wp\/v2\/tags?post=70273"}],"curies":[{"name":"wp","href":"https:\/\/api.w.org\/{rel}","templated":true}]}}