{"id":70450,"date":"2024-03-01T08:00:00","date_gmt":"2024-03-01T07:00:00","guid":{"rendered":"https:\/\/www.escapadarural.com\/blog\/?p=70450"},"modified":"2025-04-23T15:45:07","modified_gmt":"2025-04-23T13:45:07","slug":"silueta-africa-orbaneja-del-castillo","status":"publish","type":"post","link":"https:\/\/www.escapadarural.com\/blog\/silueta-africa-orbaneja-del-castillo\/","title":{"rendered":"Ver \u00c1frica desde un peque\u00f1o pueblo de Burgos"},"content":{"rendered":"\n<figure class=\"wp-block-image size-large\"><a href=\"https:\/\/www.escapadarural.com\/blog\/wp-content\/uploads\/africa-en-orbaneja-del-castillo-scaled.jpg\"><img decoding=\"async\" src=\"https:\/\/www.escapadarural.com\/blog\/wp-content\/uploads\/2024\/10\/africa-en-orbaneja-del-castillo-1024x680-2.jpg\" alt=\"Silueta de \u00c1frica en Orbaneja del Castillo\" class=\"wp-image-70965\"\/><\/a><figcaption class=\"wp-element-caption\">Silueta de \u00c1frica en Orbaneja del Castillo. Por Nacho Vegas<\/figcaption><\/figure>\n\n\n\n<p>S\u00ed, has le\u00eddo bien. Hoy nos vamos al peque\u00f1o pueblo de <a href=\"\/casas-rurales\/orbaneja-del-castillo\">Orbaneja del Castillo<\/a>, en la provincia de <a href=\"\/casas-rurales\/burgos\">Burgos<\/a>, para ver \u00c1frica. Bueno, no literalmente el continente africano. No alcanzaremos a ver sus paisajes ni sus gentes; tampoco llegaremos a divisar algunos de sus animales m\u00e1s emblem\u00e1ticos, como el le\u00f3n o el elefante. Pero s\u00ed podremos apreciar, desde all\u00ed, en plena Castilla y Le\u00f3n, su silueta. \u00bfQue no te lo crees? Echa un vistazo a estas fotos. Vale, hemos jugado a captar tu atenci\u00f3n, pero, \u00bfverdad que es sorprendente?<\/p>\n\n\n\n<p>Como ves, en las crester\u00edas rocosas que flanquean Orbaneja del Castillo por su parte superior, nos <strong>encontramos con la forma de \u00c1frica<\/strong> dibujada en el agujero que dejan dos rocas que parecen a punto de abrazarse. Estas estructuras calc\u00e1reas est\u00e1n esparcidas por todo lo alto del ca\u00f1\u00f3n del pueblo y parece que lo protejan, por lo que se las conoce como \u201cEl castillo\u201d. A las que albergan <strong>este curioso mapa se les llama \u201cEl beso de los camellos\u201d.<\/strong> Y es que parece que estos animales tan simp\u00e1ticos y t\u00edpicos del continente africano est\u00e1n toc\u00e1ndose los labios en un gesto en el que, al mismo tiempo, dibujan a su madre patria.<\/p>\n\n\n\n<figure class=\"wp-block-image size-large\"><a href=\"https:\/\/www.escapadarural.com\/blog\/wp-content\/uploads\/afica-en-orbaneja-del-castillo-scaled.jpg\"><img decoding=\"async\" src=\"https:\/\/www.escapadarural.com\/blog\/wp-content\/uploads\/2024\/10\/afica-en-orbaneja-del-castillo-1024x768-2.jpg\" alt=\"Ver \u00c1frica en Orbaneja del Castillo\" class=\"wp-image-70966\"\/><\/a><figcaption class=\"wp-element-caption\">Silueta de \u00c1frica en Orbaneja del Castillo. Por IMAG3S<\/figcaption><\/figure>\n\n\n\n<p>Hay que colocarse bien para discernir la forma de \u00c1frica n\u00edtida en el roquedo superior de la monta\u00f1a y sobra decir que tiene que haber unas condiciones de luz adecuadas para poder sacarle una foto. Pocos se resisten a volver a casa sin su recuerdo gr\u00e1fico de cuando estuvieron en \u00c1frica\u2026 \u00a1en Castilla y Le\u00f3n!<\/p>\n\n\n\n<h2 class=\"wp-block-heading\" id=\"h-mucho-mas-que-africa-en-orbaneja-del-castillo\"><strong>Mucho m\u00e1s que \u00c1frica en Orbaneja del Castillo<\/strong><\/h2>\n\n\n\n<p>Al margen de este curioso capricho geol\u00f3gico, el pueblo de Orbaneja del Castillo, de apenas 50 habitantes, tiene mucho encanto. Est\u00e1 en uno de los <strong>ca\u00f1ones del curso alto del r\u00edo Ebro<\/strong>, de manera que su entorno ha sido esculpido por sus aguas, lo que ha propiciado un relieve k\u00e1rstico (o calizo).<\/p>\n\n\n\n<figure class=\"wp-block-image size-large\"><a href=\"https:\/\/www.escapadarural.com\/blog\/wp-content\/uploads\/orbaneja-waterfall-orbaneja-del-castillo-burgos-spain-stockpack-adobe-stock-scaled.jpg\"><img decoding=\"async\" src=\"https:\/\/www.escapadarural.com\/blog\/wp-content\/uploads\/2024\/10\/orbaneja-waterfall-orbaneja-del-castillo-burgos-spain-stockpack-adobe-stock-1024x683-2.jpg\" alt=\"Cascada de Orbaneja del Castillo\" class=\"wp-image-53917\"\/><\/a><figcaption class=\"wp-element-caption\">Cascada de Orbaneja del Castillo. Por Tolo<\/figcaption><\/figure>\n\n\n\n<p>Su paisaje est\u00e1 conformado por dos elementos principales: el crester\u00edo en el que est\u00e1 la silueta de \u00c1frica y una espectacular <strong>cascada que brota de la llamada Cueva del agua<\/strong> y que atraviesa el pueblo y lo divide en dos mitades (la Villa y la Puebla), antes de precipitarse el r\u00edo Ebro, con una ca\u00edda de unos 25 metros de altura. Y esta es otra curiosidad de Orbaneja del Castillo: se tratar\u00eda del \u00fanico pueblo-cascada de Espa\u00f1a, algo que le da una personalidad seductora e inconfundible.<\/p>\n\n\n\n<p>En el valle de Sedano, que es donde est\u00e1 Orbaneja del Castillo, dicen que en este pueblo hablan muy alto; cuando se pasea por sus calles, es f\u00e1cil entender el porqu\u00e9: si el transcurrir de un r\u00edo a menudo evoca paz y tranquilidad, aqu\u00ed lo impregna todo con su \u201csonido\u201d o \u201cruido\u201d (dejamos que t\u00fa decidas si es una cosa o la otra). Adem\u00e1s de un rumor persistente, deja estampas preciosas en forma de <strong>saltos, terrazas y pozas<\/strong> de un impresionante color azul turquesa, entre musgos y l\u00edquenes que le dan a\u00fan m\u00e1s magia al paisaje.<\/p>\n\n\n\n<figure class=\"wp-block-image size-full\"><a href=\"https:\/\/www.escapadarural.com\/blog\/wp-content\/uploads\/2024\/10\/shutterstock_478753537.jpg\"><img decoding=\"async\" src=\"https:\/\/www.escapadarural.com\/blog\/wp-content\/uploads\/2024\/10\/shutterstock_478753537.jpg\" alt=\"Orbaneja del Castillo\" class=\"wp-image-26047\"\/><\/a><figcaption class=\"wp-element-caption\">Orbaneja del Castillo. Por cineuno<\/figcaption><\/figure>\n\n\n\n<p>Estas aguas han moldeado la roca de la zona y con ella se fueron construyendo, en su d\u00eda, las casas del pueblo, que hoy lucen con una personalidad muy caracter\u00edstica y dibujan un <strong>entramado urbano de cuento<\/strong>, con callecitas empedradas y balcones de madera. Un aspecto que ha sido reconocido como Conjunto Hist\u00f3rico Art\u00edstico y que tambi\u00e9n alberga huellas de las diferentes culturas que han habitado el pueblo, como moz\u00e1rabes, cristianos y jud\u00edos. Los edificios m\u00e1s singulares de Orbaneja del Castillo es la casa Fuerte, que se ve en lo alto de una roca, y la casa de los Pobres, que es un antiguo hospital del siglo XVI.<\/p>\n\n\n\n<h2 class=\"wp-block-heading\" id=\"h-donde-esta-el-castillo\"><strong>\u00bfD\u00f3nde est\u00e1 el \u00abcastillo\u00bb?<\/strong><\/h2>\n\n\n\n<figure class=\"wp-block-image size-large\"><a href=\"https:\/\/www.escapadarural.com\/blog\/wp-content\/uploads\/Orbaneja-del-Castillo-10-scaled.jpg\"><img decoding=\"async\" src=\"https:\/\/www.escapadarural.com\/blog\/wp-content\/uploads\/2024\/10\/Orbaneja-del-Castillo-10-1024x683-2.jpg\" alt=\"Pueblos de Espa\u00f1a: Orbaneja del Castillo\" class=\"wp-image-64150\"\/><\/a><figcaption class=\"wp-element-caption\">Orbaneja del Castillo. Por cineuno<\/figcaption><\/figure>\n\n\n\n<p>Por cierto, si tienes la tentaci\u00f3n de preguntar c\u00f3mo ir para visitar el castillo (por algo se llamar\u00e1 Orbaneja \u201cdel Castillo\u201d, \u00bfverdad?), mejor no lo hagas: habr\u00eda estado en pie hasta mediados del siglo XIV, pero <strong>en la actualidad no queda nada<\/strong>, ni una torre, ni muralla, ni tan solo las ruinas.<\/p>\n\n\n\n<p>Aunque no hay castillo como tal, tienes otros planes alternativos para hacer en la zona, como practicar senderismo en los alrededores del <strong>Parque Natural de las Hoces del Alto Ebro y Rudr\u00f3n<\/strong>: la senda del desfiladero del r\u00edo Rudr\u00f3n, que es lineal y hace un recorrido sinuoso de 9 kil\u00f3metros; o la ruta circular del ca\u00f1\u00f3n del Ebro, que pasa por Valdelateja y Orbaneja del Castillo, y permiten apreciar la biodiversidad de la zona a trav\u00e9s de 17 kil\u00f3metros. Y, de vez en cuando, alzad la mirada al cielo: no es muy dif\u00edcil <strong>ver buitres leonados<\/strong> sobre las hoces del Ebro.<\/p>\n\n\n\n<h2 class=\"wp-block-heading\" id=\"h-otras-formas-caprichosas-en-la-roca\"><strong>Otras formas caprichosas en la roca<\/strong><\/h2>\n\n\n\n<figure class=\"wp-block-image size-large\"><a href=\"https:\/\/www.escapadarural.com\/blog\/wp-content\/uploads\/orbaneja-del-castillo-burgos-scaled.jpg\"><img decoding=\"async\" src=\"https:\/\/www.escapadarural.com\/blog\/wp-content\/uploads\/2024\/10\/orbaneja-del-castillo-burgos-1024x683-1.jpg\" alt=\"Orbaneja del Castillo\" class=\"wp-image-70968\"\/><\/a><figcaption class=\"wp-element-caption\">Orbaneja del Castillo. Por Y.Vega Photog<\/figcaption><\/figure>\n\n\n\n<p>Los diferentes elementos que erosionan la roca son capaces de esculpir figuras de lo m\u00e1s sorprendentes. Los camellos y su mapa de \u00c1frica en Orbaneja del Castillo no son un caso aislado. Otros lugares tambi\u00e9n albergan formas muy peculiares en sus paisajes, sin que el ser humano haya intervenido.<\/p>\n\n\n\n<p>Por ejemplo, las <strong>monta\u00f1as de Montserrat en la provincia de Barcelona<\/strong> son un enclave de gran misticismo en el que hay unos pin\u00e1culos sobrecogedores con siluetas con gran parecido a formas reales, como una mujer embarazada, una momia, un elefante o un mono. Se ven desde lejos y los monta\u00f1eros y escaladores de la zona los suelen utilizar como br\u00fajula o referencia espacial.<\/p>\n\n\n\n<p>Otro paradigma lo tenemos en <strong><a href=\"https:\/\/www.escapadarural.com\/blog\/ruta-callejones-de-las-majadas\/\">Los callejones de las Majadas<\/a><\/strong>, un municipio de Castilla-La Mancha en el que se ha \u201cconstruido\u201d de forma natural una especie de ciudad encantada a base de rocas. Estas adoptan figuras que se asemejan mucho a elementos t\u00edpicos que podemos encontrar en una urbe, como puentes, arcos, plazas y monolitos; tradicionalmente estas \u201ccalles\u201d salvajes las han aprovechado los pastores para guardar al ganado.<\/p>\n\n\n\n<p>Muy cerca est\u00e1 la famosa <a href=\"https:\/\/www.escapadarural.com\/blog\/la-magia-de-la-ciudad-encantada-de-cuenca-en-invierno\/\">Ciudad Encantada de Cuenca<\/a>, pr\u00f3xima al pueblo de Valdecabras, es uno de los destinos m\u00e1s conocidos para descubrir formas en la piedra. Es algo as\u00ed como pasear por las p\u00e1ginas de un cuento de fantas\u00eda. Las principales formaciones rocosas tienen nombres que le han concedido el imaginario popular y que hoy incluso figuran en carteles con su correspondiente explicaci\u00f3n. Entre ellos, podremos ver la \u201ccara del hombre\u201d, \u201cla foca\u201d, \u201clos osos\u201d, \u201cel tobog\u00e1n\u201d, \u201cel mar de piedra\u201d, la \u201clucha del elefante y el cocodrilo\u201d o \u201cel perro\u201d. Y, por supuesto, el emblem\u00e1tico \u201cTormo Alto\u201d, que es el s\u00edmbolo de la Ciudad Encantada.<\/p>\n\n\n\n<div class=\"wp-block-buttons is-layout-flex wp-block-buttons-is-layout-flex\">\n<div class=\"wp-block-button\"><a class=\"wp-block-button__link wp-element-button\" href=\"\/casas-rurales\/orbaneja-del-castillo\">Casas rurales en Orbaneja del Castillo<\/a><\/div>\n<\/div>\n","protected":false},"excerpt":{"rendered":"<p>Orbaneja del Castillo no solo es el pueblo de las cascadas, sino que en sus alrededores, como abraz\u00e1ndole, encontramos crester\u00edas rocosas de diversas formas donde, incluso, podemos ver \u00c1frica<\/p>\n","protected":false},"author":123,"featured_media":70966,"comment_status":"open","ping_status":"open","sticky":false,"template":"","format":"standard","meta":{"_acf_changed":false,"om_disable_all_campaigns":false,"footnotes":""},"categories":[191],"tags":[260,439,5995,440,1145,212],"class_list":["post-70450","post","type-post","status-publish","format-standard","has-post-thumbnail","hentry","category-destinos","tag-articulo","tag-que-ver-en-burgos","tag-que-ver-en-castilla-y-leon","tag-historias-y-curiosidades","tag-orbaneja-del-castillo","tag-pueblos"],"acf":[],"featured_image_src":"https:\/\/www.escapadarural.com\/blog\/wp-content\/uploads\/2024\/02\/afica-en-orbaneja-del-castillo-scaled-1.jpg","author_info":{"display_name":"Raquel Andr\u00e9s","author_link":"https:\/\/www.escapadarural.com\/blog\/autor\/raquel\/"},"yoast_head":"<!-- This site is optimized with the Yoast SEO plugin v27.5 - https:\/\/yoast.com\/product\/yoast-seo-wordpress\/ -->\n<title>Ver \u00c1frica desde un peque\u00f1o pueblo de Burgos - EscapadaRural<\/title>\n<meta name=\"robots\" content=\"index, follow, max-snippet:-1, max-image-preview:large, max-video-preview:-1\" \/>\n<link rel=\"canonical\" href=\"https:\/\/www.escapadarural.com\/blog\/silueta-africa-orbaneja-del-castillo\/\" \/>\n<meta property=\"og:locale\" content=\"es_ES\" \/>\n<meta property=\"og:type\" content=\"article\" \/>\n<meta property=\"og:title\" content=\"Ver \u00c1frica desde un peque\u00f1o pueblo de Burgos - EscapadaRural\" \/>\n<meta property=\"og:description\" content=\"Orbaneja del Castillo no solo es el pueblo de las cascadas, sino que en sus alrededores, como abraz\u00e1ndole, encontramos crester\u00edas rocosas de diversas formas donde, incluso, podemos ver \u00c1frica\" \/>\n<meta property=\"og:url\" content=\"https:\/\/www.escapadarural.com\/blog\/silueta-africa-orbaneja-del-castillo\/\" \/>\n<meta property=\"og:site_name\" content=\"Magazine de viajes de EscapadaRural\" \/>\n<meta property=\"article:publisher\" content=\"https:\/\/www.facebook.com\/escapadarural\" \/>\n<meta property=\"article:published_time\" content=\"2024-03-01T07:00:00+00:00\" \/>\n<meta property=\"article:modified_time\" content=\"2025-04-23T13:45:07+00:00\" \/>\n<meta property=\"og:image\" content=\"https:\/\/app.escapadarural.com\/blog\/wp-content\/uploads\/2024\/02\/afica-en-orbaneja-del-castillo-scaled-1.jpg\" \/>\n\t<meta property=\"og:image:width\" content=\"2048\" \/>\n\t<meta property=\"og:image:height\" content=\"1536\" \/>\n\t<meta property=\"og:image:type\" content=\"image\/jpeg\" \/>\n<meta name=\"author\" content=\"Raquel Andr\u00e9s\" \/>\n<meta name=\"twitter:card\" content=\"summary_large_image\" \/>\n<meta name=\"twitter:label1\" content=\"Escrito por\" \/>\n\t<meta name=\"twitter:data1\" content=\"Raquel Andr\u00e9s\" \/>\n\t<meta name=\"twitter:label2\" content=\"Tiempo de lectura\" \/>\n\t<meta name=\"twitter:data2\" content=\"7 minutos\" \/>\n<script type=\"application\/ld+json\" class=\"yoast-schema-graph\">{\"@context\":\"https:\\\/\\\/schema.org\",\"@graph\":[{\"@type\":\"Article\",\"@id\":\"https:\\\/\\\/www.escapadarural.com\\\/blog\\\/silueta-africa-orbaneja-del-castillo\\\/#article\",\"isPartOf\":{\"@id\":\"https:\\\/\\\/www.escapadarural.com\\\/blog\\\/silueta-africa-orbaneja-del-castillo\\\/\"},\"author\":{\"name\":\"Raquel Andr\u00e9s\",\"@id\":\"https:\\\/\\\/www.escapadarural.com\\\/blog\\\/#\\\/schema\\\/person\\\/67be061eb00d8315fa8642e01b88c894\"},\"headline\":\"Ver \u00c1frica desde un peque\u00f1o pueblo de Burgos\",\"datePublished\":\"2024-03-01T07:00:00+00:00\",\"dateModified\":\"2025-04-23T13:45:07+00:00\",\"mainEntityOfPage\":{\"@id\":\"https:\\\/\\\/www.escapadarural.com\\\/blog\\\/silueta-africa-orbaneja-del-castillo\\\/\"},\"wordCount\":1179,\"commentCount\":0,\"publisher\":{\"@id\":\"https:\\\/\\\/www.escapadarural.com\\\/blog\\\/#organization\"},\"image\":{\"@id\":\"https:\\\/\\\/www.escapadarural.com\\\/blog\\\/silueta-africa-orbaneja-del-castillo\\\/#primaryimage\"},\"thumbnailUrl\":\"https:\\\/\\\/www.escapadarural.com\\\/blog\\\/wp-content\\\/uploads\\\/2024\\\/02\\\/afica-en-orbaneja-del-castillo-scaled-1.jpg\",\"keywords\":[\"art\u00edculo\",\"Burgos\",\"Castilla y Le\u00f3n\",\"Historias y Curiosidades\",\"Orbaneja del Castillo\",\"pueblos\"],\"articleSection\":[\"Destinos\"],\"inLanguage\":\"es\",\"potentialAction\":[{\"@type\":\"CommentAction\",\"name\":\"Comment\",\"target\":[\"https:\\\/\\\/www.escapadarural.com\\\/blog\\\/silueta-africa-orbaneja-del-castillo\\\/#respond\"]}]},{\"@type\":\"WebPage\",\"@id\":\"https:\\\/\\\/www.escapadarural.com\\\/blog\\\/silueta-africa-orbaneja-del-castillo\\\/\",\"url\":\"https:\\\/\\\/www.escapadarural.com\\\/blog\\\/silueta-africa-orbaneja-del-castillo\\\/\",\"name\":\"Ver \u00c1frica desde un peque\u00f1o pueblo de Burgos - EscapadaRural\",\"isPartOf\":{\"@id\":\"https:\\\/\\\/www.escapadarural.com\\\/blog\\\/#website\"},\"primaryImageOfPage\":{\"@id\":\"https:\\\/\\\/www.escapadarural.com\\\/blog\\\/silueta-africa-orbaneja-del-castillo\\\/#primaryimage\"},\"image\":{\"@id\":\"https:\\\/\\\/www.escapadarural.com\\\/blog\\\/silueta-africa-orbaneja-del-castillo\\\/#primaryimage\"},\"thumbnailUrl\":\"https:\\\/\\\/www.escapadarural.com\\\/blog\\\/wp-content\\\/uploads\\\/2024\\\/02\\\/afica-en-orbaneja-del-castillo-scaled-1.jpg\",\"datePublished\":\"2024-03-01T07:00:00+00:00\",\"dateModified\":\"2025-04-23T13:45:07+00:00\",\"breadcrumb\":{\"@id\":\"https:\\\/\\\/www.escapadarural.com\\\/blog\\\/silueta-africa-orbaneja-del-castillo\\\/#breadcrumb\"},\"inLanguage\":\"es\",\"potentialAction\":[{\"@type\":\"ReadAction\",\"target\":[\"https:\\\/\\\/www.escapadarural.com\\\/blog\\\/silueta-africa-orbaneja-del-castillo\\\/\"]}]},{\"@type\":\"ImageObject\",\"inLanguage\":\"es\",\"@id\":\"https:\\\/\\\/www.escapadarural.com\\\/blog\\\/silueta-africa-orbaneja-del-castillo\\\/#primaryimage\",\"url\":\"https:\\\/\\\/www.escapadarural.com\\\/blog\\\/wp-content\\\/uploads\\\/2024\\\/02\\\/afica-en-orbaneja-del-castillo-scaled-1.jpg\",\"contentUrl\":\"https:\\\/\\\/www.escapadarural.com\\\/blog\\\/wp-content\\\/uploads\\\/2024\\\/02\\\/afica-en-orbaneja-del-castillo-scaled-1.jpg\",\"width\":2048,\"height\":1536,\"caption\":\"Silueta de \u00c1frica en Orbaneja del Castillo, Burgos. Por IMAG3S\"},{\"@type\":\"BreadcrumbList\",\"@id\":\"https:\\\/\\\/www.escapadarural.com\\\/blog\\\/silueta-africa-orbaneja-del-castillo\\\/#breadcrumb\",\"itemListElement\":[{\"@type\":\"ListItem\",\"position\":1,\"name\":\"Inicio\",\"item\":\"https:\\\/\\\/www.escapadarural.com\\\/blog\\\/\"},{\"@type\":\"ListItem\",\"position\":2,\"name\":\"Destinos\",\"item\":\"https:\\\/\\\/www.escapadarural.com\\\/blog\\\/categoria\\\/destinos\\\/\"},{\"@type\":\"ListItem\",\"position\":3,\"name\":\"Ver \u00c1frica desde un peque\u00f1o pueblo de Burgos\"}]},{\"@type\":\"WebSite\",\"@id\":\"https:\\\/\\\/www.escapadarural.com\\\/blog\\\/#website\",\"url\":\"https:\\\/\\\/www.escapadarural.com\\\/blog\\\/\",\"name\":\"Blog de viajes | turismo rural, alojamientos e inspiraci\u00f3n\",\"description\":\"Alojamientos rurales e inspiraci\u00f3n para tus escapadas\",\"publisher\":{\"@id\":\"https:\\\/\\\/www.escapadarural.com\\\/blog\\\/#organization\"},\"alternateName\":\"Magazine de viajes de EscapadaRural\",\"potentialAction\":[{\"@type\":\"SearchAction\",\"target\":{\"@type\":\"EntryPoint\",\"urlTemplate\":\"https:\\\/\\\/www.escapadarural.com\\\/blog\\\/?s={search_term_string}\"},\"query-input\":{\"@type\":\"PropertyValueSpecification\",\"valueRequired\":true,\"valueName\":\"search_term_string\"}}],\"inLanguage\":\"es\"},{\"@type\":\"Organization\",\"@id\":\"https:\\\/\\\/www.escapadarural.com\\\/blog\\\/#organization\",\"name\":\"EscapadaRural\",\"url\":\"https:\\\/\\\/www.escapadarural.com\\\/blog\\\/\",\"logo\":{\"@type\":\"ImageObject\",\"inLanguage\":\"es\",\"@id\":\"https:\\\/\\\/www.escapadarural.com\\\/blog\\\/#\\\/schema\\\/logo\\\/image\\\/\",\"url\":\"https:\\\/\\\/www.escapadarural.com\\\/blog\\\/wp-content\\\/uploads\\\/2024\\\/10\\\/cropped-cropped-escapada-rural-icon-mag-3.png\",\"contentUrl\":\"https:\\\/\\\/www.escapadarural.com\\\/blog\\\/wp-content\\\/uploads\\\/2024\\\/10\\\/cropped-cropped-escapada-rural-icon-mag-3.png\",\"width\":512,\"height\":512,\"caption\":\"EscapadaRural\"},\"image\":{\"@id\":\"https:\\\/\\\/www.escapadarural.com\\\/blog\\\/#\\\/schema\\\/logo\\\/image\\\/\"},\"sameAs\":[\"https:\\\/\\\/www.facebook.com\\\/escapadarural\",\"https:\\\/\\\/www.instagram.com\\\/escapadarural\\\/\",\"https:\\\/\\\/www.youtube.com\\\/@escapadaruralcom\"]},{\"@type\":\"Person\",\"@id\":\"https:\\\/\\\/www.escapadarural.com\\\/blog\\\/#\\\/schema\\\/person\\\/67be061eb00d8315fa8642e01b88c894\",\"name\":\"Raquel Andr\u00e9s\",\"image\":{\"@type\":\"ImageObject\",\"inLanguage\":\"es\",\"@id\":\"https:\\\/\\\/secure.gravatar.com\\\/avatar\\\/b45840531462f3cafb335a9fc5c0bfda2c07c3df4b82b304b923526b85cc6cb5?s=96&d=mm&r=g\",\"url\":\"https:\\\/\\\/secure.gravatar.com\\\/avatar\\\/b45840531462f3cafb335a9fc5c0bfda2c07c3df4b82b304b923526b85cc6cb5?s=96&d=mm&r=g\",\"contentUrl\":\"https:\\\/\\\/secure.gravatar.com\\\/avatar\\\/b45840531462f3cafb335a9fc5c0bfda2c07c3df4b82b304b923526b85cc6cb5?s=96&d=mm&r=g\",\"caption\":\"Raquel Andr\u00e9s\"},\"description\":\"Periodista y aventurera. Me has podido leer en Escapada Rural, Diari Nosaltres La Veu, La Vanguardia, El Salto y otros medios. Habitante y amante de las zonas rurales, sea cual sea el destino. Procuro escaparme una vez por semana con las botas de monta\u00f1a, el arn\u00e9s o el neopreno. Tambi\u00e9n soy un intento de baserritarra.\",\"url\":\"https:\\\/\\\/www.escapadarural.com\\\/blog\\\/autor\\\/raquel\\\/\"}]}<\/script>\n<!-- \/ Yoast SEO plugin. -->","yoast_head_json":{"title":"Ver \u00c1frica desde un peque\u00f1o pueblo de Burgos - EscapadaRural","robots":{"index":"index","follow":"follow","max-snippet":"max-snippet:-1","max-image-preview":"max-image-preview:large","max-video-preview":"max-video-preview:-1"},"canonical":"https:\/\/www.escapadarural.com\/blog\/silueta-africa-orbaneja-del-castillo\/","og_locale":"es_ES","og_type":"article","og_title":"Ver \u00c1frica desde un peque\u00f1o pueblo de Burgos - EscapadaRural","og_description":"Orbaneja del Castillo no solo es el pueblo de las cascadas, sino que en sus alrededores, como abraz\u00e1ndole, encontramos crester\u00edas rocosas de diversas formas donde, incluso, podemos ver \u00c1frica","og_url":"https:\/\/www.escapadarural.com\/blog\/silueta-africa-orbaneja-del-castillo\/","og_site_name":"Magazine de viajes de EscapadaRural","article_publisher":"https:\/\/www.facebook.com\/escapadarural","article_published_time":"2024-03-01T07:00:00+00:00","article_modified_time":"2025-04-23T13:45:07+00:00","og_image":[{"width":2048,"height":1536,"url":"https:\/\/app.escapadarural.com\/blog\/wp-content\/uploads\/2024\/02\/afica-en-orbaneja-del-castillo-scaled-1.jpg","type":"image\/jpeg"}],"author":"Raquel Andr\u00e9s","twitter_card":"summary_large_image","twitter_misc":{"Escrito por":"Raquel Andr\u00e9s","Tiempo de lectura":"7 minutos"},"schema":{"@context":"https:\/\/schema.org","@graph":[{"@type":"Article","@id":"https:\/\/www.escapadarural.com\/blog\/silueta-africa-orbaneja-del-castillo\/#article","isPartOf":{"@id":"https:\/\/www.escapadarural.com\/blog\/silueta-africa-orbaneja-del-castillo\/"},"author":{"name":"Raquel Andr\u00e9s","@id":"https:\/\/www.escapadarural.com\/blog\/#\/schema\/person\/67be061eb00d8315fa8642e01b88c894"},"headline":"Ver \u00c1frica desde un peque\u00f1o pueblo de Burgos","datePublished":"2024-03-01T07:00:00+00:00","dateModified":"2025-04-23T13:45:07+00:00","mainEntityOfPage":{"@id":"https:\/\/www.escapadarural.com\/blog\/silueta-africa-orbaneja-del-castillo\/"},"wordCount":1179,"commentCount":0,"publisher":{"@id":"https:\/\/www.escapadarural.com\/blog\/#organization"},"image":{"@id":"https:\/\/www.escapadarural.com\/blog\/silueta-africa-orbaneja-del-castillo\/#primaryimage"},"thumbnailUrl":"https:\/\/www.escapadarural.com\/blog\/wp-content\/uploads\/2024\/02\/afica-en-orbaneja-del-castillo-scaled-1.jpg","keywords":["art\u00edculo","Burgos","Castilla y Le\u00f3n","Historias y Curiosidades","Orbaneja del Castillo","pueblos"],"articleSection":["Destinos"],"inLanguage":"es","potentialAction":[{"@type":"CommentAction","name":"Comment","target":["https:\/\/www.escapadarural.com\/blog\/silueta-africa-orbaneja-del-castillo\/#respond"]}]},{"@type":"WebPage","@id":"https:\/\/www.escapadarural.com\/blog\/silueta-africa-orbaneja-del-castillo\/","url":"https:\/\/www.escapadarural.com\/blog\/silueta-africa-orbaneja-del-castillo\/","name":"Ver \u00c1frica desde un peque\u00f1o pueblo de Burgos - EscapadaRural","isPartOf":{"@id":"https:\/\/www.escapadarural.com\/blog\/#website"},"primaryImageOfPage":{"@id":"https:\/\/www.escapadarural.com\/blog\/silueta-africa-orbaneja-del-castillo\/#primaryimage"},"image":{"@id":"https:\/\/www.escapadarural.com\/blog\/silueta-africa-orbaneja-del-castillo\/#primaryimage"},"thumbnailUrl":"https:\/\/www.escapadarural.com\/blog\/wp-content\/uploads\/2024\/02\/afica-en-orbaneja-del-castillo-scaled-1.jpg","datePublished":"2024-03-01T07:00:00+00:00","dateModified":"2025-04-23T13:45:07+00:00","breadcrumb":{"@id":"https:\/\/www.escapadarural.com\/blog\/silueta-africa-orbaneja-del-castillo\/#breadcrumb"},"inLanguage":"es","potentialAction":[{"@type":"ReadAction","target":["https:\/\/www.escapadarural.com\/blog\/silueta-africa-orbaneja-del-castillo\/"]}]},{"@type":"ImageObject","inLanguage":"es","@id":"https:\/\/www.escapadarural.com\/blog\/silueta-africa-orbaneja-del-castillo\/#primaryimage","url":"https:\/\/www.escapadarural.com\/blog\/wp-content\/uploads\/2024\/02\/afica-en-orbaneja-del-castillo-scaled-1.jpg","contentUrl":"https:\/\/www.escapadarural.com\/blog\/wp-content\/uploads\/2024\/02\/afica-en-orbaneja-del-castillo-scaled-1.jpg","width":2048,"height":1536,"caption":"Silueta de \u00c1frica en Orbaneja del Castillo, Burgos. Por IMAG3S"},{"@type":"BreadcrumbList","@id":"https:\/\/www.escapadarural.com\/blog\/silueta-africa-orbaneja-del-castillo\/#breadcrumb","itemListElement":[{"@type":"ListItem","position":1,"name":"Inicio","item":"https:\/\/www.escapadarural.com\/blog\/"},{"@type":"ListItem","position":2,"name":"Destinos","item":"https:\/\/www.escapadarural.com\/blog\/categoria\/destinos\/"},{"@type":"ListItem","position":3,"name":"Ver \u00c1frica desde un peque\u00f1o pueblo de Burgos"}]},{"@type":"WebSite","@id":"https:\/\/www.escapadarural.com\/blog\/#website","url":"https:\/\/www.escapadarural.com\/blog\/","name":"Blog de viajes | turismo rural, alojamientos e inspiraci\u00f3n","description":"Alojamientos rurales e inspiraci\u00f3n para tus escapadas","publisher":{"@id":"https:\/\/www.escapadarural.com\/blog\/#organization"},"alternateName":"Magazine de viajes de EscapadaRural","potentialAction":[{"@type":"SearchAction","target":{"@type":"EntryPoint","urlTemplate":"https:\/\/www.escapadarural.com\/blog\/?s={search_term_string}"},"query-input":{"@type":"PropertyValueSpecification","valueRequired":true,"valueName":"search_term_string"}}],"inLanguage":"es"},{"@type":"Organization","@id":"https:\/\/www.escapadarural.com\/blog\/#organization","name":"EscapadaRural","url":"https:\/\/www.escapadarural.com\/blog\/","logo":{"@type":"ImageObject","inLanguage":"es","@id":"https:\/\/www.escapadarural.com\/blog\/#\/schema\/logo\/image\/","url":"https:\/\/www.escapadarural.com\/blog\/wp-content\/uploads\/2024\/10\/cropped-cropped-escapada-rural-icon-mag-3.png","contentUrl":"https:\/\/www.escapadarural.com\/blog\/wp-content\/uploads\/2024\/10\/cropped-cropped-escapada-rural-icon-mag-3.png","width":512,"height":512,"caption":"EscapadaRural"},"image":{"@id":"https:\/\/www.escapadarural.com\/blog\/#\/schema\/logo\/image\/"},"sameAs":["https:\/\/www.facebook.com\/escapadarural","https:\/\/www.instagram.com\/escapadarural\/","https:\/\/www.youtube.com\/@escapadaruralcom"]},{"@type":"Person","@id":"https:\/\/www.escapadarural.com\/blog\/#\/schema\/person\/67be061eb00d8315fa8642e01b88c894","name":"Raquel Andr\u00e9s","image":{"@type":"ImageObject","inLanguage":"es","@id":"https:\/\/secure.gravatar.com\/avatar\/b45840531462f3cafb335a9fc5c0bfda2c07c3df4b82b304b923526b85cc6cb5?s=96&d=mm&r=g","url":"https:\/\/secure.gravatar.com\/avatar\/b45840531462f3cafb335a9fc5c0bfda2c07c3df4b82b304b923526b85cc6cb5?s=96&d=mm&r=g","contentUrl":"https:\/\/secure.gravatar.com\/avatar\/b45840531462f3cafb335a9fc5c0bfda2c07c3df4b82b304b923526b85cc6cb5?s=96&d=mm&r=g","caption":"Raquel Andr\u00e9s"},"description":"Periodista y aventurera. Me has podido leer en Escapada Rural, Diari Nosaltres La Veu, La Vanguardia, El Salto y otros medios. Habitante y amante de las zonas rurales, sea cual sea el destino. Procuro escaparme una vez por semana con las botas de monta\u00f1a, el arn\u00e9s o el neopreno. Tambi\u00e9n soy un intento de baserritarra.","url":"https:\/\/www.escapadarural.com\/blog\/autor\/raquel\/"}]}},"_links":{"self":[{"href":"https:\/\/www.escapadarural.com\/blog\/wp-json\/wp\/v2\/posts\/70450","targetHints":{"allow":["GET"]}}],"collection":[{"href":"https:\/\/www.escapadarural.com\/blog\/wp-json\/wp\/v2\/posts"}],"about":[{"href":"https:\/\/www.escapadarural.com\/blog\/wp-json\/wp\/v2\/types\/post"}],"author":[{"embeddable":true,"href":"https:\/\/www.escapadarural.com\/blog\/wp-json\/wp\/v2\/users\/123"}],"replies":[{"embeddable":true,"href":"https:\/\/www.escapadarural.com\/blog\/wp-json\/wp\/v2\/comments?post=70450"}],"version-history":[{"count":0,"href":"https:\/\/www.escapadarural.com\/blog\/wp-json\/wp\/v2\/posts\/70450\/revisions"}],"wp:featuredmedia":[{"embeddable":true,"href":"https:\/\/www.escapadarural.com\/blog\/wp-json\/wp\/v2\/media\/70966"}],"wp:attachment":[{"href":"https:\/\/www.escapadarural.com\/blog\/wp-json\/wp\/v2\/media?parent=70450"}],"wp:term":[{"taxonomy":"category","embeddable":true,"href":"https:\/\/www.escapadarural.com\/blog\/wp-json\/wp\/v2\/categories?post=70450"},{"taxonomy":"post_tag","embeddable":true,"href":"https:\/\/www.escapadarural.com\/blog\/wp-json\/wp\/v2\/tags?post=70450"}],"curies":[{"name":"wp","href":"https:\/\/api.w.org\/{rel}","templated":true}]}}