{"id":70478,"date":"2024-02-13T08:00:00","date_gmt":"2024-02-13T07:00:00","guid":{"rendered":"https:\/\/www.escapadarural.com\/blog\/?p=70478"},"modified":"2026-02-17T17:13:06","modified_gmt":"2026-02-17T16:13:06","slug":"salas-pueblo-con-monumentos-nacionales","status":"publish","type":"post","link":"https:\/\/www.escapadarural.com\/blog\/salas-pueblo-con-monumentos-nacionales\/","title":{"rendered":"La villa medieval en el Camino de Santiago con 4 Monumentos Nacionales"},"content":{"rendered":"\n<figure class=\"wp-block-image size-large\"><a href=\"https:\/\/www.escapadarural.com\/blog\/wp-content\/uploads\/salas-1.jpg\"><img decoding=\"async\" src=\"https:\/\/www.escapadarural.com\/blog\/wp-content\/uploads\/2024\/10\/salas-1-1024x683-2.jpg\" alt=\"Salas\" class=\"wp-image-68771\"\/><\/a><figcaption class=\"wp-element-caption\">Salas. Por Laura Fern\u00e1ndez<\/figcaption><\/figure>\n\n\n\n<p>Conocido como la puerta al occidente de <a href=\"\/casas-rurales\/asturias\">Asturias<\/a>, <a href=\"\/casas-rurales\/salas\">Salas<\/a> es una <strong>villa medieval<\/strong> que naci\u00f3 en torno a un castillo a la vera del r\u00edo Nonaya. Fue en el siglo XII y, la buena noticia, es que en su centro urbano a\u00fan se conservan edificaciones de la \u00e9poca que nos permiten viajar en el tiempo. No es de extra\u00f1ar que cuatro de ellas hayan sido declaradas Monumento Nacional.&nbsp;<\/p>\n\n\n\n<p>Cada d\u00eda, cientos de peregrinos recorren su calle principal y cruzan el arco de piedra que une el palacio de los Vald\u00e9s-Salas con la <strong>torre de la villa<\/strong>. Lo hacen siguiendo la concha que marca el <a href=\"https:\/\/www.escapadarural.com\/blog\/que-ver-en-el-camino-primitivo-de-santiago\/\">Camino de Santiago primitivo<\/a>, el m\u00e1s antiguo de todos los caminos y que, en esta etapa, une Salas con Tineo.&nbsp;<\/p>\n\n\n\n<p>Nosotros tambi\u00e9n llegamos a Salas siguiendo las conchas de Vieira desde Cornellana, donde est\u00e1 el monasterio benedictino de San Salvador del siglo XI. Y, al igual que otros peregrinos, detuvimos el viaje para relajarnos y  conocer las maravillas de esta localidad, que no son pocas.&nbsp;<\/p>\n\n\n\n<div class=\"wp-block-buttons is-layout-flex wp-block-buttons-is-layout-flex\">\n<div class=\"wp-block-button\"><a class=\"wp-block-button__link wp-element-button\" href=\"\/casas-rurales\/salas\">Casas rurales en Salas<\/a><\/div>\n<\/div>\n\n\n\n<h2 class=\"wp-block-heading\" id=\"h-los-4-monumentos-nacionales-de-salas\"><strong>Los 4 Monumentos Nacionales de Salas<\/strong><\/h2>\n\n\n\n<figure class=\"wp-block-image size-large\"><a href=\"https:\/\/www.escapadarural.com\/blog\/wp-content\/uploads\/torre-salas-scaled.jpg\"><img decoding=\"async\" src=\"https:\/\/www.escapadarural.com\/blog\/wp-content\/uploads\/2024\/10\/torre-salas-1024x683-1.jpg\" alt=\"Torre de la villa de Salas\" class=\"wp-image-70513\"\/><\/a><figcaption class=\"wp-element-caption\">Torre de la villa de Salas. Por Paula Sierra<\/figcaption><\/figure>\n\n\n\n<p>Con menos de 5.000 habitantes, Salas puede presumir de ser de los pocos pueblos en el mundo en tener tanto Monumento Nacional. El m\u00e1s antiguo de todos ellos es la <strong>torre de la villa, del siglo XIV<\/strong>, aunque su aspecto actual es obra del arquitecto asturiano Men\u00e9ndez Pidal, quien la remodel\u00f3 en el siglo XX.&nbsp;<\/p>\n\n\n\n<p>Antiguamente, en el s\u00f3tano era donde <strong>se ubicaba la c\u00e1rcel<\/strong>. Hoy, podemos visitarla y subir hasta su parte superior, desde donde hay unas incre\u00edbles vistas a todo Salas y sus alrededores.&nbsp;<\/p>\n\n\n\n<p>Un arco de medio punto une la torre con el palacio de Vald\u00e9s-Salas, del siglo XVI. Fernando Vald\u00e9s-Salas fue un influyente pol\u00edtico e inquisidor asturiano -que se cobr\u00f3 bastantes vidas en nombre de la iglesia- tambi\u00e9n conocido por ser uno de los fundadores de la Universidad de Oviedo.&nbsp;<\/p>\n\n\n\n<figure class=\"wp-block-image size-large\"><a href=\"https:\/\/www.escapadarural.com\/blog\/wp-content\/uploads\/salas-vistas-desde-la-torre-scaled.jpg\"><img decoding=\"async\" src=\"https:\/\/www.escapadarural.com\/blog\/wp-content\/uploads\/2024\/10\/salas-vistas-desde-la-torre-1024x461-1.jpg\" alt=\"Vistas de Salas desde la torre de la villa\" class=\"wp-image-70517\"\/><\/a><figcaption class=\"wp-element-caption\">Vistas de Salas desde la torre de la villa. Por Laura Fern\u00e1ndez<\/figcaption><\/figure>\n\n\n\n<p>En el interior del palacio est\u00e1 la Oficina de Turismo, adem\u00e1s del <strong>Museo Prerrom\u00e1nico de San Mart\u00edn de Salas<\/strong>. La entrada es gratuita y hay visitas guiadas para conocer una de las joyas de la regi\u00f3n: el prerrom\u00e1nico asturiano.&nbsp;<\/p>\n\n\n\n<p>Atenci\u00f3n: el museo los lunes y martes est\u00e1 cerrado. Est\u00e1 bien saberlo para planear esta etapa si tenemos pensado hacer el Camino de Santiago primitivo, ya que la colecci\u00f3n merece la pena.&nbsp;<\/p>\n\n\n\n<p>Volviendo a Fernando Vald\u00e9s-Salas, su cuerpo descansa en la<strong> colegiata de Santa Mar\u00eda la Mayor<\/strong>, tambi\u00e9n Monumento Nacional. La iglesia fue construida por la familia Vald\u00e9s Salas tambi\u00e9n en el siglo XVI y en ella ubicaron el mausoleo familiar. El sepulcro, de alabastro, fue realizado por un escultor italiano y est\u00e1 considerado una de las piezas renacentistas m\u00e1s importantes del Principado.&nbsp;<\/p>\n\n\n\n<figure class=\"wp-block-image size-large\"><a href=\"https:\/\/www.escapadarural.com\/blog\/wp-content\/uploads\/Iglesia_de_San_Martin_de_Salas.jpg\"><img decoding=\"async\" src=\"https:\/\/www.escapadarural.com\/blog\/wp-content\/uploads\/2024\/10\/Iglesia_de_San_Martin_de_Salas-1024x768-1.jpg\" alt=\"Colegiata de Santa Mar\u00eda La Mayor de Salas.\" class=\"wp-image-70518\"\/><\/a><figcaption class=\"wp-element-caption\">Colegiata de Santa Mar\u00eda La Mayor de Salas. Por Jos\u00e9 Antonio Gil Mart\u00ednez <\/figcaption><\/figure>\n\n\n\n<p>Por \u00faltimo, el <strong>cuarto Monumento Nacional<\/strong> que se puede visitar en Salas es la iglesia de San Mart\u00edn de Salas, situada a las afueras de la villa, muy cerca del cementerio. Su aspecto actual corresponde a una remodelaci\u00f3n realizada en el siglo XVIII. No obstante, sus or\u00edgenes son mucho m\u00e1s antiguos, pues ya exist\u00eda desde el siglo VIII siendo un templo prerrom\u00e1nico.&nbsp;<\/p>\n\n\n\n<p>Como curiosidad, justo al lado de la iglesia, en el cementerio, podemos encontrar el <strong>tejo de San Mart\u00edn, Monumento Natural<\/strong>. Este \u00e1rbol, de 16 metros de altura y un tronco de 6,5 metros de per\u00edmetro, es venerado desde la antig\u00fcedad. Los celtas le atribu\u00edan propiedades milagrosas, adem\u00e1s que siempre estuvo asociado con la prosperidad y protecci\u00f3n ante la adversidad. Si tienes oportunidad, y no supone desviarte mucho del camino, te recomiendo la visita.&nbsp;<\/p>\n\n\n\n<figure class=\"wp-block-image size-large\"><a href=\"https:\/\/www.escapadarural.com\/blog\/wp-content\/uploads\/salas-asturias-1-scaled.jpg\"><img decoding=\"async\" src=\"https:\/\/www.escapadarural.com\/blog\/wp-content\/uploads\/2024\/10\/salas-asturias-1-1024x461-1.jpg\" alt=\"Salas\" class=\"wp-image-70523\"\/><\/a><figcaption class=\"wp-element-caption\">Vistas desde el palacio. Por Laura Fern\u00e1ndez<\/figcaption><\/figure>\n\n\n\n<p>Y, volviendo al centro de la villa de Salas, un recorrido por sus pedregosas calles te llevar\u00e1 a descubrir casonas t\u00edpicas asturianas, adem\u00e1s de otros palacios como el de Casares, un colorido edificio rojizo.&nbsp;<\/p>\n\n\n\n<h2 class=\"wp-block-heading\" id=\"h-los-carajitos-del-profesor-que-podrian-ser-el-monumento-gastronomico\"><strong>Los carajitos del Profesor que podr\u00edan ser el monumento gastron\u00f3mico<\/strong><\/h2>\n\n\n\n<p>El quinto monumento, aunque no lo sea de forma oficial, son los <strong>carajitos del Profesor<\/strong>. Creo que ning\u00fan salense estar\u00eda en desacuerdo. Y es que estos dulces, que tan bien sientan para continuar camino, son todo un emblema en la villa.&nbsp;<\/p>\n\n\n\n<figure class=\"wp-block-image size-large\"><a href=\"https:\/\/www.escapadarural.com\/blog\/wp-content\/uploads\/Carajitosdelprofesor.jpg\"><img decoding=\"async\" src=\"https:\/\/www.escapadarural.com\/blog\/wp-content\/uploads\/2024\/10\/Carajitosdelprofesor-1024x699-1.jpg\" alt=\"Carajitos del Profesor\" class=\"wp-image-70525\"\/><\/a><figcaption class=\"wp-element-caption\">Por Carajitos del Profesor<\/figcaption><\/figure>\n\n\n\n<p>Se trata de unas pastas de avellana cuyo nombre tiene historia. Son del profesor porque se elaboraron en 1918 en el caf\u00e9 Casa del profesor. Era un lugar de reuni\u00f3n y tertulia que fue fundado tras la Primera Guerra Mundial y que era regentado por Fal\u00edn, hijo de un profesor de m\u00fasica y director de la orquesta local.&nbsp;<\/p>\n\n\n\n<p>Seg\u00fan la historia que circula por Salas, uno de los clientes, un indiano (en Asturias hubo mucho emigrante que por necesidad se fue a hacer las Am\u00e9ricas) que estaba de regreso en la villa entr\u00f3 un d\u00eda al caf\u00e9 y grit\u00f3 \u201c\u00a1dame un carajo de esos!\u201d, lo que hizo que se acabaran llamando<strong> los carajitos del profesor<\/strong>.&nbsp;<\/p>\n\n\n\n<p>Reconvertida en pasteler\u00eda, actualmente la antigua Casa del profesor la podemos encontrar en la avenida de Galicia 21.&nbsp;<\/p>\n\n\n\n<h2 class=\"wp-block-heading\" id=\"h-una-cascada-en-medio-del-bosque\"><strong>Una cascada en medio del bosque<\/strong><\/h2>\n\n\n\n<figure class=\"wp-block-image size-large\"><img decoding=\"async\" src=\"https:\/\/www.escapadarural.com\/blog\/wp-content\/uploads\/2024\/10\/cascada-de-nonaya-1024x768-2.jpg\" alt=\"Cascada de Nonaya\" class=\"wp-image-70480\"\/><figcaption class=\"wp-element-caption\">Cascada de Nonaya. Por Jesus Barroso<\/figcaption><\/figure>\n\n\n\n<p>Para quemar los dulces nada mejor que hacer un poco de senderismo. Y es que a las afueras de Salas, <strong>siguiendo el Camino de Santiago primitivo<\/strong> y el curso del r\u00edo Nonaya, podemos encontrar un peque\u00f1o salto de agua rodeado de la frondosa vegetaci\u00f3n asturiana.&nbsp;<\/p>\n\n\n\n<p>El sendero comienza tras pasar <a href=\"\/casa-rural\/asturias\/casa-sueno\">Casa Sue\u00f1o<\/a>, el hotel y albergue de peregrinos donde uno se acaba sintiendo como en casa. El proyecto fue abierto hace unos a\u00f1os por Patricia, una joven brasile\u00f1a que vino a Espa\u00f1a para realizar el Camino de Santiago y acab\u00f3 echando ra\u00edces en el pueblo de Salas. Su historia es de esas que te logran sacar una lagrimilla y que son las que hacen que el Camino sea especial. No obstante, la dejaremos para otro de los viajes que haremos a Salas.&nbsp;<\/p>\n\n\n\n<div class=\"wp-block-buttons is-layout-flex wp-block-buttons-is-layout-flex\">\n<div class=\"wp-block-button\"><a class=\"wp-block-button__link wp-element-button\" href=\"\/casa-rural\/asturias\/casa-sueno\">Ver Casa Sue\u00f1o<\/a><\/div>\n<\/div>\n\n\n\n<p>Si tienes oportunidad, te recomiendo que te alojes en su hotel-albergue, ya que al estar ya saliendo del pueblo la paz es absoluta. Est\u00e1 rodeado de naturaleza y su cocina es deliciosa.&nbsp;<\/p>\n\n\n\n<figure class=\"wp-block-image size-large\"><a href=\"https:\/\/www.escapadarural.com\/blog\/wp-content\/uploads\/casa-sueno-scaled.jpg\"><img decoding=\"async\" src=\"https:\/\/www.escapadarural.com\/blog\/wp-content\/uploads\/2024\/10\/casa-sueno-1024x461-1.jpg\" alt=\"Casa Sue\u00f1o\" class=\"wp-image-70489\"\/><\/a><figcaption class=\"wp-element-caption\">Casa Sue\u00f1o. Por Laura Fern\u00e1ndez<\/figcaption><\/figure>\n\n\n\n<p>Justo a la salida de Casa Sue\u00f1o ya podemos divisar el comienzo del <strong>sendero que nos lleva hasta la cascada de Nonaya<\/strong>. El sonido del agua nos acompa\u00f1ar\u00e1 durante todo el trayecto haciendo que, a pesar de su desnivel (203), el viaje sea de lo m\u00e1s relajante.&nbsp;<\/p>\n\n\n\n<p>La mayor parte del itinerario sigue, como hemos comentado anteriormente, una de las etapas del Camino de Santiago primitivo. Mientras avanzamos nos encontraremos la fuente del peregrino, un viejo cargadero de una antigua mina de caol\u00edn, as\u00ed como puentes de piedra: el de Borra, con arco de medio punto; y el de Carcab\u00f3n.&nbsp;&nbsp;<\/p>\n\n\n\n<p>Si nos fijamos en el agua, en ocasiones se pueden ver <strong>truchas, anguilas e incluso salmones<\/strong>, pues este es uno de los tramos con m\u00e1s tradici\u00f3n salmonera del pa\u00eds. De hecho, la localidad de Cornellana, situada a escasos kil\u00f3metros y en la que destaca el monasterio cisterciense del siglo XI, es conocida como la capital salmonera de Asturias.&nbsp;<\/p>\n\n\n\n<figure class=\"wp-block-image size-large\"><img decoding=\"async\" src=\"https:\/\/www.escapadarural.com\/blog\/wp-content\/uploads\/2024\/10\/casacada-nonaya-salas-1024x768-2.jpg\" alt=\"Ruta a la cascada de Nonaya\" class=\"wp-image-70492\"\/><figcaption class=\"wp-element-caption\">Ruta a la cascada de Nonaya. Por Jesus Barroso<\/figcaption><\/figure>\n\n\n\n<p>Un poco m\u00e1s adelante, para llegar hasta la cascada, habr\u00e1 que tomar el desv\u00edo que contin\u00faa hacia la derecha. Apenas 300 metros podremos disfrutar de este salto de agua situado entre el verdor del bosque.&nbsp;<\/p>\n\n\n\n<p>Para volver a Salas solo habr\u00e1 que deshacer los pasos y, si se quiere volver al Camino de Santiago, regresar apenas unos metros atr\u00e1s para continuar con la siguiente etapa del viaje: la que llega hasta Tineo.&nbsp;<\/p>\n\n\n\n<p>Independientemente de que se est\u00e9 siguiendo la ruta Jacobea o no, Salas es de esos sitios a los que conviene dedicarle tiempo. A hacer un alto en el camino para adentrarse en su historia, admirar su patrimonio, degustar su gastronom\u00eda -que como en toda Asturias es deliciosa- y relajarse. Mira cu\u00e1nta naturaleza la envuelve.&nbsp;<\/p>\n\n\n\n<div class=\"wp-block-buttons is-layout-flex wp-block-buttons-is-layout-flex\">\n<div class=\"wp-block-button\"><a class=\"wp-block-button__link wp-element-button\" href=\"\/casas-rurales\/asturias\">Casas rurales en Asturias<\/a><\/div>\n<\/div>\n","protected":false},"excerpt":{"rendered":"<p>En el Camino de Santiago primitivo encontramos Salas, la puerta al occidente de Asturias que cuenta con 4 Monumentos Nacionales y una cascada<\/p>\n","protected":false},"author":89,"featured_media":68771,"comment_status":"open","ping_status":"open","sticky":false,"template":"","format":"standard","meta":{"_acf_changed":false,"om_disable_all_campaigns":false,"footnotes":""},"categories":[191],"tags":[246,299,377,5534,5146,212,2520],"class_list":["post-70478","post","type-post","status-publish","format-standard","has-post-thumbnail","hentry","category-destinos","tag-que-ver-en-asturias","tag-cascada","tag-cascadas","tag-lo-mas-leido-en-febrero","tag-monumento-nacional","tag-pueblos","tag-salas"],"acf":[],"featured_image_src":"https:\/\/www.escapadarural.com\/blog\/wp-content\/uploads\/2023\/11\/salas-1.jpg","author_info":{"display_name":"Laura Fern\u00e1ndez","author_link":"https:\/\/www.escapadarural.com\/blog\/autor\/laura\/"},"yoast_head":"<!-- This site is optimized with the Yoast SEO plugin v27.5 - https:\/\/yoast.com\/product\/yoast-seo-wordpress\/ -->\n<title>La villa medieval en el Camino de Santiago con 4 Monumentos Nacionales - EscapadaRural<\/title>\n<meta name=\"robots\" content=\"index, follow, max-snippet:-1, max-image-preview:large, max-video-preview:-1\" \/>\n<link rel=\"canonical\" href=\"https:\/\/www.escapadarural.com\/blog\/salas-pueblo-con-monumentos-nacionales\/\" \/>\n<meta property=\"og:locale\" content=\"es_ES\" \/>\n<meta property=\"og:type\" content=\"article\" \/>\n<meta property=\"og:title\" content=\"La villa medieval en el Camino de Santiago con 4 Monumentos Nacionales - EscapadaRural\" \/>\n<meta property=\"og:description\" content=\"En el Camino de Santiago primitivo encontramos Salas, la puerta al occidente de Asturias que cuenta con 4 Monumentos Nacionales y una cascada\" \/>\n<meta property=\"og:url\" content=\"https:\/\/www.escapadarural.com\/blog\/salas-pueblo-con-monumentos-nacionales\/\" \/>\n<meta property=\"og:site_name\" content=\"Magazine de viajes de EscapadaRural\" \/>\n<meta property=\"article:publisher\" content=\"https:\/\/www.facebook.com\/escapadarural\" \/>\n<meta property=\"article:published_time\" content=\"2024-02-13T07:00:00+00:00\" \/>\n<meta property=\"article:modified_time\" content=\"2026-02-17T16:13:06+00:00\" \/>\n<meta property=\"og:image\" content=\"https:\/\/www.escapadarural.com\/blog\/wp-content\/uploads\/2023\/11\/salas-1.jpg\" \/>\n\t<meta property=\"og:image:width\" content=\"1350\" \/>\n\t<meta property=\"og:image:height\" content=\"900\" \/>\n\t<meta property=\"og:image:type\" content=\"image\/jpeg\" \/>\n<meta name=\"author\" content=\"Laura Fern\u00e1ndez\" \/>\n<meta name=\"twitter:card\" content=\"summary_large_image\" \/>\n<meta name=\"twitter:label1\" content=\"Escrito por\" \/>\n\t<meta name=\"twitter:data1\" content=\"Laura Fern\u00e1ndez\" \/>\n\t<meta name=\"twitter:label2\" content=\"Tiempo de lectura\" \/>\n\t<meta name=\"twitter:data2\" content=\"9 minutos\" \/>\n<script type=\"application\/ld+json\" class=\"yoast-schema-graph\">{\"@context\":\"https:\\\/\\\/schema.org\",\"@graph\":[{\"@type\":\"Article\",\"@id\":\"https:\\\/\\\/www.escapadarural.com\\\/blog\\\/salas-pueblo-con-monumentos-nacionales\\\/#article\",\"isPartOf\":{\"@id\":\"https:\\\/\\\/www.escapadarural.com\\\/blog\\\/salas-pueblo-con-monumentos-nacionales\\\/\"},\"author\":{\"name\":\"Laura Fern\u00e1ndez\",\"@id\":\"https:\\\/\\\/www.escapadarural.com\\\/blog\\\/#\\\/schema\\\/person\\\/a9b46ae4d047d8a2c719f31e75206cff\"},\"headline\":\"La villa medieval en el Camino de Santiago con 4 Monumentos Nacionales\",\"datePublished\":\"2024-02-13T07:00:00+00:00\",\"dateModified\":\"2026-02-17T16:13:06+00:00\",\"mainEntityOfPage\":{\"@id\":\"https:\\\/\\\/www.escapadarural.com\\\/blog\\\/salas-pueblo-con-monumentos-nacionales\\\/\"},\"wordCount\":1442,\"commentCount\":0,\"publisher\":{\"@id\":\"https:\\\/\\\/www.escapadarural.com\\\/blog\\\/#organization\"},\"image\":{\"@id\":\"https:\\\/\\\/www.escapadarural.com\\\/blog\\\/salas-pueblo-con-monumentos-nacionales\\\/#primaryimage\"},\"thumbnailUrl\":\"https:\\\/\\\/www.escapadarural.com\\\/blog\\\/wp-content\\\/uploads\\\/2023\\\/11\\\/salas-1.jpg\",\"keywords\":[\"Asturias\",\"Cascada\",\"Cascadas\",\"Los mejores planes para febrero\",\"Monumento Nacional\",\"pueblos\",\"salas\"],\"articleSection\":[\"Destinos\"],\"inLanguage\":\"es\",\"potentialAction\":[{\"@type\":\"CommentAction\",\"name\":\"Comment\",\"target\":[\"https:\\\/\\\/www.escapadarural.com\\\/blog\\\/salas-pueblo-con-monumentos-nacionales\\\/#respond\"]}]},{\"@type\":\"WebPage\",\"@id\":\"https:\\\/\\\/www.escapadarural.com\\\/blog\\\/salas-pueblo-con-monumentos-nacionales\\\/\",\"url\":\"https:\\\/\\\/www.escapadarural.com\\\/blog\\\/salas-pueblo-con-monumentos-nacionales\\\/\",\"name\":\"La villa medieval en el Camino de Santiago con 4 Monumentos Nacionales - EscapadaRural\",\"isPartOf\":{\"@id\":\"https:\\\/\\\/www.escapadarural.com\\\/blog\\\/#website\"},\"primaryImageOfPage\":{\"@id\":\"https:\\\/\\\/www.escapadarural.com\\\/blog\\\/salas-pueblo-con-monumentos-nacionales\\\/#primaryimage\"},\"image\":{\"@id\":\"https:\\\/\\\/www.escapadarural.com\\\/blog\\\/salas-pueblo-con-monumentos-nacionales\\\/#primaryimage\"},\"thumbnailUrl\":\"https:\\\/\\\/www.escapadarural.com\\\/blog\\\/wp-content\\\/uploads\\\/2023\\\/11\\\/salas-1.jpg\",\"datePublished\":\"2024-02-13T07:00:00+00:00\",\"dateModified\":\"2026-02-17T16:13:06+00:00\",\"breadcrumb\":{\"@id\":\"https:\\\/\\\/www.escapadarural.com\\\/blog\\\/salas-pueblo-con-monumentos-nacionales\\\/#breadcrumb\"},\"inLanguage\":\"es\",\"potentialAction\":[{\"@type\":\"ReadAction\",\"target\":[\"https:\\\/\\\/www.escapadarural.com\\\/blog\\\/salas-pueblo-con-monumentos-nacionales\\\/\"]}]},{\"@type\":\"ImageObject\",\"inLanguage\":\"es\",\"@id\":\"https:\\\/\\\/www.escapadarural.com\\\/blog\\\/salas-pueblo-con-monumentos-nacionales\\\/#primaryimage\",\"url\":\"https:\\\/\\\/www.escapadarural.com\\\/blog\\\/wp-content\\\/uploads\\\/2023\\\/11\\\/salas-1.jpg\",\"contentUrl\":\"https:\\\/\\\/www.escapadarural.com\\\/blog\\\/wp-content\\\/uploads\\\/2023\\\/11\\\/salas-1.jpg\",\"width\":1350,\"height\":900,\"caption\":\"Salas. Por Laura Fern\u00e1ndez\"},{\"@type\":\"BreadcrumbList\",\"@id\":\"https:\\\/\\\/www.escapadarural.com\\\/blog\\\/salas-pueblo-con-monumentos-nacionales\\\/#breadcrumb\",\"itemListElement\":[{\"@type\":\"ListItem\",\"position\":1,\"name\":\"Inicio\",\"item\":\"https:\\\/\\\/www.escapadarural.com\\\/blog\\\/\"},{\"@type\":\"ListItem\",\"position\":2,\"name\":\"Destinos\",\"item\":\"https:\\\/\\\/www.escapadarural.com\\\/blog\\\/categoria\\\/destinos\\\/\"},{\"@type\":\"ListItem\",\"position\":3,\"name\":\"La villa medieval en el Camino de Santiago con 4 Monumentos Nacionales\"}]},{\"@type\":\"WebSite\",\"@id\":\"https:\\\/\\\/www.escapadarural.com\\\/blog\\\/#website\",\"url\":\"https:\\\/\\\/www.escapadarural.com\\\/blog\\\/\",\"name\":\"Blog de viajes | turismo rural, alojamientos e inspiraci\u00f3n\",\"description\":\"Alojamientos rurales e inspiraci\u00f3n para tus escapadas\",\"publisher\":{\"@id\":\"https:\\\/\\\/www.escapadarural.com\\\/blog\\\/#organization\"},\"alternateName\":\"Magazine de viajes de EscapadaRural\",\"potentialAction\":[{\"@type\":\"SearchAction\",\"target\":{\"@type\":\"EntryPoint\",\"urlTemplate\":\"https:\\\/\\\/www.escapadarural.com\\\/blog\\\/?s={search_term_string}\"},\"query-input\":{\"@type\":\"PropertyValueSpecification\",\"valueRequired\":true,\"valueName\":\"search_term_string\"}}],\"inLanguage\":\"es\"},{\"@type\":\"Organization\",\"@id\":\"https:\\\/\\\/www.escapadarural.com\\\/blog\\\/#organization\",\"name\":\"EscapadaRural\",\"url\":\"https:\\\/\\\/www.escapadarural.com\\\/blog\\\/\",\"logo\":{\"@type\":\"ImageObject\",\"inLanguage\":\"es\",\"@id\":\"https:\\\/\\\/www.escapadarural.com\\\/blog\\\/#\\\/schema\\\/logo\\\/image\\\/\",\"url\":\"https:\\\/\\\/www.escapadarural.com\\\/blog\\\/wp-content\\\/uploads\\\/2024\\\/10\\\/cropped-cropped-escapada-rural-icon-mag-3.png\",\"contentUrl\":\"https:\\\/\\\/www.escapadarural.com\\\/blog\\\/wp-content\\\/uploads\\\/2024\\\/10\\\/cropped-cropped-escapada-rural-icon-mag-3.png\",\"width\":512,\"height\":512,\"caption\":\"EscapadaRural\"},\"image\":{\"@id\":\"https:\\\/\\\/www.escapadarural.com\\\/blog\\\/#\\\/schema\\\/logo\\\/image\\\/\"},\"sameAs\":[\"https:\\\/\\\/www.facebook.com\\\/escapadarural\",\"https:\\\/\\\/www.instagram.com\\\/escapadarural\\\/\",\"https:\\\/\\\/www.youtube.com\\\/@escapadaruralcom\"]},{\"@type\":\"Person\",\"@id\":\"https:\\\/\\\/www.escapadarural.com\\\/blog\\\/#\\\/schema\\\/person\\\/a9b46ae4d047d8a2c719f31e75206cff\",\"name\":\"Laura Fern\u00e1ndez\",\"image\":{\"@type\":\"ImageObject\",\"inLanguage\":\"es\",\"@id\":\"https:\\\/\\\/www.escapadarural.com\\\/blog\\\/wp-content\\\/uploads\\\/2025\\\/01\\\/cropped-laura_raponchii-96x96.jpg\",\"url\":\"https:\\\/\\\/www.escapadarural.com\\\/blog\\\/wp-content\\\/uploads\\\/2025\\\/01\\\/cropped-laura_raponchii-96x96.jpg\",\"contentUrl\":\"https:\\\/\\\/www.escapadarural.com\\\/blog\\\/wp-content\\\/uploads\\\/2025\\\/01\\\/cropped-laura_raponchii-96x96.jpg\",\"caption\":\"Laura Fern\u00e1ndez\"},\"description\":\"Periodista, blogger y viajera. No necesariamente en ese orden. En ocasiones me despierto sin saber d\u00f3nde estoy. Adicta a los c\u00f3mics y a los noodles con salsa de cacahuete. Redactora en @escapadarural, colaboradora en la Conde Nast Traveler y en la Divinity. Mi casa: Meridiano180.\",\"sameAs\":[\"http:\\\/\\\/www.meridiano180.com\\\/\"],\"url\":\"https:\\\/\\\/www.escapadarural.com\\\/blog\\\/autor\\\/laura\\\/\"}]}<\/script>\n<!-- \/ Yoast SEO plugin. -->","yoast_head_json":{"title":"La villa medieval en el Camino de Santiago con 4 Monumentos Nacionales - EscapadaRural","robots":{"index":"index","follow":"follow","max-snippet":"max-snippet:-1","max-image-preview":"max-image-preview:large","max-video-preview":"max-video-preview:-1"},"canonical":"https:\/\/www.escapadarural.com\/blog\/salas-pueblo-con-monumentos-nacionales\/","og_locale":"es_ES","og_type":"article","og_title":"La villa medieval en el Camino de Santiago con 4 Monumentos Nacionales - EscapadaRural","og_description":"En el Camino de Santiago primitivo encontramos Salas, la puerta al occidente de Asturias que cuenta con 4 Monumentos Nacionales y una cascada","og_url":"https:\/\/www.escapadarural.com\/blog\/salas-pueblo-con-monumentos-nacionales\/","og_site_name":"Magazine de viajes de EscapadaRural","article_publisher":"https:\/\/www.facebook.com\/escapadarural","article_published_time":"2024-02-13T07:00:00+00:00","article_modified_time":"2026-02-17T16:13:06+00:00","og_image":[{"width":1350,"height":900,"url":"https:\/\/www.escapadarural.com\/blog\/wp-content\/uploads\/2023\/11\/salas-1.jpg","type":"image\/jpeg"}],"author":"Laura Fern\u00e1ndez","twitter_card":"summary_large_image","twitter_misc":{"Escrito por":"Laura Fern\u00e1ndez","Tiempo de lectura":"9 minutos"},"schema":{"@context":"https:\/\/schema.org","@graph":[{"@type":"Article","@id":"https:\/\/www.escapadarural.com\/blog\/salas-pueblo-con-monumentos-nacionales\/#article","isPartOf":{"@id":"https:\/\/www.escapadarural.com\/blog\/salas-pueblo-con-monumentos-nacionales\/"},"author":{"name":"Laura Fern\u00e1ndez","@id":"https:\/\/www.escapadarural.com\/blog\/#\/schema\/person\/a9b46ae4d047d8a2c719f31e75206cff"},"headline":"La villa medieval en el Camino de Santiago con 4 Monumentos Nacionales","datePublished":"2024-02-13T07:00:00+00:00","dateModified":"2026-02-17T16:13:06+00:00","mainEntityOfPage":{"@id":"https:\/\/www.escapadarural.com\/blog\/salas-pueblo-con-monumentos-nacionales\/"},"wordCount":1442,"commentCount":0,"publisher":{"@id":"https:\/\/www.escapadarural.com\/blog\/#organization"},"image":{"@id":"https:\/\/www.escapadarural.com\/blog\/salas-pueblo-con-monumentos-nacionales\/#primaryimage"},"thumbnailUrl":"https:\/\/www.escapadarural.com\/blog\/wp-content\/uploads\/2023\/11\/salas-1.jpg","keywords":["Asturias","Cascada","Cascadas","Los mejores planes para febrero","Monumento Nacional","pueblos","salas"],"articleSection":["Destinos"],"inLanguage":"es","potentialAction":[{"@type":"CommentAction","name":"Comment","target":["https:\/\/www.escapadarural.com\/blog\/salas-pueblo-con-monumentos-nacionales\/#respond"]}]},{"@type":"WebPage","@id":"https:\/\/www.escapadarural.com\/blog\/salas-pueblo-con-monumentos-nacionales\/","url":"https:\/\/www.escapadarural.com\/blog\/salas-pueblo-con-monumentos-nacionales\/","name":"La villa medieval en el Camino de Santiago con 4 Monumentos Nacionales - EscapadaRural","isPartOf":{"@id":"https:\/\/www.escapadarural.com\/blog\/#website"},"primaryImageOfPage":{"@id":"https:\/\/www.escapadarural.com\/blog\/salas-pueblo-con-monumentos-nacionales\/#primaryimage"},"image":{"@id":"https:\/\/www.escapadarural.com\/blog\/salas-pueblo-con-monumentos-nacionales\/#primaryimage"},"thumbnailUrl":"https:\/\/www.escapadarural.com\/blog\/wp-content\/uploads\/2023\/11\/salas-1.jpg","datePublished":"2024-02-13T07:00:00+00:00","dateModified":"2026-02-17T16:13:06+00:00","breadcrumb":{"@id":"https:\/\/www.escapadarural.com\/blog\/salas-pueblo-con-monumentos-nacionales\/#breadcrumb"},"inLanguage":"es","potentialAction":[{"@type":"ReadAction","target":["https:\/\/www.escapadarural.com\/blog\/salas-pueblo-con-monumentos-nacionales\/"]}]},{"@type":"ImageObject","inLanguage":"es","@id":"https:\/\/www.escapadarural.com\/blog\/salas-pueblo-con-monumentos-nacionales\/#primaryimage","url":"https:\/\/www.escapadarural.com\/blog\/wp-content\/uploads\/2023\/11\/salas-1.jpg","contentUrl":"https:\/\/www.escapadarural.com\/blog\/wp-content\/uploads\/2023\/11\/salas-1.jpg","width":1350,"height":900,"caption":"Salas. Por Laura Fern\u00e1ndez"},{"@type":"BreadcrumbList","@id":"https:\/\/www.escapadarural.com\/blog\/salas-pueblo-con-monumentos-nacionales\/#breadcrumb","itemListElement":[{"@type":"ListItem","position":1,"name":"Inicio","item":"https:\/\/www.escapadarural.com\/blog\/"},{"@type":"ListItem","position":2,"name":"Destinos","item":"https:\/\/www.escapadarural.com\/blog\/categoria\/destinos\/"},{"@type":"ListItem","position":3,"name":"La villa medieval en el Camino de Santiago con 4 Monumentos Nacionales"}]},{"@type":"WebSite","@id":"https:\/\/www.escapadarural.com\/blog\/#website","url":"https:\/\/www.escapadarural.com\/blog\/","name":"Blog de viajes | turismo rural, alojamientos e inspiraci\u00f3n","description":"Alojamientos rurales e inspiraci\u00f3n para tus escapadas","publisher":{"@id":"https:\/\/www.escapadarural.com\/blog\/#organization"},"alternateName":"Magazine de viajes de EscapadaRural","potentialAction":[{"@type":"SearchAction","target":{"@type":"EntryPoint","urlTemplate":"https:\/\/www.escapadarural.com\/blog\/?s={search_term_string}"},"query-input":{"@type":"PropertyValueSpecification","valueRequired":true,"valueName":"search_term_string"}}],"inLanguage":"es"},{"@type":"Organization","@id":"https:\/\/www.escapadarural.com\/blog\/#organization","name":"EscapadaRural","url":"https:\/\/www.escapadarural.com\/blog\/","logo":{"@type":"ImageObject","inLanguage":"es","@id":"https:\/\/www.escapadarural.com\/blog\/#\/schema\/logo\/image\/","url":"https:\/\/www.escapadarural.com\/blog\/wp-content\/uploads\/2024\/10\/cropped-cropped-escapada-rural-icon-mag-3.png","contentUrl":"https:\/\/www.escapadarural.com\/blog\/wp-content\/uploads\/2024\/10\/cropped-cropped-escapada-rural-icon-mag-3.png","width":512,"height":512,"caption":"EscapadaRural"},"image":{"@id":"https:\/\/www.escapadarural.com\/blog\/#\/schema\/logo\/image\/"},"sameAs":["https:\/\/www.facebook.com\/escapadarural","https:\/\/www.instagram.com\/escapadarural\/","https:\/\/www.youtube.com\/@escapadaruralcom"]},{"@type":"Person","@id":"https:\/\/www.escapadarural.com\/blog\/#\/schema\/person\/a9b46ae4d047d8a2c719f31e75206cff","name":"Laura Fern\u00e1ndez","image":{"@type":"ImageObject","inLanguage":"es","@id":"https:\/\/www.escapadarural.com\/blog\/wp-content\/uploads\/2025\/01\/cropped-laura_raponchii-96x96.jpg","url":"https:\/\/www.escapadarural.com\/blog\/wp-content\/uploads\/2025\/01\/cropped-laura_raponchii-96x96.jpg","contentUrl":"https:\/\/www.escapadarural.com\/blog\/wp-content\/uploads\/2025\/01\/cropped-laura_raponchii-96x96.jpg","caption":"Laura Fern\u00e1ndez"},"description":"Periodista, blogger y viajera. No necesariamente en ese orden. En ocasiones me despierto sin saber d\u00f3nde estoy. Adicta a los c\u00f3mics y a los noodles con salsa de cacahuete. Redactora en @escapadarural, colaboradora en la Conde Nast Traveler y en la Divinity. Mi casa: Meridiano180.","sameAs":["http:\/\/www.meridiano180.com\/"],"url":"https:\/\/www.escapadarural.com\/blog\/autor\/laura\/"}]}},"_links":{"self":[{"href":"https:\/\/www.escapadarural.com\/blog\/wp-json\/wp\/v2\/posts\/70478","targetHints":{"allow":["GET"]}}],"collection":[{"href":"https:\/\/www.escapadarural.com\/blog\/wp-json\/wp\/v2\/posts"}],"about":[{"href":"https:\/\/www.escapadarural.com\/blog\/wp-json\/wp\/v2\/types\/post"}],"author":[{"embeddable":true,"href":"https:\/\/www.escapadarural.com\/blog\/wp-json\/wp\/v2\/users\/89"}],"replies":[{"embeddable":true,"href":"https:\/\/www.escapadarural.com\/blog\/wp-json\/wp\/v2\/comments?post=70478"}],"version-history":[{"count":0,"href":"https:\/\/www.escapadarural.com\/blog\/wp-json\/wp\/v2\/posts\/70478\/revisions"}],"wp:featuredmedia":[{"embeddable":true,"href":"https:\/\/www.escapadarural.com\/blog\/wp-json\/wp\/v2\/media\/68771"}],"wp:attachment":[{"href":"https:\/\/www.escapadarural.com\/blog\/wp-json\/wp\/v2\/media?parent=70478"}],"wp:term":[{"taxonomy":"category","embeddable":true,"href":"https:\/\/www.escapadarural.com\/blog\/wp-json\/wp\/v2\/categories?post=70478"},{"taxonomy":"post_tag","embeddable":true,"href":"https:\/\/www.escapadarural.com\/blog\/wp-json\/wp\/v2\/tags?post=70478"}],"curies":[{"name":"wp","href":"https:\/\/api.w.org\/{rel}","templated":true}]}}