{"id":70689,"date":"2024-02-20T09:58:06","date_gmt":"2024-02-20T08:58:06","guid":{"rendered":"https:\/\/www.escapadarural.com\/blog\/?p=70689"},"modified":"2025-04-23T10:56:55","modified_gmt":"2025-04-23T08:56:55","slug":"penaranda-de-duero-pueblo-medieval","status":"publish","type":"post","link":"https:\/\/www.escapadarural.com\/blog\/penaranda-de-duero-pueblo-medieval\/","title":{"rendered":"Pe\u00f1aranda de Duero, el pueblo medieval m\u00e1s bonito de la Ribera del Duero"},"content":{"rendered":"\n<figure class=\"wp-block-image size-large\"><a href=\"https:\/\/www.escapadarural.com\/blog\/wp-content\/uploads\/penaranda-de-duero-1-scaled.jpg\"><img decoding=\"async\" src=\"https:\/\/www.escapadarural.com\/blog\/wp-content\/uploads\/2024\/10\/penaranda-de-duero-1-1024x680-1.jpg\" alt=\"Pe\u00f1aranda de Duero\" class=\"wp-image-70692\"\/><\/a><figcaption class=\"wp-element-caption\">Pe\u00f1aranda de Duero. Por Tori<\/figcaption><\/figure>\n\n\n\n<p>Las mejores vistas de <a href=\"\/casas-rurales\/penaranda-de-duero\">Pe\u00f1aranda del Duero<\/a>, en <a href=\"\/casas-rurales\/burgos\">Burgos<\/a>, las obtenemos desde la plaza Mayor. No est\u00e1 elevada, no es un mirador, pero si nos colocamos en el centro y giramos en torno a nosotros mismos podremos ver una de las joyas de esta <strong>villa medieval<\/strong>: su arquitectura. Cada edificio merece ser contemplado con detenimiento, ya que hay ejemplos de arquitectura popular castellana, casas blasonadas, palacios, etc.&nbsp;<\/p>\n\n\n\n<p>No s\u00e9 a vosotros, pero a m\u00ed muchos de estos inmuebles me recordaron a la antigua posada-taberna medieval de Playmobil. O bueno, a toda su colecci\u00f3n de aquella \u00e9poca. Fue como, de repente, estar dentro del juego. Una pasada.&nbsp;<\/p>\n\n\n\n<p>Las casas con<strong> entramados de madera oscura<\/strong> contrastan con los palacios renacentistas de fachadas platerescas (muy decoradas con medallones, escudos, etc.) y, en lo alto, a escasos metros, un imponente castillo que parece querer abrazar la villa.&nbsp;<\/p>\n\n\n\n<h2 class=\"wp-block-heading\" id=\"h-uno-de-los-rollos-de-justicia-mejor-conservados-de-burgos\"><strong>Uno de los rollos de justicia mejor conservados de Burgos<\/strong><\/h2>\n\n\n\n<figure class=\"wp-block-image size-large\"><a href=\"https:\/\/www.escapadarural.com\/blog\/wp-content\/uploads\/penaranda-de-duero-plaza-mayor-scaled.jpg\"><img decoding=\"async\" src=\"https:\/\/www.escapadarural.com\/blog\/wp-content\/uploads\/2024\/10\/penaranda-de-duero-plaza-mayor-1024x688-1.jpg\" alt=\"Pe\u00f1aranda del Duero\" class=\"wp-image-70695\"\/><\/a><figcaption class=\"wp-element-caption\">Pe\u00f1aranda de Duero. Por Antonio Herrera<\/figcaption><\/figure>\n\n\n\n<p>Pero, antes de subir hasta \u00e9l, qu\u00e9date un rato m\u00e1s en la plaza. Pe\u00f1aranda de Duero tiene hasta <strong>cinco monumentos declarados Bien de Inter\u00e9s Cultural<\/strong> y algunos de ellos est\u00e1n aqu\u00ed mismo. Uno de los m\u00e1s importantes es la columna de piedra que se encuentra a nuestro lado. Se trata del rollo de justicia que en su d\u00eda reconoc\u00eda a Pe\u00f1aranda como una villa se\u00f1orial con jurisdicci\u00f3n propia.&nbsp;<\/p>\n\n\n\n<blockquote class=\"wp-block-quote is-layout-flow wp-block-quote-is-layout-flow\">\n<p>Pe\u00f1aranda de Duero tiene hasta cinco monumentos declarados Bien de Inter\u00e9s Cultural <\/p>\n<\/blockquote>\n\n\n\n<p>Fue encargado por el conde de Miranda hac\u00eda el siglo XV, como aviso a los for\u00e1neos de que all\u00ed hab\u00eda una autoridad se\u00f1orial con autonom\u00eda judicial y fiscal. El conde, Pedro Z\u00fa\u00f1iga y Avellaneda lo logr\u00f3 tras casarse con la hija de los condestables de Castilla y participar con otros nobles y con los Reyes Cat\u00f3licos en la conquista de Granada.&nbsp;<\/p>\n\n\n\n<p>El rollo tiene casi 15 metros de altura y es de estilo g\u00f3tico-isabelino. En sus or\u00edgenes estaba fuera de las murallas, aunque en 1960 con la reforma de la plaza Mayor se reubic\u00f3 donde est\u00e1 actualmente. Aunque sufri\u00f3 destrozos en el siglo XIX, cuando se orden\u00f3 destruir los rollos por ser s\u00edmbolo de dominaci\u00f3n feudal, se conserva en bastante buen estado.&nbsp;<\/p>\n\n\n\n<figure class=\"wp-block-image size-large\"><a href=\"https:\/\/www.escapadarural.com\/blog\/wp-content\/uploads\/palacio-de-avellaneda-scaled.jpg\"><img decoding=\"async\" src=\"https:\/\/www.escapadarural.com\/blog\/wp-content\/uploads\/2024\/10\/palacio-de-avellaneda-1024x683-1.jpg\" alt=\"Palacio de Avellaneda\" class=\"wp-image-70696\"\/><\/a><figcaption class=\"wp-element-caption\">Palacio de Avellaneda. Por DoloresGiraldez<\/figcaption><\/figure>\n\n\n\n<p>El palacio del conde de Miranda est\u00e1 justo enfrente de la plaza, y ocupa casi en su totalidad uno de los laterales. Se trata del <strong>palacio de Avellaneda o los Z\u00fa\u00f1iga<\/strong> (ambos son la misma persona). Es renacentista, del siglo XVI y, c\u00f3mo no, en su fachada se puede ver el escudo de los condes. Sus interiores se pueden visitar de martes a domingo. La entrada general son unos 4 euros (2024). Como curiosidad: el palacio estuvo en manos de la casa de Alba, aunque ahora es del Estado.&nbsp;<\/p>\n\n\n\n<p>Por \u00faltimo, antes de subir al castillo, si miramos juntos enfrente del palacio encontraremos la <strong>ex-colegiata de Santa Ana<\/strong>, donde tambi\u00e9n est\u00e1 el escudo familiar. En ella se puede apreciar la mezcla de estilos g\u00f3tico, barroco y neocl\u00e1sico. Actualmente es un museo y en \u00e9l se puede encontrar, entre otras reliquias, un altar port\u00e1til de campa\u00f1a que se llevaba a las guerras.&nbsp;<\/p>\n\n\n\n<h2 class=\"wp-block-heading\" id=\"h-el-castillo-de-penaranda-de-duero\"><strong>El castillo de Pe\u00f1aranda de Duero<\/strong><\/h2>\n\n\n\n<figure class=\"wp-block-image size-large\"><a href=\"https:\/\/www.escapadarural.com\/blog\/wp-content\/uploads\/castillo-penaranda-de-duero-scaled.jpg\"><img decoding=\"async\" src=\"https:\/\/www.escapadarural.com\/blog\/wp-content\/uploads\/2024\/10\/castillo-penaranda-de-duero-1024x683-1.jpg\" alt=\"Castillo de Pe\u00f1aranda de Duero\" class=\"wp-image-70697\"\/><\/a><figcaption class=\"wp-element-caption\">Castillo de Pe\u00f1aranda de Duero. Por Trona<\/figcaption><\/figure>\n\n\n\n<p>En lo alto de la villa, sobre una colina que domina el paisaje, encontramos el castillo que, desde el siglo XVI, vigila Pe\u00f1aranda de Duero. Ya anteriormente hay constancia de que en ese mismo lugar hubo construcciones defensivas desde el siglo XI, aunque su aspecto actual se debe a la familia Z\u00fa\u00f1iga.<\/p>\n\n\n\n<p>Hoy, en \u00e9l se conservan<strong> murallas, torreones almenados y la torre del Homenaje<\/strong>, donde est\u00e1 el centro de interpretaci\u00f3n de los castillos fronterizos. Si subes hasta su mirador podr\u00e1s obtener las segundas mejores vistas de la villa. Y digo segundas porque, aunque se ve toda la villa, desde el castillo no se ve el castillo (obviedad).&nbsp;<\/p>\n\n\n\n<figure class=\"wp-block-image size-large\"><a href=\"https:\/\/www.escapadarural.com\/blog\/wp-content\/uploads\/castillo-penaranda-de-duero-1-scaled.jpg\"><img decoding=\"async\" src=\"https:\/\/www.escapadarural.com\/blog\/wp-content\/uploads\/2024\/10\/castillo-penaranda-de-duero-1-1024x624-1.jpg\" alt=\"Castillo de Pe\u00f1aranda de Duero\" class=\"wp-image-70699\"\/><\/a><figcaption class=\"wp-element-caption\">Castillo de Pe\u00f1aranda de Duero. Por David Andres<\/figcaption><\/figure>\n\n\n\n<p>No obstante, la torre del Homenaje es un excelente sitio para ser conscientes de la dimensi\u00f3n del pueblo y para viajar a aquella \u00e9poca en la que fue clave para defender sus tierras durante la Edad Media. La entrada general a la torre cuesta unos 3 euros.&nbsp;<\/p>\n\n\n\n<p>El castillo de Pe\u00f1aranda de Duero est\u00e1 considerado uno de los castillos mejor conservados de la Ribera del Duero y de la provincia de Burgos. Despu\u00e9s de su visita podemos seguir los <strong>restos de la muralla<\/strong> que nos llevan hasta la puerta de las Monjas, tambi\u00e9n de la \u00e9poca.&nbsp;<\/p>\n\n\n\n<figure class=\"wp-block-image size-large\"><a href=\"https:\/\/www.escapadarural.com\/blog\/wp-content\/uploads\/penaranda-mirador-scaled.jpg\"><img decoding=\"async\" src=\"https:\/\/www.escapadarural.com\/blog\/wp-content\/uploads\/2024\/10\/penaranda-mirador-1024x631-1.jpg\" alt=\"Vistas desde el castillo de Pe\u00f1aranda\" class=\"wp-image-70698\"\/><\/a><figcaption class=\"wp-element-caption\">Vistas desde el castillo de Pe\u00f1aranda. Por Laura Fern\u00e1ndez<\/figcaption><\/figure>\n\n\n\n<p>Para finalizar el d\u00eda, nada como disfrutar de los afamados vinos de la Ribera del Duero. En la villa podemos acercarnos a la bodega Castillo de Pe\u00f1aranda o realizar una visita a la bodega subterr\u00e1nea La C\u00e1rcel. En los bares del pueblo, adem\u00e1s, podemos acompa\u00f1ar la copa de vino con una rica morcilla o, si tenemos hambre, lechazo.&nbsp;<\/p>\n\n\n\n<h2 class=\"wp-block-heading\" id=\"h-una-de-las-farmacias-mas-antigua-de-espana-aun-en-funcionamiento-nbsp\"><strong>Una de las farmacias m\u00e1s antigua de Espa\u00f1a a\u00fan en funcionamiento&nbsp;<\/strong><\/h2>\n\n\n\n<p>Fue fundada en el siglo XVIII y, para sorpresa de todos, esta vez no fue por la familia Z\u00fa\u00f1iga, sino por los Ximeno, quienes la han ido heredando entre generaciones (seg\u00fan fuentes del Ayuntamiento de Pe\u00f1aranda de Duero, 8 generaciones). El primero de ellos fue Andr\u00e9s Ximeno Camarero, quien la abri\u00f3 para regal\u00e1rsela a su hijo Lucas Ximeno, nombre que a\u00fan se mantiene hoy en d\u00eda.&nbsp;<\/p>\n\n\n\n<p>En su interior, a pesar del paso de los a\u00f1os, la familia ha logrado conservar la <strong>botica, rebotica, laboratorio y plantas<\/strong> medicinales. Hay estanter\u00edas repletas de reliquias, como recipientes de vidrio y de cer\u00e1mica de Talavera de la Reina, morteros, alambiques, libros, etc.&nbsp;<\/p>\n\n\n\n<p>Sin embargo, hay que tener en cuenta de que se trata de una farmacia de pueblo, donde los vecinos a\u00fan van all\u00ed a buscar sus medicinas. En ocasiones hacen visitas (mejor preguntar en la Oficina de Turismo). <\/p>\n\n\n\n<h2 class=\"wp-block-heading\" id=\"h-ruta-del-vino-ribera-del-duero\"><strong>Ruta del Vino Ribera del Duero<\/strong><\/h2>\n\n\n\n<figure class=\"wp-block-image size-large\"><a href=\"https:\/\/www.escapadarural.com\/blog\/wp-content\/uploads\/plaza-mayor-scaled.jpg\"><img decoding=\"async\" src=\"https:\/\/www.escapadarural.com\/blog\/wp-content\/uploads\/2024\/10\/plaza-mayor-1024x512-1.jpg\" alt=\"Plaza Mayor\" class=\"wp-image-70700\"\/><\/a><figcaption class=\"wp-element-caption\">Plaza Mayor. Por Sergio\n<\/figcaption><\/figure>\n\n\n\n<p>Nuestra visita a Pe\u00f1aranda de Duero coincidi\u00f3 con el viaje que realizamos a la <a href=\"https:\/\/www.rutadelvinoriberadelduero.es\/\" target=\"_blank\" rel=\"noreferrer noopener nofollow\">Ruta del Vino Ribera del Duero<\/a>. En total, la Ribera del Duero se extiende unos <strong>115 kil\u00f3metros entre Burgos, Soria, Segovia y Valladolid<\/strong>, aunque en nuestro caso estuvimos en las dos primeras.&nbsp;<\/p>\n\n\n\n<p>La ruta cuenta con <strong>8 Conjuntos Hist\u00f3rico-Art\u00edsticos<\/strong>, entre los que se encuentran Pe\u00f1aranda de Duero, <a href=\"\/casas-rurales\/langa-de-duero\">Langa de Duero<\/a>, Haza, <a href=\"\/casas-rurales\/gumiel-de-izan\">Gumiel de Iz\u00e1n<\/a>, <a href=\"\/casas-rurales\/penafiel\">Pe\u00f1afiel<\/a>, <a href=\"\/casas-rurales\/rejas-de-san-esteban\">Rejas de San Esteban<\/a>, <a href=\"\/casas-rurales\/vadocondes\">Vadocondes<\/a> y <a href=\"\/casas-rurales\/san-esteban-de-gormaz\">San Esteban de Gormaz<\/a>.&nbsp;<\/p>\n\n\n\n<p>Y, por supuesto, tambi\u00e9n hay vino. Estamos en una tierra llena de campos de vid en la que se elaboran algunos de los mejores caldos de Espa\u00f1a. Algunas de las m\u00e1s populares son las de Pradorey, tierras que fueron antiguamente de Isabel La Cat\u00f3lica; Dominio de Atauta, que tiene algunos de los vi\u00f1edos m\u00e1s antiguos del pa\u00eds; o la vi\u00f1a Arn\u00e1iz, cuya nave sigue la est\u00e9tica de la cl\u00e1sica arquitectura castellana medieval. Aunque hay muchas m\u00e1s.&nbsp;<\/p>\n\n\n\n<p>Para descubrir esta zona de Espa\u00f1a os recomiendo que le dediqu\u00e9is tiempo, ya que hay mucho de lo que a todos nos fascinan en los viajes: torres, castillos, torreznos, morcillas, lechazo, vino y, sobre todo, mucha historia. \u00a1Ah! Y una gente estupenda muy orgullosa de su tierra. No es para menos.&nbsp;<\/p>\n\n\n\n<div class=\"wp-block-buttons is-layout-flex wp-block-buttons-is-layout-flex\">\n<div class=\"wp-block-button\"><a class=\"wp-block-button__link wp-element-button\" href=\"\/casas-rurales\/ribera-del-duero-burgos\">Casas rurales en la Ribera del Duero<\/a><\/div>\n<\/div>\n\n\n\n<h2 class=\"wp-block-heading\" id=\"h-que-mas-ver-en-la-ribera-del-duero\">Qu\u00e9 m\u00e1s ver en la Ribera del Duero<\/h2>\n\n\n<section class=\"wp-block-ub-post-grid ub-block-post-grid align  is-equal-height preserve-post-image-aspect-ratio\" style=\"\" id=\"ub-post-grid-\"><div class=\"ub-post-grid-items is-list\" style=\"row-gap: 32px; column-gap: 32px; \"><article id=\"post-203714\" class=\"ub-post-grid-item post-203714 post type-post status-publish format-standard has-post-thumbnail hentry category-alojamientos-rurales tag-que-ver-en-burgos tag-casas-rurales tag-que-ver-en-castilla-y-leon tag-familia tag-haza tag-medieval tag-ribera-del-duero tag-turismo-rural\" style=\"\"><div class=\"ub-block-post-grid-image\" style=\"\"><a href=\"https:\/\/www.escapadarural.com\/blog\/casa-rural-en-un-muralla-medieval\/\" rel=\"bookmark\" aria-hidden=\"true\" tabindex=\"-1\"><img loading=\"lazy\" decoding=\"async\" width=\"1024\" height=\"768\" src=\"https:\/\/www.escapadarural.com\/blog\/wp-content\/uploads\/2025\/06\/06_CasaMuralladeHaza_WP06.webp\" class=\"attachment-full size-full\" alt=\"Casa rural Muralla de Haza.\" style=\"max-width: 600px; \" srcset=\"https:\/\/www.escapadarural.com\/blog\/wp-content\/uploads\/2025\/06\/06_CasaMuralladeHaza_WP06-200x150.webp 200w, https:\/\/www.escapadarural.com\/blog\/wp-content\/uploads\/2025\/06\/06_CasaMuralladeHaza_WP06-300x225.webp 300w, https:\/\/www.escapadarural.com\/blog\/wp-content\/uploads\/2025\/06\/06_CasaMuralladeHaza_WP06-400x300.webp 400w, https:\/\/www.escapadarural.com\/blog\/wp-content\/uploads\/2025\/06\/06_CasaMuralladeHaza_WP06-600x450.webp 600w, https:\/\/www.escapadarural.com\/blog\/wp-content\/uploads\/2025\/06\/06_CasaMuralladeHaza_WP06-768x576.webp 768w, https:\/\/www.escapadarural.com\/blog\/wp-content\/uploads\/2025\/06\/06_CasaMuralladeHaza_WP06-800x600.webp 800w, https:\/\/www.escapadarural.com\/blog\/wp-content\/uploads\/2025\/06\/06_CasaMuralladeHaza_WP06.webp 1024w\" sizes=\"auto, (max-width: 1024px) 100vw, 1024px\"><\/a><\/div><div class=\"ub-block-post-grid-text\" style=\"\"><div class=\"ub-block-post-grid-header-content\"><header class=\"ub-block-post-grid-header\"><h3 class=\"ub-block-post-grid-title\"><a style=\"\" href=\"https:\/\/www.escapadarural.com\/blog\/casa-rural-en-un-muralla-medieval\/\" rel=\"bookmark\">Literal: esta casa rural est\u00e1 en plena muralla medieval<\/a><\/h3><div class=\"ub-block-post-grid-author\" itemprop=\"author\"><a class=\"ub-text-link\" style=\"\" href=\"https:\/\/www.escapadarural.com\/blog\/autor\/miguel-perez\/\" itemprop=\"url\" rel=\"author\"><span itemprop=\"name\">Miguel Perez<\/span><\/a><\/div><time datetime=\"2025-07-08T07:55:00+02:00\" class=\"ub-block-post-grid-date\" style=\"\" itemprop=\"datePublished\">8 de julio de 2025<\/time><\/header><\/div><div class=\"ub-block-post-grid-excerpt\"><div class=\"ub-block-post-grid-excerpt-text\" style=\"\"><p>No es que est\u00e9 cerca, o que tenga unas vistas privilegiadas sobre ella. La casa rural Muralla de Haza est\u00e1 construida en una muralla medieval. Literalmente<\/p>\n<\/div><\/div><\/div><\/article>\n<article id=\"post-67180\" class=\"ub-post-grid-item post-67180 post type-post status-publish format-standard has-post-thumbnail hentry category-destinos tag-articulo tag-atauta tag-bodegas tag-enoturismo tag-pueblos tag-ribera-del-duero tag-ruta-del-vino-ribera-del-duero\" style=\"\"><div class=\"ub-block-post-grid-image\" style=\"\"><a href=\"https:\/\/www.escapadarural.com\/blog\/atauta-bodegas-subterraneas-el-plantio\/\" rel=\"bookmark\" aria-hidden=\"true\" tabindex=\"-1\"><img loading=\"lazy\" decoding=\"async\" width=\"2048\" height=\"1179\" src=\"https:\/\/www.escapadarural.com\/blog\/wp-content\/uploads\/2024\/01\/el-plantio-atauta-1-scaled-1.jpg\" class=\"attachment-full size-full\" alt=\"El Plant\u00edo, Atauta\" style=\"max-width: 600px; \" srcset=\"https:\/\/www.escapadarural.com\/blog\/wp-content\/uploads\/2024\/01\/el-plantio-atauta-1-scaled-1-200x115.jpg 200w, https:\/\/www.escapadarural.com\/blog\/wp-content\/uploads\/2024\/01\/el-plantio-atauta-1-scaled-1-300x173.jpg 300w, https:\/\/www.escapadarural.com\/blog\/wp-content\/uploads\/2024\/01\/el-plantio-atauta-1-scaled-1-400x230.jpg 400w, https:\/\/www.escapadarural.com\/blog\/wp-content\/uploads\/2024\/01\/el-plantio-atauta-1-scaled-1-600x345.jpg 600w, https:\/\/www.escapadarural.com\/blog\/wp-content\/uploads\/2024\/01\/el-plantio-atauta-1-scaled-1-768x442.jpg 768w, https:\/\/www.escapadarural.com\/blog\/wp-content\/uploads\/2024\/01\/el-plantio-atauta-1-scaled-1-800x461.jpg 800w, https:\/\/www.escapadarural.com\/blog\/wp-content\/uploads\/2024\/01\/el-plantio-atauta-1-scaled-1-1024x590.jpg 1024w, https:\/\/www.escapadarural.com\/blog\/wp-content\/uploads\/2024\/01\/el-plantio-atauta-1-scaled-1-1200x691.jpg 1200w, https:\/\/www.escapadarural.com\/blog\/wp-content\/uploads\/2024\/01\/el-plantio-atauta-1-scaled-1-1536x884.jpg 1536w, https:\/\/www.escapadarural.com\/blog\/wp-content\/uploads\/2024\/01\/el-plantio-atauta-1-scaled-1.jpg 2048w\" sizes=\"auto, (max-width: 2048px) 100vw, 2048px\"><\/a><\/div><div class=\"ub-block-post-grid-text\" style=\"\"><div class=\"ub-block-post-grid-header-content\"><header class=\"ub-block-post-grid-header\"><h3 class=\"ub-block-post-grid-title\"><a style=\"\" href=\"https:\/\/www.escapadarural.com\/blog\/atauta-bodegas-subterraneas-el-plantio\/\" rel=\"bookmark\">Atauta: el pueblo con m\u00e1s bodegas subterr\u00e1neas que habitantes<\/a><\/h3><div class=\"ub-block-post-grid-author\" itemprop=\"author\"><a class=\"ub-text-link\" style=\"\" href=\"https:\/\/www.escapadarural.com\/blog\/autor\/laura\/\" itemprop=\"url\" rel=\"author\"><span itemprop=\"name\">Laura Fern\u00e1ndez<\/span><\/a><\/div><time datetime=\"2024-01-22T08:00:00+01:00\" class=\"ub-block-post-grid-date\" style=\"\" itemprop=\"datePublished\">22 de enero de 2024<\/time><\/header><\/div><div class=\"ub-block-post-grid-excerpt\"><div class=\"ub-block-post-grid-excerpt-text\" style=\"\"><p>En la pintoresca comarca de la Ribera del Duero, entre extensos campos de vi\u00f1edos de la provincia de Soria, se encuentra un peque\u00f1o tesoro: Atauta y el Plant\u00edo. Un conjunto de bodegas y lagares declarados Bien de Inter\u00e9s Cultural. <\/p>\n<\/div><\/div><\/div><\/article>\n<article id=\"post-69214\" class=\"ub-post-grid-item post-69214 post type-post status-publish format-standard has-post-thumbnail hentry category-arte-y-cultura tag-que-ver-en-burgos tag-gumiel-de-izan tag-iglesia tag-monumentos tag-ribera-del-duero\" style=\"\"><div class=\"ub-block-post-grid-image\" style=\"\"><a href=\"https:\/\/www.escapadarural.com\/blog\/la-iglesia-de-gumiel-de-izan-el-tesoro-de-petra\/\" rel=\"bookmark\" aria-hidden=\"true\" tabindex=\"-1\"><img loading=\"lazy\" decoding=\"async\" width=\"1300\" height=\"975\" src=\"https:\/\/www.escapadarural.com\/blog\/wp-content\/uploads\/2024\/01\/Gumiel_de_Izan_-_Santa_Maria_de_la_Asuncion_1.jpg\" class=\"attachment-full size-full\" alt=\"Iglesia de Gumiel de Iz\u00e1n. Por Zarateman\" style=\"max-width: 600px; \" srcset=\"https:\/\/www.escapadarural.com\/blog\/wp-content\/uploads\/2024\/01\/Gumiel_de_Izan_-_Santa_Maria_de_la_Asuncion_1-200x150.jpg 200w, https:\/\/www.escapadarural.com\/blog\/wp-content\/uploads\/2024\/01\/Gumiel_de_Izan_-_Santa_Maria_de_la_Asuncion_1-300x225.jpg 300w, https:\/\/www.escapadarural.com\/blog\/wp-content\/uploads\/2024\/01\/Gumiel_de_Izan_-_Santa_Maria_de_la_Asuncion_1-400x300.jpg 400w, https:\/\/www.escapadarural.com\/blog\/wp-content\/uploads\/2024\/01\/Gumiel_de_Izan_-_Santa_Maria_de_la_Asuncion_1-600x450.jpg 600w, https:\/\/www.escapadarural.com\/blog\/wp-content\/uploads\/2024\/01\/Gumiel_de_Izan_-_Santa_Maria_de_la_Asuncion_1-768x576.jpg 768w, https:\/\/www.escapadarural.com\/blog\/wp-content\/uploads\/2024\/01\/Gumiel_de_Izan_-_Santa_Maria_de_la_Asuncion_1-800x600.jpg 800w, https:\/\/www.escapadarural.com\/blog\/wp-content\/uploads\/2024\/01\/Gumiel_de_Izan_-_Santa_Maria_de_la_Asuncion_1-1024x768.jpg 1024w, https:\/\/www.escapadarural.com\/blog\/wp-content\/uploads\/2024\/01\/Gumiel_de_Izan_-_Santa_Maria_de_la_Asuncion_1-1200x900.jpg 1200w, https:\/\/www.escapadarural.com\/blog\/wp-content\/uploads\/2024\/01\/Gumiel_de_Izan_-_Santa_Maria_de_la_Asuncion_1.jpg 1300w\" sizes=\"auto, (max-width: 1300px) 100vw, 1300px\"><\/a><\/div><div class=\"ub-block-post-grid-text\" style=\"\"><div class=\"ub-block-post-grid-header-content\"><header class=\"ub-block-post-grid-header\"><h3 class=\"ub-block-post-grid-title\"><a style=\"\" href=\"https:\/\/www.escapadarural.com\/blog\/la-iglesia-de-gumiel-de-izan-el-tesoro-de-petra\/\" rel=\"bookmark\">La iglesia de Burgos que comparan con el Tesoro de Petra<\/a><\/h3><div class=\"ub-block-post-grid-author\" itemprop=\"author\"><a class=\"ub-text-link\" style=\"\" href=\"https:\/\/www.escapadarural.com\/blog\/autor\/raquel\/\" itemprop=\"url\" rel=\"author\"><span itemprop=\"name\">Raquel Andr\u00e9s<\/span><\/a><\/div><time datetime=\"2024-01-02T10:56:06+01:00\" class=\"ub-block-post-grid-date\" style=\"\" itemprop=\"datePublished\">2 de enero de 2024<\/time><\/header><\/div><div class=\"ub-block-post-grid-excerpt\"><div class=\"ub-block-post-grid-excerpt-text\" style=\"\"><p>Con apenas 550 habitantes, en la Plaza Mayor de Gumiel de Iz\u00e1n est\u00e1 la iglesia de Santa Mar\u00eda, con unas curiosas similitudes respecto al Tesoro jordano que le han valido el apodo de \u201cla Petra de la Ribera del Duero\u201d.<\/p>\n<\/div><\/div><\/div><\/article>\n<article id=\"post-66233\" class=\"ub-post-grid-item post-66233 post type-post status-publish format-standard has-post-thumbnail hentry category-destinos tag-bodegas tag-enoturismo tag-listado tag-ribera-del-duero tag-ruta-del-vino-ribera-del-duero\" style=\"\"><div class=\"ub-block-post-grid-image\" style=\"\"><a href=\"https:\/\/www.escapadarural.com\/blog\/bodegas-en-la-ribera-del-duero\/\" rel=\"bookmark\" aria-hidden=\"true\" tabindex=\"-1\"><img loading=\"lazy\" decoding=\"async\" width=\"1024\" height=\"768\" src=\"https:\/\/www.escapadarural.com\/blog\/wp-content\/uploads\/2024\/10\/vendimia_-_2007_barricas_durmientes_-_crianza-h_pascual_036-1024x768-1.jpg\" class=\"attachment-full size-full\" alt=\"Un gran complejo de edificios r\u00fasticos con paredes de piedra tostada y tejados de tejas rojas se asienta detr\u00e1s de un verde vi\u00f1edo bajo un cielo azul despejado, ofreciendo un entorno acogedor para el turismo rural.\" style=\"max-width: 600px; \" srcset=\"https:\/\/www.escapadarural.com\/blog\/wp-content\/uploads\/2024\/10\/vendimia_-_2007_barricas_durmientes_-_crianza-h_pascual_036-1024x768-1-200x150.jpg 200w, https:\/\/www.escapadarural.com\/blog\/wp-content\/uploads\/2024\/10\/vendimia_-_2007_barricas_durmientes_-_crianza-h_pascual_036-1024x768-1-300x225.jpg 300w, https:\/\/www.escapadarural.com\/blog\/wp-content\/uploads\/2024\/10\/vendimia_-_2007_barricas_durmientes_-_crianza-h_pascual_036-1024x768-1-400x300.jpg 400w, https:\/\/www.escapadarural.com\/blog\/wp-content\/uploads\/2024\/10\/vendimia_-_2007_barricas_durmientes_-_crianza-h_pascual_036-1024x768-1-600x450.jpg 600w, https:\/\/www.escapadarural.com\/blog\/wp-content\/uploads\/2024\/10\/vendimia_-_2007_barricas_durmientes_-_crianza-h_pascual_036-1024x768-1-768x576.jpg 768w, https:\/\/www.escapadarural.com\/blog\/wp-content\/uploads\/2024\/10\/vendimia_-_2007_barricas_durmientes_-_crianza-h_pascual_036-1024x768-1-800x600.jpg 800w, https:\/\/www.escapadarural.com\/blog\/wp-content\/uploads\/2024\/10\/vendimia_-_2007_barricas_durmientes_-_crianza-h_pascual_036-1024x768-1.jpg 1024w\" sizes=\"auto, (max-width: 1024px) 100vw, 1024px\"><\/a><\/div><div class=\"ub-block-post-grid-text\" style=\"\"><div class=\"ub-block-post-grid-header-content\"><header class=\"ub-block-post-grid-header\"><h3 class=\"ub-block-post-grid-title\"><a style=\"\" href=\"https:\/\/www.escapadarural.com\/blog\/bodegas-en-la-ribera-del-duero\/\" rel=\"bookmark\">3 bodegas para catar la Ribera del Duero<\/a><\/h3><div class=\"ub-block-post-grid-author\" itemprop=\"author\"><a class=\"ub-text-link\" style=\"\" href=\"https:\/\/www.escapadarural.com\/blog\/autor\/laura\/\" itemprop=\"url\" rel=\"author\"><span itemprop=\"name\">Laura Fern\u00e1ndez<\/span><\/a><\/div><time datetime=\"2023-09-25T08:00:00+02:00\" class=\"ub-block-post-grid-date\" style=\"\" itemprop=\"datePublished\">25 de septiembre de 2023<\/time><\/header><\/div><div class=\"ub-block-post-grid-excerpt\"><div class=\"ub-block-post-grid-excerpt-text\" style=\"\"><p>Estas bodegas en la Ribera del Duero forman parte de la Ruta del Vino de la Ribera del Duero. Una tierra salpicada de vi\u00f1edos de donde proceden algunos de los vinos m\u00e1s prestigiosos de Espa\u00f1a. <\/p>\n<\/div><\/div><\/div><\/article>\n<article id=\"post-61277\" class=\"ub-post-grid-item post-61277 post type-post status-publish format-standard has-post-thumbnail hentry category-arte-y-cultura tag-castillos tag-listado tag-medieval tag-monumentos tag-ribera-del-duero\" style=\"\"><div class=\"ub-block-post-grid-image\" style=\"\"><a href=\"https:\/\/www.escapadarural.com\/blog\/monumentos-medievales-en-la-ribera-del-duero\/\" rel=\"bookmark\" aria-hidden=\"true\" tabindex=\"-1\"><img loading=\"lazy\" decoding=\"async\" width=\"1024\" height=\"680\" src=\"https:\/\/www.escapadarural.com\/blog\/wp-content\/uploads\/2024\/10\/peneranda-de-duero-1-1024x680-1.jpg\" class=\"attachment-full size-full\" alt=\"Vista de una plaza vac\u00eda empedrada y rodeada de edificios hist\u00f3ricos, enmarcada por una pasarela de piedra arqueada; al fondo, un castillo en lo alto de una colina bajo un cielo azul despejado.\" style=\"max-width: 600px; \" srcset=\"https:\/\/www.escapadarural.com\/blog\/wp-content\/uploads\/2024\/10\/peneranda-de-duero-1-1024x680-1-200x133.jpg 200w, https:\/\/www.escapadarural.com\/blog\/wp-content\/uploads\/2024\/10\/peneranda-de-duero-1-1024x680-1-300x199.jpg 300w, https:\/\/www.escapadarural.com\/blog\/wp-content\/uploads\/2024\/10\/peneranda-de-duero-1-1024x680-1-400x266.jpg 400w, https:\/\/www.escapadarural.com\/blog\/wp-content\/uploads\/2024\/10\/peneranda-de-duero-1-1024x680-1-600x398.jpg 600w, https:\/\/www.escapadarural.com\/blog\/wp-content\/uploads\/2024\/10\/peneranda-de-duero-1-1024x680-1-768x510.jpg 768w, https:\/\/www.escapadarural.com\/blog\/wp-content\/uploads\/2024\/10\/peneranda-de-duero-1-1024x680-1-800x531.jpg 800w, https:\/\/www.escapadarural.com\/blog\/wp-content\/uploads\/2024\/10\/peneranda-de-duero-1-1024x680-1.jpg 1024w\" sizes=\"auto, (max-width: 1024px) 100vw, 1024px\"><\/a><\/div><div class=\"ub-block-post-grid-text\" style=\"\"><div class=\"ub-block-post-grid-header-content\"><header class=\"ub-block-post-grid-header\"><h3 class=\"ub-block-post-grid-title\"><a style=\"\" href=\"https:\/\/www.escapadarural.com\/blog\/monumentos-medievales-en-la-ribera-del-duero\/\" rel=\"bookmark\">5 joyas medievales en la Ribera del Duero<\/a><\/h3><div class=\"ub-block-post-grid-author\" itemprop=\"author\"><a class=\"ub-text-link\" style=\"\" href=\"https:\/\/www.escapadarural.com\/blog\/autor\/carmenlopez\/\" itemprop=\"url\" rel=\"author\"><span itemprop=\"name\">Carmen L\u00f3pez<\/span><\/a><\/div><time datetime=\"2023-07-04T10:59:53+02:00\" class=\"ub-block-post-grid-date\" style=\"\" itemprop=\"datePublished\">4 de julio de 2023<\/time><\/header><\/div><div class=\"ub-block-post-grid-excerpt\"><div class=\"ub-block-post-grid-excerpt-text\" style=\"\"><p>La Ruta del Vino de Ribera del Duero no solo nos acerca a bodegas y vi\u00f1edos, sino que la zona est\u00e1 salpicada de castillos y torres defensivas. Estos son algunos de los monumentos medievales en la Ribera del Duero que podemos visitar. <\/p>\n<\/div><\/div><\/div><\/article>\n<article id=\"post-61050\" class=\"ub-post-grid-item post-61050 post type-post status-publish format-standard has-post-thumbnail hentry category-destinos tag-que-ver-en-castilla-y-leon tag-castillos tag-edad-media tag-enoturismo tag-listado tag-ribera-del-duero tag-ruta-del-vino-ribera-del-duero\" style=\"\"><div class=\"ub-block-post-grid-image\" style=\"\"><a href=\"https:\/\/www.escapadarural.com\/blog\/curiosidades-ribera-del-duero\/\" rel=\"bookmark\" aria-hidden=\"true\" tabindex=\"-1\"><img loading=\"lazy\" decoding=\"async\" width=\"1024\" height=\"684\" src=\"https:\/\/www.escapadarural.com\/blog\/wp-content\/uploads\/2025\/02\/04_MiradorFraile_Canon_herraez_AdobeStock_190538744_WP04.webp\" class=\"attachment-full size-full\" alt=\"El ca\u00f1\u00f3n del r\u00edo Duero visto desde el mirador del Fraile, Salamanca.\" style=\"max-width: 600px; \" srcset=\"https:\/\/www.escapadarural.com\/blog\/wp-content\/uploads\/2025\/02\/04_MiradorFraile_Canon_herraez_AdobeStock_190538744_WP04-200x134.webp 200w, https:\/\/www.escapadarural.com\/blog\/wp-content\/uploads\/2025\/02\/04_MiradorFraile_Canon_herraez_AdobeStock_190538744_WP04-300x200.webp 300w, https:\/\/www.escapadarural.com\/blog\/wp-content\/uploads\/2025\/02\/04_MiradorFraile_Canon_herraez_AdobeStock_190538744_WP04-400x267.webp 400w, https:\/\/www.escapadarural.com\/blog\/wp-content\/uploads\/2025\/02\/04_MiradorFraile_Canon_herraez_AdobeStock_190538744_WP04-600x401.webp 600w, https:\/\/www.escapadarural.com\/blog\/wp-content\/uploads\/2025\/02\/04_MiradorFraile_Canon_herraez_AdobeStock_190538744_WP04-768x513.webp 768w, https:\/\/www.escapadarural.com\/blog\/wp-content\/uploads\/2025\/02\/04_MiradorFraile_Canon_herraez_AdobeStock_190538744_WP04-800x534.webp 800w, https:\/\/www.escapadarural.com\/blog\/wp-content\/uploads\/2025\/02\/04_MiradorFraile_Canon_herraez_AdobeStock_190538744_WP04.webp 1024w\" sizes=\"auto, (max-width: 1024px) 100vw, 1024px\"><\/a><\/div><div class=\"ub-block-post-grid-text\" style=\"\"><div class=\"ub-block-post-grid-header-content\"><header class=\"ub-block-post-grid-header\"><h3 class=\"ub-block-post-grid-title\"><a style=\"\" href=\"https:\/\/www.escapadarural.com\/blog\/curiosidades-ribera-del-duero\/\" rel=\"bookmark\">6 curiosidades que igual no sab\u00edas de la Ribera del Duero<\/a><\/h3><div class=\"ub-block-post-grid-author\" itemprop=\"author\"><a class=\"ub-text-link\" style=\"\" href=\"https:\/\/www.escapadarural.com\/blog\/autor\/carmenlopez\/\" itemprop=\"url\" rel=\"author\"><span itemprop=\"name\">Carmen L\u00f3pez<\/span><\/a><\/div><time datetime=\"2023-05-08T10:02:33+02:00\" class=\"ub-block-post-grid-date\" style=\"\" itemprop=\"datePublished\">8 de mayo de 2023<\/time><\/header><\/div><div class=\"ub-block-post-grid-excerpt\"><div class=\"ub-block-post-grid-excerpt-text\" style=\"\"><p>La Ruta del Vino de la Ribera del Duero est\u00e1 llena de sorpresas. Adem\u00e1s de tierras cubiertas de vi\u00f1edos cuyo color cambia con cada estaci\u00f3n, tambi\u00e9n hay restos medievales y museos vivos. <\/p>\n<\/div><\/div><\/div><\/article>\n<article id=\"post-60815\" class=\"ub-post-grid-item post-60815 post type-post status-publish format-standard has-post-thumbnail hentry category-destinos tag-aranda-de-duero tag-bodegas tag-que-ver-en-burgos tag-enoturismo tag-listado tag-pueblos tag-ribera-del-duero tag-ruta-del-vino-ribera-del-duero tag-sonorama tag-vino\" style=\"\"><div class=\"ub-block-post-grid-image\" style=\"\"><a href=\"https:\/\/www.escapadarural.com\/blog\/que-ver-en-aranda-de-duero\/\" rel=\"bookmark\" aria-hidden=\"true\" tabindex=\"-1\"><img loading=\"lazy\" decoding=\"async\" width=\"1024\" height=\"476\" src=\"https:\/\/www.escapadarural.com\/blog\/wp-content\/uploads\/2023\/04\/aranda-de-duero-plaza.webp\" class=\"attachment-full size-full\" alt=\"Aranda de Duero. Por rbduque\" style=\"max-width: 600px; \" srcset=\"https:\/\/www.escapadarural.com\/blog\/wp-content\/uploads\/2023\/04\/aranda-de-duero-plaza-200x93.webp 200w, https:\/\/www.escapadarural.com\/blog\/wp-content\/uploads\/2023\/04\/aranda-de-duero-plaza-300x139.webp 300w, https:\/\/www.escapadarural.com\/blog\/wp-content\/uploads\/2023\/04\/aranda-de-duero-plaza-400x186.webp 400w, https:\/\/www.escapadarural.com\/blog\/wp-content\/uploads\/2023\/04\/aranda-de-duero-plaza-600x279.webp 600w, https:\/\/www.escapadarural.com\/blog\/wp-content\/uploads\/2023\/04\/aranda-de-duero-plaza-768x357.webp 768w, https:\/\/www.escapadarural.com\/blog\/wp-content\/uploads\/2023\/04\/aranda-de-duero-plaza-800x372.webp 800w, https:\/\/www.escapadarural.com\/blog\/wp-content\/uploads\/2023\/04\/aranda-de-duero-plaza.webp 1024w\" sizes=\"auto, (max-width: 1024px) 100vw, 1024px\"><\/a><\/div><div class=\"ub-block-post-grid-text\" style=\"\"><div class=\"ub-block-post-grid-header-content\"><header class=\"ub-block-post-grid-header\"><h3 class=\"ub-block-post-grid-title\"><a style=\"\" href=\"https:\/\/www.escapadarural.com\/blog\/que-ver-en-aranda-de-duero\/\" rel=\"bookmark\">5 razones para visitar Aranda de Duero, la ciudad de la m\u00fasica y el vino<\/a><\/h3><div class=\"ub-block-post-grid-author\" itemprop=\"author\"><a class=\"ub-text-link\" style=\"\" href=\"https:\/\/www.escapadarural.com\/blog\/autor\/carmenlopez\/\" itemprop=\"url\" rel=\"author\"><span itemprop=\"name\">Carmen L\u00f3pez<\/span><\/a><\/div><time datetime=\"2023-04-25T12:40:10+02:00\" class=\"ub-block-post-grid-date\" style=\"\" itemprop=\"datePublished\">25 de abril de 2023<\/time><\/header><\/div><div class=\"ub-block-post-grid-excerpt\"><div class=\"ub-block-post-grid-excerpt-text\" style=\"\"><p>Situada en la Ruta del Vino Ribera del Duero, Aranda de Duero es una peque\u00f1a localidad a rebosar de vida, repleta de bodegas subterr\u00e1neas y que opta a ser Ciudad Creativa de la M\u00fasica. De aqu\u00ed salieron reconocidos artistas. <\/p>\n<\/div><\/div><\/div><\/article>\n<article id=\"post-42461\" class=\"ub-post-grid-item post-42461 post type-post status-publish format-standard has-post-thumbnail hentry category-destinos tag-articulo tag-bodegas tag-que-ver-en-burgos tag-que-ver-en-castilla-y-leon tag-el-senor-de-los-anillos tag-enoturismo tag-hobbit tag-hobbits tag-moradillo-de-roa tag-pueblos tag-ribera-del-duero tag-vino\" style=\"\"><div class=\"ub-block-post-grid-image\" style=\"\"><a href=\"https:\/\/www.escapadarural.com\/blog\/moradillo-de-roa\/\" rel=\"bookmark\" aria-hidden=\"true\" tabindex=\"-1\"><img loading=\"lazy\" decoding=\"async\" width=\"1024\" height=\"683\" src=\"https:\/\/www.escapadarural.com\/blog\/wp-content\/uploads\/2024\/10\/Bodegas-Tradicionales-de-Moradillo-de-Roa-1024x683-4.jpg\" class=\"attachment-full size-full\" alt=\"Edificios de piedra con fachadas desgastadas se asientan en lo alto de una colina cubierta de hierba bajo un cielo azul despejado. En primer plano se ve la entrada a una peque\u00f1a cueva de piedra y la luz del sol proyecta sombras sobre la verde ladera.\" style=\"max-width: 600px; \" srcset=\"https:\/\/www.escapadarural.com\/blog\/wp-content\/uploads\/2024\/10\/Bodegas-Tradicionales-de-Moradillo-de-Roa-1024x683-4-200x133.jpg 200w, https:\/\/www.escapadarural.com\/blog\/wp-content\/uploads\/2024\/10\/Bodegas-Tradicionales-de-Moradillo-de-Roa-1024x683-4-300x200.jpg 300w, https:\/\/www.escapadarural.com\/blog\/wp-content\/uploads\/2024\/10\/Bodegas-Tradicionales-de-Moradillo-de-Roa-1024x683-4-400x267.jpg 400w, https:\/\/www.escapadarural.com\/blog\/wp-content\/uploads\/2024\/10\/Bodegas-Tradicionales-de-Moradillo-de-Roa-1024x683-4-600x400.jpg 600w, https:\/\/www.escapadarural.com\/blog\/wp-content\/uploads\/2024\/10\/Bodegas-Tradicionales-de-Moradillo-de-Roa-1024x683-4-768x512.jpg 768w, https:\/\/www.escapadarural.com\/blog\/wp-content\/uploads\/2024\/10\/Bodegas-Tradicionales-de-Moradillo-de-Roa-1024x683-4-800x534.jpg 800w, https:\/\/www.escapadarural.com\/blog\/wp-content\/uploads\/2024\/10\/Bodegas-Tradicionales-de-Moradillo-de-Roa-1024x683-4.jpg 1024w\" sizes=\"auto, (max-width: 1024px) 100vw, 1024px\"><\/a><\/div><div class=\"ub-block-post-grid-text\" style=\"\"><div class=\"ub-block-post-grid-header-content\"><header class=\"ub-block-post-grid-header\"><h3 class=\"ub-block-post-grid-title\"><a style=\"\" href=\"https:\/\/www.escapadarural.com\/blog\/moradillo-de-roa\/\" rel=\"bookmark\">Moradillo de Roa, el pueblo \u00abHobbit\u00bb de Espa\u00f1a<\/a><\/h3><div class=\"ub-block-post-grid-author\" itemprop=\"author\"><a class=\"ub-text-link\" style=\"\" href=\"https:\/\/www.escapadarural.com\/blog\/autor\/laura\/\" itemprop=\"url\" rel=\"author\"><span itemprop=\"name\">Laura Fern\u00e1ndez<\/span><\/a><\/div><time datetime=\"2022-12-03T07:00:00+01:00\" class=\"ub-block-post-grid-date\" style=\"\" itemprop=\"datePublished\">3 de diciembre de 2022<\/time><\/header><\/div><div class=\"ub-block-post-grid-excerpt\"><div class=\"ub-block-post-grid-excerpt-text\" style=\"\"><p>Las peque\u00f1as puertas de las cuevas parecen querer abrirse paso por la tierra, quedando el resto del habit\u00e1culo cubierto por la naturaleza. Como si se tratase de un poblado hecho por hobbits.\u00a0<\/p>\n<\/div><\/div><\/div><\/article>\n<article id=\"post-53536\" class=\"ub-post-grid-item post-53536 post type-post status-publish format-standard has-post-thumbnail hentry category-destinos tag-chundara tag-el-cotarro-swing-festival tag-familia tag-mambrilla tag-moradillo-de-roa tag-penafiel tag-penaranda-de-duero tag-planes-en-la-ribera-del-duero tag-pueblos tag-ribera-del-duero tag-san-esteban-de-gormaz tag-verano-en-la-ribera-del-duero\" style=\"\"><div class=\"ub-block-post-grid-image\" style=\"\"><a href=\"https:\/\/www.escapadarural.com\/blog\/planes-en-la-ribera-del-duero\/\" rel=\"bookmark\" aria-hidden=\"true\" tabindex=\"-1\"><img loading=\"lazy\" decoding=\"async\" width=\"1024\" height=\"768\" src=\"https:\/\/www.escapadarural.com\/blog\/wp-content\/uploads\/2024\/10\/penafiel-and-castle-stockpack-adobe-stock-1024x768-3.jpg\" class=\"attachment-full size-full\" alt=\"Un castillo de piedra se alza en lo alto de una colina con vistas a un r\u00edo, frondosos \u00e1rboles verdes y una zona de arena con un parque infantil, bajo un cielo parcialmente nublado.\" style=\"max-width: 600px; \" srcset=\"https:\/\/www.escapadarural.com\/blog\/wp-content\/uploads\/2024\/10\/penafiel-and-castle-stockpack-adobe-stock-1024x768-3-200x150.jpg 200w, https:\/\/www.escapadarural.com\/blog\/wp-content\/uploads\/2024\/10\/penafiel-and-castle-stockpack-adobe-stock-1024x768-3-300x225.jpg 300w, https:\/\/www.escapadarural.com\/blog\/wp-content\/uploads\/2024\/10\/penafiel-and-castle-stockpack-adobe-stock-1024x768-3-400x300.jpg 400w, https:\/\/www.escapadarural.com\/blog\/wp-content\/uploads\/2024\/10\/penafiel-and-castle-stockpack-adobe-stock-1024x768-3-600x450.jpg 600w, https:\/\/www.escapadarural.com\/blog\/wp-content\/uploads\/2024\/10\/penafiel-and-castle-stockpack-adobe-stock-1024x768-3-768x576.jpg 768w, https:\/\/www.escapadarural.com\/blog\/wp-content\/uploads\/2024\/10\/penafiel-and-castle-stockpack-adobe-stock-1024x768-3-800x600.jpg 800w, https:\/\/www.escapadarural.com\/blog\/wp-content\/uploads\/2024\/10\/penafiel-and-castle-stockpack-adobe-stock-1024x768-3.jpg 1024w\" sizes=\"auto, (max-width: 1024px) 100vw, 1024px\"><\/a><\/div><div class=\"ub-block-post-grid-text\" style=\"\"><div class=\"ub-block-post-grid-header-content\"><header class=\"ub-block-post-grid-header\"><h3 class=\"ub-block-post-grid-title\"><a style=\"\" href=\"https:\/\/www.escapadarural.com\/blog\/planes-en-la-ribera-del-duero\/\" rel=\"bookmark\">5 planes veraniegos en la Ribera del Duero<\/a><\/h3><div class=\"ub-block-post-grid-author\" itemprop=\"author\"><a class=\"ub-text-link\" style=\"\" href=\"https:\/\/www.escapadarural.com\/blog\/autor\/laura\/\" itemprop=\"url\" rel=\"author\"><span itemprop=\"name\">Laura Fern\u00e1ndez<\/span><\/a><\/div><time datetime=\"2022-08-02T09:05:33+02:00\" class=\"ub-block-post-grid-date\" style=\"\" itemprop=\"datePublished\">2 de agosto de 2022<\/time><\/header><\/div><div class=\"ub-block-post-grid-excerpt\"><div class=\"ub-block-post-grid-excerpt-text\" style=\"\"><p>La Ribera del Duero est\u00e1 de aniversario. Esta zona vin\u00edcola, situada entre el sur de Burgos, en la frontera con Valladolid y el oeste de Soria, celebra este a\u00f1o el 40 cumplea\u00f1os de su Denominaci\u00f3n de Origen. Qu\u00e9 mejor que celebrarlo visitando alguna de sus bodegas y brindando con una copa de vino. <\/p>\n<\/div><\/div><\/div><\/article>\n<article id=\"post-10065\" class=\"ub-post-grid-item post-10065 post type-post status-publish format-standard has-post-thumbnail hentry category-destinos tag-que-ver-en-burgos tag-que-ver-en-castilla-y-leon tag-enoturismo tag-listado tag-pueblos tag-ribera-del-duero tag-que-ver-en-soria tag-que-ver-en-valladolid\" style=\"\"><div class=\"ub-block-post-grid-image\" style=\"\"><a href=\"https:\/\/www.escapadarural.com\/blog\/pueblos-para-conocer-la-ribera-del-duero\/\" rel=\"bookmark\" aria-hidden=\"true\" tabindex=\"-1\"><img loading=\"lazy\" decoding=\"async\" width=\"1024\" height=\"682\" src=\"https:\/\/www.escapadarural.com\/blog\/wp-content\/uploads\/2024\/10\/penafiel2-2.jpg\" class=\"attachment-full size-full\" alt=\"Un grupo de personas se encuentra en una plaza de arena rodeada de coloridos edificios antiguos, con un gran castillo medieval sobre una colina al fondo bajo un cielo parcialmente nublado.\" style=\"max-width: 600px; \" srcset=\"https:\/\/www.escapadarural.com\/blog\/wp-content\/uploads\/2024\/10\/penafiel2-2-200x133.jpg 200w, https:\/\/www.escapadarural.com\/blog\/wp-content\/uploads\/2024\/10\/penafiel2-2-300x200.jpg 300w, https:\/\/www.escapadarural.com\/blog\/wp-content\/uploads\/2024\/10\/penafiel2-2-400x266.jpg 400w, https:\/\/www.escapadarural.com\/blog\/wp-content\/uploads\/2024\/10\/penafiel2-2-600x400.jpg 600w, https:\/\/www.escapadarural.com\/blog\/wp-content\/uploads\/2024\/10\/penafiel2-2-768x512.jpg 768w, https:\/\/www.escapadarural.com\/blog\/wp-content\/uploads\/2024\/10\/penafiel2-2-800x533.jpg 800w, https:\/\/www.escapadarural.com\/blog\/wp-content\/uploads\/2024\/10\/penafiel2-2.jpg 1024w\" sizes=\"auto, (max-width: 1024px) 100vw, 1024px\"><\/a><\/div><div class=\"ub-block-post-grid-text\" style=\"\"><div class=\"ub-block-post-grid-header-content\"><header class=\"ub-block-post-grid-header\"><h3 class=\"ub-block-post-grid-title\"><a style=\"\" href=\"https:\/\/www.escapadarural.com\/blog\/pueblos-para-conocer-la-ribera-del-duero\/\" rel=\"bookmark\">5 pueblos para conocer la Ribera del Duero<\/a><\/h3><div class=\"ub-block-post-grid-author\" itemprop=\"author\"><a class=\"ub-text-link\" style=\"\" href=\"https:\/\/www.escapadarural.com\/blog\/autor\/josealejandro\/\" itemprop=\"url\" rel=\"author\"><span itemprop=\"name\">Jos\u00e9 Alejandro Adamuz<\/span><\/a><\/div><time datetime=\"2018-10-05T09:30:45+02:00\" class=\"ub-block-post-grid-date\" style=\"\" itemprop=\"datePublished\">5 de octubre de 2018<\/time><\/header><\/div><div class=\"ub-block-post-grid-excerpt\"><div class=\"ub-block-post-grid-excerpt-text\" style=\"\"><p>Siguiendo el cauce del r\u00edo se cruzan barricas, castillos, monasterios, bodegas, vi\u00f1edos y pueblos pintorescos. Es el paisaje en el que se elaboran los vinos de la Denominaci\u00f3n de Origen Ribera del Duero.<\/p>\n<\/div><\/div><\/div><\/article>\n<\/div><\/section>","protected":false},"excerpt":{"rendered":"<p>Situado en la Ribera del Duero, Burgos, Pe\u00f1aranda de Duero es un pueblo medieval que llama la atenci\u00f3n por su arquitectura, su castillo y la gastronom\u00eda, en la que por su situaci\u00f3n geogr\u00e1fica destaca por sus deliciosos vinos. <\/p>\n","protected":false},"author":89,"featured_media":70695,"comment_status":"open","ping_status":"open","sticky":false,"template":"","format":"standard","meta":{"_acf_changed":false,"om_disable_all_campaigns":false,"footnotes":""},"categories":[191],"tags":[439,286,4397,212,2173,985],"class_list":["post-70689","post","type-post","status-publish","format-standard","has-post-thumbnail","hentry","category-destinos","tag-que-ver-en-burgos","tag-enoturismo","tag-penaranda-de-duero","tag-pueblos","tag-ribera-del-duero","tag-vino"],"acf":[],"featured_image_src":"https:\/\/www.escapadarural.com\/blog\/wp-content\/uploads\/2024\/02\/penaranda-de-duero-plaza-mayor-scaled-1.jpg","author_info":{"display_name":"Laura Fern\u00e1ndez","author_link":"https:\/\/www.escapadarural.com\/blog\/autor\/laura\/"},"yoast_head":"<!-- This site is optimized with the Yoast SEO plugin v27.2 - https:\/\/yoast.com\/product\/yoast-seo-wordpress\/ -->\n<title>Pe\u00f1aranda de Duero, el pueblo medieval m\u00e1s bonito de la Ribera del Duero - EscapadaRural<\/title>\n<meta name=\"robots\" content=\"index, follow, max-snippet:-1, max-image-preview:large, max-video-preview:-1\" \/>\n<link rel=\"canonical\" href=\"https:\/\/www.escapadarural.com\/blog\/penaranda-de-duero-pueblo-medieval\/\" \/>\n<meta property=\"og:locale\" content=\"es_ES\" \/>\n<meta property=\"og:type\" content=\"article\" \/>\n<meta property=\"og:title\" content=\"Pe\u00f1aranda de Duero, el pueblo medieval m\u00e1s bonito de la Ribera del Duero - EscapadaRural\" \/>\n<meta property=\"og:description\" content=\"Situado en la Ribera del Duero, Burgos, Pe\u00f1aranda de Duero es un pueblo medieval que llama la atenci\u00f3n por su arquitectura, su castillo y la gastronom\u00eda, en la que por su situaci\u00f3n geogr\u00e1fica destaca por sus deliciosos vinos.\" \/>\n<meta property=\"og:url\" content=\"https:\/\/www.escapadarural.com\/blog\/penaranda-de-duero-pueblo-medieval\/\" \/>\n<meta property=\"og:site_name\" content=\"Magazine de viajes de EscapadaRural\" \/>\n<meta property=\"article:publisher\" content=\"https:\/\/www.facebook.com\/escapadarural\" \/>\n<meta property=\"article:published_time\" content=\"2024-02-20T08:58:06+00:00\" \/>\n<meta property=\"article:modified_time\" content=\"2025-04-23T08:56:55+00:00\" \/>\n<meta property=\"og:image\" content=\"https:\/\/app.escapadarural.com\/blog\/wp-content\/uploads\/2024\/02\/penaranda-de-duero-plaza-mayor-scaled-1.jpg\" \/>\n\t<meta property=\"og:image:width\" content=\"2048\" \/>\n\t<meta property=\"og:image:height\" content=\"1376\" \/>\n\t<meta property=\"og:image:type\" content=\"image\/jpeg\" \/>\n<meta name=\"author\" content=\"Laura Fern\u00e1ndez\" \/>\n<meta name=\"twitter:card\" content=\"summary_large_image\" \/>\n<meta name=\"twitter:label1\" content=\"Escrito por\" \/>\n\t<meta name=\"twitter:data1\" content=\"Laura Fern\u00e1ndez\" \/>\n\t<meta name=\"twitter:label2\" content=\"Tiempo de lectura\" \/>\n\t<meta name=\"twitter:data2\" content=\"8 minutos\" \/>\n<script type=\"application\/ld+json\" class=\"yoast-schema-graph\">{\"@context\":\"https:\/\/schema.org\",\"@graph\":[{\"@type\":\"Article\",\"@id\":\"https:\/\/www.escapadarural.com\/blog\/penaranda-de-duero-pueblo-medieval\/#article\",\"isPartOf\":{\"@id\":\"https:\/\/www.escapadarural.com\/blog\/penaranda-de-duero-pueblo-medieval\/\"},\"author\":{\"name\":\"Laura Fern\u00e1ndez\",\"@id\":\"https:\/\/www.escapadarural.com\/blog\/#\/schema\/person\/a9b46ae4d047d8a2c719f31e75206cff\"},\"headline\":\"Pe\u00f1aranda de Duero, el pueblo medieval m\u00e1s bonito de la Ribera del Duero\",\"datePublished\":\"2024-02-20T08:58:06+00:00\",\"dateModified\":\"2025-04-23T08:56:55+00:00\",\"mainEntityOfPage\":{\"@id\":\"https:\/\/www.escapadarural.com\/blog\/penaranda-de-duero-pueblo-medieval\/\"},\"wordCount\":1318,\"commentCount\":1,\"publisher\":{\"@id\":\"https:\/\/www.escapadarural.com\/blog\/#organization\"},\"image\":{\"@id\":\"https:\/\/www.escapadarural.com\/blog\/penaranda-de-duero-pueblo-medieval\/#primaryimage\"},\"thumbnailUrl\":\"https:\/\/www.escapadarural.com\/blog\/wp-content\/uploads\/2024\/02\/penaranda-de-duero-plaza-mayor-scaled-1.jpg\",\"keywords\":[\"Burgos\",\"Enoturismo\",\"Pe\u00f1aranda de Duero\",\"pueblos\",\"Ribera del Duero\",\"vino\"],\"articleSection\":[\"Destinos\"],\"inLanguage\":\"es\",\"potentialAction\":[{\"@type\":\"CommentAction\",\"name\":\"Comment\",\"target\":[\"https:\/\/www.escapadarural.com\/blog\/penaranda-de-duero-pueblo-medieval\/#respond\"]}]},{\"@type\":\"WebPage\",\"@id\":\"https:\/\/www.escapadarural.com\/blog\/penaranda-de-duero-pueblo-medieval\/\",\"url\":\"https:\/\/www.escapadarural.com\/blog\/penaranda-de-duero-pueblo-medieval\/\",\"name\":\"Pe\u00f1aranda de Duero, el pueblo medieval m\u00e1s bonito de la Ribera del Duero - EscapadaRural\",\"isPartOf\":{\"@id\":\"https:\/\/www.escapadarural.com\/blog\/#website\"},\"primaryImageOfPage\":{\"@id\":\"https:\/\/www.escapadarural.com\/blog\/penaranda-de-duero-pueblo-medieval\/#primaryimage\"},\"image\":{\"@id\":\"https:\/\/www.escapadarural.com\/blog\/penaranda-de-duero-pueblo-medieval\/#primaryimage\"},\"thumbnailUrl\":\"https:\/\/www.escapadarural.com\/blog\/wp-content\/uploads\/2024\/02\/penaranda-de-duero-plaza-mayor-scaled-1.jpg\",\"datePublished\":\"2024-02-20T08:58:06+00:00\",\"dateModified\":\"2025-04-23T08:56:55+00:00\",\"breadcrumb\":{\"@id\":\"https:\/\/www.escapadarural.com\/blog\/penaranda-de-duero-pueblo-medieval\/#breadcrumb\"},\"inLanguage\":\"es\",\"potentialAction\":[{\"@type\":\"ReadAction\",\"target\":[\"https:\/\/www.escapadarural.com\/blog\/penaranda-de-duero-pueblo-medieval\/\"]}]},{\"@type\":\"ImageObject\",\"inLanguage\":\"es\",\"@id\":\"https:\/\/www.escapadarural.com\/blog\/penaranda-de-duero-pueblo-medieval\/#primaryimage\",\"url\":\"https:\/\/www.escapadarural.com\/blog\/wp-content\/uploads\/2024\/02\/penaranda-de-duero-plaza-mayor-scaled-1.jpg\",\"contentUrl\":\"https:\/\/www.escapadarural.com\/blog\/wp-content\/uploads\/2024\/02\/penaranda-de-duero-plaza-mayor-scaled-1.jpg\",\"width\":2048,\"height\":1376,\"caption\":\"Plaza Mayor e iglesia de Pe\u00f1aranda de Duero, Burgos. Por Antonio Herrera\"},{\"@type\":\"BreadcrumbList\",\"@id\":\"https:\/\/www.escapadarural.com\/blog\/penaranda-de-duero-pueblo-medieval\/#breadcrumb\",\"itemListElement\":[{\"@type\":\"ListItem\",\"position\":1,\"name\":\"Inicio\",\"item\":\"https:\/\/www.escapadarural.com\/blog\/\"},{\"@type\":\"ListItem\",\"position\":2,\"name\":\"Destinos\",\"item\":\"https:\/\/www.escapadarural.com\/blog\/categoria\/destinos\/\"},{\"@type\":\"ListItem\",\"position\":3,\"name\":\"Pe\u00f1aranda de Duero, el pueblo medieval m\u00e1s bonito de la Ribera del Duero\"}]},{\"@type\":\"WebSite\",\"@id\":\"https:\/\/www.escapadarural.com\/blog\/#website\",\"url\":\"https:\/\/www.escapadarural.com\/blog\/\",\"name\":\"Blog de viajes | turismo rural, alojamientos e inspiraci\u00f3n\",\"description\":\"Alojamientos rurales e inspiraci\u00f3n para tus escapadas\",\"publisher\":{\"@id\":\"https:\/\/www.escapadarural.com\/blog\/#organization\"},\"alternateName\":\"Magazine de viajes de EscapadaRural\",\"potentialAction\":[{\"@type\":\"SearchAction\",\"target\":{\"@type\":\"EntryPoint\",\"urlTemplate\":\"https:\/\/www.escapadarural.com\/blog\/?s={search_term_string}\"},\"query-input\":{\"@type\":\"PropertyValueSpecification\",\"valueRequired\":true,\"valueName\":\"search_term_string\"}}],\"inLanguage\":\"es\"},{\"@type\":\"Organization\",\"@id\":\"https:\/\/www.escapadarural.com\/blog\/#organization\",\"name\":\"EscapadaRural\",\"url\":\"https:\/\/www.escapadarural.com\/blog\/\",\"logo\":{\"@type\":\"ImageObject\",\"inLanguage\":\"es\",\"@id\":\"https:\/\/www.escapadarural.com\/blog\/#\/schema\/logo\/image\/\",\"url\":\"https:\/\/www.escapadarural.com\/blog\/wp-content\/uploads\/2024\/10\/cropped-cropped-escapada-rural-icon-mag-3.png\",\"contentUrl\":\"https:\/\/www.escapadarural.com\/blog\/wp-content\/uploads\/2024\/10\/cropped-cropped-escapada-rural-icon-mag-3.png\",\"width\":512,\"height\":512,\"caption\":\"EscapadaRural\"},\"image\":{\"@id\":\"https:\/\/www.escapadarural.com\/blog\/#\/schema\/logo\/image\/\"},\"sameAs\":[\"https:\/\/www.facebook.com\/escapadarural\",\"https:\/\/www.instagram.com\/escapadarural\/\",\"https:\/\/www.youtube.com\/@escapadaruralcom\"]},{\"@type\":\"Person\",\"@id\":\"https:\/\/www.escapadarural.com\/blog\/#\/schema\/person\/a9b46ae4d047d8a2c719f31e75206cff\",\"name\":\"Laura Fern\u00e1ndez\",\"image\":{\"@type\":\"ImageObject\",\"inLanguage\":\"es\",\"@id\":\"https:\/\/www.escapadarural.com\/blog\/wp-content\/uploads\/2025\/01\/cropped-laura_raponchii-96x96.jpg\",\"url\":\"https:\/\/www.escapadarural.com\/blog\/wp-content\/uploads\/2025\/01\/cropped-laura_raponchii-96x96.jpg\",\"contentUrl\":\"https:\/\/www.escapadarural.com\/blog\/wp-content\/uploads\/2025\/01\/cropped-laura_raponchii-96x96.jpg\",\"caption\":\"Laura Fern\u00e1ndez\"},\"description\":\"Periodista, blogger y viajera. No necesariamente en ese orden. En ocasiones me despierto sin saber d\u00f3nde estoy. Adicta a los c\u00f3mics y a los noodles con salsa de cacahuete. Redactora en @escapadarural, colaboradora en la Conde Nast Traveler y en la Divinity. Mi casa: Meridiano180.\",\"sameAs\":[\"http:\/\/www.meridiano180.com\/\"],\"url\":\"https:\/\/www.escapadarural.com\/blog\/autor\/laura\/\"}]}<\/script>\n<!-- \/ Yoast SEO plugin. -->","yoast_head_json":{"title":"Pe\u00f1aranda de Duero, el pueblo medieval m\u00e1s bonito de la Ribera del Duero - EscapadaRural","robots":{"index":"index","follow":"follow","max-snippet":"max-snippet:-1","max-image-preview":"max-image-preview:large","max-video-preview":"max-video-preview:-1"},"canonical":"https:\/\/www.escapadarural.com\/blog\/penaranda-de-duero-pueblo-medieval\/","og_locale":"es_ES","og_type":"article","og_title":"Pe\u00f1aranda de Duero, el pueblo medieval m\u00e1s bonito de la Ribera del Duero - EscapadaRural","og_description":"Situado en la Ribera del Duero, Burgos, Pe\u00f1aranda de Duero es un pueblo medieval que llama la atenci\u00f3n por su arquitectura, su castillo y la gastronom\u00eda, en la que por su situaci\u00f3n geogr\u00e1fica destaca por sus deliciosos vinos.","og_url":"https:\/\/www.escapadarural.com\/blog\/penaranda-de-duero-pueblo-medieval\/","og_site_name":"Magazine de viajes de EscapadaRural","article_publisher":"https:\/\/www.facebook.com\/escapadarural","article_published_time":"2024-02-20T08:58:06+00:00","article_modified_time":"2025-04-23T08:56:55+00:00","og_image":[{"width":2048,"height":1376,"url":"https:\/\/app.escapadarural.com\/blog\/wp-content\/uploads\/2024\/02\/penaranda-de-duero-plaza-mayor-scaled-1.jpg","type":"image\/jpeg"}],"author":"Laura Fern\u00e1ndez","twitter_card":"summary_large_image","twitter_misc":{"Escrito por":"Laura Fern\u00e1ndez","Tiempo de lectura":"8 minutos"},"schema":{"@context":"https:\/\/schema.org","@graph":[{"@type":"Article","@id":"https:\/\/www.escapadarural.com\/blog\/penaranda-de-duero-pueblo-medieval\/#article","isPartOf":{"@id":"https:\/\/www.escapadarural.com\/blog\/penaranda-de-duero-pueblo-medieval\/"},"author":{"name":"Laura Fern\u00e1ndez","@id":"https:\/\/www.escapadarural.com\/blog\/#\/schema\/person\/a9b46ae4d047d8a2c719f31e75206cff"},"headline":"Pe\u00f1aranda de Duero, el pueblo medieval m\u00e1s bonito de la Ribera del Duero","datePublished":"2024-02-20T08:58:06+00:00","dateModified":"2025-04-23T08:56:55+00:00","mainEntityOfPage":{"@id":"https:\/\/www.escapadarural.com\/blog\/penaranda-de-duero-pueblo-medieval\/"},"wordCount":1318,"commentCount":1,"publisher":{"@id":"https:\/\/www.escapadarural.com\/blog\/#organization"},"image":{"@id":"https:\/\/www.escapadarural.com\/blog\/penaranda-de-duero-pueblo-medieval\/#primaryimage"},"thumbnailUrl":"https:\/\/www.escapadarural.com\/blog\/wp-content\/uploads\/2024\/02\/penaranda-de-duero-plaza-mayor-scaled-1.jpg","keywords":["Burgos","Enoturismo","Pe\u00f1aranda de Duero","pueblos","Ribera del Duero","vino"],"articleSection":["Destinos"],"inLanguage":"es","potentialAction":[{"@type":"CommentAction","name":"Comment","target":["https:\/\/www.escapadarural.com\/blog\/penaranda-de-duero-pueblo-medieval\/#respond"]}]},{"@type":"WebPage","@id":"https:\/\/www.escapadarural.com\/blog\/penaranda-de-duero-pueblo-medieval\/","url":"https:\/\/www.escapadarural.com\/blog\/penaranda-de-duero-pueblo-medieval\/","name":"Pe\u00f1aranda de Duero, el pueblo medieval m\u00e1s bonito de la Ribera del Duero - EscapadaRural","isPartOf":{"@id":"https:\/\/www.escapadarural.com\/blog\/#website"},"primaryImageOfPage":{"@id":"https:\/\/www.escapadarural.com\/blog\/penaranda-de-duero-pueblo-medieval\/#primaryimage"},"image":{"@id":"https:\/\/www.escapadarural.com\/blog\/penaranda-de-duero-pueblo-medieval\/#primaryimage"},"thumbnailUrl":"https:\/\/www.escapadarural.com\/blog\/wp-content\/uploads\/2024\/02\/penaranda-de-duero-plaza-mayor-scaled-1.jpg","datePublished":"2024-02-20T08:58:06+00:00","dateModified":"2025-04-23T08:56:55+00:00","breadcrumb":{"@id":"https:\/\/www.escapadarural.com\/blog\/penaranda-de-duero-pueblo-medieval\/#breadcrumb"},"inLanguage":"es","potentialAction":[{"@type":"ReadAction","target":["https:\/\/www.escapadarural.com\/blog\/penaranda-de-duero-pueblo-medieval\/"]}]},{"@type":"ImageObject","inLanguage":"es","@id":"https:\/\/www.escapadarural.com\/blog\/penaranda-de-duero-pueblo-medieval\/#primaryimage","url":"https:\/\/www.escapadarural.com\/blog\/wp-content\/uploads\/2024\/02\/penaranda-de-duero-plaza-mayor-scaled-1.jpg","contentUrl":"https:\/\/www.escapadarural.com\/blog\/wp-content\/uploads\/2024\/02\/penaranda-de-duero-plaza-mayor-scaled-1.jpg","width":2048,"height":1376,"caption":"Plaza Mayor e iglesia de Pe\u00f1aranda de Duero, Burgos. Por Antonio Herrera"},{"@type":"BreadcrumbList","@id":"https:\/\/www.escapadarural.com\/blog\/penaranda-de-duero-pueblo-medieval\/#breadcrumb","itemListElement":[{"@type":"ListItem","position":1,"name":"Inicio","item":"https:\/\/www.escapadarural.com\/blog\/"},{"@type":"ListItem","position":2,"name":"Destinos","item":"https:\/\/www.escapadarural.com\/blog\/categoria\/destinos\/"},{"@type":"ListItem","position":3,"name":"Pe\u00f1aranda de Duero, el pueblo medieval m\u00e1s bonito de la Ribera del Duero"}]},{"@type":"WebSite","@id":"https:\/\/www.escapadarural.com\/blog\/#website","url":"https:\/\/www.escapadarural.com\/blog\/","name":"Blog de viajes | turismo rural, alojamientos e inspiraci\u00f3n","description":"Alojamientos rurales e inspiraci\u00f3n para tus escapadas","publisher":{"@id":"https:\/\/www.escapadarural.com\/blog\/#organization"},"alternateName":"Magazine de viajes de EscapadaRural","potentialAction":[{"@type":"SearchAction","target":{"@type":"EntryPoint","urlTemplate":"https:\/\/www.escapadarural.com\/blog\/?s={search_term_string}"},"query-input":{"@type":"PropertyValueSpecification","valueRequired":true,"valueName":"search_term_string"}}],"inLanguage":"es"},{"@type":"Organization","@id":"https:\/\/www.escapadarural.com\/blog\/#organization","name":"EscapadaRural","url":"https:\/\/www.escapadarural.com\/blog\/","logo":{"@type":"ImageObject","inLanguage":"es","@id":"https:\/\/www.escapadarural.com\/blog\/#\/schema\/logo\/image\/","url":"https:\/\/www.escapadarural.com\/blog\/wp-content\/uploads\/2024\/10\/cropped-cropped-escapada-rural-icon-mag-3.png","contentUrl":"https:\/\/www.escapadarural.com\/blog\/wp-content\/uploads\/2024\/10\/cropped-cropped-escapada-rural-icon-mag-3.png","width":512,"height":512,"caption":"EscapadaRural"},"image":{"@id":"https:\/\/www.escapadarural.com\/blog\/#\/schema\/logo\/image\/"},"sameAs":["https:\/\/www.facebook.com\/escapadarural","https:\/\/www.instagram.com\/escapadarural\/","https:\/\/www.youtube.com\/@escapadaruralcom"]},{"@type":"Person","@id":"https:\/\/www.escapadarural.com\/blog\/#\/schema\/person\/a9b46ae4d047d8a2c719f31e75206cff","name":"Laura Fern\u00e1ndez","image":{"@type":"ImageObject","inLanguage":"es","@id":"https:\/\/www.escapadarural.com\/blog\/wp-content\/uploads\/2025\/01\/cropped-laura_raponchii-96x96.jpg","url":"https:\/\/www.escapadarural.com\/blog\/wp-content\/uploads\/2025\/01\/cropped-laura_raponchii-96x96.jpg","contentUrl":"https:\/\/www.escapadarural.com\/blog\/wp-content\/uploads\/2025\/01\/cropped-laura_raponchii-96x96.jpg","caption":"Laura Fern\u00e1ndez"},"description":"Periodista, blogger y viajera. No necesariamente en ese orden. En ocasiones me despierto sin saber d\u00f3nde estoy. Adicta a los c\u00f3mics y a los noodles con salsa de cacahuete. Redactora en @escapadarural, colaboradora en la Conde Nast Traveler y en la Divinity. Mi casa: Meridiano180.","sameAs":["http:\/\/www.meridiano180.com\/"],"url":"https:\/\/www.escapadarural.com\/blog\/autor\/laura\/"}]}},"_links":{"self":[{"href":"https:\/\/www.escapadarural.com\/blog\/wp-json\/wp\/v2\/posts\/70689","targetHints":{"allow":["GET"]}}],"collection":[{"href":"https:\/\/www.escapadarural.com\/blog\/wp-json\/wp\/v2\/posts"}],"about":[{"href":"https:\/\/www.escapadarural.com\/blog\/wp-json\/wp\/v2\/types\/post"}],"author":[{"embeddable":true,"href":"https:\/\/www.escapadarural.com\/blog\/wp-json\/wp\/v2\/users\/89"}],"replies":[{"embeddable":true,"href":"https:\/\/www.escapadarural.com\/blog\/wp-json\/wp\/v2\/comments?post=70689"}],"version-history":[{"count":0,"href":"https:\/\/www.escapadarural.com\/blog\/wp-json\/wp\/v2\/posts\/70689\/revisions"}],"wp:featuredmedia":[{"embeddable":true,"href":"https:\/\/www.escapadarural.com\/blog\/wp-json\/wp\/v2\/media\/70695"}],"wp:attachment":[{"href":"https:\/\/www.escapadarural.com\/blog\/wp-json\/wp\/v2\/media?parent=70689"}],"wp:term":[{"taxonomy":"category","embeddable":true,"href":"https:\/\/www.escapadarural.com\/blog\/wp-json\/wp\/v2\/categories?post=70689"},{"taxonomy":"post_tag","embeddable":true,"href":"https:\/\/www.escapadarural.com\/blog\/wp-json\/wp\/v2\/tags?post=70689"}],"curies":[{"name":"wp","href":"https:\/\/api.w.org\/{rel}","templated":true}]}}