{"id":70703,"date":"2024-02-27T08:00:00","date_gmt":"2024-02-27T07:00:00","guid":{"rendered":"https:\/\/www.escapadarural.com\/blog\/?p=70703"},"modified":"2025-04-23T10:49:59","modified_gmt":"2025-04-23T08:49:59","slug":"monasterio-santa-maria-de-la-valldigna","status":"publish","type":"post","link":"https:\/\/www.escapadarural.com\/blog\/monasterio-santa-maria-de-la-valldigna\/","title":{"rendered":"Santa Mar\u00eda de la Valldigna, el Real Monasterio que sobrevivi\u00f3 a terremotos y al expolio"},"content":{"rendered":"\n<figure class=\"wp-block-image size-large\"><a href=\"https:\/\/www.escapadarural.com\/blog\/wp-content\/uploads\/Santa-Maria-de-la-Valldigna-scaled.jpg\"><img decoding=\"async\" src=\"https:\/\/www.escapadarural.com\/blog\/wp-content\/uploads\/2024\/10\/Santa-Maria-de-la-Valldigna-1024x526-1.jpg\" alt=\"Santa Mar\u00eda de la Valldigna\" class=\"wp-image-70948\"\/><\/a><figcaption class=\"wp-element-caption\">Santa Mar\u00eda de la Valldigna. Por lunamarina<\/figcaption><\/figure>\n\n\n\n<p>Entre campos de naranjos y monta\u00f1as, una postal muy t\u00edpica valenciana, se alza el pueblo de <a href=\"\/casas-rurales\/simat-de-la-valldigna\">Simat de la Valldigna<\/a>. Quiz\u00e1s no sea demasiado conocido fuera de la Comunitat Valenciana, pero alberga una construcci\u00f3n muy especial: el <strong>Real Monasterio de Santa Mar\u00eda de la Valldigna<\/strong>, un impresionante complejo que hoy es un patrimonio hist\u00f3rico muy especial. Est\u00e1 en un paraje de gran belleza agreste y, sorprendentemente, estuvo a punto de quedar en ruinas. Te invitamos a conocer su historia y por qu\u00e9 merece la pena una visita.<\/p>\n\n\n\n<div class=\"wp-block-buttons is-layout-flex wp-block-buttons-is-layout-flex\">\n<div class=\"wp-block-button\"><a class=\"wp-block-button__link wp-element-button\" href=\"\/casas-rurales\/valencia\">Casas rurales en Valencia<\/a><\/div>\n<\/div>\n\n\n\n<h2 class=\"wp-block-heading\" id=\"h-la-leyenda-de-jaume-ii-el-justo\"><strong>La leyenda de Jaume II, \u00abel Justo\u00bb<\/strong><\/h2>\n\n\n\n<figure class=\"wp-block-image size-large\"><a href=\"https:\/\/www.escapadarural.com\/blog\/wp-content\/uploads\/monasterio-santa-maria-de-la-valldigna-scaled.jpg\"><img decoding=\"async\" src=\"https:\/\/www.escapadarural.com\/blog\/wp-content\/uploads\/2024\/10\/monasterio-santa-maria-de-la-valldigna-1024x650-1.jpg\" alt=\"Monasterio de Santa Mar\u00eda de la Valldigna, Simat (Valencia)\" class=\"wp-image-70949\"\/><\/a><figcaption class=\"wp-element-caption\">Monasterio de Santa Mar\u00eda de la Valldigna, Simat (Valencia). Por MiguelAngel<\/figcaption><\/figure>\n\n\n\n<p>Cuenta la leyenda que el rey de la Corona de Arag\u00f3n Jaume II, \u201cel Justo\u201d, pas\u00f3 por esta zona de la comarca de la Safor y se qued\u00f3 maravillado por su paisaje f\u00e9rtil e imponente, flanqueado por las monta\u00f1as de la sierra de Corbera, del Mond\u00faver y del Monte Toro. El monarca se dirigi\u00f3 al cura del pueblo, fray Bononat de Vila-seca, y le espet\u00f3: \u201c<em>Vall digna<\/em> [valle digno, en valenciano] para un monasterio de vuestra religi\u00f3n\u201d.<\/p>\n\n\n\n<p>No sabemos si esta frase la pronunci\u00f3 o no realmente, pero s\u00ed que el 15 de marzo de 1298 promulg\u00f3 una orden que conced\u00eda al abad la <strong>autorizaci\u00f3n para construir un nuevo monasterio<\/strong> en medio del valle de poblaci\u00f3n musulmana que dependiera directamente del rey (por eso lo del \u201creal\u201d). El valle extenso y rico se llamar\u00eda Valldigna.<\/p>\n\n\n\n<h2 class=\"wp-block-heading\" id=\"h-una-historia-llena-de-vicisitudes-terremotos-expolio-abandono\"><strong>Una historia llena de vicisitudes: terremotos, expolio, abandono&#8230;<\/strong><\/h2>\n\n\n\n<figure class=\"wp-block-image size-large\"><a href=\"https:\/\/www.escapadarural.com\/blog\/wp-content\/uploads\/real-monasterio-Santa-Maria-de-la-Valldigna-scaled.jpg\"><img decoding=\"async\" src=\"https:\/\/www.escapadarural.com\/blog\/wp-content\/uploads\/2024\/10\/real-monasterio-Santa-Maria-de-la-Valldigna-1024x768-1.jpg\" alt=\"Monasterio de Santa Mar\u00eda de la Valldigna, Simat (Valencia)\n\" class=\"wp-image-70951\"\/><\/a><figcaption class=\"wp-element-caption\">Monasterio de Santa Mar\u00eda de la Valldigna, Simat (Valencia). Por lauraplanells<\/figcaption><\/figure>\n\n\n\n<p>El territorio pas\u00f3 a ser un se\u00f1or\u00edo de la comunidad mon\u00e1stica de la <strong>Orden del C\u00edster<\/strong>, una de las m\u00e1s importantes de la Edad Media y de car\u00e1cter reformista. Gracias a ello, adquiri\u00f3 una gran relevancia durante seis siglos en la sociedad, la econom\u00eda, la pol\u00edtica y cultura valencianas. El monasterio se dise\u00f1\u00f3 y erigi\u00f3 en el siglo XIV, pero dur\u00f3 poco:<strong> en 1396 buena parte se hundi\u00f3 por un terremoto<\/strong>. As\u00ed que vuelta a empezar\u2026 hasta que un nuevo movimiento s\u00edsmico volvi\u00f3 a obligar a emprender otra profunda renovaci\u00f3n. Las reformas que se sucedieron en el tiempo explican que en sus inicios el edificio siguiera el estilo g\u00f3tico cisterciense y, despu\u00e9s, adquiriera una est\u00e9tica barroca.<\/p>\n\n\n\n<p>Por si fuera poco, en 1835 se aprob\u00f3 el decreto de desamortizaci\u00f3n de los bienes del clero que conllev\u00f3 la disoluci\u00f3n de la comunidad mon\u00e1stica de Valldigna y su se\u00f1or\u00edo, la exclaustraci\u00f3n del templo y la venta de todos sus bienes. Un proceso con el que se derrib\u00f3 la mayor parte de los edificios monacales (de hecho, sus piezas se vendieron como material de construcci\u00f3n) y el complejo se acab\u00f3 convirtiendo en una <strong>explotaci\u00f3n agr\u00edcola<\/strong>. &nbsp;As\u00ed, durante m\u00e1s de un siglo acab\u00f3 teniendo un aspecto ruinoso.<\/p>\n\n\n\n<figure class=\"wp-block-image size-large\"><a href=\"https:\/\/www.escapadarural.com\/blog\/wp-content\/uploads\/1440px-Valldigna_Refectori_i_Obra_Nova.jpg\"><img decoding=\"async\" src=\"https:\/\/www.escapadarural.com\/blog\/wp-content\/uploads\/2024\/10\/1440px-Valldigna_Refectori_i_Obra_Nova-1024x768-1.jpg\" alt=\"Monasterio de Santa Mar\u00eda de la Valldigna\" class=\"wp-image-70952\"\/><\/a><figcaption class=\"wp-element-caption\">Monasterio de Santa Mar\u00eda de la Valldigna. Por <a href=\"https:\/\/commons.wikimedia.org\/wiki\/Category:Monasterio_de_Santa_Mar%C3%ADa_de_la_Valldigna#\/media\/File:Valldigna_Refectori_i_Obra_Nova.JPG\" target=\"_blank\" rel=\"noreferrer noopener nofollow\">Joanbanjo <\/a><\/figcaption><\/figure>\n\n\n\n<p>Ante el peligro de desaparici\u00f3n del que hab\u00eda sido un monasterio \u201creal\u201d, diferentes intelectuales valencianos se unieron para denunciar el estado en el que estaba. Las protestas consiguieron que el conjunto de edificios se declarara Monumento Hist\u00f3rico-Art\u00edstico en 1970, aunque eso tampoco par\u00f3 un deterioro cada vez m\u00e1s alarmante. Fue la sociedad civil, a trav\u00e9s de asociaciones vecinales y otros colectivos de la comarca, quienes consiguieron volver a poner el foco en el monasterio.<\/p>\n\n\n\n<p>La lucha dio sus frutos y el Gobierno valenciano acab\u00f3 comprando el complejo en 1991, a lo que le sigui\u00f3 un intenso programa de intervenciones arquitect\u00f3nicas y arqueol\u00f3gicas que le han devuelto el esplendor y hacen que hoy sea una referencia hist\u00f3rico-cultural imprescindible para los valencianos. De hecho, <strong>lleg\u00f3 a entrar en el Estatuto de Autonom\u00eda de la Comunitat Valenciana<\/strong> en 2006, cuando se incorpor\u00f3 alegando que el Real Monasterio de Santa Mar\u00eda de la Valldigna es \u201cs\u00edmbolo de la grandeza del pueblo valenciano reconocido como nacionalidad hist\u00f3rica\u201d.<\/p>\n\n\n\n<h2 class=\"wp-block-heading\" id=\"h-que-se-puede-visitar-hoy-en-el-real-monasterio-de-santa-maria-de-la-valldigna\"><strong>\u00bfQu\u00e9 se puede visitar hoy en el Real Monasterio de Santa Maria de la Valldigna?<\/strong><\/h2>\n\n\n\n<figure class=\"wp-block-image size-large\"><a href=\"https:\/\/www.escapadarural.com\/blog\/wp-content\/uploads\/1440px-Interior_Monasterio_de_Santa_Maria_de_la_Valldigna.jpg\"><img decoding=\"async\" src=\"https:\/\/www.escapadarural.com\/blog\/wp-content\/uploads\/2024\/10\/1440px-Interior_Monasterio_de_Santa_Maria_de_la_Valldigna-1024x768-1.jpg\" alt=\"Interior Monasterio de Santa Mar\u00eda de la Valldigna\" class=\"wp-image-70950\"\/><\/a><figcaption class=\"wp-element-caption\">Interior Monasterio de Santa Mar\u00eda de la Valldigna. Por <a href=\"https:\/\/commons.wikimedia.org\/wiki\/Category:Monasterio_de_Santa_Mar%C3%ADa_de_la_Valldigna#\/media\/File:Interior_Monasterio_de_Santa_Mar%C3%ADa_de_la_Valldigna.jpg\" target=\"_blank\" rel=\"noreferrer noopener nofollow\">Salvador Escriva<\/a><\/figcaption><\/figure>\n\n\n\n<p>Hoy cualquiera que se acerque al pueblo de <strong>Simat de la Valldigna<\/strong> le sorprender\u00e1 la existencia de un monasterio tan espectacular, gracias a las rehabilitaciones que se han llevado a cabo y que permite conocer diferentes elementos: la almazara, donde se alojaba el molino de aceite, el granero y las caballerizas; la iglesia de Santa Mar\u00eda, en la que todav\u00eda se aprecian pinturas del siglo XVII; o la fuente de los Tritones, que durante a\u00f1os estuvo en una plaza de la ciudad de Val\u00e8ncia.<\/p>\n\n\n\n<p>Tambi\u00e9n podemos ver el palacio del abad, destinado a la recepci\u00f3n de personajes ilustres; el claustro del silencio, para pasear, leer o meditar; el portal nuevo, que es el acceso principal; la sala capitular, donde se reun\u00edan los monjes a leer los cap\u00edtulos de la Orden; la obra nueva, un gran edificio en el que estaban los dormitorios y la bodega-almac\u00e9n, entre otras dependencias; el locutorio, lugar de conversaci\u00f3n de los monjes; el refectorio, el comedor; la plaza Sur; la puerta de la Xara, que era el acceso habitual; y el almac\u00e9n arqueol\u00f3gico, en las antiguas cuadras del monasterio.<\/p>\n\n\n\n<figure class=\"wp-block-image size-large\"><a href=\"https:\/\/www.escapadarural.com\/blog\/wp-content\/uploads\/monastrio-Santa-Maria-de-la-Valldigna-valencia-scaled.jpg\"><img decoding=\"async\" src=\"https:\/\/www.escapadarural.com\/blog\/wp-content\/uploads\/2024\/10\/monastrio-Santa-Maria-de-la-Valldigna-valencia-1024x683-1.jpg\" alt=\"Monasterio de Santa Mar\u00eda de la Valldigna.\" class=\"wp-image-70954\"\/><\/a><figcaption class=\"wp-element-caption\">Real Monasterio de Santa Mar\u00eda de la Valldigna. Por ANADEL<\/figcaption><\/figure>\n\n\n\n<p>Al ser monasterio real, <strong>por aqu\u00ed pasaron diferentes reyes de la Corona de Arag\u00f3n<\/strong> \u2013empezando por su fundador, Jaume II-, adem\u00e1s de la familia Borja, que tuvo tres miembros que fueron abades de este templo.<\/p>\n\n\n\n<h2 class=\"wp-block-heading\" id=\"h-la-ruta-de-los-monasterios-y-otras-sendas\"><strong>La Ruta de los Monasterios y otras sendas<\/strong><\/h2>\n\n\n\n<p>El templo de Simat de la Valldigna forma parte del itinerario tur\u00edstico \u201cla Ruta de los Monasterios\u201d, en el que figuran tambi\u00e9n el del valle de la Murta de Alzira, el de Aig\u00fces Vives de Carcaixent, el de Sant Jeroni de Cotalba de Alfauir y el del Corpus Christi de Llutxent. Se puede seguir en coche o bien recorrerla haciendo senderismo y siguiendo las marcas del GR-236, de m\u00e1s de 90 kil\u00f3metros (puedes completarla por tramos); discurre por antiguas <strong>sendas hist\u00f3ricas de origen medieval<\/strong>, como el \u201cPas del Pobre\u201d, as\u00ed como v\u00edas pecuarias, sendas de monta\u00f1a, caminos rurales y antiguas v\u00edas de ferrocarril.<\/p>\n\n\n\n<figure class=\"wp-block-image size-large\"><a href=\"https:\/\/www.escapadarural.com\/blog\/wp-content\/uploads\/1440px-Cami_Monestir_de_Sant_Jeroni_de_Cotalba.jpg\"><img decoding=\"async\" src=\"https:\/\/www.escapadarural.com\/blog\/wp-content\/uploads\/2024\/10\/1440px-Cami_Monestir_de_Sant_Jeroni_de_Cotalba-1024x768-1.jpg\" alt=\"Camino al monasterio de Sant Jeroni de Cotalba\" class=\"wp-image-70955\"\/><\/a><figcaption class=\"wp-element-caption\">Camino al monasterio de Sant Jeroni de Cotalba. Por <a href=\"https:\/\/commons.wikimedia.org\/wiki\/Category:Monastery_of_Sant_Jeroni_de_Cotalba#\/media\/File:Cam%C3%AD_Monestir_de_Sant_Jeroni_de_Cotalba.jpg\" target=\"_blank\" rel=\"noreferrer noopener nofollow\">Romang <\/a><\/figcaption><\/figure>\n\n\n\n<p>Hay otros recorridos que vale la pena conocer en los alrededores del pueblo de Simat de la Valldigna: \u201cLos Tesoros de Simat\u201d, que pasa por el monasterio y por otros puntos de inter\u00e9s como la Font Gran y la mezquita de la Xara; la \u201cRuta del Agua\u201d, que ayudan a descubrir el aprovechamiento de este recurso natural tan importante a trav\u00e9s de fuentes, balsas y acequias; o la subida al Toro, de poco m\u00e1s de 600 metros de altitud.<\/p>\n\n\n\n<div class=\"wp-block-buttons is-layout-flex wp-block-buttons-is-layout-flex\">\n<div class=\"wp-block-button\"><a class=\"wp-block-button__link wp-element-button\" href=\"\/casas-rurales\/valencia\">Casas rurales en Valencia<\/a><\/div>\n<\/div>\n","protected":false},"excerpt":{"rendered":"<p>El Real Monasterio de Santa Mar\u00eda de la Valldigna es una de las joyas religiosas de la provincia de Valencia. Por \u00e9l pasaron numerosos reyes de la Corona de Arag\u00f3n y forma parte de la Ruta de los Monasterios. <\/p>\n","protected":false},"author":123,"featured_media":70951,"comment_status":"open","ping_status":"open","sticky":false,"template":"","format":"standard","meta":{"_acf_changed":false,"om_disable_all_campaigns":false,"footnotes":""},"categories":[231],"tags":[260,469,295,870,5696,602],"class_list":["post-70703","post","type-post","status-publish","format-standard","has-post-thumbnail","hentry","category-arte-y-cultura","tag-articulo","tag-que-ver-en-la-comunidad-valenciana","tag-monasterio","tag-monumentos","tag-santa-maria-de-la-valldigna","tag-que-ver-en-valencia"],"acf":[],"featured_image_src":"https:\/\/www.escapadarural.com\/blog\/wp-content\/uploads\/2024\/02\/real-monasterio-Santa-Maria-de-la-Valldigna-scaled-1.jpg","author_info":{"display_name":"Raquel Andr\u00e9s","author_link":"https:\/\/www.escapadarural.com\/blog\/autor\/raquel\/"},"yoast_head":"<!-- This site is optimized with the Yoast SEO plugin v27.5 - https:\/\/yoast.com\/product\/yoast-seo-wordpress\/ -->\n<title>Santa Mar\u00eda de la Valldigna, el Real Monasterio que sobrevivi\u00f3 a terremotos y al expolio - EscapadaRural<\/title>\n<meta name=\"robots\" content=\"index, follow, max-snippet:-1, max-image-preview:large, max-video-preview:-1\" \/>\n<link rel=\"canonical\" href=\"https:\/\/www.escapadarural.com\/blog\/monasterio-santa-maria-de-la-valldigna\/\" \/>\n<meta property=\"og:locale\" content=\"es_ES\" \/>\n<meta property=\"og:type\" content=\"article\" \/>\n<meta property=\"og:title\" content=\"Santa Mar\u00eda de la Valldigna, el Real Monasterio que sobrevivi\u00f3 a terremotos y al expolio - EscapadaRural\" \/>\n<meta property=\"og:description\" content=\"El Real Monasterio de Santa Mar\u00eda de la Valldigna es una de las joyas religiosas de la provincia de Valencia. Por \u00e9l pasaron numerosos reyes de la Corona de Arag\u00f3n y forma parte de la Ruta de los Monasterios.\" \/>\n<meta property=\"og:url\" content=\"https:\/\/www.escapadarural.com\/blog\/monasterio-santa-maria-de-la-valldigna\/\" \/>\n<meta property=\"og:site_name\" content=\"Magazine de viajes de EscapadaRural\" \/>\n<meta property=\"article:publisher\" content=\"https:\/\/www.facebook.com\/escapadarural\" \/>\n<meta property=\"article:published_time\" content=\"2024-02-27T07:00:00+00:00\" \/>\n<meta property=\"article:modified_time\" content=\"2025-04-23T08:49:59+00:00\" \/>\n<meta property=\"og:image\" content=\"https:\/\/www.escapadarural.com\/blog\/wp-content\/uploads\/2024\/02\/real-monasterio-Santa-Maria-de-la-Valldigna-scaled-1.jpg\" \/>\n\t<meta property=\"og:image:width\" content=\"2048\" \/>\n\t<meta property=\"og:image:height\" content=\"1536\" \/>\n\t<meta property=\"og:image:type\" content=\"image\/jpeg\" \/>\n<meta name=\"author\" content=\"Raquel Andr\u00e9s\" \/>\n<meta name=\"twitter:card\" content=\"summary_large_image\" \/>\n<meta name=\"twitter:label1\" content=\"Escrito por\" \/>\n\t<meta name=\"twitter:data1\" content=\"Raquel Andr\u00e9s\" \/>\n\t<meta name=\"twitter:label2\" content=\"Tiempo de lectura\" \/>\n\t<meta name=\"twitter:data2\" content=\"7 minutos\" \/>\n<script type=\"application\/ld+json\" class=\"yoast-schema-graph\">{\"@context\":\"https:\\\/\\\/schema.org\",\"@graph\":[{\"@type\":\"Article\",\"@id\":\"https:\\\/\\\/www.escapadarural.com\\\/blog\\\/monasterio-santa-maria-de-la-valldigna\\\/#article\",\"isPartOf\":{\"@id\":\"https:\\\/\\\/www.escapadarural.com\\\/blog\\\/monasterio-santa-maria-de-la-valldigna\\\/\"},\"author\":{\"name\":\"Raquel Andr\u00e9s\",\"@id\":\"https:\\\/\\\/www.escapadarural.com\\\/blog\\\/#\\\/schema\\\/person\\\/67be061eb00d8315fa8642e01b88c894\"},\"headline\":\"Santa Mar\u00eda de la Valldigna, el Real Monasterio que sobrevivi\u00f3 a terremotos y al expolio\",\"datePublished\":\"2024-02-27T07:00:00+00:00\",\"dateModified\":\"2025-04-23T08:49:59+00:00\",\"mainEntityOfPage\":{\"@id\":\"https:\\\/\\\/www.escapadarural.com\\\/blog\\\/monasterio-santa-maria-de-la-valldigna\\\/\"},\"wordCount\":1192,\"commentCount\":0,\"publisher\":{\"@id\":\"https:\\\/\\\/www.escapadarural.com\\\/blog\\\/#organization\"},\"image\":{\"@id\":\"https:\\\/\\\/www.escapadarural.com\\\/blog\\\/monasterio-santa-maria-de-la-valldigna\\\/#primaryimage\"},\"thumbnailUrl\":\"https:\\\/\\\/www.escapadarural.com\\\/blog\\\/wp-content\\\/uploads\\\/2024\\\/02\\\/real-monasterio-Santa-Maria-de-la-Valldigna-scaled-1.jpg\",\"keywords\":[\"art\u00edculo\",\"Comunidad Valenciana\",\"Monasterio\",\"Monumentos\",\"Santa Mar\u00eda de la Valldigna\",\"Valencia\"],\"articleSection\":[\"Arte y Cultura\"],\"inLanguage\":\"es\",\"potentialAction\":[{\"@type\":\"CommentAction\",\"name\":\"Comment\",\"target\":[\"https:\\\/\\\/www.escapadarural.com\\\/blog\\\/monasterio-santa-maria-de-la-valldigna\\\/#respond\"]}]},{\"@type\":\"WebPage\",\"@id\":\"https:\\\/\\\/www.escapadarural.com\\\/blog\\\/monasterio-santa-maria-de-la-valldigna\\\/\",\"url\":\"https:\\\/\\\/www.escapadarural.com\\\/blog\\\/monasterio-santa-maria-de-la-valldigna\\\/\",\"name\":\"Santa Mar\u00eda de la Valldigna, el Real Monasterio que sobrevivi\u00f3 a terremotos y al expolio - EscapadaRural\",\"isPartOf\":{\"@id\":\"https:\\\/\\\/www.escapadarural.com\\\/blog\\\/#website\"},\"primaryImageOfPage\":{\"@id\":\"https:\\\/\\\/www.escapadarural.com\\\/blog\\\/monasterio-santa-maria-de-la-valldigna\\\/#primaryimage\"},\"image\":{\"@id\":\"https:\\\/\\\/www.escapadarural.com\\\/blog\\\/monasterio-santa-maria-de-la-valldigna\\\/#primaryimage\"},\"thumbnailUrl\":\"https:\\\/\\\/www.escapadarural.com\\\/blog\\\/wp-content\\\/uploads\\\/2024\\\/02\\\/real-monasterio-Santa-Maria-de-la-Valldigna-scaled-1.jpg\",\"datePublished\":\"2024-02-27T07:00:00+00:00\",\"dateModified\":\"2025-04-23T08:49:59+00:00\",\"breadcrumb\":{\"@id\":\"https:\\\/\\\/www.escapadarural.com\\\/blog\\\/monasterio-santa-maria-de-la-valldigna\\\/#breadcrumb\"},\"inLanguage\":\"es\",\"potentialAction\":[{\"@type\":\"ReadAction\",\"target\":[\"https:\\\/\\\/www.escapadarural.com\\\/blog\\\/monasterio-santa-maria-de-la-valldigna\\\/\"]}]},{\"@type\":\"ImageObject\",\"inLanguage\":\"es\",\"@id\":\"https:\\\/\\\/www.escapadarural.com\\\/blog\\\/monasterio-santa-maria-de-la-valldigna\\\/#primaryimage\",\"url\":\"https:\\\/\\\/www.escapadarural.com\\\/blog\\\/wp-content\\\/uploads\\\/2024\\\/02\\\/real-monasterio-Santa-Maria-de-la-Valldigna-scaled-1.jpg\",\"contentUrl\":\"https:\\\/\\\/www.escapadarural.com\\\/blog\\\/wp-content\\\/uploads\\\/2024\\\/02\\\/real-monasterio-Santa-Maria-de-la-Valldigna-scaled-1.jpg\",\"width\":2048,\"height\":1536,\"caption\":\"Monasterio de Santa Mar\u00eda de la Valldigna, Simat (Valencia). Por lauraplanells\"},{\"@type\":\"BreadcrumbList\",\"@id\":\"https:\\\/\\\/www.escapadarural.com\\\/blog\\\/monasterio-santa-maria-de-la-valldigna\\\/#breadcrumb\",\"itemListElement\":[{\"@type\":\"ListItem\",\"position\":1,\"name\":\"Inicio\",\"item\":\"https:\\\/\\\/www.escapadarural.com\\\/blog\\\/\"},{\"@type\":\"ListItem\",\"position\":2,\"name\":\"Arte y Cultura\",\"item\":\"https:\\\/\\\/www.escapadarural.com\\\/blog\\\/categoria\\\/arte-y-cultura\\\/\"},{\"@type\":\"ListItem\",\"position\":3,\"name\":\"Santa Mar\u00eda de la Valldigna, el Real Monasterio que sobrevivi\u00f3 a terremotos y al expolio\"}]},{\"@type\":\"WebSite\",\"@id\":\"https:\\\/\\\/www.escapadarural.com\\\/blog\\\/#website\",\"url\":\"https:\\\/\\\/www.escapadarural.com\\\/blog\\\/\",\"name\":\"Blog de viajes | turismo rural, alojamientos e inspiraci\u00f3n\",\"description\":\"Alojamientos rurales e inspiraci\u00f3n para tus escapadas\",\"publisher\":{\"@id\":\"https:\\\/\\\/www.escapadarural.com\\\/blog\\\/#organization\"},\"alternateName\":\"Magazine de viajes de EscapadaRural\",\"potentialAction\":[{\"@type\":\"SearchAction\",\"target\":{\"@type\":\"EntryPoint\",\"urlTemplate\":\"https:\\\/\\\/www.escapadarural.com\\\/blog\\\/?s={search_term_string}\"},\"query-input\":{\"@type\":\"PropertyValueSpecification\",\"valueRequired\":true,\"valueName\":\"search_term_string\"}}],\"inLanguage\":\"es\"},{\"@type\":\"Organization\",\"@id\":\"https:\\\/\\\/www.escapadarural.com\\\/blog\\\/#organization\",\"name\":\"EscapadaRural\",\"url\":\"https:\\\/\\\/www.escapadarural.com\\\/blog\\\/\",\"logo\":{\"@type\":\"ImageObject\",\"inLanguage\":\"es\",\"@id\":\"https:\\\/\\\/www.escapadarural.com\\\/blog\\\/#\\\/schema\\\/logo\\\/image\\\/\",\"url\":\"https:\\\/\\\/www.escapadarural.com\\\/blog\\\/wp-content\\\/uploads\\\/2024\\\/10\\\/cropped-cropped-escapada-rural-icon-mag-3.png\",\"contentUrl\":\"https:\\\/\\\/www.escapadarural.com\\\/blog\\\/wp-content\\\/uploads\\\/2024\\\/10\\\/cropped-cropped-escapada-rural-icon-mag-3.png\",\"width\":512,\"height\":512,\"caption\":\"EscapadaRural\"},\"image\":{\"@id\":\"https:\\\/\\\/www.escapadarural.com\\\/blog\\\/#\\\/schema\\\/logo\\\/image\\\/\"},\"sameAs\":[\"https:\\\/\\\/www.facebook.com\\\/escapadarural\",\"https:\\\/\\\/www.instagram.com\\\/escapadarural\\\/\",\"https:\\\/\\\/www.youtube.com\\\/@escapadaruralcom\"]},{\"@type\":\"Person\",\"@id\":\"https:\\\/\\\/www.escapadarural.com\\\/blog\\\/#\\\/schema\\\/person\\\/67be061eb00d8315fa8642e01b88c894\",\"name\":\"Raquel Andr\u00e9s\",\"image\":{\"@type\":\"ImageObject\",\"inLanguage\":\"es\",\"@id\":\"https:\\\/\\\/secure.gravatar.com\\\/avatar\\\/b45840531462f3cafb335a9fc5c0bfda2c07c3df4b82b304b923526b85cc6cb5?s=96&d=mm&r=g\",\"url\":\"https:\\\/\\\/secure.gravatar.com\\\/avatar\\\/b45840531462f3cafb335a9fc5c0bfda2c07c3df4b82b304b923526b85cc6cb5?s=96&d=mm&r=g\",\"contentUrl\":\"https:\\\/\\\/secure.gravatar.com\\\/avatar\\\/b45840531462f3cafb335a9fc5c0bfda2c07c3df4b82b304b923526b85cc6cb5?s=96&d=mm&r=g\",\"caption\":\"Raquel Andr\u00e9s\"},\"description\":\"Periodista y aventurera. Me has podido leer en Escapada Rural, Diari Nosaltres La Veu, La Vanguardia, El Salto y otros medios. Habitante y amante de las zonas rurales, sea cual sea el destino. Procuro escaparme una vez por semana con las botas de monta\u00f1a, el arn\u00e9s o el neopreno. Tambi\u00e9n soy un intento de baserritarra.\",\"url\":\"https:\\\/\\\/www.escapadarural.com\\\/blog\\\/autor\\\/raquel\\\/\"}]}<\/script>\n<!-- \/ Yoast SEO plugin. -->","yoast_head_json":{"title":"Santa Mar\u00eda de la Valldigna, el Real Monasterio que sobrevivi\u00f3 a terremotos y al expolio - EscapadaRural","robots":{"index":"index","follow":"follow","max-snippet":"max-snippet:-1","max-image-preview":"max-image-preview:large","max-video-preview":"max-video-preview:-1"},"canonical":"https:\/\/www.escapadarural.com\/blog\/monasterio-santa-maria-de-la-valldigna\/","og_locale":"es_ES","og_type":"article","og_title":"Santa Mar\u00eda de la Valldigna, el Real Monasterio que sobrevivi\u00f3 a terremotos y al expolio - EscapadaRural","og_description":"El Real Monasterio de Santa Mar\u00eda de la Valldigna es una de las joyas religiosas de la provincia de Valencia. Por \u00e9l pasaron numerosos reyes de la Corona de Arag\u00f3n y forma parte de la Ruta de los Monasterios.","og_url":"https:\/\/www.escapadarural.com\/blog\/monasterio-santa-maria-de-la-valldigna\/","og_site_name":"Magazine de viajes de EscapadaRural","article_publisher":"https:\/\/www.facebook.com\/escapadarural","article_published_time":"2024-02-27T07:00:00+00:00","article_modified_time":"2025-04-23T08:49:59+00:00","og_image":[{"width":2048,"height":1536,"url":"https:\/\/www.escapadarural.com\/blog\/wp-content\/uploads\/2024\/02\/real-monasterio-Santa-Maria-de-la-Valldigna-scaled-1.jpg","type":"image\/jpeg"}],"author":"Raquel Andr\u00e9s","twitter_card":"summary_large_image","twitter_misc":{"Escrito por":"Raquel Andr\u00e9s","Tiempo de lectura":"7 minutos"},"schema":{"@context":"https:\/\/schema.org","@graph":[{"@type":"Article","@id":"https:\/\/www.escapadarural.com\/blog\/monasterio-santa-maria-de-la-valldigna\/#article","isPartOf":{"@id":"https:\/\/www.escapadarural.com\/blog\/monasterio-santa-maria-de-la-valldigna\/"},"author":{"name":"Raquel Andr\u00e9s","@id":"https:\/\/www.escapadarural.com\/blog\/#\/schema\/person\/67be061eb00d8315fa8642e01b88c894"},"headline":"Santa Mar\u00eda de la Valldigna, el Real Monasterio que sobrevivi\u00f3 a terremotos y al expolio","datePublished":"2024-02-27T07:00:00+00:00","dateModified":"2025-04-23T08:49:59+00:00","mainEntityOfPage":{"@id":"https:\/\/www.escapadarural.com\/blog\/monasterio-santa-maria-de-la-valldigna\/"},"wordCount":1192,"commentCount":0,"publisher":{"@id":"https:\/\/www.escapadarural.com\/blog\/#organization"},"image":{"@id":"https:\/\/www.escapadarural.com\/blog\/monasterio-santa-maria-de-la-valldigna\/#primaryimage"},"thumbnailUrl":"https:\/\/www.escapadarural.com\/blog\/wp-content\/uploads\/2024\/02\/real-monasterio-Santa-Maria-de-la-Valldigna-scaled-1.jpg","keywords":["art\u00edculo","Comunidad Valenciana","Monasterio","Monumentos","Santa Mar\u00eda de la Valldigna","Valencia"],"articleSection":["Arte y Cultura"],"inLanguage":"es","potentialAction":[{"@type":"CommentAction","name":"Comment","target":["https:\/\/www.escapadarural.com\/blog\/monasterio-santa-maria-de-la-valldigna\/#respond"]}]},{"@type":"WebPage","@id":"https:\/\/www.escapadarural.com\/blog\/monasterio-santa-maria-de-la-valldigna\/","url":"https:\/\/www.escapadarural.com\/blog\/monasterio-santa-maria-de-la-valldigna\/","name":"Santa Mar\u00eda de la Valldigna, el Real Monasterio que sobrevivi\u00f3 a terremotos y al expolio - EscapadaRural","isPartOf":{"@id":"https:\/\/www.escapadarural.com\/blog\/#website"},"primaryImageOfPage":{"@id":"https:\/\/www.escapadarural.com\/blog\/monasterio-santa-maria-de-la-valldigna\/#primaryimage"},"image":{"@id":"https:\/\/www.escapadarural.com\/blog\/monasterio-santa-maria-de-la-valldigna\/#primaryimage"},"thumbnailUrl":"https:\/\/www.escapadarural.com\/blog\/wp-content\/uploads\/2024\/02\/real-monasterio-Santa-Maria-de-la-Valldigna-scaled-1.jpg","datePublished":"2024-02-27T07:00:00+00:00","dateModified":"2025-04-23T08:49:59+00:00","breadcrumb":{"@id":"https:\/\/www.escapadarural.com\/blog\/monasterio-santa-maria-de-la-valldigna\/#breadcrumb"},"inLanguage":"es","potentialAction":[{"@type":"ReadAction","target":["https:\/\/www.escapadarural.com\/blog\/monasterio-santa-maria-de-la-valldigna\/"]}]},{"@type":"ImageObject","inLanguage":"es","@id":"https:\/\/www.escapadarural.com\/blog\/monasterio-santa-maria-de-la-valldigna\/#primaryimage","url":"https:\/\/www.escapadarural.com\/blog\/wp-content\/uploads\/2024\/02\/real-monasterio-Santa-Maria-de-la-Valldigna-scaled-1.jpg","contentUrl":"https:\/\/www.escapadarural.com\/blog\/wp-content\/uploads\/2024\/02\/real-monasterio-Santa-Maria-de-la-Valldigna-scaled-1.jpg","width":2048,"height":1536,"caption":"Monasterio de Santa Mar\u00eda de la Valldigna, Simat (Valencia). Por lauraplanells"},{"@type":"BreadcrumbList","@id":"https:\/\/www.escapadarural.com\/blog\/monasterio-santa-maria-de-la-valldigna\/#breadcrumb","itemListElement":[{"@type":"ListItem","position":1,"name":"Inicio","item":"https:\/\/www.escapadarural.com\/blog\/"},{"@type":"ListItem","position":2,"name":"Arte y Cultura","item":"https:\/\/www.escapadarural.com\/blog\/categoria\/arte-y-cultura\/"},{"@type":"ListItem","position":3,"name":"Santa Mar\u00eda de la Valldigna, el Real Monasterio que sobrevivi\u00f3 a terremotos y al expolio"}]},{"@type":"WebSite","@id":"https:\/\/www.escapadarural.com\/blog\/#website","url":"https:\/\/www.escapadarural.com\/blog\/","name":"Blog de viajes | turismo rural, alojamientos e inspiraci\u00f3n","description":"Alojamientos rurales e inspiraci\u00f3n para tus escapadas","publisher":{"@id":"https:\/\/www.escapadarural.com\/blog\/#organization"},"alternateName":"Magazine de viajes de EscapadaRural","potentialAction":[{"@type":"SearchAction","target":{"@type":"EntryPoint","urlTemplate":"https:\/\/www.escapadarural.com\/blog\/?s={search_term_string}"},"query-input":{"@type":"PropertyValueSpecification","valueRequired":true,"valueName":"search_term_string"}}],"inLanguage":"es"},{"@type":"Organization","@id":"https:\/\/www.escapadarural.com\/blog\/#organization","name":"EscapadaRural","url":"https:\/\/www.escapadarural.com\/blog\/","logo":{"@type":"ImageObject","inLanguage":"es","@id":"https:\/\/www.escapadarural.com\/blog\/#\/schema\/logo\/image\/","url":"https:\/\/www.escapadarural.com\/blog\/wp-content\/uploads\/2024\/10\/cropped-cropped-escapada-rural-icon-mag-3.png","contentUrl":"https:\/\/www.escapadarural.com\/blog\/wp-content\/uploads\/2024\/10\/cropped-cropped-escapada-rural-icon-mag-3.png","width":512,"height":512,"caption":"EscapadaRural"},"image":{"@id":"https:\/\/www.escapadarural.com\/blog\/#\/schema\/logo\/image\/"},"sameAs":["https:\/\/www.facebook.com\/escapadarural","https:\/\/www.instagram.com\/escapadarural\/","https:\/\/www.youtube.com\/@escapadaruralcom"]},{"@type":"Person","@id":"https:\/\/www.escapadarural.com\/blog\/#\/schema\/person\/67be061eb00d8315fa8642e01b88c894","name":"Raquel Andr\u00e9s","image":{"@type":"ImageObject","inLanguage":"es","@id":"https:\/\/secure.gravatar.com\/avatar\/b45840531462f3cafb335a9fc5c0bfda2c07c3df4b82b304b923526b85cc6cb5?s=96&d=mm&r=g","url":"https:\/\/secure.gravatar.com\/avatar\/b45840531462f3cafb335a9fc5c0bfda2c07c3df4b82b304b923526b85cc6cb5?s=96&d=mm&r=g","contentUrl":"https:\/\/secure.gravatar.com\/avatar\/b45840531462f3cafb335a9fc5c0bfda2c07c3df4b82b304b923526b85cc6cb5?s=96&d=mm&r=g","caption":"Raquel Andr\u00e9s"},"description":"Periodista y aventurera. Me has podido leer en Escapada Rural, Diari Nosaltres La Veu, La Vanguardia, El Salto y otros medios. Habitante y amante de las zonas rurales, sea cual sea el destino. Procuro escaparme una vez por semana con las botas de monta\u00f1a, el arn\u00e9s o el neopreno. Tambi\u00e9n soy un intento de baserritarra.","url":"https:\/\/www.escapadarural.com\/blog\/autor\/raquel\/"}]}},"_links":{"self":[{"href":"https:\/\/www.escapadarural.com\/blog\/wp-json\/wp\/v2\/posts\/70703","targetHints":{"allow":["GET"]}}],"collection":[{"href":"https:\/\/www.escapadarural.com\/blog\/wp-json\/wp\/v2\/posts"}],"about":[{"href":"https:\/\/www.escapadarural.com\/blog\/wp-json\/wp\/v2\/types\/post"}],"author":[{"embeddable":true,"href":"https:\/\/www.escapadarural.com\/blog\/wp-json\/wp\/v2\/users\/123"}],"replies":[{"embeddable":true,"href":"https:\/\/www.escapadarural.com\/blog\/wp-json\/wp\/v2\/comments?post=70703"}],"version-history":[{"count":0,"href":"https:\/\/www.escapadarural.com\/blog\/wp-json\/wp\/v2\/posts\/70703\/revisions"}],"wp:featuredmedia":[{"embeddable":true,"href":"https:\/\/www.escapadarural.com\/blog\/wp-json\/wp\/v2\/media\/70951"}],"wp:attachment":[{"href":"https:\/\/www.escapadarural.com\/blog\/wp-json\/wp\/v2\/media?parent=70703"}],"wp:term":[{"taxonomy":"category","embeddable":true,"href":"https:\/\/www.escapadarural.com\/blog\/wp-json\/wp\/v2\/categories?post=70703"},{"taxonomy":"post_tag","embeddable":true,"href":"https:\/\/www.escapadarural.com\/blog\/wp-json\/wp\/v2\/tags?post=70703"}],"curies":[{"name":"wp","href":"https:\/\/api.w.org\/{rel}","templated":true}]}}