{"id":70724,"date":"2024-03-11T06:08:00","date_gmt":"2024-03-11T05:08:00","guid":{"rendered":"https:\/\/www.escapadarural.com\/blog\/?p=70724"},"modified":"2025-03-12T13:34:57","modified_gmt":"2025-03-12T11:34:57","slug":"comunitat-valenciana-en-semana-santa","status":"publish","type":"post","link":"https:\/\/www.escapadarural.com\/blog\/comunitat-valenciana-en-semana-santa\/","title":{"rendered":"10 planes de aventura en la Comunitat Valenciana para Semana Santa"},"content":{"rendered":"\n<figure class=\"wp-block-image size-large\"><img decoding=\"async\" src=\"https:\/\/www.escapadarural.com\/blog\/wp-content\/uploads\/2024\/10\/CV-OTAs-escapada-rural-articulo-1920x1080-senderismo-1024x576-1.png\" alt=\"Semana Santa en la Comunitat Valenciana\" class=\"wp-image-70726\"\/><figcaption class=\"wp-element-caption\">Por: Turismo Comunitat Valenciana<\/figcaption><\/figure>\n\n\n\n<p>Si crees que la <strong>Comunitat Valenciana<\/strong> es solo un para\u00edso de sol y playa, te vamos a sorprender con este art\u00edculo. Su interior alberga entornos muy diversos que van de extraordinarios paisajes agr\u00edcolas a incre\u00edbles humedales y sierras escarpadas. La Semana Santa es un buen momento para descubrirlo con escapadas de aventura: practicando senderismo, cogiendo el arn\u00e9s y escalando o subi\u00e9ndote a la bici, ya que las temperaturas todav\u00eda no son demasiado elevadas.<\/p>\n\n\n\n<p>Aprovecha los d\u00edas de <strong>Semana Santa <\/strong>en el interior de la Comunitat Valenciana con estos planes de aventura sin grandes masificaciones, para oxigenarte, reconectar con la naturaleza y generar recuerdos inolvidables con los tuyos.<\/p>\n\n\n\n<div class=\"wp-block-buttons is-layout-flex wp-block-buttons-is-layout-flex\">\n<div class=\"wp-block-button\"><a class=\"wp-block-button__link wp-element-button\" href=\"\/casas-rurales\/comunidad-valenciana\" target=\"_blank\" rel=\"noreferrer noopener\">Casas en la Comunitat Valenciana<\/a><\/div>\n<\/div>\n\n\n\n<h2 class=\"wp-block-heading\" id=\"h-el-bosque-milenario-de-las-blancas-de-ademuz-valencia\"><strong>El bosque milenario de Las Blancas de Ademuz (<a href=\"\/casas-rurales\/valencia\" target=\"_blank\" rel=\"noreferrer noopener\">Valencia<\/a>)<\/strong><\/h2>\n\n\n\n<figure class=\"wp-block-image size-large\"><img decoding=\"async\" src=\"https:\/\/www.escapadarural.com\/blog\/wp-content\/uploads\/2024\/10\/CV-OTAs-escapada-rural-ademuz-1024x576-1.png\" alt=\"Ademuz, Comunitat Valenciana\" class=\"wp-image-70725\"\/><figcaption class=\"wp-element-caption\">Por: Turismo Comunitat Valenciana<\/figcaption><\/figure>\n\n\n\n<p>En este peculiar rinc\u00f3n de la Comunitat Valenciana aguarda un tesoro poco conocido y que sorprende a todo el que lo descubre: el <strong>bosque de Las Blancas<\/strong>, un conjunto de sabinas de entre 1.500 y 2.000 a\u00f1os. El toque ceniza claro de sus cortezas y el color de las tierras albarizas de la zona explican el nombre del lugar. Hay un recorrido senderista de 11 kil\u00f3metros con poco desnivel para descubrir el entorno desde Puebla de San Miguel.<\/p>\n\n\n\n<h2 class=\"wp-block-heading\" id=\"h-la-catedral-del-senderismo-en-la-vall-de-laguar-alicante\"><strong>La \u201cCatedral del Senderismo\u201d en La Vall de Laguar (<a href=\"\/casas-rurales\/alicante\" target=\"_blank\" rel=\"noreferrer noopener\">Alicante<\/a>)<\/strong><\/h2>\n\n\n\n<figure class=\"wp-block-image size-full\"><img loading=\"lazy\" decoding=\"async\" width=\"1024\" height=\"683\" src=\"https:\/\/www.escapadarural.com\/blog\/wp-content\/uploads\/2024\/10\/Vall-de-Laguar-1024x683-2.jpg\" alt=\"Vall de Laguar (Alicante)\" class=\"wp-image-97019\" srcset=\"https:\/\/www.escapadarural.com\/blog\/wp-content\/uploads\/2024\/10\/Vall-de-Laguar-1024x683-2-200x133.jpg 200w, https:\/\/www.escapadarural.com\/blog\/wp-content\/uploads\/2024\/10\/Vall-de-Laguar-1024x683-2-300x200.jpg 300w, https:\/\/www.escapadarural.com\/blog\/wp-content\/uploads\/2024\/10\/Vall-de-Laguar-1024x683-2-400x267.jpg 400w, https:\/\/www.escapadarural.com\/blog\/wp-content\/uploads\/2024\/10\/Vall-de-Laguar-1024x683-2-600x400.jpg 600w, https:\/\/www.escapadarural.com\/blog\/wp-content\/uploads\/2024\/10\/Vall-de-Laguar-1024x683-2-768x512.jpg 768w, https:\/\/www.escapadarural.com\/blog\/wp-content\/uploads\/2024\/10\/Vall-de-Laguar-1024x683-2-800x534.jpg 800w, https:\/\/www.escapadarural.com\/blog\/wp-content\/uploads\/2024\/10\/Vall-de-Laguar-1024x683-2.jpg 1024w\" sizes=\"auto, (max-width: 1024px) 100vw, 1024px\" \/><figcaption class=\"wp-element-caption\">Vall de Laguar (Alicante)<\/figcaption><\/figure>\n\n\n\n<p>As\u00ed se le conoce popularmente a la espectacular ruta de los 6.000 escalones en el <strong>Barranc de l\u2019Infern<\/strong> y que lleva hasta la cima. Son unos 14 kil\u00f3metros caminando desde el pueblo de Fleix y unos 1.100 metros de desnivel positivo, as\u00ed que hay que tener una buena forma f\u00edsica.<\/p>\n\n\n\n<p>Los m\u00e1s aventureros le pueden dar un toque adicional de emoci\u00f3n y adrenalina descendiendo por dentro, practicando <strong>barranquismo<\/strong>. Tiene tramos muy encajonados y tortuosos, est\u00e1 considerado de nivel III y su r\u00e1pel m\u00e1s largo es de 10 metros, as\u00ed que hay que tener mucha experiencia.<\/p>\n\n\n\n<h2 class=\"wp-block-heading\" id=\"h-la-ruta-de-los-alcornoques-de-almedijar-castellon\"><strong>La ruta de los alcornoques de Almed\u00edjar (<a href=\"\/casas-rurales\/castellon\" target=\"_blank\" rel=\"noreferrer noopener\">Castell\u00f3n<\/a>)<\/strong><\/h2>\n\n\n\n<figure class=\"wp-block-image size-large\"><img decoding=\"async\" src=\"https:\/\/www.escapadarural.com\/blog\/wp-content\/uploads\/2024\/10\/CV-OTAs-escapada-rural-articulo-1920x1080-almedijar-1024x576-1.png\" alt=\"Almed\u00edjar\" class=\"wp-image-70727\"\/><figcaption class=\"wp-element-caption\">Por: Turismo Comunitat Valenciana<\/figcaption><\/figure>\n\n\n\n<p>Si hay algo que marca la personalidad de Almed\u00edjar son sus alcornoques, que desde hace siglos han marcado la actividad econ\u00f3mica de este peque\u00f1o pueblo ubicado en el coraz\u00f3n del<strong> Parque Natural de la Sierra de Espad\u00e1n<\/strong>. Una buena manera de conocer sus alcornocales es hacer la ruta a Mosquera, mas\u00eda abandonada que tuvo gran importancia en la industria del corcho en el siglo XIX. Son unos 6 kil\u00f3metros desde el pueblo.<\/p>\n\n\n\n<h2 class=\"wp-block-heading\" id=\"h-escalada-en-sella-alicante\"><strong>Escalada en Sella (<a href=\"\/casas-rurales\/alicante\" target=\"_blank\" rel=\"noreferrer noopener\">Alicante<\/a>)<\/strong><\/h2>\n\n\n\n<figure class=\"wp-block-image size-full\"><img decoding=\"async\" src=\"https:\/\/www.escapadarural.com\/blog\/wp-content\/uploads\/2024\/10\/Sella-Alicante.jpg\" alt=\"Sella-Alicante\" class=\"wp-image-12886\"\/><figcaption class=\"wp-element-caption\">Paso del Contador. Barranco de l&#8217;Arc. Sella. Por amaiquez<\/figcaption><\/figure>\n\n\n\n<p>El impresionante valle de Sella, con el pueblo del mismo nombre con mucho encanto a los pies de la <strong>Sierra de Aitana<\/strong>, tiene grandes paredes repletas de v\u00edas de escalada que son un fant\u00e1stico mirador de los alrededores. Destaca la pared con forma de diamante del \u201cDivino\u201d, con v\u00edas de varios largos. Si pasas calor, despu\u00e9s te puedes refrescar en alguna de las pozas naturales de la <strong>\u201cRuta del Agua\u201d de Sella<\/strong>. La m\u00e1s popular es la del \u00e1rea recreativa Font Major, a pocos metros saliendo del pueblo, con forma de piscina.<\/p>\n\n\n\n<h2 class=\"wp-block-heading\" id=\"h-las-paredes-del-tallat-roig-de-alzira-valencia\"><strong>Las paredes del Tallat Roig de Alzira (<a href=\"\/casas-rurales\/valencia\" target=\"_blank\" rel=\"noreferrer noopener\">Valencia<\/a>)<\/strong><\/h2>\n\n\n\n<figure class=\"wp-block-image size-large\"><img decoding=\"async\" src=\"https:\/\/www.escapadarural.com\/blog\/wp-content\/uploads\/2024\/10\/CV-OTAs-escapada-rural-articulo-1920x1080-alzira-1024x576-1.png\" alt=\"Alzira, Comunitat Valenciana\" class=\"wp-image-70728\"\/><figcaption class=\"wp-element-caption\">Por: Turismo Comunitat Valenciana<\/figcaption><\/figure>\n\n\n\n<p>El paraje natural del <strong>Valle de la Murta<\/strong>, en Alzira, tiene una gran escuela de escalada: el <strong>Tallat Roig<\/strong>. Hay unas 150 rutas deportivas en una impresionante piedra caliza roja que alcanza m\u00e1s de 60 metros en su parte m\u00e1s alta. Una buena excusa para descubrir un bonito enclave de interior y desde cuyas alturas tenemos vistas al mar y al paisaje agr\u00edcola valenciano m\u00e1s t\u00edpico, los naranjos. Puedes complementarlo con una visita al <strong>monasterio de Santa Mar\u00eda de la Murta<\/strong>, en fase de recuperaci\u00f3n y restauraci\u00f3n.<\/p>\n\n\n\n<h2 class=\"wp-block-heading\" id=\"h-montanejos-paraiso-de-la-escalada-castellon\"><strong>Montanejos, para\u00edso de la escalada (<a href=\"\/casas-rurales\/castellon\" target=\"_blank\" rel=\"noreferrer noopener\">Castell\u00f3n<\/a>)<\/strong><\/h2>\n\n\n\n<figure class=\"wp-block-image size-large\"><img decoding=\"async\" src=\"https:\/\/www.escapadarural.com\/blog\/wp-content\/uploads\/2024\/10\/AdobeStock_469747804-1024x684-1.jpeg\" alt=\"Fuente de los Ba\u00f1os de Montanejos\" class=\"wp-image-70729\"\/><figcaption class=\"wp-element-caption\">Por:  jordi2r<\/figcaption><\/figure>\n\n\n\n<p>No podemos hablar de escalada en la Comunitat Valenciana sin pasar por <strong>Montanejos<\/strong>, toda una referencia en Europa. El barranco de la Maimona, junto al pueblo, es un ed\u00e9n de roca caliza con 1.400 v\u00edas y 1.700 largos repartidos en 180 sectores.<\/p>\n\n\n\n<p>Tiene paredes al sol y a la sombra, as\u00ed que podr\u00e1s elegir en funci\u00f3n del tiempo. Otro atractivo del lugar, y un buen complemento a una jornada intensa subiendo paredes, es la <strong>Fuente de los Ba\u00f1os de Montanejos<\/strong>, unas piscinas de aguas termales entre barrancos.<\/p>\n\n\n\n<h2 class=\"wp-block-heading\" id=\"h-la-via-verde-del-serpis-alicante\"><strong>La \u201cV\u00eda Verde\u201d del Serpis (<a href=\"\/casas-rurales\/alicante\" target=\"_blank\" rel=\"noreferrer noopener\">Alicante<\/a>)<\/strong><\/h2>\n\n\n\n<figure class=\"wp-block-image size-large\"><img decoding=\"async\" src=\"https:\/\/www.escapadarural.com\/blog\/wp-content\/uploads\/2024\/10\/CV-OTAs-escapada-rural-articulo-1920x1080-via-verde-serpis-1024x576-1.png\" alt=\"V\u00eda Verde del Serpis\" class=\"wp-image-70730\"\/><figcaption class=\"wp-element-caption\">Por: Turismo Comunitat Valenciana<\/figcaption><\/figure>\n\n\n\n<p>Una preciosa ruta de 40 kil\u00f3metros para hacer en bici que <strong>va de Muro de Alcoy hasta Gandia<\/strong>, siguiendo el antiguo trazado ferroviario que un\u00eda las industrias de la zona. Nos deja recuerdos para la posteridad de espectaculares paisajes k\u00e1rsticos, bosques de ribera, el inolvidable <strong>Rac\u00f3 del Duc<\/strong> y acaba en la fina arena de la playa mediterr\u00e1nea. Tiene estaciones de tren cercanas.<\/p>\n\n\n\n<h2 class=\"wp-block-heading\" id=\"h-l-albufera-en-bici-valencia\"><strong>L\u2019Albufera, en bici (<a href=\"\/casas-rurales\/valencia\" target=\"_blank\" rel=\"noreferrer noopener\">Valencia<\/a>)<\/strong><\/h2>\n\n\n\n<figure class=\"wp-block-image size-large\"><img decoding=\"async\" src=\"https:\/\/www.escapadarural.com\/blog\/wp-content\/uploads\/2024\/10\/arrozales-albufera-1024x683-1.jpg\" alt=\"Arrozales de L\u00b4Albufera\" class=\"wp-image-65679\"\/><figcaption class=\"wp-element-caption\">Por: F.C.G.<\/figcaption><\/figure>\n\n\n\n<p>Igual ya conoces<strong> l\u2019Albufera de Valencia<\/strong>, ese tesoro que est\u00e1 rodeado de los arrozales que aportan el ingrediente principal de la paella valenciana. Pero, \u00bflas has visto entera? Te proponemos coger la bici y darle la vuelta completa en una ruta circular de 78 kil\u00f3metros por caminos asfaltados y de tierra y con el humedal siempre presente. Pasa por el espacio urbanizado de Val\u00e8ncia, por las aguas de la laguna, por el bosque mediterr\u00e1neo litoral de la Dehesa y por el marjal donde hoy se cultiva arroz.<\/p>\n\n\n\n<h2 class=\"wp-block-heading\" id=\"h-recorrer-la-costa-de-azahar-en-btt-castellon\"><strong>Recorrer la Costa de Azahar en BTT (<a href=\"\/casas-rurales\/castellon\" target=\"_blank\" rel=\"noreferrer noopener\">Castell\u00f3n<\/a>)<\/strong><\/h2>\n\n\n\n<figure class=\"wp-block-image size-full\"><img loading=\"lazy\" decoding=\"async\" width=\"1024\" height=\"682\" src=\"https:\/\/www.escapadarural.com\/blog\/wp-content\/uploads\/2025\/03\/AdobeStock_708074836.webp\" alt=\"Pe\u00f1\u00edscola, Castell\u00f3n\" class=\"wp-image-196072\" srcset=\"https:\/\/www.escapadarural.com\/blog\/wp-content\/uploads\/2025\/03\/AdobeStock_708074836-200x133.webp 200w, https:\/\/www.escapadarural.com\/blog\/wp-content\/uploads\/2025\/03\/AdobeStock_708074836-300x200.webp 300w, https:\/\/www.escapadarural.com\/blog\/wp-content\/uploads\/2025\/03\/AdobeStock_708074836-400x266.webp 400w, https:\/\/www.escapadarural.com\/blog\/wp-content\/uploads\/2025\/03\/AdobeStock_708074836-600x400.webp 600w, https:\/\/www.escapadarural.com\/blog\/wp-content\/uploads\/2025\/03\/AdobeStock_708074836-768x512.webp 768w, https:\/\/www.escapadarural.com\/blog\/wp-content\/uploads\/2025\/03\/AdobeStock_708074836-800x533.webp 800w, https:\/\/www.escapadarural.com\/blog\/wp-content\/uploads\/2025\/03\/AdobeStock_708074836.webp 1024w\" sizes=\"auto, (max-width: 1024px) 100vw, 1024px\" \/><figcaption class=\"wp-element-caption\">Pe\u00f1\u00edscola, Castell\u00f3n. Por: agaglowala<\/figcaption><\/figure>\n\n\n\n<p>Los que son de mar y monta\u00f1a no deben perderse este extraordinario paraje que tiene un Centro BTT con planes como el <strong>Camino Litoral de Benicasim a Pe\u00f1\u00edscola<\/strong>, con un trayecto se\u00f1alizado de 54 kil\u00f3metros junto al mar; o el <strong>Desert de les Palmes<\/strong>, un espacio natural protegido de gran belleza y con rutas para hacer en bici, con puntos de inter\u00e9s como un antiguo monasterio en ruinas y junto a \u00e9l uno m\u00e1s reciente, del siglo XVIII.<\/p>\n\n\n\n<h2 class=\"wp-block-heading\" id=\"h-nbsp-la-via-verde-de-ojos-negros\">&nbsp;<strong>La V\u00eda Verde de Ojos Negros<\/strong><\/h2>\n\n\n\n<figure class=\"wp-block-image size-large\"><img decoding=\"async\" src=\"https:\/\/www.escapadarural.com\/blog\/wp-content\/uploads\/2024\/10\/via-verde-ojos-negros-desde-teruel-hasta-valencia-stockpack-adobe-stock-1024x683-4.jpg\" alt=\"Via Verde Ojos Negros, desde Teruel hasta Valencia\" class=\"wp-image-42168\"\/><figcaption class=\"wp-element-caption\">Por: luzimag<\/figcaption><\/figure>\n\n\n\n<p>Acabamos con toda una aventura en la que descubrir paisajes de lo m\u00e1s diversos: la <strong>V\u00eda Verde de Ojos Negros<\/strong>, que es la m\u00e1s larga de Espa\u00f1a con sus casi 160 kil\u00f3metros. Parte de Eulalia del Campo (Teruel) y, tras superar la Sierra de Javalambre, se adentra en la Comunitat Valenciana en el kil\u00f3metro 117 por Barracas, donde la antigua estaci\u00f3n se ha reconvertido en albergue y en \u00e1rea recreativa.<\/p>\n\n\n\n<p>Prosigue por Caudiel, J\u00e9rica, Navajas, Altura, Segorbe, Soneja y Sagunto, donde acaba la se\u00f1alizaci\u00f3n de la ruta ciclista. Podemos seguir hasta la ciudad de Valencia a trav\u00e9s del <strong>Camino del Cid<\/strong>. Un buen recorrido para conocer paisajes de sierra, bosque, campos de secano, carrascas de trufas o naranjos por el interior aragon\u00e9s y valenciano.<\/p>\n\n\n\n<div class=\"wp-block-buttons is-layout-flex wp-block-buttons-is-layout-flex\">\n<div class=\"wp-block-button\"><a class=\"wp-block-button__link wp-element-button\" href=\"\/casas-rurales\/comunidad-valenciana\" target=\"_blank\" rel=\"noreferrer noopener\">Casas en la Comunitat Valenciana<\/a><\/div>\n<\/div>\n\n\n\n<div style=\"height:14px\" aria-hidden=\"true\" class=\"wp-block-spacer\"><\/div>\n\n\n\n<p>Contenido patrocinado por Comunitat Valenciana<\/p>\n","protected":false},"excerpt":{"rendered":"<p>Aprovecha los d\u00edas de Semana Santa en el interior de la Comunitat Valenciana con estos planes de aventura sin grandes masificaciones.<\/p>\n","protected":false},"author":123,"featured_media":70726,"comment_status":"open","ping_status":"open","sticky":false,"template":"","format":"standard","meta":{"_acf_changed":false,"om_disable_all_campaigns":false,"footnotes":""},"categories":[1379],"tags":[674,260,496,469,1161,274,602],"class_list":["post-70724","post","type-post","status-publish","format-standard","has-post-thumbnail","hentry","category-rutas-y-excursiones","tag-que-ver-en-alicante","tag-articulo","tag-que-ver-en-castellon","tag-que-ver-en-la-comunidad-valenciana","tag-planes-en-la-comunidad-valenciana","tag-turismo-rural","tag-que-ver-en-valencia"],"acf":[],"featured_image_src":"https:\/\/www.escapadarural.com\/blog\/wp-content\/uploads\/2024\/02\/CV-OTAs-escapada-rural-articulo-1920x1080-senderismo.png","author_info":{"display_name":"Raquel Andr\u00e9s","author_link":"https:\/\/www.escapadarural.com\/blog\/autor\/raquel\/"},"yoast_head":"<!-- This site is optimized with the Yoast SEO plugin v27.5 - https:\/\/yoast.com\/product\/yoast-seo-wordpress\/ -->\n<title>10 planes de aventura en la Comunitat Valenciana para Semana Santa - EscapadaRural<\/title>\n<meta name=\"robots\" content=\"index, follow, max-snippet:-1, max-image-preview:large, max-video-preview:-1\" \/>\n<link rel=\"canonical\" href=\"https:\/\/www.escapadarural.com\/blog\/comunitat-valenciana-en-semana-santa\/\" \/>\n<meta property=\"og:locale\" content=\"es_ES\" \/>\n<meta property=\"og:type\" content=\"article\" \/>\n<meta property=\"og:title\" content=\"10 planes de aventura en la Comunitat Valenciana para Semana Santa - EscapadaRural\" \/>\n<meta property=\"og:description\" content=\"Aprovecha los d\u00edas de Semana Santa en el interior de la Comunitat Valenciana con estos planes de aventura sin grandes masificaciones.\" \/>\n<meta property=\"og:url\" content=\"https:\/\/www.escapadarural.com\/blog\/comunitat-valenciana-en-semana-santa\/\" \/>\n<meta property=\"og:site_name\" content=\"Magazine de viajes de EscapadaRural\" \/>\n<meta property=\"article:publisher\" content=\"https:\/\/www.facebook.com\/escapadarural\" \/>\n<meta property=\"article:published_time\" content=\"2024-03-11T05:08:00+00:00\" \/>\n<meta property=\"article:modified_time\" content=\"2025-03-12T11:34:57+00:00\" \/>\n<meta property=\"og:image\" content=\"https:\/\/www.escapadarural.com\/blog\/wp-content\/uploads\/2024\/02\/CV-OTAs-escapada-rural-articulo-1920x1080-senderismo.png\" \/>\n\t<meta property=\"og:image:width\" content=\"1920\" \/>\n\t<meta property=\"og:image:height\" content=\"1080\" \/>\n\t<meta property=\"og:image:type\" content=\"image\/png\" \/>\n<meta name=\"author\" content=\"Raquel Andr\u00e9s\" \/>\n<meta name=\"twitter:card\" content=\"summary_large_image\" \/>\n<meta name=\"twitter:label1\" content=\"Escrito por\" \/>\n\t<meta name=\"twitter:data1\" content=\"Raquel Andr\u00e9s\" \/>\n\t<meta name=\"twitter:label2\" content=\"Tiempo de lectura\" \/>\n\t<meta name=\"twitter:data2\" content=\"8 minutos\" \/>\n<script type=\"application\/ld+json\" class=\"yoast-schema-graph\">{\"@context\":\"https:\\\/\\\/schema.org\",\"@graph\":[{\"@type\":\"Article\",\"@id\":\"https:\\\/\\\/www.escapadarural.com\\\/blog\\\/comunitat-valenciana-en-semana-santa\\\/#article\",\"isPartOf\":{\"@id\":\"https:\\\/\\\/www.escapadarural.com\\\/blog\\\/comunitat-valenciana-en-semana-santa\\\/\"},\"author\":{\"name\":\"Raquel Andr\u00e9s\",\"@id\":\"https:\\\/\\\/www.escapadarural.com\\\/blog\\\/#\\\/schema\\\/person\\\/67be061eb00d8315fa8642e01b88c894\"},\"headline\":\"10 planes de aventura en la Comunitat Valenciana para Semana Santa\",\"datePublished\":\"2024-03-11T05:08:00+00:00\",\"dateModified\":\"2025-03-12T11:34:57+00:00\",\"mainEntityOfPage\":{\"@id\":\"https:\\\/\\\/www.escapadarural.com\\\/blog\\\/comunitat-valenciana-en-semana-santa\\\/\"},\"wordCount\":1173,\"commentCount\":0,\"publisher\":{\"@id\":\"https:\\\/\\\/www.escapadarural.com\\\/blog\\\/#organization\"},\"image\":{\"@id\":\"https:\\\/\\\/www.escapadarural.com\\\/blog\\\/comunitat-valenciana-en-semana-santa\\\/#primaryimage\"},\"thumbnailUrl\":\"https:\\\/\\\/www.escapadarural.com\\\/blog\\\/wp-content\\\/uploads\\\/2024\\\/02\\\/CV-OTAs-escapada-rural-articulo-1920x1080-senderismo.png\",\"keywords\":[\"Alicante\",\"art\u00edculo\",\"Castell\u00f3n\",\"Comunidad Valenciana\",\"Los mejores planes en la Comunidad Valenciana\",\"turismo rural\",\"Valencia\"],\"articleSection\":[\"Rutas y excursiones\"],\"inLanguage\":\"es\",\"potentialAction\":[{\"@type\":\"CommentAction\",\"name\":\"Comment\",\"target\":[\"https:\\\/\\\/www.escapadarural.com\\\/blog\\\/comunitat-valenciana-en-semana-santa\\\/#respond\"]}]},{\"@type\":\"WebPage\",\"@id\":\"https:\\\/\\\/www.escapadarural.com\\\/blog\\\/comunitat-valenciana-en-semana-santa\\\/\",\"url\":\"https:\\\/\\\/www.escapadarural.com\\\/blog\\\/comunitat-valenciana-en-semana-santa\\\/\",\"name\":\"10 planes de aventura en la Comunitat Valenciana para Semana Santa - EscapadaRural\",\"isPartOf\":{\"@id\":\"https:\\\/\\\/www.escapadarural.com\\\/blog\\\/#website\"},\"primaryImageOfPage\":{\"@id\":\"https:\\\/\\\/www.escapadarural.com\\\/blog\\\/comunitat-valenciana-en-semana-santa\\\/#primaryimage\"},\"image\":{\"@id\":\"https:\\\/\\\/www.escapadarural.com\\\/blog\\\/comunitat-valenciana-en-semana-santa\\\/#primaryimage\"},\"thumbnailUrl\":\"https:\\\/\\\/www.escapadarural.com\\\/blog\\\/wp-content\\\/uploads\\\/2024\\\/02\\\/CV-OTAs-escapada-rural-articulo-1920x1080-senderismo.png\",\"datePublished\":\"2024-03-11T05:08:00+00:00\",\"dateModified\":\"2025-03-12T11:34:57+00:00\",\"breadcrumb\":{\"@id\":\"https:\\\/\\\/www.escapadarural.com\\\/blog\\\/comunitat-valenciana-en-semana-santa\\\/#breadcrumb\"},\"inLanguage\":\"es\",\"potentialAction\":[{\"@type\":\"ReadAction\",\"target\":[\"https:\\\/\\\/www.escapadarural.com\\\/blog\\\/comunitat-valenciana-en-semana-santa\\\/\"]}]},{\"@type\":\"ImageObject\",\"inLanguage\":\"es\",\"@id\":\"https:\\\/\\\/www.escapadarural.com\\\/blog\\\/comunitat-valenciana-en-semana-santa\\\/#primaryimage\",\"url\":\"https:\\\/\\\/www.escapadarural.com\\\/blog\\\/wp-content\\\/uploads\\\/2024\\\/02\\\/CV-OTAs-escapada-rural-articulo-1920x1080-senderismo.png\",\"contentUrl\":\"https:\\\/\\\/www.escapadarural.com\\\/blog\\\/wp-content\\\/uploads\\\/2024\\\/02\\\/CV-OTAs-escapada-rural-articulo-1920x1080-senderismo.png\",\"width\":1920,\"height\":1080,\"caption\":\"Semana Santa en la Comunitat Valenciana. Por: Turismo Comunitat Valenciana\"},{\"@type\":\"BreadcrumbList\",\"@id\":\"https:\\\/\\\/www.escapadarural.com\\\/blog\\\/comunitat-valenciana-en-semana-santa\\\/#breadcrumb\",\"itemListElement\":[{\"@type\":\"ListItem\",\"position\":1,\"name\":\"Inicio\",\"item\":\"https:\\\/\\\/www.escapadarural.com\\\/blog\\\/\"},{\"@type\":\"ListItem\",\"position\":2,\"name\":\"Rutas y excursiones\",\"item\":\"https:\\\/\\\/www.escapadarural.com\\\/blog\\\/categoria\\\/rutas-y-excursiones\\\/\"},{\"@type\":\"ListItem\",\"position\":3,\"name\":\"10 planes de aventura en la Comunitat Valenciana para Semana Santa\"}]},{\"@type\":\"WebSite\",\"@id\":\"https:\\\/\\\/www.escapadarural.com\\\/blog\\\/#website\",\"url\":\"https:\\\/\\\/www.escapadarural.com\\\/blog\\\/\",\"name\":\"Blog de viajes | turismo rural, alojamientos e inspiraci\u00f3n\",\"description\":\"Alojamientos rurales e inspiraci\u00f3n para tus escapadas\",\"publisher\":{\"@id\":\"https:\\\/\\\/www.escapadarural.com\\\/blog\\\/#organization\"},\"alternateName\":\"Magazine de viajes de EscapadaRural\",\"potentialAction\":[{\"@type\":\"SearchAction\",\"target\":{\"@type\":\"EntryPoint\",\"urlTemplate\":\"https:\\\/\\\/www.escapadarural.com\\\/blog\\\/?s={search_term_string}\"},\"query-input\":{\"@type\":\"PropertyValueSpecification\",\"valueRequired\":true,\"valueName\":\"search_term_string\"}}],\"inLanguage\":\"es\"},{\"@type\":\"Organization\",\"@id\":\"https:\\\/\\\/www.escapadarural.com\\\/blog\\\/#organization\",\"name\":\"EscapadaRural\",\"url\":\"https:\\\/\\\/www.escapadarural.com\\\/blog\\\/\",\"logo\":{\"@type\":\"ImageObject\",\"inLanguage\":\"es\",\"@id\":\"https:\\\/\\\/www.escapadarural.com\\\/blog\\\/#\\\/schema\\\/logo\\\/image\\\/\",\"url\":\"https:\\\/\\\/www.escapadarural.com\\\/blog\\\/wp-content\\\/uploads\\\/2024\\\/10\\\/cropped-cropped-escapada-rural-icon-mag-3.png\",\"contentUrl\":\"https:\\\/\\\/www.escapadarural.com\\\/blog\\\/wp-content\\\/uploads\\\/2024\\\/10\\\/cropped-cropped-escapada-rural-icon-mag-3.png\",\"width\":512,\"height\":512,\"caption\":\"EscapadaRural\"},\"image\":{\"@id\":\"https:\\\/\\\/www.escapadarural.com\\\/blog\\\/#\\\/schema\\\/logo\\\/image\\\/\"},\"sameAs\":[\"https:\\\/\\\/www.facebook.com\\\/escapadarural\",\"https:\\\/\\\/www.instagram.com\\\/escapadarural\\\/\",\"https:\\\/\\\/www.youtube.com\\\/@escapadaruralcom\"]},{\"@type\":\"Person\",\"@id\":\"https:\\\/\\\/www.escapadarural.com\\\/blog\\\/#\\\/schema\\\/person\\\/67be061eb00d8315fa8642e01b88c894\",\"name\":\"Raquel Andr\u00e9s\",\"image\":{\"@type\":\"ImageObject\",\"inLanguage\":\"es\",\"@id\":\"https:\\\/\\\/secure.gravatar.com\\\/avatar\\\/b45840531462f3cafb335a9fc5c0bfda2c07c3df4b82b304b923526b85cc6cb5?s=96&d=mm&r=g\",\"url\":\"https:\\\/\\\/secure.gravatar.com\\\/avatar\\\/b45840531462f3cafb335a9fc5c0bfda2c07c3df4b82b304b923526b85cc6cb5?s=96&d=mm&r=g\",\"contentUrl\":\"https:\\\/\\\/secure.gravatar.com\\\/avatar\\\/b45840531462f3cafb335a9fc5c0bfda2c07c3df4b82b304b923526b85cc6cb5?s=96&d=mm&r=g\",\"caption\":\"Raquel Andr\u00e9s\"},\"description\":\"Periodista y aventurera. Me has podido leer en Escapada Rural, Diari Nosaltres La Veu, La Vanguardia, El Salto y otros medios. Habitante y amante de las zonas rurales, sea cual sea el destino. Procuro escaparme una vez por semana con las botas de monta\u00f1a, el arn\u00e9s o el neopreno. Tambi\u00e9n soy un intento de baserritarra.\",\"url\":\"https:\\\/\\\/www.escapadarural.com\\\/blog\\\/autor\\\/raquel\\\/\"}]}<\/script>\n<!-- \/ Yoast SEO plugin. -->","yoast_head_json":{"title":"10 planes de aventura en la Comunitat Valenciana para Semana Santa - EscapadaRural","robots":{"index":"index","follow":"follow","max-snippet":"max-snippet:-1","max-image-preview":"max-image-preview:large","max-video-preview":"max-video-preview:-1"},"canonical":"https:\/\/www.escapadarural.com\/blog\/comunitat-valenciana-en-semana-santa\/","og_locale":"es_ES","og_type":"article","og_title":"10 planes de aventura en la Comunitat Valenciana para Semana Santa - EscapadaRural","og_description":"Aprovecha los d\u00edas de Semana Santa en el interior de la Comunitat Valenciana con estos planes de aventura sin grandes masificaciones.","og_url":"https:\/\/www.escapadarural.com\/blog\/comunitat-valenciana-en-semana-santa\/","og_site_name":"Magazine de viajes de EscapadaRural","article_publisher":"https:\/\/www.facebook.com\/escapadarural","article_published_time":"2024-03-11T05:08:00+00:00","article_modified_time":"2025-03-12T11:34:57+00:00","og_image":[{"width":1920,"height":1080,"url":"https:\/\/www.escapadarural.com\/blog\/wp-content\/uploads\/2024\/02\/CV-OTAs-escapada-rural-articulo-1920x1080-senderismo.png","type":"image\/png"}],"author":"Raquel Andr\u00e9s","twitter_card":"summary_large_image","twitter_misc":{"Escrito por":"Raquel Andr\u00e9s","Tiempo de lectura":"8 minutos"},"schema":{"@context":"https:\/\/schema.org","@graph":[{"@type":"Article","@id":"https:\/\/www.escapadarural.com\/blog\/comunitat-valenciana-en-semana-santa\/#article","isPartOf":{"@id":"https:\/\/www.escapadarural.com\/blog\/comunitat-valenciana-en-semana-santa\/"},"author":{"name":"Raquel Andr\u00e9s","@id":"https:\/\/www.escapadarural.com\/blog\/#\/schema\/person\/67be061eb00d8315fa8642e01b88c894"},"headline":"10 planes de aventura en la Comunitat Valenciana para Semana Santa","datePublished":"2024-03-11T05:08:00+00:00","dateModified":"2025-03-12T11:34:57+00:00","mainEntityOfPage":{"@id":"https:\/\/www.escapadarural.com\/blog\/comunitat-valenciana-en-semana-santa\/"},"wordCount":1173,"commentCount":0,"publisher":{"@id":"https:\/\/www.escapadarural.com\/blog\/#organization"},"image":{"@id":"https:\/\/www.escapadarural.com\/blog\/comunitat-valenciana-en-semana-santa\/#primaryimage"},"thumbnailUrl":"https:\/\/www.escapadarural.com\/blog\/wp-content\/uploads\/2024\/02\/CV-OTAs-escapada-rural-articulo-1920x1080-senderismo.png","keywords":["Alicante","art\u00edculo","Castell\u00f3n","Comunidad Valenciana","Los mejores planes en la Comunidad Valenciana","turismo rural","Valencia"],"articleSection":["Rutas y excursiones"],"inLanguage":"es","potentialAction":[{"@type":"CommentAction","name":"Comment","target":["https:\/\/www.escapadarural.com\/blog\/comunitat-valenciana-en-semana-santa\/#respond"]}]},{"@type":"WebPage","@id":"https:\/\/www.escapadarural.com\/blog\/comunitat-valenciana-en-semana-santa\/","url":"https:\/\/www.escapadarural.com\/blog\/comunitat-valenciana-en-semana-santa\/","name":"10 planes de aventura en la Comunitat Valenciana para Semana Santa - EscapadaRural","isPartOf":{"@id":"https:\/\/www.escapadarural.com\/blog\/#website"},"primaryImageOfPage":{"@id":"https:\/\/www.escapadarural.com\/blog\/comunitat-valenciana-en-semana-santa\/#primaryimage"},"image":{"@id":"https:\/\/www.escapadarural.com\/blog\/comunitat-valenciana-en-semana-santa\/#primaryimage"},"thumbnailUrl":"https:\/\/www.escapadarural.com\/blog\/wp-content\/uploads\/2024\/02\/CV-OTAs-escapada-rural-articulo-1920x1080-senderismo.png","datePublished":"2024-03-11T05:08:00+00:00","dateModified":"2025-03-12T11:34:57+00:00","breadcrumb":{"@id":"https:\/\/www.escapadarural.com\/blog\/comunitat-valenciana-en-semana-santa\/#breadcrumb"},"inLanguage":"es","potentialAction":[{"@type":"ReadAction","target":["https:\/\/www.escapadarural.com\/blog\/comunitat-valenciana-en-semana-santa\/"]}]},{"@type":"ImageObject","inLanguage":"es","@id":"https:\/\/www.escapadarural.com\/blog\/comunitat-valenciana-en-semana-santa\/#primaryimage","url":"https:\/\/www.escapadarural.com\/blog\/wp-content\/uploads\/2024\/02\/CV-OTAs-escapada-rural-articulo-1920x1080-senderismo.png","contentUrl":"https:\/\/www.escapadarural.com\/blog\/wp-content\/uploads\/2024\/02\/CV-OTAs-escapada-rural-articulo-1920x1080-senderismo.png","width":1920,"height":1080,"caption":"Semana Santa en la Comunitat Valenciana. Por: Turismo Comunitat Valenciana"},{"@type":"BreadcrumbList","@id":"https:\/\/www.escapadarural.com\/blog\/comunitat-valenciana-en-semana-santa\/#breadcrumb","itemListElement":[{"@type":"ListItem","position":1,"name":"Inicio","item":"https:\/\/www.escapadarural.com\/blog\/"},{"@type":"ListItem","position":2,"name":"Rutas y excursiones","item":"https:\/\/www.escapadarural.com\/blog\/categoria\/rutas-y-excursiones\/"},{"@type":"ListItem","position":3,"name":"10 planes de aventura en la Comunitat Valenciana para Semana Santa"}]},{"@type":"WebSite","@id":"https:\/\/www.escapadarural.com\/blog\/#website","url":"https:\/\/www.escapadarural.com\/blog\/","name":"Blog de viajes | turismo rural, alojamientos e inspiraci\u00f3n","description":"Alojamientos rurales e inspiraci\u00f3n para tus escapadas","publisher":{"@id":"https:\/\/www.escapadarural.com\/blog\/#organization"},"alternateName":"Magazine de viajes de EscapadaRural","potentialAction":[{"@type":"SearchAction","target":{"@type":"EntryPoint","urlTemplate":"https:\/\/www.escapadarural.com\/blog\/?s={search_term_string}"},"query-input":{"@type":"PropertyValueSpecification","valueRequired":true,"valueName":"search_term_string"}}],"inLanguage":"es"},{"@type":"Organization","@id":"https:\/\/www.escapadarural.com\/blog\/#organization","name":"EscapadaRural","url":"https:\/\/www.escapadarural.com\/blog\/","logo":{"@type":"ImageObject","inLanguage":"es","@id":"https:\/\/www.escapadarural.com\/blog\/#\/schema\/logo\/image\/","url":"https:\/\/www.escapadarural.com\/blog\/wp-content\/uploads\/2024\/10\/cropped-cropped-escapada-rural-icon-mag-3.png","contentUrl":"https:\/\/www.escapadarural.com\/blog\/wp-content\/uploads\/2024\/10\/cropped-cropped-escapada-rural-icon-mag-3.png","width":512,"height":512,"caption":"EscapadaRural"},"image":{"@id":"https:\/\/www.escapadarural.com\/blog\/#\/schema\/logo\/image\/"},"sameAs":["https:\/\/www.facebook.com\/escapadarural","https:\/\/www.instagram.com\/escapadarural\/","https:\/\/www.youtube.com\/@escapadaruralcom"]},{"@type":"Person","@id":"https:\/\/www.escapadarural.com\/blog\/#\/schema\/person\/67be061eb00d8315fa8642e01b88c894","name":"Raquel Andr\u00e9s","image":{"@type":"ImageObject","inLanguage":"es","@id":"https:\/\/secure.gravatar.com\/avatar\/b45840531462f3cafb335a9fc5c0bfda2c07c3df4b82b304b923526b85cc6cb5?s=96&d=mm&r=g","url":"https:\/\/secure.gravatar.com\/avatar\/b45840531462f3cafb335a9fc5c0bfda2c07c3df4b82b304b923526b85cc6cb5?s=96&d=mm&r=g","contentUrl":"https:\/\/secure.gravatar.com\/avatar\/b45840531462f3cafb335a9fc5c0bfda2c07c3df4b82b304b923526b85cc6cb5?s=96&d=mm&r=g","caption":"Raquel Andr\u00e9s"},"description":"Periodista y aventurera. Me has podido leer en Escapada Rural, Diari Nosaltres La Veu, La Vanguardia, El Salto y otros medios. Habitante y amante de las zonas rurales, sea cual sea el destino. Procuro escaparme una vez por semana con las botas de monta\u00f1a, el arn\u00e9s o el neopreno. Tambi\u00e9n soy un intento de baserritarra.","url":"https:\/\/www.escapadarural.com\/blog\/autor\/raquel\/"}]}},"_links":{"self":[{"href":"https:\/\/www.escapadarural.com\/blog\/wp-json\/wp\/v2\/posts\/70724","targetHints":{"allow":["GET"]}}],"collection":[{"href":"https:\/\/www.escapadarural.com\/blog\/wp-json\/wp\/v2\/posts"}],"about":[{"href":"https:\/\/www.escapadarural.com\/blog\/wp-json\/wp\/v2\/types\/post"}],"author":[{"embeddable":true,"href":"https:\/\/www.escapadarural.com\/blog\/wp-json\/wp\/v2\/users\/123"}],"replies":[{"embeddable":true,"href":"https:\/\/www.escapadarural.com\/blog\/wp-json\/wp\/v2\/comments?post=70724"}],"version-history":[{"count":0,"href":"https:\/\/www.escapadarural.com\/blog\/wp-json\/wp\/v2\/posts\/70724\/revisions"}],"wp:featuredmedia":[{"embeddable":true,"href":"https:\/\/www.escapadarural.com\/blog\/wp-json\/wp\/v2\/media\/70726"}],"wp:attachment":[{"href":"https:\/\/www.escapadarural.com\/blog\/wp-json\/wp\/v2\/media?parent=70724"}],"wp:term":[{"taxonomy":"category","embeddable":true,"href":"https:\/\/www.escapadarural.com\/blog\/wp-json\/wp\/v2\/categories?post=70724"},{"taxonomy":"post_tag","embeddable":true,"href":"https:\/\/www.escapadarural.com\/blog\/wp-json\/wp\/v2\/tags?post=70724"}],"curies":[{"name":"wp","href":"https:\/\/api.w.org\/{rel}","templated":true}]}}