{"id":70747,"date":"2024-02-29T08:00:00","date_gmt":"2024-02-29T07:00:00","guid":{"rendered":"https:\/\/www.escapadarural.com\/blog\/?p=70747"},"modified":"2025-04-23T10:46:04","modified_gmt":"2025-04-23T08:46:04","slug":"ruta-por-el-canon-de-buitreras-malaga","status":"publish","type":"post","link":"https:\/\/www.escapadarural.com\/blog\/ruta-por-el-canon-de-buitreras-malaga\/","title":{"rendered":"Ca\u00f1\u00f3n de Buitreras: un Monumento Natural con una palmera \u00fanica en Europa"},"content":{"rendered":"\n<figure class=\"wp-block-image size-large\"><a href=\"https:\/\/www.escapadarural.com\/blog\/wp-content\/uploads\/canon-de-buitreras-scaled.jpg\"><img decoding=\"async\" src=\"https:\/\/www.escapadarural.com\/blog\/wp-content\/uploads\/2024\/10\/canon-de-buitreras-1024x682-1.jpg\" alt=\"Ca\u00f1\u00f3n de Buitreras\" class=\"wp-image-71036\"\/><\/a><figcaption class=\"wp-element-caption\">Ca\u00f1\u00f3n de Buitreras. Por joserpizarro<\/figcaption><\/figure>\n\n\n\n<p>El ca\u00f1\u00f3n de Buitreras, situado en la <a href=\"\/casas-rurales\/serrania-de-ronda\">serran\u00eda de Ronda<\/a> (M\u00e1laga), se erige como una maravilla geol\u00f3gica y ecol\u00f3gica que cautiva tanto a los entusiastas de la naturaleza como a los cient\u00edficos.&nbsp;<\/p>\n\n\n\n<p>Este Monumento Natural, labrado por la incansable labor del r\u00edo Guadiaro, es un espect\u00e1culo de biodiversidad y rarezas bot\u00e1nicas, <strong>entre las que destaca una especie de palmera \u00fanica en Europa<\/strong> convirti\u00e9ndolo en un escenario de estudio y admiraci\u00f3n para naturalistas y visitantes por igual.<\/p>\n\n\n\n<div class=\"wp-block-buttons is-layout-flex wp-block-buttons-is-layout-flex\">\n<div class=\"wp-block-button\"><a class=\"wp-block-button__link wp-element-button\" href=\"\/casas-rurales\/malaga\">Casas rurales en M\u00e1laga<\/a><\/div>\n<\/div>\n\n\n\n<h2 class=\"wp-block-heading\" id=\"h-los-origenes-geologicos-del-canon-del-canon-de-buitreras\"><strong>Los or\u00edgenes geol\u00f3gicos<\/strong> del ca\u00f1\u00f3n del ca\u00f1\u00f3n de Buitreras<\/h2>\n\n\n\n<figure class=\"wp-block-image size-large\"><a href=\"https:\/\/www.escapadarural.com\/blog\/wp-content\/uploads\/canon-de-buitreras-1-scaled.jpg\"><img decoding=\"async\" src=\"https:\/\/www.escapadarural.com\/blog\/wp-content\/uploads\/2024\/10\/canon-de-buitreras-1-1024x701-1.jpg\" alt=\"Ca\u00f1\u00f3n de Buitreras\" class=\"wp-image-71037\"\/><\/a><figcaption class=\"wp-element-caption\">Ca\u00f1\u00f3n de Buitreras. Por joserpizarro<\/figcaption><\/figure>\n\n\n\n<p>La formaci\u00f3n geol\u00f3gica del ca\u00f1\u00f3n de Buitreras es un relato de resistencia y transformaci\u00f3n. A lo largo de millones de a\u00f1os, las aguas del r\u00edo Guadiaro han esculpido este desfiladero, creando impresionantes paredes verticales y paisajes escarpados.&nbsp;<\/p>\n\n\n\n<p>Estas capas sedimentarias, compactadas y solidificadas a lo largo dl tiempo, sugieren la existencia de antiguos mares que alguna vez cubrieron la regi\u00f3n, evidenciados por f\u00f3siles marinos y sedimentos que hablan de antiguas costas y fondos oce\u00e1nicos. Los movimientos tect\u00f3nicos, responsables del din\u00e1mico relieve terrestre, han jugado un papel crucial en la elevaci\u00f3n y configuraci\u00f3n del terreno, moldeando el paisaje a su forma actual.<\/p>\n\n\n\n<p>Las <strong>aguas del r\u00edo Guadiaro<\/strong>, armadas con part\u00edculas abrasivas, han cortado a trav\u00e9s de la roca como un cincel, profundizando el ca\u00f1\u00f3n y puliendo sus paredes hasta alcanzar las impresionantes alturas que hoy observamos. Este proceso de erosi\u00f3n tambi\u00e9n ha expuesto una diversidad de formaciones geol\u00f3gicas que ofrecen una ventana a la historia geol\u00f3gica de la regi\u00f3n.<\/p>\n\n\n\n<figure class=\"wp-block-image size-large\"><a href=\"https:\/\/www.escapadarural.com\/blog\/wp-content\/uploads\/puente-alemanes-canon-de-buitrera-scaled.jpg\"><img decoding=\"async\" src=\"https:\/\/www.escapadarural.com\/blog\/wp-content\/uploads\/2024\/10\/puente-alemanes-canon-de-buitrera-1024x684-1.jpg\" alt=\"Puente de los Alemanes\" class=\"wp-image-71038\"\/><\/a><figcaption class=\"wp-element-caption\">Puente de los alemanes en el ca\u00f1\u00f3n de Buitrera. Por COLORSPHOTOSTOCK<\/figcaption><\/figure>\n\n\n\n<p>La intervenci\u00f3n humana en el paisaje del ca\u00f1\u00f3n de Buitreras, adem\u00e1s, ha a\u00f1adido la construcci\u00f3n de estructuras que desaf\u00edan la geograf\u00eda y enriquecen la historia del lugar. Los impresionantes t\u00faneles y <a href=\"https:\/\/www.escapadarural.com\/blog\/rutas-para-el-puente-de-diciembre\/\" title=\"4 rutas impresionantes para hacer en el puente de diciembre\"  data-wpil-monitor-id=\"1017\">puentes<\/a> que facilitan el tr\u00e1nsito de la l\u00ednea ferroviaria Algeciras-Ronda son testigos de la ingenier\u00eda y la determinaci\u00f3n humanas para conectar regiones y superar obst\u00e1culos naturales. Estas construcciones no solo cumplen una funci\u00f3n pr\u00e1ctica, sino que tambi\u00e9n se han integrado armoniosamente en el entorno.<\/p>\n\n\n\n<p>Dentro de estas maravillas de ingenier\u00eda destaca el conocido como <strong>puente de los Alemanes<\/strong>, un azud o estructura de conducci\u00f3n de agua que representa un hito en la regi\u00f3n. Situado en uno de los enclaves m\u00e1s encantadores del ca\u00f1\u00f3n, este puente se eleva majestuosamente a 60 metros sobre el lecho del barranco, ofreciendo vistas espectaculares.<\/p>\n\n\n\n<h2 class=\"wp-block-heading\" id=\"h-flora-y-fauna\"><strong>Flora y fauna<\/strong><\/h2>\n\n\n\n<p>Las grietas y repisas en la roca sirven como refugio y nicho ecol\u00f3gico para una variedad de especies, algunas de las cuales se han adaptado de manera \u00fanica a este ambiente. Las aves, en particular, encuentran en estos escarpados acantilados un lugar seguro para anidar, lejos de los depredadores terrestres. Plantas resistentes, capaces de aferrarse a la vida en las fisuras de la roca, adornan las paredes del ca\u00f1\u00f3n, a\u00f1adiendo un toque de verdor al \u00e1rido paisaje.<\/p>\n\n\n\n<p>El ca\u00f1\u00f3n de Buitreras tambi\u00e9n es conocido por ser el hogar de una impresionante <strong>poblaci\u00f3n de buitres leonados<\/strong>. Estas majestuosas aves, con sus envergaduras que pueden superar los 2,5 metros, sobrevuelan el ca\u00f1\u00f3n, aprovechando las corrientes t\u00e9rmicas para elevarse sin esfuerzo. Los acantilados y las oquedades del ca\u00f1\u00f3n ofrecen sitios de nidificaci\u00f3n ideales para estas aves, que se han convertido en uno de los atractivos m\u00e1s emblem\u00e1ticos de la zona, y son un claro indicador de la salud del ecosistema local.<\/p>\n\n\n\n<h2 class=\"wp-block-heading\" id=\"h-la-palmera-unica-del-canon-de-buitreras\"><strong>La palmera \u00fanica<\/strong> del ca\u00f1\u00f3n de Buitreras<\/h2>\n\n\n\n<figure class=\"wp-block-image size-full\"><img decoding=\"async\" src=\"https:\/\/www.escapadarural.com\/blog\/wp-content\/uploads\/2024\/10\/Chamaerops_humilis_Torreblanca.jpg\" alt=\"Palmera enana\" class=\"wp-image-70750\"\/><figcaption class=\"wp-element-caption\">Palmera enana. Por <a href=\"https:\/\/es.wikipedia.org\/wiki\/Chamaerops_humilis#\/media\/Archivo:Chamaerops_humilis_Torreblanca.jpg\" target=\"_blank\" rel=\"noreferrer noopener nofollow\">Canaan <\/a><\/figcaption><\/figure>\n\n\n\n<p>Dentro de este enclave natural, destaca una curiosidad bot\u00e1nica de la flora europea: una especie de palmera end\u00e9mica que no se encuentra en ninguna otra parte del continente.&nbsp;<\/p>\n\n\n\n<p>La <em>Chamaerops humilis<\/em>, com\u00fanmente conocida como <strong>palmito<\/strong> o <strong>palmera enana<\/strong>, es una palmera de porte peque\u00f1o, usualmente no supera los 2 a 5 metros de altura, lo que contrasta significativamente con las im\u00e1genes t\u00edpicas de palmeras altas y esbeltas que dominan los paisajes tropicales. Su tronco, que puede ser \u00fanico o ramificarse desde la base formando m\u00faltiples tallos, est\u00e1 cubierto de las bases de hojas viejas que le confieren un aspecto rugoso y fibroso. <\/p>\n\n\n\n<p>Las hojas de esta especie son palmadas, de un verde intenso, y forman una corona densa y redondeada en la parte superior de cada tallo. Cada hoja se compone de varios foliolos r\u00edgidos y puntiagudos que se despliegan en forma de abanico, caracter\u00edstica distintiva de las palmeras.<\/p>\n\n\n\n<p>Esta palmera, adaptada a las condiciones \u00fanicas del ca\u00f1\u00f3n, es un enigma para los bot\u00e1nicos y un s\u00edmbolo de la singularidad ecol\u00f3gica de la regi\u00f3n. Su presencia en este entorno sugiere un microclima especial y una historia evolutiva que podr\u00eda ofrecer pistas sobre los patrones de dispersi\u00f3n de plantas y las din\u00e1micas de aislamiento.<\/p>\n\n\n\n<h2 class=\"wp-block-heading\" id=\"h-rutas-por-el-canon-de-buitreras\"><strong>Rutas <\/strong>por el ca\u00f1\u00f3n de Buitreras<\/h2>\n\n\n\n<figure class=\"wp-block-image size-large\"><a href=\"https:\/\/www.escapadarural.com\/blog\/wp-content\/uploads\/canon-de-buitrera-malaga-scaled.jpg\"><img decoding=\"async\" src=\"https:\/\/www.escapadarural.com\/blog\/wp-content\/uploads\/2024\/10\/canon-de-buitrera-malaga-1024x684-1.jpg\" alt=\"Ca\u00f1\u00f3n de Buitreras\" class=\"wp-image-71039\"\/><\/a><figcaption class=\"wp-element-caption\">Ca\u00f1\u00f3n de Buitreras. Por COLORSPHOTOSTOCK<\/figcaption><\/figure>\n\n\n\n<p>Para los amantes del senderismo y la aventura, el ca\u00f1\u00f3n de Buitreras ofrece rutas que son tanto un desaf\u00edo f\u00edsico como un deleite visual. Una de las rutas m\u00e1s destacadas es el sendero que recorre el ca\u00f1\u00f3n, permitiendo a los visitantes sumergirse en la majestuosidad del paisaje y acercarse a la flora y fauna \u00fanicas de la zona. Esta ruta no solo es una oportunidad para conectar con la naturaleza, sino tambi\u00e9n para apreciar la grandiosidad geol\u00f3gica del ca\u00f1\u00f3n y reflexionar sobre las fuerzas naturales que lo han moldeado.<\/p>\n\n\n\n<p><strong>Para acceder a este impresionante ca\u00f1\u00f3n<\/strong>, la opci\u00f3n m\u00e1s recomendable es partir desde El Colmenar o estaci\u00f3n de Gauc\u00edn y seguir el curso de la l\u00ednea ferroviaria. Otra ruta de gran inter\u00e9s parte de la Ca\u00f1ada del Real Tesoro o Estaci\u00f3n de Cortes de la Frontera. Tras cruzar esta encantadora aldea, perteneciente a Cortes de la Frontera, el camino lleva hasta la presa del r\u00edo Guadiaro. Desde all\u00ed, se debe continuar siguiendo las indicaciones paralelas a la v\u00eda del tren. Un camino bien preparado gu\u00eda hasta el magn\u00edfico desfiladero. Durante el recorrido, es posible encontrarse con fauna local, como cabras monteses y buitres.&nbsp;<\/p>\n\n\n\n<figure class=\"wp-block-image size-large\"><a href=\"https:\/\/www.escapadarural.com\/blog\/wp-content\/uploads\/canon-de-buitreras-rutas-scaled.jpg\"><img decoding=\"async\" src=\"https:\/\/www.escapadarural.com\/blog\/wp-content\/uploads\/2024\/10\/canon-de-buitreras-rutas-1024x687-1.jpg\" alt=\"Ca\u00f1\u00f3n de Buitreras\" class=\"wp-image-71040\"\/><\/a><figcaption class=\"wp-element-caption\">Ca\u00f1\u00f3n de Buitreras. Por joserpizarro<\/figcaption><\/figure>\n\n\n\n<p>Para quienes busquen detalles m\u00e1s espec\u00edficos de la ruta, incluyendo la descripci\u00f3n y el track GPS, Wikiloc es una fuente muy valiosa, ofreciendo variantes tanto para senderistas que prefieran recorrer la parte superior del ca\u00f1\u00f3n, como para aquellos interesados en la aventura del barranquismo a lo largo del lecho del ca\u00f1\u00f3n. En esta plataforma, tambi\u00e9n se comparte una abundancia de informaci\u00f3n adicional, fotos y v\u00eddeos que enriquecer\u00e1n la experiencia del visitante.<\/p>\n\n\n\n<p>El ca\u00f1\u00f3n de Buitreras es, en esencia, un libro abierto de la historia natural, donde cada roca, cada planta y cada criatura tiene una historia que contar. Para recorrerlo como es debido hay que contemplar m\u00e1s que ver. Por esa raz\u00f3n, ante todo, lo importante es disfrutar del camino y no tanto llegar a la meta.&nbsp;<\/p>\n\n\n\n<div class=\"wp-block-buttons is-layout-flex wp-block-buttons-is-layout-flex\">\n<div class=\"wp-block-button\"><a class=\"wp-block-button__link wp-element-button\" href=\"\/casas-rurales\/malaga\">Casas rurales en M\u00e1laga<\/a><\/div>\n<\/div>\n","protected":false},"excerpt":{"rendered":"<p>El ca\u00f1\u00f3n de Buitreras, situado en la serran\u00eda de Ronda (M\u00e1laga), se erige como una maravilla geol\u00f3gica y ecol\u00f3gica que cautiva tanto a los entusiastas de la naturaleza como a los cient\u00edficos.\u00a0<\/p>\n","protected":false},"author":120,"featured_media":71039,"comment_status":"open","ping_status":"open","sticky":false,"template":"","format":"standard","meta":{"_acf_changed":false,"om_disable_all_campaigns":false,"footnotes":""},"categories":[1379],"tags":[5697,792],"class_list":["post-70747","post","type-post","status-publish","format-standard","has-post-thumbnail","hentry","category-rutas-y-excursiones","tag-canon-de-buitreras","tag-que-ver-en-malaga"],"acf":[],"featured_image_src":"https:\/\/www.escapadarural.com\/blog\/wp-content\/uploads\/2024\/02\/canon-de-buitrera-malaga-scaled-1.jpg","author_info":{"display_name":"Sergio Parra","author_link":"https:\/\/www.escapadarural.com\/blog\/autor\/sergio\/"},"yoast_head":"<!-- This site is optimized with the Yoast SEO plugin v27.5 - https:\/\/yoast.com\/product\/yoast-seo-wordpress\/ -->\n<title>Ca\u00f1\u00f3n de Buitreras: un Monumento Natural con una palmera \u00fanica en Europa - EscapadaRural<\/title>\n<meta name=\"robots\" content=\"index, follow, max-snippet:-1, max-image-preview:large, max-video-preview:-1\" \/>\n<link rel=\"canonical\" href=\"https:\/\/www.escapadarural.com\/blog\/ruta-por-el-canon-de-buitreras-malaga\/\" \/>\n<meta property=\"og:locale\" content=\"es_ES\" \/>\n<meta property=\"og:type\" content=\"article\" \/>\n<meta property=\"og:title\" content=\"Ca\u00f1\u00f3n de Buitreras: un Monumento Natural con una palmera \u00fanica en Europa - EscapadaRural\" \/>\n<meta property=\"og:description\" content=\"El ca\u00f1\u00f3n de Buitreras, situado en la serran\u00eda de Ronda (M\u00e1laga), se erige como una maravilla geol\u00f3gica y ecol\u00f3gica que cautiva tanto a los entusiastas de la naturaleza como a los cient\u00edficos.\u00a0\" \/>\n<meta property=\"og:url\" content=\"https:\/\/www.escapadarural.com\/blog\/ruta-por-el-canon-de-buitreras-malaga\/\" \/>\n<meta property=\"og:site_name\" content=\"Magazine de viajes de EscapadaRural\" \/>\n<meta property=\"article:publisher\" content=\"https:\/\/www.facebook.com\/escapadarural\" \/>\n<meta property=\"article:published_time\" content=\"2024-02-29T07:00:00+00:00\" \/>\n<meta property=\"article:modified_time\" content=\"2025-04-23T08:46:04+00:00\" \/>\n<meta property=\"og:image\" content=\"https:\/\/www.escapadarural.com\/blog\/wp-content\/uploads\/2024\/02\/canon-de-buitrera-malaga-scaled-1.jpg\" \/>\n\t<meta property=\"og:image:width\" content=\"2048\" \/>\n\t<meta property=\"og:image:height\" content=\"1367\" \/>\n\t<meta property=\"og:image:type\" content=\"image\/jpeg\" \/>\n<meta name=\"author\" content=\"Sergio Parra\" \/>\n<meta name=\"twitter:card\" content=\"summary_large_image\" \/>\n<meta name=\"twitter:label1\" content=\"Escrito por\" \/>\n\t<meta name=\"twitter:data1\" content=\"Sergio Parra\" \/>\n\t<meta name=\"twitter:label2\" content=\"Tiempo de lectura\" \/>\n\t<meta name=\"twitter:data2\" content=\"7 minutos\" \/>\n<script type=\"application\/ld+json\" class=\"yoast-schema-graph\">{\"@context\":\"https:\\\/\\\/schema.org\",\"@graph\":[{\"@type\":\"Article\",\"@id\":\"https:\\\/\\\/www.escapadarural.com\\\/blog\\\/ruta-por-el-canon-de-buitreras-malaga\\\/#article\",\"isPartOf\":{\"@id\":\"https:\\\/\\\/www.escapadarural.com\\\/blog\\\/ruta-por-el-canon-de-buitreras-malaga\\\/\"},\"author\":{\"name\":\"Sergio Parra\",\"@id\":\"https:\\\/\\\/www.escapadarural.com\\\/blog\\\/#\\\/schema\\\/person\\\/b19b2221b2fc03d3ab5ec82d81f7a678\"},\"headline\":\"Ca\u00f1\u00f3n de Buitreras: un Monumento Natural con una palmera \u00fanica en Europa\",\"datePublished\":\"2024-02-29T07:00:00+00:00\",\"dateModified\":\"2025-04-23T08:46:04+00:00\",\"mainEntityOfPage\":{\"@id\":\"https:\\\/\\\/www.escapadarural.com\\\/blog\\\/ruta-por-el-canon-de-buitreras-malaga\\\/\"},\"wordCount\":1255,\"commentCount\":1,\"publisher\":{\"@id\":\"https:\\\/\\\/www.escapadarural.com\\\/blog\\\/#organization\"},\"image\":{\"@id\":\"https:\\\/\\\/www.escapadarural.com\\\/blog\\\/ruta-por-el-canon-de-buitreras-malaga\\\/#primaryimage\"},\"thumbnailUrl\":\"https:\\\/\\\/www.escapadarural.com\\\/blog\\\/wp-content\\\/uploads\\\/2024\\\/02\\\/canon-de-buitrera-malaga-scaled-1.jpg\",\"keywords\":[\"Ca\u00f1\u00f3n de Buitreras\",\"M\u00e1laga\"],\"articleSection\":[\"Rutas y excursiones\"],\"inLanguage\":\"es\",\"potentialAction\":[{\"@type\":\"CommentAction\",\"name\":\"Comment\",\"target\":[\"https:\\\/\\\/www.escapadarural.com\\\/blog\\\/ruta-por-el-canon-de-buitreras-malaga\\\/#respond\"]}]},{\"@type\":\"WebPage\",\"@id\":\"https:\\\/\\\/www.escapadarural.com\\\/blog\\\/ruta-por-el-canon-de-buitreras-malaga\\\/\",\"url\":\"https:\\\/\\\/www.escapadarural.com\\\/blog\\\/ruta-por-el-canon-de-buitreras-malaga\\\/\",\"name\":\"Ca\u00f1\u00f3n de Buitreras: un Monumento Natural con una palmera \u00fanica en Europa - EscapadaRural\",\"isPartOf\":{\"@id\":\"https:\\\/\\\/www.escapadarural.com\\\/blog\\\/#website\"},\"primaryImageOfPage\":{\"@id\":\"https:\\\/\\\/www.escapadarural.com\\\/blog\\\/ruta-por-el-canon-de-buitreras-malaga\\\/#primaryimage\"},\"image\":{\"@id\":\"https:\\\/\\\/www.escapadarural.com\\\/blog\\\/ruta-por-el-canon-de-buitreras-malaga\\\/#primaryimage\"},\"thumbnailUrl\":\"https:\\\/\\\/www.escapadarural.com\\\/blog\\\/wp-content\\\/uploads\\\/2024\\\/02\\\/canon-de-buitrera-malaga-scaled-1.jpg\",\"datePublished\":\"2024-02-29T07:00:00+00:00\",\"dateModified\":\"2025-04-23T08:46:04+00:00\",\"breadcrumb\":{\"@id\":\"https:\\\/\\\/www.escapadarural.com\\\/blog\\\/ruta-por-el-canon-de-buitreras-malaga\\\/#breadcrumb\"},\"inLanguage\":\"es\",\"potentialAction\":[{\"@type\":\"ReadAction\",\"target\":[\"https:\\\/\\\/www.escapadarural.com\\\/blog\\\/ruta-por-el-canon-de-buitreras-malaga\\\/\"]}]},{\"@type\":\"ImageObject\",\"inLanguage\":\"es\",\"@id\":\"https:\\\/\\\/www.escapadarural.com\\\/blog\\\/ruta-por-el-canon-de-buitreras-malaga\\\/#primaryimage\",\"url\":\"https:\\\/\\\/www.escapadarural.com\\\/blog\\\/wp-content\\\/uploads\\\/2024\\\/02\\\/canon-de-buitrera-malaga-scaled-1.jpg\",\"contentUrl\":\"https:\\\/\\\/www.escapadarural.com\\\/blog\\\/wp-content\\\/uploads\\\/2024\\\/02\\\/canon-de-buitrera-malaga-scaled-1.jpg\",\"width\":2048,\"height\":1367,\"caption\":\"Ca\u00f1\u00f3n de Buitreras, M\u00e1laga. Por COLORSPHOTOSTOCK\"},{\"@type\":\"BreadcrumbList\",\"@id\":\"https:\\\/\\\/www.escapadarural.com\\\/blog\\\/ruta-por-el-canon-de-buitreras-malaga\\\/#breadcrumb\",\"itemListElement\":[{\"@type\":\"ListItem\",\"position\":1,\"name\":\"Inicio\",\"item\":\"https:\\\/\\\/www.escapadarural.com\\\/blog\\\/\"},{\"@type\":\"ListItem\",\"position\":2,\"name\":\"Rutas y excursiones\",\"item\":\"https:\\\/\\\/www.escapadarural.com\\\/blog\\\/categoria\\\/rutas-y-excursiones\\\/\"},{\"@type\":\"ListItem\",\"position\":3,\"name\":\"Ca\u00f1\u00f3n de Buitreras: un Monumento Natural con una palmera \u00fanica en Europa\"}]},{\"@type\":\"WebSite\",\"@id\":\"https:\\\/\\\/www.escapadarural.com\\\/blog\\\/#website\",\"url\":\"https:\\\/\\\/www.escapadarural.com\\\/blog\\\/\",\"name\":\"Blog de viajes | turismo rural, alojamientos e inspiraci\u00f3n\",\"description\":\"Alojamientos rurales e inspiraci\u00f3n para tus escapadas\",\"publisher\":{\"@id\":\"https:\\\/\\\/www.escapadarural.com\\\/blog\\\/#organization\"},\"alternateName\":\"Magazine de viajes de EscapadaRural\",\"potentialAction\":[{\"@type\":\"SearchAction\",\"target\":{\"@type\":\"EntryPoint\",\"urlTemplate\":\"https:\\\/\\\/www.escapadarural.com\\\/blog\\\/?s={search_term_string}\"},\"query-input\":{\"@type\":\"PropertyValueSpecification\",\"valueRequired\":true,\"valueName\":\"search_term_string\"}}],\"inLanguage\":\"es\"},{\"@type\":\"Organization\",\"@id\":\"https:\\\/\\\/www.escapadarural.com\\\/blog\\\/#organization\",\"name\":\"EscapadaRural\",\"url\":\"https:\\\/\\\/www.escapadarural.com\\\/blog\\\/\",\"logo\":{\"@type\":\"ImageObject\",\"inLanguage\":\"es\",\"@id\":\"https:\\\/\\\/www.escapadarural.com\\\/blog\\\/#\\\/schema\\\/logo\\\/image\\\/\",\"url\":\"https:\\\/\\\/www.escapadarural.com\\\/blog\\\/wp-content\\\/uploads\\\/2024\\\/10\\\/cropped-cropped-escapada-rural-icon-mag-3.png\",\"contentUrl\":\"https:\\\/\\\/www.escapadarural.com\\\/blog\\\/wp-content\\\/uploads\\\/2024\\\/10\\\/cropped-cropped-escapada-rural-icon-mag-3.png\",\"width\":512,\"height\":512,\"caption\":\"EscapadaRural\"},\"image\":{\"@id\":\"https:\\\/\\\/www.escapadarural.com\\\/blog\\\/#\\\/schema\\\/logo\\\/image\\\/\"},\"sameAs\":[\"https:\\\/\\\/www.facebook.com\\\/escapadarural\",\"https:\\\/\\\/www.instagram.com\\\/escapadarural\\\/\",\"https:\\\/\\\/www.youtube.com\\\/@escapadaruralcom\"]},{\"@type\":\"Person\",\"@id\":\"https:\\\/\\\/www.escapadarural.com\\\/blog\\\/#\\\/schema\\\/person\\\/b19b2221b2fc03d3ab5ec82d81f7a678\",\"name\":\"Sergio Parra\",\"image\":{\"@type\":\"ImageObject\",\"inLanguage\":\"es\",\"@id\":\"https:\\\/\\\/www.escapadarural.com\\\/blog\\\/wp-content\\\/uploads\\\/2025\\\/02\\\/cropped-sergio_parra.webp\",\"url\":\"https:\\\/\\\/www.escapadarural.com\\\/blog\\\/wp-content\\\/uploads\\\/2025\\\/02\\\/cropped-sergio_parra.webp\",\"contentUrl\":\"https:\\\/\\\/www.escapadarural.com\\\/blog\\\/wp-content\\\/uploads\\\/2025\\\/02\\\/cropped-sergio_parra.webp\",\"caption\":\"Sergio Parra\"},\"description\":\"Juntaletras, divulgador y alfanum\u00e9rico vocacional. Siempre a la caza de historias que iluminen el camino y de ense\u00f1anzas que permitan capturar lo que te salga al paso. Escribo en Yorokobu, Jot Down y Muy Interesante, y soy editor de Xataka Ciencia y Diario del Viajero. Cuando necesito recogimiento, escribo libros. Cuando me siento extrovertido, salgo en el canal de YouTube Optirrealismo o el podcast Xanad\u00fa: Hearst &amp; Kane. Cuando busco perspectiva, me marcho lejos en bicicleta.\",\"sameAs\":[\"https:\\\/\\\/about.me\\\/sergioparra\",\"https:\\\/\\\/www.instagram.com\\\/melvinud\\\/\"],\"url\":\"https:\\\/\\\/www.escapadarural.com\\\/blog\\\/autor\\\/sergio\\\/\"}]}<\/script>\n<!-- \/ Yoast SEO plugin. -->","yoast_head_json":{"title":"Ca\u00f1\u00f3n de Buitreras: un Monumento Natural con una palmera \u00fanica en Europa - EscapadaRural","robots":{"index":"index","follow":"follow","max-snippet":"max-snippet:-1","max-image-preview":"max-image-preview:large","max-video-preview":"max-video-preview:-1"},"canonical":"https:\/\/www.escapadarural.com\/blog\/ruta-por-el-canon-de-buitreras-malaga\/","og_locale":"es_ES","og_type":"article","og_title":"Ca\u00f1\u00f3n de Buitreras: un Monumento Natural con una palmera \u00fanica en Europa - EscapadaRural","og_description":"El ca\u00f1\u00f3n de Buitreras, situado en la serran\u00eda de Ronda (M\u00e1laga), se erige como una maravilla geol\u00f3gica y ecol\u00f3gica que cautiva tanto a los entusiastas de la naturaleza como a los cient\u00edficos.\u00a0","og_url":"https:\/\/www.escapadarural.com\/blog\/ruta-por-el-canon-de-buitreras-malaga\/","og_site_name":"Magazine de viajes de EscapadaRural","article_publisher":"https:\/\/www.facebook.com\/escapadarural","article_published_time":"2024-02-29T07:00:00+00:00","article_modified_time":"2025-04-23T08:46:04+00:00","og_image":[{"width":2048,"height":1367,"url":"https:\/\/www.escapadarural.com\/blog\/wp-content\/uploads\/2024\/02\/canon-de-buitrera-malaga-scaled-1.jpg","type":"image\/jpeg"}],"author":"Sergio Parra","twitter_card":"summary_large_image","twitter_misc":{"Escrito por":"Sergio Parra","Tiempo de lectura":"7 minutos"},"schema":{"@context":"https:\/\/schema.org","@graph":[{"@type":"Article","@id":"https:\/\/www.escapadarural.com\/blog\/ruta-por-el-canon-de-buitreras-malaga\/#article","isPartOf":{"@id":"https:\/\/www.escapadarural.com\/blog\/ruta-por-el-canon-de-buitreras-malaga\/"},"author":{"name":"Sergio Parra","@id":"https:\/\/www.escapadarural.com\/blog\/#\/schema\/person\/b19b2221b2fc03d3ab5ec82d81f7a678"},"headline":"Ca\u00f1\u00f3n de Buitreras: un Monumento Natural con una palmera \u00fanica en Europa","datePublished":"2024-02-29T07:00:00+00:00","dateModified":"2025-04-23T08:46:04+00:00","mainEntityOfPage":{"@id":"https:\/\/www.escapadarural.com\/blog\/ruta-por-el-canon-de-buitreras-malaga\/"},"wordCount":1255,"commentCount":1,"publisher":{"@id":"https:\/\/www.escapadarural.com\/blog\/#organization"},"image":{"@id":"https:\/\/www.escapadarural.com\/blog\/ruta-por-el-canon-de-buitreras-malaga\/#primaryimage"},"thumbnailUrl":"https:\/\/www.escapadarural.com\/blog\/wp-content\/uploads\/2024\/02\/canon-de-buitrera-malaga-scaled-1.jpg","keywords":["Ca\u00f1\u00f3n de Buitreras","M\u00e1laga"],"articleSection":["Rutas y excursiones"],"inLanguage":"es","potentialAction":[{"@type":"CommentAction","name":"Comment","target":["https:\/\/www.escapadarural.com\/blog\/ruta-por-el-canon-de-buitreras-malaga\/#respond"]}]},{"@type":"WebPage","@id":"https:\/\/www.escapadarural.com\/blog\/ruta-por-el-canon-de-buitreras-malaga\/","url":"https:\/\/www.escapadarural.com\/blog\/ruta-por-el-canon-de-buitreras-malaga\/","name":"Ca\u00f1\u00f3n de Buitreras: un Monumento Natural con una palmera \u00fanica en Europa - EscapadaRural","isPartOf":{"@id":"https:\/\/www.escapadarural.com\/blog\/#website"},"primaryImageOfPage":{"@id":"https:\/\/www.escapadarural.com\/blog\/ruta-por-el-canon-de-buitreras-malaga\/#primaryimage"},"image":{"@id":"https:\/\/www.escapadarural.com\/blog\/ruta-por-el-canon-de-buitreras-malaga\/#primaryimage"},"thumbnailUrl":"https:\/\/www.escapadarural.com\/blog\/wp-content\/uploads\/2024\/02\/canon-de-buitrera-malaga-scaled-1.jpg","datePublished":"2024-02-29T07:00:00+00:00","dateModified":"2025-04-23T08:46:04+00:00","breadcrumb":{"@id":"https:\/\/www.escapadarural.com\/blog\/ruta-por-el-canon-de-buitreras-malaga\/#breadcrumb"},"inLanguage":"es","potentialAction":[{"@type":"ReadAction","target":["https:\/\/www.escapadarural.com\/blog\/ruta-por-el-canon-de-buitreras-malaga\/"]}]},{"@type":"ImageObject","inLanguage":"es","@id":"https:\/\/www.escapadarural.com\/blog\/ruta-por-el-canon-de-buitreras-malaga\/#primaryimage","url":"https:\/\/www.escapadarural.com\/blog\/wp-content\/uploads\/2024\/02\/canon-de-buitrera-malaga-scaled-1.jpg","contentUrl":"https:\/\/www.escapadarural.com\/blog\/wp-content\/uploads\/2024\/02\/canon-de-buitrera-malaga-scaled-1.jpg","width":2048,"height":1367,"caption":"Ca\u00f1\u00f3n de Buitreras, M\u00e1laga. Por COLORSPHOTOSTOCK"},{"@type":"BreadcrumbList","@id":"https:\/\/www.escapadarural.com\/blog\/ruta-por-el-canon-de-buitreras-malaga\/#breadcrumb","itemListElement":[{"@type":"ListItem","position":1,"name":"Inicio","item":"https:\/\/www.escapadarural.com\/blog\/"},{"@type":"ListItem","position":2,"name":"Rutas y excursiones","item":"https:\/\/www.escapadarural.com\/blog\/categoria\/rutas-y-excursiones\/"},{"@type":"ListItem","position":3,"name":"Ca\u00f1\u00f3n de Buitreras: un Monumento Natural con una palmera \u00fanica en Europa"}]},{"@type":"WebSite","@id":"https:\/\/www.escapadarural.com\/blog\/#website","url":"https:\/\/www.escapadarural.com\/blog\/","name":"Blog de viajes | turismo rural, alojamientos e inspiraci\u00f3n","description":"Alojamientos rurales e inspiraci\u00f3n para tus escapadas","publisher":{"@id":"https:\/\/www.escapadarural.com\/blog\/#organization"},"alternateName":"Magazine de viajes de EscapadaRural","potentialAction":[{"@type":"SearchAction","target":{"@type":"EntryPoint","urlTemplate":"https:\/\/www.escapadarural.com\/blog\/?s={search_term_string}"},"query-input":{"@type":"PropertyValueSpecification","valueRequired":true,"valueName":"search_term_string"}}],"inLanguage":"es"},{"@type":"Organization","@id":"https:\/\/www.escapadarural.com\/blog\/#organization","name":"EscapadaRural","url":"https:\/\/www.escapadarural.com\/blog\/","logo":{"@type":"ImageObject","inLanguage":"es","@id":"https:\/\/www.escapadarural.com\/blog\/#\/schema\/logo\/image\/","url":"https:\/\/www.escapadarural.com\/blog\/wp-content\/uploads\/2024\/10\/cropped-cropped-escapada-rural-icon-mag-3.png","contentUrl":"https:\/\/www.escapadarural.com\/blog\/wp-content\/uploads\/2024\/10\/cropped-cropped-escapada-rural-icon-mag-3.png","width":512,"height":512,"caption":"EscapadaRural"},"image":{"@id":"https:\/\/www.escapadarural.com\/blog\/#\/schema\/logo\/image\/"},"sameAs":["https:\/\/www.facebook.com\/escapadarural","https:\/\/www.instagram.com\/escapadarural\/","https:\/\/www.youtube.com\/@escapadaruralcom"]},{"@type":"Person","@id":"https:\/\/www.escapadarural.com\/blog\/#\/schema\/person\/b19b2221b2fc03d3ab5ec82d81f7a678","name":"Sergio Parra","image":{"@type":"ImageObject","inLanguage":"es","@id":"https:\/\/www.escapadarural.com\/blog\/wp-content\/uploads\/2025\/02\/cropped-sergio_parra.webp","url":"https:\/\/www.escapadarural.com\/blog\/wp-content\/uploads\/2025\/02\/cropped-sergio_parra.webp","contentUrl":"https:\/\/www.escapadarural.com\/blog\/wp-content\/uploads\/2025\/02\/cropped-sergio_parra.webp","caption":"Sergio Parra"},"description":"Juntaletras, divulgador y alfanum\u00e9rico vocacional. Siempre a la caza de historias que iluminen el camino y de ense\u00f1anzas que permitan capturar lo que te salga al paso. Escribo en Yorokobu, Jot Down y Muy Interesante, y soy editor de Xataka Ciencia y Diario del Viajero. Cuando necesito recogimiento, escribo libros. Cuando me siento extrovertido, salgo en el canal de YouTube Optirrealismo o el podcast Xanad\u00fa: Hearst &amp; Kane. Cuando busco perspectiva, me marcho lejos en bicicleta.","sameAs":["https:\/\/about.me\/sergioparra","https:\/\/www.instagram.com\/melvinud\/"],"url":"https:\/\/www.escapadarural.com\/blog\/autor\/sergio\/"}]}},"_links":{"self":[{"href":"https:\/\/www.escapadarural.com\/blog\/wp-json\/wp\/v2\/posts\/70747","targetHints":{"allow":["GET"]}}],"collection":[{"href":"https:\/\/www.escapadarural.com\/blog\/wp-json\/wp\/v2\/posts"}],"about":[{"href":"https:\/\/www.escapadarural.com\/blog\/wp-json\/wp\/v2\/types\/post"}],"author":[{"embeddable":true,"href":"https:\/\/www.escapadarural.com\/blog\/wp-json\/wp\/v2\/users\/120"}],"replies":[{"embeddable":true,"href":"https:\/\/www.escapadarural.com\/blog\/wp-json\/wp\/v2\/comments?post=70747"}],"version-history":[{"count":0,"href":"https:\/\/www.escapadarural.com\/blog\/wp-json\/wp\/v2\/posts\/70747\/revisions"}],"wp:featuredmedia":[{"embeddable":true,"href":"https:\/\/www.escapadarural.com\/blog\/wp-json\/wp\/v2\/media\/71039"}],"wp:attachment":[{"href":"https:\/\/www.escapadarural.com\/blog\/wp-json\/wp\/v2\/media?parent=70747"}],"wp:term":[{"taxonomy":"category","embeddable":true,"href":"https:\/\/www.escapadarural.com\/blog\/wp-json\/wp\/v2\/categories?post=70747"},{"taxonomy":"post_tag","embeddable":true,"href":"https:\/\/www.escapadarural.com\/blog\/wp-json\/wp\/v2\/tags?post=70747"}],"curies":[{"name":"wp","href":"https:\/\/api.w.org\/{rel}","templated":true}]}}