{"id":7096,"date":"2023-06-26T15:42:46","date_gmt":"2023-06-26T14:42:46","guid":{"rendered":"http:\/\/15.188.81.248\/2016\/06\/29\/festivales-de-verano-en-espana\/"},"modified":"2025-06-19T09:02:17","modified_gmt":"2025-06-19T07:02:17","slug":"festivales-de-verano-en-espana","status":"publish","type":"post","link":"https:\/\/www.escapadarural.com\/blog\/festivales-de-verano-en-espana\/","title":{"rendered":"Festivales para este verano 2023 en Espa\u00f1a"},"content":{"rendered":"\n<figure class=\"wp-block-image size-large\"><a href=\"https:\/\/www.escapadarural.com\/blog\/wp-content\/uploads\/AdobeStock_409750658-scaled.jpeg\"><img decoding=\"async\" src=\"https:\/\/www.escapadarural.com\/blog\/wp-content\/uploads\/2015\/11\/AdobeStock_409750658-1024x683-1.jpeg\" alt=\"Lanuza. Festivales de verano\" class=\"wp-image-42016\"\/><\/a><figcaption class=\"wp-element-caption\">Festivales de verano. Lanuza. Por Javier Ocampo Bernas<\/figcaption><\/figure>\n\n\n\n<p>\u00bfPreparado para disfrutar del verano de tu vida? Y es que este a\u00f1o prep\u00e1rate para disfrutar a tope de algunos de los m\u00e1s emblem\u00e1ticos festivales de verano. Una opci\u00f3n ideal para combatir el calor de la estaci\u00f3n y la monoton\u00eda de las vacaciones. A continuaci\u00f3n, te dejamos algunas recomendaciones que se celebrar\u00e1n este verano en diferentes puntos de nuestra geograf\u00eda.  <\/p>\n\n\n\n<h2 class=\"wp-block-heading title-rute\" id=\"h-1-sons-del-mon\"><strong>1.<\/strong> Sons del M\u00f3n<\/h2>\n\n\n\n<figure class=\"wp-block-image size-large\"><a href=\"https:\/\/www.escapadarural.com\/blog\/wp-content\/uploads\/AdobeStock_113934462-scaled.jpeg\"><img decoding=\"async\" src=\"https:\/\/www.escapadarural.com\/blog\/wp-content\/uploads\/2024\/10\/AdobeStock_113934462-1024x683-1.jpeg\" alt=\"Roses\" class=\"wp-image-51795\"\/><\/a><figcaption class=\"wp-element-caption\">Roses. Por hansgeel<\/figcaption><\/figure>\n\n\n\n<ul class=\"wp-block-list\">\n<li><strong>Roses (<a href=\"https:\/\/www.escapadarural.com\/casas-rurales\/girona\" target=\"_blank\" rel=\"noreferrer noopener\">Girona<\/a>), 21 julio &#8211;  7 agosto<\/strong><\/li>\n<\/ul>\n\n\n\n<p>El Festival Sons Del M\u00f3n celebra esta una nueva edici\u00f3n en la que la mezcla de conciertos de m\u00fasica con una variada oferta gastron\u00f3mica y enol\u00f3gica de calidad ofrecen un gran atractivo. Sons del M\u00f3n se celebra en la Ciudadela de Rosas, un auditorio al aire libre en uno de los entornos privilegiados de la <a class=\"rank-math-link\" href=\"https:\/\/www.escapadarural.com\/casas-rurales\/costa-brava\">Costa Brava<\/a>.  <\/p>\n\n\n\n<p>M\u00e1s informaci\u00f3n | <a href=\"https:\/\/www.sonsdelmon.cat\/\" target=\"_blank\" aria-label=\" (opens in a new tab)\" rel=\"noreferrer noopener nofollow\" class=\"rank-math-link\">Sons del M\u00f3n<\/a><\/p>\n\n\n\n<div class=\"wp-block-buttons is-layout-flex wp-block-buttons-is-layout-flex\">\n<div class=\"wp-block-button\"><a class=\"wp-block-button__link wp-element-button\" href=\"https:\/\/www.escapadarural.com\/casas-rurales\/costa-brava\" target=\"_blank\" rel=\"noreferrer noopener\">Casas rurales en Costa Brava<\/a><\/div>\n<\/div>\n\n\n\n<h2 class=\"wp-block-heading title-rute\" id=\"h-2-bilbao-bbk-live\"><strong>2.<\/strong> Bilbao BBK Live<\/h2>\n\n\n\n<figure class=\"wp-block-image size-large\"><a href=\"https:\/\/www.escapadarural.com\/blog\/wp-content\/uploads\/2016\/06\/Guggenheim.jpg\"><img decoding=\"async\" src=\"https:\/\/www.escapadarural.com\/blog\/wp-content\/uploads\/2024\/10\/Guggenheim-1024x683-1.jpg\" alt=\"Museo Guggenheim\" class=\"wp-image-30646\"\/><\/a><figcaption class=\"wp-element-caption\">Vista del Museo Guggenheim. Por Andrea Ciambra<\/figcaption><\/figure>\n\n\n\n<ul class=\"wp-block-list\">\n<li><strong><a class=\"rank-math-link\" href=\"https:\/\/www.escapadarural.com\/casas-rurales\/bilbao\">Bilbao<\/a> (Vizcaya), 6 &#8211; 8 julio<\/strong><\/li>\n<\/ul>\n\n\n\n<p>Este verano vuelve uno de los festivales de referencia en Europa: el Festival BBK Live. Con 16 ediciones a sus espaldas, el cartel de este a\u00f1o re\u00fane a m\u00e1s de 100 artistas como Florence + The Machine, Amaia, The Chemical Brothers o Villano Antillano. El elenco de artistas y un paraje natural de lujo como recinto har\u00e1n que el p\u00fablico del BBK Live vuelva a vibrar.  <\/p>\n\n\n\n<p>M\u00e1s informaci\u00f3n | <a href=\"https:\/\/www.bilbaobbklive.com\/es\/\" target=\"_blank\" aria-label=\" (opens in a new tab)\" rel=\"noreferrer noopener nofollow\" class=\"rank-math-link\">Bilbao BBK Live<\/a><\/p>\n\n\n\n<div class=\"wp-block-buttons is-layout-flex wp-block-buttons-is-layout-flex\">\n<div class=\"wp-block-button\"><a class=\"wp-block-button__link wp-element-button\" href=\"https:\/\/www.escapadarural.com\/casas-rurales\/vizcaya\" target=\"_blank\" rel=\"noreferrer noopener\">Casas rurales en Vizcaya<\/a><\/div>\n<\/div>\n\n\n\n<h2 class=\"wp-block-heading title-rute\" id=\"h-3-blues-cazorla\"><strong>3.<\/strong> Blues Cazorla<\/h2>\n\n\n\n<figure class=\"wp-block-image size-large\"><a href=\"https:\/\/www.escapadarural.com\/blog\/wp-content\/uploads\/2024\/10\/Cazorla-4.jpg\"><img decoding=\"async\" src=\"https:\/\/www.escapadarural.com\/blog\/wp-content\/uploads\/2024\/10\/Cazorla-4.jpg\" alt=\"Cazorla\" class=\"wp-image-51794\"\/><\/a><figcaption class=\"wp-element-caption\">Cazorla. Por Fotomicar<\/figcaption><\/figure>\n\n\n\n<ul class=\"wp-block-list\">\n<li><strong><a class=\"rank-math-link\" href=\"https:\/\/www.escapadarural.com\/casas-rurales\/sierra-de-cazorla\">Cazorla<\/a> (Ja\u00e9n), 6 &#8211; 8 julio<\/strong><\/li>\n<\/ul>\n\n\n\n<p>El municipio jienense de <a class=\"rank-math-link\" href=\"https:\/\/www.escapadarural.com\/casas-rurales\/cazorla\">Cazorla<\/a>, seleccionado por votaci\u00f3n popular para hacerse con el t\u00edtulo de&nbsp;<strong><a aria-label=\"Capital del Turismo Rural 2022 (opens in a new tab)\" class=\"rank-math-link\" href=\"https:\/\/www.escapadarural.com\/blog\/cazorla-capital-del-turismo-rural-2022\/\" target=\"_blank\" rel=\"noreferrer noopener\">Capital del Turismo Rural 2022<\/a><\/strong>, re\u00fane de nuevo este verano los mejores artistas del blues internacional.  Los amantes de este g\u00e9nero podr\u00e1n disfrutar de un cartel que ya cuenta con la confirmaci\u00f3n de: The Waterboys, Joe Louis Walker, Vanessa Collier, Dewolff, Kenny Neal, Kitty, Daisy &amp; Lewis, Chris Cain, Susan Santos y mucho m\u00e1s. <\/p>\n\n\n\n<p>M\u00e1s informaci\u00f3n | <a href=\"https:\/\/www.cazorla.es\/bluescazorla06\" target=\"_blank\" aria-label=\" (opens in a new tab)\" rel=\"noreferrer noopener nofollow\" class=\"rank-math-link\">Blues Cazorla<\/a><\/p>\n\n\n\n<div class=\"wp-block-buttons is-layout-flex wp-block-buttons-is-layout-flex\">\n<div class=\"wp-block-button\"><a class=\"wp-block-button__link wp-element-button\" href=\"https:\/\/www.escapadarural.com\/casas-rurales\/cazorla\" target=\"_blank\" rel=\"noreferrer noopener\">Casas rurales en Cazorla<\/a><\/div>\n<\/div>\n\n\n\n<h2 class=\"wp-block-heading title-rute\" id=\"h-4-cap-roig\">4<strong>.<\/strong> Cap Roig<\/h2>\n\n\n\n<figure class=\"wp-block-image size-large\"><a href=\"https:\/\/www.escapadarural.com\/blog\/wp-content\/uploads\/2016\/06\/Calella-de-Palafrugell3.jpg\"><img decoding=\"async\" src=\"https:\/\/www.escapadarural.com\/blog\/wp-content\/uploads\/2023\/05\/Calella-de-Palafrugell3-1024x683-2.jpg\" alt=\"Calella de Palagrugell\" class=\"wp-image-30644\"\/><\/a><figcaption class=\"wp-element-caption\">Calella de Palafrugell. Por m. letschert<\/figcaption><\/figure>\n\n\n\n<ul class=\"wp-block-list\">\n<li><strong><a class=\"rank-math-link\" href=\"https:\/\/www.escapadarural.com\/casas-rurales\/calella-de-palafrugell\">Calella de Palafrugell<\/a> (Girona), 14 julio &#8211; 19 agosto<\/strong><\/li>\n<\/ul>\n\n\n\n<p>El festival m\u00e1s glamuroso de la Costa Brava dura pr\u00e1cticamente todo el verano y ofrece cerca de 20 conciertos memorables en un entorno fabuloso como es el castell de Cap Roig, su jard\u00edn bot\u00e1nico y el pueblo marinero de Calella de Palafrugell. Mezcla divinamente artistas nacionales del momento con artistas internacionales que causan furor, consiguiendo un programa muy variado, rico y culturalmente muy atractivo. Este a\u00f1o habr\u00e1 actuaciones de artistas como Pablo L\u00f3pez, Sebasti\u00e1n Yatra, Lola \u00cdndigo, Els Catarres o David Bisbal, entre otros.<\/p>\n\n\n\n<p>M\u00e1s informaci\u00f3n | <a href=\"https:\/\/www.caproigfestival.com\/\" target=\"_blank\" aria-label=\" (opens in a new tab)\" rel=\"noreferrer noopener nofollow\" class=\"rank-math-link\">Cap Roig<\/a><\/p>\n\n\n\n<div class=\"wp-block-buttons is-layout-flex wp-block-buttons-is-layout-flex\">\n<div class=\"wp-block-button\"><a class=\"wp-block-button__link wp-element-button\" href=\"https:\/\/www.escapadarural.com\/casas-rurales\/girona\" target=\"_blank\" rel=\"noreferrer noopener\">Casas rurales en Girona<\/a><\/div>\n<\/div>\n\n\n\n<h2 class=\"wp-block-heading title-rute\" id=\"h-5-pirineos-sur\"><strong>5.<\/strong> Pirineos Sur<\/h2>\n\n\n\n<figure class=\"wp-block-image size-large\"><a href=\"https:\/\/www.escapadarural.com\/blog\/wp-content\/uploads\/2016\/06\/Lanuza.-Huesca.jpg\"><img decoding=\"async\" src=\"https:\/\/www.escapadarural.com\/blog\/wp-content\/uploads\/2023\/01\/Lanuza.-Huesca-1024x676-1.jpg\" alt=\"Lanuza\" class=\"wp-image-30643\"\/><\/a><figcaption class=\"wp-element-caption\">Lanuza. Por Poliki <\/figcaption><\/figure>\n\n\n\n<ul class=\"wp-block-list\">\n<li><strong><a class=\"rank-math-link\" href=\"https:\/\/www.escapadarural.com\/casas-rurales\/lanuza\">Lanuza<\/a> (Huesca), 7  julio &#8211; 29 de julio<\/strong><\/li>\n<\/ul>\n\n\n\n<p>\u00bfApetece un concierto con vistas y aire fresco? El Festival Pirineos Sur se celebra en la buc\u00f3lica localidad de Lanuza, Huesca, muy cerca de <a href=\"https:\/\/www.escapadarural.com\/casas-rurales\/sallent-de-gallego\" class=\"rank-math-link\">Sallent de G\u00e1llego<\/a>, rodeado de la belleza de los Pirineos. Cuentan con un espectacular escenario flotante sobre el embalse de Lanuza. Belleza natural y aire puro y fresco para cantar y bailar al ritmo de distintos estilos musicales. <\/p>\n\n\n\n<p>M\u00e1s informaci\u00f3n | <a href=\"https:\/\/www.pirineos-sur.es\/\" target=\"_blank\" aria-label=\" (opens in a new tab)\" rel=\"noreferrer noopener nofollow\" class=\"rank-math-link\">Pirineos Sur<\/a><\/p>\n\n\n\n<div class=\"wp-block-buttons is-layout-flex wp-block-buttons-is-layout-flex\">\n<div class=\"wp-block-button\"><a class=\"wp-block-button__link wp-element-button\" href=\"https:\/\/www.escapadarural.com\/casas-rurales\/valle-de-tena\" target=\"_blank\" rel=\"noreferrer noopener\">Casas rurales en Valle de Tena<\/a><\/div>\n<\/div>\n\n\n\n<h2 class=\"wp-block-heading title-rute\" id=\"h-6-contempopranea\"><strong>6.<\/strong> Contempopr\u00e1nea<\/h2>\n\n\n\n<figure class=\"wp-block-image size-large\"><a href=\"https:\/\/www.escapadarural.com\/blog\/wp-content\/uploads\/2016\/06\/Extremadura.jpg\"><img decoding=\"async\" src=\"https:\/\/www.escapadarural.com\/blog\/wp-content\/uploads\/2024\/10\/Extremadura-1024x683-1.jpg\" alt=\"Albuquerque\" class=\"wp-image-30642\"\/><\/a><figcaption class=\"wp-element-caption\">Extremadura. Por Luisangel <\/figcaption><\/figure>\n\n\n\n<ul class=\"wp-block-list\">\n<li><strong><a aria-label=\" (opens in a new tab)\" class=\"rank-math-link\" href=\"https:\/\/www.escapadarural.com\/casas-rurales\/olivenza\" target=\"_blank\" rel=\"noreferrer noopener nofollow\">Olivenza<\/a> (Badajoz),  24 &#8211; 26 de agosto<\/strong><\/li>\n<\/ul>\n\n\n\n<p>La m\u00fasica indie tiene un espacio dedicado en Extremadura cada verano. Con 27 a\u00f1os de trayectoria, Contempopr\u00e1nea se ha hecho un hueco en la escena musical del verano gracias a que ha sido capaz de limitar el festival en el tiempo y en capacidad, convirti\u00e9ndolo en un evento casi exclusivo. <\/p>\n\n\n\n<p>M\u00e1s informanci\u00f3n | <a href=\"https:\/\/www.contempopranea.com\/\" target=\"_blank\" aria-label=\" (opens in a new tab)\" rel=\"noreferrer noopener nofollow\" class=\"rank-math-link\">Contempopr\u00e1nea<\/a><\/p>\n\n\n\n<div class=\"wp-block-buttons is-layout-flex wp-block-buttons-is-layout-flex\">\n<div class=\"wp-block-button\"><a class=\"wp-block-button__link wp-element-button\" href=\"https:\/\/www.escapadarural.com\/casas-rurales\/badajoz\" target=\"_blank\" rel=\"noreferrer noopener\">Casas rurales en Badajoz<\/a><\/div>\n<\/div>\n\n\n\n<h2 class=\"wp-block-heading title-rute\" id=\"h-7-jazzaldia\"><strong>7.<\/strong> Jazzaldia<\/h2>\n\n\n\n<figure class=\"wp-block-image size-large\"><a href=\"https:\/\/www.escapadarural.com\/blog\/wp-content\/uploads\/2016\/06\/Donostia-San-Sebasti\u00e1n.jpg\"><img decoding=\"async\" src=\"https:\/\/www.escapadarural.com\/blog\/wp-content\/uploads\/2024\/10\/Donostia-San-Sebastian-1024x768-1.jpg\" alt=\"Donostia\" class=\"wp-image-30641\"\/><\/a><figcaption class=\"wp-element-caption\">Donostia &#8211; San Sebasti\u00e1n. Por innovacionweb.com <\/figcaption><\/figure>\n\n\n\n<ul class=\"wp-block-list\">\n<li><strong><a class=\"rank-math-link\" href=\"https:\/\/www.escapadarural.com\/casas-rurales\/donostia-san-sebastian\">San Sebasti\u00e1n<\/a> (Guip\u00fazcoa), 21 &#8211; 25 julio<\/strong><\/li>\n<\/ul>\n\n\n\n<p><em>All About That Jazz!<\/em><\/p>\n\n\n\n<p>Por unos d\u00edas, la capital del jazz internacional se traslada a San Sebasti\u00e1n para celebrar el Jazzaldia. Suele coincidir con la tercera o cuarta semana de julio y su \u00e9xito, tras m\u00e1s de medio siglo de festival, se basa en la variedad y la calidad. Hay conciertos para todos los p\u00fablicos y gustos, siempre que los asistentes sepan apreciar el buen jazz. Es el festival m\u00e1s veterano de toda esta lista y sigue siendo uno de los m\u00e1s importantes en su estilo en toda Europa.<\/p>\n\n\n\n<p>M\u00e1s informaci\u00f3n |  Jazzaldia<\/p>\n\n\n\n<div class=\"wp-block-buttons is-layout-flex wp-block-buttons-is-layout-flex\">\n<div class=\"wp-block-button\"><a class=\"wp-block-button__link wp-element-button\" href=\"https:\/\/www.escapadarural.com\/casas-rurales\/guipuzcoa\" target=\"_blank\" rel=\"noreferrer noopener\">Casas rurales en Guip\u00fazcoa<\/a><\/div>\n<\/div>\n\n\n\n<h2 class=\"wp-block-heading title-rute\" id=\"h-8-canela-party\"><strong>8.<\/strong> Canela Party<\/h2>\n\n\n\n<figure class=\"wp-block-image size-large\"><a href=\"https:\/\/www.escapadarural.com\/blog\/wp-content\/uploads\/2016\/06\/Playa-del-Rinc\u00f3n-de-la-Victoria-M\u00e1laga.jpg\"><img decoding=\"async\" src=\"https:\/\/www.escapadarural.com\/blog\/wp-content\/uploads\/2024\/10\/Playa-del-Rincon-de-la-Victoria-Malaga-1024x768-1.jpg\" alt=\"Playa de la Vict\u00f3ria\" class=\"wp-image-30640\"\/><\/a><figcaption class=\"wp-element-caption\">Playa del Rinc\u00f3n de la Victoria. Por Cayetano <\/figcaption><\/figure>\n\n\n\n<ul class=\"wp-block-list\">\n<li><strong><a class=\"rank-math-link\" href=\"https:\/\/www.escapadarural.com\/casas-rurales\/malaga\">M\u00e1laga<\/a> (M\u00e1laga), 23 &#8211; 26 agosto<\/strong><\/li>\n<\/ul>\n\n\n\n<p>Divertid\u00edsimo, desenfrenado, original, transgresor, desinhibido, underground&#8230; \u00a1Canela Party es el desmadre del verano por excelencia! Una gran fiesta con m\u00e1s de 30 artistas confirmados y su legendario Concurso de Disfraces para celebrar el verano malague\u00f1o sin ning\u00fan tipo de verg\u00fcenza. <\/p>\n\n\n\n<p>M\u00e1s informaci\u00f3n | <a href=\"https:\/\/www.canelaparty.com\/\" target=\"_blank\" aria-label=\" (opens in a new tab)\" rel=\"noreferrer noopener nofollow\" class=\"rank-math-link\">Canela Party<\/a><\/p>\n\n\n\n<div class=\"wp-block-buttons is-layout-flex wp-block-buttons-is-layout-flex\">\n<div class=\"wp-block-button\"><a class=\"wp-block-button__link wp-element-button\" href=\"https:\/\/www.escapadarural.com\/casas-rurales\/malaga\" target=\"_blank\" rel=\"noreferrer noopener\">Casas rurales en M\u00e1laga<\/a><\/div>\n<\/div>\n\n\n\n<h2 class=\"wp-block-heading title-rute\" id=\"h-9-sonorama-ribera\"><strong>9.<\/strong> Sonorama\u00ad Ribera<\/h2>\n\n\n\n<figure class=\"wp-block-image size-large\"><a href=\"https:\/\/www.escapadarural.com\/blog\/wp-content\/uploads\/2016\/06\/Puente-medieval-de-las-Tener\u00edas.-Aranda-de-Duero.jpg\"><img decoding=\"async\" src=\"https:\/\/www.escapadarural.com\/blog\/wp-content\/uploads\/2024\/10\/Puente-medieval-de-las-Tenerias.-Aranda-de-Duero-1024x683-1.jpg\" alt=\"Tener\u00edas, Aranda del Duero\" class=\"wp-image-30639\"\/><\/a><figcaption class=\"wp-element-caption\">Puente medieval de las Tener\u00edas. Aranda de Duero. Por Felipe Gabald\u00f3n<\/figcaption><\/figure>\n\n\n\n<ul class=\"wp-block-list\">\n<li><strong><a class=\"rank-math-link\" href=\"https:\/\/www.escapadarural.com\/casas-rurales\/aranda-de-duero\">Aranda de Duero<\/a> (Burgos), 9 &#8211; 13 agosto<\/strong><\/li>\n<\/ul>\n\n\n\n<p>Sonoroma es mucho m\u00e1s que un festival de m\u00fasica. Cinco d\u00edas, 9 escenarios y m\u00e1s de 150 artistas, maridados por la mejor gastronom\u00eda y el vino de Ribero de Duero. <\/p>\n\n\n\n<p>M\u00e1s informaci\u00f3n | <a href=\"https:\/\/www.sonoramaribera.com\/\" target=\"_blank\" rel=\"noreferrer noopener nofollow\">Sonorama\u00ad Ribera<\/a><\/p>\n\n\n\n<div class=\"wp-block-buttons is-layout-flex wp-block-buttons-is-layout-flex\">\n<div class=\"wp-block-button\"><a class=\"wp-block-button__link wp-element-button\" href=\"https:\/\/www.escapadarural.com\/casas-rurales\/aranda-de-duero\" target=\"_blank\" rel=\"noreferrer noopener\">Casas rurales en Aranda de Duero<\/a><\/div>\n<\/div>\n\n\n\n<h2 class=\"wp-block-heading\" id=\"h-10-festival-castillo-de-ainsa\">10. Festival Castillo de A\u00ednsa<\/h2>\n\n\n\n<figure class=\"wp-block-image size-large\"><a href=\"https:\/\/www.escapadarural.com\/blog\/wp-content\/uploads\/DSC_0476-1.jpg\"><img decoding=\"async\" src=\"https:\/\/www.escapadarural.com\/blog\/wp-content\/uploads\/2024\/10\/DSC_0476-1-1024x678-1.jpg\" alt=\"A\u00ednsa\" class=\"wp-image-52375\"\/><\/a><\/figure>\n\n\n\n<ul class=\"wp-block-list\">\n<li><strong><a aria-label=\"A\u00ednsa (opens in a new tab)\" class=\"rank-math-link\" href=\"https:\/\/www.escapadarural.com\/casas-rurales?l=ainsa\" target=\"_blank\" rel=\"noreferrer noopener\">A\u00ednsa<\/a> (Huesca), 1 &#8211; 31 juli<\/strong>o<\/li>\n<\/ul>\n\n\n\n<p>El Festival Castillo de A\u00ednsa celebra su trig\u00e9simo segunda edici\u00f3n en el marco incomparable de la Villa Medieval de la localidad, en pleno pirineo aragon\u00e9s, con una treintena de espect\u00e1culos para todos los p\u00fablicos del 1 al 31 de Julio. Rozal\u00e9n, La Ronda de Bolta\u00f1a, Yamandu Costa y Santero y Los Muchachos encabezan el cartel, aunque la programaci\u00f3n festiva m\u00e1s ambiciosa de su historia da cabida a numerosos artistas aragoneses y de otros puntos de la geograf\u00eda espa\u00f1ola con el prop\u00f3sito de poner en valor la m\u00fasica tradicional y de ra\u00edz. <\/p>\n\n\n\n<p>M\u00e1s informaci\u00f3n | <a href=\"https:\/\/festivalcastillodeainsa.com\/\" target=\"_blank\" aria-label=\"Festival Castillo de A\u00ednsa (opens in a new tab)\" rel=\"noreferrer noopener nofollow\" class=\"rank-math-link\">Festival Castillo de A\u00ednsa<\/a><\/p>\n\n\n\n<div class=\"wp-block-buttons is-layout-flex wp-block-buttons-is-layout-flex\">\n<div class=\"wp-block-button\"><a class=\"wp-block-button__link wp-element-button\" href=\"https:\/\/www.escapadarural.com\/casas-rurales\/ainsa-sobrarbe\" target=\"_blank\" rel=\"noreferrer noopener\">Casas rurales A\u00ednsa<\/a><\/div>\n<\/div>\n","protected":false},"excerpt":{"rendered":"<p>A continuaci\u00f3n, te dejamos algunos festivales que se celebrar\u00e1n este verano en diferentes puntos de nuestra geograf\u00eda. \u00bfTe apuntas?<\/p>\n","protected":false},"author":85,"featured_media":94962,"comment_status":"open","ping_status":"closed","sticky":false,"template":"","format":"standard","meta":{"_acf_changed":false,"om_disable_all_campaigns":false,"footnotes":""},"categories":[231],"tags":[1014,243,1460,215],"class_list":["post-7096","post","type-post","status-publish","format-standard","has-post-thumbnail","hentry","category-arte-y-cultura","tag-eventos","tag-que-ver-en-extremadura","tag-festivales","tag-listado"],"acf":[],"featured_image_src":"https:\/\/www.escapadarural.com\/blog\/wp-content\/uploads\/2024\/10\/festival_saltamontes-pueblos_en_arte-11.jpg","author_info":{"display_name":"Redacci\u00f3n ER","author_link":"https:\/\/www.escapadarural.com\/blog\/autor\/admin\/"},"yoast_head":"<!-- This site is optimized with the Yoast SEO plugin v27.5 - https:\/\/yoast.com\/product\/yoast-seo-wordpress\/ -->\n<title>Festivales para este verano 2023 en Espa\u00f1a - EscapadaRural<\/title>\n<meta name=\"robots\" content=\"index, follow, max-snippet:-1, max-image-preview:large, max-video-preview:-1\" \/>\n<link rel=\"canonical\" href=\"https:\/\/www.escapadarural.com\/blog\/festivales-de-verano-en-espana\/\" \/>\n<meta property=\"og:locale\" content=\"es_ES\" \/>\n<meta property=\"og:type\" content=\"article\" \/>\n<meta property=\"og:title\" content=\"Festivales para este verano 2023 en Espa\u00f1a - EscapadaRural\" \/>\n<meta property=\"og:description\" content=\"A continuaci\u00f3n, te dejamos algunos festivales que se celebrar\u00e1n este verano en diferentes puntos de nuestra geograf\u00eda. \u00bfTe apuntas?\" \/>\n<meta property=\"og:url\" content=\"https:\/\/www.escapadarural.com\/blog\/festivales-de-verano-en-espana\/\" \/>\n<meta property=\"og:site_name\" content=\"Magazine de viajes de EscapadaRural\" \/>\n<meta property=\"article:publisher\" content=\"https:\/\/www.facebook.com\/escapadarural\" \/>\n<meta property=\"article:published_time\" content=\"2023-06-26T14:42:46+00:00\" \/>\n<meta property=\"article:modified_time\" content=\"2025-06-19T07:02:17+00:00\" \/>\n<meta property=\"og:image\" content=\"https:\/\/www.escapadarural.com\/blog\/wp-content\/uploads\/2024\/10\/festival_saltamontes-pueblos_en_arte-11.jpg\" \/>\n\t<meta property=\"og:image:width\" content=\"922\" \/>\n\t<meta property=\"og:image:height\" content=\"614\" \/>\n\t<meta property=\"og:image:type\" content=\"image\/jpeg\" \/>\n<meta name=\"author\" content=\"Redacci\u00f3n ER\" \/>\n<meta name=\"twitter:card\" content=\"summary_large_image\" \/>\n<meta name=\"twitter:label1\" content=\"Escrito por\" \/>\n\t<meta name=\"twitter:data1\" content=\"Redacci\u00f3n ER\" \/>\n\t<meta name=\"twitter:label2\" content=\"Tiempo de lectura\" \/>\n\t<meta name=\"twitter:data2\" content=\"5 minutos\" \/>\n<script type=\"application\/ld+json\" class=\"yoast-schema-graph\">{\"@context\":\"https:\\\/\\\/schema.org\",\"@graph\":[{\"@type\":\"Article\",\"@id\":\"https:\\\/\\\/www.escapadarural.com\\\/blog\\\/festivales-de-verano-en-espana\\\/#article\",\"isPartOf\":{\"@id\":\"https:\\\/\\\/www.escapadarural.com\\\/blog\\\/festivales-de-verano-en-espana\\\/\"},\"author\":{\"name\":\"Redacci\u00f3n ER\",\"@id\":\"https:\\\/\\\/www.escapadarural.com\\\/blog\\\/#\\\/schema\\\/person\\\/bd5b0d7ad308a0bf4efed73e8308b4fa\"},\"headline\":\"Festivales para este verano 2023 en Espa\u00f1a\",\"datePublished\":\"2023-06-26T14:42:46+00:00\",\"dateModified\":\"2025-06-19T07:02:17+00:00\",\"mainEntityOfPage\":{\"@id\":\"https:\\\/\\\/www.escapadarural.com\\\/blog\\\/festivales-de-verano-en-espana\\\/\"},\"wordCount\":1023,\"commentCount\":2,\"publisher\":{\"@id\":\"https:\\\/\\\/www.escapadarural.com\\\/blog\\\/#organization\"},\"image\":{\"@id\":\"https:\\\/\\\/www.escapadarural.com\\\/blog\\\/festivales-de-verano-en-espana\\\/#primaryimage\"},\"thumbnailUrl\":\"https:\\\/\\\/www.escapadarural.com\\\/blog\\\/wp-content\\\/uploads\\\/2024\\\/10\\\/festival_saltamontes-pueblos_en_arte-11.jpg\",\"keywords\":[\"Eventos\",\"Extremadura\",\"Festivales\",\"Listado\"],\"articleSection\":[\"Arte y Cultura\"],\"inLanguage\":\"es\",\"potentialAction\":[{\"@type\":\"CommentAction\",\"name\":\"Comment\",\"target\":[\"https:\\\/\\\/www.escapadarural.com\\\/blog\\\/festivales-de-verano-en-espana\\\/#respond\"]}]},{\"@type\":\"WebPage\",\"@id\":\"https:\\\/\\\/www.escapadarural.com\\\/blog\\\/festivales-de-verano-en-espana\\\/\",\"url\":\"https:\\\/\\\/www.escapadarural.com\\\/blog\\\/festivales-de-verano-en-espana\\\/\",\"name\":\"Festivales para este verano 2023 en Espa\u00f1a - EscapadaRural\",\"isPartOf\":{\"@id\":\"https:\\\/\\\/www.escapadarural.com\\\/blog\\\/#website\"},\"primaryImageOfPage\":{\"@id\":\"https:\\\/\\\/www.escapadarural.com\\\/blog\\\/festivales-de-verano-en-espana\\\/#primaryimage\"},\"image\":{\"@id\":\"https:\\\/\\\/www.escapadarural.com\\\/blog\\\/festivales-de-verano-en-espana\\\/#primaryimage\"},\"thumbnailUrl\":\"https:\\\/\\\/www.escapadarural.com\\\/blog\\\/wp-content\\\/uploads\\\/2024\\\/10\\\/festival_saltamontes-pueblos_en_arte-11.jpg\",\"datePublished\":\"2023-06-26T14:42:46+00:00\",\"dateModified\":\"2025-06-19T07:02:17+00:00\",\"breadcrumb\":{\"@id\":\"https:\\\/\\\/www.escapadarural.com\\\/blog\\\/festivales-de-verano-en-espana\\\/#breadcrumb\"},\"inLanguage\":\"es\",\"potentialAction\":[{\"@type\":\"ReadAction\",\"target\":[\"https:\\\/\\\/www.escapadarural.com\\\/blog\\\/festivales-de-verano-en-espana\\\/\"]}]},{\"@type\":\"ImageObject\",\"inLanguage\":\"es\",\"@id\":\"https:\\\/\\\/www.escapadarural.com\\\/blog\\\/festivales-de-verano-en-espana\\\/#primaryimage\",\"url\":\"https:\\\/\\\/www.escapadarural.com\\\/blog\\\/wp-content\\\/uploads\\\/2024\\\/10\\\/festival_saltamontes-pueblos_en_arte-11.jpg\",\"contentUrl\":\"https:\\\/\\\/www.escapadarural.com\\\/blog\\\/wp-content\\\/uploads\\\/2024\\\/10\\\/festival_saltamontes-pueblos_en_arte-11.jpg\",\"width\":922,\"height\":614,\"caption\":\"Una persona se coloca delante de una pantalla iluminada de azul, sujetando formas en palos para crear marionetas de sombra, con su silueta y las formas proyectadas en la pantalla detr\u00e1s de ella.\"},{\"@type\":\"BreadcrumbList\",\"@id\":\"https:\\\/\\\/www.escapadarural.com\\\/blog\\\/festivales-de-verano-en-espana\\\/#breadcrumb\",\"itemListElement\":[{\"@type\":\"ListItem\",\"position\":1,\"name\":\"Inicio\",\"item\":\"https:\\\/\\\/www.escapadarural.com\\\/blog\\\/\"},{\"@type\":\"ListItem\",\"position\":2,\"name\":\"Arte y Cultura\",\"item\":\"https:\\\/\\\/www.escapadarural.com\\\/blog\\\/categoria\\\/arte-y-cultura\\\/\"},{\"@type\":\"ListItem\",\"position\":3,\"name\":\"Festivales para este verano 2023 en Espa\u00f1a\"}]},{\"@type\":\"WebSite\",\"@id\":\"https:\\\/\\\/www.escapadarural.com\\\/blog\\\/#website\",\"url\":\"https:\\\/\\\/www.escapadarural.com\\\/blog\\\/\",\"name\":\"Blog de viajes | turismo rural, alojamientos e inspiraci\u00f3n\",\"description\":\"Alojamientos rurales e inspiraci\u00f3n para tus escapadas\",\"publisher\":{\"@id\":\"https:\\\/\\\/www.escapadarural.com\\\/blog\\\/#organization\"},\"alternateName\":\"Magazine de viajes de EscapadaRural\",\"potentialAction\":[{\"@type\":\"SearchAction\",\"target\":{\"@type\":\"EntryPoint\",\"urlTemplate\":\"https:\\\/\\\/www.escapadarural.com\\\/blog\\\/?s={search_term_string}\"},\"query-input\":{\"@type\":\"PropertyValueSpecification\",\"valueRequired\":true,\"valueName\":\"search_term_string\"}}],\"inLanguage\":\"es\"},{\"@type\":\"Organization\",\"@id\":\"https:\\\/\\\/www.escapadarural.com\\\/blog\\\/#organization\",\"name\":\"EscapadaRural\",\"url\":\"https:\\\/\\\/www.escapadarural.com\\\/blog\\\/\",\"logo\":{\"@type\":\"ImageObject\",\"inLanguage\":\"es\",\"@id\":\"https:\\\/\\\/www.escapadarural.com\\\/blog\\\/#\\\/schema\\\/logo\\\/image\\\/\",\"url\":\"https:\\\/\\\/www.escapadarural.com\\\/blog\\\/wp-content\\\/uploads\\\/2024\\\/10\\\/cropped-cropped-escapada-rural-icon-mag-3.png\",\"contentUrl\":\"https:\\\/\\\/www.escapadarural.com\\\/blog\\\/wp-content\\\/uploads\\\/2024\\\/10\\\/cropped-cropped-escapada-rural-icon-mag-3.png\",\"width\":512,\"height\":512,\"caption\":\"EscapadaRural\"},\"image\":{\"@id\":\"https:\\\/\\\/www.escapadarural.com\\\/blog\\\/#\\\/schema\\\/logo\\\/image\\\/\"},\"sameAs\":[\"https:\\\/\\\/www.facebook.com\\\/escapadarural\",\"https:\\\/\\\/www.instagram.com\\\/escapadarural\\\/\",\"https:\\\/\\\/www.youtube.com\\\/@escapadaruralcom\"]},{\"@type\":\"Person\",\"@id\":\"https:\\\/\\\/www.escapadarural.com\\\/blog\\\/#\\\/schema\\\/person\\\/bd5b0d7ad308a0bf4efed73e8308b4fa\",\"name\":\"Redacci\u00f3n ER\",\"image\":{\"@type\":\"ImageObject\",\"inLanguage\":\"es\",\"@id\":\"https:\\\/\\\/www.escapadarural.com\\\/blog\\\/wp-content\\\/uploads\\\/2024\\\/10\\\/cropped-cropped-escapada-rural-icon-mag-3-96x96.png\",\"url\":\"https:\\\/\\\/www.escapadarural.com\\\/blog\\\/wp-content\\\/uploads\\\/2024\\\/10\\\/cropped-cropped-escapada-rural-icon-mag-3-96x96.png\",\"contentUrl\":\"https:\\\/\\\/www.escapadarural.com\\\/blog\\\/wp-content\\\/uploads\\\/2024\\\/10\\\/cropped-cropped-escapada-rural-icon-mag-3-96x96.png\",\"caption\":\"Redacci\u00f3n ER\"},\"description\":\"Nos encanta inspirar a viajeros y ayudar a los propietarios con nuestros contenidos\",\"url\":\"https:\\\/\\\/www.escapadarural.com\\\/blog\\\/autor\\\/admin\\\/\"}]}<\/script>\n<!-- \/ Yoast SEO plugin. -->","yoast_head_json":{"title":"Festivales para este verano 2023 en Espa\u00f1a - EscapadaRural","robots":{"index":"index","follow":"follow","max-snippet":"max-snippet:-1","max-image-preview":"max-image-preview:large","max-video-preview":"max-video-preview:-1"},"canonical":"https:\/\/www.escapadarural.com\/blog\/festivales-de-verano-en-espana\/","og_locale":"es_ES","og_type":"article","og_title":"Festivales para este verano 2023 en Espa\u00f1a - EscapadaRural","og_description":"A continuaci\u00f3n, te dejamos algunos festivales que se celebrar\u00e1n este verano en diferentes puntos de nuestra geograf\u00eda. \u00bfTe apuntas?","og_url":"https:\/\/www.escapadarural.com\/blog\/festivales-de-verano-en-espana\/","og_site_name":"Magazine de viajes de EscapadaRural","article_publisher":"https:\/\/www.facebook.com\/escapadarural","article_published_time":"2023-06-26T14:42:46+00:00","article_modified_time":"2025-06-19T07:02:17+00:00","og_image":[{"width":922,"height":614,"url":"https:\/\/www.escapadarural.com\/blog\/wp-content\/uploads\/2024\/10\/festival_saltamontes-pueblos_en_arte-11.jpg","type":"image\/jpeg"}],"author":"Redacci\u00f3n ER","twitter_card":"summary_large_image","twitter_misc":{"Escrito por":"Redacci\u00f3n ER","Tiempo de lectura":"5 minutos"},"schema":{"@context":"https:\/\/schema.org","@graph":[{"@type":"Article","@id":"https:\/\/www.escapadarural.com\/blog\/festivales-de-verano-en-espana\/#article","isPartOf":{"@id":"https:\/\/www.escapadarural.com\/blog\/festivales-de-verano-en-espana\/"},"author":{"name":"Redacci\u00f3n ER","@id":"https:\/\/www.escapadarural.com\/blog\/#\/schema\/person\/bd5b0d7ad308a0bf4efed73e8308b4fa"},"headline":"Festivales para este verano 2023 en Espa\u00f1a","datePublished":"2023-06-26T14:42:46+00:00","dateModified":"2025-06-19T07:02:17+00:00","mainEntityOfPage":{"@id":"https:\/\/www.escapadarural.com\/blog\/festivales-de-verano-en-espana\/"},"wordCount":1023,"commentCount":2,"publisher":{"@id":"https:\/\/www.escapadarural.com\/blog\/#organization"},"image":{"@id":"https:\/\/www.escapadarural.com\/blog\/festivales-de-verano-en-espana\/#primaryimage"},"thumbnailUrl":"https:\/\/www.escapadarural.com\/blog\/wp-content\/uploads\/2024\/10\/festival_saltamontes-pueblos_en_arte-11.jpg","keywords":["Eventos","Extremadura","Festivales","Listado"],"articleSection":["Arte y Cultura"],"inLanguage":"es","potentialAction":[{"@type":"CommentAction","name":"Comment","target":["https:\/\/www.escapadarural.com\/blog\/festivales-de-verano-en-espana\/#respond"]}]},{"@type":"WebPage","@id":"https:\/\/www.escapadarural.com\/blog\/festivales-de-verano-en-espana\/","url":"https:\/\/www.escapadarural.com\/blog\/festivales-de-verano-en-espana\/","name":"Festivales para este verano 2023 en Espa\u00f1a - EscapadaRural","isPartOf":{"@id":"https:\/\/www.escapadarural.com\/blog\/#website"},"primaryImageOfPage":{"@id":"https:\/\/www.escapadarural.com\/blog\/festivales-de-verano-en-espana\/#primaryimage"},"image":{"@id":"https:\/\/www.escapadarural.com\/blog\/festivales-de-verano-en-espana\/#primaryimage"},"thumbnailUrl":"https:\/\/www.escapadarural.com\/blog\/wp-content\/uploads\/2024\/10\/festival_saltamontes-pueblos_en_arte-11.jpg","datePublished":"2023-06-26T14:42:46+00:00","dateModified":"2025-06-19T07:02:17+00:00","breadcrumb":{"@id":"https:\/\/www.escapadarural.com\/blog\/festivales-de-verano-en-espana\/#breadcrumb"},"inLanguage":"es","potentialAction":[{"@type":"ReadAction","target":["https:\/\/www.escapadarural.com\/blog\/festivales-de-verano-en-espana\/"]}]},{"@type":"ImageObject","inLanguage":"es","@id":"https:\/\/www.escapadarural.com\/blog\/festivales-de-verano-en-espana\/#primaryimage","url":"https:\/\/www.escapadarural.com\/blog\/wp-content\/uploads\/2024\/10\/festival_saltamontes-pueblos_en_arte-11.jpg","contentUrl":"https:\/\/www.escapadarural.com\/blog\/wp-content\/uploads\/2024\/10\/festival_saltamontes-pueblos_en_arte-11.jpg","width":922,"height":614,"caption":"Una persona se coloca delante de una pantalla iluminada de azul, sujetando formas en palos para crear marionetas de sombra, con su silueta y las formas proyectadas en la pantalla detr\u00e1s de ella."},{"@type":"BreadcrumbList","@id":"https:\/\/www.escapadarural.com\/blog\/festivales-de-verano-en-espana\/#breadcrumb","itemListElement":[{"@type":"ListItem","position":1,"name":"Inicio","item":"https:\/\/www.escapadarural.com\/blog\/"},{"@type":"ListItem","position":2,"name":"Arte y Cultura","item":"https:\/\/www.escapadarural.com\/blog\/categoria\/arte-y-cultura\/"},{"@type":"ListItem","position":3,"name":"Festivales para este verano 2023 en Espa\u00f1a"}]},{"@type":"WebSite","@id":"https:\/\/www.escapadarural.com\/blog\/#website","url":"https:\/\/www.escapadarural.com\/blog\/","name":"Blog de viajes | turismo rural, alojamientos e inspiraci\u00f3n","description":"Alojamientos rurales e inspiraci\u00f3n para tus escapadas","publisher":{"@id":"https:\/\/www.escapadarural.com\/blog\/#organization"},"alternateName":"Magazine de viajes de EscapadaRural","potentialAction":[{"@type":"SearchAction","target":{"@type":"EntryPoint","urlTemplate":"https:\/\/www.escapadarural.com\/blog\/?s={search_term_string}"},"query-input":{"@type":"PropertyValueSpecification","valueRequired":true,"valueName":"search_term_string"}}],"inLanguage":"es"},{"@type":"Organization","@id":"https:\/\/www.escapadarural.com\/blog\/#organization","name":"EscapadaRural","url":"https:\/\/www.escapadarural.com\/blog\/","logo":{"@type":"ImageObject","inLanguage":"es","@id":"https:\/\/www.escapadarural.com\/blog\/#\/schema\/logo\/image\/","url":"https:\/\/www.escapadarural.com\/blog\/wp-content\/uploads\/2024\/10\/cropped-cropped-escapada-rural-icon-mag-3.png","contentUrl":"https:\/\/www.escapadarural.com\/blog\/wp-content\/uploads\/2024\/10\/cropped-cropped-escapada-rural-icon-mag-3.png","width":512,"height":512,"caption":"EscapadaRural"},"image":{"@id":"https:\/\/www.escapadarural.com\/blog\/#\/schema\/logo\/image\/"},"sameAs":["https:\/\/www.facebook.com\/escapadarural","https:\/\/www.instagram.com\/escapadarural\/","https:\/\/www.youtube.com\/@escapadaruralcom"]},{"@type":"Person","@id":"https:\/\/www.escapadarural.com\/blog\/#\/schema\/person\/bd5b0d7ad308a0bf4efed73e8308b4fa","name":"Redacci\u00f3n ER","image":{"@type":"ImageObject","inLanguage":"es","@id":"https:\/\/www.escapadarural.com\/blog\/wp-content\/uploads\/2024\/10\/cropped-cropped-escapada-rural-icon-mag-3-96x96.png","url":"https:\/\/www.escapadarural.com\/blog\/wp-content\/uploads\/2024\/10\/cropped-cropped-escapada-rural-icon-mag-3-96x96.png","contentUrl":"https:\/\/www.escapadarural.com\/blog\/wp-content\/uploads\/2024\/10\/cropped-cropped-escapada-rural-icon-mag-3-96x96.png","caption":"Redacci\u00f3n ER"},"description":"Nos encanta inspirar a viajeros y ayudar a los propietarios con nuestros contenidos","url":"https:\/\/www.escapadarural.com\/blog\/autor\/admin\/"}]}},"_links":{"self":[{"href":"https:\/\/www.escapadarural.com\/blog\/wp-json\/wp\/v2\/posts\/7096","targetHints":{"allow":["GET"]}}],"collection":[{"href":"https:\/\/www.escapadarural.com\/blog\/wp-json\/wp\/v2\/posts"}],"about":[{"href":"https:\/\/www.escapadarural.com\/blog\/wp-json\/wp\/v2\/types\/post"}],"author":[{"embeddable":true,"href":"https:\/\/www.escapadarural.com\/blog\/wp-json\/wp\/v2\/users\/85"}],"replies":[{"embeddable":true,"href":"https:\/\/www.escapadarural.com\/blog\/wp-json\/wp\/v2\/comments?post=7096"}],"version-history":[{"count":0,"href":"https:\/\/www.escapadarural.com\/blog\/wp-json\/wp\/v2\/posts\/7096\/revisions"}],"wp:featuredmedia":[{"embeddable":true,"href":"https:\/\/www.escapadarural.com\/blog\/wp-json\/wp\/v2\/media\/94962"}],"wp:attachment":[{"href":"https:\/\/www.escapadarural.com\/blog\/wp-json\/wp\/v2\/media?parent=7096"}],"wp:term":[{"taxonomy":"category","embeddable":true,"href":"https:\/\/www.escapadarural.com\/blog\/wp-json\/wp\/v2\/categories?post=7096"},{"taxonomy":"post_tag","embeddable":true,"href":"https:\/\/www.escapadarural.com\/blog\/wp-json\/wp\/v2\/tags?post=7096"}],"curies":[{"name":"wp","href":"https:\/\/api.w.org\/{rel}","templated":true}]}}