{"id":71292,"date":"2024-03-11T18:32:29","date_gmt":"2024-03-11T17:32:29","guid":{"rendered":"https:\/\/www.escapadarural.com\/blog\/?p=71292"},"modified":"2025-04-17T12:38:19","modified_gmt":"2025-04-17T10:38:19","slug":"las-cuevas-mas-grandes-de-espana","status":"publish","type":"post","link":"https:\/\/www.escapadarural.com\/blog\/las-cuevas-mas-grandes-de-espana\/","title":{"rendered":"Viaje al centro de la tierra: las 5 cuevas m\u00e1s grandes de Espa\u00f1a"},"content":{"rendered":"\n<figure class=\"wp-block-image size-large\"><a href=\"https:\/\/www.escapadarural.com\/blog\/wp-content\/uploads\/AdobeStock_528895861-scaled.jpeg\"><img decoding=\"async\" src=\"https:\/\/www.escapadarural.com\/blog\/wp-content\/uploads\/2024\/10\/AdobeStock_528895861-1024x681-1.jpeg\" alt=\"Ermita de San Bernab\u00e9 en Ojo Guare\u00f1a, una de las cuevas m\u00e1s grandes de Espa\u00f1a\" class=\"wp-image-71352\"\/><\/a><figcaption class=\"wp-element-caption\">Ermita de San Bernab\u00e9 en Ojo Guare\u00f1a, una de las cuevas m\u00e1s grandes de Espa\u00f1a. Por Juanma<\/figcaption><\/figure>\n\n\n\n<p>\u201cPor grandes que sean las maravillas de la naturaleza, siempre hay razones f\u00edsicas que pueden explicarlas\u201d. Lo dice Axel, el narrador del <em>Viaje al centro de la Tierra<\/em> de Julio Verne, y sobrino del profesor Lidenbrock, el m\u00edtico experto en mineralog\u00eda que organiza la intr\u00e9pida expedici\u00f3n. Hoy nos vamos a acercar, aunque sea con texto, v\u00eddeos o fotos, a algunos de esos <strong>tesoros<\/strong> que esconde la superficie terrestre: las cuevas.<\/p>\n\n\n\n<p>Son unas grutas de una <strong>belleza y espectacularidad<\/strong> tan abrumadoras que nos parecer\u00e1n m\u00e1s cerca de lo divino que del raciocinio, pese a lo que dec\u00eda el joven Axel. Y donde todav\u00eda queda un gran mundo por descubrir: podemos haber hollado las monta\u00f1as m\u00e1s altas del planeta, pero todav\u00eda quedan muchos misterios por revelar en las profundidades de la tierra, lo que hace que hoy la novela de Verne nos siga pareciendo una aventura fascinante. <\/p>\n\n\n\n<p>Nos adentramos en las cinco cuevas m\u00e1s grandes de Espa\u00f1a para conocerlas un poco mejor\u2026 Aunque la mayor\u00eda solo son de <strong>acceso para expertos espele\u00f3logos<\/strong>.<\/p>\n\n\n\n<h2 class=\"wp-block-heading\" id=\"h-sistema-del-alto-tejuelo-en-san-roque-de-riomiera-cantabria\"><strong>Sistema del Alto Tejuelo, en San Roque de Riomiera (Cantabria)<\/strong><\/h2>\n\n\n\n<figure class=\"wp-block-image size-large\"><a href=\"https:\/\/www.escapadarural.com\/blog\/wp-content\/uploads\/AdobeStock_691357266-scaled.jpeg\"><img decoding=\"async\" src=\"https:\/\/www.escapadarural.com\/blog\/wp-content\/uploads\/2024\/10\/AdobeStock_691357266-1024x683-1.jpeg\" alt=\"Vista a\u00e9rea del Alto del Caracol, entre San Roque de Riomiera y Selaya, donde est\u00e1 una de las cuevas m\u00e1s grandes de Espa\u00f1a\" class=\"wp-image-71351\"\/><\/a><figcaption class=\"wp-element-caption\">Vista a\u00e9rea del Alto del Caracol, entre San Roque de Riomiera y Selaya, donde est\u00e1 una de las cuevas m\u00e1s grandes de Espa\u00f1a. Por Rojo<\/figcaption><\/figure>\n\n\n\n<p>Despu\u00e9s de <strong>28 a\u00f1os de estudio<\/strong>, recientemente un grupo internacional de espele\u00f3logos ha conseguido unir el mayor recorrido de cuevas de Espa\u00f1a en el Sistema del Alto Tejuelo, con hasta <strong>206 kil\u00f3metros naturales de t\u00faneles<\/strong> y unos 450 metros de profundidad. Un hallazgo sorprendente que la coloca, adem\u00e1s, como la tercera cueva m\u00e1s grande de Europa. \u00a1Casi nada!<\/p>\n\n\n\n<p>El sistema de galer\u00edas tiene 20 entradas de cuevas, siendo la <strong>Torca de Bernall\u00e1n<\/strong> la primera que se comenz\u00f3 a explorar en 1996, en Ruesca. Los privilegiados espele\u00f3logos que han estado all\u00ed han contado que se pueden ver formaciones de lo m\u00e1s exc\u00e9ntricas, con r\u00edos, pozos y salas m\u00e1s grandes que un campo de f\u00fatbol, adem\u00e1s de un peculiar dep\u00f3sito apodado \u201c<a href=\"https:\/\/www.elmundo.es\/papel\/historias\/2016\/02\/08\/56b876e3268e3e2a358b4663.html\" target=\"_blank\" rel=\"noreferrer noopener nofollow\">Moonmilk<\/a>\u201d: es una extra\u00f1o fen\u00f3meno geol\u00f3gico en el que un pasillo de las cuevas est\u00e1n recubiertas por un mineral blanco y esponjoso que absorbe casi todo el sonido, de manera que cuando habla una persona a dos metros de ti, es imposible escucharle.<\/p>\n\n\n\n<p>Pese a ser <strong>la cueva m\u00e1s grande de Espa\u00f1a<\/strong>, es dif\u00edcil que tenga un uso tur\u00edstico ya que sus entradas son largos descensos verticales solo aptos para expertos espele\u00f3logos. As\u00ed que tendremos que conformarnos con las fotos y v\u00eddeos que nos llegan de ellos.<\/p>\n\n\n\n<div class=\"wp-block-buttons is-layout-flex wp-block-buttons-is-layout-flex\">\n<div class=\"wp-block-button\"><a class=\"wp-block-button__link wp-element-button\" href=\"\/casas-rurales\/cantabria\">Casas rurales en Cantabria<\/a><\/div>\n<\/div>\n\n\n\n<h2 class=\"wp-block-heading\" id=\"h-sistema-mortillano-en-soba-y-ruesga-cantabria\"><strong>Sistema Mortillano, en Soba y Ruesga (Cantabria)<\/strong><\/h2>\n\n\n\n<figure class=\"wp-block-embed is-type-video is-provider-youtube wp-block-embed-youtube wp-embed-aspect-16-9 wp-has-aspect-ratio\"><div class=\"wp-block-embed__wrapper\">\n<span class=\"6JCpMsrWGEUqaNIYPoDhV1ni5Lm\"><div class=\"video-shortcode\"><iframe title=\"Traves\u00eda CUIVO-MORTERO De ASTRANA. SISTEMA MORTILLANO\" width=\"1200\" height=\"675\" src=\"https:\/\/www.youtube.com\/embed\/zCsAZcfKBH4?feature=oembed\" frameborder=\"0\" allow=\"accelerometer; autoplay; clipboard-write; encrypted-media; gyroscope; picture-in-picture; web-share\" referrerpolicy=\"strict-origin-when-cross-origin\" allowfullscreen><\/iframe><\/div><\/span>\n<\/div><\/figure>\n\n\n\n<p>Son m\u00e1s de <strong>146 kil\u00f3metros<\/strong> los que suma esta gruta, que hace a\u00f1os se hizo famosa porque cuatro espele\u00f3logos se quedaron atrapados en su interior durante 84 horas. Tiene 950 metros de profundidad y es una red de galer\u00edas con 20 cavidades unidas entre s\u00ed. En las exploraciones se han hallado restos \u00f3seos de animales (\u00a1como osos!) y tambi\u00e9n de seres humanos, adem\u00e1s de cer\u00e1micas y otros utensilios de los antepasados que demuestran que hubo un momento en el que aqu\u00ed hab\u00eda vida.<\/p>\n\n\n\n<p>Como en la anterior cueva c\u00e1ntabra, si no somos expertos espele\u00f3logos, solo podremos descubrir los secretos de las profundidades de la tierra del S<strong>istema Mortillano<\/strong> a trav\u00e9s del material gr\u00e1fico y audiovisual. Si queremos ver en persona una gruta cercana y de f\u00e1cil acceso, podemos echar un vistazo a la Red de Cuevas del Alto As\u00f3n, con visitas guiadas a las cuevas de Coventosa, Cayuela y Fresca.<\/p>\n\n\n\n<h2 class=\"wp-block-heading\" id=\"h-sistema-de-gandara-en-soba-cantabria\"><strong>Sistema de G\u00e1ndara, en Soba (Cantabria)<\/strong><\/h2>\n\n\n\n<figure class=\"wp-block-embed is-type-video is-provider-youtube wp-block-embed-youtube wp-embed-aspect-16-9 wp-has-aspect-ratio\"><div class=\"wp-block-embed__wrapper\">\n<span class=\"7lQMjvr3kqdVLnyTbY96DN4sCGZSe5aUpKfAouXH\"><div class=\"video-shortcode\"><iframe title=\"Torca La Sima - G\u00e1ndara (y Sala del \u00c1ngel). Espeleologia, Cantabria. Diciembre 2022.\" width=\"1200\" height=\"675\" src=\"https:\/\/www.youtube.com\/embed\/UiL8jVwuw7k?feature=oembed\" frameborder=\"0\" allow=\"accelerometer; autoplay; clipboard-write; encrypted-media; gyroscope; picture-in-picture; web-share\" referrerpolicy=\"strict-origin-when-cross-origin\" allowfullscreen><\/iframe><\/div><\/span>\n<\/div><\/figure>\n\n\n\n<p>Seguimos en el <a href=\"\/casas-rurales\/valle-de-soba\">Valle de Soba<\/a>, en Cantabria, que es un aut\u00e9ntico <strong>para\u00edso para la espeleolog\u00eda en Europa<\/strong>. Ahora nos adentramos en unas galer\u00edas que tienen 119 kil\u00f3metros y m\u00e1s de 800 metros de profundidad, cifras que las meten entre las 20 m\u00e1s grandes que hay descubiertas en el mundo. Se empez\u00f3 a explorar en los a\u00f1os 80 por el sur del nacimiento del r\u00edo G\u00e1ndara; dos d\u00e9cadas despu\u00e9s, se descubri\u00f3 otra entrada m\u00e1s accesible.<\/p>\n\n\n\n<p>De nuevo, hablamos de una cueva a la que <strong>solo pueden acceder espele\u00f3logos experimentados<\/strong>, ya que hay que superar descensos, pasamanos, gateras, resaltes, etc.<\/p>\n\n\n\n<h2 class=\"wp-block-heading\" id=\"h-ojo-guarena-en-merindad-de-sotoscueva-burgos\"><strong>Ojo Guare\u00f1a, en Merindad de Sotoscueva (Burgos)<\/strong><\/h2>\n\n\n\n<figure class=\"wp-block-embed is-type-video is-provider-youtube wp-block-embed-youtube wp-embed-aspect-4-3 wp-has-aspect-ratio\"><div class=\"wp-block-embed__wrapper\">\n<span class=\"rf482emnyVT9LtRKcz\"><div class=\"video-shortcode\"><iframe title=\"Complejo k\u00e1rstico de Ojo Guare\u00f1a, Monumento Natural, Merindad de Sotoscueva, Burgos\" width=\"1200\" height=\"900\" src=\"https:\/\/www.youtube.com\/embed\/2YtJ6Jg07Fk?feature=oembed\" frameborder=\"0\" allow=\"accelerometer; autoplay; clipboard-write; encrypted-media; gyroscope; picture-in-picture; web-share\" referrerpolicy=\"strict-origin-when-cross-origin\" allowfullscreen><\/iframe><\/div><\/span>\n<\/div><\/figure>\n\n\n\n<p>El complejo k\u00e1rstico de Ojo Guare\u00f1a es la <strong>cuarta cueva m\u00e1s grande de Espa\u00f1a<\/strong> y una de las m\u00e1s destacadas por sus peculiaridades geol\u00f3gicas. Tiene 110 kil\u00f3metros de largo y se extiende por seis niveles claramente diferenciados; por el m\u00e1s bajo circulan los r\u00edos Guare\u00f1a y Trema. Sus profundidades aguardan un conjunto calizo-dolom\u00edtico del Cret\u00e1cico Superior que da muchas pistas de las gentes que habitaban esta zona en la Prehistoria, con muestras de arte rupestre y restos humanos.<\/p>\n\n\n\n<p>Lo que m\u00e1s nos gusta de estas cavernas es que est\u00e1n perfectamente<strong> preparadas para ser visitadas<\/strong> por cualquier persona, sin necesidad de llevar material espec\u00edfico; es la cueva m\u00e1s grande que hay en Espa\u00f1a con un acceso habilitado para el p\u00fablico general. El complejo est\u00e1 declarado Bien de Inter\u00e9s Cultural (BIC) y forma parte de la Red Natura 2000.<\/p>\n\n\n\n<p>Tiene dos cuevas importantes: la <strong>cueva Palomera<\/strong>, de acceso f\u00e1cil y que permite caminar entre imponentes estalactitas y estalagmitas a lo largo de 2,5 kil\u00f3metros; y la <strong>cueva de San Bernab\u00e9<\/strong>, una galer\u00eda de unos 400 metros con una ermita excavada en la entrada, San Tirso y San Bernab\u00e9. En esta segunda gruta tambi\u00e9n se pone una proyecci\u00f3n de 10 minutos que ayuda a dar contexto a la visita.<\/p>\n\n\n\n<div class=\"wp-block-buttons is-layout-flex wp-block-buttons-is-layout-flex\">\n<div class=\"wp-block-button\"><a class=\"wp-block-button__link wp-element-button\" href=\"\/casas-rurales\/burgos\">Casas rurales en Burgos<\/a><\/div>\n<\/div>\n\n\n\n<h2 class=\"wp-block-heading\" id=\"h-sistema-del-hayal-de-ponata-en-navarra-alava\"><strong>Sistema del Hayal de Ponata, en Navarra\/\u00c1lava<\/strong><\/h2>\n\n\n\n<figure class=\"wp-block-embed is-type-video is-provider-youtube wp-block-embed-youtube wp-embed-aspect-16-9 wp-has-aspect-ratio\"><div class=\"wp-block-embed__wrapper\">\n<span class=\"NC69TeQj4REJSVph7l5IYwv8tf0uOKmUoyAkBdDngZzbcxPrHLqW\"><div class=\"video-shortcode\"><iframe title=\"Sistema del Hayal de Ponata-Rebollar II\" width=\"1200\" height=\"675\" src=\"https:\/\/www.youtube.com\/embed\/7jLQd7VBrrs?feature=oembed\" frameborder=\"0\" allow=\"accelerometer; autoplay; clipboard-write; encrypted-media; gyroscope; picture-in-picture; web-share\" referrerpolicy=\"strict-origin-when-cross-origin\" allowfullscreen><\/iframe><\/div><\/span>\n<\/div><figcaption class=\"wp-element-caption\">Una de las cuevas m\u00e1s grandes de Espa\u00f1a<\/figcaption><\/figure>\n\n\n\n<p>La \u00faltima cavidad en la que nos adentraremos tiene unos <strong>90 kil\u00f3metros<\/strong> de longitud y m\u00e1s de 400 metros de profundidad, seg\u00fan los datos de las \u00faltimas exploraciones. Atraviesa de este a oeste la sierra Salvada, que comparten tres provincias: Burgos, <a href=\"\/casas-rurales\/alava\">\u00c1lava<\/a> y <a href=\"\/casas-rurales\/vizcaya\">Vizcaya<\/a>. Los primeros que se adentraron en ella lo hicieron en 1983. Se le conocen cuatro entradas: la hist\u00f3rica, que es la Sima del Hayal de Ponata I, en Ordu\u00f1a; la Sima del Navarro; el barranco de Kobata; y la cueva del Rebollar, en el valle de Losa (Burgos), que fue descubierta en 2015.<\/p>\n\n\n\n<p>Hay preparada una traves\u00eda para los amantes de la <strong>espeleolog\u00eda<\/strong>: la SR-7 \/ SI-44, de unas 6-8 horas de duraci\u00f3n, que requiere de una cuerda de 20 metros y de neopreno casi siempre, porque suele haber un <strong>paso sifonante<\/strong>, es decir, bajo el agua (improbable en agosto-septiembre). Tiene una avenida principal conocida como \u201cla Galer\u00eda de los Siete Magn\u00edficos\u201d, un conducto gigantesco accidentado por siete grandes monta\u00f1as de bloques. Solo para intr\u00e9pidos y <strong>experimentados<\/strong> aventureros.<\/p>\n","protected":false},"excerpt":{"rendered":"<p>Nos adentramos en las cinco cuevas m\u00e1s grandes de Espa\u00f1a para conocerlas un poco mejor\u2026 aunque la mayor\u00eda solo son de acceso para expertos espele\u00f3logos.<\/p>\n","protected":false},"author":123,"featured_media":71352,"comment_status":"open","ping_status":"open","sticky":false,"template":"","format":"standard","meta":{"_acf_changed":false,"om_disable_all_campaigns":false,"footnotes":""},"categories":[191],"tags":[227,1181,1182,215],"class_list":["post-71292","post","type-post","status-publish","format-standard","has-post-thumbnail","hentry","category-destinos","tag-cuevas","tag-cuevas-de-espana","tag-espeleologia","tag-listado"],"acf":[],"featured_image_src":"https:\/\/www.escapadarural.com\/blog\/wp-content\/uploads\/2024\/03\/AdobeStock_528895861-scaled-1.jpeg","author_info":{"display_name":"Raquel Andr\u00e9s","author_link":"https:\/\/www.escapadarural.com\/blog\/autor\/raquel\/"},"yoast_head":"<!-- This site is optimized with the Yoast SEO plugin v27.5 - https:\/\/yoast.com\/product\/yoast-seo-wordpress\/ -->\n<title>Viaje al centro de la tierra: las 5 cuevas m\u00e1s grandes de Espa\u00f1a - EscapadaRural<\/title>\n<meta name=\"robots\" content=\"index, follow, max-snippet:-1, max-image-preview:large, max-video-preview:-1\" \/>\n<link rel=\"canonical\" href=\"https:\/\/www.escapadarural.com\/blog\/las-cuevas-mas-grandes-de-espana\/\" \/>\n<meta property=\"og:locale\" content=\"es_ES\" \/>\n<meta property=\"og:type\" content=\"article\" \/>\n<meta property=\"og:title\" content=\"Viaje al centro de la tierra: las 5 cuevas m\u00e1s grandes de Espa\u00f1a - EscapadaRural\" \/>\n<meta property=\"og:description\" content=\"Nos adentramos en las cinco cuevas m\u00e1s grandes de Espa\u00f1a para conocerlas un poco mejor\u2026 aunque la mayor\u00eda solo son de acceso para expertos espele\u00f3logos.\" \/>\n<meta property=\"og:url\" content=\"https:\/\/www.escapadarural.com\/blog\/las-cuevas-mas-grandes-de-espana\/\" \/>\n<meta property=\"og:site_name\" content=\"Magazine de viajes de EscapadaRural\" \/>\n<meta property=\"article:publisher\" content=\"https:\/\/www.facebook.com\/escapadarural\" \/>\n<meta property=\"article:published_time\" content=\"2024-03-11T17:32:29+00:00\" \/>\n<meta property=\"article:modified_time\" content=\"2025-04-17T10:38:19+00:00\" \/>\n<meta property=\"og:image\" content=\"https:\/\/www.escapadarural.com\/blog\/wp-content\/uploads\/2024\/03\/AdobeStock_528895861-scaled-1.jpeg\" \/>\n\t<meta property=\"og:image:width\" content=\"2048\" \/>\n\t<meta property=\"og:image:height\" content=\"1363\" \/>\n\t<meta property=\"og:image:type\" content=\"image\/jpeg\" \/>\n<meta name=\"author\" content=\"Raquel Andr\u00e9s\" \/>\n<meta name=\"twitter:card\" content=\"summary_large_image\" \/>\n<meta name=\"twitter:label1\" content=\"Escrito por\" \/>\n\t<meta name=\"twitter:data1\" content=\"Raquel Andr\u00e9s\" \/>\n\t<meta name=\"twitter:label2\" content=\"Tiempo de lectura\" \/>\n\t<meta name=\"twitter:data2\" content=\"6 minutos\" \/>\n<script type=\"application\/ld+json\" class=\"yoast-schema-graph\">{\"@context\":\"https:\\\/\\\/schema.org\",\"@graph\":[{\"@type\":\"Article\",\"@id\":\"https:\\\/\\\/www.escapadarural.com\\\/blog\\\/las-cuevas-mas-grandes-de-espana\\\/#article\",\"isPartOf\":{\"@id\":\"https:\\\/\\\/www.escapadarural.com\\\/blog\\\/las-cuevas-mas-grandes-de-espana\\\/\"},\"author\":{\"name\":\"Raquel Andr\u00e9s\",\"@id\":\"https:\\\/\\\/www.escapadarural.com\\\/blog\\\/#\\\/schema\\\/person\\\/67be061eb00d8315fa8642e01b88c894\"},\"headline\":\"Viaje al centro de la tierra: las 5 cuevas m\u00e1s grandes de Espa\u00f1a\",\"datePublished\":\"2024-03-11T17:32:29+00:00\",\"dateModified\":\"2025-04-17T10:38:19+00:00\",\"mainEntityOfPage\":{\"@id\":\"https:\\\/\\\/www.escapadarural.com\\\/blog\\\/las-cuevas-mas-grandes-de-espana\\\/\"},\"wordCount\":1242,\"commentCount\":0,\"publisher\":{\"@id\":\"https:\\\/\\\/www.escapadarural.com\\\/blog\\\/#organization\"},\"image\":{\"@id\":\"https:\\\/\\\/www.escapadarural.com\\\/blog\\\/las-cuevas-mas-grandes-de-espana\\\/#primaryimage\"},\"thumbnailUrl\":\"https:\\\/\\\/www.escapadarural.com\\\/blog\\\/wp-content\\\/uploads\\\/2024\\\/03\\\/AdobeStock_528895861-scaled-1.jpeg\",\"keywords\":[\"cuevas\",\"cuevas de Espa\u00f1a\",\"espeleolog\u00eda\",\"Listado\"],\"articleSection\":[\"Destinos\"],\"inLanguage\":\"es\",\"potentialAction\":[{\"@type\":\"CommentAction\",\"name\":\"Comment\",\"target\":[\"https:\\\/\\\/www.escapadarural.com\\\/blog\\\/las-cuevas-mas-grandes-de-espana\\\/#respond\"]}]},{\"@type\":\"WebPage\",\"@id\":\"https:\\\/\\\/www.escapadarural.com\\\/blog\\\/las-cuevas-mas-grandes-de-espana\\\/\",\"url\":\"https:\\\/\\\/www.escapadarural.com\\\/blog\\\/las-cuevas-mas-grandes-de-espana\\\/\",\"name\":\"Viaje al centro de la tierra: las 5 cuevas m\u00e1s grandes de Espa\u00f1a - EscapadaRural\",\"isPartOf\":{\"@id\":\"https:\\\/\\\/www.escapadarural.com\\\/blog\\\/#website\"},\"primaryImageOfPage\":{\"@id\":\"https:\\\/\\\/www.escapadarural.com\\\/blog\\\/las-cuevas-mas-grandes-de-espana\\\/#primaryimage\"},\"image\":{\"@id\":\"https:\\\/\\\/www.escapadarural.com\\\/blog\\\/las-cuevas-mas-grandes-de-espana\\\/#primaryimage\"},\"thumbnailUrl\":\"https:\\\/\\\/www.escapadarural.com\\\/blog\\\/wp-content\\\/uploads\\\/2024\\\/03\\\/AdobeStock_528895861-scaled-1.jpeg\",\"datePublished\":\"2024-03-11T17:32:29+00:00\",\"dateModified\":\"2025-04-17T10:38:19+00:00\",\"breadcrumb\":{\"@id\":\"https:\\\/\\\/www.escapadarural.com\\\/blog\\\/las-cuevas-mas-grandes-de-espana\\\/#breadcrumb\"},\"inLanguage\":\"es\",\"potentialAction\":[{\"@type\":\"ReadAction\",\"target\":[\"https:\\\/\\\/www.escapadarural.com\\\/blog\\\/las-cuevas-mas-grandes-de-espana\\\/\"]}]},{\"@type\":\"ImageObject\",\"inLanguage\":\"es\",\"@id\":\"https:\\\/\\\/www.escapadarural.com\\\/blog\\\/las-cuevas-mas-grandes-de-espana\\\/#primaryimage\",\"url\":\"https:\\\/\\\/www.escapadarural.com\\\/blog\\\/wp-content\\\/uploads\\\/2024\\\/03\\\/AdobeStock_528895861-scaled-1.jpeg\",\"contentUrl\":\"https:\\\/\\\/www.escapadarural.com\\\/blog\\\/wp-content\\\/uploads\\\/2024\\\/03\\\/AdobeStock_528895861-scaled-1.jpeg\",\"width\":2048,\"height\":1363,\"caption\":\"Ermita de San Bernab\u00e9 en Ojo Guare\u00f1a. Por Juanma\"},{\"@type\":\"BreadcrumbList\",\"@id\":\"https:\\\/\\\/www.escapadarural.com\\\/blog\\\/las-cuevas-mas-grandes-de-espana\\\/#breadcrumb\",\"itemListElement\":[{\"@type\":\"ListItem\",\"position\":1,\"name\":\"Inicio\",\"item\":\"https:\\\/\\\/www.escapadarural.com\\\/blog\\\/\"},{\"@type\":\"ListItem\",\"position\":2,\"name\":\"Destinos\",\"item\":\"https:\\\/\\\/www.escapadarural.com\\\/blog\\\/categoria\\\/destinos\\\/\"},{\"@type\":\"ListItem\",\"position\":3,\"name\":\"Viaje al centro de la tierra: las 5 cuevas m\u00e1s grandes de Espa\u00f1a\"}]},{\"@type\":\"WebSite\",\"@id\":\"https:\\\/\\\/www.escapadarural.com\\\/blog\\\/#website\",\"url\":\"https:\\\/\\\/www.escapadarural.com\\\/blog\\\/\",\"name\":\"Blog de viajes | turismo rural, alojamientos e inspiraci\u00f3n\",\"description\":\"Alojamientos rurales e inspiraci\u00f3n para tus escapadas\",\"publisher\":{\"@id\":\"https:\\\/\\\/www.escapadarural.com\\\/blog\\\/#organization\"},\"alternateName\":\"Magazine de viajes de EscapadaRural\",\"potentialAction\":[{\"@type\":\"SearchAction\",\"target\":{\"@type\":\"EntryPoint\",\"urlTemplate\":\"https:\\\/\\\/www.escapadarural.com\\\/blog\\\/?s={search_term_string}\"},\"query-input\":{\"@type\":\"PropertyValueSpecification\",\"valueRequired\":true,\"valueName\":\"search_term_string\"}}],\"inLanguage\":\"es\"},{\"@type\":\"Organization\",\"@id\":\"https:\\\/\\\/www.escapadarural.com\\\/blog\\\/#organization\",\"name\":\"EscapadaRural\",\"url\":\"https:\\\/\\\/www.escapadarural.com\\\/blog\\\/\",\"logo\":{\"@type\":\"ImageObject\",\"inLanguage\":\"es\",\"@id\":\"https:\\\/\\\/www.escapadarural.com\\\/blog\\\/#\\\/schema\\\/logo\\\/image\\\/\",\"url\":\"https:\\\/\\\/www.escapadarural.com\\\/blog\\\/wp-content\\\/uploads\\\/2024\\\/10\\\/cropped-cropped-escapada-rural-icon-mag-3.png\",\"contentUrl\":\"https:\\\/\\\/www.escapadarural.com\\\/blog\\\/wp-content\\\/uploads\\\/2024\\\/10\\\/cropped-cropped-escapada-rural-icon-mag-3.png\",\"width\":512,\"height\":512,\"caption\":\"EscapadaRural\"},\"image\":{\"@id\":\"https:\\\/\\\/www.escapadarural.com\\\/blog\\\/#\\\/schema\\\/logo\\\/image\\\/\"},\"sameAs\":[\"https:\\\/\\\/www.facebook.com\\\/escapadarural\",\"https:\\\/\\\/www.instagram.com\\\/escapadarural\\\/\",\"https:\\\/\\\/www.youtube.com\\\/@escapadaruralcom\"]},{\"@type\":\"Person\",\"@id\":\"https:\\\/\\\/www.escapadarural.com\\\/blog\\\/#\\\/schema\\\/person\\\/67be061eb00d8315fa8642e01b88c894\",\"name\":\"Raquel Andr\u00e9s\",\"image\":{\"@type\":\"ImageObject\",\"inLanguage\":\"es\",\"@id\":\"https:\\\/\\\/secure.gravatar.com\\\/avatar\\\/b45840531462f3cafb335a9fc5c0bfda2c07c3df4b82b304b923526b85cc6cb5?s=96&d=mm&r=g\",\"url\":\"https:\\\/\\\/secure.gravatar.com\\\/avatar\\\/b45840531462f3cafb335a9fc5c0bfda2c07c3df4b82b304b923526b85cc6cb5?s=96&d=mm&r=g\",\"contentUrl\":\"https:\\\/\\\/secure.gravatar.com\\\/avatar\\\/b45840531462f3cafb335a9fc5c0bfda2c07c3df4b82b304b923526b85cc6cb5?s=96&d=mm&r=g\",\"caption\":\"Raquel Andr\u00e9s\"},\"description\":\"Periodista y aventurera. Me has podido leer en Escapada Rural, Diari Nosaltres La Veu, La Vanguardia, El Salto y otros medios. Habitante y amante de las zonas rurales, sea cual sea el destino. Procuro escaparme una vez por semana con las botas de monta\u00f1a, el arn\u00e9s o el neopreno. Tambi\u00e9n soy un intento de baserritarra.\",\"url\":\"https:\\\/\\\/www.escapadarural.com\\\/blog\\\/autor\\\/raquel\\\/\"}]}<\/script>\n<!-- \/ Yoast SEO plugin. -->","yoast_head_json":{"title":"Viaje al centro de la tierra: las 5 cuevas m\u00e1s grandes de Espa\u00f1a - EscapadaRural","robots":{"index":"index","follow":"follow","max-snippet":"max-snippet:-1","max-image-preview":"max-image-preview:large","max-video-preview":"max-video-preview:-1"},"canonical":"https:\/\/www.escapadarural.com\/blog\/las-cuevas-mas-grandes-de-espana\/","og_locale":"es_ES","og_type":"article","og_title":"Viaje al centro de la tierra: las 5 cuevas m\u00e1s grandes de Espa\u00f1a - EscapadaRural","og_description":"Nos adentramos en las cinco cuevas m\u00e1s grandes de Espa\u00f1a para conocerlas un poco mejor\u2026 aunque la mayor\u00eda solo son de acceso para expertos espele\u00f3logos.","og_url":"https:\/\/www.escapadarural.com\/blog\/las-cuevas-mas-grandes-de-espana\/","og_site_name":"Magazine de viajes de EscapadaRural","article_publisher":"https:\/\/www.facebook.com\/escapadarural","article_published_time":"2024-03-11T17:32:29+00:00","article_modified_time":"2025-04-17T10:38:19+00:00","og_image":[{"width":2048,"height":1363,"url":"https:\/\/www.escapadarural.com\/blog\/wp-content\/uploads\/2024\/03\/AdobeStock_528895861-scaled-1.jpeg","type":"image\/jpeg"}],"author":"Raquel Andr\u00e9s","twitter_card":"summary_large_image","twitter_misc":{"Escrito por":"Raquel Andr\u00e9s","Tiempo de lectura":"6 minutos"},"schema":{"@context":"https:\/\/schema.org","@graph":[{"@type":"Article","@id":"https:\/\/www.escapadarural.com\/blog\/las-cuevas-mas-grandes-de-espana\/#article","isPartOf":{"@id":"https:\/\/www.escapadarural.com\/blog\/las-cuevas-mas-grandes-de-espana\/"},"author":{"name":"Raquel Andr\u00e9s","@id":"https:\/\/www.escapadarural.com\/blog\/#\/schema\/person\/67be061eb00d8315fa8642e01b88c894"},"headline":"Viaje al centro de la tierra: las 5 cuevas m\u00e1s grandes de Espa\u00f1a","datePublished":"2024-03-11T17:32:29+00:00","dateModified":"2025-04-17T10:38:19+00:00","mainEntityOfPage":{"@id":"https:\/\/www.escapadarural.com\/blog\/las-cuevas-mas-grandes-de-espana\/"},"wordCount":1242,"commentCount":0,"publisher":{"@id":"https:\/\/www.escapadarural.com\/blog\/#organization"},"image":{"@id":"https:\/\/www.escapadarural.com\/blog\/las-cuevas-mas-grandes-de-espana\/#primaryimage"},"thumbnailUrl":"https:\/\/www.escapadarural.com\/blog\/wp-content\/uploads\/2024\/03\/AdobeStock_528895861-scaled-1.jpeg","keywords":["cuevas","cuevas de Espa\u00f1a","espeleolog\u00eda","Listado"],"articleSection":["Destinos"],"inLanguage":"es","potentialAction":[{"@type":"CommentAction","name":"Comment","target":["https:\/\/www.escapadarural.com\/blog\/las-cuevas-mas-grandes-de-espana\/#respond"]}]},{"@type":"WebPage","@id":"https:\/\/www.escapadarural.com\/blog\/las-cuevas-mas-grandes-de-espana\/","url":"https:\/\/www.escapadarural.com\/blog\/las-cuevas-mas-grandes-de-espana\/","name":"Viaje al centro de la tierra: las 5 cuevas m\u00e1s grandes de Espa\u00f1a - EscapadaRural","isPartOf":{"@id":"https:\/\/www.escapadarural.com\/blog\/#website"},"primaryImageOfPage":{"@id":"https:\/\/www.escapadarural.com\/blog\/las-cuevas-mas-grandes-de-espana\/#primaryimage"},"image":{"@id":"https:\/\/www.escapadarural.com\/blog\/las-cuevas-mas-grandes-de-espana\/#primaryimage"},"thumbnailUrl":"https:\/\/www.escapadarural.com\/blog\/wp-content\/uploads\/2024\/03\/AdobeStock_528895861-scaled-1.jpeg","datePublished":"2024-03-11T17:32:29+00:00","dateModified":"2025-04-17T10:38:19+00:00","breadcrumb":{"@id":"https:\/\/www.escapadarural.com\/blog\/las-cuevas-mas-grandes-de-espana\/#breadcrumb"},"inLanguage":"es","potentialAction":[{"@type":"ReadAction","target":["https:\/\/www.escapadarural.com\/blog\/las-cuevas-mas-grandes-de-espana\/"]}]},{"@type":"ImageObject","inLanguage":"es","@id":"https:\/\/www.escapadarural.com\/blog\/las-cuevas-mas-grandes-de-espana\/#primaryimage","url":"https:\/\/www.escapadarural.com\/blog\/wp-content\/uploads\/2024\/03\/AdobeStock_528895861-scaled-1.jpeg","contentUrl":"https:\/\/www.escapadarural.com\/blog\/wp-content\/uploads\/2024\/03\/AdobeStock_528895861-scaled-1.jpeg","width":2048,"height":1363,"caption":"Ermita de San Bernab\u00e9 en Ojo Guare\u00f1a. Por Juanma"},{"@type":"BreadcrumbList","@id":"https:\/\/www.escapadarural.com\/blog\/las-cuevas-mas-grandes-de-espana\/#breadcrumb","itemListElement":[{"@type":"ListItem","position":1,"name":"Inicio","item":"https:\/\/www.escapadarural.com\/blog\/"},{"@type":"ListItem","position":2,"name":"Destinos","item":"https:\/\/www.escapadarural.com\/blog\/categoria\/destinos\/"},{"@type":"ListItem","position":3,"name":"Viaje al centro de la tierra: las 5 cuevas m\u00e1s grandes de Espa\u00f1a"}]},{"@type":"WebSite","@id":"https:\/\/www.escapadarural.com\/blog\/#website","url":"https:\/\/www.escapadarural.com\/blog\/","name":"Blog de viajes | turismo rural, alojamientos e inspiraci\u00f3n","description":"Alojamientos rurales e inspiraci\u00f3n para tus escapadas","publisher":{"@id":"https:\/\/www.escapadarural.com\/blog\/#organization"},"alternateName":"Magazine de viajes de EscapadaRural","potentialAction":[{"@type":"SearchAction","target":{"@type":"EntryPoint","urlTemplate":"https:\/\/www.escapadarural.com\/blog\/?s={search_term_string}"},"query-input":{"@type":"PropertyValueSpecification","valueRequired":true,"valueName":"search_term_string"}}],"inLanguage":"es"},{"@type":"Organization","@id":"https:\/\/www.escapadarural.com\/blog\/#organization","name":"EscapadaRural","url":"https:\/\/www.escapadarural.com\/blog\/","logo":{"@type":"ImageObject","inLanguage":"es","@id":"https:\/\/www.escapadarural.com\/blog\/#\/schema\/logo\/image\/","url":"https:\/\/www.escapadarural.com\/blog\/wp-content\/uploads\/2024\/10\/cropped-cropped-escapada-rural-icon-mag-3.png","contentUrl":"https:\/\/www.escapadarural.com\/blog\/wp-content\/uploads\/2024\/10\/cropped-cropped-escapada-rural-icon-mag-3.png","width":512,"height":512,"caption":"EscapadaRural"},"image":{"@id":"https:\/\/www.escapadarural.com\/blog\/#\/schema\/logo\/image\/"},"sameAs":["https:\/\/www.facebook.com\/escapadarural","https:\/\/www.instagram.com\/escapadarural\/","https:\/\/www.youtube.com\/@escapadaruralcom"]},{"@type":"Person","@id":"https:\/\/www.escapadarural.com\/blog\/#\/schema\/person\/67be061eb00d8315fa8642e01b88c894","name":"Raquel Andr\u00e9s","image":{"@type":"ImageObject","inLanguage":"es","@id":"https:\/\/secure.gravatar.com\/avatar\/b45840531462f3cafb335a9fc5c0bfda2c07c3df4b82b304b923526b85cc6cb5?s=96&d=mm&r=g","url":"https:\/\/secure.gravatar.com\/avatar\/b45840531462f3cafb335a9fc5c0bfda2c07c3df4b82b304b923526b85cc6cb5?s=96&d=mm&r=g","contentUrl":"https:\/\/secure.gravatar.com\/avatar\/b45840531462f3cafb335a9fc5c0bfda2c07c3df4b82b304b923526b85cc6cb5?s=96&d=mm&r=g","caption":"Raquel Andr\u00e9s"},"description":"Periodista y aventurera. Me has podido leer en Escapada Rural, Diari Nosaltres La Veu, La Vanguardia, El Salto y otros medios. Habitante y amante de las zonas rurales, sea cual sea el destino. Procuro escaparme una vez por semana con las botas de monta\u00f1a, el arn\u00e9s o el neopreno. Tambi\u00e9n soy un intento de baserritarra.","url":"https:\/\/www.escapadarural.com\/blog\/autor\/raquel\/"}]}},"_links":{"self":[{"href":"https:\/\/www.escapadarural.com\/blog\/wp-json\/wp\/v2\/posts\/71292","targetHints":{"allow":["GET"]}}],"collection":[{"href":"https:\/\/www.escapadarural.com\/blog\/wp-json\/wp\/v2\/posts"}],"about":[{"href":"https:\/\/www.escapadarural.com\/blog\/wp-json\/wp\/v2\/types\/post"}],"author":[{"embeddable":true,"href":"https:\/\/www.escapadarural.com\/blog\/wp-json\/wp\/v2\/users\/123"}],"replies":[{"embeddable":true,"href":"https:\/\/www.escapadarural.com\/blog\/wp-json\/wp\/v2\/comments?post=71292"}],"version-history":[{"count":0,"href":"https:\/\/www.escapadarural.com\/blog\/wp-json\/wp\/v2\/posts\/71292\/revisions"}],"wp:featuredmedia":[{"embeddable":true,"href":"https:\/\/www.escapadarural.com\/blog\/wp-json\/wp\/v2\/media\/71352"}],"wp:attachment":[{"href":"https:\/\/www.escapadarural.com\/blog\/wp-json\/wp\/v2\/media?parent=71292"}],"wp:term":[{"taxonomy":"category","embeddable":true,"href":"https:\/\/www.escapadarural.com\/blog\/wp-json\/wp\/v2\/categories?post=71292"},{"taxonomy":"post_tag","embeddable":true,"href":"https:\/\/www.escapadarural.com\/blog\/wp-json\/wp\/v2\/tags?post=71292"}],"curies":[{"name":"wp","href":"https:\/\/api.w.org\/{rel}","templated":true}]}}